{"id":10006,"date":"2019-08-26T09:00:32","date_gmt":"2019-08-26T09:00:32","guid":{"rendered":"http:\/\/15.188.81.248\/2019\/08\/26\/10-fotos-para-desear-ir-a-siurana\/"},"modified":"2025-08-08T13:38:45","modified_gmt":"2025-08-08T11:38:45","slug":"10-fotos-para-desear-ir-a-siurana","status":"publish","type":"post","link":"https:\/\/www.escapadarural.com\/blog\/10-fotos-para-desear-ir-a-siurana\/","title":{"rendered":"10 fotos para desear ir a Siurana de Prades"},"content":{"rendered":"\n<p>En la cima de una roca inquebrantable, en la sierra de Prades, se levanta <a href=\"https:\/\/www.escapadarural.com\/casas-rurales\/siurana\" target=\"_blank\" aria-label=\" (opens in a new tab)\" rel=\"noreferrer noopener\" class=\"rank-math-link\">Siurana<\/a>. El pueblo del <a rel=\"noopener noreferrer\" href=\"https:\/\/www.escapadarural.com\/casas-rurales\/priorat\" target=\"_blank\" class=\"rank-math-link\">Priorat<\/a>, en Tarragona, que posiblemente ofrece las mejores vistas al hom\u00f3nimo r\u00edo, a la sierra de Montsant y a los picos de la Gritella y Gallicant.<\/p>\n\n\n\n<p>Gracias a su inaccesible situaci\u00f3n, los asedios en Siurana se caracterizaban por ser interminables. Tambi\u00e9n fue el <strong>\u00faltimo lugar de Catalu\u00f1a en ser reconquistado<\/strong> por los cristianos tras la ocupaci\u00f3n \u00e1rabe.<\/p>\n\n\n\n<p>La Reconquista dej\u00f3 en Siurana una de sus leyendas m\u00e1s conocidas. La de la reina mora Abdelazia, quien se tir\u00f3 por el barranco con su caballo antes de ser reducida por los cristianos. Hoy, esta historia a\u00fan pervive en el mirador de El salto de la reina mora, donde en una de las rocas conserva la huella de la herradura del caballo antes de precipitarse al vac\u00edo. Otro de sus miradores nos har\u00e1 sentirnos como en <a href=\"\/blog\/emulando-a-mufasa-y-simba-la-roca-del-rey-leon\">la Roca del Rey Le\u00f3n<\/a>.<\/p>\n\n\n\n<p>El casco hist\u00f3rico de Siurana es un conjunto de angostas calles adoquinadas con viviendas de piedra de estilo tradicional. En \u00e9l se puede visitar la iglesia de Santa Mar\u00eda y los restos de la fortaleza \u00e1rabe.<\/p>\n\n\n\n<p>M\u00e1s informaci\u00f3n | Qu\u00e9 ver en Siurana de Prades <\/p>\n\n\n\n<figure class=\"wp-block-image size-large\"><a href=\"https:\/\/www.escapadarural.com\/blog\/wp-content\/uploads\/2019\/08\/siurana.jpg\"><img decoding=\"async\" src=\"https:\/\/www.escapadarural.com\/blog\/wp-content\/uploads\/2019\/08\/siurana.jpg\" alt=\"Siurana de Prades\" class=\"wp-image-24038\"\/><\/a><figcaption class=\"wp-element-caption\">Por Ivan Abramkin<\/figcaption><\/figure>\n\n\n\n<figure class=\"wp-block-image size-large\"><a href=\"https:\/\/www.escapadarural.com\/blog\/wp-content\/uploads\/2019\/08\/siurana-2.jpg\"><img decoding=\"async\" src=\"https:\/\/www.escapadarural.com\/blog\/wp-content\/uploads\/2019\/08\/siurana-2.jpg\" alt=\"Siurana de Prades\" class=\"wp-image-24037\"\/><\/a><\/figure>\n\n\n\n<figure class=\"wp-block-image size-large\"><a href=\"https:\/\/www.escapadarural.com\/blog\/wp-content\/uploads\/2019\/08\/siurana-10.jpg\"><img decoding=\"async\" src=\"https:\/\/www.escapadarural.com\/blog\/wp-content\/uploads\/2019\/08\/siurana-10.jpg\" alt=\"Siurana de Prades\" class=\"wp-image-24036\"\/><\/a><figcaption class=\"wp-element-caption\">Por Ivan Abramkin<\/figcaption><\/figure>\n\n\n\n<figure class=\"wp-block-image size-large\"><a href=\"https:\/\/www.escapadarural.com\/blog\/wp-content\/uploads\/2019\/08\/siurana-15-scaled.jpg\"><img decoding=\"async\" src=\"https:\/\/www.escapadarural.com\/blog\/wp-content\/uploads\/2019\/08\/siurana-15-1024x407.jpg\" alt=\"Siurana de Prades\" class=\"wp-image-24035\"\/><\/a><figcaption class=\"wp-element-caption\">Por Photobac<\/figcaption><\/figure>\n\n\n\n<figure class=\"wp-block-image size-large\"><a href=\"https:\/\/www.escapadarural.com\/blog\/wp-content\/uploads\/2019\/08\/siurana-6.jpg\"><img decoding=\"async\" src=\"https:\/\/www.escapadarural.com\/blog\/wp-content\/uploads\/2019\/08\/siurana-6.jpg\" alt=\"Siurana de Prades\" class=\"wp-image-24034\"\/><\/a><figcaption class=\"wp-element-caption\">Por nito<\/figcaption><\/figure>\n\n\n\n<figure class=\"wp-block-image size-large\"><a href=\"https:\/\/www.escapadarural.com\/blog\/wp-content\/uploads\/2019\/08\/siurana-16-scaled.jpg\"><img decoding=\"async\" src=\"https:\/\/www.escapadarural.com\/blog\/wp-content\/uploads\/2019\/08\/siurana-16-1024x353.jpg\" alt=\"Siurana de Prades\" class=\"wp-image-24033\"\/><\/a><figcaption class=\"wp-element-caption\">Por Ivan Abramkin<\/figcaption><\/figure>\n\n\n\n<figure class=\"wp-block-image size-large\"><a href=\"https:\/\/www.escapadarural.com\/blog\/wp-content\/uploads\/2019\/08\/siurana-20-scaled.jpg\"><img decoding=\"async\" src=\"https:\/\/www.escapadarural.com\/blog\/wp-content\/uploads\/2019\/08\/siurana-20-1024x462.jpg\" alt=\"Siurana de Prades\" class=\"wp-image-24032\"\/><\/a><figcaption class=\"wp-element-caption\">Por Photobac<\/figcaption><\/figure>\n\n\n\n<figure class=\"wp-block-image size-large\"><a href=\"https:\/\/www.escapadarural.com\/blog\/wp-content\/uploads\/2019\/08\/siurana-17-scaled.jpg\"><img decoding=\"async\" src=\"https:\/\/www.escapadarural.com\/blog\/wp-content\/uploads\/2019\/08\/siurana-17-1024x683.jpg\" alt=\"Siurana de Prades\" class=\"wp-image-24031\"\/><\/a><figcaption class=\"wp-element-caption\">Por Photobac<\/figcaption><\/figure>\n\n\n\n<figure class=\"wp-block-image size-large\"><img decoding=\"async\" src=\"https:\/\/www.escapadarural.com\/blog\/wp-content\/uploads\/2019\/08\/siurana-9.jpg\" alt=\"Siurana de Prades\" class=\"wp-image-24030\"\/><\/figure>\n\n\n\n<h2 class=\"wp-block-heading\" id=\"h-que-mas-ver-en-tarragona\">Qu\u00e9 m\u00e1s ver en Tarragona<\/h2>\n\n\n<section class=\"wp-block-ub-post-grid ub-block-post-grid align  is-equal-height preserve-post-image-aspect-ratio\" style=\"\" id=\"ub-post-grid-\"><div class=\"ub-post-grid-items is-list\" style=\"row-gap: 32px; column-gap: 32px; \"><article id=\"post-216901\" class=\"ub-post-grid-item post-216901 post type-post status-publish format-standard has-post-thumbnail hentry category-alojamientos-rurales category-destinos tag-que-ver-en-a-coruna tag-agua tag-que-ver-en-alava tag-amigos tag-casas-rurales tag-cascada tag-familia tag-listado tag-pareja tag-salto-del-nervion tag-que-ver-en-tarragona tag-que-ver-en-valencia\" style=\"\"><div class=\"ub-block-post-grid-image\" style=\"\"><a href=\"https:\/\/www.escapadarural.com\/blog\/casas-rurales-con-vistas-a-cascadas\/\" rel=\"bookmark\" aria-hidden=\"true\" tabindex=\"-1\"><img loading=\"lazy\" decoding=\"async\" width=\"1030\" height=\"773\" src=\"https:\/\/www.escapadarural.com\/blog\/wp-content\/uploads\/2026\/04\/Moli-de-Sotorres.jpg\" class=\"attachment-full size-full\" alt=\"Mol\u00ed de Sotorres (Tarragona)\" style=\"max-width: 600px; \" srcset=\"https:\/\/www.escapadarural.com\/blog\/wp-content\/uploads\/2026\/04\/Moli-de-Sotorres-200x150.jpg 200w, https:\/\/www.escapadarural.com\/blog\/wp-content\/uploads\/2026\/04\/Moli-de-Sotorres-300x225.jpg 300w, https:\/\/www.escapadarural.com\/blog\/wp-content\/uploads\/2026\/04\/Moli-de-Sotorres-400x300.jpg 400w, https:\/\/www.escapadarural.com\/blog\/wp-content\/uploads\/2026\/04\/Moli-de-Sotorres-600x450.jpg 600w, https:\/\/www.escapadarural.com\/blog\/wp-content\/uploads\/2026\/04\/Moli-de-Sotorres-768x576.jpg 768w, https:\/\/www.escapadarural.com\/blog\/wp-content\/uploads\/2026\/04\/Moli-de-Sotorres-800x600.jpg 800w, https:\/\/www.escapadarural.com\/blog\/wp-content\/uploads\/2026\/04\/Moli-de-Sotorres-1024x768.jpg 1024w, https:\/\/www.escapadarural.com\/blog\/wp-content\/uploads\/2026\/04\/Moli-de-Sotorres.jpg 1030w\" sizes=\"auto, (max-width: 1030px) 100vw, 1030px\"><\/a><\/div><div class=\"ub-block-post-grid-text\" style=\"\"><div class=\"ub-block-post-grid-header-content\"><header class=\"ub-block-post-grid-header\"><h3 class=\"ub-block-post-grid-title\"><a style=\"\" href=\"https:\/\/www.escapadarural.com\/blog\/casas-rurales-con-vistas-a-cascadas\/\" rel=\"bookmark\">Dormir frente a una cascada: 4 casas rurales pegadas a saltos de agua que hipnotizan<\/a><\/h3><\/header><\/div><div class=\"ub-block-post-grid-excerpt\"><div class=\"ub-block-post-grid-excerpt-text\" style=\"\"><p>No es una app de meditaci\u00f3n. En estas casas rurales duermes junto a cascadas y con el sonido del agua cayendo. <\/p>\n<\/div><p><a class=\"ub-block-post-grid-more-link ub-text-link\" style=\"\" href=\"https:\/\/www.escapadarural.com\/blog\/casas-rurales-con-vistas-a-cascadas\/\" rel=\"bookmark\">Leer <span class=\"screen-reader-text\">Dormir frente a una cascada: 4 casas rurales pegadas a saltos de agua que hipnotizan<\/span><\/a><\/p><\/div><\/div><\/article>\n<article id=\"post-215200\" class=\"ub-post-grid-item post-215200 post type-post status-publish format-standard has-post-thumbnail hentry category-destinos category-rutas-y-excursiones tag-que-ver-en-barcelona tag-que-ver-en-cataluna tag-dia-del-libro tag-familia tag-que-ver-en-girona tag-libros tag-listado tag-ninos tag-primavera tag-sant-jordi tag-que-ver-en-tarragona\" style=\"\"><div class=\"ub-block-post-grid-image\" style=\"\"><a href=\"https:\/\/www.escapadarural.com\/blog\/rutas-de-cuento-ninos-cataluna\/\" rel=\"bookmark\" aria-hidden=\"true\" tabindex=\"-1\"><img loading=\"lazy\" decoding=\"async\" width=\"740\" height=\"555\" src=\"https:\/\/www.escapadarural.com\/blog\/wp-content\/uploads\/2026\/04\/20241009-140446.jpg\" class=\"attachment-full size-full\" alt=\"Parque infantil de les Tres Bessones. Foto de l'Ajuntament de Palau-solit\u00e0 i Plegamans (Barcelona)\" style=\"max-width: 600px; \" srcset=\"https:\/\/www.escapadarural.com\/blog\/wp-content\/uploads\/2026\/04\/20241009-140446-200x150.jpg 200w, https:\/\/www.escapadarural.com\/blog\/wp-content\/uploads\/2026\/04\/20241009-140446-300x225.jpg 300w, https:\/\/www.escapadarural.com\/blog\/wp-content\/uploads\/2026\/04\/20241009-140446-400x300.jpg 400w, https:\/\/www.escapadarural.com\/blog\/wp-content\/uploads\/2026\/04\/20241009-140446-600x450.jpg 600w, https:\/\/www.escapadarural.com\/blog\/wp-content\/uploads\/2026\/04\/20241009-140446.jpg 740w\" sizes=\"auto, (max-width: 740px) 100vw, 740px\"><\/a><\/div><div class=\"ub-block-post-grid-text\" style=\"\"><div class=\"ub-block-post-grid-header-content\"><header class=\"ub-block-post-grid-header\"><h3 class=\"ub-block-post-grid-title\"><a style=\"\" href=\"https:\/\/www.escapadarural.com\/blog\/rutas-de-cuento-ninos-cataluna\/\" rel=\"bookmark\">Las Tres Mellizas o El Principito: 4 rutas y rincones de cuento para ni\u00f1os en Catalu\u00f1a<\/a><\/h3><\/header><\/div><div class=\"ub-block-post-grid-excerpt\"><div class=\"ub-block-post-grid-excerpt-text\" style=\"\"><p>El D\u00eda del Libro o cualquier otro momento del a\u00f1o es bueno para acercarse a estos rincones que encantar\u00e1n a los peques<\/p>\n<\/div><p><a class=\"ub-block-post-grid-more-link ub-text-link\" style=\"\" href=\"https:\/\/www.escapadarural.com\/blog\/rutas-de-cuento-ninos-cataluna\/\" rel=\"bookmark\">Leer <span class=\"screen-reader-text\">Las Tres Mellizas o El Principito: 4 rutas y rincones de cuento para ni\u00f1os en Catalu\u00f1a<\/span><\/a><\/p><\/div><\/div><\/article>\n<article id=\"post-216716\" class=\"ub-post-grid-item post-216716 post type-post status-publish format-standard has-post-thumbnail hentry category-destinos tag-que-ver-en-cataluna tag-familia tag-planes tag-que-ver-en-tarragona tag-terres-del-mestral\" style=\"\"><div class=\"ub-block-post-grid-image\" style=\"\"><a href=\"https:\/\/www.escapadarural.com\/blog\/planes-en-familia-en-terres-de-mestral\/\" rel=\"bookmark\" aria-hidden=\"true\" tabindex=\"-1\"><img loading=\"lazy\" decoding=\"async\" width=\"1280\" height=\"853\" src=\"https:\/\/www.escapadarural.com\/blog\/wp-content\/uploads\/2026\/04\/imagen-1.webp\" class=\"attachment-full size-full\" alt=\"Familia recorriendo el Senderos Experienciales.\" style=\"max-width: 600px; \" srcset=\"https:\/\/www.escapadarural.com\/blog\/wp-content\/uploads\/2026\/04\/imagen-1-200x133.webp 200w, https:\/\/www.escapadarural.com\/blog\/wp-content\/uploads\/2026\/04\/imagen-1-300x200.webp 300w, https:\/\/www.escapadarural.com\/blog\/wp-content\/uploads\/2026\/04\/imagen-1-400x267.webp 400w, https:\/\/www.escapadarural.com\/blog\/wp-content\/uploads\/2026\/04\/imagen-1-600x400.webp 600w, https:\/\/www.escapadarural.com\/blog\/wp-content\/uploads\/2026\/04\/imagen-1-768x512.webp 768w, https:\/\/www.escapadarural.com\/blog\/wp-content\/uploads\/2026\/04\/imagen-1-800x533.webp 800w, https:\/\/www.escapadarural.com\/blog\/wp-content\/uploads\/2026\/04\/imagen-1-1024x682.webp 1024w, https:\/\/www.escapadarural.com\/blog\/wp-content\/uploads\/2026\/04\/imagen-1-1200x800.webp 1200w, https:\/\/www.escapadarural.com\/blog\/wp-content\/uploads\/2026\/04\/imagen-1.webp 1280w\" sizes=\"auto, (max-width: 1280px) 100vw, 1280px\"><\/a><\/div><div class=\"ub-block-post-grid-text\" style=\"\"><div class=\"ub-block-post-grid-header-content\"><header class=\"ub-block-post-grid-header\"><h3 class=\"ub-block-post-grid-title\"><a style=\"\" href=\"https:\/\/www.escapadarural.com\/blog\/planes-en-familia-en-terres-de-mestral\/\" rel=\"bookmark\">Del mar a la monta\u00f1a: planes en familia imprescindibles en Terres de Mestral<\/a><\/h3><\/header><\/div><div class=\"ub-block-post-grid-excerpt\"><div class=\"ub-block-post-grid-excerpt-text\" style=\"\"><p>En vuestra familia de qu\u00e9 sois m\u00e1s, \u00bfde mar o de monta\u00f1a? En Terres de Mestral (Tarragona) no tendr\u00e9is que elegir, porque en un solo destino est\u00e1 todo. Es como un gran parque deportivo al aire libre en el que no hay espacio para el aburrimiento, con muchos planes divertidos para generar recuerdos. Los pueblos\u2026<\/p>\n<\/div><p><a class=\"ub-block-post-grid-more-link ub-text-link\" style=\"\" href=\"https:\/\/www.escapadarural.com\/blog\/planes-en-familia-en-terres-de-mestral\/\" rel=\"bookmark\">Leer <span class=\"screen-reader-text\">Del mar a la monta\u00f1a: planes en familia imprescindibles en Terres de Mestral<\/span><\/a><\/p><\/div><\/div><\/article>\n<article id=\"post-214782\" class=\"ub-post-grid-item post-214782 post type-post status-publish format-standard has-post-thumbnail hentry category-destinos category-rutas-y-excursiones tag-amigos tag-arribes-del-duero tag-barco tag-que-ver-en-castellon tag-cuevas tag-delta-de-lebre tag-espana tag-familia tag-jucar tag-listado tag-que-ver-en-lugo tag-montana-de-leon tag-que-ver-en-ourense tag-pareja tag-riano tag-ribeira-sacra tag-rios tag-que-ver-en-salamanca tag-que-ver-en-tarragona tag-que-ver-en-zamora\" style=\"\"><div class=\"ub-block-post-grid-image\" style=\"\"><a href=\"https:\/\/www.escapadarural.com\/blog\/paseos-en-barco-por-rios-navegables-espana\/\" rel=\"bookmark\" aria-hidden=\"true\" tabindex=\"-1\"><img loading=\"lazy\" decoding=\"async\" width=\"1920\" height=\"1080\" src=\"https:\/\/www.escapadarural.com\/blog\/wp-content\/uploads\/2026\/03\/Coves_de_Sant_Josep_La_Vall_dUixo_6.jpg\" class=\"attachment-full size-full\" alt=\"Coves de Sant Josep de La Vall d'Uix\u00f3 (Castell\u00f3n). Foto de Turismo de la Comunitat Valenciana\" style=\"max-width: 600px; \" srcset=\"https:\/\/www.escapadarural.com\/blog\/wp-content\/uploads\/2026\/03\/Coves_de_Sant_Josep_La_Vall_dUixo_6-200x113.jpg 200w, https:\/\/www.escapadarural.com\/blog\/wp-content\/uploads\/2026\/03\/Coves_de_Sant_Josep_La_Vall_dUixo_6-300x169.jpg 300w, https:\/\/www.escapadarural.com\/blog\/wp-content\/uploads\/2026\/03\/Coves_de_Sant_Josep_La_Vall_dUixo_6-400x225.jpg 400w, https:\/\/www.escapadarural.com\/blog\/wp-content\/uploads\/2026\/03\/Coves_de_Sant_Josep_La_Vall_dUixo_6-600x338.jpg 600w, https:\/\/www.escapadarural.com\/blog\/wp-content\/uploads\/2026\/03\/Coves_de_Sant_Josep_La_Vall_dUixo_6-768x432.jpg 768w, https:\/\/www.escapadarural.com\/blog\/wp-content\/uploads\/2026\/03\/Coves_de_Sant_Josep_La_Vall_dUixo_6-800x450.jpg 800w, https:\/\/www.escapadarural.com\/blog\/wp-content\/uploads\/2026\/03\/Coves_de_Sant_Josep_La_Vall_dUixo_6-1024x576.jpg 1024w, https:\/\/www.escapadarural.com\/blog\/wp-content\/uploads\/2026\/03\/Coves_de_Sant_Josep_La_Vall_dUixo_6-1200x675.jpg 1200w, https:\/\/www.escapadarural.com\/blog\/wp-content\/uploads\/2026\/03\/Coves_de_Sant_Josep_La_Vall_dUixo_6-1536x864.jpg 1536w, https:\/\/www.escapadarural.com\/blog\/wp-content\/uploads\/2026\/03\/Coves_de_Sant_Josep_La_Vall_dUixo_6.jpg 1920w\" sizes=\"auto, (max-width: 1920px) 100vw, 1920px\"><\/a><\/div><div class=\"ub-block-post-grid-text\" style=\"\"><div class=\"ub-block-post-grid-header-content\"><header class=\"ub-block-post-grid-header\"><h3 class=\"ub-block-post-grid-title\"><a style=\"\" href=\"https:\/\/www.escapadarural.com\/blog\/paseos-en-barco-por-rios-navegables-espana\/\" rel=\"bookmark\">Fiordos, ca\u00f1ones y cuevas: 6 rutas en barco por r\u00edos de Espa\u00f1a lejos de la costa y las multitudes<\/a><\/h3><\/header><\/div><div class=\"ub-block-post-grid-excerpt\"><div class=\"ub-block-post-grid-excerpt-text\" style=\"\"><p>Ribeira Sacra, un r\u00edo subterr\u00e1neo, los fiordos leoneses, el r\u00edo J\u00facar\u2026 descubre los paisajes acu\u00e1ticos m\u00e1s bonitos del interior peninsular<\/p>\n<\/div><p><a class=\"ub-block-post-grid-more-link ub-text-link\" style=\"\" href=\"https:\/\/www.escapadarural.com\/blog\/paseos-en-barco-por-rios-navegables-espana\/\" rel=\"bookmark\">Leer <span class=\"screen-reader-text\">Fiordos, ca\u00f1ones y cuevas: 6 rutas en barco por r\u00edos de Espa\u00f1a lejos de la costa y las multitudes<\/span><\/a><\/p><\/div><\/div><\/article>\n<article id=\"post-213900\" class=\"ub-post-grid-item post-213900 post type-post status-publish format-standard has-post-thumbnail hentry category-arte-y-cultura category-destinos tag-amigos tag-astronomia tag-astroturismo tag-eclipse tag-eclipse-2026 tag-espana tag-familia tag-que-ver-en-huesca tag-listado tag-que-ver-en-madrid tag-pareja tag-que-ver-en-segovia tag-starlight tag-que-ver-en-tarragona tag-verano\" style=\"\"><div class=\"ub-block-post-grid-image\" style=\"\"><a href=\"https:\/\/www.escapadarural.com\/blog\/festivales-astronomicos-eclipse-2026\/\" rel=\"bookmark\" aria-hidden=\"true\" tabindex=\"-1\"><img loading=\"lazy\" decoding=\"async\" width=\"2048\" height=\"1365\" src=\"https:\/\/www.escapadarural.com\/blog\/wp-content\/uploads\/2026\/04\/AdobeStock_79399883-scaled.jpeg\" class=\"attachment-full size-full\" alt=\"Eclipse solar. Por IgorZh\" style=\"max-width: 600px; \" srcset=\"https:\/\/www.escapadarural.com\/blog\/wp-content\/uploads\/2026\/04\/AdobeStock_79399883-200x133.jpeg 200w, https:\/\/www.escapadarural.com\/blog\/wp-content\/uploads\/2026\/04\/AdobeStock_79399883-300x200.jpeg 300w, https:\/\/www.escapadarural.com\/blog\/wp-content\/uploads\/2026\/04\/AdobeStock_79399883-400x267.jpeg 400w, https:\/\/www.escapadarural.com\/blog\/wp-content\/uploads\/2026\/04\/AdobeStock_79399883-600x400.jpeg 600w, https:\/\/www.escapadarural.com\/blog\/wp-content\/uploads\/2026\/04\/AdobeStock_79399883-768x512.jpeg 768w, https:\/\/www.escapadarural.com\/blog\/wp-content\/uploads\/2026\/04\/AdobeStock_79399883-800x533.jpeg 800w, https:\/\/www.escapadarural.com\/blog\/wp-content\/uploads\/2026\/04\/AdobeStock_79399883-1024x683.jpeg 1024w, https:\/\/www.escapadarural.com\/blog\/wp-content\/uploads\/2026\/04\/AdobeStock_79399883-1200x800.jpeg 1200w, https:\/\/www.escapadarural.com\/blog\/wp-content\/uploads\/2026\/04\/AdobeStock_79399883-1536x1024.jpeg 1536w, https:\/\/www.escapadarural.com\/blog\/wp-content\/uploads\/2026\/04\/AdobeStock_79399883-scaled.jpeg 2048w\" sizes=\"auto, (max-width: 2048px) 100vw, 2048px\"><\/a><\/div><div class=\"ub-block-post-grid-text\" style=\"\"><div class=\"ub-block-post-grid-header-content\"><header class=\"ub-block-post-grid-header\"><h3 class=\"ub-block-post-grid-title\"><a style=\"\" href=\"https:\/\/www.escapadarural.com\/blog\/festivales-astronomicos-eclipse-2026\/\" rel=\"bookmark\">El eclipse solar de agosto se celebra as\u00ed: festivales para vivir al m\u00e1ximo el evento astron\u00f3mico del siglo en Espa\u00f1a<\/a><\/h3><\/header><\/div><div class=\"ub-block-post-grid-excerpt\"><div class=\"ub-block-post-grid-excerpt-text\" style=\"\"><p>Sum\u00e9rgete en el mundo de la astronom\u00eda con planes que van m\u00e1s all\u00e1 del 12 de agosto: charlas, conciertos, talleres, etc.<\/p>\n<\/div><p><a class=\"ub-block-post-grid-more-link ub-text-link\" style=\"\" href=\"https:\/\/www.escapadarural.com\/blog\/festivales-astronomicos-eclipse-2026\/\" rel=\"bookmark\">Leer <span class=\"screen-reader-text\">El eclipse solar de agosto se celebra as\u00ed: festivales para vivir al m\u00e1ximo el evento astron\u00f3mico del siglo en Espa\u00f1a<\/span><\/a><\/p><\/div><\/div><\/article>\n<article id=\"post-215742\" class=\"ub-post-grid-item post-215742 post type-post status-publish format-standard has-post-thumbnail hentry category-destinos tag-que-ver-en-a-coruna tag-apicultura tag-apiturismo tag-arzua tag-que-ver-en-avila tag-que-ver-en-cantabria tag-colmenar tag-familia tag-que-ver-en-guadalajara tag-la-alcarria tag-liebana tag-listado tag-que-ver-en-malaga tag-miel tag-pareja tag-primavera tag-que-ver-en-tarragona\" style=\"\"><div class=\"ub-block-post-grid-image\" style=\"\"><a href=\"https:\/\/www.escapadarural.com\/blog\/apiturismo-escapadas-rurales-miel\/\" rel=\"bookmark\" aria-hidden=\"true\" tabindex=\"-1\"><img loading=\"lazy\" decoding=\"async\" width=\"2048\" height=\"1366\" src=\"https:\/\/www.escapadarural.com\/blog\/wp-content\/uploads\/2026\/04\/AdobeStock_633323406-scaled.jpeg\" class=\"attachment-full size-full\" alt=\"Apicultura para ni\u00f1os. Por Robert Kneschke\" style=\"max-width: 600px; \" srcset=\"https:\/\/www.escapadarural.com\/blog\/wp-content\/uploads\/2026\/04\/AdobeStock_633323406-200x133.jpeg 200w, https:\/\/www.escapadarural.com\/blog\/wp-content\/uploads\/2026\/04\/AdobeStock_633323406-300x200.jpeg 300w, https:\/\/www.escapadarural.com\/blog\/wp-content\/uploads\/2026\/04\/AdobeStock_633323406-400x267.jpeg 400w, https:\/\/www.escapadarural.com\/blog\/wp-content\/uploads\/2026\/04\/AdobeStock_633323406-600x400.jpeg 600w, https:\/\/www.escapadarural.com\/blog\/wp-content\/uploads\/2026\/04\/AdobeStock_633323406-768x512.jpeg 768w, https:\/\/www.escapadarural.com\/blog\/wp-content\/uploads\/2026\/04\/AdobeStock_633323406-800x533.jpeg 800w, https:\/\/www.escapadarural.com\/blog\/wp-content\/uploads\/2026\/04\/AdobeStock_633323406-1024x683.jpeg 1024w, https:\/\/www.escapadarural.com\/blog\/wp-content\/uploads\/2026\/04\/AdobeStock_633323406-1200x800.jpeg 1200w, https:\/\/www.escapadarural.com\/blog\/wp-content\/uploads\/2026\/04\/AdobeStock_633323406-1536x1024.jpeg 1536w, https:\/\/www.escapadarural.com\/blog\/wp-content\/uploads\/2026\/04\/AdobeStock_633323406-scaled.jpeg 2048w\" sizes=\"auto, (max-width: 2048px) 100vw, 2048px\"><\/a><\/div><div class=\"ub-block-post-grid-text\" style=\"\"><div class=\"ub-block-post-grid-header-content\"><header class=\"ub-block-post-grid-header\"><h3 class=\"ub-block-post-grid-title\"><a style=\"\" href=\"https:\/\/www.escapadarural.com\/blog\/apiturismo-escapadas-rurales-miel\/\" rel=\"bookmark\">Apiturismo en familia: 7 escapadas con miel que est\u00e1n arrasando esta primavera \ud83d\udc1d<\/a><\/h3><\/header><\/div><div class=\"ub-block-post-grid-excerpt\"><div class=\"ub-block-post-grid-excerpt-text\" style=\"\"><p>Destinos con miel D.O.P. e I.G.P. donde el sabor m\u00e1s aut\u00e9ntico y sus actividades te endulzan la vida. \u00bfTe atreves a ser apicultor por un d\u00eda?<\/p>\n<\/div><p><a class=\"ub-block-post-grid-more-link ub-text-link\" style=\"\" href=\"https:\/\/www.escapadarural.com\/blog\/apiturismo-escapadas-rurales-miel\/\" rel=\"bookmark\">Leer <span class=\"screen-reader-text\">Apiturismo en familia: 7 escapadas con miel que est\u00e1n arrasando esta primavera \ud83d\udc1d<\/span><\/a><\/p><\/div><\/div><\/article>\n<\/div><\/section>","protected":false},"excerpt":{"rendered":"<p>En la cima de una roca inquebrantable, en la sierra de Prades, se levanta Siurana. El pueblo del Priorat, en Tarragona, que posiblemente ofrece las mejores vistas al hom\u00f3nimo r\u00edo, a la sierra de Montsant y a los picos de la Gritella y Gallicant.<\/p>\n","protected":false},"author":89,"featured_media":90194,"comment_status":"open","ping_status":"closed","sticky":false,"template":"","format":"standard","meta":{"_acf_changed":false,"om_disable_all_campaigns":false,"footnotes":""},"categories":[191],"tags":[1323,1484,215,265,212,325,537],"class_list":["post-10006","post","type-post","status-publish","format-standard","has-post-thumbnail","hentry","category-destinos","tag-escapada","tag-fotos","tag-listado","tag-priorat","tag-pueblos","tag-siurana","tag-que-ver-en-tarragona"],"acf":[],"featured_image_src":"https:\/\/www.escapadarural.com\/blog\/wp-content\/uploads\/2024\/10\/siurana-10-2.jpg","author_info":{"display_name":"Laura Fern\u00e1ndez","author_link":"https:\/\/www.escapadarural.com\/blog\/autor\/laura\/"},"yoast_head":"<!-- This site is optimized with the Yoast SEO plugin v27.5 - https:\/\/yoast.com\/product\/yoast-seo-wordpress\/ -->\n<title>10 fotos para desear ir a Siurana de Prades - EscapadaRural<\/title>\n<meta name=\"robots\" content=\"index, follow, max-snippet:-1, max-image-preview:large, max-video-preview:-1\" \/>\n<link rel=\"canonical\" href=\"https:\/\/www.escapadarural.com\/blog\/10-fotos-para-desear-ir-a-siurana\/\" \/>\n<meta property=\"og:locale\" content=\"es_ES\" \/>\n<meta property=\"og:type\" content=\"article\" \/>\n<meta property=\"og:title\" content=\"10 fotos para desear ir a Siurana de Prades - EscapadaRural\" \/>\n<meta property=\"og:description\" content=\"En la cima de una roca inquebrantable, en la sierra de Prades, se levanta Siurana. El pueblo del Priorat, en Tarragona, que posiblemente ofrece las mejores vistas al hom\u00f3nimo r\u00edo, a la sierra de Montsant y a los picos de la Gritella y Gallicant.\" \/>\n<meta property=\"og:url\" content=\"https:\/\/www.escapadarural.com\/blog\/10-fotos-para-desear-ir-a-siurana\/\" \/>\n<meta property=\"og:site_name\" content=\"Magazine de viajes de EscapadaRural\" \/>\n<meta property=\"article:publisher\" content=\"https:\/\/www.facebook.com\/escapadarural\" \/>\n<meta property=\"article:published_time\" content=\"2019-08-26T09:00:32+00:00\" \/>\n<meta property=\"article:modified_time\" content=\"2025-08-08T11:38:45+00:00\" \/>\n<meta property=\"og:image\" content=\"https:\/\/www.escapadarural.com\/blog\/wp-content\/uploads\/2024\/10\/siurana-10-2.jpg?v=1754653126\" \/>\n\t<meta property=\"og:image:width\" content=\"1000\" \/>\n\t<meta property=\"og:image:height\" content=\"667\" \/>\n\t<meta property=\"og:image:type\" content=\"image\/jpeg\" \/>\n<meta name=\"author\" content=\"Laura Fern\u00e1ndez\" \/>\n<meta name=\"twitter:card\" content=\"summary_large_image\" \/>\n<meta name=\"twitter:label1\" content=\"Escrito por\" \/>\n\t<meta name=\"twitter:data1\" content=\"Laura Fern\u00e1ndez\" \/>\n\t<meta name=\"twitter:label2\" content=\"Tiempo de lectura\" \/>\n\t<meta name=\"twitter:data2\" content=\"6 minutos\" \/>\n<script type=\"application\/ld+json\" class=\"yoast-schema-graph\">{\"@context\":\"https:\\\/\\\/schema.org\",\"@graph\":[{\"@type\":\"Article\",\"@id\":\"https:\\\/\\\/www.escapadarural.com\\\/blog\\\/10-fotos-para-desear-ir-a-siurana\\\/#article\",\"isPartOf\":{\"@id\":\"https:\\\/\\\/www.escapadarural.com\\\/blog\\\/10-fotos-para-desear-ir-a-siurana\\\/\"},\"author\":{\"name\":\"Laura Fern\u00e1ndez\",\"@id\":\"https:\\\/\\\/www.escapadarural.com\\\/blog\\\/#\\\/schema\\\/person\\\/a9b46ae4d047d8a2c719f31e75206cff\"},\"headline\":\"10 fotos para desear ir a Siurana de Prades\",\"datePublished\":\"2019-08-26T09:00:32+00:00\",\"dateModified\":\"2025-08-08T11:38:45+00:00\",\"mainEntityOfPage\":{\"@id\":\"https:\\\/\\\/www.escapadarural.com\\\/blog\\\/10-fotos-para-desear-ir-a-siurana\\\/\"},\"wordCount\":245,\"commentCount\":0,\"publisher\":{\"@id\":\"https:\\\/\\\/www.escapadarural.com\\\/blog\\\/#organization\"},\"image\":{\"@id\":\"https:\\\/\\\/www.escapadarural.com\\\/blog\\\/10-fotos-para-desear-ir-a-siurana\\\/#primaryimage\"},\"thumbnailUrl\":\"https:\\\/\\\/www.escapadarural.com\\\/blog\\\/wp-content\\\/uploads\\\/2024\\\/10\\\/siurana-10-2.jpg\",\"keywords\":[\"Escapada\",\"Fotos\",\"Listado\",\"Priorat\",\"pueblos\",\"Siurana\",\"Tarragona\"],\"articleSection\":[\"Destinos\"],\"inLanguage\":\"es\",\"potentialAction\":[{\"@type\":\"CommentAction\",\"name\":\"Comment\",\"target\":[\"https:\\\/\\\/www.escapadarural.com\\\/blog\\\/10-fotos-para-desear-ir-a-siurana\\\/#respond\"]}]},{\"@type\":\"WebPage\",\"@id\":\"https:\\\/\\\/www.escapadarural.com\\\/blog\\\/10-fotos-para-desear-ir-a-siurana\\\/\",\"url\":\"https:\\\/\\\/www.escapadarural.com\\\/blog\\\/10-fotos-para-desear-ir-a-siurana\\\/\",\"name\":\"10 fotos para desear ir a Siurana de Prades - EscapadaRural\",\"isPartOf\":{\"@id\":\"https:\\\/\\\/www.escapadarural.com\\\/blog\\\/#website\"},\"primaryImageOfPage\":{\"@id\":\"https:\\\/\\\/www.escapadarural.com\\\/blog\\\/10-fotos-para-desear-ir-a-siurana\\\/#primaryimage\"},\"image\":{\"@id\":\"https:\\\/\\\/www.escapadarural.com\\\/blog\\\/10-fotos-para-desear-ir-a-siurana\\\/#primaryimage\"},\"thumbnailUrl\":\"https:\\\/\\\/www.escapadarural.com\\\/blog\\\/wp-content\\\/uploads\\\/2024\\\/10\\\/siurana-10-2.jpg\",\"datePublished\":\"2019-08-26T09:00:32+00:00\",\"dateModified\":\"2025-08-08T11:38:45+00:00\",\"breadcrumb\":{\"@id\":\"https:\\\/\\\/www.escapadarural.com\\\/blog\\\/10-fotos-para-desear-ir-a-siurana\\\/#breadcrumb\"},\"inLanguage\":\"es\",\"potentialAction\":[{\"@type\":\"ReadAction\",\"target\":[\"https:\\\/\\\/www.escapadarural.com\\\/blog\\\/10-fotos-para-desear-ir-a-siurana\\\/\"]}]},{\"@type\":\"ImageObject\",\"inLanguage\":\"es\",\"@id\":\"https:\\\/\\\/www.escapadarural.com\\\/blog\\\/10-fotos-para-desear-ir-a-siurana\\\/#primaryimage\",\"url\":\"https:\\\/\\\/www.escapadarural.com\\\/blog\\\/wp-content\\\/uploads\\\/2024\\\/10\\\/siurana-10-2.jpg\",\"contentUrl\":\"https:\\\/\\\/www.escapadarural.com\\\/blog\\\/wp-content\\\/uploads\\\/2024\\\/10\\\/siurana-10-2.jpg\",\"width\":1000,\"height\":667,\"caption\":\"Siurana\"},{\"@type\":\"BreadcrumbList\",\"@id\":\"https:\\\/\\\/www.escapadarural.com\\\/blog\\\/10-fotos-para-desear-ir-a-siurana\\\/#breadcrumb\",\"itemListElement\":[{\"@type\":\"ListItem\",\"position\":1,\"name\":\"Inicio\",\"item\":\"https:\\\/\\\/www.escapadarural.com\\\/blog\\\/\"},{\"@type\":\"ListItem\",\"position\":2,\"name\":\"Destinos\",\"item\":\"https:\\\/\\\/www.escapadarural.com\\\/blog\\\/categoria\\\/destinos\\\/\"},{\"@type\":\"ListItem\",\"position\":3,\"name\":\"10 fotos para desear ir a Siurana de Prades\"}]},{\"@type\":\"WebSite\",\"@id\":\"https:\\\/\\\/www.escapadarural.com\\\/blog\\\/#website\",\"url\":\"https:\\\/\\\/www.escapadarural.com\\\/blog\\\/\",\"name\":\"Blog de viajes | turismo rural, alojamientos e inspiraci\u00f3n\",\"description\":\"Alojamientos rurales e inspiraci\u00f3n para tus escapadas\",\"publisher\":{\"@id\":\"https:\\\/\\\/www.escapadarural.com\\\/blog\\\/#organization\"},\"alternateName\":\"Magazine de viajes de EscapadaRural\",\"potentialAction\":[{\"@type\":\"SearchAction\",\"target\":{\"@type\":\"EntryPoint\",\"urlTemplate\":\"https:\\\/\\\/www.escapadarural.com\\\/blog\\\/?s={search_term_string}\"},\"query-input\":{\"@type\":\"PropertyValueSpecification\",\"valueRequired\":true,\"valueName\":\"search_term_string\"}}],\"inLanguage\":\"es\"},{\"@type\":\"Organization\",\"@id\":\"https:\\\/\\\/www.escapadarural.com\\\/blog\\\/#organization\",\"name\":\"EscapadaRural\",\"url\":\"https:\\\/\\\/www.escapadarural.com\\\/blog\\\/\",\"logo\":{\"@type\":\"ImageObject\",\"inLanguage\":\"es\",\"@id\":\"https:\\\/\\\/www.escapadarural.com\\\/blog\\\/#\\\/schema\\\/logo\\\/image\\\/\",\"url\":\"https:\\\/\\\/www.escapadarural.com\\\/blog\\\/wp-content\\\/uploads\\\/2024\\\/10\\\/cropped-cropped-escapada-rural-icon-mag-3.png\",\"contentUrl\":\"https:\\\/\\\/www.escapadarural.com\\\/blog\\\/wp-content\\\/uploads\\\/2024\\\/10\\\/cropped-cropped-escapada-rural-icon-mag-3.png\",\"width\":512,\"height\":512,\"caption\":\"EscapadaRural\"},\"image\":{\"@id\":\"https:\\\/\\\/www.escapadarural.com\\\/blog\\\/#\\\/schema\\\/logo\\\/image\\\/\"},\"sameAs\":[\"https:\\\/\\\/www.facebook.com\\\/escapadarural\",\"https:\\\/\\\/www.instagram.com\\\/escapadarural\\\/\",\"https:\\\/\\\/www.youtube.com\\\/@escapadaruralcom\"]},{\"@type\":\"Person\",\"@id\":\"https:\\\/\\\/www.escapadarural.com\\\/blog\\\/#\\\/schema\\\/person\\\/a9b46ae4d047d8a2c719f31e75206cff\",\"name\":\"Laura Fern\u00e1ndez\",\"image\":{\"@type\":\"ImageObject\",\"inLanguage\":\"es\",\"@id\":\"https:\\\/\\\/www.escapadarural.com\\\/blog\\\/wp-content\\\/uploads\\\/2025\\\/01\\\/cropped-laura_raponchii-96x96.jpg\",\"url\":\"https:\\\/\\\/www.escapadarural.com\\\/blog\\\/wp-content\\\/uploads\\\/2025\\\/01\\\/cropped-laura_raponchii-96x96.jpg\",\"contentUrl\":\"https:\\\/\\\/www.escapadarural.com\\\/blog\\\/wp-content\\\/uploads\\\/2025\\\/01\\\/cropped-laura_raponchii-96x96.jpg\",\"caption\":\"Laura Fern\u00e1ndez\"},\"description\":\"Periodista, blogger y viajera. No necesariamente en ese orden. En ocasiones me despierto sin saber d\u00f3nde estoy. Adicta a los c\u00f3mics y a los noodles con salsa de cacahuete. Redactora en @escapadarural, colaboradora en la Conde Nast Traveler y en la Divinity. Mi casa: Meridiano180.\",\"sameAs\":[\"http:\\\/\\\/www.meridiano180.com\\\/\"],\"url\":\"https:\\\/\\\/www.escapadarural.com\\\/blog\\\/autor\\\/laura\\\/\"}]}<\/script>\n<!-- \/ Yoast SEO plugin. -->","yoast_head_json":{"title":"10 fotos para desear ir a Siurana de Prades - EscapadaRural","robots":{"index":"index","follow":"follow","max-snippet":"max-snippet:-1","max-image-preview":"max-image-preview:large","max-video-preview":"max-video-preview:-1"},"canonical":"https:\/\/www.escapadarural.com\/blog\/10-fotos-para-desear-ir-a-siurana\/","og_locale":"es_ES","og_type":"article","og_title":"10 fotos para desear ir a Siurana de Prades - EscapadaRural","og_description":"En la cima de una roca inquebrantable, en la sierra de Prades, se levanta Siurana. El pueblo del Priorat, en Tarragona, que posiblemente ofrece las mejores vistas al hom\u00f3nimo r\u00edo, a la sierra de Montsant y a los picos de la Gritella y Gallicant.","og_url":"https:\/\/www.escapadarural.com\/blog\/10-fotos-para-desear-ir-a-siurana\/","og_site_name":"Magazine de viajes de EscapadaRural","article_publisher":"https:\/\/www.facebook.com\/escapadarural","article_published_time":"2019-08-26T09:00:32+00:00","article_modified_time":"2025-08-08T11:38:45+00:00","og_image":[{"width":1000,"height":667,"url":"https:\/\/www.escapadarural.com\/blog\/wp-content\/uploads\/2024\/10\/siurana-10-2.jpg?v=1754653126","type":"image\/jpeg"}],"author":"Laura Fern\u00e1ndez","twitter_card":"summary_large_image","twitter_misc":{"Escrito por":"Laura Fern\u00e1ndez","Tiempo de lectura":"6 minutos"},"schema":{"@context":"https:\/\/schema.org","@graph":[{"@type":"Article","@id":"https:\/\/www.escapadarural.com\/blog\/10-fotos-para-desear-ir-a-siurana\/#article","isPartOf":{"@id":"https:\/\/www.escapadarural.com\/blog\/10-fotos-para-desear-ir-a-siurana\/"},"author":{"name":"Laura Fern\u00e1ndez","@id":"https:\/\/www.escapadarural.com\/blog\/#\/schema\/person\/a9b46ae4d047d8a2c719f31e75206cff"},"headline":"10 fotos para desear ir a Siurana de Prades","datePublished":"2019-08-26T09:00:32+00:00","dateModified":"2025-08-08T11:38:45+00:00","mainEntityOfPage":{"@id":"https:\/\/www.escapadarural.com\/blog\/10-fotos-para-desear-ir-a-siurana\/"},"wordCount":245,"commentCount":0,"publisher":{"@id":"https:\/\/www.escapadarural.com\/blog\/#organization"},"image":{"@id":"https:\/\/www.escapadarural.com\/blog\/10-fotos-para-desear-ir-a-siurana\/#primaryimage"},"thumbnailUrl":"https:\/\/www.escapadarural.com\/blog\/wp-content\/uploads\/2024\/10\/siurana-10-2.jpg","keywords":["Escapada","Fotos","Listado","Priorat","pueblos","Siurana","Tarragona"],"articleSection":["Destinos"],"inLanguage":"es","potentialAction":[{"@type":"CommentAction","name":"Comment","target":["https:\/\/www.escapadarural.com\/blog\/10-fotos-para-desear-ir-a-siurana\/#respond"]}]},{"@type":"WebPage","@id":"https:\/\/www.escapadarural.com\/blog\/10-fotos-para-desear-ir-a-siurana\/","url":"https:\/\/www.escapadarural.com\/blog\/10-fotos-para-desear-ir-a-siurana\/","name":"10 fotos para desear ir a Siurana de Prades - EscapadaRural","isPartOf":{"@id":"https:\/\/www.escapadarural.com\/blog\/#website"},"primaryImageOfPage":{"@id":"https:\/\/www.escapadarural.com\/blog\/10-fotos-para-desear-ir-a-siurana\/#primaryimage"},"image":{"@id":"https:\/\/www.escapadarural.com\/blog\/10-fotos-para-desear-ir-a-siurana\/#primaryimage"},"thumbnailUrl":"https:\/\/www.escapadarural.com\/blog\/wp-content\/uploads\/2024\/10\/siurana-10-2.jpg","datePublished":"2019-08-26T09:00:32+00:00","dateModified":"2025-08-08T11:38:45+00:00","breadcrumb":{"@id":"https:\/\/www.escapadarural.com\/blog\/10-fotos-para-desear-ir-a-siurana\/#breadcrumb"},"inLanguage":"es","potentialAction":[{"@type":"ReadAction","target":["https:\/\/www.escapadarural.com\/blog\/10-fotos-para-desear-ir-a-siurana\/"]}]},{"@type":"ImageObject","inLanguage":"es","@id":"https:\/\/www.escapadarural.com\/blog\/10-fotos-para-desear-ir-a-siurana\/#primaryimage","url":"https:\/\/www.escapadarural.com\/blog\/wp-content\/uploads\/2024\/10\/siurana-10-2.jpg","contentUrl":"https:\/\/www.escapadarural.com\/blog\/wp-content\/uploads\/2024\/10\/siurana-10-2.jpg","width":1000,"height":667,"caption":"Siurana"},{"@type":"BreadcrumbList","@id":"https:\/\/www.escapadarural.com\/blog\/10-fotos-para-desear-ir-a-siurana\/#breadcrumb","itemListElement":[{"@type":"ListItem","position":1,"name":"Inicio","item":"https:\/\/www.escapadarural.com\/blog\/"},{"@type":"ListItem","position":2,"name":"Destinos","item":"https:\/\/www.escapadarural.com\/blog\/categoria\/destinos\/"},{"@type":"ListItem","position":3,"name":"10 fotos para desear ir a Siurana de Prades"}]},{"@type":"WebSite","@id":"https:\/\/www.escapadarural.com\/blog\/#website","url":"https:\/\/www.escapadarural.com\/blog\/","name":"Blog de viajes | turismo rural, alojamientos e inspiraci\u00f3n","description":"Alojamientos rurales e inspiraci\u00f3n para tus escapadas","publisher":{"@id":"https:\/\/www.escapadarural.com\/blog\/#organization"},"alternateName":"Magazine de viajes de EscapadaRural","potentialAction":[{"@type":"SearchAction","target":{"@type":"EntryPoint","urlTemplate":"https:\/\/www.escapadarural.com\/blog\/?s={search_term_string}"},"query-input":{"@type":"PropertyValueSpecification","valueRequired":true,"valueName":"search_term_string"}}],"inLanguage":"es"},{"@type":"Organization","@id":"https:\/\/www.escapadarural.com\/blog\/#organization","name":"EscapadaRural","url":"https:\/\/www.escapadarural.com\/blog\/","logo":{"@type":"ImageObject","inLanguage":"es","@id":"https:\/\/www.escapadarural.com\/blog\/#\/schema\/logo\/image\/","url":"https:\/\/www.escapadarural.com\/blog\/wp-content\/uploads\/2024\/10\/cropped-cropped-escapada-rural-icon-mag-3.png","contentUrl":"https:\/\/www.escapadarural.com\/blog\/wp-content\/uploads\/2024\/10\/cropped-cropped-escapada-rural-icon-mag-3.png","width":512,"height":512,"caption":"EscapadaRural"},"image":{"@id":"https:\/\/www.escapadarural.com\/blog\/#\/schema\/logo\/image\/"},"sameAs":["https:\/\/www.facebook.com\/escapadarural","https:\/\/www.instagram.com\/escapadarural\/","https:\/\/www.youtube.com\/@escapadaruralcom"]},{"@type":"Person","@id":"https:\/\/www.escapadarural.com\/blog\/#\/schema\/person\/a9b46ae4d047d8a2c719f31e75206cff","name":"Laura Fern\u00e1ndez","image":{"@type":"ImageObject","inLanguage":"es","@id":"https:\/\/www.escapadarural.com\/blog\/wp-content\/uploads\/2025\/01\/cropped-laura_raponchii-96x96.jpg","url":"https:\/\/www.escapadarural.com\/blog\/wp-content\/uploads\/2025\/01\/cropped-laura_raponchii-96x96.jpg","contentUrl":"https:\/\/www.escapadarural.com\/blog\/wp-content\/uploads\/2025\/01\/cropped-laura_raponchii-96x96.jpg","caption":"Laura Fern\u00e1ndez"},"description":"Periodista, blogger y viajera. No necesariamente en ese orden. En ocasiones me despierto sin saber d\u00f3nde estoy. Adicta a los c\u00f3mics y a los noodles con salsa de cacahuete. Redactora en @escapadarural, colaboradora en la Conde Nast Traveler y en la Divinity. Mi casa: Meridiano180.","sameAs":["http:\/\/www.meridiano180.com\/"],"url":"https:\/\/www.escapadarural.com\/blog\/autor\/laura\/"}]}},"_links":{"self":[{"href":"https:\/\/www.escapadarural.com\/blog\/wp-json\/wp\/v2\/posts\/10006","targetHints":{"allow":["GET"]}}],"collection":[{"href":"https:\/\/www.escapadarural.com\/blog\/wp-json\/wp\/v2\/posts"}],"about":[{"href":"https:\/\/www.escapadarural.com\/blog\/wp-json\/wp\/v2\/types\/post"}],"author":[{"embeddable":true,"href":"https:\/\/www.escapadarural.com\/blog\/wp-json\/wp\/v2\/users\/89"}],"replies":[{"embeddable":true,"href":"https:\/\/www.escapadarural.com\/blog\/wp-json\/wp\/v2\/comments?post=10006"}],"version-history":[{"count":0,"href":"https:\/\/www.escapadarural.com\/blog\/wp-json\/wp\/v2\/posts\/10006\/revisions"}],"wp:featuredmedia":[{"embeddable":true,"href":"https:\/\/www.escapadarural.com\/blog\/wp-json\/wp\/v2\/media\/90194"}],"wp:attachment":[{"href":"https:\/\/www.escapadarural.com\/blog\/wp-json\/wp\/v2\/media?parent=10006"}],"wp:term":[{"taxonomy":"category","embeddable":true,"href":"https:\/\/www.escapadarural.com\/blog\/wp-json\/wp\/v2\/categories?post=10006"},{"taxonomy":"post_tag","embeddable":true,"href":"https:\/\/www.escapadarural.com\/blog\/wp-json\/wp\/v2\/tags?post=10006"}],"curies":[{"name":"wp","href":"https:\/\/api.w.org\/{rel}","templated":true}]}}