{"id":10200,"date":"2018-09-12T13:26:01","date_gmt":"2018-09-12T13:26:01","guid":{"rendered":"http:\/\/15.188.81.248\/2018\/09\/12\/la-ruta-omeya-de-portugal\/"},"modified":"2025-01-16T14:37:41","modified_gmt":"2025-01-16T12:37:41","slug":"la-ruta-omeya-de-portugal","status":"publish","type":"post","link":"https:\/\/www.escapadarural.com\/blog\/la-ruta-omeya-de-portugal\/","title":{"rendered":"La Ruta Omeya de Portugal"},"content":{"rendered":"\n<figure class=\"wp-block-image size-large\"><a href=\"https:\/\/www.escapadarural.com\/blog\/wp-content\/uploads\/2018\/09\/medina_azahara_cordoba_132450549-1.jpg\"><img decoding=\"async\" src=\"https:\/\/www.escapadarural.com\/blog\/wp-content\/uploads\/2018\/09\/medina_azahara_cordoba_132450549-1-1024x621.jpg\" alt=\"Medina Azahara\" class=\"wp-image-26041\"\/><\/a><figcaption class=\"wp-element-caption\">Medina Azahara, en C\u00f3rdoba. Por OlegMit<\/figcaption><\/figure>\n\n\n\n<blockquote class=\"wp-block-quote is-layout-flow wp-block-quote-is-layout-flow\">\n<p><em>Nada m\u00e1s bello, andaluces,<\/em><br><em>que vuestras huertas frondosas,<\/em><br><em>jardines, bosques y r\u00edos,<\/em><br><em>y claras fuentes sonoras.<\/em><\/p>\n<cite><strong>Ibn Jafacha<\/strong>,&nbsp;<em>el jardinero<\/em>&nbsp;(1058-1139, Alzira, Valencia), en&nbsp;<em>El Jard\u00edn de Al-Andalus<\/em><\/cite><\/blockquote>\n\n\n\n<p>Preparando el texto sobre la <strong><em>Rota Omeya<\/em><\/strong> que une actualmente 7 pa\u00edses del mediterr\u00e1neo (Espa\u00f1a, Portugal Italia, T\u00fanez, Egipto, L\u00edbano y Jordania), he regresado a un libro resultado de la magn\u00edfica exposici\u00f3n que tuvo lugar en el 2001 en Medina Al-Zahra, en C\u00f3rdoba: <em>El esplendor de los Omeyas cordobeses. La civilizaci\u00f3n musulmana de Europa Occidental<\/em>.<\/p>\n\n\n\n<p>Y confieso que se me empa\u00f1aron los ojos leyendo las palabras de la ministra de Cultura Siria de entonces, Maha Qannout: \u00abEsta exposici\u00f3n s\u00f3lo es un sencillo mensaje de la historia de Siria, de la civilizaci\u00f3n siria y del pueblo sirio, dirigida a vosotros y al mundo, al siglo XXI. Un mensaje que reza: La civilizaci\u00f3n del Hombre es lo que queda, su acci\u00f3n civilizadora y creativa es lo que debe persistir porque significa la inmortalidad la permanencia.\u201d.<\/p>\n\n\n\n<p>Que cruel ha sido y sigue siendo el siglo XXI para Siria y su legado cultural. No he podido dejar de pensar \u00bfqu\u00e9 habr\u00e1 pasado con la mezquita Omeya, llamada Mayor, de <strong>Damasco<\/strong>? \u00bfY con todo el patrimonio que hac\u00eda de ese pa\u00eds uno de los guardianes de la historia de la humanidad? Y me ha parecido m\u00e1s pertinente a\u00fan, hablar sobre el legado com\u00fan que tenemos con ese pa\u00eds, esa patria de todos.<\/p>\n\n\n\n<p>Antes de entrar en <strong>la Routa Omeya de la Pen\u00ednsula ib\u00e9rica<\/strong>, hagamos un poco de memoria hist\u00f3rica sobre Los Omeyas de C\u00f3rdoba, fundadores del Emirato y m\u00e1s tarde Califato del Al-Andaluz.<\/p>\n\n\n\n<!--more-->\n\n\n\n<h2 class=\"wp-block-heading title-rute\">Apuntes sobre el Imperio Omeya<\/h2>\n\n\n\n<figure class=\"wp-block-image size-large\"><a href=\"https:\/\/www.escapadarural.com\/blog\/wp-content\/uploads\/2018\/09\/medina_azahara_cordoba_2_94278178-1.jpg\"><img decoding=\"async\" src=\"https:\/\/www.escapadarural.com\/blog\/wp-content\/uploads\/2018\/09\/medina_azahara_cordoba_2_94278178-1-1024x759.jpg\" alt=\"Medina Azahara\" class=\"wp-image-26040\"\/><\/a><figcaption class=\"wp-element-caption\">Medina Azahara, en C\u00f3rdoba. Por ilcondor<\/figcaption><\/figure>\n\n\n\n<p>Los <strong>Omeyas<\/strong> son los descendientes del imperio musulm\u00e1n, que inici\u00f3 su expansi\u00f3n el a\u00f1o 628, todav\u00eda bajo el mando del profeta Mahoma. De forma algo incre\u00edble y a la vez inesperada, acaba extendi\u00e9ndose de la Pen\u00ednsula ar\u00e1biga a 3 continentes, Asia, \u00c1frica y Europa, en lo que es considerado un hecho hist\u00f3rico de lo m\u00e1s extraordinario, por las dimensiones y el tiempo r\u00e9cord en conseguirlo, \u00a1un siglo aproximadamente!<\/p>\n\n\n\n<p>La <strong>dinast\u00eda Omeya<\/strong> es fundada en el a\u00f1o 661 por el Califa Muauiya I, que escoge Damasco como capital, y fueron los Omeyas los que hicieron del <strong><em>Al-Andalus<\/em><\/strong> el para\u00edso so\u00f1ado y cantado por tantas generaciones de poetas \u00e1rabes.<\/p>\n\n\n\n<p>En el a\u00f1o 750 los <strong>abas\u00edes <\/strong>toman Damasco, aprovechando el desgaste del Imperio Omeya. Una noche invitan a varios miembros de la familia Omeya para un banquete y asesinan a la mayor\u00eda. Entre los supervivientes se encuentra Abderram\u00e1n I, un hombre singular que, huyendo por el Norte de \u00c1frica, llega a la Pen\u00ednsula ib\u00e9rica en el 755.<\/p>\n\n\n\n<p>La presencia musulmana se sintio en la Pen\u00ednsula desde el a\u00f1o 711, cuando Yabal Tariq desembarc\u00f3 en el monte que recibir\u00eda su nombre, <strong>Gibraltar<\/strong>, conquistando la pen\u00ednsula a los visigodos. Pero fue Abderram\u00e1n I quien proclam\u00f3, en el 756, el Emirato Omeya de C\u00f3rdoba, m\u00e1s tarde Califato Omeya de Al-Andalus, manteniendo viva <strong>en C\u00f3rdoba la herencia de Damasco<\/strong>.<\/p>\n\n\n\n<p>De ese inmenso imperio y de su presencia en nuestros pa\u00edses, nos ha quedado un legado cultural imborrable y a la vez olvidado. El alto nivel de las ciencias (astronom\u00eda, medicina, matem\u00e1tica), las t\u00e9cnicas agr\u00edcolas o de navegaci\u00f3n, la literatura y la poes\u00eda, como tambi\u00e9n la arquitectura del per\u00edodo Omeya, aun hoy marcan el paisaje f\u00edsico y a la vez on\u00edrico de nuestras culturas mediterr\u00e1neas en general e ib\u00e9ricas en particular.<\/p>\n\n\n\n<h2 class=\"wp-block-heading title-rute\">La Ruta Omeya<\/h2>\n\n\n\n<figure class=\"wp-block-image size-large\"><a href=\"https:\/\/www.escapadarural.com\/blog\/wp-content\/uploads\/2018\/09\/Tavira_140619363-1.jpg\"><img decoding=\"async\" src=\"https:\/\/www.escapadarural.com\/blog\/wp-content\/uploads\/2018\/09\/Tavira_140619363-1-1024x683.jpg\" alt=\"Tavira\" class=\"wp-image-26039\"\/><\/a><figcaption class=\"wp-element-caption\">Puente romano de Tavira. Por digitalsignal<\/figcaption><\/figure>\n\n\n\n<p>La Rota Omeya que ha sido iniciada en el a\u00f1o 2012 pretende traer a la luz esos lazos a trav\u00e9s de un recorrido por el Mediterr\u00e1neo. En Espa\u00f1a pasa por ciudades como Almu\u00f1\u00e9car, Granada, C\u00f3rdoba y Sevilla, entre muchas otras. En Portugal la ruta se centra en Alentejo (Costa Vicentina) y el Algarve, que recibe su nombre del \u00e1rabe <em>Al-Garbh<\/em> u \u00aboccidente\u00bb, donde la presencia Omeya se hizo sentir hasta el a\u00f1o 1031.<\/p>\n\n\n\n<p>Aqu\u00ed hablar\u00e9 de mis lugares preferidos de la ruta y los que considero imprescindibles para visitar. Empiezo por la magn\u00edfica ciudad de <strong>Vila Real de Santo Ant\u00f3nio<\/strong> (Portugal), ciudad de frontera sobre el r\u00edo Guadiana, cuyo centro hist\u00f3rico, construido despu\u00e9s del gran terremoto de 1755, sigue la traza pombalina, as\u00ed denominado por haber sido implementado por el primer ministro de Portugal el Marqu\u00e9s de Pombal, responsable de la reconstrucci\u00f3n del pa\u00eds despu\u00e9s del fat\u00eddico acontecimiento. Con su gran plaza y sus calles en escuadra perfecta mirando hacia el mar y el Guadiana, Vila Real es sin duda el lugar ideal para iniciar el recorrido.<\/p>\n\n\n\n<figure class=\"wp-block-image size-large\"><a href=\"https:\/\/www.escapadarural.com\/blog\/wp-content\/uploads\/2018\/09\/cacela_velha_165293132-1.jpg\"><img decoding=\"async\" src=\"https:\/\/www.escapadarural.com\/blog\/wp-content\/uploads\/2018\/09\/cacela_velha_165293132-1-1024x683.jpg\" alt=\"Cacela Velha\" class=\"wp-image-26038\"\/><\/a><figcaption class=\"wp-element-caption\">Cacela Velha. Por F8studio<\/figcaption><\/figure>\n\n\n\n<p>De aqu\u00ed a <strong>Cacela Velha<\/strong>, es un salto, y llegamos a un peque\u00f1o pueblo de pescadores que con sus casas terreas pintadas de blanco nos recuerdan la esencia mediterr\u00e1nea de la regi\u00f3n. En \u00e9poca Omeya, ser\u00eda ya un centro urbano con alguna importancia. <em>Al-Idrisi<\/em>, en el siglo XII, la describe as\u00ed: \u201cQast&#8217;alla es una fortaleza construida en la orilla del mar; est\u00e1 bien poblada, y en ella hay muchos jardines y vergeles plantados de higueras\u201d.<\/p>\n\n\n\n<figure class=\"wp-block-image size-large\"><a href=\"https:\/\/www.escapadarural.com\/blog\/wp-content\/uploads\/2018\/09\/cacela_velha_176887217-1.jpg\"><img decoding=\"async\" src=\"https:\/\/www.escapadarural.com\/blog\/wp-content\/uploads\/2018\/09\/cacela_velha_176887217-1-1024x683.jpg\" alt=\"Cacela Velha\" class=\"wp-image-26037\"\/><\/a><figcaption class=\"wp-element-caption\">Cacela velha. Por e55evu<\/figcaption><\/figure>\n\n\n\n<p>Es de Cacela el que por muchos es considerado <strong>el gran poeta de <em>Al-Andalus<\/em><\/strong>: Ahmad b. Darraj al-Qastalli y, por si fuera poco, hoy d\u00eda las vistas de su fortaleza est\u00e1n consideradas como de las m\u00e1s bellas del Algarve oriental.<\/p>\n\n\n\n<p><strong>Tavira<\/strong>, del \u00e1rabe <em>Al-Tabira<\/em>, y <strong>Faro<\/strong>, antigua Santamaria del Al-Garb y posteriormente Santa Mar\u00eda de Ibn Harun, ser\u00edan las pr\u00f3ximas ciudades que visitar. Tavira es sin duda, una de las ciudades m\u00e1s bonitas del Algarve siendo su centro hist\u00f3rico, con su puente romano sobre el r\u00edo Gil\u00e3o, que une las dos orillas de la ciudad y su castillo, con vistas sobre la ciudad, visitas obligadas. En su museo est\u00e1 el famoso \u201cVaso de Tavira\u201d, pieza musulmana datada del siglo XI con fuerte simbolismo y que es uno de los <em>ex-libris<\/em> de la presencia musulmana en la regi\u00f3n.<\/p>\n\n\n\n<figure class=\"wp-block-image size-large\"><a href=\"https:\/\/www.escapadarural.com\/blog\/wp-content\/uploads\/2018\/09\/Tavira_206374387-1.jpg\"><img decoding=\"async\" src=\"https:\/\/www.escapadarural.com\/blog\/wp-content\/uploads\/2018\/09\/Tavira_206374387-1-1024x683.jpg\" alt=\"Tavira\" class=\"wp-image-26036\"\/><\/a><figcaption class=\"wp-element-caption\">Tavira. Por Lux Blue<\/figcaption><\/figure>\n\n\n\n<figure class=\"wp-block-image size-large\"><a href=\"https:\/\/www.escapadarural.com\/blog\/wp-content\/uploads\/2018\/09\/Tavira_130366622-1.jpg\"><img decoding=\"async\" src=\"https:\/\/www.escapadarural.com\/blog\/wp-content\/uploads\/2018\/09\/Tavira_130366622-1-1024x683.jpg\" alt=\"Tavira\" class=\"wp-image-26035\"\/><\/a><figcaption class=\"wp-element-caption\">Tavira. Por e55evu<\/figcaption><\/figure>\n\n\n\n<p>De Faro dice Al-Idrisi: \u00abSanta Mar\u00eda de Occidente est\u00e1 edificada en la orilla del mar y el mar viene a golpear sus murallas. Es de tama\u00f1o mediano y muy bonita. Tiene una Mezquita principal y una asamblea de notables. Por su puerto entran y salen nav\u00edos\u201d. Las murallas son en gran parte de \u00e9poca musulmana y su <strong>Puerta de la Villa<\/strong> est\u00e1 considerada la m\u00e1s antigua puerta isl\u00e1mica del pa\u00eds.<\/p>\n\n\n\n<figure class=\"wp-block-image size-large\"><a href=\"https:\/\/www.escapadarural.com\/blog\/wp-content\/uploads\/2018\/09\/Faro_176872811-1.jpg\"><img decoding=\"async\" src=\"https:\/\/www.escapadarural.com\/blog\/wp-content\/uploads\/2018\/09\/Faro_176872811-1-1024x683.jpg\" alt=\"Faro\" class=\"wp-image-26034\"\/><\/a><figcaption class=\"wp-element-caption\">Faro. Por Olga<\/figcaption><\/figure>\n\n\n\n<p>No podemos dejar de referir las murallas de <strong>Loul\u00e9<\/strong> o el castillo de Padrene, que a\u00fan hoy impresiona por su grandiosidad y estado de conservaci\u00f3n, en el camino hacia Silves, <em>Shilb<\/em>, la capital de la regi\u00f3n en el per\u00edodo andalus\u00ed. Elogiada por los cronistas de la Antig\u00fcedad, por su medina, sus murallas (uno de los monumentos musulmanes m\u00e1s importantes de Portugal), sus bazares y el refinamiento de su estilo de vida.<\/p>\n\n\n\n<figure class=\"wp-block-image size-large\"><a href=\"https:\/\/www.escapadarural.com\/blog\/wp-content\/uploads\/2018\/09\/loule_36148152-1.jpg\"><img decoding=\"async\" src=\"https:\/\/www.escapadarural.com\/blog\/wp-content\/uploads\/2018\/09\/loule_36148152-1-1024x683.jpg\" alt=\"Loul\u00e9\" class=\"wp-image-26033\"\/><\/a><figcaption class=\"wp-element-caption\">Loul\u00e9. Por blende40<\/figcaption><\/figure>\n\n\n\n<p>Finalmente, acabar\u00edamos el recorrido en <strong>Vila do Bispo<\/strong>, ya en la costa Vicentina de Alentejo. Su litoral est\u00e1 integrado en el Parque Natural del Sudoeste Alentejano y Costa Vicentina, con m\u00e1s de 110 km de playas y paisajes naturales \u00fanicos. Ah\u00ed se localiza uno de los locales m\u00e1s m\u00edsticos y profundamente asociado a la historia de Portugal: <strong>Sagres<\/strong>.<\/p>\n\n\n\n<p>Su fortaleza y promontorio fueron parte esencial de la etapa de expansi\u00f3n de Portugal por el mundo, en los siglos XV y XVI. Lo que es curioso es pensar que en \u00e9poca musulmana se peregrinaba a este lugar, a lo mejor por la fuerza y belleza que la naturaleza nos brinda o quiz\u00e1s por el amor al descubrimiento y la curiosidad de lo que habr\u00eda m\u00e1s all\u00e1 del <em>Al Bahr al A\u2019dham al-Gharbi<\/em> (el gran mar del Algarve).<\/p>\n\n\n\n<p>Podr\u00edamos seguir camino hac\u00eda M\u00e9rtola, Beja y \u00c9vora en Alentejo, pero eso son otras rutas, otras herencias, la de los Almor\u00e1vides, dinast\u00eda africana, mora, originaria del Sudoeste del S\u00e1hara y del Sahel. \u00a1Lo veremos en la pr\u00f3xima escapada!<\/p>\n","protected":false},"excerpt":{"rendered":"<p>La Rota Omeya, iniciada en el 2012, pretende traer a la luz los lazos que unen los pueblos mediterr\u00e1neos a trav\u00e9s de la cultura Omeya<\/p>\n","protected":false},"author":113,"featured_media":104244,"comment_status":"open","ping_status":"closed","sticky":false,"template":"","format":"standard","meta":{"_acf_changed":false,"om_disable_all_campaigns":false,"footnotes":""},"categories":[1379],"tags":[2143,2144,2145,538,2146,2147,2148,2149,2150],"class_list":["post-10200","post","type-post","status-publish","format-standard","has-post-thumbnail","hentry","category-rutas-y-excursiones","tag-cacela-velha","tag-faro","tag-loule","tag-portugal","tag-ruta-omeya","tag-santa-maria-de-ibn-harun","tag-tavira","tag-vila-do-bispo","tag-vila-real-de-santo-antonio"],"acf":[],"featured_image_src":"https:\/\/www.escapadarural.com\/blog\/wp-content\/uploads\/2024\/10\/medina_azahara_cordoba_132450549-1-1024x621-3.jpg","author_info":{"display_name":"Sofia Fonseca","author_link":"https:\/\/www.escapadarural.com\/blog\/autor\/sofia\/"},"yoast_head":"<!-- This site is optimized with the Yoast SEO plugin v27.5 - https:\/\/yoast.com\/product\/yoast-seo-wordpress\/ -->\n<title>La Ruta Omeya de Portugal - EscapadaRural<\/title>\n<meta name=\"robots\" content=\"index, follow, max-snippet:-1, max-image-preview:large, max-video-preview:-1\" \/>\n<link rel=\"canonical\" href=\"https:\/\/www.escapadarural.com\/blog\/la-ruta-omeya-de-portugal\/\" \/>\n<meta property=\"og:locale\" content=\"es_ES\" \/>\n<meta property=\"og:type\" content=\"article\" \/>\n<meta property=\"og:title\" content=\"La Ruta Omeya de Portugal - EscapadaRural\" \/>\n<meta property=\"og:description\" content=\"La Rota Omeya, iniciada en el 2012, pretende traer a la luz los lazos que unen los pueblos mediterr\u00e1neos a trav\u00e9s de la cultura Omeya\" \/>\n<meta property=\"og:url\" content=\"https:\/\/www.escapadarural.com\/blog\/la-ruta-omeya-de-portugal\/\" \/>\n<meta property=\"og:site_name\" content=\"Magazine de viajes de EscapadaRural\" \/>\n<meta property=\"article:publisher\" content=\"https:\/\/www.facebook.com\/escapadarural\" \/>\n<meta property=\"article:published_time\" content=\"2018-09-12T13:26:01+00:00\" \/>\n<meta property=\"article:modified_time\" content=\"2025-01-16T12:37:41+00:00\" \/>\n<meta property=\"og:image\" content=\"https:\/\/www.escapadarural.com\/blog\/wp-content\/uploads\/2024\/10\/medina_azahara_cordoba_132450549-1-1024x621-3.jpg\" \/>\n\t<meta property=\"og:image:width\" content=\"1024\" \/>\n\t<meta property=\"og:image:height\" content=\"621\" \/>\n\t<meta property=\"og:image:type\" content=\"image\/jpeg\" \/>\n<meta name=\"author\" content=\"Sofia Fonseca\" \/>\n<meta name=\"twitter:card\" content=\"summary_large_image\" \/>\n<meta name=\"twitter:label1\" content=\"Escrito por\" \/>\n\t<meta name=\"twitter:data1\" content=\"Sofia Fonseca\" \/>\n\t<meta name=\"twitter:label2\" content=\"Tiempo de lectura\" \/>\n\t<meta name=\"twitter:data2\" content=\"7 minutos\" \/>\n<script type=\"application\/ld+json\" class=\"yoast-schema-graph\">{\"@context\":\"https:\\\/\\\/schema.org\",\"@graph\":[{\"@type\":\"Article\",\"@id\":\"https:\\\/\\\/www.escapadarural.com\\\/blog\\\/la-ruta-omeya-de-portugal\\\/#article\",\"isPartOf\":{\"@id\":\"https:\\\/\\\/www.escapadarural.com\\\/blog\\\/la-ruta-omeya-de-portugal\\\/\"},\"author\":{\"name\":\"Sofia Fonseca\",\"@id\":\"https:\\\/\\\/www.escapadarural.com\\\/blog\\\/#\\\/schema\\\/person\\\/a06660b8fae82f331b2ad92327d449e1\"},\"headline\":\"La Ruta Omeya de Portugal\",\"datePublished\":\"2018-09-12T13:26:01+00:00\",\"dateModified\":\"2025-01-16T12:37:41+00:00\",\"mainEntityOfPage\":{\"@id\":\"https:\\\/\\\/www.escapadarural.com\\\/blog\\\/la-ruta-omeya-de-portugal\\\/\"},\"wordCount\":1442,\"commentCount\":0,\"publisher\":{\"@id\":\"https:\\\/\\\/www.escapadarural.com\\\/blog\\\/#organization\"},\"image\":{\"@id\":\"https:\\\/\\\/www.escapadarural.com\\\/blog\\\/la-ruta-omeya-de-portugal\\\/#primaryimage\"},\"thumbnailUrl\":\"https:\\\/\\\/www.escapadarural.com\\\/blog\\\/wp-content\\\/uploads\\\/2024\\\/10\\\/medina_azahara_cordoba_132450549-1-1024x621-3.jpg\",\"keywords\":[\"Cacela Velha\",\"Faro\",\"Loul\u00e9\",\"portugal\",\"Ruta Omeya\",\"Santa Mar\u00eda de Ibn Harun\",\"Tavira\",\"Vila do Bispo\",\"Vila Real de Santo Ant\u00f3nio\"],\"articleSection\":[\"Rutas y excursiones\"],\"inLanguage\":\"es\",\"potentialAction\":[{\"@type\":\"CommentAction\",\"name\":\"Comment\",\"target\":[\"https:\\\/\\\/www.escapadarural.com\\\/blog\\\/la-ruta-omeya-de-portugal\\\/#respond\"]}]},{\"@type\":\"WebPage\",\"@id\":\"https:\\\/\\\/www.escapadarural.com\\\/blog\\\/la-ruta-omeya-de-portugal\\\/\",\"url\":\"https:\\\/\\\/www.escapadarural.com\\\/blog\\\/la-ruta-omeya-de-portugal\\\/\",\"name\":\"La Ruta Omeya de Portugal - EscapadaRural\",\"isPartOf\":{\"@id\":\"https:\\\/\\\/www.escapadarural.com\\\/blog\\\/#website\"},\"primaryImageOfPage\":{\"@id\":\"https:\\\/\\\/www.escapadarural.com\\\/blog\\\/la-ruta-omeya-de-portugal\\\/#primaryimage\"},\"image\":{\"@id\":\"https:\\\/\\\/www.escapadarural.com\\\/blog\\\/la-ruta-omeya-de-portugal\\\/#primaryimage\"},\"thumbnailUrl\":\"https:\\\/\\\/www.escapadarural.com\\\/blog\\\/wp-content\\\/uploads\\\/2024\\\/10\\\/medina_azahara_cordoba_132450549-1-1024x621-3.jpg\",\"datePublished\":\"2018-09-12T13:26:01+00:00\",\"dateModified\":\"2025-01-16T12:37:41+00:00\",\"breadcrumb\":{\"@id\":\"https:\\\/\\\/www.escapadarural.com\\\/blog\\\/la-ruta-omeya-de-portugal\\\/#breadcrumb\"},\"inLanguage\":\"es\",\"potentialAction\":[{\"@type\":\"ReadAction\",\"target\":[\"https:\\\/\\\/www.escapadarural.com\\\/blog\\\/la-ruta-omeya-de-portugal\\\/\"]}]},{\"@type\":\"ImageObject\",\"inLanguage\":\"es\",\"@id\":\"https:\\\/\\\/www.escapadarural.com\\\/blog\\\/la-ruta-omeya-de-portugal\\\/#primaryimage\",\"url\":\"https:\\\/\\\/www.escapadarural.com\\\/blog\\\/wp-content\\\/uploads\\\/2024\\\/10\\\/medina_azahara_cordoba_132450549-1-1024x621-3.jpg\",\"contentUrl\":\"https:\\\/\\\/www.escapadarural.com\\\/blog\\\/wp-content\\\/uploads\\\/2024\\\/10\\\/medina_azahara_cordoba_132450549-1-1024x621-3.jpg\",\"width\":1024,\"height\":621,\"caption\":\"Ruinas de una antigua estructura de piedra con arcos rodeada de \u00e1rboles verdes, con un tel\u00f3n de fondo de tierras de labranza, campos y lejanas colinas ondulantes bajo un cielo parcialmente nublado.\"},{\"@type\":\"BreadcrumbList\",\"@id\":\"https:\\\/\\\/www.escapadarural.com\\\/blog\\\/la-ruta-omeya-de-portugal\\\/#breadcrumb\",\"itemListElement\":[{\"@type\":\"ListItem\",\"position\":1,\"name\":\"Inicio\",\"item\":\"https:\\\/\\\/www.escapadarural.com\\\/blog\\\/\"},{\"@type\":\"ListItem\",\"position\":2,\"name\":\"Rutas y excursiones\",\"item\":\"https:\\\/\\\/www.escapadarural.com\\\/blog\\\/categoria\\\/rutas-y-excursiones\\\/\"},{\"@type\":\"ListItem\",\"position\":3,\"name\":\"La Ruta Omeya de Portugal\"}]},{\"@type\":\"WebSite\",\"@id\":\"https:\\\/\\\/www.escapadarural.com\\\/blog\\\/#website\",\"url\":\"https:\\\/\\\/www.escapadarural.com\\\/blog\\\/\",\"name\":\"Blog de viajes | turismo rural, alojamientos e inspiraci\u00f3n\",\"description\":\"Alojamientos rurales e inspiraci\u00f3n para tus escapadas\",\"publisher\":{\"@id\":\"https:\\\/\\\/www.escapadarural.com\\\/blog\\\/#organization\"},\"alternateName\":\"Magazine de viajes de EscapadaRural\",\"potentialAction\":[{\"@type\":\"SearchAction\",\"target\":{\"@type\":\"EntryPoint\",\"urlTemplate\":\"https:\\\/\\\/www.escapadarural.com\\\/blog\\\/?s={search_term_string}\"},\"query-input\":{\"@type\":\"PropertyValueSpecification\",\"valueRequired\":true,\"valueName\":\"search_term_string\"}}],\"inLanguage\":\"es\"},{\"@type\":\"Organization\",\"@id\":\"https:\\\/\\\/www.escapadarural.com\\\/blog\\\/#organization\",\"name\":\"EscapadaRural\",\"url\":\"https:\\\/\\\/www.escapadarural.com\\\/blog\\\/\",\"logo\":{\"@type\":\"ImageObject\",\"inLanguage\":\"es\",\"@id\":\"https:\\\/\\\/www.escapadarural.com\\\/blog\\\/#\\\/schema\\\/logo\\\/image\\\/\",\"url\":\"https:\\\/\\\/www.escapadarural.com\\\/blog\\\/wp-content\\\/uploads\\\/2024\\\/10\\\/cropped-cropped-escapada-rural-icon-mag-3.png\",\"contentUrl\":\"https:\\\/\\\/www.escapadarural.com\\\/blog\\\/wp-content\\\/uploads\\\/2024\\\/10\\\/cropped-cropped-escapada-rural-icon-mag-3.png\",\"width\":512,\"height\":512,\"caption\":\"EscapadaRural\"},\"image\":{\"@id\":\"https:\\\/\\\/www.escapadarural.com\\\/blog\\\/#\\\/schema\\\/logo\\\/image\\\/\"},\"sameAs\":[\"https:\\\/\\\/www.facebook.com\\\/escapadarural\",\"https:\\\/\\\/www.instagram.com\\\/escapadarural\\\/\",\"https:\\\/\\\/www.youtube.com\\\/@escapadaruralcom\"]},{\"@type\":\"Person\",\"@id\":\"https:\\\/\\\/www.escapadarural.com\\\/blog\\\/#\\\/schema\\\/person\\\/a06660b8fae82f331b2ad92327d449e1\",\"name\":\"Sofia Fonseca\",\"image\":{\"@type\":\"ImageObject\",\"inLanguage\":\"es\",\"@id\":\"https:\\\/\\\/secure.gravatar.com\\\/avatar\\\/dcb7a861e3261978173ee2436cbc1fe25c5c6543b8439d08346c9c2cfb852b46?s=96&d=mm&r=g\",\"url\":\"https:\\\/\\\/secure.gravatar.com\\\/avatar\\\/dcb7a861e3261978173ee2436cbc1fe25c5c6543b8439d08346c9c2cfb852b46?s=96&d=mm&r=g\",\"contentUrl\":\"https:\\\/\\\/secure.gravatar.com\\\/avatar\\\/dcb7a861e3261978173ee2436cbc1fe25c5c6543b8439d08346c9c2cfb852b46?s=96&d=mm&r=g\",\"caption\":\"Sofia Fonseca\"},\"url\":\"https:\\\/\\\/www.escapadarural.com\\\/blog\\\/autor\\\/sofia\\\/\"}]}<\/script>\n<!-- \/ Yoast SEO plugin. -->","yoast_head_json":{"title":"La Ruta Omeya de Portugal - EscapadaRural","robots":{"index":"index","follow":"follow","max-snippet":"max-snippet:-1","max-image-preview":"max-image-preview:large","max-video-preview":"max-video-preview:-1"},"canonical":"https:\/\/www.escapadarural.com\/blog\/la-ruta-omeya-de-portugal\/","og_locale":"es_ES","og_type":"article","og_title":"La Ruta Omeya de Portugal - EscapadaRural","og_description":"La Rota Omeya, iniciada en el 2012, pretende traer a la luz los lazos que unen los pueblos mediterr\u00e1neos a trav\u00e9s de la cultura Omeya","og_url":"https:\/\/www.escapadarural.com\/blog\/la-ruta-omeya-de-portugal\/","og_site_name":"Magazine de viajes de EscapadaRural","article_publisher":"https:\/\/www.facebook.com\/escapadarural","article_published_time":"2018-09-12T13:26:01+00:00","article_modified_time":"2025-01-16T12:37:41+00:00","og_image":[{"width":1024,"height":621,"url":"https:\/\/www.escapadarural.com\/blog\/wp-content\/uploads\/2024\/10\/medina_azahara_cordoba_132450549-1-1024x621-3.jpg","type":"image\/jpeg"}],"author":"Sofia Fonseca","twitter_card":"summary_large_image","twitter_misc":{"Escrito por":"Sofia Fonseca","Tiempo de lectura":"7 minutos"},"schema":{"@context":"https:\/\/schema.org","@graph":[{"@type":"Article","@id":"https:\/\/www.escapadarural.com\/blog\/la-ruta-omeya-de-portugal\/#article","isPartOf":{"@id":"https:\/\/www.escapadarural.com\/blog\/la-ruta-omeya-de-portugal\/"},"author":{"name":"Sofia Fonseca","@id":"https:\/\/www.escapadarural.com\/blog\/#\/schema\/person\/a06660b8fae82f331b2ad92327d449e1"},"headline":"La Ruta Omeya de Portugal","datePublished":"2018-09-12T13:26:01+00:00","dateModified":"2025-01-16T12:37:41+00:00","mainEntityOfPage":{"@id":"https:\/\/www.escapadarural.com\/blog\/la-ruta-omeya-de-portugal\/"},"wordCount":1442,"commentCount":0,"publisher":{"@id":"https:\/\/www.escapadarural.com\/blog\/#organization"},"image":{"@id":"https:\/\/www.escapadarural.com\/blog\/la-ruta-omeya-de-portugal\/#primaryimage"},"thumbnailUrl":"https:\/\/www.escapadarural.com\/blog\/wp-content\/uploads\/2024\/10\/medina_azahara_cordoba_132450549-1-1024x621-3.jpg","keywords":["Cacela Velha","Faro","Loul\u00e9","portugal","Ruta Omeya","Santa Mar\u00eda de Ibn Harun","Tavira","Vila do Bispo","Vila Real de Santo Ant\u00f3nio"],"articleSection":["Rutas y excursiones"],"inLanguage":"es","potentialAction":[{"@type":"CommentAction","name":"Comment","target":["https:\/\/www.escapadarural.com\/blog\/la-ruta-omeya-de-portugal\/#respond"]}]},{"@type":"WebPage","@id":"https:\/\/www.escapadarural.com\/blog\/la-ruta-omeya-de-portugal\/","url":"https:\/\/www.escapadarural.com\/blog\/la-ruta-omeya-de-portugal\/","name":"La Ruta Omeya de Portugal - EscapadaRural","isPartOf":{"@id":"https:\/\/www.escapadarural.com\/blog\/#website"},"primaryImageOfPage":{"@id":"https:\/\/www.escapadarural.com\/blog\/la-ruta-omeya-de-portugal\/#primaryimage"},"image":{"@id":"https:\/\/www.escapadarural.com\/blog\/la-ruta-omeya-de-portugal\/#primaryimage"},"thumbnailUrl":"https:\/\/www.escapadarural.com\/blog\/wp-content\/uploads\/2024\/10\/medina_azahara_cordoba_132450549-1-1024x621-3.jpg","datePublished":"2018-09-12T13:26:01+00:00","dateModified":"2025-01-16T12:37:41+00:00","breadcrumb":{"@id":"https:\/\/www.escapadarural.com\/blog\/la-ruta-omeya-de-portugal\/#breadcrumb"},"inLanguage":"es","potentialAction":[{"@type":"ReadAction","target":["https:\/\/www.escapadarural.com\/blog\/la-ruta-omeya-de-portugal\/"]}]},{"@type":"ImageObject","inLanguage":"es","@id":"https:\/\/www.escapadarural.com\/blog\/la-ruta-omeya-de-portugal\/#primaryimage","url":"https:\/\/www.escapadarural.com\/blog\/wp-content\/uploads\/2024\/10\/medina_azahara_cordoba_132450549-1-1024x621-3.jpg","contentUrl":"https:\/\/www.escapadarural.com\/blog\/wp-content\/uploads\/2024\/10\/medina_azahara_cordoba_132450549-1-1024x621-3.jpg","width":1024,"height":621,"caption":"Ruinas de una antigua estructura de piedra con arcos rodeada de \u00e1rboles verdes, con un tel\u00f3n de fondo de tierras de labranza, campos y lejanas colinas ondulantes bajo un cielo parcialmente nublado."},{"@type":"BreadcrumbList","@id":"https:\/\/www.escapadarural.com\/blog\/la-ruta-omeya-de-portugal\/#breadcrumb","itemListElement":[{"@type":"ListItem","position":1,"name":"Inicio","item":"https:\/\/www.escapadarural.com\/blog\/"},{"@type":"ListItem","position":2,"name":"Rutas y excursiones","item":"https:\/\/www.escapadarural.com\/blog\/categoria\/rutas-y-excursiones\/"},{"@type":"ListItem","position":3,"name":"La Ruta Omeya de Portugal"}]},{"@type":"WebSite","@id":"https:\/\/www.escapadarural.com\/blog\/#website","url":"https:\/\/www.escapadarural.com\/blog\/","name":"Blog de viajes | turismo rural, alojamientos e inspiraci\u00f3n","description":"Alojamientos rurales e inspiraci\u00f3n para tus escapadas","publisher":{"@id":"https:\/\/www.escapadarural.com\/blog\/#organization"},"alternateName":"Magazine de viajes de EscapadaRural","potentialAction":[{"@type":"SearchAction","target":{"@type":"EntryPoint","urlTemplate":"https:\/\/www.escapadarural.com\/blog\/?s={search_term_string}"},"query-input":{"@type":"PropertyValueSpecification","valueRequired":true,"valueName":"search_term_string"}}],"inLanguage":"es"},{"@type":"Organization","@id":"https:\/\/www.escapadarural.com\/blog\/#organization","name":"EscapadaRural","url":"https:\/\/www.escapadarural.com\/blog\/","logo":{"@type":"ImageObject","inLanguage":"es","@id":"https:\/\/www.escapadarural.com\/blog\/#\/schema\/logo\/image\/","url":"https:\/\/www.escapadarural.com\/blog\/wp-content\/uploads\/2024\/10\/cropped-cropped-escapada-rural-icon-mag-3.png","contentUrl":"https:\/\/www.escapadarural.com\/blog\/wp-content\/uploads\/2024\/10\/cropped-cropped-escapada-rural-icon-mag-3.png","width":512,"height":512,"caption":"EscapadaRural"},"image":{"@id":"https:\/\/www.escapadarural.com\/blog\/#\/schema\/logo\/image\/"},"sameAs":["https:\/\/www.facebook.com\/escapadarural","https:\/\/www.instagram.com\/escapadarural\/","https:\/\/www.youtube.com\/@escapadaruralcom"]},{"@type":"Person","@id":"https:\/\/www.escapadarural.com\/blog\/#\/schema\/person\/a06660b8fae82f331b2ad92327d449e1","name":"Sofia Fonseca","image":{"@type":"ImageObject","inLanguage":"es","@id":"https:\/\/secure.gravatar.com\/avatar\/dcb7a861e3261978173ee2436cbc1fe25c5c6543b8439d08346c9c2cfb852b46?s=96&d=mm&r=g","url":"https:\/\/secure.gravatar.com\/avatar\/dcb7a861e3261978173ee2436cbc1fe25c5c6543b8439d08346c9c2cfb852b46?s=96&d=mm&r=g","contentUrl":"https:\/\/secure.gravatar.com\/avatar\/dcb7a861e3261978173ee2436cbc1fe25c5c6543b8439d08346c9c2cfb852b46?s=96&d=mm&r=g","caption":"Sofia Fonseca"},"url":"https:\/\/www.escapadarural.com\/blog\/autor\/sofia\/"}]}},"_links":{"self":[{"href":"https:\/\/www.escapadarural.com\/blog\/wp-json\/wp\/v2\/posts\/10200","targetHints":{"allow":["GET"]}}],"collection":[{"href":"https:\/\/www.escapadarural.com\/blog\/wp-json\/wp\/v2\/posts"}],"about":[{"href":"https:\/\/www.escapadarural.com\/blog\/wp-json\/wp\/v2\/types\/post"}],"author":[{"embeddable":true,"href":"https:\/\/www.escapadarural.com\/blog\/wp-json\/wp\/v2\/users\/113"}],"replies":[{"embeddable":true,"href":"https:\/\/www.escapadarural.com\/blog\/wp-json\/wp\/v2\/comments?post=10200"}],"version-history":[{"count":0,"href":"https:\/\/www.escapadarural.com\/blog\/wp-json\/wp\/v2\/posts\/10200\/revisions"}],"wp:featuredmedia":[{"embeddable":true,"href":"https:\/\/www.escapadarural.com\/blog\/wp-json\/wp\/v2\/media\/104244"}],"wp:attachment":[{"href":"https:\/\/www.escapadarural.com\/blog\/wp-json\/wp\/v2\/media?parent=10200"}],"wp:term":[{"taxonomy":"category","embeddable":true,"href":"https:\/\/www.escapadarural.com\/blog\/wp-json\/wp\/v2\/categories?post=10200"},{"taxonomy":"post_tag","embeddable":true,"href":"https:\/\/www.escapadarural.com\/blog\/wp-json\/wp\/v2\/tags?post=10200"}],"curies":[{"name":"wp","href":"https:\/\/api.w.org\/{rel}","templated":true}]}}