{"id":10203,"date":"2018-09-21T10:08:19","date_gmt":"2018-09-21T10:08:19","guid":{"rendered":"http:\/\/15.188.81.248\/2018\/09\/21\/imprescindibles-del-ecoturismo-en-la-costa-brava\/"},"modified":"2026-02-06T10:45:49","modified_gmt":"2026-02-06T09:45:49","slug":"imprescindibles-del-ecoturismo-en-la-costa-brava","status":"publish","type":"post","link":"https:\/\/www.escapadarural.com\/blog\/imprescindibles-del-ecoturismo-en-la-costa-brava\/","title":{"rendered":"Tres imprescindibles del ecoturismo en la Costa Brava"},"content":{"rendered":"\n<figure class=\"wp-block-image size-large\"><a href=\"https:\/\/www.escapadarural.com\/blog\/wp-content\/uploads\/2018\/09\/Costa-Brava-3-1.jpg\"><img decoding=\"async\" src=\"https:\/\/www.escapadarural.com\/blog\/wp-content\/uploads\/2018\/09\/Costa-Brava-3-1.jpg\" alt=\"Costa Brava\" class=\"wp-image-25965\"\/><\/a><figcaption>Costa Brava. Por travelpeter<\/figcaption><\/figure>\n\n\n\n<p>Naturaleza salvaje, playas de agua cristalina, calas, acantilados, ricos fondos marinos y villas marineras con historia. La <a href=\"https:\/\/www.escapadarural.com\/casas-rurales\/costa-brava\">Costa Brava<\/a> es uno de los lugares m\u00e1s deseados del Mediterr\u00e1neo gracias a la belleza de sus paisajes y la gran oferta de ocio sostenible.<\/p>\n\n\n\n<!--more-->\n\n\n\n<h2 class=\"title-rute wp-block-heading\">Alt Empord\u00e1: ballenas y tortugas<\/h2>\n\n\n\n<figure class=\"wp-block-image size-large\"><a href=\"https:\/\/www.escapadarural.com\/blog\/wp-content\/uploads\/2018\/09\/delfin_74014997-1.jpg\"><img decoding=\"async\" src=\"https:\/\/www.escapadarural.com\/blog\/wp-content\/uploads\/2018\/09\/delfin_74014997-1-1024x682.jpg\" alt=\"Delf\u00edn\" class=\"wp-image-25964\"\/><\/a><figcaption>Por jjgomeztercero<\/figcaption><\/figure>\n\n\n\n<p>S\u00ed, en la Costa Brava hay ballenas. Se pueden ver al norte, en <a href=\"https:\/\/www.escapadarural.com\/casas-rurales\/alt-emporda\">Alt Empord\u00e1<\/a>, en el popular <strong>Parque Natural Cap de Creus<\/strong>. La riqueza de sus fondos marinos son una delicia para los buceadores y la se\u00f1a de identidad del parque.<\/p>\n\n\n\n<p>Para verlos, puedes contratar alguna de las excursiones en barco que recorren la costa. En ella podr\u00e1s avistar delfines y rorcuales de unos 20-25 metros de largo.<\/p>\n\n\n\n<p>Cap de Creus no es el \u00fanico parque natural del Alt Empord\u00e0. Aqu\u00ed tambi\u00e9n se puede visitar <strong>Aiguamolls de l\u00b4Empord\u00e0<\/strong>, que con sus humedales, dunas y riberas de canales define el paisaje de la zona. Un lugar perfecto para el avistamiento de aves como el mart\u00edn pescador, la cig\u00fce\u00f1a o los aguiluchos laguneros. El parque cuenta con diferentes senderos y miradores para disfrutar del espect\u00e1culo, muchos de ellos, adem\u00e1s, son accesibles para todo el mundo.<\/p>\n\n\n\n<figure class=\"wp-block-image size-large\"><a href=\"https:\/\/www.escapadarural.com\/blog\/wp-content\/uploads\/2018\/09\/albera_130662270-1.jpg\"><img decoding=\"async\" src=\"https:\/\/www.escapadarural.com\/blog\/wp-content\/uploads\/2018\/09\/albera_130662270-1-1024x683.jpg\" alt=\"l'Albera\" class=\"wp-image-25963\"\/><\/a><figcaption>Parque Natural de l\u00b4Albera. Por Josep Curto<\/figcaption><\/figure>\n\n\n\n<p>En la Ruta del Cortalet-Mas del Mat\u00e0, un recorrido corto y llano, est\u00e1n el mirador de Quim Franch, desde donde se puede contemplar la <strong>laguna del Cortalet<\/strong>; el de las Gantes; el observatorio de las Daines y el de Pallej\u00e0. La otra ruta ser\u00eda la de Mas del Mat\u00e0-Platja del Mat\u00e0-Les Llaunes, de f\u00e1cil recorrido y que llega hasta la playa. Durante el trayecto se pueden ver los estanques del Mat\u00e0 y la laguna de Massona. Aqu\u00ed est\u00e1n los miradores del Gall Mar\u00ed, del Bruel y Les Arpelles.<\/p>\n\n\n\n<p>El Paraje Natural de Inter\u00e9s Nacional de <strong>l\u00b4Albera<\/strong>, situado en el sector m\u00e1s oriental de los Pirineos, tambi\u00e9n est\u00e1 declarado como Zona de Especial Protecci\u00f3n para las Aves. Coronado por la sierra de Albera \u2013el pico m\u00e1s alto es el monte Neul\u00f3s, con 1.257 m\u2013 en \u00e9l se pueden encontrar varios monumentos megal\u00edticos como d\u00f3lmenes y menhires.<\/p>\n\n\n\n<p>Otro de los atractivos de l\u00b4Albera es que en el Santuari del Camp, en Garriguella, est\u00e1 el Centro de Reproducci\u00f3n de Tortugas de l\u00b4Albera, donde se dedican a la cr\u00eda de la tortuga mediterr\u00e1nea en peligro de extinci\u00f3n. Las especies de las que cuidan de forma habitual son el gal\u00e1pago europeo y el leproso, aunque en ocasiones tambi\u00e9n acogen tortugas ex\u00f3ticas.<\/p>\n\n\n\n<h2 class=\"title-rute wp-block-heading\">Empordanet: Cam\u00ed de Ronda<\/h2>\n\n\n\n<figure class=\"wp-block-image size-large\"><a href=\"https:\/\/www.escapadarural.com\/blog\/wp-content\/uploads\/2018\/09\/Cami-de-Ronda.-Costa-Brava-3-1.jpg\"><img decoding=\"async\" src=\"https:\/\/www.escapadarural.com\/blog\/wp-content\/uploads\/2018\/09\/Cami-de-Ronda.-Costa-Brava-3-1-1024x683.jpg\" alt=\"Cam\u00ed de Ronda\" class=\"wp-image-25962\"\/><\/a><figcaption>Cam\u00ed de Ronda. Por funkyfrogstock<\/figcaption><\/figure>\n\n\n\n<p>Uno de los mayores atractivos de la Costa Brava es la <strong>Ruta del Camino de Ronda<\/strong>: 130 km de senderos que bordean el litoral desde <a href=\"https:\/\/www.escapadarural.com\/casas-rurales\/blanes\">Blanes<\/a> hasta <a href=\"https:\/\/www.escapadarural.com\/casas-rurales\/portbou\">Portbou<\/a> con incre\u00edbles vistas al Mediterr\u00e1neo.<\/p>\n\n\n\n<p>Durante el trayecto ver\u00e9is acantilados de v\u00e9rtigo, pueblos de pescadores, faros, torres de defensa y numerosas calas escondidas. Estos caminos fueron construidos para controlar el contrabando en el mar y para facilitar a los pescadores el acceso de una cala a otra. Hoy son transitados por <strong>senderistas<\/strong>.<\/p>\n\n\n\n<p>Uno de los puntos m\u00e1s altos y con mejores vistas del <a href=\"https:\/\/www.camideronda.com\/\" target=\"_blank\">Cam\u00ed de Ronda<\/a> es la monta\u00f1a de Begur, una prolongaci\u00f3n del macizo de Gavarres situado entre las calas Sa Riera y Aiguafreda. La zona est\u00e1 compuesta de acantilados sobre el mar. Sus fondos marinos son tan ricos que fueron declarados Reserva Marina Integral, por lo que est\u00e1 prohibido el paso a embarcaciones y a buceadores.<\/p>\n\n\n\n<figure class=\"wp-block-image size-large\"><a href=\"https:\/\/www.escapadarural.com\/blog\/wp-content\/uploads\/2018\/09\/Calella-de-Palafrugell-1.jpg\"><img decoding=\"async\" src=\"https:\/\/www.escapadarural.com\/blog\/wp-content\/uploads\/2018\/09\/Calella-de-Palafrugell-1-1024x683.jpg\" alt=\"Calella de Palafrugell\" class=\"wp-image-25961\"\/><\/a><figcaption>Calella de Palafrugell. Por Tono Balaguer<\/figcaption><\/figure>\n\n\n\n<p>Tambi\u00e9n en la costa est\u00e1 el Espacio Natural de Castell-Cap Roig, un \u00e1rea boscosa considerada como una de las m\u00e1s bonitas de la Costa Brava y situada entre los pueblos pescadores de Palam\u00f3s y <a href=\"https:\/\/www.escapadarural.com\/casas-rurales\/calella-de-palafrugell\">Calella de Palafrugell<\/a>. Algunas de las playas y calas que merecen la pena visitar son Es Castell, cala Estreta y las Isles Formigues.<\/p>\n\n\n\n<p>En el interior de Empordanet, en cambio, est\u00e1 el Espacio de Inter\u00e9s Natural Gavarres, un macizo que se levanta entre llanuras, con formas suaves. Su pico m\u00e1s alto es el de la Gavarra, que cuenta con 537 m.<\/p>\n\n\n\n<p>Entre su patrimonio destaca el <strong>castillo de la Bisbal<\/strong>, un emblem\u00e1tico edificio que sirvi\u00f3 de palacio de los obispos de Girona y que actualmente forma parte de la Ruta de los Or\u00edgenes de Catalu\u00f1a.<\/p>\n\n\n\n<h2 class=\"title-rute wp-block-heading\">Parque Natural del Montgr\u00ed, las islas Medes y el Bajo Ter: para\u00edso de los submarinistas<\/h2>\n\n\n\n<figure class=\"wp-block-image size-large\"><a href=\"https:\/\/www.escapadarural.com\/blog\/wp-content\/uploads\/2018\/09\/medes_63034048-1.jpg\"><img decoding=\"async\" src=\"https:\/\/www.escapadarural.com\/blog\/wp-content\/uploads\/2018\/09\/medes_63034048-1-1024x682.jpg\" alt=\"Islas Medes\" class=\"wp-image-25966\"\/><\/a><figcaption>Islas Medes. Por alba1988<\/figcaption><\/figure>\n\n\n\n<p>El <a href=\"https:\/\/www.escapadarural.com\/casas-rurales\/el-montgri-les-illes-medes-i-el-baix-ter\">Parque Natural del Montgr\u00ed, las Illes Medes y el Bajo Ter<\/a> constituye una de las mejores \u00e1reas de Catalu\u00f1a para practicar submarinismo. Sus islas est\u00e1n consideradas como una de las mayores reservas marinas del Mediterr\u00e1neo, con ricos fondos cubiertos de praderas de posidonia, bosques de gorgonias, corales, etc. En ellos habitan delfines, peces luna, rayas, tortugas, atunes y morenas, entre otros.<\/p>\n\n\n\n<p>Adem\u00e1s de la fauna, el parque cuenta con varios pecios como el Reggio Messina, hundido en 1991, y el Aenire, que naufrag\u00f3 en 1971 justo enfrente de la cala Montg\u00f3. Para evitar el deterioro de sus fondos marinos, el submarinismo aqu\u00ed est\u00e1 controlado.<\/p>\n\n\n\n<figure class=\"wp-block-embed-youtube wp-block-embed is-type-video is-provider-youtube wp-embed-aspect-16-9 wp-has-aspect-ratio\"><div class=\"wp-block-embed__wrapper\">\n<span class=\"sS7nwd9RGCplyim1B3QKAHgJ\"><div class=\"video-shortcode\"><iframe title=\"El Reggio Messina - L&#039;Estartit\" width=\"1200\" height=\"675\" src=\"https:\/\/www.youtube.com\/embed\/H8o1SOaW0O8?feature=oembed\" frameborder=\"0\" allow=\"accelerometer; autoplay; clipboard-write; encrypted-media; gyroscope; picture-in-picture; web-share\" referrerpolicy=\"strict-origin-when-cross-origin\" allowfullscreen><\/iframe><\/div><\/span>\n<\/div><\/figure>\n\n\n\n<p>En la superficie, el parque goza de diferentes paisajes como bosques, macizos y humedales rodeados por la desembocadura del r\u00edo Ter. Aqu\u00ed los reyes son las aves: el halc\u00f3n peregrino, el gavil\u00e1n, el \u00e1guila, etc.<\/p>\n\n\n\n<p>En total, el parque cuenta con 18 itinerarios, por lo que una buena parte se puede recorrer a pie. En algunos de los puntos hay observatorios para avistar aves, mientras que en la costa es posible encontrar diferentes escuelas que ofrecen la posibilidad de hacer kayak, windsurf, paddle surf, snorkel o submarinismo.<\/p>\n\n\n\n<p><strong>M\u00e1s informaci\u00f3n<\/strong> | <a href=\"https:\/\/www.catalunya.com\/\" target=\"_blank\">Ag\u00e8ncia Catalana de Turisme<\/a><\/p>\n","protected":false},"excerpt":{"rendered":"<p>Naturaleza salvaje, playas de agua cristalina, calas, acantilados, ricos fondos marinos y villas marineras con historia. La Costa Brava es uno de los lugares m\u00e1s deseados del Mediterr\u00e1neo.<\/p>\n","protected":false},"author":89,"featured_media":104225,"comment_status":"open","ping_status":"closed","sticky":false,"template":"","format":"standard","meta":{"_acf_changed":false,"om_disable_all_campaigns":false,"footnotes":""},"categories":[1379],"tags":[211,5994,1992,1428,404,6764,215],"class_list":["post-10203","post","type-post","status-publish","format-standard","has-post-thumbnail","hentry","category-rutas-y-excursiones","tag-que-ver-en-barcelona","tag-que-ver-en-cataluna","tag-costa-brava","tag-ecoturismo","tag-que-ver-en-girona","tag-imprescindibles","tag-listado"],"acf":[],"featured_image_src":"https:\/\/www.escapadarural.com\/blog\/wp-content\/uploads\/2024\/10\/Costa-Brava-3-1-2.jpg","author_info":{"display_name":"Laura Fern\u00e1ndez","author_link":"https:\/\/www.escapadarural.com\/blog\/autor\/laura\/"},"yoast_head":"<!-- This site is optimized with the Yoast SEO plugin v27.5 - https:\/\/yoast.com\/product\/yoast-seo-wordpress\/ -->\n<title>Tres imprescindibles del ecoturismo en la Costa Brava - EscapadaRural<\/title>\n<meta name=\"robots\" content=\"index, follow, max-snippet:-1, max-image-preview:large, max-video-preview:-1\" \/>\n<link rel=\"canonical\" href=\"https:\/\/www.escapadarural.com\/blog\/imprescindibles-del-ecoturismo-en-la-costa-brava\/\" \/>\n<meta property=\"og:locale\" content=\"es_ES\" \/>\n<meta property=\"og:type\" content=\"article\" \/>\n<meta property=\"og:title\" content=\"Tres imprescindibles del ecoturismo en la Costa Brava - EscapadaRural\" \/>\n<meta property=\"og:description\" content=\"Naturaleza salvaje, playas de agua cristalina, calas, acantilados, ricos fondos marinos y villas marineras con historia. La Costa Brava es uno de los lugares m\u00e1s deseados del Mediterr\u00e1neo.\" \/>\n<meta property=\"og:url\" content=\"https:\/\/www.escapadarural.com\/blog\/imprescindibles-del-ecoturismo-en-la-costa-brava\/\" \/>\n<meta property=\"og:site_name\" content=\"Magazine de viajes de EscapadaRural\" \/>\n<meta property=\"article:publisher\" content=\"https:\/\/www.facebook.com\/escapadarural\" \/>\n<meta property=\"article:published_time\" content=\"2018-09-21T10:08:19+00:00\" \/>\n<meta property=\"article:modified_time\" content=\"2026-02-06T09:45:49+00:00\" \/>\n<meta property=\"og:image\" content=\"https:\/\/www.escapadarural.com\/blog\/wp-content\/uploads\/2024\/10\/Costa-Brava-3-1-2.jpg\" \/>\n\t<meta property=\"og:image:width\" content=\"1000\" \/>\n\t<meta property=\"og:image:height\" content=\"519\" \/>\n\t<meta property=\"og:image:type\" content=\"image\/jpeg\" \/>\n<meta name=\"author\" content=\"Laura Fern\u00e1ndez\" \/>\n<meta name=\"twitter:card\" content=\"summary_large_image\" \/>\n<meta name=\"twitter:label1\" content=\"Escrito por\" \/>\n\t<meta name=\"twitter:data1\" content=\"Laura Fern\u00e1ndez\" \/>\n\t<meta name=\"twitter:label2\" content=\"Tiempo de lectura\" \/>\n\t<meta name=\"twitter:data2\" content=\"5 minutos\" \/>\n<script type=\"application\/ld+json\" class=\"yoast-schema-graph\">{\"@context\":\"https:\\\/\\\/schema.org\",\"@graph\":[{\"@type\":\"Article\",\"@id\":\"https:\\\/\\\/www.escapadarural.com\\\/blog\\\/imprescindibles-del-ecoturismo-en-la-costa-brava\\\/#article\",\"isPartOf\":{\"@id\":\"https:\\\/\\\/www.escapadarural.com\\\/blog\\\/imprescindibles-del-ecoturismo-en-la-costa-brava\\\/\"},\"author\":{\"name\":\"Laura Fern\u00e1ndez\",\"@id\":\"https:\\\/\\\/www.escapadarural.com\\\/blog\\\/#\\\/schema\\\/person\\\/a9b46ae4d047d8a2c719f31e75206cff\"},\"headline\":\"Tres imprescindibles del ecoturismo en la Costa Brava\",\"datePublished\":\"2018-09-21T10:08:19+00:00\",\"dateModified\":\"2026-02-06T09:45:49+00:00\",\"mainEntityOfPage\":{\"@id\":\"https:\\\/\\\/www.escapadarural.com\\\/blog\\\/imprescindibles-del-ecoturismo-en-la-costa-brava\\\/\"},\"wordCount\":995,\"commentCount\":0,\"publisher\":{\"@id\":\"https:\\\/\\\/www.escapadarural.com\\\/blog\\\/#organization\"},\"image\":{\"@id\":\"https:\\\/\\\/www.escapadarural.com\\\/blog\\\/imprescindibles-del-ecoturismo-en-la-costa-brava\\\/#primaryimage\"},\"thumbnailUrl\":\"https:\\\/\\\/www.escapadarural.com\\\/blog\\\/wp-content\\\/uploads\\\/2024\\\/10\\\/Costa-Brava-3-1-2.jpg\",\"keywords\":[\"Barcelona\",\"Catalu\u00f1a\",\"Costa Brava\",\"Ecoturismo\",\"Girona\",\"Imprescindibles\",\"Listado\"],\"articleSection\":[\"Rutas y excursiones\"],\"inLanguage\":\"es\",\"potentialAction\":[{\"@type\":\"CommentAction\",\"name\":\"Comment\",\"target\":[\"https:\\\/\\\/www.escapadarural.com\\\/blog\\\/imprescindibles-del-ecoturismo-en-la-costa-brava\\\/#respond\"]}]},{\"@type\":\"WebPage\",\"@id\":\"https:\\\/\\\/www.escapadarural.com\\\/blog\\\/imprescindibles-del-ecoturismo-en-la-costa-brava\\\/\",\"url\":\"https:\\\/\\\/www.escapadarural.com\\\/blog\\\/imprescindibles-del-ecoturismo-en-la-costa-brava\\\/\",\"name\":\"Tres imprescindibles del ecoturismo en la Costa Brava - EscapadaRural\",\"isPartOf\":{\"@id\":\"https:\\\/\\\/www.escapadarural.com\\\/blog\\\/#website\"},\"primaryImageOfPage\":{\"@id\":\"https:\\\/\\\/www.escapadarural.com\\\/blog\\\/imprescindibles-del-ecoturismo-en-la-costa-brava\\\/#primaryimage\"},\"image\":{\"@id\":\"https:\\\/\\\/www.escapadarural.com\\\/blog\\\/imprescindibles-del-ecoturismo-en-la-costa-brava\\\/#primaryimage\"},\"thumbnailUrl\":\"https:\\\/\\\/www.escapadarural.com\\\/blog\\\/wp-content\\\/uploads\\\/2024\\\/10\\\/Costa-Brava-3-1-2.jpg\",\"datePublished\":\"2018-09-21T10:08:19+00:00\",\"dateModified\":\"2026-02-06T09:45:49+00:00\",\"breadcrumb\":{\"@id\":\"https:\\\/\\\/www.escapadarural.com\\\/blog\\\/imprescindibles-del-ecoturismo-en-la-costa-brava\\\/#breadcrumb\"},\"inLanguage\":\"es\",\"potentialAction\":[{\"@type\":\"ReadAction\",\"target\":[\"https:\\\/\\\/www.escapadarural.com\\\/blog\\\/imprescindibles-del-ecoturismo-en-la-costa-brava\\\/\"]}]},{\"@type\":\"ImageObject\",\"inLanguage\":\"es\",\"@id\":\"https:\\\/\\\/www.escapadarural.com\\\/blog\\\/imprescindibles-del-ecoturismo-en-la-costa-brava\\\/#primaryimage\",\"url\":\"https:\\\/\\\/www.escapadarural.com\\\/blog\\\/wp-content\\\/uploads\\\/2024\\\/10\\\/Costa-Brava-3-1-2.jpg\",\"contentUrl\":\"https:\\\/\\\/www.escapadarural.com\\\/blog\\\/wp-content\\\/uploads\\\/2024\\\/10\\\/Costa-Brava-3-1-2.jpg\",\"width\":1000,\"height\":519,\"caption\":\"Vista a\u00e9rea de una peque\u00f1a bah\u00eda con agua turquesa, una costa rocosa cubierta de \u00e1rboles y varios barcos anclados cerca de la costa. La escena es tranquila y est\u00e1 rodeada de exuberante vegetaci\u00f3n y un mar azul claro.\"},{\"@type\":\"BreadcrumbList\",\"@id\":\"https:\\\/\\\/www.escapadarural.com\\\/blog\\\/imprescindibles-del-ecoturismo-en-la-costa-brava\\\/#breadcrumb\",\"itemListElement\":[{\"@type\":\"ListItem\",\"position\":1,\"name\":\"Inicio\",\"item\":\"https:\\\/\\\/www.escapadarural.com\\\/blog\\\/\"},{\"@type\":\"ListItem\",\"position\":2,\"name\":\"Rutas y excursiones\",\"item\":\"https:\\\/\\\/www.escapadarural.com\\\/blog\\\/categoria\\\/rutas-y-excursiones\\\/\"},{\"@type\":\"ListItem\",\"position\":3,\"name\":\"Tres imprescindibles del ecoturismo en la Costa Brava\"}]},{\"@type\":\"WebSite\",\"@id\":\"https:\\\/\\\/www.escapadarural.com\\\/blog\\\/#website\",\"url\":\"https:\\\/\\\/www.escapadarural.com\\\/blog\\\/\",\"name\":\"Blog de viajes | turismo rural, alojamientos e inspiraci\u00f3n\",\"description\":\"Alojamientos rurales e inspiraci\u00f3n para tus escapadas\",\"publisher\":{\"@id\":\"https:\\\/\\\/www.escapadarural.com\\\/blog\\\/#organization\"},\"alternateName\":\"Magazine de viajes de EscapadaRural\",\"potentialAction\":[{\"@type\":\"SearchAction\",\"target\":{\"@type\":\"EntryPoint\",\"urlTemplate\":\"https:\\\/\\\/www.escapadarural.com\\\/blog\\\/?s={search_term_string}\"},\"query-input\":{\"@type\":\"PropertyValueSpecification\",\"valueRequired\":true,\"valueName\":\"search_term_string\"}}],\"inLanguage\":\"es\"},{\"@type\":\"Organization\",\"@id\":\"https:\\\/\\\/www.escapadarural.com\\\/blog\\\/#organization\",\"name\":\"EscapadaRural\",\"url\":\"https:\\\/\\\/www.escapadarural.com\\\/blog\\\/\",\"logo\":{\"@type\":\"ImageObject\",\"inLanguage\":\"es\",\"@id\":\"https:\\\/\\\/www.escapadarural.com\\\/blog\\\/#\\\/schema\\\/logo\\\/image\\\/\",\"url\":\"https:\\\/\\\/www.escapadarural.com\\\/blog\\\/wp-content\\\/uploads\\\/2024\\\/10\\\/cropped-cropped-escapada-rural-icon-mag-3.png\",\"contentUrl\":\"https:\\\/\\\/www.escapadarural.com\\\/blog\\\/wp-content\\\/uploads\\\/2024\\\/10\\\/cropped-cropped-escapada-rural-icon-mag-3.png\",\"width\":512,\"height\":512,\"caption\":\"EscapadaRural\"},\"image\":{\"@id\":\"https:\\\/\\\/www.escapadarural.com\\\/blog\\\/#\\\/schema\\\/logo\\\/image\\\/\"},\"sameAs\":[\"https:\\\/\\\/www.facebook.com\\\/escapadarural\",\"https:\\\/\\\/www.instagram.com\\\/escapadarural\\\/\",\"https:\\\/\\\/www.youtube.com\\\/@escapadaruralcom\"]},{\"@type\":\"Person\",\"@id\":\"https:\\\/\\\/www.escapadarural.com\\\/blog\\\/#\\\/schema\\\/person\\\/a9b46ae4d047d8a2c719f31e75206cff\",\"name\":\"Laura Fern\u00e1ndez\",\"image\":{\"@type\":\"ImageObject\",\"inLanguage\":\"es\",\"@id\":\"https:\\\/\\\/www.escapadarural.com\\\/blog\\\/wp-content\\\/uploads\\\/2025\\\/01\\\/cropped-laura_raponchii-96x96.jpg\",\"url\":\"https:\\\/\\\/www.escapadarural.com\\\/blog\\\/wp-content\\\/uploads\\\/2025\\\/01\\\/cropped-laura_raponchii-96x96.jpg\",\"contentUrl\":\"https:\\\/\\\/www.escapadarural.com\\\/blog\\\/wp-content\\\/uploads\\\/2025\\\/01\\\/cropped-laura_raponchii-96x96.jpg\",\"caption\":\"Laura Fern\u00e1ndez\"},\"description\":\"Periodista, blogger y viajera. No necesariamente en ese orden. En ocasiones me despierto sin saber d\u00f3nde estoy. Adicta a los c\u00f3mics y a los noodles con salsa de cacahuete. Redactora en @escapadarural, colaboradora en la Conde Nast Traveler y en la Divinity. Mi casa: Meridiano180.\",\"sameAs\":[\"http:\\\/\\\/www.meridiano180.com\\\/\"],\"url\":\"https:\\\/\\\/www.escapadarural.com\\\/blog\\\/autor\\\/laura\\\/\"}]}<\/script>\n<!-- \/ Yoast SEO plugin. -->","yoast_head_json":{"title":"Tres imprescindibles del ecoturismo en la Costa Brava - EscapadaRural","robots":{"index":"index","follow":"follow","max-snippet":"max-snippet:-1","max-image-preview":"max-image-preview:large","max-video-preview":"max-video-preview:-1"},"canonical":"https:\/\/www.escapadarural.com\/blog\/imprescindibles-del-ecoturismo-en-la-costa-brava\/","og_locale":"es_ES","og_type":"article","og_title":"Tres imprescindibles del ecoturismo en la Costa Brava - EscapadaRural","og_description":"Naturaleza salvaje, playas de agua cristalina, calas, acantilados, ricos fondos marinos y villas marineras con historia. La Costa Brava es uno de los lugares m\u00e1s deseados del Mediterr\u00e1neo.","og_url":"https:\/\/www.escapadarural.com\/blog\/imprescindibles-del-ecoturismo-en-la-costa-brava\/","og_site_name":"Magazine de viajes de EscapadaRural","article_publisher":"https:\/\/www.facebook.com\/escapadarural","article_published_time":"2018-09-21T10:08:19+00:00","article_modified_time":"2026-02-06T09:45:49+00:00","og_image":[{"width":1000,"height":519,"url":"https:\/\/www.escapadarural.com\/blog\/wp-content\/uploads\/2024\/10\/Costa-Brava-3-1-2.jpg","type":"image\/jpeg"}],"author":"Laura Fern\u00e1ndez","twitter_card":"summary_large_image","twitter_misc":{"Escrito por":"Laura Fern\u00e1ndez","Tiempo de lectura":"5 minutos"},"schema":{"@context":"https:\/\/schema.org","@graph":[{"@type":"Article","@id":"https:\/\/www.escapadarural.com\/blog\/imprescindibles-del-ecoturismo-en-la-costa-brava\/#article","isPartOf":{"@id":"https:\/\/www.escapadarural.com\/blog\/imprescindibles-del-ecoturismo-en-la-costa-brava\/"},"author":{"name":"Laura Fern\u00e1ndez","@id":"https:\/\/www.escapadarural.com\/blog\/#\/schema\/person\/a9b46ae4d047d8a2c719f31e75206cff"},"headline":"Tres imprescindibles del ecoturismo en la Costa Brava","datePublished":"2018-09-21T10:08:19+00:00","dateModified":"2026-02-06T09:45:49+00:00","mainEntityOfPage":{"@id":"https:\/\/www.escapadarural.com\/blog\/imprescindibles-del-ecoturismo-en-la-costa-brava\/"},"wordCount":995,"commentCount":0,"publisher":{"@id":"https:\/\/www.escapadarural.com\/blog\/#organization"},"image":{"@id":"https:\/\/www.escapadarural.com\/blog\/imprescindibles-del-ecoturismo-en-la-costa-brava\/#primaryimage"},"thumbnailUrl":"https:\/\/www.escapadarural.com\/blog\/wp-content\/uploads\/2024\/10\/Costa-Brava-3-1-2.jpg","keywords":["Barcelona","Catalu\u00f1a","Costa Brava","Ecoturismo","Girona","Imprescindibles","Listado"],"articleSection":["Rutas y excursiones"],"inLanguage":"es","potentialAction":[{"@type":"CommentAction","name":"Comment","target":["https:\/\/www.escapadarural.com\/blog\/imprescindibles-del-ecoturismo-en-la-costa-brava\/#respond"]}]},{"@type":"WebPage","@id":"https:\/\/www.escapadarural.com\/blog\/imprescindibles-del-ecoturismo-en-la-costa-brava\/","url":"https:\/\/www.escapadarural.com\/blog\/imprescindibles-del-ecoturismo-en-la-costa-brava\/","name":"Tres imprescindibles del ecoturismo en la Costa Brava - EscapadaRural","isPartOf":{"@id":"https:\/\/www.escapadarural.com\/blog\/#website"},"primaryImageOfPage":{"@id":"https:\/\/www.escapadarural.com\/blog\/imprescindibles-del-ecoturismo-en-la-costa-brava\/#primaryimage"},"image":{"@id":"https:\/\/www.escapadarural.com\/blog\/imprescindibles-del-ecoturismo-en-la-costa-brava\/#primaryimage"},"thumbnailUrl":"https:\/\/www.escapadarural.com\/blog\/wp-content\/uploads\/2024\/10\/Costa-Brava-3-1-2.jpg","datePublished":"2018-09-21T10:08:19+00:00","dateModified":"2026-02-06T09:45:49+00:00","breadcrumb":{"@id":"https:\/\/www.escapadarural.com\/blog\/imprescindibles-del-ecoturismo-en-la-costa-brava\/#breadcrumb"},"inLanguage":"es","potentialAction":[{"@type":"ReadAction","target":["https:\/\/www.escapadarural.com\/blog\/imprescindibles-del-ecoturismo-en-la-costa-brava\/"]}]},{"@type":"ImageObject","inLanguage":"es","@id":"https:\/\/www.escapadarural.com\/blog\/imprescindibles-del-ecoturismo-en-la-costa-brava\/#primaryimage","url":"https:\/\/www.escapadarural.com\/blog\/wp-content\/uploads\/2024\/10\/Costa-Brava-3-1-2.jpg","contentUrl":"https:\/\/www.escapadarural.com\/blog\/wp-content\/uploads\/2024\/10\/Costa-Brava-3-1-2.jpg","width":1000,"height":519,"caption":"Vista a\u00e9rea de una peque\u00f1a bah\u00eda con agua turquesa, una costa rocosa cubierta de \u00e1rboles y varios barcos anclados cerca de la costa. La escena es tranquila y est\u00e1 rodeada de exuberante vegetaci\u00f3n y un mar azul claro."},{"@type":"BreadcrumbList","@id":"https:\/\/www.escapadarural.com\/blog\/imprescindibles-del-ecoturismo-en-la-costa-brava\/#breadcrumb","itemListElement":[{"@type":"ListItem","position":1,"name":"Inicio","item":"https:\/\/www.escapadarural.com\/blog\/"},{"@type":"ListItem","position":2,"name":"Rutas y excursiones","item":"https:\/\/www.escapadarural.com\/blog\/categoria\/rutas-y-excursiones\/"},{"@type":"ListItem","position":3,"name":"Tres imprescindibles del ecoturismo en la Costa Brava"}]},{"@type":"WebSite","@id":"https:\/\/www.escapadarural.com\/blog\/#website","url":"https:\/\/www.escapadarural.com\/blog\/","name":"Blog de viajes | turismo rural, alojamientos e inspiraci\u00f3n","description":"Alojamientos rurales e inspiraci\u00f3n para tus escapadas","publisher":{"@id":"https:\/\/www.escapadarural.com\/blog\/#organization"},"alternateName":"Magazine de viajes de EscapadaRural","potentialAction":[{"@type":"SearchAction","target":{"@type":"EntryPoint","urlTemplate":"https:\/\/www.escapadarural.com\/blog\/?s={search_term_string}"},"query-input":{"@type":"PropertyValueSpecification","valueRequired":true,"valueName":"search_term_string"}}],"inLanguage":"es"},{"@type":"Organization","@id":"https:\/\/www.escapadarural.com\/blog\/#organization","name":"EscapadaRural","url":"https:\/\/www.escapadarural.com\/blog\/","logo":{"@type":"ImageObject","inLanguage":"es","@id":"https:\/\/www.escapadarural.com\/blog\/#\/schema\/logo\/image\/","url":"https:\/\/www.escapadarural.com\/blog\/wp-content\/uploads\/2024\/10\/cropped-cropped-escapada-rural-icon-mag-3.png","contentUrl":"https:\/\/www.escapadarural.com\/blog\/wp-content\/uploads\/2024\/10\/cropped-cropped-escapada-rural-icon-mag-3.png","width":512,"height":512,"caption":"EscapadaRural"},"image":{"@id":"https:\/\/www.escapadarural.com\/blog\/#\/schema\/logo\/image\/"},"sameAs":["https:\/\/www.facebook.com\/escapadarural","https:\/\/www.instagram.com\/escapadarural\/","https:\/\/www.youtube.com\/@escapadaruralcom"]},{"@type":"Person","@id":"https:\/\/www.escapadarural.com\/blog\/#\/schema\/person\/a9b46ae4d047d8a2c719f31e75206cff","name":"Laura Fern\u00e1ndez","image":{"@type":"ImageObject","inLanguage":"es","@id":"https:\/\/www.escapadarural.com\/blog\/wp-content\/uploads\/2025\/01\/cropped-laura_raponchii-96x96.jpg","url":"https:\/\/www.escapadarural.com\/blog\/wp-content\/uploads\/2025\/01\/cropped-laura_raponchii-96x96.jpg","contentUrl":"https:\/\/www.escapadarural.com\/blog\/wp-content\/uploads\/2025\/01\/cropped-laura_raponchii-96x96.jpg","caption":"Laura Fern\u00e1ndez"},"description":"Periodista, blogger y viajera. No necesariamente en ese orden. En ocasiones me despierto sin saber d\u00f3nde estoy. Adicta a los c\u00f3mics y a los noodles con salsa de cacahuete. Redactora en @escapadarural, colaboradora en la Conde Nast Traveler y en la Divinity. Mi casa: Meridiano180.","sameAs":["http:\/\/www.meridiano180.com\/"],"url":"https:\/\/www.escapadarural.com\/blog\/autor\/laura\/"}]}},"_links":{"self":[{"href":"https:\/\/www.escapadarural.com\/blog\/wp-json\/wp\/v2\/posts\/10203","targetHints":{"allow":["GET"]}}],"collection":[{"href":"https:\/\/www.escapadarural.com\/blog\/wp-json\/wp\/v2\/posts"}],"about":[{"href":"https:\/\/www.escapadarural.com\/blog\/wp-json\/wp\/v2\/types\/post"}],"author":[{"embeddable":true,"href":"https:\/\/www.escapadarural.com\/blog\/wp-json\/wp\/v2\/users\/89"}],"replies":[{"embeddable":true,"href":"https:\/\/www.escapadarural.com\/blog\/wp-json\/wp\/v2\/comments?post=10203"}],"version-history":[{"count":0,"href":"https:\/\/www.escapadarural.com\/blog\/wp-json\/wp\/v2\/posts\/10203\/revisions"}],"wp:featuredmedia":[{"embeddable":true,"href":"https:\/\/www.escapadarural.com\/blog\/wp-json\/wp\/v2\/media\/104225"}],"wp:attachment":[{"href":"https:\/\/www.escapadarural.com\/blog\/wp-json\/wp\/v2\/media?parent=10203"}],"wp:term":[{"taxonomy":"category","embeddable":true,"href":"https:\/\/www.escapadarural.com\/blog\/wp-json\/wp\/v2\/categories?post=10203"},{"taxonomy":"post_tag","embeddable":true,"href":"https:\/\/www.escapadarural.com\/blog\/wp-json\/wp\/v2\/tags?post=10203"}],"curies":[{"name":"wp","href":"https:\/\/api.w.org\/{rel}","templated":true}]}}