{"id":10327,"date":"2018-11-06T09:30:34","date_gmt":"2018-11-06T09:30:34","guid":{"rendered":"http:\/\/15.188.81.248\/2018\/11\/06\/evora-la-sorprendente-ciudad-de-las-tres-murallas\/"},"modified":"2024-12-23T19:07:48","modified_gmt":"2024-12-23T17:07:48","slug":"evora-la-sorprendente-ciudad-de-las-tres-murallas","status":"publish","type":"post","link":"https:\/\/www.escapadarural.com\/blog\/evora-la-sorprendente-ciudad-de-las-tres-murallas\/","title":{"rendered":"\u00c9vora, la sorprendente ciudad de las tres murallas"},"content":{"rendered":"\n<figure class=\"wp-block-image size-large\"><a href=\"https:\/\/www.escapadarural.com\/blog\/wp-content\/uploads\/2018\/11\/evora1-1.jpg\"><img decoding=\"async\" src=\"https:\/\/www.escapadarural.com\/blog\/wp-content\/uploads\/2018\/11\/evora1-1.jpg\" alt=\"\u00c9vora\" class=\"wp-image-25644\"\/><\/a><figcaption class=\"wp-element-caption\">Por aciero<\/figcaption><\/figure>\n\n\n\n<p>A veces la importancia de una ciudad eclipsa la belleza de otra. Es lo que le ocurre a \u00c9vora que, a escasos 100 kil\u00f3metros de Lisboa, pasa demasiadas veces desapercibida para los viajeros. Sin embargo, podr\u00edamos decir sin temor que es <strong>una de las ciudades m\u00e1s bellas de Portugal<\/strong>. Por supuesto, como evidencian algunos restos arqueol\u00f3gicos romanos, tambi\u00e9n es una de las m\u00e1s antiguas del pa\u00eds.<\/p>\n\n\n\n<!--more-->\n\n\n\n<p>En el siglo XV, cuando Portugal a\u00fan era una monarqu\u00eda, los reyes escogieron \u00c9vora para establecerse. Paseando por el acogedor centro hist\u00f3rico llegamos a entender el acierto de estos monarcas que con su residencia contribuyeron al importante papel cultural que vivi\u00f3 la ciudad en los siglos posteriores. La Universidad de \u00c9vora, fundada a mediados del XVI, la convirti\u00f3 en centro de aprendizaje, aunque la llegada de la Inquisici\u00f3n trajo asuntos algo m\u00e1s sangrientos.<\/p>\n\n\n\n<h2 class=\"wp-block-heading title-rute\">El centro hist\u00f3rico de \u00c9vora<\/h2>\n\n\n\n<figure class=\"wp-block-image size-large\"><a href=\"https:\/\/www.escapadarural.com\/blog\/wp-content\/uploads\/2018\/11\/evora3-1.jpg\"><img decoding=\"async\" src=\"https:\/\/www.escapadarural.com\/blog\/wp-content\/uploads\/2018\/11\/evora3-1.jpg\" alt=\"Aqueduto \u00c1gua de Prata\" class=\"wp-image-25643\"\/><\/a><figcaption class=\"wp-element-caption\">Por Carlos Neto<\/figcaption><\/figure>\n\n\n\n<p>Desde bastante antes de llegar a \u00c9vora, a la altura del convento S\u00e3o Bento de C\u00e1stris, aparece el monumental Acueducto da agua da Prata, s\u00edmbolo de la villa. El estado de conservaci\u00f3n de este acueducto romano, uno de los mejores junto al de Segovia, nos avanza lo que vamos a encontrarnos al entrar en la ciudad.&nbsp;El centro hist\u00f3rico de \u00c9vora fue reconocido como Patrimonio de la Humanidad por la UNESCO. Capas y capas de la historia de Portugal est\u00e1n ah\u00ed a nuestro alcance. Bastar\u00e1 pasear por unas cuantas calles para ir de los siglos I hasta el XVI. \u00c9vora es un museo a cielo abierto.<\/p>\n\n\n\n<p>A la vez, la ciudad ofrece mucho m\u00e1s que s\u00f3lo pasado. La actualidad m\u00e1s vibrante tambi\u00e9n alcanza al visitante en forma de propuestas culturales que llegan con los estudiantes de la antigua universidad, y tambi\u00e9n en el ambiente de los restaurantes, en las cafeter\u00edas y en las plazas, que son lugar de reuni\u00f3n de los habitantes.<\/p>\n\n\n\n<p>S\u00f3lo queda hacer una advertencia antes de comenzar la visita: la regi\u00f3n del Alentejo tiene reputaci\u00f3n de extensos almuerzos \u2013y esperamos que as\u00ed siga por mucho tiempo m\u00e1s\u2013 y lo que ocurre es que la ciudad al completo sigue con su costumbre de de cerrar durante el almuerzo. Esta pausa incluye a los principales lugares y monumentos de inter\u00e9s tur\u00edstico.<\/p>\n\n\n\n<h2 class=\"wp-block-heading title-rute\">Paseando por \u00c9vora<\/h2>\n\n\n\n<figure class=\"wp-block-image size-large\"><a href=\"https:\/\/www.escapadarural.com\/blog\/wp-content\/uploads\/2018\/11\/evora-1.jpg\"><img decoding=\"async\" src=\"https:\/\/www.escapadarural.com\/blog\/wp-content\/uploads\/2018\/11\/evora-1.jpg\" alt=\"\u00c9vora\" class=\"wp-image-25642\"\/><\/a><figcaption class=\"wp-element-caption\">Por luda<\/figcaption><\/figure>\n\n\n\n<p>S\u00f3lo deambulando por sus estrechas calles, entre casas de fachadas encaladas que parecen m\u00e1s de un pueblo que de una ciudad, podremos ir descubriendo <strong>la riqueza patrimonial de \u00c9vora<\/strong>: el templo y las termas romanas, las murallas medievales, la catedral o la iglesia de San Francisco, con la pintoresca Capela dos Ossos. S\u00f3lo hay que tener en cuenta un consejo: si te extrav\u00edas, algo que por otra parte es aconsejable para encontrarse con esos detalles que no suelen aparecer nunca en las gu\u00edas, lo que hay que hacer es caminar siguiendo las cuestas, ya que as\u00ed volveremos al Templo Romano.<\/p>\n\n\n\n<p>Para comenzar a conocer \u00c9vora, lo mejor es hacerlo en la Pra\u00e7a de Giraldo, el verdadero coraz\u00f3n de este Patrimonio de la Humanidad de la Unesco. Su caracter\u00edstico empedrado conduce nuestra mirada a la bella Igreja de Santo Antonio y la fuente de m\u00e1rmol de 8 ca\u00f1os que representan el n\u00famero de calles que se encuentran en la plaza. Terrazas, tiendas y pasteler\u00edas se reparten bajo los arcos blancos de los laterales. La animaci\u00f3n es constante. Si comenzamos la caminata por \u00c9vora de buena ma\u00f1ana, aqu\u00ed ser\u00e1 un buen lugar para tomar un caf\u00e9 portugu\u00e9s y cargarnos de energ\u00eda a base de queijadas t\u00edpicas.<\/p>\n\n\n\n<p>Si salimos de la plaza por la Rua da Republica y caminamos hacia Pra\u00e7a 1 de Maio, llegaremos a la iglesia de San Francisco, del siglo XV. Su fachada mud\u00e9jar alberga la que con toda probabilidad es <strong>la atracci\u00f3n tur\u00edstica estrella de \u00c9vora: la Capela dos Ossos<\/strong> (Capilla de los Huesos).<\/p>\n\n\n\n<p>Nos aguardan m\u00e1s de 5.000 cr\u00e1neos, adem\u00e1s de centenares de tibias. La inscripci\u00f3n sobre la puerta es algo inquietante, pero real: \u00abLos huesos que estamos aqu\u00ed, para los tuyos, esperamos \u00ab. Su construcci\u00f3n no fue producto de alg\u00fan impulso morboso, sino que fue por pura necesidad. Seg\u00fan cuentan, durante el siglo XVI, hubo una superpoblaci\u00f3n en los cementerios de \u00c9vora, por lo que se decidi\u00f3 exhumar los huesos de las tumbas para hacer sitio y los huesos acabaron en la capilla.<\/p>\n\n\n\n<figure class=\"wp-block-image size-large\"><a href=\"https:\/\/www.escapadarural.com\/blog\/wp-content\/uploads\/2018\/11\/evora2-1.jpg\"><img decoding=\"async\" src=\"https:\/\/www.escapadarural.com\/blog\/wp-content\/uploads\/2018\/11\/evora2-1.jpg\" alt=\"Templo de Diana\" class=\"wp-image-25641\"\/><\/a><figcaption class=\"wp-element-caption\">Templo de Diana. Por joserpizarro<\/figcaption><\/figure>\n\n\n\n<p>Tal vez el contacto con la muerte nos lleve a querer disfrutar de las cosas de la vida. \u00a1Carpe Diem! As\u00ed que, ya que estamos en el Alentejo, es buena idea probar sus famosos caldos. Para ello, hay que dirigirse a la oficina de la Ruta del Vino de Alentejo, en la Pra\u00e7a Joaquim Ant\u00f3nio de Aguar. A la vuelta de la esquina, saliendo por r\u00faa C\u00e2ndido dos Reis, se encuentran varios restaurantes en los que poder probar los tradicionales huevos revueltos con esp\u00e1rragos de \u00c9vora.<\/p>\n\n\n\n<p>Desde aqu\u00ed, <strong>hay que seguir nuestra incursi\u00f3n por el antiguo barrio morisco<\/strong>, donde las calles se estrechan como si los vecinos quisieran tocarse solo con sacar el brazo por la ventana. Desembocando por la r\u00faa das Fontes, vemos destacar la Torre das Cinco Quinas y, m\u00e1s all\u00e1, el templo romano dedicado a Diana, cuyas columnas corintias son otro de los iconos de \u00c9vora. A este deambular ya s\u00f3lo le falta la Bas\u00edlica S\u00e9 Catedral de Nossa Senhora da Assun\u00e7\u00e3o, del siglo XIII.<\/p>\n\n\n\n<p>La fachada de la catedral revestida con granito rosa aparece ante nosotros caminando por la calle Cinco de Outubro. Casas t\u00edpicas con balcones floridos flanquean nuestro paso a lado y lado. En el interior de la catedral, est\u00e1 el \u00f3rgano m\u00e1s antiguo de Portugal. Otra curiosidad es la La Virgen Mar\u00eda que se venera en \u00c9vora. Es de piedra, del siglo XV, y se conoce popularmente como Nuestra Se\u00f1ora de la O, debido a la forma redonda de su vientre.<\/p>\n\n\n\n<p>Si se tiene tiempo, lo mejor es alargar el deambular por \u00c9vora hasta la noche, cuando el acueducto que nos dio la bienvenida ya antes de entrar en la ciudad queda iluminado a lo largo de la r\u00faa do Cano, casi como si en lugar de un acueducto fuera un faro que nos indica el largo pasado de la ciudad.<\/p>\n","protected":false},"excerpt":{"rendered":"<p>\u00c9vora es una de las ciudades m\u00e1s bellas de Portugal. Por supuesto, como evidencian algunos restos arqueol\u00f3gicos romanos, tambi\u00e9n es una de las m\u00e1s antiguas del pa\u00eds.<\/p>\n","protected":false},"author":112,"featured_media":104065,"comment_status":"open","ping_status":"closed","sticky":false,"template":"","format":"standard","meta":{"_acf_changed":false,"om_disable_all_campaigns":false,"footnotes":""},"categories":[191],"tags":[260,2074,2187,538,212],"class_list":["post-10327","post","type-post","status-publish","format-standard","has-post-thumbnail","hentry","category-destinos","tag-articulo","tag-cetro-de-portugal","tag-evora","tag-portugal","tag-pueblos"],"acf":[],"featured_image_src":"https:\/\/www.escapadarural.com\/blog\/wp-content\/uploads\/2024\/10\/evora1-1-4.jpg","author_info":{"display_name":"Jos\u00e9 Alejandro Adamuz","author_link":"https:\/\/www.escapadarural.com\/blog\/autor\/josealejandro\/"},"yoast_head":"<!-- This site is optimized with the Yoast SEO plugin v27.5 - https:\/\/yoast.com\/product\/yoast-seo-wordpress\/ -->\n<title>\u00c9vora, la sorprendente ciudad de las tres murallas - EscapadaRural<\/title>\n<meta name=\"robots\" content=\"index, follow, max-snippet:-1, max-image-preview:large, max-video-preview:-1\" \/>\n<link rel=\"canonical\" href=\"https:\/\/www.escapadarural.com\/blog\/evora-la-sorprendente-ciudad-de-las-tres-murallas\/\" \/>\n<meta property=\"og:locale\" content=\"es_ES\" \/>\n<meta property=\"og:type\" content=\"article\" \/>\n<meta property=\"og:title\" content=\"\u00c9vora, la sorprendente ciudad de las tres murallas - EscapadaRural\" \/>\n<meta property=\"og:description\" content=\"\u00c9vora es una de las ciudades m\u00e1s bellas de Portugal. Por supuesto, como evidencian algunos restos arqueol\u00f3gicos romanos, tambi\u00e9n es una de las m\u00e1s antiguas del pa\u00eds.\" \/>\n<meta property=\"og:url\" content=\"https:\/\/www.escapadarural.com\/blog\/evora-la-sorprendente-ciudad-de-las-tres-murallas\/\" \/>\n<meta property=\"og:site_name\" content=\"Magazine de viajes de EscapadaRural\" \/>\n<meta property=\"article:publisher\" content=\"https:\/\/www.facebook.com\/escapadarural\" \/>\n<meta property=\"article:published_time\" content=\"2018-11-06T09:30:34+00:00\" \/>\n<meta property=\"article:modified_time\" content=\"2024-12-23T17:07:48+00:00\" \/>\n<meta property=\"og:image\" content=\"https:\/\/www.escapadarural.com\/blog\/wp-content\/uploads\/2024\/10\/evora1-1-4.jpg\" \/>\n\t<meta property=\"og:image:width\" content=\"1024\" \/>\n\t<meta property=\"og:image:height\" content=\"677\" \/>\n\t<meta property=\"og:image:type\" content=\"image\/jpeg\" \/>\n<meta name=\"author\" content=\"Jos\u00e9 Alejandro Adamuz\" \/>\n<meta name=\"twitter:card\" content=\"summary_large_image\" \/>\n<meta name=\"twitter:label1\" content=\"Escrito por\" \/>\n\t<meta name=\"twitter:data1\" content=\"Jos\u00e9 Alejandro Adamuz\" \/>\n\t<meta name=\"twitter:label2\" content=\"Tiempo de lectura\" \/>\n\t<meta name=\"twitter:data2\" content=\"5 minutos\" \/>\n<script type=\"application\/ld+json\" class=\"yoast-schema-graph\">{\"@context\":\"https:\\\/\\\/schema.org\",\"@graph\":[{\"@type\":\"Article\",\"@id\":\"https:\\\/\\\/www.escapadarural.com\\\/blog\\\/evora-la-sorprendente-ciudad-de-las-tres-murallas\\\/#article\",\"isPartOf\":{\"@id\":\"https:\\\/\\\/www.escapadarural.com\\\/blog\\\/evora-la-sorprendente-ciudad-de-las-tres-murallas\\\/\"},\"author\":{\"name\":\"Jos\u00e9 Alejandro Adamuz\",\"@id\":\"https:\\\/\\\/www.escapadarural.com\\\/blog\\\/#\\\/schema\\\/person\\\/ac6969ba5ab90987dda9465be409d6b3\"},\"headline\":\"\u00c9vora, la sorprendente ciudad de las tres murallas\",\"datePublished\":\"2018-11-06T09:30:34+00:00\",\"dateModified\":\"2024-12-23T17:07:48+00:00\",\"mainEntityOfPage\":{\"@id\":\"https:\\\/\\\/www.escapadarural.com\\\/blog\\\/evora-la-sorprendente-ciudad-de-las-tres-murallas\\\/\"},\"wordCount\":1106,\"commentCount\":0,\"publisher\":{\"@id\":\"https:\\\/\\\/www.escapadarural.com\\\/blog\\\/#organization\"},\"image\":{\"@id\":\"https:\\\/\\\/www.escapadarural.com\\\/blog\\\/evora-la-sorprendente-ciudad-de-las-tres-murallas\\\/#primaryimage\"},\"thumbnailUrl\":\"https:\\\/\\\/www.escapadarural.com\\\/blog\\\/wp-content\\\/uploads\\\/2024\\\/10\\\/evora1-1-4.jpg\",\"keywords\":[\"art\u00edculo\",\"Cetro de Portugal\",\"\u00c9vora\",\"portugal\",\"pueblos\"],\"articleSection\":[\"Destinos\"],\"inLanguage\":\"es\",\"potentialAction\":[{\"@type\":\"CommentAction\",\"name\":\"Comment\",\"target\":[\"https:\\\/\\\/www.escapadarural.com\\\/blog\\\/evora-la-sorprendente-ciudad-de-las-tres-murallas\\\/#respond\"]}]},{\"@type\":\"WebPage\",\"@id\":\"https:\\\/\\\/www.escapadarural.com\\\/blog\\\/evora-la-sorprendente-ciudad-de-las-tres-murallas\\\/\",\"url\":\"https:\\\/\\\/www.escapadarural.com\\\/blog\\\/evora-la-sorprendente-ciudad-de-las-tres-murallas\\\/\",\"name\":\"\u00c9vora, la sorprendente ciudad de las tres murallas - EscapadaRural\",\"isPartOf\":{\"@id\":\"https:\\\/\\\/www.escapadarural.com\\\/blog\\\/#website\"},\"primaryImageOfPage\":{\"@id\":\"https:\\\/\\\/www.escapadarural.com\\\/blog\\\/evora-la-sorprendente-ciudad-de-las-tres-murallas\\\/#primaryimage\"},\"image\":{\"@id\":\"https:\\\/\\\/www.escapadarural.com\\\/blog\\\/evora-la-sorprendente-ciudad-de-las-tres-murallas\\\/#primaryimage\"},\"thumbnailUrl\":\"https:\\\/\\\/www.escapadarural.com\\\/blog\\\/wp-content\\\/uploads\\\/2024\\\/10\\\/evora1-1-4.jpg\",\"datePublished\":\"2018-11-06T09:30:34+00:00\",\"dateModified\":\"2024-12-23T17:07:48+00:00\",\"breadcrumb\":{\"@id\":\"https:\\\/\\\/www.escapadarural.com\\\/blog\\\/evora-la-sorprendente-ciudad-de-las-tres-murallas\\\/#breadcrumb\"},\"inLanguage\":\"es\",\"potentialAction\":[{\"@type\":\"ReadAction\",\"target\":[\"https:\\\/\\\/www.escapadarural.com\\\/blog\\\/evora-la-sorprendente-ciudad-de-las-tres-murallas\\\/\"]}]},{\"@type\":\"ImageObject\",\"inLanguage\":\"es\",\"@id\":\"https:\\\/\\\/www.escapadarural.com\\\/blog\\\/evora-la-sorprendente-ciudad-de-las-tres-murallas\\\/#primaryimage\",\"url\":\"https:\\\/\\\/www.escapadarural.com\\\/blog\\\/wp-content\\\/uploads\\\/2024\\\/10\\\/evora1-1-4.jpg\",\"contentUrl\":\"https:\\\/\\\/www.escapadarural.com\\\/blog\\\/wp-content\\\/uploads\\\/2024\\\/10\\\/evora1-1-4.jpg\",\"width\":1024,\"height\":677,\"caption\":\"Una plaza hist\u00f3rica con calles adoquinadas, gente paseando, mesas de caf\u00e9 al aire libre con sombrillas y una gran iglesia antigua con dos torres. Edificios blancos con balcones se alinean a la derecha bajo un cielo azul.\"},{\"@type\":\"BreadcrumbList\",\"@id\":\"https:\\\/\\\/www.escapadarural.com\\\/blog\\\/evora-la-sorprendente-ciudad-de-las-tres-murallas\\\/#breadcrumb\",\"itemListElement\":[{\"@type\":\"ListItem\",\"position\":1,\"name\":\"Inicio\",\"item\":\"https:\\\/\\\/www.escapadarural.com\\\/blog\\\/\"},{\"@type\":\"ListItem\",\"position\":2,\"name\":\"Destinos\",\"item\":\"https:\\\/\\\/www.escapadarural.com\\\/blog\\\/categoria\\\/destinos\\\/\"},{\"@type\":\"ListItem\",\"position\":3,\"name\":\"\u00c9vora, la sorprendente ciudad de las tres murallas\"}]},{\"@type\":\"WebSite\",\"@id\":\"https:\\\/\\\/www.escapadarural.com\\\/blog\\\/#website\",\"url\":\"https:\\\/\\\/www.escapadarural.com\\\/blog\\\/\",\"name\":\"Blog de viajes | turismo rural, alojamientos e inspiraci\u00f3n\",\"description\":\"Alojamientos rurales e inspiraci\u00f3n para tus escapadas\",\"publisher\":{\"@id\":\"https:\\\/\\\/www.escapadarural.com\\\/blog\\\/#organization\"},\"alternateName\":\"Magazine de viajes de EscapadaRural\",\"potentialAction\":[{\"@type\":\"SearchAction\",\"target\":{\"@type\":\"EntryPoint\",\"urlTemplate\":\"https:\\\/\\\/www.escapadarural.com\\\/blog\\\/?s={search_term_string}\"},\"query-input\":{\"@type\":\"PropertyValueSpecification\",\"valueRequired\":true,\"valueName\":\"search_term_string\"}}],\"inLanguage\":\"es\"},{\"@type\":\"Organization\",\"@id\":\"https:\\\/\\\/www.escapadarural.com\\\/blog\\\/#organization\",\"name\":\"EscapadaRural\",\"url\":\"https:\\\/\\\/www.escapadarural.com\\\/blog\\\/\",\"logo\":{\"@type\":\"ImageObject\",\"inLanguage\":\"es\",\"@id\":\"https:\\\/\\\/www.escapadarural.com\\\/blog\\\/#\\\/schema\\\/logo\\\/image\\\/\",\"url\":\"https:\\\/\\\/www.escapadarural.com\\\/blog\\\/wp-content\\\/uploads\\\/2024\\\/10\\\/cropped-cropped-escapada-rural-icon-mag-3.png\",\"contentUrl\":\"https:\\\/\\\/www.escapadarural.com\\\/blog\\\/wp-content\\\/uploads\\\/2024\\\/10\\\/cropped-cropped-escapada-rural-icon-mag-3.png\",\"width\":512,\"height\":512,\"caption\":\"EscapadaRural\"},\"image\":{\"@id\":\"https:\\\/\\\/www.escapadarural.com\\\/blog\\\/#\\\/schema\\\/logo\\\/image\\\/\"},\"sameAs\":[\"https:\\\/\\\/www.facebook.com\\\/escapadarural\",\"https:\\\/\\\/www.instagram.com\\\/escapadarural\\\/\",\"https:\\\/\\\/www.youtube.com\\\/@escapadaruralcom\"]},{\"@type\":\"Person\",\"@id\":\"https:\\\/\\\/www.escapadarural.com\\\/blog\\\/#\\\/schema\\\/person\\\/ac6969ba5ab90987dda9465be409d6b3\",\"name\":\"Jos\u00e9 Alejandro Adamuz\",\"image\":{\"@type\":\"ImageObject\",\"inLanguage\":\"es\",\"@id\":\"https:\\\/\\\/www.escapadarural.com\\\/blog\\\/wp-content\\\/uploads\\\/2025\\\/02\\\/cropped-jose_alejandro_viajar-96x96.webp\",\"url\":\"https:\\\/\\\/www.escapadarural.com\\\/blog\\\/wp-content\\\/uploads\\\/2025\\\/02\\\/cropped-jose_alejandro_viajar-96x96.webp\",\"contentUrl\":\"https:\\\/\\\/www.escapadarural.com\\\/blog\\\/wp-content\\\/uploads\\\/2025\\\/02\\\/cropped-jose_alejandro_viajar-96x96.webp\",\"caption\":\"Jos\u00e9 Alejandro Adamuz\"},\"description\":\"Soy licenciado en filolog\u00eda hisp\u00e1nica y periodista por vocaci\u00f3n. Tambi\u00e9n soy disl\u00e9xico, por lo que suelo confundir la derecha con la izquierda y los kil\u00f3metros con la literatura. Pero de momento me va bien as\u00ed. Colaboro habitualmente en diferentes medios haciendo cr\u00f3nica de viajes y periodismo cultural. Me gusta que los viajes cuenten historias y que las historias me hagan viajar.\",\"sameAs\":[\"https:\\\/\\\/viviratodaletra.com\\\/\"],\"url\":\"https:\\\/\\\/www.escapadarural.com\\\/blog\\\/autor\\\/josealejandro\\\/\"}]}<\/script>\n<!-- \/ Yoast SEO plugin. -->","yoast_head_json":{"title":"\u00c9vora, la sorprendente ciudad de las tres murallas - EscapadaRural","robots":{"index":"index","follow":"follow","max-snippet":"max-snippet:-1","max-image-preview":"max-image-preview:large","max-video-preview":"max-video-preview:-1"},"canonical":"https:\/\/www.escapadarural.com\/blog\/evora-la-sorprendente-ciudad-de-las-tres-murallas\/","og_locale":"es_ES","og_type":"article","og_title":"\u00c9vora, la sorprendente ciudad de las tres murallas - EscapadaRural","og_description":"\u00c9vora es una de las ciudades m\u00e1s bellas de Portugal. Por supuesto, como evidencian algunos restos arqueol\u00f3gicos romanos, tambi\u00e9n es una de las m\u00e1s antiguas del pa\u00eds.","og_url":"https:\/\/www.escapadarural.com\/blog\/evora-la-sorprendente-ciudad-de-las-tres-murallas\/","og_site_name":"Magazine de viajes de EscapadaRural","article_publisher":"https:\/\/www.facebook.com\/escapadarural","article_published_time":"2018-11-06T09:30:34+00:00","article_modified_time":"2024-12-23T17:07:48+00:00","og_image":[{"width":1024,"height":677,"url":"https:\/\/www.escapadarural.com\/blog\/wp-content\/uploads\/2024\/10\/evora1-1-4.jpg","type":"image\/jpeg"}],"author":"Jos\u00e9 Alejandro Adamuz","twitter_card":"summary_large_image","twitter_misc":{"Escrito por":"Jos\u00e9 Alejandro Adamuz","Tiempo de lectura":"5 minutos"},"schema":{"@context":"https:\/\/schema.org","@graph":[{"@type":"Article","@id":"https:\/\/www.escapadarural.com\/blog\/evora-la-sorprendente-ciudad-de-las-tres-murallas\/#article","isPartOf":{"@id":"https:\/\/www.escapadarural.com\/blog\/evora-la-sorprendente-ciudad-de-las-tres-murallas\/"},"author":{"name":"Jos\u00e9 Alejandro Adamuz","@id":"https:\/\/www.escapadarural.com\/blog\/#\/schema\/person\/ac6969ba5ab90987dda9465be409d6b3"},"headline":"\u00c9vora, la sorprendente ciudad de las tres murallas","datePublished":"2018-11-06T09:30:34+00:00","dateModified":"2024-12-23T17:07:48+00:00","mainEntityOfPage":{"@id":"https:\/\/www.escapadarural.com\/blog\/evora-la-sorprendente-ciudad-de-las-tres-murallas\/"},"wordCount":1106,"commentCount":0,"publisher":{"@id":"https:\/\/www.escapadarural.com\/blog\/#organization"},"image":{"@id":"https:\/\/www.escapadarural.com\/blog\/evora-la-sorprendente-ciudad-de-las-tres-murallas\/#primaryimage"},"thumbnailUrl":"https:\/\/www.escapadarural.com\/blog\/wp-content\/uploads\/2024\/10\/evora1-1-4.jpg","keywords":["art\u00edculo","Cetro de Portugal","\u00c9vora","portugal","pueblos"],"articleSection":["Destinos"],"inLanguage":"es","potentialAction":[{"@type":"CommentAction","name":"Comment","target":["https:\/\/www.escapadarural.com\/blog\/evora-la-sorprendente-ciudad-de-las-tres-murallas\/#respond"]}]},{"@type":"WebPage","@id":"https:\/\/www.escapadarural.com\/blog\/evora-la-sorprendente-ciudad-de-las-tres-murallas\/","url":"https:\/\/www.escapadarural.com\/blog\/evora-la-sorprendente-ciudad-de-las-tres-murallas\/","name":"\u00c9vora, la sorprendente ciudad de las tres murallas - EscapadaRural","isPartOf":{"@id":"https:\/\/www.escapadarural.com\/blog\/#website"},"primaryImageOfPage":{"@id":"https:\/\/www.escapadarural.com\/blog\/evora-la-sorprendente-ciudad-de-las-tres-murallas\/#primaryimage"},"image":{"@id":"https:\/\/www.escapadarural.com\/blog\/evora-la-sorprendente-ciudad-de-las-tres-murallas\/#primaryimage"},"thumbnailUrl":"https:\/\/www.escapadarural.com\/blog\/wp-content\/uploads\/2024\/10\/evora1-1-4.jpg","datePublished":"2018-11-06T09:30:34+00:00","dateModified":"2024-12-23T17:07:48+00:00","breadcrumb":{"@id":"https:\/\/www.escapadarural.com\/blog\/evora-la-sorprendente-ciudad-de-las-tres-murallas\/#breadcrumb"},"inLanguage":"es","potentialAction":[{"@type":"ReadAction","target":["https:\/\/www.escapadarural.com\/blog\/evora-la-sorprendente-ciudad-de-las-tres-murallas\/"]}]},{"@type":"ImageObject","inLanguage":"es","@id":"https:\/\/www.escapadarural.com\/blog\/evora-la-sorprendente-ciudad-de-las-tres-murallas\/#primaryimage","url":"https:\/\/www.escapadarural.com\/blog\/wp-content\/uploads\/2024\/10\/evora1-1-4.jpg","contentUrl":"https:\/\/www.escapadarural.com\/blog\/wp-content\/uploads\/2024\/10\/evora1-1-4.jpg","width":1024,"height":677,"caption":"Una plaza hist\u00f3rica con calles adoquinadas, gente paseando, mesas de caf\u00e9 al aire libre con sombrillas y una gran iglesia antigua con dos torres. Edificios blancos con balcones se alinean a la derecha bajo un cielo azul."},{"@type":"BreadcrumbList","@id":"https:\/\/www.escapadarural.com\/blog\/evora-la-sorprendente-ciudad-de-las-tres-murallas\/#breadcrumb","itemListElement":[{"@type":"ListItem","position":1,"name":"Inicio","item":"https:\/\/www.escapadarural.com\/blog\/"},{"@type":"ListItem","position":2,"name":"Destinos","item":"https:\/\/www.escapadarural.com\/blog\/categoria\/destinos\/"},{"@type":"ListItem","position":3,"name":"\u00c9vora, la sorprendente ciudad de las tres murallas"}]},{"@type":"WebSite","@id":"https:\/\/www.escapadarural.com\/blog\/#website","url":"https:\/\/www.escapadarural.com\/blog\/","name":"Blog de viajes | turismo rural, alojamientos e inspiraci\u00f3n","description":"Alojamientos rurales e inspiraci\u00f3n para tus escapadas","publisher":{"@id":"https:\/\/www.escapadarural.com\/blog\/#organization"},"alternateName":"Magazine de viajes de EscapadaRural","potentialAction":[{"@type":"SearchAction","target":{"@type":"EntryPoint","urlTemplate":"https:\/\/www.escapadarural.com\/blog\/?s={search_term_string}"},"query-input":{"@type":"PropertyValueSpecification","valueRequired":true,"valueName":"search_term_string"}}],"inLanguage":"es"},{"@type":"Organization","@id":"https:\/\/www.escapadarural.com\/blog\/#organization","name":"EscapadaRural","url":"https:\/\/www.escapadarural.com\/blog\/","logo":{"@type":"ImageObject","inLanguage":"es","@id":"https:\/\/www.escapadarural.com\/blog\/#\/schema\/logo\/image\/","url":"https:\/\/www.escapadarural.com\/blog\/wp-content\/uploads\/2024\/10\/cropped-cropped-escapada-rural-icon-mag-3.png","contentUrl":"https:\/\/www.escapadarural.com\/blog\/wp-content\/uploads\/2024\/10\/cropped-cropped-escapada-rural-icon-mag-3.png","width":512,"height":512,"caption":"EscapadaRural"},"image":{"@id":"https:\/\/www.escapadarural.com\/blog\/#\/schema\/logo\/image\/"},"sameAs":["https:\/\/www.facebook.com\/escapadarural","https:\/\/www.instagram.com\/escapadarural\/","https:\/\/www.youtube.com\/@escapadaruralcom"]},{"@type":"Person","@id":"https:\/\/www.escapadarural.com\/blog\/#\/schema\/person\/ac6969ba5ab90987dda9465be409d6b3","name":"Jos\u00e9 Alejandro Adamuz","image":{"@type":"ImageObject","inLanguage":"es","@id":"https:\/\/www.escapadarural.com\/blog\/wp-content\/uploads\/2025\/02\/cropped-jose_alejandro_viajar-96x96.webp","url":"https:\/\/www.escapadarural.com\/blog\/wp-content\/uploads\/2025\/02\/cropped-jose_alejandro_viajar-96x96.webp","contentUrl":"https:\/\/www.escapadarural.com\/blog\/wp-content\/uploads\/2025\/02\/cropped-jose_alejandro_viajar-96x96.webp","caption":"Jos\u00e9 Alejandro Adamuz"},"description":"Soy licenciado en filolog\u00eda hisp\u00e1nica y periodista por vocaci\u00f3n. Tambi\u00e9n soy disl\u00e9xico, por lo que suelo confundir la derecha con la izquierda y los kil\u00f3metros con la literatura. Pero de momento me va bien as\u00ed. Colaboro habitualmente en diferentes medios haciendo cr\u00f3nica de viajes y periodismo cultural. Me gusta que los viajes cuenten historias y que las historias me hagan viajar.","sameAs":["https:\/\/viviratodaletra.com\/"],"url":"https:\/\/www.escapadarural.com\/blog\/autor\/josealejandro\/"}]}},"_links":{"self":[{"href":"https:\/\/www.escapadarural.com\/blog\/wp-json\/wp\/v2\/posts\/10327","targetHints":{"allow":["GET"]}}],"collection":[{"href":"https:\/\/www.escapadarural.com\/blog\/wp-json\/wp\/v2\/posts"}],"about":[{"href":"https:\/\/www.escapadarural.com\/blog\/wp-json\/wp\/v2\/types\/post"}],"author":[{"embeddable":true,"href":"https:\/\/www.escapadarural.com\/blog\/wp-json\/wp\/v2\/users\/112"}],"replies":[{"embeddable":true,"href":"https:\/\/www.escapadarural.com\/blog\/wp-json\/wp\/v2\/comments?post=10327"}],"version-history":[{"count":0,"href":"https:\/\/www.escapadarural.com\/blog\/wp-json\/wp\/v2\/posts\/10327\/revisions"}],"wp:featuredmedia":[{"embeddable":true,"href":"https:\/\/www.escapadarural.com\/blog\/wp-json\/wp\/v2\/media\/104065"}],"wp:attachment":[{"href":"https:\/\/www.escapadarural.com\/blog\/wp-json\/wp\/v2\/media?parent=10327"}],"wp:term":[{"taxonomy":"category","embeddable":true,"href":"https:\/\/www.escapadarural.com\/blog\/wp-json\/wp\/v2\/categories?post=10327"},{"taxonomy":"post_tag","embeddable":true,"href":"https:\/\/www.escapadarural.com\/blog\/wp-json\/wp\/v2\/tags?post=10327"}],"curies":[{"name":"wp","href":"https:\/\/api.w.org\/{rel}","templated":true}]}}