{"id":10418,"date":"2019-01-15T09:30:38","date_gmt":"2019-01-15T09:30:38","guid":{"rendered":"http:\/\/15.188.81.248\/2019\/01\/15\/villas-costeras-de-portugal-con-mucho-encanto\/"},"modified":"2024-12-23T19:07:44","modified_gmt":"2024-12-23T17:07:44","slug":"villas-costeras-de-portugal-con-mucho-encanto","status":"publish","type":"post","link":"https:\/\/www.escapadarural.com\/blog\/villas-costeras-de-portugal-con-mucho-encanto\/","title":{"rendered":"5 villas costeras de Portugal con mucho encanto"},"content":{"rendered":"\n<figure class=\"wp-block-image size-large\"><a href=\"https:\/\/www.escapadarural.com\/blog\/wp-content\/uploads\/2019\/01\/Azenhas-do-Mar1-1.jpg\"><img decoding=\"async\" src=\"https:\/\/www.escapadarural.com\/blog\/wp-content\/uploads\/2019\/01\/Azenhas-do-Mar1-1.jpg\" alt=\"Azenhas do Mar\" class=\"wp-image-25186\"\/><\/a><figcaption class=\"wp-element-caption\">Por PUNTO STUDIO FOTO AG<\/figcaption><\/figure>\n\n\n\n<p>Tal vez fuera Vitorino Nem\u00e9sio, el poeta de las Azores, quien cantase uno de los versos m\u00e1s bellos acerca del sentimiento que nos produce la visi\u00f3n del mar: <em>Quando penso no mar, o mar regressa \/ A certa forma que s\u00f3 teve em mim \/ Que onde ele acaba, o cora\u00e7\u00e3o come\u00e7a<\/em>.<\/p>\n\n\n\n<p>Donde el mar termina, el coraz\u00f3n comienza: as\u00ed es en estas <strong>villas costeras de Portugal<\/strong>. En ellas, m\u00e1s grandes o m\u00e1s peque\u00f1as, nos aguardan kil\u00f3metros de playas, acantilados, olas que marcan el paso del tiempo, tradiciones y, por supuesto, mucho coraz\u00f3n.<\/p>\n\n\n\n<!--more-->\n\n\n\n<h2 class=\"wp-block-heading title-rute\">Aljezur<\/h2>\n\n\n\n<figure class=\"wp-block-image size-large\"><a href=\"https:\/\/www.escapadarural.com\/blog\/wp-content\/uploads\/2019\/01\/Aljezur_Portugal-1.jpg\"><img decoding=\"async\" src=\"https:\/\/www.escapadarural.com\/blog\/wp-content\/uploads\/2019\/01\/Aljezur_Portugal-1.jpg\" alt=\"Aljezur\" class=\"wp-image-25185\"\/><\/a><figcaption class=\"wp-element-caption\">Por moedas1<\/figcaption><\/figure>\n\n\n\n<p>Saliendo del casco antiguo amurallado de Lagos, la carretera parece alejarnos del mar; pero la verdad es que nos acerca, s\u00f3lo que primero hay que recorrer parte del interior del Algarve, encadenar estampas monta\u00f1osas y cruzar un valle para encontrarnos de golpe con la blancura de la villa de Aljezur. Pero lo mejor de este peque\u00f1o pueblo est\u00e1 a su alrededor, de cara al Atl\u00e1ntico.<\/p>\n\n\n\n<p>Aljezur, ubicada en la reserva natural de la costa Vicentina, se mantiene alejada del turismo de masas para regalarnos algunas de las <strong>playas m\u00e1s espl\u00e9ndidas de Portugal<\/strong>: las hay peque\u00f1as, amplias, de arena, agitadas por las olas, entre acantilados, playas v\u00edrgenes de esas en las que tu huella queda marcada en solitario. Podemos ir de playa en playa por caminos con vistas espectaculares. Playas como la de Amado, Bordeira o Arrifana, una lengua dorada de arena abrazada por un acantilado, har\u00e1n las delicias de los m\u00e1s exigentes.<\/p>\n\n\n\n<h2 class=\"wp-block-heading title-rute\">Sesimbra<\/h2>\n\n\n\n<figure class=\"wp-block-image size-large\"><a href=\"https:\/\/www.escapadarural.com\/blog\/wp-content\/uploads\/2019\/01\/Sesimbra-1.jpg\"><img decoding=\"async\" src=\"https:\/\/www.escapadarural.com\/blog\/wp-content\/uploads\/2019\/01\/Sesimbra-1.jpg\" alt=\"Sesimbra\" class=\"wp-image-25184\"\/><\/a><figcaption class=\"wp-element-caption\">Por Helissa<\/figcaption><\/figure>\n\n\n\n<p>A poco menos de una hora de Lisboa, esta villa pas\u00f3 de pueblo pesquero a lugar de vacaciones sin traicionar por ello su encanto. Basta caminar por el espig\u00f3n de Praia do Ouro para darse cuenta de ello: el agua turquesa y calma, las monta\u00f1as verdes, al fondo, el castillo en lo alto y la <strong>fortaleza santiago Sesimbra en la arena<\/strong>, habl\u00e1ndonos de otros tiempos m\u00e1s arriesgados de este bello litoral, que se remontan a la Edad Media.<\/p>\n\n\n\n<p>En el otro extremo de la bah\u00eda, el peque\u00f1o faro indica la entrada al puerto y en \u00e9l, un banco se convierte en el mejor mirador para ver c\u00f3mo el atardecer juega con los colores del mar. Adem\u00e1s de su playa, otro de los atractivos de Sesimbra es su gastronom\u00eda, en especial el pez espada, que podremos disfrutar en la tradicional zona pesquera. Como a\u00f1adido, al este, nos aguarda el Parque Natural da Arr\u00e1bida con una zona de reserva marina.<\/p>\n\n\n\n<h2 class=\"wp-block-heading title-rute\">Nazar\u00e9<\/h2>\n\n\n\n<figure class=\"wp-block-image size-large\"><a href=\"https:\/\/www.escapadarural.com\/blog\/wp-content\/uploads\/2019\/01\/nazare-1.jpg\"><img decoding=\"async\" src=\"https:\/\/www.escapadarural.com\/blog\/wp-content\/uploads\/2019\/01\/nazare-1.jpg\" alt=\"Nazar\u00e9\" class=\"wp-image-25183\"\/><\/a><figcaption class=\"wp-element-caption\">Por laurent6494<\/figcaption><\/figure>\n\n\n\n<p>De encantadora villa pesquera a ser la <strong>meca del surf<\/strong> extremo va poco, bastan un par de olas gigantes de m\u00e1s de 20 metros de altura. Es lo que le sucedi\u00f3 a Nazar\u00e9, la Regi\u00f3n Centro de Portugal. Desde entonces, en la ciudad baja, tocando la arena de la playa do Norte, se abrieron hoteles, tiendas de recuerdos y algunos restaurantes. Pero, entre la animaci\u00f3n de viajeros y surfers de todo el mundo, se siguen viendo a las mujeres en su tradicional tarea del secado de pescado.<\/p>\n\n\n\n<p>Encontramos los or\u00edgenes de Nazar\u00e9 (se remontan a 1182) en la peque\u00f1a ermita de la Memoria y la iglesia de Nossa Senhora da Nazar\u00e9. Mientras, el fen\u00f3meno de las olas gigantes que la ha llevado a la fama internacional se debe a la forma de embudo de un valle submarino de una profundidad de unos 5.000 metros. Su efecto sobre el mar se puede ver desde el fuerte de San Miguel, en la playa do Norte.<\/p>\n\n\n\n<h2 class=\"wp-block-heading title-rute\">Azenhas do Mar<\/h2>\n\n\n\n<figure class=\"wp-block-image size-large\"><a href=\"https:\/\/www.escapadarural.com\/blog\/wp-content\/uploads\/2019\/01\/Azenhas-do-Mar-1.jpg\"><img decoding=\"async\" src=\"https:\/\/www.escapadarural.com\/blog\/wp-content\/uploads\/2019\/01\/Azenhas-do-Mar-1.jpg\" alt=\"Azenhas do Mar\" class=\"wp-image-25182\"\/><\/a><figcaption class=\"wp-element-caption\">Por SeanPavonePhoto<\/figcaption><\/figure>\n\n\n\n<p>A tan s\u00f3lo 45 minutos de Lisboa encontramos una de las maravillas del litoral portugu\u00e9s. Azenhas do Mar es un espect\u00e1culo de la naturaleza. Nuestra primera toma de contacto ser\u00e1 desde el mirador de la carretera y las escaleras que descienden a su peque\u00f1a playa salpicada de grandes rocas. Desde all\u00ed se ve el <strong>pueblo encaramado en las roca del acantilado<\/strong>, a distancia del fuerte oleaje del oc\u00e9ano Atl\u00e1ntico.<\/p>\n\n\n\n<p>Seg\u00fan c\u00f3mo van las mareas, el oc\u00e9ano deja una piscina de agua salada en la playa en la que darse un relajado ba\u00f1o. Para cuando el hambre ataque, nos esperan las antiguas bodegas de Azenhas, ubicadas justo a la entrada de Azenhas do Mar. Si nos cansamos de este para\u00edso natural \u2013todo es posible\u2013 tenemos otro tesoro muy cerca: Sintra y su palacio da Pena se encuentran a solo 15 minutos en coche.<\/p>\n\n\n\n<h2 class=\"wp-block-heading title-rute\">Ericeira<\/h2>\n\n\n\n<figure class=\"wp-block-image size-large\"><a href=\"https:\/\/www.escapadarural.com\/blog\/wp-content\/uploads\/2019\/01\/Ericeira1-1.jpg\"><img decoding=\"async\" src=\"https:\/\/www.escapadarural.com\/blog\/wp-content\/uploads\/2019\/01\/Ericeira1-1.jpg\" alt=\"Ericeira\" class=\"wp-image-25181\"\/><\/a><figcaption class=\"wp-element-caption\">Por joyt<\/figcaption><\/figure>\n\n\n\n<p>El litoral de Ericeira es como una guirnalda de playas, todas seguidas y a cada cual m\u00e1s bella. Las laber\u00ednticas calles del centro van a dar todas al mar, as\u00ed que mejor tom\u00e1rselo con calma: ser\u00e1 a Praia do Norte o a Praia dos Pescadores. El resultado no ser\u00e1 del todo el mismo, la primera est\u00e1 m\u00e1s abierta al Atl\u00e1ntico y tiene olas; la segunda, refugiada por el largo espig\u00f3n, est\u00e1 m\u00e1s calmada.<\/p>\n\n\n\n<p>Ericeira se ha convertido en un gran destino de veraneo sin perder la magia de su bello barrio antiguo, con la iglesia parroquial, las calles empedradas y todas sus casas blancas y con detalles de azul mar. El resultado es una simp\u00e1tica mezcla entre <strong>villa tradicional y ambiente surfero<\/strong>. Para atardeceres, todos est\u00e1n de acuerdo: mejor desde el Parque de Santa Marta.<\/p>\n\n\n\n<h2 class=\"wp-block-heading title-rute\">Casas rurales en Portugal<\/h2>\n","protected":false},"excerpt":{"rendered":"<p>Kil\u00f3metros de playas, acantilados, olas que marcan el paso del tiempo, tradiciones y, por supuesto, mucho coraz\u00f3n. Os presentamos 5 villas marineras de Portugal cuya arquitectura y ubicaci\u00f3n te enamorar\u00e1n. <\/p>\n","protected":false},"author":112,"featured_media":103861,"comment_status":"open","ping_status":"closed","sticky":false,"template":"","format":"standard","meta":{"_acf_changed":false,"om_disable_all_campaigns":false,"footnotes":""},"categories":[191],"tags":[2208,2209,691,2210,215,2211,192,538,212,2212,2213],"class_list":["post-10418","post","type-post","status-publish","format-standard","has-post-thumbnail","hentry","category-destinos","tag-aljezur","tag-azenhas-do-mar","tag-costa","tag-ericeira","tag-listado","tag-nazare","tag-playas","tag-portugal","tag-pueblos","tag-sesimbra","tag-villas"],"acf":[],"featured_image_src":"https:\/\/www.escapadarural.com\/blog\/wp-content\/uploads\/2024\/10\/Azenhas-do-Mar1-1-3.jpg","author_info":{"display_name":"Jos\u00e9 Alejandro Adamuz","author_link":"https:\/\/www.escapadarural.com\/blog\/autor\/josealejandro\/"},"yoast_head":"<!-- This site is optimized with the Yoast SEO plugin v27.5 - https:\/\/yoast.com\/product\/yoast-seo-wordpress\/ -->\n<title>5 villas costeras de Portugal con mucho encanto - EscapadaRural<\/title>\n<meta name=\"robots\" content=\"index, follow, max-snippet:-1, max-image-preview:large, max-video-preview:-1\" \/>\n<link rel=\"canonical\" href=\"https:\/\/www.escapadarural.com\/blog\/villas-costeras-de-portugal-con-mucho-encanto\/\" \/>\n<meta property=\"og:locale\" content=\"es_ES\" \/>\n<meta property=\"og:type\" content=\"article\" \/>\n<meta property=\"og:title\" content=\"5 villas costeras de Portugal con mucho encanto - EscapadaRural\" \/>\n<meta property=\"og:description\" content=\"Kil\u00f3metros de playas, acantilados, olas que marcan el paso del tiempo, tradiciones y, por supuesto, mucho coraz\u00f3n. Os presentamos 5 villas marineras de Portugal cuya arquitectura y ubicaci\u00f3n te enamorar\u00e1n.\" \/>\n<meta property=\"og:url\" content=\"https:\/\/www.escapadarural.com\/blog\/villas-costeras-de-portugal-con-mucho-encanto\/\" \/>\n<meta property=\"og:site_name\" content=\"Magazine de viajes de EscapadaRural\" \/>\n<meta property=\"article:publisher\" content=\"https:\/\/www.facebook.com\/escapadarural\" \/>\n<meta property=\"article:published_time\" content=\"2019-01-15T09:30:38+00:00\" \/>\n<meta property=\"article:modified_time\" content=\"2024-12-23T17:07:44+00:00\" \/>\n<meta property=\"og:image\" content=\"https:\/\/www.escapadarural.com\/blog\/wp-content\/uploads\/2024\/10\/Azenhas-do-Mar1-1-3.jpg\" \/>\n\t<meta property=\"og:image:width\" content=\"1024\" \/>\n\t<meta property=\"og:image:height\" content=\"682\" \/>\n\t<meta property=\"og:image:type\" content=\"image\/jpeg\" \/>\n<meta name=\"author\" content=\"Jos\u00e9 Alejandro Adamuz\" \/>\n<meta name=\"twitter:card\" content=\"summary_large_image\" \/>\n<meta name=\"twitter:label1\" content=\"Escrito por\" \/>\n\t<meta name=\"twitter:data1\" content=\"Jos\u00e9 Alejandro Adamuz\" \/>\n\t<meta name=\"twitter:label2\" content=\"Tiempo de lectura\" \/>\n\t<meta name=\"twitter:data2\" content=\"5 minutos\" \/>\n<script type=\"application\/ld+json\" class=\"yoast-schema-graph\">{\"@context\":\"https:\\\/\\\/schema.org\",\"@graph\":[{\"@type\":\"Article\",\"@id\":\"https:\\\/\\\/www.escapadarural.com\\\/blog\\\/villas-costeras-de-portugal-con-mucho-encanto\\\/#article\",\"isPartOf\":{\"@id\":\"https:\\\/\\\/www.escapadarural.com\\\/blog\\\/villas-costeras-de-portugal-con-mucho-encanto\\\/\"},\"author\":{\"name\":\"Jos\u00e9 Alejandro Adamuz\",\"@id\":\"https:\\\/\\\/www.escapadarural.com\\\/blog\\\/#\\\/schema\\\/person\\\/ac6969ba5ab90987dda9465be409d6b3\"},\"headline\":\"5 villas costeras de Portugal con mucho encanto\",\"datePublished\":\"2019-01-15T09:30:38+00:00\",\"dateModified\":\"2024-12-23T17:07:44+00:00\",\"mainEntityOfPage\":{\"@id\":\"https:\\\/\\\/www.escapadarural.com\\\/blog\\\/villas-costeras-de-portugal-con-mucho-encanto\\\/\"},\"wordCount\":927,\"commentCount\":0,\"publisher\":{\"@id\":\"https:\\\/\\\/www.escapadarural.com\\\/blog\\\/#organization\"},\"image\":{\"@id\":\"https:\\\/\\\/www.escapadarural.com\\\/blog\\\/villas-costeras-de-portugal-con-mucho-encanto\\\/#primaryimage\"},\"thumbnailUrl\":\"https:\\\/\\\/www.escapadarural.com\\\/blog\\\/wp-content\\\/uploads\\\/2024\\\/10\\\/Azenhas-do-Mar1-1-3.jpg\",\"keywords\":[\"Aljezur\",\"Azenhas do Mar\",\"Costa\",\"Ericeira\",\"Listado\",\"Nazar\u00e9\",\"playas\",\"portugal\",\"pueblos\",\"Sesimbra\",\"villas\"],\"articleSection\":[\"Destinos\"],\"inLanguage\":\"es\",\"potentialAction\":[{\"@type\":\"CommentAction\",\"name\":\"Comment\",\"target\":[\"https:\\\/\\\/www.escapadarural.com\\\/blog\\\/villas-costeras-de-portugal-con-mucho-encanto\\\/#respond\"]}]},{\"@type\":\"WebPage\",\"@id\":\"https:\\\/\\\/www.escapadarural.com\\\/blog\\\/villas-costeras-de-portugal-con-mucho-encanto\\\/\",\"url\":\"https:\\\/\\\/www.escapadarural.com\\\/blog\\\/villas-costeras-de-portugal-con-mucho-encanto\\\/\",\"name\":\"5 villas costeras de Portugal con mucho encanto - EscapadaRural\",\"isPartOf\":{\"@id\":\"https:\\\/\\\/www.escapadarural.com\\\/blog\\\/#website\"},\"primaryImageOfPage\":{\"@id\":\"https:\\\/\\\/www.escapadarural.com\\\/blog\\\/villas-costeras-de-portugal-con-mucho-encanto\\\/#primaryimage\"},\"image\":{\"@id\":\"https:\\\/\\\/www.escapadarural.com\\\/blog\\\/villas-costeras-de-portugal-con-mucho-encanto\\\/#primaryimage\"},\"thumbnailUrl\":\"https:\\\/\\\/www.escapadarural.com\\\/blog\\\/wp-content\\\/uploads\\\/2024\\\/10\\\/Azenhas-do-Mar1-1-3.jpg\",\"datePublished\":\"2019-01-15T09:30:38+00:00\",\"dateModified\":\"2024-12-23T17:07:44+00:00\",\"breadcrumb\":{\"@id\":\"https:\\\/\\\/www.escapadarural.com\\\/blog\\\/villas-costeras-de-portugal-con-mucho-encanto\\\/#breadcrumb\"},\"inLanguage\":\"es\",\"potentialAction\":[{\"@type\":\"ReadAction\",\"target\":[\"https:\\\/\\\/www.escapadarural.com\\\/blog\\\/villas-costeras-de-portugal-con-mucho-encanto\\\/\"]}]},{\"@type\":\"ImageObject\",\"inLanguage\":\"es\",\"@id\":\"https:\\\/\\\/www.escapadarural.com\\\/blog\\\/villas-costeras-de-portugal-con-mucho-encanto\\\/#primaryimage\",\"url\":\"https:\\\/\\\/www.escapadarural.com\\\/blog\\\/wp-content\\\/uploads\\\/2024\\\/10\\\/Azenhas-do-Mar1-1-3.jpg\",\"contentUrl\":\"https:\\\/\\\/www.escapadarural.com\\\/blog\\\/wp-content\\\/uploads\\\/2024\\\/10\\\/Azenhas-do-Mar1-1-3.jpg\",\"width\":1024,\"height\":682,\"caption\":\"Azenhas do mar. Por PUNTO STUDIO FOTO AG\"},{\"@type\":\"BreadcrumbList\",\"@id\":\"https:\\\/\\\/www.escapadarural.com\\\/blog\\\/villas-costeras-de-portugal-con-mucho-encanto\\\/#breadcrumb\",\"itemListElement\":[{\"@type\":\"ListItem\",\"position\":1,\"name\":\"Inicio\",\"item\":\"https:\\\/\\\/www.escapadarural.com\\\/blog\\\/\"},{\"@type\":\"ListItem\",\"position\":2,\"name\":\"Destinos\",\"item\":\"https:\\\/\\\/www.escapadarural.com\\\/blog\\\/categoria\\\/destinos\\\/\"},{\"@type\":\"ListItem\",\"position\":3,\"name\":\"5 villas costeras de Portugal con mucho encanto\"}]},{\"@type\":\"WebSite\",\"@id\":\"https:\\\/\\\/www.escapadarural.com\\\/blog\\\/#website\",\"url\":\"https:\\\/\\\/www.escapadarural.com\\\/blog\\\/\",\"name\":\"Blog de viajes | turismo rural, alojamientos e inspiraci\u00f3n\",\"description\":\"Alojamientos rurales e inspiraci\u00f3n para tus escapadas\",\"publisher\":{\"@id\":\"https:\\\/\\\/www.escapadarural.com\\\/blog\\\/#organization\"},\"alternateName\":\"Magazine de viajes de EscapadaRural\",\"potentialAction\":[{\"@type\":\"SearchAction\",\"target\":{\"@type\":\"EntryPoint\",\"urlTemplate\":\"https:\\\/\\\/www.escapadarural.com\\\/blog\\\/?s={search_term_string}\"},\"query-input\":{\"@type\":\"PropertyValueSpecification\",\"valueRequired\":true,\"valueName\":\"search_term_string\"}}],\"inLanguage\":\"es\"},{\"@type\":\"Organization\",\"@id\":\"https:\\\/\\\/www.escapadarural.com\\\/blog\\\/#organization\",\"name\":\"EscapadaRural\",\"url\":\"https:\\\/\\\/www.escapadarural.com\\\/blog\\\/\",\"logo\":{\"@type\":\"ImageObject\",\"inLanguage\":\"es\",\"@id\":\"https:\\\/\\\/www.escapadarural.com\\\/blog\\\/#\\\/schema\\\/logo\\\/image\\\/\",\"url\":\"https:\\\/\\\/www.escapadarural.com\\\/blog\\\/wp-content\\\/uploads\\\/2024\\\/10\\\/cropped-cropped-escapada-rural-icon-mag-3.png\",\"contentUrl\":\"https:\\\/\\\/www.escapadarural.com\\\/blog\\\/wp-content\\\/uploads\\\/2024\\\/10\\\/cropped-cropped-escapada-rural-icon-mag-3.png\",\"width\":512,\"height\":512,\"caption\":\"EscapadaRural\"},\"image\":{\"@id\":\"https:\\\/\\\/www.escapadarural.com\\\/blog\\\/#\\\/schema\\\/logo\\\/image\\\/\"},\"sameAs\":[\"https:\\\/\\\/www.facebook.com\\\/escapadarural\",\"https:\\\/\\\/www.instagram.com\\\/escapadarural\\\/\",\"https:\\\/\\\/www.youtube.com\\\/@escapadaruralcom\"]},{\"@type\":\"Person\",\"@id\":\"https:\\\/\\\/www.escapadarural.com\\\/blog\\\/#\\\/schema\\\/person\\\/ac6969ba5ab90987dda9465be409d6b3\",\"name\":\"Jos\u00e9 Alejandro Adamuz\",\"image\":{\"@type\":\"ImageObject\",\"inLanguage\":\"es\",\"@id\":\"https:\\\/\\\/www.escapadarural.com\\\/blog\\\/wp-content\\\/uploads\\\/2025\\\/02\\\/cropped-jose_alejandro_viajar-96x96.webp\",\"url\":\"https:\\\/\\\/www.escapadarural.com\\\/blog\\\/wp-content\\\/uploads\\\/2025\\\/02\\\/cropped-jose_alejandro_viajar-96x96.webp\",\"contentUrl\":\"https:\\\/\\\/www.escapadarural.com\\\/blog\\\/wp-content\\\/uploads\\\/2025\\\/02\\\/cropped-jose_alejandro_viajar-96x96.webp\",\"caption\":\"Jos\u00e9 Alejandro Adamuz\"},\"description\":\"Soy licenciado en filolog\u00eda hisp\u00e1nica y periodista por vocaci\u00f3n. Tambi\u00e9n soy disl\u00e9xico, por lo que suelo confundir la derecha con la izquierda y los kil\u00f3metros con la literatura. Pero de momento me va bien as\u00ed. Colaboro habitualmente en diferentes medios haciendo cr\u00f3nica de viajes y periodismo cultural. Me gusta que los viajes cuenten historias y que las historias me hagan viajar.\",\"sameAs\":[\"https:\\\/\\\/viviratodaletra.com\\\/\"],\"url\":\"https:\\\/\\\/www.escapadarural.com\\\/blog\\\/autor\\\/josealejandro\\\/\"}]}<\/script>\n<!-- \/ Yoast SEO plugin. -->","yoast_head_json":{"title":"5 villas costeras de Portugal con mucho encanto - EscapadaRural","robots":{"index":"index","follow":"follow","max-snippet":"max-snippet:-1","max-image-preview":"max-image-preview:large","max-video-preview":"max-video-preview:-1"},"canonical":"https:\/\/www.escapadarural.com\/blog\/villas-costeras-de-portugal-con-mucho-encanto\/","og_locale":"es_ES","og_type":"article","og_title":"5 villas costeras de Portugal con mucho encanto - EscapadaRural","og_description":"Kil\u00f3metros de playas, acantilados, olas que marcan el paso del tiempo, tradiciones y, por supuesto, mucho coraz\u00f3n. Os presentamos 5 villas marineras de Portugal cuya arquitectura y ubicaci\u00f3n te enamorar\u00e1n.","og_url":"https:\/\/www.escapadarural.com\/blog\/villas-costeras-de-portugal-con-mucho-encanto\/","og_site_name":"Magazine de viajes de EscapadaRural","article_publisher":"https:\/\/www.facebook.com\/escapadarural","article_published_time":"2019-01-15T09:30:38+00:00","article_modified_time":"2024-12-23T17:07:44+00:00","og_image":[{"width":1024,"height":682,"url":"https:\/\/www.escapadarural.com\/blog\/wp-content\/uploads\/2024\/10\/Azenhas-do-Mar1-1-3.jpg","type":"image\/jpeg"}],"author":"Jos\u00e9 Alejandro Adamuz","twitter_card":"summary_large_image","twitter_misc":{"Escrito por":"Jos\u00e9 Alejandro Adamuz","Tiempo de lectura":"5 minutos"},"schema":{"@context":"https:\/\/schema.org","@graph":[{"@type":"Article","@id":"https:\/\/www.escapadarural.com\/blog\/villas-costeras-de-portugal-con-mucho-encanto\/#article","isPartOf":{"@id":"https:\/\/www.escapadarural.com\/blog\/villas-costeras-de-portugal-con-mucho-encanto\/"},"author":{"name":"Jos\u00e9 Alejandro Adamuz","@id":"https:\/\/www.escapadarural.com\/blog\/#\/schema\/person\/ac6969ba5ab90987dda9465be409d6b3"},"headline":"5 villas costeras de Portugal con mucho encanto","datePublished":"2019-01-15T09:30:38+00:00","dateModified":"2024-12-23T17:07:44+00:00","mainEntityOfPage":{"@id":"https:\/\/www.escapadarural.com\/blog\/villas-costeras-de-portugal-con-mucho-encanto\/"},"wordCount":927,"commentCount":0,"publisher":{"@id":"https:\/\/www.escapadarural.com\/blog\/#organization"},"image":{"@id":"https:\/\/www.escapadarural.com\/blog\/villas-costeras-de-portugal-con-mucho-encanto\/#primaryimage"},"thumbnailUrl":"https:\/\/www.escapadarural.com\/blog\/wp-content\/uploads\/2024\/10\/Azenhas-do-Mar1-1-3.jpg","keywords":["Aljezur","Azenhas do Mar","Costa","Ericeira","Listado","Nazar\u00e9","playas","portugal","pueblos","Sesimbra","villas"],"articleSection":["Destinos"],"inLanguage":"es","potentialAction":[{"@type":"CommentAction","name":"Comment","target":["https:\/\/www.escapadarural.com\/blog\/villas-costeras-de-portugal-con-mucho-encanto\/#respond"]}]},{"@type":"WebPage","@id":"https:\/\/www.escapadarural.com\/blog\/villas-costeras-de-portugal-con-mucho-encanto\/","url":"https:\/\/www.escapadarural.com\/blog\/villas-costeras-de-portugal-con-mucho-encanto\/","name":"5 villas costeras de Portugal con mucho encanto - EscapadaRural","isPartOf":{"@id":"https:\/\/www.escapadarural.com\/blog\/#website"},"primaryImageOfPage":{"@id":"https:\/\/www.escapadarural.com\/blog\/villas-costeras-de-portugal-con-mucho-encanto\/#primaryimage"},"image":{"@id":"https:\/\/www.escapadarural.com\/blog\/villas-costeras-de-portugal-con-mucho-encanto\/#primaryimage"},"thumbnailUrl":"https:\/\/www.escapadarural.com\/blog\/wp-content\/uploads\/2024\/10\/Azenhas-do-Mar1-1-3.jpg","datePublished":"2019-01-15T09:30:38+00:00","dateModified":"2024-12-23T17:07:44+00:00","breadcrumb":{"@id":"https:\/\/www.escapadarural.com\/blog\/villas-costeras-de-portugal-con-mucho-encanto\/#breadcrumb"},"inLanguage":"es","potentialAction":[{"@type":"ReadAction","target":["https:\/\/www.escapadarural.com\/blog\/villas-costeras-de-portugal-con-mucho-encanto\/"]}]},{"@type":"ImageObject","inLanguage":"es","@id":"https:\/\/www.escapadarural.com\/blog\/villas-costeras-de-portugal-con-mucho-encanto\/#primaryimage","url":"https:\/\/www.escapadarural.com\/blog\/wp-content\/uploads\/2024\/10\/Azenhas-do-Mar1-1-3.jpg","contentUrl":"https:\/\/www.escapadarural.com\/blog\/wp-content\/uploads\/2024\/10\/Azenhas-do-Mar1-1-3.jpg","width":1024,"height":682,"caption":"Azenhas do mar. Por PUNTO STUDIO FOTO AG"},{"@type":"BreadcrumbList","@id":"https:\/\/www.escapadarural.com\/blog\/villas-costeras-de-portugal-con-mucho-encanto\/#breadcrumb","itemListElement":[{"@type":"ListItem","position":1,"name":"Inicio","item":"https:\/\/www.escapadarural.com\/blog\/"},{"@type":"ListItem","position":2,"name":"Destinos","item":"https:\/\/www.escapadarural.com\/blog\/categoria\/destinos\/"},{"@type":"ListItem","position":3,"name":"5 villas costeras de Portugal con mucho encanto"}]},{"@type":"WebSite","@id":"https:\/\/www.escapadarural.com\/blog\/#website","url":"https:\/\/www.escapadarural.com\/blog\/","name":"Blog de viajes | turismo rural, alojamientos e inspiraci\u00f3n","description":"Alojamientos rurales e inspiraci\u00f3n para tus escapadas","publisher":{"@id":"https:\/\/www.escapadarural.com\/blog\/#organization"},"alternateName":"Magazine de viajes de EscapadaRural","potentialAction":[{"@type":"SearchAction","target":{"@type":"EntryPoint","urlTemplate":"https:\/\/www.escapadarural.com\/blog\/?s={search_term_string}"},"query-input":{"@type":"PropertyValueSpecification","valueRequired":true,"valueName":"search_term_string"}}],"inLanguage":"es"},{"@type":"Organization","@id":"https:\/\/www.escapadarural.com\/blog\/#organization","name":"EscapadaRural","url":"https:\/\/www.escapadarural.com\/blog\/","logo":{"@type":"ImageObject","inLanguage":"es","@id":"https:\/\/www.escapadarural.com\/blog\/#\/schema\/logo\/image\/","url":"https:\/\/www.escapadarural.com\/blog\/wp-content\/uploads\/2024\/10\/cropped-cropped-escapada-rural-icon-mag-3.png","contentUrl":"https:\/\/www.escapadarural.com\/blog\/wp-content\/uploads\/2024\/10\/cropped-cropped-escapada-rural-icon-mag-3.png","width":512,"height":512,"caption":"EscapadaRural"},"image":{"@id":"https:\/\/www.escapadarural.com\/blog\/#\/schema\/logo\/image\/"},"sameAs":["https:\/\/www.facebook.com\/escapadarural","https:\/\/www.instagram.com\/escapadarural\/","https:\/\/www.youtube.com\/@escapadaruralcom"]},{"@type":"Person","@id":"https:\/\/www.escapadarural.com\/blog\/#\/schema\/person\/ac6969ba5ab90987dda9465be409d6b3","name":"Jos\u00e9 Alejandro Adamuz","image":{"@type":"ImageObject","inLanguage":"es","@id":"https:\/\/www.escapadarural.com\/blog\/wp-content\/uploads\/2025\/02\/cropped-jose_alejandro_viajar-96x96.webp","url":"https:\/\/www.escapadarural.com\/blog\/wp-content\/uploads\/2025\/02\/cropped-jose_alejandro_viajar-96x96.webp","contentUrl":"https:\/\/www.escapadarural.com\/blog\/wp-content\/uploads\/2025\/02\/cropped-jose_alejandro_viajar-96x96.webp","caption":"Jos\u00e9 Alejandro Adamuz"},"description":"Soy licenciado en filolog\u00eda hisp\u00e1nica y periodista por vocaci\u00f3n. Tambi\u00e9n soy disl\u00e9xico, por lo que suelo confundir la derecha con la izquierda y los kil\u00f3metros con la literatura. Pero de momento me va bien as\u00ed. Colaboro habitualmente en diferentes medios haciendo cr\u00f3nica de viajes y periodismo cultural. Me gusta que los viajes cuenten historias y que las historias me hagan viajar.","sameAs":["https:\/\/viviratodaletra.com\/"],"url":"https:\/\/www.escapadarural.com\/blog\/autor\/josealejandro\/"}]}},"_links":{"self":[{"href":"https:\/\/www.escapadarural.com\/blog\/wp-json\/wp\/v2\/posts\/10418","targetHints":{"allow":["GET"]}}],"collection":[{"href":"https:\/\/www.escapadarural.com\/blog\/wp-json\/wp\/v2\/posts"}],"about":[{"href":"https:\/\/www.escapadarural.com\/blog\/wp-json\/wp\/v2\/types\/post"}],"author":[{"embeddable":true,"href":"https:\/\/www.escapadarural.com\/blog\/wp-json\/wp\/v2\/users\/112"}],"replies":[{"embeddable":true,"href":"https:\/\/www.escapadarural.com\/blog\/wp-json\/wp\/v2\/comments?post=10418"}],"version-history":[{"count":0,"href":"https:\/\/www.escapadarural.com\/blog\/wp-json\/wp\/v2\/posts\/10418\/revisions"}],"wp:featuredmedia":[{"embeddable":true,"href":"https:\/\/www.escapadarural.com\/blog\/wp-json\/wp\/v2\/media\/103861"}],"wp:attachment":[{"href":"https:\/\/www.escapadarural.com\/blog\/wp-json\/wp\/v2\/media?parent=10418"}],"wp:term":[{"taxonomy":"category","embeddable":true,"href":"https:\/\/www.escapadarural.com\/blog\/wp-json\/wp\/v2\/categories?post=10418"},{"taxonomy":"post_tag","embeddable":true,"href":"https:\/\/www.escapadarural.com\/blog\/wp-json\/wp\/v2\/tags?post=10418"}],"curies":[{"name":"wp","href":"https:\/\/api.w.org\/{rel}","templated":true}]}}