{"id":10478,"date":"2018-11-30T09:30:34","date_gmt":"2018-11-30T08:30:34","guid":{"rendered":"http:\/\/15.188.81.248\/2018\/11\/30\/sierra-espuna-y-valle-de-ricote-en-bicicleta\/"},"modified":"2025-02-10T19:43:44","modified_gmt":"2025-02-10T17:43:44","slug":"sierra-espuna-y-valle-de-ricote-en-bicicleta","status":"publish","type":"post","link":"https:\/\/www.escapadarural.com\/blog\/sierra-espuna-y-valle-de-ricote-en-bicicleta\/","title":{"rendered":"Sierra Espu\u00f1a y valle de Ricote en bicicleta"},"content":{"rendered":"\n<figure class=\"wp-block-image size-large\"><a href=\"https:\/\/www.escapadarural.com\/blog\/wp-content\/uploads\/2018\/11\/ricote1-1.jpg\"><img decoding=\"async\" src=\"https:\/\/www.escapadarural.com\/blog\/wp-content\/uploads\/2018\/11\/ricote1-1-1024x768.jpg\" alt=\"Sierra Espu\u00f1a\" class=\"wp-image-25392\"\/><\/a><figcaption class=\"wp-element-caption\">Por Germ\u00e1n Sierra<\/figcaption><\/figure>\n\n\n\n<p>La Regi\u00f3n de <a rel=\"noopener noreferrer\" href=\"https:\/\/www.escapadarural.com\/casas-rurales\/murcia\" target=\"_blank\" class=\"rank-math-link\">Murcia<\/a> es una de las zonas de Espa\u00f1a con m\u00e1s afici\u00f3n a la bicicleta. No es casualidad que el vigente campe\u00f3n del mundo de ciclismo en ruta, Alejandro Valverde, sea oriundo de Las Lumbreras. Se respira bici en todo el territorio porque sus paisajes y carreteras se prestan a la perfecci\u00f3n al disfrute sobre las dos ruedas, ya sea en carretera o en monta\u00f1a. Hemos realizado una traves\u00eda en bici por los espacios m\u00e1s relevantes de la <strong>Regi\u00f3n de Murcia<\/strong> para describirlos en dos post.<\/p>\n\n\n\n<p>Arrancamos en un lugar emblem\u00e1tico:el <strong>Parque Regional de Sierra Espu\u00f1a<\/strong>, un muro verde que se levanta a menos de 40 km. del mar, con cumbres que alcanzan los 1.500 metros. Sierra Espu\u00f1a ofrece posibilidades para todos los gustos: tanto en carretera \u2013no es extra\u00f1o encontrar entrenando al propio Valverde o a Luis Le\u00f3n, oriundo de la vecina Alhama-, como en BTT o bici de monta\u00f1a.<\/p>\n\n\n\n<p>La forma m\u00e1s completa de descubrir la mayor parte del <a rel=\"noopener noreferrer\" href=\"https:\/\/www.escapadarural.com\/casas-rurales\/sierra-espuna\" target=\"_blank\" class=\"rank-math-link\">Sierra Espu\u00f1a<\/a> y sus variados paisajes es realizando alguno de los tramos del desaf\u00edo Espubike o, si se es ambicioso y se est\u00e1 muy en forma, todo el desaf\u00edo.<\/p>\n\n\n\n<p>Espubike es una ruta que divide el <strong>Parque Regional de Sierra Espu\u00f1a<\/strong> en 4 grandes tramos. Fue dise\u00f1ado por Espu\u00f1atur\u00edstica con la colaboraci\u00f3n de entidades deportivas de todo el entorno del parque. El itinerario es del todo respetuoso con el entorno del mismo, el medio y su biodiversidad, e intenta abarcar toda su variedad paisaj\u00edstica.<\/p>\n\n\n\n<figure class=\"wp-block-image size-large\"><a href=\"https:\/\/www.escapadarural.com\/blog\/wp-content\/uploads\/2018\/11\/barranco_gebas-1.jpg\"><img decoding=\"async\" src=\"https:\/\/www.escapadarural.com\/blog\/wp-content\/uploads\/2018\/11\/barranco_gebas-1.jpg\" alt=\"Sierra Espu\u00f1a\" class=\"wp-image-25391\"\/><\/a><figcaption class=\"wp-element-caption\">Por Germ\u00e1n Sierra<\/figcaption><\/figure>\n\n\n\n<p>Consiste en las siguientes etapas:<\/p>\n\n\n\n<ul class=\"wp-block-list\">\n<li>Tramo 1 El Berro-Gebas (25km, 3 horas, dificultad media).<\/li>\n\n\n\n<li>Tramo 2 Gebas-Casas Nuevas (32 km 3 h. 30\u2019, dificultad media).<\/li>\n\n\n\n<li>Tramo 3 Casas Nuevas-Las Alquer\u00edas (36 km 4 horas, dificultad alta).<\/li>\n\n\n\n<li>Tramo 4 Las Alquer\u00edas-El Berro (53 km. 5 horas, dificultad alta).<\/li>\n<\/ul>\n\n\n\n<p>Se puede realizar por libre escogiendo alg\u00fan tramo para realizarlo alg\u00fan d\u00eda o intentar completar todo el desaf\u00edo. Para ello, la organizaci\u00f3n ofrece un pasaporte con casillas que se marcar\u00e1n con un sello cada vez que se complete un tramo. Cuando se sellan todos los tramos se recibe una certificaci\u00f3n oficial conforme se ha realizado el desaf\u00edo y se recibe un <em>maillot<\/em>. En total son 146 km de ruta y 4.300 metros de ascenso.<\/p>\n\n\n\n<p>En Sierra Espu\u00f1a podremos disfrutar de sus bosques, estepas y zonas de alta monta\u00f1a, r\u00edos, embalses y cultivos en su periferia. Hay parajes ins\u00f3litos como el barranco de Gebas, paredes de roca como Leyva, la meseta de la Muela o el barranco de la Hoz. Sin duda, un lugar para descubrir.<\/p>\n\n\n\n<h2 class=\"wp-block-heading title-rute\" id=\"h-valle-de-ricote\">Valle de Ricote<\/h2>\n\n\n\n<figure class=\"wp-block-image size-large\"><a href=\"https:\/\/www.escapadarural.com\/blog\/wp-content\/uploads\/2018\/11\/ricote3-1.jpg\"><img decoding=\"async\" src=\"https:\/\/www.escapadarural.com\/blog\/wp-content\/uploads\/2018\/11\/ricote3-1.jpg\" alt=\"Sierra Espu\u00f1a\" class=\"wp-image-25390\"\/><\/a><figcaption class=\"wp-element-caption\">Por Germ\u00e1n Sierra<\/figcaption><\/figure>\n\n\n\n<p>En el <strong>valle de Ricote<\/strong> nos adentramos en un lugar de una singularidad excepcional. Se trata de una zona cuyo paisaje es particularmente \u00e1rido, con monta\u00f1as calizas y areniscas pero con el agua del r\u00edo Segura como columna vertebral.<\/p>\n\n\n\n<p>El resultado es un valle que nos retrotrae a otra \u00e9poca y a otras latitudes. Uno piensa enseguida en la idea que puede tener de los oasis marroqu\u00edes pero en Ricote este paisaje fascinante se presenta a lo largo de decenas de kil\u00f3metros.<\/p>\n\n\n\n<p>En el valle de Ricote podemos dise\u00f1ar una ruta en bici a nuestro antojo empalmando pueblos y siguiendo siempre el curso del r\u00edo Segura. El valle lo componen cinco municipios, alguno de gran extensi\u00f3n territorial. Son: <a rel=\"noopener noreferrer\" href=\"https:\/\/www.escapadarural.com\/casas-rurales\/ricote\" target=\"_blank\" class=\"rank-math-link\">Ricote<\/a>, Oj\u00f3s, Villanueva, <a rel=\"noopener noreferrer\" href=\"https:\/\/www.escapadarural.com\/casas-rurales\/archena\" target=\"_blank\" class=\"rank-math-link\">Archena<\/a> y Ulea, todos equipados con alojamientos por si queremos pernoctar y gran oferta de restauraci\u00f3n.<\/p>\n\n\n\n<p>El desnivel en el valle es de apenas unos cientos de metros, por lo que podemos planear una ruta muy llevadera para disfrutar de la bici en familia, incluso con los m\u00e1s peque\u00f1os. Adem\u00e1s, estamos hablando de v\u00edas con tr\u00e1fico escaso y regulado en velocidad.<\/p>\n\n\n\n<p>Nosotros decidimos los kil\u00f3metros porque podemos parar a descansar o retirarnos definitivamente en alguno de los pueblos que nos vamos encontrando por el camino, en los que adem\u00e1s, tendremos el privilegio de degustar gastronom\u00eda t\u00edpica de esta zona de la Regi\u00f3n de Murcia como las gachasmigas ruleras de harina con tropezones, el cocido con pelotas, el empedrado de arroz y todo regado con vinos de Bullas, Jumilla o Yecla.<\/p>\n\n\n\n<p>Un buen punto de inicio para hacer un itinerario norte-sur es arrancar en Blanca para as\u00ed poder apreciar el espectacular <strong>embalse de Oj\u00f3s<\/strong>, aunque tambi\u00e9n podemos hacer el sentido inverso y empezar en Archena para remontar el cauce del r\u00edo.<\/p>\n\n\n\n<p>Atravesamos pueblos con encanto como Oj\u00f3s y Ulea, donde bajamos de la bici para callejear por sus estrechas calles y acercarnos a alg\u00fan puente a ver el r\u00edo y los cultivos circundantes.<\/p>\n\n\n\n<p>Siguiendo el Segura encontramos gran cantidad de esclusas, compuertas y todo tipo de arquitectura vinculada a la gesti\u00f3n del agua como sus famosos molinos. Tambi\u00e9n lugares en donde se han puesto en marcha planes ambientales para poner en valor el mayor recurso del territorio: el agua y su biodiversidad.<\/p>\n\n\n\n<p>Adem\u00e1s, pedaleamos literalmente entre frutales (c\u00edtricos, melocotones, ciruelas, etc.). Quien asocie Murcia a un territorio seco se llevar\u00e1 una gran sorpresa en el valle de Ricote, donde el agua vertebra un paisaje \u00fanico.<\/p>\n\n\n\n<figure class=\"wp-block-embed is-type-video is-provider-youtube wp-block-embed-youtube wp-embed-aspect-16-9 wp-has-aspect-ratio\"><div class=\"wp-block-embed__wrapper\">\n<span class=\"K1N0gPcT4i2QBdHaVkRpnx57jtwACFJ8lXqYfbzyUrISMmLE6sWOhe9\"><div class=\"video-shortcode\"><iframe title=\"Pedalea en la Regi\u00f3n de Murcia\" width=\"1200\" height=\"675\" src=\"https:\/\/www.youtube.com\/embed\/SXy1bMAhD2Y?start=1&#038;feature=oembed\" frameborder=\"0\" allow=\"accelerometer; autoplay; clipboard-write; encrypted-media; gyroscope; picture-in-picture; web-share\" referrerpolicy=\"strict-origin-when-cross-origin\" allowfullscreen><\/iframe><\/div><\/span>\n<\/div><\/figure>\n\n\n\n<p>M\u00e1s informaci\u00f3n | <a rel=\"noopener noreferrer\" href=\"https:\/\/www.murciaturistica.es\/\" target=\"_blank\" class=\"rank-math-link\">Murcia Tur\u00edstica <\/a><\/p>\n\n\n\n<h2 class=\"wp-block-heading\" id=\"h-que-mas-ver-en-murcia\">Qu\u00e9 m\u00e1s ver en Murcia<\/h2>\n\n\n<section class=\"wp-block-ub-post-grid ub-block-post-grid align  is-equal-height preserve-post-image-aspect-ratio\" style=\"\" id=\"ub-post-grid-\"><div class=\"ub-post-grid-items is-grid columns-2\" style=\"row-gap: 32px; column-gap: 32px; \"><article id=\"post-215407\" class=\"ub-post-grid-item post-215407 post type-post status-publish format-standard has-post-thumbnail hentry category-rutas-y-excursiones tag-que-ver-en-albacete tag-que-ver-en-alicante tag-que-ver-en-almeria tag-que-ver-en-barcelona tag-barefooting tag-que-ver-en-cadiz tag-caminar-descalzo tag-familia tag-que-ver-en-girona tag-que-ver-en-huesca tag-listado tag-que-ver-en-murcia tag-rutas-con-ninos tag-senderismo\" style=\"\"><div class=\"ub-block-post-grid-image\" style=\"\"><a href=\"https:\/\/www.escapadarural.com\/blog\/rutas-para-caminar-descalzo-en-espana\/\" rel=\"bookmark\" aria-hidden=\"true\" tabindex=\"-1\"><img loading=\"lazy\" decoding=\"async\" width=\"2048\" height=\"1365\" src=\"https:\/\/www.escapadarural.com\/blog\/wp-content\/uploads\/2026\/03\/04_RutasDescalzo_Bolonia_Cadiz_Q_AdobeStock_31319050-scaled.jpeg\" class=\"attachment-full size-full\" alt=\"Mujer caminando por la duna de Bolonia, en Tarifa (C\u00e1diz).\" style=\"max-width: 600px; \" srcset=\"https:\/\/www.escapadarural.com\/blog\/wp-content\/uploads\/2026\/03\/04_RutasDescalzo_Bolonia_Cadiz_Q_AdobeStock_31319050-200x133.jpeg 200w, https:\/\/www.escapadarural.com\/blog\/wp-content\/uploads\/2026\/03\/04_RutasDescalzo_Bolonia_Cadiz_Q_AdobeStock_31319050-300x200.jpeg 300w, https:\/\/www.escapadarural.com\/blog\/wp-content\/uploads\/2026\/03\/04_RutasDescalzo_Bolonia_Cadiz_Q_AdobeStock_31319050-400x267.jpeg 400w, https:\/\/www.escapadarural.com\/blog\/wp-content\/uploads\/2026\/03\/04_RutasDescalzo_Bolonia_Cadiz_Q_AdobeStock_31319050-600x400.jpeg 600w, https:\/\/www.escapadarural.com\/blog\/wp-content\/uploads\/2026\/03\/04_RutasDescalzo_Bolonia_Cadiz_Q_AdobeStock_31319050-768x512.jpeg 768w, https:\/\/www.escapadarural.com\/blog\/wp-content\/uploads\/2026\/03\/04_RutasDescalzo_Bolonia_Cadiz_Q_AdobeStock_31319050-800x533.jpeg 800w, https:\/\/www.escapadarural.com\/blog\/wp-content\/uploads\/2026\/03\/04_RutasDescalzo_Bolonia_Cadiz_Q_AdobeStock_31319050-1024x683.jpeg 1024w, https:\/\/www.escapadarural.com\/blog\/wp-content\/uploads\/2026\/03\/04_RutasDescalzo_Bolonia_Cadiz_Q_AdobeStock_31319050-1200x800.jpeg 1200w, https:\/\/www.escapadarural.com\/blog\/wp-content\/uploads\/2026\/03\/04_RutasDescalzo_Bolonia_Cadiz_Q_AdobeStock_31319050-1536x1024.jpeg 1536w, https:\/\/www.escapadarural.com\/blog\/wp-content\/uploads\/2026\/03\/04_RutasDescalzo_Bolonia_Cadiz_Q_AdobeStock_31319050-scaled.jpeg 2048w\" sizes=\"auto, (max-width: 2048px) 100vw, 2048px\"><\/a><\/div><div class=\"ub-block-post-grid-text\" style=\"\"><div class=\"ub-block-post-grid-header-content\"><header class=\"ub-block-post-grid-header\"><h3 class=\"ub-block-post-grid-title\"><a style=\"\" href=\"https:\/\/www.escapadarural.com\/blog\/rutas-para-caminar-descalzo-en-espana\/\" rel=\"bookmark\">\ud83d\udc63 Rutas para caminar descalzo en Espa\u00f1a: siente las texturas de la naturaleza bajo tus pies<\/a><\/h3><\/header><\/div><div class=\"ub-block-post-grid-excerpt\"><div class=\"ub-block-post-grid-excerpt-text\" style=\"\"><p>Explora rutas para caminar descalzo en Espa\u00f1a: playas, praderas, dunas y senderos sensoriales que despiertan tus sentidos en la naturaleza<\/p>\n<\/div><p><a class=\"ub-block-post-grid-more-link ub-text-link\" style=\"\" href=\"https:\/\/www.escapadarural.com\/blog\/rutas-para-caminar-descalzo-en-espana\/\" rel=\"bookmark\">Leer <span class=\"screen-reader-text\">\ud83d\udc63 Rutas para caminar descalzo en Espa\u00f1a: siente las texturas de la naturaleza bajo tus pies<\/span><\/a><\/p><\/div><\/div><\/article>\n<article id=\"post-215945\" class=\"ub-post-grid-item post-215945 post type-post status-publish format-standard has-post-thumbnail hentry category-destinos tag-amigos tag-que-ver-en-asturias tag-que-ver-en-cantabria tag-familia tag-gran-canaria tag-que-ver-en-granada tag-historias-y-curiosidades tag-que-ver-en-huesca tag-que-ver-en-islas-baleares tag-listado tag-que-ver-en-lleida tag-que-ver-en-murcia tag-que-ver-en-navarra tag-que-ver-en-ourense tag-pareja tag-pueblos tag-que-ver-en-sevilla tag-que-ver-en-soria\" style=\"\"><div class=\"ub-block-post-grid-image\" style=\"\"><a href=\"https:\/\/www.escapadarural.com\/blog\/pueblos-impronunciables-de-espana\/\" rel=\"bookmark\" aria-hidden=\"true\" tabindex=\"-1\"><img loading=\"lazy\" decoding=\"async\" width=\"1280\" height=\"853\" src=\"https:\/\/www.escapadarural.com\/blog\/wp-content\/uploads\/2026\/03\/04_PueblosImpronunciables_Azpilkueta_Euskaldunaa.jpg\" class=\"attachment-full size-full\" alt=\"Entrada a Azpilkueta (Navarra).\" style=\"max-width: 600px; \" srcset=\"https:\/\/www.escapadarural.com\/blog\/wp-content\/uploads\/2026\/03\/04_PueblosImpronunciables_Azpilkueta_Euskaldunaa-200x133.jpg 200w, https:\/\/www.escapadarural.com\/blog\/wp-content\/uploads\/2026\/03\/04_PueblosImpronunciables_Azpilkueta_Euskaldunaa-300x200.jpg 300w, https:\/\/www.escapadarural.com\/blog\/wp-content\/uploads\/2026\/03\/04_PueblosImpronunciables_Azpilkueta_Euskaldunaa-400x267.jpg 400w, https:\/\/www.escapadarural.com\/blog\/wp-content\/uploads\/2026\/03\/04_PueblosImpronunciables_Azpilkueta_Euskaldunaa-600x400.jpg 600w, https:\/\/www.escapadarural.com\/blog\/wp-content\/uploads\/2026\/03\/04_PueblosImpronunciables_Azpilkueta_Euskaldunaa-768x512.jpg 768w, https:\/\/www.escapadarural.com\/blog\/wp-content\/uploads\/2026\/03\/04_PueblosImpronunciables_Azpilkueta_Euskaldunaa-800x533.jpg 800w, https:\/\/www.escapadarural.com\/blog\/wp-content\/uploads\/2026\/03\/04_PueblosImpronunciables_Azpilkueta_Euskaldunaa-1024x682.jpg 1024w, https:\/\/www.escapadarural.com\/blog\/wp-content\/uploads\/2026\/03\/04_PueblosImpronunciables_Azpilkueta_Euskaldunaa-1200x800.jpg 1200w, https:\/\/www.escapadarural.com\/blog\/wp-content\/uploads\/2026\/03\/04_PueblosImpronunciables_Azpilkueta_Euskaldunaa.jpg 1280w\" sizes=\"auto, (max-width: 1280px) 100vw, 1280px\"><\/a><\/div><div class=\"ub-block-post-grid-text\" style=\"\"><div class=\"ub-block-post-grid-header-content\"><header class=\"ub-block-post-grid-header\"><h3 class=\"ub-block-post-grid-title\"><a style=\"\" href=\"https:\/\/www.escapadarural.com\/blog\/pueblos-impronunciables-de-espana\/\" rel=\"bookmark\">Pueblos impronunciables de Espa\u00f1a (y por qu\u00e9 deber\u00edas visitarlos)<\/a><\/h3><\/header><\/div><div class=\"ub-block-post-grid-excerpt\"><div class=\"ub-block-post-grid-excerpt-text\" style=\"\"><p>Descubre pueblos impronunciables de Espa\u00f1a que pondr\u00e1n a prueba tu lengua\u2026 y te regalar\u00e1n escapadas rurales \u00fanicas entre monta\u00f1as, bosques y paisajes sorprendentes<\/p>\n<\/div><p><a class=\"ub-block-post-grid-more-link ub-text-link\" style=\"\" href=\"https:\/\/www.escapadarural.com\/blog\/pueblos-impronunciables-de-espana\/\" rel=\"bookmark\">Leer <span class=\"screen-reader-text\">Pueblos impronunciables de Espa\u00f1a (y por qu\u00e9 deber\u00edas visitarlos)<\/span><\/a><\/p><\/div><\/div><\/article>\n<article id=\"post-214708\" class=\"ub-post-grid-item post-214708 post type-post status-publish format-standard has-post-thumbnail hentry category-destinos category-rutas-y-excursiones tag-que-ver-en-alicante tag-amigos tag-que-ver-en-asturias tag-que-ver-en-barcelona tag-familia tag-que-ver-en-granada tag-listado tag-que-ver-en-murcia tag-que-ver-en-ourense tag-pareja tag-primavera tag-senderismo tag-senderos-azules tag-que-ver-en-teruel\" style=\"\"><div class=\"ub-block-post-grid-image\" style=\"\"><a href=\"https:\/\/www.escapadarural.com\/blog\/nuevos-senderos-azules-espana\/\" rel=\"bookmark\" aria-hidden=\"true\" tabindex=\"-1\"><img loading=\"lazy\" decoding=\"async\" width=\"2048\" height=\"1367\" src=\"https:\/\/www.escapadarural.com\/blog\/wp-content\/uploads\/2026\/03\/AdobeStock_1187438356-scaled.jpeg\" class=\"attachment-full size-full\" alt=\"Pasarela colgante de Jol\u00facar, Granada\" style=\"max-width: 600px; \" srcset=\"https:\/\/www.escapadarural.com\/blog\/wp-content\/uploads\/2026\/03\/AdobeStock_1187438356-200x134.jpeg 200w, https:\/\/www.escapadarural.com\/blog\/wp-content\/uploads\/2026\/03\/AdobeStock_1187438356-300x200.jpeg 300w, https:\/\/www.escapadarural.com\/blog\/wp-content\/uploads\/2026\/03\/AdobeStock_1187438356-400x267.jpeg 400w, https:\/\/www.escapadarural.com\/blog\/wp-content\/uploads\/2026\/03\/AdobeStock_1187438356-600x401.jpeg 600w, https:\/\/www.escapadarural.com\/blog\/wp-content\/uploads\/2026\/03\/AdobeStock_1187438356-768x513.jpeg 768w, https:\/\/www.escapadarural.com\/blog\/wp-content\/uploads\/2026\/03\/AdobeStock_1187438356-800x534.jpeg 800w, https:\/\/www.escapadarural.com\/blog\/wp-content\/uploads\/2026\/03\/AdobeStock_1187438356-1024x684.jpeg 1024w, https:\/\/www.escapadarural.com\/blog\/wp-content\/uploads\/2026\/03\/AdobeStock_1187438356-1200x801.jpeg 1200w, https:\/\/www.escapadarural.com\/blog\/wp-content\/uploads\/2026\/03\/AdobeStock_1187438356-1536x1025.jpeg 1536w, https:\/\/www.escapadarural.com\/blog\/wp-content\/uploads\/2026\/03\/AdobeStock_1187438356-scaled.jpeg 2048w\" sizes=\"auto, (max-width: 2048px) 100vw, 2048px\"><\/a><\/div><div class=\"ub-block-post-grid-text\" style=\"\"><div class=\"ub-block-post-grid-header-content\"><header class=\"ub-block-post-grid-header\"><h3 class=\"ub-block-post-grid-title\"><a style=\"\" href=\"https:\/\/www.escapadarural.com\/blog\/nuevos-senderos-azules-espana\/\" rel=\"bookmark\">7 nuevos senderos azules que tienes que probar antes de que se peten<\/a><\/h3><\/header><\/div><div class=\"ub-block-post-grid-excerpt\"><div class=\"ub-block-post-grid-excerpt-text\" style=\"\"><p>Espa\u00f1a ya cuenta con 194 senderos azules que suman m\u00e1s de 1.200 km. Estos son algunos de los m\u00e1s chulos que se han incorporado en 2026<\/p>\n<\/div><p><a class=\"ub-block-post-grid-more-link ub-text-link\" style=\"\" href=\"https:\/\/www.escapadarural.com\/blog\/nuevos-senderos-azules-espana\/\" rel=\"bookmark\">Leer <span class=\"screen-reader-text\">7 nuevos senderos azules que tienes que probar antes de que se peten<\/span><\/a><\/p><\/div><\/div><\/article>\n<article id=\"post-214251\" class=\"ub-post-grid-item post-214251 post type-post status-publish format-standard has-post-thumbnail hentry category-alojamientos-rurales category-destinos tag-almendros-en-flor tag-amigos tag-que-ver-en-avila tag-que-ver-en-barcelona tag-que-ver-en-caceres tag-casas-rurales tag-cerezos-en-flor tag-familia tag-floracion tag-que-ver-en-girona tag-que-ver-en-granada tag-que-ver-en-jaen tag-listado tag-que-ver-en-murcia tag-pareja tag-primavera tag-turismo-rural tag-valle-del-jerte\" style=\"\"><div class=\"ub-block-post-grid-image\" style=\"\"><a href=\"https:\/\/www.escapadarural.com\/blog\/casas-rurales-floracion\/\" rel=\"bookmark\" aria-hidden=\"true\" tabindex=\"-1\"><img loading=\"lazy\" decoding=\"async\" width=\"2048\" height=\"1536\" src=\"https:\/\/www.escapadarural.com\/blog\/wp-content\/uploads\/2026\/02\/Candelaria-scaled.jpg\" class=\"attachment-full size-full\" alt=\"Candelaria (\u00c1vila)\" style=\"max-width: 600px; \" srcset=\"https:\/\/www.escapadarural.com\/blog\/wp-content\/uploads\/2026\/02\/Candelaria-200x150.jpg 200w, https:\/\/www.escapadarural.com\/blog\/wp-content\/uploads\/2026\/02\/Candelaria-300x225.jpg 300w, https:\/\/www.escapadarural.com\/blog\/wp-content\/uploads\/2026\/02\/Candelaria-400x300.jpg 400w, https:\/\/www.escapadarural.com\/blog\/wp-content\/uploads\/2026\/02\/Candelaria-600x450.jpg 600w, https:\/\/www.escapadarural.com\/blog\/wp-content\/uploads\/2026\/02\/Candelaria-768x576.jpg 768w, https:\/\/www.escapadarural.com\/blog\/wp-content\/uploads\/2026\/02\/Candelaria-800x600.jpg 800w, https:\/\/www.escapadarural.com\/blog\/wp-content\/uploads\/2026\/02\/Candelaria-1024x768.jpg 1024w, https:\/\/www.escapadarural.com\/blog\/wp-content\/uploads\/2026\/02\/Candelaria-1200x900.jpg 1200w, https:\/\/www.escapadarural.com\/blog\/wp-content\/uploads\/2026\/02\/Candelaria-1536x1152.jpg 1536w, https:\/\/www.escapadarural.com\/blog\/wp-content\/uploads\/2026\/02\/Candelaria-scaled.jpg 2048w\" sizes=\"auto, (max-width: 2048px) 100vw, 2048px\"><\/a><\/div><div class=\"ub-block-post-grid-text\" style=\"\"><div class=\"ub-block-post-grid-header-content\"><header class=\"ub-block-post-grid-header\"><h3 class=\"ub-block-post-grid-title\"><a style=\"\" href=\"https:\/\/www.escapadarural.com\/blog\/casas-rurales-floracion\/\" rel=\"bookmark\">Primavera a domicilio: casas rurales donde ver florecer el campo desde la ventana<\/a><\/h3><\/header><\/div><div class=\"ub-block-post-grid-excerpt\"><div class=\"ub-block-post-grid-excerpt-text\" style=\"\"><p>Estas casas rurales te regalan la floraci\u00f3n sin madrugones ni excursiones: podr\u00e1s ver todo el colorido de la primavera desde la ventana<\/p>\n<\/div><p><a class=\"ub-block-post-grid-more-link ub-text-link\" style=\"\" href=\"https:\/\/www.escapadarural.com\/blog\/casas-rurales-floracion\/\" rel=\"bookmark\">Leer <span class=\"screen-reader-text\">Primavera a domicilio: casas rurales donde ver florecer el campo desde la ventana<\/span><\/a><\/p><\/div><\/div><\/article>\n<article id=\"post-210328\" class=\"ub-post-grid-item post-210328 post type-post status-publish format-standard has-post-thumbnail hentry category-destinos tag-que-ver-en-a-coruna tag-alberite tag-que-ver-en-cantabria tag-cieza tag-que-ver-en-ciudad-real tag-curiosidades tag-espana tag-que-ver-en-leon tag-que-ver-en-murcia tag-que-ver-en-navarra tag-pueblos tag-sada tag-que-ver-en-salamanca tag-toponimia tag-que-ver-en-valladolid tag-villanueva-de-los-infantes\" style=\"\"><div class=\"ub-block-post-grid-image\" style=\"\"><a href=\"https:\/\/www.escapadarural.com\/blog\/pueblos-con-nombres-que-se-repiten\/\" rel=\"bookmark\" aria-hidden=\"true\" tabindex=\"-1\"><img loading=\"lazy\" decoding=\"async\" width=\"1024\" height=\"680\" src=\"https:\/\/www.escapadarural.com\/blog\/wp-content\/uploads\/2025\/11\/AdobeStock_430212405.webp\" class=\"attachment-full size-full\" alt=\"El Villanueva de los Infantes de Ciudad Real. Por Jose Antonio\" style=\"max-width: 600px; \" srcset=\"https:\/\/www.escapadarural.com\/blog\/wp-content\/uploads\/2025\/11\/AdobeStock_430212405-200x133.webp 200w, https:\/\/www.escapadarural.com\/blog\/wp-content\/uploads\/2025\/11\/AdobeStock_430212405-300x199.webp 300w, https:\/\/www.escapadarural.com\/blog\/wp-content\/uploads\/2025\/11\/AdobeStock_430212405-400x266.webp 400w, https:\/\/www.escapadarural.com\/blog\/wp-content\/uploads\/2025\/11\/AdobeStock_430212405-600x398.webp 600w, https:\/\/www.escapadarural.com\/blog\/wp-content\/uploads\/2025\/11\/AdobeStock_430212405-768x510.webp 768w, https:\/\/www.escapadarural.com\/blog\/wp-content\/uploads\/2025\/11\/AdobeStock_430212405-800x531.webp 800w, https:\/\/www.escapadarural.com\/blog\/wp-content\/uploads\/2025\/11\/AdobeStock_430212405.webp 1024w\" sizes=\"auto, (max-width: 1024px) 100vw, 1024px\"><\/a><\/div><div class=\"ub-block-post-grid-text\" style=\"\"><div class=\"ub-block-post-grid-header-content\"><header class=\"ub-block-post-grid-header\"><h3 class=\"ub-block-post-grid-title\"><a style=\"\" href=\"https:\/\/www.escapadarural.com\/blog\/pueblos-con-nombres-que-se-repiten\/\" rel=\"bookmark\">Mismo nombre, distinto lugar: pueblos con nombres que se repiten en el mapa<\/a><\/h3><\/header><\/div><div class=\"ub-block-post-grid-excerpt\"><div class=\"ub-block-post-grid-excerpt-text\" style=\"\"><p>\u00bfSab\u00edas que existen pueblos que est\u00e1n en diferentes comunidades aut\u00f3nomas y se llaman exactamente igual? \u00a1Descubre esta curiosidad!<\/p>\n<\/div><p><a class=\"ub-block-post-grid-more-link ub-text-link\" style=\"\" href=\"https:\/\/www.escapadarural.com\/blog\/pueblos-con-nombres-que-se-repiten\/\" rel=\"bookmark\">Leer <span class=\"screen-reader-text\">Mismo nombre, distinto lugar: pueblos con nombres que se repiten en el mapa<\/span><\/a><\/p><\/div><\/div><\/article>\n<article id=\"post-211890\" class=\"ub-post-grid-item post-211890 post type-post status-publish format-standard has-post-thumbnail hentry category-arte-y-cultura category-destinos tag-andalucia tag-que-ver-en-aragon tag-artesania-2 tag-que-ver-en-asturias tag-que-ver-en-cantabria tag-que-ver-en-castilla-y-leon tag-que-ver-en-castilla-la-mancha tag-que-ver-en-cataluna tag-que-ver-en-la-comunidad-valenciana tag-espana tag-que-ver-en-extremadura tag-que-ver-en-galicia tag-que-ver-en-islas-baleares tag-que-ver-en-islas-canarias tag-que-ver-en-la-rioja tag-listado tag-que-ver-en-madrid tag-que-ver-en-murcia tag-que-ver-en-navarra tag-que-ver-en-pais-vasco tag-productos-tipicos\" style=\"\"><div class=\"ub-block-post-grid-image\" style=\"\"><a href=\"https:\/\/www.escapadarural.com\/blog\/productos-artesanos-tipicos-de-cada-comunidad-autonoma\/\" rel=\"bookmark\" aria-hidden=\"true\" tabindex=\"-1\"><img loading=\"lazy\" decoding=\"async\" width=\"2048\" height=\"1363\" src=\"https:\/\/www.escapadarural.com\/blog\/wp-content\/uploads\/2025\/12\/AdobeStock_278580309_artesania-scaled.jpeg\" class=\"attachment-full size-full\" alt=\"Artesan\u00eda de La Alpujarra, en Granada. Por joserpizarro.\" style=\"max-width: 600px; \" srcset=\"https:\/\/www.escapadarural.com\/blog\/wp-content\/uploads\/2025\/12\/AdobeStock_278580309_artesania-200x133.jpeg 200w, https:\/\/www.escapadarural.com\/blog\/wp-content\/uploads\/2025\/12\/AdobeStock_278580309_artesania-300x200.jpeg 300w, https:\/\/www.escapadarural.com\/blog\/wp-content\/uploads\/2025\/12\/AdobeStock_278580309_artesania-400x266.jpeg 400w, https:\/\/www.escapadarural.com\/blog\/wp-content\/uploads\/2025\/12\/AdobeStock_278580309_artesania-600x399.jpeg 600w, https:\/\/www.escapadarural.com\/blog\/wp-content\/uploads\/2025\/12\/AdobeStock_278580309_artesania-768x511.jpeg 768w, https:\/\/www.escapadarural.com\/blog\/wp-content\/uploads\/2025\/12\/AdobeStock_278580309_artesania-800x532.jpeg 800w, https:\/\/www.escapadarural.com\/blog\/wp-content\/uploads\/2025\/12\/AdobeStock_278580309_artesania-1024x681.jpeg 1024w, https:\/\/www.escapadarural.com\/blog\/wp-content\/uploads\/2025\/12\/AdobeStock_278580309_artesania-1200x798.jpeg 1200w, https:\/\/www.escapadarural.com\/blog\/wp-content\/uploads\/2025\/12\/AdobeStock_278580309_artesania-1536x1022.jpeg 1536w, https:\/\/www.escapadarural.com\/blog\/wp-content\/uploads\/2025\/12\/AdobeStock_278580309_artesania-scaled.jpeg 2048w\" sizes=\"auto, (max-width: 2048px) 100vw, 2048px\"><\/a><\/div><div class=\"ub-block-post-grid-text\" style=\"\"><div class=\"ub-block-post-grid-header-content\"><header class=\"ub-block-post-grid-header\"><h3 class=\"ub-block-post-grid-title\"><a style=\"\" href=\"https:\/\/www.escapadarural.com\/blog\/productos-artesanos-tipicos-de-cada-comunidad-autonoma\/\" rel=\"bookmark\">\u201cTr\u00e1eme algo de all\u00ed\u201d: la artesan\u00eda que define a cada comunidad de Espa\u00f1a<\/a><\/h3><\/header><\/div><div class=\"ub-block-post-grid-excerpt\"><div class=\"ub-block-post-grid-excerpt-text\" style=\"\"><p>En cada comunidad aut\u00f3noma de Espa\u00f1a hay uno o m\u00e1s productos que les representan y a\u00fan se siguen elaborando de forma artesana.<\/p>\n<\/div><p><a class=\"ub-block-post-grid-more-link ub-text-link\" style=\"\" href=\"https:\/\/www.escapadarural.com\/blog\/productos-artesanos-tipicos-de-cada-comunidad-autonoma\/\" rel=\"bookmark\">Leer <span class=\"screen-reader-text\">\u201cTr\u00e1eme algo de all\u00ed\u201d: la artesan\u00eda que define a cada comunidad de Espa\u00f1a<\/span><\/a><\/p><\/div><\/div><\/article>\n<\/div><\/section>","protected":false},"excerpt":{"rendered":"<p>La forma m\u00e1s completa de descubrir la mayor parte del Sierra Espu\u00f1a, en la Regi\u00f3n de Murcia, y sus variados paisajes es realizando alguno de los tramos del desaf\u00edo Espubike o, si se es ambicioso y se est\u00e1 muy en forma, todo el desaf\u00edo. Estos son los tramos que conforman la ruta. <\/p>\n","protected":false},"author":110,"featured_media":103953,"comment_status":"open","ping_status":"closed","sticky":false,"template":"","format":"standard","meta":{"_acf_changed":false,"om_disable_all_campaigns":false,"footnotes":""},"categories":[1379],"tags":[495,428,283,2062,2112,270,1897],"class_list":["post-10478","post","type-post","status-publish","format-standard","has-post-thumbnail","hentry","category-rutas-y-excursiones","tag-bicicleta","tag-que-ver-en-murcia","tag-region-de-murcia","tag-rutas-btt","tag-sierra-espuna","tag-turismo-activo","tag-valle-de-ricote"],"acf":[],"featured_image_src":"https:\/\/www.escapadarural.com\/blog\/wp-content\/uploads\/2024\/10\/ricote1-1-1024x768-3.jpg","author_info":{"display_name":"Germ\u00e1n Sierra","author_link":"https:\/\/www.escapadarural.com\/blog\/autor\/german\/"},"yoast_head":"<!-- This site is optimized with the Yoast SEO plugin v27.5 - https:\/\/yoast.com\/product\/yoast-seo-wordpress\/ -->\n<title>Sierra Espu\u00f1a y valle de Ricote en bicicleta - EscapadaRural<\/title>\n<meta name=\"robots\" content=\"index, follow, max-snippet:-1, max-image-preview:large, max-video-preview:-1\" \/>\n<link rel=\"canonical\" href=\"https:\/\/www.escapadarural.com\/blog\/sierra-espuna-y-valle-de-ricote-en-bicicleta\/\" \/>\n<meta property=\"og:locale\" content=\"es_ES\" \/>\n<meta property=\"og:type\" content=\"article\" \/>\n<meta property=\"og:title\" content=\"Sierra Espu\u00f1a y valle de Ricote en bicicleta - EscapadaRural\" \/>\n<meta property=\"og:description\" content=\"La forma m\u00e1s completa de descubrir la mayor parte del Sierra Espu\u00f1a, en la Regi\u00f3n de Murcia, y sus variados paisajes es realizando alguno de los tramos del desaf\u00edo Espubike o, si se es ambicioso y se est\u00e1 muy en forma, todo el desaf\u00edo. Estos son los tramos que conforman la ruta.\" \/>\n<meta property=\"og:url\" content=\"https:\/\/www.escapadarural.com\/blog\/sierra-espuna-y-valle-de-ricote-en-bicicleta\/\" \/>\n<meta property=\"og:site_name\" content=\"Magazine de viajes de EscapadaRural\" \/>\n<meta property=\"article:publisher\" content=\"https:\/\/www.facebook.com\/escapadarural\" \/>\n<meta property=\"article:published_time\" content=\"2018-11-30T08:30:34+00:00\" \/>\n<meta property=\"article:modified_time\" content=\"2025-02-10T17:43:44+00:00\" \/>\n<meta property=\"og:image\" content=\"https:\/\/app.escapadarural.com\/blog\/wp-content\/uploads\/2024\/10\/ricote1-1-1024x768-3.jpg\" \/>\n\t<meta property=\"og:image:width\" content=\"1024\" \/>\n\t<meta property=\"og:image:height\" content=\"768\" \/>\n\t<meta property=\"og:image:type\" content=\"image\/jpeg\" \/>\n<meta name=\"author\" content=\"Germ\u00e1n Sierra\" \/>\n<meta name=\"twitter:card\" content=\"summary_large_image\" \/>\n<meta name=\"twitter:label1\" content=\"Escrito por\" \/>\n\t<meta name=\"twitter:data1\" content=\"Germ\u00e1n Sierra\" \/>\n\t<meta name=\"twitter:label2\" content=\"Tiempo de lectura\" \/>\n\t<meta name=\"twitter:data2\" content=\"5 minutos\" \/>\n<script type=\"application\/ld+json\" class=\"yoast-schema-graph\">{\"@context\":\"https:\\\/\\\/schema.org\",\"@graph\":[{\"@type\":\"Article\",\"@id\":\"https:\\\/\\\/www.escapadarural.com\\\/blog\\\/sierra-espuna-y-valle-de-ricote-en-bicicleta\\\/#article\",\"isPartOf\":{\"@id\":\"https:\\\/\\\/www.escapadarural.com\\\/blog\\\/sierra-espuna-y-valle-de-ricote-en-bicicleta\\\/\"},\"author\":{\"name\":\"Germ\u00e1n Sierra\",\"@id\":\"https:\\\/\\\/www.escapadarural.com\\\/blog\\\/#\\\/schema\\\/person\\\/4c4129da33fde002ef7ee9e909276f35\"},\"headline\":\"Sierra Espu\u00f1a y valle de Ricote en bicicleta\",\"datePublished\":\"2018-11-30T08:30:34+00:00\",\"dateModified\":\"2025-02-10T17:43:44+00:00\",\"mainEntityOfPage\":{\"@id\":\"https:\\\/\\\/www.escapadarural.com\\\/blog\\\/sierra-espuna-y-valle-de-ricote-en-bicicleta\\\/\"},\"wordCount\":930,\"commentCount\":0,\"publisher\":{\"@id\":\"https:\\\/\\\/www.escapadarural.com\\\/blog\\\/#organization\"},\"image\":{\"@id\":\"https:\\\/\\\/www.escapadarural.com\\\/blog\\\/sierra-espuna-y-valle-de-ricote-en-bicicleta\\\/#primaryimage\"},\"thumbnailUrl\":\"https:\\\/\\\/www.escapadarural.com\\\/blog\\\/wp-content\\\/uploads\\\/2024\\\/10\\\/ricote1-1-1024x768-3.jpg\",\"keywords\":[\"Bicicleta\",\"Murcia\",\"Regi\u00f3n de Murcia\",\"Rutas BTT\",\"Sierra Espu\u00f1a\",\"Turismo activo\",\"Valle de Ricote\"],\"articleSection\":[\"Rutas y excursiones\"],\"inLanguage\":\"es\",\"potentialAction\":[{\"@type\":\"CommentAction\",\"name\":\"Comment\",\"target\":[\"https:\\\/\\\/www.escapadarural.com\\\/blog\\\/sierra-espuna-y-valle-de-ricote-en-bicicleta\\\/#respond\"]}]},{\"@type\":\"WebPage\",\"@id\":\"https:\\\/\\\/www.escapadarural.com\\\/blog\\\/sierra-espuna-y-valle-de-ricote-en-bicicleta\\\/\",\"url\":\"https:\\\/\\\/www.escapadarural.com\\\/blog\\\/sierra-espuna-y-valle-de-ricote-en-bicicleta\\\/\",\"name\":\"Sierra Espu\u00f1a y valle de Ricote en bicicleta - EscapadaRural\",\"isPartOf\":{\"@id\":\"https:\\\/\\\/www.escapadarural.com\\\/blog\\\/#website\"},\"primaryImageOfPage\":{\"@id\":\"https:\\\/\\\/www.escapadarural.com\\\/blog\\\/sierra-espuna-y-valle-de-ricote-en-bicicleta\\\/#primaryimage\"},\"image\":{\"@id\":\"https:\\\/\\\/www.escapadarural.com\\\/blog\\\/sierra-espuna-y-valle-de-ricote-en-bicicleta\\\/#primaryimage\"},\"thumbnailUrl\":\"https:\\\/\\\/www.escapadarural.com\\\/blog\\\/wp-content\\\/uploads\\\/2024\\\/10\\\/ricote1-1-1024x768-3.jpg\",\"datePublished\":\"2018-11-30T08:30:34+00:00\",\"dateModified\":\"2025-02-10T17:43:44+00:00\",\"breadcrumb\":{\"@id\":\"https:\\\/\\\/www.escapadarural.com\\\/blog\\\/sierra-espuna-y-valle-de-ricote-en-bicicleta\\\/#breadcrumb\"},\"inLanguage\":\"es\",\"potentialAction\":[{\"@type\":\"ReadAction\",\"target\":[\"https:\\\/\\\/www.escapadarural.com\\\/blog\\\/sierra-espuna-y-valle-de-ricote-en-bicicleta\\\/\"]}]},{\"@type\":\"ImageObject\",\"inLanguage\":\"es\",\"@id\":\"https:\\\/\\\/www.escapadarural.com\\\/blog\\\/sierra-espuna-y-valle-de-ricote-en-bicicleta\\\/#primaryimage\",\"url\":\"https:\\\/\\\/www.escapadarural.com\\\/blog\\\/wp-content\\\/uploads\\\/2024\\\/10\\\/ricote1-1-1024x768-3.jpg\",\"contentUrl\":\"https:\\\/\\\/www.escapadarural.com\\\/blog\\\/wp-content\\\/uploads\\\/2024\\\/10\\\/ricote1-1-1024x768-3.jpg\",\"width\":1024,\"height\":768,\"caption\":\"Campos verdes y palmeras en primer plano, con laderas en terrazas y una monta\u00f1a rocosa de color marr\u00f3n al fondo, bajo un cielo parcialmente nublado.\"},{\"@type\":\"BreadcrumbList\",\"@id\":\"https:\\\/\\\/www.escapadarural.com\\\/blog\\\/sierra-espuna-y-valle-de-ricote-en-bicicleta\\\/#breadcrumb\",\"itemListElement\":[{\"@type\":\"ListItem\",\"position\":1,\"name\":\"Inicio\",\"item\":\"https:\\\/\\\/www.escapadarural.com\\\/blog\\\/\"},{\"@type\":\"ListItem\",\"position\":2,\"name\":\"Rutas y excursiones\",\"item\":\"https:\\\/\\\/www.escapadarural.com\\\/blog\\\/categoria\\\/rutas-y-excursiones\\\/\"},{\"@type\":\"ListItem\",\"position\":3,\"name\":\"Sierra Espu\u00f1a y valle de Ricote en bicicleta\"}]},{\"@type\":\"WebSite\",\"@id\":\"https:\\\/\\\/www.escapadarural.com\\\/blog\\\/#website\",\"url\":\"https:\\\/\\\/www.escapadarural.com\\\/blog\\\/\",\"name\":\"Blog de viajes | turismo rural, alojamientos e inspiraci\u00f3n\",\"description\":\"Alojamientos rurales e inspiraci\u00f3n para tus escapadas\",\"publisher\":{\"@id\":\"https:\\\/\\\/www.escapadarural.com\\\/blog\\\/#organization\"},\"alternateName\":\"Magazine de viajes de EscapadaRural\",\"potentialAction\":[{\"@type\":\"SearchAction\",\"target\":{\"@type\":\"EntryPoint\",\"urlTemplate\":\"https:\\\/\\\/www.escapadarural.com\\\/blog\\\/?s={search_term_string}\"},\"query-input\":{\"@type\":\"PropertyValueSpecification\",\"valueRequired\":true,\"valueName\":\"search_term_string\"}}],\"inLanguage\":\"es\"},{\"@type\":\"Organization\",\"@id\":\"https:\\\/\\\/www.escapadarural.com\\\/blog\\\/#organization\",\"name\":\"EscapadaRural\",\"url\":\"https:\\\/\\\/www.escapadarural.com\\\/blog\\\/\",\"logo\":{\"@type\":\"ImageObject\",\"inLanguage\":\"es\",\"@id\":\"https:\\\/\\\/www.escapadarural.com\\\/blog\\\/#\\\/schema\\\/logo\\\/image\\\/\",\"url\":\"https:\\\/\\\/www.escapadarural.com\\\/blog\\\/wp-content\\\/uploads\\\/2024\\\/10\\\/cropped-cropped-escapada-rural-icon-mag-3.png\",\"contentUrl\":\"https:\\\/\\\/www.escapadarural.com\\\/blog\\\/wp-content\\\/uploads\\\/2024\\\/10\\\/cropped-cropped-escapada-rural-icon-mag-3.png\",\"width\":512,\"height\":512,\"caption\":\"EscapadaRural\"},\"image\":{\"@id\":\"https:\\\/\\\/www.escapadarural.com\\\/blog\\\/#\\\/schema\\\/logo\\\/image\\\/\"},\"sameAs\":[\"https:\\\/\\\/www.facebook.com\\\/escapadarural\",\"https:\\\/\\\/www.instagram.com\\\/escapadarural\\\/\",\"https:\\\/\\\/www.youtube.com\\\/@escapadaruralcom\"]},{\"@type\":\"Person\",\"@id\":\"https:\\\/\\\/www.escapadarural.com\\\/blog\\\/#\\\/schema\\\/person\\\/4c4129da33fde002ef7ee9e909276f35\",\"name\":\"Germ\u00e1n Sierra\",\"image\":{\"@type\":\"ImageObject\",\"inLanguage\":\"es\",\"@id\":\"https:\\\/\\\/secure.gravatar.com\\\/avatar\\\/0691a93e994472c529b4fdba17226395f8b628d0ed9528e66d3c7afeee500f06?s=96&d=mm&r=g\",\"url\":\"https:\\\/\\\/secure.gravatar.com\\\/avatar\\\/0691a93e994472c529b4fdba17226395f8b628d0ed9528e66d3c7afeee500f06?s=96&d=mm&r=g\",\"contentUrl\":\"https:\\\/\\\/secure.gravatar.com\\\/avatar\\\/0691a93e994472c529b4fdba17226395f8b628d0ed9528e66d3c7afeee500f06?s=96&d=mm&r=g\",\"caption\":\"Germ\u00e1n Sierra\"},\"url\":\"https:\\\/\\\/www.escapadarural.com\\\/blog\\\/autor\\\/german\\\/\"}]}<\/script>\n<!-- \/ Yoast SEO plugin. -->","yoast_head_json":{"title":"Sierra Espu\u00f1a y valle de Ricote en bicicleta - EscapadaRural","robots":{"index":"index","follow":"follow","max-snippet":"max-snippet:-1","max-image-preview":"max-image-preview:large","max-video-preview":"max-video-preview:-1"},"canonical":"https:\/\/www.escapadarural.com\/blog\/sierra-espuna-y-valle-de-ricote-en-bicicleta\/","og_locale":"es_ES","og_type":"article","og_title":"Sierra Espu\u00f1a y valle de Ricote en bicicleta - EscapadaRural","og_description":"La forma m\u00e1s completa de descubrir la mayor parte del Sierra Espu\u00f1a, en la Regi\u00f3n de Murcia, y sus variados paisajes es realizando alguno de los tramos del desaf\u00edo Espubike o, si se es ambicioso y se est\u00e1 muy en forma, todo el desaf\u00edo. Estos son los tramos que conforman la ruta.","og_url":"https:\/\/www.escapadarural.com\/blog\/sierra-espuna-y-valle-de-ricote-en-bicicleta\/","og_site_name":"Magazine de viajes de EscapadaRural","article_publisher":"https:\/\/www.facebook.com\/escapadarural","article_published_time":"2018-11-30T08:30:34+00:00","article_modified_time":"2025-02-10T17:43:44+00:00","og_image":[{"width":1024,"height":768,"url":"https:\/\/app.escapadarural.com\/blog\/wp-content\/uploads\/2024\/10\/ricote1-1-1024x768-3.jpg","type":"image\/jpeg"}],"author":"Germ\u00e1n Sierra","twitter_card":"summary_large_image","twitter_misc":{"Escrito por":"Germ\u00e1n Sierra","Tiempo de lectura":"5 minutos"},"schema":{"@context":"https:\/\/schema.org","@graph":[{"@type":"Article","@id":"https:\/\/www.escapadarural.com\/blog\/sierra-espuna-y-valle-de-ricote-en-bicicleta\/#article","isPartOf":{"@id":"https:\/\/www.escapadarural.com\/blog\/sierra-espuna-y-valle-de-ricote-en-bicicleta\/"},"author":{"name":"Germ\u00e1n Sierra","@id":"https:\/\/www.escapadarural.com\/blog\/#\/schema\/person\/4c4129da33fde002ef7ee9e909276f35"},"headline":"Sierra Espu\u00f1a y valle de Ricote en bicicleta","datePublished":"2018-11-30T08:30:34+00:00","dateModified":"2025-02-10T17:43:44+00:00","mainEntityOfPage":{"@id":"https:\/\/www.escapadarural.com\/blog\/sierra-espuna-y-valle-de-ricote-en-bicicleta\/"},"wordCount":930,"commentCount":0,"publisher":{"@id":"https:\/\/www.escapadarural.com\/blog\/#organization"},"image":{"@id":"https:\/\/www.escapadarural.com\/blog\/sierra-espuna-y-valle-de-ricote-en-bicicleta\/#primaryimage"},"thumbnailUrl":"https:\/\/www.escapadarural.com\/blog\/wp-content\/uploads\/2024\/10\/ricote1-1-1024x768-3.jpg","keywords":["Bicicleta","Murcia","Regi\u00f3n de Murcia","Rutas BTT","Sierra Espu\u00f1a","Turismo activo","Valle de Ricote"],"articleSection":["Rutas y excursiones"],"inLanguage":"es","potentialAction":[{"@type":"CommentAction","name":"Comment","target":["https:\/\/www.escapadarural.com\/blog\/sierra-espuna-y-valle-de-ricote-en-bicicleta\/#respond"]}]},{"@type":"WebPage","@id":"https:\/\/www.escapadarural.com\/blog\/sierra-espuna-y-valle-de-ricote-en-bicicleta\/","url":"https:\/\/www.escapadarural.com\/blog\/sierra-espuna-y-valle-de-ricote-en-bicicleta\/","name":"Sierra Espu\u00f1a y valle de Ricote en bicicleta - EscapadaRural","isPartOf":{"@id":"https:\/\/www.escapadarural.com\/blog\/#website"},"primaryImageOfPage":{"@id":"https:\/\/www.escapadarural.com\/blog\/sierra-espuna-y-valle-de-ricote-en-bicicleta\/#primaryimage"},"image":{"@id":"https:\/\/www.escapadarural.com\/blog\/sierra-espuna-y-valle-de-ricote-en-bicicleta\/#primaryimage"},"thumbnailUrl":"https:\/\/www.escapadarural.com\/blog\/wp-content\/uploads\/2024\/10\/ricote1-1-1024x768-3.jpg","datePublished":"2018-11-30T08:30:34+00:00","dateModified":"2025-02-10T17:43:44+00:00","breadcrumb":{"@id":"https:\/\/www.escapadarural.com\/blog\/sierra-espuna-y-valle-de-ricote-en-bicicleta\/#breadcrumb"},"inLanguage":"es","potentialAction":[{"@type":"ReadAction","target":["https:\/\/www.escapadarural.com\/blog\/sierra-espuna-y-valle-de-ricote-en-bicicleta\/"]}]},{"@type":"ImageObject","inLanguage":"es","@id":"https:\/\/www.escapadarural.com\/blog\/sierra-espuna-y-valle-de-ricote-en-bicicleta\/#primaryimage","url":"https:\/\/www.escapadarural.com\/blog\/wp-content\/uploads\/2024\/10\/ricote1-1-1024x768-3.jpg","contentUrl":"https:\/\/www.escapadarural.com\/blog\/wp-content\/uploads\/2024\/10\/ricote1-1-1024x768-3.jpg","width":1024,"height":768,"caption":"Campos verdes y palmeras en primer plano, con laderas en terrazas y una monta\u00f1a rocosa de color marr\u00f3n al fondo, bajo un cielo parcialmente nublado."},{"@type":"BreadcrumbList","@id":"https:\/\/www.escapadarural.com\/blog\/sierra-espuna-y-valle-de-ricote-en-bicicleta\/#breadcrumb","itemListElement":[{"@type":"ListItem","position":1,"name":"Inicio","item":"https:\/\/www.escapadarural.com\/blog\/"},{"@type":"ListItem","position":2,"name":"Rutas y excursiones","item":"https:\/\/www.escapadarural.com\/blog\/categoria\/rutas-y-excursiones\/"},{"@type":"ListItem","position":3,"name":"Sierra Espu\u00f1a y valle de Ricote en bicicleta"}]},{"@type":"WebSite","@id":"https:\/\/www.escapadarural.com\/blog\/#website","url":"https:\/\/www.escapadarural.com\/blog\/","name":"Blog de viajes | turismo rural, alojamientos e inspiraci\u00f3n","description":"Alojamientos rurales e inspiraci\u00f3n para tus escapadas","publisher":{"@id":"https:\/\/www.escapadarural.com\/blog\/#organization"},"alternateName":"Magazine de viajes de EscapadaRural","potentialAction":[{"@type":"SearchAction","target":{"@type":"EntryPoint","urlTemplate":"https:\/\/www.escapadarural.com\/blog\/?s={search_term_string}"},"query-input":{"@type":"PropertyValueSpecification","valueRequired":true,"valueName":"search_term_string"}}],"inLanguage":"es"},{"@type":"Organization","@id":"https:\/\/www.escapadarural.com\/blog\/#organization","name":"EscapadaRural","url":"https:\/\/www.escapadarural.com\/blog\/","logo":{"@type":"ImageObject","inLanguage":"es","@id":"https:\/\/www.escapadarural.com\/blog\/#\/schema\/logo\/image\/","url":"https:\/\/www.escapadarural.com\/blog\/wp-content\/uploads\/2024\/10\/cropped-cropped-escapada-rural-icon-mag-3.png","contentUrl":"https:\/\/www.escapadarural.com\/blog\/wp-content\/uploads\/2024\/10\/cropped-cropped-escapada-rural-icon-mag-3.png","width":512,"height":512,"caption":"EscapadaRural"},"image":{"@id":"https:\/\/www.escapadarural.com\/blog\/#\/schema\/logo\/image\/"},"sameAs":["https:\/\/www.facebook.com\/escapadarural","https:\/\/www.instagram.com\/escapadarural\/","https:\/\/www.youtube.com\/@escapadaruralcom"]},{"@type":"Person","@id":"https:\/\/www.escapadarural.com\/blog\/#\/schema\/person\/4c4129da33fde002ef7ee9e909276f35","name":"Germ\u00e1n Sierra","image":{"@type":"ImageObject","inLanguage":"es","@id":"https:\/\/secure.gravatar.com\/avatar\/0691a93e994472c529b4fdba17226395f8b628d0ed9528e66d3c7afeee500f06?s=96&d=mm&r=g","url":"https:\/\/secure.gravatar.com\/avatar\/0691a93e994472c529b4fdba17226395f8b628d0ed9528e66d3c7afeee500f06?s=96&d=mm&r=g","contentUrl":"https:\/\/secure.gravatar.com\/avatar\/0691a93e994472c529b4fdba17226395f8b628d0ed9528e66d3c7afeee500f06?s=96&d=mm&r=g","caption":"Germ\u00e1n Sierra"},"url":"https:\/\/www.escapadarural.com\/blog\/autor\/german\/"}]}},"_links":{"self":[{"href":"https:\/\/www.escapadarural.com\/blog\/wp-json\/wp\/v2\/posts\/10478","targetHints":{"allow":["GET"]}}],"collection":[{"href":"https:\/\/www.escapadarural.com\/blog\/wp-json\/wp\/v2\/posts"}],"about":[{"href":"https:\/\/www.escapadarural.com\/blog\/wp-json\/wp\/v2\/types\/post"}],"author":[{"embeddable":true,"href":"https:\/\/www.escapadarural.com\/blog\/wp-json\/wp\/v2\/users\/110"}],"replies":[{"embeddable":true,"href":"https:\/\/www.escapadarural.com\/blog\/wp-json\/wp\/v2\/comments?post=10478"}],"version-history":[{"count":0,"href":"https:\/\/www.escapadarural.com\/blog\/wp-json\/wp\/v2\/posts\/10478\/revisions"}],"wp:featuredmedia":[{"embeddable":true,"href":"https:\/\/www.escapadarural.com\/blog\/wp-json\/wp\/v2\/media\/103953"}],"wp:attachment":[{"href":"https:\/\/www.escapadarural.com\/blog\/wp-json\/wp\/v2\/media?parent=10478"}],"wp:term":[{"taxonomy":"category","embeddable":true,"href":"https:\/\/www.escapadarural.com\/blog\/wp-json\/wp\/v2\/categories?post=10478"},{"taxonomy":"post_tag","embeddable":true,"href":"https:\/\/www.escapadarural.com\/blog\/wp-json\/wp\/v2\/tags?post=10478"}],"curies":[{"name":"wp","href":"https:\/\/api.w.org\/{rel}","templated":true}]}}