{"id":10621,"date":"2019-01-24T09:51:01","date_gmt":"2019-01-24T09:51:01","guid":{"rendered":"http:\/\/15.188.81.248\/2019\/01\/24\/con-jose-saramago-por-portugal\/"},"modified":"2025-01-15T14:49:34","modified_gmt":"2025-01-15T12:49:34","slug":"con-jose-saramago-por-portugal","status":"publish","type":"post","link":"https:\/\/www.escapadarural.com\/blog\/con-jose-saramago-por-portugal\/","title":{"rendered":"Con Jos\u00e9 Saramago por Portugal"},"content":{"rendered":"\n<figure class=\"wp-block-image size-large\"><a href=\"https:\/\/www.escapadarural.com\/blog\/wp-content\/uploads\/2019\/03\/coimbra1.jpg\"><img decoding=\"async\" src=\"https:\/\/www.escapadarural.com\/blog\/wp-content\/uploads\/2019\/03\/coimbra1.jpg\" alt=\"Coimbra\" class=\"wp-image-25032\"\/><\/a><figcaption class=\"wp-element-caption\">Co\u00edmbra. Por leoks<\/figcaption><\/figure>\n\n\n\n<p>El viajero tiene casi sesenta a\u00f1os. A pesar de ello, hace poco que ha encontrado una voz propia. Hac\u00eda tiempo que escrib\u00eda, pero convertirse en escritor no siempre es tarea f\u00e1cil. El viajero viaja por su pa\u00eds, Portugal, que, al igual que \u00e9l, comienza a encontrar su propia voz tras la dictadura salazarista. El viajero es Jos\u00e9 Saramago y a\u00fan no lo sabe, pero lograr\u00e1 un Premio Nobel. De esta experiencia nacer\u00e1 un libro: <strong><em>Viaje a Portugal<\/em><\/strong>.<\/p>\n\n\n\n<!--more-->\n\n\n\n<p>El viajero, como se llama a s\u00ed mismo Jos\u00e9 Saramago, observa, recuerda, reflexiona, siente y descubre. Viaja por todo el pa\u00eds y lo explica. Sin embargo, no hay que leer el libro como si fuera una gu\u00eda: \u201cA las p\u00e1ginas que siguen no hay que recurrir como agencia de viajes o escaparate tur\u00edstico\u201d, advierte al principio, sino que hay que leerlas como elogio al viaje personal. Y as\u00ed, va y viene, vuelve, escoge ruta a capricho y no por conveniencias o h\u00e1bitos.<\/p>\n\n\n\n<h2 class=\"wp-block-heading title-rute\">Un viaje por Portugal<\/h2>\n\n\n\n<figure class=\"wp-block-image size-large\"><a href=\"https:\/\/www.escapadarural.com\/blog\/wp-content\/uploads\/2019\/01\/Rio-de-Onor-1.jpg\"><img decoding=\"async\" src=\"https:\/\/www.escapadarural.com\/blog\/wp-content\/uploads\/2019\/01\/Rio-de-Onor-1.jpg\" alt=\"Rio de Onor\" class=\"wp-image-25217\"\/><\/a><figcaption class=\"wp-element-caption\">Rio de Onor. Por Downunderphoto<\/figcaption><\/figure>\n\n\n\n<p>Como todos los viajes importantes, \u00e9ste lo es a trav\u00e9s de una geograf\u00eda \u2013recogiendo el \u201cmurmullo infinito del pueblo\u201d\u2013 y, a la vez, es un viaje interior. Por ello, leer <em>Viaje a Portugal<\/em> es acercarse a Jos\u00e9 Saramago, como si fuera una autobiograf\u00eda y no un libro de viajes.<\/p>\n\n\n\n<p>Realmente, \u00e9ste es un libro importante, porque&nbsp;como dice su autor, <strong>el viaje es uno de los muchos rostros que tiene la felicidad<\/strong>.<\/p>\n\n\n\n<p>El viaje comienza en la frontera con Espa\u00f1a, junto al Duoro, o Duero, con un fascinante serm\u00f3n dirigido a los peces de ambas riberas, que es, en realidad, un alegato contra lo absurdo de las fronteras.<\/p>\n\n\n\n<p>La primera parada es en Miranda do Douro, distrito de Braganza. La primera noche, desde la ventana de la habitaci\u00f3n ve la margen espa\u00f1ola del r\u00edo. All\u00ed, le cubre un gran silencio medieval. Cerca est\u00e1 Rio de Onor, un pueblo singular que es portugu\u00e9s y espa\u00f1ol a la vez.<\/p>\n\n\n\n<h2 class=\"wp-block-heading title-rute\">Portugal por carreteras secundarias<\/h2>\n\n\n\n<figure class=\"wp-block-image size-large\"><a href=\"https:\/\/www.escapadarural.com\/blog\/wp-content\/uploads\/2019\/01\/Porto5-1.jpg\"><img decoding=\"async\" src=\"https:\/\/www.escapadarural.com\/blog\/wp-content\/uploads\/2019\/01\/Porto5-1.jpg\" alt=\"Porto\" class=\"wp-image-25216\"\/><\/a><figcaption class=\"wp-element-caption\">Porto. Por Pilar Andreu<\/figcaption><\/figure>\n\n\n\n<p>Hay que viajar prestando atenci\u00f3n a los detalles. Al viajero le gusta usar carreteras poco transitadas. Y es que, aclara, \u201ccuando el viajero sale de las carreteras principales, logra siempre grandes compensaciones\u201d.<\/p>\n\n\n\n<p>Siendo as\u00ed, es normal que no falten an\u00e9cdotas. Como cuando, tras dejar la c\u00e9lebre Barcelos para encaminarse a Abade de Neiva, pincha la rueda del coche y se revela mejor viajero que mec\u00e1nico.<\/p>\n\n\n\n<p>O como cuando, de tan improvisada que es la ruta, llega a Guarda sin alojamiento y tiene que quedarse a dormir dentro del autom\u00f3vil, \u201cenvuelto en todo cuanto pod\u00eda hacer las veces de ropa de abrigo, mordisqueando galletas para entretener el hambre nocturna y al menos calentar los dientes, se sinti\u00f3 la m\u00e1s m\u00edsera criatura del Universo&#8230;\u201d.<\/p>\n\n\n\n<p>Son peque\u00f1os percances que forman parte del viaje. No hay que hacerse mala sangre por ellos. Ni siquiera por una mala comida en Visau, donde el viajero \u201ccomi\u00f3 al fin, ya no recuerda qu\u00e9 y prefiere no decir d\u00f3nde. Son accidentes a los que est\u00e1 sujeto quien viaja y no por eso ha de acabar queriendo mal a las tierras donde acontecen\u201d.<\/p>\n\n\n\n<p>Al contrario, son muchas las alegr\u00edas que le depara viajar as\u00ed: est\u00e1 Braga, donde disfruta del santuario <em>Bom Jesus do Monte<\/em>, del que llega a decir que en Portugal no hay nada hay que se le pueda comparar; callejea por Porto -\u00abun estilo de color, un acierto, un acuerdo entre el granito y los colores de la tierra\u00bb-; llega a la r\u00eda de Aveiro, que le resulta sublime. Tanto que como escritor adem\u00e1s de viajero experimenta los l\u00edmites de las palabras:<\/p>\n\n\n\n<blockquote class=\"wp-block-quote is-layout-flow wp-block-quote-is-layout-flow\">\n<p>\u201cEl viajero sabe que est\u00e1 intentando expresar lo inefable, que no hay palabras capaces de decir lo que una gota de agua es, cuanto menos este cuerpo vivo que une tierra y mar como un enorme coraz\u00f3n.\u201d<\/p>\n<\/blockquote>\n\n\n\n<p>Sigue el viajero por la costa oeste de Portugal hasta Montemor-o-Velho, en <a href=\"https:\/\/www.escapadarural.com\/blog\/coimbra-la-ciudad-mas-romantica-de-portugal\/\">Coimbra<\/a>. Se encuentra con \u201cpoblaciones que parecen haber quedado al margen del tiempo\u201d como, por ejemplo, Tent\u00fagal. Anda y desanda -su viaje no sigue nunca una l\u00ednea recta-, va por donde vino, y llega a Castelo Rodrigo.<\/p>\n\n\n\n<figure class=\"wp-block-image size-large\"><a href=\"https:\/\/www.escapadarural.com\/blog\/wp-content\/uploads\/2019\/01\/aveiro-1.jpg\"><img decoding=\"async\" src=\"https:\/\/www.escapadarural.com\/blog\/wp-content\/uploads\/2019\/01\/aveiro-1.jpg\" alt=\"Aveiro\" class=\"wp-image-25215\"\/><\/a><figcaption class=\"wp-element-caption\">Aveiro. Por Elena Sistaliuk<\/figcaption><\/figure>\n\n\n\n<p>Entra en tierras de Alentejo, y en la ciudad de \u00c9vora siente \u201cuna atm\u00f3sfera que no se encuentra en ning\u00fan otro lugar\u201d, pues pervive all\u00ed el pasado en el presente. Lisboa le intimida. Antes, prefiere ir a Carcavelos, y retrasar el encuentro con la capital portuguesa, para \u201cver lo que s\u00f3lo muy pocas personas conocen\u201d: la iglesia parroquial, donde hay una de las \u201cm\u00e1s <strong>magn\u00edficas decoraciones de azulejos<\/strong>\u201d.<\/p>\n\n\n\n<p>No faltar\u00e1n los goces de la cocina portuguesa. Como en Sesimbra, las <em>caldeiradas<\/em> que, aunque se comen en toda la costa, \u201cqui\u00e9n sabr\u00e1 decir por qu\u00e9, el gusto de ellas es diferente\u201d.<\/p>\n\n\n\n<p>Y Algarve ser\u00e1 donde el viajero vaya acabando su recorrido. En Faro encuentra refugio, no tanto en Silves, donde el ingl\u00e9s ha sustituido el idioma portugu\u00e9s de tanto que es el turismo.<\/p>\n\n\n\n<p>Desde all\u00ed, remontar\u00e1 toda la costa hacia el norte: \u201c\u00c9ste es el pa\u00eds del regreso\u201d, dir\u00e1. Pero, afortunadamente, \u201cel viaje no acaba nunca. S\u00f3lo los viajeros acaban\u201d. As\u00ed pues, el final de este viaje ser\u00e1 el inicio del siguiente. Nos queda a\u00fan mucho Portugal que conocer.<\/p>\n","protected":false},"excerpt":{"rendered":"<p>A trav\u00e9s de su libro Viaje a Portugal, el escritor Jos\u00e9 Saramago nos lleva por algunos de los rincones m\u00e1s bonitos del pa\u00eds luso por carreteras secundarias. <\/p>\n","protected":false},"author":112,"featured_media":103826,"comment_status":"open","ping_status":"closed","sticky":false,"template":"","format":"standard","meta":{"_acf_changed":false,"om_disable_all_campaigns":false,"footnotes":""},"categories":[1379],"tags":[260,2171,2071,1118,1382,538,2228,2229],"class_list":["post-10621","post","type-post","status-publish","format-standard","has-post-thumbnail","hentry","category-rutas-y-excursiones","tag-articulo","tag-aveiro","tag-coimbra","tag-jose-saramago","tag-oporto","tag-portugal","tag-saramago","tag-viaje-a-portugal"],"acf":[],"featured_image_src":"https:\/\/www.escapadarural.com\/blog\/wp-content\/uploads\/2024\/10\/coimbra1-3.jpg","author_info":{"display_name":"Jos\u00e9 Alejandro Adamuz","author_link":"https:\/\/www.escapadarural.com\/blog\/autor\/josealejandro\/"},"yoast_head":"<!-- This site is optimized with the Yoast SEO plugin v27.5 - https:\/\/yoast.com\/product\/yoast-seo-wordpress\/ -->\n<title>Con Jos\u00e9 Saramago por Portugal - EscapadaRural<\/title>\n<meta name=\"robots\" content=\"index, follow, max-snippet:-1, max-image-preview:large, max-video-preview:-1\" \/>\n<link rel=\"canonical\" href=\"https:\/\/www.escapadarural.com\/blog\/con-jose-saramago-por-portugal\/\" \/>\n<meta property=\"og:locale\" content=\"es_ES\" \/>\n<meta property=\"og:type\" content=\"article\" \/>\n<meta property=\"og:title\" content=\"Con Jos\u00e9 Saramago por Portugal - EscapadaRural\" \/>\n<meta property=\"og:description\" content=\"A trav\u00e9s de su libro Viaje a Portugal, el escritor Jos\u00e9 Saramago nos lleva por algunos de los rincones m\u00e1s bonitos del pa\u00eds luso por carreteras secundarias.\" \/>\n<meta property=\"og:url\" content=\"https:\/\/www.escapadarural.com\/blog\/con-jose-saramago-por-portugal\/\" \/>\n<meta property=\"og:site_name\" content=\"Magazine de viajes de EscapadaRural\" \/>\n<meta property=\"article:publisher\" content=\"https:\/\/www.facebook.com\/escapadarural\" \/>\n<meta property=\"article:published_time\" content=\"2019-01-24T09:51:01+00:00\" \/>\n<meta property=\"article:modified_time\" content=\"2025-01-15T12:49:34+00:00\" \/>\n<meta property=\"og:image\" content=\"https:\/\/www.escapadarural.com\/blog\/wp-content\/uploads\/2024\/10\/coimbra1-3.jpg\" \/>\n\t<meta property=\"og:image:width\" content=\"1024\" \/>\n\t<meta property=\"og:image:height\" content=\"501\" \/>\n\t<meta property=\"og:image:type\" content=\"image\/jpeg\" \/>\n<meta name=\"author\" content=\"Jos\u00e9 Alejandro Adamuz\" \/>\n<meta name=\"twitter:card\" content=\"summary_large_image\" \/>\n<meta name=\"twitter:label1\" content=\"Escrito por\" \/>\n\t<meta name=\"twitter:data1\" content=\"Jos\u00e9 Alejandro Adamuz\" \/>\n\t<meta name=\"twitter:label2\" content=\"Tiempo de lectura\" \/>\n\t<meta name=\"twitter:data2\" content=\"5 minutos\" \/>\n<script type=\"application\/ld+json\" class=\"yoast-schema-graph\">{\"@context\":\"https:\\\/\\\/schema.org\",\"@graph\":[{\"@type\":\"Article\",\"@id\":\"https:\\\/\\\/www.escapadarural.com\\\/blog\\\/con-jose-saramago-por-portugal\\\/#article\",\"isPartOf\":{\"@id\":\"https:\\\/\\\/www.escapadarural.com\\\/blog\\\/con-jose-saramago-por-portugal\\\/\"},\"author\":{\"name\":\"Jos\u00e9 Alejandro Adamuz\",\"@id\":\"https:\\\/\\\/www.escapadarural.com\\\/blog\\\/#\\\/schema\\\/person\\\/ac6969ba5ab90987dda9465be409d6b3\"},\"headline\":\"Con Jos\u00e9 Saramago por Portugal\",\"datePublished\":\"2019-01-24T09:51:01+00:00\",\"dateModified\":\"2025-01-15T12:49:34+00:00\",\"mainEntityOfPage\":{\"@id\":\"https:\\\/\\\/www.escapadarural.com\\\/blog\\\/con-jose-saramago-por-portugal\\\/\"},\"wordCount\":928,\"commentCount\":0,\"publisher\":{\"@id\":\"https:\\\/\\\/www.escapadarural.com\\\/blog\\\/#organization\"},\"image\":{\"@id\":\"https:\\\/\\\/www.escapadarural.com\\\/blog\\\/con-jose-saramago-por-portugal\\\/#primaryimage\"},\"thumbnailUrl\":\"https:\\\/\\\/www.escapadarural.com\\\/blog\\\/wp-content\\\/uploads\\\/2024\\\/10\\\/coimbra1-3.jpg\",\"keywords\":[\"art\u00edculo\",\"Aveiro\",\"Co\u00edmbra\",\"Jose Saramago\",\"Oporto\",\"portugal\",\"Saramago\",\"Viaje a Portugal\"],\"articleSection\":[\"Rutas y excursiones\"],\"inLanguage\":\"es\",\"potentialAction\":[{\"@type\":\"CommentAction\",\"name\":\"Comment\",\"target\":[\"https:\\\/\\\/www.escapadarural.com\\\/blog\\\/con-jose-saramago-por-portugal\\\/#respond\"]}]},{\"@type\":\"WebPage\",\"@id\":\"https:\\\/\\\/www.escapadarural.com\\\/blog\\\/con-jose-saramago-por-portugal\\\/\",\"url\":\"https:\\\/\\\/www.escapadarural.com\\\/blog\\\/con-jose-saramago-por-portugal\\\/\",\"name\":\"Con Jos\u00e9 Saramago por Portugal - EscapadaRural\",\"isPartOf\":{\"@id\":\"https:\\\/\\\/www.escapadarural.com\\\/blog\\\/#website\"},\"primaryImageOfPage\":{\"@id\":\"https:\\\/\\\/www.escapadarural.com\\\/blog\\\/con-jose-saramago-por-portugal\\\/#primaryimage\"},\"image\":{\"@id\":\"https:\\\/\\\/www.escapadarural.com\\\/blog\\\/con-jose-saramago-por-portugal\\\/#primaryimage\"},\"thumbnailUrl\":\"https:\\\/\\\/www.escapadarural.com\\\/blog\\\/wp-content\\\/uploads\\\/2024\\\/10\\\/coimbra1-3.jpg\",\"datePublished\":\"2019-01-24T09:51:01+00:00\",\"dateModified\":\"2025-01-15T12:49:34+00:00\",\"breadcrumb\":{\"@id\":\"https:\\\/\\\/www.escapadarural.com\\\/blog\\\/con-jose-saramago-por-portugal\\\/#breadcrumb\"},\"inLanguage\":\"es\",\"potentialAction\":[{\"@type\":\"ReadAction\",\"target\":[\"https:\\\/\\\/www.escapadarural.com\\\/blog\\\/con-jose-saramago-por-portugal\\\/\"]}]},{\"@type\":\"ImageObject\",\"inLanguage\":\"es\",\"@id\":\"https:\\\/\\\/www.escapadarural.com\\\/blog\\\/con-jose-saramago-por-portugal\\\/#primaryimage\",\"url\":\"https:\\\/\\\/www.escapadarural.com\\\/blog\\\/wp-content\\\/uploads\\\/2024\\\/10\\\/coimbra1-3.jpg\",\"contentUrl\":\"https:\\\/\\\/www.escapadarural.com\\\/blog\\\/wp-content\\\/uploads\\\/2024\\\/10\\\/coimbra1-3.jpg\",\"width\":1024,\"height\":501,\"caption\":\"Coloridos edificios con tejados de tejas rojas se alinean en la ladera de una colina bajo un cielo azul en Coimbra, Portugal, con un puente que cruza un tranquilo r\u00edo en primer plano. La hist\u00f3rica universidad se encuentra en lo alto de la colina.\"},{\"@type\":\"BreadcrumbList\",\"@id\":\"https:\\\/\\\/www.escapadarural.com\\\/blog\\\/con-jose-saramago-por-portugal\\\/#breadcrumb\",\"itemListElement\":[{\"@type\":\"ListItem\",\"position\":1,\"name\":\"Inicio\",\"item\":\"https:\\\/\\\/www.escapadarural.com\\\/blog\\\/\"},{\"@type\":\"ListItem\",\"position\":2,\"name\":\"Rutas y excursiones\",\"item\":\"https:\\\/\\\/www.escapadarural.com\\\/blog\\\/categoria\\\/rutas-y-excursiones\\\/\"},{\"@type\":\"ListItem\",\"position\":3,\"name\":\"Con Jos\u00e9 Saramago por Portugal\"}]},{\"@type\":\"WebSite\",\"@id\":\"https:\\\/\\\/www.escapadarural.com\\\/blog\\\/#website\",\"url\":\"https:\\\/\\\/www.escapadarural.com\\\/blog\\\/\",\"name\":\"Blog de viajes | turismo rural, alojamientos e inspiraci\u00f3n\",\"description\":\"Alojamientos rurales e inspiraci\u00f3n para tus escapadas\",\"publisher\":{\"@id\":\"https:\\\/\\\/www.escapadarural.com\\\/blog\\\/#organization\"},\"alternateName\":\"Magazine de viajes de EscapadaRural\",\"potentialAction\":[{\"@type\":\"SearchAction\",\"target\":{\"@type\":\"EntryPoint\",\"urlTemplate\":\"https:\\\/\\\/www.escapadarural.com\\\/blog\\\/?s={search_term_string}\"},\"query-input\":{\"@type\":\"PropertyValueSpecification\",\"valueRequired\":true,\"valueName\":\"search_term_string\"}}],\"inLanguage\":\"es\"},{\"@type\":\"Organization\",\"@id\":\"https:\\\/\\\/www.escapadarural.com\\\/blog\\\/#organization\",\"name\":\"EscapadaRural\",\"url\":\"https:\\\/\\\/www.escapadarural.com\\\/blog\\\/\",\"logo\":{\"@type\":\"ImageObject\",\"inLanguage\":\"es\",\"@id\":\"https:\\\/\\\/www.escapadarural.com\\\/blog\\\/#\\\/schema\\\/logo\\\/image\\\/\",\"url\":\"https:\\\/\\\/www.escapadarural.com\\\/blog\\\/wp-content\\\/uploads\\\/2024\\\/10\\\/cropped-cropped-escapada-rural-icon-mag-3.png\",\"contentUrl\":\"https:\\\/\\\/www.escapadarural.com\\\/blog\\\/wp-content\\\/uploads\\\/2024\\\/10\\\/cropped-cropped-escapada-rural-icon-mag-3.png\",\"width\":512,\"height\":512,\"caption\":\"EscapadaRural\"},\"image\":{\"@id\":\"https:\\\/\\\/www.escapadarural.com\\\/blog\\\/#\\\/schema\\\/logo\\\/image\\\/\"},\"sameAs\":[\"https:\\\/\\\/www.facebook.com\\\/escapadarural\",\"https:\\\/\\\/www.instagram.com\\\/escapadarural\\\/\",\"https:\\\/\\\/www.youtube.com\\\/@escapadaruralcom\"]},{\"@type\":\"Person\",\"@id\":\"https:\\\/\\\/www.escapadarural.com\\\/blog\\\/#\\\/schema\\\/person\\\/ac6969ba5ab90987dda9465be409d6b3\",\"name\":\"Jos\u00e9 Alejandro Adamuz\",\"image\":{\"@type\":\"ImageObject\",\"inLanguage\":\"es\",\"@id\":\"https:\\\/\\\/www.escapadarural.com\\\/blog\\\/wp-content\\\/uploads\\\/2025\\\/02\\\/cropped-jose_alejandro_viajar-96x96.webp\",\"url\":\"https:\\\/\\\/www.escapadarural.com\\\/blog\\\/wp-content\\\/uploads\\\/2025\\\/02\\\/cropped-jose_alejandro_viajar-96x96.webp\",\"contentUrl\":\"https:\\\/\\\/www.escapadarural.com\\\/blog\\\/wp-content\\\/uploads\\\/2025\\\/02\\\/cropped-jose_alejandro_viajar-96x96.webp\",\"caption\":\"Jos\u00e9 Alejandro Adamuz\"},\"description\":\"Soy licenciado en filolog\u00eda hisp\u00e1nica y periodista por vocaci\u00f3n. Tambi\u00e9n soy disl\u00e9xico, por lo que suelo confundir la derecha con la izquierda y los kil\u00f3metros con la literatura. Pero de momento me va bien as\u00ed. Colaboro habitualmente en diferentes medios haciendo cr\u00f3nica de viajes y periodismo cultural. Me gusta que los viajes cuenten historias y que las historias me hagan viajar.\",\"sameAs\":[\"https:\\\/\\\/viviratodaletra.com\\\/\"],\"url\":\"https:\\\/\\\/www.escapadarural.com\\\/blog\\\/autor\\\/josealejandro\\\/\"}]}<\/script>\n<!-- \/ Yoast SEO plugin. -->","yoast_head_json":{"title":"Con Jos\u00e9 Saramago por Portugal - EscapadaRural","robots":{"index":"index","follow":"follow","max-snippet":"max-snippet:-1","max-image-preview":"max-image-preview:large","max-video-preview":"max-video-preview:-1"},"canonical":"https:\/\/www.escapadarural.com\/blog\/con-jose-saramago-por-portugal\/","og_locale":"es_ES","og_type":"article","og_title":"Con Jos\u00e9 Saramago por Portugal - EscapadaRural","og_description":"A trav\u00e9s de su libro Viaje a Portugal, el escritor Jos\u00e9 Saramago nos lleva por algunos de los rincones m\u00e1s bonitos del pa\u00eds luso por carreteras secundarias.","og_url":"https:\/\/www.escapadarural.com\/blog\/con-jose-saramago-por-portugal\/","og_site_name":"Magazine de viajes de EscapadaRural","article_publisher":"https:\/\/www.facebook.com\/escapadarural","article_published_time":"2019-01-24T09:51:01+00:00","article_modified_time":"2025-01-15T12:49:34+00:00","og_image":[{"width":1024,"height":501,"url":"https:\/\/www.escapadarural.com\/blog\/wp-content\/uploads\/2024\/10\/coimbra1-3.jpg","type":"image\/jpeg"}],"author":"Jos\u00e9 Alejandro Adamuz","twitter_card":"summary_large_image","twitter_misc":{"Escrito por":"Jos\u00e9 Alejandro Adamuz","Tiempo de lectura":"5 minutos"},"schema":{"@context":"https:\/\/schema.org","@graph":[{"@type":"Article","@id":"https:\/\/www.escapadarural.com\/blog\/con-jose-saramago-por-portugal\/#article","isPartOf":{"@id":"https:\/\/www.escapadarural.com\/blog\/con-jose-saramago-por-portugal\/"},"author":{"name":"Jos\u00e9 Alejandro Adamuz","@id":"https:\/\/www.escapadarural.com\/blog\/#\/schema\/person\/ac6969ba5ab90987dda9465be409d6b3"},"headline":"Con Jos\u00e9 Saramago por Portugal","datePublished":"2019-01-24T09:51:01+00:00","dateModified":"2025-01-15T12:49:34+00:00","mainEntityOfPage":{"@id":"https:\/\/www.escapadarural.com\/blog\/con-jose-saramago-por-portugal\/"},"wordCount":928,"commentCount":0,"publisher":{"@id":"https:\/\/www.escapadarural.com\/blog\/#organization"},"image":{"@id":"https:\/\/www.escapadarural.com\/blog\/con-jose-saramago-por-portugal\/#primaryimage"},"thumbnailUrl":"https:\/\/www.escapadarural.com\/blog\/wp-content\/uploads\/2024\/10\/coimbra1-3.jpg","keywords":["art\u00edculo","Aveiro","Co\u00edmbra","Jose Saramago","Oporto","portugal","Saramago","Viaje a Portugal"],"articleSection":["Rutas y excursiones"],"inLanguage":"es","potentialAction":[{"@type":"CommentAction","name":"Comment","target":["https:\/\/www.escapadarural.com\/blog\/con-jose-saramago-por-portugal\/#respond"]}]},{"@type":"WebPage","@id":"https:\/\/www.escapadarural.com\/blog\/con-jose-saramago-por-portugal\/","url":"https:\/\/www.escapadarural.com\/blog\/con-jose-saramago-por-portugal\/","name":"Con Jos\u00e9 Saramago por Portugal - EscapadaRural","isPartOf":{"@id":"https:\/\/www.escapadarural.com\/blog\/#website"},"primaryImageOfPage":{"@id":"https:\/\/www.escapadarural.com\/blog\/con-jose-saramago-por-portugal\/#primaryimage"},"image":{"@id":"https:\/\/www.escapadarural.com\/blog\/con-jose-saramago-por-portugal\/#primaryimage"},"thumbnailUrl":"https:\/\/www.escapadarural.com\/blog\/wp-content\/uploads\/2024\/10\/coimbra1-3.jpg","datePublished":"2019-01-24T09:51:01+00:00","dateModified":"2025-01-15T12:49:34+00:00","breadcrumb":{"@id":"https:\/\/www.escapadarural.com\/blog\/con-jose-saramago-por-portugal\/#breadcrumb"},"inLanguage":"es","potentialAction":[{"@type":"ReadAction","target":["https:\/\/www.escapadarural.com\/blog\/con-jose-saramago-por-portugal\/"]}]},{"@type":"ImageObject","inLanguage":"es","@id":"https:\/\/www.escapadarural.com\/blog\/con-jose-saramago-por-portugal\/#primaryimage","url":"https:\/\/www.escapadarural.com\/blog\/wp-content\/uploads\/2024\/10\/coimbra1-3.jpg","contentUrl":"https:\/\/www.escapadarural.com\/blog\/wp-content\/uploads\/2024\/10\/coimbra1-3.jpg","width":1024,"height":501,"caption":"Coloridos edificios con tejados de tejas rojas se alinean en la ladera de una colina bajo un cielo azul en Coimbra, Portugal, con un puente que cruza un tranquilo r\u00edo en primer plano. La hist\u00f3rica universidad se encuentra en lo alto de la colina."},{"@type":"BreadcrumbList","@id":"https:\/\/www.escapadarural.com\/blog\/con-jose-saramago-por-portugal\/#breadcrumb","itemListElement":[{"@type":"ListItem","position":1,"name":"Inicio","item":"https:\/\/www.escapadarural.com\/blog\/"},{"@type":"ListItem","position":2,"name":"Rutas y excursiones","item":"https:\/\/www.escapadarural.com\/blog\/categoria\/rutas-y-excursiones\/"},{"@type":"ListItem","position":3,"name":"Con Jos\u00e9 Saramago por Portugal"}]},{"@type":"WebSite","@id":"https:\/\/www.escapadarural.com\/blog\/#website","url":"https:\/\/www.escapadarural.com\/blog\/","name":"Blog de viajes | turismo rural, alojamientos e inspiraci\u00f3n","description":"Alojamientos rurales e inspiraci\u00f3n para tus escapadas","publisher":{"@id":"https:\/\/www.escapadarural.com\/blog\/#organization"},"alternateName":"Magazine de viajes de EscapadaRural","potentialAction":[{"@type":"SearchAction","target":{"@type":"EntryPoint","urlTemplate":"https:\/\/www.escapadarural.com\/blog\/?s={search_term_string}"},"query-input":{"@type":"PropertyValueSpecification","valueRequired":true,"valueName":"search_term_string"}}],"inLanguage":"es"},{"@type":"Organization","@id":"https:\/\/www.escapadarural.com\/blog\/#organization","name":"EscapadaRural","url":"https:\/\/www.escapadarural.com\/blog\/","logo":{"@type":"ImageObject","inLanguage":"es","@id":"https:\/\/www.escapadarural.com\/blog\/#\/schema\/logo\/image\/","url":"https:\/\/www.escapadarural.com\/blog\/wp-content\/uploads\/2024\/10\/cropped-cropped-escapada-rural-icon-mag-3.png","contentUrl":"https:\/\/www.escapadarural.com\/blog\/wp-content\/uploads\/2024\/10\/cropped-cropped-escapada-rural-icon-mag-3.png","width":512,"height":512,"caption":"EscapadaRural"},"image":{"@id":"https:\/\/www.escapadarural.com\/blog\/#\/schema\/logo\/image\/"},"sameAs":["https:\/\/www.facebook.com\/escapadarural","https:\/\/www.instagram.com\/escapadarural\/","https:\/\/www.youtube.com\/@escapadaruralcom"]},{"@type":"Person","@id":"https:\/\/www.escapadarural.com\/blog\/#\/schema\/person\/ac6969ba5ab90987dda9465be409d6b3","name":"Jos\u00e9 Alejandro Adamuz","image":{"@type":"ImageObject","inLanguage":"es","@id":"https:\/\/www.escapadarural.com\/blog\/wp-content\/uploads\/2025\/02\/cropped-jose_alejandro_viajar-96x96.webp","url":"https:\/\/www.escapadarural.com\/blog\/wp-content\/uploads\/2025\/02\/cropped-jose_alejandro_viajar-96x96.webp","contentUrl":"https:\/\/www.escapadarural.com\/blog\/wp-content\/uploads\/2025\/02\/cropped-jose_alejandro_viajar-96x96.webp","caption":"Jos\u00e9 Alejandro Adamuz"},"description":"Soy licenciado en filolog\u00eda hisp\u00e1nica y periodista por vocaci\u00f3n. Tambi\u00e9n soy disl\u00e9xico, por lo que suelo confundir la derecha con la izquierda y los kil\u00f3metros con la literatura. Pero de momento me va bien as\u00ed. Colaboro habitualmente en diferentes medios haciendo cr\u00f3nica de viajes y periodismo cultural. Me gusta que los viajes cuenten historias y que las historias me hagan viajar.","sameAs":["https:\/\/viviratodaletra.com\/"],"url":"https:\/\/www.escapadarural.com\/blog\/autor\/josealejandro\/"}]}},"_links":{"self":[{"href":"https:\/\/www.escapadarural.com\/blog\/wp-json\/wp\/v2\/posts\/10621","targetHints":{"allow":["GET"]}}],"collection":[{"href":"https:\/\/www.escapadarural.com\/blog\/wp-json\/wp\/v2\/posts"}],"about":[{"href":"https:\/\/www.escapadarural.com\/blog\/wp-json\/wp\/v2\/types\/post"}],"author":[{"embeddable":true,"href":"https:\/\/www.escapadarural.com\/blog\/wp-json\/wp\/v2\/users\/112"}],"replies":[{"embeddable":true,"href":"https:\/\/www.escapadarural.com\/blog\/wp-json\/wp\/v2\/comments?post=10621"}],"version-history":[{"count":0,"href":"https:\/\/www.escapadarural.com\/blog\/wp-json\/wp\/v2\/posts\/10621\/revisions"}],"wp:featuredmedia":[{"embeddable":true,"href":"https:\/\/www.escapadarural.com\/blog\/wp-json\/wp\/v2\/media\/103826"}],"wp:attachment":[{"href":"https:\/\/www.escapadarural.com\/blog\/wp-json\/wp\/v2\/media?parent=10621"}],"wp:term":[{"taxonomy":"category","embeddable":true,"href":"https:\/\/www.escapadarural.com\/blog\/wp-json\/wp\/v2\/categories?post=10621"},{"taxonomy":"post_tag","embeddable":true,"href":"https:\/\/www.escapadarural.com\/blog\/wp-json\/wp\/v2\/tags?post=10621"}],"curies":[{"name":"wp","href":"https:\/\/api.w.org\/{rel}","templated":true}]}}