{"id":106658,"date":"2024-11-14T11:56:40","date_gmt":"2024-11-14T09:56:40","guid":{"rendered":"https:\/\/www.escapadarural.com\/blog\/?p=84478"},"modified":"2025-03-14T11:10:29","modified_gmt":"2025-03-14T09:10:29","slug":"antequera-templos-iglesias","status":"publish","type":"post","link":"https:\/\/www.escapadarural.com\/blog\/antequera-templos-iglesias\/","title":{"rendered":"Antequera, la poblaci\u00f3n con m\u00e1s templos de Espa\u00f1a"},"content":{"rendered":"\n<figure class=\"wp-block-image size-full\"><img loading=\"lazy\" decoding=\"async\" width=\"1024\" height=\"683\" src=\"https:\/\/www.escapadarural.com\/blog\/wp-content\/uploads\/2024\/11\/AdobeStock_152631601.webp\" alt=\"Antequera. Por Evan Frank\" class=\"wp-image-197082\" srcset=\"https:\/\/www.escapadarural.com\/blog\/wp-content\/uploads\/2024\/11\/AdobeStock_152631601-200x133.webp 200w, https:\/\/www.escapadarural.com\/blog\/wp-content\/uploads\/2024\/11\/AdobeStock_152631601-300x200.webp 300w, https:\/\/www.escapadarural.com\/blog\/wp-content\/uploads\/2024\/11\/AdobeStock_152631601-400x267.webp 400w, https:\/\/www.escapadarural.com\/blog\/wp-content\/uploads\/2024\/11\/AdobeStock_152631601-600x400.webp 600w, https:\/\/www.escapadarural.com\/blog\/wp-content\/uploads\/2024\/11\/AdobeStock_152631601-768x512.webp 768w, https:\/\/www.escapadarural.com\/blog\/wp-content\/uploads\/2024\/11\/AdobeStock_152631601-800x534.webp 800w, https:\/\/www.escapadarural.com\/blog\/wp-content\/uploads\/2024\/11\/AdobeStock_152631601.webp 1024w\" sizes=\"auto, (max-width: 1024px) 100vw, 1024px\" \/><figcaption class=\"wp-element-caption\">Antequera. Por Evan Frank<\/figcaption><\/figure>\n\n\n\n<p>La bell\u00edsima poblaci\u00f3n de Antequera (M\u00e1laga) es conocida por muchas razones. Desde los <strong>d\u00f3lmenes<\/strong> y sus <strong>fascinantes parajes naturales<\/strong> hasta los platos m\u00e1s t\u00edpicos que solo se pueden encontrar aqu\u00ed, como <a href=\"https:\/\/turismo.antequera.es\/gastronomia\/degusta-las-tres-variedades-de-porra-antequerana\/\" target=\"_blank\" rel=\"noreferrer noopener nofollow\" data-type=\"link\" data-id=\"https:\/\/turismo.antequera.es\/gastronomia\/degusta-las-tres-variedades-de-porra-antequerana\/\">\u201cla porra\u201d<\/a> o los tradicionales dulces y mantecados.<\/p>\n\n\n\n<figure class=\"wp-block-image size-full\"><img loading=\"lazy\" decoding=\"async\" width=\"1024\" height=\"680\" src=\"https:\/\/www.escapadarural.com\/blog\/wp-content\/uploads\/2024\/11\/AdobeStock_70673731.webp\" alt=\"Convento Santa Catalina de Siena. Por joserpizarro\n\" class=\"wp-image-197080\" srcset=\"https:\/\/www.escapadarural.com\/blog\/wp-content\/uploads\/2024\/11\/AdobeStock_70673731-200x133.webp 200w, https:\/\/www.escapadarural.com\/blog\/wp-content\/uploads\/2024\/11\/AdobeStock_70673731-300x199.webp 300w, https:\/\/www.escapadarural.com\/blog\/wp-content\/uploads\/2024\/11\/AdobeStock_70673731-400x266.webp 400w, https:\/\/www.escapadarural.com\/blog\/wp-content\/uploads\/2024\/11\/AdobeStock_70673731-600x398.webp 600w, https:\/\/www.escapadarural.com\/blog\/wp-content\/uploads\/2024\/11\/AdobeStock_70673731-768x510.webp 768w, https:\/\/www.escapadarural.com\/blog\/wp-content\/uploads\/2024\/11\/AdobeStock_70673731-800x531.webp 800w, https:\/\/www.escapadarural.com\/blog\/wp-content\/uploads\/2024\/11\/AdobeStock_70673731.webp 1024w\" sizes=\"auto, (max-width: 1024px) 100vw, 1024px\" \/><figcaption class=\"wp-element-caption\">Convento Santa Catalina de Siena. Por joserpizarro\n<\/figcaption><\/figure>\n\n\n\n<p>Sabemos que el territorio espa\u00f1ol posee mucho patrimonio cultural y un innegable inter\u00e9s hist\u00f3rico y art\u00edstico, pero lo que quiz\u00e1s no sab\u00edas es que <strong>Antequera es la poblaci\u00f3n con mayor n\u00famero de templos, iglesias y conventos activos de Espa\u00f1a.<\/strong> Siempre teniendo en cuenta su n\u00famero de habitantes, el cual no supera los 42.000 seg\u00fan los \u00faltimos datos del Instituto Nacional de Estad\u00edstica. Pero\u2026 \u00bfpor qu\u00e9 salvaguarda tantas iglesias? \u00bfCu\u00e1les son las otras poblaciones con mayor n\u00famero de iglesias y templos por habitante? \u00bfQu\u00e9 m\u00e1s ofrece Antequera? Vamos a intentar dar respuesta a todos estos interrogantes que nos llenan de curiosidad.<\/p>\n\n\n\n<div class=\"wp-block-buttons is-layout-flex wp-block-buttons-is-layout-flex\">\n<div class=\"wp-block-button\"><a class=\"wp-block-button__link wp-element-button\" href=\"\/casas-rurales\/antequera\">Alojamientos rurales en Antequera<\/a><\/div>\n<\/div>\n\n\n\n<h2 class=\"wp-block-heading\" id=\"h-por-que-antequera-tiene-33-templos\">\u00bfPor qu\u00e9 Antequera tiene 33 templos?<\/h2>\n\n\n\n<p>As\u00ed lo confirman varios estudios, art\u00edculos y el propio Google Maps. Si nos ponemos a contar la cantidad de lugares de inter\u00e9s relacionados con la religi\u00f3n, como ermitas, museos, conventos, centros o parroquias, nos damos cuenta de que son <strong>m\u00e1s de una treintena<\/strong> los que aparecen. Si adem\u00e1s tenemos en cuenta las siete localidades que conforman la comarca de Antequera (Alameda, Antequera, Casabermeja, Fuente de Piedra, Humilladero, Mollina y Villanueva de la Concepci\u00f3n), entonces <strong>podr\u00edamos llegar a contar con m\u00e1s de medio centenar <\/strong>de edificios de car\u00e1cter religioso.<\/p>\n\n\n\n<figure class=\"wp-block-image size-full\"><img loading=\"lazy\" decoding=\"async\" width=\"1024\" height=\"683\" src=\"https:\/\/www.escapadarural.com\/blog\/wp-content\/uploads\/2024\/11\/AdobeStock_289453389.webp\" alt=\"Bonita poblaci\u00f3n de Casabermeja. Por jesnofer\n\" class=\"wp-image-197086\" srcset=\"https:\/\/www.escapadarural.com\/blog\/wp-content\/uploads\/2024\/11\/AdobeStock_289453389-200x133.webp 200w, https:\/\/www.escapadarural.com\/blog\/wp-content\/uploads\/2024\/11\/AdobeStock_289453389-300x200.webp 300w, https:\/\/www.escapadarural.com\/blog\/wp-content\/uploads\/2024\/11\/AdobeStock_289453389-400x267.webp 400w, https:\/\/www.escapadarural.com\/blog\/wp-content\/uploads\/2024\/11\/AdobeStock_289453389-600x400.webp 600w, https:\/\/www.escapadarural.com\/blog\/wp-content\/uploads\/2024\/11\/AdobeStock_289453389-768x512.webp 768w, https:\/\/www.escapadarural.com\/blog\/wp-content\/uploads\/2024\/11\/AdobeStock_289453389-800x534.webp 800w, https:\/\/www.escapadarural.com\/blog\/wp-content\/uploads\/2024\/11\/AdobeStock_289453389.webp 1024w\" sizes=\"auto, (max-width: 1024px) 100vw, 1024px\" \/><figcaption class=\"wp-element-caption\">Bonita poblaci\u00f3n de Casabermeja. Por jesnofer\n<\/figcaption><\/figure>\n\n\n\n<p>\u00bfC\u00f3mo es que Antequera tiene tantas iglesias, monasterios y conventos? Quiz\u00e1s la respuesta la encontramos haciendo un peque\u00f1o viaje al pasado, ya que es Patrimonio Mundial declarado por la <a href=\"https:\/\/www.escapadarural.com\/blog\/alarcon-pueblo-con-mural-de-la-unesco\/\" title=\"El pueblo de cuento cuya iglesia tiene un mural de la UNESCO\" data-wpil-monitor-id=\"98\">UNESCO<\/a> desde el a\u00f1o 2016. Tambi\u00e9n cuenta con una ruta llamada <a href=\"https:\/\/turismo.antequera.es\/rutas\/ruta-por-las-iglesias-del-barroco-antequerano\/\" target=\"_blank\" rel=\"noreferrer noopener nofollow\" data-type=\"link\" data-id=\"https:\/\/turismo.antequera.es\/rutas\/ruta-por-las-iglesias-del-barroco-antequerano\/\">\u201cRuta de las Iglesias\u201d<\/a>, que alberga edificios religiosos casi en cada esquina. Lo cierto es que se encuentra en un <strong>cruce de caminos<\/strong>, <strong>fue frontera entre lo que era la Espa\u00f1a cristiana y musulmana<\/strong>, <strong>hab\u00eda mucho espacio<\/strong> y era el lugar donde <strong>la orden religiosa se estableci\u00f3.<\/strong><\/p>\n\n\n\n<figure class=\"wp-block-image size-full\"><img loading=\"lazy\" decoding=\"async\" width=\"1024\" height=\"683\" src=\"https:\/\/www.escapadarural.com\/blog\/wp-content\/uploads\/2024\/11\/AdobeStock_569977622.webp\" alt=\"Vista a\u00e9rea de Antequera y dos torres de iglesias en el centro de la poblaci\u00f3n. Por Tunatura\n\" class=\"wp-image-197087\" srcset=\"https:\/\/www.escapadarural.com\/blog\/wp-content\/uploads\/2024\/11\/AdobeStock_569977622-200x133.webp 200w, https:\/\/www.escapadarural.com\/blog\/wp-content\/uploads\/2024\/11\/AdobeStock_569977622-300x200.webp 300w, https:\/\/www.escapadarural.com\/blog\/wp-content\/uploads\/2024\/11\/AdobeStock_569977622-400x267.webp 400w, https:\/\/www.escapadarural.com\/blog\/wp-content\/uploads\/2024\/11\/AdobeStock_569977622-600x400.webp 600w, https:\/\/www.escapadarural.com\/blog\/wp-content\/uploads\/2024\/11\/AdobeStock_569977622-768x512.webp 768w, https:\/\/www.escapadarural.com\/blog\/wp-content\/uploads\/2024\/11\/AdobeStock_569977622-800x534.webp 800w, https:\/\/www.escapadarural.com\/blog\/wp-content\/uploads\/2024\/11\/AdobeStock_569977622.webp 1024w\" sizes=\"auto, (max-width: 1024px) 100vw, 1024px\" \/><figcaption class=\"wp-element-caption\">Vista a\u00e9rea de Antequera y dos torres de iglesias en el centro de la poblaci\u00f3n. Por Tunatura\n<\/figcaption><\/figure>\n\n\n\n<p>Tal y como se cuenta en estudios elaborados por el propio ayuntamiento y el autor Jos\u00e9 Mar\u00eda Fern\u00e1ndez Rodr\u00edguez, con la ayuda del Archivo Municipal de Antequera y despu\u00e9s de muchos estudios efectuados sabemos que \u201cAntequera sufri\u00f3 una transformaci\u00f3n urbana hacia finales de la Edad Media que tambi\u00e9n sufrieron varias poblaciones espa\u00f1olas. <strong>Dejaron de ser n\u00facleos defensivos cerrados para convertirse en ciudades abiertas<\/strong>, de acuerdo con nuevas necesidades de intercambio y comercio\u201d. Gracias a la reconquista de Granada, se dej\u00f3 de <a href=\"https:\/\/www.escapadarural.com\/blog\/vivir-cerca-de-espacios-verdes-reduce-el-sobrepeso-pero-no-estamos-seguros-de-la-razon\/\" title=\"Vivir cerca de espacios verdes reduce el sobrepeso, pero no estamos seguros de la raz\u00f3n\" data-wpil-monitor-id=\"100\">vivir cerca<\/a> de las murallas y la ciudad comenz\u00f3 un descenso hacia la vega, \u201cbuscando un espacio m\u00e1s c\u00f3modo para el tr\u00e1fico mercantil, ferias, mercados y el h\u00e1bitat humano\u201d.<\/p>\n\n\n\n<figure class=\"wp-block-image size-full\"><img loading=\"lazy\" decoding=\"async\" width=\"1024\" height=\"576\" src=\"https:\/\/www.escapadarural.com\/blog\/wp-content\/uploads\/2024\/11\/AdobeStock_199238834-1.webp\" alt=\"Alcazaba de Antequera y murallas. De n\u00facleo defensivo cerrado a abierto. Por Nicolas Dumeige\n\" class=\"wp-image-197083\" srcset=\"https:\/\/www.escapadarural.com\/blog\/wp-content\/uploads\/2024\/11\/AdobeStock_199238834-1-200x113.webp 200w, https:\/\/www.escapadarural.com\/blog\/wp-content\/uploads\/2024\/11\/AdobeStock_199238834-1-300x169.webp 300w, https:\/\/www.escapadarural.com\/blog\/wp-content\/uploads\/2024\/11\/AdobeStock_199238834-1-400x225.webp 400w, https:\/\/www.escapadarural.com\/blog\/wp-content\/uploads\/2024\/11\/AdobeStock_199238834-1-600x338.webp 600w, https:\/\/www.escapadarural.com\/blog\/wp-content\/uploads\/2024\/11\/AdobeStock_199238834-1-768x432.webp 768w, https:\/\/www.escapadarural.com\/blog\/wp-content\/uploads\/2024\/11\/AdobeStock_199238834-1-800x450.webp 800w, https:\/\/www.escapadarural.com\/blog\/wp-content\/uploads\/2024\/11\/AdobeStock_199238834-1.webp 1024w\" sizes=\"auto, (max-width: 1024px) 100vw, 1024px\" \/><figcaption class=\"wp-element-caption\">Alcazaba de Antequera y murallas. De n\u00facleo defensivo cerrado a abierto. Por Nicolas Dumeige\n<\/figcaption><\/figure>\n\n\n\n<p>Durante el siglo XVII, Antequera vivi\u00f3 un periodo de crecimiento econ\u00f3mico, demogr\u00e1fico y de prosperidad, que ayuda a justificar el<strong> aumento de la construcci\u00f3n de templos<\/strong>. Este per\u00edodo no fue eterno, ya que hacia el siglo XIX y debido a varias guerras, la ciudad decay\u00f3 dejando de lado la construcci\u00f3n de lugares de culto. &nbsp;<\/p>\n\n\n\n<h2 class=\"wp-block-heading\" id=\"h-estos-son-los-templos-mas-importantes-segun-varios-antequeranos\">Estos son los templos m\u00e1s importantes seg\u00fan varios antequeranos<\/h2>\n\n\n\n<p>Son muchas las paradas obligatorias en esta bonita ciudad andaluza y varias las iglesias a recorrer con diferentes estilos art\u00edsticos. Hablamos de aut\u00e9nticos tesoros y, como sabemos que a veces puede costar decidirse, hoy proponemos La Ruta de las 10 iglesias. Esta ruta&nbsp;recomienda seguir un trayecto marcado donde la insigne <strong>Iglesia de San Sebasti\u00e1n es el punto de partida.<\/strong><\/p>\n\n\n\n<figure class=\"wp-block-image size-full\"><img loading=\"lazy\" decoding=\"async\" width=\"1024\" height=\"597\" src=\"https:\/\/www.escapadarural.com\/blog\/wp-content\/uploads\/2024\/11\/AdobeStock_142724684.webp\" alt=\"Colegiata de San Sebasti\u00e1n. Por bbsferrari\n\" class=\"wp-image-197081\" srcset=\"https:\/\/www.escapadarural.com\/blog\/wp-content\/uploads\/2024\/11\/AdobeStock_142724684-200x117.webp 200w, https:\/\/www.escapadarural.com\/blog\/wp-content\/uploads\/2024\/11\/AdobeStock_142724684-300x175.webp 300w, https:\/\/www.escapadarural.com\/blog\/wp-content\/uploads\/2024\/11\/AdobeStock_142724684-400x233.webp 400w, https:\/\/www.escapadarural.com\/blog\/wp-content\/uploads\/2024\/11\/AdobeStock_142724684-600x350.webp 600w, https:\/\/www.escapadarural.com\/blog\/wp-content\/uploads\/2024\/11\/AdobeStock_142724684-768x448.webp 768w, https:\/\/www.escapadarural.com\/blog\/wp-content\/uploads\/2024\/11\/AdobeStock_142724684-800x466.webp 800w, https:\/\/www.escapadarural.com\/blog\/wp-content\/uploads\/2024\/11\/AdobeStock_142724684.webp 1024w\" sizes=\"auto, (max-width: 1024px) 100vw, 1024px\" \/><figcaption class=\"wp-element-caption\">Colegiata de San Sebasti\u00e1n. Por bbsferrari\n<\/figcaption><\/figure>\n\n\n\n<ul class=\"wp-block-list\">\n<li>La ruta establece <strong>10 puntos imprescindibles<\/strong> a conocer:<\/li>\n<\/ul>\n\n\n\n<ol style=\"list-style-type:1\" class=\"wp-block-list\">\n<li>Iglesia de San Sebasti\u00e1n<\/li>\n\n\n\n<li>Bas\u00edlica de Santo Domingo<\/li>\n\n\n\n<li>Iglesia de Santa Mar\u00eda de Jes\u00fas<\/li>\n\n\n\n<li>Iglesia del Carmen<\/li>\n\n\n\n<li>Convento de Bel\u00e9n<\/li>\n\n\n\n<li>Real Monasterio de San Zoilo<\/li>\n\n\n\n<li><a href=\"https:\/\/www.escapadarural.com\/blog\/san-pedro-cultural-astronomia-palencia\/\" title=\"San Pedro Cultural, de iglesia rom\u00e1nica a templo de la astronom\u00eda\" data-wpil-monitor-id=\"99\">Iglesia Parroquial de San Pedro<\/a><\/li>\n\n\n\n<li>Convento de Sant\u00edsima Trinidad<\/li>\n\n\n\n<li>Iglesia San Juan de Dios<\/li>\n\n\n\n<li>Convento de <a href=\"https:\/\/www.escapadarural.com\/blog\/cascadas-del-hervidero-ruta-sencilla-en-san-agustin-de-guadalix-madrid\/\" title=\"Cascadas del Hervidero: ruta sencilla en San Agust\u00edn de Guadalix (Madrid)\" data-wpil-monitor-id=\"101\">San Agust\u00edn<\/a><\/li>\n<\/ol>\n\n\n\n<figure class=\"wp-block-image size-full\"><img loading=\"lazy\" decoding=\"async\" width=\"1024\" height=\"680\" src=\"https:\/\/www.escapadarural.com\/blog\/wp-content\/uploads\/2024\/11\/AdobeStock_35694796.webp\" alt=\"C\u00fapula del altar mayor en la iglesia del Carmen de Antequera (cuarto punto en la lista). Por Enrique David Garc\u00eda\n\" class=\"wp-image-197079\" srcset=\"https:\/\/www.escapadarural.com\/blog\/wp-content\/uploads\/2024\/11\/AdobeStock_35694796-200x133.webp 200w, https:\/\/www.escapadarural.com\/blog\/wp-content\/uploads\/2024\/11\/AdobeStock_35694796-300x199.webp 300w, https:\/\/www.escapadarural.com\/blog\/wp-content\/uploads\/2024\/11\/AdobeStock_35694796-400x266.webp 400w, https:\/\/www.escapadarural.com\/blog\/wp-content\/uploads\/2024\/11\/AdobeStock_35694796-600x398.webp 600w, https:\/\/www.escapadarural.com\/blog\/wp-content\/uploads\/2024\/11\/AdobeStock_35694796-768x510.webp 768w, https:\/\/www.escapadarural.com\/blog\/wp-content\/uploads\/2024\/11\/AdobeStock_35694796-800x531.webp 800w, https:\/\/www.escapadarural.com\/blog\/wp-content\/uploads\/2024\/11\/AdobeStock_35694796.webp 1024w\" sizes=\"auto, (max-width: 1024px) 100vw, 1024px\" \/><figcaption class=\"wp-element-caption\">C\u00fapula del altar mayor en la iglesia del Carmen de Antequera (cuarto punto en la lista). Por Enrique David Garc\u00eda\n<\/figcaption><\/figure>\n\n\n\n<p>Aunque la Iglesia de San Sebasti\u00e1n es la primera que se nombra, lo cierto es que no es la m\u00e1s antigua. <strong>El t\u00edtulo de iglesia primitiva se lo lleva la <a href=\"https:\/\/turismo.antequera.es\/puntos-de-interes\/iglesia-parroquial-de-san-pedro\/\" target=\"_blank\" rel=\"noreferrer noopener nofollow\" data-type=\"link\" data-id=\"https:\/\/turismo.antequera.es\/puntos-de-interes\/iglesia-parroquial-de-san-pedro\/\">iglesia de San Pedro<\/a><\/strong>, <strong>construida en el a\u00f1o 1522<\/strong>. Per\u00edodo que coincide con el comienzo de los ensanches de las calles de Antequera haci\u00e9ndolas m\u00e1s higi\u00e9nicas y regulares hacia el 1515. M\u00e1s tarde, tal y como explica Jos\u00e9 Mar\u00eda Fern\u00e1ndez en Las Iglesias de Antequera, se pidi\u00f3 hacer la plaza de Portichuelo y de San Sebasti\u00e1n, sembrando de esta forma el comienzo de una ciudad extramuros.<\/p>\n\n\n\n<h2 class=\"wp-block-heading\" id=\"h-otras-poblaciones-espanolas-con-mucho-patrimonio-religioso\">Otras poblaciones espa\u00f1olas con mucho patrimonio religioso<\/h2>\n\n\n\n<p>Dejando a un lado Roma y centr\u00e1ndonos en territorio espa\u00f1ol, <strong>las ciudades con mayor patrimonio de car\u00e1cter religioso son Sevilla y <a href=\"https:\/\/www.escapadarural.com\/blog\/pueblos-mas-bonitos-de-zamora\/\" data-type=\"link\" data-id=\"https:\/\/www.escapadarural.com\/blog\/pueblos-mas-bonitos-de-zamora\/\">Zamora<\/a><\/strong>, siendo esta \u00faltima la que tiene el r\u00e9cord de <strong>contar con 26 iglesias rom\u00e1nicas<\/strong>. \u00bfC\u00f3mo lo sabemos? Todos estos datos han sido extra\u00eddos y contrastados con la p\u00e1gina web de la Archidi\u00f3cesis de Valladolid.<\/p>\n\n\n\n<figure class=\"wp-block-image size-full\"><img loading=\"lazy\" decoding=\"async\" width=\"1024\" height=\"683\" src=\"https:\/\/www.escapadarural.com\/blog\/wp-content\/uploads\/2024\/11\/AdobeStock_594999459_Editorial_Use_Only.webp\" alt=\"Detalles de los capiteles de la iglesia rom\u00e1nica de Santiago el Viejo. Zamora. Por Nandi Est\u00e9vez\n\" class=\"wp-image-197088\" srcset=\"https:\/\/www.escapadarural.com\/blog\/wp-content\/uploads\/2024\/11\/AdobeStock_594999459_Editorial_Use_Only-200x133.webp 200w, https:\/\/www.escapadarural.com\/blog\/wp-content\/uploads\/2024\/11\/AdobeStock_594999459_Editorial_Use_Only-300x200.webp 300w, https:\/\/www.escapadarural.com\/blog\/wp-content\/uploads\/2024\/11\/AdobeStock_594999459_Editorial_Use_Only-400x267.webp 400w, https:\/\/www.escapadarural.com\/blog\/wp-content\/uploads\/2024\/11\/AdobeStock_594999459_Editorial_Use_Only-600x400.webp 600w, https:\/\/www.escapadarural.com\/blog\/wp-content\/uploads\/2024\/11\/AdobeStock_594999459_Editorial_Use_Only-768x512.webp 768w, https:\/\/www.escapadarural.com\/blog\/wp-content\/uploads\/2024\/11\/AdobeStock_594999459_Editorial_Use_Only-800x534.webp 800w, https:\/\/www.escapadarural.com\/blog\/wp-content\/uploads\/2024\/11\/AdobeStock_594999459_Editorial_Use_Only.webp 1024w\" sizes=\"auto, (max-width: 1024px) 100vw, 1024px\" \/><figcaption class=\"wp-element-caption\">Detalles de los capiteles de la iglesia rom\u00e1nica de Santiago el Viejo. Zamora. Por Nandi Est\u00e9vez\n<\/figcaption><\/figure>\n\n\n\n<p>Otro dato que me ha llamado la atenci\u00f3n es que seg\u00fan estudios de la Conferencia Episcopal, la actividad pastoral se intensifica en el \u00e1mbito rural, donde <strong>se ubican alrededor de <a href=\"https:\/\/www.conferenciaepiscopal.es\/iglesia-en-espana\/iglesia-en-numeros\/\" target=\"_blank\" rel=\"noreferrer noopener nofollow\" data-type=\"link\" data-id=\"https:\/\/www.conferenciaepiscopal.es\/iglesia-en-espana\/iglesia-en-numeros\/\">11.000 parroquias rurales<\/a><\/strong>. Un valioso legado patrimonial que ya es parte de nuestra historia y donde un gran n\u00famero de p\u00e1rrocos rurales tienen que atender varios municipios, recorriendo cientos de kil\u00f3metros pr\u00e1cticamente a diario.<\/p>\n\n\n\n<h2 class=\"wp-block-heading\" id=\"h-lugares-de-interes-cerca-de-antequera\">Lugares de inter\u00e9s cerca de Antequera<\/h2>\n\n\n\n<p><strong>Son un secreto a voces<\/strong> y todo un <em>must see<\/em>. No puedes irte de la poblaci\u00f3n sin conocer los parajes naturales que la rodean. El m\u00e1s conocido es el <a href=\"https:\/\/www.torcaldeantequera.com\/\" target=\"_blank\" rel=\"noreferrer noopener nofollow\" data-type=\"link\" data-id=\"https:\/\/www.torcaldeantequera.com\/\">Torcal de Antequera<\/a>, un sendero lleno de rutas fascinantes como <strong>la Ruta de los Ammonites<\/strong> (una especie de caracol prehist\u00f3rico que vivi\u00f3 hace miles de a\u00f1os y que lleg\u00f3 a ser de los m\u00e1s abundantes y antiguos de todos los mares), o <strong>la Ruta por el laberinto k\u00e1rstico<\/strong>, lleno de formaciones geol\u00f3gicas que poco a poco ha ido modelando la naturaleza.<\/p>\n\n\n\n<figure class=\"wp-block-image size-full\"><img loading=\"lazy\" decoding=\"async\" width=\"1024\" height=\"683\" src=\"https:\/\/www.escapadarural.com\/blog\/wp-content\/uploads\/2024\/11\/AdobeStock_227532154.webp\" alt=\"Torcal de Antequera. Por Rui\n\" class=\"wp-image-197085\" srcset=\"https:\/\/www.escapadarural.com\/blog\/wp-content\/uploads\/2024\/11\/AdobeStock_227532154-200x133.webp 200w, https:\/\/www.escapadarural.com\/blog\/wp-content\/uploads\/2024\/11\/AdobeStock_227532154-300x200.webp 300w, https:\/\/www.escapadarural.com\/blog\/wp-content\/uploads\/2024\/11\/AdobeStock_227532154-400x267.webp 400w, https:\/\/www.escapadarural.com\/blog\/wp-content\/uploads\/2024\/11\/AdobeStock_227532154-600x400.webp 600w, https:\/\/www.escapadarural.com\/blog\/wp-content\/uploads\/2024\/11\/AdobeStock_227532154-768x512.webp 768w, https:\/\/www.escapadarural.com\/blog\/wp-content\/uploads\/2024\/11\/AdobeStock_227532154-800x534.webp 800w, https:\/\/www.escapadarural.com\/blog\/wp-content\/uploads\/2024\/11\/AdobeStock_227532154.webp 1024w\" sizes=\"auto, (max-width: 1024px) 100vw, 1024px\" \/><figcaption class=\"wp-element-caption\">Torcal de Antequera. Por Rui\n<\/figcaption><\/figure>\n\n\n\n<p>Otra parada imprescindible son los <strong><a href=\"https:\/\/www.museosdeandalucia.es\/web\/conjuntoarqueologicodolmenesdeantequera\" target=\"_blank\" rel=\"noreferrer noopener nofollow\" data-type=\"link\" data-id=\"https:\/\/www.museosdeandalucia.es\/web\/conjuntoarqueologicodolmenesdeantequera\">d\u00f3lmenes de Antequera<\/a><\/strong>, conjunto formado por tres d\u00f3lmenes. Se les conoce como el <em>tholos<\/em> del Romeral y los d\u00f3lmenes de Menga y Viera. Llama particularmente la atenci\u00f3n el dolmen de Menga, ya que cuenta con una <strong>edad aproximada de unos 6.000 a\u00f1os.<\/strong><\/p>\n\n\n\n<figure class=\"wp-block-image size-full\"><img loading=\"lazy\" decoding=\"async\" width=\"1024\" height=\"683\" src=\"https:\/\/www.escapadarural.com\/blog\/wp-content\/uploads\/2024\/11\/AdobeStock_219836686.webp\" alt=\"Dolmen de Menga. Por Eduardo Estellez\n\" class=\"wp-image-197084\" srcset=\"https:\/\/www.escapadarural.com\/blog\/wp-content\/uploads\/2024\/11\/AdobeStock_219836686-200x133.webp 200w, https:\/\/www.escapadarural.com\/blog\/wp-content\/uploads\/2024\/11\/AdobeStock_219836686-300x200.webp 300w, https:\/\/www.escapadarural.com\/blog\/wp-content\/uploads\/2024\/11\/AdobeStock_219836686-400x267.webp 400w, https:\/\/www.escapadarural.com\/blog\/wp-content\/uploads\/2024\/11\/AdobeStock_219836686-600x400.webp 600w, https:\/\/www.escapadarural.com\/blog\/wp-content\/uploads\/2024\/11\/AdobeStock_219836686-768x512.webp 768w, https:\/\/www.escapadarural.com\/blog\/wp-content\/uploads\/2024\/11\/AdobeStock_219836686-800x534.webp 800w, https:\/\/www.escapadarural.com\/blog\/wp-content\/uploads\/2024\/11\/AdobeStock_219836686.webp 1024w\" sizes=\"auto, (max-width: 1024px) 100vw, 1024px\" \/><figcaption class=\"wp-element-caption\">Dolmen de Menga. Por Eduardo Estellez\n<\/figcaption><\/figure>\n\n\n\n<p>Por \u00faltimo, vale la pena <strong>adentrarse en el recinto monumental de la Alcazaba<\/strong>, declarada Bien de Inter\u00e9s Cultural en 1985, y conocer su torre m\u00e1s importante, la torre del Homenaje, con unos 20 metros de altura.<\/p>\n","protected":false},"excerpt":{"rendered":"<p>Descubre la raz\u00f3n por la que Antequera es una de las poblaciones con mayor n\u00famero de templos del pa\u00eds. \u00bfQu\u00e9 otras poblaciones tienen m\u00e1s templos por habitantes? \u00bfCu\u00e1les son sus imprescindibles?<\/p>\n","protected":false},"author":151,"featured_media":197082,"comment_status":"open","ping_status":"open","sticky":false,"template":"","format":"standard","meta":{"_acf_changed":false,"om_disable_all_campaigns":false,"footnotes":""},"categories":[231],"tags":[448,2195,5945,792,5946,2882],"class_list":["post-106658","post","type-post","status-publish","format-standard","has-post-thumbnail","hentry","category-arte-y-cultura","tag-que-ver-en-andalucia","tag-antequera","tag-dolmenes-de-antequera","tag-que-ver-en-malaga","tag-poblacion-con-mas-iglesias","tag-torcal-de-antequera"],"acf":[],"featured_image_src":"https:\/\/www.escapadarural.com\/blog\/wp-content\/uploads\/2024\/11\/AdobeStock_152631601.webp","author_info":{"display_name":"Alba Feliz","author_link":"https:\/\/www.escapadarural.com\/blog\/autor\/alba\/"},"yoast_head":"<!-- This site is optimized with the Yoast SEO plugin v27.5 - https:\/\/yoast.com\/product\/yoast-seo-wordpress\/ -->\n<title>Antequera, la poblaci\u00f3n con m\u00e1s templos de Espa\u00f1a<\/title>\n<meta name=\"robots\" content=\"index, follow, max-snippet:-1, max-image-preview:large, max-video-preview:-1\" \/>\n<link rel=\"canonical\" href=\"https:\/\/www.escapadarural.com\/blog\/antequera-templos-iglesias\/\" \/>\n<meta property=\"og:locale\" content=\"es_ES\" \/>\n<meta property=\"og:type\" content=\"article\" \/>\n<meta property=\"og:title\" content=\"Antequera, la poblaci\u00f3n con m\u00e1s templos de Espa\u00f1a\" \/>\n<meta property=\"og:description\" content=\"Descubre la raz\u00f3n por la que Antequera es una de las poblaciones con mayor n\u00famero de templos del pa\u00eds. \u00bfQu\u00e9 otras poblaciones tienen m\u00e1s templos por habitantes? \u00bfCu\u00e1les son sus imprescindibles?\" \/>\n<meta property=\"og:url\" content=\"https:\/\/www.escapadarural.com\/blog\/antequera-templos-iglesias\/\" \/>\n<meta property=\"og:site_name\" content=\"Magazine de viajes de EscapadaRural\" \/>\n<meta property=\"article:publisher\" content=\"https:\/\/www.facebook.com\/escapadarural\" \/>\n<meta property=\"article:published_time\" content=\"2024-11-14T09:56:40+00:00\" \/>\n<meta property=\"article:modified_time\" content=\"2025-03-14T09:10:29+00:00\" \/>\n<meta property=\"og:image\" content=\"https:\/\/www.escapadarural.com\/blog\/wp-content\/uploads\/2024\/11\/AdobeStock_152631601.webp\" \/>\n\t<meta property=\"og:image:width\" content=\"1024\" \/>\n\t<meta property=\"og:image:height\" content=\"683\" \/>\n\t<meta property=\"og:image:type\" content=\"image\/webp\" \/>\n<meta name=\"author\" content=\"Alba Feliz\" \/>\n<meta name=\"twitter:card\" content=\"summary_large_image\" \/>\n<meta name=\"twitter:label1\" content=\"Escrito por\" \/>\n\t<meta name=\"twitter:data1\" content=\"Alba Feliz\" \/>\n\t<meta name=\"twitter:label2\" content=\"Tiempo de lectura\" \/>\n\t<meta name=\"twitter:data2\" content=\"8 minutos\" \/>\n<script type=\"application\/ld+json\" class=\"yoast-schema-graph\">{\"@context\":\"https:\\\/\\\/schema.org\",\"@graph\":[{\"@type\":\"Article\",\"@id\":\"https:\\\/\\\/www.escapadarural.com\\\/blog\\\/antequera-templos-iglesias\\\/#article\",\"isPartOf\":{\"@id\":\"https:\\\/\\\/www.escapadarural.com\\\/blog\\\/antequera-templos-iglesias\\\/\"},\"author\":{\"name\":\"Alba Feliz\",\"@id\":\"https:\\\/\\\/www.escapadarural.com\\\/blog\\\/#\\\/schema\\\/person\\\/65271b7b847121ab7a4f8c3be624d420\"},\"headline\":\"Antequera, la poblaci\u00f3n con m\u00e1s templos de Espa\u00f1a\",\"datePublished\":\"2024-11-14T09:56:40+00:00\",\"dateModified\":\"2025-03-14T09:10:29+00:00\",\"mainEntityOfPage\":{\"@id\":\"https:\\\/\\\/www.escapadarural.com\\\/blog\\\/antequera-templos-iglesias\\\/\"},\"wordCount\":1230,\"commentCount\":0,\"publisher\":{\"@id\":\"https:\\\/\\\/www.escapadarural.com\\\/blog\\\/#organization\"},\"image\":{\"@id\":\"https:\\\/\\\/www.escapadarural.com\\\/blog\\\/antequera-templos-iglesias\\\/#primaryimage\"},\"thumbnailUrl\":\"https:\\\/\\\/www.escapadarural.com\\\/blog\\\/wp-content\\\/uploads\\\/2024\\\/11\\\/AdobeStock_152631601.webp\",\"keywords\":[\"Andaluc\u00eda\",\"Antequera\",\"d\u00f3lmenes de antequera\",\"M\u00e1laga\",\"poblaci\u00f3n con m\u00e1s iglesias\",\"Torcal de Antequera\"],\"articleSection\":[\"Arte y Cultura\"],\"inLanguage\":\"es\",\"potentialAction\":[{\"@type\":\"CommentAction\",\"name\":\"Comment\",\"target\":[\"https:\\\/\\\/www.escapadarural.com\\\/blog\\\/antequera-templos-iglesias\\\/#respond\"]}]},{\"@type\":\"WebPage\",\"@id\":\"https:\\\/\\\/www.escapadarural.com\\\/blog\\\/antequera-templos-iglesias\\\/\",\"url\":\"https:\\\/\\\/www.escapadarural.com\\\/blog\\\/antequera-templos-iglesias\\\/\",\"name\":\"Antequera, la poblaci\u00f3n con m\u00e1s templos de Espa\u00f1a\",\"isPartOf\":{\"@id\":\"https:\\\/\\\/www.escapadarural.com\\\/blog\\\/#website\"},\"primaryImageOfPage\":{\"@id\":\"https:\\\/\\\/www.escapadarural.com\\\/blog\\\/antequera-templos-iglesias\\\/#primaryimage\"},\"image\":{\"@id\":\"https:\\\/\\\/www.escapadarural.com\\\/blog\\\/antequera-templos-iglesias\\\/#primaryimage\"},\"thumbnailUrl\":\"https:\\\/\\\/www.escapadarural.com\\\/blog\\\/wp-content\\\/uploads\\\/2024\\\/11\\\/AdobeStock_152631601.webp\",\"datePublished\":\"2024-11-14T09:56:40+00:00\",\"dateModified\":\"2025-03-14T09:10:29+00:00\",\"breadcrumb\":{\"@id\":\"https:\\\/\\\/www.escapadarural.com\\\/blog\\\/antequera-templos-iglesias\\\/#breadcrumb\"},\"inLanguage\":\"es\",\"potentialAction\":[{\"@type\":\"ReadAction\",\"target\":[\"https:\\\/\\\/www.escapadarural.com\\\/blog\\\/antequera-templos-iglesias\\\/\"]}]},{\"@type\":\"ImageObject\",\"inLanguage\":\"es\",\"@id\":\"https:\\\/\\\/www.escapadarural.com\\\/blog\\\/antequera-templos-iglesias\\\/#primaryimage\",\"url\":\"https:\\\/\\\/www.escapadarural.com\\\/blog\\\/wp-content\\\/uploads\\\/2024\\\/11\\\/AdobeStock_152631601.webp\",\"contentUrl\":\"https:\\\/\\\/www.escapadarural.com\\\/blog\\\/wp-content\\\/uploads\\\/2024\\\/11\\\/AdobeStock_152631601.webp\",\"width\":1024,\"height\":683,\"caption\":\"Antequera. Por Evan Frank\"},{\"@type\":\"BreadcrumbList\",\"@id\":\"https:\\\/\\\/www.escapadarural.com\\\/blog\\\/antequera-templos-iglesias\\\/#breadcrumb\",\"itemListElement\":[{\"@type\":\"ListItem\",\"position\":1,\"name\":\"Inicio\",\"item\":\"https:\\\/\\\/www.escapadarural.com\\\/blog\\\/\"},{\"@type\":\"ListItem\",\"position\":2,\"name\":\"Arte y Cultura\",\"item\":\"https:\\\/\\\/www.escapadarural.com\\\/blog\\\/categoria\\\/arte-y-cultura\\\/\"},{\"@type\":\"ListItem\",\"position\":3,\"name\":\"Antequera, la poblaci\u00f3n con m\u00e1s templos de Espa\u00f1a\"}]},{\"@type\":\"WebSite\",\"@id\":\"https:\\\/\\\/www.escapadarural.com\\\/blog\\\/#website\",\"url\":\"https:\\\/\\\/www.escapadarural.com\\\/blog\\\/\",\"name\":\"Blog de viajes | turismo rural, alojamientos e inspiraci\u00f3n\",\"description\":\"Alojamientos rurales e inspiraci\u00f3n para tus escapadas\",\"publisher\":{\"@id\":\"https:\\\/\\\/www.escapadarural.com\\\/blog\\\/#organization\"},\"alternateName\":\"Magazine de viajes de EscapadaRural\",\"potentialAction\":[{\"@type\":\"SearchAction\",\"target\":{\"@type\":\"EntryPoint\",\"urlTemplate\":\"https:\\\/\\\/www.escapadarural.com\\\/blog\\\/?s={search_term_string}\"},\"query-input\":{\"@type\":\"PropertyValueSpecification\",\"valueRequired\":true,\"valueName\":\"search_term_string\"}}],\"inLanguage\":\"es\"},{\"@type\":\"Organization\",\"@id\":\"https:\\\/\\\/www.escapadarural.com\\\/blog\\\/#organization\",\"name\":\"EscapadaRural\",\"url\":\"https:\\\/\\\/www.escapadarural.com\\\/blog\\\/\",\"logo\":{\"@type\":\"ImageObject\",\"inLanguage\":\"es\",\"@id\":\"https:\\\/\\\/www.escapadarural.com\\\/blog\\\/#\\\/schema\\\/logo\\\/image\\\/\",\"url\":\"https:\\\/\\\/www.escapadarural.com\\\/blog\\\/wp-content\\\/uploads\\\/2024\\\/10\\\/cropped-cropped-escapada-rural-icon-mag-3.png\",\"contentUrl\":\"https:\\\/\\\/www.escapadarural.com\\\/blog\\\/wp-content\\\/uploads\\\/2024\\\/10\\\/cropped-cropped-escapada-rural-icon-mag-3.png\",\"width\":512,\"height\":512,\"caption\":\"EscapadaRural\"},\"image\":{\"@id\":\"https:\\\/\\\/www.escapadarural.com\\\/blog\\\/#\\\/schema\\\/logo\\\/image\\\/\"},\"sameAs\":[\"https:\\\/\\\/www.facebook.com\\\/escapadarural\",\"https:\\\/\\\/www.instagram.com\\\/escapadarural\\\/\",\"https:\\\/\\\/www.youtube.com\\\/@escapadaruralcom\"]},{\"@type\":\"Person\",\"@id\":\"https:\\\/\\\/www.escapadarural.com\\\/blog\\\/#\\\/schema\\\/person\\\/65271b7b847121ab7a4f8c3be624d420\",\"name\":\"Alba Feliz\",\"image\":{\"@type\":\"ImageObject\",\"inLanguage\":\"es\",\"@id\":\"https:\\\/\\\/www.escapadarural.com\\\/blog\\\/wp-content\\\/uploads\\\/2024\\\/11\\\/cropped-alba-96x96.jpg\",\"url\":\"https:\\\/\\\/www.escapadarural.com\\\/blog\\\/wp-content\\\/uploads\\\/2024\\\/11\\\/cropped-alba-96x96.jpg\",\"contentUrl\":\"https:\\\/\\\/www.escapadarural.com\\\/blog\\\/wp-content\\\/uploads\\\/2024\\\/11\\\/cropped-alba-96x96.jpg\",\"caption\":\"Alba Feliz\"},\"description\":\"Redactora, productora audiovisual y graduada en turismo y direcci\u00f3n hotelera. Creo firmemente que viajar abre la mente y permite conocer otras realidades que quiz\u00e1s desconocemos. Me apasiona la fotograf\u00eda anal\u00f3gica (la de toda la vida) y darle una oportunidad a los destinos menos conocidos.\",\"url\":\"https:\\\/\\\/www.escapadarural.com\\\/blog\\\/autor\\\/alba\\\/\"}]}<\/script>\n<!-- \/ Yoast SEO plugin. -->","yoast_head_json":{"title":"Antequera, la poblaci\u00f3n con m\u00e1s templos de Espa\u00f1a","robots":{"index":"index","follow":"follow","max-snippet":"max-snippet:-1","max-image-preview":"max-image-preview:large","max-video-preview":"max-video-preview:-1"},"canonical":"https:\/\/www.escapadarural.com\/blog\/antequera-templos-iglesias\/","og_locale":"es_ES","og_type":"article","og_title":"Antequera, la poblaci\u00f3n con m\u00e1s templos de Espa\u00f1a","og_description":"Descubre la raz\u00f3n por la que Antequera es una de las poblaciones con mayor n\u00famero de templos del pa\u00eds. \u00bfQu\u00e9 otras poblaciones tienen m\u00e1s templos por habitantes? \u00bfCu\u00e1les son sus imprescindibles?","og_url":"https:\/\/www.escapadarural.com\/blog\/antequera-templos-iglesias\/","og_site_name":"Magazine de viajes de EscapadaRural","article_publisher":"https:\/\/www.facebook.com\/escapadarural","article_published_time":"2024-11-14T09:56:40+00:00","article_modified_time":"2025-03-14T09:10:29+00:00","og_image":[{"width":1024,"height":683,"url":"https:\/\/www.escapadarural.com\/blog\/wp-content\/uploads\/2024\/11\/AdobeStock_152631601.webp","type":"image\/webp"}],"author":"Alba Feliz","twitter_card":"summary_large_image","twitter_misc":{"Escrito por":"Alba Feliz","Tiempo de lectura":"8 minutos"},"schema":{"@context":"https:\/\/schema.org","@graph":[{"@type":"Article","@id":"https:\/\/www.escapadarural.com\/blog\/antequera-templos-iglesias\/#article","isPartOf":{"@id":"https:\/\/www.escapadarural.com\/blog\/antequera-templos-iglesias\/"},"author":{"name":"Alba Feliz","@id":"https:\/\/www.escapadarural.com\/blog\/#\/schema\/person\/65271b7b847121ab7a4f8c3be624d420"},"headline":"Antequera, la poblaci\u00f3n con m\u00e1s templos de Espa\u00f1a","datePublished":"2024-11-14T09:56:40+00:00","dateModified":"2025-03-14T09:10:29+00:00","mainEntityOfPage":{"@id":"https:\/\/www.escapadarural.com\/blog\/antequera-templos-iglesias\/"},"wordCount":1230,"commentCount":0,"publisher":{"@id":"https:\/\/www.escapadarural.com\/blog\/#organization"},"image":{"@id":"https:\/\/www.escapadarural.com\/blog\/antequera-templos-iglesias\/#primaryimage"},"thumbnailUrl":"https:\/\/www.escapadarural.com\/blog\/wp-content\/uploads\/2024\/11\/AdobeStock_152631601.webp","keywords":["Andaluc\u00eda","Antequera","d\u00f3lmenes de antequera","M\u00e1laga","poblaci\u00f3n con m\u00e1s iglesias","Torcal de Antequera"],"articleSection":["Arte y Cultura"],"inLanguage":"es","potentialAction":[{"@type":"CommentAction","name":"Comment","target":["https:\/\/www.escapadarural.com\/blog\/antequera-templos-iglesias\/#respond"]}]},{"@type":"WebPage","@id":"https:\/\/www.escapadarural.com\/blog\/antequera-templos-iglesias\/","url":"https:\/\/www.escapadarural.com\/blog\/antequera-templos-iglesias\/","name":"Antequera, la poblaci\u00f3n con m\u00e1s templos de Espa\u00f1a","isPartOf":{"@id":"https:\/\/www.escapadarural.com\/blog\/#website"},"primaryImageOfPage":{"@id":"https:\/\/www.escapadarural.com\/blog\/antequera-templos-iglesias\/#primaryimage"},"image":{"@id":"https:\/\/www.escapadarural.com\/blog\/antequera-templos-iglesias\/#primaryimage"},"thumbnailUrl":"https:\/\/www.escapadarural.com\/blog\/wp-content\/uploads\/2024\/11\/AdobeStock_152631601.webp","datePublished":"2024-11-14T09:56:40+00:00","dateModified":"2025-03-14T09:10:29+00:00","breadcrumb":{"@id":"https:\/\/www.escapadarural.com\/blog\/antequera-templos-iglesias\/#breadcrumb"},"inLanguage":"es","potentialAction":[{"@type":"ReadAction","target":["https:\/\/www.escapadarural.com\/blog\/antequera-templos-iglesias\/"]}]},{"@type":"ImageObject","inLanguage":"es","@id":"https:\/\/www.escapadarural.com\/blog\/antequera-templos-iglesias\/#primaryimage","url":"https:\/\/www.escapadarural.com\/blog\/wp-content\/uploads\/2024\/11\/AdobeStock_152631601.webp","contentUrl":"https:\/\/www.escapadarural.com\/blog\/wp-content\/uploads\/2024\/11\/AdobeStock_152631601.webp","width":1024,"height":683,"caption":"Antequera. Por Evan Frank"},{"@type":"BreadcrumbList","@id":"https:\/\/www.escapadarural.com\/blog\/antequera-templos-iglesias\/#breadcrumb","itemListElement":[{"@type":"ListItem","position":1,"name":"Inicio","item":"https:\/\/www.escapadarural.com\/blog\/"},{"@type":"ListItem","position":2,"name":"Arte y Cultura","item":"https:\/\/www.escapadarural.com\/blog\/categoria\/arte-y-cultura\/"},{"@type":"ListItem","position":3,"name":"Antequera, la poblaci\u00f3n con m\u00e1s templos de Espa\u00f1a"}]},{"@type":"WebSite","@id":"https:\/\/www.escapadarural.com\/blog\/#website","url":"https:\/\/www.escapadarural.com\/blog\/","name":"Blog de viajes | turismo rural, alojamientos e inspiraci\u00f3n","description":"Alojamientos rurales e inspiraci\u00f3n para tus escapadas","publisher":{"@id":"https:\/\/www.escapadarural.com\/blog\/#organization"},"alternateName":"Magazine de viajes de EscapadaRural","potentialAction":[{"@type":"SearchAction","target":{"@type":"EntryPoint","urlTemplate":"https:\/\/www.escapadarural.com\/blog\/?s={search_term_string}"},"query-input":{"@type":"PropertyValueSpecification","valueRequired":true,"valueName":"search_term_string"}}],"inLanguage":"es"},{"@type":"Organization","@id":"https:\/\/www.escapadarural.com\/blog\/#organization","name":"EscapadaRural","url":"https:\/\/www.escapadarural.com\/blog\/","logo":{"@type":"ImageObject","inLanguage":"es","@id":"https:\/\/www.escapadarural.com\/blog\/#\/schema\/logo\/image\/","url":"https:\/\/www.escapadarural.com\/blog\/wp-content\/uploads\/2024\/10\/cropped-cropped-escapada-rural-icon-mag-3.png","contentUrl":"https:\/\/www.escapadarural.com\/blog\/wp-content\/uploads\/2024\/10\/cropped-cropped-escapada-rural-icon-mag-3.png","width":512,"height":512,"caption":"EscapadaRural"},"image":{"@id":"https:\/\/www.escapadarural.com\/blog\/#\/schema\/logo\/image\/"},"sameAs":["https:\/\/www.facebook.com\/escapadarural","https:\/\/www.instagram.com\/escapadarural\/","https:\/\/www.youtube.com\/@escapadaruralcom"]},{"@type":"Person","@id":"https:\/\/www.escapadarural.com\/blog\/#\/schema\/person\/65271b7b847121ab7a4f8c3be624d420","name":"Alba Feliz","image":{"@type":"ImageObject","inLanguage":"es","@id":"https:\/\/www.escapadarural.com\/blog\/wp-content\/uploads\/2024\/11\/cropped-alba-96x96.jpg","url":"https:\/\/www.escapadarural.com\/blog\/wp-content\/uploads\/2024\/11\/cropped-alba-96x96.jpg","contentUrl":"https:\/\/www.escapadarural.com\/blog\/wp-content\/uploads\/2024\/11\/cropped-alba-96x96.jpg","caption":"Alba Feliz"},"description":"Redactora, productora audiovisual y graduada en turismo y direcci\u00f3n hotelera. Creo firmemente que viajar abre la mente y permite conocer otras realidades que quiz\u00e1s desconocemos. Me apasiona la fotograf\u00eda anal\u00f3gica (la de toda la vida) y darle una oportunidad a los destinos menos conocidos.","url":"https:\/\/www.escapadarural.com\/blog\/autor\/alba\/"}]}},"_links":{"self":[{"href":"https:\/\/www.escapadarural.com\/blog\/wp-json\/wp\/v2\/posts\/106658","targetHints":{"allow":["GET"]}}],"collection":[{"href":"https:\/\/www.escapadarural.com\/blog\/wp-json\/wp\/v2\/posts"}],"about":[{"href":"https:\/\/www.escapadarural.com\/blog\/wp-json\/wp\/v2\/types\/post"}],"author":[{"embeddable":true,"href":"https:\/\/www.escapadarural.com\/blog\/wp-json\/wp\/v2\/users\/151"}],"replies":[{"embeddable":true,"href":"https:\/\/www.escapadarural.com\/blog\/wp-json\/wp\/v2\/comments?post=106658"}],"version-history":[{"count":0,"href":"https:\/\/www.escapadarural.com\/blog\/wp-json\/wp\/v2\/posts\/106658\/revisions"}],"wp:featuredmedia":[{"embeddable":true,"href":"https:\/\/www.escapadarural.com\/blog\/wp-json\/wp\/v2\/media\/197082"}],"wp:attachment":[{"href":"https:\/\/www.escapadarural.com\/blog\/wp-json\/wp\/v2\/media?parent=106658"}],"wp:term":[{"taxonomy":"category","embeddable":true,"href":"https:\/\/www.escapadarural.com\/blog\/wp-json\/wp\/v2\/categories?post=106658"},{"taxonomy":"post_tag","embeddable":true,"href":"https:\/\/www.escapadarural.com\/blog\/wp-json\/wp\/v2\/tags?post=106658"}],"curies":[{"name":"wp","href":"https:\/\/api.w.org\/{rel}","templated":true}]}}