{"id":106659,"date":"2024-11-15T12:00:23","date_gmt":"2024-11-15T10:00:23","guid":{"rendered":"https:\/\/www.escapadarural.com\/blog\/?p=84503"},"modified":"2025-01-27T23:56:25","modified_gmt":"2025-01-27T21:56:25","slug":"ruta-del-buen-pan","status":"publish","type":"post","link":"https:\/\/www.escapadarural.com\/blog\/ruta-del-buen-pan\/","title":{"rendered":"Los pueblos espa\u00f1oles con m\u00e1s panader\u00edas y Ruta del Buen Pan"},"content":{"rendered":"\n<figure class=\"wp-block-image size-large\"><img decoding=\"async\" src=\"https:\/\/www.escapadarural.com\/blog\/wp-content\/uploads\/2024\/11\/AdobeStock_513847227-1024x576-2.jpeg\" alt=\"La Rutal de Buen Pan y las mejores panader\u00edas de Espa\u00f1a.\" class=\"wp-image-97993\"\/><figcaption class=\"wp-element-caption\">Pan de pueblo. Por carlos.<\/figcaption><\/figure>\n\n\n\n<p>Hoy la cosa va sobre el pan, ese alimento b\u00e1sico que nos acompa\u00f1a en casi todas las comidas. Resulta que <strong>Espa\u00f1a tiene una cultura panadera milenaria<\/strong> e incluso cuenta con una Ruta del Buen Pan. Y es que este alimento es uno de los <strong>principales e indispensables de la gastronom\u00eda espa\u00f1ola.<\/strong> Los hay esponjosos, de corteza crujiente, de miga dura, de miga suave, de trigo, de cebada, de centeno, de ma\u00edz, entre los principales.<\/p>\n\n\n\n<p>Se dice que <strong>hay m\u00e1s de un centenar de variedades<\/strong> y de tipos de pan y la verdad es que los hay con nombres bastantes curiosos. Por supuesto, los m\u00e1s conocidos son la t\u00edpica barra, la chapata o el gallego pero \u2026 \u00bfQu\u00e9 me dec\u00eds del conocido como <a href=\"https:\/\/www.malagahoy.es\/la-farola\/Dia-Pan-Cateto-fiesta-gastronomica-Corumbela_0_1907210428.html\" target=\"_blank\" rel=\"noreferrer noopener nofollow\" data-type=\"link\" data-id=\"https:\/\/www.malagahoy.es\/la-farola\/Dia-Pan-Cateto-fiesta-gastronomica-Corumbela_0_1907210428.html\">cateto <\/a>(procedente de M\u00e1laga), el panch\u00f3n (de Asturias), el de col\u00f3n (Andaluc\u00eda y Castilla) o <a href=\"https:\/\/alimentosdevalladolid.diputaciondevalladolid.es\/-\/pan-lechuguino\" target=\"_blank\" rel=\"noreferrer noopener nofollow\" data-type=\"link\" data-id=\"https:\/\/alimentosdevalladolid.diputaciondevalladolid.es\/-\/pan-lechuguino\">el lechuguino<\/a> (de Valladolid)? Este \u00faltimo pasa por ser uno de los panes m\u00e1s \u201carreglados\u201d del territorio espa\u00f1ol, al contar con una decoraci\u00f3n floral que llama la atenci\u00f3n de todos los que lo prueban.<\/p>\n\n\n\n<div class=\"wp-block-buttons is-layout-flex wp-block-buttons-is-layout-flex\">\n<div class=\"wp-block-button\"><a class=\"wp-block-button__link wp-element-button\" href=\"https:\/\/www.escapadarural.com\/\">Reserva tu alojamiento en EscapadaRural<\/a><\/div>\n<\/div>\n\n\n\n<p>&nbsp;<\/p>\n\n\n\n<figure class=\"wp-block-image size-large\"><img decoding=\"async\" src=\"https:\/\/www.escapadarural.com\/blog\/wp-content\/uploads\/2024\/11\/AdobeStock_354862441-1024x683-2.jpeg\" alt=\"Pan col\u00f3n. Por Ru Benben\" class=\"wp-image-84506\"\/><figcaption class=\"wp-element-caption\">Pan col\u00f3n. Por Ru Benben<\/figcaption><\/figure>\n\n\n\n<p>Al ser un alimento tan esencial y tan nuestro quiz\u00e1s faltaba algo de reconocimiento hacia sus maestros creadores y panaderos artesanos. Es por ello que en 2012 naci\u00f3 <a href=\"https:\/\/panatics.com\/\" target=\"_blank\" rel=\"noreferrer noopener nofollow\" data-type=\"link\" data-id=\"https:\/\/panatics.com\/\">Panatics<\/a>, una plataforma para fan\u00e1ticos del pan <strong>con la que dar a conocer los mejores panaderos y panader\u00edas del pa\u00eds.<\/strong> M\u00e1s tarde se cre\u00f3 <a href=\"https:\/\/panatics.com\/eventos\/la-ruta-del-buen-pan\" target=\"_blank\" rel=\"noreferrer noopener nofollow\" data-type=\"link\" data-id=\"https:\/\/panatics.com\/eventos\/la-ruta-del-buen-pan\">la Ruta del Buen Pan<\/a>, la posterior entrega de premios y las conocidas como \u201cestrellas de la panader\u00eda\u201d, unos galardones que son cada vez m\u00e1s conocidos.<\/p>\n\n\n\n<h2 class=\"wp-block-heading\" id=\"h-los-origenes-del-pan\">Los or\u00edgenes del pan<\/h2>\n\n\n\n<p>\u00bfAlguien ha estudiado los inicios del pan? \u00bfDesde cu\u00e1ndo es tan esencial en nuestra cultura y acompa\u00f1a nuestra alimentaci\u00f3n? Pues resulta que, tal y como establecen varios estudios y la propia Academia Extreme\u00f1a de Gastronom\u00eda, vamos de la mano del pan desde hace milenios, <strong>desde que se hizo la transici\u00f3n de vida n\u00f3mada al sedentarismo y a la agricultura.<\/strong> Se sabe de ellos desde que los cereales est\u00e1n presentes y, de hecho, los romanos ya conoc\u00edan este superalimento cuando entraron a la pen\u00ednsula.<\/p>\n\n\n\n<figure class=\"wp-block-image size-large\"><img decoding=\"async\" src=\"https:\/\/www.escapadarural.com\/blog\/wp-content\/uploads\/2024\/11\/AdobeStock_1001667758-1024x767-2.jpeg\" alt=\"Cosechadora recolectando cereal en Toledo. Por Javier\" class=\"wp-image-84507\"\/><figcaption class=\"wp-element-caption\">Cosechadora recolectando cereal en Toledo. Por Javier<\/figcaption><\/figure>\n\n\n\n<p>\u00bfQu\u00e9 pan es el m\u00e1s com\u00fan? Tal y como explica el reconocido periodista, autor y amante entusiasta divulgador del pan Ib\u00e1n Yarza, <strong>\u201cel pan de trigo es el m\u00e1s com\u00fan y es el que sin duda define nuestro pa\u00eds\u201d.<\/strong> No cabe duda, solo hace falta echar un vistazo a alguno de los mapas que definen cu\u00e1les son los panes m\u00e1s t\u00edpicos de cada Comunidad Aut\u00f3noma.<\/p>\n\n\n\n<p>Por ejemplo, la famosa revista Tapas dio a conocer a finales de 2021 un <a href=\"https:\/\/www.tapasmagazine.es\/el-mapa-definitivo-estos-son-los-panes-mas-tipicos-de-cada-comunidad-autonoma\/\" target=\"_blank\" rel=\"noreferrer noopener nofollow\" data-type=\"link\" data-id=\"https:\/\/www.tapasmagazine.es\/el-mapa-definitivo-estos-son-los-panes-mas-tipicos-de-cada-comunidad-autonoma\/\">mapa<\/a> en el que curiosamente casi todos los panes eran de trigo. Los de Cea (Galicia), Candeal (Castilla y Le\u00f3n), Pitanza (Murcia) o Sopako (<a href=\"https:\/\/www.escapadarural.com\/blog\/txakoli-vasco-cultivo-fiesta\/\" title=\"Tras la pista del txakol\u00ed: un emblema de la gastronom\u00eda vasca\"  data-wpil-monitor-id=\"315\">Pa\u00eds Vasco<\/a>) son de harina de trigo y llevan consumi\u00e9ndose desde hace siglos, <strong>algunos incluso con registros y documentos que datan del siglo XIII<\/strong>.<\/p>\n\n\n\n<figure class=\"wp-block-image size-large\"><img decoding=\"async\" src=\"https:\/\/www.escapadarural.com\/blog\/wp-content\/uploads\/2024\/11\/AdobeStock_231239553-1024x683-2.jpeg\" alt=\"Candeal. T\u00edpico de Castilla y Le\u00f3n. Por Formatoriginal\" class=\"wp-image-97993\"\/><figcaption class=\"wp-element-caption\">Candeal. T\u00edpico de Castilla y Le\u00f3n. Por Formatoriginal<\/figcaption><\/figure>\n\n\n\n<p>Por otro lado, Ib\u00e1n tambi\u00e9n llega a la conclusi\u00f3n de que <strong>\u201cvivimos en el momento de la Historia en el que se consume menos pan. La media nacional son 130 gramos al d\u00eda, hace 50 a\u00f1os era de 300 y hace un siglo com\u00edamos medio kilo de pan diario\u201d. <\/strong>Seg\u00fan el informe de consumo alimentario en Espa\u00f1a del a\u00f1o 2022, \u201cel promedio que consume cada individuo es de 27,94 kilos de pan al a\u00f1o\u201d. Como dato curioso, se cree que en la Edad Media el pan pod\u00eda llegar a representar hasta el 70% de la alimentaci\u00f3n. Nada que ver con la actualidad, aunque siga siendo uno de los principales alimentos dentro de la dieta mediterr\u00e1nea.<\/p>\n\n\n\n<h2 class=\"wp-block-heading\" id=\"h-que-comunidades-son-las-que-consumen-mas-pan-y-cuales-son-los-pueblos-con-mas-panaderias-por-habitante\">\u00bfQu\u00e9 comunidades son las que consumen m\u00e1s pan y cu\u00e1les son los pueblos con m\u00e1s panader\u00edas por habitante?<\/h2>\n\n\n\n<p>El estudio de consumo y tendencias emitido por el gobierno de Espa\u00f1a en 2022 establece que el Principado de Asturias, Andaluc\u00eda, Galicia, La Rioja y Navarra son las comunidades m\u00e1s intensivas en la compra de pan para consumo dom\u00e9stico. Son <strong>los navarros los que realizan una mayor ingesta<\/strong> por persona y sorprendentemente <strong>los madrile\u00f1os los que realizan un menor consumo<\/strong>, seg\u00fan estos datos. Arag\u00f3n y los archipi\u00e9lagos tambi\u00e9n se encuentra entre las comunidades que menos pan consumen.<\/p>\n\n\n\n<figure class=\"wp-block-image size-large\"><img decoding=\"async\" src=\"https:\/\/www.escapadarural.com\/blog\/wp-content\/uploads\/2024\/11\/AdobeStock_815146693-1024x683-2.jpeg\" alt=\"Infinidad de variedad de pan. Pan de pasas, nueces y chocolate, pan de ma\u00edz. Por Lola Fdez Nogales\" class=\"wp-image-84509\"\/><figcaption class=\"wp-element-caption\">Infinidad de variedades de pan. Pan de pasas, nueces y chocolate, pan de ma\u00edz. Por Lola Fdez Nogales<\/figcaption><\/figure>\n\n\n\n<p>De todas formas, somos muy paneros por norma general y, aunque el pan est\u00e9 presente por todo el pa\u00eds, puede ser que se manifieste m\u00e1s en algunas poblaciones. Por ejemplo, sorprende <strong>la peque\u00f1a poblaci\u00f3n de <\/strong><a href=\"\/casas-rurales\/alfacar\"><strong>Alfacar<\/strong> <\/a>(5.000 habitantes) con <a href=\"https:\/\/ayuntamientodealfacar.es\/municipio\/pan-de-alfacar\/\" target=\"_blank\" rel=\"noreferrer noopener nofollow\" data-type=\"link\" data-id=\"https:\/\/ayuntamientodealfacar.es\/municipio\/pan-de-alfacar\/\">Indicaci\u00f3n Geogr\u00e1fica Protegida<\/a> <strong>y su medio centenar de panader\u00edas<\/strong> y negocios relacionados con este alimento universal. Es conocido por su sabor, textura, olor y proceso artesano de principio a fin.<\/p>\n\n\n\n<figure class=\"wp-block-image size-large\"><img decoding=\"async\" src=\"https:\/\/www.escapadarural.com\/blog\/wp-content\/uploads\/2024\/11\/AdobeStock_110832340-1024x684-2.jpeg\" alt=\"Panor\u00e1mica de la peque\u00f1a poblaci\u00f3n de Alfacar, Granada. Por pacoparra\" class=\"wp-image-84510\"\/><figcaption class=\"wp-element-caption\">Panor\u00e1mica de la peque\u00f1a poblaci\u00f3n de Alfacar, Granada. Por pacoparra<\/figcaption><\/figure>\n\n\n\n<p>Lo mismo pasa con<a href=\"\/casas-rurales\/san-cristovo-de-cea\"> San Cristovo de Cea<\/a> (Ourense), donde gran parte de la poblaci\u00f3n (menos de 2.000 habitantes) se dedica al sector del pan y donde seg\u00fan varios estudios y art\u00edculos <strong>\u201cse hornean 750.000 piezas anuales en sus 13 hornos\u201d<\/strong>. Los habitantes han luchado por mantener la tradici\u00f3n y <a href=\"https:\/\/www.concellodecea.com\/web\/es\/pan-de-cea-es\" target=\"_blank\" rel=\"noreferrer noopener nofollow\" data-type=\"link\" data-id=\"https:\/\/www.concellodecea.com\/web\/es\/pan-de-cea-es\">su pan<\/a> vivo desde hace centenares de a\u00f1os. Posiblemente uno de los mejores panes del mundo.<\/p>\n\n\n\n<figure class=\"wp-block-image size-large\"><img decoding=\"async\" src=\"https:\/\/www.escapadarural.com\/blog\/wp-content\/uploads\/2024\/11\/AdobeStock_466450397_Editorial_Use_Only-1024x683-2.jpeg\" alt=\"El pan de Cea es un pan producido en San Cristovo de Cea, provincia de Orense, Galicia. Por M.Cuadro\" class=\"wp-image-84511\"\/><figcaption class=\"wp-element-caption\">El pan de Cea es un pan producido en San Cristovo de Cea, provincia de Orense, Galicia. Por M.Cuadro<\/figcaption><\/figure>\n\n\n\n<h2 class=\"wp-block-heading\" id=\"h-poblaciones-que-se-quedan-sin-pan\">Poblaciones que se quedan sin pan<\/h2>\n\n\n\n<p>Lamentablemente, <strong>hay otras poblaciones que se encuentran con la otra cara de la moneda<\/strong>. Es el caso de algunas zonas de la <a href=\"https:\/\/lariojateespera.com\/ruta\/rioja-alta-ii-descubre-los-encantos-de-las-siete-villas\/\" target=\"_blank\" rel=\"noreferrer noopener nofollow\" data-type=\"link\" data-id=\"https:\/\/lariojateespera.com\/ruta\/rioja-alta-ii-descubre-los-encantos-de-las-siete-villas\/\">comarca de las siete villas<\/a>, en La Rioja. All\u00ed el reparto de pan llega con cuentagotas como en la localidad de Brieva o Viniegra, as\u00ed como en los municipios leoneses de la zona de los Oteros. En Fuentes de los Oteros o Fontanil se han de desplazar hasta otras poblaciones (haciendo varios kil\u00f3metros) para poder conseguir pan, o bien esperar a que un familiar pueda traerlo.<\/p>\n\n\n\n<figure class=\"wp-block-image size-large\"><img decoding=\"async\" src=\"https:\/\/www.escapadarural.com\/blog\/wp-content\/uploads\/2024\/11\/AdobeStock_786193960-1024x683-1.jpeg\" alt=\"Aislada y peque\u00f1a poblaci\u00f3n de Brieva de Cameros. Por Jonatan\" class=\"wp-image-84512\"\/><figcaption class=\"wp-element-caption\">Aislada y peque\u00f1a poblaci\u00f3n de Brieva de Cameros que se queda sin pan. Por Jonatan<\/figcaption><\/figure>\n\n\n\n<h2 class=\"wp-block-heading\" id=\"h-la-ruta-del-buen-pan-y-los-mejores-panaderos-del-2024\">La Ruta del Buen Pan y los mejores panaderos del 2024<\/h2>\n\n\n\n<p>Gracias a la Ruta del Buen Pan <strong>ya conocemos los que han sido seleccionados y premiados como los mejores panaderos del pa\u00eds <\/strong>y \u2026tenemos muy buenas noticias para las poblaciones m\u00e1s rurales. La lista asciende a un total de 50 panaderos y obradores que est\u00e1n repartidos por toda la geograf\u00eda espa\u00f1ola.<\/p>\n\n\n\n<p><a href=\"\/casas-rurales\/huesca\">Huesca<\/a> cuenta con representaci\u00f3n gracias a la panader\u00eda Tolosana, la peque\u00f1a poblaci\u00f3n de <a href=\"\/casas-rurales\/villaviciosa\">Villaviciosa<\/a> (Asturias) gracias a la panader\u00eda La Portalina, o la tradicional Panader\u00eda Emilia en la <a href=\"\/casas-rurales\/la-puebla-de-montalban\">Puebla de Montalban<\/a> (Toledo). No podemos olvidarnos de la poblaci\u00f3n de <a href=\"\/casas-rurales\/flix\">Flix<\/a> (Tarragona), con 3.000 habitantes seg\u00fan datos recientes del Instituto Nacional de Estad\u00edstica y que cuenta con el Forn Pastisseria Larrossa dentro del top 50, o la Panader\u00eda Manrique en el <a href=\"\/casas-rurales\/el-burgo-de-osma\">Burgo de Osma<\/a> (Soria).<\/p>\n\n\n\n<figure class=\"wp-block-image size-full\"><img decoding=\"async\" src=\"https:\/\/www.escapadarural.com\/blog\/wp-content\/uploads\/2024\/11\/image-9-1.jpeg\" alt=\"Castillo y poblaci\u00f3n de Maqueda, Toledo. Por Tolo\" class=\"wp-image-84712\"\/><figcaption class=\"wp-element-caption\">Castillo de la Vela , &#8211; castillo de Maqueda -, Maqueda, provincia de Toledo.<\/figcaption><\/figure>\n\n\n\n<p>\u00bfQui\u00e9n est\u00e1 en el Top1? <strong>El oro se lo ha llevado la poblaci\u00f3n de Maqueda<\/strong> (Toledo). La poblaci\u00f3n no llega a los 500 habitantes y ha recibido el primer puesto gracias a \u00c1ngel Ru\u00edz y la panader\u00eda artesana Ruiz Benayas, que es <strong>la \u00fanica panader\u00eda de la poblaci\u00f3n<\/strong>. La plata va hacia la ciudad de Sevilla y el bronce hacia Manzanares, en Ciudad Real.<\/p>\n","protected":false},"excerpt":{"rendered":"<p>El pan, uno de los alimentos con m\u00e1s historia y m\u00e1s importantes de nuestro pa\u00eds. Con este art\u00edculo queremos hacerle un peque\u00f1o homenaje, conocer los mejores panader@s y panader\u00edas del territorio y la curiosa Ruta del Buen Pan<\/p>\n","protected":false},"author":151,"featured_media":183333,"comment_status":"open","ping_status":"open","sticky":false,"template":"","format":"standard","meta":{"_acf_changed":false,"om_disable_all_campaigns":false,"footnotes":""},"categories":[231],"tags":[508,5947,5948,5949],"class_list":["post-106659","post","type-post","status-publish","format-standard","has-post-thumbnail","hentry","category-arte-y-cultura","tag-gastronomia","tag-pueblos-con-mas-panaderias-en-espana","tag-ruta-del-pan","tag-top-50-panaderos-en-espana"],"acf":[],"featured_image_src":"https:\/\/www.escapadarural.com\/blog\/wp-content\/uploads\/2024\/11\/pandepueblo.jpeg","author_info":{"display_name":"Alba Feliz","author_link":"https:\/\/www.escapadarural.com\/blog\/autor\/alba\/"},"yoast_head":"<!-- This site is optimized with the Yoast SEO plugin v27.5 - https:\/\/yoast.com\/product\/yoast-seo-wordpress\/ -->\n<title>Los pueblos espa\u00f1oles con m\u00e1s panader\u00edas<\/title>\n<meta name=\"robots\" content=\"index, follow, max-snippet:-1, max-image-preview:large, max-video-preview:-1\" \/>\n<link rel=\"canonical\" href=\"https:\/\/www.escapadarural.com\/blog\/ruta-del-buen-pan\/\" \/>\n<meta property=\"og:locale\" content=\"es_ES\" \/>\n<meta property=\"og:type\" content=\"article\" \/>\n<meta property=\"og:title\" content=\"Los pueblos espa\u00f1oles con m\u00e1s panader\u00edas\" \/>\n<meta property=\"og:description\" content=\"El pan, uno de los alimentos con m\u00e1s historia y m\u00e1s importantes de nuestro pa\u00eds. Con este art\u00edculo queremos hacerle un peque\u00f1o homenaje, conocer los mejores panader@s y panader\u00edas del territorio y la curiosa Ruta del Buen Pan\" \/>\n<meta property=\"og:url\" content=\"https:\/\/www.escapadarural.com\/blog\/ruta-del-buen-pan\/\" \/>\n<meta property=\"og:site_name\" content=\"Magazine de viajes de EscapadaRural\" \/>\n<meta property=\"article:publisher\" content=\"https:\/\/www.facebook.com\/escapadarural\" \/>\n<meta property=\"article:published_time\" content=\"2024-11-15T10:00:23+00:00\" \/>\n<meta property=\"article:modified_time\" content=\"2025-01-27T21:56:25+00:00\" \/>\n<meta property=\"og:image\" content=\"https:\/\/www.escapadarural.com\/blog\/wp-content\/uploads\/2024\/11\/pandepueblo.jpeg\" \/>\n\t<meta property=\"og:image:width\" content=\"1024\" \/>\n\t<meta property=\"og:image:height\" content=\"576\" \/>\n\t<meta property=\"og:image:type\" content=\"image\/jpeg\" \/>\n<meta name=\"author\" content=\"Alba Feliz\" \/>\n<meta name=\"twitter:card\" content=\"summary_large_image\" \/>\n<meta name=\"twitter:label1\" content=\"Escrito por\" \/>\n\t<meta name=\"twitter:data1\" content=\"Alba Feliz\" \/>\n\t<meta name=\"twitter:label2\" content=\"Tiempo de lectura\" \/>\n\t<meta name=\"twitter:data2\" content=\"8 minutos\" \/>\n<script type=\"application\/ld+json\" class=\"yoast-schema-graph\">{\"@context\":\"https:\\\/\\\/schema.org\",\"@graph\":[{\"@type\":\"Article\",\"@id\":\"https:\\\/\\\/www.escapadarural.com\\\/blog\\\/ruta-del-buen-pan\\\/#article\",\"isPartOf\":{\"@id\":\"https:\\\/\\\/www.escapadarural.com\\\/blog\\\/ruta-del-buen-pan\\\/\"},\"author\":{\"name\":\"Alba Feliz\",\"@id\":\"https:\\\/\\\/www.escapadarural.com\\\/blog\\\/#\\\/schema\\\/person\\\/65271b7b847121ab7a4f8c3be624d420\"},\"headline\":\"Los pueblos espa\u00f1oles con m\u00e1s panader\u00edas y Ruta del Buen Pan\",\"datePublished\":\"2024-11-15T10:00:23+00:00\",\"dateModified\":\"2025-01-27T21:56:25+00:00\",\"mainEntityOfPage\":{\"@id\":\"https:\\\/\\\/www.escapadarural.com\\\/blog\\\/ruta-del-buen-pan\\\/\"},\"wordCount\":1323,\"commentCount\":0,\"publisher\":{\"@id\":\"https:\\\/\\\/www.escapadarural.com\\\/blog\\\/#organization\"},\"image\":{\"@id\":\"https:\\\/\\\/www.escapadarural.com\\\/blog\\\/ruta-del-buen-pan\\\/#primaryimage\"},\"thumbnailUrl\":\"https:\\\/\\\/www.escapadarural.com\\\/blog\\\/wp-content\\\/uploads\\\/2024\\\/11\\\/pandepueblo.jpeg\",\"keywords\":[\"Gastronom\u00eda\",\"pueblos con m\u00e1s panader\u00edas en espa\u00f1a\",\"ruta del pan\",\"top 50 panaderos en espa\u00f1a\"],\"articleSection\":[\"Arte y Cultura\"],\"inLanguage\":\"es\",\"potentialAction\":[{\"@type\":\"CommentAction\",\"name\":\"Comment\",\"target\":[\"https:\\\/\\\/www.escapadarural.com\\\/blog\\\/ruta-del-buen-pan\\\/#respond\"]}]},{\"@type\":\"WebPage\",\"@id\":\"https:\\\/\\\/www.escapadarural.com\\\/blog\\\/ruta-del-buen-pan\\\/\",\"url\":\"https:\\\/\\\/www.escapadarural.com\\\/blog\\\/ruta-del-buen-pan\\\/\",\"name\":\"Los pueblos espa\u00f1oles con m\u00e1s panader\u00edas\",\"isPartOf\":{\"@id\":\"https:\\\/\\\/www.escapadarural.com\\\/blog\\\/#website\"},\"primaryImageOfPage\":{\"@id\":\"https:\\\/\\\/www.escapadarural.com\\\/blog\\\/ruta-del-buen-pan\\\/#primaryimage\"},\"image\":{\"@id\":\"https:\\\/\\\/www.escapadarural.com\\\/blog\\\/ruta-del-buen-pan\\\/#primaryimage\"},\"thumbnailUrl\":\"https:\\\/\\\/www.escapadarural.com\\\/blog\\\/wp-content\\\/uploads\\\/2024\\\/11\\\/pandepueblo.jpeg\",\"datePublished\":\"2024-11-15T10:00:23+00:00\",\"dateModified\":\"2025-01-27T21:56:25+00:00\",\"breadcrumb\":{\"@id\":\"https:\\\/\\\/www.escapadarural.com\\\/blog\\\/ruta-del-buen-pan\\\/#breadcrumb\"},\"inLanguage\":\"es\",\"potentialAction\":[{\"@type\":\"ReadAction\",\"target\":[\"https:\\\/\\\/www.escapadarural.com\\\/blog\\\/ruta-del-buen-pan\\\/\"]}]},{\"@type\":\"ImageObject\",\"inLanguage\":\"es\",\"@id\":\"https:\\\/\\\/www.escapadarural.com\\\/blog\\\/ruta-del-buen-pan\\\/#primaryimage\",\"url\":\"https:\\\/\\\/www.escapadarural.com\\\/blog\\\/wp-content\\\/uploads\\\/2024\\\/11\\\/pandepueblo.jpeg\",\"contentUrl\":\"https:\\\/\\\/www.escapadarural.com\\\/blog\\\/wp-content\\\/uploads\\\/2024\\\/11\\\/pandepueblo.jpeg\",\"width\":1024,\"height\":576,\"caption\":\"Pan de pueblo. Por carlos.\"},{\"@type\":\"BreadcrumbList\",\"@id\":\"https:\\\/\\\/www.escapadarural.com\\\/blog\\\/ruta-del-buen-pan\\\/#breadcrumb\",\"itemListElement\":[{\"@type\":\"ListItem\",\"position\":1,\"name\":\"Inicio\",\"item\":\"https:\\\/\\\/www.escapadarural.com\\\/blog\\\/\"},{\"@type\":\"ListItem\",\"position\":2,\"name\":\"Arte y Cultura\",\"item\":\"https:\\\/\\\/www.escapadarural.com\\\/blog\\\/categoria\\\/arte-y-cultura\\\/\"},{\"@type\":\"ListItem\",\"position\":3,\"name\":\"Los pueblos espa\u00f1oles con m\u00e1s panader\u00edas y Ruta del Buen Pan\"}]},{\"@type\":\"WebSite\",\"@id\":\"https:\\\/\\\/www.escapadarural.com\\\/blog\\\/#website\",\"url\":\"https:\\\/\\\/www.escapadarural.com\\\/blog\\\/\",\"name\":\"Blog de viajes | turismo rural, alojamientos e inspiraci\u00f3n\",\"description\":\"Alojamientos rurales e inspiraci\u00f3n para tus escapadas\",\"publisher\":{\"@id\":\"https:\\\/\\\/www.escapadarural.com\\\/blog\\\/#organization\"},\"alternateName\":\"Magazine de viajes de EscapadaRural\",\"potentialAction\":[{\"@type\":\"SearchAction\",\"target\":{\"@type\":\"EntryPoint\",\"urlTemplate\":\"https:\\\/\\\/www.escapadarural.com\\\/blog\\\/?s={search_term_string}\"},\"query-input\":{\"@type\":\"PropertyValueSpecification\",\"valueRequired\":true,\"valueName\":\"search_term_string\"}}],\"inLanguage\":\"es\"},{\"@type\":\"Organization\",\"@id\":\"https:\\\/\\\/www.escapadarural.com\\\/blog\\\/#organization\",\"name\":\"EscapadaRural\",\"url\":\"https:\\\/\\\/www.escapadarural.com\\\/blog\\\/\",\"logo\":{\"@type\":\"ImageObject\",\"inLanguage\":\"es\",\"@id\":\"https:\\\/\\\/www.escapadarural.com\\\/blog\\\/#\\\/schema\\\/logo\\\/image\\\/\",\"url\":\"https:\\\/\\\/www.escapadarural.com\\\/blog\\\/wp-content\\\/uploads\\\/2024\\\/10\\\/cropped-cropped-escapada-rural-icon-mag-3.png\",\"contentUrl\":\"https:\\\/\\\/www.escapadarural.com\\\/blog\\\/wp-content\\\/uploads\\\/2024\\\/10\\\/cropped-cropped-escapada-rural-icon-mag-3.png\",\"width\":512,\"height\":512,\"caption\":\"EscapadaRural\"},\"image\":{\"@id\":\"https:\\\/\\\/www.escapadarural.com\\\/blog\\\/#\\\/schema\\\/logo\\\/image\\\/\"},\"sameAs\":[\"https:\\\/\\\/www.facebook.com\\\/escapadarural\",\"https:\\\/\\\/www.instagram.com\\\/escapadarural\\\/\",\"https:\\\/\\\/www.youtube.com\\\/@escapadaruralcom\"]},{\"@type\":\"Person\",\"@id\":\"https:\\\/\\\/www.escapadarural.com\\\/blog\\\/#\\\/schema\\\/person\\\/65271b7b847121ab7a4f8c3be624d420\",\"name\":\"Alba Feliz\",\"image\":{\"@type\":\"ImageObject\",\"inLanguage\":\"es\",\"@id\":\"https:\\\/\\\/www.escapadarural.com\\\/blog\\\/wp-content\\\/uploads\\\/2024\\\/11\\\/cropped-alba-96x96.jpg\",\"url\":\"https:\\\/\\\/www.escapadarural.com\\\/blog\\\/wp-content\\\/uploads\\\/2024\\\/11\\\/cropped-alba-96x96.jpg\",\"contentUrl\":\"https:\\\/\\\/www.escapadarural.com\\\/blog\\\/wp-content\\\/uploads\\\/2024\\\/11\\\/cropped-alba-96x96.jpg\",\"caption\":\"Alba Feliz\"},\"description\":\"Redactora, productora audiovisual y graduada en turismo y direcci\u00f3n hotelera. Creo firmemente que viajar abre la mente y permite conocer otras realidades que quiz\u00e1s desconocemos. Me apasiona la fotograf\u00eda anal\u00f3gica (la de toda la vida) y darle una oportunidad a los destinos menos conocidos.\",\"url\":\"https:\\\/\\\/www.escapadarural.com\\\/blog\\\/autor\\\/alba\\\/\"}]}<\/script>\n<!-- \/ Yoast SEO plugin. -->","yoast_head_json":{"title":"Los pueblos espa\u00f1oles con m\u00e1s panader\u00edas","robots":{"index":"index","follow":"follow","max-snippet":"max-snippet:-1","max-image-preview":"max-image-preview:large","max-video-preview":"max-video-preview:-1"},"canonical":"https:\/\/www.escapadarural.com\/blog\/ruta-del-buen-pan\/","og_locale":"es_ES","og_type":"article","og_title":"Los pueblos espa\u00f1oles con m\u00e1s panader\u00edas","og_description":"El pan, uno de los alimentos con m\u00e1s historia y m\u00e1s importantes de nuestro pa\u00eds. Con este art\u00edculo queremos hacerle un peque\u00f1o homenaje, conocer los mejores panader@s y panader\u00edas del territorio y la curiosa Ruta del Buen Pan","og_url":"https:\/\/www.escapadarural.com\/blog\/ruta-del-buen-pan\/","og_site_name":"Magazine de viajes de EscapadaRural","article_publisher":"https:\/\/www.facebook.com\/escapadarural","article_published_time":"2024-11-15T10:00:23+00:00","article_modified_time":"2025-01-27T21:56:25+00:00","og_image":[{"width":1024,"height":576,"url":"https:\/\/www.escapadarural.com\/blog\/wp-content\/uploads\/2024\/11\/pandepueblo.jpeg","type":"image\/jpeg"}],"author":"Alba Feliz","twitter_card":"summary_large_image","twitter_misc":{"Escrito por":"Alba Feliz","Tiempo de lectura":"8 minutos"},"schema":{"@context":"https:\/\/schema.org","@graph":[{"@type":"Article","@id":"https:\/\/www.escapadarural.com\/blog\/ruta-del-buen-pan\/#article","isPartOf":{"@id":"https:\/\/www.escapadarural.com\/blog\/ruta-del-buen-pan\/"},"author":{"name":"Alba Feliz","@id":"https:\/\/www.escapadarural.com\/blog\/#\/schema\/person\/65271b7b847121ab7a4f8c3be624d420"},"headline":"Los pueblos espa\u00f1oles con m\u00e1s panader\u00edas y Ruta del Buen Pan","datePublished":"2024-11-15T10:00:23+00:00","dateModified":"2025-01-27T21:56:25+00:00","mainEntityOfPage":{"@id":"https:\/\/www.escapadarural.com\/blog\/ruta-del-buen-pan\/"},"wordCount":1323,"commentCount":0,"publisher":{"@id":"https:\/\/www.escapadarural.com\/blog\/#organization"},"image":{"@id":"https:\/\/www.escapadarural.com\/blog\/ruta-del-buen-pan\/#primaryimage"},"thumbnailUrl":"https:\/\/www.escapadarural.com\/blog\/wp-content\/uploads\/2024\/11\/pandepueblo.jpeg","keywords":["Gastronom\u00eda","pueblos con m\u00e1s panader\u00edas en espa\u00f1a","ruta del pan","top 50 panaderos en espa\u00f1a"],"articleSection":["Arte y Cultura"],"inLanguage":"es","potentialAction":[{"@type":"CommentAction","name":"Comment","target":["https:\/\/www.escapadarural.com\/blog\/ruta-del-buen-pan\/#respond"]}]},{"@type":"WebPage","@id":"https:\/\/www.escapadarural.com\/blog\/ruta-del-buen-pan\/","url":"https:\/\/www.escapadarural.com\/blog\/ruta-del-buen-pan\/","name":"Los pueblos espa\u00f1oles con m\u00e1s panader\u00edas","isPartOf":{"@id":"https:\/\/www.escapadarural.com\/blog\/#website"},"primaryImageOfPage":{"@id":"https:\/\/www.escapadarural.com\/blog\/ruta-del-buen-pan\/#primaryimage"},"image":{"@id":"https:\/\/www.escapadarural.com\/blog\/ruta-del-buen-pan\/#primaryimage"},"thumbnailUrl":"https:\/\/www.escapadarural.com\/blog\/wp-content\/uploads\/2024\/11\/pandepueblo.jpeg","datePublished":"2024-11-15T10:00:23+00:00","dateModified":"2025-01-27T21:56:25+00:00","breadcrumb":{"@id":"https:\/\/www.escapadarural.com\/blog\/ruta-del-buen-pan\/#breadcrumb"},"inLanguage":"es","potentialAction":[{"@type":"ReadAction","target":["https:\/\/www.escapadarural.com\/blog\/ruta-del-buen-pan\/"]}]},{"@type":"ImageObject","inLanguage":"es","@id":"https:\/\/www.escapadarural.com\/blog\/ruta-del-buen-pan\/#primaryimage","url":"https:\/\/www.escapadarural.com\/blog\/wp-content\/uploads\/2024\/11\/pandepueblo.jpeg","contentUrl":"https:\/\/www.escapadarural.com\/blog\/wp-content\/uploads\/2024\/11\/pandepueblo.jpeg","width":1024,"height":576,"caption":"Pan de pueblo. Por carlos."},{"@type":"BreadcrumbList","@id":"https:\/\/www.escapadarural.com\/blog\/ruta-del-buen-pan\/#breadcrumb","itemListElement":[{"@type":"ListItem","position":1,"name":"Inicio","item":"https:\/\/www.escapadarural.com\/blog\/"},{"@type":"ListItem","position":2,"name":"Arte y Cultura","item":"https:\/\/www.escapadarural.com\/blog\/categoria\/arte-y-cultura\/"},{"@type":"ListItem","position":3,"name":"Los pueblos espa\u00f1oles con m\u00e1s panader\u00edas y Ruta del Buen Pan"}]},{"@type":"WebSite","@id":"https:\/\/www.escapadarural.com\/blog\/#website","url":"https:\/\/www.escapadarural.com\/blog\/","name":"Blog de viajes | turismo rural, alojamientos e inspiraci\u00f3n","description":"Alojamientos rurales e inspiraci\u00f3n para tus escapadas","publisher":{"@id":"https:\/\/www.escapadarural.com\/blog\/#organization"},"alternateName":"Magazine de viajes de EscapadaRural","potentialAction":[{"@type":"SearchAction","target":{"@type":"EntryPoint","urlTemplate":"https:\/\/www.escapadarural.com\/blog\/?s={search_term_string}"},"query-input":{"@type":"PropertyValueSpecification","valueRequired":true,"valueName":"search_term_string"}}],"inLanguage":"es"},{"@type":"Organization","@id":"https:\/\/www.escapadarural.com\/blog\/#organization","name":"EscapadaRural","url":"https:\/\/www.escapadarural.com\/blog\/","logo":{"@type":"ImageObject","inLanguage":"es","@id":"https:\/\/www.escapadarural.com\/blog\/#\/schema\/logo\/image\/","url":"https:\/\/www.escapadarural.com\/blog\/wp-content\/uploads\/2024\/10\/cropped-cropped-escapada-rural-icon-mag-3.png","contentUrl":"https:\/\/www.escapadarural.com\/blog\/wp-content\/uploads\/2024\/10\/cropped-cropped-escapada-rural-icon-mag-3.png","width":512,"height":512,"caption":"EscapadaRural"},"image":{"@id":"https:\/\/www.escapadarural.com\/blog\/#\/schema\/logo\/image\/"},"sameAs":["https:\/\/www.facebook.com\/escapadarural","https:\/\/www.instagram.com\/escapadarural\/","https:\/\/www.youtube.com\/@escapadaruralcom"]},{"@type":"Person","@id":"https:\/\/www.escapadarural.com\/blog\/#\/schema\/person\/65271b7b847121ab7a4f8c3be624d420","name":"Alba Feliz","image":{"@type":"ImageObject","inLanguage":"es","@id":"https:\/\/www.escapadarural.com\/blog\/wp-content\/uploads\/2024\/11\/cropped-alba-96x96.jpg","url":"https:\/\/www.escapadarural.com\/blog\/wp-content\/uploads\/2024\/11\/cropped-alba-96x96.jpg","contentUrl":"https:\/\/www.escapadarural.com\/blog\/wp-content\/uploads\/2024\/11\/cropped-alba-96x96.jpg","caption":"Alba Feliz"},"description":"Redactora, productora audiovisual y graduada en turismo y direcci\u00f3n hotelera. Creo firmemente que viajar abre la mente y permite conocer otras realidades que quiz\u00e1s desconocemos. Me apasiona la fotograf\u00eda anal\u00f3gica (la de toda la vida) y darle una oportunidad a los destinos menos conocidos.","url":"https:\/\/www.escapadarural.com\/blog\/autor\/alba\/"}]}},"_links":{"self":[{"href":"https:\/\/www.escapadarural.com\/blog\/wp-json\/wp\/v2\/posts\/106659","targetHints":{"allow":["GET"]}}],"collection":[{"href":"https:\/\/www.escapadarural.com\/blog\/wp-json\/wp\/v2\/posts"}],"about":[{"href":"https:\/\/www.escapadarural.com\/blog\/wp-json\/wp\/v2\/types\/post"}],"author":[{"embeddable":true,"href":"https:\/\/www.escapadarural.com\/blog\/wp-json\/wp\/v2\/users\/151"}],"replies":[{"embeddable":true,"href":"https:\/\/www.escapadarural.com\/blog\/wp-json\/wp\/v2\/comments?post=106659"}],"version-history":[{"count":0,"href":"https:\/\/www.escapadarural.com\/blog\/wp-json\/wp\/v2\/posts\/106659\/revisions"}],"wp:featuredmedia":[{"embeddable":true,"href":"https:\/\/www.escapadarural.com\/blog\/wp-json\/wp\/v2\/media\/183333"}],"wp:attachment":[{"href":"https:\/\/www.escapadarural.com\/blog\/wp-json\/wp\/v2\/media?parent=106659"}],"wp:term":[{"taxonomy":"category","embeddable":true,"href":"https:\/\/www.escapadarural.com\/blog\/wp-json\/wp\/v2\/categories?post=106659"},{"taxonomy":"post_tag","embeddable":true,"href":"https:\/\/www.escapadarural.com\/blog\/wp-json\/wp\/v2\/tags?post=106659"}],"curies":[{"name":"wp","href":"https:\/\/api.w.org\/{rel}","templated":true}]}}