{"id":106668,"date":"2024-10-27T07:00:00","date_gmt":"2024-10-27T06:00:00","guid":{"rendered":"https:\/\/www.escapadarural.com\/blog\/?p=83237"},"modified":"2025-07-31T10:51:13","modified_gmt":"2025-07-31T08:51:13","slug":"ruta-de-los-bunkeres-sallent-de-gallego","status":"publish","type":"post","link":"https:\/\/www.escapadarural.com\/blog\/ruta-de-los-bunkeres-sallent-de-gallego\/","title":{"rendered":"Sallent de G\u00e1llego y la ruta de los B\u00fankeres"},"content":{"rendered":"\n<p>Hoy proponemos una <strong>ruta un tanto curiosa y quiz\u00e1s no tan com\u00fan<\/strong>: la ruta de los B\u00fankeres de Sallent de G\u00e1llego. Para poder completarla nos hemos de trasladar hasta el <a href=\"\/casas-rurales\/valle-de-tena\" data-type=\"link\" data-id=\"https:\/\/www.escapadarural.com\/casas-rurales?l=valle-de-tena\">Valle de Tena<\/a>, en el Pirineo Aragon\u00e9s. All\u00ed encontraremos varios b\u00fankeres que formaron parte de la l\u00ednea de fortificaci\u00f3n que se dise\u00f1\u00f3 desde el Cant\u00e1brico hasta el Mediterr\u00e1neo. Fueron mandados construir por el general Francisco Franco hacia el a\u00f1o 1940 y lo cierto es que no se llegaron a finalizar. De hecho, por suerte, no se han llegado a utilizar.<\/p>\n\n\n\n<figure class=\"wp-block-image size-full\"><img loading=\"lazy\" decoding=\"async\" width=\"1024\" height=\"683\" src=\"https:\/\/www.escapadarural.com\/blog\/wp-content\/uploads\/2024\/10\/Sallent-de-Gallego-1-1024x683-2.jpg\" alt=\"Sallent de Gallego\" class=\"wp-image-97578\" srcset=\"https:\/\/www.escapadarural.com\/blog\/wp-content\/uploads\/2024\/10\/Sallent-de-Gallego-1-1024x683-2-200x133.jpg 200w, https:\/\/www.escapadarural.com\/blog\/wp-content\/uploads\/2024\/10\/Sallent-de-Gallego-1-1024x683-2-300x200.jpg 300w, https:\/\/www.escapadarural.com\/blog\/wp-content\/uploads\/2024\/10\/Sallent-de-Gallego-1-1024x683-2-400x267.jpg 400w, https:\/\/www.escapadarural.com\/blog\/wp-content\/uploads\/2024\/10\/Sallent-de-Gallego-1-1024x683-2-600x400.jpg 600w, https:\/\/www.escapadarural.com\/blog\/wp-content\/uploads\/2024\/10\/Sallent-de-Gallego-1-1024x683-2-768x512.jpg 768w, https:\/\/www.escapadarural.com\/blog\/wp-content\/uploads\/2024\/10\/Sallent-de-Gallego-1-1024x683-2-800x534.jpg 800w, https:\/\/www.escapadarural.com\/blog\/wp-content\/uploads\/2024\/10\/Sallent-de-Gallego-1-1024x683-2.jpg 1024w\" sizes=\"auto, (max-width: 1024px) 100vw, 1024px\" \/><figcaption class=\"wp-element-caption\">Sallent de Gallego<\/figcaption><\/figure>\n\n\n\n<p>Tal y como nos comentan desde el propio Ayuntamiento de Sallent de G\u00e1llego, los b\u00fankeres y el entorno se pueden llegar a conocer incluso si dispones de muy poco tiempo. Si se puede, se recomienda hacer una buena caminata parando y descubriendo miradores como el de San Mam\u00e9s o algunos de los <a href=\"https:\/\/www.escapadarural.com\/blog\/siguiendo-las-huellas-de-la-guerra-civil-a-traves-del-la-ruta-del-frente-del-agua\/\" data-type=\"link\" data-id=\"https:\/\/www.escapadarural.com\/blog\/siguiendo-las-huellas-de-la-guerra-civil-a-traves-del-la-ruta-del-frente-del-agua\/\">b\u00fankeres<\/a> que se han acondicionado durante los \u00faltimos a\u00f1os. Por mi parte no puedo esperar a conocer el entorno ya que se dice que es una de las <strong>obras defensivas m\u00e1s grandes de Europa<\/strong>, construida despu\u00e9s de la II Guerra Mundial. Tambi\u00e9n es considerada <strong>la mayor obra de ingenier\u00eda militar de Espa\u00f1a.<\/strong><\/p>\n\n\n\n<figure class=\"wp-block-image size-large\"><a href=\"https:\/\/www.escapadarural.com\/blog\/wp-content\/uploads\/2024\/11\/Foto-bunkers-Lanuza-8-scaled-1.jpg\"><img decoding=\"async\" src=\"https:\/\/www.escapadarural.com\/blog\/wp-content\/uploads\/2024\/11\/Foto-bunkers-Lanuza-8-1024x724-1.jpg\" alt=\"B\u00fanker en ruta B\u00fankeres de Lanuza. Por Ayuntamiento de Sallent de G\u00e1llego\" class=\"wp-image-83300\"\/><\/a><figcaption class=\"wp-element-caption\">B\u00fanker en ruta B\u00fankeres de Lanuza. Por Ayuntamiento de Sallent de G\u00e1llego<\/figcaption><\/figure>\n\n\n\n<p>Por supuesto, en esta aventura no faltar\u00e1 conocer el pueblo pirenaico de <a href=\"https:\/\/www.turismodearagon.com\/ficha\/sallent-de-gallego\/\" target=\"_blank\" rel=\"noreferrer noopener nofollow\" data-type=\"link\" data-id=\"https:\/\/www.turismodearagon.com\/ficha\/sallent-de-gallego\/\">Sallent de G\u00e1llego<\/a>, muy conocido por su cercan\u00eda a la estaci\u00f3n de esqu\u00ed Aram\u00f3n Formigal-Panticosa, perdernos por sus calles y saber qu\u00e9 otras rutas y excursiones nacen en la poblaci\u00f3n.<\/p>\n\n\n\n<div class=\"wp-block-buttons is-layout-flex wp-block-buttons-is-layout-flex\">\n<div class=\"wp-block-button\"><a class=\"wp-block-button__link wp-element-button\" href=\"\/casas-rurales\/sallent-de-gallego\">Alojamientos rurales en Sallent de G\u00e1llego<\/a><\/div>\n<\/div>\n\n\n\n<h2 class=\"wp-block-heading\" id=\"h-el-punto-de-partida-sallent-de-gallego\">El punto de partida: Sallent de G\u00e1llego<\/h2>\n\n\n\n<figure class=\"wp-block-image size-large\"><a href=\"https:\/\/www.escapadarural.com\/blog\/wp-content\/uploads\/2024\/11\/Foto-bunkers-Lanuza-Ayuntamiento-de-Sallent-scaled-1.jpg\"><img decoding=\"async\" src=\"https:\/\/www.escapadarural.com\/blog\/wp-content\/uploads\/2024\/11\/Foto-bunkers-Lanuza-Ayuntamiento-de-Sallent-1024x678-1.jpg\" alt=\"B\u00fanker en Ruta B\u00fankers de Lanuza. Por Ayuntamiento de Sallent de G\u00e1llego\" class=\"wp-image-83242\"\/><\/a><figcaption class=\"wp-element-caption\">B\u00fanker en Ruta B\u00fankers de Lanuza. Por Ayuntamiento de Sallent de G\u00e1llego<\/figcaption><\/figure>\n\n\n\n<p>Con aproximadamente 1.500 habitantes, la gran mayor\u00eda de la poblaci\u00f3n de Sallent de G\u00e1llego <strong>se dedica a la ganader\u00eda y al turismo<\/strong>, el cual crece considerablemente durante los meses de invierno. Quiz\u00e1s, una de las primeras paradas ha de ser la iglesia g\u00f3tica de Nuestra Se\u00f1ora de la Asunci\u00f3n. Data del siglo XVI y salvaguarda un valioso retablo plateresco (corriente art\u00edstica y arquitect\u00f3nica desarrollada a finales del siglo XV), de los que ya no quedan.<\/p>\n\n\n\n<figure class=\"wp-block-image size-large\"><a href=\"https:\/\/www.escapadarural.com\/blog\/wp-content\/uploads\/2024\/11\/AdobeStock_705132455-scaled-1.jpeg\"><img decoding=\"async\" src=\"https:\/\/www.escapadarural.com\/blog\/wp-content\/uploads\/2024\/11\/AdobeStock_705132455-1024x683-2.jpeg\" alt=\"Detalle Iglesia y poblaci\u00f3n Sallent de G\u00e1llego. Por serFF79\" class=\"wp-image-83245\"\/><\/a><figcaption class=\"wp-element-caption\">Detalle Iglesia y poblaci\u00f3n Sallent de G\u00e1llego. Por serFF79<\/figcaption><\/figure>\n\n\n\n<p>El paseo continuar\u00eda por el puente medieval que atraviesa el r\u00edo Aguas Limpias, el ayuntamiento y las peque\u00f1as calles en las que pr\u00e1cticamente en cada esquina encontrar\u00e1s un bar, un restaurante o una vermuter\u00eda. De hecho, seg\u00fan el estudio \u201cBenditos Bares\u201d realizado por la Federaci\u00f3n Espa\u00f1ola de Hosteler\u00eda y Coca-Cola, Sallent de G\u00e1llego <strong>es la poblaci\u00f3n con m\u00e1s bares<\/strong> por habitante. La localidad liderar\u00eda el ranking con 15,7 bares por cada 1.000 habitantes.<\/p>\n\n\n\n<figure class=\"wp-block-image size-large\"><a href=\"https:\/\/www.escapadarural.com\/blog\/wp-content\/uploads\/2024\/11\/embalse-de-Lanuza-por-gerardo-scaled-1.jpeg\"><img decoding=\"async\" src=\"https:\/\/www.escapadarural.com\/blog\/wp-content\/uploads\/2024\/11\/embalse-de-Lanuza-por-gerardo-1024x684-1.jpeg\" alt=\"Embalse de Lanuza y Pico Pe\u00f1a Foratata. Por gerardo\" class=\"wp-image-83246\"\/><\/a><figcaption class=\"wp-element-caption\">Embalse de Lanuza y Pico Pe\u00f1a Foratata. Por gerardo<\/figcaption><\/figure>\n\n\n\n<p>Tambi\u00e9n llaman la atenci\u00f3n sus impresionantes vistas. Sallent est\u00e1 enclavado en un entorno privilegiado, con el pe\u00f1asco rocoso de Pe\u00f1a Foratata en el horizonte y varios picos que superan los 3.000 metros de altura. Gracias a todas las monta\u00f1as que lo rodean, las posibilidades de hacer rutas se multiplican, centr\u00e1ndonos esta vez en la no tan com\u00fan <strong>ruta de los B\u00fankeres<\/strong> que forma parte de la l\u00ednea P (Organizaci\u00f3n Defensiva del Pirineo).<\/p>\n\n\n\n<figure class=\"wp-block-image size-large\"><a href=\"https:\/\/www.escapadarural.com\/blog\/wp-content\/uploads\/2024\/11\/caminando-por-sallent-de-gallego-miquelrc-scaled-1.jpeg\"><img decoding=\"async\" src=\"https:\/\/www.escapadarural.com\/blog\/wp-content\/uploads\/2024\/11\/caminando-por-sallent-de-gallego-miquelrc-1024x768-1.jpeg\" alt=\"Ruta por Sallent de G\u00e1llego. Por miquelrc\" class=\"wp-image-83254\"\/><\/a><figcaption class=\"wp-element-caption\">Ruta por Sallent de G\u00e1llego. Por miquelrc<\/figcaption><\/figure>\n\n\n\n<h2 class=\"wp-block-heading\" id=\"h-sallent-de-gallego-nucleo-de-resistencia-109-110\"><strong>Sallent de G\u00e1llego: n\u00facleo de resistencia 109-110<\/strong><\/h2>\n\n\n\n<p>Desde el ayuntamiento nos explican que en Arag\u00f3n, <strong>la l\u00ednea P se divide en 5 sectores<\/strong> y, cada uno de ellos, est\u00e1 subdividido a su vez en n\u00facleos de resistencia (NR), siendo el de Sallent de G\u00e1llego el NR 109-110. Existen mapas de la l\u00ednea P, como el de Jos\u00e9 Manuel Cl\u00faa M\u00e9ndez, donde se se\u00f1alan las obras existentes y las desaparecidas. Gracias a este mapa nos damos cuenta de la <strong>gran cantidad de b\u00fankeres<\/strong> que siguen intactos, aunque otros muchos est\u00e1n en mal estado o incluso se encuentran en campos privados.<\/p>\n\n\n\n<figure class=\"wp-block-image size-large\"><a href=\"https:\/\/www.escapadarural.com\/blog\/wp-content\/uploads\/2024\/11\/mapa-gral-Linea-P-002-1-scaled-1.jpg\"><img decoding=\"async\" src=\"https:\/\/www.escapadarural.com\/blog\/wp-content\/uploads\/2024\/11\/mapa-gral-Linea-P-002-1-1024x441-2.jpg\" alt=\"Mapa l\u00ednea P. Por Jos\u00e9 Manuel Cl\u00faa M\u00e9ndez. Ayuntamiento de Sallent de G\u00e1llego\" class=\"wp-image-83248\"\/><\/a><figcaption class=\"wp-element-caption\">Mapa l\u00ednea P. Por Jos\u00e9 Manuel Cl\u00faa M\u00e9ndez. Ayuntamiento de Sallent de G\u00e1llego<\/figcaption><\/figure>\n\n\n\n<p>\u00bfCu\u00e1ntos b\u00fankeres hay? Se cree que <strong>hay alrededor de 2.800<\/strong> y se construyeron con el objetivo de impermeabilizar la frontera con Francia y proteger Espa\u00f1a de una posible invasi\u00f3n a trav\u00e9s de los Pirineos. <strong>Son de hormig\u00f3n<\/strong> y estaban escondidos y camuflados en la naturaleza, creando una l\u00ednea perfecta de defensa desde el cabo de Rosas hasta Hendaya.<\/p>\n\n\n\n<h2 class=\"wp-block-heading\" id=\"h-ruta-de-los-bunkeres-y-sus-funciones\">Ruta de los B\u00fankeres y sus funciones<\/h2>\n\n\n\n<figure class=\"wp-block-image size-large\"><a href=\"https:\/\/www.escapadarural.com\/blog\/wp-content\/uploads\/2024\/11\/Bunker-sallent-de-gallego.-sebastian-scaled-1.jpeg\"><img decoding=\"async\" src=\"https:\/\/www.escapadarural.com\/blog\/wp-content\/uploads\/2024\/11\/Bunker-sallent-de-gallego.-sebastian-1024x683-2.jpeg\" alt=\"B\u00fanker en ruta de mirador de San Mam\u00e9s. Por sebastian\" class=\"wp-image-83249\"\/><\/a><figcaption class=\"wp-element-caption\">B\u00fanker en ruta de mirador de San Mam\u00e9s. Por sebastian<\/figcaption><\/figure>\n\n\n\n<p><strong>No todos los b\u00fankeres se pueden visitar<\/strong>, ya que no est\u00e1n en el mejor de los estados o incluso algunos pueden tener un muy dif\u00edcil acceso. Es por ello que algunos se han acondicionado para poder ser visitados y <strong>se han creado las tres rutas<\/strong> que nombramos a continuaci\u00f3n. \u00a1Toma nota!<\/p>\n\n\n\n<h3 class=\"wp-block-heading\" id=\"h-ruta-bunker-de-san-mames\"><strong>Ruta B\u00fanker de San Mam\u00e9s<\/strong><\/h3>\n\n\n<div style=\"background-color: #dff0d8; color: #3c763d; border-left-color: #3c763d; \" class=\"ub-styled-box ub-notification-box wp-block-ub-styled-box\" id=\"ub-styled-box-58a12901-da2d-40a7-8f34-2ee15855a065\">\n<p id=\"ub-styled-box-notification-content-\"><strong>Longitud:<\/strong> 1 km.<\/p>\n\n\n\n<p><strong>Dificultad:<\/strong> f\u00e1cil<\/p>\n\n\n\n<p><strong>Tipo de ruta:<\/strong> circular<\/p>\n\n\n<\/div>\n\n\n<p>Es la m\u00e1s cercana a la poblaci\u00f3n y de hecho se llega desde la misma, saliendo desde el propio ayuntamiento y siguiendo los carteles hacia San Mam\u00e9s. Es <strong>f\u00e1cil<\/strong>, <strong>circular<\/strong> y su distancia <strong>no llega al kil\u00f3metro<\/strong>. \u201cSu principal misi\u00f3n era atender la defensa del Valle de Aguas Limpias y la de la poblaci\u00f3n\u201d, nos indican desde el ayuntamiento. Tambi\u00e9n puede entrarse a visitar y es una ruta perfecta ya que se complementa con el mirador de San Mam\u00e9s, con vistas al valle y al embalse de Lanuza.<\/p>\n\n\n\n<figure class=\"wp-block-image size-large\"><a href=\"https:\/\/www.escapadarural.com\/blog\/wp-content\/uploads\/2024\/11\/Panel-informativo-sallent.png\"><img decoding=\"async\" src=\"https:\/\/www.escapadarural.com\/blog\/wp-content\/uploads\/2024\/11\/Panel-informativo-sallent-1024x687-1.png\" alt=\"Panel Informativo Ruta b\u00fanker de San Mam\u00e9s. Por Ayuntamiento de Sallent de G\u00e1llego\" class=\"wp-image-83256\"\/><\/a><figcaption class=\"wp-element-caption\">Panel Informativo Ruta B\u00fanker de San Mam\u00e9s. Por Ayuntamiento de Sallent de G\u00e1llego<\/figcaption><\/figure>\n\n\n\n<h3 class=\"wp-block-heading\" id=\"h-ruta-bunkers-del-castiecho-de-lanuza\"><strong>Ruta B\u00fankers del Castiecho de Lanuza<\/strong><\/h3>\n\n\n<div style=\"background-color: #dff0d8; color: #3c763d; border-left-color: #3c763d; \" class=\"ub-styled-box ub-notification-box wp-block-ub-styled-box\" id=\"ub-styled-box-6536ba48-cb50-4f38-8936-df961b5a75d8\">\n<p id=\"ub-styled-box-notification-content-\"><strong>Longitud:<\/strong> 3,3 km.<\/p>\n\n\n\n<p><strong>Dificultad:<\/strong> f\u00e1cil<\/p>\n\n\n\n<p><strong>Tipo de ruta:<\/strong> circular<\/p>\n\n\n<\/div>\n\n\n<p>Forman parte del n\u00facleo 108, tambi\u00e9n puede entrarse en su interior y cuentan con un panel informativo detallado, el cual se adjunta a continuaci\u00f3n. Para llegar hasta esta ruta hemos de salir de la poblaci\u00f3n, en la carretera de Lanuza que lleva a Panticosa. Es un paseo <strong>un poco m\u00e1s largo<\/strong> que el anterior aunque tambi\u00e9n se considera <strong>sencillo <\/strong>y tiene un <strong>total de 3,3 kil\u00f3metros<\/strong>. Si te animas te recomiendo echarle un vistazo a la web de <a href=\"http:\/\/www.turismosallentdegallego.com\/es\/que-hacer\/ruta-de-los-bunkeres\" target=\"_blank\" rel=\"noreferrer noopener nofollow\" data-type=\"link\" data-id=\"http:\/\/www.turismosallentdegallego.com\/es\/que-hacer\/ruta-de-los-bunkeres\">Turismo de Sallent de G\u00e1llego<\/a>, donde se explica paso a paso c\u00f3mo llegar. No tiene p\u00e9rdida.<\/p>\n\n\n\n<figure class=\"wp-block-image size-large\"><a href=\"https:\/\/www.escapadarural.com\/blog\/wp-content\/uploads\/2024\/11\/Panel-informativo-bunkers-de-Lanuza.png\"><img decoding=\"async\" src=\"https:\/\/www.escapadarural.com\/blog\/wp-content\/uploads\/2024\/11\/Panel-informativo-bunkers-de-Lanuza-1024x713-1.png\" alt=\"\" class=\"wp-image-83251\"\/><\/a><figcaption class=\"wp-element-caption\">Panel Informativo Ruta b\u00fanker de Lanuza. Por Ayuntamiento de Sallent de G\u00e1llego<\/figcaption><\/figure>\n\n\n\n<h3 class=\"wp-block-heading\" id=\"h-ruta-bunkers-del-arrigal-formigal\"><strong>Ruta B\u00fankers del Arrigal (Formigal)<\/strong><\/h3>\n\n\n<div style=\"background-color: #dff0d8; color: #3c763d; border-left-color: #3c763d; \" class=\"ub-styled-box ub-notification-box wp-block-ub-styled-box\" id=\"ub-styled-box-8039638f-183a-4613-804c-a9d5ee956937\">\n<p id=\"ub-styled-box-notification-content-\"><strong>Longitud:<\/strong> 2 km.<\/p>\n\n\n\n<p><strong>Dificultad:<\/strong> media<\/p>\n\n\n\n<p><strong>Tipo de ruta:<\/strong> circular<\/p>\n\n\n<\/div>\n\n\n<p>Forma parte del n\u00facleo 110, <strong>el m\u00e1s adelantado de todos<\/strong>. Estas estructuras cubrir\u00edan con sus fuegos toda la carretera y se sit\u00faan en la estaci\u00f3n de Formigal. Cuenta con seis puntos de apoyo, la ruta <strong>se considera<\/strong> <strong>moderada<\/strong> y la distancia<strong> no llega a los 2 kil\u00f3metros<\/strong>. Puedes encontrar m\u00e1s informaci\u00f3n de la ruta tambi\u00e9n en <a href=\"https:\/\/es.wikiloc.com\/rutas-senderismo\/ruta-de-los-bunkeres-formigal-153198043\" target=\"_blank\" rel=\"noreferrer noopener nofollow\" data-type=\"link\" data-id=\"https:\/\/es.wikiloc.com\/rutas-senderismo\/ruta-de-los-bunkeres-formigal-153198043\">wikiloc<\/a>.<\/p>\n","protected":false},"excerpt":{"rendered":"<p>Conoce la mayor obra de ingenier\u00eda militar espa\u00f1ola a la vez que recorres la ruta de los B\u00fankeres descubriendo la l\u00ednea P (Organizaci\u00f3n Defensiva del Pirineo)<\/p>\n","protected":false},"author":151,"featured_media":97578,"comment_status":"open","ping_status":"open","sticky":false,"template":"","format":"standard","meta":{"_acf_changed":false,"om_disable_all_campaigns":false,"footnotes":""},"categories":[1379],"tags":[6013,1755,5525,5526,3472],"class_list":["post-106668","post","type-post","status-publish","format-standard","has-post-thumbnail","hentry","category-rutas-y-excursiones","tag-que-ver-en-aragon","tag-formigal","tag-ruta-bunkeres","tag-sallent-de-gallego","tag-valle-de-tena"],"acf":[],"featured_image_src":"https:\/\/www.escapadarural.com\/blog\/wp-content\/uploads\/2024\/10\/Sallent-de-Gallego-1-1024x683-2.jpg","author_info":{"display_name":"Alba Feliz","author_link":"https:\/\/www.escapadarural.com\/blog\/autor\/alba\/"},"yoast_head":"<!-- This site is optimized with the Yoast SEO plugin v27.5 - https:\/\/yoast.com\/product\/yoast-seo-wordpress\/ -->\n<title>Sallent de G\u00e1llego y la ruta de los B\u00fankeres<\/title>\n<meta name=\"robots\" content=\"index, follow, max-snippet:-1, max-image-preview:large, max-video-preview:-1\" \/>\n<link rel=\"canonical\" href=\"https:\/\/www.escapadarural.com\/blog\/ruta-de-los-bunkeres-sallent-de-gallego\/\" \/>\n<meta property=\"og:locale\" content=\"es_ES\" \/>\n<meta property=\"og:type\" content=\"article\" \/>\n<meta property=\"og:title\" content=\"Sallent de G\u00e1llego y la ruta de los B\u00fankeres\" \/>\n<meta property=\"og:description\" content=\"Conoce la mayor obra de ingenier\u00eda militar espa\u00f1ola a la vez que recorres la ruta de los B\u00fankeres descubriendo la l\u00ednea P (Organizaci\u00f3n Defensiva del Pirineo)\" \/>\n<meta property=\"og:url\" content=\"https:\/\/www.escapadarural.com\/blog\/ruta-de-los-bunkeres-sallent-de-gallego\/\" \/>\n<meta property=\"og:site_name\" content=\"Magazine de viajes de EscapadaRural\" \/>\n<meta property=\"article:publisher\" content=\"https:\/\/www.facebook.com\/escapadarural\" \/>\n<meta property=\"article:published_time\" content=\"2024-10-27T06:00:00+00:00\" \/>\n<meta property=\"article:modified_time\" content=\"2025-07-31T08:51:13+00:00\" \/>\n<meta property=\"og:image\" content=\"https:\/\/www.escapadarural.com\/blog\/wp-content\/uploads\/2024\/10\/Sallent-de-Gallego-1-1024x683-2.jpg?v=1753951875\" \/>\n\t<meta property=\"og:image:width\" content=\"1024\" \/>\n\t<meta property=\"og:image:height\" content=\"683\" \/>\n\t<meta property=\"og:image:type\" content=\"image\/jpeg\" \/>\n<meta name=\"author\" content=\"Alba Feliz\" \/>\n<meta name=\"twitter:card\" content=\"summary_large_image\" \/>\n<meta name=\"twitter:label1\" content=\"Escrito por\" \/>\n\t<meta name=\"twitter:data1\" content=\"Alba Feliz\" \/>\n\t<meta name=\"twitter:label2\" content=\"Tiempo de lectura\" \/>\n\t<meta name=\"twitter:data2\" content=\"8 minutos\" \/>\n<script type=\"application\/ld+json\" class=\"yoast-schema-graph\">{\"@context\":\"https:\\\/\\\/schema.org\",\"@graph\":[{\"@type\":\"Article\",\"@id\":\"https:\\\/\\\/www.escapadarural.com\\\/blog\\\/ruta-de-los-bunkeres-sallent-de-gallego\\\/#article\",\"isPartOf\":{\"@id\":\"https:\\\/\\\/www.escapadarural.com\\\/blog\\\/ruta-de-los-bunkeres-sallent-de-gallego\\\/\"},\"author\":{\"name\":\"Alba Feliz\",\"@id\":\"https:\\\/\\\/www.escapadarural.com\\\/blog\\\/#\\\/schema\\\/person\\\/65271b7b847121ab7a4f8c3be624d420\"},\"headline\":\"Sallent de G\u00e1llego y la ruta de los B\u00fankeres\",\"datePublished\":\"2024-10-27T06:00:00+00:00\",\"dateModified\":\"2025-07-31T08:51:13+00:00\",\"mainEntityOfPage\":{\"@id\":\"https:\\\/\\\/www.escapadarural.com\\\/blog\\\/ruta-de-los-bunkeres-sallent-de-gallego\\\/\"},\"wordCount\":1204,\"commentCount\":2,\"publisher\":{\"@id\":\"https:\\\/\\\/www.escapadarural.com\\\/blog\\\/#organization\"},\"image\":{\"@id\":\"https:\\\/\\\/www.escapadarural.com\\\/blog\\\/ruta-de-los-bunkeres-sallent-de-gallego\\\/#primaryimage\"},\"thumbnailUrl\":\"https:\\\/\\\/www.escapadarural.com\\\/blog\\\/wp-content\\\/uploads\\\/2024\\\/10\\\/Sallent-de-Gallego-1-1024x683-2.jpg\",\"keywords\":[\"Arag\u00f3n\",\"Formigal\",\"ruta b\u00fankeres\",\"Sallent de G\u00e1llego\",\"Valle de Tena\"],\"articleSection\":[\"Rutas y excursiones\"],\"inLanguage\":\"es\",\"potentialAction\":[{\"@type\":\"CommentAction\",\"name\":\"Comment\",\"target\":[\"https:\\\/\\\/www.escapadarural.com\\\/blog\\\/ruta-de-los-bunkeres-sallent-de-gallego\\\/#respond\"]}]},{\"@type\":\"WebPage\",\"@id\":\"https:\\\/\\\/www.escapadarural.com\\\/blog\\\/ruta-de-los-bunkeres-sallent-de-gallego\\\/\",\"url\":\"https:\\\/\\\/www.escapadarural.com\\\/blog\\\/ruta-de-los-bunkeres-sallent-de-gallego\\\/\",\"name\":\"Sallent de G\u00e1llego y la ruta de los B\u00fankeres\",\"isPartOf\":{\"@id\":\"https:\\\/\\\/www.escapadarural.com\\\/blog\\\/#website\"},\"primaryImageOfPage\":{\"@id\":\"https:\\\/\\\/www.escapadarural.com\\\/blog\\\/ruta-de-los-bunkeres-sallent-de-gallego\\\/#primaryimage\"},\"image\":{\"@id\":\"https:\\\/\\\/www.escapadarural.com\\\/blog\\\/ruta-de-los-bunkeres-sallent-de-gallego\\\/#primaryimage\"},\"thumbnailUrl\":\"https:\\\/\\\/www.escapadarural.com\\\/blog\\\/wp-content\\\/uploads\\\/2024\\\/10\\\/Sallent-de-Gallego-1-1024x683-2.jpg\",\"datePublished\":\"2024-10-27T06:00:00+00:00\",\"dateModified\":\"2025-07-31T08:51:13+00:00\",\"breadcrumb\":{\"@id\":\"https:\\\/\\\/www.escapadarural.com\\\/blog\\\/ruta-de-los-bunkeres-sallent-de-gallego\\\/#breadcrumb\"},\"inLanguage\":\"es\",\"potentialAction\":[{\"@type\":\"ReadAction\",\"target\":[\"https:\\\/\\\/www.escapadarural.com\\\/blog\\\/ruta-de-los-bunkeres-sallent-de-gallego\\\/\"]}]},{\"@type\":\"ImageObject\",\"inLanguage\":\"es\",\"@id\":\"https:\\\/\\\/www.escapadarural.com\\\/blog\\\/ruta-de-los-bunkeres-sallent-de-gallego\\\/#primaryimage\",\"url\":\"https:\\\/\\\/www.escapadarural.com\\\/blog\\\/wp-content\\\/uploads\\\/2024\\\/10\\\/Sallent-de-Gallego-1-1024x683-2.jpg\",\"contentUrl\":\"https:\\\/\\\/www.escapadarural.com\\\/blog\\\/wp-content\\\/uploads\\\/2024\\\/10\\\/Sallent-de-Gallego-1-1024x683-2.jpg\",\"width\":1024,\"height\":683,\"caption\":\"Sallent de Gallego\"},{\"@type\":\"BreadcrumbList\",\"@id\":\"https:\\\/\\\/www.escapadarural.com\\\/blog\\\/ruta-de-los-bunkeres-sallent-de-gallego\\\/#breadcrumb\",\"itemListElement\":[{\"@type\":\"ListItem\",\"position\":1,\"name\":\"Inicio\",\"item\":\"https:\\\/\\\/www.escapadarural.com\\\/blog\\\/\"},{\"@type\":\"ListItem\",\"position\":2,\"name\":\"Rutas y excursiones\",\"item\":\"https:\\\/\\\/www.escapadarural.com\\\/blog\\\/categoria\\\/rutas-y-excursiones\\\/\"},{\"@type\":\"ListItem\",\"position\":3,\"name\":\"Sallent de G\u00e1llego y la ruta de los B\u00fankeres\"}]},{\"@type\":\"WebSite\",\"@id\":\"https:\\\/\\\/www.escapadarural.com\\\/blog\\\/#website\",\"url\":\"https:\\\/\\\/www.escapadarural.com\\\/blog\\\/\",\"name\":\"Blog de viajes | turismo rural, alojamientos e inspiraci\u00f3n\",\"description\":\"Alojamientos rurales e inspiraci\u00f3n para tus escapadas\",\"publisher\":{\"@id\":\"https:\\\/\\\/www.escapadarural.com\\\/blog\\\/#organization\"},\"alternateName\":\"Magazine de viajes de EscapadaRural\",\"potentialAction\":[{\"@type\":\"SearchAction\",\"target\":{\"@type\":\"EntryPoint\",\"urlTemplate\":\"https:\\\/\\\/www.escapadarural.com\\\/blog\\\/?s={search_term_string}\"},\"query-input\":{\"@type\":\"PropertyValueSpecification\",\"valueRequired\":true,\"valueName\":\"search_term_string\"}}],\"inLanguage\":\"es\"},{\"@type\":\"Organization\",\"@id\":\"https:\\\/\\\/www.escapadarural.com\\\/blog\\\/#organization\",\"name\":\"EscapadaRural\",\"url\":\"https:\\\/\\\/www.escapadarural.com\\\/blog\\\/\",\"logo\":{\"@type\":\"ImageObject\",\"inLanguage\":\"es\",\"@id\":\"https:\\\/\\\/www.escapadarural.com\\\/blog\\\/#\\\/schema\\\/logo\\\/image\\\/\",\"url\":\"https:\\\/\\\/www.escapadarural.com\\\/blog\\\/wp-content\\\/uploads\\\/2024\\\/10\\\/cropped-cropped-escapada-rural-icon-mag-3.png\",\"contentUrl\":\"https:\\\/\\\/www.escapadarural.com\\\/blog\\\/wp-content\\\/uploads\\\/2024\\\/10\\\/cropped-cropped-escapada-rural-icon-mag-3.png\",\"width\":512,\"height\":512,\"caption\":\"EscapadaRural\"},\"image\":{\"@id\":\"https:\\\/\\\/www.escapadarural.com\\\/blog\\\/#\\\/schema\\\/logo\\\/image\\\/\"},\"sameAs\":[\"https:\\\/\\\/www.facebook.com\\\/escapadarural\",\"https:\\\/\\\/www.instagram.com\\\/escapadarural\\\/\",\"https:\\\/\\\/www.youtube.com\\\/@escapadaruralcom\"]},{\"@type\":\"Person\",\"@id\":\"https:\\\/\\\/www.escapadarural.com\\\/blog\\\/#\\\/schema\\\/person\\\/65271b7b847121ab7a4f8c3be624d420\",\"name\":\"Alba Feliz\",\"image\":{\"@type\":\"ImageObject\",\"inLanguage\":\"es\",\"@id\":\"https:\\\/\\\/www.escapadarural.com\\\/blog\\\/wp-content\\\/uploads\\\/2024\\\/11\\\/cropped-alba-96x96.jpg\",\"url\":\"https:\\\/\\\/www.escapadarural.com\\\/blog\\\/wp-content\\\/uploads\\\/2024\\\/11\\\/cropped-alba-96x96.jpg\",\"contentUrl\":\"https:\\\/\\\/www.escapadarural.com\\\/blog\\\/wp-content\\\/uploads\\\/2024\\\/11\\\/cropped-alba-96x96.jpg\",\"caption\":\"Alba Feliz\"},\"description\":\"Redactora, productora audiovisual y graduada en turismo y direcci\u00f3n hotelera. Creo firmemente que viajar abre la mente y permite conocer otras realidades que quiz\u00e1s desconocemos. Me apasiona la fotograf\u00eda anal\u00f3gica (la de toda la vida) y darle una oportunidad a los destinos menos conocidos.\",\"url\":\"https:\\\/\\\/www.escapadarural.com\\\/blog\\\/autor\\\/alba\\\/\"}]}<\/script>\n<!-- \/ Yoast SEO plugin. -->","yoast_head_json":{"title":"Sallent de G\u00e1llego y la ruta de los B\u00fankeres","robots":{"index":"index","follow":"follow","max-snippet":"max-snippet:-1","max-image-preview":"max-image-preview:large","max-video-preview":"max-video-preview:-1"},"canonical":"https:\/\/www.escapadarural.com\/blog\/ruta-de-los-bunkeres-sallent-de-gallego\/","og_locale":"es_ES","og_type":"article","og_title":"Sallent de G\u00e1llego y la ruta de los B\u00fankeres","og_description":"Conoce la mayor obra de ingenier\u00eda militar espa\u00f1ola a la vez que recorres la ruta de los B\u00fankeres descubriendo la l\u00ednea P (Organizaci\u00f3n Defensiva del Pirineo)","og_url":"https:\/\/www.escapadarural.com\/blog\/ruta-de-los-bunkeres-sallent-de-gallego\/","og_site_name":"Magazine de viajes de EscapadaRural","article_publisher":"https:\/\/www.facebook.com\/escapadarural","article_published_time":"2024-10-27T06:00:00+00:00","article_modified_time":"2025-07-31T08:51:13+00:00","og_image":[{"width":1024,"height":683,"url":"https:\/\/www.escapadarural.com\/blog\/wp-content\/uploads\/2024\/10\/Sallent-de-Gallego-1-1024x683-2.jpg?v=1753951875","type":"image\/jpeg"}],"author":"Alba Feliz","twitter_card":"summary_large_image","twitter_misc":{"Escrito por":"Alba Feliz","Tiempo de lectura":"8 minutos"},"schema":{"@context":"https:\/\/schema.org","@graph":[{"@type":"Article","@id":"https:\/\/www.escapadarural.com\/blog\/ruta-de-los-bunkeres-sallent-de-gallego\/#article","isPartOf":{"@id":"https:\/\/www.escapadarural.com\/blog\/ruta-de-los-bunkeres-sallent-de-gallego\/"},"author":{"name":"Alba Feliz","@id":"https:\/\/www.escapadarural.com\/blog\/#\/schema\/person\/65271b7b847121ab7a4f8c3be624d420"},"headline":"Sallent de G\u00e1llego y la ruta de los B\u00fankeres","datePublished":"2024-10-27T06:00:00+00:00","dateModified":"2025-07-31T08:51:13+00:00","mainEntityOfPage":{"@id":"https:\/\/www.escapadarural.com\/blog\/ruta-de-los-bunkeres-sallent-de-gallego\/"},"wordCount":1204,"commentCount":2,"publisher":{"@id":"https:\/\/www.escapadarural.com\/blog\/#organization"},"image":{"@id":"https:\/\/www.escapadarural.com\/blog\/ruta-de-los-bunkeres-sallent-de-gallego\/#primaryimage"},"thumbnailUrl":"https:\/\/www.escapadarural.com\/blog\/wp-content\/uploads\/2024\/10\/Sallent-de-Gallego-1-1024x683-2.jpg","keywords":["Arag\u00f3n","Formigal","ruta b\u00fankeres","Sallent de G\u00e1llego","Valle de Tena"],"articleSection":["Rutas y excursiones"],"inLanguage":"es","potentialAction":[{"@type":"CommentAction","name":"Comment","target":["https:\/\/www.escapadarural.com\/blog\/ruta-de-los-bunkeres-sallent-de-gallego\/#respond"]}]},{"@type":"WebPage","@id":"https:\/\/www.escapadarural.com\/blog\/ruta-de-los-bunkeres-sallent-de-gallego\/","url":"https:\/\/www.escapadarural.com\/blog\/ruta-de-los-bunkeres-sallent-de-gallego\/","name":"Sallent de G\u00e1llego y la ruta de los B\u00fankeres","isPartOf":{"@id":"https:\/\/www.escapadarural.com\/blog\/#website"},"primaryImageOfPage":{"@id":"https:\/\/www.escapadarural.com\/blog\/ruta-de-los-bunkeres-sallent-de-gallego\/#primaryimage"},"image":{"@id":"https:\/\/www.escapadarural.com\/blog\/ruta-de-los-bunkeres-sallent-de-gallego\/#primaryimage"},"thumbnailUrl":"https:\/\/www.escapadarural.com\/blog\/wp-content\/uploads\/2024\/10\/Sallent-de-Gallego-1-1024x683-2.jpg","datePublished":"2024-10-27T06:00:00+00:00","dateModified":"2025-07-31T08:51:13+00:00","breadcrumb":{"@id":"https:\/\/www.escapadarural.com\/blog\/ruta-de-los-bunkeres-sallent-de-gallego\/#breadcrumb"},"inLanguage":"es","potentialAction":[{"@type":"ReadAction","target":["https:\/\/www.escapadarural.com\/blog\/ruta-de-los-bunkeres-sallent-de-gallego\/"]}]},{"@type":"ImageObject","inLanguage":"es","@id":"https:\/\/www.escapadarural.com\/blog\/ruta-de-los-bunkeres-sallent-de-gallego\/#primaryimage","url":"https:\/\/www.escapadarural.com\/blog\/wp-content\/uploads\/2024\/10\/Sallent-de-Gallego-1-1024x683-2.jpg","contentUrl":"https:\/\/www.escapadarural.com\/blog\/wp-content\/uploads\/2024\/10\/Sallent-de-Gallego-1-1024x683-2.jpg","width":1024,"height":683,"caption":"Sallent de Gallego"},{"@type":"BreadcrumbList","@id":"https:\/\/www.escapadarural.com\/blog\/ruta-de-los-bunkeres-sallent-de-gallego\/#breadcrumb","itemListElement":[{"@type":"ListItem","position":1,"name":"Inicio","item":"https:\/\/www.escapadarural.com\/blog\/"},{"@type":"ListItem","position":2,"name":"Rutas y excursiones","item":"https:\/\/www.escapadarural.com\/blog\/categoria\/rutas-y-excursiones\/"},{"@type":"ListItem","position":3,"name":"Sallent de G\u00e1llego y la ruta de los B\u00fankeres"}]},{"@type":"WebSite","@id":"https:\/\/www.escapadarural.com\/blog\/#website","url":"https:\/\/www.escapadarural.com\/blog\/","name":"Blog de viajes | turismo rural, alojamientos e inspiraci\u00f3n","description":"Alojamientos rurales e inspiraci\u00f3n para tus escapadas","publisher":{"@id":"https:\/\/www.escapadarural.com\/blog\/#organization"},"alternateName":"Magazine de viajes de EscapadaRural","potentialAction":[{"@type":"SearchAction","target":{"@type":"EntryPoint","urlTemplate":"https:\/\/www.escapadarural.com\/blog\/?s={search_term_string}"},"query-input":{"@type":"PropertyValueSpecification","valueRequired":true,"valueName":"search_term_string"}}],"inLanguage":"es"},{"@type":"Organization","@id":"https:\/\/www.escapadarural.com\/blog\/#organization","name":"EscapadaRural","url":"https:\/\/www.escapadarural.com\/blog\/","logo":{"@type":"ImageObject","inLanguage":"es","@id":"https:\/\/www.escapadarural.com\/blog\/#\/schema\/logo\/image\/","url":"https:\/\/www.escapadarural.com\/blog\/wp-content\/uploads\/2024\/10\/cropped-cropped-escapada-rural-icon-mag-3.png","contentUrl":"https:\/\/www.escapadarural.com\/blog\/wp-content\/uploads\/2024\/10\/cropped-cropped-escapada-rural-icon-mag-3.png","width":512,"height":512,"caption":"EscapadaRural"},"image":{"@id":"https:\/\/www.escapadarural.com\/blog\/#\/schema\/logo\/image\/"},"sameAs":["https:\/\/www.facebook.com\/escapadarural","https:\/\/www.instagram.com\/escapadarural\/","https:\/\/www.youtube.com\/@escapadaruralcom"]},{"@type":"Person","@id":"https:\/\/www.escapadarural.com\/blog\/#\/schema\/person\/65271b7b847121ab7a4f8c3be624d420","name":"Alba Feliz","image":{"@type":"ImageObject","inLanguage":"es","@id":"https:\/\/www.escapadarural.com\/blog\/wp-content\/uploads\/2024\/11\/cropped-alba-96x96.jpg","url":"https:\/\/www.escapadarural.com\/blog\/wp-content\/uploads\/2024\/11\/cropped-alba-96x96.jpg","contentUrl":"https:\/\/www.escapadarural.com\/blog\/wp-content\/uploads\/2024\/11\/cropped-alba-96x96.jpg","caption":"Alba Feliz"},"description":"Redactora, productora audiovisual y graduada en turismo y direcci\u00f3n hotelera. Creo firmemente que viajar abre la mente y permite conocer otras realidades que quiz\u00e1s desconocemos. Me apasiona la fotograf\u00eda anal\u00f3gica (la de toda la vida) y darle una oportunidad a los destinos menos conocidos.","url":"https:\/\/www.escapadarural.com\/blog\/autor\/alba\/"}]}},"_links":{"self":[{"href":"https:\/\/www.escapadarural.com\/blog\/wp-json\/wp\/v2\/posts\/106668","targetHints":{"allow":["GET"]}}],"collection":[{"href":"https:\/\/www.escapadarural.com\/blog\/wp-json\/wp\/v2\/posts"}],"about":[{"href":"https:\/\/www.escapadarural.com\/blog\/wp-json\/wp\/v2\/types\/post"}],"author":[{"embeddable":true,"href":"https:\/\/www.escapadarural.com\/blog\/wp-json\/wp\/v2\/users\/151"}],"replies":[{"embeddable":true,"href":"https:\/\/www.escapadarural.com\/blog\/wp-json\/wp\/v2\/comments?post=106668"}],"version-history":[{"count":0,"href":"https:\/\/www.escapadarural.com\/blog\/wp-json\/wp\/v2\/posts\/106668\/revisions"}],"wp:featuredmedia":[{"embeddable":true,"href":"https:\/\/www.escapadarural.com\/blog\/wp-json\/wp\/v2\/media\/97578"}],"wp:attachment":[{"href":"https:\/\/www.escapadarural.com\/blog\/wp-json\/wp\/v2\/media?parent=106668"}],"wp:term":[{"taxonomy":"category","embeddable":true,"href":"https:\/\/www.escapadarural.com\/blog\/wp-json\/wp\/v2\/categories?post=106668"},{"taxonomy":"post_tag","embeddable":true,"href":"https:\/\/www.escapadarural.com\/blog\/wp-json\/wp\/v2\/tags?post=106668"}],"curies":[{"name":"wp","href":"https:\/\/api.w.org\/{rel}","templated":true}]}}