{"id":10668,"date":"2018-12-28T09:01:03","date_gmt":"2018-12-28T08:01:03","guid":{"rendered":"http:\/\/15.188.81.248\/2018\/12\/28\/la-famosa-cascada-cola-de-caballo-de-ordesa-se-ha-secado\/"},"modified":"2026-02-05T14:19:03","modified_gmt":"2026-02-05T13:19:03","slug":"la-famosa-cascada-cola-de-caballo-de-ordesa-se-ha-secado","status":"publish","type":"post","link":"https:\/\/www.escapadarural.com\/blog\/la-famosa-cascada-cola-de-caballo-de-ordesa-se-ha-secado\/","title":{"rendered":"La famosa cascada Cola de Caballo de Ordesa se ha secado"},"content":{"rendered":"\n<figure class=\"wp-block-image size-large\"><a href=\"https:\/\/www.escapadarural.com\/casa-rural\/asturias\/viscarcel-la-matuca\" target=\"_blank\" rel=\"noopener noreferrer\"><img decoding=\"async\" src=\"https:\/\/www.escapadarural.com\/blog\/wp-content\/uploads\/2018\/12\/quepasoconlacascada-1.jpg\" alt=\"Inocentada\" class=\"wp-image-25274\"\/><\/a><\/figure>\n\n\n\n<p class=\"has-text-align-center\"><strong>Atenci\u00f3n: afortunadamente, la cascada sigue tan espectacular como siempre. Este art\u00edculo tan s\u00f3lo es una peque\u00f1a broma para el d\u00eda de los Inocentes de 2018 \ud83d\ude09<\/strong><\/p>\n\n\n\n<p>A principios de esta semana, las autoridades del <a href=\"https:\/\/www.escapadarural.com\/casas-rurales\/ordesa-y-monte-perdido\" target=\"_blank\" rel=\"noopener noreferrer\">Parque Nacional Ordesa y Monte Perdido<\/a>, en Huesca, alertaban de que la popular <strong>cascada de Soaso<\/strong> se estaba quedando sin caudal.<\/p>\n\n\n\n<p>Una terrible tragedia que, inesperadamente, ha ido a m\u00e1s en los \u00faltimos d\u00edas hasta que el salto se ha quedado completamente seco. \u201cNo sabemos qu\u00e9 ha podido pasar. Estamos estudiando las causas\u201d, ha declarado Pepe Gotera, director del Parque Nacional Ordesa y Monte Perdido.<\/p>\n\n\n\n<p>Conocida como <strong>Cola de Caballo<\/strong> por su forma de cola de caballo, este salto de agua es uno de los lugares m\u00e1s tur\u00edsticos del valle de Sobrarbe. \u201cCada a\u00f1o atrae a much\u00edsimos visitantes. Much\u00edsimos\u201d, explica Gotera.<\/p>\n\n\n\n<p>No es de extra\u00f1ar que, en los \u00faltimos d\u00edas, tras conocerse la noticia de que su cauce estaba perdiendo fuerza, much\u00edsimos turistas y lugare\u00f1os se hayan acercado al lugar para presenciar el desastre. Tambi\u00e9n han dejado constancia de ello en las redes sociales, donde han subido im\u00e1genes desoladoras con la etiqueta de #SoSoaso.<\/p>\n\n\n\n<p>\u201cHemos venido a verlo en cuanto se ha corrido la voz en el pueblo. Bueno, tampoco ten\u00edamos mucho m\u00e1s que hacer. Ahora con el fr\u00edo ya casi no hay obras\u201d, dice Antonio, uno de los vecinos de <a href=\"https:\/\/www.escapadarural.com\/casas-rurales\/torla\" target=\"_blank\" rel=\"noopener noreferrer\">Torla<\/a>. \u201cAqu\u00ed ha llovido much\u00edsimo este mes, no falta agua. Ni cambio clim\u00e1tico ni clim\u00e1tica\u201d, a\u00f1ade Juana, propietaria del kiosco de la plaza.<\/p>\n\n\n\n<p>Esta ma\u00f1ana, se han desplazado hasta el lugar varios expertos de la Comisi\u00f3n Nacional del Agua y de la Conservaci\u00f3n de Espacios Naturales para esclarecer las causas de la sequ\u00eda y poder ofrecer una pronta soluci\u00f3n al problema.<\/p>\n\n\n\n<h2 class=\"wp-block-heading title-rute\" id=\"h-la-hipotesis-que-se-baraja\">La hip\u00f3tesis que se baraja<\/h2>\n\n\n\n<p>Aunque las autoridades insisten en que ellos no saben nada, los vecinos parecen conocer las <strong>causas del desastre<\/strong>. \u201cEsto es cosa de Isidoro\u201d, nos explica una vecina desde la ventana. \u201cNo, yo no bajo que no quiero salir en la tele. No me grab\u00e9is m\u00e1s\u201d, grita mientras cierra la ventana.<\/p>\n\n\n\n<p>\u201cEs que Isidoro siempre las l\u00eda muy pardas\u201d, comenta otro vecino que tampoco quiere revelar su nombre. \u201cDijo que necesitaba el agua para regar unas algodoneras, que lo hab\u00eda visto en un documental. Que a los sovi\u00e9ticos les hab\u00eda funcionado. Oye, y yo vi c\u00f3mo cavaba la zanja que ha desviado el r\u00edo\u201d, revela. \u201cQue s\u00ed, que s\u00ed. Est\u00e1 a 2 kil\u00f3metros\u201d.<\/p>\n\n\n\n<p>Debido a la gravedad del asunto, actualmente el parque \u2013declarado Patrimonio de la Humanidad por la Unesco\u2013 est\u00e1 cerrado parcialmente al p\u00fablico. \u201cNo podemos dejar que los vecinos est\u00e9n todo el d\u00eda merodeando por all\u00ed criticando el trabajo de nuestros expertos\u201d, explica Pepe Gotera.<\/p>\n\n\n\n<h2 class=\"wp-block-heading title-rute\" id=\"h-100-anos-de-la-declaracion-del-parque-nacional-ordesa-y-monte-perdido\">100 a\u00f1os de la declaraci\u00f3n del Parque Nacional Ordesa y Monte Perdido<\/h2>\n\n\n\n<p>Justo este 2018 el Parque Nacional de Ordesa y Monte Perdido est\u00e1 de celebraci\u00f3n por el centenario de su declaraci\u00f3n. El 16 de agosto de 1918, el rey Alfonso XIII lo nombr\u00f3 parque nacional bajo el nombre de valle de Ordesa. Fue el segundo espacio natural en Espa\u00f1a en conseguir el t\u00edtulo, s\u00f3lo unas semanas m\u00e1s tarde que el Parque Nacional Picos de Europa.<\/p>\n\n\n\n<p>Asimismo, el Parque Nacional Ordesa y Monte Perdido forma parte de la lista del Patrimonio de la Humanidad de la Unesco. Est\u00e1 incluido en el programa MaB (Hombre y Biosfera) de la Unesco dentro de la Reserva de la Biosfera Ordesa-Vi\u00f1amala, forma parte de la Red Global de Geoparques de la Unesco y es Red Natura 2000 de la Uni\u00f3n Europea.<\/p>\n\n\n\n<p>La conmemoraci\u00f3n de su centenario, que durar\u00e1 hasta 2019 debido a la amplia agenda de eventos, est\u00e1 declarado Acontecimiento de Excepcional Inter\u00e9s P\u00fablico. Ahora falta saber si el parque continuar\u00e1 con su programaci\u00f3n prevista o se ver\u00e1 afectado por la cat\u00e1strofe.<\/p>\n\n\n\n<h2 class=\"wp-block-heading\" id=\"h-que-mas-ver-en-huesca\">Qu\u00e9 m\u00e1s ver en Huesca<\/h2>\n\n\n<section class=\"wp-block-ub-post-grid ub-block-post-grid align  is-equal-height preserve-post-image-aspect-ratio\" style=\"\" id=\"ub-post-grid-\"><div class=\"ub-post-grid-items is-list\" style=\"row-gap: 32px; column-gap: 32px; \"><article id=\"post-215407\" class=\"ub-post-grid-item post-215407 post type-post status-publish format-standard has-post-thumbnail hentry category-rutas-y-excursiones tag-que-ver-en-albacete tag-que-ver-en-alicante tag-que-ver-en-almeria tag-que-ver-en-barcelona tag-barefooting tag-que-ver-en-cadiz tag-caminar-descalzo tag-familia tag-que-ver-en-girona tag-que-ver-en-huesca tag-listado tag-que-ver-en-murcia tag-rutas-con-ninos tag-senderismo\" style=\"\"><div class=\"ub-block-post-grid-image\" style=\"\"><a href=\"https:\/\/www.escapadarural.com\/blog\/rutas-para-caminar-descalzo-en-espana\/\" rel=\"bookmark\" aria-hidden=\"true\" tabindex=\"-1\"><img loading=\"lazy\" decoding=\"async\" width=\"2048\" height=\"1365\" src=\"https:\/\/www.escapadarural.com\/blog\/wp-content\/uploads\/2026\/03\/04_RutasDescalzo_Bolonia_Cadiz_Q_AdobeStock_31319050-scaled.jpeg\" class=\"attachment-full size-full\" alt=\"Mujer caminando por la duna de Bolonia, en Tarifa (C\u00e1diz).\" style=\"max-width: 600px; \" srcset=\"https:\/\/www.escapadarural.com\/blog\/wp-content\/uploads\/2026\/03\/04_RutasDescalzo_Bolonia_Cadiz_Q_AdobeStock_31319050-200x133.jpeg 200w, https:\/\/www.escapadarural.com\/blog\/wp-content\/uploads\/2026\/03\/04_RutasDescalzo_Bolonia_Cadiz_Q_AdobeStock_31319050-300x200.jpeg 300w, https:\/\/www.escapadarural.com\/blog\/wp-content\/uploads\/2026\/03\/04_RutasDescalzo_Bolonia_Cadiz_Q_AdobeStock_31319050-400x267.jpeg 400w, https:\/\/www.escapadarural.com\/blog\/wp-content\/uploads\/2026\/03\/04_RutasDescalzo_Bolonia_Cadiz_Q_AdobeStock_31319050-600x400.jpeg 600w, https:\/\/www.escapadarural.com\/blog\/wp-content\/uploads\/2026\/03\/04_RutasDescalzo_Bolonia_Cadiz_Q_AdobeStock_31319050-768x512.jpeg 768w, https:\/\/www.escapadarural.com\/blog\/wp-content\/uploads\/2026\/03\/04_RutasDescalzo_Bolonia_Cadiz_Q_AdobeStock_31319050-800x533.jpeg 800w, https:\/\/www.escapadarural.com\/blog\/wp-content\/uploads\/2026\/03\/04_RutasDescalzo_Bolonia_Cadiz_Q_AdobeStock_31319050-1024x683.jpeg 1024w, https:\/\/www.escapadarural.com\/blog\/wp-content\/uploads\/2026\/03\/04_RutasDescalzo_Bolonia_Cadiz_Q_AdobeStock_31319050-1200x800.jpeg 1200w, https:\/\/www.escapadarural.com\/blog\/wp-content\/uploads\/2026\/03\/04_RutasDescalzo_Bolonia_Cadiz_Q_AdobeStock_31319050-1536x1024.jpeg 1536w, https:\/\/www.escapadarural.com\/blog\/wp-content\/uploads\/2026\/03\/04_RutasDescalzo_Bolonia_Cadiz_Q_AdobeStock_31319050-scaled.jpeg 2048w\" sizes=\"auto, (max-width: 2048px) 100vw, 2048px\"><\/a><\/div><div class=\"ub-block-post-grid-text\" style=\"\"><div class=\"ub-block-post-grid-header-content\"><header class=\"ub-block-post-grid-header\"><h3 class=\"ub-block-post-grid-title\"><a style=\"\" href=\"https:\/\/www.escapadarural.com\/blog\/rutas-para-caminar-descalzo-en-espana\/\" rel=\"bookmark\">\ud83d\udc63 Rutas para caminar descalzo en Espa\u00f1a: siente las texturas de la naturaleza bajo tus pies<\/a><\/h3><\/header><\/div><div class=\"ub-block-post-grid-excerpt\"><div class=\"ub-block-post-grid-excerpt-text\" style=\"\"><p>Explora rutas para caminar descalzo en Espa\u00f1a: playas, praderas, dunas y senderos sensoriales que despiertan tus sentidos en la naturaleza<\/p>\n<\/div><\/div><\/div><\/article>\n<article id=\"post-214017\" class=\"ub-post-grid-item post-214017 post type-post status-publish format-standard has-post-thumbnail hentry category-arte-y-cultura tag-caviar tag-espana tag-familia tag-gastronomia tag-que-ver-en-granada tag-grupos tag-que-ver-en-huesca tag-listado tag-que-ver-en-lleida tag-pareja tag-que-ver-en-teruel\" style=\"\"><div class=\"ub-block-post-grid-image\" style=\"\"><a href=\"https:\/\/www.escapadarural.com\/blog\/pueblos-productores-de-caviar-espana\/\" rel=\"bookmark\" aria-hidden=\"true\" tabindex=\"-1\"><img loading=\"lazy\" decoding=\"async\" width=\"2048\" height=\"1365\" src=\"https:\/\/www.escapadarural.com\/blog\/wp-content\/uploads\/2026\/02\/AdobeStock_214591702-scaled.jpeg\" class=\"attachment-full size-full\" alt=\"Caviar. Por Natalia Lisovskaya\" style=\"max-width: 600px; \" srcset=\"https:\/\/www.escapadarural.com\/blog\/wp-content\/uploads\/2026\/02\/AdobeStock_214591702-200x133.jpeg 200w, https:\/\/www.escapadarural.com\/blog\/wp-content\/uploads\/2026\/02\/AdobeStock_214591702-300x200.jpeg 300w, https:\/\/www.escapadarural.com\/blog\/wp-content\/uploads\/2026\/02\/AdobeStock_214591702-400x267.jpeg 400w, https:\/\/www.escapadarural.com\/blog\/wp-content\/uploads\/2026\/02\/AdobeStock_214591702-600x400.jpeg 600w, https:\/\/www.escapadarural.com\/blog\/wp-content\/uploads\/2026\/02\/AdobeStock_214591702-768x512.jpeg 768w, https:\/\/www.escapadarural.com\/blog\/wp-content\/uploads\/2026\/02\/AdobeStock_214591702-800x533.jpeg 800w, https:\/\/www.escapadarural.com\/blog\/wp-content\/uploads\/2026\/02\/AdobeStock_214591702-1024x683.jpeg 1024w, https:\/\/www.escapadarural.com\/blog\/wp-content\/uploads\/2026\/02\/AdobeStock_214591702-1200x800.jpeg 1200w, https:\/\/www.escapadarural.com\/blog\/wp-content\/uploads\/2026\/02\/AdobeStock_214591702-1536x1024.jpeg 1536w, https:\/\/www.escapadarural.com\/blog\/wp-content\/uploads\/2026\/02\/AdobeStock_214591702-scaled.jpeg 2048w\" sizes=\"auto, (max-width: 2048px) 100vw, 2048px\"><\/a><\/div><div class=\"ub-block-post-grid-text\" style=\"\"><div class=\"ub-block-post-grid-header-content\"><header class=\"ub-block-post-grid-header\"><h3 class=\"ub-block-post-grid-title\"><a style=\"\" href=\"https:\/\/www.escapadarural.com\/blog\/pueblos-productores-de-caviar-espana\/\" rel=\"bookmark\">Caviar con \u2018D.O. Espa\u00f1a\u2019: los pueblos espa\u00f1oles que producen oro negro<\/a><\/h3><\/header><\/div><div class=\"ub-block-post-grid-excerpt\"><div class=\"ub-block-post-grid-excerpt-text\" style=\"\"><p>\u00bfSab\u00edas que se elabora este \u00aboro negro\u00bb en los Pirineos, en Teruel y en Granada? Ofrecen visitas guiadas para conocer a fondo el caviar<\/p>\n<\/div><\/div><\/div><\/article>\n<article id=\"post-213900\" class=\"ub-post-grid-item post-213900 post type-post status-publish format-standard has-post-thumbnail hentry category-arte-y-cultura category-destinos tag-amigos tag-astronomia tag-astroturismo tag-eclipse tag-eclipse-2026 tag-espana tag-familia tag-que-ver-en-huesca tag-listado tag-que-ver-en-madrid tag-pareja tag-que-ver-en-segovia tag-starlight tag-que-ver-en-tarragona tag-verano\" style=\"\"><div class=\"ub-block-post-grid-image\" style=\"\"><a href=\"https:\/\/www.escapadarural.com\/blog\/festivales-astronomicos-eclipse-2026\/\" rel=\"bookmark\" aria-hidden=\"true\" tabindex=\"-1\"><img loading=\"lazy\" decoding=\"async\" width=\"2048\" height=\"1365\" src=\"https:\/\/www.escapadarural.com\/blog\/wp-content\/uploads\/2026\/04\/AdobeStock_79399883-scaled.jpeg\" class=\"attachment-full size-full\" alt=\"Eclipse solar. Por IgorZh\" style=\"max-width: 600px; \" srcset=\"https:\/\/www.escapadarural.com\/blog\/wp-content\/uploads\/2026\/04\/AdobeStock_79399883-200x133.jpeg 200w, https:\/\/www.escapadarural.com\/blog\/wp-content\/uploads\/2026\/04\/AdobeStock_79399883-300x200.jpeg 300w, https:\/\/www.escapadarural.com\/blog\/wp-content\/uploads\/2026\/04\/AdobeStock_79399883-400x267.jpeg 400w, https:\/\/www.escapadarural.com\/blog\/wp-content\/uploads\/2026\/04\/AdobeStock_79399883-600x400.jpeg 600w, https:\/\/www.escapadarural.com\/blog\/wp-content\/uploads\/2026\/04\/AdobeStock_79399883-768x512.jpeg 768w, https:\/\/www.escapadarural.com\/blog\/wp-content\/uploads\/2026\/04\/AdobeStock_79399883-800x533.jpeg 800w, https:\/\/www.escapadarural.com\/blog\/wp-content\/uploads\/2026\/04\/AdobeStock_79399883-1024x683.jpeg 1024w, https:\/\/www.escapadarural.com\/blog\/wp-content\/uploads\/2026\/04\/AdobeStock_79399883-1200x800.jpeg 1200w, https:\/\/www.escapadarural.com\/blog\/wp-content\/uploads\/2026\/04\/AdobeStock_79399883-1536x1024.jpeg 1536w, https:\/\/www.escapadarural.com\/blog\/wp-content\/uploads\/2026\/04\/AdobeStock_79399883-scaled.jpeg 2048w\" sizes=\"auto, (max-width: 2048px) 100vw, 2048px\"><\/a><\/div><div class=\"ub-block-post-grid-text\" style=\"\"><div class=\"ub-block-post-grid-header-content\"><header class=\"ub-block-post-grid-header\"><h3 class=\"ub-block-post-grid-title\"><a style=\"\" href=\"https:\/\/www.escapadarural.com\/blog\/festivales-astronomicos-eclipse-2026\/\" rel=\"bookmark\">El eclipse solar de agosto se celebra as\u00ed: festivales para vivir al m\u00e1ximo el evento astron\u00f3mico del siglo en Espa\u00f1a<\/a><\/h3><\/header><\/div><div class=\"ub-block-post-grid-excerpt\"><div class=\"ub-block-post-grid-excerpt-text\" style=\"\"><p>Sum\u00e9rgete en el mundo de la astronom\u00eda con planes que van m\u00e1s all\u00e1 del 12 de agosto: charlas, conciertos, talleres, etc.<\/p>\n<\/div><\/div><\/div><\/article>\n<article id=\"post-214679\" class=\"ub-post-grid-item post-214679 post type-post status-publish format-standard has-post-thumbnail hentry category-destinos category-rutas-y-excursiones tag-amigos tag-que-ver-en-asturias tag-que-ver-en-barcelona tag-caminito-del-rey tag-camino-de-santiago tag-cola-de-caballo tag-familia tag-que-ver-en-galicia tag-que-ver-en-girona tag-gr11-senda-pirenaica tag-que-ver-en-huesca tag-lagos-de-saliencia tag-que-ver-en-leon tag-listado tag-montserrat tag-que-ver-en-navarra tag-que-ver-en-pais-vasco tag-pareja tag-parque-nacional-de-ordesa-y-monte-perdido tag-pirineo tag-ruta-del-cares tag-senderismo\" style=\"\"><div class=\"ub-block-post-grid-image\" style=\"\"><a href=\"https:\/\/www.escapadarural.com\/blog\/rutas-mas-populares-espana\/\" rel=\"bookmark\" aria-hidden=\"true\" tabindex=\"-1\"><img loading=\"lazy\" decoding=\"async\" width=\"1200\" height=\"800\" src=\"https:\/\/www.escapadarural.com\/blog\/wp-content\/uploads\/2025\/09\/01_Malaga_caminito_atardecer_WP01.webp\" class=\"attachment-full size-full\" alt=\"Atardecer en el Caminito del Rey (M\u00e1laga).\" style=\"max-width: 600px; \" srcset=\"https:\/\/www.escapadarural.com\/blog\/wp-content\/uploads\/2025\/09\/01_Malaga_caminito_atardecer_WP01-200x133.webp 200w, https:\/\/www.escapadarural.com\/blog\/wp-content\/uploads\/2025\/09\/01_Malaga_caminito_atardecer_WP01-300x200.webp 300w, https:\/\/www.escapadarural.com\/blog\/wp-content\/uploads\/2025\/09\/01_Malaga_caminito_atardecer_WP01-400x267.webp 400w, https:\/\/www.escapadarural.com\/blog\/wp-content\/uploads\/2025\/09\/01_Malaga_caminito_atardecer_WP01-600x400.webp 600w, https:\/\/www.escapadarural.com\/blog\/wp-content\/uploads\/2025\/09\/01_Malaga_caminito_atardecer_WP01-768x512.webp 768w, https:\/\/www.escapadarural.com\/blog\/wp-content\/uploads\/2025\/09\/01_Malaga_caminito_atardecer_WP01-800x533.webp 800w, https:\/\/www.escapadarural.com\/blog\/wp-content\/uploads\/2025\/09\/01_Malaga_caminito_atardecer_WP01-1024x683.webp 1024w, https:\/\/www.escapadarural.com\/blog\/wp-content\/uploads\/2025\/09\/01_Malaga_caminito_atardecer_WP01.webp 1200w\" sizes=\"auto, (max-width: 1200px) 100vw, 1200px\"><\/a><\/div><div class=\"ub-block-post-grid-text\" style=\"\"><div class=\"ub-block-post-grid-header-content\"><header class=\"ub-block-post-grid-header\"><h3 class=\"ub-block-post-grid-title\"><a style=\"\" href=\"https:\/\/www.escapadarural.com\/blog\/rutas-mas-populares-espana\/\" rel=\"bookmark\">Las rutas m\u00e1s deseadas de 2026 (y cu\u00e1ndo hacerlas sin masificaciones)\u00a0<\/a><\/h3><\/header><\/div><div class=\"ub-block-post-grid-excerpt\"><div class=\"ub-block-post-grid-excerpt-text\" style=\"\"><p>Estas son las rutas m\u00e1s buscadas por los viajeros, seg\u00fan datos de Google Trends. Aunque no siempre est\u00e1n masificadas, mira cu\u00e1ndo realizarlas<\/p>\n<\/div><\/div><\/div><\/article>\n<article id=\"post-214835\" class=\"ub-post-grid-item post-214835 post type-post status-publish format-standard has-post-thumbnail hentry category-alojamientos-rurales category-destinos tag-amigos tag-que-ver-en-asturias tag-que-ver-en-cadiz tag-casas-rurales tag-que-ver-en-cuenca tag-familia tag-que-ver-en-guadalajara tag-que-ver-en-huesca tag-que-ver-en-leon tag-listado tag-que-ver-en-lleida tag-mirador tag-miradores tag-pareja tag-que-ver-en-segovia tag-tenerife tag-vistas\" style=\"\"><div class=\"ub-block-post-grid-image\" style=\"\"><a href=\"https:\/\/www.escapadarural.com\/blog\/casas-rurales-mejores-vistas-a-monumentos\/\" rel=\"bookmark\" aria-hidden=\"true\" tabindex=\"-1\"><img loading=\"lazy\" decoding=\"async\" width=\"1920\" height=\"1280\" src=\"https:\/\/www.escapadarural.com\/blog\/wp-content\/uploads\/2026\/03\/El-Mirador-del-Castillo.jpg\" class=\"attachment-full size-full\" alt=\"Una casa de piedra cubierta de hiedra oto\u00f1al se alza en primer plano, con una colina rocosa y un castillo medieval encaramado en la cima al fondo, todo ello bajo un cielo azul despejado.\" style=\"max-width: 600px; \" srcset=\"https:\/\/www.escapadarural.com\/blog\/wp-content\/uploads\/2026\/03\/El-Mirador-del-Castillo-200x133.jpg 200w, https:\/\/www.escapadarural.com\/blog\/wp-content\/uploads\/2026\/03\/El-Mirador-del-Castillo-300x200.jpg 300w, https:\/\/www.escapadarural.com\/blog\/wp-content\/uploads\/2026\/03\/El-Mirador-del-Castillo-400x267.jpg 400w, https:\/\/www.escapadarural.com\/blog\/wp-content\/uploads\/2026\/03\/El-Mirador-del-Castillo-600x400.jpg 600w, https:\/\/www.escapadarural.com\/blog\/wp-content\/uploads\/2026\/03\/El-Mirador-del-Castillo-768x512.jpg 768w, https:\/\/www.escapadarural.com\/blog\/wp-content\/uploads\/2026\/03\/El-Mirador-del-Castillo-800x533.jpg 800w, https:\/\/www.escapadarural.com\/blog\/wp-content\/uploads\/2026\/03\/El-Mirador-del-Castillo-1024x683.jpg 1024w, https:\/\/www.escapadarural.com\/blog\/wp-content\/uploads\/2026\/03\/El-Mirador-del-Castillo-1200x800.jpg 1200w, https:\/\/www.escapadarural.com\/blog\/wp-content\/uploads\/2026\/03\/El-Mirador-del-Castillo-1536x1024.jpg 1536w, https:\/\/www.escapadarural.com\/blog\/wp-content\/uploads\/2026\/03\/El-Mirador-del-Castillo.jpg 1920w\" sizes=\"auto, (max-width: 1920px) 100vw, 1920px\"><\/a><\/div><div class=\"ub-block-post-grid-text\" style=\"\"><div class=\"ub-block-post-grid-header-content\"><header class=\"ub-block-post-grid-header\"><h3 class=\"ub-block-post-grid-title\"><a style=\"\" href=\"https:\/\/www.escapadarural.com\/blog\/casas-rurales-mejores-vistas-a-monumentos\/\" rel=\"bookmark\">Dormir con vistas a un castillo o frente a las M\u00e9dulas: lugares donde te sientes dentro del paisaje<\/a><\/h3><\/header><\/div><div class=\"ub-block-post-grid-excerpt\"><div class=\"ub-block-post-grid-excerpt-text\" style=\"\"><p>Castillos, monasterios, faros, monta\u00f1as emblem\u00e1ticas\u2026 te contamos d\u00f3nde alojarte para que cada ventana te transporte dentro del paisaje<\/p>\n<\/div><\/div><\/div><\/article>\n<article id=\"post-215945\" class=\"ub-post-grid-item post-215945 post type-post status-publish format-standard has-post-thumbnail hentry category-destinos tag-amigos tag-que-ver-en-asturias tag-que-ver-en-cantabria tag-familia tag-gran-canaria tag-que-ver-en-granada tag-historias-y-curiosidades tag-que-ver-en-huesca tag-que-ver-en-islas-baleares tag-listado tag-que-ver-en-lleida tag-que-ver-en-murcia tag-que-ver-en-navarra tag-que-ver-en-ourense tag-pareja tag-pueblos tag-que-ver-en-sevilla tag-que-ver-en-soria\" style=\"\"><div class=\"ub-block-post-grid-image\" style=\"\"><a href=\"https:\/\/www.escapadarural.com\/blog\/pueblos-impronunciables-de-espana\/\" rel=\"bookmark\" aria-hidden=\"true\" tabindex=\"-1\"><img loading=\"lazy\" decoding=\"async\" width=\"1280\" height=\"853\" src=\"https:\/\/www.escapadarural.com\/blog\/wp-content\/uploads\/2026\/03\/04_PueblosImpronunciables_Azpilkueta_Euskaldunaa.jpg\" class=\"attachment-full size-full\" alt=\"Entrada a Azpilkueta (Navarra).\" style=\"max-width: 600px; \" srcset=\"https:\/\/www.escapadarural.com\/blog\/wp-content\/uploads\/2026\/03\/04_PueblosImpronunciables_Azpilkueta_Euskaldunaa-200x133.jpg 200w, https:\/\/www.escapadarural.com\/blog\/wp-content\/uploads\/2026\/03\/04_PueblosImpronunciables_Azpilkueta_Euskaldunaa-300x200.jpg 300w, https:\/\/www.escapadarural.com\/blog\/wp-content\/uploads\/2026\/03\/04_PueblosImpronunciables_Azpilkueta_Euskaldunaa-400x267.jpg 400w, https:\/\/www.escapadarural.com\/blog\/wp-content\/uploads\/2026\/03\/04_PueblosImpronunciables_Azpilkueta_Euskaldunaa-600x400.jpg 600w, https:\/\/www.escapadarural.com\/blog\/wp-content\/uploads\/2026\/03\/04_PueblosImpronunciables_Azpilkueta_Euskaldunaa-768x512.jpg 768w, https:\/\/www.escapadarural.com\/blog\/wp-content\/uploads\/2026\/03\/04_PueblosImpronunciables_Azpilkueta_Euskaldunaa-800x533.jpg 800w, https:\/\/www.escapadarural.com\/blog\/wp-content\/uploads\/2026\/03\/04_PueblosImpronunciables_Azpilkueta_Euskaldunaa-1024x682.jpg 1024w, https:\/\/www.escapadarural.com\/blog\/wp-content\/uploads\/2026\/03\/04_PueblosImpronunciables_Azpilkueta_Euskaldunaa-1200x800.jpg 1200w, https:\/\/www.escapadarural.com\/blog\/wp-content\/uploads\/2026\/03\/04_PueblosImpronunciables_Azpilkueta_Euskaldunaa.jpg 1280w\" sizes=\"auto, (max-width: 1280px) 100vw, 1280px\"><\/a><\/div><div class=\"ub-block-post-grid-text\" style=\"\"><div class=\"ub-block-post-grid-header-content\"><header class=\"ub-block-post-grid-header\"><h3 class=\"ub-block-post-grid-title\"><a style=\"\" href=\"https:\/\/www.escapadarural.com\/blog\/pueblos-impronunciables-de-espana\/\" rel=\"bookmark\">Pueblos impronunciables de Espa\u00f1a (y por qu\u00e9 deber\u00edas visitarlos)<\/a><\/h3><\/header><\/div><div class=\"ub-block-post-grid-excerpt\"><div class=\"ub-block-post-grid-excerpt-text\" style=\"\"><p>Descubre pueblos impronunciables de Espa\u00f1a que pondr\u00e1n a prueba tu lengua\u2026 y te regalar\u00e1n escapadas rurales \u00fanicas entre monta\u00f1as, bosques y paisajes sorprendentes<\/p>\n<\/div><\/div><\/div><\/article>\n<article id=\"post-216190\" class=\"ub-post-grid-item post-216190 post type-post status-publish format-standard has-post-thumbnail hentry category-destinos tag-abril tag-que-ver-en-asturias tag-que-ver-en-caceres tag-que-ver-en-huesca tag-que-ver-en-leon tag-listado tag-lluvia tag-que-ver-en-navarra tag-que-ver-en-ourense tag-primavera tag-que-ver-en-tenerife tag-que-ver-en-vizcaya tag-que-ver-en-zaragoza\" style=\"\"><div class=\"ub-block-post-grid-image\" style=\"\"><a href=\"https:\/\/www.escapadarural.com\/blog\/escapadas-rurales-que-mejoran-con-lluvia\/\" rel=\"bookmark\" aria-hidden=\"true\" tabindex=\"-1\"><img loading=\"lazy\" decoding=\"async\" width=\"2048\" height=\"1367\" src=\"https:\/\/www.escapadarural.com\/blog\/wp-content\/uploads\/2026\/04\/00_PlanesLluvia_nellas_AdobeStock_297986431-scaled.jpeg\" class=\"attachment-full size-full\" alt=\"Hay veces que la lluvia es parte del plan.\" style=\"max-width: 600px; \" srcset=\"https:\/\/www.escapadarural.com\/blog\/wp-content\/uploads\/2026\/04\/00_PlanesLluvia_nellas_AdobeStock_297986431-200x134.jpeg 200w, https:\/\/www.escapadarural.com\/blog\/wp-content\/uploads\/2026\/04\/00_PlanesLluvia_nellas_AdobeStock_297986431-300x200.jpeg 300w, https:\/\/www.escapadarural.com\/blog\/wp-content\/uploads\/2026\/04\/00_PlanesLluvia_nellas_AdobeStock_297986431-400x267.jpeg 400w, https:\/\/www.escapadarural.com\/blog\/wp-content\/uploads\/2026\/04\/00_PlanesLluvia_nellas_AdobeStock_297986431-600x401.jpeg 600w, https:\/\/www.escapadarural.com\/blog\/wp-content\/uploads\/2026\/04\/00_PlanesLluvia_nellas_AdobeStock_297986431-768x513.jpeg 768w, https:\/\/www.escapadarural.com\/blog\/wp-content\/uploads\/2026\/04\/00_PlanesLluvia_nellas_AdobeStock_297986431-800x534.jpeg 800w, https:\/\/www.escapadarural.com\/blog\/wp-content\/uploads\/2026\/04\/00_PlanesLluvia_nellas_AdobeStock_297986431-1024x684.jpeg 1024w, https:\/\/www.escapadarural.com\/blog\/wp-content\/uploads\/2026\/04\/00_PlanesLluvia_nellas_AdobeStock_297986431-1200x801.jpeg 1200w, https:\/\/www.escapadarural.com\/blog\/wp-content\/uploads\/2026\/04\/00_PlanesLluvia_nellas_AdobeStock_297986431-1536x1025.jpeg 1536w, https:\/\/www.escapadarural.com\/blog\/wp-content\/uploads\/2026\/04\/00_PlanesLluvia_nellas_AdobeStock_297986431-scaled.jpeg 2048w\" sizes=\"auto, (max-width: 2048px) 100vw, 2048px\"><\/a><\/div><div class=\"ub-block-post-grid-text\" style=\"\"><div class=\"ub-block-post-grid-header-content\"><header class=\"ub-block-post-grid-header\"><h3 class=\"ub-block-post-grid-title\"><a style=\"\" href=\"https:\/\/www.escapadarural.com\/blog\/escapadas-rurales-que-mejoran-con-lluvia\/\" rel=\"bookmark\">Cuando la lluvia es el plan: escapadas rurales para un abril de aguas mil<\/a><\/h3><\/header><\/div><div class=\"ub-block-post-grid-excerpt\"><div class=\"ub-block-post-grid-excerpt-text\" style=\"\"><p>Que llueva no arruina el viaje, lo provoca: escapadas rurales para disfrutar de abril cuando el agua forma parte del plan<\/p>\n<\/div><\/div><\/div><\/article>\n<article id=\"post-214136\" class=\"ub-post-grid-item post-214136 post type-post status-publish format-standard has-post-thumbnail hentry category-arte-y-cultura category-destinos tag-bardenas-reales tag-belmonte tag-que-ver-en-cuenca tag-familia tag-que-ver-en-huelva tag-que-ver-en-huesca tag-lanzarote tag-listado tag-que-ver-en-malaga tag-que-ver-en-navarra tag-nerja tag-pareja tag-peliculas tag-riotinto tag-que-ver-en-vizcaya\" style=\"\"><div class=\"ub-block-post-grid-image\" style=\"\"><a href=\"https:\/\/www.escapadarural.com\/blog\/lugares-espana-estetica-videojuego-super-mario\/\" rel=\"bookmark\" aria-hidden=\"true\" tabindex=\"-1\"><img loading=\"lazy\" decoding=\"async\" width=\"2048\" height=\"1117\" src=\"https:\/\/www.escapadarural.com\/blog\/wp-content\/uploads\/2026\/02\/Gemini_Generated_Image_9reezr9reezr9ree-scaled.png\" class=\"attachment-full size-full\" alt=\"Imagen creada con IA basada en la imagen real de las Bardenas Reales (Navarra)\" style=\"max-width: 600px; \" srcset=\"https:\/\/www.escapadarural.com\/blog\/wp-content\/uploads\/2026\/02\/Gemini_Generated_Image_9reezr9reezr9ree-200x109.png 200w, https:\/\/www.escapadarural.com\/blog\/wp-content\/uploads\/2026\/02\/Gemini_Generated_Image_9reezr9reezr9ree-300x164.png 300w, https:\/\/www.escapadarural.com\/blog\/wp-content\/uploads\/2026\/02\/Gemini_Generated_Image_9reezr9reezr9ree-400x218.png 400w, https:\/\/www.escapadarural.com\/blog\/wp-content\/uploads\/2026\/02\/Gemini_Generated_Image_9reezr9reezr9ree-600x327.png 600w, https:\/\/www.escapadarural.com\/blog\/wp-content\/uploads\/2026\/02\/Gemini_Generated_Image_9reezr9reezr9ree-768x419.png 768w, https:\/\/www.escapadarural.com\/blog\/wp-content\/uploads\/2026\/02\/Gemini_Generated_Image_9reezr9reezr9ree-800x436.png 800w, https:\/\/www.escapadarural.com\/blog\/wp-content\/uploads\/2026\/02\/Gemini_Generated_Image_9reezr9reezr9ree-1024x559.png 1024w, https:\/\/www.escapadarural.com\/blog\/wp-content\/uploads\/2026\/02\/Gemini_Generated_Image_9reezr9reezr9ree-1200x655.png 1200w, https:\/\/www.escapadarural.com\/blog\/wp-content\/uploads\/2026\/02\/Gemini_Generated_Image_9reezr9reezr9ree-1536x838.png 1536w, https:\/\/www.escapadarural.com\/blog\/wp-content\/uploads\/2026\/02\/Gemini_Generated_Image_9reezr9reezr9ree-scaled.png 2048w\" sizes=\"auto, (max-width: 2048px) 100vw, 2048px\"><\/a><\/div><div class=\"ub-block-post-grid-text\" style=\"\"><div class=\"ub-block-post-grid-header-content\"><header class=\"ub-block-post-grid-header\"><h3 class=\"ub-block-post-grid-title\"><a style=\"\" href=\"https:\/\/www.escapadarural.com\/blog\/lugares-espana-estetica-videojuego-super-mario\/\" rel=\"bookmark\">\u00a1Nuevo nivel desbloqueado! Estos lugares de Espa\u00f1a parecen pantallas de Super Mario \ud83c\udfae<\/a><\/h3><\/header><\/div><div class=\"ub-block-post-grid-excerpt\"><div class=\"ub-block-post-grid-excerpt-text\" style=\"\"><p>Here we go! Desiertos, lava, castillos\u2026 Estos lugares de la Espa\u00f1a rural son como el videojuego de Super Mario.<\/p>\n<\/div><\/div><\/div><\/article>\n<article id=\"post-214921\" class=\"ub-post-grid-item post-214921 post type-post status-publish format-standard has-post-thumbnail hentry category-arte-y-cultura category-destinos tag-que-ver-en-albacete tag-que-ver-en-asturias tag-que-ver-en-avila tag-que-ver-en-barcelona tag-familia tag-que-ver-en-galicia tag-que-ver-en-huesca tag-que-ver-en-la-rioja tag-listado tag-musica tag-pareja tag-que-ver-en-sevilla tag-que-ver-en-toledo tag-videoclips tag-que-ver-en-zamora tag-que-ver-en-zaragoza\" style=\"\"><div class=\"ub-block-post-grid-image\" style=\"\"><a href=\"https:\/\/www.escapadarural.com\/blog\/pueblos-paisajes-espana-rural-videoclips\/\" rel=\"bookmark\" aria-hidden=\"true\" tabindex=\"-1\"><img loading=\"lazy\" decoding=\"async\" width=\"1920\" height=\"1280\" src=\"https:\/\/www.escapadarural.com\/blog\/wp-content\/uploads\/2021\/06\/barrancas-4832627_1920.jpg\" class=\"attachment-full size-full\" alt=\"Barrancas de Buruj\u00f3n\" style=\"max-width: 600px; \" srcset=\"https:\/\/www.escapadarural.com\/blog\/wp-content\/uploads\/2021\/06\/barrancas-4832627_1920-200x133.jpg 200w, https:\/\/www.escapadarural.com\/blog\/wp-content\/uploads\/2021\/06\/barrancas-4832627_1920-300x200.jpg 300w, https:\/\/www.escapadarural.com\/blog\/wp-content\/uploads\/2021\/06\/barrancas-4832627_1920-400x267.jpg 400w, https:\/\/www.escapadarural.com\/blog\/wp-content\/uploads\/2021\/06\/barrancas-4832627_1920-600x400.jpg 600w, https:\/\/www.escapadarural.com\/blog\/wp-content\/uploads\/2021\/06\/barrancas-4832627_1920-768x512.jpg 768w, https:\/\/www.escapadarural.com\/blog\/wp-content\/uploads\/2021\/06\/barrancas-4832627_1920-800x533.jpg 800w, https:\/\/www.escapadarural.com\/blog\/wp-content\/uploads\/2021\/06\/barrancas-4832627_1920-1024x683.jpg 1024w, https:\/\/www.escapadarural.com\/blog\/wp-content\/uploads\/2021\/06\/barrancas-4832627_1920-1200x800.jpg 1200w, https:\/\/www.escapadarural.com\/blog\/wp-content\/uploads\/2021\/06\/barrancas-4832627_1920-1536x1024.jpg 1536w, https:\/\/www.escapadarural.com\/blog\/wp-content\/uploads\/2021\/06\/barrancas-4832627_1920.jpg 1920w\" sizes=\"auto, (max-width: 1920px) 100vw, 1920px\"><\/a><\/div><div class=\"ub-block-post-grid-text\" style=\"\"><div class=\"ub-block-post-grid-header-content\"><header class=\"ub-block-post-grid-header\"><h3 class=\"ub-block-post-grid-title\"><a style=\"\" href=\"https:\/\/www.escapadarural.com\/blog\/pueblos-paisajes-espana-rural-videoclips\/\" rel=\"bookmark\">Escapada musical: un recorrido por pueblos y paisajes de la Espa\u00f1a rural a trav\u00e9s de videoclips<\/a><\/h3><\/header><\/div><div class=\"ub-block-post-grid-excerpt\"><div class=\"ub-block-post-grid-excerpt-text\" style=\"\"><p>De Carmona a Los Monegros: descubre pueblos y paisajes rurales de Espa\u00f1a que han aparecido en videoclips de artistas como Spandau Ballet, Mal\u00fa o Manuel Carrasco<\/p>\n<\/div><\/div><\/div><\/article>\n<article id=\"post-214400\" class=\"ub-post-grid-item post-214400 post type-post status-publish format-standard has-post-thumbnail hentry category-rutas-y-excursiones tag-que-ver-en-a-coruna tag-agua tag-que-ver-en-alava tag-que-ver-en-asturias tag-que-ver-en-avila tag-que-ver-en-cordoba tag-dia-mundial-del-agua tag-familia tag-que-ver-en-huesca tag-listado tag-que-ver-en-navarra tag-pareja tag-senderismo\" style=\"\"><div class=\"ub-block-post-grid-image\" style=\"\"><a href=\"https:\/\/www.escapadarural.com\/blog\/rutas-del-agua-familiares-para-celebrar-su-dia-mundial\/\" rel=\"bookmark\" aria-hidden=\"true\" tabindex=\"-1\"><img loading=\"lazy\" decoding=\"async\" width=\"1056\" height=\"704\" src=\"https:\/\/www.escapadarural.com\/blog\/wp-content\/uploads\/2026\/03\/01_RutasAgua_Zas_FervenzaBudian_TurismoGalicia.jpg\" class=\"attachment-full size-full\" alt=\"Fervenza (cascada) de Budian, en la Ruta del Agua de Zas (A Coru\u00f1a).\" style=\"max-width: 600px; \" srcset=\"https:\/\/www.escapadarural.com\/blog\/wp-content\/uploads\/2026\/03\/01_RutasAgua_Zas_FervenzaBudian_TurismoGalicia-200x133.jpg 200w, https:\/\/www.escapadarural.com\/blog\/wp-content\/uploads\/2026\/03\/01_RutasAgua_Zas_FervenzaBudian_TurismoGalicia-300x200.jpg 300w, https:\/\/www.escapadarural.com\/blog\/wp-content\/uploads\/2026\/03\/01_RutasAgua_Zas_FervenzaBudian_TurismoGalicia-400x267.jpg 400w, https:\/\/www.escapadarural.com\/blog\/wp-content\/uploads\/2026\/03\/01_RutasAgua_Zas_FervenzaBudian_TurismoGalicia-600x400.jpg 600w, https:\/\/www.escapadarural.com\/blog\/wp-content\/uploads\/2026\/03\/01_RutasAgua_Zas_FervenzaBudian_TurismoGalicia-768x512.jpg 768w, https:\/\/www.escapadarural.com\/blog\/wp-content\/uploads\/2026\/03\/01_RutasAgua_Zas_FervenzaBudian_TurismoGalicia-800x533.jpg 800w, https:\/\/www.escapadarural.com\/blog\/wp-content\/uploads\/2026\/03\/01_RutasAgua_Zas_FervenzaBudian_TurismoGalicia-1024x683.jpg 1024w, https:\/\/www.escapadarural.com\/blog\/wp-content\/uploads\/2026\/03\/01_RutasAgua_Zas_FervenzaBudian_TurismoGalicia.jpg 1056w\" sizes=\"auto, (max-width: 1056px) 100vw, 1056px\"><\/a><\/div><div class=\"ub-block-post-grid-text\" style=\"\"><div class=\"ub-block-post-grid-header-content\"><header class=\"ub-block-post-grid-header\"><h3 class=\"ub-block-post-grid-title\"><a style=\"\" href=\"https:\/\/www.escapadarural.com\/blog\/rutas-del-agua-familiares-para-celebrar-su-dia-mundial\/\" rel=\"bookmark\">Rutas del Agua familiares para celebrar su D\u00eda Mundial: paseos sencillos entre r\u00edos, molinos y bosques<\/a><\/h3><\/header><\/div><div class=\"ub-block-post-grid-excerpt\"><div class=\"ub-block-post-grid-excerpt-text\" style=\"\"><p>Descubre siete rutas ideales para celebrar el D\u00eda Mundial del Agua: paseos f\u00e1ciles junto a r\u00edos, cascadas, molinos y bosques, perfectos para una escapada en familia<\/p>\n<\/div><\/div><\/div><\/article>\n<\/div><\/section>","protected":false},"excerpt":{"rendered":"<p>A principios de esta semana, las autoridades del Parque Nacional Ordesa y Monte Perdido, en Huesca, alertaban de que la popular cascada de Soaso se estaba quedando sin caudal. Una terrible tragedia que, inesperadamente, ha ido a m\u00e1s en los \u00faltimos d\u00edas hasta que el salto se ha quedado completamente seco.<\/p>\n","protected":false},"author":89,"featured_media":103888,"comment_status":"open","ping_status":"closed","sticky":false,"template":"","format":"standard","meta":{"_acf_changed":false,"om_disable_all_campaigns":false,"footnotes":""},"categories":[390],"tags":[260,377,296,678,704,257],"class_list":["post-10668","post","type-post","status-publish","format-standard","has-post-thumbnail","hentry","category-noticias","tag-articulo","tag-cascadas","tag-que-ver-en-huesca","tag-inocentada","tag-ordesa-y-monte-perdido","tag-primavera"],"acf":[],"featured_image_src":"https:\/\/www.escapadarural.com\/blog\/wp-content\/uploads\/2024\/10\/quepasoconlacascada-1.jpg","author_info":{"display_name":"Laura Fern\u00e1ndez","author_link":"https:\/\/www.escapadarural.com\/blog\/autor\/laura\/"},"yoast_head":"<!-- This site is optimized with the Yoast SEO plugin v27.5 - https:\/\/yoast.com\/product\/yoast-seo-wordpress\/ -->\n<title>La famosa cascada Cola de Caballo de Ordesa se ha secado - EscapadaRural<\/title>\n<meta name=\"robots\" content=\"index, follow, max-snippet:-1, max-image-preview:large, max-video-preview:-1\" \/>\n<link rel=\"canonical\" href=\"https:\/\/www.escapadarural.com\/blog\/la-famosa-cascada-cola-de-caballo-de-ordesa-se-ha-secado\/\" \/>\n<meta property=\"og:locale\" content=\"es_ES\" \/>\n<meta property=\"og:type\" content=\"article\" \/>\n<meta property=\"og:title\" content=\"La famosa cascada Cola de Caballo de Ordesa se ha secado - EscapadaRural\" \/>\n<meta property=\"og:description\" content=\"A principios de esta semana, las autoridades del Parque Nacional Ordesa y Monte Perdido, en Huesca, alertaban de que la popular cascada de Soaso se estaba quedando sin caudal. Una terrible tragedia que, inesperadamente, ha ido a m\u00e1s en los \u00faltimos d\u00edas hasta que el salto se ha quedado completamente seco.\" \/>\n<meta property=\"og:url\" content=\"https:\/\/www.escapadarural.com\/blog\/la-famosa-cascada-cola-de-caballo-de-ordesa-se-ha-secado\/\" \/>\n<meta property=\"og:site_name\" content=\"Magazine de viajes de EscapadaRural\" \/>\n<meta property=\"article:publisher\" content=\"https:\/\/www.facebook.com\/escapadarural\" \/>\n<meta property=\"article:published_time\" content=\"2018-12-28T08:01:03+00:00\" \/>\n<meta property=\"article:modified_time\" content=\"2026-02-05T13:19:03+00:00\" \/>\n<meta property=\"og:image\" content=\"https:\/\/www.escapadarural.com\/blog\/wp-content\/uploads\/2024\/10\/quepasoconlacascada-1.jpg\" \/>\n\t<meta property=\"og:image:width\" content=\"1024\" \/>\n\t<meta property=\"og:image:height\" content=\"682\" \/>\n\t<meta property=\"og:image:type\" content=\"image\/jpeg\" \/>\n<meta name=\"author\" content=\"Laura Fern\u00e1ndez\" \/>\n<meta name=\"twitter:card\" content=\"summary_large_image\" \/>\n<meta name=\"twitter:label1\" content=\"Escrito por\" \/>\n\t<meta name=\"twitter:data1\" content=\"Laura Fern\u00e1ndez\" \/>\n\t<meta name=\"twitter:label2\" content=\"Tiempo de lectura\" \/>\n\t<meta name=\"twitter:data2\" content=\"4 minutos\" \/>\n<script type=\"application\/ld+json\" class=\"yoast-schema-graph\">{\"@context\":\"https:\\\/\\\/schema.org\",\"@graph\":[{\"@type\":\"Article\",\"@id\":\"https:\\\/\\\/www.escapadarural.com\\\/blog\\\/la-famosa-cascada-cola-de-caballo-de-ordesa-se-ha-secado\\\/#article\",\"isPartOf\":{\"@id\":\"https:\\\/\\\/www.escapadarural.com\\\/blog\\\/la-famosa-cascada-cola-de-caballo-de-ordesa-se-ha-secado\\\/\"},\"author\":{\"name\":\"Laura Fern\u00e1ndez\",\"@id\":\"https:\\\/\\\/www.escapadarural.com\\\/blog\\\/#\\\/schema\\\/person\\\/a9b46ae4d047d8a2c719f31e75206cff\"},\"headline\":\"La famosa cascada Cola de Caballo de Ordesa se ha secado\",\"datePublished\":\"2018-12-28T08:01:03+00:00\",\"dateModified\":\"2026-02-05T13:19:03+00:00\",\"mainEntityOfPage\":{\"@id\":\"https:\\\/\\\/www.escapadarural.com\\\/blog\\\/la-famosa-cascada-cola-de-caballo-de-ordesa-se-ha-secado\\\/\"},\"wordCount\":691,\"commentCount\":1,\"publisher\":{\"@id\":\"https:\\\/\\\/www.escapadarural.com\\\/blog\\\/#organization\"},\"image\":{\"@id\":\"https:\\\/\\\/www.escapadarural.com\\\/blog\\\/la-famosa-cascada-cola-de-caballo-de-ordesa-se-ha-secado\\\/#primaryimage\"},\"thumbnailUrl\":\"https:\\\/\\\/www.escapadarural.com\\\/blog\\\/wp-content\\\/uploads\\\/2024\\\/10\\\/quepasoconlacascada-1.jpg\",\"keywords\":[\"art\u00edculo\",\"Cascadas\",\"Huesca\",\"inocentada\",\"Ordesa y Monte Perdido\",\"Primavera\"],\"articleSection\":[\"Noticias\"],\"inLanguage\":\"es\",\"potentialAction\":[{\"@type\":\"CommentAction\",\"name\":\"Comment\",\"target\":[\"https:\\\/\\\/www.escapadarural.com\\\/blog\\\/la-famosa-cascada-cola-de-caballo-de-ordesa-se-ha-secado\\\/#respond\"]}]},{\"@type\":\"WebPage\",\"@id\":\"https:\\\/\\\/www.escapadarural.com\\\/blog\\\/la-famosa-cascada-cola-de-caballo-de-ordesa-se-ha-secado\\\/\",\"url\":\"https:\\\/\\\/www.escapadarural.com\\\/blog\\\/la-famosa-cascada-cola-de-caballo-de-ordesa-se-ha-secado\\\/\",\"name\":\"La famosa cascada Cola de Caballo de Ordesa se ha secado - EscapadaRural\",\"isPartOf\":{\"@id\":\"https:\\\/\\\/www.escapadarural.com\\\/blog\\\/#website\"},\"primaryImageOfPage\":{\"@id\":\"https:\\\/\\\/www.escapadarural.com\\\/blog\\\/la-famosa-cascada-cola-de-caballo-de-ordesa-se-ha-secado\\\/#primaryimage\"},\"image\":{\"@id\":\"https:\\\/\\\/www.escapadarural.com\\\/blog\\\/la-famosa-cascada-cola-de-caballo-de-ordesa-se-ha-secado\\\/#primaryimage\"},\"thumbnailUrl\":\"https:\\\/\\\/www.escapadarural.com\\\/blog\\\/wp-content\\\/uploads\\\/2024\\\/10\\\/quepasoconlacascada-1.jpg\",\"datePublished\":\"2018-12-28T08:01:03+00:00\",\"dateModified\":\"2026-02-05T13:19:03+00:00\",\"breadcrumb\":{\"@id\":\"https:\\\/\\\/www.escapadarural.com\\\/blog\\\/la-famosa-cascada-cola-de-caballo-de-ordesa-se-ha-secado\\\/#breadcrumb\"},\"inLanguage\":\"es\",\"potentialAction\":[{\"@type\":\"ReadAction\",\"target\":[\"https:\\\/\\\/www.escapadarural.com\\\/blog\\\/la-famosa-cascada-cola-de-caballo-de-ordesa-se-ha-secado\\\/\"]}]},{\"@type\":\"ImageObject\",\"inLanguage\":\"es\",\"@id\":\"https:\\\/\\\/www.escapadarural.com\\\/blog\\\/la-famosa-cascada-cola-de-caballo-de-ordesa-se-ha-secado\\\/#primaryimage\",\"url\":\"https:\\\/\\\/www.escapadarural.com\\\/blog\\\/wp-content\\\/uploads\\\/2024\\\/10\\\/quepasoconlacascada-1.jpg\",\"contentUrl\":\"https:\\\/\\\/www.escapadarural.com\\\/blog\\\/wp-content\\\/uploads\\\/2024\\\/10\\\/quepasoconlacascada-1.jpg\",\"width\":1024,\"height\":682,\"caption\":\"Empinados acantilados rocosos cubiertos de parches de exuberante hierba verde y musgo, con un estrecho sendero serpenteando a trav\u00e9s del escarpado paisaje bajo un cielo parcialmente nublado.\"},{\"@type\":\"BreadcrumbList\",\"@id\":\"https:\\\/\\\/www.escapadarural.com\\\/blog\\\/la-famosa-cascada-cola-de-caballo-de-ordesa-se-ha-secado\\\/#breadcrumb\",\"itemListElement\":[{\"@type\":\"ListItem\",\"position\":1,\"name\":\"Inicio\",\"item\":\"https:\\\/\\\/www.escapadarural.com\\\/blog\\\/\"},{\"@type\":\"ListItem\",\"position\":2,\"name\":\"Noticias\",\"item\":\"https:\\\/\\\/www.escapadarural.com\\\/blog\\\/categoria\\\/noticias\\\/\"},{\"@type\":\"ListItem\",\"position\":3,\"name\":\"La famosa cascada Cola de Caballo de Ordesa se ha secado\"}]},{\"@type\":\"WebSite\",\"@id\":\"https:\\\/\\\/www.escapadarural.com\\\/blog\\\/#website\",\"url\":\"https:\\\/\\\/www.escapadarural.com\\\/blog\\\/\",\"name\":\"Blog de viajes | turismo rural, alojamientos e inspiraci\u00f3n\",\"description\":\"Alojamientos rurales e inspiraci\u00f3n para tus escapadas\",\"publisher\":{\"@id\":\"https:\\\/\\\/www.escapadarural.com\\\/blog\\\/#organization\"},\"alternateName\":\"Magazine de viajes de EscapadaRural\",\"potentialAction\":[{\"@type\":\"SearchAction\",\"target\":{\"@type\":\"EntryPoint\",\"urlTemplate\":\"https:\\\/\\\/www.escapadarural.com\\\/blog\\\/?s={search_term_string}\"},\"query-input\":{\"@type\":\"PropertyValueSpecification\",\"valueRequired\":true,\"valueName\":\"search_term_string\"}}],\"inLanguage\":\"es\"},{\"@type\":\"Organization\",\"@id\":\"https:\\\/\\\/www.escapadarural.com\\\/blog\\\/#organization\",\"name\":\"EscapadaRural\",\"url\":\"https:\\\/\\\/www.escapadarural.com\\\/blog\\\/\",\"logo\":{\"@type\":\"ImageObject\",\"inLanguage\":\"es\",\"@id\":\"https:\\\/\\\/www.escapadarural.com\\\/blog\\\/#\\\/schema\\\/logo\\\/image\\\/\",\"url\":\"https:\\\/\\\/www.escapadarural.com\\\/blog\\\/wp-content\\\/uploads\\\/2024\\\/10\\\/cropped-cropped-escapada-rural-icon-mag-3.png\",\"contentUrl\":\"https:\\\/\\\/www.escapadarural.com\\\/blog\\\/wp-content\\\/uploads\\\/2024\\\/10\\\/cropped-cropped-escapada-rural-icon-mag-3.png\",\"width\":512,\"height\":512,\"caption\":\"EscapadaRural\"},\"image\":{\"@id\":\"https:\\\/\\\/www.escapadarural.com\\\/blog\\\/#\\\/schema\\\/logo\\\/image\\\/\"},\"sameAs\":[\"https:\\\/\\\/www.facebook.com\\\/escapadarural\",\"https:\\\/\\\/www.instagram.com\\\/escapadarural\\\/\",\"https:\\\/\\\/www.youtube.com\\\/@escapadaruralcom\"]},{\"@type\":\"Person\",\"@id\":\"https:\\\/\\\/www.escapadarural.com\\\/blog\\\/#\\\/schema\\\/person\\\/a9b46ae4d047d8a2c719f31e75206cff\",\"name\":\"Laura Fern\u00e1ndez\",\"image\":{\"@type\":\"ImageObject\",\"inLanguage\":\"es\",\"@id\":\"https:\\\/\\\/www.escapadarural.com\\\/blog\\\/wp-content\\\/uploads\\\/2025\\\/01\\\/cropped-laura_raponchii-96x96.jpg\",\"url\":\"https:\\\/\\\/www.escapadarural.com\\\/blog\\\/wp-content\\\/uploads\\\/2025\\\/01\\\/cropped-laura_raponchii-96x96.jpg\",\"contentUrl\":\"https:\\\/\\\/www.escapadarural.com\\\/blog\\\/wp-content\\\/uploads\\\/2025\\\/01\\\/cropped-laura_raponchii-96x96.jpg\",\"caption\":\"Laura Fern\u00e1ndez\"},\"description\":\"Periodista, blogger y viajera. No necesariamente en ese orden. En ocasiones me despierto sin saber d\u00f3nde estoy. Adicta a los c\u00f3mics y a los noodles con salsa de cacahuete. Redactora en @escapadarural, colaboradora en la Conde Nast Traveler y en la Divinity. Mi casa: Meridiano180.\",\"sameAs\":[\"http:\\\/\\\/www.meridiano180.com\\\/\"],\"url\":\"https:\\\/\\\/www.escapadarural.com\\\/blog\\\/autor\\\/laura\\\/\"}]}<\/script>\n<!-- \/ Yoast SEO plugin. -->","yoast_head_json":{"title":"La famosa cascada Cola de Caballo de Ordesa se ha secado - EscapadaRural","robots":{"index":"index","follow":"follow","max-snippet":"max-snippet:-1","max-image-preview":"max-image-preview:large","max-video-preview":"max-video-preview:-1"},"canonical":"https:\/\/www.escapadarural.com\/blog\/la-famosa-cascada-cola-de-caballo-de-ordesa-se-ha-secado\/","og_locale":"es_ES","og_type":"article","og_title":"La famosa cascada Cola de Caballo de Ordesa se ha secado - EscapadaRural","og_description":"A principios de esta semana, las autoridades del Parque Nacional Ordesa y Monte Perdido, en Huesca, alertaban de que la popular cascada de Soaso se estaba quedando sin caudal. Una terrible tragedia que, inesperadamente, ha ido a m\u00e1s en los \u00faltimos d\u00edas hasta que el salto se ha quedado completamente seco.","og_url":"https:\/\/www.escapadarural.com\/blog\/la-famosa-cascada-cola-de-caballo-de-ordesa-se-ha-secado\/","og_site_name":"Magazine de viajes de EscapadaRural","article_publisher":"https:\/\/www.facebook.com\/escapadarural","article_published_time":"2018-12-28T08:01:03+00:00","article_modified_time":"2026-02-05T13:19:03+00:00","og_image":[{"width":1024,"height":682,"url":"https:\/\/www.escapadarural.com\/blog\/wp-content\/uploads\/2024\/10\/quepasoconlacascada-1.jpg","type":"image\/jpeg"}],"author":"Laura Fern\u00e1ndez","twitter_card":"summary_large_image","twitter_misc":{"Escrito por":"Laura Fern\u00e1ndez","Tiempo de lectura":"4 minutos"},"schema":{"@context":"https:\/\/schema.org","@graph":[{"@type":"Article","@id":"https:\/\/www.escapadarural.com\/blog\/la-famosa-cascada-cola-de-caballo-de-ordesa-se-ha-secado\/#article","isPartOf":{"@id":"https:\/\/www.escapadarural.com\/blog\/la-famosa-cascada-cola-de-caballo-de-ordesa-se-ha-secado\/"},"author":{"name":"Laura Fern\u00e1ndez","@id":"https:\/\/www.escapadarural.com\/blog\/#\/schema\/person\/a9b46ae4d047d8a2c719f31e75206cff"},"headline":"La famosa cascada Cola de Caballo de Ordesa se ha secado","datePublished":"2018-12-28T08:01:03+00:00","dateModified":"2026-02-05T13:19:03+00:00","mainEntityOfPage":{"@id":"https:\/\/www.escapadarural.com\/blog\/la-famosa-cascada-cola-de-caballo-de-ordesa-se-ha-secado\/"},"wordCount":691,"commentCount":1,"publisher":{"@id":"https:\/\/www.escapadarural.com\/blog\/#organization"},"image":{"@id":"https:\/\/www.escapadarural.com\/blog\/la-famosa-cascada-cola-de-caballo-de-ordesa-se-ha-secado\/#primaryimage"},"thumbnailUrl":"https:\/\/www.escapadarural.com\/blog\/wp-content\/uploads\/2024\/10\/quepasoconlacascada-1.jpg","keywords":["art\u00edculo","Cascadas","Huesca","inocentada","Ordesa y Monte Perdido","Primavera"],"articleSection":["Noticias"],"inLanguage":"es","potentialAction":[{"@type":"CommentAction","name":"Comment","target":["https:\/\/www.escapadarural.com\/blog\/la-famosa-cascada-cola-de-caballo-de-ordesa-se-ha-secado\/#respond"]}]},{"@type":"WebPage","@id":"https:\/\/www.escapadarural.com\/blog\/la-famosa-cascada-cola-de-caballo-de-ordesa-se-ha-secado\/","url":"https:\/\/www.escapadarural.com\/blog\/la-famosa-cascada-cola-de-caballo-de-ordesa-se-ha-secado\/","name":"La famosa cascada Cola de Caballo de Ordesa se ha secado - EscapadaRural","isPartOf":{"@id":"https:\/\/www.escapadarural.com\/blog\/#website"},"primaryImageOfPage":{"@id":"https:\/\/www.escapadarural.com\/blog\/la-famosa-cascada-cola-de-caballo-de-ordesa-se-ha-secado\/#primaryimage"},"image":{"@id":"https:\/\/www.escapadarural.com\/blog\/la-famosa-cascada-cola-de-caballo-de-ordesa-se-ha-secado\/#primaryimage"},"thumbnailUrl":"https:\/\/www.escapadarural.com\/blog\/wp-content\/uploads\/2024\/10\/quepasoconlacascada-1.jpg","datePublished":"2018-12-28T08:01:03+00:00","dateModified":"2026-02-05T13:19:03+00:00","breadcrumb":{"@id":"https:\/\/www.escapadarural.com\/blog\/la-famosa-cascada-cola-de-caballo-de-ordesa-se-ha-secado\/#breadcrumb"},"inLanguage":"es","potentialAction":[{"@type":"ReadAction","target":["https:\/\/www.escapadarural.com\/blog\/la-famosa-cascada-cola-de-caballo-de-ordesa-se-ha-secado\/"]}]},{"@type":"ImageObject","inLanguage":"es","@id":"https:\/\/www.escapadarural.com\/blog\/la-famosa-cascada-cola-de-caballo-de-ordesa-se-ha-secado\/#primaryimage","url":"https:\/\/www.escapadarural.com\/blog\/wp-content\/uploads\/2024\/10\/quepasoconlacascada-1.jpg","contentUrl":"https:\/\/www.escapadarural.com\/blog\/wp-content\/uploads\/2024\/10\/quepasoconlacascada-1.jpg","width":1024,"height":682,"caption":"Empinados acantilados rocosos cubiertos de parches de exuberante hierba verde y musgo, con un estrecho sendero serpenteando a trav\u00e9s del escarpado paisaje bajo un cielo parcialmente nublado."},{"@type":"BreadcrumbList","@id":"https:\/\/www.escapadarural.com\/blog\/la-famosa-cascada-cola-de-caballo-de-ordesa-se-ha-secado\/#breadcrumb","itemListElement":[{"@type":"ListItem","position":1,"name":"Inicio","item":"https:\/\/www.escapadarural.com\/blog\/"},{"@type":"ListItem","position":2,"name":"Noticias","item":"https:\/\/www.escapadarural.com\/blog\/categoria\/noticias\/"},{"@type":"ListItem","position":3,"name":"La famosa cascada Cola de Caballo de Ordesa se ha secado"}]},{"@type":"WebSite","@id":"https:\/\/www.escapadarural.com\/blog\/#website","url":"https:\/\/www.escapadarural.com\/blog\/","name":"Blog de viajes | turismo rural, alojamientos e inspiraci\u00f3n","description":"Alojamientos rurales e inspiraci\u00f3n para tus escapadas","publisher":{"@id":"https:\/\/www.escapadarural.com\/blog\/#organization"},"alternateName":"Magazine de viajes de EscapadaRural","potentialAction":[{"@type":"SearchAction","target":{"@type":"EntryPoint","urlTemplate":"https:\/\/www.escapadarural.com\/blog\/?s={search_term_string}"},"query-input":{"@type":"PropertyValueSpecification","valueRequired":true,"valueName":"search_term_string"}}],"inLanguage":"es"},{"@type":"Organization","@id":"https:\/\/www.escapadarural.com\/blog\/#organization","name":"EscapadaRural","url":"https:\/\/www.escapadarural.com\/blog\/","logo":{"@type":"ImageObject","inLanguage":"es","@id":"https:\/\/www.escapadarural.com\/blog\/#\/schema\/logo\/image\/","url":"https:\/\/www.escapadarural.com\/blog\/wp-content\/uploads\/2024\/10\/cropped-cropped-escapada-rural-icon-mag-3.png","contentUrl":"https:\/\/www.escapadarural.com\/blog\/wp-content\/uploads\/2024\/10\/cropped-cropped-escapada-rural-icon-mag-3.png","width":512,"height":512,"caption":"EscapadaRural"},"image":{"@id":"https:\/\/www.escapadarural.com\/blog\/#\/schema\/logo\/image\/"},"sameAs":["https:\/\/www.facebook.com\/escapadarural","https:\/\/www.instagram.com\/escapadarural\/","https:\/\/www.youtube.com\/@escapadaruralcom"]},{"@type":"Person","@id":"https:\/\/www.escapadarural.com\/blog\/#\/schema\/person\/a9b46ae4d047d8a2c719f31e75206cff","name":"Laura Fern\u00e1ndez","image":{"@type":"ImageObject","inLanguage":"es","@id":"https:\/\/www.escapadarural.com\/blog\/wp-content\/uploads\/2025\/01\/cropped-laura_raponchii-96x96.jpg","url":"https:\/\/www.escapadarural.com\/blog\/wp-content\/uploads\/2025\/01\/cropped-laura_raponchii-96x96.jpg","contentUrl":"https:\/\/www.escapadarural.com\/blog\/wp-content\/uploads\/2025\/01\/cropped-laura_raponchii-96x96.jpg","caption":"Laura Fern\u00e1ndez"},"description":"Periodista, blogger y viajera. No necesariamente en ese orden. En ocasiones me despierto sin saber d\u00f3nde estoy. Adicta a los c\u00f3mics y a los noodles con salsa de cacahuete. Redactora en @escapadarural, colaboradora en la Conde Nast Traveler y en la Divinity. Mi casa: Meridiano180.","sameAs":["http:\/\/www.meridiano180.com\/"],"url":"https:\/\/www.escapadarural.com\/blog\/autor\/laura\/"}]}},"_links":{"self":[{"href":"https:\/\/www.escapadarural.com\/blog\/wp-json\/wp\/v2\/posts\/10668","targetHints":{"allow":["GET"]}}],"collection":[{"href":"https:\/\/www.escapadarural.com\/blog\/wp-json\/wp\/v2\/posts"}],"about":[{"href":"https:\/\/www.escapadarural.com\/blog\/wp-json\/wp\/v2\/types\/post"}],"author":[{"embeddable":true,"href":"https:\/\/www.escapadarural.com\/blog\/wp-json\/wp\/v2\/users\/89"}],"replies":[{"embeddable":true,"href":"https:\/\/www.escapadarural.com\/blog\/wp-json\/wp\/v2\/comments?post=10668"}],"version-history":[{"count":0,"href":"https:\/\/www.escapadarural.com\/blog\/wp-json\/wp\/v2\/posts\/10668\/revisions"}],"wp:featuredmedia":[{"embeddable":true,"href":"https:\/\/www.escapadarural.com\/blog\/wp-json\/wp\/v2\/media\/103888"}],"wp:attachment":[{"href":"https:\/\/www.escapadarural.com\/blog\/wp-json\/wp\/v2\/media?parent=10668"}],"wp:term":[{"taxonomy":"category","embeddable":true,"href":"https:\/\/www.escapadarural.com\/blog\/wp-json\/wp\/v2\/categories?post=10668"},{"taxonomy":"post_tag","embeddable":true,"href":"https:\/\/www.escapadarural.com\/blog\/wp-json\/wp\/v2\/tags?post=10668"}],"curies":[{"name":"wp","href":"https:\/\/api.w.org\/{rel}","templated":true}]}}