{"id":10757,"date":"2019-01-23T09:30:56","date_gmt":"2019-01-23T09:30:56","guid":{"rendered":"http:\/\/15.188.81.248\/2019\/01\/23\/donde-deberias-de-celebrar-san-valentin\/"},"modified":"2025-01-16T13:06:01","modified_gmt":"2025-01-16T11:06:01","slug":"donde-deberias-de-celebrar-san-valentin","status":"publish","type":"post","link":"https:\/\/www.escapadarural.com\/blog\/donde-deberias-de-celebrar-san-valentin\/","title":{"rendered":"Test: \u00bfD\u00f3nde deber\u00edas celebrar San Valent\u00edn seg\u00fan tu personalidad?"},"content":{"rendered":"\n<figure class=\"wp-block-image size-large\"><a href=\"https:\/\/www.escapadarural.com\/blog\/wp-content\/uploads\/2019\/01\/Inspiracion-40-1-1.jpg\"><img decoding=\"async\" src=\"https:\/\/www.escapadarural.com\/blog\/wp-content\/uploads\/2019\/01\/Inspiracion-40-1-1.jpg\" alt=\"Pareja\" class=\"wp-image-25213\"\/><\/a><figcaption>Por giulia186<\/figcaption><\/figure>\n\n\n\n<p>\u00a1Viva el rural love! Lo importante es viajar pero, \u00bfa d\u00f3nde? Descubre con este test qu\u00e9 alojamiento se adapta m\u00e1s a vuestra relaci\u00f3n. \u00bfSer\u00e1 un vag\u00f3n de tren, un castillo, una caba\u00f1a en la nieve, junto al mar o una habitaci\u00f3n con jacuzzi?<\/p>\n\n\n\n<!--more-->\n\n\n\n<script>(function(d,s,id){var js,fjs=d.getElementsByTagName(s)[0];if(d.getElementById(id))return;js=d.createElement(s);js.id=id;js.src='https:\/\/embed.playbuzz.com\/sdk.js';fjs.parentNode.insertBefore(js,fjs);}(document,'script','playbuzz-sdk'));<\/script>\n<div class=\"playbuzz\" data-id=\"98284206-ea5f-4b0d-955a-7b79be611b88\" data-show-share=\"false\" data-show-info=\"false\"><\/div>\n","protected":false},"excerpt":{"rendered":"<p>\u00a1Viva el rural love! Lo importante es viajar pero, \u00bfa d\u00f3nde? Descubre con este test qu\u00e9 alojamiento se adapta m\u00e1s a vuestra relaci\u00f3n. \u00bfSer\u00e1 un vag\u00f3n de tren, un castillo, una caba\u00f1a en la nieve, junto al mar o una habitaci\u00f3n con jacuzzi? <\/p>\n","protected":false},"author":89,"featured_media":103830,"comment_status":"open","ping_status":"closed","sticky":false,"template":"","format":"standard","meta":{"_acf_changed":false,"om_disable_all_campaigns":false,"footnotes":""},"categories":[1144],"tags":[2231,2232,1575,5590,1539,1143,2234],"class_list":["post-10757","post","type-post","status-publish","format-standard","has-post-thumbnail","hentry","category-tests","tag-cabanas","tag-enamorados","tag-jacuzzi","tag-pareja","tag-san-valentin","tag-test","tag-vagon"],"acf":[],"featured_image_src":"https:\/\/www.escapadarural.com\/blog\/wp-content\/uploads\/2024\/10\/Inspiracion-40-1-1-1.jpg","author_info":{"display_name":"Laura Fern\u00e1ndez","author_link":"https:\/\/www.escapadarural.com\/blog\/autor\/laura\/"},"yoast_head":"<!-- This site is optimized with the Yoast SEO plugin v27.5 - https:\/\/yoast.com\/product\/yoast-seo-wordpress\/ -->\n<title>Test: \u00bfD\u00f3nde deber\u00edas celebrar San Valent\u00edn seg\u00fan tu personalidad? - EscapadaRural<\/title>\n<meta name=\"robots\" content=\"index, follow, max-snippet:-1, max-image-preview:large, max-video-preview:-1\" \/>\n<link rel=\"canonical\" href=\"https:\/\/www.escapadarural.com\/blog\/donde-deberias-de-celebrar-san-valentin\/\" \/>\n<meta property=\"og:locale\" content=\"es_ES\" \/>\n<meta property=\"og:type\" content=\"article\" \/>\n<meta property=\"og:title\" content=\"Test: \u00bfD\u00f3nde deber\u00edas celebrar San Valent\u00edn seg\u00fan tu personalidad? - EscapadaRural\" \/>\n<meta property=\"og:description\" content=\"\u00a1Viva el rural love! Lo importante es viajar pero, \u00bfa d\u00f3nde? Descubre con este test qu\u00e9 alojamiento se adapta m\u00e1s a vuestra relaci\u00f3n. \u00bfSer\u00e1 un vag\u00f3n de tren, un castillo, una caba\u00f1a en la nieve, junto al mar o una habitaci\u00f3n con jacuzzi?\" \/>\n<meta property=\"og:url\" content=\"https:\/\/www.escapadarural.com\/blog\/donde-deberias-de-celebrar-san-valentin\/\" \/>\n<meta property=\"og:site_name\" content=\"Magazine de viajes de EscapadaRural\" \/>\n<meta property=\"article:publisher\" content=\"https:\/\/www.facebook.com\/escapadarural\" \/>\n<meta property=\"article:published_time\" content=\"2019-01-23T09:30:56+00:00\" \/>\n<meta property=\"article:modified_time\" content=\"2025-01-16T11:06:01+00:00\" \/>\n<meta property=\"og:image\" content=\"https:\/\/app.escapadarural.com\/blog\/wp-content\/uploads\/2024\/10\/Inspiracion-40-1-1-1.jpg\" \/>\n\t<meta property=\"og:image:width\" content=\"1000\" \/>\n\t<meta property=\"og:image:height\" content=\"663\" \/>\n\t<meta property=\"og:image:type\" content=\"image\/jpeg\" \/>\n<meta name=\"author\" content=\"Laura Fern\u00e1ndez\" \/>\n<meta name=\"twitter:card\" content=\"summary_large_image\" \/>\n<meta name=\"twitter:label1\" content=\"Escrito por\" \/>\n\t<meta name=\"twitter:data1\" content=\"Laura Fern\u00e1ndez\" \/>\n<script type=\"application\/ld+json\" class=\"yoast-schema-graph\">{\"@context\":\"https:\\\/\\\/schema.org\",\"@graph\":[{\"@type\":\"Article\",\"@id\":\"https:\\\/\\\/www.escapadarural.com\\\/blog\\\/donde-deberias-de-celebrar-san-valentin\\\/#article\",\"isPartOf\":{\"@id\":\"https:\\\/\\\/www.escapadarural.com\\\/blog\\\/donde-deberias-de-celebrar-san-valentin\\\/\"},\"author\":{\"name\":\"Laura Fern\u00e1ndez\",\"@id\":\"https:\\\/\\\/www.escapadarural.com\\\/blog\\\/#\\\/schema\\\/person\\\/a9b46ae4d047d8a2c719f31e75206cff\"},\"headline\":\"Test: \u00bfD\u00f3nde deber\u00edas celebrar San Valent\u00edn seg\u00fan tu personalidad?\",\"datePublished\":\"2019-01-23T09:30:56+00:00\",\"dateModified\":\"2025-01-16T11:06:01+00:00\",\"mainEntityOfPage\":{\"@id\":\"https:\\\/\\\/www.escapadarural.com\\\/blog\\\/donde-deberias-de-celebrar-san-valentin\\\/\"},\"wordCount\":64,\"commentCount\":5,\"publisher\":{\"@id\":\"https:\\\/\\\/www.escapadarural.com\\\/blog\\\/#organization\"},\"image\":{\"@id\":\"https:\\\/\\\/www.escapadarural.com\\\/blog\\\/donde-deberias-de-celebrar-san-valentin\\\/#primaryimage\"},\"thumbnailUrl\":\"https:\\\/\\\/www.escapadarural.com\\\/blog\\\/wp-content\\\/uploads\\\/2024\\\/10\\\/Inspiracion-40-1-1-1.jpg\",\"keywords\":[\"Caba\u00f1as\",\"Enamorados\",\"Jacuzzi\",\"Pareja\",\"San Valent\u00edn\",\"test\",\"Vag\u00f3n\"],\"articleSection\":[\"Tests\"],\"inLanguage\":\"es\",\"potentialAction\":[{\"@type\":\"CommentAction\",\"name\":\"Comment\",\"target\":[\"https:\\\/\\\/www.escapadarural.com\\\/blog\\\/donde-deberias-de-celebrar-san-valentin\\\/#respond\"]}]},{\"@type\":\"WebPage\",\"@id\":\"https:\\\/\\\/www.escapadarural.com\\\/blog\\\/donde-deberias-de-celebrar-san-valentin\\\/\",\"url\":\"https:\\\/\\\/www.escapadarural.com\\\/blog\\\/donde-deberias-de-celebrar-san-valentin\\\/\",\"name\":\"Test: \u00bfD\u00f3nde deber\u00edas celebrar San Valent\u00edn seg\u00fan tu personalidad? - EscapadaRural\",\"isPartOf\":{\"@id\":\"https:\\\/\\\/www.escapadarural.com\\\/blog\\\/#website\"},\"primaryImageOfPage\":{\"@id\":\"https:\\\/\\\/www.escapadarural.com\\\/blog\\\/donde-deberias-de-celebrar-san-valentin\\\/#primaryimage\"},\"image\":{\"@id\":\"https:\\\/\\\/www.escapadarural.com\\\/blog\\\/donde-deberias-de-celebrar-san-valentin\\\/#primaryimage\"},\"thumbnailUrl\":\"https:\\\/\\\/www.escapadarural.com\\\/blog\\\/wp-content\\\/uploads\\\/2024\\\/10\\\/Inspiracion-40-1-1-1.jpg\",\"datePublished\":\"2019-01-23T09:30:56+00:00\",\"dateModified\":\"2025-01-16T11:06:01+00:00\",\"breadcrumb\":{\"@id\":\"https:\\\/\\\/www.escapadarural.com\\\/blog\\\/donde-deberias-de-celebrar-san-valentin\\\/#breadcrumb\"},\"inLanguage\":\"es\",\"potentialAction\":[{\"@type\":\"ReadAction\",\"target\":[\"https:\\\/\\\/www.escapadarural.com\\\/blog\\\/donde-deberias-de-celebrar-san-valentin\\\/\"]}]},{\"@type\":\"ImageObject\",\"inLanguage\":\"es\",\"@id\":\"https:\\\/\\\/www.escapadarural.com\\\/blog\\\/donde-deberias-de-celebrar-san-valentin\\\/#primaryimage\",\"url\":\"https:\\\/\\\/www.escapadarural.com\\\/blog\\\/wp-content\\\/uploads\\\/2024\\\/10\\\/Inspiracion-40-1-1-1.jpg\",\"contentUrl\":\"https:\\\/\\\/www.escapadarural.com\\\/blog\\\/wp-content\\\/uploads\\\/2024\\\/10\\\/Inspiracion-40-1-1-1.jpg\",\"width\":1000,\"height\":663,\"caption\":\"Una mujer sonriente le tapa los ojos a un hombre mientras cabalga a caballito sobre su espalda en un campo cubierto de hierba durante la puesta de sol. Ambos parecen felices y relajados, disfrutando juntos del aire libre.\"},{\"@type\":\"BreadcrumbList\",\"@id\":\"https:\\\/\\\/www.escapadarural.com\\\/blog\\\/donde-deberias-de-celebrar-san-valentin\\\/#breadcrumb\",\"itemListElement\":[{\"@type\":\"ListItem\",\"position\":1,\"name\":\"Inicio\",\"item\":\"https:\\\/\\\/www.escapadarural.com\\\/blog\\\/\"},{\"@type\":\"ListItem\",\"position\":2,\"name\":\"Tests\",\"item\":\"https:\\\/\\\/www.escapadarural.com\\\/blog\\\/categoria\\\/tests\\\/\"},{\"@type\":\"ListItem\",\"position\":3,\"name\":\"Test: \u00bfD\u00f3nde deber\u00edas celebrar San Valent\u00edn seg\u00fan tu personalidad?\"}]},{\"@type\":\"WebSite\",\"@id\":\"https:\\\/\\\/www.escapadarural.com\\\/blog\\\/#website\",\"url\":\"https:\\\/\\\/www.escapadarural.com\\\/blog\\\/\",\"name\":\"Blog de viajes | turismo rural, alojamientos e inspiraci\u00f3n\",\"description\":\"Alojamientos rurales e inspiraci\u00f3n para tus escapadas\",\"publisher\":{\"@id\":\"https:\\\/\\\/www.escapadarural.com\\\/blog\\\/#organization\"},\"alternateName\":\"Magazine de viajes de EscapadaRural\",\"potentialAction\":[{\"@type\":\"SearchAction\",\"target\":{\"@type\":\"EntryPoint\",\"urlTemplate\":\"https:\\\/\\\/www.escapadarural.com\\\/blog\\\/?s={search_term_string}\"},\"query-input\":{\"@type\":\"PropertyValueSpecification\",\"valueRequired\":true,\"valueName\":\"search_term_string\"}}],\"inLanguage\":\"es\"},{\"@type\":\"Organization\",\"@id\":\"https:\\\/\\\/www.escapadarural.com\\\/blog\\\/#organization\",\"name\":\"EscapadaRural\",\"url\":\"https:\\\/\\\/www.escapadarural.com\\\/blog\\\/\",\"logo\":{\"@type\":\"ImageObject\",\"inLanguage\":\"es\",\"@id\":\"https:\\\/\\\/www.escapadarural.com\\\/blog\\\/#\\\/schema\\\/logo\\\/image\\\/\",\"url\":\"https:\\\/\\\/www.escapadarural.com\\\/blog\\\/wp-content\\\/uploads\\\/2024\\\/10\\\/cropped-cropped-escapada-rural-icon-mag-3.png\",\"contentUrl\":\"https:\\\/\\\/www.escapadarural.com\\\/blog\\\/wp-content\\\/uploads\\\/2024\\\/10\\\/cropped-cropped-escapada-rural-icon-mag-3.png\",\"width\":512,\"height\":512,\"caption\":\"EscapadaRural\"},\"image\":{\"@id\":\"https:\\\/\\\/www.escapadarural.com\\\/blog\\\/#\\\/schema\\\/logo\\\/image\\\/\"},\"sameAs\":[\"https:\\\/\\\/www.facebook.com\\\/escapadarural\",\"https:\\\/\\\/www.instagram.com\\\/escapadarural\\\/\",\"https:\\\/\\\/www.youtube.com\\\/@escapadaruralcom\"]},{\"@type\":\"Person\",\"@id\":\"https:\\\/\\\/www.escapadarural.com\\\/blog\\\/#\\\/schema\\\/person\\\/a9b46ae4d047d8a2c719f31e75206cff\",\"name\":\"Laura Fern\u00e1ndez\",\"image\":{\"@type\":\"ImageObject\",\"inLanguage\":\"es\",\"@id\":\"https:\\\/\\\/www.escapadarural.com\\\/blog\\\/wp-content\\\/uploads\\\/2025\\\/01\\\/cropped-laura_raponchii-96x96.jpg\",\"url\":\"https:\\\/\\\/www.escapadarural.com\\\/blog\\\/wp-content\\\/uploads\\\/2025\\\/01\\\/cropped-laura_raponchii-96x96.jpg\",\"contentUrl\":\"https:\\\/\\\/www.escapadarural.com\\\/blog\\\/wp-content\\\/uploads\\\/2025\\\/01\\\/cropped-laura_raponchii-96x96.jpg\",\"caption\":\"Laura Fern\u00e1ndez\"},\"description\":\"Periodista, blogger y viajera. No necesariamente en ese orden. En ocasiones me despierto sin saber d\u00f3nde estoy. Adicta a los c\u00f3mics y a los noodles con salsa de cacahuete. Redactora en @escapadarural, colaboradora en la Conde Nast Traveler y en la Divinity. Mi casa: Meridiano180.\",\"sameAs\":[\"http:\\\/\\\/www.meridiano180.com\\\/\"],\"url\":\"https:\\\/\\\/www.escapadarural.com\\\/blog\\\/autor\\\/laura\\\/\"}]}<\/script>\n<!-- \/ Yoast SEO plugin. -->","yoast_head_json":{"title":"Test: \u00bfD\u00f3nde deber\u00edas celebrar San Valent\u00edn seg\u00fan tu personalidad? - EscapadaRural","robots":{"index":"index","follow":"follow","max-snippet":"max-snippet:-1","max-image-preview":"max-image-preview:large","max-video-preview":"max-video-preview:-1"},"canonical":"https:\/\/www.escapadarural.com\/blog\/donde-deberias-de-celebrar-san-valentin\/","og_locale":"es_ES","og_type":"article","og_title":"Test: \u00bfD\u00f3nde deber\u00edas celebrar San Valent\u00edn seg\u00fan tu personalidad? - EscapadaRural","og_description":"\u00a1Viva el rural love! Lo importante es viajar pero, \u00bfa d\u00f3nde? Descubre con este test qu\u00e9 alojamiento se adapta m\u00e1s a vuestra relaci\u00f3n. \u00bfSer\u00e1 un vag\u00f3n de tren, un castillo, una caba\u00f1a en la nieve, junto al mar o una habitaci\u00f3n con jacuzzi?","og_url":"https:\/\/www.escapadarural.com\/blog\/donde-deberias-de-celebrar-san-valentin\/","og_site_name":"Magazine de viajes de EscapadaRural","article_publisher":"https:\/\/www.facebook.com\/escapadarural","article_published_time":"2019-01-23T09:30:56+00:00","article_modified_time":"2025-01-16T11:06:01+00:00","og_image":[{"width":1000,"height":663,"url":"https:\/\/app.escapadarural.com\/blog\/wp-content\/uploads\/2024\/10\/Inspiracion-40-1-1-1.jpg","type":"image\/jpeg"}],"author":"Laura Fern\u00e1ndez","twitter_card":"summary_large_image","twitter_misc":{"Escrito por":"Laura Fern\u00e1ndez"},"schema":{"@context":"https:\/\/schema.org","@graph":[{"@type":"Article","@id":"https:\/\/www.escapadarural.com\/blog\/donde-deberias-de-celebrar-san-valentin\/#article","isPartOf":{"@id":"https:\/\/www.escapadarural.com\/blog\/donde-deberias-de-celebrar-san-valentin\/"},"author":{"name":"Laura Fern\u00e1ndez","@id":"https:\/\/www.escapadarural.com\/blog\/#\/schema\/person\/a9b46ae4d047d8a2c719f31e75206cff"},"headline":"Test: \u00bfD\u00f3nde deber\u00edas celebrar San Valent\u00edn seg\u00fan tu personalidad?","datePublished":"2019-01-23T09:30:56+00:00","dateModified":"2025-01-16T11:06:01+00:00","mainEntityOfPage":{"@id":"https:\/\/www.escapadarural.com\/blog\/donde-deberias-de-celebrar-san-valentin\/"},"wordCount":64,"commentCount":5,"publisher":{"@id":"https:\/\/www.escapadarural.com\/blog\/#organization"},"image":{"@id":"https:\/\/www.escapadarural.com\/blog\/donde-deberias-de-celebrar-san-valentin\/#primaryimage"},"thumbnailUrl":"https:\/\/www.escapadarural.com\/blog\/wp-content\/uploads\/2024\/10\/Inspiracion-40-1-1-1.jpg","keywords":["Caba\u00f1as","Enamorados","Jacuzzi","Pareja","San Valent\u00edn","test","Vag\u00f3n"],"articleSection":["Tests"],"inLanguage":"es","potentialAction":[{"@type":"CommentAction","name":"Comment","target":["https:\/\/www.escapadarural.com\/blog\/donde-deberias-de-celebrar-san-valentin\/#respond"]}]},{"@type":"WebPage","@id":"https:\/\/www.escapadarural.com\/blog\/donde-deberias-de-celebrar-san-valentin\/","url":"https:\/\/www.escapadarural.com\/blog\/donde-deberias-de-celebrar-san-valentin\/","name":"Test: \u00bfD\u00f3nde deber\u00edas celebrar San Valent\u00edn seg\u00fan tu personalidad? - EscapadaRural","isPartOf":{"@id":"https:\/\/www.escapadarural.com\/blog\/#website"},"primaryImageOfPage":{"@id":"https:\/\/www.escapadarural.com\/blog\/donde-deberias-de-celebrar-san-valentin\/#primaryimage"},"image":{"@id":"https:\/\/www.escapadarural.com\/blog\/donde-deberias-de-celebrar-san-valentin\/#primaryimage"},"thumbnailUrl":"https:\/\/www.escapadarural.com\/blog\/wp-content\/uploads\/2024\/10\/Inspiracion-40-1-1-1.jpg","datePublished":"2019-01-23T09:30:56+00:00","dateModified":"2025-01-16T11:06:01+00:00","breadcrumb":{"@id":"https:\/\/www.escapadarural.com\/blog\/donde-deberias-de-celebrar-san-valentin\/#breadcrumb"},"inLanguage":"es","potentialAction":[{"@type":"ReadAction","target":["https:\/\/www.escapadarural.com\/blog\/donde-deberias-de-celebrar-san-valentin\/"]}]},{"@type":"ImageObject","inLanguage":"es","@id":"https:\/\/www.escapadarural.com\/blog\/donde-deberias-de-celebrar-san-valentin\/#primaryimage","url":"https:\/\/www.escapadarural.com\/blog\/wp-content\/uploads\/2024\/10\/Inspiracion-40-1-1-1.jpg","contentUrl":"https:\/\/www.escapadarural.com\/blog\/wp-content\/uploads\/2024\/10\/Inspiracion-40-1-1-1.jpg","width":1000,"height":663,"caption":"Una mujer sonriente le tapa los ojos a un hombre mientras cabalga a caballito sobre su espalda en un campo cubierto de hierba durante la puesta de sol. Ambos parecen felices y relajados, disfrutando juntos del aire libre."},{"@type":"BreadcrumbList","@id":"https:\/\/www.escapadarural.com\/blog\/donde-deberias-de-celebrar-san-valentin\/#breadcrumb","itemListElement":[{"@type":"ListItem","position":1,"name":"Inicio","item":"https:\/\/www.escapadarural.com\/blog\/"},{"@type":"ListItem","position":2,"name":"Tests","item":"https:\/\/www.escapadarural.com\/blog\/categoria\/tests\/"},{"@type":"ListItem","position":3,"name":"Test: \u00bfD\u00f3nde deber\u00edas celebrar San Valent\u00edn seg\u00fan tu personalidad?"}]},{"@type":"WebSite","@id":"https:\/\/www.escapadarural.com\/blog\/#website","url":"https:\/\/www.escapadarural.com\/blog\/","name":"Blog de viajes | turismo rural, alojamientos e inspiraci\u00f3n","description":"Alojamientos rurales e inspiraci\u00f3n para tus escapadas","publisher":{"@id":"https:\/\/www.escapadarural.com\/blog\/#organization"},"alternateName":"Magazine de viajes de EscapadaRural","potentialAction":[{"@type":"SearchAction","target":{"@type":"EntryPoint","urlTemplate":"https:\/\/www.escapadarural.com\/blog\/?s={search_term_string}"},"query-input":{"@type":"PropertyValueSpecification","valueRequired":true,"valueName":"search_term_string"}}],"inLanguage":"es"},{"@type":"Organization","@id":"https:\/\/www.escapadarural.com\/blog\/#organization","name":"EscapadaRural","url":"https:\/\/www.escapadarural.com\/blog\/","logo":{"@type":"ImageObject","inLanguage":"es","@id":"https:\/\/www.escapadarural.com\/blog\/#\/schema\/logo\/image\/","url":"https:\/\/www.escapadarural.com\/blog\/wp-content\/uploads\/2024\/10\/cropped-cropped-escapada-rural-icon-mag-3.png","contentUrl":"https:\/\/www.escapadarural.com\/blog\/wp-content\/uploads\/2024\/10\/cropped-cropped-escapada-rural-icon-mag-3.png","width":512,"height":512,"caption":"EscapadaRural"},"image":{"@id":"https:\/\/www.escapadarural.com\/blog\/#\/schema\/logo\/image\/"},"sameAs":["https:\/\/www.facebook.com\/escapadarural","https:\/\/www.instagram.com\/escapadarural\/","https:\/\/www.youtube.com\/@escapadaruralcom"]},{"@type":"Person","@id":"https:\/\/www.escapadarural.com\/blog\/#\/schema\/person\/a9b46ae4d047d8a2c719f31e75206cff","name":"Laura Fern\u00e1ndez","image":{"@type":"ImageObject","inLanguage":"es","@id":"https:\/\/www.escapadarural.com\/blog\/wp-content\/uploads\/2025\/01\/cropped-laura_raponchii-96x96.jpg","url":"https:\/\/www.escapadarural.com\/blog\/wp-content\/uploads\/2025\/01\/cropped-laura_raponchii-96x96.jpg","contentUrl":"https:\/\/www.escapadarural.com\/blog\/wp-content\/uploads\/2025\/01\/cropped-laura_raponchii-96x96.jpg","caption":"Laura Fern\u00e1ndez"},"description":"Periodista, blogger y viajera. No necesariamente en ese orden. En ocasiones me despierto sin saber d\u00f3nde estoy. Adicta a los c\u00f3mics y a los noodles con salsa de cacahuete. Redactora en @escapadarural, colaboradora en la Conde Nast Traveler y en la Divinity. Mi casa: Meridiano180.","sameAs":["http:\/\/www.meridiano180.com\/"],"url":"https:\/\/www.escapadarural.com\/blog\/autor\/laura\/"}]}},"_links":{"self":[{"href":"https:\/\/www.escapadarural.com\/blog\/wp-json\/wp\/v2\/posts\/10757","targetHints":{"allow":["GET"]}}],"collection":[{"href":"https:\/\/www.escapadarural.com\/blog\/wp-json\/wp\/v2\/posts"}],"about":[{"href":"https:\/\/www.escapadarural.com\/blog\/wp-json\/wp\/v2\/types\/post"}],"author":[{"embeddable":true,"href":"https:\/\/www.escapadarural.com\/blog\/wp-json\/wp\/v2\/users\/89"}],"replies":[{"embeddable":true,"href":"https:\/\/www.escapadarural.com\/blog\/wp-json\/wp\/v2\/comments?post=10757"}],"version-history":[{"count":0,"href":"https:\/\/www.escapadarural.com\/blog\/wp-json\/wp\/v2\/posts\/10757\/revisions"}],"wp:featuredmedia":[{"embeddable":true,"href":"https:\/\/www.escapadarural.com\/blog\/wp-json\/wp\/v2\/media\/103830"}],"wp:attachment":[{"href":"https:\/\/www.escapadarural.com\/blog\/wp-json\/wp\/v2\/media?parent=10757"}],"wp:term":[{"taxonomy":"category","embeddable":true,"href":"https:\/\/www.escapadarural.com\/blog\/wp-json\/wp\/v2\/categories?post=10757"},{"taxonomy":"post_tag","embeddable":true,"href":"https:\/\/www.escapadarural.com\/blog\/wp-json\/wp\/v2\/tags?post=10757"}],"curies":[{"name":"wp","href":"https:\/\/api.w.org\/{rel}","templated":true}]}}