{"id":10760,"date":"2019-01-18T11:55:17","date_gmt":"2019-01-18T10:55:17","guid":{"rendered":"http:\/\/15.188.81.248\/2019\/01\/18\/5-casas-museo-de-escritores-que-puedes-ver-en-espana\/"},"modified":"2025-08-12T17:01:31","modified_gmt":"2025-08-12T15:01:31","slug":"5-casas-museo-de-escritores-que-puedes-ver-en-espana","status":"publish","type":"post","link":"https:\/\/www.escapadarural.com\/blog\/5-casas-museo-de-escritores-que-puedes-ver-en-espana\/","title":{"rendered":"5 casas-museo de escritores que puedes ver en Espa\u00f1a"},"content":{"rendered":"\n<figure class=\"wp-block-image size-large\"><a href=\"https:\/\/www.escapadarural.com\/blog\/wp-content\/uploads\/2019\/01\/Museo-Casa-Natal-en-Fuente-Vaqueros-GR-_U4T1050-F.-Juan-A.-Mart\u00edn-Jaimez-1.jpg\"><img decoding=\"async\" src=\"https:\/\/www.escapadarural.com\/blog\/wp-content\/uploads\/2019\/01\/Museo-Casa-Natal-en-Fuente-Vaqueros-GR-_U4T1050-F.-Juan-A.-Mart\u00edn-Jaimez-1-1024x683.jpg\" alt=\"Casa-museo de Federico Garc\u00eda Lorca\" class=\"wp-image-25161\"\/><\/a><figcaption>Casa-museo de Federico Garc\u00eda Lorca. Por Turgranada.es<\/figcaption><\/figure>\n\n\n\n<p>Las casas revelan nuestro propio mundo. En ellas est\u00e1 el espacio de nuestra intimidad. Y tal vez por eso, nos gusta ir de visita a casa de nuestros amigos, porque, adem\u00e1s de compa\u00f1\u00eda, encontramos peque\u00f1as pistas que nos acercan m\u00e1s a ellos: un libro aqu\u00ed, una foto all\u00ed, un cuadro colgado con gusto o incluso el aroma de un caf\u00e9 especial en la cocina.<\/p>\n\n\n\n<p>Sin embargo, si la casa que visitamos no es la de una amistad, sino la de un escritor, uno de nuestros favoritos, el momento de entrar en esa casa tiene algo de devoci\u00f3n casi m\u00edstica.<\/p>\n\n\n\n<!--more-->\n\n\n\n<p>Ah\u00ed est\u00e1 el universo, al que s\u00f3lo nos hab\u00edamos asomado en la lectura, convertido en detalles y objetos, en vida cotidiana. Son las <strong>Casa-Museo y fundaciones de escritores<\/strong>. En Espa\u00f1a hay m\u00e1s de cincuenta casas de este tipo. Aqu\u00ed te mostramos cinco con las que podr\u00e1s viajar de norte a sur por Espa\u00f1a.<\/p>\n\n\n\n<h2 class=\"title-rute wp-block-heading\"><strong>1.<\/strong> Museo-Casa Natal Federico Garc\u00eda Lorca (Fuente Vaqueros, Granada)<\/h2>\n\n\n\n<figure class=\"wp-block-image size-large\"><a href=\"https:\/\/www.escapadarural.com\/blog\/wp-content\/uploads\/2019\/01\/Museo-Casa-Natal-en-Fuente-Vaqueros-GR-_U4T1146-F.-Juan-A.-Mart\u00edn-Jaimez-1.jpg\"><img decoding=\"async\" src=\"https:\/\/www.escapadarural.com\/blog\/wp-content\/uploads\/2019\/01\/Museo-Casa-Natal-en-Fuente-Vaqueros-GR-_U4T1146-F.-Juan-A.-Mart\u00edn-Jaimez-1-1024x683.jpg\" alt=\"Casa museo Federico Garc\u00eda Lorca\" class=\"wp-image-25160\"\/><\/a><figcaption>Por Turgranada.es<\/figcaption><\/figure>\n\n\n\n<p>Dec\u00eda Lorca que <a rel=\"noopener noreferrer\" href=\"https:\/\/www.escapadarural.com\/casas-rurales\/fuente-vaqueros\" target=\"_blank\" class=\"rank-math-link\">Fuente Vaqueros<\/a> estaba edificado sobre el agua, que en \u00e9l las acequias cantaban y que la brisa hac\u00eda sonar la m\u00fasica suave de los chopos. No es extra\u00f1o, pues, que siendo tal la sonoridad de su pueblo natal, el joven Lorca comenzara r\u00e1pido a desarrollar el o\u00eddo que le llev\u00f3 a escribir algunos de los versos m\u00e1s importantes de la poes\u00eda en lengua espa\u00f1ola del siglo XX.<\/p>\n\n\n\n<p>Los naranjos parecen guiarnos hasta el n\u00famero 4 de la calle Garc\u00eda Lorca. En la actualidad, el espacio familiar de blancos muros sirve de sede para el <a rel=\"noopener noreferrer\" href=\"https:\/\/www.patronatogarcialorca.org\/\" target=\"_blank\" class=\"rank-math-link\">Patronato Garc\u00eda Lorca<\/a>. Pero tuvieron que pasar 50 a\u00f1os desde su fusilamiento para que se pudiera abrir la <strong>casa del poeta, s\u00edmbolo de la sinraz\u00f3n de la Guerra Civil espa\u00f1ola<\/strong>.<\/p>\n\n\n\n<p>Aguardan al visitante espacios como el comedor familiar, donde destaca el piano, la cocina, los dormitorios, el patio y el antiguo granero, reciclado en sala de exposiciones para documentos, cartas, libros y dibujos del poeta. Todo un recorrido que sirve de aproximaci\u00f3n al contexto creativo de Federico Garc\u00eda Lorca.<\/p>\n\n\n\n<h2 class=\"title-rute wp-block-heading\"><strong>2.<\/strong>Casa-museo Rosal\u00eda de Castro (Padr\u00f3n, A Coru\u00f1a)<\/h2>\n\n\n\n<figure class=\"wp-block-image size-large\"><a href=\"https:\/\/www.escapadarural.com\/blog\/wp-content\/uploads\/2019\/01\/museo-rosalia-1.jpg\"><img decoding=\"async\" src=\"https:\/\/www.escapadarural.com\/blog\/wp-content\/uploads\/2019\/01\/museo-rosalia-1.jpg\" alt=\"Casa.museo Rosal\u00eda de Castro\" class=\"wp-image-25159\"\/><\/a><figcaption>Fundaci\u00f3n Rosal\u00eda de Castro<\/figcaption><\/figure>\n\n\n\n<p><a rel=\"noopener noreferrer\" href=\"https:\/\/www.escapadarural.com\/casas-rurales\/padron\" target=\"_blank\" class=\"rank-math-link\">Padr\u00f3n<\/a> es famoso por los pimientos y por ser el lugar de los \u00faltimos a\u00f1os de vida de <strong>Rosal\u00eda de Castro, figura clave del Resurgimiento cultural de Galicia<\/strong> y del Romanticismo espa\u00f1ol.<\/p>\n\n\n\n<p>Pero, mientras los primeros, en realidad, se cultivan en el pueblo colindante de Herb\u00f3n, el que fue \u00faltimo hogar de la escritora s\u00ed se ubica en Padr\u00f3n. Exactamente, a un paso de la estaci\u00f3n del tren, en Aldea A Matanza, s\/n.<\/p>\n\n\n\n<p>La casa-museo de Rosal\u00eda de Castro abri\u00f3 sus puertas en 1972. Hoy conserva su bella arquitectura y el jard\u00edn. En la planta baja se encuentra el espacio conocido como \u00abO perfil dunha sombra\u00bb, donde podemos conocer con detalle el mundo de la autora y comprender la importancia de su verdadera dimensi\u00f3n cultural, mientras que en la primera planta, denominada \u00abO seu\u00bb, el museo propone la recreaci\u00f3n ambiental de una casa rural t\u00edpica de \u00e9poca<\/p>\n\n\n\n<h2 class=\"title-rute wp-block-heading\"><strong>3.<\/strong> Casa-Museo Zenobia y Juan Ram\u00f3n (Moguer, Huelva)<\/h2>\n\n\n\n<figure class=\"wp-block-image size-large\"><a href=\"https:\/\/www.escapadarural.com\/blog\/wp-content\/uploads\/2019\/01\/casa_museo_juan_ram\u00f3n_jimenez-1.jpg\"><img decoding=\"async\" src=\"https:\/\/www.escapadarural.com\/blog\/wp-content\/uploads\/2019\/01\/casa_museo_juan_ram\u00f3n_jimenez-1.jpg\" alt=\"Casa-museo Juan Ram\u00f3n\" class=\"wp-image-25158\"\/><\/a><figcaption>Por Casa Museo y Fundaci\u00f3n Zenobia Juan Ram\u00f3n Jim\u00e9nez<\/figcaption><\/figure>\n\n\n\n<p>En <em>Platero y yo<\/em>, Juan Ram\u00f3n Jim\u00e9nez describi\u00f3 a Moguer como un \u00abPan de trigo, blanco por dentro como el migaj\u00f3n, y dorado en torno \u2013oh, Sol moreno\u2013 como la blanda corteza\u00bb. Y eso es, precisamente, lo que encontrar\u00e1 el viajero: un pueblo blanco como la miga del pan, separado por el r\u00edo tinto y el Paraje Natural Marismas del Odiel de la capital, <a rel=\"noopener noreferrer\" href=\"https:\/\/www.escapadarural.com\/casas-rurales\/huelva\" target=\"_blank\" class=\"rank-math-link\">Huelva<\/a>.<\/p>\n\n\n\n<p>Aqu\u00ed, en el Convento de Santa Clara, pronunci\u00f3 Col\u00f3n su juramento tras salvarse de naufragar en las Azores en su primer viaje de vuelta, y aqu\u00ed, en la actual calle C\/ Juan Ram\u00f3n Jim\u00e9nez n\u00ba 10, est\u00e1 la Casa Museo Zenobia Y Juan Ram\u00f3n Jim\u00e9nez.<\/p>\n\n\n\n<p>La fachada blanca es la misma que describi\u00f3 el propio poeta como la casa que \u201cllen\u00f3 de experiencia que luego ser\u00edan entes y sombras\u201d su ni\u00f1ez y juventud. Hoy es sede de la Fundaci\u00f3n Zenobia y Juan Ram\u00f3n Jim\u00e9nez y alberga la biblioteca particular del poeta con 3.500 vol\u00famenes y 7.500 revistas.<\/p>\n\n\n\n<p>Sin embargo, este el lugar no fue donde naci\u00f3 Juan Ram\u00f3n Jim\u00e9nez el 23 de diciembre de 1881, sino en la casa de la Calle Ribera, n\u00ba 2, esquina con la calle dedicada a su esposa, Zenobia Camprub\u00ed. En este otro edificio, <strong>Bien de Inter\u00e9s Cultural de los Lugares Juanramonianos<\/strong>, se puede visitar el espacio expositivo de la casa natal.<\/p>\n\n\n\n<h2 class=\"title-rute wp-block-heading\"><strong>4.<\/strong> Casas-Museos de Valle Incl\u00e1n (Vilanova, Galicia)<\/h2>\n\n\n\n<figure class=\"wp-block-image size-large\"><a href=\"https:\/\/www.escapadarural.com\/blog\/wp-content\/uploads\/2019\/01\/valle_inclan-1.jpg\"><img decoding=\"async\" src=\"https:\/\/www.escapadarural.com\/blog\/wp-content\/uploads\/2019\/01\/valle_inclan-1-1024x768.jpg\" alt=\"Casas-museo Valle Incl\u00e1n\" class=\"wp-image-25157\"\/><\/a><figcaption>Por Turismo de Galicia<\/figcaption><\/figure>\n\n\n\n<p>La R\u00eda de Arousa separa dos casas importantes en la vida de Valle Incl\u00e1n: la de <a rel=\"noopener noreferrer\" href=\"https:\/\/www.escapadarural.com\/casas-rurales\/vilanova-de-arousa\" target=\"_blank\" class=\"rank-math-link\">Vilanova de Arousa<\/a> (Pontevedra), donde naci\u00f3, y la de A <a rel=\"noopener noreferrer\" href=\"https:\/\/www.escapadarural.com\/casas-rurales\/a-pobra-do-caraminal\" target=\"_blank\" class=\"rank-math-link\">Pobra do Carami\u00f1al<\/a> (La Coru\u00f1a), donde la inspiraci\u00f3n le fue f\u00e9rtil. Dos costas, pero un mundo, apenas separado por un hora de distancia en coche.<\/p>\n\n\n\n<p>Fue en Vilanova de Arousa donde naci\u00f3 el escritor del esperpento, de <em>Luces de Bohemia<\/em> y de las sonatas y de <em>Tirano Banderas<\/em>, entre toda su ingente producci\u00f3n literaria. Aqu\u00ed se ubic\u00f3 la Fundaci\u00f3n del autor, en una sede inaugurada en 2006, en la popular plaza de A Pastoriza.<\/p>\n\n\n\n<p>En realidad, a pocos pasos del pazo que fuera casa natal de Valle Incl\u00e1n, en la calle el Cuadrante, actual Casa Museo dedicada al escritor. La casa-museo fue totalmente reconstruida tras un incendio que la destruy\u00f3. En ella, el visitante puede seguir la detallada exposici\u00f3n con contenido bibliogr\u00e1fico y documental, mientras que para la recreaci\u00f3n de las salas se tuvo en cuenta el testimonio de los m\u00e1s ancianos del municipio.<\/p>\n\n\n\n<p>La ruta de Valle-Incl\u00e1n por Galicia debe continuar hasta llegar a <strong>Pobra do Carami\u00f1al, donde el escritor vivi\u00f3 once a\u00f1os<\/strong> de los m\u00e1s productivos. All\u00ed espera la casa hidalga de la familia, la torre plateresca de Berm\u00fadez que, en palabras del propio escritor, es \u201cla casa m\u00e1s bonita de Galicia, muy siglo XVI, muy genuina arquitect\u00f3nicamente, con unas g\u00e1rgolas hermosas\u201d.<\/p>\n\n\n\n<h2 class=\"title-rute wp-block-heading\"><strong>5.<\/strong> Casa-Museo Miguel Hern\u00e1ndez (Orihuela, Alicante)<\/h2>\n\n\n\n<figure class=\"wp-block-image size-large\"><a href=\"https:\/\/www.escapadarural.com\/blog\/wp-content\/uploads\/2019\/01\/Casa_museu_de_Miguel_Hern\u00e1ndez_Oriola_Pa\u00eds_Valenci\u00e0-1.jpg\"><img decoding=\"async\" src=\"https:\/\/www.escapadarural.com\/blog\/wp-content\/uploads\/2019\/01\/Casa_museu_de_Miguel_Hern\u00e1ndez_Oriola_Pa\u00eds_Valenci\u00e0-1.jpg\" alt=\"Casa-museo Miguel Hern\u00e1ndez\" class=\"wp-image-25156\"\/><\/a><figcaption>Por Joanbanjo<\/figcaption><\/figure>\n\n\n\n<p>Una casa humilde. Eso s\u00ed, adaptada perfectamente para criar un reba\u00f1o de unas cien ovejas. As\u00ed era la vivienda donde el poeta se cri\u00f3 junto a sus hermanos. Una casa, en palabras del propio Miguel Hern\u00e1ndez, \u201cpintada est\u00e1 mi casa del color de las grandes pasiones y desgracias\u2026\u201d. Aqu\u00ed, al contacto de los campos y huertas de <a rel=\"noopener noreferrer\" href=\"https:\/\/www.escapadarural.com\/casas-rurales\/orihuela\" target=\"_blank\" class=\"rank-math-link\">Orihuela<\/a>, se fue formando la sensibilidad del autor de <em>Perito en lunas<\/em>, <em>Viento del Pueblo<\/em> o <em>El hombre acecha<\/em>, s\u00f3lo por citar algunos de sus poemarios de m\u00e1s \u00e9xito.<\/p>\n\n\n\n<p>La casa, ubicada en la calle de Arriba, 73 (hoy calle Miguel Hern\u00e1ndez), fue restaurada y en la actualidad es la sede de la Casa-Museo. El breve recorrido expositivo muestra recuerdos y fotograf\u00edas del escritor. En el patio sigue la higuera, bajo cuya sombra se sentaba a escribir sus primeros versos.<\/p>\n\n\n\n<p>Desde la Casa-Museo en Orihuela, los viajeros amantes de la obra del poeta podr\u00e1n continuar la ruta hasta <strong>Alicante, donde est\u00e1 su tumba<\/strong>. Tal vez all\u00ed, gusten leer alg\u00fan verso en recuerdo del genial poeta.<\/p>\n","protected":false},"excerpt":{"rendered":"<p>El universo al que s\u00f3lo nos hab\u00edamos asomado en la lectura, convertido en detalles y objetos, en vida cotidiana. Son las Casa-Museo y fundaciones de escritores. En Espa\u00f1a hay m\u00e1s de cincuenta casas de este tipo. Aqu\u00ed te mostramos cinco con las que podr\u00e1s viajar de norte a sur por Espa\u00f1a.<\/p>\n","protected":false},"author":112,"featured_media":13590,"comment_status":"open","ping_status":"closed","sticky":false,"template":"","format":"standard","meta":{"_acf_changed":false,"om_disable_all_campaigns":false,"footnotes":""},"categories":[231],"tags":[1717,2235,215,2236,2028,2237],"class_list":["post-10760","post","type-post","status-publish","format-standard","has-post-thumbnail","hentry","category-arte-y-cultura","tag-arte","tag-escritores","tag-listado","tag-literatura","tag-museo","tag-museos"],"acf":[],"featured_image_src":"https:\/\/www.escapadarural.com\/blog\/wp-content\/uploads\/2020\/04\/28-Museo-Etnografico-de-Cantabria.jpg","author_info":{"display_name":"Jos\u00e9 Alejandro Adamuz","author_link":"https:\/\/www.escapadarural.com\/blog\/autor\/josealejandro\/"},"yoast_head":"<!-- This site is optimized with the Yoast SEO plugin v27.5 - https:\/\/yoast.com\/product\/yoast-seo-wordpress\/ -->\n<title>5 casas-museo de escritores que puedes ver en Espa\u00f1a - EscapadaRural<\/title>\n<meta name=\"robots\" content=\"index, follow, max-snippet:-1, max-image-preview:large, max-video-preview:-1\" \/>\n<link rel=\"canonical\" href=\"https:\/\/www.escapadarural.com\/blog\/5-casas-museo-de-escritores-que-puedes-ver-en-espana\/\" \/>\n<meta property=\"og:locale\" content=\"es_ES\" \/>\n<meta property=\"og:type\" content=\"article\" \/>\n<meta property=\"og:title\" content=\"5 casas-museo de escritores que puedes ver en Espa\u00f1a - EscapadaRural\" \/>\n<meta property=\"og:description\" content=\"El universo al que s\u00f3lo nos hab\u00edamos asomado en la lectura, convertido en detalles y objetos, en vida cotidiana. Son las Casa-Museo y fundaciones de escritores. En Espa\u00f1a hay m\u00e1s de cincuenta casas de este tipo. Aqu\u00ed te mostramos cinco con las que podr\u00e1s viajar de norte a sur por Espa\u00f1a.\" \/>\n<meta property=\"og:url\" content=\"https:\/\/www.escapadarural.com\/blog\/5-casas-museo-de-escritores-que-puedes-ver-en-espana\/\" \/>\n<meta property=\"og:site_name\" content=\"Magazine de viajes de EscapadaRural\" \/>\n<meta property=\"article:publisher\" content=\"https:\/\/www.facebook.com\/escapadarural\" \/>\n<meta property=\"article:published_time\" content=\"2019-01-18T10:55:17+00:00\" \/>\n<meta property=\"article:modified_time\" content=\"2025-08-12T15:01:31+00:00\" \/>\n<meta property=\"og:image\" content=\"https:\/\/www.escapadarural.com\/blog\/wp-content\/uploads\/2020\/04\/28-Museo-Etnografico-de-Cantabria.jpg?v=1755010893\" \/>\n\t<meta property=\"og:image:width\" content=\"500\" \/>\n\t<meta property=\"og:image:height\" content=\"326\" \/>\n\t<meta property=\"og:image:type\" content=\"image\/jpeg\" \/>\n<meta name=\"author\" content=\"Jos\u00e9 Alejandro Adamuz\" \/>\n<meta name=\"twitter:card\" content=\"summary_large_image\" \/>\n<meta name=\"twitter:label1\" content=\"Escrito por\" \/>\n\t<meta name=\"twitter:data1\" content=\"Jos\u00e9 Alejandro Adamuz\" \/>\n\t<meta name=\"twitter:label2\" content=\"Tiempo de lectura\" \/>\n\t<meta name=\"twitter:data2\" content=\"6 minutos\" \/>\n<script type=\"application\/ld+json\" class=\"yoast-schema-graph\">{\"@context\":\"https:\\\/\\\/schema.org\",\"@graph\":[{\"@type\":\"Article\",\"@id\":\"https:\\\/\\\/www.escapadarural.com\\\/blog\\\/5-casas-museo-de-escritores-que-puedes-ver-en-espana\\\/#article\",\"isPartOf\":{\"@id\":\"https:\\\/\\\/www.escapadarural.com\\\/blog\\\/5-casas-museo-de-escritores-que-puedes-ver-en-espana\\\/\"},\"author\":{\"name\":\"Jos\u00e9 Alejandro Adamuz\",\"@id\":\"https:\\\/\\\/www.escapadarural.com\\\/blog\\\/#\\\/schema\\\/person\\\/ac6969ba5ab90987dda9465be409d6b3\"},\"headline\":\"5 casas-museo de escritores que puedes ver en Espa\u00f1a\",\"datePublished\":\"2019-01-18T10:55:17+00:00\",\"dateModified\":\"2025-08-12T15:01:31+00:00\",\"mainEntityOfPage\":{\"@id\":\"https:\\\/\\\/www.escapadarural.com\\\/blog\\\/5-casas-museo-de-escritores-que-puedes-ver-en-espana\\\/\"},\"wordCount\":1263,\"commentCount\":0,\"publisher\":{\"@id\":\"https:\\\/\\\/www.escapadarural.com\\\/blog\\\/#organization\"},\"image\":{\"@id\":\"https:\\\/\\\/www.escapadarural.com\\\/blog\\\/5-casas-museo-de-escritores-que-puedes-ver-en-espana\\\/#primaryimage\"},\"thumbnailUrl\":\"https:\\\/\\\/www.escapadarural.com\\\/blog\\\/wp-content\\\/uploads\\\/2020\\\/04\\\/28-Museo-Etnografico-de-Cantabria.jpg\",\"keywords\":[\"arte\",\"escritores\",\"Listado\",\"literatura\",\"Museo\",\"museos\"],\"articleSection\":[\"Arte y Cultura\"],\"inLanguage\":\"es\",\"potentialAction\":[{\"@type\":\"CommentAction\",\"name\":\"Comment\",\"target\":[\"https:\\\/\\\/www.escapadarural.com\\\/blog\\\/5-casas-museo-de-escritores-que-puedes-ver-en-espana\\\/#respond\"]}]},{\"@type\":\"WebPage\",\"@id\":\"https:\\\/\\\/www.escapadarural.com\\\/blog\\\/5-casas-museo-de-escritores-que-puedes-ver-en-espana\\\/\",\"url\":\"https:\\\/\\\/www.escapadarural.com\\\/blog\\\/5-casas-museo-de-escritores-que-puedes-ver-en-espana\\\/\",\"name\":\"5 casas-museo de escritores que puedes ver en Espa\u00f1a - EscapadaRural\",\"isPartOf\":{\"@id\":\"https:\\\/\\\/www.escapadarural.com\\\/blog\\\/#website\"},\"primaryImageOfPage\":{\"@id\":\"https:\\\/\\\/www.escapadarural.com\\\/blog\\\/5-casas-museo-de-escritores-que-puedes-ver-en-espana\\\/#primaryimage\"},\"image\":{\"@id\":\"https:\\\/\\\/www.escapadarural.com\\\/blog\\\/5-casas-museo-de-escritores-que-puedes-ver-en-espana\\\/#primaryimage\"},\"thumbnailUrl\":\"https:\\\/\\\/www.escapadarural.com\\\/blog\\\/wp-content\\\/uploads\\\/2020\\\/04\\\/28-Museo-Etnografico-de-Cantabria.jpg\",\"datePublished\":\"2019-01-18T10:55:17+00:00\",\"dateModified\":\"2025-08-12T15:01:31+00:00\",\"breadcrumb\":{\"@id\":\"https:\\\/\\\/www.escapadarural.com\\\/blog\\\/5-casas-museo-de-escritores-que-puedes-ver-en-espana\\\/#breadcrumb\"},\"inLanguage\":\"es\",\"potentialAction\":[{\"@type\":\"ReadAction\",\"target\":[\"https:\\\/\\\/www.escapadarural.com\\\/blog\\\/5-casas-museo-de-escritores-que-puedes-ver-en-espana\\\/\"]}]},{\"@type\":\"ImageObject\",\"inLanguage\":\"es\",\"@id\":\"https:\\\/\\\/www.escapadarural.com\\\/blog\\\/5-casas-museo-de-escritores-que-puedes-ver-en-espana\\\/#primaryimage\",\"url\":\"https:\\\/\\\/www.escapadarural.com\\\/blog\\\/wp-content\\\/uploads\\\/2020\\\/04\\\/28-Museo-Etnografico-de-Cantabria.jpg\",\"contentUrl\":\"https:\\\/\\\/www.escapadarural.com\\\/blog\\\/wp-content\\\/uploads\\\/2020\\\/04\\\/28-Museo-Etnografico-de-Cantabria.jpg\",\"width\":500,\"height\":326,\"caption\":\"Museo Etnogr\u00e1fico de Cantabria\"},{\"@type\":\"BreadcrumbList\",\"@id\":\"https:\\\/\\\/www.escapadarural.com\\\/blog\\\/5-casas-museo-de-escritores-que-puedes-ver-en-espana\\\/#breadcrumb\",\"itemListElement\":[{\"@type\":\"ListItem\",\"position\":1,\"name\":\"Inicio\",\"item\":\"https:\\\/\\\/www.escapadarural.com\\\/blog\\\/\"},{\"@type\":\"ListItem\",\"position\":2,\"name\":\"Arte y Cultura\",\"item\":\"https:\\\/\\\/www.escapadarural.com\\\/blog\\\/categoria\\\/arte-y-cultura\\\/\"},{\"@type\":\"ListItem\",\"position\":3,\"name\":\"5 casas-museo de escritores que puedes ver en Espa\u00f1a\"}]},{\"@type\":\"WebSite\",\"@id\":\"https:\\\/\\\/www.escapadarural.com\\\/blog\\\/#website\",\"url\":\"https:\\\/\\\/www.escapadarural.com\\\/blog\\\/\",\"name\":\"Blog de viajes | turismo rural, alojamientos e inspiraci\u00f3n\",\"description\":\"Alojamientos rurales e inspiraci\u00f3n para tus escapadas\",\"publisher\":{\"@id\":\"https:\\\/\\\/www.escapadarural.com\\\/blog\\\/#organization\"},\"alternateName\":\"Magazine de viajes de EscapadaRural\",\"potentialAction\":[{\"@type\":\"SearchAction\",\"target\":{\"@type\":\"EntryPoint\",\"urlTemplate\":\"https:\\\/\\\/www.escapadarural.com\\\/blog\\\/?s={search_term_string}\"},\"query-input\":{\"@type\":\"PropertyValueSpecification\",\"valueRequired\":true,\"valueName\":\"search_term_string\"}}],\"inLanguage\":\"es\"},{\"@type\":\"Organization\",\"@id\":\"https:\\\/\\\/www.escapadarural.com\\\/blog\\\/#organization\",\"name\":\"EscapadaRural\",\"url\":\"https:\\\/\\\/www.escapadarural.com\\\/blog\\\/\",\"logo\":{\"@type\":\"ImageObject\",\"inLanguage\":\"es\",\"@id\":\"https:\\\/\\\/www.escapadarural.com\\\/blog\\\/#\\\/schema\\\/logo\\\/image\\\/\",\"url\":\"https:\\\/\\\/www.escapadarural.com\\\/blog\\\/wp-content\\\/uploads\\\/2024\\\/10\\\/cropped-cropped-escapada-rural-icon-mag-3.png\",\"contentUrl\":\"https:\\\/\\\/www.escapadarural.com\\\/blog\\\/wp-content\\\/uploads\\\/2024\\\/10\\\/cropped-cropped-escapada-rural-icon-mag-3.png\",\"width\":512,\"height\":512,\"caption\":\"EscapadaRural\"},\"image\":{\"@id\":\"https:\\\/\\\/www.escapadarural.com\\\/blog\\\/#\\\/schema\\\/logo\\\/image\\\/\"},\"sameAs\":[\"https:\\\/\\\/www.facebook.com\\\/escapadarural\",\"https:\\\/\\\/www.instagram.com\\\/escapadarural\\\/\",\"https:\\\/\\\/www.youtube.com\\\/@escapadaruralcom\"]},{\"@type\":\"Person\",\"@id\":\"https:\\\/\\\/www.escapadarural.com\\\/blog\\\/#\\\/schema\\\/person\\\/ac6969ba5ab90987dda9465be409d6b3\",\"name\":\"Jos\u00e9 Alejandro Adamuz\",\"image\":{\"@type\":\"ImageObject\",\"inLanguage\":\"es\",\"@id\":\"https:\\\/\\\/www.escapadarural.com\\\/blog\\\/wp-content\\\/uploads\\\/2025\\\/02\\\/cropped-jose_alejandro_viajar-96x96.webp\",\"url\":\"https:\\\/\\\/www.escapadarural.com\\\/blog\\\/wp-content\\\/uploads\\\/2025\\\/02\\\/cropped-jose_alejandro_viajar-96x96.webp\",\"contentUrl\":\"https:\\\/\\\/www.escapadarural.com\\\/blog\\\/wp-content\\\/uploads\\\/2025\\\/02\\\/cropped-jose_alejandro_viajar-96x96.webp\",\"caption\":\"Jos\u00e9 Alejandro Adamuz\"},\"description\":\"Soy licenciado en filolog\u00eda hisp\u00e1nica y periodista por vocaci\u00f3n. Tambi\u00e9n soy disl\u00e9xico, por lo que suelo confundir la derecha con la izquierda y los kil\u00f3metros con la literatura. Pero de momento me va bien as\u00ed. Colaboro habitualmente en diferentes medios haciendo cr\u00f3nica de viajes y periodismo cultural. Me gusta que los viajes cuenten historias y que las historias me hagan viajar.\",\"sameAs\":[\"https:\\\/\\\/viviratodaletra.com\\\/\"],\"url\":\"https:\\\/\\\/www.escapadarural.com\\\/blog\\\/autor\\\/josealejandro\\\/\"}]}<\/script>\n<!-- \/ Yoast SEO plugin. -->","yoast_head_json":{"title":"5 casas-museo de escritores que puedes ver en Espa\u00f1a - EscapadaRural","robots":{"index":"index","follow":"follow","max-snippet":"max-snippet:-1","max-image-preview":"max-image-preview:large","max-video-preview":"max-video-preview:-1"},"canonical":"https:\/\/www.escapadarural.com\/blog\/5-casas-museo-de-escritores-que-puedes-ver-en-espana\/","og_locale":"es_ES","og_type":"article","og_title":"5 casas-museo de escritores que puedes ver en Espa\u00f1a - EscapadaRural","og_description":"El universo al que s\u00f3lo nos hab\u00edamos asomado en la lectura, convertido en detalles y objetos, en vida cotidiana. Son las Casa-Museo y fundaciones de escritores. En Espa\u00f1a hay m\u00e1s de cincuenta casas de este tipo. Aqu\u00ed te mostramos cinco con las que podr\u00e1s viajar de norte a sur por Espa\u00f1a.","og_url":"https:\/\/www.escapadarural.com\/blog\/5-casas-museo-de-escritores-que-puedes-ver-en-espana\/","og_site_name":"Magazine de viajes de EscapadaRural","article_publisher":"https:\/\/www.facebook.com\/escapadarural","article_published_time":"2019-01-18T10:55:17+00:00","article_modified_time":"2025-08-12T15:01:31+00:00","og_image":[{"width":500,"height":326,"url":"https:\/\/www.escapadarural.com\/blog\/wp-content\/uploads\/2020\/04\/28-Museo-Etnografico-de-Cantabria.jpg?v=1755010893","type":"image\/jpeg"}],"author":"Jos\u00e9 Alejandro Adamuz","twitter_card":"summary_large_image","twitter_misc":{"Escrito por":"Jos\u00e9 Alejandro Adamuz","Tiempo de lectura":"6 minutos"},"schema":{"@context":"https:\/\/schema.org","@graph":[{"@type":"Article","@id":"https:\/\/www.escapadarural.com\/blog\/5-casas-museo-de-escritores-que-puedes-ver-en-espana\/#article","isPartOf":{"@id":"https:\/\/www.escapadarural.com\/blog\/5-casas-museo-de-escritores-que-puedes-ver-en-espana\/"},"author":{"name":"Jos\u00e9 Alejandro Adamuz","@id":"https:\/\/www.escapadarural.com\/blog\/#\/schema\/person\/ac6969ba5ab90987dda9465be409d6b3"},"headline":"5 casas-museo de escritores que puedes ver en Espa\u00f1a","datePublished":"2019-01-18T10:55:17+00:00","dateModified":"2025-08-12T15:01:31+00:00","mainEntityOfPage":{"@id":"https:\/\/www.escapadarural.com\/blog\/5-casas-museo-de-escritores-que-puedes-ver-en-espana\/"},"wordCount":1263,"commentCount":0,"publisher":{"@id":"https:\/\/www.escapadarural.com\/blog\/#organization"},"image":{"@id":"https:\/\/www.escapadarural.com\/blog\/5-casas-museo-de-escritores-que-puedes-ver-en-espana\/#primaryimage"},"thumbnailUrl":"https:\/\/www.escapadarural.com\/blog\/wp-content\/uploads\/2020\/04\/28-Museo-Etnografico-de-Cantabria.jpg","keywords":["arte","escritores","Listado","literatura","Museo","museos"],"articleSection":["Arte y Cultura"],"inLanguage":"es","potentialAction":[{"@type":"CommentAction","name":"Comment","target":["https:\/\/www.escapadarural.com\/blog\/5-casas-museo-de-escritores-que-puedes-ver-en-espana\/#respond"]}]},{"@type":"WebPage","@id":"https:\/\/www.escapadarural.com\/blog\/5-casas-museo-de-escritores-que-puedes-ver-en-espana\/","url":"https:\/\/www.escapadarural.com\/blog\/5-casas-museo-de-escritores-que-puedes-ver-en-espana\/","name":"5 casas-museo de escritores que puedes ver en Espa\u00f1a - EscapadaRural","isPartOf":{"@id":"https:\/\/www.escapadarural.com\/blog\/#website"},"primaryImageOfPage":{"@id":"https:\/\/www.escapadarural.com\/blog\/5-casas-museo-de-escritores-que-puedes-ver-en-espana\/#primaryimage"},"image":{"@id":"https:\/\/www.escapadarural.com\/blog\/5-casas-museo-de-escritores-que-puedes-ver-en-espana\/#primaryimage"},"thumbnailUrl":"https:\/\/www.escapadarural.com\/blog\/wp-content\/uploads\/2020\/04\/28-Museo-Etnografico-de-Cantabria.jpg","datePublished":"2019-01-18T10:55:17+00:00","dateModified":"2025-08-12T15:01:31+00:00","breadcrumb":{"@id":"https:\/\/www.escapadarural.com\/blog\/5-casas-museo-de-escritores-que-puedes-ver-en-espana\/#breadcrumb"},"inLanguage":"es","potentialAction":[{"@type":"ReadAction","target":["https:\/\/www.escapadarural.com\/blog\/5-casas-museo-de-escritores-que-puedes-ver-en-espana\/"]}]},{"@type":"ImageObject","inLanguage":"es","@id":"https:\/\/www.escapadarural.com\/blog\/5-casas-museo-de-escritores-que-puedes-ver-en-espana\/#primaryimage","url":"https:\/\/www.escapadarural.com\/blog\/wp-content\/uploads\/2020\/04\/28-Museo-Etnografico-de-Cantabria.jpg","contentUrl":"https:\/\/www.escapadarural.com\/blog\/wp-content\/uploads\/2020\/04\/28-Museo-Etnografico-de-Cantabria.jpg","width":500,"height":326,"caption":"Museo Etnogr\u00e1fico de Cantabria"},{"@type":"BreadcrumbList","@id":"https:\/\/www.escapadarural.com\/blog\/5-casas-museo-de-escritores-que-puedes-ver-en-espana\/#breadcrumb","itemListElement":[{"@type":"ListItem","position":1,"name":"Inicio","item":"https:\/\/www.escapadarural.com\/blog\/"},{"@type":"ListItem","position":2,"name":"Arte y Cultura","item":"https:\/\/www.escapadarural.com\/blog\/categoria\/arte-y-cultura\/"},{"@type":"ListItem","position":3,"name":"5 casas-museo de escritores que puedes ver en Espa\u00f1a"}]},{"@type":"WebSite","@id":"https:\/\/www.escapadarural.com\/blog\/#website","url":"https:\/\/www.escapadarural.com\/blog\/","name":"Blog de viajes | turismo rural, alojamientos e inspiraci\u00f3n","description":"Alojamientos rurales e inspiraci\u00f3n para tus escapadas","publisher":{"@id":"https:\/\/www.escapadarural.com\/blog\/#organization"},"alternateName":"Magazine de viajes de EscapadaRural","potentialAction":[{"@type":"SearchAction","target":{"@type":"EntryPoint","urlTemplate":"https:\/\/www.escapadarural.com\/blog\/?s={search_term_string}"},"query-input":{"@type":"PropertyValueSpecification","valueRequired":true,"valueName":"search_term_string"}}],"inLanguage":"es"},{"@type":"Organization","@id":"https:\/\/www.escapadarural.com\/blog\/#organization","name":"EscapadaRural","url":"https:\/\/www.escapadarural.com\/blog\/","logo":{"@type":"ImageObject","inLanguage":"es","@id":"https:\/\/www.escapadarural.com\/blog\/#\/schema\/logo\/image\/","url":"https:\/\/www.escapadarural.com\/blog\/wp-content\/uploads\/2024\/10\/cropped-cropped-escapada-rural-icon-mag-3.png","contentUrl":"https:\/\/www.escapadarural.com\/blog\/wp-content\/uploads\/2024\/10\/cropped-cropped-escapada-rural-icon-mag-3.png","width":512,"height":512,"caption":"EscapadaRural"},"image":{"@id":"https:\/\/www.escapadarural.com\/blog\/#\/schema\/logo\/image\/"},"sameAs":["https:\/\/www.facebook.com\/escapadarural","https:\/\/www.instagram.com\/escapadarural\/","https:\/\/www.youtube.com\/@escapadaruralcom"]},{"@type":"Person","@id":"https:\/\/www.escapadarural.com\/blog\/#\/schema\/person\/ac6969ba5ab90987dda9465be409d6b3","name":"Jos\u00e9 Alejandro Adamuz","image":{"@type":"ImageObject","inLanguage":"es","@id":"https:\/\/www.escapadarural.com\/blog\/wp-content\/uploads\/2025\/02\/cropped-jose_alejandro_viajar-96x96.webp","url":"https:\/\/www.escapadarural.com\/blog\/wp-content\/uploads\/2025\/02\/cropped-jose_alejandro_viajar-96x96.webp","contentUrl":"https:\/\/www.escapadarural.com\/blog\/wp-content\/uploads\/2025\/02\/cropped-jose_alejandro_viajar-96x96.webp","caption":"Jos\u00e9 Alejandro Adamuz"},"description":"Soy licenciado en filolog\u00eda hisp\u00e1nica y periodista por vocaci\u00f3n. Tambi\u00e9n soy disl\u00e9xico, por lo que suelo confundir la derecha con la izquierda y los kil\u00f3metros con la literatura. Pero de momento me va bien as\u00ed. Colaboro habitualmente en diferentes medios haciendo cr\u00f3nica de viajes y periodismo cultural. Me gusta que los viajes cuenten historias y que las historias me hagan viajar.","sameAs":["https:\/\/viviratodaletra.com\/"],"url":"https:\/\/www.escapadarural.com\/blog\/autor\/josealejandro\/"}]}},"_links":{"self":[{"href":"https:\/\/www.escapadarural.com\/blog\/wp-json\/wp\/v2\/posts\/10760","targetHints":{"allow":["GET"]}}],"collection":[{"href":"https:\/\/www.escapadarural.com\/blog\/wp-json\/wp\/v2\/posts"}],"about":[{"href":"https:\/\/www.escapadarural.com\/blog\/wp-json\/wp\/v2\/types\/post"}],"author":[{"embeddable":true,"href":"https:\/\/www.escapadarural.com\/blog\/wp-json\/wp\/v2\/users\/112"}],"replies":[{"embeddable":true,"href":"https:\/\/www.escapadarural.com\/blog\/wp-json\/wp\/v2\/comments?post=10760"}],"version-history":[{"count":0,"href":"https:\/\/www.escapadarural.com\/blog\/wp-json\/wp\/v2\/posts\/10760\/revisions"}],"wp:featuredmedia":[{"embeddable":true,"href":"https:\/\/www.escapadarural.com\/blog\/wp-json\/wp\/v2\/media\/13590"}],"wp:attachment":[{"href":"https:\/\/www.escapadarural.com\/blog\/wp-json\/wp\/v2\/media?parent=10760"}],"wp:term":[{"taxonomy":"category","embeddable":true,"href":"https:\/\/www.escapadarural.com\/blog\/wp-json\/wp\/v2\/categories?post=10760"},{"taxonomy":"post_tag","embeddable":true,"href":"https:\/\/www.escapadarural.com\/blog\/wp-json\/wp\/v2\/tags?post=10760"}],"curies":[{"name":"wp","href":"https:\/\/api.w.org\/{rel}","templated":true}]}}