{"id":10842,"date":"2023-03-08T08:00:00","date_gmt":"2023-03-08T07:00:00","guid":{"rendered":"http:\/\/15.188.81.248\/2019\/02\/12\/8-paisajes-naturales-de-espana-imprescindibles\/"},"modified":"2025-07-25T14:45:36","modified_gmt":"2025-07-25T12:45:36","slug":"8-paisajes-naturales-de-espana-imprescindibles","status":"publish","type":"post","link":"https:\/\/www.escapadarural.com\/blog\/8-paisajes-naturales-de-espana-imprescindibles\/","title":{"rendered":"8 paisajes naturales que visitar al menos una vez en la vida"},"content":{"rendered":"\n<p>Teorizando Juan Ram\u00f3n Jim\u00e9nez sobre la poes\u00eda dijo que cada paisaje, en realidad, se compone de diferentes elementos, \u201cSin contar con los detalles m\u00e1s insignificantes, que, a veces, son los m\u00e1s significativos\u201d. Ven\u00eda a decir el poeta que de lo que se trata es del conjunto y que, seamos artistas en mayor o menor medida, el paisaje acaba entrando en nosotros mismos al observarlo, dejando una huella en nuestro interior, un anhelo de libertad y de pureza.<\/p>\n\n\n\n<p>Sin duda, se trata de algo que con la selecci\u00f3n de estos paisajes alucinantes de Espa\u00f1a tendr\u00e1s la oportunidad de experimentar.<\/p>\n\n\n\n<h2 class=\"wp-block-heading title-rute\" id=\"h-parque-nacional-de-timanfaya-lanzarote\">Parque Nacional de Timanfaya, <a href=\"https:\/\/www.escapadarural.com\/casas-rurales\/lanzarote\" target=\"_blank\" rel=\"noreferrer noopener\">Lanzarote<\/a><\/h2>\n\n\n\n<p>Al suroeste de <a rel=\"noopener noreferrer\" class=\"rank-math-link\" href=\"https:\/\/www.escapadarural.com\/casas-rurales\/lanzarote\" target=\"_blank\">Lanzarote<\/a>, este parque es conocido por ser una de las mejores muestras de paisaje volc\u00e1nico que regala la naturaleza. Sus monta\u00f1as de fuego peladas, la ausencia de vegetaci\u00f3n, los ocres y los \u00f3xidos, la textura del horizonte, el viento desnudo y los cr\u00e1teres har\u00e1n que pr\u00e1cticamente te sientas en Marte.<\/p>\n\n\n\n<p>Seg\u00fan testimonio del p\u00e1rroco Lorenzo Curbelo, la tierra tembl\u00f3 en <strong>Timanfaya<\/strong> en 1730, \u201cY una enorme monta\u00f1a se levant\u00f3 del seno de la tierra\u00bb. Desde entonces, el paisaje se fue transformando. Para conocerlo, la Ruta de los Volcanes es un itinerario de 14 km. en \u201cguagua\u201d que parte de Las Monta\u00f1as del Fuego y recorre los enclaves m\u00e1s caracter\u00edsticos del parque. Imprescindible si es tu primera vez.<\/p>\n\n\n\n<h2 class=\"wp-block-heading title-rute\" id=\"h-las-medulas-leon\">Las M\u00e9dulas, <a href=\"https:\/\/www.escapadarural.com\/casas-rurales\/leon\" target=\"_blank\" rel=\"noreferrer noopener\">Le\u00f3n<\/a><\/h2>\n\n\n\n<figure class=\"wp-block-image size-full\"><img loading=\"lazy\" decoding=\"async\" width=\"1024\" height=\"683\" src=\"https:\/\/www.escapadarural.com\/blog\/wp-content\/uploads\/2025\/02\/AdobeStock_506286534_WP_03.webp\" alt=\"Las M\u00e9dulas, en El Bierzo, Le\u00f3n.\" class=\"wp-image-192884\" srcset=\"https:\/\/www.escapadarural.com\/blog\/wp-content\/uploads\/2025\/02\/AdobeStock_506286534_WP_03-200x133.webp 200w, https:\/\/www.escapadarural.com\/blog\/wp-content\/uploads\/2025\/02\/AdobeStock_506286534_WP_03-300x200.webp 300w, https:\/\/www.escapadarural.com\/blog\/wp-content\/uploads\/2025\/02\/AdobeStock_506286534_WP_03-400x267.webp 400w, https:\/\/www.escapadarural.com\/blog\/wp-content\/uploads\/2025\/02\/AdobeStock_506286534_WP_03-600x400.webp 600w, https:\/\/www.escapadarural.com\/blog\/wp-content\/uploads\/2025\/02\/AdobeStock_506286534_WP_03-768x512.webp 768w, https:\/\/www.escapadarural.com\/blog\/wp-content\/uploads\/2025\/02\/AdobeStock_506286534_WP_03-800x534.webp 800w, https:\/\/www.escapadarural.com\/blog\/wp-content\/uploads\/2025\/02\/AdobeStock_506286534_WP_03.webp 1024w\" sizes=\"auto, (max-width: 1024px) 100vw, 1024px\" \/><figcaption class=\"wp-element-caption\">Las M\u00e9dulas. Por Leonid Andronov<\/figcaption><\/figure>\n\n\n\n<p>Estas colinas rojizas salpicadas de vegetaci\u00f3n que encontrar\u00e1s en <a rel=\"noopener noreferrer\" class=\"rank-math-link\" href=\"https:\/\/www.escapadarural.com\/casas-rurales\/el-bierzo\" target=\"_blank\">El Bierzo<\/a>, en la provincia de Le\u00f3n, fueron declaradas Patrimonio de la Humanidad en 1997 por considerarse un paisaje cultural. No son formaciones caprichosas de la naturaleza, sino que son el resultado de la mayor explotaci\u00f3n aur\u00edfera a cielo abierto de todo el Imperio romano.<\/p>\n\n\n\n<p>Los trabajos de extracci\u00f3n debieron ser espectaculares y acabaron modelando lo que vemos hoy en d\u00eda desde el popular mirador de Orell\u00e1n. Hay un aula arqueol\u00f3gica donde se explica toda historia del lugar y varias rutas que podr\u00e1s hacer por libre o bien guiadas por el Centro de Recepci\u00f3n de Visitantes.<\/p>\n\n\n\n<h2 class=\"wp-block-heading title-rute\" id=\"h-dunas-de-corralejo-fuerteventura\">Dunas de Corralejo, <a href=\"https:\/\/www.escapadarural.com\/casas-rurales\/fuertescusa\" target=\"_blank\" rel=\"noreferrer noopener\">Fuerteventura<\/a><\/h2>\n\n\n\n<figure class=\"wp-block-image size-large\"><a href=\"https:\/\/www.escapadarural.com\/blog\/wp-content\/uploads\/2020\/02\/11011-scaled.jpg\"><img decoding=\"async\" src=\"https:\/\/www.escapadarural.com\/blog\/wp-content\/uploads\/2023\/03\/11011-1024x683-1.jpg\" alt=\"Dunas de Corralejo\" class=\"wp-image-25132\"\/><\/a><figcaption class=\"wp-element-caption\">Dunas de Corralejo. Por Alex Mart\u00edn Ros \/ Turismo de Canarias<\/figcaption><\/figure>\n\n\n\n<p>Un paisaje binario: ocre y azul, arena y mar. Un desierto inmenso que no contento con alcanzar el horizonte va a la b\u00fasqueda del Atl\u00e1ntico. Si recuerdas la pel\u00edcula <em>Lawrence de Arabia<\/em>, te faltar\u00e1 poco para imaginar a Peter O&#8217;Toole corriendo en un desbocado dromedario con el sable alzado. El viento alisio va moldeando este inmenso campo dunar que se extiende a lo largo de casi 10 kil\u00f3metros.<\/p>\n\n\n\n<p>Las dunas de Corralejo se ubican al norte de <a href=\"https:\/\/www.escapadarural.com\/casas-rurales\/fuertescusa\" class=\"rank-math-link\">Fuerteventura<\/a>, en el municipio de La Oliva y son las m\u00e1s grandes del archipi\u00e9lago canario. Las playas que te encontrar\u00e1s en el parque son paradis\u00edacas. Eso s\u00ed, cuidado con el viento. S\u00f3lo hay que decir que desde 1987 se viene celebrando en noviembre el popular Festival Internacional de Cometas. Entonces, el paraje se llena de otros muchos m\u00e1s colores adem\u00e1s del de la arena y el mar.<\/p>\n\n\n\n<h2 class=\"wp-block-heading title-rute\" id=\"h-playa-de-las-catedrales-galicia\">Playa de las Catedrales, <a href=\"https:\/\/www.escapadarural.com\/casas-rurales\/galicia\" target=\"_blank\" rel=\"noreferrer noopener\">Galicia<\/a><\/h2>\n\n\n\n<figure class=\"wp-block-image size-full\"><img loading=\"lazy\" decoding=\"async\" width=\"1024\" height=\"683\" src=\"https:\/\/www.escapadarural.com\/blog\/wp-content\/uploads\/2024\/10\/playas-monumento-natural-las-catedrales-1024x683-1.jpg\" alt=\"\" class=\"wp-image-96517\" srcset=\"https:\/\/www.escapadarural.com\/blog\/wp-content\/uploads\/2024\/10\/playas-monumento-natural-las-catedrales-1024x683-1-200x133.jpg 200w, https:\/\/www.escapadarural.com\/blog\/wp-content\/uploads\/2024\/10\/playas-monumento-natural-las-catedrales-1024x683-1-300x200.jpg 300w, https:\/\/www.escapadarural.com\/blog\/wp-content\/uploads\/2024\/10\/playas-monumento-natural-las-catedrales-1024x683-1-400x267.jpg 400w, https:\/\/www.escapadarural.com\/blog\/wp-content\/uploads\/2024\/10\/playas-monumento-natural-las-catedrales-1024x683-1-600x400.jpg 600w, https:\/\/www.escapadarural.com\/blog\/wp-content\/uploads\/2024\/10\/playas-monumento-natural-las-catedrales-1024x683-1-768x512.jpg 768w, https:\/\/www.escapadarural.com\/blog\/wp-content\/uploads\/2024\/10\/playas-monumento-natural-las-catedrales-1024x683-1-800x534.jpg 800w, https:\/\/www.escapadarural.com\/blog\/wp-content\/uploads\/2024\/10\/playas-monumento-natural-las-catedrales-1024x683-1.jpg 1024w\" sizes=\"auto, (max-width: 1024px) 100vw, 1024px\" \/><\/figure>\n\n\n\n<p>Resulta que en ocasiones a la naturaleza le da por jugar a la arquitectura. Es entonces cuando de las formaciones rocosas esculpe arcos, naves, pilares y arcadas sorprendentes. Eso es lo que ocurre en esta maravilla natural de <a rel=\"noopener noreferrer\" class=\"rank-math-link\" href=\"https:\/\/www.escapadarural.com\/casas-rurales\/ribadeo\" target=\"_blank\">Ribadeo<\/a>, Lugo.<\/p>\n\n\n\n<p>Est\u00e1 considerada como una de las playas m\u00e1s espectaculares del mundo, aunque en ella no encontrar\u00e1s el mejor lugar para el ba\u00f1o o tumbarte en tu toalla. M\u00e1s bien, est\u00e1 muy concurrida de gente que llega a esta playa a disfrutar de su monumentalidad, igual que si fuera una catedral&#8230; \u00a1Y de ah\u00ed su nombre! Para ba\u00f1arse hay arenales pr\u00f3ximos m\u00e1s aptos. Sobre todo, tienes que tener en cuenta el ciclo de las mareas y visitarla con la marea baja. De lo contrario, el arenal pr\u00e1cticamente desaparece engullido por el Cant\u00e1brico.<\/p>\n\n\n\n<h2 class=\"wp-block-heading title-rute\" id=\"h-bardenas-reales-navarra\">Bardenas Reales, <a href=\"https:\/\/www.escapadarural.com\/casas-rurales\/navarra\" target=\"_blank\" rel=\"noreferrer noopener\">Navarra<\/a><\/h2>\n\n\n\n<figure class=\"wp-block-image size-full\"><img loading=\"lazy\" decoding=\"async\" width=\"1024\" height=\"682\" src=\"https:\/\/www.escapadarural.com\/blog\/wp-content\/uploads\/2025\/02\/AdobeStock_675229665.webp\" alt=\"Bardenas Reales, Navarra.\" class=\"wp-image-193004\" srcset=\"https:\/\/www.escapadarural.com\/blog\/wp-content\/uploads\/2025\/02\/AdobeStock_675229665-200x133.webp 200w, https:\/\/www.escapadarural.com\/blog\/wp-content\/uploads\/2025\/02\/AdobeStock_675229665-300x200.webp 300w, https:\/\/www.escapadarural.com\/blog\/wp-content\/uploads\/2025\/02\/AdobeStock_675229665-400x266.webp 400w, https:\/\/www.escapadarural.com\/blog\/wp-content\/uploads\/2025\/02\/AdobeStock_675229665-600x400.webp 600w, https:\/\/www.escapadarural.com\/blog\/wp-content\/uploads\/2025\/02\/AdobeStock_675229665-768x512.webp 768w, https:\/\/www.escapadarural.com\/blog\/wp-content\/uploads\/2025\/02\/AdobeStock_675229665-800x533.webp 800w, https:\/\/www.escapadarural.com\/blog\/wp-content\/uploads\/2025\/02\/AdobeStock_675229665.webp 1024w\" sizes=\"auto, (max-width: 1024px) 100vw, 1024px\" \/><figcaption class=\"wp-element-caption\">Por AntonioLopez<\/figcaption><\/figure>\n\n\n\n<p><a href=\"https:\/\/www.escapadarural.com\/casas-rurales\/navarra\" class=\"rank-math-link\">Navarra<\/a> tiene su propio Monument Valley en el paisaje semides\u00e9rtico del Parque Natural Bardenas Reales, declarado reserva de la biosfera de la UNESCO. Los cabezos, as\u00ed se llaman a las formaciones de yeso, arcilla y areniscas modeladas caprichosamente por el viento, se encuentran repartidas por el parque. Tal vez la m\u00e1s famosa, la de Castildetierra, te suene de haberla visto fotografiada en multitud de lugares.<\/p>\n\n\n\n<p>Tienes diferentes sectores por donde aventurarte, pero el principal es el denominado Bardenas Blancas. La singularidad de estos paisajes ha llamado la atenci\u00f3n de muchos directores que los han convertido en escenarios para sus pel\u00edculas o series de televisi\u00f3n, como <em><a href=\"https:\/\/www.escapadarural.com\/blog\/todos-los-lugares-de-juego-de-tronos-en-espana\/\" class=\"rank-math-link\">Juego de Tronos<\/a><\/em>. La visita se realiza por pistas de tierra que podr\u00e1s recorrer en veh\u00edculo de motor y tambi\u00e9n, siguiendo las rutas marcadas, haciendo senderismo o en tu bicicleta BTT.<\/p>\n\n\n\n<h2 class=\"wp-block-heading title-rute\" id=\"h-bufones-de-pria-asturias\">Bufones de Pr\u00eda, <a href=\"https:\/\/www.escapadarural.com\/casas-rurales\/asturias\" target=\"_blank\" rel=\"noreferrer noopener\">Asturias<\/a><\/h2>\n\n\n\n<figure class=\"wp-block-image size-full\"><img loading=\"lazy\" decoding=\"async\" width=\"1024\" height=\"683\" src=\"https:\/\/www.escapadarural.com\/blog\/wp-content\/uploads\/2025\/01\/09_PaisajesMitologicos_BufonesPria_arnaud_AdobeStock_334277405_WP14.webp\" alt=\"Los bufones de Pr\u00eda, uno de los paisajes de leyenda m\u00e1s genuinos. Asturias\" class=\"wp-image-187719\" srcset=\"https:\/\/www.escapadarural.com\/blog\/wp-content\/uploads\/2025\/01\/09_PaisajesMitologicos_BufonesPria_arnaud_AdobeStock_334277405_WP14-200x133.webp 200w, https:\/\/www.escapadarural.com\/blog\/wp-content\/uploads\/2025\/01\/09_PaisajesMitologicos_BufonesPria_arnaud_AdobeStock_334277405_WP14-300x200.webp 300w, https:\/\/www.escapadarural.com\/blog\/wp-content\/uploads\/2025\/01\/09_PaisajesMitologicos_BufonesPria_arnaud_AdobeStock_334277405_WP14-400x267.webp 400w, https:\/\/www.escapadarural.com\/blog\/wp-content\/uploads\/2025\/01\/09_PaisajesMitologicos_BufonesPria_arnaud_AdobeStock_334277405_WP14-600x400.webp 600w, https:\/\/www.escapadarural.com\/blog\/wp-content\/uploads\/2025\/01\/09_PaisajesMitologicos_BufonesPria_arnaud_AdobeStock_334277405_WP14-768x512.webp 768w, https:\/\/www.escapadarural.com\/blog\/wp-content\/uploads\/2025\/01\/09_PaisajesMitologicos_BufonesPria_arnaud_AdobeStock_334277405_WP14-800x534.webp 800w, https:\/\/www.escapadarural.com\/blog\/wp-content\/uploads\/2025\/01\/09_PaisajesMitologicos_BufonesPria_arnaud_AdobeStock_334277405_WP14.webp 1024w\" sizes=\"auto, (max-width: 1024px) 100vw, 1024px\" \/><figcaption class=\"wp-element-caption\">Los bufones de Pr\u00eda, uno de los paisajes de leyenda m\u00e1s genuinos. Asturias<\/figcaption><\/figure>\n\n\n\n<p>La espuma blanca del mar revuelto, el perfil del acantilado como si fuera la espalda de una gran ballena y, de pronto, ah\u00ed lo tienes, un chorro de vapor de agua que sale disparado. No es fantas\u00eda, en Asturias a esto lo llaman bufones y tal vez los de Pr\u00eda, en la costa de <a rel=\"noopener noreferrer\" class=\"rank-math-link\" href=\"https:\/\/www.escapadarural.com\/casas-rurales\/llanes\" target=\"_blank\">Llanes<\/a>, sean los m\u00e1s famosos.<\/p>\n\n\n\n<p>Este fen\u00f3meno natural, como si el<strong> Cant\u00e1brico respirara<\/strong>, ocurre por acci\u00f3n del mar cuando hay fuerte oleaje y \u00e9ste se cuela por las chimeneas y grietas erosionadas de los acantilados de roca caliza. Para disfrutar de este sonoro paisaje, tendr\u00e1s que seguir el sendero que parte desde la vertical playa de Guadam\u00eda hasta la parte superior de los bufones, \u00a1y mejor lleva un chubasquero!<\/p>\n\n\n\n<h2 class=\"wp-block-heading title-rute\" id=\"h-cuevas-del-drach-mallorca\">Cuevas del Drach, <a href=\"https:\/\/www.escapadarural.com\/casas-rurales\/mallorca\" target=\"_blank\" rel=\"noreferrer noopener\">Mallorca<\/a><\/h2>\n\n\n\n<figure class=\"wp-block-image size-full\"><img loading=\"lazy\" decoding=\"async\" width=\"1024\" height=\"683\" src=\"https:\/\/www.escapadarural.com\/blog\/wp-content\/uploads\/2024\/10\/cuevas-del-drach-1024x683-1.jpg\" alt=\"Cuevas del Drach, en Mallorca.\" class=\"wp-image-95084\" srcset=\"https:\/\/www.escapadarural.com\/blog\/wp-content\/uploads\/2024\/10\/cuevas-del-drach-1024x683-1-200x133.jpg 200w, https:\/\/www.escapadarural.com\/blog\/wp-content\/uploads\/2024\/10\/cuevas-del-drach-1024x683-1-300x200.jpg 300w, https:\/\/www.escapadarural.com\/blog\/wp-content\/uploads\/2024\/10\/cuevas-del-drach-1024x683-1-400x267.jpg 400w, https:\/\/www.escapadarural.com\/blog\/wp-content\/uploads\/2024\/10\/cuevas-del-drach-1024x683-1-600x400.jpg 600w, https:\/\/www.escapadarural.com\/blog\/wp-content\/uploads\/2024\/10\/cuevas-del-drach-1024x683-1-768x512.jpg 768w, https:\/\/www.escapadarural.com\/blog\/wp-content\/uploads\/2024\/10\/cuevas-del-drach-1024x683-1-800x534.jpg 800w, https:\/\/www.escapadarural.com\/blog\/wp-content\/uploads\/2024\/10\/cuevas-del-drach-1024x683-1.jpg 1024w\" sizes=\"auto, (max-width: 1024px) 100vw, 1024px\" \/><figcaption class=\"wp-element-caption\">Cuevas del Drach, en Mallorca.<\/figcaption><\/figure>\n\n\n\n<p>Si Julio Verne decidi\u00f3 ubicar la entrada al centro de la Tierra bajo el volc\u00e1n Sn\u00e6fellsj\u00f6kull es seguramente porque no conoc\u00eda estas cuevas, en Portocristo. No cabe duda que habr\u00eda sido mejor iniciar el viaje al centro de la Tierra en <a class=\"rank-math-link\" href=\"https:\/\/www.escapadarural.com\/casas-rurales\/mallorca\" target=\"_blank\" rel=\"noopener noreferrer\">Mallorca<\/a> que en Islandia. Las cuevas del Drach se ubican en Portocristo, a s\u00f3lo 65 kil\u00f3metros de<strong> Palma de Mallorca<\/strong>.<\/p>\n\n\n\n<p>Cuando llegues, el centro de visitantes te parecer\u00e1 cualquier cosa menos una gruta natural. Pero una vez dentro, te encontrar\u00e1s un escenario fabuloso de estalactitas y estalagmitas, esc\u00e9nicos recovecos, pilares naturales iluminados, un goteo constante y uno de los lagos subterr\u00e1neos m\u00e1s grandes de Europa. En realidad, se trata de cuatro cuevas unidas entre s\u00ed en un recorrido de unos 1.200 metros. Las <strong>cuevas del Drach<\/strong> ya se conoc\u00edan en la Edad Media. \u00bfY t\u00fa? \u00bfYa las has visitado?<\/p>\n\n\n\n<h2 class=\"wp-block-heading title-rute\" id=\"h-la-playa-de-itzurun-guipuzcoa\">La playa de Itzurun, <a href=\"https:\/\/www.escapadarural.com\/casas-rurales\/guipuzcoa\" target=\"_blank\" rel=\"noreferrer noopener\">Guip\u00fazcoa<\/a><\/h2>\n\n\n\n<figure class=\"wp-block-image size-full\"><img loading=\"lazy\" decoding=\"async\" width=\"1024\" height=\"683\" src=\"https:\/\/www.escapadarural.com\/blog\/wp-content\/uploads\/2024\/10\/Itzurun_AdobeStock_788261318WP03.webp\" alt=\"Itzurun, playa en el Pa\u00eds Vasco\" class=\"wp-image-91981\" srcset=\"https:\/\/www.escapadarural.com\/blog\/wp-content\/uploads\/2024\/10\/Itzurun_AdobeStock_788261318WP03-200x133.webp 200w, https:\/\/www.escapadarural.com\/blog\/wp-content\/uploads\/2024\/10\/Itzurun_AdobeStock_788261318WP03-300x200.webp 300w, https:\/\/www.escapadarural.com\/blog\/wp-content\/uploads\/2024\/10\/Itzurun_AdobeStock_788261318WP03-400x267.webp 400w, https:\/\/www.escapadarural.com\/blog\/wp-content\/uploads\/2024\/10\/Itzurun_AdobeStock_788261318WP03-600x400.webp 600w, https:\/\/www.escapadarural.com\/blog\/wp-content\/uploads\/2024\/10\/Itzurun_AdobeStock_788261318WP03-768x512.webp 768w, https:\/\/www.escapadarural.com\/blog\/wp-content\/uploads\/2024\/10\/Itzurun_AdobeStock_788261318WP03-800x534.webp 800w, https:\/\/www.escapadarural.com\/blog\/wp-content\/uploads\/2024\/10\/Itzurun_AdobeStock_788261318WP03.webp 1024w\" sizes=\"auto, (max-width: 1024px) 100vw, 1024px\" \/><figcaption class=\"wp-element-caption\">Playa de Itzurun, Zumaia. Por unai\n<\/figcaption><\/figure>\n\n\n\n<p>La playa de Zumaia es excepcional. Lo es porque en ella, encontrar\u00e1s el paisaje no hacia el mar como viene siendo habitual en una playa, sino, al contrario, tendr\u00e1s que darle la espalda, porque el detalle est\u00e1 en los acantilados. Son tan impresionantes que aparecen como decorado en la s\u00e9ptima temporada de <em>Game of Thrones<\/em>.<\/p>\n\n\n\n<p>En <a class=\"rank-math-link\" href=\"https:\/\/www.escapadarural.com\/casas-rurales\/zumaia\" target=\"_blank\" rel=\"noopener noreferrer\">Zumaia<\/a>, el fen\u00f3meno geol\u00f3gico denominado flysch alcanza su m\u00e1xima expresi\u00f3n. Digamos que es algo as\u00ed como una lecci\u00f3n de geolog\u00eda en vivo: millones de a\u00f1os de historia a la vista, en sucesivos estratos rocosos. Si te gusta el paisaje y caminar, tienes una Ruta del Flysch entre las localidades de Zumaia y Deba, que forma parte del espectacular <a href=\"https:\/\/geoparkea.eus\/es\/\" target=\"_blank\" rel=\"noreferrer noopener\">Geoparque de la Costa Vasca<\/a>.<\/p>\n","protected":false},"excerpt":{"rendered":"<p>Una selecci\u00f3n de algunos de los paisajes m\u00e1s extraordinarios de Espa\u00f1a que hay que visitar al menos una vez en la vida. <\/p>\n","protected":false},"author":112,"featured_media":192884,"comment_status":"open","ping_status":"closed","sticky":false,"template":"","format":"standard","meta":{"_acf_changed":false,"om_disable_all_campaigns":false,"footnotes":""},"categories":[191],"tags":[947,1803,4945,307,604,2175,591,215,4242,2422],"class_list":["post-10842","post","type-post","status-publish","format-standard","has-post-thumbnail","hentry","category-destinos","tag-bardenas-reales","tag-bufones-de-pria","tag-dunas-de-corralejo","tag-que-ver-en-islas-canarias","tag-lanzarote","tag-las-medulas","tag-que-ver-en-leon","tag-listado","tag-playa-catedrales","tag-timanfaya"],"acf":[],"featured_image_src":"https:\/\/www.escapadarural.com\/blog\/wp-content\/uploads\/2025\/02\/AdobeStock_506286534_WP_03.webp","author_info":{"display_name":"Jos\u00e9 Alejandro Adamuz","author_link":"https:\/\/www.escapadarural.com\/blog\/autor\/josealejandro\/"},"yoast_head":"<!-- This site is optimized with the Yoast SEO plugin v27.5 - https:\/\/yoast.com\/product\/yoast-seo-wordpress\/ -->\n<title>8 paisajes naturales que visitar al menos una vez en la vida - EscapadaRural<\/title>\n<meta name=\"robots\" content=\"index, follow, max-snippet:-1, max-image-preview:large, max-video-preview:-1\" \/>\n<link rel=\"canonical\" href=\"https:\/\/www.escapadarural.com\/blog\/8-paisajes-naturales-de-espana-imprescindibles\/\" \/>\n<meta property=\"og:locale\" content=\"es_ES\" \/>\n<meta property=\"og:type\" content=\"article\" \/>\n<meta property=\"og:title\" content=\"8 paisajes naturales que visitar al menos una vez en la vida - EscapadaRural\" \/>\n<meta property=\"og:description\" content=\"Una selecci\u00f3n de algunos de los paisajes m\u00e1s extraordinarios de Espa\u00f1a que hay que visitar al menos una vez en la vida.\" \/>\n<meta property=\"og:url\" content=\"https:\/\/www.escapadarural.com\/blog\/8-paisajes-naturales-de-espana-imprescindibles\/\" \/>\n<meta property=\"og:site_name\" content=\"Magazine de viajes de EscapadaRural\" \/>\n<meta property=\"article:publisher\" content=\"https:\/\/www.facebook.com\/escapadarural\" \/>\n<meta property=\"article:published_time\" content=\"2023-03-08T07:00:00+00:00\" \/>\n<meta property=\"article:modified_time\" content=\"2025-07-25T12:45:36+00:00\" \/>\n<meta property=\"og:image\" content=\"https:\/\/www.escapadarural.com\/blog\/wp-content\/uploads\/2025\/02\/AdobeStock_506286534_WP_03.webp?v=1753447537\" \/>\n\t<meta property=\"og:image:width\" content=\"1024\" \/>\n\t<meta property=\"og:image:height\" content=\"683\" \/>\n\t<meta property=\"og:image:type\" content=\"image\/webp\" \/>\n<meta name=\"author\" content=\"Jos\u00e9 Alejandro Adamuz\" \/>\n<meta name=\"twitter:card\" content=\"summary_large_image\" \/>\n<meta name=\"twitter:label1\" content=\"Escrito por\" \/>\n\t<meta name=\"twitter:data1\" content=\"Jos\u00e9 Alejandro Adamuz\" \/>\n\t<meta name=\"twitter:label2\" content=\"Tiempo de lectura\" \/>\n\t<meta name=\"twitter:data2\" content=\"8 minutos\" \/>\n<script type=\"application\/ld+json\" class=\"yoast-schema-graph\">{\"@context\":\"https:\\\/\\\/schema.org\",\"@graph\":[{\"@type\":\"Article\",\"@id\":\"https:\\\/\\\/www.escapadarural.com\\\/blog\\\/8-paisajes-naturales-de-espana-imprescindibles\\\/#article\",\"isPartOf\":{\"@id\":\"https:\\\/\\\/www.escapadarural.com\\\/blog\\\/8-paisajes-naturales-de-espana-imprescindibles\\\/\"},\"author\":{\"name\":\"Jos\u00e9 Alejandro Adamuz\",\"@id\":\"https:\\\/\\\/www.escapadarural.com\\\/blog\\\/#\\\/schema\\\/person\\\/ac6969ba5ab90987dda9465be409d6b3\"},\"headline\":\"8 paisajes naturales que visitar al menos una vez en la vida\",\"datePublished\":\"2023-03-08T07:00:00+00:00\",\"dateModified\":\"2025-07-25T12:45:36+00:00\",\"mainEntityOfPage\":{\"@id\":\"https:\\\/\\\/www.escapadarural.com\\\/blog\\\/8-paisajes-naturales-de-espana-imprescindibles\\\/\"},\"wordCount\":1293,\"commentCount\":10,\"publisher\":{\"@id\":\"https:\\\/\\\/www.escapadarural.com\\\/blog\\\/#organization\"},\"image\":{\"@id\":\"https:\\\/\\\/www.escapadarural.com\\\/blog\\\/8-paisajes-naturales-de-espana-imprescindibles\\\/#primaryimage\"},\"thumbnailUrl\":\"https:\\\/\\\/www.escapadarural.com\\\/blog\\\/wp-content\\\/uploads\\\/2025\\\/02\\\/AdobeStock_506286534_WP_03.webp\",\"keywords\":[\"Bardenas Reales\",\"Bufones de Pr\u00eda\",\"dunas de Corralejo\",\"Islas Canarias\",\"Lanzarote\",\"Las M\u00e9dulas\",\"Le\u00f3n\",\"Listado\",\"Playa Catedrales\",\"Timanfaya\"],\"articleSection\":[\"Destinos\"],\"inLanguage\":\"es\",\"potentialAction\":[{\"@type\":\"CommentAction\",\"name\":\"Comment\",\"target\":[\"https:\\\/\\\/www.escapadarural.com\\\/blog\\\/8-paisajes-naturales-de-espana-imprescindibles\\\/#respond\"]}]},{\"@type\":\"WebPage\",\"@id\":\"https:\\\/\\\/www.escapadarural.com\\\/blog\\\/8-paisajes-naturales-de-espana-imprescindibles\\\/\",\"url\":\"https:\\\/\\\/www.escapadarural.com\\\/blog\\\/8-paisajes-naturales-de-espana-imprescindibles\\\/\",\"name\":\"8 paisajes naturales que visitar al menos una vez en la vida - EscapadaRural\",\"isPartOf\":{\"@id\":\"https:\\\/\\\/www.escapadarural.com\\\/blog\\\/#website\"},\"primaryImageOfPage\":{\"@id\":\"https:\\\/\\\/www.escapadarural.com\\\/blog\\\/8-paisajes-naturales-de-espana-imprescindibles\\\/#primaryimage\"},\"image\":{\"@id\":\"https:\\\/\\\/www.escapadarural.com\\\/blog\\\/8-paisajes-naturales-de-espana-imprescindibles\\\/#primaryimage\"},\"thumbnailUrl\":\"https:\\\/\\\/www.escapadarural.com\\\/blog\\\/wp-content\\\/uploads\\\/2025\\\/02\\\/AdobeStock_506286534_WP_03.webp\",\"datePublished\":\"2023-03-08T07:00:00+00:00\",\"dateModified\":\"2025-07-25T12:45:36+00:00\",\"breadcrumb\":{\"@id\":\"https:\\\/\\\/www.escapadarural.com\\\/blog\\\/8-paisajes-naturales-de-espana-imprescindibles\\\/#breadcrumb\"},\"inLanguage\":\"es\",\"potentialAction\":[{\"@type\":\"ReadAction\",\"target\":[\"https:\\\/\\\/www.escapadarural.com\\\/blog\\\/8-paisajes-naturales-de-espana-imprescindibles\\\/\"]}]},{\"@type\":\"ImageObject\",\"inLanguage\":\"es\",\"@id\":\"https:\\\/\\\/www.escapadarural.com\\\/blog\\\/8-paisajes-naturales-de-espana-imprescindibles\\\/#primaryimage\",\"url\":\"https:\\\/\\\/www.escapadarural.com\\\/blog\\\/wp-content\\\/uploads\\\/2025\\\/02\\\/AdobeStock_506286534_WP_03.webp\",\"contentUrl\":\"https:\\\/\\\/www.escapadarural.com\\\/blog\\\/wp-content\\\/uploads\\\/2025\\\/02\\\/AdobeStock_506286534_WP_03.webp\",\"width\":1024,\"height\":683,\"caption\":\"Las M\u00e9dulas. Por Leonid Andronov\"},{\"@type\":\"BreadcrumbList\",\"@id\":\"https:\\\/\\\/www.escapadarural.com\\\/blog\\\/8-paisajes-naturales-de-espana-imprescindibles\\\/#breadcrumb\",\"itemListElement\":[{\"@type\":\"ListItem\",\"position\":1,\"name\":\"Inicio\",\"item\":\"https:\\\/\\\/www.escapadarural.com\\\/blog\\\/\"},{\"@type\":\"ListItem\",\"position\":2,\"name\":\"Destinos\",\"item\":\"https:\\\/\\\/www.escapadarural.com\\\/blog\\\/categoria\\\/destinos\\\/\"},{\"@type\":\"ListItem\",\"position\":3,\"name\":\"8 paisajes naturales que visitar al menos una vez en la vida\"}]},{\"@type\":\"WebSite\",\"@id\":\"https:\\\/\\\/www.escapadarural.com\\\/blog\\\/#website\",\"url\":\"https:\\\/\\\/www.escapadarural.com\\\/blog\\\/\",\"name\":\"Blog de viajes | turismo rural, alojamientos e inspiraci\u00f3n\",\"description\":\"Alojamientos rurales e inspiraci\u00f3n para tus escapadas\",\"publisher\":{\"@id\":\"https:\\\/\\\/www.escapadarural.com\\\/blog\\\/#organization\"},\"alternateName\":\"Magazine de viajes de EscapadaRural\",\"potentialAction\":[{\"@type\":\"SearchAction\",\"target\":{\"@type\":\"EntryPoint\",\"urlTemplate\":\"https:\\\/\\\/www.escapadarural.com\\\/blog\\\/?s={search_term_string}\"},\"query-input\":{\"@type\":\"PropertyValueSpecification\",\"valueRequired\":true,\"valueName\":\"search_term_string\"}}],\"inLanguage\":\"es\"},{\"@type\":\"Organization\",\"@id\":\"https:\\\/\\\/www.escapadarural.com\\\/blog\\\/#organization\",\"name\":\"EscapadaRural\",\"url\":\"https:\\\/\\\/www.escapadarural.com\\\/blog\\\/\",\"logo\":{\"@type\":\"ImageObject\",\"inLanguage\":\"es\",\"@id\":\"https:\\\/\\\/www.escapadarural.com\\\/blog\\\/#\\\/schema\\\/logo\\\/image\\\/\",\"url\":\"https:\\\/\\\/www.escapadarural.com\\\/blog\\\/wp-content\\\/uploads\\\/2024\\\/10\\\/cropped-cropped-escapada-rural-icon-mag-3.png\",\"contentUrl\":\"https:\\\/\\\/www.escapadarural.com\\\/blog\\\/wp-content\\\/uploads\\\/2024\\\/10\\\/cropped-cropped-escapada-rural-icon-mag-3.png\",\"width\":512,\"height\":512,\"caption\":\"EscapadaRural\"},\"image\":{\"@id\":\"https:\\\/\\\/www.escapadarural.com\\\/blog\\\/#\\\/schema\\\/logo\\\/image\\\/\"},\"sameAs\":[\"https:\\\/\\\/www.facebook.com\\\/escapadarural\",\"https:\\\/\\\/www.instagram.com\\\/escapadarural\\\/\",\"https:\\\/\\\/www.youtube.com\\\/@escapadaruralcom\"]},{\"@type\":\"Person\",\"@id\":\"https:\\\/\\\/www.escapadarural.com\\\/blog\\\/#\\\/schema\\\/person\\\/ac6969ba5ab90987dda9465be409d6b3\",\"name\":\"Jos\u00e9 Alejandro Adamuz\",\"image\":{\"@type\":\"ImageObject\",\"inLanguage\":\"es\",\"@id\":\"https:\\\/\\\/www.escapadarural.com\\\/blog\\\/wp-content\\\/uploads\\\/2025\\\/02\\\/cropped-jose_alejandro_viajar-96x96.webp\",\"url\":\"https:\\\/\\\/www.escapadarural.com\\\/blog\\\/wp-content\\\/uploads\\\/2025\\\/02\\\/cropped-jose_alejandro_viajar-96x96.webp\",\"contentUrl\":\"https:\\\/\\\/www.escapadarural.com\\\/blog\\\/wp-content\\\/uploads\\\/2025\\\/02\\\/cropped-jose_alejandro_viajar-96x96.webp\",\"caption\":\"Jos\u00e9 Alejandro Adamuz\"},\"description\":\"Soy licenciado en filolog\u00eda hisp\u00e1nica y periodista por vocaci\u00f3n. Tambi\u00e9n soy disl\u00e9xico, por lo que suelo confundir la derecha con la izquierda y los kil\u00f3metros con la literatura. Pero de momento me va bien as\u00ed. Colaboro habitualmente en diferentes medios haciendo cr\u00f3nica de viajes y periodismo cultural. Me gusta que los viajes cuenten historias y que las historias me hagan viajar.\",\"sameAs\":[\"https:\\\/\\\/viviratodaletra.com\\\/\"],\"url\":\"https:\\\/\\\/www.escapadarural.com\\\/blog\\\/autor\\\/josealejandro\\\/\"}]}<\/script>\n<!-- \/ Yoast SEO plugin. -->","yoast_head_json":{"title":"8 paisajes naturales que visitar al menos una vez en la vida - EscapadaRural","robots":{"index":"index","follow":"follow","max-snippet":"max-snippet:-1","max-image-preview":"max-image-preview:large","max-video-preview":"max-video-preview:-1"},"canonical":"https:\/\/www.escapadarural.com\/blog\/8-paisajes-naturales-de-espana-imprescindibles\/","og_locale":"es_ES","og_type":"article","og_title":"8 paisajes naturales que visitar al menos una vez en la vida - EscapadaRural","og_description":"Una selecci\u00f3n de algunos de los paisajes m\u00e1s extraordinarios de Espa\u00f1a que hay que visitar al menos una vez en la vida.","og_url":"https:\/\/www.escapadarural.com\/blog\/8-paisajes-naturales-de-espana-imprescindibles\/","og_site_name":"Magazine de viajes de EscapadaRural","article_publisher":"https:\/\/www.facebook.com\/escapadarural","article_published_time":"2023-03-08T07:00:00+00:00","article_modified_time":"2025-07-25T12:45:36+00:00","og_image":[{"width":1024,"height":683,"url":"https:\/\/www.escapadarural.com\/blog\/wp-content\/uploads\/2025\/02\/AdobeStock_506286534_WP_03.webp?v=1753447537","type":"image\/webp"}],"author":"Jos\u00e9 Alejandro Adamuz","twitter_card":"summary_large_image","twitter_misc":{"Escrito por":"Jos\u00e9 Alejandro Adamuz","Tiempo de lectura":"8 minutos"},"schema":{"@context":"https:\/\/schema.org","@graph":[{"@type":"Article","@id":"https:\/\/www.escapadarural.com\/blog\/8-paisajes-naturales-de-espana-imprescindibles\/#article","isPartOf":{"@id":"https:\/\/www.escapadarural.com\/blog\/8-paisajes-naturales-de-espana-imprescindibles\/"},"author":{"name":"Jos\u00e9 Alejandro Adamuz","@id":"https:\/\/www.escapadarural.com\/blog\/#\/schema\/person\/ac6969ba5ab90987dda9465be409d6b3"},"headline":"8 paisajes naturales que visitar al menos una vez en la vida","datePublished":"2023-03-08T07:00:00+00:00","dateModified":"2025-07-25T12:45:36+00:00","mainEntityOfPage":{"@id":"https:\/\/www.escapadarural.com\/blog\/8-paisajes-naturales-de-espana-imprescindibles\/"},"wordCount":1293,"commentCount":10,"publisher":{"@id":"https:\/\/www.escapadarural.com\/blog\/#organization"},"image":{"@id":"https:\/\/www.escapadarural.com\/blog\/8-paisajes-naturales-de-espana-imprescindibles\/#primaryimage"},"thumbnailUrl":"https:\/\/www.escapadarural.com\/blog\/wp-content\/uploads\/2025\/02\/AdobeStock_506286534_WP_03.webp","keywords":["Bardenas Reales","Bufones de Pr\u00eda","dunas de Corralejo","Islas Canarias","Lanzarote","Las M\u00e9dulas","Le\u00f3n","Listado","Playa Catedrales","Timanfaya"],"articleSection":["Destinos"],"inLanguage":"es","potentialAction":[{"@type":"CommentAction","name":"Comment","target":["https:\/\/www.escapadarural.com\/blog\/8-paisajes-naturales-de-espana-imprescindibles\/#respond"]}]},{"@type":"WebPage","@id":"https:\/\/www.escapadarural.com\/blog\/8-paisajes-naturales-de-espana-imprescindibles\/","url":"https:\/\/www.escapadarural.com\/blog\/8-paisajes-naturales-de-espana-imprescindibles\/","name":"8 paisajes naturales que visitar al menos una vez en la vida - EscapadaRural","isPartOf":{"@id":"https:\/\/www.escapadarural.com\/blog\/#website"},"primaryImageOfPage":{"@id":"https:\/\/www.escapadarural.com\/blog\/8-paisajes-naturales-de-espana-imprescindibles\/#primaryimage"},"image":{"@id":"https:\/\/www.escapadarural.com\/blog\/8-paisajes-naturales-de-espana-imprescindibles\/#primaryimage"},"thumbnailUrl":"https:\/\/www.escapadarural.com\/blog\/wp-content\/uploads\/2025\/02\/AdobeStock_506286534_WP_03.webp","datePublished":"2023-03-08T07:00:00+00:00","dateModified":"2025-07-25T12:45:36+00:00","breadcrumb":{"@id":"https:\/\/www.escapadarural.com\/blog\/8-paisajes-naturales-de-espana-imprescindibles\/#breadcrumb"},"inLanguage":"es","potentialAction":[{"@type":"ReadAction","target":["https:\/\/www.escapadarural.com\/blog\/8-paisajes-naturales-de-espana-imprescindibles\/"]}]},{"@type":"ImageObject","inLanguage":"es","@id":"https:\/\/www.escapadarural.com\/blog\/8-paisajes-naturales-de-espana-imprescindibles\/#primaryimage","url":"https:\/\/www.escapadarural.com\/blog\/wp-content\/uploads\/2025\/02\/AdobeStock_506286534_WP_03.webp","contentUrl":"https:\/\/www.escapadarural.com\/blog\/wp-content\/uploads\/2025\/02\/AdobeStock_506286534_WP_03.webp","width":1024,"height":683,"caption":"Las M\u00e9dulas. Por Leonid Andronov"},{"@type":"BreadcrumbList","@id":"https:\/\/www.escapadarural.com\/blog\/8-paisajes-naturales-de-espana-imprescindibles\/#breadcrumb","itemListElement":[{"@type":"ListItem","position":1,"name":"Inicio","item":"https:\/\/www.escapadarural.com\/blog\/"},{"@type":"ListItem","position":2,"name":"Destinos","item":"https:\/\/www.escapadarural.com\/blog\/categoria\/destinos\/"},{"@type":"ListItem","position":3,"name":"8 paisajes naturales que visitar al menos una vez en la vida"}]},{"@type":"WebSite","@id":"https:\/\/www.escapadarural.com\/blog\/#website","url":"https:\/\/www.escapadarural.com\/blog\/","name":"Blog de viajes | turismo rural, alojamientos e inspiraci\u00f3n","description":"Alojamientos rurales e inspiraci\u00f3n para tus escapadas","publisher":{"@id":"https:\/\/www.escapadarural.com\/blog\/#organization"},"alternateName":"Magazine de viajes de EscapadaRural","potentialAction":[{"@type":"SearchAction","target":{"@type":"EntryPoint","urlTemplate":"https:\/\/www.escapadarural.com\/blog\/?s={search_term_string}"},"query-input":{"@type":"PropertyValueSpecification","valueRequired":true,"valueName":"search_term_string"}}],"inLanguage":"es"},{"@type":"Organization","@id":"https:\/\/www.escapadarural.com\/blog\/#organization","name":"EscapadaRural","url":"https:\/\/www.escapadarural.com\/blog\/","logo":{"@type":"ImageObject","inLanguage":"es","@id":"https:\/\/www.escapadarural.com\/blog\/#\/schema\/logo\/image\/","url":"https:\/\/www.escapadarural.com\/blog\/wp-content\/uploads\/2024\/10\/cropped-cropped-escapada-rural-icon-mag-3.png","contentUrl":"https:\/\/www.escapadarural.com\/blog\/wp-content\/uploads\/2024\/10\/cropped-cropped-escapada-rural-icon-mag-3.png","width":512,"height":512,"caption":"EscapadaRural"},"image":{"@id":"https:\/\/www.escapadarural.com\/blog\/#\/schema\/logo\/image\/"},"sameAs":["https:\/\/www.facebook.com\/escapadarural","https:\/\/www.instagram.com\/escapadarural\/","https:\/\/www.youtube.com\/@escapadaruralcom"]},{"@type":"Person","@id":"https:\/\/www.escapadarural.com\/blog\/#\/schema\/person\/ac6969ba5ab90987dda9465be409d6b3","name":"Jos\u00e9 Alejandro Adamuz","image":{"@type":"ImageObject","inLanguage":"es","@id":"https:\/\/www.escapadarural.com\/blog\/wp-content\/uploads\/2025\/02\/cropped-jose_alejandro_viajar-96x96.webp","url":"https:\/\/www.escapadarural.com\/blog\/wp-content\/uploads\/2025\/02\/cropped-jose_alejandro_viajar-96x96.webp","contentUrl":"https:\/\/www.escapadarural.com\/blog\/wp-content\/uploads\/2025\/02\/cropped-jose_alejandro_viajar-96x96.webp","caption":"Jos\u00e9 Alejandro Adamuz"},"description":"Soy licenciado en filolog\u00eda hisp\u00e1nica y periodista por vocaci\u00f3n. Tambi\u00e9n soy disl\u00e9xico, por lo que suelo confundir la derecha con la izquierda y los kil\u00f3metros con la literatura. Pero de momento me va bien as\u00ed. Colaboro habitualmente en diferentes medios haciendo cr\u00f3nica de viajes y periodismo cultural. Me gusta que los viajes cuenten historias y que las historias me hagan viajar.","sameAs":["https:\/\/viviratodaletra.com\/"],"url":"https:\/\/www.escapadarural.com\/blog\/autor\/josealejandro\/"}]}},"_links":{"self":[{"href":"https:\/\/www.escapadarural.com\/blog\/wp-json\/wp\/v2\/posts\/10842","targetHints":{"allow":["GET"]}}],"collection":[{"href":"https:\/\/www.escapadarural.com\/blog\/wp-json\/wp\/v2\/posts"}],"about":[{"href":"https:\/\/www.escapadarural.com\/blog\/wp-json\/wp\/v2\/types\/post"}],"author":[{"embeddable":true,"href":"https:\/\/www.escapadarural.com\/blog\/wp-json\/wp\/v2\/users\/112"}],"replies":[{"embeddable":true,"href":"https:\/\/www.escapadarural.com\/blog\/wp-json\/wp\/v2\/comments?post=10842"}],"version-history":[{"count":0,"href":"https:\/\/www.escapadarural.com\/blog\/wp-json\/wp\/v2\/posts\/10842\/revisions"}],"wp:featuredmedia":[{"embeddable":true,"href":"https:\/\/www.escapadarural.com\/blog\/wp-json\/wp\/v2\/media\/192884"}],"wp:attachment":[{"href":"https:\/\/www.escapadarural.com\/blog\/wp-json\/wp\/v2\/media?parent=10842"}],"wp:term":[{"taxonomy":"category","embeddable":true,"href":"https:\/\/www.escapadarural.com\/blog\/wp-json\/wp\/v2\/categories?post=10842"},{"taxonomy":"post_tag","embeddable":true,"href":"https:\/\/www.escapadarural.com\/blog\/wp-json\/wp\/v2\/tags?post=10842"}],"curies":[{"name":"wp","href":"https:\/\/api.w.org\/{rel}","templated":true}]}}