{"id":10845,"date":"2019-02-15T09:30:25","date_gmt":"2019-02-15T09:30:25","guid":{"rendered":"http:\/\/15.188.81.248\/2019\/02\/15\/7-mercados-medievales-en-cataluna\/"},"modified":"2025-01-16T15:03:13","modified_gmt":"2025-01-16T13:03:13","slug":"7-mercados-medievales-en-cataluna","status":"publish","type":"post","link":"https:\/\/www.escapadarural.com\/blog\/7-mercados-medievales-en-cataluna\/","title":{"rendered":"7 mercados medievales en Catalu\u00f1a"},"content":{"rendered":"\n<figure class=\"wp-block-image size-large\"><a href=\"https:\/\/www.escapadarural.com\/blog\/wp-content\/uploads\/2019\/02\/Setmana20170253-1.jpg\"><img decoding=\"async\" src=\"https:\/\/www.escapadarural.com\/blog\/wp-content\/uploads\/2019\/02\/Setmana20170253-1-1024x683.jpg\" alt=\"Mercado medieval\" class=\"wp-image-25126\"\/><\/a><figcaption class=\"wp-element-caption\">Por: Associaci\u00f3 Medieval de la Llegenda de Sant Jordi<\/figcaption><\/figure>\n\n\n\n<p>Juglares, princesas, escuderos, tragasables, bufones, malabaristas, torneos y combates varios, si crees que la Edad Media queda ya muy lejos es porque no conoces estos mercados medievales de <a rel=\"noopener noreferrer\" href=\"https:\/\/www.escapadarural.com\/casas-rurales\/cataluna\" target=\"_blank\" class=\"rank-math-link\">Catalu\u00f1a<\/a>.<\/p>\n\n\n\n<p>Los mercados medievales se han convertido en toda una tradici\u00f3n en Catalu\u00f1a. As\u00ed, cada a\u00f1o, decenas de localidades aprietan al bot\u00f3n de una particular m\u00e1quina del tiempo y viajan a un mundo y una \u00e9poca fascinante, que atrae tanto a grandes como a los m\u00e1s peque\u00f1os de la familia. \u00a1Toma nota y no te pierdas algunos de los mercados m\u00e1s interesantes!<\/p>\n\n\n\n<!--more-->\n\n\n\n<h2 class=\"wp-block-heading title-rute\">Viaje a la Edad Media en 10 mercados catalanes<\/h2>\n\n\n\n<h2 class=\"wp-block-heading title-rute\"><strong>1.<\/strong> Mercado Medieval de Sant Vicen\u00e7 de Montalt<\/h2>\n\n\n\n<p>\u00a1El primero del calendario! Para los que tienen mono de mercado medieval, en este peque\u00f1o municipio del Maresme, muy cerquita de <a rel=\"noopener noreferrer\" href=\"https:\/\/www.escapadarural.com\/casas-rurales\/barcelona\" target=\"_blank\" class=\"rank-math-link\">Barcelona<\/a>, celebran su mercado haci\u00e9ndolo coincidir con la fiesta mayor del municipio, que cae a mediados de enero. El emplazamiento aprovecha la iglesia de estilo g\u00f3tico, junto al carrer de Sant Antoni, en el centro hist\u00f3rico del municipio.<\/p>\n\n\n\n<p>Como plan alternativo, al otro lado de la autopista del Maresme, se encuentra la fachada mar\u00edtima de Sant Vicen\u00e7 de Montalt por donde es muy agradable pasear. El paseo del Marqu\u00e9s de Casa Riera corre paralelo a una extensa playa y en \u00e9l se levantan diferentes villas de la burgues\u00eda catalana del siglo XIX y XX, entre edificios m\u00e1s modernos de apartamentos.<\/p>\n\n\n\n<h2 class=\"wp-block-heading title-rute\"><strong>2.<\/strong> Mercado Medieval a Castell\u00f3 d\u2019Emp\u00faries<\/h2>\n\n\n\n<figure class=\"wp-block-embed is-type-video is-provider-youtube wp-block-embed-youtube wp-embed-aspect-16-9 wp-has-aspect-ratio\"><div class=\"wp-block-embed__wrapper\">\n<span class=\"cqJS7E0dbgMNsyQ94BLUthVoCHmGxTl3RIPa5nvpz8\"><div class=\"video-shortcode\"><iframe title=\"Festival Medieval Terra de Trobadors de Castell\u00f3 d&#039;Emp\u00faries.\" width=\"1200\" height=\"675\" src=\"https:\/\/www.youtube.com\/embed\/mJtpm0rrVsg?feature=oembed\" frameborder=\"0\" allow=\"accelerometer; autoplay; clipboard-write; encrypted-media; gyroscope; picture-in-picture; web-share\" referrerpolicy=\"strict-origin-when-cross-origin\" allowfullscreen><\/iframe><\/div><\/span>\n<\/div><\/figure>\n\n\n\n<p>Aunque hoy la capital del <a rel=\"noopener noreferrer\" href=\"https:\/\/www.escapadarural.com\/casas-rurales\/alt-emporda\" target=\"_blank\" class=\"rank-math-link\">Alt Empord\u00e0<\/a> es la daliniana Figueres, hace mucho tiempo atr\u00e1s lo fue Castell\u00f3 d\u2019Emp\u00faries. De ah\u00ed que conserve un espectacular patrimonio cultural, con monumentos de bella factura como la bas\u00edlica de Santa Mar\u00eda y varios edificios g\u00f3ticos como la antigua <em>llotja de mar<\/em>. En su pintoresco centro hist\u00f3rico se encuentra el Museo de Historia Medieval de la C\u00faria-Pres\u00f3, con detallada informaci\u00f3n sobre esa \u00e9poca hist\u00f3rica.<\/p>\n\n\n\n<p>Si se visita la localidad a principios de septiembre no ser\u00e1 necesario visitar el valioso museo medieval, puesto que toda la Edad Media estar\u00e1 presente en las calles. El <a rel=\"noopener noreferrer\" href=\"https:\/\/www.terradetrobadors.com\/\" target=\"_blank\" class=\"rank-math-link\">Festival Terra de Trobadors<\/a> va camino de su 29\u00aa edici\u00f3n convertido en uno de los mejores mercados medievales de todo Catalu\u00f1a. Una gran ambientaci\u00f3n, talleres, comercios artesanos y representaciones teatrales recuperan el esplendor pasado que tuvo durante el S. XIV el condado de Emp\u00faries.<\/p>\n\n\n\n<h2 class=\"wp-block-heading title-rute\"><strong>3.<\/strong> Mercado Medieval de Vic<\/h2>\n\n\n\n<figure class=\"wp-block-embed is-type-video is-provider-youtube wp-block-embed-youtube wp-embed-aspect-16-9 wp-has-aspect-ratio\"><div class=\"wp-block-embed__wrapper\">\n<span class=\"MmZKUWGNQB5Fwh9Lb2pVlgR4yra\"><div class=\"video-shortcode\"><iframe title=\"MERCAT MEDIEVAL DE VIC 2018\" width=\"1200\" height=\"675\" src=\"https:\/\/www.youtube.com\/embed\/OMxJFp3WZDg?feature=oembed\" frameborder=\"0\" allow=\"accelerometer; autoplay; clipboard-write; encrypted-media; gyroscope; picture-in-picture; web-share\" referrerpolicy=\"strict-origin-when-cross-origin\" allowfullscreen><\/iframe><\/div><\/span>\n<\/div><\/figure>\n\n\n\n<p>Cada a\u00f1o, a principios de diciembre la ciudad de <a rel=\"noopener noreferrer\" href=\"https:\/\/www.escapadarural.com\/casas-rurales\/vic\" target=\"_blank\" class=\"rank-math-link\">Vic<\/a> hace su particular viaje en el tiempo, retrocediendo en el calendario hasta la Edad Media. Es uno de los mercados m\u00e1s conocidos de Catalu\u00f1a y uno de los m\u00e1s grandes.<\/p>\n\n\n\n<p>El espacio del centro hist\u00f3rico en el que se desarrolla el mercado es excepcional, puesto que Vic jug\u00f3 un importante papel en la historia de la comarca de Osona, muy ligada a la introducci\u00f3n del cristianismo en Catalu\u00f1a, que le procur\u00f3 un gran patrimonio art\u00edstico y cultural. El momento cumbre del mercado llega con la representaci\u00f3n teatral del episodio hist\u00f3rico conocido como \u201cL&#8217;Assalt de l&#8217; Altarriba\u201d que se realiza en ocho escenarios tan importantes como el claustro de la casa de Convalesc\u00e8ncia, el patio de la Creu del antiguo hospital de la Sta.Creu, el Orfe\u00f3 Vigat\u00e0, el patio de la casa Sacerdotal, la Albergueria, el Escorial, Palau Bojons y el Templo romano.<\/p>\n\n\n\n<h2 class=\"wp-block-heading title-rute\"><strong>4.<\/strong> Semana medieval de Montblanc<\/h2>\n\n\n\n<figure class=\"wp-block-image size-large\"><a href=\"https:\/\/www.escapadarural.com\/blog\/wp-content\/uploads\/2019\/02\/Montblanc2015093-1.jpg\"><img decoding=\"async\" src=\"https:\/\/www.escapadarural.com\/blog\/wp-content\/uploads\/2019\/02\/Montblanc2015093-1-1024x683.jpg\" alt=\"Montblanc\" class=\"wp-image-25125\"\/><\/a><figcaption class=\"wp-element-caption\">Por: Associaci\u00f3 Medieval de la Llegenda de Sant Jordi<\/figcaption><\/figure>\n\n\n\n<p>Uno de los enclaves medievales m\u00e1s bellos y mejor conservados de todo Catalu\u00f1a es el pueblo amurallado de <a rel=\"noopener noreferrer\" href=\"https:\/\/www.escapadarural.com\/casas-rurales\/montblanc\" target=\"_blank\">Montblanc<\/a>. Dicen que en el portal de Sant Jordi, el caballero dio muerte al legendario drag\u00f3n. As\u00ed, \u00bfc\u00f3mo no iban a tener uno de los mejores mercados medievales? Se celebra durante la popular <a rel=\"noopener noreferrer\" href=\"https:\/\/www.escapadarural.com\/blog\/la-semana-medieval-de-montblanc-3\/\" target=\"_blank\" class=\"rank-math-link\">Semana Medieval de Sant Jordi<\/a> desde 1987.<\/p>\n\n\n\n<p>Llegado el 23 de abril, cuando se celebra la Diada de Sant Jordi, toda la ciudad se acondiciona seg\u00fan los gustos del medievo y se rememora su hist\u00f3rico pasado: cuando en el a\u00f1o 1155 recibi\u00f3 la primera carta de poblaci\u00f3n de manos de nada m\u00e1s y nada menos que de Ram\u00f3n Berenguer IV. Los actos m\u00e1s populares son el encuentro de dragones y diablos, el mercado medieval y la emocionante representaci\u00f3n de la leyenda de Sant Jordi.<\/p>\n\n\n\n<h2 class=\"wp-block-heading title-rute\"><strong>5.<\/strong> Fira medieval, la festa de la sal de Cardona<\/h2>\n\n\n\n<figure class=\"wp-block-image size-large\"><a href=\"https:\/\/www.escapadarural.com\/blog\/wp-content\/uploads\/2019\/02\/Lugares-surrealistas-en-Espana-8-1.jpg\"><img decoding=\"async\" src=\"https:\/\/www.escapadarural.com\/blog\/wp-content\/uploads\/2019\/02\/Lugares-surrealistas-en-Espana-8-1.jpg\" alt=\"Minas de Sal de Cardona\" class=\"wp-image-25124\"\/><\/a><figcaption class=\"wp-element-caption\">Por Iakov Filimonov<\/figcaption><\/figure>\n\n\n\n<p>Un pueblo con una enorme monta\u00f1a de sal c\u00f3mo no iba a ser un lugar ideal para un mercado medieval. La celebraci\u00f3n del mismo, a mediados de abril de cada a\u00f1o, coincide a la vez con la Fiesta de la Sal.<\/p>\n\n\n\n<p>La Monta\u00f1a de Sal de <a rel=\"noopener noreferrer\" href=\"https:\/\/www.escapadarural.com\/casas-rurales\/cardona\" target=\"_blank\" class=\"rank-math-link\">Cardona<\/a> es un fen\u00f3meno natural \u00fanico en el que se puede observar un crecimiento vertical de la sal, formando un espectacular macizo blanco llamado diapiro. Fue hasta la d\u00e9cada de los 90 del siglo pasado una de las minas de sal m\u00e1s importantes del mundo. Durante la celebraci\u00f3n del mercado y de la Fiesta de la Sal se realizan recreaciones hist\u00f3ricas de la ceremonia de los S\u00edndicos de la Tierra y del derecho de Aimines, un privilegio que ten\u00edan los habitantes de Cardona para poder extraer hasta 40 kg de sal para uso propio.<\/p>\n\n\n\n<h2 class=\"wp-block-heading title-rute\"><strong>6.<\/strong> Feria Medieval de Peralada<\/h2>\n\n\n\n<figure class=\"wp-block-embed is-type-video is-provider-youtube wp-block-embed-youtube wp-embed-aspect-16-9 wp-has-aspect-ratio\"><div class=\"wp-block-embed__wrapper\">\n<span class=\"pyYnir5I6QdcHbw1zsuAN9BGOPEUCeKZ0hlLTak7J4\"><div class=\"video-shortcode\"><iframe title=\"Promo Fira Medieval Peralada 2018\" width=\"1200\" height=\"675\" src=\"https:\/\/www.youtube.com\/embed\/ABDKg7IaqMY?feature=oembed\" frameborder=\"0\" allow=\"accelerometer; autoplay; clipboard-write; encrypted-media; gyroscope; picture-in-picture; web-share\" referrerpolicy=\"strict-origin-when-cross-origin\" allowfullscreen><\/iframe><\/div><\/span>\n<\/div><\/figure>\n\n\n\n<p>Algo apartada de las rutas m\u00e1s tur\u00edsticas, el interior del Alt Empord\u00e0 (Girona) es una de las zonas m\u00e1s interesantes del norte de Catalu\u00f1a. Su coraz\u00f3n late en <a rel=\"noopener noreferrer\" href=\"https:\/\/www.escapadarural.com\/casas-rurales\/peralada\" target=\"_blank\" class=\"rank-math-link\">Peralada<\/a>, donde el primer fin de semana de junio celebran cada a\u00f1o su propio mercado medieval, que recibe el nombre de Na Mercadera, \u201cLa hero\u00edna de Peralada\u201d.<\/p>\n\n\n\n<p>Peralada vuelve 700 a\u00f1os atr\u00e1s para transformar su centro hist\u00f3rico, de gran riqueza monumental, en un escenario que bien podr\u00eda valer para la serie <em>Juego de Tronos<\/em>. Sus calles adoquinadas y edificios monumentales constituyen el marco perfecto para la feria medieval. Destaca en el conjunto el bell\u00edsimo castell de Peralada, de origen g\u00f3tico y renacentista. Muy cerca est\u00e1 el claustro de Sant Dom\u00e8nec, rom\u00e1nico del siglo XII, que es tambi\u00e9n un emblema de la ciudad.<\/p>\n\n\n\n<h2 class=\"wp-block-heading title-rute\"><strong>7.<\/strong> Mercado Medieval dels Canonges<\/h2>\n\n\n\n<figure class=\"wp-block-image size-large\"><a href=\"https:\/\/www.escapadarural.com\/blog\/wp-content\/uploads\/2019\/02\/Puntaires_al_Mercat_dels_Canonges-1.jpg\"><img decoding=\"async\" src=\"https:\/\/www.escapadarural.com\/blog\/wp-content\/uploads\/2019\/02\/Puntaires_al_Mercat_dels_Canonges-1.jpg\" alt=\"Mercado medieval en Catalu\u00f1a\" class=\"wp-image-25123\"\/><\/a><figcaption class=\"wp-element-caption\">Por Queralt jqmj<\/figcaption><\/figure>\n\n\n\n<p>Si en la historia medieval de Catalu\u00f1a Sort fue casa de los duques, la Seu d\u2019Urgell lo fue de los obispos. Se llega a la capital del <a href=\"https:\/\/www.escapadarural.com\/casas-rurales\/alt-urgell\" target=\"_blank\" rel=\"noopener noreferrer\">Alt Urgell<\/a> siguiendo la ribera del Segre. La avenida de Pau Claris divide la parte nueva de la localidad de l\u00edneas rectas y funcionales, de la parte vieja, con sus laber\u00ednticas y estrechas calles alrededor de la catedral de Santa Mar\u00eda, del siglo XII. Ese es el privilegiado espacio del centro hist\u00f3rico que ocupa siempre a principios de junio el Mercado Medieval de los Can\u00f3nigos. Ya van a por su 18\u00aa edici\u00f3n.<\/p>\n\n\n\n<p>Esos d\u00edas, caminar por las calles peatonales hasta desembocar en el la calle Major y en la paralela de los Canonges, con el ambiente de los vendedores, personajes caracterizados, los talleres y actividades para toda la familia, constituye todo un divertido viaje al pasado. En total, m\u00e1s de quince calles y seis plazas por donde dejarse llevar s\u00f3lo guiados por la imaginaci\u00f3n.<\/p>\n","protected":false},"excerpt":{"rendered":"<p>Juglares, princesas, escuderos, tragasables, bufones, malabaristas, torneos y combates varios, si crees que la Edad Media queda ya muy lejos es porque no conoces estos mercados medievales de Catalu\u00f1a.<\/p>\n","protected":false},"author":112,"featured_media":103767,"comment_status":"open","ping_status":"closed","sticky":false,"template":"","format":"standard","meta":{"_acf_changed":false,"om_disable_all_campaigns":false,"footnotes":""},"categories":[231],"tags":[573,5994,2243,215,2244,2077,2245,2246,2247],"class_list":["post-10845","post","type-post","status-publish","format-standard","has-post-thumbnail","hentry","category-arte-y-cultura","tag-cardona","tag-que-ver-en-cataluna","tag-empuries","tag-listado","tag-mercados","tag-montblanc","tag-peralada","tag-seu-durgell","tag-vic"],"acf":[],"featured_image_src":"https:\/\/www.escapadarural.com\/blog\/wp-content\/uploads\/2024\/10\/Setmana20170253-1-1024x683-4.jpg","author_info":{"display_name":"Jos\u00e9 Alejandro Adamuz","author_link":"https:\/\/www.escapadarural.com\/blog\/autor\/josealejandro\/"},"yoast_head":"<!-- This site is optimized with the Yoast SEO plugin v27.5 - https:\/\/yoast.com\/product\/yoast-seo-wordpress\/ -->\n<title>7 mercados medievales en Catalu\u00f1a - EscapadaRural<\/title>\n<meta name=\"robots\" content=\"index, follow, max-snippet:-1, max-image-preview:large, max-video-preview:-1\" \/>\n<link rel=\"canonical\" href=\"https:\/\/www.escapadarural.com\/blog\/7-mercados-medievales-en-cataluna\/\" \/>\n<meta property=\"og:locale\" content=\"es_ES\" \/>\n<meta property=\"og:type\" content=\"article\" \/>\n<meta property=\"og:title\" content=\"7 mercados medievales en Catalu\u00f1a - EscapadaRural\" \/>\n<meta property=\"og:description\" content=\"Juglares, princesas, escuderos, tragasables, bufones, malabaristas, torneos y combates varios, si crees que la Edad Media queda ya muy lejos es porque no conoces estos mercados medievales de Catalu\u00f1a.\" \/>\n<meta property=\"og:url\" content=\"https:\/\/www.escapadarural.com\/blog\/7-mercados-medievales-en-cataluna\/\" \/>\n<meta property=\"og:site_name\" content=\"Magazine de viajes de EscapadaRural\" \/>\n<meta property=\"article:publisher\" content=\"https:\/\/www.facebook.com\/escapadarural\" \/>\n<meta property=\"article:published_time\" content=\"2019-02-15T09:30:25+00:00\" \/>\n<meta property=\"article:modified_time\" content=\"2025-01-16T13:03:13+00:00\" \/>\n<meta property=\"og:image\" content=\"https:\/\/www.escapadarural.com\/blog\/wp-content\/uploads\/2024\/10\/Setmana20170253-1-1024x683-4.jpg\" \/>\n\t<meta property=\"og:image:width\" content=\"1024\" \/>\n\t<meta property=\"og:image:height\" content=\"683\" \/>\n\t<meta property=\"og:image:type\" content=\"image\/jpeg\" \/>\n<meta name=\"author\" content=\"Jos\u00e9 Alejandro Adamuz\" \/>\n<meta name=\"twitter:card\" content=\"summary_large_image\" \/>\n<meta name=\"twitter:label1\" content=\"Escrito por\" \/>\n\t<meta name=\"twitter:data1\" content=\"Jos\u00e9 Alejandro Adamuz\" \/>\n\t<meta name=\"twitter:label2\" content=\"Tiempo de lectura\" \/>\n\t<meta name=\"twitter:data2\" content=\"6 minutos\" \/>\n<script type=\"application\/ld+json\" class=\"yoast-schema-graph\">{\"@context\":\"https:\\\/\\\/schema.org\",\"@graph\":[{\"@type\":\"Article\",\"@id\":\"https:\\\/\\\/www.escapadarural.com\\\/blog\\\/7-mercados-medievales-en-cataluna\\\/#article\",\"isPartOf\":{\"@id\":\"https:\\\/\\\/www.escapadarural.com\\\/blog\\\/7-mercados-medievales-en-cataluna\\\/\"},\"author\":{\"name\":\"Jos\u00e9 Alejandro Adamuz\",\"@id\":\"https:\\\/\\\/www.escapadarural.com\\\/blog\\\/#\\\/schema\\\/person\\\/ac6969ba5ab90987dda9465be409d6b3\"},\"headline\":\"7 mercados medievales en Catalu\u00f1a\",\"datePublished\":\"2019-02-15T09:30:25+00:00\",\"dateModified\":\"2025-01-16T13:03:13+00:00\",\"mainEntityOfPage\":{\"@id\":\"https:\\\/\\\/www.escapadarural.com\\\/blog\\\/7-mercados-medievales-en-cataluna\\\/\"},\"wordCount\":1272,\"commentCount\":0,\"publisher\":{\"@id\":\"https:\\\/\\\/www.escapadarural.com\\\/blog\\\/#organization\"},\"image\":{\"@id\":\"https:\\\/\\\/www.escapadarural.com\\\/blog\\\/7-mercados-medievales-en-cataluna\\\/#primaryimage\"},\"thumbnailUrl\":\"https:\\\/\\\/www.escapadarural.com\\\/blog\\\/wp-content\\\/uploads\\\/2024\\\/10\\\/Setmana20170253-1-1024x683-4.jpg\",\"keywords\":[\"Cardona\",\"Catalu\u00f1a\",\"Emp\u00faries\",\"Listado\",\"mercados\",\"Montblanc\",\"Peralada\",\"seu d\u00b4Urgell\",\"Vic\"],\"articleSection\":[\"Arte y Cultura\"],\"inLanguage\":\"es\",\"potentialAction\":[{\"@type\":\"CommentAction\",\"name\":\"Comment\",\"target\":[\"https:\\\/\\\/www.escapadarural.com\\\/blog\\\/7-mercados-medievales-en-cataluna\\\/#respond\"]}]},{\"@type\":\"WebPage\",\"@id\":\"https:\\\/\\\/www.escapadarural.com\\\/blog\\\/7-mercados-medievales-en-cataluna\\\/\",\"url\":\"https:\\\/\\\/www.escapadarural.com\\\/blog\\\/7-mercados-medievales-en-cataluna\\\/\",\"name\":\"7 mercados medievales en Catalu\u00f1a - EscapadaRural\",\"isPartOf\":{\"@id\":\"https:\\\/\\\/www.escapadarural.com\\\/blog\\\/#website\"},\"primaryImageOfPage\":{\"@id\":\"https:\\\/\\\/www.escapadarural.com\\\/blog\\\/7-mercados-medievales-en-cataluna\\\/#primaryimage\"},\"image\":{\"@id\":\"https:\\\/\\\/www.escapadarural.com\\\/blog\\\/7-mercados-medievales-en-cataluna\\\/#primaryimage\"},\"thumbnailUrl\":\"https:\\\/\\\/www.escapadarural.com\\\/blog\\\/wp-content\\\/uploads\\\/2024\\\/10\\\/Setmana20170253-1-1024x683-4.jpg\",\"datePublished\":\"2019-02-15T09:30:25+00:00\",\"dateModified\":\"2025-01-16T13:03:13+00:00\",\"breadcrumb\":{\"@id\":\"https:\\\/\\\/www.escapadarural.com\\\/blog\\\/7-mercados-medievales-en-cataluna\\\/#breadcrumb\"},\"inLanguage\":\"es\",\"potentialAction\":[{\"@type\":\"ReadAction\",\"target\":[\"https:\\\/\\\/www.escapadarural.com\\\/blog\\\/7-mercados-medievales-en-cataluna\\\/\"]}]},{\"@type\":\"ImageObject\",\"inLanguage\":\"es\",\"@id\":\"https:\\\/\\\/www.escapadarural.com\\\/blog\\\/7-mercados-medievales-en-cataluna\\\/#primaryimage\",\"url\":\"https:\\\/\\\/www.escapadarural.com\\\/blog\\\/wp-content\\\/uploads\\\/2024\\\/10\\\/Setmana20170253-1-1024x683-4.jpg\",\"contentUrl\":\"https:\\\/\\\/www.escapadarural.com\\\/blog\\\/wp-content\\\/uploads\\\/2024\\\/10\\\/Setmana20170253-1-1024x683-4.jpg\",\"width\":1024,\"height\":683,\"caption\":\"Tres mujeres vestidas con ropas hist\u00f3ricas preparan y exponen diversas carnes crudas, \u00f3rganos y verduras en una mesa de un puesto de mercado al aire libre, con vegetaci\u00f3n y muros de piedra al fondo.\"},{\"@type\":\"BreadcrumbList\",\"@id\":\"https:\\\/\\\/www.escapadarural.com\\\/blog\\\/7-mercados-medievales-en-cataluna\\\/#breadcrumb\",\"itemListElement\":[{\"@type\":\"ListItem\",\"position\":1,\"name\":\"Inicio\",\"item\":\"https:\\\/\\\/www.escapadarural.com\\\/blog\\\/\"},{\"@type\":\"ListItem\",\"position\":2,\"name\":\"Arte y Cultura\",\"item\":\"https:\\\/\\\/www.escapadarural.com\\\/blog\\\/categoria\\\/arte-y-cultura\\\/\"},{\"@type\":\"ListItem\",\"position\":3,\"name\":\"7 mercados medievales en Catalu\u00f1a\"}]},{\"@type\":\"WebSite\",\"@id\":\"https:\\\/\\\/www.escapadarural.com\\\/blog\\\/#website\",\"url\":\"https:\\\/\\\/www.escapadarural.com\\\/blog\\\/\",\"name\":\"Blog de viajes | turismo rural, alojamientos e inspiraci\u00f3n\",\"description\":\"Alojamientos rurales e inspiraci\u00f3n para tus escapadas\",\"publisher\":{\"@id\":\"https:\\\/\\\/www.escapadarural.com\\\/blog\\\/#organization\"},\"alternateName\":\"Magazine de viajes de EscapadaRural\",\"potentialAction\":[{\"@type\":\"SearchAction\",\"target\":{\"@type\":\"EntryPoint\",\"urlTemplate\":\"https:\\\/\\\/www.escapadarural.com\\\/blog\\\/?s={search_term_string}\"},\"query-input\":{\"@type\":\"PropertyValueSpecification\",\"valueRequired\":true,\"valueName\":\"search_term_string\"}}],\"inLanguage\":\"es\"},{\"@type\":\"Organization\",\"@id\":\"https:\\\/\\\/www.escapadarural.com\\\/blog\\\/#organization\",\"name\":\"EscapadaRural\",\"url\":\"https:\\\/\\\/www.escapadarural.com\\\/blog\\\/\",\"logo\":{\"@type\":\"ImageObject\",\"inLanguage\":\"es\",\"@id\":\"https:\\\/\\\/www.escapadarural.com\\\/blog\\\/#\\\/schema\\\/logo\\\/image\\\/\",\"url\":\"https:\\\/\\\/www.escapadarural.com\\\/blog\\\/wp-content\\\/uploads\\\/2024\\\/10\\\/cropped-cropped-escapada-rural-icon-mag-3.png\",\"contentUrl\":\"https:\\\/\\\/www.escapadarural.com\\\/blog\\\/wp-content\\\/uploads\\\/2024\\\/10\\\/cropped-cropped-escapada-rural-icon-mag-3.png\",\"width\":512,\"height\":512,\"caption\":\"EscapadaRural\"},\"image\":{\"@id\":\"https:\\\/\\\/www.escapadarural.com\\\/blog\\\/#\\\/schema\\\/logo\\\/image\\\/\"},\"sameAs\":[\"https:\\\/\\\/www.facebook.com\\\/escapadarural\",\"https:\\\/\\\/www.instagram.com\\\/escapadarural\\\/\",\"https:\\\/\\\/www.youtube.com\\\/@escapadaruralcom\"]},{\"@type\":\"Person\",\"@id\":\"https:\\\/\\\/www.escapadarural.com\\\/blog\\\/#\\\/schema\\\/person\\\/ac6969ba5ab90987dda9465be409d6b3\",\"name\":\"Jos\u00e9 Alejandro Adamuz\",\"image\":{\"@type\":\"ImageObject\",\"inLanguage\":\"es\",\"@id\":\"https:\\\/\\\/www.escapadarural.com\\\/blog\\\/wp-content\\\/uploads\\\/2025\\\/02\\\/cropped-jose_alejandro_viajar-96x96.webp\",\"url\":\"https:\\\/\\\/www.escapadarural.com\\\/blog\\\/wp-content\\\/uploads\\\/2025\\\/02\\\/cropped-jose_alejandro_viajar-96x96.webp\",\"contentUrl\":\"https:\\\/\\\/www.escapadarural.com\\\/blog\\\/wp-content\\\/uploads\\\/2025\\\/02\\\/cropped-jose_alejandro_viajar-96x96.webp\",\"caption\":\"Jos\u00e9 Alejandro Adamuz\"},\"description\":\"Soy licenciado en filolog\u00eda hisp\u00e1nica y periodista por vocaci\u00f3n. Tambi\u00e9n soy disl\u00e9xico, por lo que suelo confundir la derecha con la izquierda y los kil\u00f3metros con la literatura. Pero de momento me va bien as\u00ed. Colaboro habitualmente en diferentes medios haciendo cr\u00f3nica de viajes y periodismo cultural. Me gusta que los viajes cuenten historias y que las historias me hagan viajar.\",\"sameAs\":[\"https:\\\/\\\/viviratodaletra.com\\\/\"],\"url\":\"https:\\\/\\\/www.escapadarural.com\\\/blog\\\/autor\\\/josealejandro\\\/\"}]}<\/script>\n<!-- \/ Yoast SEO plugin. -->","yoast_head_json":{"title":"7 mercados medievales en Catalu\u00f1a - EscapadaRural","robots":{"index":"index","follow":"follow","max-snippet":"max-snippet:-1","max-image-preview":"max-image-preview:large","max-video-preview":"max-video-preview:-1"},"canonical":"https:\/\/www.escapadarural.com\/blog\/7-mercados-medievales-en-cataluna\/","og_locale":"es_ES","og_type":"article","og_title":"7 mercados medievales en Catalu\u00f1a - EscapadaRural","og_description":"Juglares, princesas, escuderos, tragasables, bufones, malabaristas, torneos y combates varios, si crees que la Edad Media queda ya muy lejos es porque no conoces estos mercados medievales de Catalu\u00f1a.","og_url":"https:\/\/www.escapadarural.com\/blog\/7-mercados-medievales-en-cataluna\/","og_site_name":"Magazine de viajes de EscapadaRural","article_publisher":"https:\/\/www.facebook.com\/escapadarural","article_published_time":"2019-02-15T09:30:25+00:00","article_modified_time":"2025-01-16T13:03:13+00:00","og_image":[{"width":1024,"height":683,"url":"https:\/\/www.escapadarural.com\/blog\/wp-content\/uploads\/2024\/10\/Setmana20170253-1-1024x683-4.jpg","type":"image\/jpeg"}],"author":"Jos\u00e9 Alejandro Adamuz","twitter_card":"summary_large_image","twitter_misc":{"Escrito por":"Jos\u00e9 Alejandro Adamuz","Tiempo de lectura":"6 minutos"},"schema":{"@context":"https:\/\/schema.org","@graph":[{"@type":"Article","@id":"https:\/\/www.escapadarural.com\/blog\/7-mercados-medievales-en-cataluna\/#article","isPartOf":{"@id":"https:\/\/www.escapadarural.com\/blog\/7-mercados-medievales-en-cataluna\/"},"author":{"name":"Jos\u00e9 Alejandro Adamuz","@id":"https:\/\/www.escapadarural.com\/blog\/#\/schema\/person\/ac6969ba5ab90987dda9465be409d6b3"},"headline":"7 mercados medievales en Catalu\u00f1a","datePublished":"2019-02-15T09:30:25+00:00","dateModified":"2025-01-16T13:03:13+00:00","mainEntityOfPage":{"@id":"https:\/\/www.escapadarural.com\/blog\/7-mercados-medievales-en-cataluna\/"},"wordCount":1272,"commentCount":0,"publisher":{"@id":"https:\/\/www.escapadarural.com\/blog\/#organization"},"image":{"@id":"https:\/\/www.escapadarural.com\/blog\/7-mercados-medievales-en-cataluna\/#primaryimage"},"thumbnailUrl":"https:\/\/www.escapadarural.com\/blog\/wp-content\/uploads\/2024\/10\/Setmana20170253-1-1024x683-4.jpg","keywords":["Cardona","Catalu\u00f1a","Emp\u00faries","Listado","mercados","Montblanc","Peralada","seu d\u00b4Urgell","Vic"],"articleSection":["Arte y Cultura"],"inLanguage":"es","potentialAction":[{"@type":"CommentAction","name":"Comment","target":["https:\/\/www.escapadarural.com\/blog\/7-mercados-medievales-en-cataluna\/#respond"]}]},{"@type":"WebPage","@id":"https:\/\/www.escapadarural.com\/blog\/7-mercados-medievales-en-cataluna\/","url":"https:\/\/www.escapadarural.com\/blog\/7-mercados-medievales-en-cataluna\/","name":"7 mercados medievales en Catalu\u00f1a - EscapadaRural","isPartOf":{"@id":"https:\/\/www.escapadarural.com\/blog\/#website"},"primaryImageOfPage":{"@id":"https:\/\/www.escapadarural.com\/blog\/7-mercados-medievales-en-cataluna\/#primaryimage"},"image":{"@id":"https:\/\/www.escapadarural.com\/blog\/7-mercados-medievales-en-cataluna\/#primaryimage"},"thumbnailUrl":"https:\/\/www.escapadarural.com\/blog\/wp-content\/uploads\/2024\/10\/Setmana20170253-1-1024x683-4.jpg","datePublished":"2019-02-15T09:30:25+00:00","dateModified":"2025-01-16T13:03:13+00:00","breadcrumb":{"@id":"https:\/\/www.escapadarural.com\/blog\/7-mercados-medievales-en-cataluna\/#breadcrumb"},"inLanguage":"es","potentialAction":[{"@type":"ReadAction","target":["https:\/\/www.escapadarural.com\/blog\/7-mercados-medievales-en-cataluna\/"]}]},{"@type":"ImageObject","inLanguage":"es","@id":"https:\/\/www.escapadarural.com\/blog\/7-mercados-medievales-en-cataluna\/#primaryimage","url":"https:\/\/www.escapadarural.com\/blog\/wp-content\/uploads\/2024\/10\/Setmana20170253-1-1024x683-4.jpg","contentUrl":"https:\/\/www.escapadarural.com\/blog\/wp-content\/uploads\/2024\/10\/Setmana20170253-1-1024x683-4.jpg","width":1024,"height":683,"caption":"Tres mujeres vestidas con ropas hist\u00f3ricas preparan y exponen diversas carnes crudas, \u00f3rganos y verduras en una mesa de un puesto de mercado al aire libre, con vegetaci\u00f3n y muros de piedra al fondo."},{"@type":"BreadcrumbList","@id":"https:\/\/www.escapadarural.com\/blog\/7-mercados-medievales-en-cataluna\/#breadcrumb","itemListElement":[{"@type":"ListItem","position":1,"name":"Inicio","item":"https:\/\/www.escapadarural.com\/blog\/"},{"@type":"ListItem","position":2,"name":"Arte y Cultura","item":"https:\/\/www.escapadarural.com\/blog\/categoria\/arte-y-cultura\/"},{"@type":"ListItem","position":3,"name":"7 mercados medievales en Catalu\u00f1a"}]},{"@type":"WebSite","@id":"https:\/\/www.escapadarural.com\/blog\/#website","url":"https:\/\/www.escapadarural.com\/blog\/","name":"Blog de viajes | turismo rural, alojamientos e inspiraci\u00f3n","description":"Alojamientos rurales e inspiraci\u00f3n para tus escapadas","publisher":{"@id":"https:\/\/www.escapadarural.com\/blog\/#organization"},"alternateName":"Magazine de viajes de EscapadaRural","potentialAction":[{"@type":"SearchAction","target":{"@type":"EntryPoint","urlTemplate":"https:\/\/www.escapadarural.com\/blog\/?s={search_term_string}"},"query-input":{"@type":"PropertyValueSpecification","valueRequired":true,"valueName":"search_term_string"}}],"inLanguage":"es"},{"@type":"Organization","@id":"https:\/\/www.escapadarural.com\/blog\/#organization","name":"EscapadaRural","url":"https:\/\/www.escapadarural.com\/blog\/","logo":{"@type":"ImageObject","inLanguage":"es","@id":"https:\/\/www.escapadarural.com\/blog\/#\/schema\/logo\/image\/","url":"https:\/\/www.escapadarural.com\/blog\/wp-content\/uploads\/2024\/10\/cropped-cropped-escapada-rural-icon-mag-3.png","contentUrl":"https:\/\/www.escapadarural.com\/blog\/wp-content\/uploads\/2024\/10\/cropped-cropped-escapada-rural-icon-mag-3.png","width":512,"height":512,"caption":"EscapadaRural"},"image":{"@id":"https:\/\/www.escapadarural.com\/blog\/#\/schema\/logo\/image\/"},"sameAs":["https:\/\/www.facebook.com\/escapadarural","https:\/\/www.instagram.com\/escapadarural\/","https:\/\/www.youtube.com\/@escapadaruralcom"]},{"@type":"Person","@id":"https:\/\/www.escapadarural.com\/blog\/#\/schema\/person\/ac6969ba5ab90987dda9465be409d6b3","name":"Jos\u00e9 Alejandro Adamuz","image":{"@type":"ImageObject","inLanguage":"es","@id":"https:\/\/www.escapadarural.com\/blog\/wp-content\/uploads\/2025\/02\/cropped-jose_alejandro_viajar-96x96.webp","url":"https:\/\/www.escapadarural.com\/blog\/wp-content\/uploads\/2025\/02\/cropped-jose_alejandro_viajar-96x96.webp","contentUrl":"https:\/\/www.escapadarural.com\/blog\/wp-content\/uploads\/2025\/02\/cropped-jose_alejandro_viajar-96x96.webp","caption":"Jos\u00e9 Alejandro Adamuz"},"description":"Soy licenciado en filolog\u00eda hisp\u00e1nica y periodista por vocaci\u00f3n. Tambi\u00e9n soy disl\u00e9xico, por lo que suelo confundir la derecha con la izquierda y los kil\u00f3metros con la literatura. Pero de momento me va bien as\u00ed. Colaboro habitualmente en diferentes medios haciendo cr\u00f3nica de viajes y periodismo cultural. Me gusta que los viajes cuenten historias y que las historias me hagan viajar.","sameAs":["https:\/\/viviratodaletra.com\/"],"url":"https:\/\/www.escapadarural.com\/blog\/autor\/josealejandro\/"}]}},"_links":{"self":[{"href":"https:\/\/www.escapadarural.com\/blog\/wp-json\/wp\/v2\/posts\/10845","targetHints":{"allow":["GET"]}}],"collection":[{"href":"https:\/\/www.escapadarural.com\/blog\/wp-json\/wp\/v2\/posts"}],"about":[{"href":"https:\/\/www.escapadarural.com\/blog\/wp-json\/wp\/v2\/types\/post"}],"author":[{"embeddable":true,"href":"https:\/\/www.escapadarural.com\/blog\/wp-json\/wp\/v2\/users\/112"}],"replies":[{"embeddable":true,"href":"https:\/\/www.escapadarural.com\/blog\/wp-json\/wp\/v2\/comments?post=10845"}],"version-history":[{"count":0,"href":"https:\/\/www.escapadarural.com\/blog\/wp-json\/wp\/v2\/posts\/10845\/revisions"}],"wp:featuredmedia":[{"embeddable":true,"href":"https:\/\/www.escapadarural.com\/blog\/wp-json\/wp\/v2\/media\/103767"}],"wp:attachment":[{"href":"https:\/\/www.escapadarural.com\/blog\/wp-json\/wp\/v2\/media?parent=10845"}],"wp:term":[{"taxonomy":"category","embeddable":true,"href":"https:\/\/www.escapadarural.com\/blog\/wp-json\/wp\/v2\/categories?post=10845"},{"taxonomy":"post_tag","embeddable":true,"href":"https:\/\/www.escapadarural.com\/blog\/wp-json\/wp\/v2\/tags?post=10845"}],"curies":[{"name":"wp","href":"https:\/\/api.w.org\/{rel}","templated":true}]}}