{"id":10851,"date":"2019-02-19T08:30:02","date_gmt":"2019-02-19T08:30:02","guid":{"rendered":"http:\/\/15.188.81.248\/2019\/02\/19\/planes-para-viajar-solo-a-por-portugal\/"},"modified":"2024-10-21T12:40:58","modified_gmt":"2024-10-21T10:40:58","slug":"planes-para-viajar-solo-a-por-portugal","status":"publish","type":"post","link":"https:\/\/www.escapadarural.com\/blog\/planes-para-viajar-solo-a-por-portugal\/","title":{"rendered":"5 planes para viajar solo\/a por Portugal"},"content":{"rendered":"<div class=\"wp-block-image\">\n<figure class=\"aligncenter size-large\"><a href=\"https:\/\/www.escapadarural.com\/blog\/wp-content\/uploads\/2020\/07\/Portugal-4.jpg\"><img decoding=\"async\" src=\"https:\/\/www.escapadarural.com\/blog\/wp-content\/uploads\/2020\/07\/Portugal-4-1024x683.jpg\" alt=\"Algarve\" class=\"wp-image-25137\"\/><\/a><figcaption class=\"wp-element-caption\">Por Nido Huebl<\/figcaption><\/figure>\n<\/div>\n\n\n<p>Quien prueba, repite. Nos referimos a lo de viajar sin acompa\u00f1antes. La primera vez da miedo, pensamos que nos puede ocurrir algo o que, sencillamente, nos vamos a aburrir. Pero nada m\u00e1s lejos de la realidad, quienes prefieren viajar solos destacan la sensaci\u00f3n pura de libertad que sienten y el poder conectar, curiosamente, con m\u00e1s gente que viajando acompa\u00f1ados.<\/p>\n\n\n\n<p>Vale que hay pa\u00edses m\u00e1s f\u00e1ciles o m\u00e1s complicados. Pero esto es algo que va por niveles, as\u00ed que mejor comenzar por lugares que no tengan excesiva dificultad. Por eso, si es tu primera vez, Portugal es ideal para viajar solo. Hay de todo, es f\u00e1cil y te vas a divertir un mundo.<\/p>\n\n\n\n<!--more-->\n\n\n\n<h2 class=\"wp-block-heading title-rute\"><strong>1.<\/strong> Tomar el sol a tus anchas<\/h2>\n\n\n<div class=\"wp-block-image\">\n<figure class=\"aligncenter size-large\"><a href=\"https:\/\/www.escapadarural.com\/blog\/wp-content\/uploads\/2020\/07\/Portugal-5.jpg\"><img decoding=\"async\" src=\"https:\/\/www.escapadarural.com\/blog\/wp-content\/uploads\/2020\/07\/Portugal-5-1024x683.jpg\" alt=\"Praia do Camilo, Lagos\" class=\"wp-image-25138\"\/><\/a><figcaption class=\"wp-element-caption\">Por artem evdokimov<\/figcaption><\/figure>\n<\/div>\n\n\n<p>Llegas a la playa, extiendes tu toalla, te tumbas, puedes escoger tu lista favorita en Spotify o dejar que el sonido de las olas te adormezca. \u00bfA qu\u00e9 suena bien? Y es que ir a la playa, es mejor hacerlo solo, sin nadie que te pida que le pongas crema solar a cada rato o que quiera jugar a palas o que te llene la toalla de arena.<\/p>\n\n\n\n<p>La zona playera que se ha puesto m\u00e1s de moda en Portugal es la del Algarve, el finisterre portugu\u00e9s. Y es que no es para menos, sus largas playas de arena dorada y acantilados sobrecogedores, como los que te encuentras en la playa de Benagil, son como para detener el mundo unos d\u00edas y desconectar.<\/p>\n\n\n\n<p>Tienes que llegar a Ponta da Piedade, un conjunto de rocas a muy poca distancia de la ciudad de Lagos. All\u00ed, el viento y el mar se han dedicado desde siglos a modelar con formas prodigiosas las rocas. El dorado de la piedra contrasta con los tonos esmeraldas del mar. Hay sendas costeras por los vertiginosos acantilados, pero si quieres algo m\u00e1s relajado, tienes los ferrys que hacen excursiones para conocer las formaciones rocosas m\u00e1s pintorescas y las cuevas marinas.<\/p>\n\n\n\n<p>Como base de operaciones, no lo dudes, b\u00fascate algo por Carvoeiro, uno de los m\u00e1s bellos pueblos del Algarve. La vista a las casitas encaladas desde su peque\u00f1a playa con las barcas varadas en la arena son una aut\u00e9ntica delicia.<\/p>\n\n\n\n<h2 class=\"wp-block-heading title-rute\"><strong>2.<\/strong> Contar estrellas<\/h2>\n\n\n<div class=\"wp-block-image\">\n<figure class=\"aligncenter size-large\"><a href=\"https:\/\/www.escapadarural.com\/blog\/wp-content\/uploads\/2020\/07\/Portugal-3.jpg\"><img decoding=\"async\" src=\"https:\/\/www.escapadarural.com\/blog\/wp-content\/uploads\/2020\/07\/Portugal-3-1024x683.jpg\" alt=\"Ferragudo\" class=\"wp-image-25139\"\/><\/a><figcaption class=\"wp-element-caption\">Por Steve Photography<\/figcaption><\/figure>\n<\/div>\n\n\n<p>Lo de mirar a las estrellas es algo muy t\u00edpico de vacaciones. Normalmente, ni nos acordamos, o si queremos observalas, resulta que la contaminaci\u00f3n lum\u00ednica de la ciudad no nos deja. Y sin embargo, nada m\u00e1s delicioso que un intenso cielo estrellado. Para admirar este espect\u00e1culo no hace falta compa\u00f1\u00eda. Al contrario, porque de alguna forma, mirar tan lejos nos acerca a nuestro interior. Mejor que nadie nos moleste.<\/p>\n\n\n\n<p>Uno de los cielos nocturnos que podr\u00e1s encontrar en Portugal m\u00e1s impresionantes es el de Alqueva, que es un \u00e1rea de una superficie de unos 3.000 kil\u00f3metros cuadrados, protegida internacionalmente y certificada como reserva Dark Sky o \u201cStarlight Tourism Destination\u201d. De hecho, fue el primer destino que recibi\u00f3 este reconocimiento, en 2011.<\/p>\n\n\n\n<p>\u00a1Todo un sello de garant\u00eda! Aqu\u00ed, el l\u00edmite de estrellas est\u00e1 s\u00f3lo en las constelaciones que sepas identificar en el cielo. Por suerte, en la zona hay multitud de excursiones donde te guiar\u00e1n para que puedas disfrutar del cielo nocturno. Cualquiera de los pueblecitos que se ubica alrededor del Gran Lago del Alqueva -pr\u00e1cticamente, un mar interior- te valdr\u00e1n para disfrutar del manto estrellado de la regi\u00f3n. Pero, puestos a recomendar, qu\u00e9 mejor que Monsaraz, el pueblo m\u00e1s bello de Alentejo.<\/p>\n\n\n\n<h2 class=\"wp-block-heading title-rute\"><strong>3.<\/strong> Perderse en una isla<\/h2>\n\n\n<div class=\"wp-block-image\">\n<figure class=\"aligncenter size-large\"><a href=\"https:\/\/www.escapadarural.com\/blog\/wp-content\/uploads\/2020\/07\/Portugal-2.jpg\"><img decoding=\"async\" src=\"https:\/\/www.escapadarural.com\/blog\/wp-content\/uploads\/2020\/07\/Portugal-2-1024x683.jpg\" alt=\"Fuerte San Juan Bautista en las islas Berlenga\" class=\"wp-image-25140\"\/><\/a><figcaption class=\"wp-element-caption\">Por Fulcanelli<\/figcaption><\/figure>\n<\/div>\n\n\n<p>\u00bfQu\u00e9 mejor lugar para viajar solos que a una isla remota? Las islas Berlengas son un para\u00edso portugu\u00e9s pr\u00e1cticamente desconocido, por lo que vas a dar envidia a muchos de tus amigos cuando te dediques a subir fotos y mas fotos a tu Instagram. Se trata de un archipi\u00e9lago agreste rodeado de aguas transparentes turquesas que se encuentra enclavado a unas 8 millas mar adentro, frente a Peniche.<\/p>\n\n\n\n<p>De ellas, s\u00f3lo Berlenga Grande se puede visitar. En el siglo XVI, esta isla alberg\u00f3 un monasterio, pero el la actualidad, sus habitantes m\u00e1s famosos son las miles de aves marinas que anidan aqu\u00ed, lo que le ha valido convertirse en Reserva Natural de la Biosfera. La isla se puede recorrer siguiendo dos rutas bien marcadas de las que est\u00e1 prohibido salirse.<\/p>\n\n\n\n<p>A este para\u00edso se llega tras un viaje en barco de unos 45 minutos aproximadamente. Y lo extra\u00f1o es que viendo lo esc\u00e9nico del fuerte de S\u00e3o Jo\u00e3o Baptista, del siglo XVII, unido a la isla por una estrecha pasarela de piedra, ning\u00fan t\u00e9cnico de localizaciones de Juegos de Tronos lo haya escogido como escenario para una temporada de la serie. El mismo fuerte es un albergue con peque\u00f1as habitaciones individuales en la muralla. Son ideales para dormirse escuchando el sonido del mar.<\/p>\n\n\n\n<h2 class=\"wp-block-heading title-rute\"><strong>4.<\/strong> Caminante no hay camino&#8230;<\/h2>\n\n\n<div class=\"wp-block-image\">\n<figure class=\"aligncenter size-large\"><a href=\"https:\/\/www.escapadarural.com\/blog\/wp-content\/uploads\/2020\/07\/Portugal-6.jpg\"><img decoding=\"async\" src=\"https:\/\/www.escapadarural.com\/blog\/wp-content\/uploads\/2020\/07\/Portugal-6-1024x681.jpg\" alt=\"Lugo Trail. Faro to Quinta do Lago. Algarve.\" class=\"wp-image-25141\"\/><\/a><figcaption class=\"wp-element-caption\">Por Davidolfi<\/figcaption><\/figure>\n<\/div>\n\n\n<p>Ya se sabe que para caminar no hace falta mucha compa\u00f1\u00eda. En Portugal, lo podr\u00e1s comprobar. Hay m\u00e1s de 3.700 kil\u00f3metros de rutas oficiales por las que aventurarse, ya sea pasito a pasito o d\u00e1ndole a los pedales. Sin duda, una forma fenomenal de conocer el pa\u00eds, su riqueza de paisajes y su patrimonio cultural, adem\u00e1s de mantenerte en forma.<\/p>\n\n\n\n<p>Entre tantos kil\u00f3metros, una de las propuestas m\u00e1s interesantes es la del Camino Portugu\u00e9s. Se trata de la versi\u00f3n lusa del Camino de Santiago, pero con menos embotellamiento de peregrinos. Hist\u00f3ricamente, tuvo distintas rutas alternativas, pero tal vez la del interior, que empieza en Oporto, junto al r\u00edo Douro, sea la m\u00e1s conocida.<\/p>\n\n\n\n<p>En general, no hay etapas tan duras y exigentes como algunas de las que encuentras en el Camino Franc\u00e9s. La excepci\u00f3n es entre Ponte Lima y Rubiaes, donde est\u00e1 el mayor rompepiernas de todo el Camino Portugu\u00e9s en el Alto da Portela. Si quieres caminar m\u00e1s, puedes comenzar en Lisboa.<\/p>\n\n\n\n<p>Desde Oporto a Santiago de Compostela son once etapas y unos 230 kil\u00f3metros. Vas a pasar por iglesias, monasterios tan bellos como el de S\u00e3o Sim\u00e3o da Junqueira, zonas de bosques frondosos, vas a conocer peque\u00f1as aldeas de piedra donde descansar y leyendas como la del Gallo de Barcelos, signo de identidad de toda la naci\u00f3n portuguesa. Y para reponer fuerzas, no olvides probar los enchidos de porco con una copita de vinho verde, o un buen caldo para entrar en calor.<\/p>\n\n\n\n<h2 class=\"wp-block-heading title-rute\"><strong>5.<\/strong> Escuchar m\u00fasica<\/h2>\n\n\n\n<figure class=\"wp-block-image size-large\"><img decoding=\"async\" src=\"https:\/\/www.escapadarural.com\/blog\/wp-content\/uploads\/2020\/07\/telaTss-1024x612.jpg\" alt=\"\" class=\"wp-image-25142\"\/><figcaption class=\"wp-element-caption\">Por Festival Terra Sem Sombra<\/figcaption><\/figure>\n\n\n\n<p>Vale que puede parecer que un festival es el \u00faltimo de los lugares a donde ir solo o sola; pero bueno, eso depender\u00e1 tambi\u00e9n del tipo de festival, \u00bfno crees? En Portugal, hay montones de eventos musicales, pero unos de los m\u00e1s recomendables para disfrutar sin compa\u00f1\u00eda es el Terras Sem Sombra.<\/p>\n\n\n\n<p>No es un festival cualquiera, sino que es itinerante, por lo que te permitir\u00e1 conocer zonas del Alentejo por las que ni se te habr\u00eda ocurrido pasar. No porque no tengan inter\u00e9s, sino por puro desconocimiento. Desde sus or\u00edgenes, all\u00e1 por el a\u00f1o 2003, Terras Sem Sombra busca que cada nueva edici\u00f3n sumar m\u00fasica cl\u00e1sica con historia y patrimonio cultural. Adem\u00e1s, no te gastar\u00e1s nada en entradas, porque la programaci\u00f3n siempre es de libre acceso.<\/p>\n\n\n\n<p>Durante cada fin de semana, desde febrero y hasta finales de junio, pueblos como Vila de Frades, Serpa, Sines o Beja, abren espacios singulares, algunos tan destacables como el Convento de Nuestra Se\u00f1ora de las Reliquias, el primer lugar donde fue enterrado Vasco De Gama en Portugal, antes de acabar en los Jer\u00f3nimos, en Lisboa.<\/p>\n","protected":false},"excerpt":{"rendered":"<p>Si es tu primera vez, Portugal es ideal para viajar solo. Hay de todo, es f\u00e1cil y te vas a divertir un mundo.<\/p>\n","protected":false},"author":112,"featured_media":103753,"comment_status":"open","ping_status":"closed","sticky":false,"template":"","format":"standard","meta":{"_acf_changed":false,"om_disable_all_campaigns":false,"footnotes":""},"categories":[191],"tags":[2249,2050,215,935,538,2250],"class_list":["post-10851","post","type-post","status-publish","format-standard","has-post-thumbnail","hentry","category-destinos","tag-en-solitario","tag-escapadas","tag-listado","tag-planes","tag-portugal","tag-solo"],"acf":[],"featured_image_src":"https:\/\/www.escapadarural.com\/blog\/wp-content\/uploads\/2024\/10\/Portugal-4-1024x683-3.jpg","author_info":{"display_name":"Jos\u00e9 Alejandro Adamuz","author_link":"https:\/\/www.escapadarural.com\/blog\/autor\/josealejandro\/"},"yoast_head":"<!-- This site is optimized with the Yoast SEO plugin v27.5 - https:\/\/yoast.com\/product\/yoast-seo-wordpress\/ -->\n<title>5 planes para viajar solo\/a por Portugal - EscapadaRural<\/title>\n<meta name=\"robots\" content=\"index, follow, max-snippet:-1, max-image-preview:large, max-video-preview:-1\" \/>\n<link rel=\"canonical\" href=\"https:\/\/www.escapadarural.com\/blog\/planes-para-viajar-solo-a-por-portugal\/\" \/>\n<meta property=\"og:locale\" content=\"es_ES\" \/>\n<meta property=\"og:type\" content=\"article\" \/>\n<meta property=\"og:title\" content=\"5 planes para viajar solo\/a por Portugal - EscapadaRural\" \/>\n<meta property=\"og:description\" content=\"Si es tu primera vez, Portugal es ideal para viajar solo. Hay de todo, es f\u00e1cil y te vas a divertir un mundo.\" \/>\n<meta property=\"og:url\" content=\"https:\/\/www.escapadarural.com\/blog\/planes-para-viajar-solo-a-por-portugal\/\" \/>\n<meta property=\"og:site_name\" content=\"Magazine de viajes de EscapadaRural\" \/>\n<meta property=\"article:publisher\" content=\"https:\/\/www.facebook.com\/escapadarural\" \/>\n<meta property=\"article:published_time\" content=\"2019-02-19T08:30:02+00:00\" \/>\n<meta property=\"article:modified_time\" content=\"2024-10-21T10:40:58+00:00\" \/>\n<meta property=\"og:image\" content=\"https:\/\/www.escapadarural.com\/blog\/wp-content\/uploads\/2024\/10\/Portugal-4-1024x683-3.jpg\" \/>\n\t<meta property=\"og:image:width\" content=\"1024\" \/>\n\t<meta property=\"og:image:height\" content=\"683\" \/>\n\t<meta property=\"og:image:type\" content=\"image\/jpeg\" \/>\n<meta name=\"author\" content=\"Jos\u00e9 Alejandro Adamuz\" \/>\n<meta name=\"twitter:card\" content=\"summary_large_image\" \/>\n<meta name=\"twitter:label1\" content=\"Escrito por\" \/>\n\t<meta name=\"twitter:data1\" content=\"Jos\u00e9 Alejandro Adamuz\" \/>\n\t<meta name=\"twitter:label2\" content=\"Tiempo de lectura\" \/>\n\t<meta name=\"twitter:data2\" content=\"7 minutos\" \/>\n<script type=\"application\/ld+json\" class=\"yoast-schema-graph\">{\"@context\":\"https:\\\/\\\/schema.org\",\"@graph\":[{\"@type\":\"Article\",\"@id\":\"https:\\\/\\\/www.escapadarural.com\\\/blog\\\/planes-para-viajar-solo-a-por-portugal\\\/#article\",\"isPartOf\":{\"@id\":\"https:\\\/\\\/www.escapadarural.com\\\/blog\\\/planes-para-viajar-solo-a-por-portugal\\\/\"},\"author\":{\"name\":\"Jos\u00e9 Alejandro Adamuz\",\"@id\":\"https:\\\/\\\/www.escapadarural.com\\\/blog\\\/#\\\/schema\\\/person\\\/ac6969ba5ab90987dda9465be409d6b3\"},\"headline\":\"5 planes para viajar solo\\\/a por Portugal\",\"datePublished\":\"2019-02-19T08:30:02+00:00\",\"dateModified\":\"2024-10-21T10:40:58+00:00\",\"mainEntityOfPage\":{\"@id\":\"https:\\\/\\\/www.escapadarural.com\\\/blog\\\/planes-para-viajar-solo-a-por-portugal\\\/\"},\"wordCount\":1322,\"commentCount\":0,\"publisher\":{\"@id\":\"https:\\\/\\\/www.escapadarural.com\\\/blog\\\/#organization\"},\"image\":{\"@id\":\"https:\\\/\\\/www.escapadarural.com\\\/blog\\\/planes-para-viajar-solo-a-por-portugal\\\/#primaryimage\"},\"thumbnailUrl\":\"https:\\\/\\\/www.escapadarural.com\\\/blog\\\/wp-content\\\/uploads\\\/2024\\\/10\\\/Portugal-4-1024x683-3.jpg\",\"keywords\":[\"en solitario\",\"Escapadas\",\"Listado\",\"planes\",\"portugal\",\"solo\"],\"articleSection\":[\"Destinos\"],\"inLanguage\":\"es\",\"potentialAction\":[{\"@type\":\"CommentAction\",\"name\":\"Comment\",\"target\":[\"https:\\\/\\\/www.escapadarural.com\\\/blog\\\/planes-para-viajar-solo-a-por-portugal\\\/#respond\"]}]},{\"@type\":\"WebPage\",\"@id\":\"https:\\\/\\\/www.escapadarural.com\\\/blog\\\/planes-para-viajar-solo-a-por-portugal\\\/\",\"url\":\"https:\\\/\\\/www.escapadarural.com\\\/blog\\\/planes-para-viajar-solo-a-por-portugal\\\/\",\"name\":\"5 planes para viajar solo\\\/a por Portugal - EscapadaRural\",\"isPartOf\":{\"@id\":\"https:\\\/\\\/www.escapadarural.com\\\/blog\\\/#website\"},\"primaryImageOfPage\":{\"@id\":\"https:\\\/\\\/www.escapadarural.com\\\/blog\\\/planes-para-viajar-solo-a-por-portugal\\\/#primaryimage\"},\"image\":{\"@id\":\"https:\\\/\\\/www.escapadarural.com\\\/blog\\\/planes-para-viajar-solo-a-por-portugal\\\/#primaryimage\"},\"thumbnailUrl\":\"https:\\\/\\\/www.escapadarural.com\\\/blog\\\/wp-content\\\/uploads\\\/2024\\\/10\\\/Portugal-4-1024x683-3.jpg\",\"datePublished\":\"2019-02-19T08:30:02+00:00\",\"dateModified\":\"2024-10-21T10:40:58+00:00\",\"breadcrumb\":{\"@id\":\"https:\\\/\\\/www.escapadarural.com\\\/blog\\\/planes-para-viajar-solo-a-por-portugal\\\/#breadcrumb\"},\"inLanguage\":\"es\",\"potentialAction\":[{\"@type\":\"ReadAction\",\"target\":[\"https:\\\/\\\/www.escapadarural.com\\\/blog\\\/planes-para-viajar-solo-a-por-portugal\\\/\"]}]},{\"@type\":\"ImageObject\",\"inLanguage\":\"es\",\"@id\":\"https:\\\/\\\/www.escapadarural.com\\\/blog\\\/planes-para-viajar-solo-a-por-portugal\\\/#primaryimage\",\"url\":\"https:\\\/\\\/www.escapadarural.com\\\/blog\\\/wp-content\\\/uploads\\\/2024\\\/10\\\/Portugal-4-1024x683-3.jpg\",\"contentUrl\":\"https:\\\/\\\/www.escapadarural.com\\\/blog\\\/wp-content\\\/uploads\\\/2024\\\/10\\\/Portugal-4-1024x683-3.jpg\",\"width\":1024,\"height\":683,\"caption\":\"Una persona de pie sobre la arena iluminada por el sol dentro de una gran cueva costera con arcos naturales y una abertura redonda en el techo, con vistas al agua azul del oc\u00e9ano y al cielo de fondo.\"},{\"@type\":\"BreadcrumbList\",\"@id\":\"https:\\\/\\\/www.escapadarural.com\\\/blog\\\/planes-para-viajar-solo-a-por-portugal\\\/#breadcrumb\",\"itemListElement\":[{\"@type\":\"ListItem\",\"position\":1,\"name\":\"Inicio\",\"item\":\"https:\\\/\\\/www.escapadarural.com\\\/blog\\\/\"},{\"@type\":\"ListItem\",\"position\":2,\"name\":\"Destinos\",\"item\":\"https:\\\/\\\/www.escapadarural.com\\\/blog\\\/categoria\\\/destinos\\\/\"},{\"@type\":\"ListItem\",\"position\":3,\"name\":\"5 planes para viajar solo\\\/a por Portugal\"}]},{\"@type\":\"WebSite\",\"@id\":\"https:\\\/\\\/www.escapadarural.com\\\/blog\\\/#website\",\"url\":\"https:\\\/\\\/www.escapadarural.com\\\/blog\\\/\",\"name\":\"Blog de viajes | turismo rural, alojamientos e inspiraci\u00f3n\",\"description\":\"Alojamientos rurales e inspiraci\u00f3n para tus escapadas\",\"publisher\":{\"@id\":\"https:\\\/\\\/www.escapadarural.com\\\/blog\\\/#organization\"},\"alternateName\":\"Magazine de viajes de EscapadaRural\",\"potentialAction\":[{\"@type\":\"SearchAction\",\"target\":{\"@type\":\"EntryPoint\",\"urlTemplate\":\"https:\\\/\\\/www.escapadarural.com\\\/blog\\\/?s={search_term_string}\"},\"query-input\":{\"@type\":\"PropertyValueSpecification\",\"valueRequired\":true,\"valueName\":\"search_term_string\"}}],\"inLanguage\":\"es\"},{\"@type\":\"Organization\",\"@id\":\"https:\\\/\\\/www.escapadarural.com\\\/blog\\\/#organization\",\"name\":\"EscapadaRural\",\"url\":\"https:\\\/\\\/www.escapadarural.com\\\/blog\\\/\",\"logo\":{\"@type\":\"ImageObject\",\"inLanguage\":\"es\",\"@id\":\"https:\\\/\\\/www.escapadarural.com\\\/blog\\\/#\\\/schema\\\/logo\\\/image\\\/\",\"url\":\"https:\\\/\\\/www.escapadarural.com\\\/blog\\\/wp-content\\\/uploads\\\/2024\\\/10\\\/cropped-cropped-escapada-rural-icon-mag-3.png\",\"contentUrl\":\"https:\\\/\\\/www.escapadarural.com\\\/blog\\\/wp-content\\\/uploads\\\/2024\\\/10\\\/cropped-cropped-escapada-rural-icon-mag-3.png\",\"width\":512,\"height\":512,\"caption\":\"EscapadaRural\"},\"image\":{\"@id\":\"https:\\\/\\\/www.escapadarural.com\\\/blog\\\/#\\\/schema\\\/logo\\\/image\\\/\"},\"sameAs\":[\"https:\\\/\\\/www.facebook.com\\\/escapadarural\",\"https:\\\/\\\/www.instagram.com\\\/escapadarural\\\/\",\"https:\\\/\\\/www.youtube.com\\\/@escapadaruralcom\"]},{\"@type\":\"Person\",\"@id\":\"https:\\\/\\\/www.escapadarural.com\\\/blog\\\/#\\\/schema\\\/person\\\/ac6969ba5ab90987dda9465be409d6b3\",\"name\":\"Jos\u00e9 Alejandro Adamuz\",\"image\":{\"@type\":\"ImageObject\",\"inLanguage\":\"es\",\"@id\":\"https:\\\/\\\/www.escapadarural.com\\\/blog\\\/wp-content\\\/uploads\\\/2025\\\/02\\\/cropped-jose_alejandro_viajar-96x96.webp\",\"url\":\"https:\\\/\\\/www.escapadarural.com\\\/blog\\\/wp-content\\\/uploads\\\/2025\\\/02\\\/cropped-jose_alejandro_viajar-96x96.webp\",\"contentUrl\":\"https:\\\/\\\/www.escapadarural.com\\\/blog\\\/wp-content\\\/uploads\\\/2025\\\/02\\\/cropped-jose_alejandro_viajar-96x96.webp\",\"caption\":\"Jos\u00e9 Alejandro Adamuz\"},\"description\":\"Soy licenciado en filolog\u00eda hisp\u00e1nica y periodista por vocaci\u00f3n. Tambi\u00e9n soy disl\u00e9xico, por lo que suelo confundir la derecha con la izquierda y los kil\u00f3metros con la literatura. Pero de momento me va bien as\u00ed. Colaboro habitualmente en diferentes medios haciendo cr\u00f3nica de viajes y periodismo cultural. Me gusta que los viajes cuenten historias y que las historias me hagan viajar.\",\"sameAs\":[\"https:\\\/\\\/viviratodaletra.com\\\/\"],\"url\":\"https:\\\/\\\/www.escapadarural.com\\\/blog\\\/autor\\\/josealejandro\\\/\"}]}<\/script>\n<!-- \/ Yoast SEO plugin. -->","yoast_head_json":{"title":"5 planes para viajar solo\/a por Portugal - EscapadaRural","robots":{"index":"index","follow":"follow","max-snippet":"max-snippet:-1","max-image-preview":"max-image-preview:large","max-video-preview":"max-video-preview:-1"},"canonical":"https:\/\/www.escapadarural.com\/blog\/planes-para-viajar-solo-a-por-portugal\/","og_locale":"es_ES","og_type":"article","og_title":"5 planes para viajar solo\/a por Portugal - EscapadaRural","og_description":"Si es tu primera vez, Portugal es ideal para viajar solo. Hay de todo, es f\u00e1cil y te vas a divertir un mundo.","og_url":"https:\/\/www.escapadarural.com\/blog\/planes-para-viajar-solo-a-por-portugal\/","og_site_name":"Magazine de viajes de EscapadaRural","article_publisher":"https:\/\/www.facebook.com\/escapadarural","article_published_time":"2019-02-19T08:30:02+00:00","article_modified_time":"2024-10-21T10:40:58+00:00","og_image":[{"width":1024,"height":683,"url":"https:\/\/www.escapadarural.com\/blog\/wp-content\/uploads\/2024\/10\/Portugal-4-1024x683-3.jpg","type":"image\/jpeg"}],"author":"Jos\u00e9 Alejandro Adamuz","twitter_card":"summary_large_image","twitter_misc":{"Escrito por":"Jos\u00e9 Alejandro Adamuz","Tiempo de lectura":"7 minutos"},"schema":{"@context":"https:\/\/schema.org","@graph":[{"@type":"Article","@id":"https:\/\/www.escapadarural.com\/blog\/planes-para-viajar-solo-a-por-portugal\/#article","isPartOf":{"@id":"https:\/\/www.escapadarural.com\/blog\/planes-para-viajar-solo-a-por-portugal\/"},"author":{"name":"Jos\u00e9 Alejandro Adamuz","@id":"https:\/\/www.escapadarural.com\/blog\/#\/schema\/person\/ac6969ba5ab90987dda9465be409d6b3"},"headline":"5 planes para viajar solo\/a por Portugal","datePublished":"2019-02-19T08:30:02+00:00","dateModified":"2024-10-21T10:40:58+00:00","mainEntityOfPage":{"@id":"https:\/\/www.escapadarural.com\/blog\/planes-para-viajar-solo-a-por-portugal\/"},"wordCount":1322,"commentCount":0,"publisher":{"@id":"https:\/\/www.escapadarural.com\/blog\/#organization"},"image":{"@id":"https:\/\/www.escapadarural.com\/blog\/planes-para-viajar-solo-a-por-portugal\/#primaryimage"},"thumbnailUrl":"https:\/\/www.escapadarural.com\/blog\/wp-content\/uploads\/2024\/10\/Portugal-4-1024x683-3.jpg","keywords":["en solitario","Escapadas","Listado","planes","portugal","solo"],"articleSection":["Destinos"],"inLanguage":"es","potentialAction":[{"@type":"CommentAction","name":"Comment","target":["https:\/\/www.escapadarural.com\/blog\/planes-para-viajar-solo-a-por-portugal\/#respond"]}]},{"@type":"WebPage","@id":"https:\/\/www.escapadarural.com\/blog\/planes-para-viajar-solo-a-por-portugal\/","url":"https:\/\/www.escapadarural.com\/blog\/planes-para-viajar-solo-a-por-portugal\/","name":"5 planes para viajar solo\/a por Portugal - EscapadaRural","isPartOf":{"@id":"https:\/\/www.escapadarural.com\/blog\/#website"},"primaryImageOfPage":{"@id":"https:\/\/www.escapadarural.com\/blog\/planes-para-viajar-solo-a-por-portugal\/#primaryimage"},"image":{"@id":"https:\/\/www.escapadarural.com\/blog\/planes-para-viajar-solo-a-por-portugal\/#primaryimage"},"thumbnailUrl":"https:\/\/www.escapadarural.com\/blog\/wp-content\/uploads\/2024\/10\/Portugal-4-1024x683-3.jpg","datePublished":"2019-02-19T08:30:02+00:00","dateModified":"2024-10-21T10:40:58+00:00","breadcrumb":{"@id":"https:\/\/www.escapadarural.com\/blog\/planes-para-viajar-solo-a-por-portugal\/#breadcrumb"},"inLanguage":"es","potentialAction":[{"@type":"ReadAction","target":["https:\/\/www.escapadarural.com\/blog\/planes-para-viajar-solo-a-por-portugal\/"]}]},{"@type":"ImageObject","inLanguage":"es","@id":"https:\/\/www.escapadarural.com\/blog\/planes-para-viajar-solo-a-por-portugal\/#primaryimage","url":"https:\/\/www.escapadarural.com\/blog\/wp-content\/uploads\/2024\/10\/Portugal-4-1024x683-3.jpg","contentUrl":"https:\/\/www.escapadarural.com\/blog\/wp-content\/uploads\/2024\/10\/Portugal-4-1024x683-3.jpg","width":1024,"height":683,"caption":"Una persona de pie sobre la arena iluminada por el sol dentro de una gran cueva costera con arcos naturales y una abertura redonda en el techo, con vistas al agua azul del oc\u00e9ano y al cielo de fondo."},{"@type":"BreadcrumbList","@id":"https:\/\/www.escapadarural.com\/blog\/planes-para-viajar-solo-a-por-portugal\/#breadcrumb","itemListElement":[{"@type":"ListItem","position":1,"name":"Inicio","item":"https:\/\/www.escapadarural.com\/blog\/"},{"@type":"ListItem","position":2,"name":"Destinos","item":"https:\/\/www.escapadarural.com\/blog\/categoria\/destinos\/"},{"@type":"ListItem","position":3,"name":"5 planes para viajar solo\/a por Portugal"}]},{"@type":"WebSite","@id":"https:\/\/www.escapadarural.com\/blog\/#website","url":"https:\/\/www.escapadarural.com\/blog\/","name":"Blog de viajes | turismo rural, alojamientos e inspiraci\u00f3n","description":"Alojamientos rurales e inspiraci\u00f3n para tus escapadas","publisher":{"@id":"https:\/\/www.escapadarural.com\/blog\/#organization"},"alternateName":"Magazine de viajes de EscapadaRural","potentialAction":[{"@type":"SearchAction","target":{"@type":"EntryPoint","urlTemplate":"https:\/\/www.escapadarural.com\/blog\/?s={search_term_string}"},"query-input":{"@type":"PropertyValueSpecification","valueRequired":true,"valueName":"search_term_string"}}],"inLanguage":"es"},{"@type":"Organization","@id":"https:\/\/www.escapadarural.com\/blog\/#organization","name":"EscapadaRural","url":"https:\/\/www.escapadarural.com\/blog\/","logo":{"@type":"ImageObject","inLanguage":"es","@id":"https:\/\/www.escapadarural.com\/blog\/#\/schema\/logo\/image\/","url":"https:\/\/www.escapadarural.com\/blog\/wp-content\/uploads\/2024\/10\/cropped-cropped-escapada-rural-icon-mag-3.png","contentUrl":"https:\/\/www.escapadarural.com\/blog\/wp-content\/uploads\/2024\/10\/cropped-cropped-escapada-rural-icon-mag-3.png","width":512,"height":512,"caption":"EscapadaRural"},"image":{"@id":"https:\/\/www.escapadarural.com\/blog\/#\/schema\/logo\/image\/"},"sameAs":["https:\/\/www.facebook.com\/escapadarural","https:\/\/www.instagram.com\/escapadarural\/","https:\/\/www.youtube.com\/@escapadaruralcom"]},{"@type":"Person","@id":"https:\/\/www.escapadarural.com\/blog\/#\/schema\/person\/ac6969ba5ab90987dda9465be409d6b3","name":"Jos\u00e9 Alejandro Adamuz","image":{"@type":"ImageObject","inLanguage":"es","@id":"https:\/\/www.escapadarural.com\/blog\/wp-content\/uploads\/2025\/02\/cropped-jose_alejandro_viajar-96x96.webp","url":"https:\/\/www.escapadarural.com\/blog\/wp-content\/uploads\/2025\/02\/cropped-jose_alejandro_viajar-96x96.webp","contentUrl":"https:\/\/www.escapadarural.com\/blog\/wp-content\/uploads\/2025\/02\/cropped-jose_alejandro_viajar-96x96.webp","caption":"Jos\u00e9 Alejandro Adamuz"},"description":"Soy licenciado en filolog\u00eda hisp\u00e1nica y periodista por vocaci\u00f3n. Tambi\u00e9n soy disl\u00e9xico, por lo que suelo confundir la derecha con la izquierda y los kil\u00f3metros con la literatura. Pero de momento me va bien as\u00ed. Colaboro habitualmente en diferentes medios haciendo cr\u00f3nica de viajes y periodismo cultural. Me gusta que los viajes cuenten historias y que las historias me hagan viajar.","sameAs":["https:\/\/viviratodaletra.com\/"],"url":"https:\/\/www.escapadarural.com\/blog\/autor\/josealejandro\/"}]}},"_links":{"self":[{"href":"https:\/\/www.escapadarural.com\/blog\/wp-json\/wp\/v2\/posts\/10851","targetHints":{"allow":["GET"]}}],"collection":[{"href":"https:\/\/www.escapadarural.com\/blog\/wp-json\/wp\/v2\/posts"}],"about":[{"href":"https:\/\/www.escapadarural.com\/blog\/wp-json\/wp\/v2\/types\/post"}],"author":[{"embeddable":true,"href":"https:\/\/www.escapadarural.com\/blog\/wp-json\/wp\/v2\/users\/112"}],"replies":[{"embeddable":true,"href":"https:\/\/www.escapadarural.com\/blog\/wp-json\/wp\/v2\/comments?post=10851"}],"version-history":[{"count":0,"href":"https:\/\/www.escapadarural.com\/blog\/wp-json\/wp\/v2\/posts\/10851\/revisions"}],"wp:featuredmedia":[{"embeddable":true,"href":"https:\/\/www.escapadarural.com\/blog\/wp-json\/wp\/v2\/media\/103753"}],"wp:attachment":[{"href":"https:\/\/www.escapadarural.com\/blog\/wp-json\/wp\/v2\/media?parent=10851"}],"wp:term":[{"taxonomy":"category","embeddable":true,"href":"https:\/\/www.escapadarural.com\/blog\/wp-json\/wp\/v2\/categories?post=10851"},{"taxonomy":"post_tag","embeddable":true,"href":"https:\/\/www.escapadarural.com\/blog\/wp-json\/wp\/v2\/tags?post=10851"}],"curies":[{"name":"wp","href":"https:\/\/api.w.org\/{rel}","templated":true}]}}