{"id":10932,"date":"2020-05-29T11:04:00","date_gmt":"2020-05-29T10:04:00","guid":{"rendered":"http:\/\/15.188.81.248\/2019\/03\/04\/subida-al-turo-del-home-con-ninos\/"},"modified":"2025-01-16T12:55:01","modified_gmt":"2025-01-16T10:55:01","slug":"subida-al-turo-del-home-con-ninos","status":"publish","type":"post","link":"https:\/\/www.escapadarural.com\/blog\/subida-al-turo-del-home-con-ninos\/","title":{"rendered":"Subida al Tur\u00f3 del Home con ni\u00f1os"},"content":{"rendered":"\n<div class=\"wp-block-image\"><figure class=\"aligncenter size-large\"><a href=\"https:\/\/www.escapadarural.com\/blog\/wp-content\/uploads\/2020\/07\/03_turo.jpg\"><img decoding=\"async\" src=\"https:\/\/www.escapadarural.com\/blog\/wp-content\/uploads\/2020\/07\/03_turo-1024x683.jpg\" alt=\"Tur\u00f3 del Home\" class=\"wp-image-24957\"\/><\/a><figcaption>Por Mavi Villatoro<\/figcaption><\/figure><\/div>\n\n\n\n<p>Cuando eres aficionado a la monta\u00f1a y te conviertes en padre, una de tus m\u00e1ximas inquietudes es la de encontrar la manera de que tus hijos disfruten tanto como t\u00fa subiendo cimas. Para empezar este camino, primero se ha de dar un paso, el nuestro fue la subida al Tur\u00f3 del Home en el Montseny (Barcelona).<\/p>\n\n\n\n<p>El Tur\u00f3 de l&#8217;Home es la <strong>monta\u00f1a m\u00e1s alta Parque Natural del Montseny<\/strong>. Con 1.708 m de altura, se sit\u00faa por encima de las otras dos cimas m\u00e1s representativas del macizo: Les Agudes y El Matagalls. Sin embargo, se trata de una monta\u00f1a accesible a todos e ideal para iniciarse en los senderos de subida a las cimas con ni\u00f1os.<\/p>\n\n\n\n<!--more-->\n\n\n\n<h2 class=\"wp-block-heading\">F\u00e1cil acceso y subida<\/h2>\n\n\n\n<figure class=\"wp-block-image size-large\"><img decoding=\"async\" src=\"https:\/\/www.escapadarural.com\/blog\/wp-content\/uploads\/2020\/07\/01_turo-1024x683.jpg\" alt=\"Tur\u00f3 del Home\" class=\"wp-image-24959\"\/><figcaption>Por Mavi Villatoro<\/figcaption><\/figure>\n\n\n\n<p>De f\u00e1cil acceso en coche desde <a href=\"https:\/\/www.escapadarural.com\/casas-rurales\/barcelona\" target=\"_blank\" rel=\"noreferrer noopener\">Barcelona<\/a>, es una de las escapadas m\u00e1s afamadas y compartidas entre las familias de la capital y alrededores. Especialmente recomendable con buen tiempo porque en invierno puedes encontrar el acceso cortado por la nieve.<\/p>\n\n\n\n<p>Es una excursi\u00f3n muy agradable con la que iniciar a tus hijos al monta\u00f1ismo, ya que la dificultad de este sendero es baja. La distancia total recorrida es de 5 km de subida y otros 5 km de bajada, y el mayor desnivel es de 586 m.<\/p>\n\n\n\n<p>Para llegar tienes que seguir las indicaciones hasta Santa F\u00e9. Con su ermita rom\u00e1nica y el Centro de Interpretaci\u00f3n del Parque Natural del Montseny, ser\u00e1 parada obligatoria para repostar antes de la subida.<\/p>\n\n\n\n<p>Una vez all\u00ed puedes dejar el coche en el aparcamiento de Passavents, donde se halla la fuente de Pasavents, desde donde se inicia el camino. Desde aqu\u00ed se sube haciendo zigzag por el sendero PR-C-208, se\u00f1alado con marcas blancas y amarillas. La vuelta se hace por el mismo sendero, que sin duda se har\u00e1 mucho m\u00e1s corto por el descenso.<\/p>\n\n\n\n<p>Durante el recorrido encontraremos alguno de los antiguos pozos de hielo donde, antes de la aparici\u00f3n de la refrigeraci\u00f3n el\u00e9ctrica, se guardaba la nieve del invierno para conservar los alimentos.<\/p>\n\n\n\n<h2 class=\"wp-block-heading\">Alojamientos y restaurantes familiares por toda la zona<\/h2>\n\n\n\n<figure class=\"wp-block-image size-large\"><img decoding=\"async\" src=\"https:\/\/www.escapadarural.com\/blog\/wp-content\/uploads\/2020\/07\/07_turo-1024x683.jpg\" alt=\"Tur\u00f3 del Home\" class=\"wp-image-24960\"\/><figcaption>Por Mavi Villatoro<\/figcaption><\/figure>\n\n\n\n<p>Si est\u00e1s de viaje por la zona, no dudes en alojarte en una de las estupendas casas rurales que existen en los pueblos de alrededor. El pueblo m\u00e1s cercano para esta ruta es San Celoni, pero tambi\u00e9n puedes alojarte en los m\u00e1s pintorescos Santa Mar\u00eda de Palautordera, San Esteban de Palautordera.<\/p>\n\n\n\n<p>De camino o a la vuelta de la caminata, podr\u00e1s degustar la exquisita gastronom\u00eda de la zona en uno de los numerosos restaurantes tipo mas\u00eda que encontrar\u00e1s por la carretera de subida. Si es temporada de cal\u00e7ots, te recomendamos que los pruebes acompa\u00f1ados de una buena butifarra o parrillada a la brasa.<\/p>\n\n\n\n<h2 class=\"wp-block-heading\">Recomendaciones para una primera subida con ni\u00f1os<\/h2>\n\n\n\n<p>Bas\u00e1ndome en mi experiencia, quer\u00eda compartir algunos trucos que me han servido con mi hijo de 8 a\u00f1os para iniciarle al senderismo.<\/p>\n\n\n\n<figure class=\"wp-block-image size-large\"><img decoding=\"async\" src=\"https:\/\/www.escapadarural.com\/blog\/wp-content\/uploads\/2020\/07\/02_turo-1024x683.jpg\" alt=\"Tur\u00f3 del Home\" class=\"wp-image-24961\"\/><figcaption>Por Mavi Villatoro<\/figcaption><\/figure>\n\n\n\n<ul class=\"wp-block-list\"><li>Trae tu cantimplora y rell\u00e9nala con el agua de la fuente del <a href=\"https:\/\/www.escapadarural.com\/casas-rurales\/el-montseny\" target=\"_blank\" rel=\"noreferrer noopener\">Montseny<\/a> que encontrar\u00e1s justo al inicio del camino. Cuando vamos con nuestros hijos a la naturaleza tenemos que ser especialmente precavidos con el uso del pl\u00e1stico y evitarlo a toda costa para dar ejemplo de civismo medioambiental.<\/li><li>Reparte en las mochilas algunos v\u00edveres nutritivos y no voluminosos como pl\u00e1tanos, frutos secos y bocadillos. Cada 30 min, haz una parada corta para picar y beber agua.<\/li><li>Durante el camino, pod\u00e9is jugar a encontrar un palo para que se ayuden en las subidas y les acompa\u00f1e en el juego.<br>Inventa todo tipo de juegos de b\u00fasqueda (por ejemplo, buscar las \u00abneveras\u00bb o pozos de hielo) el veo veo y canciones para amenizar la subida.<\/li><li>Perm\u00edteles que sean ellos quienes gu\u00eden, controlen el tiempo de subida, el ritmo, lean las se\u00f1ales.<br>Prepara un geocaching (juego de esconder o encontrar un tesoro) para cuando llegu\u00e9is a la cima para celebrarlo y recordar el momento.<\/li><\/ul>\n\n\n\n<p>Espero que estos consejos te hayan resultado de utilidad. Si t\u00fa tienes otros, no dudes en dejar tus comentarios a este post ya que ser\u00e1n de gran utilidad para la comunidad. \u00bfCu\u00e1l fue tu primera cima con tu hijo? \u00bfQu\u00e9 dificultades encontrast\u00e9is? \u00bfC\u00f3mo los resolvisteis?<\/p>\n","protected":false},"excerpt":{"rendered":"<p>Cuando eres aficionado a la monta\u00f1a y te conviertes en padre, una de tus m\u00e1ximas inquietudes es la de encontrar la manera de que tus hijos disfruten tanto como t\u00fa subiendo cimas. Para empezar este camino, primero se ha de dar un paso, el nuestro fue la subida al Tur\u00f3 del Home en el Montseny (Barcelona).<\/p>\n","protected":false},"author":116,"featured_media":103149,"comment_status":"open","ping_status":"closed","sticky":false,"template":"","format":"standard","meta":{"_acf_changed":false,"om_disable_all_campaigns":false,"footnotes":""},"categories":[1379],"tags":[211,5994,511,728,1541,866],"class_list":["post-10932","post","type-post","status-publish","format-standard","has-post-thumbnail","hentry","category-rutas-y-excursiones","tag-que-ver-en-barcelona","tag-que-ver-en-cataluna","tag-familia","tag-montana","tag-montseny","tag-parques-naturales"],"acf":[],"featured_image_src":"https:\/\/www.escapadarural.com\/blog\/wp-content\/uploads\/2024\/10\/03_turo-1024x683-3.jpg","author_info":{"display_name":"Mavi Villatoro","author_link":"https:\/\/www.escapadarural.com\/blog\/autor\/mavimamma\/"},"yoast_head":"<!-- This site is optimized with the Yoast SEO plugin v27.5 - https:\/\/yoast.com\/product\/yoast-seo-wordpress\/ -->\n<title>Subida al Tur\u00f3 del Home con ni\u00f1os - EscapadaRural<\/title>\n<meta name=\"robots\" content=\"index, follow, max-snippet:-1, max-image-preview:large, max-video-preview:-1\" \/>\n<link rel=\"canonical\" href=\"https:\/\/www.escapadarural.com\/blog\/subida-al-turo-del-home-con-ninos\/\" \/>\n<meta property=\"og:locale\" content=\"es_ES\" \/>\n<meta property=\"og:type\" content=\"article\" \/>\n<meta property=\"og:title\" content=\"Subida al Tur\u00f3 del Home con ni\u00f1os - EscapadaRural\" \/>\n<meta property=\"og:description\" content=\"Cuando eres aficionado a la monta\u00f1a y te conviertes en padre, una de tus m\u00e1ximas inquietudes es la de encontrar la manera de que tus hijos disfruten tanto como t\u00fa subiendo cimas. Para empezar este camino, primero se ha de dar un paso, el nuestro fue la subida al Tur\u00f3 del Home en el Montseny (Barcelona).\" \/>\n<meta property=\"og:url\" content=\"https:\/\/www.escapadarural.com\/blog\/subida-al-turo-del-home-con-ninos\/\" \/>\n<meta property=\"og:site_name\" content=\"Magazine de viajes de EscapadaRural\" \/>\n<meta property=\"article:publisher\" content=\"https:\/\/www.facebook.com\/escapadarural\" \/>\n<meta property=\"article:published_time\" content=\"2020-05-29T10:04:00+00:00\" \/>\n<meta property=\"article:modified_time\" content=\"2025-01-16T10:55:01+00:00\" \/>\n<meta property=\"og:image\" content=\"https:\/\/www.escapadarural.com\/blog\/wp-content\/uploads\/2024\/10\/03_turo-1024x683-3.jpg\" \/>\n\t<meta property=\"og:image:width\" content=\"1024\" \/>\n\t<meta property=\"og:image:height\" content=\"683\" \/>\n\t<meta property=\"og:image:type\" content=\"image\/jpeg\" \/>\n<meta name=\"author\" content=\"Mavi Villatoro\" \/>\n<meta name=\"twitter:card\" content=\"summary_large_image\" \/>\n<meta name=\"twitter:label1\" content=\"Escrito por\" \/>\n\t<meta name=\"twitter:data1\" content=\"Mavi Villatoro\" \/>\n\t<meta name=\"twitter:label2\" content=\"Tiempo de lectura\" \/>\n\t<meta name=\"twitter:data2\" content=\"4 minutos\" \/>\n<script type=\"application\/ld+json\" class=\"yoast-schema-graph\">{\"@context\":\"https:\\\/\\\/schema.org\",\"@graph\":[{\"@type\":\"Article\",\"@id\":\"https:\\\/\\\/www.escapadarural.com\\\/blog\\\/subida-al-turo-del-home-con-ninos\\\/#article\",\"isPartOf\":{\"@id\":\"https:\\\/\\\/www.escapadarural.com\\\/blog\\\/subida-al-turo-del-home-con-ninos\\\/\"},\"author\":{\"name\":\"Mavi Villatoro\",\"@id\":\"https:\\\/\\\/www.escapadarural.com\\\/blog\\\/#\\\/schema\\\/person\\\/1afe6a344ef9d709b259876854ad86d5\"},\"headline\":\"Subida al Tur\u00f3 del Home con ni\u00f1os\",\"datePublished\":\"2020-05-29T10:04:00+00:00\",\"dateModified\":\"2025-01-16T10:55:01+00:00\",\"mainEntityOfPage\":{\"@id\":\"https:\\\/\\\/www.escapadarural.com\\\/blog\\\/subida-al-turo-del-home-con-ninos\\\/\"},\"wordCount\":743,\"commentCount\":0,\"publisher\":{\"@id\":\"https:\\\/\\\/www.escapadarural.com\\\/blog\\\/#organization\"},\"image\":{\"@id\":\"https:\\\/\\\/www.escapadarural.com\\\/blog\\\/subida-al-turo-del-home-con-ninos\\\/#primaryimage\"},\"thumbnailUrl\":\"https:\\\/\\\/www.escapadarural.com\\\/blog\\\/wp-content\\\/uploads\\\/2024\\\/10\\\/03_turo-1024x683-3.jpg\",\"keywords\":[\"Barcelona\",\"Catalu\u00f1a\",\"Familia\",\"monta\u00f1a\",\"Montseny\",\"Parques Naturales\"],\"articleSection\":[\"Rutas y excursiones\"],\"inLanguage\":\"es\",\"potentialAction\":[{\"@type\":\"CommentAction\",\"name\":\"Comment\",\"target\":[\"https:\\\/\\\/www.escapadarural.com\\\/blog\\\/subida-al-turo-del-home-con-ninos\\\/#respond\"]}]},{\"@type\":\"WebPage\",\"@id\":\"https:\\\/\\\/www.escapadarural.com\\\/blog\\\/subida-al-turo-del-home-con-ninos\\\/\",\"url\":\"https:\\\/\\\/www.escapadarural.com\\\/blog\\\/subida-al-turo-del-home-con-ninos\\\/\",\"name\":\"Subida al Tur\u00f3 del Home con ni\u00f1os - EscapadaRural\",\"isPartOf\":{\"@id\":\"https:\\\/\\\/www.escapadarural.com\\\/blog\\\/#website\"},\"primaryImageOfPage\":{\"@id\":\"https:\\\/\\\/www.escapadarural.com\\\/blog\\\/subida-al-turo-del-home-con-ninos\\\/#primaryimage\"},\"image\":{\"@id\":\"https:\\\/\\\/www.escapadarural.com\\\/blog\\\/subida-al-turo-del-home-con-ninos\\\/#primaryimage\"},\"thumbnailUrl\":\"https:\\\/\\\/www.escapadarural.com\\\/blog\\\/wp-content\\\/uploads\\\/2024\\\/10\\\/03_turo-1024x683-3.jpg\",\"datePublished\":\"2020-05-29T10:04:00+00:00\",\"dateModified\":\"2025-01-16T10:55:01+00:00\",\"breadcrumb\":{\"@id\":\"https:\\\/\\\/www.escapadarural.com\\\/blog\\\/subida-al-turo-del-home-con-ninos\\\/#breadcrumb\"},\"inLanguage\":\"es\",\"potentialAction\":[{\"@type\":\"ReadAction\",\"target\":[\"https:\\\/\\\/www.escapadarural.com\\\/blog\\\/subida-al-turo-del-home-con-ninos\\\/\"]}]},{\"@type\":\"ImageObject\",\"inLanguage\":\"es\",\"@id\":\"https:\\\/\\\/www.escapadarural.com\\\/blog\\\/subida-al-turo-del-home-con-ninos\\\/#primaryimage\",\"url\":\"https:\\\/\\\/www.escapadarural.com\\\/blog\\\/wp-content\\\/uploads\\\/2024\\\/10\\\/03_turo-1024x683-3.jpg\",\"contentUrl\":\"https:\\\/\\\/www.escapadarural.com\\\/blog\\\/wp-content\\\/uploads\\\/2024\\\/10\\\/03_turo-1024x683-3.jpg\",\"width\":1024,\"height\":683,\"caption\":\"Una persona borrosa con una mochila est\u00e1 en primer plano, mirando hacia la cima de una colina cubierta de vegetaci\u00f3n con un peque\u00f1o edificio de piedra visible en la cima bajo un cielo azul.\"},{\"@type\":\"BreadcrumbList\",\"@id\":\"https:\\\/\\\/www.escapadarural.com\\\/blog\\\/subida-al-turo-del-home-con-ninos\\\/#breadcrumb\",\"itemListElement\":[{\"@type\":\"ListItem\",\"position\":1,\"name\":\"Inicio\",\"item\":\"https:\\\/\\\/www.escapadarural.com\\\/blog\\\/\"},{\"@type\":\"ListItem\",\"position\":2,\"name\":\"Rutas y excursiones\",\"item\":\"https:\\\/\\\/www.escapadarural.com\\\/blog\\\/categoria\\\/rutas-y-excursiones\\\/\"},{\"@type\":\"ListItem\",\"position\":3,\"name\":\"Subida al Tur\u00f3 del Home con ni\u00f1os\"}]},{\"@type\":\"WebSite\",\"@id\":\"https:\\\/\\\/www.escapadarural.com\\\/blog\\\/#website\",\"url\":\"https:\\\/\\\/www.escapadarural.com\\\/blog\\\/\",\"name\":\"Blog de viajes | turismo rural, alojamientos e inspiraci\u00f3n\",\"description\":\"Alojamientos rurales e inspiraci\u00f3n para tus escapadas\",\"publisher\":{\"@id\":\"https:\\\/\\\/www.escapadarural.com\\\/blog\\\/#organization\"},\"alternateName\":\"Magazine de viajes de EscapadaRural\",\"potentialAction\":[{\"@type\":\"SearchAction\",\"target\":{\"@type\":\"EntryPoint\",\"urlTemplate\":\"https:\\\/\\\/www.escapadarural.com\\\/blog\\\/?s={search_term_string}\"},\"query-input\":{\"@type\":\"PropertyValueSpecification\",\"valueRequired\":true,\"valueName\":\"search_term_string\"}}],\"inLanguage\":\"es\"},{\"@type\":\"Organization\",\"@id\":\"https:\\\/\\\/www.escapadarural.com\\\/blog\\\/#organization\",\"name\":\"EscapadaRural\",\"url\":\"https:\\\/\\\/www.escapadarural.com\\\/blog\\\/\",\"logo\":{\"@type\":\"ImageObject\",\"inLanguage\":\"es\",\"@id\":\"https:\\\/\\\/www.escapadarural.com\\\/blog\\\/#\\\/schema\\\/logo\\\/image\\\/\",\"url\":\"https:\\\/\\\/www.escapadarural.com\\\/blog\\\/wp-content\\\/uploads\\\/2024\\\/10\\\/cropped-cropped-escapada-rural-icon-mag-3.png\",\"contentUrl\":\"https:\\\/\\\/www.escapadarural.com\\\/blog\\\/wp-content\\\/uploads\\\/2024\\\/10\\\/cropped-cropped-escapada-rural-icon-mag-3.png\",\"width\":512,\"height\":512,\"caption\":\"EscapadaRural\"},\"image\":{\"@id\":\"https:\\\/\\\/www.escapadarural.com\\\/blog\\\/#\\\/schema\\\/logo\\\/image\\\/\"},\"sameAs\":[\"https:\\\/\\\/www.facebook.com\\\/escapadarural\",\"https:\\\/\\\/www.instagram.com\\\/escapadarural\\\/\",\"https:\\\/\\\/www.youtube.com\\\/@escapadaruralcom\"]},{\"@type\":\"Person\",\"@id\":\"https:\\\/\\\/www.escapadarural.com\\\/blog\\\/#\\\/schema\\\/person\\\/1afe6a344ef9d709b259876854ad86d5\",\"name\":\"Mavi Villatoro\",\"image\":{\"@type\":\"ImageObject\",\"inLanguage\":\"es\",\"@id\":\"https:\\\/\\\/secure.gravatar.com\\\/avatar\\\/d725d5cb78c9a33282e2ab3059b801807715fda956d9e6076314422c8a9f0d22?s=96&d=mm&r=g\",\"url\":\"https:\\\/\\\/secure.gravatar.com\\\/avatar\\\/d725d5cb78c9a33282e2ab3059b801807715fda956d9e6076314422c8a9f0d22?s=96&d=mm&r=g\",\"contentUrl\":\"https:\\\/\\\/secure.gravatar.com\\\/avatar\\\/d725d5cb78c9a33282e2ab3059b801807715fda956d9e6076314422c8a9f0d22?s=96&d=mm&r=g\",\"caption\":\"Mavi Villatoro\"},\"url\":\"https:\\\/\\\/www.escapadarural.com\\\/blog\\\/autor\\\/mavimamma\\\/\"}]}<\/script>\n<!-- \/ Yoast SEO plugin. -->","yoast_head_json":{"title":"Subida al Tur\u00f3 del Home con ni\u00f1os - EscapadaRural","robots":{"index":"index","follow":"follow","max-snippet":"max-snippet:-1","max-image-preview":"max-image-preview:large","max-video-preview":"max-video-preview:-1"},"canonical":"https:\/\/www.escapadarural.com\/blog\/subida-al-turo-del-home-con-ninos\/","og_locale":"es_ES","og_type":"article","og_title":"Subida al Tur\u00f3 del Home con ni\u00f1os - EscapadaRural","og_description":"Cuando eres aficionado a la monta\u00f1a y te conviertes en padre, una de tus m\u00e1ximas inquietudes es la de encontrar la manera de que tus hijos disfruten tanto como t\u00fa subiendo cimas. Para empezar este camino, primero se ha de dar un paso, el nuestro fue la subida al Tur\u00f3 del Home en el Montseny (Barcelona).","og_url":"https:\/\/www.escapadarural.com\/blog\/subida-al-turo-del-home-con-ninos\/","og_site_name":"Magazine de viajes de EscapadaRural","article_publisher":"https:\/\/www.facebook.com\/escapadarural","article_published_time":"2020-05-29T10:04:00+00:00","article_modified_time":"2025-01-16T10:55:01+00:00","og_image":[{"width":1024,"height":683,"url":"https:\/\/www.escapadarural.com\/blog\/wp-content\/uploads\/2024\/10\/03_turo-1024x683-3.jpg","type":"image\/jpeg"}],"author":"Mavi Villatoro","twitter_card":"summary_large_image","twitter_misc":{"Escrito por":"Mavi Villatoro","Tiempo de lectura":"4 minutos"},"schema":{"@context":"https:\/\/schema.org","@graph":[{"@type":"Article","@id":"https:\/\/www.escapadarural.com\/blog\/subida-al-turo-del-home-con-ninos\/#article","isPartOf":{"@id":"https:\/\/www.escapadarural.com\/blog\/subida-al-turo-del-home-con-ninos\/"},"author":{"name":"Mavi Villatoro","@id":"https:\/\/www.escapadarural.com\/blog\/#\/schema\/person\/1afe6a344ef9d709b259876854ad86d5"},"headline":"Subida al Tur\u00f3 del Home con ni\u00f1os","datePublished":"2020-05-29T10:04:00+00:00","dateModified":"2025-01-16T10:55:01+00:00","mainEntityOfPage":{"@id":"https:\/\/www.escapadarural.com\/blog\/subida-al-turo-del-home-con-ninos\/"},"wordCount":743,"commentCount":0,"publisher":{"@id":"https:\/\/www.escapadarural.com\/blog\/#organization"},"image":{"@id":"https:\/\/www.escapadarural.com\/blog\/subida-al-turo-del-home-con-ninos\/#primaryimage"},"thumbnailUrl":"https:\/\/www.escapadarural.com\/blog\/wp-content\/uploads\/2024\/10\/03_turo-1024x683-3.jpg","keywords":["Barcelona","Catalu\u00f1a","Familia","monta\u00f1a","Montseny","Parques Naturales"],"articleSection":["Rutas y excursiones"],"inLanguage":"es","potentialAction":[{"@type":"CommentAction","name":"Comment","target":["https:\/\/www.escapadarural.com\/blog\/subida-al-turo-del-home-con-ninos\/#respond"]}]},{"@type":"WebPage","@id":"https:\/\/www.escapadarural.com\/blog\/subida-al-turo-del-home-con-ninos\/","url":"https:\/\/www.escapadarural.com\/blog\/subida-al-turo-del-home-con-ninos\/","name":"Subida al Tur\u00f3 del Home con ni\u00f1os - EscapadaRural","isPartOf":{"@id":"https:\/\/www.escapadarural.com\/blog\/#website"},"primaryImageOfPage":{"@id":"https:\/\/www.escapadarural.com\/blog\/subida-al-turo-del-home-con-ninos\/#primaryimage"},"image":{"@id":"https:\/\/www.escapadarural.com\/blog\/subida-al-turo-del-home-con-ninos\/#primaryimage"},"thumbnailUrl":"https:\/\/www.escapadarural.com\/blog\/wp-content\/uploads\/2024\/10\/03_turo-1024x683-3.jpg","datePublished":"2020-05-29T10:04:00+00:00","dateModified":"2025-01-16T10:55:01+00:00","breadcrumb":{"@id":"https:\/\/www.escapadarural.com\/blog\/subida-al-turo-del-home-con-ninos\/#breadcrumb"},"inLanguage":"es","potentialAction":[{"@type":"ReadAction","target":["https:\/\/www.escapadarural.com\/blog\/subida-al-turo-del-home-con-ninos\/"]}]},{"@type":"ImageObject","inLanguage":"es","@id":"https:\/\/www.escapadarural.com\/blog\/subida-al-turo-del-home-con-ninos\/#primaryimage","url":"https:\/\/www.escapadarural.com\/blog\/wp-content\/uploads\/2024\/10\/03_turo-1024x683-3.jpg","contentUrl":"https:\/\/www.escapadarural.com\/blog\/wp-content\/uploads\/2024\/10\/03_turo-1024x683-3.jpg","width":1024,"height":683,"caption":"Una persona borrosa con una mochila est\u00e1 en primer plano, mirando hacia la cima de una colina cubierta de vegetaci\u00f3n con un peque\u00f1o edificio de piedra visible en la cima bajo un cielo azul."},{"@type":"BreadcrumbList","@id":"https:\/\/www.escapadarural.com\/blog\/subida-al-turo-del-home-con-ninos\/#breadcrumb","itemListElement":[{"@type":"ListItem","position":1,"name":"Inicio","item":"https:\/\/www.escapadarural.com\/blog\/"},{"@type":"ListItem","position":2,"name":"Rutas y excursiones","item":"https:\/\/www.escapadarural.com\/blog\/categoria\/rutas-y-excursiones\/"},{"@type":"ListItem","position":3,"name":"Subida al Tur\u00f3 del Home con ni\u00f1os"}]},{"@type":"WebSite","@id":"https:\/\/www.escapadarural.com\/blog\/#website","url":"https:\/\/www.escapadarural.com\/blog\/","name":"Blog de viajes | turismo rural, alojamientos e inspiraci\u00f3n","description":"Alojamientos rurales e inspiraci\u00f3n para tus escapadas","publisher":{"@id":"https:\/\/www.escapadarural.com\/blog\/#organization"},"alternateName":"Magazine de viajes de EscapadaRural","potentialAction":[{"@type":"SearchAction","target":{"@type":"EntryPoint","urlTemplate":"https:\/\/www.escapadarural.com\/blog\/?s={search_term_string}"},"query-input":{"@type":"PropertyValueSpecification","valueRequired":true,"valueName":"search_term_string"}}],"inLanguage":"es"},{"@type":"Organization","@id":"https:\/\/www.escapadarural.com\/blog\/#organization","name":"EscapadaRural","url":"https:\/\/www.escapadarural.com\/blog\/","logo":{"@type":"ImageObject","inLanguage":"es","@id":"https:\/\/www.escapadarural.com\/blog\/#\/schema\/logo\/image\/","url":"https:\/\/www.escapadarural.com\/blog\/wp-content\/uploads\/2024\/10\/cropped-cropped-escapada-rural-icon-mag-3.png","contentUrl":"https:\/\/www.escapadarural.com\/blog\/wp-content\/uploads\/2024\/10\/cropped-cropped-escapada-rural-icon-mag-3.png","width":512,"height":512,"caption":"EscapadaRural"},"image":{"@id":"https:\/\/www.escapadarural.com\/blog\/#\/schema\/logo\/image\/"},"sameAs":["https:\/\/www.facebook.com\/escapadarural","https:\/\/www.instagram.com\/escapadarural\/","https:\/\/www.youtube.com\/@escapadaruralcom"]},{"@type":"Person","@id":"https:\/\/www.escapadarural.com\/blog\/#\/schema\/person\/1afe6a344ef9d709b259876854ad86d5","name":"Mavi Villatoro","image":{"@type":"ImageObject","inLanguage":"es","@id":"https:\/\/secure.gravatar.com\/avatar\/d725d5cb78c9a33282e2ab3059b801807715fda956d9e6076314422c8a9f0d22?s=96&d=mm&r=g","url":"https:\/\/secure.gravatar.com\/avatar\/d725d5cb78c9a33282e2ab3059b801807715fda956d9e6076314422c8a9f0d22?s=96&d=mm&r=g","contentUrl":"https:\/\/secure.gravatar.com\/avatar\/d725d5cb78c9a33282e2ab3059b801807715fda956d9e6076314422c8a9f0d22?s=96&d=mm&r=g","caption":"Mavi Villatoro"},"url":"https:\/\/www.escapadarural.com\/blog\/autor\/mavimamma\/"}]}},"_links":{"self":[{"href":"https:\/\/www.escapadarural.com\/blog\/wp-json\/wp\/v2\/posts\/10932","targetHints":{"allow":["GET"]}}],"collection":[{"href":"https:\/\/www.escapadarural.com\/blog\/wp-json\/wp\/v2\/posts"}],"about":[{"href":"https:\/\/www.escapadarural.com\/blog\/wp-json\/wp\/v2\/types\/post"}],"author":[{"embeddable":true,"href":"https:\/\/www.escapadarural.com\/blog\/wp-json\/wp\/v2\/users\/116"}],"replies":[{"embeddable":true,"href":"https:\/\/www.escapadarural.com\/blog\/wp-json\/wp\/v2\/comments?post=10932"}],"version-history":[{"count":0,"href":"https:\/\/www.escapadarural.com\/blog\/wp-json\/wp\/v2\/posts\/10932\/revisions"}],"wp:featuredmedia":[{"embeddable":true,"href":"https:\/\/www.escapadarural.com\/blog\/wp-json\/wp\/v2\/media\/103149"}],"wp:attachment":[{"href":"https:\/\/www.escapadarural.com\/blog\/wp-json\/wp\/v2\/media?parent=10932"}],"wp:term":[{"taxonomy":"category","embeddable":true,"href":"https:\/\/www.escapadarural.com\/blog\/wp-json\/wp\/v2\/categories?post=10932"},{"taxonomy":"post_tag","embeddable":true,"href":"https:\/\/www.escapadarural.com\/blog\/wp-json\/wp\/v2\/tags?post=10932"}],"curies":[{"name":"wp","href":"https:\/\/api.w.org\/{rel}","templated":true}]}}