{"id":10998,"date":"2019-03-21T10:30:34","date_gmt":"2019-03-21T10:30:34","guid":{"rendered":"http:\/\/15.188.81.248\/2019\/03\/21\/reserva-de-la-biosfera-de-la-rioja-destino-starlight\/"},"modified":"2026-02-06T10:17:11","modified_gmt":"2026-02-06T09:17:11","slug":"reserva-de-la-biosfera-de-la-rioja-destino-starlight","status":"publish","type":"post","link":"https:\/\/www.escapadarural.com\/blog\/reserva-de-la-biosfera-de-la-rioja-destino-starlight\/","title":{"rendered":"Reserva de la Biosfera de La Rioja, destino Starlight"},"content":{"rendered":"<div class=\"wp-block-image\">\n<figure class=\"aligncenter size-large\"><a href=\"https:\/\/www.escapadarural.com\/blog\/wp-content\/uploads\/2019\/03\/PORTADA_426f4acd-af43-abbf-8291-6b45c7e28467_660-1.jpg\"><img decoding=\"async\" src=\"https:\/\/www.escapadarural.com\/blog\/wp-content\/uploads\/2019\/03\/PORTADA_426f4acd-af43-abbf-8291-6b45c7e28467_660-1.jpg\" alt=\"\" class=\"wp-image-24942\"\/><\/a><figcaption class=\"wp-element-caption\">Por La Rioja Turismo<\/figcaption><\/figure>\n<\/div>\n\n\n<p>Las noches riojanas son perfectas para salir a contemplar las estrellas. El cielo oscuro que cubre la Reserva de la Biosfera de La Rioja cuenta, desde 2012, con la certificaci\u00f3n Starlight. Una iniciativa que mide la calidad del cielo y que garantiza la visi\u00f3n de estrellas, as\u00ed como conocer los valores cient\u00edficos, culturales, naturales y paisaj\u00edsticos asociados.<\/p>\n\n\n\n<p>La Rioja fue la primera Comunidad Aut\u00f3noma espa\u00f1ola en conseguir ser <a href=\"https:\/\/www.larioja.org\/medio-ambiente\/es\/reserva-biosfera\/reserva-starlight\" target=\"_blank\">Destino Tur\u00edstico Starlight<\/a> en un \u00e1rea protegida. Los valles de los r\u00edos Leza, Jubera, Cidacos y Alhama \u2013situados en el sureste de la Comunidad Aut\u00f3noma- son perfectos para ello. Las caracter\u00edsticas de su orograf\u00eda, el clima y la despoblaci\u00f3n favorecen que sean oscuros y que apenas haya contaminaci\u00f3n lum\u00ednica.<\/p>\n\n\n\n<h2 class=\"wp-block-heading title-rute\" id=\"h-parques-estelares\">Parques estelares<\/h2>\n\n\n\n<figure class=\"wp-block-image size-large\"><a href=\"https:\/\/www.escapadarural.com\/blog\/wp-content\/uploads\/2019\/03\/Cielo-y-roble-nocturna-1.jpg\"><img decoding=\"async\" src=\"https:\/\/www.escapadarural.com\/blog\/wp-content\/uploads\/2019\/03\/Cielo-y-roble-nocturna-1.jpg\" alt=\"Parques Estelares\" class=\"wp-image-24941\"\/><\/a><figcaption class=\"wp-element-caption\">Por Daniel Acevedo<\/figcaption><\/figure>\n\n\n\n<p>Tras la certificaci\u00f3n Starlight, en la Reserva de la Biosfera de La Rioja se han determinado dos parques estelares que a\u00fanan un cielo limpio cubierto de estrellas con el rico patrimonio de la zona.<\/p>\n\n\n\n<p>Uno de ellos est\u00e1 al final del valle de Leza, en el municipio de Laguna de Cameros, limitando con Soria. El segundo es Cervera del r\u00edo Alhama. En ambos se organizan actividades de educaci\u00f3n ambiental y se facilitan telescopios que para contemplar el cielo.<\/p>\n\n\n\n<h2 class=\"wp-block-heading title-rute\" id=\"h-la-reserva-de-la-biosfera-de-la-rioja\">La Reserva de la Biosfera de La Rioja<\/h2>\n\n\n\n<figure class=\"wp-block-image size-large\"><a href=\"https:\/\/www.escapadarural.com\/blog\/wp-content\/uploads\/2019\/03\/valle-de-Alhama-1.jpg\"><img decoding=\"async\" src=\"https:\/\/www.escapadarural.com\/blog\/wp-content\/uploads\/2019\/03\/valle-de-Alhama-1.jpg\" alt=\"Valle de Alhama\" class=\"wp-image-24940\"\/><\/a><figcaption class=\"wp-element-caption\">Por La Rioja Turismo<\/figcaption><\/figure>\n\n\n\n<p>Los valles de los r\u00edos Leza, Jubera, Cidacos y Alhama fueron declarados Reserva de la Biosfera de La Rioja por la Unesco en 2003. En total, la zona abarca 40 municipios que han conservado tanto su riqueza natural como cultural y que han sabido experimentar modelos de desarrollo sostenibles.<\/p>\n\n\n\n<p>El <a href=\"https:\/\/www.escapadarural.com\/casas-rurales\/valle-del-leza-jubera\">valle de Leza<\/a> est\u00e1 habitado desde la antig\u00fcedad, de ah\u00ed a la existencia de d\u00f3lmenes que se pueden ver en Soto, Torre y San Rom\u00e1n de Cameros. Tambi\u00e9n por las terrazas construidas para los cultivos a lo largo de los siglos, que atestiguan la lucha por la supervivencia de sus habitantes.<\/p>\n\n\n\n<p>Uno de los lugares m\u00e1s impresionantes son las gargantas de Leza. Una maravilla natural que se puede observar desde el mirador del Torrej\u00f3n, sobre el ca\u00f1\u00f3n del r\u00edo Leza y que sirve de entrada al valle del Camero Viejo.<\/p>\n\n\n\n<p>Los bosques de pinos, hayedos y encinares se extienden hasta hasta el valle del Cidacos. Un terreno estrecho y escarpado que llega hasta <a href=\"https:\/\/www.escapadarural.com\/casas-rurales\/arnedillo\">Arnedillo<\/a>, uno de los principales motores tur\u00edsticos del valle gracias a sus piscinas naturales de aguas termales.<\/p>\n\n\n\n<p>Junto al r\u00edo Cidacos tambi\u00e9n est\u00e1 Arnedo, conocida por la industria del calzado. La parte vieja de la ciudad es un buen ejemplo de c\u00f3mo la poblaci\u00f3n se adapt\u00f3 a la orograf\u00eda del lugar en la antig\u00fcedad. Las monta\u00f1as de arcilla que rodean la ciudad fueron utilizadas para realizar cuevas que sirvieron de hogar para sus habitantes. Hoy, existe una ruta guiada para visitar algunas de esas <a href=\"https:\/\/www.escapadarural.com\/blog\/arnedo-la-ciudad-rodeada-de-casas-cueva\/\">casas-cueva de Arnedo<\/a>.<\/p>\n\n\n\n<p>El <a href=\"https:\/\/www.escapadarural.com\/casas-rurales\/valle-del-alhama-linares\">valle de los r\u00edo Alhama y Linares<\/a> es uno de los m\u00e1s accesibles, motivo por el que tambi\u00e9n tuvo una fuerte presencia humana en el pasado. Uno de los lugares m\u00e1s antiguos que se pueden visitar es el poblado celt\u00edbero de Contrebia Leukade, en Aguilar. En el Centro de Interpretaci\u00f3n Contrebia Leukade se pueden conocer todos los detalles de c\u00f3mo era la vida en aquella \u00e9poca.<\/p>\n\n\n\n<p>En este valle tambi\u00e9n hay varios castillos de origen \u00e1rabe y cristiano. Uno de los que est\u00e1n mejor conservados de <a href=\"https:\/\/www.escapadarural.com\/casas-rurales\/la-rioja\">La Rioja<\/a> es el de Gr\u00e1valos, que data del siglo XII. Su principal particularidad es que a la entrada se pueden ver icnitas (huellas de dinosaurios).<\/p>\n\n\n\n<p>Que las diferentes civilizaciones se hayan asentado en las riberas del r\u00edo Alhama y Linares tiene su porqu\u00e9. Estas tierras eran perfectas para las plantaciones de olivos y de almendros. En Igea es donde est\u00e1n muchos de los olivos centenarios, pues es uno de las mayores productores de aceite de oliva de calidad de La Rioja.<\/p>\n\n\n\n<figure class=\"wp-block-image size-large\"><a href=\"https:\/\/www.escapadarural.com\/blog\/wp-content\/uploads\/2019\/03\/valle-cidacosbaja-1.jpg\"><img decoding=\"async\" src=\"https:\/\/www.escapadarural.com\/blog\/wp-content\/uploads\/2019\/03\/valle-cidacosbaja-1.jpg\" alt=\"Valle del Cidacos\" class=\"wp-image-24939\"\/><\/a><figcaption class=\"wp-element-caption\">Por La Rioja Turismo<\/figcaption><\/figure>\n\n\n\n<p>A las afueras de Igea est\u00e1 su almazara, la herramienta con la que se exprime la oliva y que est\u00e1 asociada a la D.O.P. Aceite de La Rioja. Tambi\u00e9n en el valle de A\u00f1amaza, m\u00e1s concretamente en Cabret\u00f3n, se conserva una antigua presa.<\/p>\n\n\n\n<p>El valle de los r\u00edos Alhama y Linares tambi\u00e9n se caracterizan por su rica vegetaci\u00f3n, por sus pozas y por los saltos de agua. En muchas de sus zonas se pueden contemplar colonias de buitres.<\/p>\n\n\n\n<p>Por \u00faltimo, el <a href=\"https:\/\/www.escapadarural.com\/casas-rurales\/valle-del-leza-jubera\" target=\"_blank\" rel=\"noopener noreferrer\">valle del Jubera<\/a> ofrece paisajes imponentes. Esto se debe a que es el m\u00e1s despoblado de todos los que componen la Reserva de la Biosfera de La Rioja. En \u00e9l podemos encontrar una naturaleza agreste, con pastizales, rebollares y jarales donde abundan las vacas y yeguas.<\/p>\n\n\n\n<p>El curso del r\u00edo Jubera \u2013afluente del Leza\u2013 presenta varios desniveles que componen un terreno con abundantes barrancos y pozas, lo que resulta perfecto para refrescarse durante el verano.<\/p>\n\n\n\n<p>Siguiendo su curso, y cruzando el r\u00edo, se puede llegar hasta el pueblo abandonado de Oliv\u00e1n. A pesar de su despoblaci\u00f3n, sus casas han sido conservadas, por lo que uno se puede hacer una idea de c\u00f3mo era la vida de sus \u00faltimos pobladores. En el centro del pueblo, adem\u00e1s, hay una piedra donde se puede hacer una hoguera y sentarse en sus alrededores a descansar o hacer un picnic.<\/p>\n\n\n\n<p>La Reserva de la Biosfera de La Rioja cuenta con numerosas rutas que nos permiten recorrer todos sus valles y descubrir sus maravillas naturales, la fauna que la habita, la cultura de sus pueblos y su deliciosa gastronom\u00eda.<\/p>\n\n\n\n<h2 class=\"wp-block-heading\" id=\"h-que-mas-ver-en-la-rioja\">Qu\u00e9 m\u00e1s ver en La Rioja<\/h2>\n\n\n<section class=\"wp-block-ub-post-grid ub-block-post-grid align  is-equal-height preserve-post-image-aspect-ratio\" style=\"\" id=\"ub-post-grid-\"><div class=\"ub-post-grid-items is-list\" style=\"row-gap: 32px; column-gap: 32px; \"><article id=\"post-215871\" class=\"ub-post-grid-item post-215871 post type-post status-publish format-standard has-post-thumbnail hentry category-destinos tag-amigos tag-arnedillo tag-bardenas-reales tag-que-ver-en-caceres tag-espana tag-familia tag-que-ver-en-girona tag-icod-de-los-vinos tag-que-ver-en-jaen tag-la-garrotxa tag-la-iruela tag-que-ver-en-la-rioja tag-listado tag-que-ver-en-navarra tag-pareja tag-parque-nacional-de-cabaneros tag-planes tag-que-ver-en-pontevedra tag-tenerife tag-tui tag-villuercas-ibores-jara\" style=\"\"><div class=\"ub-block-post-grid-image\" style=\"\"><a href=\"https:\/\/www.escapadarural.com\/blog\/aventuras-rurales-sin-adrenalina\/\" rel=\"bookmark\" aria-hidden=\"true\" tabindex=\"-1\"><img loading=\"lazy\" decoding=\"async\" width=\"2048\" height=\"1366\" src=\"https:\/\/www.escapadarural.com\/blog\/wp-content\/uploads\/2026\/03\/AdobeStock_520716879-scaled.jpeg\" class=\"attachment-full size-full\" alt=\"Globo sobrevolando Besal\u00fa, La Garrotxa, Girona. Por Armando Oliveira\" style=\"max-width: 600px; \" srcset=\"https:\/\/www.escapadarural.com\/blog\/wp-content\/uploads\/2026\/03\/AdobeStock_520716879-200x133.jpeg 200w, https:\/\/www.escapadarural.com\/blog\/wp-content\/uploads\/2026\/03\/AdobeStock_520716879-300x200.jpeg 300w, https:\/\/www.escapadarural.com\/blog\/wp-content\/uploads\/2026\/03\/AdobeStock_520716879-400x267.jpeg 400w, https:\/\/www.escapadarural.com\/blog\/wp-content\/uploads\/2026\/03\/AdobeStock_520716879-600x400.jpeg 600w, https:\/\/www.escapadarural.com\/blog\/wp-content\/uploads\/2026\/03\/AdobeStock_520716879-768x512.jpeg 768w, https:\/\/www.escapadarural.com\/blog\/wp-content\/uploads\/2026\/03\/AdobeStock_520716879-800x534.jpeg 800w, https:\/\/www.escapadarural.com\/blog\/wp-content\/uploads\/2026\/03\/AdobeStock_520716879-1024x683.jpeg 1024w, https:\/\/www.escapadarural.com\/blog\/wp-content\/uploads\/2026\/03\/AdobeStock_520716879-1200x800.jpeg 1200w, https:\/\/www.escapadarural.com\/blog\/wp-content\/uploads\/2026\/03\/AdobeStock_520716879-1536x1025.jpeg 1536w, https:\/\/www.escapadarural.com\/blog\/wp-content\/uploads\/2026\/03\/AdobeStock_520716879-scaled.jpeg 2048w\" sizes=\"auto, (max-width: 2048px) 100vw, 2048px\"><\/a><\/div><div class=\"ub-block-post-grid-text\" style=\"\"><div class=\"ub-block-post-grid-header-content\"><header class=\"ub-block-post-grid-header\"><h3 class=\"ub-block-post-grid-title\"><a style=\"\" href=\"https:\/\/www.escapadarural.com\/blog\/aventuras-rurales-sin-adrenalina\/\" rel=\"bookmark\">8 aventuras rurales suaves para quien cree que la adrenalina no es lo suyo<\/a><\/h3><\/header><\/div><div class=\"ub-block-post-grid-excerpt\"><div class=\"ub-block-post-grid-excerpt-text\" style=\"\"><p>Esta gu\u00eda es para ti si piensas que la aventura es solo para los m\u00e1s atrevidos. \u00a1Y crees que t\u00fa no lo eres, claro!<\/p>\n<\/div><\/div><\/div><\/article>\n<article id=\"post-215326\" class=\"ub-post-grid-item post-215326 post type-post status-publish format-standard has-post-thumbnail hentry category-alojamientos-rurales tag-que-ver-en-asturias tag-que-ver-en-badajoz tag-que-ver-en-barcelona tag-que-ver-en-burgos tag-que-ver-en-cadiz tag-casas-rurales tag-que-ver-en-cuenca tag-que-ver-en-granada tag-que-ver-en-la-rioja tag-listado tag-que-ver-en-lleida tag-mansiones tag-que-ver-en-sevilla\" style=\"\"><div class=\"ub-block-post-grid-image\" style=\"\"><a href=\"https:\/\/www.escapadarural.com\/blog\/mansiones-rurales\/\" rel=\"bookmark\" aria-hidden=\"true\" tabindex=\"-1\"><img loading=\"lazy\" decoding=\"async\" width=\"750\" height=\"418\" src=\"https:\/\/www.escapadarural.com\/blog\/wp-content\/uploads\/2026\/03\/Queralt-Casa-Rural-Luxury2.webp\" class=\"attachment-full size-full\" alt=\"Una villa de piedra con ventanas arqueadas cuenta con una terraza, una piscina curva, varias tumbonas y sombrillas cerradas, enmarcadas en un cielo nublado y con vistas a un paisaje pintoresco.\" style=\"max-width: 600px; \" srcset=\"https:\/\/www.escapadarural.com\/blog\/wp-content\/uploads\/2026\/03\/Queralt-Casa-Rural-Luxury2-200x111.webp 200w, https:\/\/www.escapadarural.com\/blog\/wp-content\/uploads\/2026\/03\/Queralt-Casa-Rural-Luxury2-300x167.webp 300w, https:\/\/www.escapadarural.com\/blog\/wp-content\/uploads\/2026\/03\/Queralt-Casa-Rural-Luxury2-400x223.webp 400w, https:\/\/www.escapadarural.com\/blog\/wp-content\/uploads\/2026\/03\/Queralt-Casa-Rural-Luxury2-600x334.webp 600w, https:\/\/www.escapadarural.com\/blog\/wp-content\/uploads\/2026\/03\/Queralt-Casa-Rural-Luxury2.webp 750w\" sizes=\"auto, (max-width: 750px) 100vw, 750px\"><\/a><\/div><div class=\"ub-block-post-grid-text\" style=\"\"><div class=\"ub-block-post-grid-header-content\"><header class=\"ub-block-post-grid-header\"><h3 class=\"ub-block-post-grid-title\"><a style=\"\" href=\"https:\/\/www.escapadarural.com\/blog\/mansiones-rurales\/\" rel=\"bookmark\">10 mansiones rurales para dejaros con la boca abierta (y descansar como reyes)<\/a><\/h3><\/header><\/div><div class=\"ub-block-post-grid-excerpt\"><div class=\"ub-block-post-grid-excerpt-text\" style=\"\"><p>Te mostramos mansiones majestuosas, palacetes y alojamientos de lujo para dormir como reyes. Naturaleza y lujo para los viajeros m\u00e1s exquisitos<\/p>\n<\/div><\/div><\/div><\/article>\n<article id=\"post-214921\" class=\"ub-post-grid-item post-214921 post type-post status-publish format-standard has-post-thumbnail hentry category-arte-y-cultura category-destinos tag-que-ver-en-albacete tag-que-ver-en-asturias tag-que-ver-en-avila tag-que-ver-en-barcelona tag-familia tag-que-ver-en-galicia tag-que-ver-en-huesca tag-que-ver-en-la-rioja tag-listado tag-musica tag-pareja tag-que-ver-en-sevilla tag-que-ver-en-toledo tag-videoclips tag-que-ver-en-zamora tag-que-ver-en-zaragoza\" style=\"\"><div class=\"ub-block-post-grid-image\" style=\"\"><a href=\"https:\/\/www.escapadarural.com\/blog\/pueblos-paisajes-espana-rural-videoclips\/\" rel=\"bookmark\" aria-hidden=\"true\" tabindex=\"-1\"><img loading=\"lazy\" decoding=\"async\" width=\"1920\" height=\"1280\" src=\"https:\/\/www.escapadarural.com\/blog\/wp-content\/uploads\/2021\/06\/barrancas-4832627_1920.jpg\" class=\"attachment-full size-full\" alt=\"Barrancas de Buruj\u00f3n\" style=\"max-width: 600px; \" srcset=\"https:\/\/www.escapadarural.com\/blog\/wp-content\/uploads\/2021\/06\/barrancas-4832627_1920-200x133.jpg 200w, https:\/\/www.escapadarural.com\/blog\/wp-content\/uploads\/2021\/06\/barrancas-4832627_1920-300x200.jpg 300w, https:\/\/www.escapadarural.com\/blog\/wp-content\/uploads\/2021\/06\/barrancas-4832627_1920-400x267.jpg 400w, https:\/\/www.escapadarural.com\/blog\/wp-content\/uploads\/2021\/06\/barrancas-4832627_1920-600x400.jpg 600w, https:\/\/www.escapadarural.com\/blog\/wp-content\/uploads\/2021\/06\/barrancas-4832627_1920-768x512.jpg 768w, https:\/\/www.escapadarural.com\/blog\/wp-content\/uploads\/2021\/06\/barrancas-4832627_1920-800x533.jpg 800w, https:\/\/www.escapadarural.com\/blog\/wp-content\/uploads\/2021\/06\/barrancas-4832627_1920-1024x683.jpg 1024w, https:\/\/www.escapadarural.com\/blog\/wp-content\/uploads\/2021\/06\/barrancas-4832627_1920-1200x800.jpg 1200w, https:\/\/www.escapadarural.com\/blog\/wp-content\/uploads\/2021\/06\/barrancas-4832627_1920-1536x1024.jpg 1536w, https:\/\/www.escapadarural.com\/blog\/wp-content\/uploads\/2021\/06\/barrancas-4832627_1920.jpg 1920w\" sizes=\"auto, (max-width: 1920px) 100vw, 1920px\"><\/a><\/div><div class=\"ub-block-post-grid-text\" style=\"\"><div class=\"ub-block-post-grid-header-content\"><header class=\"ub-block-post-grid-header\"><h3 class=\"ub-block-post-grid-title\"><a style=\"\" href=\"https:\/\/www.escapadarural.com\/blog\/pueblos-paisajes-espana-rural-videoclips\/\" rel=\"bookmark\">Escapada musical: un recorrido por pueblos y paisajes de la Espa\u00f1a rural a trav\u00e9s de videoclips<\/a><\/h3><\/header><\/div><div class=\"ub-block-post-grid-excerpt\"><div class=\"ub-block-post-grid-excerpt-text\" style=\"\"><p>De Carmona a Los Monegros: descubre pueblos y paisajes rurales de Espa\u00f1a que han aparecido en videoclips de artistas como Spandau Ballet, Mal\u00fa o Manuel Carrasco<\/p>\n<\/div><\/div><\/div><\/article>\n<article id=\"post-58644\" class=\"ub-post-grid-item post-58644 post type-post status-publish format-standard has-post-thumbnail hentry category-destinos tag-que-ver-en-a-coruna tag-que-ver-en-almeria tag-que-ver-en-asturias tag-que-ver-en-cadiz tag-dia-internacional-de-la-mujer tag-familia tag-historias-y-curiosidades tag-que-ver-en-la-rioja tag-listado tag-que-ver-en-madrid tag-que-ver-en-malaga tag-mujeres tag-que-ver-en-navarra tag-pueblos\" style=\"\"><div class=\"ub-block-post-grid-image\" style=\"\"><a href=\"https:\/\/www.escapadarural.com\/blog\/pueblos-mujeres-ilustres-espanolas\/\" rel=\"bookmark\" aria-hidden=\"true\" tabindex=\"-1\"><img loading=\"lazy\" decoding=\"async\" width=\"1897\" height=\"1542\" src=\"https:\/\/www.escapadarural.com\/blog\/wp-content\/uploads\/2024\/09\/image-new-s.jpg\" class=\"attachment-full size-full\" alt=\"Mujer disfrutando del turismo rural\" style=\"max-width: 600px; \" srcset=\"https:\/\/www.escapadarural.com\/blog\/wp-content\/uploads\/2024\/09\/image-new-s-200x163.jpg 200w, https:\/\/www.escapadarural.com\/blog\/wp-content\/uploads\/2024\/09\/image-new-s-300x244.jpg 300w, https:\/\/www.escapadarural.com\/blog\/wp-content\/uploads\/2024\/09\/image-new-s-400x325.jpg 400w, https:\/\/www.escapadarural.com\/blog\/wp-content\/uploads\/2024\/09\/image-new-s-600x488.jpg 600w, https:\/\/www.escapadarural.com\/blog\/wp-content\/uploads\/2024\/09\/image-new-s-768x624.jpg 768w, https:\/\/www.escapadarural.com\/blog\/wp-content\/uploads\/2024\/09\/image-new-s-800x650.jpg 800w, https:\/\/www.escapadarural.com\/blog\/wp-content\/uploads\/2024\/09\/image-new-s-1024x832.jpg 1024w, https:\/\/www.escapadarural.com\/blog\/wp-content\/uploads\/2024\/09\/image-new-s-1200x975.jpg 1200w, https:\/\/www.escapadarural.com\/blog\/wp-content\/uploads\/2024\/09\/image-new-s-1536x1249.jpg 1536w, https:\/\/www.escapadarural.com\/blog\/wp-content\/uploads\/2024\/09\/image-new-s.jpg 1897w\" sizes=\"auto, (max-width: 1897px) 100vw, 1897px\"><\/a><\/div><div class=\"ub-block-post-grid-text\" style=\"\"><div class=\"ub-block-post-grid-header-content\"><header class=\"ub-block-post-grid-header\"><h3 class=\"ub-block-post-grid-title\"><a style=\"\" href=\"https:\/\/www.escapadarural.com\/blog\/pueblos-mujeres-ilustres-espanolas\/\" rel=\"bookmark\">9 pueblos de mujeres ilustres de la historia de Espa\u00f1a<\/a><\/h3><\/header><\/div><div class=\"ub-block-post-grid-excerpt\"><div class=\"ub-block-post-grid-excerpt-text\" style=\"\"><p>En el D\u00eda Internacional de la mujer recorremos aquellos pueblos donde se recuerda a algunas de las mujeres ilustres espa\u00f1olas<\/p>\n<\/div><\/div><\/div><\/article>\n<article id=\"post-214117\" class=\"ub-post-grid-item post-214117 post type-post status-publish format-standard has-post-thumbnail hentry category-destinos tag-que-ver-en-caceres tag-que-ver-en-huesca tag-que-ver-en-la-rioja tag-listado tag-que-ver-en-lleida tag-que-ver-en-malaga tag-primavera tag-que-ver-en-segovia\" style=\"\"><div class=\"ub-block-post-grid-image\" style=\"\"><a href=\"https:\/\/www.escapadarural.com\/blog\/escapadas-perfectas-en-marzo\/\" rel=\"bookmark\" aria-hidden=\"true\" tabindex=\"-1\"><img loading=\"lazy\" decoding=\"async\" width=\"2048\" height=\"1536\" src=\"https:\/\/www.escapadarural.com\/blog\/wp-content\/uploads\/2026\/02\/AdobeStock_361992138-scaled.jpeg\" class=\"attachment-full size-full\" alt=\"Un peque\u00f1o pueblo con edificios de tejados de terracota se asienta entre frondosas colinas verdes y \u00e1rboles bajo un cielo parcialmente nublado. Entre las casas destaca una iglesia central de piedra.\" style=\"max-width: 600px; \" srcset=\"https:\/\/www.escapadarural.com\/blog\/wp-content\/uploads\/2026\/02\/AdobeStock_361992138-200x150.jpeg 200w, https:\/\/www.escapadarural.com\/blog\/wp-content\/uploads\/2026\/02\/AdobeStock_361992138-300x225.jpeg 300w, https:\/\/www.escapadarural.com\/blog\/wp-content\/uploads\/2026\/02\/AdobeStock_361992138-400x300.jpeg 400w, https:\/\/www.escapadarural.com\/blog\/wp-content\/uploads\/2026\/02\/AdobeStock_361992138-600x450.jpeg 600w, https:\/\/www.escapadarural.com\/blog\/wp-content\/uploads\/2026\/02\/AdobeStock_361992138-768x576.jpeg 768w, https:\/\/www.escapadarural.com\/blog\/wp-content\/uploads\/2026\/02\/AdobeStock_361992138-800x600.jpeg 800w, https:\/\/www.escapadarural.com\/blog\/wp-content\/uploads\/2026\/02\/AdobeStock_361992138-1024x768.jpeg 1024w, https:\/\/www.escapadarural.com\/blog\/wp-content\/uploads\/2026\/02\/AdobeStock_361992138-1200x900.jpeg 1200w, https:\/\/www.escapadarural.com\/blog\/wp-content\/uploads\/2026\/02\/AdobeStock_361992138-1536x1152.jpeg 1536w, https:\/\/www.escapadarural.com\/blog\/wp-content\/uploads\/2026\/02\/AdobeStock_361992138-scaled.jpeg 2048w\" sizes=\"auto, (max-width: 2048px) 100vw, 2048px\"><\/a><\/div><div class=\"ub-block-post-grid-text\" style=\"\"><div class=\"ub-block-post-grid-header-content\"><header class=\"ub-block-post-grid-header\"><h3 class=\"ub-block-post-grid-title\"><a style=\"\" href=\"https:\/\/www.escapadarural.com\/blog\/escapadas-perfectas-en-marzo\/\" rel=\"bookmark\">6 escapadas perfectas en marzo que te dar\u00e1n la vida<\/a><\/h3><\/header><\/div><div class=\"ub-block-post-grid-excerpt\"><div class=\"ub-block-post-grid-excerpt-text\" style=\"\"><p>Si est\u00e1s buscando ideas con un motivo de peso para viajar, aqu\u00ed van 6 destinos perfectos para visitar en marzo.<\/p>\n<\/div><\/div><\/div><\/article>\n<article id=\"post-213738\" class=\"ub-post-grid-item post-213738 post type-post status-publish format-standard has-post-thumbnail hentry category-destinos tag-que-ver-en-alava tag-amigos tag-que-ver-en-asturias tag-que-ver-en-avila tag-que-ver-en-burgos tag-que-ver-en-ciudad-real tag-familia tag-floracion tag-que-ver-en-jaen tag-que-ver-en-la-rioja tag-listado tag-que-ver-en-navarra tag-que-ver-en-palencia tag-pareja tag-primavera tag-que-ver-en-toledo tag-que-ver-en-valladolid tag-que-ver-en-vizcaya tag-que-ver-en-zamora\" style=\"\"><div class=\"ub-block-post-grid-image\" style=\"\"><a href=\"https:\/\/www.escapadarural.com\/blog\/floraciones-alternativas-otra-primavera-espana-rural\/\" rel=\"bookmark\" aria-hidden=\"true\" tabindex=\"-1\"><img loading=\"lazy\" decoding=\"async\" width=\"2048\" height=\"1117\" src=\"https:\/\/www.escapadarural.com\/blog\/wp-content\/uploads\/2026\/02\/08b_Floraciones_Amapola_NumenPhoto_AdobeStock_509573093-scaled.jpeg\" class=\"attachment-full size-full\" alt=\"Campo repleto de amapolas al atardecer en la meseta castellana.\" style=\"max-width: 600px; \" srcset=\"https:\/\/www.escapadarural.com\/blog\/wp-content\/uploads\/2026\/02\/08b_Floraciones_Amapola_NumenPhoto_AdobeStock_509573093-200x109.jpeg 200w, https:\/\/www.escapadarural.com\/blog\/wp-content\/uploads\/2026\/02\/08b_Floraciones_Amapola_NumenPhoto_AdobeStock_509573093-300x164.jpeg 300w, https:\/\/www.escapadarural.com\/blog\/wp-content\/uploads\/2026\/02\/08b_Floraciones_Amapola_NumenPhoto_AdobeStock_509573093-400x218.jpeg 400w, https:\/\/www.escapadarural.com\/blog\/wp-content\/uploads\/2026\/02\/08b_Floraciones_Amapola_NumenPhoto_AdobeStock_509573093-600x327.jpeg 600w, https:\/\/www.escapadarural.com\/blog\/wp-content\/uploads\/2026\/02\/08b_Floraciones_Amapola_NumenPhoto_AdobeStock_509573093-768x419.jpeg 768w, https:\/\/www.escapadarural.com\/blog\/wp-content\/uploads\/2026\/02\/08b_Floraciones_Amapola_NumenPhoto_AdobeStock_509573093-800x436.jpeg 800w, https:\/\/www.escapadarural.com\/blog\/wp-content\/uploads\/2026\/02\/08b_Floraciones_Amapola_NumenPhoto_AdobeStock_509573093-1024x558.jpeg 1024w, https:\/\/www.escapadarural.com\/blog\/wp-content\/uploads\/2026\/02\/08b_Floraciones_Amapola_NumenPhoto_AdobeStock_509573093-1200x654.jpeg 1200w, https:\/\/www.escapadarural.com\/blog\/wp-content\/uploads\/2026\/02\/08b_Floraciones_Amapola_NumenPhoto_AdobeStock_509573093-1536x838.jpeg 1536w, https:\/\/www.escapadarural.com\/blog\/wp-content\/uploads\/2026\/02\/08b_Floraciones_Amapola_NumenPhoto_AdobeStock_509573093-scaled.jpeg 2048w\" sizes=\"auto, (max-width: 2048px) 100vw, 2048px\"><\/a><\/div><div class=\"ub-block-post-grid-text\" style=\"\"><div class=\"ub-block-post-grid-header-content\"><header class=\"ub-block-post-grid-header\"><h3 class=\"ub-block-post-grid-title\"><a style=\"\" href=\"https:\/\/www.escapadarural.com\/blog\/floraciones-alternativas-otra-primavera-espana-rural\/\" rel=\"bookmark\">Ni almendros ni cerezos: 9 floraciones alternativas para descubrir otra primavera en la Espa\u00f1a rural<\/a><\/h3><\/header><\/div><div class=\"ub-block-post-grid-excerpt\"><div class=\"ub-block-post-grid-excerpt-text\" style=\"\"><p>Vive otra primavera en la Espa\u00f1a rural: 9 floraciones sorprendentes como piornos, amapolas y retamas, con planes de escapadas rurales inolvidables<\/p>\n<\/div><\/div><\/div><\/article>\n<\/div><\/section>","protected":false},"excerpt":{"rendered":"<p>Las noches riojanas son perfectas para salir a contemplar las estrellas. El cielo oscuro que cubre la Reserva de la Biosfera de La Rioja cuenta, desde 2012, con la certificaci\u00f3n Starlight. Una iniciativa que mide la calidad del cielo y que garantiza la visi\u00f3n de estrellas, as\u00ed como conocer los valores cient\u00edficos, culturales, naturales y paisaj\u00edsticos asociados.<\/p>\n","protected":false},"author":89,"featured_media":103670,"comment_status":"open","ping_status":"closed","sticky":false,"template":"","format":"standard","meta":{"_acf_changed":false,"om_disable_all_campaigns":false,"footnotes":""},"categories":[191],"tags":[828,6764,2125,518,963,606,2277,2278,2279],"class_list":["post-10998","post","type-post","status-publish","format-standard","has-post-thumbnail","hentry","category-destinos","tag-astronomia","tag-imprescindibles","tag-imprescindibles-de-la-rioja","tag-que-ver-en-la-rioja","tag-observatorio","tag-reserva-de-la-biosfera","tag-starlight","tag-valle-alhama","tag-valle-cidacos"],"acf":[],"featured_image_src":"https:\/\/www.escapadarural.com\/blog\/wp-content\/uploads\/2024\/10\/PORTADA_426f4acd-af43-abbf-8291-6b45c7e28467_660-1-1.jpg","author_info":{"display_name":"Laura Fern\u00e1ndez","author_link":"https:\/\/www.escapadarural.com\/blog\/autor\/laura\/"},"yoast_head":"<!-- This site is optimized with the Yoast SEO plugin v27.5 - https:\/\/yoast.com\/product\/yoast-seo-wordpress\/ -->\n<title>Reserva de la Biosfera de La Rioja, destino Starlight - EscapadaRural<\/title>\n<meta name=\"robots\" content=\"index, follow, max-snippet:-1, max-image-preview:large, max-video-preview:-1\" \/>\n<link rel=\"canonical\" href=\"https:\/\/www.escapadarural.com\/blog\/reserva-de-la-biosfera-de-la-rioja-destino-starlight\/\" \/>\n<meta property=\"og:locale\" content=\"es_ES\" \/>\n<meta property=\"og:type\" content=\"article\" \/>\n<meta property=\"og:title\" content=\"Reserva de la Biosfera de La Rioja, destino Starlight - EscapadaRural\" \/>\n<meta property=\"og:description\" content=\"Las noches riojanas son perfectas para salir a contemplar las estrellas. El cielo oscuro que cubre la Reserva de la Biosfera de La Rioja cuenta, desde 2012, con la certificaci\u00f3n Starlight. Una iniciativa que mide la calidad del cielo y que garantiza la visi\u00f3n de estrellas, as\u00ed como conocer los valores cient\u00edficos, culturales, naturales y paisaj\u00edsticos asociados.\" \/>\n<meta property=\"og:url\" content=\"https:\/\/www.escapadarural.com\/blog\/reserva-de-la-biosfera-de-la-rioja-destino-starlight\/\" \/>\n<meta property=\"og:site_name\" content=\"Magazine de viajes de EscapadaRural\" \/>\n<meta property=\"article:publisher\" content=\"https:\/\/www.facebook.com\/escapadarural\" \/>\n<meta property=\"article:published_time\" content=\"2019-03-21T10:30:34+00:00\" \/>\n<meta property=\"article:modified_time\" content=\"2026-02-06T09:17:11+00:00\" \/>\n<meta property=\"og:image\" content=\"https:\/\/www.escapadarural.com\/blog\/wp-content\/uploads\/2024\/10\/PORTADA_426f4acd-af43-abbf-8291-6b45c7e28467_660-1-1.jpg\" \/>\n\t<meta property=\"og:image:width\" content=\"660\" \/>\n\t<meta property=\"og:image:height\" content=\"426\" \/>\n\t<meta property=\"og:image:type\" content=\"image\/jpeg\" \/>\n<meta name=\"author\" content=\"Laura Fern\u00e1ndez\" \/>\n<meta name=\"twitter:card\" content=\"summary_large_image\" \/>\n<meta name=\"twitter:label1\" content=\"Escrito por\" \/>\n\t<meta name=\"twitter:data1\" content=\"Laura Fern\u00e1ndez\" \/>\n\t<meta name=\"twitter:label2\" content=\"Tiempo de lectura\" \/>\n\t<meta name=\"twitter:data2\" content=\"6 minutos\" \/>\n<script type=\"application\/ld+json\" class=\"yoast-schema-graph\">{\"@context\":\"https:\\\/\\\/schema.org\",\"@graph\":[{\"@type\":\"Article\",\"@id\":\"https:\\\/\\\/www.escapadarural.com\\\/blog\\\/reserva-de-la-biosfera-de-la-rioja-destino-starlight\\\/#article\",\"isPartOf\":{\"@id\":\"https:\\\/\\\/www.escapadarural.com\\\/blog\\\/reserva-de-la-biosfera-de-la-rioja-destino-starlight\\\/\"},\"author\":{\"name\":\"Laura Fern\u00e1ndez\",\"@id\":\"https:\\\/\\\/www.escapadarural.com\\\/blog\\\/#\\\/schema\\\/person\\\/a9b46ae4d047d8a2c719f31e75206cff\"},\"headline\":\"Reserva de la Biosfera de La Rioja, destino Starlight\",\"datePublished\":\"2019-03-21T10:30:34+00:00\",\"dateModified\":\"2026-02-06T09:17:11+00:00\",\"mainEntityOfPage\":{\"@id\":\"https:\\\/\\\/www.escapadarural.com\\\/blog\\\/reserva-de-la-biosfera-de-la-rioja-destino-starlight\\\/\"},\"wordCount\":980,\"commentCount\":1,\"publisher\":{\"@id\":\"https:\\\/\\\/www.escapadarural.com\\\/blog\\\/#organization\"},\"image\":{\"@id\":\"https:\\\/\\\/www.escapadarural.com\\\/blog\\\/reserva-de-la-biosfera-de-la-rioja-destino-starlight\\\/#primaryimage\"},\"thumbnailUrl\":\"https:\\\/\\\/www.escapadarural.com\\\/blog\\\/wp-content\\\/uploads\\\/2024\\\/10\\\/PORTADA_426f4acd-af43-abbf-8291-6b45c7e28467_660-1-1.jpg\",\"keywords\":[\"Astronom\u00eda\",\"Imprescindibles\",\"Imprescindibles de La Rioja\",\"La Rioja\",\"Observatorio\",\"Reserva de la Biosfera\",\"starlight\",\"valle alhama\",\"valle Cidacos\"],\"articleSection\":[\"Destinos\"],\"inLanguage\":\"es\",\"potentialAction\":[{\"@type\":\"CommentAction\",\"name\":\"Comment\",\"target\":[\"https:\\\/\\\/www.escapadarural.com\\\/blog\\\/reserva-de-la-biosfera-de-la-rioja-destino-starlight\\\/#respond\"]}]},{\"@type\":\"WebPage\",\"@id\":\"https:\\\/\\\/www.escapadarural.com\\\/blog\\\/reserva-de-la-biosfera-de-la-rioja-destino-starlight\\\/\",\"url\":\"https:\\\/\\\/www.escapadarural.com\\\/blog\\\/reserva-de-la-biosfera-de-la-rioja-destino-starlight\\\/\",\"name\":\"Reserva de la Biosfera de La Rioja, destino Starlight - EscapadaRural\",\"isPartOf\":{\"@id\":\"https:\\\/\\\/www.escapadarural.com\\\/blog\\\/#website\"},\"primaryImageOfPage\":{\"@id\":\"https:\\\/\\\/www.escapadarural.com\\\/blog\\\/reserva-de-la-biosfera-de-la-rioja-destino-starlight\\\/#primaryimage\"},\"image\":{\"@id\":\"https:\\\/\\\/www.escapadarural.com\\\/blog\\\/reserva-de-la-biosfera-de-la-rioja-destino-starlight\\\/#primaryimage\"},\"thumbnailUrl\":\"https:\\\/\\\/www.escapadarural.com\\\/blog\\\/wp-content\\\/uploads\\\/2024\\\/10\\\/PORTADA_426f4acd-af43-abbf-8291-6b45c7e28467_660-1-1.jpg\",\"datePublished\":\"2019-03-21T10:30:34+00:00\",\"dateModified\":\"2026-02-06T09:17:11+00:00\",\"breadcrumb\":{\"@id\":\"https:\\\/\\\/www.escapadarural.com\\\/blog\\\/reserva-de-la-biosfera-de-la-rioja-destino-starlight\\\/#breadcrumb\"},\"inLanguage\":\"es\",\"potentialAction\":[{\"@type\":\"ReadAction\",\"target\":[\"https:\\\/\\\/www.escapadarural.com\\\/blog\\\/reserva-de-la-biosfera-de-la-rioja-destino-starlight\\\/\"]}]},{\"@type\":\"ImageObject\",\"inLanguage\":\"es\",\"@id\":\"https:\\\/\\\/www.escapadarural.com\\\/blog\\\/reserva-de-la-biosfera-de-la-rioja-destino-starlight\\\/#primaryimage\",\"url\":\"https:\\\/\\\/www.escapadarural.com\\\/blog\\\/wp-content\\\/uploads\\\/2024\\\/10\\\/PORTADA_426f4acd-af43-abbf-8291-6b45c7e28467_660-1-1.jpg\",\"contentUrl\":\"https:\\\/\\\/www.escapadarural.com\\\/blog\\\/wp-content\\\/uploads\\\/2024\\\/10\\\/PORTADA_426f4acd-af43-abbf-8291-6b45c7e28467_660-1-1.jpg\",\"width\":660,\"height\":426,\"caption\":\"Una persona est\u00e1 de pie junto a un telescopio, silueteada contra un cielo nocturno lleno de estrellas en el que se ven \u00e1rboles y nubes suaves.\"},{\"@type\":\"BreadcrumbList\",\"@id\":\"https:\\\/\\\/www.escapadarural.com\\\/blog\\\/reserva-de-la-biosfera-de-la-rioja-destino-starlight\\\/#breadcrumb\",\"itemListElement\":[{\"@type\":\"ListItem\",\"position\":1,\"name\":\"Inicio\",\"item\":\"https:\\\/\\\/www.escapadarural.com\\\/blog\\\/\"},{\"@type\":\"ListItem\",\"position\":2,\"name\":\"Destinos\",\"item\":\"https:\\\/\\\/www.escapadarural.com\\\/blog\\\/categoria\\\/destinos\\\/\"},{\"@type\":\"ListItem\",\"position\":3,\"name\":\"Reserva de la Biosfera de La Rioja, destino Starlight\"}]},{\"@type\":\"WebSite\",\"@id\":\"https:\\\/\\\/www.escapadarural.com\\\/blog\\\/#website\",\"url\":\"https:\\\/\\\/www.escapadarural.com\\\/blog\\\/\",\"name\":\"Blog de viajes | turismo rural, alojamientos e inspiraci\u00f3n\",\"description\":\"Alojamientos rurales e inspiraci\u00f3n para tus escapadas\",\"publisher\":{\"@id\":\"https:\\\/\\\/www.escapadarural.com\\\/blog\\\/#organization\"},\"alternateName\":\"Magazine de viajes de EscapadaRural\",\"potentialAction\":[{\"@type\":\"SearchAction\",\"target\":{\"@type\":\"EntryPoint\",\"urlTemplate\":\"https:\\\/\\\/www.escapadarural.com\\\/blog\\\/?s={search_term_string}\"},\"query-input\":{\"@type\":\"PropertyValueSpecification\",\"valueRequired\":true,\"valueName\":\"search_term_string\"}}],\"inLanguage\":\"es\"},{\"@type\":\"Organization\",\"@id\":\"https:\\\/\\\/www.escapadarural.com\\\/blog\\\/#organization\",\"name\":\"EscapadaRural\",\"url\":\"https:\\\/\\\/www.escapadarural.com\\\/blog\\\/\",\"logo\":{\"@type\":\"ImageObject\",\"inLanguage\":\"es\",\"@id\":\"https:\\\/\\\/www.escapadarural.com\\\/blog\\\/#\\\/schema\\\/logo\\\/image\\\/\",\"url\":\"https:\\\/\\\/www.escapadarural.com\\\/blog\\\/wp-content\\\/uploads\\\/2024\\\/10\\\/cropped-cropped-escapada-rural-icon-mag-3.png\",\"contentUrl\":\"https:\\\/\\\/www.escapadarural.com\\\/blog\\\/wp-content\\\/uploads\\\/2024\\\/10\\\/cropped-cropped-escapada-rural-icon-mag-3.png\",\"width\":512,\"height\":512,\"caption\":\"EscapadaRural\"},\"image\":{\"@id\":\"https:\\\/\\\/www.escapadarural.com\\\/blog\\\/#\\\/schema\\\/logo\\\/image\\\/\"},\"sameAs\":[\"https:\\\/\\\/www.facebook.com\\\/escapadarural\",\"https:\\\/\\\/www.instagram.com\\\/escapadarural\\\/\",\"https:\\\/\\\/www.youtube.com\\\/@escapadaruralcom\"]},{\"@type\":\"Person\",\"@id\":\"https:\\\/\\\/www.escapadarural.com\\\/blog\\\/#\\\/schema\\\/person\\\/a9b46ae4d047d8a2c719f31e75206cff\",\"name\":\"Laura Fern\u00e1ndez\",\"image\":{\"@type\":\"ImageObject\",\"inLanguage\":\"es\",\"@id\":\"https:\\\/\\\/www.escapadarural.com\\\/blog\\\/wp-content\\\/uploads\\\/2025\\\/01\\\/cropped-laura_raponchii-96x96.jpg\",\"url\":\"https:\\\/\\\/www.escapadarural.com\\\/blog\\\/wp-content\\\/uploads\\\/2025\\\/01\\\/cropped-laura_raponchii-96x96.jpg\",\"contentUrl\":\"https:\\\/\\\/www.escapadarural.com\\\/blog\\\/wp-content\\\/uploads\\\/2025\\\/01\\\/cropped-laura_raponchii-96x96.jpg\",\"caption\":\"Laura Fern\u00e1ndez\"},\"description\":\"Periodista, blogger y viajera. No necesariamente en ese orden. En ocasiones me despierto sin saber d\u00f3nde estoy. Adicta a los c\u00f3mics y a los noodles con salsa de cacahuete. Redactora en @escapadarural, colaboradora en la Conde Nast Traveler y en la Divinity. Mi casa: Meridiano180.\",\"sameAs\":[\"http:\\\/\\\/www.meridiano180.com\\\/\"],\"url\":\"https:\\\/\\\/www.escapadarural.com\\\/blog\\\/autor\\\/laura\\\/\"}]}<\/script>\n<!-- \/ Yoast SEO plugin. -->","yoast_head_json":{"title":"Reserva de la Biosfera de La Rioja, destino Starlight - EscapadaRural","robots":{"index":"index","follow":"follow","max-snippet":"max-snippet:-1","max-image-preview":"max-image-preview:large","max-video-preview":"max-video-preview:-1"},"canonical":"https:\/\/www.escapadarural.com\/blog\/reserva-de-la-biosfera-de-la-rioja-destino-starlight\/","og_locale":"es_ES","og_type":"article","og_title":"Reserva de la Biosfera de La Rioja, destino Starlight - EscapadaRural","og_description":"Las noches riojanas son perfectas para salir a contemplar las estrellas. El cielo oscuro que cubre la Reserva de la Biosfera de La Rioja cuenta, desde 2012, con la certificaci\u00f3n Starlight. Una iniciativa que mide la calidad del cielo y que garantiza la visi\u00f3n de estrellas, as\u00ed como conocer los valores cient\u00edficos, culturales, naturales y paisaj\u00edsticos asociados.","og_url":"https:\/\/www.escapadarural.com\/blog\/reserva-de-la-biosfera-de-la-rioja-destino-starlight\/","og_site_name":"Magazine de viajes de EscapadaRural","article_publisher":"https:\/\/www.facebook.com\/escapadarural","article_published_time":"2019-03-21T10:30:34+00:00","article_modified_time":"2026-02-06T09:17:11+00:00","og_image":[{"width":660,"height":426,"url":"https:\/\/www.escapadarural.com\/blog\/wp-content\/uploads\/2024\/10\/PORTADA_426f4acd-af43-abbf-8291-6b45c7e28467_660-1-1.jpg","type":"image\/jpeg"}],"author":"Laura Fern\u00e1ndez","twitter_card":"summary_large_image","twitter_misc":{"Escrito por":"Laura Fern\u00e1ndez","Tiempo de lectura":"6 minutos"},"schema":{"@context":"https:\/\/schema.org","@graph":[{"@type":"Article","@id":"https:\/\/www.escapadarural.com\/blog\/reserva-de-la-biosfera-de-la-rioja-destino-starlight\/#article","isPartOf":{"@id":"https:\/\/www.escapadarural.com\/blog\/reserva-de-la-biosfera-de-la-rioja-destino-starlight\/"},"author":{"name":"Laura Fern\u00e1ndez","@id":"https:\/\/www.escapadarural.com\/blog\/#\/schema\/person\/a9b46ae4d047d8a2c719f31e75206cff"},"headline":"Reserva de la Biosfera de La Rioja, destino Starlight","datePublished":"2019-03-21T10:30:34+00:00","dateModified":"2026-02-06T09:17:11+00:00","mainEntityOfPage":{"@id":"https:\/\/www.escapadarural.com\/blog\/reserva-de-la-biosfera-de-la-rioja-destino-starlight\/"},"wordCount":980,"commentCount":1,"publisher":{"@id":"https:\/\/www.escapadarural.com\/blog\/#organization"},"image":{"@id":"https:\/\/www.escapadarural.com\/blog\/reserva-de-la-biosfera-de-la-rioja-destino-starlight\/#primaryimage"},"thumbnailUrl":"https:\/\/www.escapadarural.com\/blog\/wp-content\/uploads\/2024\/10\/PORTADA_426f4acd-af43-abbf-8291-6b45c7e28467_660-1-1.jpg","keywords":["Astronom\u00eda","Imprescindibles","Imprescindibles de La Rioja","La Rioja","Observatorio","Reserva de la Biosfera","starlight","valle alhama","valle Cidacos"],"articleSection":["Destinos"],"inLanguage":"es","potentialAction":[{"@type":"CommentAction","name":"Comment","target":["https:\/\/www.escapadarural.com\/blog\/reserva-de-la-biosfera-de-la-rioja-destino-starlight\/#respond"]}]},{"@type":"WebPage","@id":"https:\/\/www.escapadarural.com\/blog\/reserva-de-la-biosfera-de-la-rioja-destino-starlight\/","url":"https:\/\/www.escapadarural.com\/blog\/reserva-de-la-biosfera-de-la-rioja-destino-starlight\/","name":"Reserva de la Biosfera de La Rioja, destino Starlight - EscapadaRural","isPartOf":{"@id":"https:\/\/www.escapadarural.com\/blog\/#website"},"primaryImageOfPage":{"@id":"https:\/\/www.escapadarural.com\/blog\/reserva-de-la-biosfera-de-la-rioja-destino-starlight\/#primaryimage"},"image":{"@id":"https:\/\/www.escapadarural.com\/blog\/reserva-de-la-biosfera-de-la-rioja-destino-starlight\/#primaryimage"},"thumbnailUrl":"https:\/\/www.escapadarural.com\/blog\/wp-content\/uploads\/2024\/10\/PORTADA_426f4acd-af43-abbf-8291-6b45c7e28467_660-1-1.jpg","datePublished":"2019-03-21T10:30:34+00:00","dateModified":"2026-02-06T09:17:11+00:00","breadcrumb":{"@id":"https:\/\/www.escapadarural.com\/blog\/reserva-de-la-biosfera-de-la-rioja-destino-starlight\/#breadcrumb"},"inLanguage":"es","potentialAction":[{"@type":"ReadAction","target":["https:\/\/www.escapadarural.com\/blog\/reserva-de-la-biosfera-de-la-rioja-destino-starlight\/"]}]},{"@type":"ImageObject","inLanguage":"es","@id":"https:\/\/www.escapadarural.com\/blog\/reserva-de-la-biosfera-de-la-rioja-destino-starlight\/#primaryimage","url":"https:\/\/www.escapadarural.com\/blog\/wp-content\/uploads\/2024\/10\/PORTADA_426f4acd-af43-abbf-8291-6b45c7e28467_660-1-1.jpg","contentUrl":"https:\/\/www.escapadarural.com\/blog\/wp-content\/uploads\/2024\/10\/PORTADA_426f4acd-af43-abbf-8291-6b45c7e28467_660-1-1.jpg","width":660,"height":426,"caption":"Una persona est\u00e1 de pie junto a un telescopio, silueteada contra un cielo nocturno lleno de estrellas en el que se ven \u00e1rboles y nubes suaves."},{"@type":"BreadcrumbList","@id":"https:\/\/www.escapadarural.com\/blog\/reserva-de-la-biosfera-de-la-rioja-destino-starlight\/#breadcrumb","itemListElement":[{"@type":"ListItem","position":1,"name":"Inicio","item":"https:\/\/www.escapadarural.com\/blog\/"},{"@type":"ListItem","position":2,"name":"Destinos","item":"https:\/\/www.escapadarural.com\/blog\/categoria\/destinos\/"},{"@type":"ListItem","position":3,"name":"Reserva de la Biosfera de La Rioja, destino Starlight"}]},{"@type":"WebSite","@id":"https:\/\/www.escapadarural.com\/blog\/#website","url":"https:\/\/www.escapadarural.com\/blog\/","name":"Blog de viajes | turismo rural, alojamientos e inspiraci\u00f3n","description":"Alojamientos rurales e inspiraci\u00f3n para tus escapadas","publisher":{"@id":"https:\/\/www.escapadarural.com\/blog\/#organization"},"alternateName":"Magazine de viajes de EscapadaRural","potentialAction":[{"@type":"SearchAction","target":{"@type":"EntryPoint","urlTemplate":"https:\/\/www.escapadarural.com\/blog\/?s={search_term_string}"},"query-input":{"@type":"PropertyValueSpecification","valueRequired":true,"valueName":"search_term_string"}}],"inLanguage":"es"},{"@type":"Organization","@id":"https:\/\/www.escapadarural.com\/blog\/#organization","name":"EscapadaRural","url":"https:\/\/www.escapadarural.com\/blog\/","logo":{"@type":"ImageObject","inLanguage":"es","@id":"https:\/\/www.escapadarural.com\/blog\/#\/schema\/logo\/image\/","url":"https:\/\/www.escapadarural.com\/blog\/wp-content\/uploads\/2024\/10\/cropped-cropped-escapada-rural-icon-mag-3.png","contentUrl":"https:\/\/www.escapadarural.com\/blog\/wp-content\/uploads\/2024\/10\/cropped-cropped-escapada-rural-icon-mag-3.png","width":512,"height":512,"caption":"EscapadaRural"},"image":{"@id":"https:\/\/www.escapadarural.com\/blog\/#\/schema\/logo\/image\/"},"sameAs":["https:\/\/www.facebook.com\/escapadarural","https:\/\/www.instagram.com\/escapadarural\/","https:\/\/www.youtube.com\/@escapadaruralcom"]},{"@type":"Person","@id":"https:\/\/www.escapadarural.com\/blog\/#\/schema\/person\/a9b46ae4d047d8a2c719f31e75206cff","name":"Laura Fern\u00e1ndez","image":{"@type":"ImageObject","inLanguage":"es","@id":"https:\/\/www.escapadarural.com\/blog\/wp-content\/uploads\/2025\/01\/cropped-laura_raponchii-96x96.jpg","url":"https:\/\/www.escapadarural.com\/blog\/wp-content\/uploads\/2025\/01\/cropped-laura_raponchii-96x96.jpg","contentUrl":"https:\/\/www.escapadarural.com\/blog\/wp-content\/uploads\/2025\/01\/cropped-laura_raponchii-96x96.jpg","caption":"Laura Fern\u00e1ndez"},"description":"Periodista, blogger y viajera. No necesariamente en ese orden. En ocasiones me despierto sin saber d\u00f3nde estoy. Adicta a los c\u00f3mics y a los noodles con salsa de cacahuete. Redactora en @escapadarural, colaboradora en la Conde Nast Traveler y en la Divinity. Mi casa: Meridiano180.","sameAs":["http:\/\/www.meridiano180.com\/"],"url":"https:\/\/www.escapadarural.com\/blog\/autor\/laura\/"}]}},"_links":{"self":[{"href":"https:\/\/www.escapadarural.com\/blog\/wp-json\/wp\/v2\/posts\/10998","targetHints":{"allow":["GET"]}}],"collection":[{"href":"https:\/\/www.escapadarural.com\/blog\/wp-json\/wp\/v2\/posts"}],"about":[{"href":"https:\/\/www.escapadarural.com\/blog\/wp-json\/wp\/v2\/types\/post"}],"author":[{"embeddable":true,"href":"https:\/\/www.escapadarural.com\/blog\/wp-json\/wp\/v2\/users\/89"}],"replies":[{"embeddable":true,"href":"https:\/\/www.escapadarural.com\/blog\/wp-json\/wp\/v2\/comments?post=10998"}],"version-history":[{"count":0,"href":"https:\/\/www.escapadarural.com\/blog\/wp-json\/wp\/v2\/posts\/10998\/revisions"}],"wp:featuredmedia":[{"embeddable":true,"href":"https:\/\/www.escapadarural.com\/blog\/wp-json\/wp\/v2\/media\/103670"}],"wp:attachment":[{"href":"https:\/\/www.escapadarural.com\/blog\/wp-json\/wp\/v2\/media?parent=10998"}],"wp:term":[{"taxonomy":"category","embeddable":true,"href":"https:\/\/www.escapadarural.com\/blog\/wp-json\/wp\/v2\/categories?post=10998"},{"taxonomy":"post_tag","embeddable":true,"href":"https:\/\/www.escapadarural.com\/blog\/wp-json\/wp\/v2\/tags?post=10998"}],"curies":[{"name":"wp","href":"https:\/\/api.w.org\/{rel}","templated":true}]}}