{"id":11041,"date":"2019-03-19T09:23:02","date_gmt":"2019-03-19T08:23:02","guid":{"rendered":"http:\/\/15.188.81.248\/2019\/03\/19\/test-a-donde-deberias-de-irte-en-semana-santa\/"},"modified":"2024-12-24T10:52:26","modified_gmt":"2024-12-24T08:52:26","slug":"test-a-donde-deberias-de-irte-en-semana-santa","status":"publish","type":"post","link":"https:\/\/www.escapadarural.com\/blog\/test-a-donde-deberias-de-irte-en-semana-santa\/","title":{"rendered":"Test: \u00bfD\u00f3nde deber\u00edas irte en Semana Santa?"},"content":{"rendered":"\n<figure class=\"wp-block-image size-large\"><a href=\"https:\/\/www.escapadarural.com\/blog\/wp-content\/uploads\/2019\/03\/semanasanta-1.jpg\"><img decoding=\"async\" src=\"https:\/\/www.escapadarural.com\/blog\/wp-content\/uploads\/2019\/03\/semanasanta-1.jpg\" alt=\"Semana Santa\" class=\"wp-image-25004\"\/><\/a><figcaption>Por Sergio Foto<\/figcaption><\/figure>\n\n\n\n<p>Da igual que seas cat\u00f3lico que ateo, los festivos de Semana Santa est\u00e1n ah\u00ed para escaparnos. Si a\u00fan no tienes planes y no sabes a d\u00f3nde ir durante esos d\u00edas, aqu\u00ed tenemos el test que te sacar\u00e1 de dudas. \u00bfLargas jornadas viendo procesiones? \u00bfPasar el d\u00eda comiendo torrijas? \u00bfVer en vivo una recreaci\u00f3n de la Pasi\u00f3n de Cristo? \u00bfBailar al ritmo del tambor? \u00bfSalir de fiesta? Hay destinos y planes para todos los gustos.<\/p>\n\n\n\n<!--more-->\n\n\n\n<script>(function(d,s,id){var js,fjs=d.getElementsByTagName(s)[0];if(d.getElementById(id))return;js=d.createElement(s);js.id=id;js.src='https:\/\/embed.playbuzz.com\/sdk.js';fjs.parentNode.insertBefore(js,fjs);}(document,'script','playbuzz-sdk'));<\/script>\n<div class=\"playbuzz\" data-id=\"b1d38b53-8e3f-45e2-beff-c6b20653408e\" data-show-share=\"false\" data-show-info=\"false\"><\/div>\n","protected":false},"excerpt":{"rendered":"<p>Da igual que seas cat\u00f3lico que ateo, los festivos de Semana Santa est\u00e1n ah\u00ed para escaparnos. Si a\u00fan no tienes planes y no sabes a d\u00f3nde ir durante esos d\u00edas, aqu\u00ed tenemos el test que te sacar\u00e1 de dudas.<\/p>\n","protected":false},"author":89,"featured_media":103703,"comment_status":"open","ping_status":"closed","sticky":false,"template":"","format":"standard","meta":{"_acf_changed":false,"om_disable_all_campaigns":false,"footnotes":""},"categories":[1144],"tags":[2282,1953,2283,2031,2284,1088,1143,1245],"class_list":["post-11041","post","type-post","status-publish","format-standard","has-post-thumbnail","hentry","category-tests","tag-castro-urdiales","tag-hellin","tag-jerez-de-la-frontera","tag-lorca","tag-orihuela","tag-semana-santa","tag-test","tag-trasmoz"],"acf":[],"featured_image_src":"https:\/\/www.escapadarural.com\/blog\/wp-content\/uploads\/2024\/10\/semanasanta-1-2.jpg","author_info":{"display_name":"Laura Fern\u00e1ndez","author_link":"https:\/\/www.escapadarural.com\/blog\/autor\/laura\/"},"yoast_head":"<!-- This site is optimized with the Yoast SEO plugin v27.5 - https:\/\/yoast.com\/product\/yoast-seo-wordpress\/ -->\n<title>Test: \u00bfD\u00f3nde deber\u00edas irte en Semana Santa? - EscapadaRural<\/title>\n<meta name=\"robots\" content=\"index, follow, max-snippet:-1, max-image-preview:large, max-video-preview:-1\" \/>\n<link rel=\"canonical\" href=\"https:\/\/www.escapadarural.com\/blog\/test-a-donde-deberias-de-irte-en-semana-santa\/\" \/>\n<meta property=\"og:locale\" content=\"es_ES\" \/>\n<meta property=\"og:type\" content=\"article\" \/>\n<meta property=\"og:title\" content=\"Test: \u00bfD\u00f3nde deber\u00edas irte en Semana Santa? - EscapadaRural\" \/>\n<meta property=\"og:description\" content=\"Da igual que seas cat\u00f3lico que ateo, los festivos de Semana Santa est\u00e1n ah\u00ed para escaparnos. Si a\u00fan no tienes planes y no sabes a d\u00f3nde ir durante esos d\u00edas, aqu\u00ed tenemos el test que te sacar\u00e1 de dudas.\" \/>\n<meta property=\"og:url\" content=\"https:\/\/www.escapadarural.com\/blog\/test-a-donde-deberias-de-irte-en-semana-santa\/\" \/>\n<meta property=\"og:site_name\" content=\"Magazine de viajes de EscapadaRural\" \/>\n<meta property=\"article:publisher\" content=\"https:\/\/www.facebook.com\/escapadarural\" \/>\n<meta property=\"article:published_time\" content=\"2019-03-19T08:23:02+00:00\" \/>\n<meta property=\"article:modified_time\" content=\"2024-12-24T08:52:26+00:00\" \/>\n<meta property=\"og:image\" content=\"https:\/\/www.escapadarural.com\/blog\/wp-content\/uploads\/2024\/10\/semanasanta-1-2.jpg\" \/>\n\t<meta property=\"og:image:width\" content=\"1024\" \/>\n\t<meta property=\"og:image:height\" content=\"682\" \/>\n\t<meta property=\"og:image:type\" content=\"image\/jpeg\" \/>\n<meta name=\"author\" content=\"Laura Fern\u00e1ndez\" \/>\n<meta name=\"twitter:card\" content=\"summary_large_image\" \/>\n<meta name=\"twitter:label1\" content=\"Escrito por\" \/>\n\t<meta name=\"twitter:data1\" content=\"Laura Fern\u00e1ndez\" \/>\n<script type=\"application\/ld+json\" class=\"yoast-schema-graph\">{\"@context\":\"https:\\\/\\\/schema.org\",\"@graph\":[{\"@type\":\"Article\",\"@id\":\"https:\\\/\\\/www.escapadarural.com\\\/blog\\\/test-a-donde-deberias-de-irte-en-semana-santa\\\/#article\",\"isPartOf\":{\"@id\":\"https:\\\/\\\/www.escapadarural.com\\\/blog\\\/test-a-donde-deberias-de-irte-en-semana-santa\\\/\"},\"author\":{\"name\":\"Laura Fern\u00e1ndez\",\"@id\":\"https:\\\/\\\/www.escapadarural.com\\\/blog\\\/#\\\/schema\\\/person\\\/a9b46ae4d047d8a2c719f31e75206cff\"},\"headline\":\"Test: \u00bfD\u00f3nde deber\u00edas irte en Semana Santa?\",\"datePublished\":\"2019-03-19T08:23:02+00:00\",\"dateModified\":\"2024-12-24T08:52:26+00:00\",\"mainEntityOfPage\":{\"@id\":\"https:\\\/\\\/www.escapadarural.com\\\/blog\\\/test-a-donde-deberias-de-irte-en-semana-santa\\\/\"},\"wordCount\":94,\"commentCount\":2,\"publisher\":{\"@id\":\"https:\\\/\\\/www.escapadarural.com\\\/blog\\\/#organization\"},\"image\":{\"@id\":\"https:\\\/\\\/www.escapadarural.com\\\/blog\\\/test-a-donde-deberias-de-irte-en-semana-santa\\\/#primaryimage\"},\"thumbnailUrl\":\"https:\\\/\\\/www.escapadarural.com\\\/blog\\\/wp-content\\\/uploads\\\/2024\\\/10\\\/semanasanta-1-2.jpg\",\"keywords\":[\"Castro Urdiales\",\"Hell\u00edn\",\"Jerez de la Frontera\",\"Lorca\",\"Orihuela\",\"Semana Santa\",\"test\",\"Trasmoz\"],\"articleSection\":[\"Tests\"],\"inLanguage\":\"es\",\"potentialAction\":[{\"@type\":\"CommentAction\",\"name\":\"Comment\",\"target\":[\"https:\\\/\\\/www.escapadarural.com\\\/blog\\\/test-a-donde-deberias-de-irte-en-semana-santa\\\/#respond\"]}]},{\"@type\":\"WebPage\",\"@id\":\"https:\\\/\\\/www.escapadarural.com\\\/blog\\\/test-a-donde-deberias-de-irte-en-semana-santa\\\/\",\"url\":\"https:\\\/\\\/www.escapadarural.com\\\/blog\\\/test-a-donde-deberias-de-irte-en-semana-santa\\\/\",\"name\":\"Test: \u00bfD\u00f3nde deber\u00edas irte en Semana Santa? - EscapadaRural\",\"isPartOf\":{\"@id\":\"https:\\\/\\\/www.escapadarural.com\\\/blog\\\/#website\"},\"primaryImageOfPage\":{\"@id\":\"https:\\\/\\\/www.escapadarural.com\\\/blog\\\/test-a-donde-deberias-de-irte-en-semana-santa\\\/#primaryimage\"},\"image\":{\"@id\":\"https:\\\/\\\/www.escapadarural.com\\\/blog\\\/test-a-donde-deberias-de-irte-en-semana-santa\\\/#primaryimage\"},\"thumbnailUrl\":\"https:\\\/\\\/www.escapadarural.com\\\/blog\\\/wp-content\\\/uploads\\\/2024\\\/10\\\/semanasanta-1-2.jpg\",\"datePublished\":\"2019-03-19T08:23:02+00:00\",\"dateModified\":\"2024-12-24T08:52:26+00:00\",\"breadcrumb\":{\"@id\":\"https:\\\/\\\/www.escapadarural.com\\\/blog\\\/test-a-donde-deberias-de-irte-en-semana-santa\\\/#breadcrumb\"},\"inLanguage\":\"es\",\"potentialAction\":[{\"@type\":\"ReadAction\",\"target\":[\"https:\\\/\\\/www.escapadarural.com\\\/blog\\\/test-a-donde-deberias-de-irte-en-semana-santa\\\/\"]}]},{\"@type\":\"ImageObject\",\"inLanguage\":\"es\",\"@id\":\"https:\\\/\\\/www.escapadarural.com\\\/blog\\\/test-a-donde-deberias-de-irte-en-semana-santa\\\/#primaryimage\",\"url\":\"https:\\\/\\\/www.escapadarural.com\\\/blog\\\/wp-content\\\/uploads\\\/2024\\\/10\\\/semanasanta-1-2.jpg\",\"contentUrl\":\"https:\\\/\\\/www.escapadarural.com\\\/blog\\\/wp-content\\\/uploads\\\/2024\\\/10\\\/semanasanta-1-2.jpg\",\"width\":1024,\"height\":682,\"caption\":\"Una persona con t\u00fanica morada y guantes blancos toca un tambor con una baqueta durante una procesi\u00f3n o desfile. Al fondo se ven otros tamborileros con atuendos a juego.\"},{\"@type\":\"BreadcrumbList\",\"@id\":\"https:\\\/\\\/www.escapadarural.com\\\/blog\\\/test-a-donde-deberias-de-irte-en-semana-santa\\\/#breadcrumb\",\"itemListElement\":[{\"@type\":\"ListItem\",\"position\":1,\"name\":\"Inicio\",\"item\":\"https:\\\/\\\/www.escapadarural.com\\\/blog\\\/\"},{\"@type\":\"ListItem\",\"position\":2,\"name\":\"Tests\",\"item\":\"https:\\\/\\\/www.escapadarural.com\\\/blog\\\/categoria\\\/tests\\\/\"},{\"@type\":\"ListItem\",\"position\":3,\"name\":\"Test: \u00bfD\u00f3nde deber\u00edas irte en Semana Santa?\"}]},{\"@type\":\"WebSite\",\"@id\":\"https:\\\/\\\/www.escapadarural.com\\\/blog\\\/#website\",\"url\":\"https:\\\/\\\/www.escapadarural.com\\\/blog\\\/\",\"name\":\"Blog de viajes | turismo rural, alojamientos e inspiraci\u00f3n\",\"description\":\"Alojamientos rurales e inspiraci\u00f3n para tus escapadas\",\"publisher\":{\"@id\":\"https:\\\/\\\/www.escapadarural.com\\\/blog\\\/#organization\"},\"alternateName\":\"Magazine de viajes de EscapadaRural\",\"potentialAction\":[{\"@type\":\"SearchAction\",\"target\":{\"@type\":\"EntryPoint\",\"urlTemplate\":\"https:\\\/\\\/www.escapadarural.com\\\/blog\\\/?s={search_term_string}\"},\"query-input\":{\"@type\":\"PropertyValueSpecification\",\"valueRequired\":true,\"valueName\":\"search_term_string\"}}],\"inLanguage\":\"es\"},{\"@type\":\"Organization\",\"@id\":\"https:\\\/\\\/www.escapadarural.com\\\/blog\\\/#organization\",\"name\":\"EscapadaRural\",\"url\":\"https:\\\/\\\/www.escapadarural.com\\\/blog\\\/\",\"logo\":{\"@type\":\"ImageObject\",\"inLanguage\":\"es\",\"@id\":\"https:\\\/\\\/www.escapadarural.com\\\/blog\\\/#\\\/schema\\\/logo\\\/image\\\/\",\"url\":\"https:\\\/\\\/www.escapadarural.com\\\/blog\\\/wp-content\\\/uploads\\\/2024\\\/10\\\/cropped-cropped-escapada-rural-icon-mag-3.png\",\"contentUrl\":\"https:\\\/\\\/www.escapadarural.com\\\/blog\\\/wp-content\\\/uploads\\\/2024\\\/10\\\/cropped-cropped-escapada-rural-icon-mag-3.png\",\"width\":512,\"height\":512,\"caption\":\"EscapadaRural\"},\"image\":{\"@id\":\"https:\\\/\\\/www.escapadarural.com\\\/blog\\\/#\\\/schema\\\/logo\\\/image\\\/\"},\"sameAs\":[\"https:\\\/\\\/www.facebook.com\\\/escapadarural\",\"https:\\\/\\\/www.instagram.com\\\/escapadarural\\\/\",\"https:\\\/\\\/www.youtube.com\\\/@escapadaruralcom\"]},{\"@type\":\"Person\",\"@id\":\"https:\\\/\\\/www.escapadarural.com\\\/blog\\\/#\\\/schema\\\/person\\\/a9b46ae4d047d8a2c719f31e75206cff\",\"name\":\"Laura Fern\u00e1ndez\",\"image\":{\"@type\":\"ImageObject\",\"inLanguage\":\"es\",\"@id\":\"https:\\\/\\\/www.escapadarural.com\\\/blog\\\/wp-content\\\/uploads\\\/2025\\\/01\\\/cropped-laura_raponchii-96x96.jpg\",\"url\":\"https:\\\/\\\/www.escapadarural.com\\\/blog\\\/wp-content\\\/uploads\\\/2025\\\/01\\\/cropped-laura_raponchii-96x96.jpg\",\"contentUrl\":\"https:\\\/\\\/www.escapadarural.com\\\/blog\\\/wp-content\\\/uploads\\\/2025\\\/01\\\/cropped-laura_raponchii-96x96.jpg\",\"caption\":\"Laura Fern\u00e1ndez\"},\"description\":\"Periodista, blogger y viajera. No necesariamente en ese orden. En ocasiones me despierto sin saber d\u00f3nde estoy. Adicta a los c\u00f3mics y a los noodles con salsa de cacahuete. Redactora en @escapadarural, colaboradora en la Conde Nast Traveler y en la Divinity. Mi casa: Meridiano180.\",\"sameAs\":[\"http:\\\/\\\/www.meridiano180.com\\\/\"],\"url\":\"https:\\\/\\\/www.escapadarural.com\\\/blog\\\/autor\\\/laura\\\/\"}]}<\/script>\n<!-- \/ Yoast SEO plugin. -->","yoast_head_json":{"title":"Test: \u00bfD\u00f3nde deber\u00edas irte en Semana Santa? - EscapadaRural","robots":{"index":"index","follow":"follow","max-snippet":"max-snippet:-1","max-image-preview":"max-image-preview:large","max-video-preview":"max-video-preview:-1"},"canonical":"https:\/\/www.escapadarural.com\/blog\/test-a-donde-deberias-de-irte-en-semana-santa\/","og_locale":"es_ES","og_type":"article","og_title":"Test: \u00bfD\u00f3nde deber\u00edas irte en Semana Santa? - EscapadaRural","og_description":"Da igual que seas cat\u00f3lico que ateo, los festivos de Semana Santa est\u00e1n ah\u00ed para escaparnos. Si a\u00fan no tienes planes y no sabes a d\u00f3nde ir durante esos d\u00edas, aqu\u00ed tenemos el test que te sacar\u00e1 de dudas.","og_url":"https:\/\/www.escapadarural.com\/blog\/test-a-donde-deberias-de-irte-en-semana-santa\/","og_site_name":"Magazine de viajes de EscapadaRural","article_publisher":"https:\/\/www.facebook.com\/escapadarural","article_published_time":"2019-03-19T08:23:02+00:00","article_modified_time":"2024-12-24T08:52:26+00:00","og_image":[{"width":1024,"height":682,"url":"https:\/\/www.escapadarural.com\/blog\/wp-content\/uploads\/2024\/10\/semanasanta-1-2.jpg","type":"image\/jpeg"}],"author":"Laura Fern\u00e1ndez","twitter_card":"summary_large_image","twitter_misc":{"Escrito por":"Laura Fern\u00e1ndez"},"schema":{"@context":"https:\/\/schema.org","@graph":[{"@type":"Article","@id":"https:\/\/www.escapadarural.com\/blog\/test-a-donde-deberias-de-irte-en-semana-santa\/#article","isPartOf":{"@id":"https:\/\/www.escapadarural.com\/blog\/test-a-donde-deberias-de-irte-en-semana-santa\/"},"author":{"name":"Laura Fern\u00e1ndez","@id":"https:\/\/www.escapadarural.com\/blog\/#\/schema\/person\/a9b46ae4d047d8a2c719f31e75206cff"},"headline":"Test: \u00bfD\u00f3nde deber\u00edas irte en Semana Santa?","datePublished":"2019-03-19T08:23:02+00:00","dateModified":"2024-12-24T08:52:26+00:00","mainEntityOfPage":{"@id":"https:\/\/www.escapadarural.com\/blog\/test-a-donde-deberias-de-irte-en-semana-santa\/"},"wordCount":94,"commentCount":2,"publisher":{"@id":"https:\/\/www.escapadarural.com\/blog\/#organization"},"image":{"@id":"https:\/\/www.escapadarural.com\/blog\/test-a-donde-deberias-de-irte-en-semana-santa\/#primaryimage"},"thumbnailUrl":"https:\/\/www.escapadarural.com\/blog\/wp-content\/uploads\/2024\/10\/semanasanta-1-2.jpg","keywords":["Castro Urdiales","Hell\u00edn","Jerez de la Frontera","Lorca","Orihuela","Semana Santa","test","Trasmoz"],"articleSection":["Tests"],"inLanguage":"es","potentialAction":[{"@type":"CommentAction","name":"Comment","target":["https:\/\/www.escapadarural.com\/blog\/test-a-donde-deberias-de-irte-en-semana-santa\/#respond"]}]},{"@type":"WebPage","@id":"https:\/\/www.escapadarural.com\/blog\/test-a-donde-deberias-de-irte-en-semana-santa\/","url":"https:\/\/www.escapadarural.com\/blog\/test-a-donde-deberias-de-irte-en-semana-santa\/","name":"Test: \u00bfD\u00f3nde deber\u00edas irte en Semana Santa? - EscapadaRural","isPartOf":{"@id":"https:\/\/www.escapadarural.com\/blog\/#website"},"primaryImageOfPage":{"@id":"https:\/\/www.escapadarural.com\/blog\/test-a-donde-deberias-de-irte-en-semana-santa\/#primaryimage"},"image":{"@id":"https:\/\/www.escapadarural.com\/blog\/test-a-donde-deberias-de-irte-en-semana-santa\/#primaryimage"},"thumbnailUrl":"https:\/\/www.escapadarural.com\/blog\/wp-content\/uploads\/2024\/10\/semanasanta-1-2.jpg","datePublished":"2019-03-19T08:23:02+00:00","dateModified":"2024-12-24T08:52:26+00:00","breadcrumb":{"@id":"https:\/\/www.escapadarural.com\/blog\/test-a-donde-deberias-de-irte-en-semana-santa\/#breadcrumb"},"inLanguage":"es","potentialAction":[{"@type":"ReadAction","target":["https:\/\/www.escapadarural.com\/blog\/test-a-donde-deberias-de-irte-en-semana-santa\/"]}]},{"@type":"ImageObject","inLanguage":"es","@id":"https:\/\/www.escapadarural.com\/blog\/test-a-donde-deberias-de-irte-en-semana-santa\/#primaryimage","url":"https:\/\/www.escapadarural.com\/blog\/wp-content\/uploads\/2024\/10\/semanasanta-1-2.jpg","contentUrl":"https:\/\/www.escapadarural.com\/blog\/wp-content\/uploads\/2024\/10\/semanasanta-1-2.jpg","width":1024,"height":682,"caption":"Una persona con t\u00fanica morada y guantes blancos toca un tambor con una baqueta durante una procesi\u00f3n o desfile. Al fondo se ven otros tamborileros con atuendos a juego."},{"@type":"BreadcrumbList","@id":"https:\/\/www.escapadarural.com\/blog\/test-a-donde-deberias-de-irte-en-semana-santa\/#breadcrumb","itemListElement":[{"@type":"ListItem","position":1,"name":"Inicio","item":"https:\/\/www.escapadarural.com\/blog\/"},{"@type":"ListItem","position":2,"name":"Tests","item":"https:\/\/www.escapadarural.com\/blog\/categoria\/tests\/"},{"@type":"ListItem","position":3,"name":"Test: \u00bfD\u00f3nde deber\u00edas irte en Semana Santa?"}]},{"@type":"WebSite","@id":"https:\/\/www.escapadarural.com\/blog\/#website","url":"https:\/\/www.escapadarural.com\/blog\/","name":"Blog de viajes | turismo rural, alojamientos e inspiraci\u00f3n","description":"Alojamientos rurales e inspiraci\u00f3n para tus escapadas","publisher":{"@id":"https:\/\/www.escapadarural.com\/blog\/#organization"},"alternateName":"Magazine de viajes de EscapadaRural","potentialAction":[{"@type":"SearchAction","target":{"@type":"EntryPoint","urlTemplate":"https:\/\/www.escapadarural.com\/blog\/?s={search_term_string}"},"query-input":{"@type":"PropertyValueSpecification","valueRequired":true,"valueName":"search_term_string"}}],"inLanguage":"es"},{"@type":"Organization","@id":"https:\/\/www.escapadarural.com\/blog\/#organization","name":"EscapadaRural","url":"https:\/\/www.escapadarural.com\/blog\/","logo":{"@type":"ImageObject","inLanguage":"es","@id":"https:\/\/www.escapadarural.com\/blog\/#\/schema\/logo\/image\/","url":"https:\/\/www.escapadarural.com\/blog\/wp-content\/uploads\/2024\/10\/cropped-cropped-escapada-rural-icon-mag-3.png","contentUrl":"https:\/\/www.escapadarural.com\/blog\/wp-content\/uploads\/2024\/10\/cropped-cropped-escapada-rural-icon-mag-3.png","width":512,"height":512,"caption":"EscapadaRural"},"image":{"@id":"https:\/\/www.escapadarural.com\/blog\/#\/schema\/logo\/image\/"},"sameAs":["https:\/\/www.facebook.com\/escapadarural","https:\/\/www.instagram.com\/escapadarural\/","https:\/\/www.youtube.com\/@escapadaruralcom"]},{"@type":"Person","@id":"https:\/\/www.escapadarural.com\/blog\/#\/schema\/person\/a9b46ae4d047d8a2c719f31e75206cff","name":"Laura Fern\u00e1ndez","image":{"@type":"ImageObject","inLanguage":"es","@id":"https:\/\/www.escapadarural.com\/blog\/wp-content\/uploads\/2025\/01\/cropped-laura_raponchii-96x96.jpg","url":"https:\/\/www.escapadarural.com\/blog\/wp-content\/uploads\/2025\/01\/cropped-laura_raponchii-96x96.jpg","contentUrl":"https:\/\/www.escapadarural.com\/blog\/wp-content\/uploads\/2025\/01\/cropped-laura_raponchii-96x96.jpg","caption":"Laura Fern\u00e1ndez"},"description":"Periodista, blogger y viajera. No necesariamente en ese orden. En ocasiones me despierto sin saber d\u00f3nde estoy. Adicta a los c\u00f3mics y a los noodles con salsa de cacahuete. Redactora en @escapadarural, colaboradora en la Conde Nast Traveler y en la Divinity. Mi casa: Meridiano180.","sameAs":["http:\/\/www.meridiano180.com\/"],"url":"https:\/\/www.escapadarural.com\/blog\/autor\/laura\/"}]}},"_links":{"self":[{"href":"https:\/\/www.escapadarural.com\/blog\/wp-json\/wp\/v2\/posts\/11041","targetHints":{"allow":["GET"]}}],"collection":[{"href":"https:\/\/www.escapadarural.com\/blog\/wp-json\/wp\/v2\/posts"}],"about":[{"href":"https:\/\/www.escapadarural.com\/blog\/wp-json\/wp\/v2\/types\/post"}],"author":[{"embeddable":true,"href":"https:\/\/www.escapadarural.com\/blog\/wp-json\/wp\/v2\/users\/89"}],"replies":[{"embeddable":true,"href":"https:\/\/www.escapadarural.com\/blog\/wp-json\/wp\/v2\/comments?post=11041"}],"version-history":[{"count":0,"href":"https:\/\/www.escapadarural.com\/blog\/wp-json\/wp\/v2\/posts\/11041\/revisions"}],"wp:featuredmedia":[{"embeddable":true,"href":"https:\/\/www.escapadarural.com\/blog\/wp-json\/wp\/v2\/media\/103703"}],"wp:attachment":[{"href":"https:\/\/www.escapadarural.com\/blog\/wp-json\/wp\/v2\/media?parent=11041"}],"wp:term":[{"taxonomy":"category","embeddable":true,"href":"https:\/\/www.escapadarural.com\/blog\/wp-json\/wp\/v2\/categories?post=11041"},{"taxonomy":"post_tag","embeddable":true,"href":"https:\/\/www.escapadarural.com\/blog\/wp-json\/wp\/v2\/tags?post=11041"}],"curies":[{"name":"wp","href":"https:\/\/api.w.org\/{rel}","templated":true}]}}