{"id":11144,"date":"2019-04-05T09:30:26","date_gmt":"2019-04-05T09:30:26","guid":{"rendered":"http:\/\/15.188.81.248\/2019\/04\/05\/que-son-las-masas-de-agua-descubrelas-en-las-azores\/"},"modified":"2025-04-14T16:55:22","modified_gmt":"2025-04-14T14:55:22","slug":"que-son-las-masas-de-agua-descubrelas-en-las-azores","status":"publish","type":"post","link":"https:\/\/www.escapadarural.com\/blog\/que-son-las-masas-de-agua-descubrelas-en-las-azores\/","title":{"rendered":"\u00bfQu\u00e9 son las masas de agua? Desc\u00fabrelas en las Azores"},"content":{"rendered":"\n<figure class=\"wp-block-image size-large\"><a href=\"https:\/\/www.escapadarural.com\/blog\/wp-content\/uploads\/2019\/04\/azores22-1.jpg\"><img decoding=\"async\" src=\"https:\/\/www.escapadarural.com\/blog\/wp-content\/uploads\/2019\/04\/azores22-1.jpg\" alt=\"Sete Cidades, A\u00e7ores\" class=\"wp-image-24900\"\/><\/a><figcaption class=\"wp-element-caption\">Sete Cidades, Azores. Por vickysp<\/figcaption><\/figure>\n\n\n\n<p>Aunque su nombre puede desatar la imaginaci\u00f3n y asociarlo con personajes mitol\u00f3gicos o alguna creaci\u00f3n exc\u00e9ntrica de la naturaleza, lo cierto es que est\u00e1n m\u00e1s presentes en la cotidianidad de lo que se puede pensar. Una masa de agua puede ser desde el charquito que ha formado la tormenta en el socav\u00f3n de la calle hasta un r\u00edo. S\u00ed: h2o sobre la superficie terrestre o en el subsuelo en estado l\u00edquido o s\u00f3lido.<\/p>\n\n\n\n<p>Hay algunos puntos de la geograf\u00eda en los que son m\u00e1s f\u00e1ciles de encontrar, como las islas. B\u00e1sicamente porque \u201cnadan\u201d en el oc\u00e9ano, el rey de los cuerpos de agua (tambi\u00e9n pueden recibir dicha denominaci\u00f3n). Pero hay algunas que adem\u00e1s del mar que las rodea, est\u00e1n inundadas de otro tipo de acumulaciones, como son las Islas Azores.<\/p>\n\n\n\n<!--more-->\n\n\n\n<h2 class=\"wp-block-heading title-rute\">El que llegue primero, que coja sitio<\/h2>\n\n\n\n<p>Este archipi\u00e9lago formado por <strong>nueve islas<\/strong> es una comunidad aut\u00f3noma de Portugal desde 1976. Su historia empieza a mediados de la Edad Media, cuando el navegante portugu\u00e9s Diogo de Silves se topa con ellas y decide que ha sido un descubrimiento (estaba de moda por aquellos tiempos).<\/p>\n\n\n\n<p>Por supuesto, no es que se originasen en esa fecha, sino que hasta que llegaron los colonizadores europeos estaban despobladas. All\u00ed no hab\u00eda m\u00e1s que flora y fauna viviendo con la tranquilidad de no tener a humanos incordiando.<\/p>\n\n\n\n<p>Corvo, Graciosa, Santa Mar\u00eda, Flores, Faial, S\u00e3o Jorge, Terceira, Pico y S\u00e3o Miguel son las \u00ednsulas que conforman el conjunto de las Azores. La primera es la m\u00e1s peque\u00f1a, con solo 17 kil\u00f3metros de superficie, mientras que la \u00faltima tiene 759 kil\u00f3metros.<\/p>\n\n\n\n<p>Pero aunque su tama\u00f1o sea bastante reducido, est\u00e1n repletas de tesoros naturales. Viendo sus paisajes se entiende mejor que, m\u00e1s all\u00e1 de posiciones estrat\u00e9gicas y otras preocupaciones de aquel entonces, hubiese peleas para quedarse.<\/p>\n\n\n\n<h2 class=\"wp-block-heading title-rute\">Informaci\u00f3n b\u00e1sica<\/h2>\n\n\n\n<p>Afortunadamente y en contra de sus costumbres, el ser humano ha respetado bastante el ecosistema de las islas. A d\u00eda de hoy, el archipi\u00e9lago es uno de los destinos m\u00e1s recomendables para los amantes de las <strong>actividades al aire libre<\/strong>. Entre sus principales atractivos se encuentran, precisamente, las masas de agua interiores, que van desde un lago en medio de un cr\u00e1ter hasta unas termas en el subsuelo de la isla.<\/p>\n\n\n\n<p>A continuaci\u00f3n encontrar\u00e1s algunas de las paradas obligatorias, aunque antes de ponerse en marcha hay que tener en cuenta algunos detalles. Por ejemplo, casi todas las rutas para llegar a pie a estos puntos exigen tener un poco de experiencia en senderismo, pero tampoco hace falta ser monta\u00f1ero experimentado. Sentarse a descansar a mitad de camino siempre es una opci\u00f3n.<\/p>\n\n\n\n<p>Asimismo, es esencial comprobar la meteorolog\u00eda antes de salir del alojamiento y vestirse adecuadamente. El clima en el archipi\u00e9lago puede ser lluvioso y un paseo por el campo puede convertirse en la fiesta del barro. Mejor botas que chanclas y chubasquero por si acaso.<\/p>\n\n\n\n<h2 class=\"wp-block-heading title-rute\">Lagoa do Fogo<\/h2>\n\n\n\n<figure class=\"wp-block-image size-large\"><a href=\"https:\/\/www.escapadarural.com\/blog\/wp-content\/uploads\/2019\/04\/Lagoa-do-Fogo-1.jpg\"><img decoding=\"async\" src=\"https:\/\/www.escapadarural.com\/blog\/wp-content\/uploads\/2019\/04\/Lagoa-do-Fogo-1.jpg\" alt=\"Lagoa do Fogo\" class=\"wp-image-24899\"\/><\/a><figcaption class=\"wp-element-caption\">Por Evgeni<\/figcaption><\/figure>\n\n\n\n<p>Situado en S\u00e3o Miguel, es un lago de 1 kil\u00f3metro de ancho y 2 kil\u00f3metros de largo que reposa en la superficie de un cr\u00e1ter formado tras la \u00faltima erupci\u00f3n del Volc\u00e1n do Fogo en 1563. Est\u00e1 situado en la parte m\u00e1s elevada de la isla, a unos 600 metros sobre el nivel del mar. Es posible encontrarlo tapado por la niebla.<\/p>\n\n\n\n<h2 class=\"wp-block-heading title-rute\">Las cascadas de Faj\u00e2 Grande<\/h2>\n\n\n\n<figure class=\"wp-block-image size-large\"><a href=\"https:\/\/www.escapadarural.com\/blog\/wp-content\/uploads\/2019\/04\/casacada-flores-1.jpg\"><img decoding=\"async\" src=\"https:\/\/www.escapadarural.com\/blog\/wp-content\/uploads\/2019\/04\/casacada-flores-1.jpg\" alt=\"Faj\u00e2 Grande\" class=\"wp-image-24898\"\/><\/a><figcaption class=\"wp-element-caption\">Por Lukasz Janyst<\/figcaption><\/figure>\n\n\n\n<p>La Isla de las Flores es la m\u00e1s prol\u00edfica en masas de agua. En ella est\u00e1 la Faj\u00e2 Grande, que es una pared de monta\u00f1a por la que se precipitan saltos de agua. Uno de los m\u00e1s impresionantes es el Po\u00e7o do Bacalhau, con una ca\u00edda de 90 metros. La laguna Po\u00e7o da Alagoinha es uno de los mejores parajes para observar el espect\u00e1culo que ofrece ese monte \u201cllor\u00f3n\u201d.<\/p>\n\n\n\n<h2 class=\"wp-block-heading title-rute\">Lago Das Sete Cidades<\/h2>\n\n\n\n<figure class=\"wp-block-image size-large\"><a href=\"https:\/\/www.escapadarural.com\/blog\/wp-content\/uploads\/2019\/04\/Sete_cidades_twin_lakes-1.jpg\"><img decoding=\"async\" src=\"https:\/\/www.escapadarural.com\/blog\/wp-content\/uploads\/2019\/04\/Sete_cidades_twin_lakes-1.jpg\" alt=\"Lagoa das Sete Cidades\" class=\"wp-image-24897\"\/><\/a><figcaption class=\"wp-element-caption\">Por Sverdrup<\/figcaption><\/figure>\n\n\n\n<p>El espect\u00e1culo visual de la isla S\u00e3o Miguel en cuanto a este tema se refiere. Lo conforman tres lagunas peque\u00f1as y dos lagos en el fondo de un cr\u00e1ter. Lo sorprendente es que uno de ellos tiene las aguas verdes y el otro azules, caracter\u00edsticas que les dan nombre: Lagoa Verde y Lagoa Azul. En el interior del \u201cagujero\u201d tambi\u00e9n hay una peque\u00f1a poblaci\u00f3n llamada aldea Sete Cidades que incluye una iglesia de estilo neo-g\u00f3tico que da servicio a sus 800 habitantes.<\/p>\n\n\n\n<h2 class=\"wp-block-heading title-rute\">Lagunas de Caldeir\u00e3o do Corvo<\/h2>\n\n\n<div class=\"wp-block-image\">\n<figure class=\"aligncenter size-large\"><a href=\"https:\/\/www.escapadarural.com\/blog\/wp-content\/uploads\/2019\/04\/A_Lagoa_do_Caldeir\u00e3o_alojada_na_cratera_vulc\u00e2nica_ilha_do_Corvo_A\u00e7ores-1.jpg\"><img decoding=\"async\" src=\"https:\/\/www.escapadarural.com\/blog\/wp-content\/uploads\/2019\/04\/A_Lagoa_do_Caldeir\u00e3o_alojada_na_cratera_vulc\u00e2nica_ilha_do_Corvo_A\u00e7ores-1.jpg\" alt=\"Caldeir\u00e3o do Corvo\" class=\"wp-image-24896\"\/><\/a><figcaption class=\"wp-element-caption\">Por Jos\u00e9 Lu\u00eds \u00c1vila Silveira\/Pedro Noronha e Costa<\/figcaption><\/figure>\n<\/div>\n\n\n<p>La isla m\u00e1s peque\u00f1ita del archipi\u00e9lago tiene dos lagunas en el fondo de un cr\u00e1ter que ocupa gran parte de su superficie. Estas pueden verse desde las laderas o bajar hasta su orilla por una ruta de senderismo. Debido a su origen, la flora y la fauna que habitan en su superficie son diferentes al resto de las \u00ednsulas..<\/p>\n\n\n\n<h2 class=\"wp-block-heading title-rute\">Cascada Salto do Prego<\/h2>\n\n\n\n<figure class=\"wp-block-image size-large\"><a href=\"https:\/\/www.escapadarural.com\/blog\/wp-content\/uploads\/2019\/04\/Cascada-Salto-do-Prego-1.jpg\"><img decoding=\"async\" src=\"https:\/\/www.escapadarural.com\/blog\/wp-content\/uploads\/2019\/04\/Cascada-Salto-do-Prego-1.jpg\" alt=\"Salto do Prego\" class=\"wp-image-24895\"\/><\/a><figcaption class=\"wp-element-caption\">Por bbsferrari<\/figcaption><\/figure>\n\n\n\n<p>Otro de los grandes espect\u00e1culos naturales de S\u00e3o Miguel. Aunque no es de las m\u00e1s altas, supone una recompensa para los caminantes, ya que desde Povoa\u00e7ao (la localidad cercana) se tardan unos 20 minutos a pie. La ruta no es especialmente complicada, pero se agradece llegar al objetivo. La inmersi\u00f3n en el agua es para los y las m\u00e1s valientes, porque no se trata de una fuente termal precisamente.<\/p>\n\n\n\n<h2 class=\"wp-block-heading title-rute\">Furna do Enxofre<\/h2>\n\n\n\n<figure class=\"wp-block-image size-large\"><a href=\"https:\/\/www.escapadarural.com\/blog\/wp-content\/uploads\/2019\/04\/1200px-Furna_do_Enxofre_Entrada_ilha_Graciosa_A\u00e7ores_Portugal-1.jpg\"><img decoding=\"async\" src=\"https:\/\/www.escapadarural.com\/blog\/wp-content\/uploads\/2019\/04\/1200px-Furna_do_Enxofre_Entrada_ilha_Graciosa_A\u00e7ores_Portugal-1-1024x685.jpg\" alt=\"Furna do Enxofre\" class=\"wp-image-24894\"\/><\/a><figcaption class=\"wp-element-caption\">Por Jos\u00e9 Lu\u00eds \u00c1vila Silveira\/Pedro Noronha e Costa<\/figcaption><\/figure>\n\n\n\n<p>La Graciosa esconde una de las mejores sorpresas del archipi\u00e9lago, aunque el nombre resulte poco atractivo de entrada. Se trata de la Furna do Enxofre, que en castellano significa Gruta de Azufre, una cueva con un t\u00fanel de unos 200 metros y un olor que se supone parecido al de la oficina de Sat\u00e1n. Adem\u00e1s de vegetaci\u00f3n y estalactitas, en su interior hay una laguna alimentada por el agua de la lluvia.<\/p>\n\n\n\n<h2 class=\"wp-block-heading title-rute\">Caldeira Velha<\/h2>\n\n\n\n<figure class=\"wp-block-image size-large\"><a href=\"https:\/\/www.escapadarural.com\/blog\/wp-content\/uploads\/2019\/04\/Caldeira-Velha-1.jpg\"><img decoding=\"async\" src=\"https:\/\/www.escapadarural.com\/blog\/wp-content\/uploads\/2019\/04\/Caldeira-Velha-1.jpg\" alt=\"Caldeira Velha\" class=\"wp-image-24893\"\/><\/a><figcaption class=\"wp-element-caption\">Por katatonia<\/figcaption><\/figure>\n\n\n\n<p>En La Graciosa hay dos balnearios de aguas termales de renombre, pero para los que prefieran disfrutar de la naturaleza sin comodidades modernas, en una de las vertientes del Volc\u00e1n \u00c1gua de Pau en S\u00e3o Miguel pueden encontrar su spa. Se trata del Parque Natural Caldeira Velha, en el que se encuentran varias pozas de agua ferruginosa (la colonia de azufre tambi\u00e9n est\u00e1 incluida) de varias temperaturas, con una cascada -hidromasaje r\u00fastico- a unos 20 grados.<\/p>\n","protected":false},"excerpt":{"rendered":"<p>Este archipi\u00e9lago formado por nueve islas es una comunidad aut\u00f3noma de Portugal desde 1976. Su historia empieza a mediados de la Edad Media, cuando el navegante portugu\u00e9s Diogo de Silves se topa con ellas y decide que ha sido un descubrimiento.  Por supuesto, no es que se originasen en esa fecha, sino que hasta que llegaron los colonizadores europeos estaban despobladas. <\/p>\n","protected":false},"author":114,"featured_media":103625,"comment_status":"open","ping_status":"closed","sticky":false,"template":"","format":"standard","meta":{"_acf_changed":false,"om_disable_all_campaigns":false,"footnotes":""},"categories":[191],"tags":[2298,2299,2300,2301,2302,2303,2304,2305,215,538,2306],"class_list":["post-11144","post","type-post","status-publish","format-standard","has-post-thumbnail","hentry","category-destinos","tag-azores","tag-caldeira-velha","tag-faja-grande","tag-furna-do-enxofre","tag-islas","tag-lago-das-sete-cidades","tag-lagoa-do-fogo","tag-lagunas-de-caldeirao-do-corvo","tag-listado","tag-portugal","tag-salto-do-prego"],"acf":[],"featured_image_src":"https:\/\/www.escapadarural.com\/blog\/wp-content\/uploads\/2024\/10\/azores22-1-1.jpg","author_info":{"display_name":"Carmen L\u00f3pez","author_link":"https:\/\/www.escapadarural.com\/blog\/autor\/carmenlopez\/"},"yoast_head":"<!-- This site is optimized with the Yoast SEO plugin v27.5 - https:\/\/yoast.com\/product\/yoast-seo-wordpress\/ -->\n<title>\u00bfQu\u00e9 son las masas de agua? Desc\u00fabrelas en las Azores - EscapadaRural<\/title>\n<meta name=\"robots\" content=\"index, follow, max-snippet:-1, max-image-preview:large, max-video-preview:-1\" \/>\n<link rel=\"canonical\" href=\"https:\/\/www.escapadarural.com\/blog\/que-son-las-masas-de-agua-descubrelas-en-las-azores\/\" \/>\n<meta property=\"og:locale\" content=\"es_ES\" \/>\n<meta property=\"og:type\" content=\"article\" \/>\n<meta property=\"og:title\" content=\"\u00bfQu\u00e9 son las masas de agua? Desc\u00fabrelas en las Azores - EscapadaRural\" \/>\n<meta property=\"og:description\" content=\"Este archipi\u00e9lago formado por nueve islas es una comunidad aut\u00f3noma de Portugal desde 1976. Su historia empieza a mediados de la Edad Media, cuando el navegante portugu\u00e9s Diogo de Silves se topa con ellas y decide que ha sido un descubrimiento. Por supuesto, no es que se originasen en esa fecha, sino que hasta que llegaron los colonizadores europeos estaban despobladas.\" \/>\n<meta property=\"og:url\" content=\"https:\/\/www.escapadarural.com\/blog\/que-son-las-masas-de-agua-descubrelas-en-las-azores\/\" \/>\n<meta property=\"og:site_name\" content=\"Magazine de viajes de EscapadaRural\" \/>\n<meta property=\"article:publisher\" content=\"https:\/\/www.facebook.com\/escapadarural\" \/>\n<meta property=\"article:published_time\" content=\"2019-04-05T09:30:26+00:00\" \/>\n<meta property=\"article:modified_time\" content=\"2025-04-14T14:55:22+00:00\" \/>\n<meta property=\"og:image\" content=\"https:\/\/www.escapadarural.com\/blog\/wp-content\/uploads\/2024\/10\/azores22-1-1.jpg\" \/>\n\t<meta property=\"og:image:width\" content=\"1024\" \/>\n\t<meta property=\"og:image:height\" content=\"582\" \/>\n\t<meta property=\"og:image:type\" content=\"image\/jpeg\" \/>\n<meta name=\"author\" content=\"Carmen L\u00f3pez\" \/>\n<meta name=\"twitter:card\" content=\"summary_large_image\" \/>\n<meta name=\"twitter:label1\" content=\"Escrito por\" \/>\n\t<meta name=\"twitter:data1\" content=\"Carmen L\u00f3pez\" \/>\n\t<meta name=\"twitter:label2\" content=\"Tiempo de lectura\" \/>\n\t<meta name=\"twitter:data2\" content=\"6 minutos\" \/>\n<script type=\"application\/ld+json\" class=\"yoast-schema-graph\">{\"@context\":\"https:\\\/\\\/schema.org\",\"@graph\":[{\"@type\":\"Article\",\"@id\":\"https:\\\/\\\/www.escapadarural.com\\\/blog\\\/que-son-las-masas-de-agua-descubrelas-en-las-azores\\\/#article\",\"isPartOf\":{\"@id\":\"https:\\\/\\\/www.escapadarural.com\\\/blog\\\/que-son-las-masas-de-agua-descubrelas-en-las-azores\\\/\"},\"author\":{\"name\":\"Carmen L\u00f3pez\",\"@id\":\"https:\\\/\\\/www.escapadarural.com\\\/blog\\\/#\\\/schema\\\/person\\\/42dfdff6118172efc6a04c8ae599a2ce\"},\"headline\":\"\u00bfQu\u00e9 son las masas de agua? Desc\u00fabrelas en las Azores\",\"datePublished\":\"2019-04-05T09:30:26+00:00\",\"dateModified\":\"2025-04-14T14:55:22+00:00\",\"mainEntityOfPage\":{\"@id\":\"https:\\\/\\\/www.escapadarural.com\\\/blog\\\/que-son-las-masas-de-agua-descubrelas-en-las-azores\\\/\"},\"wordCount\":1118,\"commentCount\":0,\"publisher\":{\"@id\":\"https:\\\/\\\/www.escapadarural.com\\\/blog\\\/#organization\"},\"image\":{\"@id\":\"https:\\\/\\\/www.escapadarural.com\\\/blog\\\/que-son-las-masas-de-agua-descubrelas-en-las-azores\\\/#primaryimage\"},\"thumbnailUrl\":\"https:\\\/\\\/www.escapadarural.com\\\/blog\\\/wp-content\\\/uploads\\\/2024\\\/10\\\/azores22-1-1.jpg\",\"keywords\":[\"Azores\",\"Caldeira Velha\",\"Faj\u00e2 Grande\",\"Furna do Enxofre\",\"Islas\",\"Lago das Sete Cidades\",\"Lagoa do Fogo\",\"Lagunas de Caldeir\u00e3o do Corvo\",\"Listado\",\"portugal\",\"Salto do Prego\"],\"articleSection\":[\"Destinos\"],\"inLanguage\":\"es\",\"potentialAction\":[{\"@type\":\"CommentAction\",\"name\":\"Comment\",\"target\":[\"https:\\\/\\\/www.escapadarural.com\\\/blog\\\/que-son-las-masas-de-agua-descubrelas-en-las-azores\\\/#respond\"]}]},{\"@type\":\"WebPage\",\"@id\":\"https:\\\/\\\/www.escapadarural.com\\\/blog\\\/que-son-las-masas-de-agua-descubrelas-en-las-azores\\\/\",\"url\":\"https:\\\/\\\/www.escapadarural.com\\\/blog\\\/que-son-las-masas-de-agua-descubrelas-en-las-azores\\\/\",\"name\":\"\u00bfQu\u00e9 son las masas de agua? Desc\u00fabrelas en las Azores - EscapadaRural\",\"isPartOf\":{\"@id\":\"https:\\\/\\\/www.escapadarural.com\\\/blog\\\/#website\"},\"primaryImageOfPage\":{\"@id\":\"https:\\\/\\\/www.escapadarural.com\\\/blog\\\/que-son-las-masas-de-agua-descubrelas-en-las-azores\\\/#primaryimage\"},\"image\":{\"@id\":\"https:\\\/\\\/www.escapadarural.com\\\/blog\\\/que-son-las-masas-de-agua-descubrelas-en-las-azores\\\/#primaryimage\"},\"thumbnailUrl\":\"https:\\\/\\\/www.escapadarural.com\\\/blog\\\/wp-content\\\/uploads\\\/2024\\\/10\\\/azores22-1-1.jpg\",\"datePublished\":\"2019-04-05T09:30:26+00:00\",\"dateModified\":\"2025-04-14T14:55:22+00:00\",\"breadcrumb\":{\"@id\":\"https:\\\/\\\/www.escapadarural.com\\\/blog\\\/que-son-las-masas-de-agua-descubrelas-en-las-azores\\\/#breadcrumb\"},\"inLanguage\":\"es\",\"potentialAction\":[{\"@type\":\"ReadAction\",\"target\":[\"https:\\\/\\\/www.escapadarural.com\\\/blog\\\/que-son-las-masas-de-agua-descubrelas-en-las-azores\\\/\"]}]},{\"@type\":\"ImageObject\",\"inLanguage\":\"es\",\"@id\":\"https:\\\/\\\/www.escapadarural.com\\\/blog\\\/que-son-las-masas-de-agua-descubrelas-en-las-azores\\\/#primaryimage\",\"url\":\"https:\\\/\\\/www.escapadarural.com\\\/blog\\\/wp-content\\\/uploads\\\/2024\\\/10\\\/azores22-1-1.jpg\",\"contentUrl\":\"https:\\\/\\\/www.escapadarural.com\\\/blog\\\/wp-content\\\/uploads\\\/2024\\\/10\\\/azores22-1-1.jpg\",\"width\":1024,\"height\":582,\"caption\":\"Un exuberante y verde lago volc\u00e1nico en un cr\u00e1ter rodeado de colinas ondulantes y carreteras sinuosas bajo un cielo parcialmente nublado, con monta\u00f1as lejanas y un lago azul visibles al fondo.\"},{\"@type\":\"BreadcrumbList\",\"@id\":\"https:\\\/\\\/www.escapadarural.com\\\/blog\\\/que-son-las-masas-de-agua-descubrelas-en-las-azores\\\/#breadcrumb\",\"itemListElement\":[{\"@type\":\"ListItem\",\"position\":1,\"name\":\"Inicio\",\"item\":\"https:\\\/\\\/www.escapadarural.com\\\/blog\\\/\"},{\"@type\":\"ListItem\",\"position\":2,\"name\":\"Destinos\",\"item\":\"https:\\\/\\\/www.escapadarural.com\\\/blog\\\/categoria\\\/destinos\\\/\"},{\"@type\":\"ListItem\",\"position\":3,\"name\":\"\u00bfQu\u00e9 son las masas de agua? Desc\u00fabrelas en las Azores\"}]},{\"@type\":\"WebSite\",\"@id\":\"https:\\\/\\\/www.escapadarural.com\\\/blog\\\/#website\",\"url\":\"https:\\\/\\\/www.escapadarural.com\\\/blog\\\/\",\"name\":\"Blog de viajes | turismo rural, alojamientos e inspiraci\u00f3n\",\"description\":\"Alojamientos rurales e inspiraci\u00f3n para tus escapadas\",\"publisher\":{\"@id\":\"https:\\\/\\\/www.escapadarural.com\\\/blog\\\/#organization\"},\"alternateName\":\"Magazine de viajes de EscapadaRural\",\"potentialAction\":[{\"@type\":\"SearchAction\",\"target\":{\"@type\":\"EntryPoint\",\"urlTemplate\":\"https:\\\/\\\/www.escapadarural.com\\\/blog\\\/?s={search_term_string}\"},\"query-input\":{\"@type\":\"PropertyValueSpecification\",\"valueRequired\":true,\"valueName\":\"search_term_string\"}}],\"inLanguage\":\"es\"},{\"@type\":\"Organization\",\"@id\":\"https:\\\/\\\/www.escapadarural.com\\\/blog\\\/#organization\",\"name\":\"EscapadaRural\",\"url\":\"https:\\\/\\\/www.escapadarural.com\\\/blog\\\/\",\"logo\":{\"@type\":\"ImageObject\",\"inLanguage\":\"es\",\"@id\":\"https:\\\/\\\/www.escapadarural.com\\\/blog\\\/#\\\/schema\\\/logo\\\/image\\\/\",\"url\":\"https:\\\/\\\/www.escapadarural.com\\\/blog\\\/wp-content\\\/uploads\\\/2024\\\/10\\\/cropped-cropped-escapada-rural-icon-mag-3.png\",\"contentUrl\":\"https:\\\/\\\/www.escapadarural.com\\\/blog\\\/wp-content\\\/uploads\\\/2024\\\/10\\\/cropped-cropped-escapada-rural-icon-mag-3.png\",\"width\":512,\"height\":512,\"caption\":\"EscapadaRural\"},\"image\":{\"@id\":\"https:\\\/\\\/www.escapadarural.com\\\/blog\\\/#\\\/schema\\\/logo\\\/image\\\/\"},\"sameAs\":[\"https:\\\/\\\/www.facebook.com\\\/escapadarural\",\"https:\\\/\\\/www.instagram.com\\\/escapadarural\\\/\",\"https:\\\/\\\/www.youtube.com\\\/@escapadaruralcom\"]},{\"@type\":\"Person\",\"@id\":\"https:\\\/\\\/www.escapadarural.com\\\/blog\\\/#\\\/schema\\\/person\\\/42dfdff6118172efc6a04c8ae599a2ce\",\"name\":\"Carmen L\u00f3pez\",\"image\":{\"@type\":\"ImageObject\",\"inLanguage\":\"es\",\"@id\":\"https:\\\/\\\/www.escapadarural.com\\\/blog\\\/wp-content\\\/uploads\\\/2024\\\/11\\\/cropped-perfil_eldiario-96x96-1-96x96.jpeg\",\"url\":\"https:\\\/\\\/www.escapadarural.com\\\/blog\\\/wp-content\\\/uploads\\\/2024\\\/11\\\/cropped-perfil_eldiario-96x96-1-96x96.jpeg\",\"contentUrl\":\"https:\\\/\\\/www.escapadarural.com\\\/blog\\\/wp-content\\\/uploads\\\/2024\\\/11\\\/cropped-perfil_eldiario-96x96-1-96x96.jpeg\",\"caption\":\"Carmen L\u00f3pez\"},\"description\":\"Soy periodista y escribo sobre cosas que importan en sitios que interesan desde hace m\u00e1s de una d\u00e9cada.\",\"url\":\"https:\\\/\\\/www.escapadarural.com\\\/blog\\\/autor\\\/carmenlopez\\\/\"}]}<\/script>\n<!-- \/ Yoast SEO plugin. -->","yoast_head_json":{"title":"\u00bfQu\u00e9 son las masas de agua? Desc\u00fabrelas en las Azores - EscapadaRural","robots":{"index":"index","follow":"follow","max-snippet":"max-snippet:-1","max-image-preview":"max-image-preview:large","max-video-preview":"max-video-preview:-1"},"canonical":"https:\/\/www.escapadarural.com\/blog\/que-son-las-masas-de-agua-descubrelas-en-las-azores\/","og_locale":"es_ES","og_type":"article","og_title":"\u00bfQu\u00e9 son las masas de agua? Desc\u00fabrelas en las Azores - EscapadaRural","og_description":"Este archipi\u00e9lago formado por nueve islas es una comunidad aut\u00f3noma de Portugal desde 1976. Su historia empieza a mediados de la Edad Media, cuando el navegante portugu\u00e9s Diogo de Silves se topa con ellas y decide que ha sido un descubrimiento. Por supuesto, no es que se originasen en esa fecha, sino que hasta que llegaron los colonizadores europeos estaban despobladas.","og_url":"https:\/\/www.escapadarural.com\/blog\/que-son-las-masas-de-agua-descubrelas-en-las-azores\/","og_site_name":"Magazine de viajes de EscapadaRural","article_publisher":"https:\/\/www.facebook.com\/escapadarural","article_published_time":"2019-04-05T09:30:26+00:00","article_modified_time":"2025-04-14T14:55:22+00:00","og_image":[{"width":1024,"height":582,"url":"https:\/\/www.escapadarural.com\/blog\/wp-content\/uploads\/2024\/10\/azores22-1-1.jpg","type":"image\/jpeg"}],"author":"Carmen L\u00f3pez","twitter_card":"summary_large_image","twitter_misc":{"Escrito por":"Carmen L\u00f3pez","Tiempo de lectura":"6 minutos"},"schema":{"@context":"https:\/\/schema.org","@graph":[{"@type":"Article","@id":"https:\/\/www.escapadarural.com\/blog\/que-son-las-masas-de-agua-descubrelas-en-las-azores\/#article","isPartOf":{"@id":"https:\/\/www.escapadarural.com\/blog\/que-son-las-masas-de-agua-descubrelas-en-las-azores\/"},"author":{"name":"Carmen L\u00f3pez","@id":"https:\/\/www.escapadarural.com\/blog\/#\/schema\/person\/42dfdff6118172efc6a04c8ae599a2ce"},"headline":"\u00bfQu\u00e9 son las masas de agua? Desc\u00fabrelas en las Azores","datePublished":"2019-04-05T09:30:26+00:00","dateModified":"2025-04-14T14:55:22+00:00","mainEntityOfPage":{"@id":"https:\/\/www.escapadarural.com\/blog\/que-son-las-masas-de-agua-descubrelas-en-las-azores\/"},"wordCount":1118,"commentCount":0,"publisher":{"@id":"https:\/\/www.escapadarural.com\/blog\/#organization"},"image":{"@id":"https:\/\/www.escapadarural.com\/blog\/que-son-las-masas-de-agua-descubrelas-en-las-azores\/#primaryimage"},"thumbnailUrl":"https:\/\/www.escapadarural.com\/blog\/wp-content\/uploads\/2024\/10\/azores22-1-1.jpg","keywords":["Azores","Caldeira Velha","Faj\u00e2 Grande","Furna do Enxofre","Islas","Lago das Sete Cidades","Lagoa do Fogo","Lagunas de Caldeir\u00e3o do Corvo","Listado","portugal","Salto do Prego"],"articleSection":["Destinos"],"inLanguage":"es","potentialAction":[{"@type":"CommentAction","name":"Comment","target":["https:\/\/www.escapadarural.com\/blog\/que-son-las-masas-de-agua-descubrelas-en-las-azores\/#respond"]}]},{"@type":"WebPage","@id":"https:\/\/www.escapadarural.com\/blog\/que-son-las-masas-de-agua-descubrelas-en-las-azores\/","url":"https:\/\/www.escapadarural.com\/blog\/que-son-las-masas-de-agua-descubrelas-en-las-azores\/","name":"\u00bfQu\u00e9 son las masas de agua? Desc\u00fabrelas en las Azores - EscapadaRural","isPartOf":{"@id":"https:\/\/www.escapadarural.com\/blog\/#website"},"primaryImageOfPage":{"@id":"https:\/\/www.escapadarural.com\/blog\/que-son-las-masas-de-agua-descubrelas-en-las-azores\/#primaryimage"},"image":{"@id":"https:\/\/www.escapadarural.com\/blog\/que-son-las-masas-de-agua-descubrelas-en-las-azores\/#primaryimage"},"thumbnailUrl":"https:\/\/www.escapadarural.com\/blog\/wp-content\/uploads\/2024\/10\/azores22-1-1.jpg","datePublished":"2019-04-05T09:30:26+00:00","dateModified":"2025-04-14T14:55:22+00:00","breadcrumb":{"@id":"https:\/\/www.escapadarural.com\/blog\/que-son-las-masas-de-agua-descubrelas-en-las-azores\/#breadcrumb"},"inLanguage":"es","potentialAction":[{"@type":"ReadAction","target":["https:\/\/www.escapadarural.com\/blog\/que-son-las-masas-de-agua-descubrelas-en-las-azores\/"]}]},{"@type":"ImageObject","inLanguage":"es","@id":"https:\/\/www.escapadarural.com\/blog\/que-son-las-masas-de-agua-descubrelas-en-las-azores\/#primaryimage","url":"https:\/\/www.escapadarural.com\/blog\/wp-content\/uploads\/2024\/10\/azores22-1-1.jpg","contentUrl":"https:\/\/www.escapadarural.com\/blog\/wp-content\/uploads\/2024\/10\/azores22-1-1.jpg","width":1024,"height":582,"caption":"Un exuberante y verde lago volc\u00e1nico en un cr\u00e1ter rodeado de colinas ondulantes y carreteras sinuosas bajo un cielo parcialmente nublado, con monta\u00f1as lejanas y un lago azul visibles al fondo."},{"@type":"BreadcrumbList","@id":"https:\/\/www.escapadarural.com\/blog\/que-son-las-masas-de-agua-descubrelas-en-las-azores\/#breadcrumb","itemListElement":[{"@type":"ListItem","position":1,"name":"Inicio","item":"https:\/\/www.escapadarural.com\/blog\/"},{"@type":"ListItem","position":2,"name":"Destinos","item":"https:\/\/www.escapadarural.com\/blog\/categoria\/destinos\/"},{"@type":"ListItem","position":3,"name":"\u00bfQu\u00e9 son las masas de agua? Desc\u00fabrelas en las Azores"}]},{"@type":"WebSite","@id":"https:\/\/www.escapadarural.com\/blog\/#website","url":"https:\/\/www.escapadarural.com\/blog\/","name":"Blog de viajes | turismo rural, alojamientos e inspiraci\u00f3n","description":"Alojamientos rurales e inspiraci\u00f3n para tus escapadas","publisher":{"@id":"https:\/\/www.escapadarural.com\/blog\/#organization"},"alternateName":"Magazine de viajes de EscapadaRural","potentialAction":[{"@type":"SearchAction","target":{"@type":"EntryPoint","urlTemplate":"https:\/\/www.escapadarural.com\/blog\/?s={search_term_string}"},"query-input":{"@type":"PropertyValueSpecification","valueRequired":true,"valueName":"search_term_string"}}],"inLanguage":"es"},{"@type":"Organization","@id":"https:\/\/www.escapadarural.com\/blog\/#organization","name":"EscapadaRural","url":"https:\/\/www.escapadarural.com\/blog\/","logo":{"@type":"ImageObject","inLanguage":"es","@id":"https:\/\/www.escapadarural.com\/blog\/#\/schema\/logo\/image\/","url":"https:\/\/www.escapadarural.com\/blog\/wp-content\/uploads\/2024\/10\/cropped-cropped-escapada-rural-icon-mag-3.png","contentUrl":"https:\/\/www.escapadarural.com\/blog\/wp-content\/uploads\/2024\/10\/cropped-cropped-escapada-rural-icon-mag-3.png","width":512,"height":512,"caption":"EscapadaRural"},"image":{"@id":"https:\/\/www.escapadarural.com\/blog\/#\/schema\/logo\/image\/"},"sameAs":["https:\/\/www.facebook.com\/escapadarural","https:\/\/www.instagram.com\/escapadarural\/","https:\/\/www.youtube.com\/@escapadaruralcom"]},{"@type":"Person","@id":"https:\/\/www.escapadarural.com\/blog\/#\/schema\/person\/42dfdff6118172efc6a04c8ae599a2ce","name":"Carmen L\u00f3pez","image":{"@type":"ImageObject","inLanguage":"es","@id":"https:\/\/www.escapadarural.com\/blog\/wp-content\/uploads\/2024\/11\/cropped-perfil_eldiario-96x96-1-96x96.jpeg","url":"https:\/\/www.escapadarural.com\/blog\/wp-content\/uploads\/2024\/11\/cropped-perfil_eldiario-96x96-1-96x96.jpeg","contentUrl":"https:\/\/www.escapadarural.com\/blog\/wp-content\/uploads\/2024\/11\/cropped-perfil_eldiario-96x96-1-96x96.jpeg","caption":"Carmen L\u00f3pez"},"description":"Soy periodista y escribo sobre cosas que importan en sitios que interesan desde hace m\u00e1s de una d\u00e9cada.","url":"https:\/\/www.escapadarural.com\/blog\/autor\/carmenlopez\/"}]}},"_links":{"self":[{"href":"https:\/\/www.escapadarural.com\/blog\/wp-json\/wp\/v2\/posts\/11144","targetHints":{"allow":["GET"]}}],"collection":[{"href":"https:\/\/www.escapadarural.com\/blog\/wp-json\/wp\/v2\/posts"}],"about":[{"href":"https:\/\/www.escapadarural.com\/blog\/wp-json\/wp\/v2\/types\/post"}],"author":[{"embeddable":true,"href":"https:\/\/www.escapadarural.com\/blog\/wp-json\/wp\/v2\/users\/114"}],"replies":[{"embeddable":true,"href":"https:\/\/www.escapadarural.com\/blog\/wp-json\/wp\/v2\/comments?post=11144"}],"version-history":[{"count":0,"href":"https:\/\/www.escapadarural.com\/blog\/wp-json\/wp\/v2\/posts\/11144\/revisions"}],"wp:featuredmedia":[{"embeddable":true,"href":"https:\/\/www.escapadarural.com\/blog\/wp-json\/wp\/v2\/media\/103625"}],"wp:attachment":[{"href":"https:\/\/www.escapadarural.com\/blog\/wp-json\/wp\/v2\/media?parent=11144"}],"wp:term":[{"taxonomy":"category","embeddable":true,"href":"https:\/\/www.escapadarural.com\/blog\/wp-json\/wp\/v2\/categories?post=11144"},{"taxonomy":"post_tag","embeddable":true,"href":"https:\/\/www.escapadarural.com\/blog\/wp-json\/wp\/v2\/tags?post=11144"}],"curies":[{"name":"wp","href":"https:\/\/api.w.org\/{rel}","templated":true}]}}