{"id":1129,"date":"2022-04-26T10:10:00","date_gmt":"2022-04-26T09:10:00","guid":{"rendered":"http:\/\/15.188.81.248\/2014\/08\/11\/urederra-la-fuerza-del-agua\/"},"modified":"2026-02-06T10:19:41","modified_gmt":"2026-02-06T09:19:41","slug":"urederra-la-fuerza-del-agua","status":"publish","type":"post","link":"https:\/\/www.escapadarural.com\/blog\/urederra-la-fuerza-del-agua\/","title":{"rendered":"Urederra, el para\u00edso turquesa de Navarra"},"content":{"rendered":"\n<p>Si los romanos pudieron levantar hermosos anfiteatros, \u00bfc\u00f3mo no va a conseguirlo la naturaleza? Y as\u00ed ha sido en el lugar que hoy os sugerimos: el nacedero del r\u00edo Urederra, dentro del <a href=\"https:\/\/www.escapadarural.com\/casas-rurales\/urbasa-andia\" class=\"rank-math-link\">Parque Natural de Urbasa y And\u00eda<\/a>, en <a href=\"https:\/\/www.escapadarural.com\/casas-rurales\/navarra\" class=\"rank-math-link\">Navarra<\/a>.<\/p>\n\n\n\n<p>El <strong>nacedero del Urederra<\/strong> es la v\u00eda de salida del acu\u00edfero que se forma en el macizo de Urbasa. En su lucha por abrirse paso, el r\u00edo se amansa en un peque\u00f1o anfiteatro rocoso y nos ha dejado uno de los paisajes m\u00e1s espectaculares del Comunidad Foral y de Espa\u00f1a entera.<\/p>\n\n\n\n<figure class=\"wp-block-image size-large\"><a href=\"https:\/\/www.escapadarural.com\/blog\/wp-content\/uploads\/2022\/04\/Nacedero-Urederra-1.jpg\"><img decoding=\"async\" src=\"https:\/\/www.escapadarural.com\/blog\/wp-content\/uploads\/2022\/04\/Nacedero-Urederra-1.jpg\" alt=\"Nacedero Urederra\" class=\"wp-image-32979\"\/><\/a><figcaption class=\"wp-element-caption\">Nacedero del Urederra. Por M. Bascaran <\/figcaption><\/figure>\n\n\n\n<blockquote class=\"wp-block-quote is-layout-flow wp-block-quote-is-layout-flow\">\n<p>Urederra significa \u00abagua bonita\u00bb en Euskera (Ur ederra)<\/p>\n<\/blockquote>\n\n\n\n<p>Popularmente se conoce como nacedero el lugar donde brota este manantial del r\u00edo Urederra. El <strong>azul turquesa<\/strong>, el paraje natural y las pozas han conformado una imagen de cuento fant\u00e1stico en el imaginario de los visitantes. Si apareciese un hada en el lugar, nadie se sorprender\u00eda. De hecho, muy cerca se encuentra el Bosque encantado de Urbasa. <\/p>\n\n\n\n<h2 class=\"wp-block-heading\" id=\"h-el-nacedero-del-urederra\"><strong>El nacedero del Urederra<\/strong><\/h2>\n\n\n\n<figure class=\"wp-block-image size-large\"><a href=\"https:\/\/www.escapadarural.com\/blog\/wp-content\/uploads\/Urederra_9-2007-scaled.jpg\"><img decoding=\"async\" src=\"https:\/\/www.escapadarural.com\/blog\/wp-content\/uploads\/2022\/04\/Urederra_9-2007-1024x768-1.jpg\" alt=\"Nacedero del Urederra\" class=\"wp-image-50893\"\/><\/a><figcaption class=\"wp-element-caption\">Nacedero del Urederra. Por Barasoaindarra<\/figcaption><\/figure>\n\n\n\n<p>La pared mide cerca de&nbsp;<strong>900 metros de altitud<\/strong>. Hacia los 630 metros viene el cauce del r\u00edo por el interior de este macizo k\u00e1rstico y rompe la roca, brotando de s\u00fabito. La ca\u00edda es espectacular, y el paisaje formado un idilio.<\/p>\n\n\n\n<p>El conjunto ocupa&nbsp;<strong>119 hect\u00e1reas<\/strong>. Desde el 1987 este espacio est\u00e1 protegido por la Comunidad Foral de&nbsp;<strong>Navarra<\/strong>&nbsp;bajo la etiqueta de Reserva Natural. Tambi\u00e9n est\u00e1 declarado Lugar de Importancia Comunitaria, por lo que opta a entrar en la lista de la Red Natura 2000.<\/p>\n\n\n\n<p>Su belleza impacta, pero todav\u00eda son m\u00e1s importantes los delicados ecosistemas que se han ido configurando a orillas del Urederra y en su entorno, que tambi\u00e9n participan de su cuenca hidrogr\u00e1fica. La Reserva Natural del Urederra comprende una superficie de 119 hect\u00e1reas. El r\u00edo recorre 19 kil\u00f3metros hasta confundir sus aguas con las del Ega, afluente tributario del r\u00edo Ebro.<\/p>\n\n\n\n<p>El nacedero del Urederra se ubica en el interior del Parque Natural de Urbasa y And\u00eda, un espacio dominado por los <strong>bosques<\/strong> de hayas y los pastos que ocupa 20.949,40 hect\u00e1reas. Los valores naturales del espacio natural conviven con los hist\u00f3ricos por el patrimonio megal\u00edtico que guarda, como el dolmen del Puerto Viejo de Baquedano y el t\u00famulo de Surgaina. Tambi\u00e9n la ganader\u00eda y las <strong>tradiciones culturales<\/strong> todav\u00eda forman parte del encanto del lugar.<\/p>\n\n\n\n<p>En la zona destaca su variada y rica fauna. Es f\u00e1cil poder avistar algunas aves como buitres, halcones, alimoches, etc. En su orilla se puede ver el mirlo acu\u00e1tico y en cuanto a mam\u00edferos, en el parque habitan jabal\u00edes, tejones y el gato mont\u00e9s. <\/p>\n\n\n\n<h2 class=\"wp-block-heading\" id=\"h-como-llegar-al-nacedero-del-urederra\">C\u00f3mo llegar al nacedero del Urederra<\/h2>\n\n\n\n<figure class=\"wp-block-image size-large\"><a href=\"https:\/\/www.escapadarural.com\/blog\/wp-content\/uploads\/2022\/04\/Reserva_Natural_Urederra_en_Navarra_02.jpg\"><img decoding=\"async\" src=\"https:\/\/www.escapadarural.com\/blog\/wp-content\/uploads\/2022\/04\/Reserva_Natural_Urederra_en_Navarra_02.jpg\" alt=\"Reserva Natural Urederra\" class=\"wp-image-50895\"\/><\/a><figcaption class=\"wp-element-caption\">Reseva Natural del nacedero del Urederra. Por Casa rural Basaula<\/figcaption><\/figure>\n\n\n\n<p>La localidad de <a aria-label=\" (opens in a new tab)\" href=\"https:\/\/www.escapadarural.com\/casas-rurales\/baquedano\" target=\"_blank\" rel=\"noreferrer noopener\" class=\"rank-math-link\"><strong>Baquedano<\/strong><\/a> es el \u00faltimo punto al que llegar con nuestro veh\u00edculo. Desde aqu\u00ed se llega a la reserva del nacedero del Urederra a trav\u00e9s del sendero que parte desde el propio aparcamiento.<\/p>\n\n\n\n<p>Esta es la comarca del <strong>Am\u00e9scoa Baja<\/strong> que une, adem\u00e1s de Baquedano, las poblaciones de Ecala, Gollano, San Mart\u00edn, Zudaire, Bar\u00edndano, Artaza y el caser\u00edo de Urra. <strong>Ba\u00f1arse no est\u00e1 permitido<\/strong>: hay que cuidar un ecosistema tan delicado. Asimismo, el \u00faltimo tramo del trayecto est\u00e1 cerrado para ayudar a su conservaci\u00f3n. <\/p>\n\n\n\n<p>Debido al incremento de visitantes, adem\u00e1s, se ha regulado su acceso. Actualmente el cupo m\u00e1ximo es de 500 personas por d\u00eda.  La entrada es gratuita, aunque es necesario reservar con antelaci\u00f3n. El \u00fanico pago que se requiere es el del aparcamiento de Baquedano, que va desde los 2 euros las motos, 5 euros los coches y 10 euros las autocaravanas. <\/p>\n\n\n\n<p>M\u00e1s informaci\u00f3n | Reserva Natural del Nacedero del r\u00edo Urederra<\/p>\n\n\n\n<div class=\"wp-block-buttons is-layout-flex wp-block-buttons-is-layout-flex\">\n<div class=\"wp-block-button\"><a class=\"wp-block-button__link wp-element-button\" href=\"https:\/\/www.escapadarural.com\/casas-rurales\/urbasa-andia\">Casas rurales en Urbasa-And\u00eda<\/a><\/div>\n<\/div>\n","protected":false},"excerpt":{"rendered":"<p>El azul turquesa, el paraje natural y las pozas del nacedero del r\u00edo Urederra han conformado una imagen de cuento fant\u00e1stico en el imaginario de los visitantes.<\/p>\n","protected":false},"author":85,"featured_media":95615,"comment_status":"open","ping_status":"closed","sticky":false,"template":"","format":"standard","meta":{"_acf_changed":false,"om_disable_all_campaigns":false,"footnotes":""},"categories":[191],"tags":[3973,260,299,6764,3655,421,3974,866,2516,493],"class_list":["post-1129","post","type-post","status-publish","format-standard","has-post-thumbnail","hentry","category-destinos","tag-andia","tag-articulo","tag-cascada","tag-imprescindibles","tag-imprescindibles-de-navarra","tag-que-ver-en-navarra","tag-parque-natura","tag-parques-naturales","tag-urbasa","tag-urederra"],"acf":[],"featured_image_src":"https:\/\/www.escapadarural.com\/blog\/wp-content\/uploads\/2024\/10\/Nacedero-del-Urederra_Francis-Vaquero_Turismo-de-Navarra-1024x576-1.jpg","author_info":{"display_name":"Redacci\u00f3n ER","author_link":"https:\/\/www.escapadarural.com\/blog\/autor\/admin\/"},"yoast_head":"<!-- This site is optimized with the Yoast SEO plugin v27.5 - https:\/\/yoast.com\/product\/yoast-seo-wordpress\/ -->\n<title>Urederra, el para\u00edso turquesa de Navarra - EscapadaRural<\/title>\n<meta name=\"robots\" content=\"index, follow, max-snippet:-1, max-image-preview:large, max-video-preview:-1\" \/>\n<link rel=\"canonical\" href=\"https:\/\/www.escapadarural.com\/blog\/urederra-la-fuerza-del-agua\/\" \/>\n<meta property=\"og:locale\" content=\"es_ES\" \/>\n<meta property=\"og:type\" content=\"article\" \/>\n<meta property=\"og:title\" content=\"Urederra, el para\u00edso turquesa de Navarra - EscapadaRural\" \/>\n<meta property=\"og:description\" content=\"El azul turquesa, el paraje natural y las pozas del nacedero del r\u00edo Urederra han conformado una imagen de cuento fant\u00e1stico en el imaginario de los visitantes.\" \/>\n<meta property=\"og:url\" content=\"https:\/\/www.escapadarural.com\/blog\/urederra-la-fuerza-del-agua\/\" \/>\n<meta property=\"og:site_name\" content=\"Magazine de viajes de EscapadaRural\" \/>\n<meta property=\"article:publisher\" content=\"https:\/\/www.facebook.com\/escapadarural\" \/>\n<meta property=\"article:published_time\" content=\"2022-04-26T09:10:00+00:00\" \/>\n<meta property=\"article:modified_time\" content=\"2026-02-06T09:19:41+00:00\" \/>\n<meta property=\"og:image\" content=\"https:\/\/www.escapadarural.com\/blog\/wp-content\/uploads\/2024\/10\/Nacedero-del-Urederra_Francis-Vaquero_Turismo-de-Navarra-1024x576-1.jpg\" \/>\n\t<meta property=\"og:image:width\" content=\"1024\" \/>\n\t<meta property=\"og:image:height\" content=\"576\" \/>\n\t<meta property=\"og:image:type\" content=\"image\/jpeg\" \/>\n<meta name=\"author\" content=\"Redacci\u00f3n ER\" \/>\n<meta name=\"twitter:card\" content=\"summary_large_image\" \/>\n<meta name=\"twitter:label1\" content=\"Escrito por\" \/>\n\t<meta name=\"twitter:data1\" content=\"Redacci\u00f3n ER\" \/>\n\t<meta name=\"twitter:label2\" content=\"Tiempo de lectura\" \/>\n\t<meta name=\"twitter:data2\" content=\"4 minutos\" \/>\n<script type=\"application\/ld+json\" class=\"yoast-schema-graph\">{\"@context\":\"https:\\\/\\\/schema.org\",\"@graph\":[{\"@type\":\"Article\",\"@id\":\"https:\\\/\\\/www.escapadarural.com\\\/blog\\\/urederra-la-fuerza-del-agua\\\/#article\",\"isPartOf\":{\"@id\":\"https:\\\/\\\/www.escapadarural.com\\\/blog\\\/urederra-la-fuerza-del-agua\\\/\"},\"author\":{\"name\":\"Redacci\u00f3n ER\",\"@id\":\"https:\\\/\\\/www.escapadarural.com\\\/blog\\\/#\\\/schema\\\/person\\\/bd5b0d7ad308a0bf4efed73e8308b4fa\"},\"headline\":\"Urederra, el para\u00edso turquesa de Navarra\",\"datePublished\":\"2022-04-26T09:10:00+00:00\",\"dateModified\":\"2026-02-06T09:19:41+00:00\",\"mainEntityOfPage\":{\"@id\":\"https:\\\/\\\/www.escapadarural.com\\\/blog\\\/urederra-la-fuerza-del-agua\\\/\"},\"wordCount\":667,\"commentCount\":17,\"publisher\":{\"@id\":\"https:\\\/\\\/www.escapadarural.com\\\/blog\\\/#organization\"},\"image\":{\"@id\":\"https:\\\/\\\/www.escapadarural.com\\\/blog\\\/urederra-la-fuerza-del-agua\\\/#primaryimage\"},\"thumbnailUrl\":\"https:\\\/\\\/www.escapadarural.com\\\/blog\\\/wp-content\\\/uploads\\\/2024\\\/10\\\/Nacedero-del-Urederra_Francis-Vaquero_Turismo-de-Navarra-1024x576-1.jpg\",\"keywords\":[\"And\u00eda\",\"art\u00edculo\",\"Cascada\",\"Imprescindibles\",\"Imprescindibles de Navarra\",\"Navarra\",\"Parque Natura\",\"Parques Naturales\",\"Urbasa\",\"Urederra\"],\"articleSection\":[\"Destinos\"],\"inLanguage\":\"es\",\"potentialAction\":[{\"@type\":\"CommentAction\",\"name\":\"Comment\",\"target\":[\"https:\\\/\\\/www.escapadarural.com\\\/blog\\\/urederra-la-fuerza-del-agua\\\/#respond\"]}]},{\"@type\":\"WebPage\",\"@id\":\"https:\\\/\\\/www.escapadarural.com\\\/blog\\\/urederra-la-fuerza-del-agua\\\/\",\"url\":\"https:\\\/\\\/www.escapadarural.com\\\/blog\\\/urederra-la-fuerza-del-agua\\\/\",\"name\":\"Urederra, el para\u00edso turquesa de Navarra - EscapadaRural\",\"isPartOf\":{\"@id\":\"https:\\\/\\\/www.escapadarural.com\\\/blog\\\/#website\"},\"primaryImageOfPage\":{\"@id\":\"https:\\\/\\\/www.escapadarural.com\\\/blog\\\/urederra-la-fuerza-del-agua\\\/#primaryimage\"},\"image\":{\"@id\":\"https:\\\/\\\/www.escapadarural.com\\\/blog\\\/urederra-la-fuerza-del-agua\\\/#primaryimage\"},\"thumbnailUrl\":\"https:\\\/\\\/www.escapadarural.com\\\/blog\\\/wp-content\\\/uploads\\\/2024\\\/10\\\/Nacedero-del-Urederra_Francis-Vaquero_Turismo-de-Navarra-1024x576-1.jpg\",\"datePublished\":\"2022-04-26T09:10:00+00:00\",\"dateModified\":\"2026-02-06T09:19:41+00:00\",\"breadcrumb\":{\"@id\":\"https:\\\/\\\/www.escapadarural.com\\\/blog\\\/urederra-la-fuerza-del-agua\\\/#breadcrumb\"},\"inLanguage\":\"es\",\"potentialAction\":[{\"@type\":\"ReadAction\",\"target\":[\"https:\\\/\\\/www.escapadarural.com\\\/blog\\\/urederra-la-fuerza-del-agua\\\/\"]}]},{\"@type\":\"ImageObject\",\"inLanguage\":\"es\",\"@id\":\"https:\\\/\\\/www.escapadarural.com\\\/blog\\\/urederra-la-fuerza-del-agua\\\/#primaryimage\",\"url\":\"https:\\\/\\\/www.escapadarural.com\\\/blog\\\/wp-content\\\/uploads\\\/2024\\\/10\\\/Nacedero-del-Urederra_Francis-Vaquero_Turismo-de-Navarra-1024x576-1.jpg\",\"contentUrl\":\"https:\\\/\\\/www.escapadarural.com\\\/blog\\\/wp-content\\\/uploads\\\/2024\\\/10\\\/Nacedero-del-Urederra_Francis-Vaquero_Turismo-de-Navarra-1024x576-1.jpg\",\"width\":1024,\"height\":576,\"caption\":\"Nacedero de Urederra\"},{\"@type\":\"BreadcrumbList\",\"@id\":\"https:\\\/\\\/www.escapadarural.com\\\/blog\\\/urederra-la-fuerza-del-agua\\\/#breadcrumb\",\"itemListElement\":[{\"@type\":\"ListItem\",\"position\":1,\"name\":\"Inicio\",\"item\":\"https:\\\/\\\/www.escapadarural.com\\\/blog\\\/\"},{\"@type\":\"ListItem\",\"position\":2,\"name\":\"Destinos\",\"item\":\"https:\\\/\\\/www.escapadarural.com\\\/blog\\\/categoria\\\/destinos\\\/\"},{\"@type\":\"ListItem\",\"position\":3,\"name\":\"Urederra, el para\u00edso turquesa de Navarra\"}]},{\"@type\":\"WebSite\",\"@id\":\"https:\\\/\\\/www.escapadarural.com\\\/blog\\\/#website\",\"url\":\"https:\\\/\\\/www.escapadarural.com\\\/blog\\\/\",\"name\":\"Blog de viajes | turismo rural, alojamientos e inspiraci\u00f3n\",\"description\":\"Alojamientos rurales e inspiraci\u00f3n para tus escapadas\",\"publisher\":{\"@id\":\"https:\\\/\\\/www.escapadarural.com\\\/blog\\\/#organization\"},\"alternateName\":\"Magazine de viajes de EscapadaRural\",\"potentialAction\":[{\"@type\":\"SearchAction\",\"target\":{\"@type\":\"EntryPoint\",\"urlTemplate\":\"https:\\\/\\\/www.escapadarural.com\\\/blog\\\/?s={search_term_string}\"},\"query-input\":{\"@type\":\"PropertyValueSpecification\",\"valueRequired\":true,\"valueName\":\"search_term_string\"}}],\"inLanguage\":\"es\"},{\"@type\":\"Organization\",\"@id\":\"https:\\\/\\\/www.escapadarural.com\\\/blog\\\/#organization\",\"name\":\"EscapadaRural\",\"url\":\"https:\\\/\\\/www.escapadarural.com\\\/blog\\\/\",\"logo\":{\"@type\":\"ImageObject\",\"inLanguage\":\"es\",\"@id\":\"https:\\\/\\\/www.escapadarural.com\\\/blog\\\/#\\\/schema\\\/logo\\\/image\\\/\",\"url\":\"https:\\\/\\\/www.escapadarural.com\\\/blog\\\/wp-content\\\/uploads\\\/2024\\\/10\\\/cropped-cropped-escapada-rural-icon-mag-3.png\",\"contentUrl\":\"https:\\\/\\\/www.escapadarural.com\\\/blog\\\/wp-content\\\/uploads\\\/2024\\\/10\\\/cropped-cropped-escapada-rural-icon-mag-3.png\",\"width\":512,\"height\":512,\"caption\":\"EscapadaRural\"},\"image\":{\"@id\":\"https:\\\/\\\/www.escapadarural.com\\\/blog\\\/#\\\/schema\\\/logo\\\/image\\\/\"},\"sameAs\":[\"https:\\\/\\\/www.facebook.com\\\/escapadarural\",\"https:\\\/\\\/www.instagram.com\\\/escapadarural\\\/\",\"https:\\\/\\\/www.youtube.com\\\/@escapadaruralcom\"]},{\"@type\":\"Person\",\"@id\":\"https:\\\/\\\/www.escapadarural.com\\\/blog\\\/#\\\/schema\\\/person\\\/bd5b0d7ad308a0bf4efed73e8308b4fa\",\"name\":\"Redacci\u00f3n ER\",\"image\":{\"@type\":\"ImageObject\",\"inLanguage\":\"es\",\"@id\":\"https:\\\/\\\/www.escapadarural.com\\\/blog\\\/wp-content\\\/uploads\\\/2024\\\/10\\\/cropped-cropped-escapada-rural-icon-mag-3-96x96.png\",\"url\":\"https:\\\/\\\/www.escapadarural.com\\\/blog\\\/wp-content\\\/uploads\\\/2024\\\/10\\\/cropped-cropped-escapada-rural-icon-mag-3-96x96.png\",\"contentUrl\":\"https:\\\/\\\/www.escapadarural.com\\\/blog\\\/wp-content\\\/uploads\\\/2024\\\/10\\\/cropped-cropped-escapada-rural-icon-mag-3-96x96.png\",\"caption\":\"Redacci\u00f3n ER\"},\"description\":\"Nos encanta inspirar a viajeros y ayudar a los propietarios con nuestros contenidos\",\"url\":\"https:\\\/\\\/www.escapadarural.com\\\/blog\\\/autor\\\/admin\\\/\"}]}<\/script>\n<!-- \/ Yoast SEO plugin. -->","yoast_head_json":{"title":"Urederra, el para\u00edso turquesa de Navarra - EscapadaRural","robots":{"index":"index","follow":"follow","max-snippet":"max-snippet:-1","max-image-preview":"max-image-preview:large","max-video-preview":"max-video-preview:-1"},"canonical":"https:\/\/www.escapadarural.com\/blog\/urederra-la-fuerza-del-agua\/","og_locale":"es_ES","og_type":"article","og_title":"Urederra, el para\u00edso turquesa de Navarra - EscapadaRural","og_description":"El azul turquesa, el paraje natural y las pozas del nacedero del r\u00edo Urederra han conformado una imagen de cuento fant\u00e1stico en el imaginario de los visitantes.","og_url":"https:\/\/www.escapadarural.com\/blog\/urederra-la-fuerza-del-agua\/","og_site_name":"Magazine de viajes de EscapadaRural","article_publisher":"https:\/\/www.facebook.com\/escapadarural","article_published_time":"2022-04-26T09:10:00+00:00","article_modified_time":"2026-02-06T09:19:41+00:00","og_image":[{"width":1024,"height":576,"url":"https:\/\/www.escapadarural.com\/blog\/wp-content\/uploads\/2024\/10\/Nacedero-del-Urederra_Francis-Vaquero_Turismo-de-Navarra-1024x576-1.jpg","type":"image\/jpeg"}],"author":"Redacci\u00f3n ER","twitter_card":"summary_large_image","twitter_misc":{"Escrito por":"Redacci\u00f3n ER","Tiempo de lectura":"4 minutos"},"schema":{"@context":"https:\/\/schema.org","@graph":[{"@type":"Article","@id":"https:\/\/www.escapadarural.com\/blog\/urederra-la-fuerza-del-agua\/#article","isPartOf":{"@id":"https:\/\/www.escapadarural.com\/blog\/urederra-la-fuerza-del-agua\/"},"author":{"name":"Redacci\u00f3n ER","@id":"https:\/\/www.escapadarural.com\/blog\/#\/schema\/person\/bd5b0d7ad308a0bf4efed73e8308b4fa"},"headline":"Urederra, el para\u00edso turquesa de Navarra","datePublished":"2022-04-26T09:10:00+00:00","dateModified":"2026-02-06T09:19:41+00:00","mainEntityOfPage":{"@id":"https:\/\/www.escapadarural.com\/blog\/urederra-la-fuerza-del-agua\/"},"wordCount":667,"commentCount":17,"publisher":{"@id":"https:\/\/www.escapadarural.com\/blog\/#organization"},"image":{"@id":"https:\/\/www.escapadarural.com\/blog\/urederra-la-fuerza-del-agua\/#primaryimage"},"thumbnailUrl":"https:\/\/www.escapadarural.com\/blog\/wp-content\/uploads\/2024\/10\/Nacedero-del-Urederra_Francis-Vaquero_Turismo-de-Navarra-1024x576-1.jpg","keywords":["And\u00eda","art\u00edculo","Cascada","Imprescindibles","Imprescindibles de Navarra","Navarra","Parque Natura","Parques Naturales","Urbasa","Urederra"],"articleSection":["Destinos"],"inLanguage":"es","potentialAction":[{"@type":"CommentAction","name":"Comment","target":["https:\/\/www.escapadarural.com\/blog\/urederra-la-fuerza-del-agua\/#respond"]}]},{"@type":"WebPage","@id":"https:\/\/www.escapadarural.com\/blog\/urederra-la-fuerza-del-agua\/","url":"https:\/\/www.escapadarural.com\/blog\/urederra-la-fuerza-del-agua\/","name":"Urederra, el para\u00edso turquesa de Navarra - EscapadaRural","isPartOf":{"@id":"https:\/\/www.escapadarural.com\/blog\/#website"},"primaryImageOfPage":{"@id":"https:\/\/www.escapadarural.com\/blog\/urederra-la-fuerza-del-agua\/#primaryimage"},"image":{"@id":"https:\/\/www.escapadarural.com\/blog\/urederra-la-fuerza-del-agua\/#primaryimage"},"thumbnailUrl":"https:\/\/www.escapadarural.com\/blog\/wp-content\/uploads\/2024\/10\/Nacedero-del-Urederra_Francis-Vaquero_Turismo-de-Navarra-1024x576-1.jpg","datePublished":"2022-04-26T09:10:00+00:00","dateModified":"2026-02-06T09:19:41+00:00","breadcrumb":{"@id":"https:\/\/www.escapadarural.com\/blog\/urederra-la-fuerza-del-agua\/#breadcrumb"},"inLanguage":"es","potentialAction":[{"@type":"ReadAction","target":["https:\/\/www.escapadarural.com\/blog\/urederra-la-fuerza-del-agua\/"]}]},{"@type":"ImageObject","inLanguage":"es","@id":"https:\/\/www.escapadarural.com\/blog\/urederra-la-fuerza-del-agua\/#primaryimage","url":"https:\/\/www.escapadarural.com\/blog\/wp-content\/uploads\/2024\/10\/Nacedero-del-Urederra_Francis-Vaquero_Turismo-de-Navarra-1024x576-1.jpg","contentUrl":"https:\/\/www.escapadarural.com\/blog\/wp-content\/uploads\/2024\/10\/Nacedero-del-Urederra_Francis-Vaquero_Turismo-de-Navarra-1024x576-1.jpg","width":1024,"height":576,"caption":"Nacedero de Urederra"},{"@type":"BreadcrumbList","@id":"https:\/\/www.escapadarural.com\/blog\/urederra-la-fuerza-del-agua\/#breadcrumb","itemListElement":[{"@type":"ListItem","position":1,"name":"Inicio","item":"https:\/\/www.escapadarural.com\/blog\/"},{"@type":"ListItem","position":2,"name":"Destinos","item":"https:\/\/www.escapadarural.com\/blog\/categoria\/destinos\/"},{"@type":"ListItem","position":3,"name":"Urederra, el para\u00edso turquesa de Navarra"}]},{"@type":"WebSite","@id":"https:\/\/www.escapadarural.com\/blog\/#website","url":"https:\/\/www.escapadarural.com\/blog\/","name":"Blog de viajes | turismo rural, alojamientos e inspiraci\u00f3n","description":"Alojamientos rurales e inspiraci\u00f3n para tus escapadas","publisher":{"@id":"https:\/\/www.escapadarural.com\/blog\/#organization"},"alternateName":"Magazine de viajes de EscapadaRural","potentialAction":[{"@type":"SearchAction","target":{"@type":"EntryPoint","urlTemplate":"https:\/\/www.escapadarural.com\/blog\/?s={search_term_string}"},"query-input":{"@type":"PropertyValueSpecification","valueRequired":true,"valueName":"search_term_string"}}],"inLanguage":"es"},{"@type":"Organization","@id":"https:\/\/www.escapadarural.com\/blog\/#organization","name":"EscapadaRural","url":"https:\/\/www.escapadarural.com\/blog\/","logo":{"@type":"ImageObject","inLanguage":"es","@id":"https:\/\/www.escapadarural.com\/blog\/#\/schema\/logo\/image\/","url":"https:\/\/www.escapadarural.com\/blog\/wp-content\/uploads\/2024\/10\/cropped-cropped-escapada-rural-icon-mag-3.png","contentUrl":"https:\/\/www.escapadarural.com\/blog\/wp-content\/uploads\/2024\/10\/cropped-cropped-escapada-rural-icon-mag-3.png","width":512,"height":512,"caption":"EscapadaRural"},"image":{"@id":"https:\/\/www.escapadarural.com\/blog\/#\/schema\/logo\/image\/"},"sameAs":["https:\/\/www.facebook.com\/escapadarural","https:\/\/www.instagram.com\/escapadarural\/","https:\/\/www.youtube.com\/@escapadaruralcom"]},{"@type":"Person","@id":"https:\/\/www.escapadarural.com\/blog\/#\/schema\/person\/bd5b0d7ad308a0bf4efed73e8308b4fa","name":"Redacci\u00f3n ER","image":{"@type":"ImageObject","inLanguage":"es","@id":"https:\/\/www.escapadarural.com\/blog\/wp-content\/uploads\/2024\/10\/cropped-cropped-escapada-rural-icon-mag-3-96x96.png","url":"https:\/\/www.escapadarural.com\/blog\/wp-content\/uploads\/2024\/10\/cropped-cropped-escapada-rural-icon-mag-3-96x96.png","contentUrl":"https:\/\/www.escapadarural.com\/blog\/wp-content\/uploads\/2024\/10\/cropped-cropped-escapada-rural-icon-mag-3-96x96.png","caption":"Redacci\u00f3n ER"},"description":"Nos encanta inspirar a viajeros y ayudar a los propietarios con nuestros contenidos","url":"https:\/\/www.escapadarural.com\/blog\/autor\/admin\/"}]}},"_links":{"self":[{"href":"https:\/\/www.escapadarural.com\/blog\/wp-json\/wp\/v2\/posts\/1129","targetHints":{"allow":["GET"]}}],"collection":[{"href":"https:\/\/www.escapadarural.com\/blog\/wp-json\/wp\/v2\/posts"}],"about":[{"href":"https:\/\/www.escapadarural.com\/blog\/wp-json\/wp\/v2\/types\/post"}],"author":[{"embeddable":true,"href":"https:\/\/www.escapadarural.com\/blog\/wp-json\/wp\/v2\/users\/85"}],"replies":[{"embeddable":true,"href":"https:\/\/www.escapadarural.com\/blog\/wp-json\/wp\/v2\/comments?post=1129"}],"version-history":[{"count":0,"href":"https:\/\/www.escapadarural.com\/blog\/wp-json\/wp\/v2\/posts\/1129\/revisions"}],"wp:featuredmedia":[{"embeddable":true,"href":"https:\/\/www.escapadarural.com\/blog\/wp-json\/wp\/v2\/media\/95615"}],"wp:attachment":[{"href":"https:\/\/www.escapadarural.com\/blog\/wp-json\/wp\/v2\/media?parent=1129"}],"wp:term":[{"taxonomy":"category","embeddable":true,"href":"https:\/\/www.escapadarural.com\/blog\/wp-json\/wp\/v2\/categories?post=1129"},{"taxonomy":"post_tag","embeddable":true,"href":"https:\/\/www.escapadarural.com\/blog\/wp-json\/wp\/v2\/tags?post=1129"}],"curies":[{"name":"wp","href":"https:\/\/api.w.org\/{rel}","templated":true}]}}