{"id":11337,"date":"2021-04-22T08:00:00","date_gmt":"2021-04-22T07:00:00","guid":{"rendered":"http:\/\/15.188.81.248\/2019\/05\/21\/escenarios-de-cuento-de-hadas-en-portugal\/"},"modified":"2025-06-30T11:56:30","modified_gmt":"2025-06-30T09:56:30","slug":"escenarios-de-cuento-de-hadas-en-portugal","status":"publish","type":"post","link":"https:\/\/www.escapadarural.com\/blog\/escenarios-de-cuento-de-hadas-en-portugal\/","title":{"rendered":"5 escenarios de cuento de hadas en Portugal"},"content":{"rendered":"<div class=\"wp-block-image\">\n<figure class=\"aligncenter size-large\"><a href=\"https:\/\/www.escapadarural.com\/blog\/wp-content\/uploads\/2020\/07\/1200px-Palais_royal_de_Queluz_-_Vue_g\u00e9n\u00e9rale.jpg\"><img decoding=\"async\" src=\"https:\/\/www.escapadarural.com\/blog\/wp-content\/uploads\/2020\/07\/1200px-Palais_royal_de_Queluz_-_Vue_g\u00e9n\u00e9rale-1024x683.jpg\" alt=\"Palacio de Queluz\" class=\"wp-image-24160\"\/><\/a><figcaption class=\"wp-element-caption\">Palacio de Queluz. Por Jean-Christophe BENOIST<\/figcaption><\/figure>\n<\/div>\n\n\n<p>Ser\u00e1 que formaron parte de nuestras fantas\u00edas y juegos de la infancia que es ver un palacio y comenzar a so\u00f1ar. Algo tienen que nos atraen. Puede ser su maravillosa arquitectura, los bosques que los cobijan, o bien las leyendas que guardan sus altas torres. Son edificios en los que cada piedra forma parte de la historia. La mayor\u00eda est\u00e1n protegidos como patrimonio por su alto valor art\u00edstico, como estos que hemos seleccionado: son algunos de los <strong>palacios m\u00e1s bellos de Portugal<\/strong>, para que tu pr\u00f3ximo viaje sea un cuento de hadas.<\/p>\n\n\n\n<h2 class=\"wp-block-heading title-rute\" id=\"h-1-palacio-bucaco-centro-portugal\"><strong>1.<\/strong> Palacio Bu\u00e7aco (centro Portugal)<\/h2>\n\n\n\n<figure class=\"wp-block-image size-large\"><a href=\"https:\/\/www.escapadarural.com\/blog\/wp-content\/uploads\/2020\/07\/Bu\u00e7aco_6_-_panoramio.jpg\"><img decoding=\"async\" src=\"https:\/\/www.escapadarural.com\/blog\/wp-content\/uploads\/2020\/07\/Bu\u00e7aco_6_-_panoramio-1024x768.jpg\" alt=\"Palacio Bu\u00e7aco\" class=\"wp-image-24161\"\/><\/a><figcaption class=\"wp-element-caption\">Por David Francisco<\/figcaption><\/figure>\n\n\n\n<p>En medio de un hermoso bosque de cedros y abetos que parece encantado, se encuentra este fabuloso palacio, considerado como uno de los hoteles m\u00e1s bellos del mundo. Est\u00e1 en el municipio de Mealhada, a unas dos horas de Lisboa, en el centro de Portugal.<\/p>\n\n\n\n<p>El palacio fue construido en 1885 para los \u00faltimos reyes de Portugal. Si cuando lo visites te recuerda a la torre de Bel\u00e9m o al claustro de los Jer\u00f3nimos es porque tienes buen ojo para la arquitectura. Fue dise\u00f1ado por el arquitecto y escen\u00f3grafo Luigi Manini, recreando los mejores ejemplos de la arquitectura manuelina.<\/p>\n\n\n\n<p>Deslumbrante y digno de pr\u00edncipes y princesas. No obstante, la familia real lo ocup\u00f3 solo en una \u00fanica ocasi\u00f3n. Despu\u00e9s de la Primera Guerra Mundial, ya como Palace Hotel Busaco, se convirti\u00f3 en uno de los destinos de moda de Europa. Desde 1996 est\u00e1 catalogado como Edificio de Inter\u00e9s P\u00fablico.<\/p>\n\n\n\n<p>Menci\u00f3n aparte merece el bosque que lo rodea (Bosque Nacional de Bussaco). Se trata de una extensi\u00f3n inmensa de m\u00e1s de cien hect\u00e1reas que la Orden de los Carmelitas Descalzos comenz\u00f3 a cuidar en el S. XVII. Hoy est\u00e1 considerado como uno de los m\u00e1s destacados de Europa.<\/p>\n\n\n\n<h2 class=\"wp-block-heading title-rute\" id=\"h-2-palacio-de-la-pena-sintra\"><strong>2.<\/strong> Palacio de la Pena (Sintra)<\/h2>\n\n\n<div class=\"wp-block-image\">\n<figure class=\"aligncenter size-large\"><a href=\"https:\/\/www.escapadarural.com\/blog\/wp-content\/uploads\/2020\/07\/palacio-pena.jpg\"><img decoding=\"async\" src=\"https:\/\/www.escapadarural.com\/blog\/wp-content\/uploads\/2020\/07\/palacio-pena.jpg\" alt=\"Palacio de la Pena\" class=\"wp-image-24162\"\/><\/a><figcaption class=\"wp-element-caption\">Por Jose Ignacio Soto<\/figcaption><\/figure>\n<\/div>\n\n\n<p>No era mucho del agrado de Jos\u00e9 Saramago. Lo explic\u00f3 en su <em>Viaje a Portugal<\/em>: \u201cNo es ya peque\u00f1o trabajo verlo, aguantar el choque de esta confusi\u00f3n de estilos&#8230;\u201d. Tambi\u00e9n es cierto que sin \u00e9l, la sierra de Sintra no ser\u00eda lo que es.<\/p>\n\n\n\n<p>Lo que est\u00e1 claro es que, al menos en este caso, la opini\u00f3n del ilustre Nobel no ha impedido que el palacio da Pena sea el m\u00e1s conocido de todo Portugal. Lo primero que destaca al verlo elevado sobre la colina es su caracter\u00edstica arquitectura ecl\u00e9ctica y el uso de los colores. Algo que, en cierto modo, hace que el aspecto recuerde a un palacio armado con piezas de Lego.<\/p>\n\n\n\n<p>No debemos dejarnos confundir con lo de \u201cla Pena\u201d, que en portugu\u00e9s \u201cpena\u201d es pe\u00f1a. Es decir, el palacio de la Pe\u00f1a, en relaci\u00f3n a su ubicaci\u00f3n. Desde su construcci\u00f3n, se convirti\u00f3 en una de las residencias principales de la familia real portuguesa. Como tal, es el m\u00e1s destacable entre el buen pu\u00f1ado de palacios y quintas de la zona hist\u00f3rica de Sintra. Por su valor hist\u00f3rico y art\u00edstico fue declarado Patrimonio de la Humanidad por la Unesco en 1995.<\/p>\n\n\n\n<p>Su fama mundial hace que tambi\u00e9n sea el <strong>palacio m\u00e1s visitado de Portugal<\/strong>. Por lo que en temporada alta prep\u00e1rate para hacer largas filas. De su fachada destaca la figura del Trit\u00f3n, medio pez medio hombre, que se encuentra justo debajo del p\u00f3rtico principal, los delicados vitrales y los azulejos barrocos. De todas formas, son muchos los que opinan que lo mejor del palacio est\u00e1 en su exterior. Lo dicen, sin duda, por las impresionantes vistas y los bellos jardines, donde se encuentran desde plantas tropicales y secuoyas hasta helechos.<\/p>\n\n\n\n<h2 class=\"wp-block-heading title-rute\" id=\"h-3-palacio-de-mateus-vila-real\"><strong>3.<\/strong> Palacio de Mateus (Vila Real)<\/h2>\n\n\n<div class=\"wp-block-image\">\n<figure class=\"aligncenter size-large\"><a href=\"https:\/\/www.escapadarural.com\/blog\/wp-content\/uploads\/2020\/07\/1200px-MateusPalace1.jpg\"><img decoding=\"async\" src=\"https:\/\/www.escapadarural.com\/blog\/wp-content\/uploads\/2020\/07\/1200px-MateusPalace1-1024x768.jpg\" alt=\"Palacio de Mateus\" class=\"wp-image-24163\"\/><\/a><figcaption class=\"wp-element-caption\">Por Varun Shiv Kapur<\/figcaption><\/figure>\n<\/div>\n\n\n<p>Su reflejo en el estanque le da un aire a\u00fan m\u00e1s m\u00e1gico. Parece como si la escultura de la ninfa de m\u00e1rmol de Jos\u00e9 Cutileiro pudiese cobrar vida en cualquier momento. El buc\u00f3lico conjunto hace que nos encontremos frente a uno de los ejemplos m\u00e1s significativos de la arquitectura civil portuguesa del per\u00edodo barroco y uno de los <strong>palacios m\u00e1s elegantes de Europa<\/strong>.<\/p>\n\n\n\n<p>En la fachada del palacio de Mateus, atribuido arquitecto italiano Nicolau Nasoni, destaca la doble escalinata con balaustrada que lleva a la puerta principal, sobre la que se ve el escudo familiar. Por otra parte, todas las esquinas del edificio est\u00e1n rematadas por unos altos pin\u00e1culos apoyados sobre cornisas en un esbelto equilibrio. Esta silueta a buen seguro que es reconocida por los viajeros m\u00e1s interesados en la enolog\u00eda, pues es el emblema que aparece en las etiquetas de las botellas de Mateus Ros\u00e9.<\/p>\n\n\n\n<p>La visita al palacio de Mateus hay que completarla con un paseo por Vila Real, ciudad destacada del alto Duoro. Campos de cultivo y peque\u00f1as villas agr\u00edcolas salen al paso hasta llegar a la ciudad. Su centro hist\u00f3rico, plagado de iglesias y singulares cafeter\u00edas, es toda una belleza que atrapar\u00e1 al viajero.<\/p>\n\n\n\n<h2 class=\"wp-block-heading title-rute\" id=\"h-4-palacio-de-queluz-queluz\"><strong>4.<\/strong> Palacio de Queluz (Queluz)<\/h2>\n\n\n<div class=\"wp-block-image\">\n<figure class=\"aligncenter size-large\"><a href=\"https:\/\/www.escapadarural.com\/blog\/wp-content\/uploads\/2020\/07\/Queluz40TE.jpg\"><img decoding=\"async\" src=\"https:\/\/www.escapadarural.com\/blog\/wp-content\/uploads\/2020\/07\/Queluz40TE.jpg\" alt=\"Palacio de Queluz\" class=\"wp-image-24164\"\/><\/a><figcaption class=\"wp-element-caption\">Por Quinok<\/figcaption><\/figure>\n<\/div>\n\n\n<p>Cerca de Lisboa no s\u00f3lo hay palacios en Sintra. El palacio de Queluz est\u00e1 mucho m\u00e1s cerca, a menos de 20 kil\u00f3metros. Si se llega en veh\u00edculo propio, se deber\u00e1 reducir la velocidad al aparecer junto a la avenida el formidable conjunto palaciego con la fachada decorada en colores pastel y con sucesivas balconadas.<\/p>\n\n\n\n<p>Por su aspecto y calidad en la decoraci\u00f3n es conocido como el Versalles portugu\u00e9s. En \u00e9l participaron los mejores arquitectos, decoradores y jardineros de Europa, convirti\u00e9ndolo en un referente de la arquitectura palatina del siglo XVIII. Pero no todo es influencia francesa, el palacio tambi\u00e9n tiene detalles tan portugueses como los azulejos.<\/p>\n\n\n\n<p>El interior no recibi\u00f3 menos atenci\u00f3n, por lo que ser\u00eda un error llegar hasta aqu\u00ed y no pasar adentro: est\u00e1 la <strong>Sala de los azulejos<\/strong>, con escenas de gran detalle del pasado de las colonias portuguesas o la C\u00e1mara del Rey, donde se representan escenas de Don Quijote. Por su parte, la Sala de los embajadores, recubierta por completo de espejos, se asemeja a la famosa galer\u00eda de los espejos de Versalles.<\/p>\n\n\n\n<p>El edificio sufri\u00f3 serios da\u00f1os y entr\u00f3 en declive cuando durante la ocupaci\u00f3n francesa (1807) se empezaron a construir varios palacios en Sintra. Finalmente, fue donado por el rey Manuel II al Patrimonio Nacional portugu\u00e9s.<\/p>\n\n\n\n<h2 class=\"wp-block-heading title-rute\" id=\"h-5-palacio-dos-duques-de-braganca-guimaraes\"><strong>5.<\/strong> Palacio dos Duques de Bragan\u00e7a, Guimar\u00e3es<\/h2>\n\n\n<div class=\"wp-block-image\">\n<figure class=\"aligncenter size-large\"><a href=\"https:\/\/www.escapadarural.com\/blog\/wp-content\/uploads\/2020\/07\/Pa\u00e7o_dos_duques_de_Bragan\u00e7a_2.jpg\"><img decoding=\"async\" src=\"https:\/\/www.escapadarural.com\/blog\/wp-content\/uploads\/2020\/07\/Pa\u00e7o_dos_duques_de_Bragan\u00e7a_2-1024x681.jpg\" alt=\"Palacio dos Duques de Bragan\u00e7a\" class=\"wp-image-24165\"\/><\/a><figcaption class=\"wp-element-caption\">Por Feliciano Guimar\u00e3es<\/figcaption><\/figure>\n<\/div>\n\n\n<p>Este es un palacio que se construy\u00f3 en el siglo XV por orden de Alfonso I, duque de Braganza. Pidi\u00f3 a los arquitectos que se inspirasen en el estilo borgo\u00f1\u00e9s que \u00e9l mismo hab\u00eda podido contemplar en sus frecuentes viajes por Europa. Por ello, parece que es la campi\u00f1a francesa y no el norte de Portugal.<\/p>\n\n\n\n<p>Se ubica en la famosa colina Sagrada de la ciudad portuguesa de Guimar\u00e3es, la cuna de la \u00faltima dinast\u00eda que gobern\u00f3 Portugal. Esta residencia fue una de las m\u00e1s suntuosas, tal como demuestra la estampa de sus 39 alt\u00edsimas chimeneas de ladrillo que la rodean. Pero una vez que en el S. XVI la corte se traslad\u00f3 a Vila Vi\u00e7osa, solo se volvi\u00f3 a ocupar muy de tanto en tanto.<\/p>\n\n\n\n<p>Despu\u00e9s de la visita palaciega, queda pasear por Bragan\u00e7a, siempre un placer para los sentidos. Recorrer su centro hist\u00f3rico, al igual que todos estos palacios, es caminar por la historia.<\/p>\n","protected":false},"excerpt":{"rendered":"<p>Ser\u00e1 que formaron parte de nuestras fantas\u00edas y juegos de la infancia que es ver un palacio y comenzar a so\u00f1ar. Algo tienen que nos atraen. Puede ser su maravillosa arquitectura, los bosques que los cobijan, o bien las leyendas que guardan sus altas torres. Son edificios en los que cada piedra forma parte de la historia. La mayor\u00eda est\u00e1n protegidos como patrimonio por su alto valor art\u00edstico, como estos que hemos seleccionado: son algunos de los palacios m\u00e1s bellos de Portugal, para que tu pr\u00f3ximo viaje sea un cuento de hadas.<\/p>\n","protected":false},"author":112,"featured_media":103753,"comment_status":"open","ping_status":"closed","sticky":false,"template":"","format":"standard","meta":{"_acf_changed":false,"om_disable_all_campaigns":false,"footnotes":""},"categories":[231],"tags":[3240,3241,2140,215,870,538,2287,2183],"class_list":["post-11337","post","type-post","status-publish","format-standard","has-post-thumbnail","hentry","category-arte-y-cultura","tag-cuento-de-hadas","tag-guimaraes","tag-lisboa","tag-listado","tag-monumentos","tag-portugal","tag-sintra","tag-vila-real"],"acf":[],"featured_image_src":"https:\/\/www.escapadarural.com\/blog\/wp-content\/uploads\/2024\/10\/Portugal-4-1024x683-3.jpg","author_info":{"display_name":"Jos\u00e9 Alejandro Adamuz","author_link":"https:\/\/www.escapadarural.com\/blog\/autor\/josealejandro\/"},"yoast_head":"<!-- This site is optimized with the Yoast SEO plugin v27.5 - https:\/\/yoast.com\/product\/yoast-seo-wordpress\/ -->\n<title>5 escenarios de cuento de hadas en Portugal - EscapadaRural<\/title>\n<meta name=\"robots\" content=\"index, follow, max-snippet:-1, max-image-preview:large, max-video-preview:-1\" \/>\n<link rel=\"canonical\" href=\"https:\/\/www.escapadarural.com\/blog\/escenarios-de-cuento-de-hadas-en-portugal\/\" \/>\n<meta property=\"og:locale\" content=\"es_ES\" \/>\n<meta property=\"og:type\" content=\"article\" \/>\n<meta property=\"og:title\" content=\"5 escenarios de cuento de hadas en Portugal - EscapadaRural\" \/>\n<meta property=\"og:description\" content=\"Ser\u00e1 que formaron parte de nuestras fantas\u00edas y juegos de la infancia que es ver un palacio y comenzar a so\u00f1ar. Algo tienen que nos atraen. Puede ser su maravillosa arquitectura, los bosques que los cobijan, o bien las leyendas que guardan sus altas torres. Son edificios en los que cada piedra forma parte de la historia. La mayor\u00eda est\u00e1n protegidos como patrimonio por su alto valor art\u00edstico, como estos que hemos seleccionado: son algunos de los palacios m\u00e1s bellos de Portugal, para que tu pr\u00f3ximo viaje sea un cuento de hadas.\" \/>\n<meta property=\"og:url\" content=\"https:\/\/www.escapadarural.com\/blog\/escenarios-de-cuento-de-hadas-en-portugal\/\" \/>\n<meta property=\"og:site_name\" content=\"Magazine de viajes de EscapadaRural\" \/>\n<meta property=\"article:publisher\" content=\"https:\/\/www.facebook.com\/escapadarural\" \/>\n<meta property=\"article:published_time\" content=\"2021-04-22T07:00:00+00:00\" \/>\n<meta property=\"article:modified_time\" content=\"2025-06-30T09:56:30+00:00\" \/>\n<meta property=\"og:image\" content=\"https:\/\/www.escapadarural.com\/blog\/wp-content\/uploads\/2024\/10\/Portugal-4-1024x683-3.jpg?v=1751277391\" \/>\n\t<meta property=\"og:image:width\" content=\"1024\" \/>\n\t<meta property=\"og:image:height\" content=\"683\" \/>\n\t<meta property=\"og:image:type\" content=\"image\/jpeg\" \/>\n<meta name=\"author\" content=\"Jos\u00e9 Alejandro Adamuz\" \/>\n<meta name=\"twitter:card\" content=\"summary_large_image\" \/>\n<meta name=\"twitter:label1\" content=\"Escrito por\" \/>\n\t<meta name=\"twitter:data1\" content=\"Jos\u00e9 Alejandro Adamuz\" \/>\n\t<meta name=\"twitter:label2\" content=\"Tiempo de lectura\" \/>\n\t<meta name=\"twitter:data2\" content=\"6 minutos\" \/>\n<script type=\"application\/ld+json\" class=\"yoast-schema-graph\">{\"@context\":\"https:\\\/\\\/schema.org\",\"@graph\":[{\"@type\":\"Article\",\"@id\":\"https:\\\/\\\/www.escapadarural.com\\\/blog\\\/escenarios-de-cuento-de-hadas-en-portugal\\\/#article\",\"isPartOf\":{\"@id\":\"https:\\\/\\\/www.escapadarural.com\\\/blog\\\/escenarios-de-cuento-de-hadas-en-portugal\\\/\"},\"author\":{\"name\":\"Jos\u00e9 Alejandro Adamuz\",\"@id\":\"https:\\\/\\\/www.escapadarural.com\\\/blog\\\/#\\\/schema\\\/person\\\/ac6969ba5ab90987dda9465be409d6b3\"},\"headline\":\"5 escenarios de cuento de hadas en Portugal\",\"datePublished\":\"2021-04-22T07:00:00+00:00\",\"dateModified\":\"2025-06-30T09:56:30+00:00\",\"mainEntityOfPage\":{\"@id\":\"https:\\\/\\\/www.escapadarural.com\\\/blog\\\/escenarios-de-cuento-de-hadas-en-portugal\\\/\"},\"wordCount\":1280,\"commentCount\":2,\"publisher\":{\"@id\":\"https:\\\/\\\/www.escapadarural.com\\\/blog\\\/#organization\"},\"image\":{\"@id\":\"https:\\\/\\\/www.escapadarural.com\\\/blog\\\/escenarios-de-cuento-de-hadas-en-portugal\\\/#primaryimage\"},\"thumbnailUrl\":\"https:\\\/\\\/www.escapadarural.com\\\/blog\\\/wp-content\\\/uploads\\\/2024\\\/10\\\/Portugal-4-1024x683-3.jpg\",\"keywords\":[\"cuento de hadas\",\"Guimar\u00e3es\",\"Lisboa\",\"Listado\",\"Monumentos\",\"portugal\",\"Sintra\",\"Vila Real\"],\"articleSection\":[\"Arte y Cultura\"],\"inLanguage\":\"es\",\"potentialAction\":[{\"@type\":\"CommentAction\",\"name\":\"Comment\",\"target\":[\"https:\\\/\\\/www.escapadarural.com\\\/blog\\\/escenarios-de-cuento-de-hadas-en-portugal\\\/#respond\"]}]},{\"@type\":\"WebPage\",\"@id\":\"https:\\\/\\\/www.escapadarural.com\\\/blog\\\/escenarios-de-cuento-de-hadas-en-portugal\\\/\",\"url\":\"https:\\\/\\\/www.escapadarural.com\\\/blog\\\/escenarios-de-cuento-de-hadas-en-portugal\\\/\",\"name\":\"5 escenarios de cuento de hadas en Portugal - EscapadaRural\",\"isPartOf\":{\"@id\":\"https:\\\/\\\/www.escapadarural.com\\\/blog\\\/#website\"},\"primaryImageOfPage\":{\"@id\":\"https:\\\/\\\/www.escapadarural.com\\\/blog\\\/escenarios-de-cuento-de-hadas-en-portugal\\\/#primaryimage\"},\"image\":{\"@id\":\"https:\\\/\\\/www.escapadarural.com\\\/blog\\\/escenarios-de-cuento-de-hadas-en-portugal\\\/#primaryimage\"},\"thumbnailUrl\":\"https:\\\/\\\/www.escapadarural.com\\\/blog\\\/wp-content\\\/uploads\\\/2024\\\/10\\\/Portugal-4-1024x683-3.jpg\",\"datePublished\":\"2021-04-22T07:00:00+00:00\",\"dateModified\":\"2025-06-30T09:56:30+00:00\",\"breadcrumb\":{\"@id\":\"https:\\\/\\\/www.escapadarural.com\\\/blog\\\/escenarios-de-cuento-de-hadas-en-portugal\\\/#breadcrumb\"},\"inLanguage\":\"es\",\"potentialAction\":[{\"@type\":\"ReadAction\",\"target\":[\"https:\\\/\\\/www.escapadarural.com\\\/blog\\\/escenarios-de-cuento-de-hadas-en-portugal\\\/\"]}]},{\"@type\":\"ImageObject\",\"inLanguage\":\"es\",\"@id\":\"https:\\\/\\\/www.escapadarural.com\\\/blog\\\/escenarios-de-cuento-de-hadas-en-portugal\\\/#primaryimage\",\"url\":\"https:\\\/\\\/www.escapadarural.com\\\/blog\\\/wp-content\\\/uploads\\\/2024\\\/10\\\/Portugal-4-1024x683-3.jpg\",\"contentUrl\":\"https:\\\/\\\/www.escapadarural.com\\\/blog\\\/wp-content\\\/uploads\\\/2024\\\/10\\\/Portugal-4-1024x683-3.jpg\",\"width\":1024,\"height\":683,\"caption\":\"Una persona de pie sobre la arena iluminada por el sol dentro de una gran cueva costera con arcos naturales y una abertura redonda en el techo, con vistas al agua azul del oc\u00e9ano y al cielo de fondo.\"},{\"@type\":\"BreadcrumbList\",\"@id\":\"https:\\\/\\\/www.escapadarural.com\\\/blog\\\/escenarios-de-cuento-de-hadas-en-portugal\\\/#breadcrumb\",\"itemListElement\":[{\"@type\":\"ListItem\",\"position\":1,\"name\":\"Inicio\",\"item\":\"https:\\\/\\\/www.escapadarural.com\\\/blog\\\/\"},{\"@type\":\"ListItem\",\"position\":2,\"name\":\"Arte y Cultura\",\"item\":\"https:\\\/\\\/www.escapadarural.com\\\/blog\\\/categoria\\\/arte-y-cultura\\\/\"},{\"@type\":\"ListItem\",\"position\":3,\"name\":\"5 escenarios de cuento de hadas en Portugal\"}]},{\"@type\":\"WebSite\",\"@id\":\"https:\\\/\\\/www.escapadarural.com\\\/blog\\\/#website\",\"url\":\"https:\\\/\\\/www.escapadarural.com\\\/blog\\\/\",\"name\":\"Blog de viajes | turismo rural, alojamientos e inspiraci\u00f3n\",\"description\":\"Alojamientos rurales e inspiraci\u00f3n para tus escapadas\",\"publisher\":{\"@id\":\"https:\\\/\\\/www.escapadarural.com\\\/blog\\\/#organization\"},\"alternateName\":\"Magazine de viajes de EscapadaRural\",\"potentialAction\":[{\"@type\":\"SearchAction\",\"target\":{\"@type\":\"EntryPoint\",\"urlTemplate\":\"https:\\\/\\\/www.escapadarural.com\\\/blog\\\/?s={search_term_string}\"},\"query-input\":{\"@type\":\"PropertyValueSpecification\",\"valueRequired\":true,\"valueName\":\"search_term_string\"}}],\"inLanguage\":\"es\"},{\"@type\":\"Organization\",\"@id\":\"https:\\\/\\\/www.escapadarural.com\\\/blog\\\/#organization\",\"name\":\"EscapadaRural\",\"url\":\"https:\\\/\\\/www.escapadarural.com\\\/blog\\\/\",\"logo\":{\"@type\":\"ImageObject\",\"inLanguage\":\"es\",\"@id\":\"https:\\\/\\\/www.escapadarural.com\\\/blog\\\/#\\\/schema\\\/logo\\\/image\\\/\",\"url\":\"https:\\\/\\\/www.escapadarural.com\\\/blog\\\/wp-content\\\/uploads\\\/2024\\\/10\\\/cropped-cropped-escapada-rural-icon-mag-3.png\",\"contentUrl\":\"https:\\\/\\\/www.escapadarural.com\\\/blog\\\/wp-content\\\/uploads\\\/2024\\\/10\\\/cropped-cropped-escapada-rural-icon-mag-3.png\",\"width\":512,\"height\":512,\"caption\":\"EscapadaRural\"},\"image\":{\"@id\":\"https:\\\/\\\/www.escapadarural.com\\\/blog\\\/#\\\/schema\\\/logo\\\/image\\\/\"},\"sameAs\":[\"https:\\\/\\\/www.facebook.com\\\/escapadarural\",\"https:\\\/\\\/www.instagram.com\\\/escapadarural\\\/\",\"https:\\\/\\\/www.youtube.com\\\/@escapadaruralcom\"]},{\"@type\":\"Person\",\"@id\":\"https:\\\/\\\/www.escapadarural.com\\\/blog\\\/#\\\/schema\\\/person\\\/ac6969ba5ab90987dda9465be409d6b3\",\"name\":\"Jos\u00e9 Alejandro Adamuz\",\"image\":{\"@type\":\"ImageObject\",\"inLanguage\":\"es\",\"@id\":\"https:\\\/\\\/www.escapadarural.com\\\/blog\\\/wp-content\\\/uploads\\\/2025\\\/02\\\/cropped-jose_alejandro_viajar-96x96.webp\",\"url\":\"https:\\\/\\\/www.escapadarural.com\\\/blog\\\/wp-content\\\/uploads\\\/2025\\\/02\\\/cropped-jose_alejandro_viajar-96x96.webp\",\"contentUrl\":\"https:\\\/\\\/www.escapadarural.com\\\/blog\\\/wp-content\\\/uploads\\\/2025\\\/02\\\/cropped-jose_alejandro_viajar-96x96.webp\",\"caption\":\"Jos\u00e9 Alejandro Adamuz\"},\"description\":\"Soy licenciado en filolog\u00eda hisp\u00e1nica y periodista por vocaci\u00f3n. Tambi\u00e9n soy disl\u00e9xico, por lo que suelo confundir la derecha con la izquierda y los kil\u00f3metros con la literatura. Pero de momento me va bien as\u00ed. Colaboro habitualmente en diferentes medios haciendo cr\u00f3nica de viajes y periodismo cultural. Me gusta que los viajes cuenten historias y que las historias me hagan viajar.\",\"sameAs\":[\"https:\\\/\\\/viviratodaletra.com\\\/\"],\"url\":\"https:\\\/\\\/www.escapadarural.com\\\/blog\\\/autor\\\/josealejandro\\\/\"}]}<\/script>\n<!-- \/ Yoast SEO plugin. -->","yoast_head_json":{"title":"5 escenarios de cuento de hadas en Portugal - EscapadaRural","robots":{"index":"index","follow":"follow","max-snippet":"max-snippet:-1","max-image-preview":"max-image-preview:large","max-video-preview":"max-video-preview:-1"},"canonical":"https:\/\/www.escapadarural.com\/blog\/escenarios-de-cuento-de-hadas-en-portugal\/","og_locale":"es_ES","og_type":"article","og_title":"5 escenarios de cuento de hadas en Portugal - EscapadaRural","og_description":"Ser\u00e1 que formaron parte de nuestras fantas\u00edas y juegos de la infancia que es ver un palacio y comenzar a so\u00f1ar. Algo tienen que nos atraen. Puede ser su maravillosa arquitectura, los bosques que los cobijan, o bien las leyendas que guardan sus altas torres. Son edificios en los que cada piedra forma parte de la historia. La mayor\u00eda est\u00e1n protegidos como patrimonio por su alto valor art\u00edstico, como estos que hemos seleccionado: son algunos de los palacios m\u00e1s bellos de Portugal, para que tu pr\u00f3ximo viaje sea un cuento de hadas.","og_url":"https:\/\/www.escapadarural.com\/blog\/escenarios-de-cuento-de-hadas-en-portugal\/","og_site_name":"Magazine de viajes de EscapadaRural","article_publisher":"https:\/\/www.facebook.com\/escapadarural","article_published_time":"2021-04-22T07:00:00+00:00","article_modified_time":"2025-06-30T09:56:30+00:00","og_image":[{"width":1024,"height":683,"url":"https:\/\/www.escapadarural.com\/blog\/wp-content\/uploads\/2024\/10\/Portugal-4-1024x683-3.jpg?v=1751277391","type":"image\/jpeg"}],"author":"Jos\u00e9 Alejandro Adamuz","twitter_card":"summary_large_image","twitter_misc":{"Escrito por":"Jos\u00e9 Alejandro Adamuz","Tiempo de lectura":"6 minutos"},"schema":{"@context":"https:\/\/schema.org","@graph":[{"@type":"Article","@id":"https:\/\/www.escapadarural.com\/blog\/escenarios-de-cuento-de-hadas-en-portugal\/#article","isPartOf":{"@id":"https:\/\/www.escapadarural.com\/blog\/escenarios-de-cuento-de-hadas-en-portugal\/"},"author":{"name":"Jos\u00e9 Alejandro Adamuz","@id":"https:\/\/www.escapadarural.com\/blog\/#\/schema\/person\/ac6969ba5ab90987dda9465be409d6b3"},"headline":"5 escenarios de cuento de hadas en Portugal","datePublished":"2021-04-22T07:00:00+00:00","dateModified":"2025-06-30T09:56:30+00:00","mainEntityOfPage":{"@id":"https:\/\/www.escapadarural.com\/blog\/escenarios-de-cuento-de-hadas-en-portugal\/"},"wordCount":1280,"commentCount":2,"publisher":{"@id":"https:\/\/www.escapadarural.com\/blog\/#organization"},"image":{"@id":"https:\/\/www.escapadarural.com\/blog\/escenarios-de-cuento-de-hadas-en-portugal\/#primaryimage"},"thumbnailUrl":"https:\/\/www.escapadarural.com\/blog\/wp-content\/uploads\/2024\/10\/Portugal-4-1024x683-3.jpg","keywords":["cuento de hadas","Guimar\u00e3es","Lisboa","Listado","Monumentos","portugal","Sintra","Vila Real"],"articleSection":["Arte y Cultura"],"inLanguage":"es","potentialAction":[{"@type":"CommentAction","name":"Comment","target":["https:\/\/www.escapadarural.com\/blog\/escenarios-de-cuento-de-hadas-en-portugal\/#respond"]}]},{"@type":"WebPage","@id":"https:\/\/www.escapadarural.com\/blog\/escenarios-de-cuento-de-hadas-en-portugal\/","url":"https:\/\/www.escapadarural.com\/blog\/escenarios-de-cuento-de-hadas-en-portugal\/","name":"5 escenarios de cuento de hadas en Portugal - EscapadaRural","isPartOf":{"@id":"https:\/\/www.escapadarural.com\/blog\/#website"},"primaryImageOfPage":{"@id":"https:\/\/www.escapadarural.com\/blog\/escenarios-de-cuento-de-hadas-en-portugal\/#primaryimage"},"image":{"@id":"https:\/\/www.escapadarural.com\/blog\/escenarios-de-cuento-de-hadas-en-portugal\/#primaryimage"},"thumbnailUrl":"https:\/\/www.escapadarural.com\/blog\/wp-content\/uploads\/2024\/10\/Portugal-4-1024x683-3.jpg","datePublished":"2021-04-22T07:00:00+00:00","dateModified":"2025-06-30T09:56:30+00:00","breadcrumb":{"@id":"https:\/\/www.escapadarural.com\/blog\/escenarios-de-cuento-de-hadas-en-portugal\/#breadcrumb"},"inLanguage":"es","potentialAction":[{"@type":"ReadAction","target":["https:\/\/www.escapadarural.com\/blog\/escenarios-de-cuento-de-hadas-en-portugal\/"]}]},{"@type":"ImageObject","inLanguage":"es","@id":"https:\/\/www.escapadarural.com\/blog\/escenarios-de-cuento-de-hadas-en-portugal\/#primaryimage","url":"https:\/\/www.escapadarural.com\/blog\/wp-content\/uploads\/2024\/10\/Portugal-4-1024x683-3.jpg","contentUrl":"https:\/\/www.escapadarural.com\/blog\/wp-content\/uploads\/2024\/10\/Portugal-4-1024x683-3.jpg","width":1024,"height":683,"caption":"Una persona de pie sobre la arena iluminada por el sol dentro de una gran cueva costera con arcos naturales y una abertura redonda en el techo, con vistas al agua azul del oc\u00e9ano y al cielo de fondo."},{"@type":"BreadcrumbList","@id":"https:\/\/www.escapadarural.com\/blog\/escenarios-de-cuento-de-hadas-en-portugal\/#breadcrumb","itemListElement":[{"@type":"ListItem","position":1,"name":"Inicio","item":"https:\/\/www.escapadarural.com\/blog\/"},{"@type":"ListItem","position":2,"name":"Arte y Cultura","item":"https:\/\/www.escapadarural.com\/blog\/categoria\/arte-y-cultura\/"},{"@type":"ListItem","position":3,"name":"5 escenarios de cuento de hadas en Portugal"}]},{"@type":"WebSite","@id":"https:\/\/www.escapadarural.com\/blog\/#website","url":"https:\/\/www.escapadarural.com\/blog\/","name":"Blog de viajes | turismo rural, alojamientos e inspiraci\u00f3n","description":"Alojamientos rurales e inspiraci\u00f3n para tus escapadas","publisher":{"@id":"https:\/\/www.escapadarural.com\/blog\/#organization"},"alternateName":"Magazine de viajes de EscapadaRural","potentialAction":[{"@type":"SearchAction","target":{"@type":"EntryPoint","urlTemplate":"https:\/\/www.escapadarural.com\/blog\/?s={search_term_string}"},"query-input":{"@type":"PropertyValueSpecification","valueRequired":true,"valueName":"search_term_string"}}],"inLanguage":"es"},{"@type":"Organization","@id":"https:\/\/www.escapadarural.com\/blog\/#organization","name":"EscapadaRural","url":"https:\/\/www.escapadarural.com\/blog\/","logo":{"@type":"ImageObject","inLanguage":"es","@id":"https:\/\/www.escapadarural.com\/blog\/#\/schema\/logo\/image\/","url":"https:\/\/www.escapadarural.com\/blog\/wp-content\/uploads\/2024\/10\/cropped-cropped-escapada-rural-icon-mag-3.png","contentUrl":"https:\/\/www.escapadarural.com\/blog\/wp-content\/uploads\/2024\/10\/cropped-cropped-escapada-rural-icon-mag-3.png","width":512,"height":512,"caption":"EscapadaRural"},"image":{"@id":"https:\/\/www.escapadarural.com\/blog\/#\/schema\/logo\/image\/"},"sameAs":["https:\/\/www.facebook.com\/escapadarural","https:\/\/www.instagram.com\/escapadarural\/","https:\/\/www.youtube.com\/@escapadaruralcom"]},{"@type":"Person","@id":"https:\/\/www.escapadarural.com\/blog\/#\/schema\/person\/ac6969ba5ab90987dda9465be409d6b3","name":"Jos\u00e9 Alejandro Adamuz","image":{"@type":"ImageObject","inLanguage":"es","@id":"https:\/\/www.escapadarural.com\/blog\/wp-content\/uploads\/2025\/02\/cropped-jose_alejandro_viajar-96x96.webp","url":"https:\/\/www.escapadarural.com\/blog\/wp-content\/uploads\/2025\/02\/cropped-jose_alejandro_viajar-96x96.webp","contentUrl":"https:\/\/www.escapadarural.com\/blog\/wp-content\/uploads\/2025\/02\/cropped-jose_alejandro_viajar-96x96.webp","caption":"Jos\u00e9 Alejandro Adamuz"},"description":"Soy licenciado en filolog\u00eda hisp\u00e1nica y periodista por vocaci\u00f3n. Tambi\u00e9n soy disl\u00e9xico, por lo que suelo confundir la derecha con la izquierda y los kil\u00f3metros con la literatura. Pero de momento me va bien as\u00ed. Colaboro habitualmente en diferentes medios haciendo cr\u00f3nica de viajes y periodismo cultural. Me gusta que los viajes cuenten historias y que las historias me hagan viajar.","sameAs":["https:\/\/viviratodaletra.com\/"],"url":"https:\/\/www.escapadarural.com\/blog\/autor\/josealejandro\/"}]}},"_links":{"self":[{"href":"https:\/\/www.escapadarural.com\/blog\/wp-json\/wp\/v2\/posts\/11337","targetHints":{"allow":["GET"]}}],"collection":[{"href":"https:\/\/www.escapadarural.com\/blog\/wp-json\/wp\/v2\/posts"}],"about":[{"href":"https:\/\/www.escapadarural.com\/blog\/wp-json\/wp\/v2\/types\/post"}],"author":[{"embeddable":true,"href":"https:\/\/www.escapadarural.com\/blog\/wp-json\/wp\/v2\/users\/112"}],"replies":[{"embeddable":true,"href":"https:\/\/www.escapadarural.com\/blog\/wp-json\/wp\/v2\/comments?post=11337"}],"version-history":[{"count":0,"href":"https:\/\/www.escapadarural.com\/blog\/wp-json\/wp\/v2\/posts\/11337\/revisions"}],"wp:featuredmedia":[{"embeddable":true,"href":"https:\/\/www.escapadarural.com\/blog\/wp-json\/wp\/v2\/media\/103753"}],"wp:attachment":[{"href":"https:\/\/www.escapadarural.com\/blog\/wp-json\/wp\/v2\/media?parent=11337"}],"wp:term":[{"taxonomy":"category","embeddable":true,"href":"https:\/\/www.escapadarural.com\/blog\/wp-json\/wp\/v2\/categories?post=11337"},{"taxonomy":"post_tag","embeddable":true,"href":"https:\/\/www.escapadarural.com\/blog\/wp-json\/wp\/v2\/tags?post=11337"}],"curies":[{"name":"wp","href":"https:\/\/api.w.org\/{rel}","templated":true}]}}