{"id":11385,"date":"2021-04-29T08:00:00","date_gmt":"2021-04-29T07:00:00","guid":{"rendered":"http:\/\/15.188.81.248\/2019\/05\/18\/ayna-el-pueblo-de-cine-de-albacete\/"},"modified":"2025-08-11T14:43:01","modified_gmt":"2025-08-11T12:43:01","slug":"ayna-el-pueblo-de-cine-de-albacete","status":"publish","type":"post","link":"https:\/\/www.escapadarural.com\/blog\/ayna-el-pueblo-de-cine-de-albacete\/","title":{"rendered":"A\u00fdna, el pueblo de cine de Albacete"},"content":{"rendered":"\n<figure class=\"wp-block-embed is-type-video is-provider-youtube wp-block-embed-youtube wp-embed-aspect-16-9 wp-has-aspect-ratio\"><div class=\"wp-block-embed__wrapper\">\n<span class=\"Un7LeNYQ1j\"><div class=\"video-shortcode\"><iframe title=\"Ayna, el pueblo de cine de Albacete\" width=\"1200\" height=\"675\" src=\"https:\/\/www.youtube.com\/embed\/nc1g1zomng0?feature=oembed\" frameborder=\"0\" allow=\"accelerometer; autoplay; clipboard-write; encrypted-media; gyroscope; picture-in-picture; web-share\" referrerpolicy=\"strict-origin-when-cross-origin\" allowfullscreen><\/iframe><\/div><\/span>\n<\/div><\/figure>\n\n\n\n<p>Ya hab\u00eda amanecido cuando llegamos a <a href=\"https:\/\/www.escapadarural.com\/casas-rurales\/ayna\" class=\"rank-math-link\">A\u00fdna<\/a>. El pueblo de Albacete que el cineasta Jos\u00e9 Luis Cuerda populariz\u00f3 gracias a la pel\u00edcula <em>Amanece, que no es poco<\/em>.<\/p>\n\n\n\n<p>A\u00fdna est\u00e1 incrustada entre monta\u00f1as, por lo que para acceder a ella tuvimos que descender por una serpenteante carretera que discurre junto al mirador del Sidecar de la Rodea Grande. Esta suele ser la primera parada de los fans de la pel\u00edcula, pues adem\u00e1s de las incre\u00edbles vistas, aqu\u00ed es donde est\u00e1 la r\u00e9plica de la vespa que condujo Teodoro (Antonio Resines) y el sidecar en el que viajaba su padre, Jimmy (Luis Ciges).<\/p>\n\n\n\n<p>El Sidecar de la Rodea Grande era el punto de encuentro con Juan \u00c1ngel, nuestro siguiente entrevistado. Mientras le esper\u00e1bamos, hicimos lo obvio en aquel lugar: subirnos a la escultura para tomarnos una foto.<\/p>\n\n\n\n<p>Juan \u00c1ngel no se hizo esperar. Conocido en el pueblo \u2013y por los \u201camanecistas\u201d\u2013 como el \u201cni\u00f1o deprimido\u201d por su papel en la pel\u00edcula, este delineante albacete\u00f1o ya no es tan ni\u00f1o y estaba feliz de recibirnos.<\/p>\n\n\n\n<p>Tras las presentaciones, nos invit\u00f3 a acercarnos hasta su <a href=\"https:\/\/www.escapadarural.com\/casa-rural\/albacete\/miralmundo-hostal-rural\">hostal Miralmundo<\/a>. All\u00ed nos encontrar\u00edamos con Mari \u00c1ngeles, su madre y quien inici\u00f3 el negocio.<\/p>\n\n\n\n<h2 class=\"wp-block-heading title-rute\" id=\"h-el-balcon-de-ayna\">El balc\u00f3n de A\u00fdna<\/h2>\n\n\n<div class=\"wp-block-image\">\n<figure class=\"aligncenter size-large\"><a href=\"https:\/\/www.escapadarural.com\/blog\/wp-content\/uploads\/2020\/07\/Ayna-3.jpg\"><img decoding=\"async\" src=\"https:\/\/www.escapadarural.com\/blog\/wp-content\/uploads\/2020\/07\/Ayna-3.jpg\" alt=\"Ayna\" class=\"wp-image-24127\"\/><\/a><figcaption class=\"wp-element-caption\">Por Pedro Oliva <\/figcaption><\/figure>\n<\/div>\n\n\n<p>Miralmundo es un alojamiento rural ubicado en lo alto del pueblo, por lo que las vistas desde las habitaciones son espectaculares. L\u00e1stima que ese fin de semana estuviera completo y no pudi\u00e9semos pernoctar en \u00e9l.<\/p>\n\n\n\n<p>Maria \u00c1ngeles y su marido compraron el edificio en 1997, cuando en los alrededores solo hab\u00eda olivos. Cambiaron la panader\u00eda en la que trabajaban por la pensi\u00f3n. \u201cEntonces hab\u00eda much\u00edsima gente y el hotel que hab\u00eda en el pueblo se quedaba peque\u00f1o\u201d, nos cuenta. Cuando construyeron los cuartos de ba\u00f1o, la pensi\u00f3n ascendi\u00f3 a la categor\u00eda de hostal.<\/p>\n\n\n\n<p>\u201cNuestros clientes son principalmente familias con ni\u00f1os y parejas. Tambi\u00e9n trabajamos con alg\u00fan grupo porque hacemos alquiler \u00edntegro para ocasiones especiales: cumplea\u00f1os, Nochevieja, Nochebuena, etc.\u201d, nos cuenta Juan \u00c1ngel, quien se encarga de atender a los clientes los fines de semana.<\/p>\n\n\n\n<p>La calidez con la que nos recibieron representa c\u00f3mo es el trato con sus clientes. En todo momento, tanto Maria \u00c1ngeles como Juan \u00c1ngel, su mujer y sus hijas peque\u00f1as estuvieron atentos a que no faltase de nada. Su relaci\u00f3n con los hu\u00e9spedes, tal y como pudimos comprobar, es igual de cercana y familiar.<\/p>\n\n\n\n<p>\u201cIntentamos que est\u00e9n a gusto, que el desayuno tenga productos que les gustan y tratamos de aprendernos los nombres de nuestros clientes\u201d, nos cuenta.<\/p>\n\n\n\n<p>Adem\u00e1s de para parejas y grupos, Miralmundo es ideal para las familias con ni\u00f1os, ya que tal y como nos comentan madre e hijo, es una casa muy familiar donde sus dos ni\u00f1as siempre est\u00e1n revoloteando por ah\u00ed.<\/p>\n\n\n\n<p>\u201cNo solamente intentamos que se alojen en nuestro establecimiento, sino que tambi\u00e9n vivan las costumbres, conozcan A\u00fdna y las comarcas que conforman la Sierra de Segura\u201d, explica. En su <a href=\"https:\/\/hotelruralalbacete.com\/\" target=\"_blank\">p\u00e1gina web Miralmundo<\/a> pod\u00e9is encontrar varias rutas recomendadas, alguna nos la sugiri\u00f3 hacer aquella ma\u00f1ana, mientras \u00e9l hac\u00eda unos recados antes de ir a comer.<\/p>\n\n\n\n<h2 class=\"wp-block-heading title-rute\" id=\"h-ayna-el-pueblo-que-dijo-pepe\">A\u00fdna, \u201cEl pueblo que dijo Pepe\u201d<\/h2>\n\n\n<div class=\"wp-block-image\">\n<figure class=\"aligncenter size-large\"><a href=\"https:\/\/www.escapadarural.com\/blog\/wp-content\/uploads\/2020\/07\/ayna.png\"><img decoding=\"async\" src=\"https:\/\/www.escapadarural.com\/blog\/wp-content\/uploads\/2020\/07\/ayna.png\" alt=\"Ayna\" class=\"wp-image-24128\"\/><\/a><figcaption class=\"wp-element-caption\">Por Manuel Mira<\/figcaption><\/figure>\n<\/div>\n\n\n<p>Gracias a Jos\u00e9 Luis Cuerda, A\u00fdna se ha convertido en un destino cin\u00e9filo. La ruta de <em>Amanece, que no es poco<\/em> est\u00e1 se\u00f1alizada con paneles donde se explica qu\u00e9 escena se grab\u00f3 en cada lugar y hay placas que indican qu\u00e9 extra vivi\u00f3 o vive all\u00ed. Por supuesto, tambi\u00e9n hay un centro de interpretaci\u00f3n de la pel\u00edcula, situado en la ermita de los Remedios.<\/p>\n\n\n\n<p>Casi todos los vecinos de A\u00fdna participaron en el <em>film<\/em>. Aunque dudo que haya nadie tan motivado como \u201cel ni\u00f1o deprimido\u201d de Juan \u00c1ngel, que incluso organiza quedadas entre \u201camanecistas\u201d -como se hacen llamar los fans- para recorrer Ayna, Li\u00e9tor y Molinicos, las tres ubicaciones del rodaje.<\/p>\n\n\n\n<p>Nuestro paseo por A\u00fdna comenz\u00f3 desde Miralmundo. Lo hicimos a pie, pues no confi\u00e1bamos en que nuestra gran Merche -la furgoneta de alquiler- cupiera por las angostas calles. Por suerte, era todo cuesta abajo, aunque luego habr\u00eda que volver a subirlo de nuevo.<\/p>\n\n\n\n<p>La primera visita fue a la cueva del Moro, uno de los lugares m\u00e1s impresionantes del pueblo con vistas a la monta\u00f1a. De ah\u00ed nos dejamos guiar por los paneles de <em>Amanece, que no es poco: <\/em>la casa de Ng\u00e9, el camino de Elena hacia el bacanal, la oda a la calabaza y el semillero de hombres, hasta llegar a la cascada del arroyo de la Toba, la parte m\u00e1s baja del pueblo.<\/p>\n\n\n\n<p>A A\u00fdna tambi\u00e9n se la conoce como la \u201cSuiza manchega\u201d, por la naturaleza que envuelve a sus pueblos, encaramados en las monta\u00f1as. Una imagen preciosa pero que, cuando est\u00e1s en la parte inferior del pueblo y empiezas a pensar en subir, hace que empieces a sudar. Suerte que nosotros tuvimos a nuestro salvador: Juan \u00c1ngel, que vino a recogernos en coche para llevarnos a comer.<\/p>\n\n\n<div class=\"wp-block-image\">\n<figure class=\"aligncenter size-large\"><a href=\"https:\/\/www.escapadarural.com\/blog\/wp-content\/uploads\/2020\/07\/juan-angel.jpg\"><img decoding=\"async\" src=\"https:\/\/www.escapadarural.com\/blog\/wp-content\/uploads\/2020\/07\/juan-angel.jpg\" alt=\"Ayna cine\" class=\"wp-image-24129\"\/><\/a><figcaption class=\"wp-element-caption\">Por Laura Fern\u00e1ndez<\/figcaption><\/figure>\n<\/div>\n\n\n<h2 class=\"wp-block-heading title-rute\" id=\"h-la-deliciosa-gastronomia-de-albacete\">La deliciosa gastronom\u00eda de Albacete<\/h2>\n\n\n\n<p>El restaurante escogido por nuestro anfitri\u00f3n fue Casa Segunda. Un encantador mes\u00f3n con terraza. El sol comenzaba a picar, aunque no fue impedimento para elegir sentarnos al aire libre. Lo compensaba las impresionantes vistas al valle del r\u00edo Mundo.<\/p>\n\n\n\n<p>A\u00fdna contrasta con el paisaje de la llanura manchega. Raz\u00f3n por la que la comarca utiliza el eslogan \u201cRompiendo t\u00f3picos, esto tambi\u00e9n es Albacete\u201d. No pod\u00eda ser m\u00e1s acertado. Este es un paisaje monta\u00f1oso y verde gracias al agua de los manantiales que nacen en el pueblo y del r\u00edo Mundo, que pasa por debajo del valle.<\/p>\n\n\n\n<p>Juan \u00c1ngel nos pidi\u00f3 el men\u00fa degustaci\u00f3n para compartir: ensalada de la huerta, migas, patatas a lo pobre con huevo, menudillos y chuletas de cordero a la brasa. Platos t\u00edpicos de A\u00fdna. \u201cTenemos muy buenos productos de la huerta\u201d, explica. Los tomates estaban deliciosos.<\/p>\n\n\n\n<p>\u201cEste no es como otros restaurantes que tienen de todo en la carta. Tiene poca variedad, pero lo que tienen es de primera calidad\u201d. Aquel d\u00eda, estaba lleno y Juan \u00c1ngel parec\u00eda conocer a todo el mundo.<\/p>\n\n\n\n<p>El pueblo, a pesar de ser muy tranquilo, rebosaba vida. No obstante, la despoblaci\u00f3n es uno de los temas que m\u00e1s preocupan a sus habitantes. \u201cEn el colegio solo hay 13 ni\u00f1os. Lo tienen mucho m\u00e1s complicado para relacionarse que antes, que \u00e9ramos 20\u201d, dice Juan \u00c1ngel.<\/p>\n\n\n\n<p>Despu\u00e9s de las entrevistas, nos propuso acercarnos hasta el mirador del Infierno, desde donde hay unas excelentes vistas a la sierra del Segura. Un lugar donde la naturaleza abrupta de Albacete no deja de sorprender.<\/p>\n\n\n\n<p>\u201cCastilla La Mancha es una comunidad muy desconocida para el turismo\u201d, dice. \u201cAunque cada vez se apuesta m\u00e1s por el turismo rural y se potencia el sabor de las comarcas. Hay m\u00e1s restaurantes con estrella Michel\u00edn, se est\u00e1 potenciando el azafr\u00e1n, el consumo del ajo de las Pedro\u00f1eras, etc.\u201d<\/p>\n\n\n\n<p>Con el atardecer escondi\u00e9ndose entre las monta\u00f1as del Segura tocaba decir adi\u00f3s a Juan \u00c1ngel y a sus hijas, tan cari\u00f1osas y alegres. Recuerdo que, durante la entrevista, Juan \u00c1ngel nos dijo que lo mejor de su experiencia en el hostal es que reciben a los viajeros d\u00e1ndoles la mano y los despiden con un beso. Con nosotros fue igual. Y nos sentimos muy agradecidos de que tanto \u00e9l como su familia nos dedicasen un d\u00eda entero para conocerlos y mostrarnos su pueblo.<\/p>\n\n\n\n<h2 class=\"wp-block-heading title-rute\" id=\"h-aqui-nace-el-mundo\">Aqu\u00ed nace el Mundo<\/h2>\n\n\n\n<figure class=\"wp-block-embed is-type-video is-provider-youtube wp-block-embed-youtube wp-embed-aspect-16-9 wp-has-aspect-ratio\"><div class=\"wp-block-embed__wrapper\">\n<span class=\"zSoY7mMskncGf1TWO0KHuiU4F\"><div class=\"video-shortcode\"><iframe title=\"El &quot;revent\u00f3n&quot; del r\u00edo Mundo en Albacete\" width=\"1200\" height=\"675\" src=\"https:\/\/www.youtube.com\/embed\/T1IpadAnxvE?feature=oembed\" frameborder=\"0\" allow=\"accelerometer; autoplay; clipboard-write; encrypted-media; gyroscope; picture-in-picture; web-share\" referrerpolicy=\"strict-origin-when-cross-origin\" allowfullscreen><\/iframe><\/div><\/span>\n<\/div><\/figure>\n\n\n\n<p>Despu\u00e9s de dormir en Ri\u00f3par, a la ma\u00f1ana siguiente madrugamos para recorrer el Parque Natural de los Calares del Mundo y de la Sima, donde nace el r\u00edo Mundo. Uno de los paisajes m\u00e1s populares de <a href=\"https:\/\/www.escapadarural.com\/blog\/albacete-el-extraordinario-paisaje-de-cine\/\">Albacete<\/a> por su belleza.<\/p>\n\n\n\n<p>Hasta el parque se puede acceder en coche, en su entrada hay aparcamiento. El resto del trayecto hay que hacerlo a pie, aunque es una ruta f\u00e1cil y ligera. Al menos hasta llegar al nacimiento del r\u00edo Mundo, luego el camino sigue ascendiendo por unos escalones de piedra, junto al barranco, y deja de ser apto para gente con v\u00e9rtigo.<\/p>\n\n\n\n<p>Lo m\u00e1s destacado del lugar es la cueva de Los Chorros, donde surge el r\u00edo. Varias veces al a\u00f1o, en \u00e9poca de lluvias, aqu\u00ed se produce el <a href=\"https:\/\/www.youtube.com\/watch?v=T1IpadAnxvE\" target=\"_blank\">Revent\u00f3n<\/a>. Un rugido ensordecedor acompa\u00f1ado de una gran masa de agua que cae al vac\u00edo.<\/p>\n\n\n\n<p>En nuestro viaje no tuvimos la suerte de presenciarlo, pues algunos lugare\u00f1os nos comentaron que hac\u00eda tiempo que no llov\u00eda. Incluso habiendo poca agua, el lugar nos pareci\u00f3 maravilloso. Albacete es una tierra sorprendente.<\/p>\n\n\n\n<div class=\"wp-block-buttons is-layout-flex wp-block-buttons-is-layout-flex\">\n<div class=\"wp-block-button\"><a class=\"wp-block-button__link wp-element-button\" href=\"https:\/\/www.escapadarural.com\/casas-rurales\/ayna\">Casas rurales en A\u00fdna<\/a><\/div>\n<\/div>\n","protected":false},"excerpt":{"rendered":"<p>En Ayna, el pueblo de la pel\u00edcula \u00abAmanece, que no es poco\u00bb nos recibieron M\u00aa \u00c1ngeles y Juan \u00c1ngel para contarnos todo acerca de este pueblo precioso de Albacete&#8230;<\/p>\n","protected":false},"author":89,"featured_media":101880,"comment_status":"open","ping_status":"closed","sticky":false,"template":"","format":"standard","meta":{"_acf_changed":false,"om_disable_all_campaigns":false,"footnotes":""},"categories":[231],"tags":[921,2655,2311,6029,863,1416,1139,2313,941,1258],"class_list":["post-11385","post","type-post","status-publish","format-standard","has-post-thumbnail","hentry","category-arte-y-cultura","tag-que-ver-en-albacete","tag-amanece-que-no-es-poco","tag-ayna","tag-que-ver-en-castilla-la-mancha","tag-cine","tag-longform","tag-nacimiento-del-rio-mundo","tag-reportaje","tag-rio-mundo","tag-videos"],"acf":[],"featured_image_src":"https:\/\/www.escapadarural.com\/blog\/wp-content\/uploads\/2024\/10\/Ayna-3-1.jpg","author_info":{"display_name":"Laura Fern\u00e1ndez","author_link":"https:\/\/www.escapadarural.com\/blog\/autor\/laura\/"},"yoast_head":"<!-- This site is optimized with the Yoast SEO plugin v27.5 - https:\/\/yoast.com\/product\/yoast-seo-wordpress\/ -->\n<title>A\u00fdna, el pueblo de cine de Albacete - EscapadaRural<\/title>\n<meta name=\"robots\" content=\"index, follow, max-snippet:-1, max-image-preview:large, max-video-preview:-1\" \/>\n<link rel=\"canonical\" href=\"https:\/\/www.escapadarural.com\/blog\/ayna-el-pueblo-de-cine-de-albacete\/\" \/>\n<meta property=\"og:locale\" content=\"es_ES\" \/>\n<meta property=\"og:type\" content=\"article\" \/>\n<meta property=\"og:title\" content=\"A\u00fdna, el pueblo de cine de Albacete - EscapadaRural\" \/>\n<meta property=\"og:description\" content=\"En Ayna, el pueblo de la pel\u00edcula &quot;Amanece, que no es poco&quot; nos recibieron M\u00aa \u00c1ngeles y Juan \u00c1ngel para contarnos todo acerca de este pueblo precioso de Albacete...\" \/>\n<meta property=\"og:url\" content=\"https:\/\/www.escapadarural.com\/blog\/ayna-el-pueblo-de-cine-de-albacete\/\" \/>\n<meta property=\"og:site_name\" content=\"Magazine de viajes de EscapadaRural\" \/>\n<meta property=\"article:publisher\" content=\"https:\/\/www.facebook.com\/escapadarural\" \/>\n<meta property=\"article:published_time\" content=\"2021-04-29T07:00:00+00:00\" \/>\n<meta property=\"article:modified_time\" content=\"2025-08-11T12:43:01+00:00\" \/>\n<meta property=\"og:image\" content=\"https:\/\/www.escapadarural.com\/blog\/wp-content\/uploads\/2024\/10\/Ayna-3-1.jpg?v=1754916182\" \/>\n\t<meta property=\"og:image:width\" content=\"1024\" \/>\n\t<meta property=\"og:image:height\" content=\"685\" \/>\n\t<meta property=\"og:image:type\" content=\"image\/jpeg\" \/>\n<meta name=\"author\" content=\"Laura Fern\u00e1ndez\" \/>\n<meta name=\"twitter:card\" content=\"summary_large_image\" \/>\n<meta name=\"twitter:label1\" content=\"Escrito por\" \/>\n\t<meta name=\"twitter:data1\" content=\"Laura Fern\u00e1ndez\" \/>\n\t<meta name=\"twitter:label2\" content=\"Tiempo de lectura\" \/>\n\t<meta name=\"twitter:data2\" content=\"8 minutos\" \/>\n<script type=\"application\/ld+json\" class=\"yoast-schema-graph\">{\"@context\":\"https:\\\/\\\/schema.org\",\"@graph\":[{\"@type\":\"Article\",\"@id\":\"https:\\\/\\\/www.escapadarural.com\\\/blog\\\/ayna-el-pueblo-de-cine-de-albacete\\\/#article\",\"isPartOf\":{\"@id\":\"https:\\\/\\\/www.escapadarural.com\\\/blog\\\/ayna-el-pueblo-de-cine-de-albacete\\\/\"},\"author\":{\"name\":\"Laura Fern\u00e1ndez\",\"@id\":\"https:\\\/\\\/www.escapadarural.com\\\/blog\\\/#\\\/schema\\\/person\\\/a9b46ae4d047d8a2c719f31e75206cff\"},\"headline\":\"A\u00fdna, el pueblo de cine de Albacete\",\"datePublished\":\"2021-04-29T07:00:00+00:00\",\"dateModified\":\"2025-08-11T12:43:01+00:00\",\"mainEntityOfPage\":{\"@id\":\"https:\\\/\\\/www.escapadarural.com\\\/blog\\\/ayna-el-pueblo-de-cine-de-albacete\\\/\"},\"wordCount\":1541,\"commentCount\":0,\"publisher\":{\"@id\":\"https:\\\/\\\/www.escapadarural.com\\\/blog\\\/#organization\"},\"image\":{\"@id\":\"https:\\\/\\\/www.escapadarural.com\\\/blog\\\/ayna-el-pueblo-de-cine-de-albacete\\\/#primaryimage\"},\"thumbnailUrl\":\"https:\\\/\\\/www.escapadarural.com\\\/blog\\\/wp-content\\\/uploads\\\/2024\\\/10\\\/Ayna-3-1.jpg\",\"keywords\":[\"Albacete\",\"Amanece que no es poco\",\"Ayna\",\"Castilla-La Mancha\",\"Cine\",\"longform\",\"Nacimiento del R\u00edo Mundo\",\"reportaje\",\"r\u00edo Mundo\",\"V\u00eddeos sobre el mundo rural\"],\"articleSection\":[\"Arte y Cultura\"],\"inLanguage\":\"es\",\"potentialAction\":[{\"@type\":\"CommentAction\",\"name\":\"Comment\",\"target\":[\"https:\\\/\\\/www.escapadarural.com\\\/blog\\\/ayna-el-pueblo-de-cine-de-albacete\\\/#respond\"]}]},{\"@type\":\"WebPage\",\"@id\":\"https:\\\/\\\/www.escapadarural.com\\\/blog\\\/ayna-el-pueblo-de-cine-de-albacete\\\/\",\"url\":\"https:\\\/\\\/www.escapadarural.com\\\/blog\\\/ayna-el-pueblo-de-cine-de-albacete\\\/\",\"name\":\"A\u00fdna, el pueblo de cine de Albacete - EscapadaRural\",\"isPartOf\":{\"@id\":\"https:\\\/\\\/www.escapadarural.com\\\/blog\\\/#website\"},\"primaryImageOfPage\":{\"@id\":\"https:\\\/\\\/www.escapadarural.com\\\/blog\\\/ayna-el-pueblo-de-cine-de-albacete\\\/#primaryimage\"},\"image\":{\"@id\":\"https:\\\/\\\/www.escapadarural.com\\\/blog\\\/ayna-el-pueblo-de-cine-de-albacete\\\/#primaryimage\"},\"thumbnailUrl\":\"https:\\\/\\\/www.escapadarural.com\\\/blog\\\/wp-content\\\/uploads\\\/2024\\\/10\\\/Ayna-3-1.jpg\",\"datePublished\":\"2021-04-29T07:00:00+00:00\",\"dateModified\":\"2025-08-11T12:43:01+00:00\",\"breadcrumb\":{\"@id\":\"https:\\\/\\\/www.escapadarural.com\\\/blog\\\/ayna-el-pueblo-de-cine-de-albacete\\\/#breadcrumb\"},\"inLanguage\":\"es\",\"potentialAction\":[{\"@type\":\"ReadAction\",\"target\":[\"https:\\\/\\\/www.escapadarural.com\\\/blog\\\/ayna-el-pueblo-de-cine-de-albacete\\\/\"]}]},{\"@type\":\"ImageObject\",\"inLanguage\":\"es\",\"@id\":\"https:\\\/\\\/www.escapadarural.com\\\/blog\\\/ayna-el-pueblo-de-cine-de-albacete\\\/#primaryimage\",\"url\":\"https:\\\/\\\/www.escapadarural.com\\\/blog\\\/wp-content\\\/uploads\\\/2024\\\/10\\\/Ayna-3-1.jpg\",\"contentUrl\":\"https:\\\/\\\/www.escapadarural.com\\\/blog\\\/wp-content\\\/uploads\\\/2024\\\/10\\\/Ayna-3-1.jpg\",\"width\":1024,\"height\":685,\"caption\":\"Ayna, Albacete\"},{\"@type\":\"BreadcrumbList\",\"@id\":\"https:\\\/\\\/www.escapadarural.com\\\/blog\\\/ayna-el-pueblo-de-cine-de-albacete\\\/#breadcrumb\",\"itemListElement\":[{\"@type\":\"ListItem\",\"position\":1,\"name\":\"Inicio\",\"item\":\"https:\\\/\\\/www.escapadarural.com\\\/blog\\\/\"},{\"@type\":\"ListItem\",\"position\":2,\"name\":\"Arte y Cultura\",\"item\":\"https:\\\/\\\/www.escapadarural.com\\\/blog\\\/categoria\\\/arte-y-cultura\\\/\"},{\"@type\":\"ListItem\",\"position\":3,\"name\":\"A\u00fdna, el pueblo de cine de Albacete\"}]},{\"@type\":\"WebSite\",\"@id\":\"https:\\\/\\\/www.escapadarural.com\\\/blog\\\/#website\",\"url\":\"https:\\\/\\\/www.escapadarural.com\\\/blog\\\/\",\"name\":\"Blog de viajes | turismo rural, alojamientos e inspiraci\u00f3n\",\"description\":\"Alojamientos rurales e inspiraci\u00f3n para tus escapadas\",\"publisher\":{\"@id\":\"https:\\\/\\\/www.escapadarural.com\\\/blog\\\/#organization\"},\"alternateName\":\"Magazine de viajes de EscapadaRural\",\"potentialAction\":[{\"@type\":\"SearchAction\",\"target\":{\"@type\":\"EntryPoint\",\"urlTemplate\":\"https:\\\/\\\/www.escapadarural.com\\\/blog\\\/?s={search_term_string}\"},\"query-input\":{\"@type\":\"PropertyValueSpecification\",\"valueRequired\":true,\"valueName\":\"search_term_string\"}}],\"inLanguage\":\"es\"},{\"@type\":\"Organization\",\"@id\":\"https:\\\/\\\/www.escapadarural.com\\\/blog\\\/#organization\",\"name\":\"EscapadaRural\",\"url\":\"https:\\\/\\\/www.escapadarural.com\\\/blog\\\/\",\"logo\":{\"@type\":\"ImageObject\",\"inLanguage\":\"es\",\"@id\":\"https:\\\/\\\/www.escapadarural.com\\\/blog\\\/#\\\/schema\\\/logo\\\/image\\\/\",\"url\":\"https:\\\/\\\/www.escapadarural.com\\\/blog\\\/wp-content\\\/uploads\\\/2024\\\/10\\\/cropped-cropped-escapada-rural-icon-mag-3.png\",\"contentUrl\":\"https:\\\/\\\/www.escapadarural.com\\\/blog\\\/wp-content\\\/uploads\\\/2024\\\/10\\\/cropped-cropped-escapada-rural-icon-mag-3.png\",\"width\":512,\"height\":512,\"caption\":\"EscapadaRural\"},\"image\":{\"@id\":\"https:\\\/\\\/www.escapadarural.com\\\/blog\\\/#\\\/schema\\\/logo\\\/image\\\/\"},\"sameAs\":[\"https:\\\/\\\/www.facebook.com\\\/escapadarural\",\"https:\\\/\\\/www.instagram.com\\\/escapadarural\\\/\",\"https:\\\/\\\/www.youtube.com\\\/@escapadaruralcom\"]},{\"@type\":\"Person\",\"@id\":\"https:\\\/\\\/www.escapadarural.com\\\/blog\\\/#\\\/schema\\\/person\\\/a9b46ae4d047d8a2c719f31e75206cff\",\"name\":\"Laura Fern\u00e1ndez\",\"image\":{\"@type\":\"ImageObject\",\"inLanguage\":\"es\",\"@id\":\"https:\\\/\\\/www.escapadarural.com\\\/blog\\\/wp-content\\\/uploads\\\/2025\\\/01\\\/cropped-laura_raponchii-96x96.jpg\",\"url\":\"https:\\\/\\\/www.escapadarural.com\\\/blog\\\/wp-content\\\/uploads\\\/2025\\\/01\\\/cropped-laura_raponchii-96x96.jpg\",\"contentUrl\":\"https:\\\/\\\/www.escapadarural.com\\\/blog\\\/wp-content\\\/uploads\\\/2025\\\/01\\\/cropped-laura_raponchii-96x96.jpg\",\"caption\":\"Laura Fern\u00e1ndez\"},\"description\":\"Periodista, blogger y viajera. No necesariamente en ese orden. En ocasiones me despierto sin saber d\u00f3nde estoy. Adicta a los c\u00f3mics y a los noodles con salsa de cacahuete. Redactora en @escapadarural, colaboradora en la Conde Nast Traveler y en la Divinity. Mi casa: Meridiano180.\",\"sameAs\":[\"http:\\\/\\\/www.meridiano180.com\\\/\"],\"url\":\"https:\\\/\\\/www.escapadarural.com\\\/blog\\\/autor\\\/laura\\\/\"}]}<\/script>\n<!-- \/ Yoast SEO plugin. -->","yoast_head_json":{"title":"A\u00fdna, el pueblo de cine de Albacete - EscapadaRural","robots":{"index":"index","follow":"follow","max-snippet":"max-snippet:-1","max-image-preview":"max-image-preview:large","max-video-preview":"max-video-preview:-1"},"canonical":"https:\/\/www.escapadarural.com\/blog\/ayna-el-pueblo-de-cine-de-albacete\/","og_locale":"es_ES","og_type":"article","og_title":"A\u00fdna, el pueblo de cine de Albacete - EscapadaRural","og_description":"En Ayna, el pueblo de la pel\u00edcula \"Amanece, que no es poco\" nos recibieron M\u00aa \u00c1ngeles y Juan \u00c1ngel para contarnos todo acerca de este pueblo precioso de Albacete...","og_url":"https:\/\/www.escapadarural.com\/blog\/ayna-el-pueblo-de-cine-de-albacete\/","og_site_name":"Magazine de viajes de EscapadaRural","article_publisher":"https:\/\/www.facebook.com\/escapadarural","article_published_time":"2021-04-29T07:00:00+00:00","article_modified_time":"2025-08-11T12:43:01+00:00","og_image":[{"width":1024,"height":685,"url":"https:\/\/www.escapadarural.com\/blog\/wp-content\/uploads\/2024\/10\/Ayna-3-1.jpg?v=1754916182","type":"image\/jpeg"}],"author":"Laura Fern\u00e1ndez","twitter_card":"summary_large_image","twitter_misc":{"Escrito por":"Laura Fern\u00e1ndez","Tiempo de lectura":"8 minutos"},"schema":{"@context":"https:\/\/schema.org","@graph":[{"@type":"Article","@id":"https:\/\/www.escapadarural.com\/blog\/ayna-el-pueblo-de-cine-de-albacete\/#article","isPartOf":{"@id":"https:\/\/www.escapadarural.com\/blog\/ayna-el-pueblo-de-cine-de-albacete\/"},"author":{"name":"Laura Fern\u00e1ndez","@id":"https:\/\/www.escapadarural.com\/blog\/#\/schema\/person\/a9b46ae4d047d8a2c719f31e75206cff"},"headline":"A\u00fdna, el pueblo de cine de Albacete","datePublished":"2021-04-29T07:00:00+00:00","dateModified":"2025-08-11T12:43:01+00:00","mainEntityOfPage":{"@id":"https:\/\/www.escapadarural.com\/blog\/ayna-el-pueblo-de-cine-de-albacete\/"},"wordCount":1541,"commentCount":0,"publisher":{"@id":"https:\/\/www.escapadarural.com\/blog\/#organization"},"image":{"@id":"https:\/\/www.escapadarural.com\/blog\/ayna-el-pueblo-de-cine-de-albacete\/#primaryimage"},"thumbnailUrl":"https:\/\/www.escapadarural.com\/blog\/wp-content\/uploads\/2024\/10\/Ayna-3-1.jpg","keywords":["Albacete","Amanece que no es poco","Ayna","Castilla-La Mancha","Cine","longform","Nacimiento del R\u00edo Mundo","reportaje","r\u00edo Mundo","V\u00eddeos sobre el mundo rural"],"articleSection":["Arte y Cultura"],"inLanguage":"es","potentialAction":[{"@type":"CommentAction","name":"Comment","target":["https:\/\/www.escapadarural.com\/blog\/ayna-el-pueblo-de-cine-de-albacete\/#respond"]}]},{"@type":"WebPage","@id":"https:\/\/www.escapadarural.com\/blog\/ayna-el-pueblo-de-cine-de-albacete\/","url":"https:\/\/www.escapadarural.com\/blog\/ayna-el-pueblo-de-cine-de-albacete\/","name":"A\u00fdna, el pueblo de cine de Albacete - EscapadaRural","isPartOf":{"@id":"https:\/\/www.escapadarural.com\/blog\/#website"},"primaryImageOfPage":{"@id":"https:\/\/www.escapadarural.com\/blog\/ayna-el-pueblo-de-cine-de-albacete\/#primaryimage"},"image":{"@id":"https:\/\/www.escapadarural.com\/blog\/ayna-el-pueblo-de-cine-de-albacete\/#primaryimage"},"thumbnailUrl":"https:\/\/www.escapadarural.com\/blog\/wp-content\/uploads\/2024\/10\/Ayna-3-1.jpg","datePublished":"2021-04-29T07:00:00+00:00","dateModified":"2025-08-11T12:43:01+00:00","breadcrumb":{"@id":"https:\/\/www.escapadarural.com\/blog\/ayna-el-pueblo-de-cine-de-albacete\/#breadcrumb"},"inLanguage":"es","potentialAction":[{"@type":"ReadAction","target":["https:\/\/www.escapadarural.com\/blog\/ayna-el-pueblo-de-cine-de-albacete\/"]}]},{"@type":"ImageObject","inLanguage":"es","@id":"https:\/\/www.escapadarural.com\/blog\/ayna-el-pueblo-de-cine-de-albacete\/#primaryimage","url":"https:\/\/www.escapadarural.com\/blog\/wp-content\/uploads\/2024\/10\/Ayna-3-1.jpg","contentUrl":"https:\/\/www.escapadarural.com\/blog\/wp-content\/uploads\/2024\/10\/Ayna-3-1.jpg","width":1024,"height":685,"caption":"Ayna, Albacete"},{"@type":"BreadcrumbList","@id":"https:\/\/www.escapadarural.com\/blog\/ayna-el-pueblo-de-cine-de-albacete\/#breadcrumb","itemListElement":[{"@type":"ListItem","position":1,"name":"Inicio","item":"https:\/\/www.escapadarural.com\/blog\/"},{"@type":"ListItem","position":2,"name":"Arte y Cultura","item":"https:\/\/www.escapadarural.com\/blog\/categoria\/arte-y-cultura\/"},{"@type":"ListItem","position":3,"name":"A\u00fdna, el pueblo de cine de Albacete"}]},{"@type":"WebSite","@id":"https:\/\/www.escapadarural.com\/blog\/#website","url":"https:\/\/www.escapadarural.com\/blog\/","name":"Blog de viajes | turismo rural, alojamientos e inspiraci\u00f3n","description":"Alojamientos rurales e inspiraci\u00f3n para tus escapadas","publisher":{"@id":"https:\/\/www.escapadarural.com\/blog\/#organization"},"alternateName":"Magazine de viajes de EscapadaRural","potentialAction":[{"@type":"SearchAction","target":{"@type":"EntryPoint","urlTemplate":"https:\/\/www.escapadarural.com\/blog\/?s={search_term_string}"},"query-input":{"@type":"PropertyValueSpecification","valueRequired":true,"valueName":"search_term_string"}}],"inLanguage":"es"},{"@type":"Organization","@id":"https:\/\/www.escapadarural.com\/blog\/#organization","name":"EscapadaRural","url":"https:\/\/www.escapadarural.com\/blog\/","logo":{"@type":"ImageObject","inLanguage":"es","@id":"https:\/\/www.escapadarural.com\/blog\/#\/schema\/logo\/image\/","url":"https:\/\/www.escapadarural.com\/blog\/wp-content\/uploads\/2024\/10\/cropped-cropped-escapada-rural-icon-mag-3.png","contentUrl":"https:\/\/www.escapadarural.com\/blog\/wp-content\/uploads\/2024\/10\/cropped-cropped-escapada-rural-icon-mag-3.png","width":512,"height":512,"caption":"EscapadaRural"},"image":{"@id":"https:\/\/www.escapadarural.com\/blog\/#\/schema\/logo\/image\/"},"sameAs":["https:\/\/www.facebook.com\/escapadarural","https:\/\/www.instagram.com\/escapadarural\/","https:\/\/www.youtube.com\/@escapadaruralcom"]},{"@type":"Person","@id":"https:\/\/www.escapadarural.com\/blog\/#\/schema\/person\/a9b46ae4d047d8a2c719f31e75206cff","name":"Laura Fern\u00e1ndez","image":{"@type":"ImageObject","inLanguage":"es","@id":"https:\/\/www.escapadarural.com\/blog\/wp-content\/uploads\/2025\/01\/cropped-laura_raponchii-96x96.jpg","url":"https:\/\/www.escapadarural.com\/blog\/wp-content\/uploads\/2025\/01\/cropped-laura_raponchii-96x96.jpg","contentUrl":"https:\/\/www.escapadarural.com\/blog\/wp-content\/uploads\/2025\/01\/cropped-laura_raponchii-96x96.jpg","caption":"Laura Fern\u00e1ndez"},"description":"Periodista, blogger y viajera. No necesariamente en ese orden. En ocasiones me despierto sin saber d\u00f3nde estoy. Adicta a los c\u00f3mics y a los noodles con salsa de cacahuete. Redactora en @escapadarural, colaboradora en la Conde Nast Traveler y en la Divinity. Mi casa: Meridiano180.","sameAs":["http:\/\/www.meridiano180.com\/"],"url":"https:\/\/www.escapadarural.com\/blog\/autor\/laura\/"}]}},"_links":{"self":[{"href":"https:\/\/www.escapadarural.com\/blog\/wp-json\/wp\/v2\/posts\/11385","targetHints":{"allow":["GET"]}}],"collection":[{"href":"https:\/\/www.escapadarural.com\/blog\/wp-json\/wp\/v2\/posts"}],"about":[{"href":"https:\/\/www.escapadarural.com\/blog\/wp-json\/wp\/v2\/types\/post"}],"author":[{"embeddable":true,"href":"https:\/\/www.escapadarural.com\/blog\/wp-json\/wp\/v2\/users\/89"}],"replies":[{"embeddable":true,"href":"https:\/\/www.escapadarural.com\/blog\/wp-json\/wp\/v2\/comments?post=11385"}],"version-history":[{"count":0,"href":"https:\/\/www.escapadarural.com\/blog\/wp-json\/wp\/v2\/posts\/11385\/revisions"}],"wp:featuredmedia":[{"embeddable":true,"href":"https:\/\/www.escapadarural.com\/blog\/wp-json\/wp\/v2\/media\/101880"}],"wp:attachment":[{"href":"https:\/\/www.escapadarural.com\/blog\/wp-json\/wp\/v2\/media?parent=11385"}],"wp:term":[{"taxonomy":"category","embeddable":true,"href":"https:\/\/www.escapadarural.com\/blog\/wp-json\/wp\/v2\/categories?post=11385"},{"taxonomy":"post_tag","embeddable":true,"href":"https:\/\/www.escapadarural.com\/blog\/wp-json\/wp\/v2\/tags?post=11385"}],"curies":[{"name":"wp","href":"https:\/\/api.w.org\/{rel}","templated":true}]}}