{"id":11419,"date":"2019-06-06T09:31:17","date_gmt":"2019-06-06T08:31:17","guid":{"rendered":"http:\/\/15.188.81.248\/2019\/06\/06\/sabes-donde-se-celebran-estas-fiestas-de-verano\/"},"modified":"2025-06-18T16:25:39","modified_gmt":"2025-06-18T14:25:39","slug":"sabes-donde-se-celebran-estas-fiestas-de-verano","status":"publish","type":"post","link":"https:\/\/www.escapadarural.com\/blog\/sabes-donde-se-celebran-estas-fiestas-de-verano\/","title":{"rendered":"\u00bfSabes d\u00f3nde se celebran estas fiestas de verano?"},"content":{"rendered":"\n<figure class=\"wp-block-image size-large\"><a href=\"https:\/\/www.escapadarural.com\/blog\/wp-content\/uploads\/2019\/06\/haro_vino-1.jpg\"><img decoding=\"async\" src=\"https:\/\/www.escapadarural.com\/blog\/wp-content\/uploads\/2019\/06\/haro_vino-1.jpg\" alt=\"\" class=\"wp-image-24737\"\/><\/a><figcaption class=\"wp-element-caption\">Por Iakov Filimonov<\/figcaption><\/figure>\n\n\n\n<p>Sol, playa, vacaciones y \u00a1fiesta! Durante el verano, Espa\u00f1a no da tregua a las verbenas. El pistoletazo de salida lo dan las diferentes hogueras de San Juan (\u00bfA\u00fan no tienes plan? <a rel=\"noopener noreferrer\" href=\"https:\/\/www.escapadarural.com\/blog\/donde-deberias-de-celebrar-san-juan\/\" target=\"_blank\" class=\"rank-math-link\">Aqu\u00ed<\/a> te damos algunas ideas), para continuar con las ferias, las fiestas de <em>prao<\/em>, del agua, las romer\u00edas, etc.<\/p>\n\n\n\n<p>Algunas de ellas son muy conocidas. Por ejemplo, 7 de julio: San Ferm\u00edn; Y otras nos suenan de verlas cada a\u00f1o en televisi\u00f3n, como La Tomatina o la Fiesta de Las Piraguas. Pero, \u00bfsabr\u00edas decir d\u00f3nde se celebran cada una de ellas? Aqu\u00ed os dejamos una peque\u00f1a lista de algunas de las m\u00e1s populares (por supuesto, hay muchas m\u00e1s. No nos cab\u00edan todas).<\/p>\n\n\n\n<script>(function(d,s,id){var js,fjs=d.getElementsByTagName(s)[0];if(d.getElementById(id))return;js=d.createElement(s);js.id=id;js.src='https:\/\/embed.playbuzz.com\/sdk.js';fjs.parentNode.insertBefore(js,fjs);}(document,'script','playbuzz-sdk'));<\/script>\n<div class=\"playbuzz\" data-id=\"4a085a1f-c2ea-4fdc-831a-200f6771d1c5\" data-show-share=\"false\" data-show-info=\"false\"><\/div>\n","protected":false},"excerpt":{"rendered":"<p>Sol, playa, vacaciones y \u00a1fiesta! Durante el verano, Espa\u00f1a no da tregua a las verbenas. El pistoletazo de salida lo dan las diferentes hogueras de San Juan para continuar con las ferias, las fiestas de prao, del agua, las romer\u00edas, etc. \u00bfSabr\u00edas decir d\u00f3nde se celebran algunas de las fiestas m\u00e1s populares de Espa\u00f1a?<\/p>\n","protected":false},"author":89,"featured_media":112580,"comment_status":"open","ping_status":"closed","sticky":false,"template":"","format":"standard","meta":{"_acf_changed":false,"om_disable_all_campaigns":false,"footnotes":""},"categories":[1144],"tags":[821,1334,1335,625,1143],"class_list":["post-11419","post","type-post","status-publish","format-standard","has-post-thumbnail","hentry","category-tests","tag-fiestas","tag-fiestas-de-interes-turistico-internacional","tag-fiestas-de-interes-turistico-nacional","tag-folclore-y-tradiciones","tag-test"],"acf":[],"featured_image_src":"https:\/\/www.escapadarural.com\/blog\/wp-content\/uploads\/2014\/07\/Fiesta-vikinga-1-1.jpg","author_info":{"display_name":"Laura Fern\u00e1ndez","author_link":"https:\/\/www.escapadarural.com\/blog\/autor\/laura\/"},"yoast_head":"<!-- This site is optimized with the Yoast SEO plugin v27.5 - https:\/\/yoast.com\/product\/yoast-seo-wordpress\/ -->\n<title>\u00bfSabes d\u00f3nde se celebran estas fiestas de verano? - EscapadaRural<\/title>\n<meta name=\"robots\" content=\"index, follow, max-snippet:-1, max-image-preview:large, max-video-preview:-1\" \/>\n<link rel=\"canonical\" href=\"https:\/\/www.escapadarural.com\/blog\/sabes-donde-se-celebran-estas-fiestas-de-verano\/\" \/>\n<meta property=\"og:locale\" content=\"es_ES\" \/>\n<meta property=\"og:type\" content=\"article\" \/>\n<meta property=\"og:title\" content=\"\u00bfSabes d\u00f3nde se celebran estas fiestas de verano? - EscapadaRural\" \/>\n<meta property=\"og:description\" content=\"Sol, playa, vacaciones y \u00a1fiesta! Durante el verano, Espa\u00f1a no da tregua a las verbenas. El pistoletazo de salida lo dan las diferentes hogueras de San Juan para continuar con las ferias, las fiestas de prao, del agua, las romer\u00edas, etc. \u00bfSabr\u00edas decir d\u00f3nde se celebran algunas de las fiestas m\u00e1s populares de Espa\u00f1a?\" \/>\n<meta property=\"og:url\" content=\"https:\/\/www.escapadarural.com\/blog\/sabes-donde-se-celebran-estas-fiestas-de-verano\/\" \/>\n<meta property=\"og:site_name\" content=\"Magazine de viajes de EscapadaRural\" \/>\n<meta property=\"article:publisher\" content=\"https:\/\/www.facebook.com\/escapadarural\" \/>\n<meta property=\"article:published_time\" content=\"2019-06-06T08:31:17+00:00\" \/>\n<meta property=\"article:modified_time\" content=\"2025-06-18T14:25:39+00:00\" \/>\n<meta property=\"og:image\" content=\"https:\/\/www.escapadarural.com\/blog\/wp-content\/uploads\/2014\/07\/Fiesta-vikinga-1-1.jpg\" \/>\n\t<meta property=\"og:image:width\" content=\"900\" \/>\n\t<meta property=\"og:image:height\" content=\"645\" \/>\n\t<meta property=\"og:image:type\" content=\"image\/jpeg\" \/>\n<meta name=\"author\" content=\"Laura Fern\u00e1ndez\" \/>\n<meta name=\"twitter:card\" content=\"summary_large_image\" \/>\n<meta name=\"twitter:label1\" content=\"Escrito por\" \/>\n\t<meta name=\"twitter:data1\" content=\"Laura Fern\u00e1ndez\" \/>\n\t<meta name=\"twitter:label2\" content=\"Tiempo de lectura\" \/>\n\t<meta name=\"twitter:data2\" content=\"1 minuto\" \/>\n<script type=\"application\/ld+json\" class=\"yoast-schema-graph\">{\"@context\":\"https:\\\/\\\/schema.org\",\"@graph\":[{\"@type\":\"Article\",\"@id\":\"https:\\\/\\\/www.escapadarural.com\\\/blog\\\/sabes-donde-se-celebran-estas-fiestas-de-verano\\\/#article\",\"isPartOf\":{\"@id\":\"https:\\\/\\\/www.escapadarural.com\\\/blog\\\/sabes-donde-se-celebran-estas-fiestas-de-verano\\\/\"},\"author\":{\"name\":\"Laura Fern\u00e1ndez\",\"@id\":\"https:\\\/\\\/www.escapadarural.com\\\/blog\\\/#\\\/schema\\\/person\\\/a9b46ae4d047d8a2c719f31e75206cff\"},\"headline\":\"\u00bfSabes d\u00f3nde se celebran estas fiestas de verano?\",\"datePublished\":\"2019-06-06T08:31:17+00:00\",\"dateModified\":\"2025-06-18T14:25:39+00:00\",\"mainEntityOfPage\":{\"@id\":\"https:\\\/\\\/www.escapadarural.com\\\/blog\\\/sabes-donde-se-celebran-estas-fiestas-de-verano\\\/\"},\"wordCount\":136,\"commentCount\":4,\"publisher\":{\"@id\":\"https:\\\/\\\/www.escapadarural.com\\\/blog\\\/#organization\"},\"image\":{\"@id\":\"https:\\\/\\\/www.escapadarural.com\\\/blog\\\/sabes-donde-se-celebran-estas-fiestas-de-verano\\\/#primaryimage\"},\"thumbnailUrl\":\"https:\\\/\\\/www.escapadarural.com\\\/blog\\\/wp-content\\\/uploads\\\/2014\\\/07\\\/Fiesta-vikinga-1-1.jpg\",\"keywords\":[\"Fiestas\",\"Fiestas de Inter\u00e9s Tur\u00edstico Internacional\",\"Fiestas de Inter\u00e9s Tur\u00edstico Nacional\",\"Folclore y tradiciones\",\"test\"],\"articleSection\":[\"Tests\"],\"inLanguage\":\"es\",\"potentialAction\":[{\"@type\":\"CommentAction\",\"name\":\"Comment\",\"target\":[\"https:\\\/\\\/www.escapadarural.com\\\/blog\\\/sabes-donde-se-celebran-estas-fiestas-de-verano\\\/#respond\"]}]},{\"@type\":\"WebPage\",\"@id\":\"https:\\\/\\\/www.escapadarural.com\\\/blog\\\/sabes-donde-se-celebran-estas-fiestas-de-verano\\\/\",\"url\":\"https:\\\/\\\/www.escapadarural.com\\\/blog\\\/sabes-donde-se-celebran-estas-fiestas-de-verano\\\/\",\"name\":\"\u00bfSabes d\u00f3nde se celebran estas fiestas de verano? - EscapadaRural\",\"isPartOf\":{\"@id\":\"https:\\\/\\\/www.escapadarural.com\\\/blog\\\/#website\"},\"primaryImageOfPage\":{\"@id\":\"https:\\\/\\\/www.escapadarural.com\\\/blog\\\/sabes-donde-se-celebran-estas-fiestas-de-verano\\\/#primaryimage\"},\"image\":{\"@id\":\"https:\\\/\\\/www.escapadarural.com\\\/blog\\\/sabes-donde-se-celebran-estas-fiestas-de-verano\\\/#primaryimage\"},\"thumbnailUrl\":\"https:\\\/\\\/www.escapadarural.com\\\/blog\\\/wp-content\\\/uploads\\\/2014\\\/07\\\/Fiesta-vikinga-1-1.jpg\",\"datePublished\":\"2019-06-06T08:31:17+00:00\",\"dateModified\":\"2025-06-18T14:25:39+00:00\",\"breadcrumb\":{\"@id\":\"https:\\\/\\\/www.escapadarural.com\\\/blog\\\/sabes-donde-se-celebran-estas-fiestas-de-verano\\\/#breadcrumb\"},\"inLanguage\":\"es\",\"potentialAction\":[{\"@type\":\"ReadAction\",\"target\":[\"https:\\\/\\\/www.escapadarural.com\\\/blog\\\/sabes-donde-se-celebran-estas-fiestas-de-verano\\\/\"]}]},{\"@type\":\"ImageObject\",\"inLanguage\":\"es\",\"@id\":\"https:\\\/\\\/www.escapadarural.com\\\/blog\\\/sabes-donde-se-celebran-estas-fiestas-de-verano\\\/#primaryimage\",\"url\":\"https:\\\/\\\/www.escapadarural.com\\\/blog\\\/wp-content\\\/uploads\\\/2014\\\/07\\\/Fiesta-vikinga-1-1.jpg\",\"contentUrl\":\"https:\\\/\\\/www.escapadarural.com\\\/blog\\\/wp-content\\\/uploads\\\/2014\\\/07\\\/Fiesta-vikinga-1-1.jpg\",\"width\":900,\"height\":645,\"caption\":\"Dos barcos de madera de estilo vikingo con escudos rojos navegan por un r\u00edo, atestado de gente con trajes vikingos. Perfecta para una escapada rural, la escena presenta colinas boscosas y edificios de fondo.\"},{\"@type\":\"BreadcrumbList\",\"@id\":\"https:\\\/\\\/www.escapadarural.com\\\/blog\\\/sabes-donde-se-celebran-estas-fiestas-de-verano\\\/#breadcrumb\",\"itemListElement\":[{\"@type\":\"ListItem\",\"position\":1,\"name\":\"Inicio\",\"item\":\"https:\\\/\\\/www.escapadarural.com\\\/blog\\\/\"},{\"@type\":\"ListItem\",\"position\":2,\"name\":\"Tests\",\"item\":\"https:\\\/\\\/www.escapadarural.com\\\/blog\\\/categoria\\\/tests\\\/\"},{\"@type\":\"ListItem\",\"position\":3,\"name\":\"\u00bfSabes d\u00f3nde se celebran estas fiestas de verano?\"}]},{\"@type\":\"WebSite\",\"@id\":\"https:\\\/\\\/www.escapadarural.com\\\/blog\\\/#website\",\"url\":\"https:\\\/\\\/www.escapadarural.com\\\/blog\\\/\",\"name\":\"Blog de viajes | turismo rural, alojamientos e inspiraci\u00f3n\",\"description\":\"Alojamientos rurales e inspiraci\u00f3n para tus escapadas\",\"publisher\":{\"@id\":\"https:\\\/\\\/www.escapadarural.com\\\/blog\\\/#organization\"},\"alternateName\":\"Magazine de viajes de EscapadaRural\",\"potentialAction\":[{\"@type\":\"SearchAction\",\"target\":{\"@type\":\"EntryPoint\",\"urlTemplate\":\"https:\\\/\\\/www.escapadarural.com\\\/blog\\\/?s={search_term_string}\"},\"query-input\":{\"@type\":\"PropertyValueSpecification\",\"valueRequired\":true,\"valueName\":\"search_term_string\"}}],\"inLanguage\":\"es\"},{\"@type\":\"Organization\",\"@id\":\"https:\\\/\\\/www.escapadarural.com\\\/blog\\\/#organization\",\"name\":\"EscapadaRural\",\"url\":\"https:\\\/\\\/www.escapadarural.com\\\/blog\\\/\",\"logo\":{\"@type\":\"ImageObject\",\"inLanguage\":\"es\",\"@id\":\"https:\\\/\\\/www.escapadarural.com\\\/blog\\\/#\\\/schema\\\/logo\\\/image\\\/\",\"url\":\"https:\\\/\\\/www.escapadarural.com\\\/blog\\\/wp-content\\\/uploads\\\/2024\\\/10\\\/cropped-cropped-escapada-rural-icon-mag-3.png\",\"contentUrl\":\"https:\\\/\\\/www.escapadarural.com\\\/blog\\\/wp-content\\\/uploads\\\/2024\\\/10\\\/cropped-cropped-escapada-rural-icon-mag-3.png\",\"width\":512,\"height\":512,\"caption\":\"EscapadaRural\"},\"image\":{\"@id\":\"https:\\\/\\\/www.escapadarural.com\\\/blog\\\/#\\\/schema\\\/logo\\\/image\\\/\"},\"sameAs\":[\"https:\\\/\\\/www.facebook.com\\\/escapadarural\",\"https:\\\/\\\/www.instagram.com\\\/escapadarural\\\/\",\"https:\\\/\\\/www.youtube.com\\\/@escapadaruralcom\"]},{\"@type\":\"Person\",\"@id\":\"https:\\\/\\\/www.escapadarural.com\\\/blog\\\/#\\\/schema\\\/person\\\/a9b46ae4d047d8a2c719f31e75206cff\",\"name\":\"Laura Fern\u00e1ndez\",\"image\":{\"@type\":\"ImageObject\",\"inLanguage\":\"es\",\"@id\":\"https:\\\/\\\/www.escapadarural.com\\\/blog\\\/wp-content\\\/uploads\\\/2025\\\/01\\\/cropped-laura_raponchii-96x96.jpg\",\"url\":\"https:\\\/\\\/www.escapadarural.com\\\/blog\\\/wp-content\\\/uploads\\\/2025\\\/01\\\/cropped-laura_raponchii-96x96.jpg\",\"contentUrl\":\"https:\\\/\\\/www.escapadarural.com\\\/blog\\\/wp-content\\\/uploads\\\/2025\\\/01\\\/cropped-laura_raponchii-96x96.jpg\",\"caption\":\"Laura Fern\u00e1ndez\"},\"description\":\"Periodista, blogger y viajera. No necesariamente en ese orden. En ocasiones me despierto sin saber d\u00f3nde estoy. Adicta a los c\u00f3mics y a los noodles con salsa de cacahuete. Redactora en @escapadarural, colaboradora en la Conde Nast Traveler y en la Divinity. Mi casa: Meridiano180.\",\"sameAs\":[\"http:\\\/\\\/www.meridiano180.com\\\/\"],\"url\":\"https:\\\/\\\/www.escapadarural.com\\\/blog\\\/autor\\\/laura\\\/\"}]}<\/script>\n<!-- \/ Yoast SEO plugin. -->","yoast_head_json":{"title":"\u00bfSabes d\u00f3nde se celebran estas fiestas de verano? - EscapadaRural","robots":{"index":"index","follow":"follow","max-snippet":"max-snippet:-1","max-image-preview":"max-image-preview:large","max-video-preview":"max-video-preview:-1"},"canonical":"https:\/\/www.escapadarural.com\/blog\/sabes-donde-se-celebran-estas-fiestas-de-verano\/","og_locale":"es_ES","og_type":"article","og_title":"\u00bfSabes d\u00f3nde se celebran estas fiestas de verano? - EscapadaRural","og_description":"Sol, playa, vacaciones y \u00a1fiesta! Durante el verano, Espa\u00f1a no da tregua a las verbenas. El pistoletazo de salida lo dan las diferentes hogueras de San Juan para continuar con las ferias, las fiestas de prao, del agua, las romer\u00edas, etc. \u00bfSabr\u00edas decir d\u00f3nde se celebran algunas de las fiestas m\u00e1s populares de Espa\u00f1a?","og_url":"https:\/\/www.escapadarural.com\/blog\/sabes-donde-se-celebran-estas-fiestas-de-verano\/","og_site_name":"Magazine de viajes de EscapadaRural","article_publisher":"https:\/\/www.facebook.com\/escapadarural","article_published_time":"2019-06-06T08:31:17+00:00","article_modified_time":"2025-06-18T14:25:39+00:00","og_image":[{"width":900,"height":645,"url":"https:\/\/www.escapadarural.com\/blog\/wp-content\/uploads\/2014\/07\/Fiesta-vikinga-1-1.jpg","type":"image\/jpeg"}],"author":"Laura Fern\u00e1ndez","twitter_card":"summary_large_image","twitter_misc":{"Escrito por":"Laura Fern\u00e1ndez","Tiempo de lectura":"1 minuto"},"schema":{"@context":"https:\/\/schema.org","@graph":[{"@type":"Article","@id":"https:\/\/www.escapadarural.com\/blog\/sabes-donde-se-celebran-estas-fiestas-de-verano\/#article","isPartOf":{"@id":"https:\/\/www.escapadarural.com\/blog\/sabes-donde-se-celebran-estas-fiestas-de-verano\/"},"author":{"name":"Laura Fern\u00e1ndez","@id":"https:\/\/www.escapadarural.com\/blog\/#\/schema\/person\/a9b46ae4d047d8a2c719f31e75206cff"},"headline":"\u00bfSabes d\u00f3nde se celebran estas fiestas de verano?","datePublished":"2019-06-06T08:31:17+00:00","dateModified":"2025-06-18T14:25:39+00:00","mainEntityOfPage":{"@id":"https:\/\/www.escapadarural.com\/blog\/sabes-donde-se-celebran-estas-fiestas-de-verano\/"},"wordCount":136,"commentCount":4,"publisher":{"@id":"https:\/\/www.escapadarural.com\/blog\/#organization"},"image":{"@id":"https:\/\/www.escapadarural.com\/blog\/sabes-donde-se-celebran-estas-fiestas-de-verano\/#primaryimage"},"thumbnailUrl":"https:\/\/www.escapadarural.com\/blog\/wp-content\/uploads\/2014\/07\/Fiesta-vikinga-1-1.jpg","keywords":["Fiestas","Fiestas de Inter\u00e9s Tur\u00edstico Internacional","Fiestas de Inter\u00e9s Tur\u00edstico Nacional","Folclore y tradiciones","test"],"articleSection":["Tests"],"inLanguage":"es","potentialAction":[{"@type":"CommentAction","name":"Comment","target":["https:\/\/www.escapadarural.com\/blog\/sabes-donde-se-celebran-estas-fiestas-de-verano\/#respond"]}]},{"@type":"WebPage","@id":"https:\/\/www.escapadarural.com\/blog\/sabes-donde-se-celebran-estas-fiestas-de-verano\/","url":"https:\/\/www.escapadarural.com\/blog\/sabes-donde-se-celebran-estas-fiestas-de-verano\/","name":"\u00bfSabes d\u00f3nde se celebran estas fiestas de verano? - EscapadaRural","isPartOf":{"@id":"https:\/\/www.escapadarural.com\/blog\/#website"},"primaryImageOfPage":{"@id":"https:\/\/www.escapadarural.com\/blog\/sabes-donde-se-celebran-estas-fiestas-de-verano\/#primaryimage"},"image":{"@id":"https:\/\/www.escapadarural.com\/blog\/sabes-donde-se-celebran-estas-fiestas-de-verano\/#primaryimage"},"thumbnailUrl":"https:\/\/www.escapadarural.com\/blog\/wp-content\/uploads\/2014\/07\/Fiesta-vikinga-1-1.jpg","datePublished":"2019-06-06T08:31:17+00:00","dateModified":"2025-06-18T14:25:39+00:00","breadcrumb":{"@id":"https:\/\/www.escapadarural.com\/blog\/sabes-donde-se-celebran-estas-fiestas-de-verano\/#breadcrumb"},"inLanguage":"es","potentialAction":[{"@type":"ReadAction","target":["https:\/\/www.escapadarural.com\/blog\/sabes-donde-se-celebran-estas-fiestas-de-verano\/"]}]},{"@type":"ImageObject","inLanguage":"es","@id":"https:\/\/www.escapadarural.com\/blog\/sabes-donde-se-celebran-estas-fiestas-de-verano\/#primaryimage","url":"https:\/\/www.escapadarural.com\/blog\/wp-content\/uploads\/2014\/07\/Fiesta-vikinga-1-1.jpg","contentUrl":"https:\/\/www.escapadarural.com\/blog\/wp-content\/uploads\/2014\/07\/Fiesta-vikinga-1-1.jpg","width":900,"height":645,"caption":"Dos barcos de madera de estilo vikingo con escudos rojos navegan por un r\u00edo, atestado de gente con trajes vikingos. Perfecta para una escapada rural, la escena presenta colinas boscosas y edificios de fondo."},{"@type":"BreadcrumbList","@id":"https:\/\/www.escapadarural.com\/blog\/sabes-donde-se-celebran-estas-fiestas-de-verano\/#breadcrumb","itemListElement":[{"@type":"ListItem","position":1,"name":"Inicio","item":"https:\/\/www.escapadarural.com\/blog\/"},{"@type":"ListItem","position":2,"name":"Tests","item":"https:\/\/www.escapadarural.com\/blog\/categoria\/tests\/"},{"@type":"ListItem","position":3,"name":"\u00bfSabes d\u00f3nde se celebran estas fiestas de verano?"}]},{"@type":"WebSite","@id":"https:\/\/www.escapadarural.com\/blog\/#website","url":"https:\/\/www.escapadarural.com\/blog\/","name":"Blog de viajes | turismo rural, alojamientos e inspiraci\u00f3n","description":"Alojamientos rurales e inspiraci\u00f3n para tus escapadas","publisher":{"@id":"https:\/\/www.escapadarural.com\/blog\/#organization"},"alternateName":"Magazine de viajes de EscapadaRural","potentialAction":[{"@type":"SearchAction","target":{"@type":"EntryPoint","urlTemplate":"https:\/\/www.escapadarural.com\/blog\/?s={search_term_string}"},"query-input":{"@type":"PropertyValueSpecification","valueRequired":true,"valueName":"search_term_string"}}],"inLanguage":"es"},{"@type":"Organization","@id":"https:\/\/www.escapadarural.com\/blog\/#organization","name":"EscapadaRural","url":"https:\/\/www.escapadarural.com\/blog\/","logo":{"@type":"ImageObject","inLanguage":"es","@id":"https:\/\/www.escapadarural.com\/blog\/#\/schema\/logo\/image\/","url":"https:\/\/www.escapadarural.com\/blog\/wp-content\/uploads\/2024\/10\/cropped-cropped-escapada-rural-icon-mag-3.png","contentUrl":"https:\/\/www.escapadarural.com\/blog\/wp-content\/uploads\/2024\/10\/cropped-cropped-escapada-rural-icon-mag-3.png","width":512,"height":512,"caption":"EscapadaRural"},"image":{"@id":"https:\/\/www.escapadarural.com\/blog\/#\/schema\/logo\/image\/"},"sameAs":["https:\/\/www.facebook.com\/escapadarural","https:\/\/www.instagram.com\/escapadarural\/","https:\/\/www.youtube.com\/@escapadaruralcom"]},{"@type":"Person","@id":"https:\/\/www.escapadarural.com\/blog\/#\/schema\/person\/a9b46ae4d047d8a2c719f31e75206cff","name":"Laura Fern\u00e1ndez","image":{"@type":"ImageObject","inLanguage":"es","@id":"https:\/\/www.escapadarural.com\/blog\/wp-content\/uploads\/2025\/01\/cropped-laura_raponchii-96x96.jpg","url":"https:\/\/www.escapadarural.com\/blog\/wp-content\/uploads\/2025\/01\/cropped-laura_raponchii-96x96.jpg","contentUrl":"https:\/\/www.escapadarural.com\/blog\/wp-content\/uploads\/2025\/01\/cropped-laura_raponchii-96x96.jpg","caption":"Laura Fern\u00e1ndez"},"description":"Periodista, blogger y viajera. No necesariamente en ese orden. En ocasiones me despierto sin saber d\u00f3nde estoy. Adicta a los c\u00f3mics y a los noodles con salsa de cacahuete. Redactora en @escapadarural, colaboradora en la Conde Nast Traveler y en la Divinity. Mi casa: Meridiano180.","sameAs":["http:\/\/www.meridiano180.com\/"],"url":"https:\/\/www.escapadarural.com\/blog\/autor\/laura\/"}]}},"_links":{"self":[{"href":"https:\/\/www.escapadarural.com\/blog\/wp-json\/wp\/v2\/posts\/11419","targetHints":{"allow":["GET"]}}],"collection":[{"href":"https:\/\/www.escapadarural.com\/blog\/wp-json\/wp\/v2\/posts"}],"about":[{"href":"https:\/\/www.escapadarural.com\/blog\/wp-json\/wp\/v2\/types\/post"}],"author":[{"embeddable":true,"href":"https:\/\/www.escapadarural.com\/blog\/wp-json\/wp\/v2\/users\/89"}],"replies":[{"embeddable":true,"href":"https:\/\/www.escapadarural.com\/blog\/wp-json\/wp\/v2\/comments?post=11419"}],"version-history":[{"count":0,"href":"https:\/\/www.escapadarural.com\/blog\/wp-json\/wp\/v2\/posts\/11419\/revisions"}],"wp:featuredmedia":[{"embeddable":true,"href":"https:\/\/www.escapadarural.com\/blog\/wp-json\/wp\/v2\/media\/112580"}],"wp:attachment":[{"href":"https:\/\/www.escapadarural.com\/blog\/wp-json\/wp\/v2\/media?parent=11419"}],"wp:term":[{"taxonomy":"category","embeddable":true,"href":"https:\/\/www.escapadarural.com\/blog\/wp-json\/wp\/v2\/categories?post=11419"},{"taxonomy":"post_tag","embeddable":true,"href":"https:\/\/www.escapadarural.com\/blog\/wp-json\/wp\/v2\/tags?post=11419"}],"curies":[{"name":"wp","href":"https:\/\/api.w.org\/{rel}","templated":true}]}}