{"id":11458,"date":"2019-06-07T09:30:37","date_gmt":"2019-06-07T08:30:37","guid":{"rendered":"http:\/\/15.188.81.248\/2019\/06\/07\/festivales-de-flores-de-espana\/"},"modified":"2026-02-05T14:23:23","modified_gmt":"2026-02-05T13:23:23","slug":"festivales-de-flores-de-espana","status":"publish","type":"post","link":"https:\/\/www.escapadarural.com\/blog\/festivales-de-flores-de-espana\/","title":{"rendered":"Festivales de flores de Espa\u00f1a"},"content":{"rendered":"\n<figure class=\"wp-block-image size-large\"><a href=\"https:\/\/www.escapadarural.com\/blog\/wp-content\/uploads\/2019\/06\/Patios-cordobeses-74-1.jpg\"><img decoding=\"async\" src=\"https:\/\/www.escapadarural.com\/blog\/wp-content\/uploads\/2019\/06\/Patios-cordobeses-74-1.jpg\" alt=\"Patios de C\u00f3rdoba\" class=\"wp-image-24725\"\/><\/a><figcaption>Patios de C\u00f3rdoba. Por Balate Dorin<\/figcaption><\/figure>\n\n\n\n<p>Si hubiera que escoger una forma de dar color al mundo, seguramente, las flores serian la mejor de las formas. La variedad crom\u00e1tica parece infinita y la belleza, as\u00ed como la fragancia, est\u00e1 asegurada. Adem\u00e1s, las flores funcionan como un lenguaje universal.<\/p>\n\n\n\n<p>Sobre todo durante la primavera y principios de verano, cuando se organizan eventos populares que giran alrededor de las flores. Son los destinos m\u00e1s coloridos que lucen como vibrantes jardines por unos d\u00edas. As\u00ed son los principales festivales de flores que dan color a Espa\u00f1a.<\/p>\n\n\n\n<!--more-->\n\n\n\n<h2 class=\"title-rute wp-block-heading\">De flor en flor por Espa\u00f1a<\/h2>\n\n\n\n<h2 class=\"title-rute wp-block-heading\">Batalla de Flores de Laredo (Cantabria)<\/h2>\n\n\n\n<figure class=\"wp-block-image size-large\"><a href=\"https:\/\/www.escapadarural.com\/blog\/wp-content\/uploads\/2019\/06\/Batalladeflores-1.jpg\"><img decoding=\"async\" src=\"https:\/\/www.escapadarural.com\/blog\/wp-content\/uploads\/2019\/06\/Batalladeflores-1-1024x768.jpg\" alt=\"Batalla de Flores\" class=\"wp-image-24724\"\/><\/a><figcaption>Por Axel Presno<\/figcaption><\/figure>\n\n\n\n<p>Ojal\u00e1 todas las batallas del mundo usaran como \u00fanico armamento las flores. Eso es lo que uno piensa cuando conoce el particular carnaval florido de Laredo, la famosa Batalla de Flores. Una competici\u00f3n art\u00edstica y muy imaginativa declarada Fiesta de Inter\u00e9s Tur\u00edstico Nacional. Una tradici\u00f3n que se remonta a principios del siglo XX, cuando con la <em>Belle \u00c9poque<\/em>, el pueblo se convirti\u00f3 en el destino predilecto de la burgues\u00eda c\u00e1ntabra.<\/p>\n\n\n\n<p>Cada 24 de agosto, la villa marinera de Laredo se llena de magia floral. Si por lo com\u00fan, es el verde de los prados y el azul del mar los colores que dominan en este pueblo de <a rel=\"noopener noreferrer\" href=\"https:\/\/www.escapadarural.com\/casas-rurales\/cantabria\" target=\"_blank\" class=\"rank-math-link\">Cantabria<\/a> \u2013uno de los m\u00e1s bellos\u2013, cuando llega el d\u00eda de la Batalla de Flores, las calles se llenan de dalias, clavelones y margaritas.<\/p>\n\n\n\n<p>A lo largo del a\u00f1o, los grupos carrocistas preparan sus alegor\u00edas con el fin de alzarse con el primer premio. La maravilla y la imaginaci\u00f3n que desprenden cada una de las carrozas que compiten en este particular carnaval son para dejarte con la boca abierta.<\/p>\n\n\n\n<h2 class=\"title-rute wp-block-heading\">La Fiesta del Cerezo en Flor (Extremadura)<\/h2>\n\n\n\n<figure class=\"wp-block-image size-large\"><a href=\"https:\/\/www.escapadarural.com\/blog\/wp-content\/uploads\/2019\/06\/Valle-del-Jerte-1-1-1.jpg\"><img decoding=\"async\" src=\"https:\/\/www.escapadarural.com\/blog\/wp-content\/uploads\/2019\/06\/Valle-del-Jerte-1-1-1.jpg\" alt=\"Valle del Jerte\" class=\"wp-image-24723\"\/><\/a><figcaption>Por guillermohor<\/figcaption><\/figure>\n\n\n\n<p>Es dif\u00edcil no caer en el hechizo de millones de cerezos dando la bienvenida al buen tiempo extendiendo un manto de color blanco y tonos rosados, casi como si fuera terciopelo, entre las ramas de los \u00e1rboles del <a rel=\"noopener noreferrer\" href=\"https:\/\/www.escapadarural.com\/casas-rurales\/valle-del-jerte\" target=\"_blank\" class=\"rank-math-link\">valle del Jerte<\/a>. Un espect\u00e1culo que se celebra cada a\u00f1o con la Fiesta del Cerezo en Flor.<\/p>\n\n\n\n<p>Caminos flanqueados de cerezos dan la bienvenida a uno de los destinos florales m\u00e1s populares de Espa\u00f1a. El valle del Jerte ocupa un \u00e1rea de casi 400 kil\u00f3metros cuadrados. Las fechas del festival var\u00edan cada a\u00f1o en funci\u00f3n de la climatolog\u00eda, pero el pistoletazo de salida lo dan los primeros cerezos en florecer, que lo hacen hacia finales de marzo y se alarga hasta principios de abril. Hay que estar muy atentos para no perderse este espect\u00e1culo de la naturaleza.<\/p>\n\n\n\n<p>Adem\u00e1s de la maravilla de los cerezos en flor, vale la pena recorrer los diferentes pueblos del valle, porque suelen coincidir con diferentes eventos culturales y gastron\u00f3micos. Entre campos, bodegas, lagares y pintorescos pueblos con casas que mantienen la arquitectura tradicional del valle del Jerte.<\/p>\n\n\n\n<h2 class=\"title-rute wp-block-heading\">Temps de Flors (Girona)<\/h2>\n\n\n\n<figure class=\"wp-block-image size-large\"><a href=\"https:\/\/www.escapadarural.com\/blog\/wp-content\/uploads\/2019\/06\/1200px-Joc_de_Flors_4-1.jpg\"><img decoding=\"async\" src=\"https:\/\/www.escapadarural.com\/blog\/wp-content\/uploads\/2019\/06\/1200px-Joc_de_Flors_4-1-1024x768.jpg\" alt=\"Joc de Flors\" class=\"wp-image-24722\"\/><\/a><figcaption>Por Laura.Girona<\/figcaption><\/figure>\n\n\n\n<p>Cada mes de mayo, la ciudad de <a rel=\"noopener noreferrer\" href=\"https:\/\/www.escapadarural.com\/casas-rurales\/girona\" target=\"_blank\" class=\"rank-math-link\">Girona<\/a> se convierte en un jard\u00edn entre monumentos y calles del centro hist\u00f3rico. En concreto, la segunda semana del mes. Todo comenz\u00f3 el a\u00f1o 1954 con una peque\u00f1a muestra floral en el Sal\u00f3 de Descans del Teatre Municipal. Hoy, aquella peque\u00f1a muestra se ha convertido en uno de los acontecimientos m\u00e1s conocidos de la Costa Brava hasta el punto que incluso la revista Traveller National Geographic escogi\u00f3 en 2013 a Girona como \u201cuno de los destinos del mundo para viajar en primavera\u201d.<\/p>\n\n\n\n<p>Toda la ciudad se llena de muestras florales cl\u00e1sicas y experimentales, verdaderas sorpresas art\u00edsticas que llegan a ocupar m\u00e1s de ciento cincuenta enclaves tan importantes como el edificio de los ba\u00f1os \u00e1rabes, la popular calle Santa Clara, la plaza de Santo Domingo, o incluso el monasterio de San Daniel, mientras que las murallas medievales se convierten en un sendero ajardinado. Lo habitual es seguir el circuito se\u00f1alado para no perdernos ninguna de las instalaciones florales.<\/p>\n\n\n\n<h2 class=\"title-rute wp-block-heading\">Los patios de C\u00f3rdoba<\/h2>\n\n\n\n<figure class=\"wp-block-image size-large\"><a href=\"https:\/\/www.escapadarural.com\/blog\/wp-content\/uploads\/2019\/06\/Patios-cordobeses-76-1.jpg\"><img decoding=\"async\" src=\"https:\/\/www.escapadarural.com\/blog\/wp-content\/uploads\/2019\/06\/Patios-cordobeses-76-1.jpg\" alt=\"Patios de C\u00f3rdoba\" class=\"wp-image-24721\"\/><\/a><figcaption>Por Balate Dorin<\/figcaption><\/figure>\n\n\n\n<p>En mayo todo el mundo habla de <a rel=\"noopener noreferrer\" href=\"https:\/\/www.escapadarural.com\/casas-rurales\/cordoba\" target=\"_blank\" class=\"rank-math-link\">C\u00f3rdoba<\/a>, o mejor dicho, de los coloridos patios que hay a lo largo y ancho de la ciudad. Domina el aroma dulz\u00f3n de los jazmines y el colorido de los geranios que se expanden a trav\u00e9s de diversas macetas. Durante la primera quincena de mayo, los patios de C\u00f3rdoba se visten de etiqueta. El agua que juega saltarina en las fuentes, los pozos, el murmullo interior de las casas, la luz haciendo brillar las paredes encaladas. Tal es el nivel del espect\u00e1culo montado que la fiesta se declar\u00f3 de Inter\u00e9s Tur\u00edstico Nacional y como Patrimonio Inmaterial Cultural de la Humanidad por la Unesco.<\/p>\n\n\n\n<p>La Fiesta de los Patios de C\u00f3rdoba se organiza en los diferentes barrios. Sobresale, eso s\u00ed, el del Alc\u00e1zar Viejo. No se quedan atr\u00e1s Santa Marina, San Lorenzo o la Magdalena. Se pueden visitar todos ellos de forma gratuita siguiendo un plano donde aparecen los patios ubicados que compiten en dos categor\u00edas: la de \u201cpatio tradicional\u201d y la de \u201cpatio de construcci\u00f3n moderna\u201d.<\/p>\n\n\n\n<p>Sin duda, mayo es el mes m\u00e1s especial para viajar a C\u00f3rdoba: y no s\u00f3lo por los patios decorados, tambi\u00e9n es el mes en el que se celebra la fiesta de Las Cruces en la que destacan las cruces de gran tama\u00f1o confeccionadas con claveles, geranios, gitanillas y mantones de manila.<\/p>\n\n\n\n<h2 class=\"title-rute wp-block-heading\">Concurso Internacional de Rosas Nuevas (Barcelona)<\/h2>\n\n\n\n<figure class=\"wp-block-embed-youtube wp-block-embed is-type-video is-provider-youtube wp-embed-aspect-16-9 wp-has-aspect-ratio\"><div class=\"wp-block-embed__wrapper\">\n<span class=\"TNR1896zr34KGHvlDB0kA2aCpVyZ7dfJegt\"><div class=\"video-shortcode\"><iframe title=\"18\u00e8 Concurs Internacional de Roses Noves\" width=\"1200\" height=\"675\" src=\"https:\/\/www.youtube.com\/embed\/N6cs_OLjYz4?feature=oembed\" frameborder=\"0\" allow=\"accelerometer; autoplay; clipboard-write; encrypted-media; gyroscope; picture-in-picture; web-share\" referrerpolicy=\"strict-origin-when-cross-origin\" allowfullscreen><\/iframe><\/div><\/span>\n<\/div><\/figure>\n\n\n\n<p>Justo en el l\u00edmite con el t\u00e9rmino municipal de Esplugas de Llobregat, en esa parte en la que la ciudad juega a ser rural, se encuentra unos de los jardines m\u00e1s bellos de <a rel=\"noopener noreferrer\" href=\"https:\/\/www.escapadarural.com\/casas-rurales\/Barcelona\" target=\"_blank\" class=\"rank-math-link\">Barcelona<\/a>: el parque Cervantes. En \u00e9l se celebra cada a\u00f1o el Concurso Internacional de Rosas Nuevas de Barcelona. Estas rosas son pura ingenier\u00eda floral, joyas cruzadas con el fin de destacar las caracter\u00edsticas de los rosales. Muchas de ellas son in\u00e9ditas, rosas que no se han comercializado a\u00fan.<\/p>\n\n\n\n<p>Creado en 1965 por los arquitectos Llu\u00eds Riudor y Joaquim M. Casamor, este jard\u00edn muestra la historia de los rosales a trav\u00e9s de sus senderos, lejos del constante tr\u00e1fico y ruido de los coches que entran y salen de la gran ciudad. En los espacios habilitados se pueden contemplar los rosales galardonados en las diferentes ediciones.<\/p>\n\n\n\n<p>En el a\u00f1o 2009, esta maravillosa rosaleda digna de los mejores poemas de la historia recibi\u00f3 el Garden Award Excellence, un importante galard\u00f3n de la World Federation of Rose Societies que remarcaba as\u00ed su vital importancia hist\u00f3rica y educativa adem\u00e1s de su evidente belleza.<\/p>\n","protected":false},"excerpt":{"rendered":"<p>Durante la primavera y principios de verano se organizan eventos populares que giran alrededor de las flores. Son los destinos m\u00e1s coloridos que lucen como vibrantes jardines por unos d\u00edas. As\u00ed son los principales festivales de flores que dan color a Espa\u00f1a.<\/p>\n","protected":false},"author":112,"featured_media":103507,"comment_status":"open","ping_status":"closed","sticky":false,"template":"","format":"standard","meta":{"_acf_changed":false,"om_disable_all_campaigns":false,"footnotes":""},"categories":[231],"tags":[2334,1005,215,257],"class_list":["post-11458","post","type-post","status-publish","format-standard","has-post-thumbnail","hentry","category-arte-y-cultura","tag-festivales-de-flores","tag-flores","tag-listado","tag-primavera"],"acf":[],"featured_image_src":"https:\/\/www.escapadarural.com\/blog\/wp-content\/uploads\/2024\/10\/Patios-cordobeses-74-1-1.jpg","author_info":{"display_name":"Jos\u00e9 Alejandro Adamuz","author_link":"https:\/\/www.escapadarural.com\/blog\/autor\/josealejandro\/"},"yoast_head":"<!-- This site is optimized with the Yoast SEO plugin v27.5 - https:\/\/yoast.com\/product\/yoast-seo-wordpress\/ -->\n<title>Festivales de flores de Espa\u00f1a - EscapadaRural<\/title>\n<meta name=\"robots\" content=\"index, follow, max-snippet:-1, max-image-preview:large, max-video-preview:-1\" \/>\n<link rel=\"canonical\" href=\"https:\/\/www.escapadarural.com\/blog\/festivales-de-flores-de-espana\/\" \/>\n<meta property=\"og:locale\" content=\"es_ES\" \/>\n<meta property=\"og:type\" content=\"article\" \/>\n<meta property=\"og:title\" content=\"Festivales de flores de Espa\u00f1a - EscapadaRural\" \/>\n<meta property=\"og:description\" content=\"Durante la primavera y principios de verano se organizan eventos populares que giran alrededor de las flores. Son los destinos m\u00e1s coloridos que lucen como vibrantes jardines por unos d\u00edas. As\u00ed son los principales festivales de flores que dan color a Espa\u00f1a.\" \/>\n<meta property=\"og:url\" content=\"https:\/\/www.escapadarural.com\/blog\/festivales-de-flores-de-espana\/\" \/>\n<meta property=\"og:site_name\" content=\"Magazine de viajes de EscapadaRural\" \/>\n<meta property=\"article:publisher\" content=\"https:\/\/www.facebook.com\/escapadarural\" \/>\n<meta property=\"article:published_time\" content=\"2019-06-07T08:30:37+00:00\" \/>\n<meta property=\"article:modified_time\" content=\"2026-02-05T13:23:23+00:00\" \/>\n<meta property=\"og:image\" content=\"https:\/\/www.escapadarural.com\/blog\/wp-content\/uploads\/2024\/10\/Patios-cordobeses-74-1-1.jpg\" \/>\n\t<meta property=\"og:image:width\" content=\"1000\" \/>\n\t<meta property=\"og:image:height\" content=\"788\" \/>\n\t<meta property=\"og:image:type\" content=\"image\/jpeg\" \/>\n<meta name=\"author\" content=\"Jos\u00e9 Alejandro Adamuz\" \/>\n<meta name=\"twitter:card\" content=\"summary_large_image\" \/>\n<meta name=\"twitter:label1\" content=\"Escrito por\" \/>\n\t<meta name=\"twitter:data1\" content=\"Jos\u00e9 Alejandro Adamuz\" \/>\n\t<meta name=\"twitter:label2\" content=\"Tiempo de lectura\" \/>\n\t<meta name=\"twitter:data2\" content=\"6 minutos\" \/>\n<script type=\"application\/ld+json\" class=\"yoast-schema-graph\">{\"@context\":\"https:\\\/\\\/schema.org\",\"@graph\":[{\"@type\":\"Article\",\"@id\":\"https:\\\/\\\/www.escapadarural.com\\\/blog\\\/festivales-de-flores-de-espana\\\/#article\",\"isPartOf\":{\"@id\":\"https:\\\/\\\/www.escapadarural.com\\\/blog\\\/festivales-de-flores-de-espana\\\/\"},\"author\":{\"name\":\"Jos\u00e9 Alejandro Adamuz\",\"@id\":\"https:\\\/\\\/www.escapadarural.com\\\/blog\\\/#\\\/schema\\\/person\\\/ac6969ba5ab90987dda9465be409d6b3\"},\"headline\":\"Festivales de flores de Espa\u00f1a\",\"datePublished\":\"2019-06-07T08:30:37+00:00\",\"dateModified\":\"2026-02-05T13:23:23+00:00\",\"mainEntityOfPage\":{\"@id\":\"https:\\\/\\\/www.escapadarural.com\\\/blog\\\/festivales-de-flores-de-espana\\\/\"},\"wordCount\":1153,\"commentCount\":0,\"publisher\":{\"@id\":\"https:\\\/\\\/www.escapadarural.com\\\/blog\\\/#organization\"},\"image\":{\"@id\":\"https:\\\/\\\/www.escapadarural.com\\\/blog\\\/festivales-de-flores-de-espana\\\/#primaryimage\"},\"thumbnailUrl\":\"https:\\\/\\\/www.escapadarural.com\\\/blog\\\/wp-content\\\/uploads\\\/2024\\\/10\\\/Patios-cordobeses-74-1-1.jpg\",\"keywords\":[\"festivales de flores\",\"Flores\",\"Listado\",\"Primavera\"],\"articleSection\":[\"Arte y Cultura\"],\"inLanguage\":\"es\",\"potentialAction\":[{\"@type\":\"CommentAction\",\"name\":\"Comment\",\"target\":[\"https:\\\/\\\/www.escapadarural.com\\\/blog\\\/festivales-de-flores-de-espana\\\/#respond\"]}]},{\"@type\":\"WebPage\",\"@id\":\"https:\\\/\\\/www.escapadarural.com\\\/blog\\\/festivales-de-flores-de-espana\\\/\",\"url\":\"https:\\\/\\\/www.escapadarural.com\\\/blog\\\/festivales-de-flores-de-espana\\\/\",\"name\":\"Festivales de flores de Espa\u00f1a - EscapadaRural\",\"isPartOf\":{\"@id\":\"https:\\\/\\\/www.escapadarural.com\\\/blog\\\/#website\"},\"primaryImageOfPage\":{\"@id\":\"https:\\\/\\\/www.escapadarural.com\\\/blog\\\/festivales-de-flores-de-espana\\\/#primaryimage\"},\"image\":{\"@id\":\"https:\\\/\\\/www.escapadarural.com\\\/blog\\\/festivales-de-flores-de-espana\\\/#primaryimage\"},\"thumbnailUrl\":\"https:\\\/\\\/www.escapadarural.com\\\/blog\\\/wp-content\\\/uploads\\\/2024\\\/10\\\/Patios-cordobeses-74-1-1.jpg\",\"datePublished\":\"2019-06-07T08:30:37+00:00\",\"dateModified\":\"2026-02-05T13:23:23+00:00\",\"breadcrumb\":{\"@id\":\"https:\\\/\\\/www.escapadarural.com\\\/blog\\\/festivales-de-flores-de-espana\\\/#breadcrumb\"},\"inLanguage\":\"es\",\"potentialAction\":[{\"@type\":\"ReadAction\",\"target\":[\"https:\\\/\\\/www.escapadarural.com\\\/blog\\\/festivales-de-flores-de-espana\\\/\"]}]},{\"@type\":\"ImageObject\",\"inLanguage\":\"es\",\"@id\":\"https:\\\/\\\/www.escapadarural.com\\\/blog\\\/festivales-de-flores-de-espana\\\/#primaryimage\",\"url\":\"https:\\\/\\\/www.escapadarural.com\\\/blog\\\/wp-content\\\/uploads\\\/2024\\\/10\\\/Patios-cordobeses-74-1-1.jpg\",\"contentUrl\":\"https:\\\/\\\/www.escapadarural.com\\\/blog\\\/wp-content\\\/uploads\\\/2024\\\/10\\\/Patios-cordobeses-74-1-1.jpg\",\"width\":1000,\"height\":788,\"caption\":\"Un patio encantador con plantas en macetas y flores vibrantes sobre paredes blancas, una puerta de madera, entrada arqueada, escaleras de baldosas rojas y un suelo empedrado rodeado de exuberante vegetaci\u00f3n.\"},{\"@type\":\"BreadcrumbList\",\"@id\":\"https:\\\/\\\/www.escapadarural.com\\\/blog\\\/festivales-de-flores-de-espana\\\/#breadcrumb\",\"itemListElement\":[{\"@type\":\"ListItem\",\"position\":1,\"name\":\"Inicio\",\"item\":\"https:\\\/\\\/www.escapadarural.com\\\/blog\\\/\"},{\"@type\":\"ListItem\",\"position\":2,\"name\":\"Arte y Cultura\",\"item\":\"https:\\\/\\\/www.escapadarural.com\\\/blog\\\/categoria\\\/arte-y-cultura\\\/\"},{\"@type\":\"ListItem\",\"position\":3,\"name\":\"Festivales de flores de Espa\u00f1a\"}]},{\"@type\":\"WebSite\",\"@id\":\"https:\\\/\\\/www.escapadarural.com\\\/blog\\\/#website\",\"url\":\"https:\\\/\\\/www.escapadarural.com\\\/blog\\\/\",\"name\":\"Blog de viajes | turismo rural, alojamientos e inspiraci\u00f3n\",\"description\":\"Alojamientos rurales e inspiraci\u00f3n para tus escapadas\",\"publisher\":{\"@id\":\"https:\\\/\\\/www.escapadarural.com\\\/blog\\\/#organization\"},\"alternateName\":\"Magazine de viajes de EscapadaRural\",\"potentialAction\":[{\"@type\":\"SearchAction\",\"target\":{\"@type\":\"EntryPoint\",\"urlTemplate\":\"https:\\\/\\\/www.escapadarural.com\\\/blog\\\/?s={search_term_string}\"},\"query-input\":{\"@type\":\"PropertyValueSpecification\",\"valueRequired\":true,\"valueName\":\"search_term_string\"}}],\"inLanguage\":\"es\"},{\"@type\":\"Organization\",\"@id\":\"https:\\\/\\\/www.escapadarural.com\\\/blog\\\/#organization\",\"name\":\"EscapadaRural\",\"url\":\"https:\\\/\\\/www.escapadarural.com\\\/blog\\\/\",\"logo\":{\"@type\":\"ImageObject\",\"inLanguage\":\"es\",\"@id\":\"https:\\\/\\\/www.escapadarural.com\\\/blog\\\/#\\\/schema\\\/logo\\\/image\\\/\",\"url\":\"https:\\\/\\\/www.escapadarural.com\\\/blog\\\/wp-content\\\/uploads\\\/2024\\\/10\\\/cropped-cropped-escapada-rural-icon-mag-3.png\",\"contentUrl\":\"https:\\\/\\\/www.escapadarural.com\\\/blog\\\/wp-content\\\/uploads\\\/2024\\\/10\\\/cropped-cropped-escapada-rural-icon-mag-3.png\",\"width\":512,\"height\":512,\"caption\":\"EscapadaRural\"},\"image\":{\"@id\":\"https:\\\/\\\/www.escapadarural.com\\\/blog\\\/#\\\/schema\\\/logo\\\/image\\\/\"},\"sameAs\":[\"https:\\\/\\\/www.facebook.com\\\/escapadarural\",\"https:\\\/\\\/www.instagram.com\\\/escapadarural\\\/\",\"https:\\\/\\\/www.youtube.com\\\/@escapadaruralcom\"]},{\"@type\":\"Person\",\"@id\":\"https:\\\/\\\/www.escapadarural.com\\\/blog\\\/#\\\/schema\\\/person\\\/ac6969ba5ab90987dda9465be409d6b3\",\"name\":\"Jos\u00e9 Alejandro Adamuz\",\"image\":{\"@type\":\"ImageObject\",\"inLanguage\":\"es\",\"@id\":\"https:\\\/\\\/www.escapadarural.com\\\/blog\\\/wp-content\\\/uploads\\\/2025\\\/02\\\/cropped-jose_alejandro_viajar-96x96.webp\",\"url\":\"https:\\\/\\\/www.escapadarural.com\\\/blog\\\/wp-content\\\/uploads\\\/2025\\\/02\\\/cropped-jose_alejandro_viajar-96x96.webp\",\"contentUrl\":\"https:\\\/\\\/www.escapadarural.com\\\/blog\\\/wp-content\\\/uploads\\\/2025\\\/02\\\/cropped-jose_alejandro_viajar-96x96.webp\",\"caption\":\"Jos\u00e9 Alejandro Adamuz\"},\"description\":\"Soy licenciado en filolog\u00eda hisp\u00e1nica y periodista por vocaci\u00f3n. Tambi\u00e9n soy disl\u00e9xico, por lo que suelo confundir la derecha con la izquierda y los kil\u00f3metros con la literatura. Pero de momento me va bien as\u00ed. Colaboro habitualmente en diferentes medios haciendo cr\u00f3nica de viajes y periodismo cultural. Me gusta que los viajes cuenten historias y que las historias me hagan viajar.\",\"sameAs\":[\"https:\\\/\\\/viviratodaletra.com\\\/\"],\"url\":\"https:\\\/\\\/www.escapadarural.com\\\/blog\\\/autor\\\/josealejandro\\\/\"}]}<\/script>\n<!-- \/ Yoast SEO plugin. -->","yoast_head_json":{"title":"Festivales de flores de Espa\u00f1a - EscapadaRural","robots":{"index":"index","follow":"follow","max-snippet":"max-snippet:-1","max-image-preview":"max-image-preview:large","max-video-preview":"max-video-preview:-1"},"canonical":"https:\/\/www.escapadarural.com\/blog\/festivales-de-flores-de-espana\/","og_locale":"es_ES","og_type":"article","og_title":"Festivales de flores de Espa\u00f1a - EscapadaRural","og_description":"Durante la primavera y principios de verano se organizan eventos populares que giran alrededor de las flores. Son los destinos m\u00e1s coloridos que lucen como vibrantes jardines por unos d\u00edas. As\u00ed son los principales festivales de flores que dan color a Espa\u00f1a.","og_url":"https:\/\/www.escapadarural.com\/blog\/festivales-de-flores-de-espana\/","og_site_name":"Magazine de viajes de EscapadaRural","article_publisher":"https:\/\/www.facebook.com\/escapadarural","article_published_time":"2019-06-07T08:30:37+00:00","article_modified_time":"2026-02-05T13:23:23+00:00","og_image":[{"width":1000,"height":788,"url":"https:\/\/www.escapadarural.com\/blog\/wp-content\/uploads\/2024\/10\/Patios-cordobeses-74-1-1.jpg","type":"image\/jpeg"}],"author":"Jos\u00e9 Alejandro Adamuz","twitter_card":"summary_large_image","twitter_misc":{"Escrito por":"Jos\u00e9 Alejandro Adamuz","Tiempo de lectura":"6 minutos"},"schema":{"@context":"https:\/\/schema.org","@graph":[{"@type":"Article","@id":"https:\/\/www.escapadarural.com\/blog\/festivales-de-flores-de-espana\/#article","isPartOf":{"@id":"https:\/\/www.escapadarural.com\/blog\/festivales-de-flores-de-espana\/"},"author":{"name":"Jos\u00e9 Alejandro Adamuz","@id":"https:\/\/www.escapadarural.com\/blog\/#\/schema\/person\/ac6969ba5ab90987dda9465be409d6b3"},"headline":"Festivales de flores de Espa\u00f1a","datePublished":"2019-06-07T08:30:37+00:00","dateModified":"2026-02-05T13:23:23+00:00","mainEntityOfPage":{"@id":"https:\/\/www.escapadarural.com\/blog\/festivales-de-flores-de-espana\/"},"wordCount":1153,"commentCount":0,"publisher":{"@id":"https:\/\/www.escapadarural.com\/blog\/#organization"},"image":{"@id":"https:\/\/www.escapadarural.com\/blog\/festivales-de-flores-de-espana\/#primaryimage"},"thumbnailUrl":"https:\/\/www.escapadarural.com\/blog\/wp-content\/uploads\/2024\/10\/Patios-cordobeses-74-1-1.jpg","keywords":["festivales de flores","Flores","Listado","Primavera"],"articleSection":["Arte y Cultura"],"inLanguage":"es","potentialAction":[{"@type":"CommentAction","name":"Comment","target":["https:\/\/www.escapadarural.com\/blog\/festivales-de-flores-de-espana\/#respond"]}]},{"@type":"WebPage","@id":"https:\/\/www.escapadarural.com\/blog\/festivales-de-flores-de-espana\/","url":"https:\/\/www.escapadarural.com\/blog\/festivales-de-flores-de-espana\/","name":"Festivales de flores de Espa\u00f1a - EscapadaRural","isPartOf":{"@id":"https:\/\/www.escapadarural.com\/blog\/#website"},"primaryImageOfPage":{"@id":"https:\/\/www.escapadarural.com\/blog\/festivales-de-flores-de-espana\/#primaryimage"},"image":{"@id":"https:\/\/www.escapadarural.com\/blog\/festivales-de-flores-de-espana\/#primaryimage"},"thumbnailUrl":"https:\/\/www.escapadarural.com\/blog\/wp-content\/uploads\/2024\/10\/Patios-cordobeses-74-1-1.jpg","datePublished":"2019-06-07T08:30:37+00:00","dateModified":"2026-02-05T13:23:23+00:00","breadcrumb":{"@id":"https:\/\/www.escapadarural.com\/blog\/festivales-de-flores-de-espana\/#breadcrumb"},"inLanguage":"es","potentialAction":[{"@type":"ReadAction","target":["https:\/\/www.escapadarural.com\/blog\/festivales-de-flores-de-espana\/"]}]},{"@type":"ImageObject","inLanguage":"es","@id":"https:\/\/www.escapadarural.com\/blog\/festivales-de-flores-de-espana\/#primaryimage","url":"https:\/\/www.escapadarural.com\/blog\/wp-content\/uploads\/2024\/10\/Patios-cordobeses-74-1-1.jpg","contentUrl":"https:\/\/www.escapadarural.com\/blog\/wp-content\/uploads\/2024\/10\/Patios-cordobeses-74-1-1.jpg","width":1000,"height":788,"caption":"Un patio encantador con plantas en macetas y flores vibrantes sobre paredes blancas, una puerta de madera, entrada arqueada, escaleras de baldosas rojas y un suelo empedrado rodeado de exuberante vegetaci\u00f3n."},{"@type":"BreadcrumbList","@id":"https:\/\/www.escapadarural.com\/blog\/festivales-de-flores-de-espana\/#breadcrumb","itemListElement":[{"@type":"ListItem","position":1,"name":"Inicio","item":"https:\/\/www.escapadarural.com\/blog\/"},{"@type":"ListItem","position":2,"name":"Arte y Cultura","item":"https:\/\/www.escapadarural.com\/blog\/categoria\/arte-y-cultura\/"},{"@type":"ListItem","position":3,"name":"Festivales de flores de Espa\u00f1a"}]},{"@type":"WebSite","@id":"https:\/\/www.escapadarural.com\/blog\/#website","url":"https:\/\/www.escapadarural.com\/blog\/","name":"Blog de viajes | turismo rural, alojamientos e inspiraci\u00f3n","description":"Alojamientos rurales e inspiraci\u00f3n para tus escapadas","publisher":{"@id":"https:\/\/www.escapadarural.com\/blog\/#organization"},"alternateName":"Magazine de viajes de EscapadaRural","potentialAction":[{"@type":"SearchAction","target":{"@type":"EntryPoint","urlTemplate":"https:\/\/www.escapadarural.com\/blog\/?s={search_term_string}"},"query-input":{"@type":"PropertyValueSpecification","valueRequired":true,"valueName":"search_term_string"}}],"inLanguage":"es"},{"@type":"Organization","@id":"https:\/\/www.escapadarural.com\/blog\/#organization","name":"EscapadaRural","url":"https:\/\/www.escapadarural.com\/blog\/","logo":{"@type":"ImageObject","inLanguage":"es","@id":"https:\/\/www.escapadarural.com\/blog\/#\/schema\/logo\/image\/","url":"https:\/\/www.escapadarural.com\/blog\/wp-content\/uploads\/2024\/10\/cropped-cropped-escapada-rural-icon-mag-3.png","contentUrl":"https:\/\/www.escapadarural.com\/blog\/wp-content\/uploads\/2024\/10\/cropped-cropped-escapada-rural-icon-mag-3.png","width":512,"height":512,"caption":"EscapadaRural"},"image":{"@id":"https:\/\/www.escapadarural.com\/blog\/#\/schema\/logo\/image\/"},"sameAs":["https:\/\/www.facebook.com\/escapadarural","https:\/\/www.instagram.com\/escapadarural\/","https:\/\/www.youtube.com\/@escapadaruralcom"]},{"@type":"Person","@id":"https:\/\/www.escapadarural.com\/blog\/#\/schema\/person\/ac6969ba5ab90987dda9465be409d6b3","name":"Jos\u00e9 Alejandro Adamuz","image":{"@type":"ImageObject","inLanguage":"es","@id":"https:\/\/www.escapadarural.com\/blog\/wp-content\/uploads\/2025\/02\/cropped-jose_alejandro_viajar-96x96.webp","url":"https:\/\/www.escapadarural.com\/blog\/wp-content\/uploads\/2025\/02\/cropped-jose_alejandro_viajar-96x96.webp","contentUrl":"https:\/\/www.escapadarural.com\/blog\/wp-content\/uploads\/2025\/02\/cropped-jose_alejandro_viajar-96x96.webp","caption":"Jos\u00e9 Alejandro Adamuz"},"description":"Soy licenciado en filolog\u00eda hisp\u00e1nica y periodista por vocaci\u00f3n. Tambi\u00e9n soy disl\u00e9xico, por lo que suelo confundir la derecha con la izquierda y los kil\u00f3metros con la literatura. Pero de momento me va bien as\u00ed. Colaboro habitualmente en diferentes medios haciendo cr\u00f3nica de viajes y periodismo cultural. Me gusta que los viajes cuenten historias y que las historias me hagan viajar.","sameAs":["https:\/\/viviratodaletra.com\/"],"url":"https:\/\/www.escapadarural.com\/blog\/autor\/josealejandro\/"}]}},"_links":{"self":[{"href":"https:\/\/www.escapadarural.com\/blog\/wp-json\/wp\/v2\/posts\/11458","targetHints":{"allow":["GET"]}}],"collection":[{"href":"https:\/\/www.escapadarural.com\/blog\/wp-json\/wp\/v2\/posts"}],"about":[{"href":"https:\/\/www.escapadarural.com\/blog\/wp-json\/wp\/v2\/types\/post"}],"author":[{"embeddable":true,"href":"https:\/\/www.escapadarural.com\/blog\/wp-json\/wp\/v2\/users\/112"}],"replies":[{"embeddable":true,"href":"https:\/\/www.escapadarural.com\/blog\/wp-json\/wp\/v2\/comments?post=11458"}],"version-history":[{"count":0,"href":"https:\/\/www.escapadarural.com\/blog\/wp-json\/wp\/v2\/posts\/11458\/revisions"}],"wp:featuredmedia":[{"embeddable":true,"href":"https:\/\/www.escapadarural.com\/blog\/wp-json\/wp\/v2\/media\/103507"}],"wp:attachment":[{"href":"https:\/\/www.escapadarural.com\/blog\/wp-json\/wp\/v2\/media?parent=11458"}],"wp:term":[{"taxonomy":"category","embeddable":true,"href":"https:\/\/www.escapadarural.com\/blog\/wp-json\/wp\/v2\/categories?post=11458"},{"taxonomy":"post_tag","embeddable":true,"href":"https:\/\/www.escapadarural.com\/blog\/wp-json\/wp\/v2\/tags?post=11458"}],"curies":[{"name":"wp","href":"https:\/\/api.w.org\/{rel}","templated":true}]}}