{"id":11504,"date":"2022-06-03T09:30:00","date_gmt":"2022-06-03T08:30:00","guid":{"rendered":"http:\/\/15.188.81.248\/2019\/06\/13\/sabes-que-pueblo-costero-es\/"},"modified":"2025-02-10T17:53:29","modified_gmt":"2025-02-10T15:53:29","slug":"sabes-que-pueblo-costero-es","status":"publish","type":"post","link":"https:\/\/www.escapadarural.com\/blog\/sabes-que-pueblo-costero-es\/","title":{"rendered":"\u00bfSabes qu\u00e9 pueblo costero es?"},"content":{"rendered":"\n<figure class=\"wp-block-image size-large\"><a href=\"https:\/\/www.escapadarural.com\/blog\/wp-content\/uploads\/2019\/08\/Cudillero.-Asturias-3.jpg\"><img decoding=\"async\" src=\"https:\/\/www.escapadarural.com\/blog\/wp-content\/uploads\/2019\/08\/Cudillero.-Asturias-3-1024x683.jpg\" alt=\"Cudillero\" class=\"wp-image-24439\"\/><\/a><figcaption class=\"wp-element-caption\">Fuente: Lukasz Janyst \/ Shutterstock<\/figcaption><\/figure>\n\n\n\n<p>Con la llegada del buen tiempo, muchos viajeros prefieren una escapada (o vacaciones) junto al mar. \u00bfNorte, Atl\u00e1ntico, Mediterr\u00e1neo, sur? Espa\u00f1a cuenta con numerosos pueblos costeros con <a rel=\"noopener noreferrer\" href=\"https:\/\/www.escapadarural.com\/blog\/las-playas-mas-raras-de-espana\/\" target=\"_blank\" class=\"rank-math-link\">incre\u00edbles playas<\/a> donde colocar tu toalla y darte un chapuz\u00f3n. El n\u00famero de sombrillas y el espacio en la arena es proporcional a su popularidad.<\/p>\n\n\n\n<p>Aqu\u00ed os dejamos una lista de algunos <strong>pueblos costeros<\/strong> muy bonitos repartidos por el territorio ib\u00e9rico y las islas. \u00bfSabr\u00edas decir cu\u00e1les son con solo ver su imagen?<\/p>\n\n\n\n<script>(function(d,s,id){var js,fjs=d.getElementsByTagName(s)[0];if(d.getElementById(id))return;js=d.createElement(s);js.id=id;js.src='https:\/\/embed.playbuzz.com\/sdk.js';fjs.parentNode.insertBefore(js,fjs);}(document,'script','playbuzz-sdk'));<\/script>\n<div class=\"playbuzz\" data-id=\"58b746e2-6bf8-4e05-b82d-c28070084487\" data-show-share=\"false\" data-show-info=\"false\"><\/div>\n\n\n\n<h2 class=\"wp-block-heading\" id=\"h-ponte-a-prueba-con-mas-tests\">Ponte a prueba con m\u00e1s tests<\/h2>\n\n\n<section class=\"wp-block-ub-post-grid ub-block-post-grid align  is-equal-height preserve-post-image-aspect-ratio\" style=\"\" id=\"ub-post-grid-\"><div class=\"ub-post-grid-items is-grid columns-2\" style=\"row-gap: 32px; column-gap: 32px; \"><article id=\"post-12275\" class=\"ub-post-grid-item post-12275 post type-post status-publish format-standard has-post-thumbnail hentry category-tests tag-alto-mino tag-alto-tajo tag-duero tag-ebro tag-guadalquivir tag-jucar tag-matarrana tag-nacimiento-del-rio-mundo tag-rio-llobregat tag-rio-mundo tag-rio-sella tag-rio-tinto tag-rio-turia tag-test\" style=\"\"><div class=\"ub-block-post-grid-image\" style=\"\"><a href=\"https:\/\/www.escapadarural.com\/blog\/test-donde-nacen-estos-rios-espanoles\/\" rel=\"bookmark\" aria-hidden=\"true\" tabindex=\"-1\"><img loading=\"lazy\" decoding=\"async\" width=\"1024\" height=\"685\" src=\"https:\/\/www.escapadarural.com\/blog\/wp-content\/uploads\/2020\/04\/Riopar-4-2.jpg\" class=\"attachment-full size-full\" alt=\"Una peque\u00f1a cascada de varios niveles cae sobre rocas cubiertas de musgo en una zona boscosa. El agua fluye suavemente, creando un efecto sedoso, rodeada de musgo verde y ramas desnudas.\" style=\"max-width: 600px; \" srcset=\"https:\/\/www.escapadarural.com\/blog\/wp-content\/uploads\/2020\/04\/Riopar-4-2-200x134.jpg 200w, https:\/\/www.escapadarural.com\/blog\/wp-content\/uploads\/2020\/04\/Riopar-4-2-300x201.jpg 300w, https:\/\/www.escapadarural.com\/blog\/wp-content\/uploads\/2020\/04\/Riopar-4-2-400x268.jpg 400w, https:\/\/www.escapadarural.com\/blog\/wp-content\/uploads\/2020\/04\/Riopar-4-2-600x401.jpg 600w, https:\/\/www.escapadarural.com\/blog\/wp-content\/uploads\/2020\/04\/Riopar-4-2-768x514.jpg 768w, https:\/\/www.escapadarural.com\/blog\/wp-content\/uploads\/2020\/04\/Riopar-4-2-800x535.jpg 800w, https:\/\/www.escapadarural.com\/blog\/wp-content\/uploads\/2020\/04\/Riopar-4-2.jpg 1024w\" sizes=\"auto, (max-width: 1024px) 100vw, 1024px\"><\/a><\/div><div class=\"ub-block-post-grid-text\" style=\"\"><div class=\"ub-block-post-grid-header-content\"><header class=\"ub-block-post-grid-header\"><h3 class=\"ub-block-post-grid-title\"><a style=\"\" href=\"https:\/\/www.escapadarural.com\/blog\/test-donde-nacen-estos-rios-espanoles\/\" rel=\"bookmark\">Test: \u00bfD\u00f3nde nacen estos r\u00edos espa\u00f1oles?<\/a><\/h3><\/header><\/div><div class=\"ub-block-post-grid-excerpt\"><div class=\"ub-block-post-grid-excerpt-text\" style=\"\"><p>Los r\u00edos nacen en las monta\u00f1as. All\u00ed es donde el hielo y la nieve se acumulan hasta que, con la disminuci\u00f3n de las temperaturas, se convierten en agua. El cauce que se forma seguir\u00e1 el relieve terrestre hasta acabar mezcl\u00e1ndose con otros r\u00edos o desembocando en lagos o en el mar. <\/p>\n<p>Aunque Espa\u00f1a cuenta con numerosos r\u00edos, algunos de ellos muy conocidos, aqu\u00ed os dejamos 12 de ellos. \u00bfSabr\u00edas decir d\u00f3nde nacen? Seguro que s\u00ed. <\/p>\n<\/div><p><a class=\"ub-block-post-grid-more-link ub-text-link\" style=\"\" href=\"https:\/\/www.escapadarural.com\/blog\/test-donde-nacen-estos-rios-espanoles\/\" rel=\"bookmark\">Probar <span class=\"screen-reader-text\">Test: \u00bfD\u00f3nde nacen estos r\u00edos espa\u00f1oles?<\/span><\/a><\/p><\/div><\/div><\/article>\n<article id=\"post-65213\" class=\"ub-post-grid-item post-65213 post type-post status-publish format-standard has-post-thumbnail hentry category-tests tag-historias-y-curiosidades tag-pueblos tag-test tag-turismo-rural\" style=\"\"><div class=\"ub-block-post-grid-image\" style=\"\"><a href=\"https:\/\/www.escapadarural.com\/blog\/cuanto-sabes-sobre-estos-pueblos\/\" rel=\"bookmark\" aria-hidden=\"true\" tabindex=\"-1\"><img loading=\"lazy\" decoding=\"async\" width=\"1024\" height=\"682\" src=\"https:\/\/www.escapadarural.com\/blog\/wp-content\/uploads\/2024\/10\/Laalberca-1024x682-1.jpg\" class=\"attachment-full size-full\" alt=\"La Alberca, en Salamanca. Por dimbar76\" style=\"max-width: 600px; \" srcset=\"https:\/\/www.escapadarural.com\/blog\/wp-content\/uploads\/2024\/10\/Laalberca-1024x682-1-200x133.jpg 200w, https:\/\/www.escapadarural.com\/blog\/wp-content\/uploads\/2024\/10\/Laalberca-1024x682-1-300x200.jpg 300w, https:\/\/www.escapadarural.com\/blog\/wp-content\/uploads\/2024\/10\/Laalberca-1024x682-1-400x266.jpg 400w, https:\/\/www.escapadarural.com\/blog\/wp-content\/uploads\/2024\/10\/Laalberca-1024x682-1-600x400.jpg 600w, https:\/\/www.escapadarural.com\/blog\/wp-content\/uploads\/2024\/10\/Laalberca-1024x682-1-768x512.jpg 768w, https:\/\/www.escapadarural.com\/blog\/wp-content\/uploads\/2024\/10\/Laalberca-1024x682-1-800x533.jpg 800w, https:\/\/www.escapadarural.com\/blog\/wp-content\/uploads\/2024\/10\/Laalberca-1024x682-1.jpg 1024w\" sizes=\"auto, (max-width: 1024px) 100vw, 1024px\"><\/a><\/div><div class=\"ub-block-post-grid-text\" style=\"\"><div class=\"ub-block-post-grid-header-content\"><header class=\"ub-block-post-grid-header\"><h3 class=\"ub-block-post-grid-title\"><a style=\"\" href=\"https:\/\/www.escapadarural.com\/blog\/cuanto-sabes-sobre-estos-pueblos\/\" rel=\"bookmark\">Test: \u00bfCu\u00e1nto sabes sobre los pueblos de Espa\u00f1a?<\/a><\/h3><\/header><\/div><div class=\"ub-block-post-grid-excerpt\"><div class=\"ub-block-post-grid-excerpt-text\" style=\"\"><p>Demuestra cu\u00e1nto sabes sobre la vida, la cultura y las tradiciones de los pueblos de Espa\u00f1a en este divertido quiz rural.<\/p>\n<\/div><p><a class=\"ub-block-post-grid-more-link ub-text-link\" style=\"\" href=\"https:\/\/www.escapadarural.com\/blog\/cuanto-sabes-sobre-estos-pueblos\/\" rel=\"bookmark\">Probar <span class=\"screen-reader-text\">Test: \u00bfCu\u00e1nto sabes sobre los pueblos de Espa\u00f1a?<\/span><\/a><\/p><\/div><\/div><\/article>\n<article id=\"post-12312\" class=\"ub-post-grid-item post-12312 post type-post status-publish format-standard has-post-thumbnail hentry category-tests tag-ano-nuevo tag-fin-de-ano tag-navidad tag-nochebuena tag-test\" style=\"\"><div class=\"ub-block-post-grid-image\" style=\"\"><a href=\"https:\/\/www.escapadarural.com\/blog\/test-navidad-espanola\/\" rel=\"bookmark\" aria-hidden=\"true\" tabindex=\"-1\"><img loading=\"lazy\" decoding=\"async\" width=\"1024\" height=\"683\" src=\"https:\/\/www.escapadarural.com\/blog\/wp-content\/uploads\/2020\/12\/Arbol-de-Navidad-1024x683-1.jpg\" class=\"attachment-full size-full\" alt=\"Primer plano de un \u00e1rbol de Navidad decorado con adornos rojos y dorados, pi\u00f1as y c\u00e1lidas luces amarillas difuminadas suavemente en el fondo, perfecto para a\u00f1adir un toque de encanto de turismo rural a tu escapada rural navide\u00f1a.\" style=\"max-width: 600px; \" srcset=\"https:\/\/www.escapadarural.com\/blog\/wp-content\/uploads\/2020\/12\/Arbol-de-Navidad-1024x683-1-200x133.jpg 200w, https:\/\/www.escapadarural.com\/blog\/wp-content\/uploads\/2020\/12\/Arbol-de-Navidad-1024x683-1-300x200.jpg 300w, https:\/\/www.escapadarural.com\/blog\/wp-content\/uploads\/2020\/12\/Arbol-de-Navidad-1024x683-1-400x267.jpg 400w, https:\/\/www.escapadarural.com\/blog\/wp-content\/uploads\/2020\/12\/Arbol-de-Navidad-1024x683-1-600x400.jpg 600w, https:\/\/www.escapadarural.com\/blog\/wp-content\/uploads\/2020\/12\/Arbol-de-Navidad-1024x683-1-768x512.jpg 768w, https:\/\/www.escapadarural.com\/blog\/wp-content\/uploads\/2020\/12\/Arbol-de-Navidad-1024x683-1-800x534.jpg 800w, https:\/\/www.escapadarural.com\/blog\/wp-content\/uploads\/2020\/12\/Arbol-de-Navidad-1024x683-1.jpg 1024w\" sizes=\"auto, (max-width: 1024px) 100vw, 1024px\"><\/a><\/div><div class=\"ub-block-post-grid-text\" style=\"\"><div class=\"ub-block-post-grid-header-content\"><header class=\"ub-block-post-grid-header\"><h3 class=\"ub-block-post-grid-title\"><a style=\"\" href=\"https:\/\/www.escapadarural.com\/blog\/test-navidad-espanola\/\" rel=\"bookmark\">Test: \u00bfCu\u00e1nto sabes de la Navidad espa\u00f1ola?<\/a><\/h3><\/header><\/div><div class=\"ub-block-post-grid-excerpt\"><div class=\"ub-block-post-grid-excerpt-text\" style=\"\"><p>\u00bfCrees que lo sabes todo acerca de la Navidad? En este test tendr\u00e1s que demostrar tus conocimientos sobre canciones t\u00edpicas, dulces, A\u00f1o Nuevo, etc.<\/p>\n<\/div><p><a class=\"ub-block-post-grid-more-link ub-text-link\" style=\"\" href=\"https:\/\/www.escapadarural.com\/blog\/test-navidad-espanola\/\" rel=\"bookmark\">Probar <span class=\"screen-reader-text\">Test: \u00bfCu\u00e1nto sabes de la Navidad espa\u00f1ola?<\/span><\/a><\/p><\/div><\/div><\/article>\n<article id=\"post-12148\" class=\"ub-post-grid-item post-12148 post type-post status-publish format-standard has-post-thumbnail hentry category-tests tag-ainsa tag-albarracin tag-alcala-del-jucar tag-arties tag-cangas-de-onis tag-frias tag-gran-canaria tag-la-alpujarra tag-que-ver-en-madrid tag-mallorca tag-montana tag-potes tag-pueblos tag-picos-de-europa tag-sierra-de-albarracin tag-sierra-de-madrid tag-sierra-de-segura tag-test tag-zuheros\" style=\"\"><div class=\"ub-block-post-grid-image\" style=\"\"><a href=\"https:\/\/www.escapadarural.com\/blog\/reconoces-estos-pueblos-de-montana\/\" rel=\"bookmark\" aria-hidden=\"true\" tabindex=\"-1\"><img loading=\"lazy\" decoding=\"async\" width=\"1024\" height=\"576\" src=\"https:\/\/www.escapadarural.com\/blog\/wp-content\/uploads\/2020\/05\/potes8.jpg\" class=\"attachment-full size-full\" alt=\"Potes, en Cantabria.. Por An\u00edbal Trejo\" style=\"max-width: 600px; \" srcset=\"https:\/\/www.escapadarural.com\/blog\/wp-content\/uploads\/2020\/05\/potes8-200x113.jpg 200w, https:\/\/www.escapadarural.com\/blog\/wp-content\/uploads\/2020\/05\/potes8-300x169.jpg 300w, https:\/\/www.escapadarural.com\/blog\/wp-content\/uploads\/2020\/05\/potes8-400x225.jpg 400w, https:\/\/www.escapadarural.com\/blog\/wp-content\/uploads\/2020\/05\/potes8-600x338.jpg 600w, https:\/\/www.escapadarural.com\/blog\/wp-content\/uploads\/2020\/05\/potes8-768x432.jpg 768w, https:\/\/www.escapadarural.com\/blog\/wp-content\/uploads\/2020\/05\/potes8-800x450.jpg 800w, https:\/\/www.escapadarural.com\/blog\/wp-content\/uploads\/2020\/05\/potes8.jpg 1024w\" sizes=\"auto, (max-width: 1024px) 100vw, 1024px\"><\/a><\/div><div class=\"ub-block-post-grid-text\" style=\"\"><div class=\"ub-block-post-grid-header-content\"><header class=\"ub-block-post-grid-header\"><h3 class=\"ub-block-post-grid-title\"><a style=\"\" href=\"https:\/\/www.escapadarural.com\/blog\/reconoces-estos-pueblos-de-montana\/\" rel=\"bookmark\">Test: \u00bfReconoces estos pueblos de monta\u00f1a?<\/a><\/h3><\/header><\/div><div class=\"ub-block-post-grid-excerpt\"><div class=\"ub-block-post-grid-excerpt-text\" style=\"\"><p>\u00bfPlaya o monta\u00f1a? En verano os mostramos algunas im\u00e1genes de los pueblos costeros m\u00e1s conocidos de Espa\u00f1a y, casi casi, los adivinasteis todos. \u00bfCrees que conoces igual de bien los de monta\u00f1a? Aqu\u00ed te dejamos algunos de los m\u00e1s representativos a ver si eres capaz de acertar m\u00e1s de la mitad. Apunta, porque todos son una opci\u00f3n perfecta para hacer una escapada rural este oto\u00f1o. <\/p>\n<\/div><p><a class=\"ub-block-post-grid-more-link ub-text-link\" style=\"\" href=\"https:\/\/www.escapadarural.com\/blog\/reconoces-estos-pueblos-de-montana\/\" rel=\"bookmark\">Probar <span class=\"screen-reader-text\">Test: \u00bfReconoces estos pueblos de monta\u00f1a?<\/span><\/a><\/p><\/div><\/div><\/article>\n<article id=\"post-49680\" class=\"ub-post-grid-item post-49680 post type-post status-publish format-standard has-post-thumbnail hentry category-arte-y-cultura category-tests tag-escapada-rural tag-espana tag-la-tamborada tag-mona-de-pascua tag-semana-santa tag-test tag-torrijas tag-tradiciones tag-trenca-de-perols tag-tudela tag-turismo-rural\" style=\"\"><div class=\"ub-block-post-grid-image\" style=\"\"><a href=\"https:\/\/www.escapadarural.com\/blog\/test-tradiciones-semana-santa\/\" rel=\"bookmark\" aria-hidden=\"true\" tabindex=\"-1\"><img loading=\"lazy\" decoding=\"async\" width=\"1024\" height=\"683\" src=\"https:\/\/www.escapadarural.com\/blog\/wp-content\/uploads\/2024\/10\/Semana-Santa-1-1024x683-4.jpg\" class=\"attachment-full size-full\" alt=\"Semana Santa\" style=\"max-width: 600px; \" srcset=\"https:\/\/www.escapadarural.com\/blog\/wp-content\/uploads\/2024\/10\/Semana-Santa-1-1024x683-4-200x133.jpg 200w, https:\/\/www.escapadarural.com\/blog\/wp-content\/uploads\/2024\/10\/Semana-Santa-1-1024x683-4-300x200.jpg 300w, https:\/\/www.escapadarural.com\/blog\/wp-content\/uploads\/2024\/10\/Semana-Santa-1-1024x683-4-400x267.jpg 400w, https:\/\/www.escapadarural.com\/blog\/wp-content\/uploads\/2024\/10\/Semana-Santa-1-1024x683-4-600x400.jpg 600w, https:\/\/www.escapadarural.com\/blog\/wp-content\/uploads\/2024\/10\/Semana-Santa-1-1024x683-4-768x512.jpg 768w, https:\/\/www.escapadarural.com\/blog\/wp-content\/uploads\/2024\/10\/Semana-Santa-1-1024x683-4-800x534.jpg 800w, https:\/\/www.escapadarural.com\/blog\/wp-content\/uploads\/2024\/10\/Semana-Santa-1-1024x683-4.jpg 1024w\" sizes=\"auto, (max-width: 1024px) 100vw, 1024px\"><\/a><\/div><div class=\"ub-block-post-grid-text\" style=\"\"><div class=\"ub-block-post-grid-header-content\"><header class=\"ub-block-post-grid-header\"><h3 class=\"ub-block-post-grid-title\"><a style=\"\" href=\"https:\/\/www.escapadarural.com\/blog\/test-tradiciones-semana-santa\/\" rel=\"bookmark\">Test para sacar nota: \u00bfConoces las tradiciones espa\u00f1olas de Semana Santa?<\/a><\/h3><\/header><\/div><div class=\"ub-block-post-grid-excerpt\"><div class=\"ub-block-post-grid-excerpt-text\" style=\"\"><p>En menos de un mes, unos estaremos inmersos en plenas vacaciones y otros en la vor\u00e1gine de las procesiones de Semana Santa.<\/p>\n<\/div><p><a class=\"ub-block-post-grid-more-link ub-text-link\" style=\"\" href=\"https:\/\/www.escapadarural.com\/blog\/test-tradiciones-semana-santa\/\" rel=\"bookmark\">Probar <span class=\"screen-reader-text\">Test para sacar nota: \u00bfConoces las tradiciones espa\u00f1olas de Semana Santa?<\/span><\/a><\/p><\/div><\/div><\/article>\n<article id=\"post-11093\" class=\"ub-post-grid-item post-11093 post type-post status-publish format-standard has-post-thumbnail hentry category-tests tag-espana tag-geografia tag-test\" style=\"\"><div class=\"ub-block-post-grid-image\" style=\"\"><a href=\"https:\/\/www.escapadarural.com\/blog\/cuanto-sabes-de-geografia-de-espana\/\" rel=\"bookmark\" aria-hidden=\"true\" tabindex=\"-1\"><img loading=\"lazy\" decoding=\"async\" width=\"716\" height=\"482\" src=\"https:\/\/www.escapadarural.com\/blog\/wp-content\/uploads\/2010\/04\/Mosque_of_Cordoba_Spain-1-2-1-1-1.jpg\" class=\"attachment-full size-full\" alt=\"Mezquita de C\u00f3rdoba\" style=\"max-width: 600px; \" srcset=\"https:\/\/www.escapadarural.com\/blog\/wp-content\/uploads\/2010\/04\/Mosque_of_Cordoba_Spain-1-2-1-1-1-200x135.jpg 200w, https:\/\/www.escapadarural.com\/blog\/wp-content\/uploads\/2010\/04\/Mosque_of_Cordoba_Spain-1-2-1-1-1-300x202.jpg 300w, https:\/\/www.escapadarural.com\/blog\/wp-content\/uploads\/2010\/04\/Mosque_of_Cordoba_Spain-1-2-1-1-1-400x269.jpg 400w, https:\/\/www.escapadarural.com\/blog\/wp-content\/uploads\/2010\/04\/Mosque_of_Cordoba_Spain-1-2-1-1-1-600x404.jpg 600w, https:\/\/www.escapadarural.com\/blog\/wp-content\/uploads\/2010\/04\/Mosque_of_Cordoba_Spain-1-2-1-1-1.jpg 716w\" sizes=\"auto, (max-width: 716px) 100vw, 716px\"><\/a><\/div><div class=\"ub-block-post-grid-text\" style=\"\"><div class=\"ub-block-post-grid-header-content\"><header class=\"ub-block-post-grid-header\"><h3 class=\"ub-block-post-grid-title\"><a style=\"\" href=\"https:\/\/www.escapadarural.com\/blog\/cuanto-sabes-de-geografia-de-espana\/\" rel=\"bookmark\">Test: \u00bfCu\u00e1nto sabes de geograf\u00eda de Espa\u00f1a?<\/a><\/h3><\/header><\/div><div class=\"ub-block-post-grid-excerpt\"><div class=\"ub-block-post-grid-excerpt-text\" style=\"\"><p>Si presumes de conocer muy bien la geograf\u00eda espa\u00f1ola, entonces este es tu test. Ha llegado el momento de volcar todos esos conocimientos. \u00bfSabr\u00edas decir cu\u00e1ntas Comunidades Aut\u00f3nomas hay, cu\u00e1l es el punto m\u00e1s occidental del pa\u00eds o d\u00f3nde est\u00e1 Getxo?<\/p>\n<\/div><p><a class=\"ub-block-post-grid-more-link ub-text-link\" style=\"\" href=\"https:\/\/www.escapadarural.com\/blog\/cuanto-sabes-de-geografia-de-espana\/\" rel=\"bookmark\">Probar <span class=\"screen-reader-text\">Test: \u00bfCu\u00e1nto sabes de geograf\u00eda de Espa\u00f1a?<\/span><\/a><\/p><\/div><\/div><\/article>\n<\/div><\/section>","protected":false},"excerpt":{"rendered":"<p>Te retamos en este test a que pongas a prueba tu conocimiento sobre la costa espa\u00f1ola. \u00bfPodr\u00edas adivinar qu\u00e9 pueblos costeros son solo con ver su imagen?<\/p>\n","protected":false},"author":89,"featured_media":184001,"comment_status":"open","ping_status":"closed","sticky":false,"template":"","format":"standard","meta":{"_acf_changed":false,"om_disable_all_campaigns":false,"footnotes":""},"categories":[1144],"tags":[4072,4073,4074,2904,4075,3603,1339,4076,4077,3580,4078,789,4079,4080,4081,1143],"class_list":["post-11504","post","type-post","status-publish","format-standard","has-post-thumbnail","hentry","category-tests","tag-agua-amarga","tag-alcudia","tag-ayamonte","tag-cadaques","tag-canos-de-meca","tag-combarro","tag-cudillero","tag-cullera","tag-elantxobe","tag-estepona","tag-fornells","tag-peniscola","tag-puerto-de-las-nieves","tag-san-pedro-del-pinatar","tag-san-vicente-de-la-barquera","tag-test"],"acf":[],"featured_image_src":"https:\/\/www.escapadarural.com\/blog\/wp-content\/uploads\/2024\/11\/AdobeStock_219920236.webp","author_info":{"display_name":"Laura Fern\u00e1ndez","author_link":"https:\/\/www.escapadarural.com\/blog\/autor\/laura\/"},"yoast_head":"<!-- This site is optimized with the Yoast SEO plugin v27.5 - https:\/\/yoast.com\/product\/yoast-seo-wordpress\/ -->\n<title>\u00bfSabes qu\u00e9 pueblo costero es? - EscapadaRural<\/title>\n<meta name=\"robots\" content=\"index, follow, max-snippet:-1, max-image-preview:large, max-video-preview:-1\" \/>\n<link rel=\"canonical\" href=\"https:\/\/www.escapadarural.com\/blog\/sabes-que-pueblo-costero-es\/\" \/>\n<meta property=\"og:locale\" content=\"es_ES\" \/>\n<meta property=\"og:type\" content=\"article\" \/>\n<meta property=\"og:title\" content=\"\u00bfSabes qu\u00e9 pueblo costero es? - EscapadaRural\" \/>\n<meta property=\"og:description\" content=\"Te retamos en este test a que pongas a prueba tu conocimiento sobre la costa espa\u00f1ola. \u00bfPodr\u00edas adivinar qu\u00e9 pueblos costeros son solo con ver su imagen?\" \/>\n<meta property=\"og:url\" content=\"https:\/\/www.escapadarural.com\/blog\/sabes-que-pueblo-costero-es\/\" \/>\n<meta property=\"og:site_name\" content=\"Magazine de viajes de EscapadaRural\" \/>\n<meta property=\"article:publisher\" content=\"https:\/\/www.facebook.com\/escapadarural\" \/>\n<meta property=\"article:published_time\" content=\"2022-06-03T08:30:00+00:00\" \/>\n<meta property=\"article:modified_time\" content=\"2025-02-10T15:53:29+00:00\" \/>\n<meta property=\"og:image\" content=\"https:\/\/app.escapadarural.com\/blog\/wp-content\/uploads\/2024\/11\/AdobeStock_219920236.webp\" \/>\n\t<meta property=\"og:image:width\" content=\"1024\" \/>\n\t<meta property=\"og:image:height\" content=\"682\" \/>\n\t<meta property=\"og:image:type\" content=\"image\/webp\" \/>\n<meta name=\"author\" content=\"Laura Fern\u00e1ndez\" \/>\n<meta name=\"twitter:card\" content=\"summary_large_image\" \/>\n<meta name=\"twitter:label1\" content=\"Escrito por\" \/>\n\t<meta name=\"twitter:data1\" content=\"Laura Fern\u00e1ndez\" \/>\n\t<meta name=\"twitter:label2\" content=\"Tiempo de lectura\" \/>\n\t<meta name=\"twitter:data2\" content=\"1 minuto\" \/>\n<script type=\"application\/ld+json\" class=\"yoast-schema-graph\">{\"@context\":\"https:\\\/\\\/schema.org\",\"@graph\":[{\"@type\":\"Article\",\"@id\":\"https:\\\/\\\/www.escapadarural.com\\\/blog\\\/sabes-que-pueblo-costero-es\\\/#article\",\"isPartOf\":{\"@id\":\"https:\\\/\\\/www.escapadarural.com\\\/blog\\\/sabes-que-pueblo-costero-es\\\/\"},\"author\":{\"name\":\"Laura Fern\u00e1ndez\",\"@id\":\"https:\\\/\\\/www.escapadarural.com\\\/blog\\\/#\\\/schema\\\/person\\\/a9b46ae4d047d8a2c719f31e75206cff\"},\"headline\":\"\u00bfSabes qu\u00e9 pueblo costero es?\",\"datePublished\":\"2022-06-03T08:30:00+00:00\",\"dateModified\":\"2025-02-10T15:53:29+00:00\",\"mainEntityOfPage\":{\"@id\":\"https:\\\/\\\/www.escapadarural.com\\\/blog\\\/sabes-que-pueblo-costero-es\\\/\"},\"wordCount\":105,\"commentCount\":24,\"publisher\":{\"@id\":\"https:\\\/\\\/www.escapadarural.com\\\/blog\\\/#organization\"},\"image\":{\"@id\":\"https:\\\/\\\/www.escapadarural.com\\\/blog\\\/sabes-que-pueblo-costero-es\\\/#primaryimage\"},\"thumbnailUrl\":\"https:\\\/\\\/www.escapadarural.com\\\/blog\\\/wp-content\\\/uploads\\\/2024\\\/11\\\/AdobeStock_219920236.webp\",\"keywords\":[\"Agua Amarga\",\"Alc\u00fadia\",\"Ayamonte\",\"Cadaqu\u00e9s\",\"Ca\u00f1os de Meca\",\"Combarro\",\"Cudillero\",\"Cullera\",\"Elantxobe\",\"Estepona\",\"Fornells\",\"Pen\u00edscola\",\"Puerto de las Nieves\",\"San pedro del Pinatar\",\"San Vicente de la Barquera\",\"test\"],\"articleSection\":[\"Tests\"],\"inLanguage\":\"es\",\"potentialAction\":[{\"@type\":\"CommentAction\",\"name\":\"Comment\",\"target\":[\"https:\\\/\\\/www.escapadarural.com\\\/blog\\\/sabes-que-pueblo-costero-es\\\/#respond\"]}]},{\"@type\":\"WebPage\",\"@id\":\"https:\\\/\\\/www.escapadarural.com\\\/blog\\\/sabes-que-pueblo-costero-es\\\/\",\"url\":\"https:\\\/\\\/www.escapadarural.com\\\/blog\\\/sabes-que-pueblo-costero-es\\\/\",\"name\":\"\u00bfSabes qu\u00e9 pueblo costero es? - EscapadaRural\",\"isPartOf\":{\"@id\":\"https:\\\/\\\/www.escapadarural.com\\\/blog\\\/#website\"},\"primaryImageOfPage\":{\"@id\":\"https:\\\/\\\/www.escapadarural.com\\\/blog\\\/sabes-que-pueblo-costero-es\\\/#primaryimage\"},\"image\":{\"@id\":\"https:\\\/\\\/www.escapadarural.com\\\/blog\\\/sabes-que-pueblo-costero-es\\\/#primaryimage\"},\"thumbnailUrl\":\"https:\\\/\\\/www.escapadarural.com\\\/blog\\\/wp-content\\\/uploads\\\/2024\\\/11\\\/AdobeStock_219920236.webp\",\"datePublished\":\"2022-06-03T08:30:00+00:00\",\"dateModified\":\"2025-02-10T15:53:29+00:00\",\"breadcrumb\":{\"@id\":\"https:\\\/\\\/www.escapadarural.com\\\/blog\\\/sabes-que-pueblo-costero-es\\\/#breadcrumb\"},\"inLanguage\":\"es\",\"potentialAction\":[{\"@type\":\"ReadAction\",\"target\":[\"https:\\\/\\\/www.escapadarural.com\\\/blog\\\/sabes-que-pueblo-costero-es\\\/\"]}]},{\"@type\":\"ImageObject\",\"inLanguage\":\"es\",\"@id\":\"https:\\\/\\\/www.escapadarural.com\\\/blog\\\/sabes-que-pueblo-costero-es\\\/#primaryimage\",\"url\":\"https:\\\/\\\/www.escapadarural.com\\\/blog\\\/wp-content\\\/uploads\\\/2024\\\/11\\\/AdobeStock_219920236.webp\",\"contentUrl\":\"https:\\\/\\\/www.escapadarural.com\\\/blog\\\/wp-content\\\/uploads\\\/2024\\\/11\\\/AdobeStock_219920236.webp\",\"width\":1024,\"height\":682,\"caption\":\"Cudillero, en Asturias. Por ImagineStock\"},{\"@type\":\"BreadcrumbList\",\"@id\":\"https:\\\/\\\/www.escapadarural.com\\\/blog\\\/sabes-que-pueblo-costero-es\\\/#breadcrumb\",\"itemListElement\":[{\"@type\":\"ListItem\",\"position\":1,\"name\":\"Inicio\",\"item\":\"https:\\\/\\\/www.escapadarural.com\\\/blog\\\/\"},{\"@type\":\"ListItem\",\"position\":2,\"name\":\"Tests\",\"item\":\"https:\\\/\\\/www.escapadarural.com\\\/blog\\\/categoria\\\/tests\\\/\"},{\"@type\":\"ListItem\",\"position\":3,\"name\":\"\u00bfSabes qu\u00e9 pueblo costero es?\"}]},{\"@type\":\"WebSite\",\"@id\":\"https:\\\/\\\/www.escapadarural.com\\\/blog\\\/#website\",\"url\":\"https:\\\/\\\/www.escapadarural.com\\\/blog\\\/\",\"name\":\"Blog de viajes | turismo rural, alojamientos e inspiraci\u00f3n\",\"description\":\"Alojamientos rurales e inspiraci\u00f3n para tus escapadas\",\"publisher\":{\"@id\":\"https:\\\/\\\/www.escapadarural.com\\\/blog\\\/#organization\"},\"alternateName\":\"Magazine de viajes de EscapadaRural\",\"potentialAction\":[{\"@type\":\"SearchAction\",\"target\":{\"@type\":\"EntryPoint\",\"urlTemplate\":\"https:\\\/\\\/www.escapadarural.com\\\/blog\\\/?s={search_term_string}\"},\"query-input\":{\"@type\":\"PropertyValueSpecification\",\"valueRequired\":true,\"valueName\":\"search_term_string\"}}],\"inLanguage\":\"es\"},{\"@type\":\"Organization\",\"@id\":\"https:\\\/\\\/www.escapadarural.com\\\/blog\\\/#organization\",\"name\":\"EscapadaRural\",\"url\":\"https:\\\/\\\/www.escapadarural.com\\\/blog\\\/\",\"logo\":{\"@type\":\"ImageObject\",\"inLanguage\":\"es\",\"@id\":\"https:\\\/\\\/www.escapadarural.com\\\/blog\\\/#\\\/schema\\\/logo\\\/image\\\/\",\"url\":\"https:\\\/\\\/www.escapadarural.com\\\/blog\\\/wp-content\\\/uploads\\\/2024\\\/10\\\/cropped-cropped-escapada-rural-icon-mag-3.png\",\"contentUrl\":\"https:\\\/\\\/www.escapadarural.com\\\/blog\\\/wp-content\\\/uploads\\\/2024\\\/10\\\/cropped-cropped-escapada-rural-icon-mag-3.png\",\"width\":512,\"height\":512,\"caption\":\"EscapadaRural\"},\"image\":{\"@id\":\"https:\\\/\\\/www.escapadarural.com\\\/blog\\\/#\\\/schema\\\/logo\\\/image\\\/\"},\"sameAs\":[\"https:\\\/\\\/www.facebook.com\\\/escapadarural\",\"https:\\\/\\\/www.instagram.com\\\/escapadarural\\\/\",\"https:\\\/\\\/www.youtube.com\\\/@escapadaruralcom\"]},{\"@type\":\"Person\",\"@id\":\"https:\\\/\\\/www.escapadarural.com\\\/blog\\\/#\\\/schema\\\/person\\\/a9b46ae4d047d8a2c719f31e75206cff\",\"name\":\"Laura Fern\u00e1ndez\",\"image\":{\"@type\":\"ImageObject\",\"inLanguage\":\"es\",\"@id\":\"https:\\\/\\\/www.escapadarural.com\\\/blog\\\/wp-content\\\/uploads\\\/2025\\\/01\\\/cropped-laura_raponchii-96x96.jpg\",\"url\":\"https:\\\/\\\/www.escapadarural.com\\\/blog\\\/wp-content\\\/uploads\\\/2025\\\/01\\\/cropped-laura_raponchii-96x96.jpg\",\"contentUrl\":\"https:\\\/\\\/www.escapadarural.com\\\/blog\\\/wp-content\\\/uploads\\\/2025\\\/01\\\/cropped-laura_raponchii-96x96.jpg\",\"caption\":\"Laura Fern\u00e1ndez\"},\"description\":\"Periodista, blogger y viajera. No necesariamente en ese orden. En ocasiones me despierto sin saber d\u00f3nde estoy. Adicta a los c\u00f3mics y a los noodles con salsa de cacahuete. Redactora en @escapadarural, colaboradora en la Conde Nast Traveler y en la Divinity. Mi casa: Meridiano180.\",\"sameAs\":[\"http:\\\/\\\/www.meridiano180.com\\\/\"],\"url\":\"https:\\\/\\\/www.escapadarural.com\\\/blog\\\/autor\\\/laura\\\/\"}]}<\/script>\n<!-- \/ Yoast SEO plugin. -->","yoast_head_json":{"title":"\u00bfSabes qu\u00e9 pueblo costero es? - EscapadaRural","robots":{"index":"index","follow":"follow","max-snippet":"max-snippet:-1","max-image-preview":"max-image-preview:large","max-video-preview":"max-video-preview:-1"},"canonical":"https:\/\/www.escapadarural.com\/blog\/sabes-que-pueblo-costero-es\/","og_locale":"es_ES","og_type":"article","og_title":"\u00bfSabes qu\u00e9 pueblo costero es? - EscapadaRural","og_description":"Te retamos en este test a que pongas a prueba tu conocimiento sobre la costa espa\u00f1ola. \u00bfPodr\u00edas adivinar qu\u00e9 pueblos costeros son solo con ver su imagen?","og_url":"https:\/\/www.escapadarural.com\/blog\/sabes-que-pueblo-costero-es\/","og_site_name":"Magazine de viajes de EscapadaRural","article_publisher":"https:\/\/www.facebook.com\/escapadarural","article_published_time":"2022-06-03T08:30:00+00:00","article_modified_time":"2025-02-10T15:53:29+00:00","og_image":[{"width":1024,"height":682,"url":"https:\/\/app.escapadarural.com\/blog\/wp-content\/uploads\/2024\/11\/AdobeStock_219920236.webp","type":"image\/webp"}],"author":"Laura Fern\u00e1ndez","twitter_card":"summary_large_image","twitter_misc":{"Escrito por":"Laura Fern\u00e1ndez","Tiempo de lectura":"1 minuto"},"schema":{"@context":"https:\/\/schema.org","@graph":[{"@type":"Article","@id":"https:\/\/www.escapadarural.com\/blog\/sabes-que-pueblo-costero-es\/#article","isPartOf":{"@id":"https:\/\/www.escapadarural.com\/blog\/sabes-que-pueblo-costero-es\/"},"author":{"name":"Laura Fern\u00e1ndez","@id":"https:\/\/www.escapadarural.com\/blog\/#\/schema\/person\/a9b46ae4d047d8a2c719f31e75206cff"},"headline":"\u00bfSabes qu\u00e9 pueblo costero es?","datePublished":"2022-06-03T08:30:00+00:00","dateModified":"2025-02-10T15:53:29+00:00","mainEntityOfPage":{"@id":"https:\/\/www.escapadarural.com\/blog\/sabes-que-pueblo-costero-es\/"},"wordCount":105,"commentCount":24,"publisher":{"@id":"https:\/\/www.escapadarural.com\/blog\/#organization"},"image":{"@id":"https:\/\/www.escapadarural.com\/blog\/sabes-que-pueblo-costero-es\/#primaryimage"},"thumbnailUrl":"https:\/\/www.escapadarural.com\/blog\/wp-content\/uploads\/2024\/11\/AdobeStock_219920236.webp","keywords":["Agua Amarga","Alc\u00fadia","Ayamonte","Cadaqu\u00e9s","Ca\u00f1os de Meca","Combarro","Cudillero","Cullera","Elantxobe","Estepona","Fornells","Pen\u00edscola","Puerto de las Nieves","San pedro del Pinatar","San Vicente de la Barquera","test"],"articleSection":["Tests"],"inLanguage":"es","potentialAction":[{"@type":"CommentAction","name":"Comment","target":["https:\/\/www.escapadarural.com\/blog\/sabes-que-pueblo-costero-es\/#respond"]}]},{"@type":"WebPage","@id":"https:\/\/www.escapadarural.com\/blog\/sabes-que-pueblo-costero-es\/","url":"https:\/\/www.escapadarural.com\/blog\/sabes-que-pueblo-costero-es\/","name":"\u00bfSabes qu\u00e9 pueblo costero es? - EscapadaRural","isPartOf":{"@id":"https:\/\/www.escapadarural.com\/blog\/#website"},"primaryImageOfPage":{"@id":"https:\/\/www.escapadarural.com\/blog\/sabes-que-pueblo-costero-es\/#primaryimage"},"image":{"@id":"https:\/\/www.escapadarural.com\/blog\/sabes-que-pueblo-costero-es\/#primaryimage"},"thumbnailUrl":"https:\/\/www.escapadarural.com\/blog\/wp-content\/uploads\/2024\/11\/AdobeStock_219920236.webp","datePublished":"2022-06-03T08:30:00+00:00","dateModified":"2025-02-10T15:53:29+00:00","breadcrumb":{"@id":"https:\/\/www.escapadarural.com\/blog\/sabes-que-pueblo-costero-es\/#breadcrumb"},"inLanguage":"es","potentialAction":[{"@type":"ReadAction","target":["https:\/\/www.escapadarural.com\/blog\/sabes-que-pueblo-costero-es\/"]}]},{"@type":"ImageObject","inLanguage":"es","@id":"https:\/\/www.escapadarural.com\/blog\/sabes-que-pueblo-costero-es\/#primaryimage","url":"https:\/\/www.escapadarural.com\/blog\/wp-content\/uploads\/2024\/11\/AdobeStock_219920236.webp","contentUrl":"https:\/\/www.escapadarural.com\/blog\/wp-content\/uploads\/2024\/11\/AdobeStock_219920236.webp","width":1024,"height":682,"caption":"Cudillero, en Asturias. Por ImagineStock"},{"@type":"BreadcrumbList","@id":"https:\/\/www.escapadarural.com\/blog\/sabes-que-pueblo-costero-es\/#breadcrumb","itemListElement":[{"@type":"ListItem","position":1,"name":"Inicio","item":"https:\/\/www.escapadarural.com\/blog\/"},{"@type":"ListItem","position":2,"name":"Tests","item":"https:\/\/www.escapadarural.com\/blog\/categoria\/tests\/"},{"@type":"ListItem","position":3,"name":"\u00bfSabes qu\u00e9 pueblo costero es?"}]},{"@type":"WebSite","@id":"https:\/\/www.escapadarural.com\/blog\/#website","url":"https:\/\/www.escapadarural.com\/blog\/","name":"Blog de viajes | turismo rural, alojamientos e inspiraci\u00f3n","description":"Alojamientos rurales e inspiraci\u00f3n para tus escapadas","publisher":{"@id":"https:\/\/www.escapadarural.com\/blog\/#organization"},"alternateName":"Magazine de viajes de EscapadaRural","potentialAction":[{"@type":"SearchAction","target":{"@type":"EntryPoint","urlTemplate":"https:\/\/www.escapadarural.com\/blog\/?s={search_term_string}"},"query-input":{"@type":"PropertyValueSpecification","valueRequired":true,"valueName":"search_term_string"}}],"inLanguage":"es"},{"@type":"Organization","@id":"https:\/\/www.escapadarural.com\/blog\/#organization","name":"EscapadaRural","url":"https:\/\/www.escapadarural.com\/blog\/","logo":{"@type":"ImageObject","inLanguage":"es","@id":"https:\/\/www.escapadarural.com\/blog\/#\/schema\/logo\/image\/","url":"https:\/\/www.escapadarural.com\/blog\/wp-content\/uploads\/2024\/10\/cropped-cropped-escapada-rural-icon-mag-3.png","contentUrl":"https:\/\/www.escapadarural.com\/blog\/wp-content\/uploads\/2024\/10\/cropped-cropped-escapada-rural-icon-mag-3.png","width":512,"height":512,"caption":"EscapadaRural"},"image":{"@id":"https:\/\/www.escapadarural.com\/blog\/#\/schema\/logo\/image\/"},"sameAs":["https:\/\/www.facebook.com\/escapadarural","https:\/\/www.instagram.com\/escapadarural\/","https:\/\/www.youtube.com\/@escapadaruralcom"]},{"@type":"Person","@id":"https:\/\/www.escapadarural.com\/blog\/#\/schema\/person\/a9b46ae4d047d8a2c719f31e75206cff","name":"Laura Fern\u00e1ndez","image":{"@type":"ImageObject","inLanguage":"es","@id":"https:\/\/www.escapadarural.com\/blog\/wp-content\/uploads\/2025\/01\/cropped-laura_raponchii-96x96.jpg","url":"https:\/\/www.escapadarural.com\/blog\/wp-content\/uploads\/2025\/01\/cropped-laura_raponchii-96x96.jpg","contentUrl":"https:\/\/www.escapadarural.com\/blog\/wp-content\/uploads\/2025\/01\/cropped-laura_raponchii-96x96.jpg","caption":"Laura Fern\u00e1ndez"},"description":"Periodista, blogger y viajera. No necesariamente en ese orden. En ocasiones me despierto sin saber d\u00f3nde estoy. Adicta a los c\u00f3mics y a los noodles con salsa de cacahuete. Redactora en @escapadarural, colaboradora en la Conde Nast Traveler y en la Divinity. Mi casa: Meridiano180.","sameAs":["http:\/\/www.meridiano180.com\/"],"url":"https:\/\/www.escapadarural.com\/blog\/autor\/laura\/"}]}},"_links":{"self":[{"href":"https:\/\/www.escapadarural.com\/blog\/wp-json\/wp\/v2\/posts\/11504","targetHints":{"allow":["GET"]}}],"collection":[{"href":"https:\/\/www.escapadarural.com\/blog\/wp-json\/wp\/v2\/posts"}],"about":[{"href":"https:\/\/www.escapadarural.com\/blog\/wp-json\/wp\/v2\/types\/post"}],"author":[{"embeddable":true,"href":"https:\/\/www.escapadarural.com\/blog\/wp-json\/wp\/v2\/users\/89"}],"replies":[{"embeddable":true,"href":"https:\/\/www.escapadarural.com\/blog\/wp-json\/wp\/v2\/comments?post=11504"}],"version-history":[{"count":0,"href":"https:\/\/www.escapadarural.com\/blog\/wp-json\/wp\/v2\/posts\/11504\/revisions"}],"wp:featuredmedia":[{"embeddable":true,"href":"https:\/\/www.escapadarural.com\/blog\/wp-json\/wp\/v2\/media\/184001"}],"wp:attachment":[{"href":"https:\/\/www.escapadarural.com\/blog\/wp-json\/wp\/v2\/media?parent=11504"}],"wp:term":[{"taxonomy":"category","embeddable":true,"href":"https:\/\/www.escapadarural.com\/blog\/wp-json\/wp\/v2\/categories?post=11504"},{"taxonomy":"post_tag","embeddable":true,"href":"https:\/\/www.escapadarural.com\/blog\/wp-json\/wp\/v2\/tags?post=11504"}],"curies":[{"name":"wp","href":"https:\/\/api.w.org\/{rel}","templated":true}]}}