{"id":11731,"date":"2019-12-09T09:30:05","date_gmt":"2019-12-09T09:30:05","guid":{"rendered":"http:\/\/15.188.81.248\/2019\/12\/09\/valle-del-tietar-la-andalucia-de-avila\/"},"modified":"2026-02-18T09:01:01","modified_gmt":"2026-02-18T08:01:01","slug":"valle-del-tietar-la-andalucia-de-avila","status":"publish","type":"post","link":"https:\/\/www.escapadarural.com\/blog\/valle-del-tietar-la-andalucia-de-avila\/","title":{"rendered":"Valle del Ti\u00e9tar: La Andaluc\u00eda de \u00c1vila"},"content":{"rendered":"\n<figure class=\"wp-block-image size-large\"><a href=\"https:\/\/www.escapadarural.com\/blog\/wp-content\/uploads\/2019\/12\/Valle_Tietar.jpg\"><img decoding=\"async\" src=\"https:\/\/www.escapadarural.com\/blog\/wp-content\/uploads\/2019\/12\/Valle_Tietar-1024x768.jpg\" alt=\"Valle del Ti\u00e9tar\" class=\"wp-image-22957\"\/><\/a><figcaption class=\"wp-element-caption\">Por El\u00edsabet Garc\u00eda<\/figcaption><\/figure>\n\n\n\n<p>Al sur de la provincia abulense, y resguardada por las monta\u00f1as de la <a href=\"\/blog\/gredosruraltrip\/\" target=\"_blank\" aria-label=\" (opens in a new tab)\" rel=\"noreferrer noopener\" class=\"rank-math-link\">sierra de Gredos<\/a>, amanece cada ma\u00f1ana la bella <strong>comarca del valle del Ti\u00e9tar<\/strong>. Referida no pocas veces como \u00abLa Andaluc\u00eda de \u00c1vila\u00bb, por su <strong>clima c\u00e1lido y estable durante todo el a\u00f1o<\/strong>, en ella florecen con alegr\u00eda olivos, naranjos, casta\u00f1os, cerezos \u2013muchos cerezos\u2013 y pinos. Un verdadero para\u00edso para los amantes del <strong>turismo activo<\/strong> y las escapadas rurales.<\/p>\n\n\n\n<figure class=\"wp-block-image size-large\"><a href=\"https:\/\/www.escapadarural.com\/blog\/wp-content\/uploads\/2019\/12\/Candeleda-2.jpg\"><img decoding=\"async\" src=\"https:\/\/www.escapadarural.com\/blog\/wp-content\/uploads\/2019\/12\/Candeleda-2.jpg\" alt=\"Valle del Ti\u00e9tar\" class=\"wp-image-22956\"\/><\/a><figcaption class=\"wp-element-caption\">Por El\u00edsabet Garc\u00eda<\/figcaption><\/figure>\n\n\n\n<p>Atravesada de este a oeste por el&nbsp;<strong>r\u00edo Ti\u00e9tar<\/strong>, esta privilegiada comarca, que se extiende por \u00c1vila, Toledo y C\u00e1ceres, es especialmente popular en verano por estar plagada de gargantas, corrientes de agua y <strong>piscinas naturales<\/strong>. Todo un lujo para esos d\u00edas en los que el sol decide brillar con toda su fuerza.<\/p>\n\n\n\n<p>De los 29 pueblos y aldeas que salpican el valle del Ti\u00e9tar, todos con su particular <strong>encanto<\/strong>, destacamos: <a href=\"\/casas-rurales\/arenas-de-san-pedro\" target=\"_blank\" aria-label=\" (opens in a new tab)\" rel=\"noreferrer noopener\" class=\"rank-math-link\"><strong>Arenas de San Pedro<\/strong><\/a>, capital de la comarca; <a href=\"\/casas-rurales\/pedro-bernardo\" target=\"_blank\" aria-label=\" (opens in a new tab)\" rel=\"noreferrer noopener\" class=\"rank-math-link\"><strong>Pedro Bernardo<\/strong><\/a>, conocido como el balc\u00f3n del Ti\u00e9tar; y <strong>El Arenal<\/strong>, <a href=\"\/casas-rurales\/el-hornillo\" target=\"_blank\" aria-label=\" (opens in a new tab)\" rel=\"noreferrer noopener\" class=\"rank-math-link\"><strong>El Hornillo<\/strong><\/a>, <a href=\"\/casas-rurales\/guisando\" target=\"_blank\" aria-label=\" (opens in a new tab)\" rel=\"noreferrer noopener\" class=\"rank-math-link\"><strong>Guisando<\/strong><\/a> y <a href=\"\/casas-rurales\/candeleda\" target=\"_blank\" aria-label=\" (opens in a new tab)\" rel=\"noreferrer noopener\" class=\"rank-math-link\"><strong>Candeleda<\/strong><\/a> como ejemplos de arquitectura popular de mamposter\u00eda, aleros voladizos y entramado de madera.<\/p>\n\n\n<div class=\"wp-block-image\">\n<figure class=\"aligncenter size-large\"><a href=\"https:\/\/www.escapadarural.com\/blog\/wp-content\/uploads\/2019\/12\/casa-de-las-flores-candeleda.jpg\"><img decoding=\"async\" src=\"https:\/\/www.escapadarural.com\/blog\/wp-content\/uploads\/2019\/12\/casa-de-las-flores-candeleda-768x1024.jpg\" alt=\"Valle del Ti\u00e9tar\" class=\"wp-image-22955\"\/><\/a><figcaption class=\"wp-element-caption\">Por El\u00edsabet Garc\u00eda<\/figcaption><\/figure>\n<\/div>\n\n\n<p>\u00bfCu\u00e1ndo es <strong>recomendable visitarlo<\/strong>? Siempre.<\/p>\n\n\n\n<p>En primavera disfrutar\u00e1s del color y el aroma que desprenden las flores que visten los diferentes \u00e1rboles frutales. En verano, adem\u00e1s de refrescarte con un buen chapuz\u00f3n en sus charcas naturales, podr\u00e1s practicar deportes acu\u00e1ticos en sus numerosos embalses. Oto\u00f1o, con su festival de ocres, es una de las \u00e9pocas en las que m\u00e1s bonita est\u00e1. Y en invierno, cuando la nieve corona los altos cerros que la rodean, ofrece aut\u00e9nticas postales para la retina.<\/p>\n\n\n\n<figure class=\"wp-block-image size-large\"><a href=\"https:\/\/www.escapadarural.com\/blog\/wp-content\/uploads\/2019\/12\/vistas-del-valle-del-tietar.jpg\"><img loading=\"lazy\" decoding=\"async\" width=\"1024\" height=\"768\" src=\"https:\/\/www.escapadarural.com\/blog\/wp-content\/uploads\/2019\/12\/vistas-del-valle-del-tietar-1024x768.jpg\" alt=\"Valle del Ti\u00e9tar\" class=\"wp-image-22954\" srcset=\"https:\/\/www.escapadarural.com\/blog\/wp-content\/uploads\/2019\/12\/vistas-del-valle-del-tietar-200x150.jpg 200w, https:\/\/www.escapadarural.com\/blog\/wp-content\/uploads\/2019\/12\/vistas-del-valle-del-tietar-300x225.jpg 300w, https:\/\/www.escapadarural.com\/blog\/wp-content\/uploads\/2019\/12\/vistas-del-valle-del-tietar-400x300.jpg 400w, https:\/\/www.escapadarural.com\/blog\/wp-content\/uploads\/2019\/12\/vistas-del-valle-del-tietar-600x450.jpg 600w, https:\/\/www.escapadarural.com\/blog\/wp-content\/uploads\/2019\/12\/vistas-del-valle-del-tietar-768x576.jpg 768w, https:\/\/www.escapadarural.com\/blog\/wp-content\/uploads\/2019\/12\/vistas-del-valle-del-tietar-800x600.jpg 800w, https:\/\/www.escapadarural.com\/blog\/wp-content\/uploads\/2019\/12\/vistas-del-valle-del-tietar-1024x768.jpg 1024w, https:\/\/www.escapadarural.com\/blog\/wp-content\/uploads\/2019\/12\/vistas-del-valle-del-tietar-1200x900.jpg 1200w, https:\/\/www.escapadarural.com\/blog\/wp-content\/uploads\/2019\/12\/vistas-del-valle-del-tietar-1536x1152.jpg 1536w\" sizes=\"auto, (max-width: 1024px) 100vw, 1024px\" \/><\/a><figcaption class=\"wp-element-caption\">Por El\u00edsabet Garc\u00eda<\/figcaption><\/figure>\n\n\n\n<p>\u00bfNos vamos de <a rel=\"noopener noreferrer\" href=\"https:\/\/www.terranostrum.es\/senderismo\/avila\/valle-del-tietar\/1\" target=\"_blank\" class=\"rank-math-link\">senderismo<\/a>? Si tu respuesta es s\u00ed, lo complicado ser\u00e1 elegir qu\u00e9 ruta realizar. En el valle del Ti\u00e9tar hay tantas opciones como caminantes.<\/p>\n\n\n\n<p>Hay rutas muy sencillas, como la circular que rodea el <strong>pantano de Riocuevas<\/strong>, en Arenas de San Pedro (2&#8217;2 km). La que une el monasterio de monjas Agustinas de Candeleda con <strong>\u00abla\u00bb Puente del Puerto<\/strong>, y que discurre sin apenas desniveles por la <strong>garganta de Santa Mar\u00eda<\/strong> (unas 2h). O la que te permite acceder al <a href=\"\/blog\/los-mejores-sitios-para-encontrar-castanas-en-espana\/\" target=\"_blank\" aria-label=\" (opens in a new tab)\" rel=\"noreferrer noopener\" class=\"rank-math-link\">Casta\u00f1ar de El Tiemblo<\/a> desde el pueblo de Casillas por un antiguo camino (3h).<\/p>\n\n\n<div class=\"wp-block-image\">\n<figure class=\"aligncenter size-large\"><a href=\"https:\/\/www.escapadarural.com\/blog\/wp-content\/uploads\/2019\/12\/1280px-Garganta_de_Santa_Mar\u00eda_Candeleda-680x510-1.jpg\"><img decoding=\"async\" src=\"https:\/\/www.escapadarural.com\/blog\/wp-content\/uploads\/2019\/12\/1280px-Garganta_de_Santa_Mar\u00eda_Candeleda-680x510-1.jpg\" alt=\"Valle del Ti\u00e9tar\" class=\"wp-image-22953\"\/><\/a><figcaption class=\"wp-element-caption\">Por El\u00edsabet Garc\u00eda<\/figcaption><\/figure>\n<\/div>\n\n\n<p>Si te apetece <strong>algo m\u00e1s de dificultad<\/strong>, una ruta interesante es la que conecta el <strong>castro celta de El Raso<\/strong>, en anejo de Candeleda, con la Vega del Zapato (4h). All\u00ed podremos admirar un antiguo chozo de piedra perfectamente conservado.<\/p>\n\n\n\n<p>Y si prefieres <strong>emociones fuertes<\/strong>, siempre puedes aventurarte hasta el <strong>puerto del Pe\u00f3n<\/strong> siguiendo los 11&#8217;7 km de ida de la senda circular PR-AV 18. Parte del Alto del Dur\u00e1n y termina en el refugio de Domingo Fernando. Tiene un desnivel acumulado de 477m, sobre todo en el repecho final, y era utilizada para la trashumancia de la zona. En ella podr\u00e1s disfrutar de vistas panor\u00e1micas del macizo central de Gredos, la laguna del Cura \u2013\u00bbcolgada\u00bb del cauce del arroyo\u2013 o los perfiles del circo de Gredos.<\/p>\n\n\n\n<p>\u00bfY qu\u00e9 m\u00e1s se puede visitar en este lugar? Pues el mirador Ornitol\u00f3gico del R\u00edo Arbillas, el Parque Megal\u00edtico de La Gua\u00f1a, la gran&nbsp;calzada romana&nbsp;que se extiende desde Cuevas del Valle hasta el Pico del Puerto, las cuevas del \u00c1guila de Ramacasta\u00f1as, algunos de los edificios hist\u00f3rico-religiosos del valle como el santuario de San Pedro de Alc\u00e1ntara \u2013Arenas de San Pedro\u2013 o la peque\u00f1a <strong>ermita de Nuestra Se\u00f1ora de Chilla<\/strong>.<\/p>\n\n\n\n<figure class=\"wp-block-image size-large\"><a href=\"https:\/\/www.escapadarural.com\/blog\/wp-content\/uploads\/2019\/12\/parque-megalitico-la-guana.jpg\"><img loading=\"lazy\" decoding=\"async\" width=\"1024\" height=\"768\" src=\"https:\/\/www.escapadarural.com\/blog\/wp-content\/uploads\/2019\/12\/parque-megalitico-la-guana-1024x768.jpg\" alt=\"Valle del Ti\u00e9tar\" class=\"wp-image-22952\" srcset=\"https:\/\/www.escapadarural.com\/blog\/wp-content\/uploads\/2019\/12\/parque-megalitico-la-guana-200x150.jpg 200w, https:\/\/www.escapadarural.com\/blog\/wp-content\/uploads\/2019\/12\/parque-megalitico-la-guana-300x225.jpg 300w, https:\/\/www.escapadarural.com\/blog\/wp-content\/uploads\/2019\/12\/parque-megalitico-la-guana-400x300.jpg 400w, https:\/\/www.escapadarural.com\/blog\/wp-content\/uploads\/2019\/12\/parque-megalitico-la-guana-600x450.jpg 600w, https:\/\/www.escapadarural.com\/blog\/wp-content\/uploads\/2019\/12\/parque-megalitico-la-guana-768x576.jpg 768w, https:\/\/www.escapadarural.com\/blog\/wp-content\/uploads\/2019\/12\/parque-megalitico-la-guana-800x600.jpg 800w, https:\/\/www.escapadarural.com\/blog\/wp-content\/uploads\/2019\/12\/parque-megalitico-la-guana-1024x768.jpg 1024w, https:\/\/www.escapadarural.com\/blog\/wp-content\/uploads\/2019\/12\/parque-megalitico-la-guana-1200x900.jpg 1200w, https:\/\/www.escapadarural.com\/blog\/wp-content\/uploads\/2019\/12\/parque-megalitico-la-guana-1536x1152.jpg 1536w\" sizes=\"auto, (max-width: 1024px) 100vw, 1024px\" \/><\/a><figcaption class=\"wp-element-caption\">Por El\u00edsabet Garc\u00eda<\/figcaption><\/figure>\n\n\n\n<p>Naturaleza abrumadora para todos los gustos, patrimonio hist\u00f3rico, arquitectura popular, gente amable y una m\u00e1s que apetecible cocina \u2013migas, cochifrito, piment\u00f3n, \u00absopet\u00f3n\u00bb o patatas revolconas\u2013 con productos de kil\u00f3metro cero como principales ingredientes. Con estas caracter\u00edsticas, no es de extra\u00f1ar que el <strong>valle del Ti\u00e9tar<\/strong> est\u00e9 considerado como el <strong>vergel de Europa<\/strong>.<\/p>\n","protected":false},"excerpt":{"rendered":"<p>Al sur de la provincia abulense, y resguardada por las monta\u00f1as de la sierra de Gredos, amanece cada ma\u00f1ana la bella comarca del valle del Ti\u00e9tar. Referida no pocas veces como \u201cLa Andaluc\u00eda de \u00c1vila\u201d, por su clima c\u00e1lido y estable durante todo el a\u00f1o, en ella florecen con alegr\u00eda olivos, naranjos, casta\u00f1os, cerezos \u2013muchos cerezos\u2013 y pinos. Un verdadero para\u00edso para los amantes del turismo activo y las escapadas rurales.<\/p>\n","protected":false},"author":109,"featured_media":524,"comment_status":"open","ping_status":"closed","sticky":false,"template":"","format":"standard","meta":{"_acf_changed":false,"om_disable_all_campaigns":false,"footnotes":""},"categories":[1379],"tags":[260,896,5995,1285,2447],"class_list":["post-11731","post","type-post","status-publish","format-standard","has-post-thumbnail","hentry","category-rutas-y-excursiones","tag-articulo","tag-que-ver-en-avila","tag-que-ver-en-castilla-y-leon","tag-sierra-de-gredos","tag-valle-del-tietar"],"acf":[],"featured_image_src":"https:\/\/www.escapadarural.com\/blog\/wp-content\/uploads\/2020\/04\/Rio_Tietar-680x510-1.jpg","author_info":{"display_name":"El\u00edsabet Garc\u00eda","author_link":"https:\/\/www.escapadarural.com\/blog\/autor\/lagranescapada\/"},"yoast_head":"<!-- This site is optimized with the Yoast SEO plugin v27.5 - https:\/\/yoast.com\/product\/yoast-seo-wordpress\/ -->\n<title>Valle del Ti\u00e9tar: La Andaluc\u00eda de \u00c1vila - EscapadaRural<\/title>\n<meta name=\"robots\" content=\"index, follow, max-snippet:-1, max-image-preview:large, max-video-preview:-1\" \/>\n<link rel=\"canonical\" href=\"https:\/\/www.escapadarural.com\/blog\/valle-del-tietar-la-andalucia-de-avila\/\" \/>\n<meta property=\"og:locale\" content=\"es_ES\" \/>\n<meta property=\"og:type\" content=\"article\" \/>\n<meta property=\"og:title\" content=\"Valle del Ti\u00e9tar: La Andaluc\u00eda de \u00c1vila - EscapadaRural\" \/>\n<meta property=\"og:description\" content=\"Al sur de la provincia abulense, y resguardada por las monta\u00f1as de la sierra de Gredos, amanece cada ma\u00f1ana la bella comarca del valle del Ti\u00e9tar. Referida no pocas veces como \u201cLa Andaluc\u00eda de \u00c1vila\u201d, por su clima c\u00e1lido y estable durante todo el a\u00f1o, en ella florecen con alegr\u00eda olivos, naranjos, casta\u00f1os, cerezos \u2013muchos cerezos\u2013 y pinos. Un verdadero para\u00edso para los amantes del turismo activo y las escapadas rurales.\" \/>\n<meta property=\"og:url\" content=\"https:\/\/www.escapadarural.com\/blog\/valle-del-tietar-la-andalucia-de-avila\/\" \/>\n<meta property=\"og:site_name\" content=\"Magazine de viajes de EscapadaRural\" \/>\n<meta property=\"article:publisher\" content=\"https:\/\/www.facebook.com\/escapadarural\" \/>\n<meta property=\"article:published_time\" content=\"2019-12-09T09:30:05+00:00\" \/>\n<meta property=\"article:modified_time\" content=\"2026-02-18T08:01:01+00:00\" \/>\n<meta property=\"og:image\" content=\"https:\/\/www.escapadarural.com\/blog\/wp-content\/uploads\/2020\/04\/Rio_Tietar-680x510-1.jpg?v=1771401663\" \/>\n\t<meta property=\"og:image:width\" content=\"680\" \/>\n\t<meta property=\"og:image:height\" content=\"510\" \/>\n\t<meta property=\"og:image:type\" content=\"image\/jpeg\" \/>\n<meta name=\"author\" content=\"El\u00edsabet Garc\u00eda\" \/>\n<meta name=\"twitter:card\" content=\"summary_large_image\" \/>\n<meta name=\"twitter:label1\" content=\"Escrito por\" \/>\n\t<meta name=\"twitter:data1\" content=\"El\u00edsabet Garc\u00eda\" \/>\n\t<meta name=\"twitter:label2\" content=\"Tiempo de lectura\" \/>\n\t<meta name=\"twitter:data2\" content=\"3 minutos\" \/>\n<script type=\"application\/ld+json\" class=\"yoast-schema-graph\">{\"@context\":\"https:\\\/\\\/schema.org\",\"@graph\":[{\"@type\":\"Article\",\"@id\":\"https:\\\/\\\/www.escapadarural.com\\\/blog\\\/valle-del-tietar-la-andalucia-de-avila\\\/#article\",\"isPartOf\":{\"@id\":\"https:\\\/\\\/www.escapadarural.com\\\/blog\\\/valle-del-tietar-la-andalucia-de-avila\\\/\"},\"author\":{\"name\":\"El\u00edsabet Garc\u00eda\",\"@id\":\"https:\\\/\\\/www.escapadarural.com\\\/blog\\\/#\\\/schema\\\/person\\\/2cac652e2d16373a24890ffaa220140f\"},\"headline\":\"Valle del Ti\u00e9tar: La Andaluc\u00eda de \u00c1vila\",\"datePublished\":\"2019-12-09T09:30:05+00:00\",\"dateModified\":\"2026-02-18T08:01:01+00:00\",\"mainEntityOfPage\":{\"@id\":\"https:\\\/\\\/www.escapadarural.com\\\/blog\\\/valle-del-tietar-la-andalucia-de-avila\\\/\"},\"wordCount\":696,\"commentCount\":2,\"publisher\":{\"@id\":\"https:\\\/\\\/www.escapadarural.com\\\/blog\\\/#organization\"},\"image\":{\"@id\":\"https:\\\/\\\/www.escapadarural.com\\\/blog\\\/valle-del-tietar-la-andalucia-de-avila\\\/#primaryimage\"},\"thumbnailUrl\":\"https:\\\/\\\/www.escapadarural.com\\\/blog\\\/wp-content\\\/uploads\\\/2020\\\/04\\\/Rio_Tietar-680x510-1.jpg\",\"keywords\":[\"art\u00edculo\",\"\u00c1vila\",\"Castilla y Le\u00f3n\",\"Sierra de Gredos\",\"Valle del Ti\u00e9tar\"],\"articleSection\":[\"Rutas y excursiones\"],\"inLanguage\":\"es\",\"potentialAction\":[{\"@type\":\"CommentAction\",\"name\":\"Comment\",\"target\":[\"https:\\\/\\\/www.escapadarural.com\\\/blog\\\/valle-del-tietar-la-andalucia-de-avila\\\/#respond\"]}]},{\"@type\":\"WebPage\",\"@id\":\"https:\\\/\\\/www.escapadarural.com\\\/blog\\\/valle-del-tietar-la-andalucia-de-avila\\\/\",\"url\":\"https:\\\/\\\/www.escapadarural.com\\\/blog\\\/valle-del-tietar-la-andalucia-de-avila\\\/\",\"name\":\"Valle del Ti\u00e9tar: La Andaluc\u00eda de \u00c1vila - EscapadaRural\",\"isPartOf\":{\"@id\":\"https:\\\/\\\/www.escapadarural.com\\\/blog\\\/#website\"},\"primaryImageOfPage\":{\"@id\":\"https:\\\/\\\/www.escapadarural.com\\\/blog\\\/valle-del-tietar-la-andalucia-de-avila\\\/#primaryimage\"},\"image\":{\"@id\":\"https:\\\/\\\/www.escapadarural.com\\\/blog\\\/valle-del-tietar-la-andalucia-de-avila\\\/#primaryimage\"},\"thumbnailUrl\":\"https:\\\/\\\/www.escapadarural.com\\\/blog\\\/wp-content\\\/uploads\\\/2020\\\/04\\\/Rio_Tietar-680x510-1.jpg\",\"datePublished\":\"2019-12-09T09:30:05+00:00\",\"dateModified\":\"2026-02-18T08:01:01+00:00\",\"breadcrumb\":{\"@id\":\"https:\\\/\\\/www.escapadarural.com\\\/blog\\\/valle-del-tietar-la-andalucia-de-avila\\\/#breadcrumb\"},\"inLanguage\":\"es\",\"potentialAction\":[{\"@type\":\"ReadAction\",\"target\":[\"https:\\\/\\\/www.escapadarural.com\\\/blog\\\/valle-del-tietar-la-andalucia-de-avila\\\/\"]}]},{\"@type\":\"ImageObject\",\"inLanguage\":\"es\",\"@id\":\"https:\\\/\\\/www.escapadarural.com\\\/blog\\\/valle-del-tietar-la-andalucia-de-avila\\\/#primaryimage\",\"url\":\"https:\\\/\\\/www.escapadarural.com\\\/blog\\\/wp-content\\\/uploads\\\/2020\\\/04\\\/Rio_Tietar-680x510-1.jpg\",\"contentUrl\":\"https:\\\/\\\/www.escapadarural.com\\\/blog\\\/wp-content\\\/uploads\\\/2020\\\/04\\\/Rio_Tietar-680x510-1.jpg\",\"width\":680,\"height\":510,\"caption\":\"Valle del T\u00edetar\"},{\"@type\":\"BreadcrumbList\",\"@id\":\"https:\\\/\\\/www.escapadarural.com\\\/blog\\\/valle-del-tietar-la-andalucia-de-avila\\\/#breadcrumb\",\"itemListElement\":[{\"@type\":\"ListItem\",\"position\":1,\"name\":\"Inicio\",\"item\":\"https:\\\/\\\/www.escapadarural.com\\\/blog\\\/\"},{\"@type\":\"ListItem\",\"position\":2,\"name\":\"Rutas y excursiones\",\"item\":\"https:\\\/\\\/www.escapadarural.com\\\/blog\\\/categoria\\\/rutas-y-excursiones\\\/\"},{\"@type\":\"ListItem\",\"position\":3,\"name\":\"Valle del Ti\u00e9tar: La Andaluc\u00eda de \u00c1vila\"}]},{\"@type\":\"WebSite\",\"@id\":\"https:\\\/\\\/www.escapadarural.com\\\/blog\\\/#website\",\"url\":\"https:\\\/\\\/www.escapadarural.com\\\/blog\\\/\",\"name\":\"Blog de viajes | turismo rural, alojamientos e inspiraci\u00f3n\",\"description\":\"Alojamientos rurales e inspiraci\u00f3n para tus escapadas\",\"publisher\":{\"@id\":\"https:\\\/\\\/www.escapadarural.com\\\/blog\\\/#organization\"},\"alternateName\":\"Magazine de viajes de EscapadaRural\",\"potentialAction\":[{\"@type\":\"SearchAction\",\"target\":{\"@type\":\"EntryPoint\",\"urlTemplate\":\"https:\\\/\\\/www.escapadarural.com\\\/blog\\\/?s={search_term_string}\"},\"query-input\":{\"@type\":\"PropertyValueSpecification\",\"valueRequired\":true,\"valueName\":\"search_term_string\"}}],\"inLanguage\":\"es\"},{\"@type\":\"Organization\",\"@id\":\"https:\\\/\\\/www.escapadarural.com\\\/blog\\\/#organization\",\"name\":\"EscapadaRural\",\"url\":\"https:\\\/\\\/www.escapadarural.com\\\/blog\\\/\",\"logo\":{\"@type\":\"ImageObject\",\"inLanguage\":\"es\",\"@id\":\"https:\\\/\\\/www.escapadarural.com\\\/blog\\\/#\\\/schema\\\/logo\\\/image\\\/\",\"url\":\"https:\\\/\\\/www.escapadarural.com\\\/blog\\\/wp-content\\\/uploads\\\/2024\\\/10\\\/cropped-cropped-escapada-rural-icon-mag-3.png\",\"contentUrl\":\"https:\\\/\\\/www.escapadarural.com\\\/blog\\\/wp-content\\\/uploads\\\/2024\\\/10\\\/cropped-cropped-escapada-rural-icon-mag-3.png\",\"width\":512,\"height\":512,\"caption\":\"EscapadaRural\"},\"image\":{\"@id\":\"https:\\\/\\\/www.escapadarural.com\\\/blog\\\/#\\\/schema\\\/logo\\\/image\\\/\"},\"sameAs\":[\"https:\\\/\\\/www.facebook.com\\\/escapadarural\",\"https:\\\/\\\/www.instagram.com\\\/escapadarural\\\/\",\"https:\\\/\\\/www.youtube.com\\\/@escapadaruralcom\"]},{\"@type\":\"Person\",\"@id\":\"https:\\\/\\\/www.escapadarural.com\\\/blog\\\/#\\\/schema\\\/person\\\/2cac652e2d16373a24890ffaa220140f\",\"name\":\"El\u00edsabet Garc\u00eda\",\"image\":{\"@type\":\"ImageObject\",\"inLanguage\":\"es\",\"@id\":\"https:\\\/\\\/www.escapadarural.com\\\/blog\\\/wp-content\\\/uploads\\\/2025\\\/02\\\/elisabet_gran_escapada.webp\",\"url\":\"https:\\\/\\\/www.escapadarural.com\\\/blog\\\/wp-content\\\/uploads\\\/2025\\\/02\\\/elisabet_gran_escapada.webp\",\"contentUrl\":\"https:\\\/\\\/www.escapadarural.com\\\/blog\\\/wp-content\\\/uploads\\\/2025\\\/02\\\/elisabet_gran_escapada.webp\",\"caption\":\"El\u00edsabet Garc\u00eda\"},\"description\":\"Hola a todos! Soy El\u00edsabet Garc\u00eda, Consultora Inform\u00e1tica y, desde hace 7 a\u00f1os, blogger de viajes. Me apasiona viajar, conocer lugares inh\u00f3spitos, experimentar aventuras, perderme por la naturaleza y saborear la gastronom\u00eda local de cada lugar. Coeditora del blog lagranescapada.com junto a Mar Gonz\u00e1lez, un lugar que creamos para compartir cada nueva escapada que hacemos por el mundo.\",\"sameAs\":[\"https:\\\/\\\/lagranescapada.com\\\/\"],\"url\":\"https:\\\/\\\/www.escapadarural.com\\\/blog\\\/autor\\\/lagranescapada\\\/\"}]}<\/script>\n<!-- \/ Yoast SEO plugin. -->","yoast_head_json":{"title":"Valle del Ti\u00e9tar: La Andaluc\u00eda de \u00c1vila - EscapadaRural","robots":{"index":"index","follow":"follow","max-snippet":"max-snippet:-1","max-image-preview":"max-image-preview:large","max-video-preview":"max-video-preview:-1"},"canonical":"https:\/\/www.escapadarural.com\/blog\/valle-del-tietar-la-andalucia-de-avila\/","og_locale":"es_ES","og_type":"article","og_title":"Valle del Ti\u00e9tar: La Andaluc\u00eda de \u00c1vila - EscapadaRural","og_description":"Al sur de la provincia abulense, y resguardada por las monta\u00f1as de la sierra de Gredos, amanece cada ma\u00f1ana la bella comarca del valle del Ti\u00e9tar. Referida no pocas veces como \u201cLa Andaluc\u00eda de \u00c1vila\u201d, por su clima c\u00e1lido y estable durante todo el a\u00f1o, en ella florecen con alegr\u00eda olivos, naranjos, casta\u00f1os, cerezos \u2013muchos cerezos\u2013 y pinos. Un verdadero para\u00edso para los amantes del turismo activo y las escapadas rurales.","og_url":"https:\/\/www.escapadarural.com\/blog\/valle-del-tietar-la-andalucia-de-avila\/","og_site_name":"Magazine de viajes de EscapadaRural","article_publisher":"https:\/\/www.facebook.com\/escapadarural","article_published_time":"2019-12-09T09:30:05+00:00","article_modified_time":"2026-02-18T08:01:01+00:00","og_image":[{"width":680,"height":510,"url":"https:\/\/www.escapadarural.com\/blog\/wp-content\/uploads\/2020\/04\/Rio_Tietar-680x510-1.jpg?v=1771401663","type":"image\/jpeg"}],"author":"El\u00edsabet Garc\u00eda","twitter_card":"summary_large_image","twitter_misc":{"Escrito por":"El\u00edsabet Garc\u00eda","Tiempo de lectura":"3 minutos"},"schema":{"@context":"https:\/\/schema.org","@graph":[{"@type":"Article","@id":"https:\/\/www.escapadarural.com\/blog\/valle-del-tietar-la-andalucia-de-avila\/#article","isPartOf":{"@id":"https:\/\/www.escapadarural.com\/blog\/valle-del-tietar-la-andalucia-de-avila\/"},"author":{"name":"El\u00edsabet Garc\u00eda","@id":"https:\/\/www.escapadarural.com\/blog\/#\/schema\/person\/2cac652e2d16373a24890ffaa220140f"},"headline":"Valle del Ti\u00e9tar: La Andaluc\u00eda de \u00c1vila","datePublished":"2019-12-09T09:30:05+00:00","dateModified":"2026-02-18T08:01:01+00:00","mainEntityOfPage":{"@id":"https:\/\/www.escapadarural.com\/blog\/valle-del-tietar-la-andalucia-de-avila\/"},"wordCount":696,"commentCount":2,"publisher":{"@id":"https:\/\/www.escapadarural.com\/blog\/#organization"},"image":{"@id":"https:\/\/www.escapadarural.com\/blog\/valle-del-tietar-la-andalucia-de-avila\/#primaryimage"},"thumbnailUrl":"https:\/\/www.escapadarural.com\/blog\/wp-content\/uploads\/2020\/04\/Rio_Tietar-680x510-1.jpg","keywords":["art\u00edculo","\u00c1vila","Castilla y Le\u00f3n","Sierra de Gredos","Valle del Ti\u00e9tar"],"articleSection":["Rutas y excursiones"],"inLanguage":"es","potentialAction":[{"@type":"CommentAction","name":"Comment","target":["https:\/\/www.escapadarural.com\/blog\/valle-del-tietar-la-andalucia-de-avila\/#respond"]}]},{"@type":"WebPage","@id":"https:\/\/www.escapadarural.com\/blog\/valle-del-tietar-la-andalucia-de-avila\/","url":"https:\/\/www.escapadarural.com\/blog\/valle-del-tietar-la-andalucia-de-avila\/","name":"Valle del Ti\u00e9tar: La Andaluc\u00eda de \u00c1vila - EscapadaRural","isPartOf":{"@id":"https:\/\/www.escapadarural.com\/blog\/#website"},"primaryImageOfPage":{"@id":"https:\/\/www.escapadarural.com\/blog\/valle-del-tietar-la-andalucia-de-avila\/#primaryimage"},"image":{"@id":"https:\/\/www.escapadarural.com\/blog\/valle-del-tietar-la-andalucia-de-avila\/#primaryimage"},"thumbnailUrl":"https:\/\/www.escapadarural.com\/blog\/wp-content\/uploads\/2020\/04\/Rio_Tietar-680x510-1.jpg","datePublished":"2019-12-09T09:30:05+00:00","dateModified":"2026-02-18T08:01:01+00:00","breadcrumb":{"@id":"https:\/\/www.escapadarural.com\/blog\/valle-del-tietar-la-andalucia-de-avila\/#breadcrumb"},"inLanguage":"es","potentialAction":[{"@type":"ReadAction","target":["https:\/\/www.escapadarural.com\/blog\/valle-del-tietar-la-andalucia-de-avila\/"]}]},{"@type":"ImageObject","inLanguage":"es","@id":"https:\/\/www.escapadarural.com\/blog\/valle-del-tietar-la-andalucia-de-avila\/#primaryimage","url":"https:\/\/www.escapadarural.com\/blog\/wp-content\/uploads\/2020\/04\/Rio_Tietar-680x510-1.jpg","contentUrl":"https:\/\/www.escapadarural.com\/blog\/wp-content\/uploads\/2020\/04\/Rio_Tietar-680x510-1.jpg","width":680,"height":510,"caption":"Valle del T\u00edetar"},{"@type":"BreadcrumbList","@id":"https:\/\/www.escapadarural.com\/blog\/valle-del-tietar-la-andalucia-de-avila\/#breadcrumb","itemListElement":[{"@type":"ListItem","position":1,"name":"Inicio","item":"https:\/\/www.escapadarural.com\/blog\/"},{"@type":"ListItem","position":2,"name":"Rutas y excursiones","item":"https:\/\/www.escapadarural.com\/blog\/categoria\/rutas-y-excursiones\/"},{"@type":"ListItem","position":3,"name":"Valle del Ti\u00e9tar: La Andaluc\u00eda de \u00c1vila"}]},{"@type":"WebSite","@id":"https:\/\/www.escapadarural.com\/blog\/#website","url":"https:\/\/www.escapadarural.com\/blog\/","name":"Blog de viajes | turismo rural, alojamientos e inspiraci\u00f3n","description":"Alojamientos rurales e inspiraci\u00f3n para tus escapadas","publisher":{"@id":"https:\/\/www.escapadarural.com\/blog\/#organization"},"alternateName":"Magazine de viajes de EscapadaRural","potentialAction":[{"@type":"SearchAction","target":{"@type":"EntryPoint","urlTemplate":"https:\/\/www.escapadarural.com\/blog\/?s={search_term_string}"},"query-input":{"@type":"PropertyValueSpecification","valueRequired":true,"valueName":"search_term_string"}}],"inLanguage":"es"},{"@type":"Organization","@id":"https:\/\/www.escapadarural.com\/blog\/#organization","name":"EscapadaRural","url":"https:\/\/www.escapadarural.com\/blog\/","logo":{"@type":"ImageObject","inLanguage":"es","@id":"https:\/\/www.escapadarural.com\/blog\/#\/schema\/logo\/image\/","url":"https:\/\/www.escapadarural.com\/blog\/wp-content\/uploads\/2024\/10\/cropped-cropped-escapada-rural-icon-mag-3.png","contentUrl":"https:\/\/www.escapadarural.com\/blog\/wp-content\/uploads\/2024\/10\/cropped-cropped-escapada-rural-icon-mag-3.png","width":512,"height":512,"caption":"EscapadaRural"},"image":{"@id":"https:\/\/www.escapadarural.com\/blog\/#\/schema\/logo\/image\/"},"sameAs":["https:\/\/www.facebook.com\/escapadarural","https:\/\/www.instagram.com\/escapadarural\/","https:\/\/www.youtube.com\/@escapadaruralcom"]},{"@type":"Person","@id":"https:\/\/www.escapadarural.com\/blog\/#\/schema\/person\/2cac652e2d16373a24890ffaa220140f","name":"El\u00edsabet Garc\u00eda","image":{"@type":"ImageObject","inLanguage":"es","@id":"https:\/\/www.escapadarural.com\/blog\/wp-content\/uploads\/2025\/02\/elisabet_gran_escapada.webp","url":"https:\/\/www.escapadarural.com\/blog\/wp-content\/uploads\/2025\/02\/elisabet_gran_escapada.webp","contentUrl":"https:\/\/www.escapadarural.com\/blog\/wp-content\/uploads\/2025\/02\/elisabet_gran_escapada.webp","caption":"El\u00edsabet Garc\u00eda"},"description":"Hola a todos! Soy El\u00edsabet Garc\u00eda, Consultora Inform\u00e1tica y, desde hace 7 a\u00f1os, blogger de viajes. Me apasiona viajar, conocer lugares inh\u00f3spitos, experimentar aventuras, perderme por la naturaleza y saborear la gastronom\u00eda local de cada lugar. Coeditora del blog lagranescapada.com junto a Mar Gonz\u00e1lez, un lugar que creamos para compartir cada nueva escapada que hacemos por el mundo.","sameAs":["https:\/\/lagranescapada.com\/"],"url":"https:\/\/www.escapadarural.com\/blog\/autor\/lagranescapada\/"}]}},"_links":{"self":[{"href":"https:\/\/www.escapadarural.com\/blog\/wp-json\/wp\/v2\/posts\/11731","targetHints":{"allow":["GET"]}}],"collection":[{"href":"https:\/\/www.escapadarural.com\/blog\/wp-json\/wp\/v2\/posts"}],"about":[{"href":"https:\/\/www.escapadarural.com\/blog\/wp-json\/wp\/v2\/types\/post"}],"author":[{"embeddable":true,"href":"https:\/\/www.escapadarural.com\/blog\/wp-json\/wp\/v2\/users\/109"}],"replies":[{"embeddable":true,"href":"https:\/\/www.escapadarural.com\/blog\/wp-json\/wp\/v2\/comments?post=11731"}],"version-history":[{"count":0,"href":"https:\/\/www.escapadarural.com\/blog\/wp-json\/wp\/v2\/posts\/11731\/revisions"}],"wp:featuredmedia":[{"embeddable":true,"href":"https:\/\/www.escapadarural.com\/blog\/wp-json\/wp\/v2\/media\/524"}],"wp:attachment":[{"href":"https:\/\/www.escapadarural.com\/blog\/wp-json\/wp\/v2\/media?parent=11731"}],"wp:term":[{"taxonomy":"category","embeddable":true,"href":"https:\/\/www.escapadarural.com\/blog\/wp-json\/wp\/v2\/categories?post=11731"},{"taxonomy":"post_tag","embeddable":true,"href":"https:\/\/www.escapadarural.com\/blog\/wp-json\/wp\/v2\/tags?post=11731"}],"curies":[{"name":"wp","href":"https:\/\/api.w.org\/{rel}","templated":true}]}}