{"id":11743,"date":"2019-11-24T07:30:39","date_gmt":"2019-11-24T07:30:39","guid":{"rendered":"http:\/\/15.188.81.248\/2019\/11\/24\/planes-en-barcelona-provincia-para-inquietos-culturales\/"},"modified":"2025-02-11T16:47:35","modified_gmt":"2025-02-11T14:47:35","slug":"planes-en-barcelona-provincia-para-inquietos-culturales","status":"publish","type":"post","link":"https:\/\/www.escapadarural.com\/blog\/planes-en-barcelona-provincia-para-inquietos-culturales\/","title":{"rendered":"10 planes en la provincia de Barcelona para inquietos culturales"},"content":{"rendered":"\n<figure class=\"wp-block-image size-large\"><a href=\"https:\/\/www.escapadarural.com\/blog\/wp-content\/uploads\/2019\/11\/Cardona-Castell-Flotant-Diputaci\u00f3-de-Barcelona-1-scaled.jpg\"><img decoding=\"async\" src=\"https:\/\/www.escapadarural.com\/blog\/wp-content\/uploads\/2019\/11\/Cardona-Castell-Flotant-Diputaci\u00f3-de-Barcelona-1-1024x685.jpg\" alt=\"Castillo de Cardona\" class=\"wp-image-23085\"\/><\/a><figcaption class=\"wp-element-caption\">Castillo de Cardona. Por Diputaci\u00f3 de Barcelona<\/figcaption><\/figure>\n\n\n\n<p>Parece que los planes se acaban m\u00e1s all\u00e1 de la ciudad, pero lo cierto es que a muy poca distancia de <a rel=\"noopener noreferrer\" href=\"https:\/\/www.escapadarural.com\/casas-rurales\/barcelona\" target=\"_blank\" class=\"rank-math-link\">Barcelona<\/a> hay paisajes, historias, museos y edificios singulares que atrapar\u00e1n la atenci\u00f3n de los viajeros culturetas m\u00e1s sibaritas. Toma nota y agenda alguno de estos planes, te sacar\u00e1n de la rutina.<\/p>\n\n\n\n<h2 class=\"wp-block-heading title-rute\" id=\"h-parque-cultural-de-la-montana-de-sal-la-sal-de-la-vida\">Parque cultural de la monta\u00f1a de sal: La sal de la vida<\/h2>\n\n\n\n<figure class=\"wp-block-image size-large\"><a href=\"https:\/\/www.escapadarural.com\/blog\/wp-content\/uploads\/2019\/11\/CARDONA-PARC-CULTURAL-DE-LA-MUNTANYA-DE-SAL-8778-Foto-Josep-Cano-Diputaci\u00f3-Barcelona-1.jpg\"><img decoding=\"async\" src=\"https:\/\/www.escapadarural.com\/blog\/wp-content\/uploads\/2019\/11\/CARDONA-PARC-CULTURAL-DE-LA-MUNTANYA-DE-SAL-8778-Foto-Josep-Cano-Diputaci\u00f3-Barcelona-1-1024x681.jpg\" alt=\"Monta\u00f1a de Sal de Cardona\" class=\"wp-image-23084\"\/><\/a><figcaption class=\"wp-element-caption\">Monta\u00f1a de Sal de Cardona. Por Diputaci\u00f3 de Barcelona<\/figcaption><\/figure>\n\n\n\n<p>Todo lo que vemos, la imponente silueta del castillo sobre el cerro, la plaza de La Fira, la capilla de Santa Eulalia y los antiguos portales de las casas nobiliarias del bello centro hist\u00f3rico se debe a la sal. Y es que <a href=\"https:\/\/www.escapadarural.com\/casas-rurales\/cardona\" target=\"_blank\" rel=\"noopener noreferrer\">Cardona<\/a> naci\u00f3 y creci\u00f3 alrededor de una gran monta\u00f1a de sal en la que se ha trabajado hasta hace relativamente poco y que hoy se puede visitar.<\/p>\n\n\n\n<p>El plan se vuelve singular tras <strong>descender a 86 metros de profundidad<\/strong>, hasta el interior de las galer\u00edas que los romanos comenzaron a trabajar y que muestran como si fuera el viaje de Verne al centro de la Tierra, las estalactitas, estalagmitas y vetas de distintos tonos como las que se ven en la Capilla Sixtina.<\/p>\n\n\n\n<p><a rel=\"noopener noreferrer\" href=\"https:\/\/www.barcelonaesmoltmes.cat\/es\/web\/idees-de-viatge\/-\/cardona-un-cap-de-setmana-complet\" target=\"_blank\" class=\"rank-math-link\">\u00bfQuieres m\u00e1s informaci\u00f3n?<\/a><\/p>\n\n\n\n<h2 class=\"wp-block-heading title-rute\" id=\"h-museo-del-ferrocarril-de-vilanova-i-la-geltru-todos-al-tren\">Museo del ferrocarril de Vilanova i la Geltr\u00fa: \u00a1Todos al tren!<\/h2>\n\n\n<div class=\"wp-block-image\">\n<figure class=\"aligncenter size-large\"><a href=\"https:\/\/www.escapadarural.com\/blog\/wp-content\/uploads\/2019\/11\/Museu_del_Ferrocarril_-_rotonda.jpg\"><img decoding=\"async\" src=\"https:\/\/www.escapadarural.com\/blog\/wp-content\/uploads\/2019\/11\/Museu_del_Ferrocarril_-_rotonda.jpg\" alt=\"Museo del Ferrocarril\" class=\"wp-image-23083\"\/><\/a><figcaption class=\"wp-element-caption\">Por Kippelboy<\/figcaption><\/figure>\n<\/div>\n\n\n<p>Si hoy podemos llegar c\u00f3modamente en tren a Vilanova i la Geltr\u00fa es gracias a <strong>Francesc Gum\u00e0<\/strong>, un indiano que so\u00f1\u00f3 con traer el ferrocarril hasta el municipio. Y no par\u00f3 hasta lograrlo. Precisamente, al lado de la estaci\u00f3n, como si fuera el anverso de la modernidad, est\u00e1 el museo hist\u00f3rico que se le dedica. Los trenes de ahora son mucho m\u00e1s r\u00e1pidos, seguros y c\u00f3modos, pero no tienen el aire rom\u00e1ntico de los antiguos ferrocarriles.<\/p>\n\n\n\n<p>El Museo del ferrocarril ocupa las instalaciones originales del dep\u00f3sito de locomotoras de vapor de Vilanova i la Geltr\u00fa, unas edificaciones ferroviarias, en las que Francesc Gum\u00e0 quiso ubicar en 1878 la que ser\u00eda la gran estaci\u00f3n en Vilanova. El museo abre de martes a domingo, pero los s\u00e1bados hay visitas din\u00e1micas que revelan algunos de los secretos del mundo del ferrocarril. Hay un billete combinado que incluye el tren de cercan\u00edas hasta llegar a Vilanova i la Geltr\u00fa.<\/p>\n\n\n\n<p><a href=\"https:\/\/www.barcelonaesmoltmes.cat\/es\/web\/idees-de-viatge\/-\/bojos-pels-trens\" target=\"_blank\" rel=\"noopener noreferrer\">\u00bfQuieres m\u00e1s informaci\u00f3n?<\/a><\/p>\n\n\n\n<h2 class=\"wp-block-heading title-rute\" id=\"h-vinseum-museo-de-las-culturas-del-vino-de-cataluna-una-historia-de-mas-de-2-800-anos\">VINSEUM, Museo de las culturas del vino de Catalu\u00f1a: una historia de m\u00e1s de 2.800 a\u00f1os<\/h2>\n\n\n<div class=\"wp-block-image\">\n<figure class=\"aligncenter size-large\"><a href=\"https:\/\/www.escapadarural.com\/blog\/wp-content\/uploads\/2019\/11\/VINSEUM3-1.jpg\"><img decoding=\"async\" src=\"https:\/\/www.escapadarural.com\/blog\/wp-content\/uploads\/2019\/11\/VINSEUM3-1-1024x683.jpg\" alt=\"VINSEUM\" class=\"wp-image-23082\"\/><\/a><figcaption class=\"wp-element-caption\">Por Roser Blanch<\/figcaption><\/figure>\n<\/div>\n\n\n<p>Lo primero que llama la atenci\u00f3n al alcanzar el <a href=\"https:\/\/www.escapadarural.com\/casas-rurales\/el-penedes\" target=\"_blank\" rel=\"noopener noreferrer\">Pened\u00e8s<\/a> son las extensiones de vi\u00f1as. Y es que \u00e9ste es uno de los principales destinos enotur\u00edsticos del pa\u00eds. Vilafranca del Pened\u00e8s es su capital, as\u00ed que valdr\u00e1 la pena hacer un alto antes de emprender cualquier otra excursi\u00f3n para conocer la denominaci\u00f3n de origen.<\/p>\n\n\n\n<p>En Vilafranca del Pend\u00e8s est\u00e1 el <strong>primer museo del vino<\/strong> abierto en Espa\u00f1a. El VINSEUM lleva contando la historia de las vi\u00f1as y de las bodegas de la comarca desde hace m\u00e1s de 80 a\u00f1os. El arquitecto Santiago Vives fue el encargado de llevar adelante la reforma del antiguo Palacio Real de Villafranca, un edificio g\u00f3tico de S. XIII con mucha historia encima. Recorri\u00e9ndolo descubriremos que la primera vi\u00f1a catalana se cultiv\u00f3 aqu\u00ed hace m\u00e1s de 2.800 a\u00f1os. No s\u00f3lo de historia vive el museo, sino que diferentes actividades ponen atenci\u00f3n a la actualidad en\u00f3loga.<\/p>\n\n\n\n<p><a href=\"https:\/\/www.barcelonaesmoltmes.cat\/es\/web\/idees-de-viatge\/-\/el-vi-en-un-museu-\" target=\"_blank\" rel=\"noopener noreferrer\">\u00bfQuieres m\u00e1s informaci\u00f3n?<\/a><\/p>\n\n\n\n<h2 class=\"wp-block-heading title-rute\" id=\"h-centro-de-interpretacion-de-la-aviacion-republicana-y-la-guerra-aerea-ciarga-memoria-de-la-aviacion\">Centro de interpretaci\u00f3n de la aviaci\u00f3n republicana y la guerra a\u00e9rea (CIARGA): Memoria de la aviaci\u00f3n<\/h2>\n\n\n<div class=\"wp-block-image\">\n<figure class=\"aligncenter size-large\"><a href=\"https:\/\/www.escapadarural.com\/blog\/wp-content\/uploads\/2019\/11\/IMG_1046-1-scaled.jpg\"><img decoding=\"async\" src=\"https:\/\/www.escapadarural.com\/blog\/wp-content\/uploads\/2019\/11\/IMG_1046-1-1024x768.jpg\" alt=\"CIARGA\" class=\"wp-image-23080\"\/><\/a><figcaption class=\"wp-element-caption\">Por Barcelona \u00e9s Molt Mes<\/figcaption><\/figure>\n<\/div>\n\n\n<p>Cuando durante la Guerra Civil se perdieron los aer\u00f3dromos de Arag\u00f3n, el ej\u00e9rcito republicano se repleg\u00f3 hacia el norte, por lo que desde finales de 1937 hasta inicios de 1939, el Pened\u00e8s vio llegar a lo mejor de la aviaci\u00f3n republicana que particip\u00f3 en las contiendas del Segre y del Ebro. Durante esa \u00e9poca se construyeron cuatro <strong>aer\u00f3dromos militares<\/strong>, conocidos popularmente como el Vesper de la Gloriosa.<\/p>\n\n\n\n<p>Para que esta historia de valientes y sufrimiento no se pierda, se fund\u00f3 el <a href=\"https:\/\/ciarga.cat\/\" target=\"_blank\" rel=\"noopener noreferrer\">CIARGA<\/a>, el parque de la memoria, ante la Mas\u00eda del Collado, el primer museo de este tipo del Estado espa\u00f1ol. Se trata de una construcci\u00f3n que imita aquellos antiguos hangares que vivieron fren\u00e9ticas jornadas durante la confrontaci\u00f3n b\u00e9lica. El centro cuenta con una moderna museograf\u00eda que combina piezas originales con proyecciones audiovisuales que entretendr\u00e1 a toda la familia.<\/p>\n\n\n\n<h2 class=\"wp-block-heading title-rute\" id=\"h-colonia-guell-el-laboratorio-del-modernisme\">Colonia G\u00fcell: el laboratorio del Modernisme<\/h2>\n\n\n<div class=\"wp-block-image\">\n<figure class=\"aligncenter size-large\"><a href=\"https:\/\/www.escapadarural.com\/blog\/wp-content\/uploads\/2019\/11\/CriptaGaud\u00edColoniaG\u00fcell-Albert-Mir\u00f3-Diputaci\u00f3-Barcelona.jpg\"><img decoding=\"async\" src=\"https:\/\/www.escapadarural.com\/blog\/wp-content\/uploads\/2019\/11\/CriptaGaud\u00edColoniaG\u00fcell-Albert-Mir\u00f3-Diputaci\u00f3-Barcelona.jpg\" alt=\"Colonia G\u00fcell\" class=\"wp-image-23079\"\/><\/a><figcaption class=\"wp-element-caption\">Por Albert Mir\u00f3<\/figcaption><\/figure>\n<\/div>\n\n\n<p>Casi escondida entre titanes del turismo internacional, en Santa Coloma de Cervell\u00f3 aguarda una joya cultural. El plan se lo debemos a Eusebi G\u00fcell, uno de los hombres m\u00e1s relacionados con todo lo que tuvo que ver con la cultura del siglo XIX. Fue el gran mecenas de Antoni Gaud\u00ed, y con \u00e9l cont\u00f3 tambi\u00e9n para este otro proyecto: una colonia industrial que naci\u00f3 con ambici\u00f3n radical de novedad. Tras m\u00e1s de 120 a\u00f1os, la <a href=\"https:\/\/gaudicoloniaguell.org\/\" target=\"_blank\" rel=\"noopener noreferrer\">colonia G\u00fcell<\/a> se ha convertido en lugar de peregrinaci\u00f3n de los sibaritas del modernismo.<\/p>\n\n\n\n<p>Aqu\u00ed se encuentra una de las <strong>obras menos conocidas de Gaud\u00ed<\/strong>. Y sin embargo, la cripta Gaud\u00ed fue fundamental para toda su posterior obra. Tal como dijo el propio arquitecto, si se hubiese finalizado habr\u00eda sido \u2018una maqueta monumental de la Sagrada Fam\u00edlia\u2019. Antes de ver este peque\u00f1o laboratorio del modernismo, hay que pasarse por el centro de interpretaci\u00f3n de la Colonia G\u00fcell, para poner rostro y voz a las vidas e historias que hicieron posible esta joya industrial.<\/p>\n\n\n\n<p><a href=\"https:\/\/www.barcelonaesmoltmes.cat\/es\/web\/idees-de-viatge\/-\/la-cripta-gaudi-patrimoni-mundial\" target=\"_blank\" rel=\"noopener noreferrer\">\u00bfQuieres m\u00e1s informaci\u00f3n?<\/a><\/p>\n\n\n\n<h2 class=\"wp-block-heading title-rute\" id=\"h-museo-del-cemento-asland-de-castellar-de-n-hug-arqueologia-industrial\">Museo del cemento Asland de Castellar de n\u00b4Hug: arqueolog\u00eda industrial<\/h2>\n\n\n<div class=\"wp-block-image\">\n<figure class=\"aligncenter size-large\"><a href=\"https:\/\/www.escapadarural.com\/blog\/wp-content\/uploads\/2019\/11\/1080px-CastellarHug-FabricaAsland-8085.jpg\"><img decoding=\"async\" src=\"https:\/\/www.escapadarural.com\/blog\/wp-content\/uploads\/2019\/11\/1080px-CastellarHug-FabricaAsland-8085-1024x683.jpg\" alt=\"Museo del Cemento\" class=\"wp-image-23078\"\/><\/a><figcaption class=\"wp-element-caption\">Por Amadalvarez<\/figcaption><\/figure>\n<\/div>\n\n\n<p>Su aire industrial es de esas bellezas extra\u00f1as que atraen. De hecho, es uno de los destinos industriales favoritos de los amantes de las ruinas. Aunque no todo son ruinas, aqu\u00ed est\u00e1 el sorprendente museo del Cemento Asland. Para llegar a \u00e9l se puede hacer en coche, pero la opci\u00f3n m\u00e1s interesante es hacerlo con el <strong>tren del cemento<\/strong>.<\/p>\n\n\n\n<p>Hay que ir hasta la poblaci\u00f3n que ve nacer el r\u00edo Llobregat. Fue ah\u00ed, en medio de los bosques de <a href=\"https:\/\/www.escapadarural.com\/casas-rurales\/castellar-de-n-hug\" target=\"_blank\" rel=\"noopener noreferrer\">Castellar de n&#8217;Hug<\/a>, donde el industrial Eusebi G\u00fcell levant\u00f3 la f\u00e1brica Asland, la primera de Espa\u00f1a en producir cemento portland, que era mucho m\u00e1s r\u00e1pido y resistente para trabajar en las obras que los conglomerados que se utilizaban entonces. La f\u00e1brica era un imponente conjunto de edificios modernista con estructuras de hierro forjado y b\u00f3veda catalana. Los edificios se construyeron de forma escalonada para aprovechar la fuerza de la gravedad y minimizar as\u00ed costes de energ\u00eda.<\/p>\n\n\n\n<p><a href=\"https:\/\/www.barcelonaesmoltmes.cat\/es\/web\/descobreix\/detall\/-\/dades\/H0XtQmAswXNg\/detall\/17_16001_13063\/museu-del-ciment-asland-de-castellar-de-n-hug\" target=\"_blank\" rel=\"noopener noreferrer\">\u00bfQuieres m\u00e1s informaci\u00f3n?<\/a><\/p>\n\n\n\n<h2 class=\"wp-block-heading title-rute\" id=\"h-museo-de-arte-de-cerdanyola-las-damas-de-cerdanyola\">Museo de Arte de Cerdanyola: Las damas de Cerdanyola<\/h2>\n\n\n<div class=\"wp-block-image\">\n<figure class=\"aligncenter size-large\"><a href=\"https:\/\/www.escapadarural.com\/blog\/wp-content\/uploads\/2019\/11\/Cerdanyola-Vitralls-Modernisme-JordiPuig-MAC-lowres-1.jpg\"><img decoding=\"async\" src=\"https:\/\/www.escapadarural.com\/blog\/wp-content\/uploads\/2019\/11\/Cerdanyola-Vitralls-Modernisme-JordiPuig-MAC-lowres-1.jpg\" alt=\"MAC\" class=\"wp-image-23077\"\/><\/a><figcaption class=\"wp-element-caption\">Por Jordi Puig<\/figcaption><\/figure>\n<\/div>\n\n\n<p>Si cuando hablamos de modernismo nos quedamos con los edificios m\u00e1s famosos como La Pedrera, la casa Batll\u00f3 o el hospital de Sant Pau, corremos el riesgo de perdernos otras joyas que son b\u00e1sicas en la historia de esta corriente est\u00e9tica. Como por ejemplo, los vitrales modernistas del Tr\u00edptico de las Damas, declarados Bien Cultural de Inter\u00e9s Nacional por la Generalitat.<\/p>\n\n\n\n<p>En los paneles realizados hacia 1910 para la residencia del Sr. Evarist L\u00f3pez, actual sede del <strong>Museo de Arte de Cerdanyola (MAC)<\/strong>, dominan los colores verdes, la sencillez de l\u00edneas y la riqueza de detalles. Las damas bien est\u00e1n en un bosque, como aparecen alimentando unas ocas o se columpian con ligereza en el jard\u00edn. Est\u00e1n consideradas como uno de los ejemplos m\u00e1s destacables del arte del vidrio modernista en Catalu\u00f1a y son un icono de la ciudad. Te las puedes llevar a casa en forma de camisetas, postales o incluso en los t\u00edpicos imanes de nevera que regalas a la familia a la vuelta de un viaje.<\/p>\n\n\n\n<p><a href=\"https:\/\/www.barcelonaesmoltmes.cat\/es\/web\/idees-de-viatge\/-\/catalunya-el-pais-del-modernisme\" target=\"_blank\" rel=\"noopener noreferrer\">\u00bfQuieres m\u00e1s informaci\u00f3n?<\/a><\/p>\n\n\n\n<h2 class=\"wp-block-heading title-rute\" id=\"h-la-farga-museo-del-cobre-no-todo-va-a-ser-plastico\">La Farga &#8211; Museo del cobre: no todo va a ser pl\u00e1stico<\/h2>\n\n\n<div class=\"wp-block-image\">\n<figure class=\"aligncenter size-large\"><a href=\"https:\/\/www.escapadarural.com\/blog\/wp-content\/uploads\/2019\/11\/Museu-del-Coure-2.jpg\"><img decoding=\"async\" src=\"https:\/\/www.escapadarural.com\/blog\/wp-content\/uploads\/2019\/11\/Museu-del-Coure-2.jpg\" alt=\"La Farga\" class=\"wp-image-23076\"\/><\/a><figcaption class=\"wp-element-caption\">Por La Farga<\/figcaption><\/figure>\n<\/div>\n\n\n<p>Conforme se llega a Les Masies de Voltreg\u00e0, en la comarca de <a href=\"https:\/\/www.escapadarural.com\/casas-rurales\/osona\" target=\"_blank\" rel=\"noopener noreferrer\">Osona<\/a>, se divisa dominando el conjunto, el Santuario Nuestra Se\u00f1ora de La Gleva. Vale la pena hacer un alto para observar una de las muestras m\u00e1s bellas del barroco del Bergued\u00e0, pero tendremos que cruzar el pueblo para llegar a un museo \u00fanico en todo Europa, el Museo del Cobre (MCU).<\/p>\n\n\n\n<p>La <strong>Fundaci\u00f3n La Farga<\/strong> cre\u00f3 este museo corporativo en la torre modernista que ocup\u00f3 la familia Lacambra, fundadora de la metalurgia. En \u00e9l aguarda un itinerario sorprendente de cerraduras de puerta, campanas, piezas del tel\u00e9fono, canales de agua y m\u00e1s productos fabricados con cobre. Tambi\u00e9n alg\u00fan que otro tesoro de arqueolog\u00eda industrial, como un documento de 1926 de cuando el Rey Alfonso XIII visit\u00f3 la compa\u00f1\u00eda para otorgar a su fundador un t\u00edtulo nobiliario. Toda una \u2018rareza\u2019 documental que muestra c\u00f3mo era la empresa entonces. El espacio que despierta m\u00e1s inter\u00e9s es una <strong>pasarela desde la que observar el proceso industrial<\/strong> de trabajo en directo de la metalurgia.<\/p>\n\n\n\n<p><a href=\"https:\/\/www.barcelonaesmoltmes.cat\/es\/web\/idees-de-viatge\/-\/7-museus-t-expliquen-com-es-fa\" target=\"_blank\" rel=\"noopener noreferrer\">\u00bfQuieres m\u00e1s informaci\u00f3n?<\/a><\/p>\n\n\n\n<h2 class=\"wp-block-heading title-rute\" id=\"h-casa-museo-lluis-domenech-i-montaner-un-trono-modernista\">Casa museo Llu\u00eds Dom\u00e8nech i Montaner: un trono modernista<\/h2>\n\n\n<div class=\"wp-block-image\">\n<figure class=\"aligncenter size-large\"><a href=\"https:\/\/www.escapadarural.com\/blog\/wp-content\/uploads\/2019\/11\/960px-087_Casa_Dom\u00e8nech_i_Montaner_riera_Gavarra_-_riera_Buscarons_Canet_de_Mar.jpg\"><img decoding=\"async\" src=\"https:\/\/www.escapadarural.com\/blog\/wp-content\/uploads\/2019\/11\/960px-087_Casa_Dom\u00e8nech_i_Montaner_riera_Gavarra_-_riera_Buscarons_Canet_de_Mar.jpg\" alt=\"Casa Dom\u00e8nech i Montaner\" class=\"wp-image-23075\"\/><\/a><figcaption class=\"wp-element-caption\">Por Enfo<\/figcaption><\/figure>\n<\/div>\n\n\n<p>A <a href=\"https:\/\/www.escapadarural.com\/casas-rurales\/canet-de-mar\" target=\"_blank\" rel=\"noopener noreferrer\">Canet de Mar<\/a> se le conoce por varios motivos: por celebrar el m\u00edtico festival de m\u00fasica Canet Rock, por sus muestras de modernismo y, ahora tambi\u00e9n, por formar parte del selecto grupo de escenarios de <a href=\"https:\/\/www.escapadarural.com\/blog\/todos-los-lugares-de-juego-de-tronos-en-espana\/\" target=\"_blank\" rel=\"noopener noreferrer\">Juego de Tronos<\/a>: el castillo de Santa Florentina se convirti\u00f3 en la Casa Tarly. Pero aunque sea cierto que la poblaci\u00f3n se ha popularizado recientemente por ello, hablar de Canet es, sin duda, hablar de modernismo.<\/p>\n\n\n\n<p>Y es que Llu\u00eds Dom\u00e8nech i Montaner, una de las grandes estrellas de este estilo arquitect\u00f3nico, tuvo en Canet su base familiar. Y su casa y estudio alberga hoy la Oficina de Turismo y la Casa Museo. La Casa Dom\u00e8nech es uno de sus cuatro edificios que se pueden ver en el municipio. Tambi\u00e9n se puede <strong>visitar su tumba<\/strong>, curiosamente, muy sencilla y falta de los ricos dise\u00f1os que \u00e9l utiliz\u00f3 en vida para sus proyectos.<\/p>\n\n\n\n<p><a href=\"https:\/\/www.barcelonaesmoltmes.cat\/es\/web\/idees-de-viatge\/-\/un-viatge-als-passadissos-del-modernisme\" target=\"_blank\" rel=\"noopener noreferrer\">\u00bfQuieres m\u00e1s informaci\u00f3n?<\/a><\/p>\n\n\n\n<h2 class=\"wp-block-heading title-rute\" id=\"h-museo-molino-papel-de-capellades\">Museo molino papel de Capellades<\/h2>\n\n\n<div class=\"wp-block-image\">\n<figure class=\"aligncenter size-large\"><a href=\"https:\/\/www.escapadarural.com\/blog\/wp-content\/uploads\/2019\/11\/960px-Bassa_de_Capellades_1.jpg\"><img decoding=\"async\" src=\"https:\/\/www.escapadarural.com\/blog\/wp-content\/uploads\/2019\/11\/960px-Bassa_de_Capellades_1.jpg\" alt=\"Capellades\" class=\"wp-image-23074\"\/><\/a><figcaption class=\"wp-element-caption\">Por Jordiferrer<\/figcaption><\/figure>\n<\/div>\n\n\n<p>De Igualada a Capellades dejaremos vigilante el castillo de Claramunt atr\u00e1s. Se alza imponente en la sierra de la Guardia, dominando el territorio, en el margen derecho del r\u00edo Noya. El mismo r\u00edo que corre paralelo a la carretera es el que aliment\u00f3 los molinos de papel en los siglos XVIII y XIX, cuando Capellades fue uno de los principales centros productores de papel de Catalu\u00f1a.<\/p>\n\n\n\n<p>El reflejo del antiguo molino del pueblo en la gran balsa da la bienvenida al visitante, record\u00e1ndole aquellos otros tiempos en los que el mundo digital no era m\u00e1s que el sue\u00f1o de alg\u00fan escritor visionario. El edificio es la sede actual del Museo del Molino de Papel de Capellades. Esa misma balsa mov\u00eda con 12 millones de litros de agua a los molinos. Hoy el museo queda como memoria de todo aquello, pero no s\u00f3lo eso, tambi\u00e9n funciona de verdad: ense\u00f1a las <strong>t\u00e9cnicas de producci\u00f3n de papel<\/strong> del pasado, y sigue produci\u00e9ndolo con esas mismas t\u00e9cnicas. La mitad de los ingresos del museo provienen precisamente de la venta de ese papel.<\/p>\n\n\n\n<p><a href=\"https:\/\/www.barcelonaesmoltmes.cat\/es\/web\/idees-de-viatge\/-\/capellades-de-pedra-paper-i-aigua?inheritRedirect=true\" target=\"_blank\" rel=\"noopener noreferrer\">\u00bfQuieres m\u00e1s informaci\u00f3n?<\/a><\/p>\n\n\n\n<h2 class=\"wp-block-heading title-rute\" id=\"h-que-mas-ver-en-barcelona\">Qu\u00e9 m\u00e1s ver en Barcelona<\/h2>\n\n\n<section class=\"wp-block-ub-post-grid ub-block-post-grid align  is-equal-height preserve-post-image-aspect-ratio\" style=\"\" id=\"ub-post-grid-\"><div class=\"ub-post-grid-items is-list\" style=\"row-gap: 32px; column-gap: 32px; \"><article id=\"post-215407\" class=\"ub-post-grid-item post-215407 post type-post status-publish format-standard has-post-thumbnail hentry category-rutas-y-excursiones tag-que-ver-en-albacete tag-que-ver-en-alicante tag-que-ver-en-almeria tag-que-ver-en-barcelona tag-barefooting tag-que-ver-en-cadiz tag-caminar-descalzo tag-familia tag-que-ver-en-girona tag-que-ver-en-huesca tag-listado tag-que-ver-en-murcia tag-rutas-con-ninos tag-senderismo\" style=\"\"><div class=\"ub-block-post-grid-image\" style=\"\"><a href=\"https:\/\/www.escapadarural.com\/blog\/rutas-para-caminar-descalzo-en-espana\/\" rel=\"bookmark\" aria-hidden=\"true\" tabindex=\"-1\"><img loading=\"lazy\" decoding=\"async\" width=\"2048\" height=\"1365\" src=\"https:\/\/www.escapadarural.com\/blog\/wp-content\/uploads\/2026\/03\/04_RutasDescalzo_Bolonia_Cadiz_Q_AdobeStock_31319050-scaled.jpeg\" class=\"attachment-full size-full\" alt=\"Mujer caminando por la duna de Bolonia, en Tarifa (C\u00e1diz).\" style=\"max-width: 600px; \" srcset=\"https:\/\/www.escapadarural.com\/blog\/wp-content\/uploads\/2026\/03\/04_RutasDescalzo_Bolonia_Cadiz_Q_AdobeStock_31319050-200x133.jpeg 200w, https:\/\/www.escapadarural.com\/blog\/wp-content\/uploads\/2026\/03\/04_RutasDescalzo_Bolonia_Cadiz_Q_AdobeStock_31319050-300x200.jpeg 300w, https:\/\/www.escapadarural.com\/blog\/wp-content\/uploads\/2026\/03\/04_RutasDescalzo_Bolonia_Cadiz_Q_AdobeStock_31319050-400x267.jpeg 400w, https:\/\/www.escapadarural.com\/blog\/wp-content\/uploads\/2026\/03\/04_RutasDescalzo_Bolonia_Cadiz_Q_AdobeStock_31319050-600x400.jpeg 600w, https:\/\/www.escapadarural.com\/blog\/wp-content\/uploads\/2026\/03\/04_RutasDescalzo_Bolonia_Cadiz_Q_AdobeStock_31319050-768x512.jpeg 768w, https:\/\/www.escapadarural.com\/blog\/wp-content\/uploads\/2026\/03\/04_RutasDescalzo_Bolonia_Cadiz_Q_AdobeStock_31319050-800x533.jpeg 800w, https:\/\/www.escapadarural.com\/blog\/wp-content\/uploads\/2026\/03\/04_RutasDescalzo_Bolonia_Cadiz_Q_AdobeStock_31319050-1024x683.jpeg 1024w, https:\/\/www.escapadarural.com\/blog\/wp-content\/uploads\/2026\/03\/04_RutasDescalzo_Bolonia_Cadiz_Q_AdobeStock_31319050-1200x800.jpeg 1200w, https:\/\/www.escapadarural.com\/blog\/wp-content\/uploads\/2026\/03\/04_RutasDescalzo_Bolonia_Cadiz_Q_AdobeStock_31319050-1536x1024.jpeg 1536w, https:\/\/www.escapadarural.com\/blog\/wp-content\/uploads\/2026\/03\/04_RutasDescalzo_Bolonia_Cadiz_Q_AdobeStock_31319050-scaled.jpeg 2048w\" sizes=\"auto, (max-width: 2048px) 100vw, 2048px\"><\/a><\/div><div class=\"ub-block-post-grid-text\" style=\"\"><div class=\"ub-block-post-grid-header-content\"><header class=\"ub-block-post-grid-header\"><h3 class=\"ub-block-post-grid-title\"><a style=\"\" href=\"https:\/\/www.escapadarural.com\/blog\/rutas-para-caminar-descalzo-en-espana\/\" rel=\"bookmark\">\ud83d\udc63 Rutas para caminar descalzo en Espa\u00f1a: siente las texturas de la naturaleza bajo tus pies<\/a><\/h3><\/header><\/div><div class=\"ub-block-post-grid-excerpt\"><div class=\"ub-block-post-grid-excerpt-text\" style=\"\"><p>Explora rutas para caminar descalzo en Espa\u00f1a: playas, praderas, dunas y senderos sensoriales que despiertan tus sentidos en la naturaleza<\/p>\n<\/div><\/div><\/div><\/article>\n<article id=\"post-215200\" class=\"ub-post-grid-item post-215200 post type-post status-publish format-standard has-post-thumbnail hentry category-destinos category-rutas-y-excursiones tag-que-ver-en-barcelona tag-que-ver-en-cataluna tag-dia-del-libro tag-familia tag-que-ver-en-girona tag-libros tag-listado tag-ninos tag-primavera tag-sant-jordi tag-que-ver-en-tarragona\" style=\"\"><div class=\"ub-block-post-grid-image\" style=\"\"><a href=\"https:\/\/www.escapadarural.com\/blog\/rutas-de-cuento-ninos-cataluna\/\" rel=\"bookmark\" aria-hidden=\"true\" tabindex=\"-1\"><img loading=\"lazy\" decoding=\"async\" width=\"740\" height=\"555\" src=\"https:\/\/www.escapadarural.com\/blog\/wp-content\/uploads\/2026\/04\/20241009-140446.jpg\" class=\"attachment-full size-full\" alt=\"Parque infantil de les Tres Bessones. Foto de l'Ajuntament de Palau-solit\u00e0 i Plegamans (Barcelona)\" style=\"max-width: 600px; \" srcset=\"https:\/\/www.escapadarural.com\/blog\/wp-content\/uploads\/2026\/04\/20241009-140446-200x150.jpg 200w, https:\/\/www.escapadarural.com\/blog\/wp-content\/uploads\/2026\/04\/20241009-140446-300x225.jpg 300w, https:\/\/www.escapadarural.com\/blog\/wp-content\/uploads\/2026\/04\/20241009-140446-400x300.jpg 400w, https:\/\/www.escapadarural.com\/blog\/wp-content\/uploads\/2026\/04\/20241009-140446-600x450.jpg 600w, https:\/\/www.escapadarural.com\/blog\/wp-content\/uploads\/2026\/04\/20241009-140446.jpg 740w\" sizes=\"auto, (max-width: 740px) 100vw, 740px\"><\/a><\/div><div class=\"ub-block-post-grid-text\" style=\"\"><div class=\"ub-block-post-grid-header-content\"><header class=\"ub-block-post-grid-header\"><h3 class=\"ub-block-post-grid-title\"><a style=\"\" href=\"https:\/\/www.escapadarural.com\/blog\/rutas-de-cuento-ninos-cataluna\/\" rel=\"bookmark\">Las Tres Mellizas o El Principito: 4 rutas y rincones de cuento para ni\u00f1os en Catalu\u00f1a<\/a><\/h3><\/header><\/div><div class=\"ub-block-post-grid-excerpt\"><div class=\"ub-block-post-grid-excerpt-text\" style=\"\"><p>El D\u00eda del Libro o cualquier otro momento del a\u00f1o es bueno para acercarse a estos rincones que encantar\u00e1n a los peques<\/p>\n<\/div><\/div><\/div><\/article>\n<article id=\"post-216314\" class=\"ub-post-grid-item post-216314 post type-post status-publish format-standard has-post-thumbnail hentry category-alojamientos-rurales category-destinos tag-acantilados tag-amigos tag-que-ver-en-barcelona tag-que-ver-en-cadiz tag-que-ver-en-cantabria tag-casas-rurales tag-que-ver-en-girona tag-que-ver-en-guipuzcoa tag-listado tag-que-ver-en-malaga tag-pareja tag-vistas\" style=\"\"><div class=\"ub-block-post-grid-image\" style=\"\"><a href=\"https:\/\/www.escapadarural.com\/blog\/casas-sobre-acantilados\/\" rel=\"bookmark\" aria-hidden=\"true\" tabindex=\"-1\"><img loading=\"lazy\" decoding=\"async\" width=\"2048\" height=\"1365\" src=\"https:\/\/www.escapadarural.com\/blog\/wp-content\/uploads\/2026\/04\/Finca-Mariposa-2-scaled.jpg\" class=\"attachment-full size-full\" alt=\"Finca Mariposa (M\u00e1laga)\" style=\"max-width: 600px; \" srcset=\"https:\/\/www.escapadarural.com\/blog\/wp-content\/uploads\/2026\/04\/Finca-Mariposa-2-200x133.jpg 200w, https:\/\/www.escapadarural.com\/blog\/wp-content\/uploads\/2026\/04\/Finca-Mariposa-2-300x200.jpg 300w, https:\/\/www.escapadarural.com\/blog\/wp-content\/uploads\/2026\/04\/Finca-Mariposa-2-400x267.jpg 400w, https:\/\/www.escapadarural.com\/blog\/wp-content\/uploads\/2026\/04\/Finca-Mariposa-2-600x400.jpg 600w, https:\/\/www.escapadarural.com\/blog\/wp-content\/uploads\/2026\/04\/Finca-Mariposa-2-768x512.jpg 768w, https:\/\/www.escapadarural.com\/blog\/wp-content\/uploads\/2026\/04\/Finca-Mariposa-2-800x533.jpg 800w, https:\/\/www.escapadarural.com\/blog\/wp-content\/uploads\/2026\/04\/Finca-Mariposa-2-1024x683.jpg 1024w, https:\/\/www.escapadarural.com\/blog\/wp-content\/uploads\/2026\/04\/Finca-Mariposa-2-1200x800.jpg 1200w, https:\/\/www.escapadarural.com\/blog\/wp-content\/uploads\/2026\/04\/Finca-Mariposa-2-1536x1024.jpg 1536w, https:\/\/www.escapadarural.com\/blog\/wp-content\/uploads\/2026\/04\/Finca-Mariposa-2-scaled.jpg 2048w\" sizes=\"auto, (max-width: 2048px) 100vw, 2048px\"><\/a><\/div><div class=\"ub-block-post-grid-text\" style=\"\"><div class=\"ub-block-post-grid-header-content\"><header class=\"ub-block-post-grid-header\"><h3 class=\"ub-block-post-grid-title\"><a style=\"\" href=\"https:\/\/www.escapadarural.com\/blog\/casas-sobre-acantilados\/\" rel=\"bookmark\">Despierta al borde del mundo: casas rurales sobre acantilados con vistas de v\u00e9rtigo<\/a><\/h3><\/header><\/div><div class=\"ub-block-post-grid-excerpt\"><div class=\"ub-block-post-grid-excerpt-text\" style=\"\"><p>Abrir los ojos y despertarse en el borde de la tierra: con el horizonte a los pies, el viento en la cara y vistas que dejan sin aliento.<\/p>\n<\/div><\/div><\/div><\/article>\n<article id=\"post-216468\" class=\"ub-post-grid-item post-216468 post type-post status-publish format-standard has-post-thumbnail hentry category-destinos category-rutas-y-excursiones tag-que-ver-en-barcelona tag-cascadas tag-que-ver-en-cataluna tag-familia tag-que-ver-en-girona tag-listado tag-medieval tag-pareja tag-primavera tag-pueblos-medievales tag-senderismo\" style=\"\"><div class=\"ub-block-post-grid-image\" style=\"\"><a href=\"https:\/\/www.escapadarural.com\/blog\/pueblo-medieval-cascada-escapada-primavera-barcelona\/\" rel=\"bookmark\" aria-hidden=\"true\" tabindex=\"-1\"><img loading=\"lazy\" decoding=\"async\" width=\"2048\" height=\"1365\" src=\"https:\/\/www.escapadarural.com\/blog\/wp-content\/uploads\/2026\/04\/01b_MedievalCascada_RupitiPruit_RokaB_AdobeStock_121244590-scaled.jpeg\" class=\"attachment-full size-full\" alt=\"Rupit i Pruit (Barcelona).\" style=\"max-width: 600px; \" srcset=\"https:\/\/www.escapadarural.com\/blog\/wp-content\/uploads\/2026\/04\/01b_MedievalCascada_RupitiPruit_RokaB_AdobeStock_121244590-200x133.jpeg 200w, https:\/\/www.escapadarural.com\/blog\/wp-content\/uploads\/2026\/04\/01b_MedievalCascada_RupitiPruit_RokaB_AdobeStock_121244590-300x200.jpeg 300w, https:\/\/www.escapadarural.com\/blog\/wp-content\/uploads\/2026\/04\/01b_MedievalCascada_RupitiPruit_RokaB_AdobeStock_121244590-400x267.jpeg 400w, https:\/\/www.escapadarural.com\/blog\/wp-content\/uploads\/2026\/04\/01b_MedievalCascada_RupitiPruit_RokaB_AdobeStock_121244590-600x400.jpeg 600w, https:\/\/www.escapadarural.com\/blog\/wp-content\/uploads\/2026\/04\/01b_MedievalCascada_RupitiPruit_RokaB_AdobeStock_121244590-768x512.jpeg 768w, https:\/\/www.escapadarural.com\/blog\/wp-content\/uploads\/2026\/04\/01b_MedievalCascada_RupitiPruit_RokaB_AdobeStock_121244590-800x533.jpeg 800w, https:\/\/www.escapadarural.com\/blog\/wp-content\/uploads\/2026\/04\/01b_MedievalCascada_RupitiPruit_RokaB_AdobeStock_121244590-1024x683.jpeg 1024w, https:\/\/www.escapadarural.com\/blog\/wp-content\/uploads\/2026\/04\/01b_MedievalCascada_RupitiPruit_RokaB_AdobeStock_121244590-1200x800.jpeg 1200w, https:\/\/www.escapadarural.com\/blog\/wp-content\/uploads\/2026\/04\/01b_MedievalCascada_RupitiPruit_RokaB_AdobeStock_121244590-1536x1024.jpeg 1536w, https:\/\/www.escapadarural.com\/blog\/wp-content\/uploads\/2026\/04\/01b_MedievalCascada_RupitiPruit_RokaB_AdobeStock_121244590-scaled.jpeg 2048w\" sizes=\"auto, (max-width: 2048px) 100vw, 2048px\"><\/a><\/div><div class=\"ub-block-post-grid-text\" style=\"\"><div class=\"ub-block-post-grid-header-content\"><header class=\"ub-block-post-grid-header\"><h3 class=\"ub-block-post-grid-title\"><a style=\"\" href=\"https:\/\/www.escapadarural.com\/blog\/pueblo-medieval-cascada-escapada-primavera-barcelona\/\" rel=\"bookmark\">Pueblo medieval + ruta a cascada: el combo perfecto para una escapada de primavera cerca de Barcelona \ud83c\udff0\ud83d\udca6<\/a><\/h3><\/header><\/div><div class=\"ub-block-post-grid-excerpt\"><div class=\"ub-block-post-grid-excerpt-text\" style=\"\"><p>Un planazo primaveral con siete opciones cerca de Barcelona: pueblos medievales, rutas a cascadas y casas rurales con encanto en plena naturaleza<\/p>\n<\/div><\/div><\/div><\/article>\n<article id=\"post-214679\" class=\"ub-post-grid-item post-214679 post type-post status-publish format-standard has-post-thumbnail hentry category-destinos category-rutas-y-excursiones tag-amigos tag-que-ver-en-asturias tag-que-ver-en-barcelona tag-caminito-del-rey tag-camino-de-santiago tag-cola-de-caballo tag-familia tag-que-ver-en-galicia tag-que-ver-en-girona tag-gr11-senda-pirenaica tag-que-ver-en-huesca tag-lagos-de-saliencia tag-que-ver-en-leon tag-listado tag-montserrat tag-que-ver-en-navarra tag-que-ver-en-pais-vasco tag-pareja tag-parque-nacional-de-ordesa-y-monte-perdido tag-pirineo tag-ruta-del-cares tag-senderismo\" style=\"\"><div class=\"ub-block-post-grid-image\" style=\"\"><a href=\"https:\/\/www.escapadarural.com\/blog\/rutas-mas-populares-espana\/\" rel=\"bookmark\" aria-hidden=\"true\" tabindex=\"-1\"><img loading=\"lazy\" decoding=\"async\" width=\"1200\" height=\"800\" src=\"https:\/\/www.escapadarural.com\/blog\/wp-content\/uploads\/2025\/09\/01_Malaga_caminito_atardecer_WP01.webp\" class=\"attachment-full size-full\" alt=\"Atardecer en el Caminito del Rey (M\u00e1laga).\" style=\"max-width: 600px; \" srcset=\"https:\/\/www.escapadarural.com\/blog\/wp-content\/uploads\/2025\/09\/01_Malaga_caminito_atardecer_WP01-200x133.webp 200w, https:\/\/www.escapadarural.com\/blog\/wp-content\/uploads\/2025\/09\/01_Malaga_caminito_atardecer_WP01-300x200.webp 300w, https:\/\/www.escapadarural.com\/blog\/wp-content\/uploads\/2025\/09\/01_Malaga_caminito_atardecer_WP01-400x267.webp 400w, https:\/\/www.escapadarural.com\/blog\/wp-content\/uploads\/2025\/09\/01_Malaga_caminito_atardecer_WP01-600x400.webp 600w, https:\/\/www.escapadarural.com\/blog\/wp-content\/uploads\/2025\/09\/01_Malaga_caminito_atardecer_WP01-768x512.webp 768w, https:\/\/www.escapadarural.com\/blog\/wp-content\/uploads\/2025\/09\/01_Malaga_caminito_atardecer_WP01-800x533.webp 800w, https:\/\/www.escapadarural.com\/blog\/wp-content\/uploads\/2025\/09\/01_Malaga_caminito_atardecer_WP01-1024x683.webp 1024w, https:\/\/www.escapadarural.com\/blog\/wp-content\/uploads\/2025\/09\/01_Malaga_caminito_atardecer_WP01.webp 1200w\" sizes=\"auto, (max-width: 1200px) 100vw, 1200px\"><\/a><\/div><div class=\"ub-block-post-grid-text\" style=\"\"><div class=\"ub-block-post-grid-header-content\"><header class=\"ub-block-post-grid-header\"><h3 class=\"ub-block-post-grid-title\"><a style=\"\" href=\"https:\/\/www.escapadarural.com\/blog\/rutas-mas-populares-espana\/\" rel=\"bookmark\">Las rutas m\u00e1s deseadas de 2026 (y cu\u00e1ndo hacerlas sin masificaciones)\u00a0<\/a><\/h3><\/header><\/div><div class=\"ub-block-post-grid-excerpt\"><div class=\"ub-block-post-grid-excerpt-text\" style=\"\"><p>Estas son las rutas m\u00e1s buscadas por los viajeros, seg\u00fan datos de Google Trends. Aunque no siempre est\u00e1n masificadas, mira cu\u00e1ndo realizarlas<\/p>\n<\/div><\/div><\/div><\/article>\n<article id=\"post-215326\" class=\"ub-post-grid-item post-215326 post type-post status-publish format-standard has-post-thumbnail hentry category-alojamientos-rurales tag-que-ver-en-asturias tag-que-ver-en-badajoz tag-que-ver-en-barcelona tag-que-ver-en-burgos tag-que-ver-en-cadiz tag-casas-rurales tag-que-ver-en-cuenca tag-que-ver-en-granada tag-que-ver-en-la-rioja tag-listado tag-que-ver-en-lleida tag-mansiones tag-que-ver-en-sevilla\" style=\"\"><div class=\"ub-block-post-grid-image\" style=\"\"><a href=\"https:\/\/www.escapadarural.com\/blog\/mansiones-rurales\/\" rel=\"bookmark\" aria-hidden=\"true\" tabindex=\"-1\"><img loading=\"lazy\" decoding=\"async\" width=\"750\" height=\"418\" src=\"https:\/\/www.escapadarural.com\/blog\/wp-content\/uploads\/2026\/03\/Queralt-Casa-Rural-Luxury2.webp\" class=\"attachment-full size-full\" alt=\"Una villa de piedra con ventanas arqueadas cuenta con una terraza, una piscina curva, varias tumbonas y sombrillas cerradas, enmarcadas en un cielo nublado y con vistas a un paisaje pintoresco.\" style=\"max-width: 600px; \" srcset=\"https:\/\/www.escapadarural.com\/blog\/wp-content\/uploads\/2026\/03\/Queralt-Casa-Rural-Luxury2-200x111.webp 200w, https:\/\/www.escapadarural.com\/blog\/wp-content\/uploads\/2026\/03\/Queralt-Casa-Rural-Luxury2-300x167.webp 300w, https:\/\/www.escapadarural.com\/blog\/wp-content\/uploads\/2026\/03\/Queralt-Casa-Rural-Luxury2-400x223.webp 400w, https:\/\/www.escapadarural.com\/blog\/wp-content\/uploads\/2026\/03\/Queralt-Casa-Rural-Luxury2-600x334.webp 600w, https:\/\/www.escapadarural.com\/blog\/wp-content\/uploads\/2026\/03\/Queralt-Casa-Rural-Luxury2.webp 750w\" sizes=\"auto, (max-width: 750px) 100vw, 750px\"><\/a><\/div><div class=\"ub-block-post-grid-text\" style=\"\"><div class=\"ub-block-post-grid-header-content\"><header class=\"ub-block-post-grid-header\"><h3 class=\"ub-block-post-grid-title\"><a style=\"\" href=\"https:\/\/www.escapadarural.com\/blog\/mansiones-rurales\/\" rel=\"bookmark\">10 mansiones rurales para dejaros con la boca abierta (y descansar como reyes)<\/a><\/h3><\/header><\/div><div class=\"ub-block-post-grid-excerpt\"><div class=\"ub-block-post-grid-excerpt-text\" style=\"\"><p>Te mostramos mansiones majestuosas, palacetes y alojamientos de lujo para dormir como reyes. Naturaleza y lujo para los viajeros m\u00e1s exquisitos<\/p>\n<\/div><\/div><\/div><\/article>\n<\/div><\/section>\n\n\n<p><\/p>\n","protected":false},"excerpt":{"rendered":"<p>Parece que los planes se acaban m\u00e1s all\u00e1 de la ciudad, pero lo cierto es que a muy poca distancia de Barcelona hay paisajes, historias, museos y edificios singulares que atrapar\u00e1n la atenci\u00f3n de los viajeros culturetas m\u00e1s sibaritas. Toma nota y agenda alguno de estos planes, te sacar\u00e1n de la rutina.<\/p>\n","protected":false},"author":136,"featured_media":102385,"comment_status":"open","ping_status":"closed","sticky":false,"template":"","format":"standard","meta":{"_acf_changed":false,"om_disable_all_campaigns":false,"footnotes":""},"categories":[191],"tags":[211,573,5994,294,215,2237],"class_list":["post-11743","post","type-post","status-publish","format-standard","has-post-thumbnail","hentry","category-destinos","tag-que-ver-en-barcelona","tag-cardona","tag-que-ver-en-cataluna","tag-cultura","tag-listado","tag-museos"],"acf":[],"featured_image_src":"https:\/\/www.escapadarural.com\/blog\/wp-content\/uploads\/2024\/10\/Cardona-Castell-Flotant-Diputacio-de-Barcelona-1-1024x685-1.jpg","author_info":{"display_name":"Escapada Rural","author_link":"https:\/\/www.escapadarural.com\/blog\/autor\/user\/"},"yoast_head":"<!-- This site is optimized with the Yoast SEO plugin v27.5 - https:\/\/yoast.com\/product\/yoast-seo-wordpress\/ -->\n<title>10 planes en la provincia de Barcelona para inquietos culturales - EscapadaRural<\/title>\n<meta name=\"robots\" content=\"index, follow, max-snippet:-1, max-image-preview:large, max-video-preview:-1\" \/>\n<link rel=\"canonical\" href=\"https:\/\/www.escapadarural.com\/blog\/planes-en-barcelona-provincia-para-inquietos-culturales\/\" \/>\n<meta property=\"og:locale\" content=\"es_ES\" \/>\n<meta property=\"og:type\" content=\"article\" \/>\n<meta property=\"og:title\" content=\"10 planes en la provincia de Barcelona para inquietos culturales - EscapadaRural\" \/>\n<meta property=\"og:description\" content=\"Parece que los planes se acaban m\u00e1s all\u00e1 de la ciudad, pero lo cierto es que a muy poca distancia de Barcelona hay paisajes, historias, museos y edificios singulares que atrapar\u00e1n la atenci\u00f3n de los viajeros culturetas m\u00e1s sibaritas. Toma nota y agenda alguno de estos planes, te sacar\u00e1n de la rutina.\" \/>\n<meta property=\"og:url\" content=\"https:\/\/www.escapadarural.com\/blog\/planes-en-barcelona-provincia-para-inquietos-culturales\/\" \/>\n<meta property=\"og:site_name\" content=\"Magazine de viajes de EscapadaRural\" \/>\n<meta property=\"article:publisher\" content=\"https:\/\/www.facebook.com\/escapadarural\" \/>\n<meta property=\"article:author\" content=\"https:\/\/www.facebook.com\/escapadarural\" \/>\n<meta property=\"article:published_time\" content=\"2019-11-24T07:30:39+00:00\" \/>\n<meta property=\"article:modified_time\" content=\"2025-02-11T14:47:35+00:00\" \/>\n<meta property=\"og:image\" content=\"https:\/\/app.escapadarural.com\/blog\/wp-content\/uploads\/2024\/10\/Cardona-Castell-Flotant-Diputacio-de-Barcelona-1-1024x685-1.jpg\" \/>\n\t<meta property=\"og:image:width\" content=\"1024\" \/>\n\t<meta property=\"og:image:height\" content=\"685\" \/>\n\t<meta property=\"og:image:type\" content=\"image\/jpeg\" \/>\n<meta name=\"author\" content=\"Escapada Rural\" \/>\n<meta name=\"twitter:card\" content=\"summary_large_image\" \/>\n<meta name=\"twitter:creator\" content=\"@https:\/\/x.com\/i\/flow\/login?redirect_after_login=escapadarural\" \/>\n<meta name=\"twitter:label1\" content=\"Escrito por\" \/>\n\t<meta name=\"twitter:data1\" content=\"Escapada Rural\" \/>\n\t<meta name=\"twitter:label2\" content=\"Tiempo de lectura\" \/>\n\t<meta name=\"twitter:data2\" content=\"11 minutos\" \/>\n<script type=\"application\/ld+json\" class=\"yoast-schema-graph\">{\"@context\":\"https:\\\/\\\/schema.org\",\"@graph\":[{\"@type\":\"Article\",\"@id\":\"https:\\\/\\\/www.escapadarural.com\\\/blog\\\/planes-en-barcelona-provincia-para-inquietos-culturales\\\/#article\",\"isPartOf\":{\"@id\":\"https:\\\/\\\/www.escapadarural.com\\\/blog\\\/planes-en-barcelona-provincia-para-inquietos-culturales\\\/\"},\"author\":{\"name\":\"Escapada Rural\",\"@id\":\"https:\\\/\\\/www.escapadarural.com\\\/blog\\\/#\\\/schema\\\/person\\\/d9ee55ff3e0cef41d6eac8922b4f972c\"},\"headline\":\"10 planes en la provincia de Barcelona para inquietos culturales\",\"datePublished\":\"2019-11-24T07:30:39+00:00\",\"dateModified\":\"2025-02-11T14:47:35+00:00\",\"mainEntityOfPage\":{\"@id\":\"https:\\\/\\\/www.escapadarural.com\\\/blog\\\/planes-en-barcelona-provincia-para-inquietos-culturales\\\/\"},\"wordCount\":1954,\"commentCount\":2,\"publisher\":{\"@id\":\"https:\\\/\\\/www.escapadarural.com\\\/blog\\\/#organization\"},\"image\":{\"@id\":\"https:\\\/\\\/www.escapadarural.com\\\/blog\\\/planes-en-barcelona-provincia-para-inquietos-culturales\\\/#primaryimage\"},\"thumbnailUrl\":\"https:\\\/\\\/www.escapadarural.com\\\/blog\\\/wp-content\\\/uploads\\\/2024\\\/10\\\/Cardona-Castell-Flotant-Diputacio-de-Barcelona-1-1024x685-1.jpg\",\"keywords\":[\"Barcelona\",\"Cardona\",\"Catalu\u00f1a\",\"cultura\",\"Listado\",\"museos\"],\"articleSection\":[\"Destinos\"],\"inLanguage\":\"es\",\"potentialAction\":[{\"@type\":\"CommentAction\",\"name\":\"Comment\",\"target\":[\"https:\\\/\\\/www.escapadarural.com\\\/blog\\\/planes-en-barcelona-provincia-para-inquietos-culturales\\\/#respond\"]}]},{\"@type\":\"WebPage\",\"@id\":\"https:\\\/\\\/www.escapadarural.com\\\/blog\\\/planes-en-barcelona-provincia-para-inquietos-culturales\\\/\",\"url\":\"https:\\\/\\\/www.escapadarural.com\\\/blog\\\/planes-en-barcelona-provincia-para-inquietos-culturales\\\/\",\"name\":\"10 planes en la provincia de Barcelona para inquietos culturales - EscapadaRural\",\"isPartOf\":{\"@id\":\"https:\\\/\\\/www.escapadarural.com\\\/blog\\\/#website\"},\"primaryImageOfPage\":{\"@id\":\"https:\\\/\\\/www.escapadarural.com\\\/blog\\\/planes-en-barcelona-provincia-para-inquietos-culturales\\\/#primaryimage\"},\"image\":{\"@id\":\"https:\\\/\\\/www.escapadarural.com\\\/blog\\\/planes-en-barcelona-provincia-para-inquietos-culturales\\\/#primaryimage\"},\"thumbnailUrl\":\"https:\\\/\\\/www.escapadarural.com\\\/blog\\\/wp-content\\\/uploads\\\/2024\\\/10\\\/Cardona-Castell-Flotant-Diputacio-de-Barcelona-1-1024x685-1.jpg\",\"datePublished\":\"2019-11-24T07:30:39+00:00\",\"dateModified\":\"2025-02-11T14:47:35+00:00\",\"breadcrumb\":{\"@id\":\"https:\\\/\\\/www.escapadarural.com\\\/blog\\\/planes-en-barcelona-provincia-para-inquietos-culturales\\\/#breadcrumb\"},\"inLanguage\":\"es\",\"potentialAction\":[{\"@type\":\"ReadAction\",\"target\":[\"https:\\\/\\\/www.escapadarural.com\\\/blog\\\/planes-en-barcelona-provincia-para-inquietos-culturales\\\/\"]}]},{\"@type\":\"ImageObject\",\"inLanguage\":\"es\",\"@id\":\"https:\\\/\\\/www.escapadarural.com\\\/blog\\\/planes-en-barcelona-provincia-para-inquietos-culturales\\\/#primaryimage\",\"url\":\"https:\\\/\\\/www.escapadarural.com\\\/blog\\\/wp-content\\\/uploads\\\/2024\\\/10\\\/Cardona-Castell-Flotant-Diputacio-de-Barcelona-1-1024x685-1.jpg\",\"contentUrl\":\"https:\\\/\\\/www.escapadarural.com\\\/blog\\\/wp-content\\\/uploads\\\/2024\\\/10\\\/Cardona-Castell-Flotant-Diputacio-de-Barcelona-1-1024x685-1.jpg\",\"width\":1024,\"height\":685,\"caption\":\"Castillo de Cardona, en Barcelona.\"},{\"@type\":\"BreadcrumbList\",\"@id\":\"https:\\\/\\\/www.escapadarural.com\\\/blog\\\/planes-en-barcelona-provincia-para-inquietos-culturales\\\/#breadcrumb\",\"itemListElement\":[{\"@type\":\"ListItem\",\"position\":1,\"name\":\"Inicio\",\"item\":\"https:\\\/\\\/www.escapadarural.com\\\/blog\\\/\"},{\"@type\":\"ListItem\",\"position\":2,\"name\":\"Destinos\",\"item\":\"https:\\\/\\\/www.escapadarural.com\\\/blog\\\/categoria\\\/destinos\\\/\"},{\"@type\":\"ListItem\",\"position\":3,\"name\":\"10 planes en la provincia de Barcelona para inquietos culturales\"}]},{\"@type\":\"WebSite\",\"@id\":\"https:\\\/\\\/www.escapadarural.com\\\/blog\\\/#website\",\"url\":\"https:\\\/\\\/www.escapadarural.com\\\/blog\\\/\",\"name\":\"Blog de viajes | turismo rural, alojamientos e inspiraci\u00f3n\",\"description\":\"Alojamientos rurales e inspiraci\u00f3n para tus escapadas\",\"publisher\":{\"@id\":\"https:\\\/\\\/www.escapadarural.com\\\/blog\\\/#organization\"},\"alternateName\":\"Magazine de viajes de EscapadaRural\",\"potentialAction\":[{\"@type\":\"SearchAction\",\"target\":{\"@type\":\"EntryPoint\",\"urlTemplate\":\"https:\\\/\\\/www.escapadarural.com\\\/blog\\\/?s={search_term_string}\"},\"query-input\":{\"@type\":\"PropertyValueSpecification\",\"valueRequired\":true,\"valueName\":\"search_term_string\"}}],\"inLanguage\":\"es\"},{\"@type\":\"Organization\",\"@id\":\"https:\\\/\\\/www.escapadarural.com\\\/blog\\\/#organization\",\"name\":\"EscapadaRural\",\"url\":\"https:\\\/\\\/www.escapadarural.com\\\/blog\\\/\",\"logo\":{\"@type\":\"ImageObject\",\"inLanguage\":\"es\",\"@id\":\"https:\\\/\\\/www.escapadarural.com\\\/blog\\\/#\\\/schema\\\/logo\\\/image\\\/\",\"url\":\"https:\\\/\\\/www.escapadarural.com\\\/blog\\\/wp-content\\\/uploads\\\/2024\\\/10\\\/cropped-cropped-escapada-rural-icon-mag-3.png\",\"contentUrl\":\"https:\\\/\\\/www.escapadarural.com\\\/blog\\\/wp-content\\\/uploads\\\/2024\\\/10\\\/cropped-cropped-escapada-rural-icon-mag-3.png\",\"width\":512,\"height\":512,\"caption\":\"EscapadaRural\"},\"image\":{\"@id\":\"https:\\\/\\\/www.escapadarural.com\\\/blog\\\/#\\\/schema\\\/logo\\\/image\\\/\"},\"sameAs\":[\"https:\\\/\\\/www.facebook.com\\\/escapadarural\",\"https:\\\/\\\/www.instagram.com\\\/escapadarural\\\/\",\"https:\\\/\\\/www.youtube.com\\\/@escapadaruralcom\"]},{\"@type\":\"Person\",\"@id\":\"https:\\\/\\\/www.escapadarural.com\\\/blog\\\/#\\\/schema\\\/person\\\/d9ee55ff3e0cef41d6eac8922b4f972c\",\"name\":\"Escapada Rural\",\"image\":{\"@type\":\"ImageObject\",\"inLanguage\":\"es\",\"@id\":\"https:\\\/\\\/www.escapadarural.com\\\/blog\\\/wp-content\\\/uploads\\\/2024\\\/10\\\/cropped-cropped-escapada-rural-icon-mag-3-96x96.png\",\"url\":\"https:\\\/\\\/www.escapadarural.com\\\/blog\\\/wp-content\\\/uploads\\\/2024\\\/10\\\/cropped-cropped-escapada-rural-icon-mag-3-96x96.png\",\"contentUrl\":\"https:\\\/\\\/www.escapadarural.com\\\/blog\\\/wp-content\\\/uploads\\\/2024\\\/10\\\/cropped-cropped-escapada-rural-icon-mag-3-96x96.png\",\"caption\":\"Escapada Rural\"},\"sameAs\":[\"https:\\\/\\\/www.facebook.com\\\/escapadarural\",\"https:\\\/\\\/www.linkedin.com\\\/company\\\/escapada-rural\\\/?originalSubdomain=es\",\"https:\\\/\\\/x.com\\\/https:\\\/\\\/x.com\\\/i\\\/flow\\\/login?redirect_after_login=escapadarural\"],\"url\":\"https:\\\/\\\/www.escapadarural.com\\\/blog\\\/autor\\\/user\\\/\"}]}<\/script>\n<!-- \/ Yoast SEO plugin. -->","yoast_head_json":{"title":"10 planes en la provincia de Barcelona para inquietos culturales - EscapadaRural","robots":{"index":"index","follow":"follow","max-snippet":"max-snippet:-1","max-image-preview":"max-image-preview:large","max-video-preview":"max-video-preview:-1"},"canonical":"https:\/\/www.escapadarural.com\/blog\/planes-en-barcelona-provincia-para-inquietos-culturales\/","og_locale":"es_ES","og_type":"article","og_title":"10 planes en la provincia de Barcelona para inquietos culturales - EscapadaRural","og_description":"Parece que los planes se acaban m\u00e1s all\u00e1 de la ciudad, pero lo cierto es que a muy poca distancia de Barcelona hay paisajes, historias, museos y edificios singulares que atrapar\u00e1n la atenci\u00f3n de los viajeros culturetas m\u00e1s sibaritas. Toma nota y agenda alguno de estos planes, te sacar\u00e1n de la rutina.","og_url":"https:\/\/www.escapadarural.com\/blog\/planes-en-barcelona-provincia-para-inquietos-culturales\/","og_site_name":"Magazine de viajes de EscapadaRural","article_publisher":"https:\/\/www.facebook.com\/escapadarural","article_author":"https:\/\/www.facebook.com\/escapadarural","article_published_time":"2019-11-24T07:30:39+00:00","article_modified_time":"2025-02-11T14:47:35+00:00","og_image":[{"width":1024,"height":685,"url":"https:\/\/app.escapadarural.com\/blog\/wp-content\/uploads\/2024\/10\/Cardona-Castell-Flotant-Diputacio-de-Barcelona-1-1024x685-1.jpg","type":"image\/jpeg"}],"author":"Escapada Rural","twitter_card":"summary_large_image","twitter_creator":"@https:\/\/x.com\/i\/flow\/login?redirect_after_login=escapadarural","twitter_misc":{"Escrito por":"Escapada Rural","Tiempo de lectura":"11 minutos"},"schema":{"@context":"https:\/\/schema.org","@graph":[{"@type":"Article","@id":"https:\/\/www.escapadarural.com\/blog\/planes-en-barcelona-provincia-para-inquietos-culturales\/#article","isPartOf":{"@id":"https:\/\/www.escapadarural.com\/blog\/planes-en-barcelona-provincia-para-inquietos-culturales\/"},"author":{"name":"Escapada Rural","@id":"https:\/\/www.escapadarural.com\/blog\/#\/schema\/person\/d9ee55ff3e0cef41d6eac8922b4f972c"},"headline":"10 planes en la provincia de Barcelona para inquietos culturales","datePublished":"2019-11-24T07:30:39+00:00","dateModified":"2025-02-11T14:47:35+00:00","mainEntityOfPage":{"@id":"https:\/\/www.escapadarural.com\/blog\/planes-en-barcelona-provincia-para-inquietos-culturales\/"},"wordCount":1954,"commentCount":2,"publisher":{"@id":"https:\/\/www.escapadarural.com\/blog\/#organization"},"image":{"@id":"https:\/\/www.escapadarural.com\/blog\/planes-en-barcelona-provincia-para-inquietos-culturales\/#primaryimage"},"thumbnailUrl":"https:\/\/www.escapadarural.com\/blog\/wp-content\/uploads\/2024\/10\/Cardona-Castell-Flotant-Diputacio-de-Barcelona-1-1024x685-1.jpg","keywords":["Barcelona","Cardona","Catalu\u00f1a","cultura","Listado","museos"],"articleSection":["Destinos"],"inLanguage":"es","potentialAction":[{"@type":"CommentAction","name":"Comment","target":["https:\/\/www.escapadarural.com\/blog\/planes-en-barcelona-provincia-para-inquietos-culturales\/#respond"]}]},{"@type":"WebPage","@id":"https:\/\/www.escapadarural.com\/blog\/planes-en-barcelona-provincia-para-inquietos-culturales\/","url":"https:\/\/www.escapadarural.com\/blog\/planes-en-barcelona-provincia-para-inquietos-culturales\/","name":"10 planes en la provincia de Barcelona para inquietos culturales - EscapadaRural","isPartOf":{"@id":"https:\/\/www.escapadarural.com\/blog\/#website"},"primaryImageOfPage":{"@id":"https:\/\/www.escapadarural.com\/blog\/planes-en-barcelona-provincia-para-inquietos-culturales\/#primaryimage"},"image":{"@id":"https:\/\/www.escapadarural.com\/blog\/planes-en-barcelona-provincia-para-inquietos-culturales\/#primaryimage"},"thumbnailUrl":"https:\/\/www.escapadarural.com\/blog\/wp-content\/uploads\/2024\/10\/Cardona-Castell-Flotant-Diputacio-de-Barcelona-1-1024x685-1.jpg","datePublished":"2019-11-24T07:30:39+00:00","dateModified":"2025-02-11T14:47:35+00:00","breadcrumb":{"@id":"https:\/\/www.escapadarural.com\/blog\/planes-en-barcelona-provincia-para-inquietos-culturales\/#breadcrumb"},"inLanguage":"es","potentialAction":[{"@type":"ReadAction","target":["https:\/\/www.escapadarural.com\/blog\/planes-en-barcelona-provincia-para-inquietos-culturales\/"]}]},{"@type":"ImageObject","inLanguage":"es","@id":"https:\/\/www.escapadarural.com\/blog\/planes-en-barcelona-provincia-para-inquietos-culturales\/#primaryimage","url":"https:\/\/www.escapadarural.com\/blog\/wp-content\/uploads\/2024\/10\/Cardona-Castell-Flotant-Diputacio-de-Barcelona-1-1024x685-1.jpg","contentUrl":"https:\/\/www.escapadarural.com\/blog\/wp-content\/uploads\/2024\/10\/Cardona-Castell-Flotant-Diputacio-de-Barcelona-1-1024x685-1.jpg","width":1024,"height":685,"caption":"Castillo de Cardona, en Barcelona."},{"@type":"BreadcrumbList","@id":"https:\/\/www.escapadarural.com\/blog\/planes-en-barcelona-provincia-para-inquietos-culturales\/#breadcrumb","itemListElement":[{"@type":"ListItem","position":1,"name":"Inicio","item":"https:\/\/www.escapadarural.com\/blog\/"},{"@type":"ListItem","position":2,"name":"Destinos","item":"https:\/\/www.escapadarural.com\/blog\/categoria\/destinos\/"},{"@type":"ListItem","position":3,"name":"10 planes en la provincia de Barcelona para inquietos culturales"}]},{"@type":"WebSite","@id":"https:\/\/www.escapadarural.com\/blog\/#website","url":"https:\/\/www.escapadarural.com\/blog\/","name":"Blog de viajes | turismo rural, alojamientos e inspiraci\u00f3n","description":"Alojamientos rurales e inspiraci\u00f3n para tus escapadas","publisher":{"@id":"https:\/\/www.escapadarural.com\/blog\/#organization"},"alternateName":"Magazine de viajes de EscapadaRural","potentialAction":[{"@type":"SearchAction","target":{"@type":"EntryPoint","urlTemplate":"https:\/\/www.escapadarural.com\/blog\/?s={search_term_string}"},"query-input":{"@type":"PropertyValueSpecification","valueRequired":true,"valueName":"search_term_string"}}],"inLanguage":"es"},{"@type":"Organization","@id":"https:\/\/www.escapadarural.com\/blog\/#organization","name":"EscapadaRural","url":"https:\/\/www.escapadarural.com\/blog\/","logo":{"@type":"ImageObject","inLanguage":"es","@id":"https:\/\/www.escapadarural.com\/blog\/#\/schema\/logo\/image\/","url":"https:\/\/www.escapadarural.com\/blog\/wp-content\/uploads\/2024\/10\/cropped-cropped-escapada-rural-icon-mag-3.png","contentUrl":"https:\/\/www.escapadarural.com\/blog\/wp-content\/uploads\/2024\/10\/cropped-cropped-escapada-rural-icon-mag-3.png","width":512,"height":512,"caption":"EscapadaRural"},"image":{"@id":"https:\/\/www.escapadarural.com\/blog\/#\/schema\/logo\/image\/"},"sameAs":["https:\/\/www.facebook.com\/escapadarural","https:\/\/www.instagram.com\/escapadarural\/","https:\/\/www.youtube.com\/@escapadaruralcom"]},{"@type":"Person","@id":"https:\/\/www.escapadarural.com\/blog\/#\/schema\/person\/d9ee55ff3e0cef41d6eac8922b4f972c","name":"Escapada Rural","image":{"@type":"ImageObject","inLanguage":"es","@id":"https:\/\/www.escapadarural.com\/blog\/wp-content\/uploads\/2024\/10\/cropped-cropped-escapada-rural-icon-mag-3-96x96.png","url":"https:\/\/www.escapadarural.com\/blog\/wp-content\/uploads\/2024\/10\/cropped-cropped-escapada-rural-icon-mag-3-96x96.png","contentUrl":"https:\/\/www.escapadarural.com\/blog\/wp-content\/uploads\/2024\/10\/cropped-cropped-escapada-rural-icon-mag-3-96x96.png","caption":"Escapada Rural"},"sameAs":["https:\/\/www.facebook.com\/escapadarural","https:\/\/www.linkedin.com\/company\/escapada-rural\/?originalSubdomain=es","https:\/\/x.com\/https:\/\/x.com\/i\/flow\/login?redirect_after_login=escapadarural"],"url":"https:\/\/www.escapadarural.com\/blog\/autor\/user\/"}]}},"_links":{"self":[{"href":"https:\/\/www.escapadarural.com\/blog\/wp-json\/wp\/v2\/posts\/11743","targetHints":{"allow":["GET"]}}],"collection":[{"href":"https:\/\/www.escapadarural.com\/blog\/wp-json\/wp\/v2\/posts"}],"about":[{"href":"https:\/\/www.escapadarural.com\/blog\/wp-json\/wp\/v2\/types\/post"}],"author":[{"embeddable":true,"href":"https:\/\/www.escapadarural.com\/blog\/wp-json\/wp\/v2\/users\/136"}],"replies":[{"embeddable":true,"href":"https:\/\/www.escapadarural.com\/blog\/wp-json\/wp\/v2\/comments?post=11743"}],"version-history":[{"count":0,"href":"https:\/\/www.escapadarural.com\/blog\/wp-json\/wp\/v2\/posts\/11743\/revisions"}],"wp:featuredmedia":[{"embeddable":true,"href":"https:\/\/www.escapadarural.com\/blog\/wp-json\/wp\/v2\/media\/102385"}],"wp:attachment":[{"href":"https:\/\/www.escapadarural.com\/blog\/wp-json\/wp\/v2\/media?parent=11743"}],"wp:term":[{"taxonomy":"category","embeddable":true,"href":"https:\/\/www.escapadarural.com\/blog\/wp-json\/wp\/v2\/categories?post=11743"},{"taxonomy":"post_tag","embeddable":true,"href":"https:\/\/www.escapadarural.com\/blog\/wp-json\/wp\/v2\/tags?post=11743"}],"curies":[{"name":"wp","href":"https:\/\/api.w.org\/{rel}","templated":true}]}}