{"id":11803,"date":"2024-05-07T15:59:18","date_gmt":"2024-05-07T14:59:18","guid":{"rendered":"http:\/\/15.188.81.248\/2019\/10\/03\/que-hacer-en-catalunya-en-verano\/"},"modified":"2025-07-25T12:14:50","modified_gmt":"2025-07-25T10:14:50","slug":"que-hacer-en-cataluna-en-verano","status":"publish","type":"post","link":"https:\/\/www.escapadarural.com\/blog\/que-hacer-en-cataluna-en-verano\/","title":{"rendered":"Qu\u00e9 hacer en Catalu\u00f1a en verano"},"content":{"rendered":"\n<p>Cuando llega el buen tiempo no hay quien se quede en casa. Resulta mucho mejor disfrutar del sol, de las horas de luz y respirar aire puro para dejar atr\u00e1s el blanco de \u2018oficina\u2019 del invierno. La felicidad veraniega est\u00e1 a un paso con estas <strong>escapadas imprescindibles por Catalu\u00f1a<\/strong>. \u00a1Benditos veranos!<\/p>\n\n\n\n<div class=\"wp-block-buttons is-layout-flex wp-block-buttons-is-layout-flex\">\n<div class=\"wp-block-button\"><a class=\"wp-block-button__link wp-element-button\" href=\"\/casas-rurales\/cataluna\" target=\"_blank\" rel=\"noreferrer noopener\">Casas rurales en Catalu\u00f1a<\/a><\/div>\n<\/div>\n\n\n\n<h2 class=\"wp-block-heading\">Todos al agua<\/h2>\n\n\n\n<h3 class=\"wp-block-heading\" id=\"1-kayak-en-el-r%C3%ADo-ter\">Kayak en el r\u00edo Ter<\/h3>\n\n\n\n<figure class=\"wp-block-image size-large\"><img loading=\"lazy\" decoding=\"async\" width=\"1024\" height=\"682\" src=\"https:\/\/www.escapadarural.com\/blog\/wp-content\/uploads\/2024\/10\/rio-ter.jpg\" alt=\"Paisajes catalanes en la ribera del rio Ter - Barcelona - Susqueda\" class=\"wp-image-92369\" srcset=\"https:\/\/www.escapadarural.com\/blog\/wp-content\/uploads\/2024\/10\/rio-ter-200x133.jpg 200w, https:\/\/www.escapadarural.com\/blog\/wp-content\/uploads\/2024\/10\/rio-ter-300x200.jpg 300w, https:\/\/www.escapadarural.com\/blog\/wp-content\/uploads\/2024\/10\/rio-ter-400x266.jpg 400w, https:\/\/www.escapadarural.com\/blog\/wp-content\/uploads\/2024\/10\/rio-ter-600x400.jpg 600w, https:\/\/www.escapadarural.com\/blog\/wp-content\/uploads\/2024\/10\/rio-ter-768x512.jpg 768w, https:\/\/www.escapadarural.com\/blog\/wp-content\/uploads\/2024\/10\/rio-ter-800x533.jpg 800w, https:\/\/www.escapadarural.com\/blog\/wp-content\/uploads\/2024\/10\/rio-ter.jpg 1024w\" sizes=\"auto, (max-width: 1024px) 100vw, 1024px\" \/><figcaption class=\"wp-element-caption\">R\u00edo Ter, Catalu\u00f1a. Por Joan<\/figcaption><\/figure>\n\n\n\n<p>En la <strong>esclusa de Colomers<\/strong>, declarada Patrimonio Arquitect\u00f3nico, se ha formado uno de los pantanos catalanes m\u00e1s encantadores. El plan nos lleva hasta su orilla para alquilar una de las embarcaciones de Kayak del Ter, una empresa de ecoturismo. Quienes no tengan soltura con los remos no tienen nada que temer, aqu\u00ed el r\u00edo es una apacible l\u00e1mina de agua.<\/p>\n\n\n\n<p>Los descensos pasan por diferentes tramos de belleza paisaj\u00edstica. Navegando por las aguas del Ter se disfruta del entorno id\u00edlico a la vez que de las tortugas que toman el sol pl\u00e1cidamente, de los patos y de la elegancia de las garzas que se posan en la vegetaci\u00f3n de la ribera.<\/p>\n\n\n\n<h3 class=\"wp-block-heading\" id=\"2-kayak-en-el-pantano-de-terradets\">Kayak en el pantano de Terradets<\/h3>\n\n\n\n<figure class=\"wp-block-image size-full\"><img loading=\"lazy\" decoding=\"async\" width=\"1024\" height=\"682\" src=\"https:\/\/www.escapadarural.com\/blog\/wp-content\/uploads\/2024\/05\/terradets.webp\" alt=\"Embalse de Terradets (Lleida)\" class=\"wp-image-197713\" srcset=\"https:\/\/www.escapadarural.com\/blog\/wp-content\/uploads\/2024\/05\/terradets-200x133.webp 200w, https:\/\/www.escapadarural.com\/blog\/wp-content\/uploads\/2024\/05\/terradets-300x200.webp 300w, https:\/\/www.escapadarural.com\/blog\/wp-content\/uploads\/2024\/05\/terradets-400x266.webp 400w, https:\/\/www.escapadarural.com\/blog\/wp-content\/uploads\/2024\/05\/terradets-600x400.webp 600w, https:\/\/www.escapadarural.com\/blog\/wp-content\/uploads\/2024\/05\/terradets-768x512.webp 768w, https:\/\/www.escapadarural.com\/blog\/wp-content\/uploads\/2024\/05\/terradets-800x533.webp 800w, https:\/\/www.escapadarural.com\/blog\/wp-content\/uploads\/2024\/05\/terradets.webp 1024w\" sizes=\"auto, (max-width: 1024px) 100vw, 1024px\" \/><figcaption class=\"wp-element-caption\">Embalse de Terradets (Lleida). Por Hector Blanco de Frutos<\/figcaption><\/figure>\n\n\n\n<p>En la comarca del Pallars Juss\u00e0 parte una de las excursiones en kayak m\u00e1s especiales de Catalu\u00f1a. En las profundidades del embalse de los Terradets se encuentran las <strong>ruinas del monasterio de Sant Miquel de Cellers<\/strong>. No tiene precio palear en este lugar con panor\u00e1micas espectaculares a la sierra del Montsec.<\/p>\n\n\n\n<p>Esta es una ruta familiar perfecta para vivir una aventura en la naturaleza mientras se navega por los meandros y lagunas del humedal. Para protegernos del sol, lo mejor ser\u00e1 palear junto a la ribera, donde \u00e1lamos y sauces regalan su sombra.<\/p>\n\n\n\n<h3 class=\"wp-block-heading\" id=\"3-kayak-en-el-solson%C3%A8s\">Kayak en el Solson\u00e8s<\/h3>\n\n\n\n<figure class=\"wp-block-image size-large\"><img decoding=\"async\" src=\"https:\/\/www.escapadarural.com\/blog\/wp-content\/uploads\/2024\/10\/solsones.jpg\" alt=\"Solson\u00e8s\" class=\"wp-image-23480\"\/><figcaption class=\"wp-element-caption\">Solson\u00e8s, Catalu\u00f1a. Por miquelrc<\/figcaption><\/figure>\n\n\n\n<p>El r\u00edo Cardener se encuentra fuertemente encajonado en el pantano de la Llosa del Cavall, en el Valle de Lord. Sus aguas tranquilas de un espectacular color turquesa se antojan como lugar donde disfrutar de la naturaleza en estado puro y de la vistosa sierra de los Bastets. Son imprescindibles las vistas desde el santuario de la Virgen de Lord, cerca del bello pueblo de <a href=\"\/casas-rurales\/sant-llorenc-de-morunys\" target=\"_blank\" rel=\"noreferrer noopener\">Sant Lloren\u00e7 de Morunys<\/a>. Adem\u00e1s, la C-462, la carretera secundaria que para llegar es una de las m\u00e1s bellas de Espa\u00f1a.<\/p>\n\n\n\n<p>Para quienes necesiten m\u00e1s de adrenalina, en la pared de la presa est\u00e1 la la tercera plataforma m\u00e1s alta de Europa para hacer <strong>bungee jumping<\/strong>.<\/p>\n\n\n\n<h3 class=\"wp-block-heading\" id=\"4-kayak-en-el-r%C3%ADo-ebro\">Kayak en el r\u00edo Ebro<\/h3>\n\n\n\n<figure class=\"wp-block-image size-large\"><img decoding=\"async\" src=\"https:\/\/www.escapadarural.com\/blog\/wp-content\/uploads\/2024\/10\/caiac-riu-Ebre.jpg\" alt=\"Terres de l'Ebre\" class=\"wp-image-23479\"\/><figcaption class=\"wp-element-caption\">R\u00edo Ebro, Catalu\u00f1a. Por Mariano Cebolla<\/figcaption><\/figure>\n\n\n\n<p>El hombre ha navegado por el Ebro con embarcaciones desde anta\u00f1o: lla\u00fcts, pontonas, muletas, pasos de barca, las barcas de perchar, que a\u00fan se pueden ver por las aguas poco profundas de los marjales. Pero tal vez el <strong>kayak <\/strong>ser\u00e1 lo m\u00e1s pr\u00e1ctico. A su paso por el <strong>Delta del Ebro<\/strong>, el r\u00edo invita a un bonito paseo por aguas tranquilas.<\/p>\n\n\n\n<p>El Ebro se asemeja a una autopista fluvial. En algunos puntos, la anchura de una ribera a otra es de varios metros. La empresa <a href=\"https:\/\/www.riualebre.com\/\" target=\"_blank\" rel=\"noreferrer noopener nofollow\">Riu a l\u2019Ebre<\/a> ofrece distintas rutas que pasan por algunos de los lugares m\u00e1s emblem\u00e1ticos del parque: el pintoresco pueblo de Balada, situado frente la \u201cIlla de Gr\u00e0cia\u201d, que alberga uno de los \u00e1rboles monumentales de Catalu\u00f1a, el coraz\u00f3n del parque Natural del Delta del Ebro o Deltebre.<\/p>\n\n\n\n<h3 class=\"wp-block-heading\" id=\"5-cruzando-el-r%C3%ADo-a-la-antigua\">Cruzando el r\u00edo a la antigua<\/h3>\n\n\n\n<figure class=\"wp-block-image size-full\"><img decoding=\"async\" src=\"https:\/\/www.escapadarural.com\/blog\/wp-content\/uploads\/2024\/10\/llagut-Lo-Sirgador-a-Miravet.jpg\" alt=\"Terres de l'Ebre, Catalu\u00f1a\" class=\"wp-image-23478\"\/><figcaption class=\"wp-element-caption\">Miravet, Catalu\u00f1a. Por Mariano Cebolla<\/figcaption><\/figure>\n\n\n\n<p>Se puede llegar al <strong>pueblo de Miravet<\/strong> por carretera, pero hay una forma m\u00e1s original, como se hac\u00eda antiguamente, con el \u2018Pas de Barca\u2019, el \u00faltimo transbordador fluvial que cruza el r\u00edo Ebro. Es totalmente ecol\u00f3gico, ya que solo se ayuda con la corriente del agua. En realidad, son dos laudes unidos por una plataforma. Una vez crucemos, hay que subir hasta el castillo de Miravet, \u00a1menudas vistas que hay del r\u00edo desde las antiguas alamedas!<\/p>\n\n\n\n<div class=\"wp-block-buttons is-layout-flex wp-block-buttons-is-layout-flex\">\n<div class=\"wp-block-button\"><a class=\"wp-block-button__link wp-element-button\" href=\"\/casas-rurales\/miravet\" target=\"_blank\" rel=\"noreferrer noopener\">Casas rurales en Miravet<\/a><\/div>\n<\/div>\n\n\n\n<h2 class=\"wp-block-heading title-rute\" id=\"6-contando-estrellas\">Contando estrellas<\/h2>\n\n\n\n<figure class=\"wp-block-image size-large\"><a href=\"https:\/\/www.escapadarural.com\/blog\/wp-content\/uploads\/2024\/10\/Estrellas-fugaces-1.jpg\"><img decoding=\"async\" src=\"https:\/\/www.escapadarural.com\/blog\/wp-content\/uploads\/2024\/10\/Estrellas-fugaces-1.jpg\" alt=\"Estrellas fugaces\" class=\"wp-image-23477\"\/><\/a><figcaption class=\"wp-element-caption\">Por Belish<\/figcaption><\/figure>\n\n\n\n<h3 class=\"wp-block-heading\" id=\"7-desde-aig%C3%BCestortes-al-cosmos\">Escaparate de estrellas en Montsec<\/h3>\n\n\n\n<p>El estar considerada como <strong>Reserva Starlight<\/strong> por la Fundaci\u00f3n Starlight, significa que los cielos de <a href=\"https:\/\/www.escapadarural.com\/casas-rurales\/el-montsec\" target=\"_blank\" rel=\"noreferrer noopener nofollow\">Montsec<\/a> tienen unos niveles de contaminaci\u00f3n lum\u00ednica muy bajos y unas condiciones perfectas para la observaci\u00f3n de estrellas. Bastar\u00e1 elevar la vista para contemplar montones de estrellas, pero si se quiere ir m\u00e1s all\u00e1, el Centre d\u2019Observaci\u00f3 de l\u2019Univers (COU) y el Parc Astron\u00f2mic Montsec (PAM) de \u00c0ger permitir\u00e1n una aventura al centro del Universo.<\/p>\n\n\n\n<h3 class=\"wp-block-heading\" id=\"9-observatori-albany%C3%A0-bautismos-astrol%C3%B3gicos\">Observatori Albany\u00e0: bautismos astrol\u00f3gicos<\/h3>\n\n\n\n<p>Llegar a <a href=\"\/casas-rurales\/albanya\" target=\"_blank\" rel=\"noreferrer noopener\">Albany\u00e0<\/a> nos dar\u00e1 algunas pistas de la raz\u00f3n de que su cielo nocturno sea uno de los mejores de Espa\u00f1a. Alrededor, no hay f\u00e1bricas, no hay ciudades, ni casi carreteras, solo monta\u00f1as y muchos pinos. Esta peque\u00f1a localidad gerundense del Alt Empord\u00e0 es el <strong>Primer Parque Internacional de Cielo Oscuro de Espa\u00f1a<\/strong>, un reconocimiento que le otorg\u00f3 en 2017 la International Dark-Sky Association (IDA).<\/p>\n\n\n\n<p>El Observatorio Astron\u00f3mico de Albany\u00e0 es un centro de \u00faltima generaci\u00f3n que dispone del <strong>mayor telescopio de todo <a href=\"https:\/\/www.escapadarural.com\/blog\/planes-que-hacer-verano-girona\/\">Girona<\/a><\/strong>. El edificio est\u00e1 construido a prueba de terremotos para evitar que el equipo se desequilibre ni un mil\u00edmetro.<\/p>\n\n\n\n<h3 class=\"wp-block-heading\" id=\"10-contar-estrellas-para-dormir\">Contar estrellas para dormir<\/h3>\n\n\n\n<figure class=\"wp-block-image size-large\"><a href=\"https:\/\/www.escapadarural.com\/blog\/wp-content\/uploads\/Casas-Rurales-El-Xalet-de-Prades-2.jpg\"><img decoding=\"async\" src=\"https:\/\/www.escapadarural.com\/blog\/wp-content\/uploads\/2024\/10\/Casas-Rurales-El-Xalet-de-Prades-2-1024x576-1.jpg\" alt=\"Casas Rurales El Xalet de Prades, Catalu\u00f1a\" class=\"wp-image-49326\"\/><\/a><figcaption class=\"wp-element-caption\">Casas Rurales El Xalet de Prades<\/figcaption><\/figure>\n\n\n\n<p>Para dormir no hay nada mejor que contar estrellas. Algo que Juan Carlos Acosta ten\u00eda muy claro cuando adapt\u00f3 en el <a href=\"\/casa-rural\/tarragona\/el-xalet-de-prades\" target=\"_blank\" rel=\"noreferrer noopener\">Xalet de Prades<\/a> los domos que en Laponia se usan para ver auroras boreales a la <strong>sierra de Prades<\/strong>. Son los igl\u00fas de las estrellas, construcciones en forma de c\u00fapula con un techo de vidrio perfectamente acondicionadas para pasar una velada de lo m\u00e1s rom\u00e1ntica bajo el poderoso manto de estrellas de esta parte de Tarragona.<\/p>\n\n\n\n<h2 class=\"wp-block-heading title-rute\" id=\"11-productos-km-0\">Productos KM 0<\/h2>\n\n\n\n<h3 class=\"wp-block-heading\" id=\"12-vinos-maridados-con-bicicleta-en-el-pened%C3%A8s\">Vinos maridados con bicicleta en el Pened\u00e8s<\/h3>\n\n\n\n<p>Si circulando por las carreteras ya se puede contemplar la belleza de las vi\u00f1as del Pened\u00e8s, imagina c\u00f3mo es conocerlas pedaleando. Adem\u00e1s de sus grandes marcas internacionales de cava y vino, en la comarca del Pened\u00e8s hay muchas bodegas interesantes.<\/p>\n\n\n\n<div class=\"wp-block-buttons is-layout-flex wp-block-buttons-is-layout-flex\">\n<div class=\"wp-block-button\"><a class=\"wp-block-button__link wp-element-button\" href=\"\/casas-rurales\/penedes\" target=\"_blank\" rel=\"noreferrer noopener\">Casas rurales en el Pened\u00e8s<\/a><\/div>\n<\/div>\n\n\n\n<h3 class=\"wp-block-heading\" id=\"13-en-bicicleta-entre-las-vi%C3%B1as-del-priorat\">En bicicleta entre las vi\u00f1as del Priorat<\/h3>\n\n\n\n<p>A solo 30 minutos del mar, el Priorat atesora algunas de las vi\u00f1as y bodegas m\u00e1s prestigiosas de la Costa Daurada. El secreto de esta denominaci\u00f3n de origen se encuentra en sus vi\u00f1as que parecen querer tocar el cielo. El Priorat sabe a licorella y a pizarra, a <strong>uva trabajada a mano<\/strong>, con cepas que se conocen casi una por una. Las bodegas de las dos denominaciones de origen tienen siempre las puertas abiertas, ya sea con vinos de <strong>DOQ Priorat <\/strong>o de la <strong>DO Montsant<\/strong>, que con diez a\u00f1os, pero con una tradici\u00f3n centenaria, es la m\u00e1s joven de Tarragona.<\/p>\n\n\n\n<p>Falset, la capital de la comarca, ser\u00e1 una base de operaciones perfecta. Una de las formas m\u00e1s aventureras de conocer estas denominaciones es montados en bicicleta, principalmente por pistas forestales. Para los m\u00e1s perezosos, tambi\u00e9n hay empresas que alquilan <strong>bicicletas el\u00e9ctricas<\/strong>.<\/p>\n\n\n\n<div class=\"wp-block-buttons is-layout-flex wp-block-buttons-is-layout-flex\">\n<div class=\"wp-block-button\"><a class=\"wp-block-button__link wp-element-button\" href=\"\/casas-rurales\/priorat\" target=\"_blank\" rel=\"noreferrer noopener\">Casas rurales en el Priorat<\/a><\/div>\n<\/div>\n","protected":false},"excerpt":{"rendered":"<p>Aqu\u00ed encontrar\u00e1s tres planes imprescindibles para disfrutar al m\u00e1ximo durante tu escapada veraniega en Catalu\u00f1a: kayak, productos KM0 y m\u00e1s.<\/p>\n","protected":false},"author":85,"featured_media":11805,"comment_status":"open","ping_status":"closed","sticky":false,"template":"","format":"standard","meta":{"_acf_changed":false,"om_disable_all_campaigns":false,"footnotes":""},"categories":[191],"tags":[259,260,261,262,263,264,265],"class_list":["post-11803","post","type-post","status-publish","format-standard","has-post-thumbnail","hentry","category-destinos","tag-aiguestortes","tag-articulo","tag-costa-daurada","tag-delta-del-ebro","tag-kayak","tag-penedes","tag-priorat"],"acf":[],"featured_image_src":"https:\/\/www.escapadarural.com\/blog\/wp-content\/uploads\/2020\/04\/Miravet.jpg","author_info":{"display_name":"Redacci\u00f3n ER","author_link":"https:\/\/www.escapadarural.com\/blog\/autor\/admin\/"},"yoast_head":"<!-- This site is optimized with the Yoast SEO plugin v27.5 - https:\/\/yoast.com\/product\/yoast-seo-wordpress\/ -->\n<title>Qu\u00e9 hacer en Catalu\u00f1a en verano - EscapadaRural<\/title>\n<meta name=\"robots\" content=\"index, follow, max-snippet:-1, max-image-preview:large, max-video-preview:-1\" \/>\n<link rel=\"canonical\" href=\"https:\/\/www.escapadarural.com\/blog\/que-hacer-en-cataluna-en-verano\/\" \/>\n<meta property=\"og:locale\" content=\"es_ES\" \/>\n<meta property=\"og:type\" content=\"article\" \/>\n<meta property=\"og:title\" content=\"Qu\u00e9 hacer en Catalu\u00f1a en verano - EscapadaRural\" \/>\n<meta property=\"og:description\" content=\"Aqu\u00ed encontrar\u00e1s tres planes imprescindibles para disfrutar al m\u00e1ximo durante tu escapada veraniega en Catalu\u00f1a: kayak, productos KM0 y m\u00e1s.\" \/>\n<meta property=\"og:url\" content=\"https:\/\/www.escapadarural.com\/blog\/que-hacer-en-cataluna-en-verano\/\" \/>\n<meta property=\"og:site_name\" content=\"Magazine de viajes de EscapadaRural\" \/>\n<meta property=\"article:publisher\" content=\"https:\/\/www.facebook.com\/escapadarural\" \/>\n<meta property=\"article:published_time\" content=\"2024-05-07T14:59:18+00:00\" \/>\n<meta property=\"article:modified_time\" content=\"2025-07-25T10:14:50+00:00\" \/>\n<meta property=\"og:image\" content=\"https:\/\/www.escapadarural.com\/blog\/wp-content\/uploads\/2020\/04\/Miravet.jpg?v=1753438492\" \/>\n\t<meta property=\"og:image:width\" content=\"1000\" \/>\n\t<meta property=\"og:image:height\" content=\"664\" \/>\n\t<meta property=\"og:image:type\" content=\"image\/jpeg\" \/>\n<meta name=\"author\" content=\"Redacci\u00f3n ER\" \/>\n<meta name=\"twitter:card\" content=\"summary_large_image\" \/>\n<meta name=\"twitter:label1\" content=\"Escrito por\" \/>\n\t<meta name=\"twitter:data1\" content=\"Redacci\u00f3n ER\" \/>\n\t<meta name=\"twitter:label2\" content=\"Tiempo de lectura\" \/>\n\t<meta name=\"twitter:data2\" content=\"7 minutos\" \/>\n<script type=\"application\/ld+json\" class=\"yoast-schema-graph\">{\"@context\":\"https:\\\/\\\/schema.org\",\"@graph\":[{\"@type\":\"Article\",\"@id\":\"https:\\\/\\\/www.escapadarural.com\\\/blog\\\/que-hacer-en-cataluna-en-verano\\\/#article\",\"isPartOf\":{\"@id\":\"https:\\\/\\\/www.escapadarural.com\\\/blog\\\/que-hacer-en-cataluna-en-verano\\\/\"},\"author\":{\"name\":\"Redacci\u00f3n ER\",\"@id\":\"https:\\\/\\\/www.escapadarural.com\\\/blog\\\/#\\\/schema\\\/person\\\/bd5b0d7ad308a0bf4efed73e8308b4fa\"},\"headline\":\"Qu\u00e9 hacer en Catalu\u00f1a en verano\",\"datePublished\":\"2024-05-07T14:59:18+00:00\",\"dateModified\":\"2025-07-25T10:14:50+00:00\",\"mainEntityOfPage\":{\"@id\":\"https:\\\/\\\/www.escapadarural.com\\\/blog\\\/que-hacer-en-cataluna-en-verano\\\/\"},\"wordCount\":1218,\"commentCount\":0,\"publisher\":{\"@id\":\"https:\\\/\\\/www.escapadarural.com\\\/blog\\\/#organization\"},\"image\":{\"@id\":\"https:\\\/\\\/www.escapadarural.com\\\/blog\\\/que-hacer-en-cataluna-en-verano\\\/#primaryimage\"},\"thumbnailUrl\":\"https:\\\/\\\/www.escapadarural.com\\\/blog\\\/wp-content\\\/uploads\\\/2020\\\/04\\\/Miravet.jpg\",\"keywords\":[\"Aig\u00fcestortes\",\"art\u00edculo\",\"Costa Daurada\",\"Delta del Ebro\",\"kayak\",\"Pened\u00e9s\",\"Priorat\"],\"articleSection\":[\"Destinos\"],\"inLanguage\":\"es\",\"potentialAction\":[{\"@type\":\"CommentAction\",\"name\":\"Comment\",\"target\":[\"https:\\\/\\\/www.escapadarural.com\\\/blog\\\/que-hacer-en-cataluna-en-verano\\\/#respond\"]}]},{\"@type\":\"WebPage\",\"@id\":\"https:\\\/\\\/www.escapadarural.com\\\/blog\\\/que-hacer-en-cataluna-en-verano\\\/\",\"url\":\"https:\\\/\\\/www.escapadarural.com\\\/blog\\\/que-hacer-en-cataluna-en-verano\\\/\",\"name\":\"Qu\u00e9 hacer en Catalu\u00f1a en verano - EscapadaRural\",\"isPartOf\":{\"@id\":\"https:\\\/\\\/www.escapadarural.com\\\/blog\\\/#website\"},\"primaryImageOfPage\":{\"@id\":\"https:\\\/\\\/www.escapadarural.com\\\/blog\\\/que-hacer-en-cataluna-en-verano\\\/#primaryimage\"},\"image\":{\"@id\":\"https:\\\/\\\/www.escapadarural.com\\\/blog\\\/que-hacer-en-cataluna-en-verano\\\/#primaryimage\"},\"thumbnailUrl\":\"https:\\\/\\\/www.escapadarural.com\\\/blog\\\/wp-content\\\/uploads\\\/2020\\\/04\\\/Miravet.jpg\",\"datePublished\":\"2024-05-07T14:59:18+00:00\",\"dateModified\":\"2025-07-25T10:14:50+00:00\",\"breadcrumb\":{\"@id\":\"https:\\\/\\\/www.escapadarural.com\\\/blog\\\/que-hacer-en-cataluna-en-verano\\\/#breadcrumb\"},\"inLanguage\":\"es\",\"potentialAction\":[{\"@type\":\"ReadAction\",\"target\":[\"https:\\\/\\\/www.escapadarural.com\\\/blog\\\/que-hacer-en-cataluna-en-verano\\\/\"]}]},{\"@type\":\"ImageObject\",\"inLanguage\":\"es\",\"@id\":\"https:\\\/\\\/www.escapadarural.com\\\/blog\\\/que-hacer-en-cataluna-en-verano\\\/#primaryimage\",\"url\":\"https:\\\/\\\/www.escapadarural.com\\\/blog\\\/wp-content\\\/uploads\\\/2020\\\/04\\\/Miravet.jpg\",\"contentUrl\":\"https:\\\/\\\/www.escapadarural.com\\\/blog\\\/wp-content\\\/uploads\\\/2020\\\/04\\\/Miravet.jpg\",\"width\":1000,\"height\":664,\"caption\":\"Miravet, en Tarragona.\"},{\"@type\":\"BreadcrumbList\",\"@id\":\"https:\\\/\\\/www.escapadarural.com\\\/blog\\\/que-hacer-en-cataluna-en-verano\\\/#breadcrumb\",\"itemListElement\":[{\"@type\":\"ListItem\",\"position\":1,\"name\":\"Inicio\",\"item\":\"https:\\\/\\\/www.escapadarural.com\\\/blog\\\/\"},{\"@type\":\"ListItem\",\"position\":2,\"name\":\"Destinos\",\"item\":\"https:\\\/\\\/www.escapadarural.com\\\/blog\\\/categoria\\\/destinos\\\/\"},{\"@type\":\"ListItem\",\"position\":3,\"name\":\"Qu\u00e9 hacer en Catalu\u00f1a en verano\"}]},{\"@type\":\"WebSite\",\"@id\":\"https:\\\/\\\/www.escapadarural.com\\\/blog\\\/#website\",\"url\":\"https:\\\/\\\/www.escapadarural.com\\\/blog\\\/\",\"name\":\"Blog de viajes | turismo rural, alojamientos e inspiraci\u00f3n\",\"description\":\"Alojamientos rurales e inspiraci\u00f3n para tus escapadas\",\"publisher\":{\"@id\":\"https:\\\/\\\/www.escapadarural.com\\\/blog\\\/#organization\"},\"alternateName\":\"Magazine de viajes de EscapadaRural\",\"potentialAction\":[{\"@type\":\"SearchAction\",\"target\":{\"@type\":\"EntryPoint\",\"urlTemplate\":\"https:\\\/\\\/www.escapadarural.com\\\/blog\\\/?s={search_term_string}\"},\"query-input\":{\"@type\":\"PropertyValueSpecification\",\"valueRequired\":true,\"valueName\":\"search_term_string\"}}],\"inLanguage\":\"es\"},{\"@type\":\"Organization\",\"@id\":\"https:\\\/\\\/www.escapadarural.com\\\/blog\\\/#organization\",\"name\":\"EscapadaRural\",\"url\":\"https:\\\/\\\/www.escapadarural.com\\\/blog\\\/\",\"logo\":{\"@type\":\"ImageObject\",\"inLanguage\":\"es\",\"@id\":\"https:\\\/\\\/www.escapadarural.com\\\/blog\\\/#\\\/schema\\\/logo\\\/image\\\/\",\"url\":\"https:\\\/\\\/www.escapadarural.com\\\/blog\\\/wp-content\\\/uploads\\\/2024\\\/10\\\/cropped-cropped-escapada-rural-icon-mag-3.png\",\"contentUrl\":\"https:\\\/\\\/www.escapadarural.com\\\/blog\\\/wp-content\\\/uploads\\\/2024\\\/10\\\/cropped-cropped-escapada-rural-icon-mag-3.png\",\"width\":512,\"height\":512,\"caption\":\"EscapadaRural\"},\"image\":{\"@id\":\"https:\\\/\\\/www.escapadarural.com\\\/blog\\\/#\\\/schema\\\/logo\\\/image\\\/\"},\"sameAs\":[\"https:\\\/\\\/www.facebook.com\\\/escapadarural\",\"https:\\\/\\\/www.instagram.com\\\/escapadarural\\\/\",\"https:\\\/\\\/www.youtube.com\\\/@escapadaruralcom\"]},{\"@type\":\"Person\",\"@id\":\"https:\\\/\\\/www.escapadarural.com\\\/blog\\\/#\\\/schema\\\/person\\\/bd5b0d7ad308a0bf4efed73e8308b4fa\",\"name\":\"Redacci\u00f3n ER\",\"image\":{\"@type\":\"ImageObject\",\"inLanguage\":\"es\",\"@id\":\"https:\\\/\\\/www.escapadarural.com\\\/blog\\\/wp-content\\\/uploads\\\/2024\\\/10\\\/cropped-cropped-escapada-rural-icon-mag-3-96x96.png\",\"url\":\"https:\\\/\\\/www.escapadarural.com\\\/blog\\\/wp-content\\\/uploads\\\/2024\\\/10\\\/cropped-cropped-escapada-rural-icon-mag-3-96x96.png\",\"contentUrl\":\"https:\\\/\\\/www.escapadarural.com\\\/blog\\\/wp-content\\\/uploads\\\/2024\\\/10\\\/cropped-cropped-escapada-rural-icon-mag-3-96x96.png\",\"caption\":\"Redacci\u00f3n ER\"},\"description\":\"Nos encanta inspirar a viajeros y ayudar a los propietarios con nuestros contenidos\",\"url\":\"https:\\\/\\\/www.escapadarural.com\\\/blog\\\/autor\\\/admin\\\/\"}]}<\/script>\n<!-- \/ Yoast SEO plugin. -->","yoast_head_json":{"title":"Qu\u00e9 hacer en Catalu\u00f1a en verano - EscapadaRural","robots":{"index":"index","follow":"follow","max-snippet":"max-snippet:-1","max-image-preview":"max-image-preview:large","max-video-preview":"max-video-preview:-1"},"canonical":"https:\/\/www.escapadarural.com\/blog\/que-hacer-en-cataluna-en-verano\/","og_locale":"es_ES","og_type":"article","og_title":"Qu\u00e9 hacer en Catalu\u00f1a en verano - EscapadaRural","og_description":"Aqu\u00ed encontrar\u00e1s tres planes imprescindibles para disfrutar al m\u00e1ximo durante tu escapada veraniega en Catalu\u00f1a: kayak, productos KM0 y m\u00e1s.","og_url":"https:\/\/www.escapadarural.com\/blog\/que-hacer-en-cataluna-en-verano\/","og_site_name":"Magazine de viajes de EscapadaRural","article_publisher":"https:\/\/www.facebook.com\/escapadarural","article_published_time":"2024-05-07T14:59:18+00:00","article_modified_time":"2025-07-25T10:14:50+00:00","og_image":[{"width":1000,"height":664,"url":"https:\/\/www.escapadarural.com\/blog\/wp-content\/uploads\/2020\/04\/Miravet.jpg?v=1753438492","type":"image\/jpeg"}],"author":"Redacci\u00f3n ER","twitter_card":"summary_large_image","twitter_misc":{"Escrito por":"Redacci\u00f3n ER","Tiempo de lectura":"7 minutos"},"schema":{"@context":"https:\/\/schema.org","@graph":[{"@type":"Article","@id":"https:\/\/www.escapadarural.com\/blog\/que-hacer-en-cataluna-en-verano\/#article","isPartOf":{"@id":"https:\/\/www.escapadarural.com\/blog\/que-hacer-en-cataluna-en-verano\/"},"author":{"name":"Redacci\u00f3n ER","@id":"https:\/\/www.escapadarural.com\/blog\/#\/schema\/person\/bd5b0d7ad308a0bf4efed73e8308b4fa"},"headline":"Qu\u00e9 hacer en Catalu\u00f1a en verano","datePublished":"2024-05-07T14:59:18+00:00","dateModified":"2025-07-25T10:14:50+00:00","mainEntityOfPage":{"@id":"https:\/\/www.escapadarural.com\/blog\/que-hacer-en-cataluna-en-verano\/"},"wordCount":1218,"commentCount":0,"publisher":{"@id":"https:\/\/www.escapadarural.com\/blog\/#organization"},"image":{"@id":"https:\/\/www.escapadarural.com\/blog\/que-hacer-en-cataluna-en-verano\/#primaryimage"},"thumbnailUrl":"https:\/\/www.escapadarural.com\/blog\/wp-content\/uploads\/2020\/04\/Miravet.jpg","keywords":["Aig\u00fcestortes","art\u00edculo","Costa Daurada","Delta del Ebro","kayak","Pened\u00e9s","Priorat"],"articleSection":["Destinos"],"inLanguage":"es","potentialAction":[{"@type":"CommentAction","name":"Comment","target":["https:\/\/www.escapadarural.com\/blog\/que-hacer-en-cataluna-en-verano\/#respond"]}]},{"@type":"WebPage","@id":"https:\/\/www.escapadarural.com\/blog\/que-hacer-en-cataluna-en-verano\/","url":"https:\/\/www.escapadarural.com\/blog\/que-hacer-en-cataluna-en-verano\/","name":"Qu\u00e9 hacer en Catalu\u00f1a en verano - EscapadaRural","isPartOf":{"@id":"https:\/\/www.escapadarural.com\/blog\/#website"},"primaryImageOfPage":{"@id":"https:\/\/www.escapadarural.com\/blog\/que-hacer-en-cataluna-en-verano\/#primaryimage"},"image":{"@id":"https:\/\/www.escapadarural.com\/blog\/que-hacer-en-cataluna-en-verano\/#primaryimage"},"thumbnailUrl":"https:\/\/www.escapadarural.com\/blog\/wp-content\/uploads\/2020\/04\/Miravet.jpg","datePublished":"2024-05-07T14:59:18+00:00","dateModified":"2025-07-25T10:14:50+00:00","breadcrumb":{"@id":"https:\/\/www.escapadarural.com\/blog\/que-hacer-en-cataluna-en-verano\/#breadcrumb"},"inLanguage":"es","potentialAction":[{"@type":"ReadAction","target":["https:\/\/www.escapadarural.com\/blog\/que-hacer-en-cataluna-en-verano\/"]}]},{"@type":"ImageObject","inLanguage":"es","@id":"https:\/\/www.escapadarural.com\/blog\/que-hacer-en-cataluna-en-verano\/#primaryimage","url":"https:\/\/www.escapadarural.com\/blog\/wp-content\/uploads\/2020\/04\/Miravet.jpg","contentUrl":"https:\/\/www.escapadarural.com\/blog\/wp-content\/uploads\/2020\/04\/Miravet.jpg","width":1000,"height":664,"caption":"Miravet, en Tarragona."},{"@type":"BreadcrumbList","@id":"https:\/\/www.escapadarural.com\/blog\/que-hacer-en-cataluna-en-verano\/#breadcrumb","itemListElement":[{"@type":"ListItem","position":1,"name":"Inicio","item":"https:\/\/www.escapadarural.com\/blog\/"},{"@type":"ListItem","position":2,"name":"Destinos","item":"https:\/\/www.escapadarural.com\/blog\/categoria\/destinos\/"},{"@type":"ListItem","position":3,"name":"Qu\u00e9 hacer en Catalu\u00f1a en verano"}]},{"@type":"WebSite","@id":"https:\/\/www.escapadarural.com\/blog\/#website","url":"https:\/\/www.escapadarural.com\/blog\/","name":"Blog de viajes | turismo rural, alojamientos e inspiraci\u00f3n","description":"Alojamientos rurales e inspiraci\u00f3n para tus escapadas","publisher":{"@id":"https:\/\/www.escapadarural.com\/blog\/#organization"},"alternateName":"Magazine de viajes de EscapadaRural","potentialAction":[{"@type":"SearchAction","target":{"@type":"EntryPoint","urlTemplate":"https:\/\/www.escapadarural.com\/blog\/?s={search_term_string}"},"query-input":{"@type":"PropertyValueSpecification","valueRequired":true,"valueName":"search_term_string"}}],"inLanguage":"es"},{"@type":"Organization","@id":"https:\/\/www.escapadarural.com\/blog\/#organization","name":"EscapadaRural","url":"https:\/\/www.escapadarural.com\/blog\/","logo":{"@type":"ImageObject","inLanguage":"es","@id":"https:\/\/www.escapadarural.com\/blog\/#\/schema\/logo\/image\/","url":"https:\/\/www.escapadarural.com\/blog\/wp-content\/uploads\/2024\/10\/cropped-cropped-escapada-rural-icon-mag-3.png","contentUrl":"https:\/\/www.escapadarural.com\/blog\/wp-content\/uploads\/2024\/10\/cropped-cropped-escapada-rural-icon-mag-3.png","width":512,"height":512,"caption":"EscapadaRural"},"image":{"@id":"https:\/\/www.escapadarural.com\/blog\/#\/schema\/logo\/image\/"},"sameAs":["https:\/\/www.facebook.com\/escapadarural","https:\/\/www.instagram.com\/escapadarural\/","https:\/\/www.youtube.com\/@escapadaruralcom"]},{"@type":"Person","@id":"https:\/\/www.escapadarural.com\/blog\/#\/schema\/person\/bd5b0d7ad308a0bf4efed73e8308b4fa","name":"Redacci\u00f3n ER","image":{"@type":"ImageObject","inLanguage":"es","@id":"https:\/\/www.escapadarural.com\/blog\/wp-content\/uploads\/2024\/10\/cropped-cropped-escapada-rural-icon-mag-3-96x96.png","url":"https:\/\/www.escapadarural.com\/blog\/wp-content\/uploads\/2024\/10\/cropped-cropped-escapada-rural-icon-mag-3-96x96.png","contentUrl":"https:\/\/www.escapadarural.com\/blog\/wp-content\/uploads\/2024\/10\/cropped-cropped-escapada-rural-icon-mag-3-96x96.png","caption":"Redacci\u00f3n ER"},"description":"Nos encanta inspirar a viajeros y ayudar a los propietarios con nuestros contenidos","url":"https:\/\/www.escapadarural.com\/blog\/autor\/admin\/"}]}},"_links":{"self":[{"href":"https:\/\/www.escapadarural.com\/blog\/wp-json\/wp\/v2\/posts\/11803","targetHints":{"allow":["GET"]}}],"collection":[{"href":"https:\/\/www.escapadarural.com\/blog\/wp-json\/wp\/v2\/posts"}],"about":[{"href":"https:\/\/www.escapadarural.com\/blog\/wp-json\/wp\/v2\/types\/post"}],"author":[{"embeddable":true,"href":"https:\/\/www.escapadarural.com\/blog\/wp-json\/wp\/v2\/users\/85"}],"replies":[{"embeddable":true,"href":"https:\/\/www.escapadarural.com\/blog\/wp-json\/wp\/v2\/comments?post=11803"}],"version-history":[{"count":0,"href":"https:\/\/www.escapadarural.com\/blog\/wp-json\/wp\/v2\/posts\/11803\/revisions"}],"wp:featuredmedia":[{"embeddable":true,"href":"https:\/\/www.escapadarural.com\/blog\/wp-json\/wp\/v2\/media\/11805"}],"wp:attachment":[{"href":"https:\/\/www.escapadarural.com\/blog\/wp-json\/wp\/v2\/media?parent=11803"}],"wp:term":[{"taxonomy":"category","embeddable":true,"href":"https:\/\/www.escapadarural.com\/blog\/wp-json\/wp\/v2\/categories?post=11803"},{"taxonomy":"post_tag","embeddable":true,"href":"https:\/\/www.escapadarural.com\/blog\/wp-json\/wp\/v2\/tags?post=11803"}],"curies":[{"name":"wp","href":"https:\/\/api.w.org\/{rel}","templated":true}]}}