{"id":11912,"date":"2022-12-07T08:00:00","date_gmt":"2022-12-07T07:00:00","guid":{"rendered":"http:\/\/15.188.81.248\/2019\/12\/16\/monte-de-santa-tecla-la-cumbre-vigia-de-a-guarda\/"},"modified":"2025-07-22T12:45:03","modified_gmt":"2025-07-22T10:45:03","slug":"monte-de-santa-tecla-la-cumbre-vigia-de-a-guarda","status":"publish","type":"post","link":"https:\/\/www.escapadarural.com\/blog\/monte-de-santa-tecla-la-cumbre-vigia-de-a-guarda\/","title":{"rendered":"Monte de Santa Tecla, la cumbre vig\u00eda de A Guarda"},"content":{"rendered":"\n<figure class=\"wp-block-image size-large\"><a href=\"https:\/\/www.escapadarural.com\/blog\/wp-content\/uploads\/2019\/12\/monte-de-santa-tecla-a-guarda-castro-2.jpg\"><img decoding=\"async\" src=\"https:\/\/www.escapadarural.com\/blog\/wp-content\/uploads\/2019\/12\/monte-de-santa-tecla-a-guarda-castro-2-1024x768.jpg\" alt=\"Monte de Santa de Tecla\" class=\"wp-image-22917\"\/><\/a><figcaption class=\"wp-element-caption\">Monte de Santa Tecla. Por El\u00edsabet Garc\u00eda<\/figcaption><\/figure>\n\n\n\n<p>El <strong>Monte de Santa Tecla<\/strong>, o <em>Santa Tegra<\/em> en gallego, es uno de los rincones naturales m\u00e1s especiales y emblem\u00e1ticos de <a href=\"\/casas-rurales\/galicia\">Galicia<\/a>. Declarado Monumento Hist\u00f3rico Art\u00edstico en 1931, este emplazamiento pertenece al pueblo marinero de <a href=\"\/casas-rurales\/a-guarda\">A Guarda<\/a>, en la provincia de <a href=\"\/casas-rurales\/pontevedra\">Pontevedra<\/a>. Se levanta 341 metros del nivel del mar ofreciendo unas preciosas panor\u00e1micas de la desembocadura del r\u00edo Mi\u00f1o y de la vecina Portugal.<\/p>\n\n\n\n<p>Para llegar hasta la cima hay dos opciones: En coche, librando las decenas de curvas cerradas de los cuatro kil\u00f3metros que presenta la serpenteante carretera que abraza la monta\u00f1a; o a pie, siguiendo la <strong>PR-G 122<\/strong>, que sube la misma monta\u00f1a pero por atajos que reducen considerablemente la distancia recorrida. <\/p>\n\n\n\n<p>Si optas por la primera opci\u00f3n, apenas tardar\u00e1s cinco minutos pero tendr\u00e1s que abonar 1\u20ac de tasa \u20130,50\u20ac los ni\u00f1os\u2013. Si prefieres el senderismo, te llevar\u00e1 45 minutos aproximadamente \u2013no necesitas una especial forma f\u00edsica\u2013 y disfrutar\u00e1s de una <strong>mayor riqueza cultural y natural<\/strong>, pues conocer\u00e1s rincones no aptos para las cuatro ruedas. T\u00fa decides.<\/p>\n\n\n\n<p>La red de caminos empedrados y de senderos homologados conocida como \u201c<a href=\"https:\/\/www.turismoaguarda.es\/wp-content\/uploads\/2016\/06\/a-guarda-prg122-caminos-del-trega.pdf\" target=\"_blank\" rel=\"noopener noreferrer\">PR-G 122 Cami\u00f1os do Trega<\/a>\u201d permite conocer m\u00e1s detenidamente los recursos y valores que esconde el monte. Hay u total de siete caminos interconectados hasta completar una distancia total de poco m\u00e1s de 7 km.<\/p>\n\n\n\n<figure class=\"wp-block-image size-large\"><a href=\"https:\/\/www.escapadarural.com\/blog\/wp-content\/uploads\/2019\/12\/monte-de-santa-tecla-a-guarda-atajo-en-la-carretera.jpg\"><img decoding=\"async\" src=\"https:\/\/www.escapadarural.com\/blog\/wp-content\/uploads\/2019\/12\/monte-de-santa-tecla-a-guarda-atajo-en-la-carretera-1024x768.jpg\" alt=\"Monte de Santa Tecla\" class=\"wp-image-22916\"\/><\/a><figcaption class=\"wp-element-caption\">Monte de Santa Tecla. Por El\u00edsabet Garc\u00eda<\/figcaption><\/figure>\n\n\n\n<p>Si optas por ir a pie, una de las paradas del camino ser\u00e1 el \u00e1rea recreativa de&nbsp;<strong>Os Castrexos Nas Chans<\/strong>, un espacio con varios paneles informativos que recrea la que podr\u00eda ser la vivienda de una familia castrexa de anta\u00f1o. Huerta y campo de cereal incluidos.<\/p>\n\n\n\n<figure class=\"wp-block-image size-large\"><a href=\"https:\/\/www.escapadarural.com\/blog\/wp-content\/uploads\/2019\/12\/monte-de-santa-tecla-a-guarda-castrexos-de-chan-huerta.jpg\"><img decoding=\"async\" src=\"https:\/\/www.escapadarural.com\/blog\/wp-content\/uploads\/2019\/12\/monte-de-santa-tecla-a-guarda-castrexos-de-chan-huerta-1024x768.jpg\" alt=\"Monte de Santa Tecla\" class=\"wp-image-22915\"\/><\/a><figcaption class=\"wp-element-caption\">Monte de Santa Tecla. Por El\u00edsabet Garc\u00eda<\/figcaption><\/figure>\n\n\n\n<p>Desde aqu\u00ed, la ruta prosigue por un camino irregular pero bien definido que asciende paulatinamente sin casi ning\u00fan espacio a la sombra \u2013si se va en pleno verano es m\u00e1s que recomendable llevar un sombrero y agua\u2013 ofreciendo una espl\u00e9ndida ventana al&nbsp;<strong>Esteiro do Mi\u00f1o.&nbsp;<\/strong><\/p>\n\n\n\n<p>\u00bfY qu\u00e9 te espera una vez alcanzas lo m\u00e1s alto? Pues, en primer plano, la antigua <strong>ermita de Santa Tecla<\/strong>, del siglo XII, a la que los vecinos de la zona peregrinan cada segundo domingo de agosto para rendir homenaje con la <strong>Fiesta del Monte<\/strong> a su querida Santa.<\/p>\n\n\n\n<figure class=\"wp-block-image size-large\"><a href=\"https:\/\/www.escapadarural.com\/blog\/wp-content\/uploads\/2019\/12\/monte-de-santa-tecla-a-guarda-ermita.jpg\"><img decoding=\"async\" src=\"https:\/\/www.escapadarural.com\/blog\/wp-content\/uploads\/2019\/12\/monte-de-santa-tecla-a-guarda-ermita.jpg\" alt=\"Monte de Santa Tecla\" class=\"wp-image-22914\"\/><\/a><figcaption class=\"wp-element-caption\">Monte de Santa Tecla. Por El\u00edsabet Garc\u00eda<\/figcaption><\/figure>\n\n\n\n<p>Como regalo para la vista, el impresionante lienzo que conforma el inmenso Atl\u00e1ntico, la desembocadura del r\u00edo Mi\u00f1o, el aglomerado de tejados rojos del pueblo de A Guarda, el espl\u00e9ndido valle de O Rosal y el pa\u00eds vecino.<\/p>\n\n\n\n<figure class=\"wp-block-image size-large\"><a href=\"https:\/\/www.escapadarural.com\/blog\/wp-content\/uploads\/2019\/12\/monte-de-santa-tecla-a-guarda-vistas-2.jpg\"><img decoding=\"async\" src=\"https:\/\/www.escapadarural.com\/blog\/wp-content\/uploads\/2019\/12\/monte-de-santa-tecla-a-guarda-vistas-2.jpg\" alt=\"Monte de Santa Tecla\" class=\"wp-image-22913\"\/><\/a><figcaption class=\"wp-element-caption\">Monte de Santa Tecla. Por El\u00edsabet Garc\u00eda<\/figcaption><\/figure>\n\n\n\n<p>Tan s\u00f3lo unos pasos m\u00e1s adelante, el viajero se encontrar\u00e1 con las diferentes estaciones del&nbsp;<strong>V\u00eda Crucis<\/strong>,&nbsp;levantado por Vicent Mengual. Cuenta con una gran devoci\u00f3n popular, sobre todo durante la Romer\u00eda de Santa Tegra, que se celebra el 23 de Septiembre; y el&nbsp;<a href=\"https:\/\/www.turismoaguarda.es\/masat\/\" target=\"_blank\" rel=\"noreferrer noopener\">Masat<\/a>, el museo arqueol\u00f3gico que muestra los descubrimientos y riquezas hist\u00f3ricas encontradas en el lugar. La entrada al museo est\u00e1 incluida en la tasa que se abona si se sube en coche.<\/p>\n\n\n\n<p>Y como joya de esta corona natural, el <strong>castro de Santa Tecla<\/strong>, el mejor conservado de toda la comunidad gallega con permiso del castro de Baro\u00f1a. Este asentamiento de casi 20 hect\u00e1reas fue el elegido por el poblado castrexo para establecerse aqu\u00ed, por vez primera, en el siglo IV a.C. Fecha en la que&nbsp;<strong>llegaron a vivir hasta 5.000 personas<\/strong>&nbsp;en sus viviendas con planta circular, oval o rectangular. Siempre con los bordes redondeados, sin esquinas. <\/p>\n\n\n\n<p>Seg\u00fan parece, esta particular forma de construir ten\u00eda motivaciones mitol\u00f3gicas. Si no hay esquinas, los esp\u00edritus malignos no quedan atrapados en ellas.<\/p>\n\n\n\n<figure class=\"wp-block-image size-large\"><a href=\"https:\/\/www.escapadarural.com\/blog\/wp-content\/uploads\/2019\/12\/monte-de-santa-tecla-a-guarda-castro.jpg\"><img decoding=\"async\" src=\"https:\/\/www.escapadarural.com\/blog\/wp-content\/uploads\/2019\/12\/monte-de-santa-tecla-a-guarda-castro.jpg\" alt=\"Monte de Santa Tecla\" class=\"wp-image-22912\"\/><\/a><figcaption class=\"wp-element-caption\">Monte de Santa Tecla. Por El\u00edsabet Garc\u00eda<\/figcaption><\/figure>\n\n\n\n<p>A d\u00eda de hoy, s\u00f3lo una peque\u00f1a parte est\u00e1 excavada, pero se sigue trabajando en la zona para descubrir todo el patrimonio hist\u00f3rico que alberga este importante asentamiento. Antiguamente, nuestros antecesores viv\u00edan de lo que daba la tierra, del ganado, el comercio, la cer\u00e1mica y, por supuesto, el mar.<\/p>\n\n\n\n<div class=\"wp-block-buttons is-layout-flex wp-block-buttons-is-layout-flex\">\n<div class=\"wp-block-button\"><a class=\"wp-block-button__link wp-element-button\" href=\"https:\/\/www.escapadarural.com\/casas-rurales\/pontevedra\">Casas rurales en Pontevedra<\/a><\/div>\n<\/div>\n","protected":false},"excerpt":{"rendered":"<p>El Monte de Santa Tecla, o Santa Tegra en gallego, es uno de los rincones naturales m\u00e1s especiales y emblem\u00e1ticos de Galicia. Declarado Monumento Hist\u00f3rico Art\u00edstico en 1931, este emplazamiento pertenece al pueblo marinero de A Guarda, en la provincia de Pontevedra. Se levanta 341 metros del nivel del mar ofreciendo unas preciosas panor\u00e1micas de la desembocadura del r\u00edo Mi\u00f1o y de la vecina Portugal.<\/p>\n","protected":false},"author":109,"featured_media":99010,"comment_status":"open","ping_status":"closed","sticky":false,"template":"","format":"standard","meta":{"_acf_changed":false,"om_disable_all_campaigns":false,"footnotes":""},"categories":[231],"tags":[1295,468,440,320],"class_list":["post-11912","post","type-post","status-publish","format-standard","has-post-thumbnail","hentry","category-arte-y-cultura","tag-castros","tag-que-ver-en-galicia","tag-historias-y-curiosidades","tag-que-ver-en-pontevedra"],"acf":[],"featured_image_src":"https:\/\/www.escapadarural.com\/blog\/wp-content\/uploads\/2024\/10\/monte-de-santa-tecla-a-guarda-castro-2-1024x768-3.jpg","author_info":{"display_name":"El\u00edsabet Garc\u00eda","author_link":"https:\/\/www.escapadarural.com\/blog\/autor\/lagranescapada\/"},"yoast_head":"<!-- This site is optimized with the Yoast SEO plugin v27.2 - https:\/\/yoast.com\/product\/yoast-seo-wordpress\/ -->\n<title>Monte de Santa Tecla, la cumbre vig\u00eda de A Guarda - EscapadaRural<\/title>\n<meta name=\"robots\" content=\"index, follow, max-snippet:-1, max-image-preview:large, max-video-preview:-1\" \/>\n<link rel=\"canonical\" href=\"https:\/\/www.escapadarural.com\/blog\/monte-de-santa-tecla-la-cumbre-vigia-de-a-guarda\/\" \/>\n<meta property=\"og:locale\" content=\"es_ES\" \/>\n<meta property=\"og:type\" content=\"article\" \/>\n<meta property=\"og:title\" content=\"Monte de Santa Tecla, la cumbre vig\u00eda de A Guarda - EscapadaRural\" \/>\n<meta property=\"og:description\" content=\"El Monte de Santa Tecla, o Santa Tegra en gallego, es uno de los rincones naturales m\u00e1s especiales y emblem\u00e1ticos de Galicia. Declarado Monumento Hist\u00f3rico Art\u00edstico en 1931, este emplazamiento pertenece al pueblo marinero de A Guarda, en la provincia de Pontevedra. Se levanta 341 metros del nivel del mar ofreciendo unas preciosas panor\u00e1micas de la desembocadura del r\u00edo Mi\u00f1o y de la vecina Portugal.\" \/>\n<meta property=\"og:url\" content=\"https:\/\/www.escapadarural.com\/blog\/monte-de-santa-tecla-la-cumbre-vigia-de-a-guarda\/\" \/>\n<meta property=\"og:site_name\" content=\"Magazine de viajes de EscapadaRural\" \/>\n<meta property=\"article:publisher\" content=\"https:\/\/www.facebook.com\/escapadarural\" \/>\n<meta property=\"article:published_time\" content=\"2022-12-07T07:00:00+00:00\" \/>\n<meta property=\"article:modified_time\" content=\"2025-07-22T10:45:03+00:00\" \/>\n<meta property=\"og:image\" content=\"https:\/\/www.escapadarural.com\/blog\/wp-content\/uploads\/2024\/10\/monte-de-santa-tecla-a-guarda-castro-2-1024x768-3.jpg?v=1753181104\" \/>\n\t<meta property=\"og:image:width\" content=\"1024\" \/>\n\t<meta property=\"og:image:height\" content=\"768\" \/>\n\t<meta property=\"og:image:type\" content=\"image\/jpeg\" \/>\n<meta name=\"author\" content=\"El\u00edsabet Garc\u00eda\" \/>\n<meta name=\"twitter:card\" content=\"summary_large_image\" \/>\n<meta name=\"twitter:label1\" content=\"Escrito por\" \/>\n\t<meta name=\"twitter:data1\" content=\"El\u00edsabet Garc\u00eda\" \/>\n\t<meta name=\"twitter:label2\" content=\"Tiempo de lectura\" \/>\n\t<meta name=\"twitter:data2\" content=\"4 minutos\" \/>\n<script type=\"application\/ld+json\" class=\"yoast-schema-graph\">{\"@context\":\"https:\/\/schema.org\",\"@graph\":[{\"@type\":\"Article\",\"@id\":\"https:\/\/www.escapadarural.com\/blog\/monte-de-santa-tecla-la-cumbre-vigia-de-a-guarda\/#article\",\"isPartOf\":{\"@id\":\"https:\/\/www.escapadarural.com\/blog\/monte-de-santa-tecla-la-cumbre-vigia-de-a-guarda\/\"},\"author\":{\"name\":\"El\u00edsabet Garc\u00eda\",\"@id\":\"https:\/\/www.escapadarural.com\/blog\/#\/schema\/person\/2cac652e2d16373a24890ffaa220140f\"},\"headline\":\"Monte de Santa Tecla, la cumbre vig\u00eda de A Guarda\",\"datePublished\":\"2022-12-07T07:00:00+00:00\",\"dateModified\":\"2025-07-22T10:45:03+00:00\",\"mainEntityOfPage\":{\"@id\":\"https:\/\/www.escapadarural.com\/blog\/monte-de-santa-tecla-la-cumbre-vigia-de-a-guarda\/\"},\"wordCount\":736,\"commentCount\":1,\"publisher\":{\"@id\":\"https:\/\/www.escapadarural.com\/blog\/#organization\"},\"image\":{\"@id\":\"https:\/\/www.escapadarural.com\/blog\/monte-de-santa-tecla-la-cumbre-vigia-de-a-guarda\/#primaryimage\"},\"thumbnailUrl\":\"https:\/\/www.escapadarural.com\/blog\/wp-content\/uploads\/2024\/10\/monte-de-santa-tecla-a-guarda-castro-2-1024x768-3.jpg\",\"keywords\":[\"Castros\",\"Galicia\",\"Historias y Curiosidades\",\"Pontevedra\"],\"articleSection\":[\"Arte y Cultura\"],\"inLanguage\":\"es\",\"potentialAction\":[{\"@type\":\"CommentAction\",\"name\":\"Comment\",\"target\":[\"https:\/\/www.escapadarural.com\/blog\/monte-de-santa-tecla-la-cumbre-vigia-de-a-guarda\/#respond\"]}]},{\"@type\":\"WebPage\",\"@id\":\"https:\/\/www.escapadarural.com\/blog\/monte-de-santa-tecla-la-cumbre-vigia-de-a-guarda\/\",\"url\":\"https:\/\/www.escapadarural.com\/blog\/monte-de-santa-tecla-la-cumbre-vigia-de-a-guarda\/\",\"name\":\"Monte de Santa Tecla, la cumbre vig\u00eda de A Guarda - EscapadaRural\",\"isPartOf\":{\"@id\":\"https:\/\/www.escapadarural.com\/blog\/#website\"},\"primaryImageOfPage\":{\"@id\":\"https:\/\/www.escapadarural.com\/blog\/monte-de-santa-tecla-la-cumbre-vigia-de-a-guarda\/#primaryimage\"},\"image\":{\"@id\":\"https:\/\/www.escapadarural.com\/blog\/monte-de-santa-tecla-la-cumbre-vigia-de-a-guarda\/#primaryimage\"},\"thumbnailUrl\":\"https:\/\/www.escapadarural.com\/blog\/wp-content\/uploads\/2024\/10\/monte-de-santa-tecla-a-guarda-castro-2-1024x768-3.jpg\",\"datePublished\":\"2022-12-07T07:00:00+00:00\",\"dateModified\":\"2025-07-22T10:45:03+00:00\",\"breadcrumb\":{\"@id\":\"https:\/\/www.escapadarural.com\/blog\/monte-de-santa-tecla-la-cumbre-vigia-de-a-guarda\/#breadcrumb\"},\"inLanguage\":\"es\",\"potentialAction\":[{\"@type\":\"ReadAction\",\"target\":[\"https:\/\/www.escapadarural.com\/blog\/monte-de-santa-tecla-la-cumbre-vigia-de-a-guarda\/\"]}]},{\"@type\":\"ImageObject\",\"inLanguage\":\"es\",\"@id\":\"https:\/\/www.escapadarural.com\/blog\/monte-de-santa-tecla-la-cumbre-vigia-de-a-guarda\/#primaryimage\",\"url\":\"https:\/\/www.escapadarural.com\/blog\/wp-content\/uploads\/2024\/10\/monte-de-santa-tecla-a-guarda-castro-2-1024x768-3.jpg\",\"contentUrl\":\"https:\/\/www.escapadarural.com\/blog\/wp-content\/uploads\/2024\/10\/monte-de-santa-tecla-a-guarda-castro-2-1024x768-3.jpg\",\"width\":1024,\"height\":768,\"caption\":\"Monte de Santa Tecla, A Guarda\"},{\"@type\":\"BreadcrumbList\",\"@id\":\"https:\/\/www.escapadarural.com\/blog\/monte-de-santa-tecla-la-cumbre-vigia-de-a-guarda\/#breadcrumb\",\"itemListElement\":[{\"@type\":\"ListItem\",\"position\":1,\"name\":\"Inicio\",\"item\":\"https:\/\/www.escapadarural.com\/blog\/\"},{\"@type\":\"ListItem\",\"position\":2,\"name\":\"Arte y Cultura\",\"item\":\"https:\/\/www.escapadarural.com\/blog\/categoria\/arte-y-cultura\/\"},{\"@type\":\"ListItem\",\"position\":3,\"name\":\"Monte de Santa Tecla, la cumbre vig\u00eda de A Guarda\"}]},{\"@type\":\"WebSite\",\"@id\":\"https:\/\/www.escapadarural.com\/blog\/#website\",\"url\":\"https:\/\/www.escapadarural.com\/blog\/\",\"name\":\"Blog de viajes | turismo rural, alojamientos e inspiraci\u00f3n\",\"description\":\"Alojamientos rurales e inspiraci\u00f3n para tus escapadas\",\"publisher\":{\"@id\":\"https:\/\/www.escapadarural.com\/blog\/#organization\"},\"alternateName\":\"Magazine de viajes de EscapadaRural\",\"potentialAction\":[{\"@type\":\"SearchAction\",\"target\":{\"@type\":\"EntryPoint\",\"urlTemplate\":\"https:\/\/www.escapadarural.com\/blog\/?s={search_term_string}\"},\"query-input\":{\"@type\":\"PropertyValueSpecification\",\"valueRequired\":true,\"valueName\":\"search_term_string\"}}],\"inLanguage\":\"es\"},{\"@type\":\"Organization\",\"@id\":\"https:\/\/www.escapadarural.com\/blog\/#organization\",\"name\":\"EscapadaRural\",\"url\":\"https:\/\/www.escapadarural.com\/blog\/\",\"logo\":{\"@type\":\"ImageObject\",\"inLanguage\":\"es\",\"@id\":\"https:\/\/www.escapadarural.com\/blog\/#\/schema\/logo\/image\/\",\"url\":\"https:\/\/www.escapadarural.com\/blog\/wp-content\/uploads\/2024\/10\/cropped-cropped-escapada-rural-icon-mag-3.png\",\"contentUrl\":\"https:\/\/www.escapadarural.com\/blog\/wp-content\/uploads\/2024\/10\/cropped-cropped-escapada-rural-icon-mag-3.png\",\"width\":512,\"height\":512,\"caption\":\"EscapadaRural\"},\"image\":{\"@id\":\"https:\/\/www.escapadarural.com\/blog\/#\/schema\/logo\/image\/\"},\"sameAs\":[\"https:\/\/www.facebook.com\/escapadarural\",\"https:\/\/www.instagram.com\/escapadarural\/\",\"https:\/\/www.youtube.com\/@escapadaruralcom\"]},{\"@type\":\"Person\",\"@id\":\"https:\/\/www.escapadarural.com\/blog\/#\/schema\/person\/2cac652e2d16373a24890ffaa220140f\",\"name\":\"El\u00edsabet Garc\u00eda\",\"image\":{\"@type\":\"ImageObject\",\"inLanguage\":\"es\",\"@id\":\"https:\/\/www.escapadarural.com\/blog\/wp-content\/uploads\/2025\/02\/elisabet_gran_escapada.webp\",\"url\":\"https:\/\/www.escapadarural.com\/blog\/wp-content\/uploads\/2025\/02\/elisabet_gran_escapada.webp\",\"contentUrl\":\"https:\/\/www.escapadarural.com\/blog\/wp-content\/uploads\/2025\/02\/elisabet_gran_escapada.webp\",\"caption\":\"El\u00edsabet Garc\u00eda\"},\"description\":\"Hola a todos! Soy El\u00edsabet Garc\u00eda, Consultora Inform\u00e1tica y, desde hace 7 a\u00f1os, blogger de viajes. Me apasiona viajar, conocer lugares inh\u00f3spitos, experimentar aventuras, perderme por la naturaleza y saborear la gastronom\u00eda local de cada lugar. Coeditora del blog lagranescapada.com junto a Mar Gonz\u00e1lez, un lugar que creamos para compartir cada nueva escapada que hacemos por el mundo.\",\"sameAs\":[\"https:\/\/lagranescapada.com\/\"],\"url\":\"https:\/\/www.escapadarural.com\/blog\/autor\/lagranescapada\/\"}]}<\/script>\n<!-- \/ Yoast SEO plugin. -->","yoast_head_json":{"title":"Monte de Santa Tecla, la cumbre vig\u00eda de A Guarda - EscapadaRural","robots":{"index":"index","follow":"follow","max-snippet":"max-snippet:-1","max-image-preview":"max-image-preview:large","max-video-preview":"max-video-preview:-1"},"canonical":"https:\/\/www.escapadarural.com\/blog\/monte-de-santa-tecla-la-cumbre-vigia-de-a-guarda\/","og_locale":"es_ES","og_type":"article","og_title":"Monte de Santa Tecla, la cumbre vig\u00eda de A Guarda - EscapadaRural","og_description":"El Monte de Santa Tecla, o Santa Tegra en gallego, es uno de los rincones naturales m\u00e1s especiales y emblem\u00e1ticos de Galicia. Declarado Monumento Hist\u00f3rico Art\u00edstico en 1931, este emplazamiento pertenece al pueblo marinero de A Guarda, en la provincia de Pontevedra. Se levanta 341 metros del nivel del mar ofreciendo unas preciosas panor\u00e1micas de la desembocadura del r\u00edo Mi\u00f1o y de la vecina Portugal.","og_url":"https:\/\/www.escapadarural.com\/blog\/monte-de-santa-tecla-la-cumbre-vigia-de-a-guarda\/","og_site_name":"Magazine de viajes de EscapadaRural","article_publisher":"https:\/\/www.facebook.com\/escapadarural","article_published_time":"2022-12-07T07:00:00+00:00","article_modified_time":"2025-07-22T10:45:03+00:00","og_image":[{"width":1024,"height":768,"url":"https:\/\/www.escapadarural.com\/blog\/wp-content\/uploads\/2024\/10\/monte-de-santa-tecla-a-guarda-castro-2-1024x768-3.jpg?v=1753181104","type":"image\/jpeg"}],"author":"El\u00edsabet Garc\u00eda","twitter_card":"summary_large_image","twitter_misc":{"Escrito por":"El\u00edsabet Garc\u00eda","Tiempo de lectura":"4 minutos"},"schema":{"@context":"https:\/\/schema.org","@graph":[{"@type":"Article","@id":"https:\/\/www.escapadarural.com\/blog\/monte-de-santa-tecla-la-cumbre-vigia-de-a-guarda\/#article","isPartOf":{"@id":"https:\/\/www.escapadarural.com\/blog\/monte-de-santa-tecla-la-cumbre-vigia-de-a-guarda\/"},"author":{"name":"El\u00edsabet Garc\u00eda","@id":"https:\/\/www.escapadarural.com\/blog\/#\/schema\/person\/2cac652e2d16373a24890ffaa220140f"},"headline":"Monte de Santa Tecla, la cumbre vig\u00eda de A Guarda","datePublished":"2022-12-07T07:00:00+00:00","dateModified":"2025-07-22T10:45:03+00:00","mainEntityOfPage":{"@id":"https:\/\/www.escapadarural.com\/blog\/monte-de-santa-tecla-la-cumbre-vigia-de-a-guarda\/"},"wordCount":736,"commentCount":1,"publisher":{"@id":"https:\/\/www.escapadarural.com\/blog\/#organization"},"image":{"@id":"https:\/\/www.escapadarural.com\/blog\/monte-de-santa-tecla-la-cumbre-vigia-de-a-guarda\/#primaryimage"},"thumbnailUrl":"https:\/\/www.escapadarural.com\/blog\/wp-content\/uploads\/2024\/10\/monte-de-santa-tecla-a-guarda-castro-2-1024x768-3.jpg","keywords":["Castros","Galicia","Historias y Curiosidades","Pontevedra"],"articleSection":["Arte y Cultura"],"inLanguage":"es","potentialAction":[{"@type":"CommentAction","name":"Comment","target":["https:\/\/www.escapadarural.com\/blog\/monte-de-santa-tecla-la-cumbre-vigia-de-a-guarda\/#respond"]}]},{"@type":"WebPage","@id":"https:\/\/www.escapadarural.com\/blog\/monte-de-santa-tecla-la-cumbre-vigia-de-a-guarda\/","url":"https:\/\/www.escapadarural.com\/blog\/monte-de-santa-tecla-la-cumbre-vigia-de-a-guarda\/","name":"Monte de Santa Tecla, la cumbre vig\u00eda de A Guarda - EscapadaRural","isPartOf":{"@id":"https:\/\/www.escapadarural.com\/blog\/#website"},"primaryImageOfPage":{"@id":"https:\/\/www.escapadarural.com\/blog\/monte-de-santa-tecla-la-cumbre-vigia-de-a-guarda\/#primaryimage"},"image":{"@id":"https:\/\/www.escapadarural.com\/blog\/monte-de-santa-tecla-la-cumbre-vigia-de-a-guarda\/#primaryimage"},"thumbnailUrl":"https:\/\/www.escapadarural.com\/blog\/wp-content\/uploads\/2024\/10\/monte-de-santa-tecla-a-guarda-castro-2-1024x768-3.jpg","datePublished":"2022-12-07T07:00:00+00:00","dateModified":"2025-07-22T10:45:03+00:00","breadcrumb":{"@id":"https:\/\/www.escapadarural.com\/blog\/monte-de-santa-tecla-la-cumbre-vigia-de-a-guarda\/#breadcrumb"},"inLanguage":"es","potentialAction":[{"@type":"ReadAction","target":["https:\/\/www.escapadarural.com\/blog\/monte-de-santa-tecla-la-cumbre-vigia-de-a-guarda\/"]}]},{"@type":"ImageObject","inLanguage":"es","@id":"https:\/\/www.escapadarural.com\/blog\/monte-de-santa-tecla-la-cumbre-vigia-de-a-guarda\/#primaryimage","url":"https:\/\/www.escapadarural.com\/blog\/wp-content\/uploads\/2024\/10\/monte-de-santa-tecla-a-guarda-castro-2-1024x768-3.jpg","contentUrl":"https:\/\/www.escapadarural.com\/blog\/wp-content\/uploads\/2024\/10\/monte-de-santa-tecla-a-guarda-castro-2-1024x768-3.jpg","width":1024,"height":768,"caption":"Monte de Santa Tecla, A Guarda"},{"@type":"BreadcrumbList","@id":"https:\/\/www.escapadarural.com\/blog\/monte-de-santa-tecla-la-cumbre-vigia-de-a-guarda\/#breadcrumb","itemListElement":[{"@type":"ListItem","position":1,"name":"Inicio","item":"https:\/\/www.escapadarural.com\/blog\/"},{"@type":"ListItem","position":2,"name":"Arte y Cultura","item":"https:\/\/www.escapadarural.com\/blog\/categoria\/arte-y-cultura\/"},{"@type":"ListItem","position":3,"name":"Monte de Santa Tecla, la cumbre vig\u00eda de A Guarda"}]},{"@type":"WebSite","@id":"https:\/\/www.escapadarural.com\/blog\/#website","url":"https:\/\/www.escapadarural.com\/blog\/","name":"Blog de viajes | turismo rural, alojamientos e inspiraci\u00f3n","description":"Alojamientos rurales e inspiraci\u00f3n para tus escapadas","publisher":{"@id":"https:\/\/www.escapadarural.com\/blog\/#organization"},"alternateName":"Magazine de viajes de EscapadaRural","potentialAction":[{"@type":"SearchAction","target":{"@type":"EntryPoint","urlTemplate":"https:\/\/www.escapadarural.com\/blog\/?s={search_term_string}"},"query-input":{"@type":"PropertyValueSpecification","valueRequired":true,"valueName":"search_term_string"}}],"inLanguage":"es"},{"@type":"Organization","@id":"https:\/\/www.escapadarural.com\/blog\/#organization","name":"EscapadaRural","url":"https:\/\/www.escapadarural.com\/blog\/","logo":{"@type":"ImageObject","inLanguage":"es","@id":"https:\/\/www.escapadarural.com\/blog\/#\/schema\/logo\/image\/","url":"https:\/\/www.escapadarural.com\/blog\/wp-content\/uploads\/2024\/10\/cropped-cropped-escapada-rural-icon-mag-3.png","contentUrl":"https:\/\/www.escapadarural.com\/blog\/wp-content\/uploads\/2024\/10\/cropped-cropped-escapada-rural-icon-mag-3.png","width":512,"height":512,"caption":"EscapadaRural"},"image":{"@id":"https:\/\/www.escapadarural.com\/blog\/#\/schema\/logo\/image\/"},"sameAs":["https:\/\/www.facebook.com\/escapadarural","https:\/\/www.instagram.com\/escapadarural\/","https:\/\/www.youtube.com\/@escapadaruralcom"]},{"@type":"Person","@id":"https:\/\/www.escapadarural.com\/blog\/#\/schema\/person\/2cac652e2d16373a24890ffaa220140f","name":"El\u00edsabet Garc\u00eda","image":{"@type":"ImageObject","inLanguage":"es","@id":"https:\/\/www.escapadarural.com\/blog\/wp-content\/uploads\/2025\/02\/elisabet_gran_escapada.webp","url":"https:\/\/www.escapadarural.com\/blog\/wp-content\/uploads\/2025\/02\/elisabet_gran_escapada.webp","contentUrl":"https:\/\/www.escapadarural.com\/blog\/wp-content\/uploads\/2025\/02\/elisabet_gran_escapada.webp","caption":"El\u00edsabet Garc\u00eda"},"description":"Hola a todos! Soy El\u00edsabet Garc\u00eda, Consultora Inform\u00e1tica y, desde hace 7 a\u00f1os, blogger de viajes. Me apasiona viajar, conocer lugares inh\u00f3spitos, experimentar aventuras, perderme por la naturaleza y saborear la gastronom\u00eda local de cada lugar. Coeditora del blog lagranescapada.com junto a Mar Gonz\u00e1lez, un lugar que creamos para compartir cada nueva escapada que hacemos por el mundo.","sameAs":["https:\/\/lagranescapada.com\/"],"url":"https:\/\/www.escapadarural.com\/blog\/autor\/lagranescapada\/"}]}},"_links":{"self":[{"href":"https:\/\/www.escapadarural.com\/blog\/wp-json\/wp\/v2\/posts\/11912","targetHints":{"allow":["GET"]}}],"collection":[{"href":"https:\/\/www.escapadarural.com\/blog\/wp-json\/wp\/v2\/posts"}],"about":[{"href":"https:\/\/www.escapadarural.com\/blog\/wp-json\/wp\/v2\/types\/post"}],"author":[{"embeddable":true,"href":"https:\/\/www.escapadarural.com\/blog\/wp-json\/wp\/v2\/users\/109"}],"replies":[{"embeddable":true,"href":"https:\/\/www.escapadarural.com\/blog\/wp-json\/wp\/v2\/comments?post=11912"}],"version-history":[{"count":0,"href":"https:\/\/www.escapadarural.com\/blog\/wp-json\/wp\/v2\/posts\/11912\/revisions"}],"wp:featuredmedia":[{"embeddable":true,"href":"https:\/\/www.escapadarural.com\/blog\/wp-json\/wp\/v2\/media\/99010"}],"wp:attachment":[{"href":"https:\/\/www.escapadarural.com\/blog\/wp-json\/wp\/v2\/media?parent=11912"}],"wp:term":[{"taxonomy":"category","embeddable":true,"href":"https:\/\/www.escapadarural.com\/blog\/wp-json\/wp\/v2\/categories?post=11912"},{"taxonomy":"post_tag","embeddable":true,"href":"https:\/\/www.escapadarural.com\/blog\/wp-json\/wp\/v2\/tags?post=11912"}],"curies":[{"name":"wp","href":"https:\/\/api.w.org\/{rel}","templated":true}]}}