{"id":1203,"date":"2013-07-01T09:37:53","date_gmt":"2013-07-01T09:37:53","guid":{"rendered":"http:\/\/15.188.81.248\/2013\/07\/01\/el-teleferico-de-fuente-de\/"},"modified":"2025-03-12T16:25:07","modified_gmt":"2025-03-12T14:25:07","slug":"el-teleferico-de-fuente-de","status":"publish","type":"post","link":"https:\/\/www.escapadarural.com\/blog\/el-teleferico-de-fuente-de\/","title":{"rendered":"El telef\u00e9rico de Fuente D\u00e9, camino al cielo de Cantabria"},"content":{"rendered":"\n<p>\u00bfC\u00f3mo disfrutar de las mejores vistas del <strong><a href=\"https:\/\/www.escapadarural.com\/casas-rurales?q=%22Parque%20Nacional%20de%20Picos%20de%20Europa%22\">Parque Nacional de Picos de Europa<\/a><\/strong>? Con el telef\u00e9rico de Fuente D\u00e9. \u00bfC\u00f3mo alcanzar los 1.823 metros de altitud en s\u00f3lo 4 minutos? Con el telef\u00e9rico de Fuente D\u00e9. \u00bfD\u00f3nde no deber\u00edas llevar a un amigo con v\u00e9rtigo? Al telef\u00e9rico de Fuente D\u00e9. \u00bfQu\u00e9 es el telef\u00e9rico de Fuente D\u00e9?<\/p>\n\n\n\n<p>Es la respuesta a estas preguntas y a algunas otras: es uno de las plataformas m\u00e1s recomendadas para gozar del <strong>paisaje<\/strong> de Picos de Europa. Se encuentra en el t\u00e9rmino de <a title=\"Casas rurales en Camale\u00f1o\" href=\"https:\/\/www.escapadarural.com\/casas-rurales\/camaleno\">Camale\u00f1o<\/a>, en la preciosa comarca de Li\u00e9bana y se asienta sobre el circo glaciar de Fuente D\u00e9, donde nace el r\u00edo Deva y donde se extienden los hayedos. Desde arriba, en el mirador de la estaci\u00f3n, crecen las crestas, los horizontes y todo cobra una dimensi\u00f3n diferente.<\/p>\n\n\n\n<figure class=\"wp-block-image size-large\"><img loading=\"lazy\" decoding=\"async\" width=\"1024\" height=\"682\" src=\"https:\/\/www.escapadarural.com\/blog\/wp-content\/uploads\/2017\/03\/fuente-de-1024x682.jpg\" alt=\"Telef\u00e9rico de Fuente D\u00e9, Cantabria.\" class=\"wp-image-112921\" srcset=\"https:\/\/www.escapadarural.com\/blog\/wp-content\/uploads\/2017\/03\/fuente-de-200x133.jpg 200w, https:\/\/www.escapadarural.com\/blog\/wp-content\/uploads\/2017\/03\/fuente-de-300x200.jpg 300w, https:\/\/www.escapadarural.com\/blog\/wp-content\/uploads\/2017\/03\/fuente-de-400x267.jpg 400w, https:\/\/www.escapadarural.com\/blog\/wp-content\/uploads\/2017\/03\/fuente-de-600x400.jpg 600w, https:\/\/www.escapadarural.com\/blog\/wp-content\/uploads\/2017\/03\/fuente-de-768x512.jpg 768w, https:\/\/www.escapadarural.com\/blog\/wp-content\/uploads\/2017\/03\/fuente-de-800x533.jpg 800w, https:\/\/www.escapadarural.com\/blog\/wp-content\/uploads\/2017\/03\/fuente-de-1024x682.jpg 1024w, https:\/\/www.escapadarural.com\/blog\/wp-content\/uploads\/2017\/03\/fuente-de-1200x800.jpg 1200w, https:\/\/www.escapadarural.com\/blog\/wp-content\/uploads\/2017\/03\/fuente-de-1536x1024.jpg 1536w\" sizes=\"auto, (max-width: 1024px) 100vw, 1024px\" \/><figcaption class=\"wp-element-caption\">Telef\u00e9rico de Fuente D\u00e9, Cantabria.<\/figcaption><\/figure>\n\n\n\n<h3 class=\"wp-block-heading\" id=\"h-datos-practicos\">Datos pr\u00e1cticos<\/h3>\n\n\n\n<ul class=\"wp-block-list\">\n<li>Adulto (ida y vuelta): 15,50 \u20ac<\/li>\n\n\n\n<li>Gratuito hasta 5 a\u00f1os de edad<\/li>\n\n\n\n<li>Horario de 9:00 h a 20:00 h<\/li>\n\n\n\n<li>Tel\u00e9fono: 942 736 610<\/li>\n\n\n\n<li>No se permite transportar animales<\/li>\n<\/ul>\n\n\n\n<p>El t\u00e9rmino de <strong>Camale\u00f1o<\/strong>, incluido en el Parque Nacional de Picos de Europa, se rodea de una cadena monta\u00f1osa cuyos picos suelen superar los 2.000 metros de altitud. Entre los valles y las laderas de las cordillera c\u00e1ntabra se diseminan treinta n\u00facleos de poblaci\u00f3n tradicionales como Mogrovejo, Arg\u00fc\u00e9banes, <a title=\"casas rurales en Cosgaya\" href=\"https:\/\/www.escapadarural.com\/casas-rurales\/cosgaya\">Cosgaya<\/a> o el propio de Fuente D\u00e9.<\/p>\n\n\n\n<h2 class=\"wp-block-heading\" id=\"h-el-teleferico-de-fuente-de-de-camino-al-cielo\">El telef\u00e9rico de Fuente D\u00e9, de camino al cielo<\/h2>\n\n\n\n<figure class=\"wp-block-image size-large\"><img loading=\"lazy\" decoding=\"async\" width=\"1024\" height=\"716\" src=\"https:\/\/www.escapadarural.com\/blog\/wp-content\/uploads\/2024\/02\/cable-car-up-mountain-benalmadena-costa-del-sol-spain-on-monte-calamorro-tourist-attraction-stockpack-adobe-stock-scaled-1-1024x716.jpg\" alt=\"Telef\u00e9rico en Monte Calamorro, Fuente D\u00e9, Cantabria. Por acceleratorhams\" class=\"wp-image-70789\" srcset=\"https:\/\/www.escapadarural.com\/blog\/wp-content\/uploads\/2024\/02\/cable-car-up-mountain-benalmadena-costa-del-sol-spain-on-monte-calamorro-tourist-attraction-stockpack-adobe-stock-scaled-1-200x140.jpg 200w, https:\/\/www.escapadarural.com\/blog\/wp-content\/uploads\/2024\/02\/cable-car-up-mountain-benalmadena-costa-del-sol-spain-on-monte-calamorro-tourist-attraction-stockpack-adobe-stock-scaled-1-300x210.jpg 300w, https:\/\/www.escapadarural.com\/blog\/wp-content\/uploads\/2024\/02\/cable-car-up-mountain-benalmadena-costa-del-sol-spain-on-monte-calamorro-tourist-attraction-stockpack-adobe-stock-scaled-1-400x280.jpg 400w, https:\/\/www.escapadarural.com\/blog\/wp-content\/uploads\/2024\/02\/cable-car-up-mountain-benalmadena-costa-del-sol-spain-on-monte-calamorro-tourist-attraction-stockpack-adobe-stock-scaled-1-600x420.jpg 600w, https:\/\/www.escapadarural.com\/blog\/wp-content\/uploads\/2024\/02\/cable-car-up-mountain-benalmadena-costa-del-sol-spain-on-monte-calamorro-tourist-attraction-stockpack-adobe-stock-scaled-1-768x537.jpg 768w, https:\/\/www.escapadarural.com\/blog\/wp-content\/uploads\/2024\/02\/cable-car-up-mountain-benalmadena-costa-del-sol-spain-on-monte-calamorro-tourist-attraction-stockpack-adobe-stock-scaled-1-800x559.jpg 800w, https:\/\/www.escapadarural.com\/blog\/wp-content\/uploads\/2024\/02\/cable-car-up-mountain-benalmadena-costa-del-sol-spain-on-monte-calamorro-tourist-attraction-stockpack-adobe-stock-scaled-1-1024x716.jpg 1024w, https:\/\/www.escapadarural.com\/blog\/wp-content\/uploads\/2024\/02\/cable-car-up-mountain-benalmadena-costa-del-sol-spain-on-monte-calamorro-tourist-attraction-stockpack-adobe-stock-scaled-1-1200x839.jpg 1200w, https:\/\/www.escapadarural.com\/blog\/wp-content\/uploads\/2024\/02\/cable-car-up-mountain-benalmadena-costa-del-sol-spain-on-monte-calamorro-tourist-attraction-stockpack-adobe-stock-scaled-1-1536x1074.jpg 1536w\" sizes=\"auto, (max-width: 1024px) 100vw, 1024px\" \/><figcaption class=\"wp-element-caption\">Telef\u00e9rico en Monte Calamorro, Fuente D\u00e9, Cantabria. Por acceleratorhams<\/figcaption><\/figure>\n\n\n\n<p>El <strong>telef\u00e9rico<\/strong> de Fuente D\u00e9 une la localidad hom\u00f3nima con el mirador de El Cable, donde se encuentra la estaci\u00f3n superior. Salva una altitud de 753 metros y sit\u00faa a los viajeros cerca de los 2.000. Desde aqu\u00ed, las vistas son impresionantes. En 4 minutos, a una velocidad de 10 metros por segundo, se recorre un valle de v\u00e9rtigo que fue en un principio un espacio de hielo.<\/p>\n\n\n\n<p>Se recomienda aparecer temprano, sobre las 9.00 de la ma\u00f1ana, para evitar las colas y las posibles nieblas que se meten hacia la tarde. Dentro del horario, hasta las 20.00 h de la tarde, se pueden encontrar servicios como el de cafeter\u00eda, tanto en la estaci\u00f3n superior como en la inferior.<\/p>\n\n\n\n<p>El telef\u00e9rico tiene capacidad para 20 personas y permite continuar (tambi\u00e9n desde abajo) con diferentes <a href=\"https:\/\/es.wikipedia.org\/wiki\/Fuente_D%C3%A9\" target=\"_blank\">rutas<\/a> por el Parque Nacional. Itinerarios hasta Pe\u00f1a Vieja, al Pico Tesorero, un circuito alrededor de la Pe\u00f1a Remo\u00f1a o seguir, entre otros, el <strong>Sendero de Peque\u00f1o Recorrido PR-S 7<\/strong> hasta Santo Toribio de Li\u00e9bana.<\/p>\n\n\n\n<div class=\"wp-block-buttons is-layout-flex wp-block-buttons-is-layout-flex\">\n<div class=\"wp-block-button\"><a class=\"wp-block-button__link wp-element-button\" href=\"https:\/\/www.escapadarural.com\/blog\/tag\/picos-de-europa\/\">Qu\u00e9 ver en los Picos de Europa<\/a><\/div>\n<\/div>\n","protected":false},"excerpt":{"rendered":"<p>En pleno coraz\u00f3n del Parque Nacional de los Picos de Europa, en Cantabria, el telef\u00e9rico de Fuente D\u00e9 lleva hasta las cumbres (1.823 metros) a los viajeros de turismo rural&#8230;<\/p>\n","protected":false},"author":136,"featured_media":28377,"comment_status":"open","ping_status":"closed","sticky":false,"template":"","format":"standard","meta":{"_acf_changed":false,"om_disable_all_campaigns":false,"footnotes":""},"categories":[191],"tags":[260,224,1023,617,672,1001,1024],"class_list":["post-1203","post","type-post","status-publish","format-standard","has-post-thumbnail","hentry","category-destinos","tag-articulo","tag-que-ver-en-cantabria","tag-fuente-de","tag-parque-nacional","tag-potes","tag-picos-de-europa","tag-teleferico"],"acf":[],"featured_image_src":"https:\/\/www.escapadarural.com\/blog\/wp-content\/uploads\/2020\/09\/fuente-de-clable-railway-picos-de-europa-cantabria-spain-stockpack-adobe-stock-scaled-1.jpg","author_info":{"display_name":"Escapada Rural","author_link":"https:\/\/www.escapadarural.com\/blog\/autor\/user\/"},"yoast_head":"<!-- This site is optimized with the Yoast SEO plugin v27.5 - https:\/\/yoast.com\/product\/yoast-seo-wordpress\/ -->\n<title>El telef\u00e9rico de Fuente D\u00e9, camino al cielo de Cantabria - EscapadaRural<\/title>\n<meta name=\"robots\" content=\"index, follow, max-snippet:-1, max-image-preview:large, max-video-preview:-1\" \/>\n<link rel=\"canonical\" href=\"https:\/\/www.escapadarural.com\/blog\/el-teleferico-de-fuente-de\/\" \/>\n<meta property=\"og:locale\" content=\"es_ES\" \/>\n<meta property=\"og:type\" content=\"article\" \/>\n<meta property=\"og:title\" content=\"El telef\u00e9rico de Fuente D\u00e9, camino al cielo de Cantabria - EscapadaRural\" \/>\n<meta property=\"og:description\" content=\"En pleno coraz\u00f3n del Parque Nacional de los Picos de Europa, en Cantabria, el telef\u00e9rico de Fuente D\u00e9 lleva hasta las cumbres (1.823 metros) a los viajeros de turismo rural...\" \/>\n<meta property=\"og:url\" content=\"https:\/\/www.escapadarural.com\/blog\/el-teleferico-de-fuente-de\/\" \/>\n<meta property=\"og:site_name\" content=\"Magazine de viajes de EscapadaRural\" \/>\n<meta property=\"article:publisher\" content=\"https:\/\/www.facebook.com\/escapadarural\" \/>\n<meta property=\"article:author\" content=\"https:\/\/www.facebook.com\/escapadarural\" \/>\n<meta property=\"article:published_time\" content=\"2013-07-01T09:37:53+00:00\" \/>\n<meta property=\"article:modified_time\" content=\"2025-03-12T14:25:07+00:00\" \/>\n<meta property=\"og:image\" content=\"https:\/\/www.escapadarural.com\/blog\/wp-content\/uploads\/2020\/09\/fuente-de-clable-railway-picos-de-europa-cantabria-spain-stockpack-adobe-stock-scaled-1.jpg\" \/>\n\t<meta property=\"og:image:width\" content=\"1707\" \/>\n\t<meta property=\"og:image:height\" content=\"2560\" \/>\n\t<meta property=\"og:image:type\" content=\"image\/jpeg\" \/>\n<meta name=\"author\" content=\"Escapada Rural\" \/>\n<meta name=\"twitter:card\" content=\"summary_large_image\" \/>\n<meta name=\"twitter:creator\" content=\"@https:\/\/x.com\/i\/flow\/login?redirect_after_login=escapadarural\" \/>\n<meta name=\"twitter:label1\" content=\"Escrito por\" \/>\n\t<meta name=\"twitter:data1\" content=\"Escapada Rural\" \/>\n\t<meta name=\"twitter:label2\" content=\"Tiempo de lectura\" \/>\n\t<meta name=\"twitter:data2\" content=\"3 minutos\" \/>\n<script type=\"application\/ld+json\" class=\"yoast-schema-graph\">{\"@context\":\"https:\\\/\\\/schema.org\",\"@graph\":[{\"@type\":\"Article\",\"@id\":\"https:\\\/\\\/www.escapadarural.com\\\/blog\\\/el-teleferico-de-fuente-de\\\/#article\",\"isPartOf\":{\"@id\":\"https:\\\/\\\/www.escapadarural.com\\\/blog\\\/el-teleferico-de-fuente-de\\\/\"},\"author\":{\"name\":\"Escapada Rural\",\"@id\":\"https:\\\/\\\/www.escapadarural.com\\\/blog\\\/#\\\/schema\\\/person\\\/d9ee55ff3e0cef41d6eac8922b4f972c\"},\"headline\":\"El telef\u00e9rico de Fuente D\u00e9, camino al cielo de Cantabria\",\"datePublished\":\"2013-07-01T09:37:53+00:00\",\"dateModified\":\"2025-03-12T14:25:07+00:00\",\"mainEntityOfPage\":{\"@id\":\"https:\\\/\\\/www.escapadarural.com\\\/blog\\\/el-teleferico-de-fuente-de\\\/\"},\"wordCount\":456,\"commentCount\":1,\"publisher\":{\"@id\":\"https:\\\/\\\/www.escapadarural.com\\\/blog\\\/#organization\"},\"image\":{\"@id\":\"https:\\\/\\\/www.escapadarural.com\\\/blog\\\/el-teleferico-de-fuente-de\\\/#primaryimage\"},\"thumbnailUrl\":\"https:\\\/\\\/www.escapadarural.com\\\/blog\\\/wp-content\\\/uploads\\\/2020\\\/09\\\/fuente-de-clable-railway-picos-de-europa-cantabria-spain-stockpack-adobe-stock-scaled-1.jpg\",\"keywords\":[\"art\u00edculo\",\"Cantabria\",\"Fuente D\u00e9\",\"Parque Nacional\",\"Potes\",\"Qu\u00e9 ver en los Picos de Europa\",\"Telef\u00e9rico\"],\"articleSection\":[\"Destinos\"],\"inLanguage\":\"es\",\"potentialAction\":[{\"@type\":\"CommentAction\",\"name\":\"Comment\",\"target\":[\"https:\\\/\\\/www.escapadarural.com\\\/blog\\\/el-teleferico-de-fuente-de\\\/#respond\"]}]},{\"@type\":\"WebPage\",\"@id\":\"https:\\\/\\\/www.escapadarural.com\\\/blog\\\/el-teleferico-de-fuente-de\\\/\",\"url\":\"https:\\\/\\\/www.escapadarural.com\\\/blog\\\/el-teleferico-de-fuente-de\\\/\",\"name\":\"El telef\u00e9rico de Fuente D\u00e9, camino al cielo de Cantabria - EscapadaRural\",\"isPartOf\":{\"@id\":\"https:\\\/\\\/www.escapadarural.com\\\/blog\\\/#website\"},\"primaryImageOfPage\":{\"@id\":\"https:\\\/\\\/www.escapadarural.com\\\/blog\\\/el-teleferico-de-fuente-de\\\/#primaryimage\"},\"image\":{\"@id\":\"https:\\\/\\\/www.escapadarural.com\\\/blog\\\/el-teleferico-de-fuente-de\\\/#primaryimage\"},\"thumbnailUrl\":\"https:\\\/\\\/www.escapadarural.com\\\/blog\\\/wp-content\\\/uploads\\\/2020\\\/09\\\/fuente-de-clable-railway-picos-de-europa-cantabria-spain-stockpack-adobe-stock-scaled-1.jpg\",\"datePublished\":\"2013-07-01T09:37:53+00:00\",\"dateModified\":\"2025-03-12T14:25:07+00:00\",\"breadcrumb\":{\"@id\":\"https:\\\/\\\/www.escapadarural.com\\\/blog\\\/el-teleferico-de-fuente-de\\\/#breadcrumb\"},\"inLanguage\":\"es\",\"potentialAction\":[{\"@type\":\"ReadAction\",\"target\":[\"https:\\\/\\\/www.escapadarural.com\\\/blog\\\/el-teleferico-de-fuente-de\\\/\"]}]},{\"@type\":\"ImageObject\",\"inLanguage\":\"es\",\"@id\":\"https:\\\/\\\/www.escapadarural.com\\\/blog\\\/el-teleferico-de-fuente-de\\\/#primaryimage\",\"url\":\"https:\\\/\\\/www.escapadarural.com\\\/blog\\\/wp-content\\\/uploads\\\/2020\\\/09\\\/fuente-de-clable-railway-picos-de-europa-cantabria-spain-stockpack-adobe-stock-scaled-1.jpg\",\"contentUrl\":\"https:\\\/\\\/www.escapadarural.com\\\/blog\\\/wp-content\\\/uploads\\\/2020\\\/09\\\/fuente-de-clable-railway-picos-de-europa-cantabria-spain-stockpack-adobe-stock-scaled-1.jpg\",\"width\":1707,\"height\":2560,\"caption\":\"Telef\u00e9rico en Monte Calamorro, Fuente D\u00e9, Cantabria. Por Jose Ignacio Soto\"},{\"@type\":\"BreadcrumbList\",\"@id\":\"https:\\\/\\\/www.escapadarural.com\\\/blog\\\/el-teleferico-de-fuente-de\\\/#breadcrumb\",\"itemListElement\":[{\"@type\":\"ListItem\",\"position\":1,\"name\":\"Inicio\",\"item\":\"https:\\\/\\\/www.escapadarural.com\\\/blog\\\/\"},{\"@type\":\"ListItem\",\"position\":2,\"name\":\"Destinos\",\"item\":\"https:\\\/\\\/www.escapadarural.com\\\/blog\\\/categoria\\\/destinos\\\/\"},{\"@type\":\"ListItem\",\"position\":3,\"name\":\"El telef\u00e9rico de Fuente D\u00e9, camino al cielo de Cantabria\"}]},{\"@type\":\"WebSite\",\"@id\":\"https:\\\/\\\/www.escapadarural.com\\\/blog\\\/#website\",\"url\":\"https:\\\/\\\/www.escapadarural.com\\\/blog\\\/\",\"name\":\"Blog de viajes | turismo rural, alojamientos e inspiraci\u00f3n\",\"description\":\"Alojamientos rurales e inspiraci\u00f3n para tus escapadas\",\"publisher\":{\"@id\":\"https:\\\/\\\/www.escapadarural.com\\\/blog\\\/#organization\"},\"alternateName\":\"Magazine de viajes de EscapadaRural\",\"potentialAction\":[{\"@type\":\"SearchAction\",\"target\":{\"@type\":\"EntryPoint\",\"urlTemplate\":\"https:\\\/\\\/www.escapadarural.com\\\/blog\\\/?s={search_term_string}\"},\"query-input\":{\"@type\":\"PropertyValueSpecification\",\"valueRequired\":true,\"valueName\":\"search_term_string\"}}],\"inLanguage\":\"es\"},{\"@type\":\"Organization\",\"@id\":\"https:\\\/\\\/www.escapadarural.com\\\/blog\\\/#organization\",\"name\":\"EscapadaRural\",\"url\":\"https:\\\/\\\/www.escapadarural.com\\\/blog\\\/\",\"logo\":{\"@type\":\"ImageObject\",\"inLanguage\":\"es\",\"@id\":\"https:\\\/\\\/www.escapadarural.com\\\/blog\\\/#\\\/schema\\\/logo\\\/image\\\/\",\"url\":\"https:\\\/\\\/www.escapadarural.com\\\/blog\\\/wp-content\\\/uploads\\\/2024\\\/10\\\/cropped-cropped-escapada-rural-icon-mag-3.png\",\"contentUrl\":\"https:\\\/\\\/www.escapadarural.com\\\/blog\\\/wp-content\\\/uploads\\\/2024\\\/10\\\/cropped-cropped-escapada-rural-icon-mag-3.png\",\"width\":512,\"height\":512,\"caption\":\"EscapadaRural\"},\"image\":{\"@id\":\"https:\\\/\\\/www.escapadarural.com\\\/blog\\\/#\\\/schema\\\/logo\\\/image\\\/\"},\"sameAs\":[\"https:\\\/\\\/www.facebook.com\\\/escapadarural\",\"https:\\\/\\\/www.instagram.com\\\/escapadarural\\\/\",\"https:\\\/\\\/www.youtube.com\\\/@escapadaruralcom\"]},{\"@type\":\"Person\",\"@id\":\"https:\\\/\\\/www.escapadarural.com\\\/blog\\\/#\\\/schema\\\/person\\\/d9ee55ff3e0cef41d6eac8922b4f972c\",\"name\":\"Escapada Rural\",\"image\":{\"@type\":\"ImageObject\",\"inLanguage\":\"es\",\"@id\":\"https:\\\/\\\/www.escapadarural.com\\\/blog\\\/wp-content\\\/uploads\\\/2024\\\/10\\\/cropped-cropped-escapada-rural-icon-mag-3-96x96.png\",\"url\":\"https:\\\/\\\/www.escapadarural.com\\\/blog\\\/wp-content\\\/uploads\\\/2024\\\/10\\\/cropped-cropped-escapada-rural-icon-mag-3-96x96.png\",\"contentUrl\":\"https:\\\/\\\/www.escapadarural.com\\\/blog\\\/wp-content\\\/uploads\\\/2024\\\/10\\\/cropped-cropped-escapada-rural-icon-mag-3-96x96.png\",\"caption\":\"Escapada Rural\"},\"sameAs\":[\"https:\\\/\\\/www.facebook.com\\\/escapadarural\",\"https:\\\/\\\/www.linkedin.com\\\/company\\\/escapada-rural\\\/?originalSubdomain=es\",\"https:\\\/\\\/x.com\\\/https:\\\/\\\/x.com\\\/i\\\/flow\\\/login?redirect_after_login=escapadarural\"],\"url\":\"https:\\\/\\\/www.escapadarural.com\\\/blog\\\/autor\\\/user\\\/\"}]}<\/script>\n<!-- \/ Yoast SEO plugin. -->","yoast_head_json":{"title":"El telef\u00e9rico de Fuente D\u00e9, camino al cielo de Cantabria - EscapadaRural","robots":{"index":"index","follow":"follow","max-snippet":"max-snippet:-1","max-image-preview":"max-image-preview:large","max-video-preview":"max-video-preview:-1"},"canonical":"https:\/\/www.escapadarural.com\/blog\/el-teleferico-de-fuente-de\/","og_locale":"es_ES","og_type":"article","og_title":"El telef\u00e9rico de Fuente D\u00e9, camino al cielo de Cantabria - EscapadaRural","og_description":"En pleno coraz\u00f3n del Parque Nacional de los Picos de Europa, en Cantabria, el telef\u00e9rico de Fuente D\u00e9 lleva hasta las cumbres (1.823 metros) a los viajeros de turismo rural...","og_url":"https:\/\/www.escapadarural.com\/blog\/el-teleferico-de-fuente-de\/","og_site_name":"Magazine de viajes de EscapadaRural","article_publisher":"https:\/\/www.facebook.com\/escapadarural","article_author":"https:\/\/www.facebook.com\/escapadarural","article_published_time":"2013-07-01T09:37:53+00:00","article_modified_time":"2025-03-12T14:25:07+00:00","og_image":[{"width":1707,"height":2560,"url":"https:\/\/www.escapadarural.com\/blog\/wp-content\/uploads\/2020\/09\/fuente-de-clable-railway-picos-de-europa-cantabria-spain-stockpack-adobe-stock-scaled-1.jpg","type":"image\/jpeg"}],"author":"Escapada Rural","twitter_card":"summary_large_image","twitter_creator":"@https:\/\/x.com\/i\/flow\/login?redirect_after_login=escapadarural","twitter_misc":{"Escrito por":"Escapada Rural","Tiempo de lectura":"3 minutos"},"schema":{"@context":"https:\/\/schema.org","@graph":[{"@type":"Article","@id":"https:\/\/www.escapadarural.com\/blog\/el-teleferico-de-fuente-de\/#article","isPartOf":{"@id":"https:\/\/www.escapadarural.com\/blog\/el-teleferico-de-fuente-de\/"},"author":{"name":"Escapada Rural","@id":"https:\/\/www.escapadarural.com\/blog\/#\/schema\/person\/d9ee55ff3e0cef41d6eac8922b4f972c"},"headline":"El telef\u00e9rico de Fuente D\u00e9, camino al cielo de Cantabria","datePublished":"2013-07-01T09:37:53+00:00","dateModified":"2025-03-12T14:25:07+00:00","mainEntityOfPage":{"@id":"https:\/\/www.escapadarural.com\/blog\/el-teleferico-de-fuente-de\/"},"wordCount":456,"commentCount":1,"publisher":{"@id":"https:\/\/www.escapadarural.com\/blog\/#organization"},"image":{"@id":"https:\/\/www.escapadarural.com\/blog\/el-teleferico-de-fuente-de\/#primaryimage"},"thumbnailUrl":"https:\/\/www.escapadarural.com\/blog\/wp-content\/uploads\/2020\/09\/fuente-de-clable-railway-picos-de-europa-cantabria-spain-stockpack-adobe-stock-scaled-1.jpg","keywords":["art\u00edculo","Cantabria","Fuente D\u00e9","Parque Nacional","Potes","Qu\u00e9 ver en los Picos de Europa","Telef\u00e9rico"],"articleSection":["Destinos"],"inLanguage":"es","potentialAction":[{"@type":"CommentAction","name":"Comment","target":["https:\/\/www.escapadarural.com\/blog\/el-teleferico-de-fuente-de\/#respond"]}]},{"@type":"WebPage","@id":"https:\/\/www.escapadarural.com\/blog\/el-teleferico-de-fuente-de\/","url":"https:\/\/www.escapadarural.com\/blog\/el-teleferico-de-fuente-de\/","name":"El telef\u00e9rico de Fuente D\u00e9, camino al cielo de Cantabria - EscapadaRural","isPartOf":{"@id":"https:\/\/www.escapadarural.com\/blog\/#website"},"primaryImageOfPage":{"@id":"https:\/\/www.escapadarural.com\/blog\/el-teleferico-de-fuente-de\/#primaryimage"},"image":{"@id":"https:\/\/www.escapadarural.com\/blog\/el-teleferico-de-fuente-de\/#primaryimage"},"thumbnailUrl":"https:\/\/www.escapadarural.com\/blog\/wp-content\/uploads\/2020\/09\/fuente-de-clable-railway-picos-de-europa-cantabria-spain-stockpack-adobe-stock-scaled-1.jpg","datePublished":"2013-07-01T09:37:53+00:00","dateModified":"2025-03-12T14:25:07+00:00","breadcrumb":{"@id":"https:\/\/www.escapadarural.com\/blog\/el-teleferico-de-fuente-de\/#breadcrumb"},"inLanguage":"es","potentialAction":[{"@type":"ReadAction","target":["https:\/\/www.escapadarural.com\/blog\/el-teleferico-de-fuente-de\/"]}]},{"@type":"ImageObject","inLanguage":"es","@id":"https:\/\/www.escapadarural.com\/blog\/el-teleferico-de-fuente-de\/#primaryimage","url":"https:\/\/www.escapadarural.com\/blog\/wp-content\/uploads\/2020\/09\/fuente-de-clable-railway-picos-de-europa-cantabria-spain-stockpack-adobe-stock-scaled-1.jpg","contentUrl":"https:\/\/www.escapadarural.com\/blog\/wp-content\/uploads\/2020\/09\/fuente-de-clable-railway-picos-de-europa-cantabria-spain-stockpack-adobe-stock-scaled-1.jpg","width":1707,"height":2560,"caption":"Telef\u00e9rico en Monte Calamorro, Fuente D\u00e9, Cantabria. Por Jose Ignacio Soto"},{"@type":"BreadcrumbList","@id":"https:\/\/www.escapadarural.com\/blog\/el-teleferico-de-fuente-de\/#breadcrumb","itemListElement":[{"@type":"ListItem","position":1,"name":"Inicio","item":"https:\/\/www.escapadarural.com\/blog\/"},{"@type":"ListItem","position":2,"name":"Destinos","item":"https:\/\/www.escapadarural.com\/blog\/categoria\/destinos\/"},{"@type":"ListItem","position":3,"name":"El telef\u00e9rico de Fuente D\u00e9, camino al cielo de Cantabria"}]},{"@type":"WebSite","@id":"https:\/\/www.escapadarural.com\/blog\/#website","url":"https:\/\/www.escapadarural.com\/blog\/","name":"Blog de viajes | turismo rural, alojamientos e inspiraci\u00f3n","description":"Alojamientos rurales e inspiraci\u00f3n para tus escapadas","publisher":{"@id":"https:\/\/www.escapadarural.com\/blog\/#organization"},"alternateName":"Magazine de viajes de EscapadaRural","potentialAction":[{"@type":"SearchAction","target":{"@type":"EntryPoint","urlTemplate":"https:\/\/www.escapadarural.com\/blog\/?s={search_term_string}"},"query-input":{"@type":"PropertyValueSpecification","valueRequired":true,"valueName":"search_term_string"}}],"inLanguage":"es"},{"@type":"Organization","@id":"https:\/\/www.escapadarural.com\/blog\/#organization","name":"EscapadaRural","url":"https:\/\/www.escapadarural.com\/blog\/","logo":{"@type":"ImageObject","inLanguage":"es","@id":"https:\/\/www.escapadarural.com\/blog\/#\/schema\/logo\/image\/","url":"https:\/\/www.escapadarural.com\/blog\/wp-content\/uploads\/2024\/10\/cropped-cropped-escapada-rural-icon-mag-3.png","contentUrl":"https:\/\/www.escapadarural.com\/blog\/wp-content\/uploads\/2024\/10\/cropped-cropped-escapada-rural-icon-mag-3.png","width":512,"height":512,"caption":"EscapadaRural"},"image":{"@id":"https:\/\/www.escapadarural.com\/blog\/#\/schema\/logo\/image\/"},"sameAs":["https:\/\/www.facebook.com\/escapadarural","https:\/\/www.instagram.com\/escapadarural\/","https:\/\/www.youtube.com\/@escapadaruralcom"]},{"@type":"Person","@id":"https:\/\/www.escapadarural.com\/blog\/#\/schema\/person\/d9ee55ff3e0cef41d6eac8922b4f972c","name":"Escapada Rural","image":{"@type":"ImageObject","inLanguage":"es","@id":"https:\/\/www.escapadarural.com\/blog\/wp-content\/uploads\/2024\/10\/cropped-cropped-escapada-rural-icon-mag-3-96x96.png","url":"https:\/\/www.escapadarural.com\/blog\/wp-content\/uploads\/2024\/10\/cropped-cropped-escapada-rural-icon-mag-3-96x96.png","contentUrl":"https:\/\/www.escapadarural.com\/blog\/wp-content\/uploads\/2024\/10\/cropped-cropped-escapada-rural-icon-mag-3-96x96.png","caption":"Escapada Rural"},"sameAs":["https:\/\/www.facebook.com\/escapadarural","https:\/\/www.linkedin.com\/company\/escapada-rural\/?originalSubdomain=es","https:\/\/x.com\/https:\/\/x.com\/i\/flow\/login?redirect_after_login=escapadarural"],"url":"https:\/\/www.escapadarural.com\/blog\/autor\/user\/"}]}},"_links":{"self":[{"href":"https:\/\/www.escapadarural.com\/blog\/wp-json\/wp\/v2\/posts\/1203","targetHints":{"allow":["GET"]}}],"collection":[{"href":"https:\/\/www.escapadarural.com\/blog\/wp-json\/wp\/v2\/posts"}],"about":[{"href":"https:\/\/www.escapadarural.com\/blog\/wp-json\/wp\/v2\/types\/post"}],"author":[{"embeddable":true,"href":"https:\/\/www.escapadarural.com\/blog\/wp-json\/wp\/v2\/users\/136"}],"replies":[{"embeddable":true,"href":"https:\/\/www.escapadarural.com\/blog\/wp-json\/wp\/v2\/comments?post=1203"}],"version-history":[{"count":0,"href":"https:\/\/www.escapadarural.com\/blog\/wp-json\/wp\/v2\/posts\/1203\/revisions"}],"wp:featuredmedia":[{"embeddable":true,"href":"https:\/\/www.escapadarural.com\/blog\/wp-json\/wp\/v2\/media\/28377"}],"wp:attachment":[{"href":"https:\/\/www.escapadarural.com\/blog\/wp-json\/wp\/v2\/media?parent=1203"}],"wp:term":[{"taxonomy":"category","embeddable":true,"href":"https:\/\/www.escapadarural.com\/blog\/wp-json\/wp\/v2\/categories?post=1203"},{"taxonomy":"post_tag","embeddable":true,"href":"https:\/\/www.escapadarural.com\/blog\/wp-json\/wp\/v2\/tags?post=1203"}],"curies":[{"name":"wp","href":"https:\/\/api.w.org\/{rel}","templated":true}]}}