{"id":12044,"date":"2019-10-23T09:54:56","date_gmt":"2019-10-23T09:54:56","guid":{"rendered":"http:\/\/15.188.81.248\/2019\/10\/23\/la-ruta-de-los-graffitis-rurales-de-portugal\/"},"modified":"2024-10-21T12:39:35","modified_gmt":"2024-10-21T10:39:35","slug":"la-ruta-de-los-graffitis-rurales-de-portugal","status":"publish","type":"post","link":"https:\/\/www.escapadarural.com\/blog\/la-ruta-de-los-graffitis-rurales-de-portugal\/","title":{"rendered":"La ruta de los graffitis rurales de Portugal"},"content":{"rendered":"\n<div class=\"wp-block-image\"><figure class=\"aligncenter size-large\"><a href=\"https:\/\/www.escapadarural.com\/blog\/wp-content\/uploads\/2020\/06\/Artista-Menau_Alte.-Algarve_Foto-de-LAC.jpg\"><img decoding=\"async\" src=\"https:\/\/www.escapadarural.com\/blog\/wp-content\/uploads\/2020\/06\/Artista-Menau_Alte.-Algarve_Foto-de-LAC-1024x764.jpg\" alt=\"Obra de Menau en Algarve. \" class=\"wp-image-23325\"\/><\/a><figcaption>Obra de Menau en Algarve. Por Funda\u00e7\u00e3o EDP<\/figcaption><\/figure><\/div>\n\n\n\n<p>Es la otra Portugal, la que no suele destacar en las gu\u00edas de viaje, y algo est\u00e1 ocurriendo. Aparecen paradas de autob\u00fas en las que un cielo nocturno se llena de estrellas, se\u00f1ales de tr\u00e1fico que se convierten en arte, muros perdidos que se transforman en altavoces cr\u00edticos contra la contaminaci\u00f3n, transformadores el\u00e9ctricos en los que caben rostros de lugare\u00f1os, muros que se salvan de la cotidianidad gracias a poemas visuales&#8230; Suena a un pa\u00eds de las maravillas, pero en \u00e9l, el papel de Alicia lo protagoniza un grupo de artistas.<\/p>\n\n\n\n<!--more-->\n\n\n\n<p>Si hasta ahora hablar de graffitis en Portugal significaba viajar a Lisboa, el <strong>proyecto Arte P\u00fablica<\/strong>, de la <a href=\"https:\/\/www.fundacaoedp.pt\/pt\" target=\"_blank\" rel=\"noopener noreferrer\">Fundaci\u00f3n El\u00e9ctrica de Portugal<\/a> (EDP), aporta una alternativa en el mapa del arte contempor\u00e1neo. El proyecto <strong>revitaliza las zonas rurales<\/strong> del pa\u00eds utilizando el lenguaje del arte urbano.<\/p>\n\n\n\n<p>Iniciado en 2015, est\u00e1 presente en cinco regiones: M\u00e9dio Tejo, Tr\u00e1s-os-Montes, Ribatejo y Alentejo. Este a\u00f1o 2019, estrena nuevas obras en Braga, en Minho, y en Fund\u00e3o, en Castelo Branco.<\/p>\n\n\n\n<h2 class=\"title-rute wp-block-heading\">Algarve<\/h2>\n\n\n\n<div class=\"wp-block-image\"><figure class=\"aligncenter size-large\"><a href=\"https:\/\/www.escapadarural.com\/blog\/wp-content\/uploads\/2020\/06\/Obra-do-Artista-Padure_alte.jpg\"><img decoding=\"async\" src=\"https:\/\/www.escapadarural.com\/blog\/wp-content\/uploads\/2020\/06\/Obra-do-Artista-Padure_alte.jpg\" alt=\"Algarve\" class=\"wp-image-23326\"\/><\/a><figcaption>Obra de Padure. Por Funda\u00e7\u00e3o EDP<\/figcaption><\/figure><\/div>\n\n\n\n<p>Al-Garb, \u2018El Occidente\u2019, es el nombre que los \u00e1rabes dieron a esta regi\u00f3n del sur de Portugal por su lejan\u00eda con respecto a las zonas m\u00e1s poderosas del al-\u00c1ndalus. Siglos despu\u00e9s, se ha convertido en una de las regiones m\u00e1s tur\u00edsticas del pa\u00eds.<\/p>\n\n\n\n<p>Hay zonas del Algarve en los m\u00e1rgenes de los circuitos m\u00e1s tur\u00edsticos que se pueden conocer gracias a esta especial <strong>ruta de los graffitis<\/strong>: comienza en Vila do Bispo, la capital del percebe, famosa para los aficionados al marisco, y llega, siguiendo en paralelo la costa, hasta Alportel. En total 130 kil\u00f3metros para conocer un <strong>Algarve alternativo<\/strong>.<\/p>\n\n\n\n<p>Los seis artistas invitados son Xana, Jorge Pereira, Mariana la Miserable, Padure, Susana Gaud\u00eancio y Tiago Batista y han realizado un conjunto de 20 intervenciones de arte urbano. Como el colorista mural comunitario ideado por Xana, en Portim\u00e3o (Figueira); el simp\u00e1tico burrito de Daniel Padure, en Alte; o las divertidas criaturas de mar que ocupan la estaci\u00f3n transformadora de Mexilhoeira Grande, en Portim\u00e3o.<\/p>\n\n\n\n<p>Por supuesto, en Vila do Bispo habr\u00e1 que aprovechar para pasar un rato por playa de Castelejo y lugares tan pintorescos como la villa de Sagres, que posee uno de los paisajes m\u00e1s impresionantes del Algarve, tampoco hay que perderse Benagil.<\/p>\n\n\n\n<h2 class=\"title-rute wp-block-heading\">Alentejo<\/h2>\n\n\n\n<div class=\"wp-block-image\"><figure class=\"aligncenter size-large\"><a href=\"https:\/\/www.escapadarural.com\/blog\/wp-content\/uploads\/2020\/06\/Sem-t\u00edtulo-obra-do-artista-NADA-no-Quartel-dos-Bombeiros.-Fotografia-de-Diana-Mendes.jpg\"><img decoding=\"async\" src=\"https:\/\/www.escapadarural.com\/blog\/wp-content\/uploads\/2020\/06\/Sem-t\u00edtulo-obra-do-artista-NADA-no-Quartel-dos-Bombeiros.-Fotografia-de-Diana-Mendes.jpg\" alt=\"Alentejo\" class=\"wp-image-23329\"\/><\/a><figcaption>Obra del artista NADA. Por Funda\u00e7\u00e3o EDP<\/figcaption><\/figure><\/div>\n\n\n\n<p>\u00c9vora, la sorprendente ciudad de las tres murallas, es una de las ciudades m\u00e1s bellas de Portugal. Es la base que utilizan los turistas que suelen recorrer la regi\u00f3n de Alentejo, que con una superficie similar a Galicia es la regi\u00f3n m\u00e1s despoblada de Portugal.<\/p>\n\n\n\n<p>En Alentejo hay playas hermosas, castillos, calles estrechas y llenas de encanto como las de Monsaraz, ciudades romanas&#8230; Pero este viaje comienza en Campo Maior, donde la figura de un contrabandista que carga una gran bolsa en sus espaldas sorprender\u00e1 al viajero. Ocupa la fachada del cuartel de los bomberos del municipio. Su autor es NADA, y con la figura quiso representar una parte importante de la historia de la regi\u00f3n fronteriza con Espa\u00f1a en la que en otra \u00e9poca abundaron los contrabandistas.<\/p>\n\n\n\n<p>Campo Maior es hoy una tranquila localidad en la que el tiempo parecer\u00eda haberse detenido si no fuera por los graffitis que han aparecido recientemente. En la localidad, hay que visitar la singular Capilla de los Huesos, construida en 1766, una de las tres existentes en Portugal.<\/p>\n\n\n\n<p>La ruta Contin\u00faa por Degolados y Ouguela con <strong>11 intervenciones art\u00edsticas<\/strong> en total, realizadas por Lu\u00eds Silveirinha, Andr\u00e9 Calado, alias NADA, Lu\u00eds Managem, alias ORPH\u00c3O y Andr\u00e9 Cl\u00e9rigo. Estos graffitis maridan a la perfecci\u00f3n con los vinos alentejanos.<\/p>\n\n\n\n<h2 class=\"title-rute wp-block-heading\">Ribatejo<\/h2>\n\n\n\n<div class=\"wp-block-image\"><figure class=\"aligncenter size-large\"><a href=\"https:\/\/www.escapadarural.com\/blog\/wp-content\/uploads\/2020\/06\/Interven\u00e7\u00e3o-da-artista-Priscilla-Ballarin-em-Vila-da-Marmeleira-Rio-Maior.-Fotografia_-Paulo-Alexandrino-1-scaled.jpg\"><img decoding=\"async\" src=\"https:\/\/www.escapadarural.com\/blog\/wp-content\/uploads\/2020\/06\/Interven\u00e7\u00e3o-da-artista-Priscilla-Ballarin-em-Vila-da-Marmeleira-Rio-Maior.-Fotografia_-Paulo-Alexandrino-1-1024x683.jpg\" alt=\"Santar\u00e9m\" class=\"wp-image-23330\"\/><\/a><figcaption>Intervenci\u00f3n de la artista Priscilla-Ballarin. Por Funda\u00e7\u00e3o EDP<\/figcaption><\/figure><\/div>\n\n\n\n<p>En lo alto de una meseta, Santar\u00e9m se convierte en un mirador fant\u00e1stico sobre el paisaje modelado por el Tajo. El latido cotidiano en los pueblos del distrito de Santar\u00e9m est\u00e1 marcado por una cadencia de peque\u00f1os h\u00e1bitos que se repiten a diario. Por ejemplo, el divertido desorden de los ni\u00f1os que esperan cada ma\u00f1ana en Vila da Marmeleira el paso del autob\u00fas que les lleva al colegio.<\/p>\n\n\n\n<p>Ahora ese momento <strong>se ha llenado de poes\u00eda<\/strong>: el interior de la parada en la Av. Jose Pereira Caldas est\u00e1 pintado con un azul profundo y destacan unas peque\u00f1as estrellas que parecen brillar. Es una de las once obras que ocupan los espacios p\u00fablicos de Vila da Marmeleira, Assentiz, Ribeira de S\u00e3o Jo\u00e3o y S\u00e3o Jo\u00e3o da Ribeira. Sus autores son un grupo de aguerridos artistas del spray: Jo\u00e3o Seguro, Samina, Rosemary y Priscilla Ballarin.<\/p>\n\n\n\n<p>Tambi\u00e9n en Vila da Marmeleira aparece un bello rostro en una estaci\u00f3n el\u00e9ctrica: esta vez es la cara de una anciana. Todos la llaman la Ereira. Es el recuerdo a una mujer que horneaba casta\u00f1as y garbanzos y los vend\u00eda en la plaza.<\/p>\n\n\n\n<p>Por supuesto, entre obra y obra hay que visitar Santar\u00e9m, la capital del g\u00f3tico de Portugal. Se encuentra a s\u00f3lo unos 30 kil\u00f3metros de los espacios intervenidos. La ciudad fue el hogar de los reyes de Portugal a lo largo de la Edad Media, tambi\u00e9n era donde se reun\u00edan las Cortes y el primer parlamento del pa\u00eds, as\u00ed que lustre no le falta.<\/p>\n\n\n\n<h2 class=\"title-rute wp-block-heading\">Tr\u00e1s-Os-Montes<\/h2>\n\n\n\n<div class=\"wp-block-image\"><figure class=\"aligncenter size-large\"><a href=\"https:\/\/www.escapadarural.com\/blog\/wp-content\/uploads\/2020\/06\/Artista-Draw-Alfandega-da-F\u00e9-Tr\u00e1s-os-Montes.-Foto-de-Rute-Ferraz.jpg\"><img decoding=\"async\" src=\"https:\/\/www.escapadarural.com\/blog\/wp-content\/uploads\/2020\/06\/Artista-Draw-Alfandega-da-F\u00e9-Tr\u00e1s-os-Montes.-Foto-de-Rute-Ferraz-1024x683.jpg\" alt=\"Tr\u00e1s-os-Montes\" class=\"wp-image-23331\"\/><\/a><figcaption>Obra de Alf\u00e2ndega da F\u00e9. Por Funda\u00e7\u00e3o EDP<\/figcaption><\/figure><\/div>\n\n\n\n<p>Una de las regiones del proyecto con <strong>m\u00e1s obras por metro cuadrado<\/strong>. M\u00e1s de una docena de artistas han realizado 33 intervenciones art\u00edsticas hasta el momento en espacios p\u00fablicos en Alf\u00e2ndega da F\u00e9, Miranda do Douro, Mogadouro y Torre de Moncorvo. Casi doscientos kil\u00f3metro de tradici\u00f3n y arte.<\/p>\n\n\n\n<p>Mesetas espl\u00e9ndidas, aldeas hist\u00f3ricas, una gastronom\u00eda tradicional fant\u00e1stica, aguas termales, vestigios romanos, edificios medievales, y ahora, en Tr\u00e1s-os-Montes tambi\u00e9n los graffitis. Las coloridas caras de la torre el\u00e9ctrica de Gon\u00e7alo, alias MAR, en Mogadouro o las divertidas se\u00f1ales de tr\u00e1fico intervenidas por Hazul en Alf\u00e2ndega da F\u00e9, llenar\u00e1n de sorpresas el viaje por la regi\u00f3n.<\/p>\n\n\n\n<p>Tampoco hay que perderse el sutil horizonte que logra Gabriela Vaz-Pinheiro con la instalaci\u00f3n de un espejo apaisado que refleja el paisaje de un prado de amapolas y hierba, en Torre de Moncorvo. En la regi\u00f3n, se tiene a las amapolas como un s\u00edmbolo de la Primera Guerra Mundial, ya que despu\u00e9s de quedar arrasados los campos por las batallas era la \u00fanica flor que consegu\u00eda florecer.<\/p>\n\n\n\n<p>Cerca de Torre de Moncorvo, est\u00e1 Chaves. La que fue una de las ciudades romanas m\u00e1s importantes de la Pen\u00ednsula Ib\u00e9rica, es hoy la ciudad termal del norte de Portugal, famosa por las aguas medicinales que brotan de la tierra a 73 \u00b0 C y que los mismos centuriones acud\u00edan a tomar.<\/p>\n\n\n\n<h2 class=\"title-rute wp-block-heading\">M\u00e9dio Tejo<\/h2>\n\n\n\n<div class=\"wp-block-image\"><figure class=\"aligncenter size-large\"><a href=\"https:\/\/www.escapadarural.com\/blog\/wp-content\/uploads\/2020\/06\/O-Barqueiro.-Obra-de-Carlos-Vicente-e-Violant.-Foro_-Paulo-Alexandre-Coelho.jpg\"><img decoding=\"async\" src=\"https:\/\/www.escapadarural.com\/blog\/wp-content\/uploads\/2020\/06\/O-Barqueiro.-Obra-de-Carlos-Vicente-e-Violant.-Foro_-Paulo-Alexandre-Coelho.jpg\" alt=\"M\u00e9dio Tejo\" class=\"wp-image-23332\"\/><\/a><figcaption>Obra de Carlos Vicente y Violant. Por Funda\u00e7\u00e3o EDP<\/figcaption><\/figure><\/div>\n\n\n\n<p>Al esc\u00e9nico castillo de Almourol de Vila Nova da Barquinha le ha salido una seria competidora: una Sof\u00eda, a la vez sensual e inteligente, de gran formato que ocupa una fachada en la calle D. Maria II. Se trata de una de las 11 intervenciones art\u00edsticas que forman parte del programa de la Fundaci\u00f3n de Arte P\u00fablico EDP en el Medio Tajo.<\/p>\n\n\n\n<p>Este es un <strong>viaje por cuatro parroquias<\/strong> de especial encanto rural: Vila Nova da Barquinha, Atalaia, Playa Ribatejo y Tancos. Las obras realizadas entre 2018 y 2019 son creaciones de los artistas Alexandre Farto, alias Vhils, Manuel Jo\u00e3o Vieira, Violant y Carlos Vicente.<\/p>\n\n\n\n<p>Hay tambi\u00e9n unos barcos de papel coloridos que parecen flotar en un lago bajo la luna llena o los pecios de un transatl\u00e1ntico y de una avioneta en una escena apocal\u00edptica que quiere ser cr\u00edtica con la contaminaci\u00f3n y el abuso del medioambiente. No es menos espectacular el graffiti cinem\u00e1tico que ha dise\u00f1ado Violant en Vila Nova da Barquinha para denunciar la crisis financiera que azot\u00f3 al mundo en 2007. Una buena base para conocer esta regi\u00f3n hist\u00f3rica es Tomar, la ciudad templaria.<\/p>\n","protected":false},"excerpt":{"rendered":"<p>Si hasta ahora hablar de graffitis en Portugal significaba viajar a Lisboa, el proyecto Arte P\u00fablica, de la Fundaci\u00f3n El\u00e9ctrica de Portugal (EDP), aporta una alternativa en el mapa del arte contempor\u00e1neo. El proyecto revitaliza las zonas rurales del pa\u00eds utilizando el lenguaje del arte urbano. Iniciado en 2015, est\u00e1 presente en cinco regiones: M\u00e9dio Tejo, Tr\u00e1s-os-Montes, Ribatejo y Alentejo. Este a\u00f1o 2019, estrena nuevas obras en Braga, en Minho, y en Fund\u00e3o, en Castelo Branco.<\/p>\n","protected":false},"author":112,"featured_media":102463,"comment_status":"open","ping_status":"closed","sticky":false,"template":"","format":"standard","meta":{"_acf_changed":false,"om_disable_all_campaigns":false,"footnotes":""},"categories":[231],"tags":[2075,2073,2414,538,2415],"class_list":["post-12044","post","type-post","status-publish","format-standard","has-post-thumbnail","hentry","category-arte-y-cultura","tag-alentejo","tag-algarve","tag-medio-tejo","tag-portugal","tag-ribatejo"],"acf":[],"featured_image_src":"https:\/\/www.escapadarural.com\/blog\/wp-content\/uploads\/2024\/10\/Artista-Menau_Alte.-Algarve_Foto-de-LAC-1024x764-3.jpg","author_info":{"display_name":"Jos\u00e9 Alejandro Adamuz","author_link":"https:\/\/www.escapadarural.com\/blog\/autor\/josealejandro\/"},"yoast_head":"<!-- This site is optimized with the Yoast SEO plugin v27.5 - https:\/\/yoast.com\/product\/yoast-seo-wordpress\/ -->\n<title>La ruta de los graffitis rurales de Portugal - EscapadaRural<\/title>\n<meta name=\"robots\" content=\"index, follow, max-snippet:-1, max-image-preview:large, max-video-preview:-1\" \/>\n<link rel=\"canonical\" href=\"https:\/\/www.escapadarural.com\/blog\/la-ruta-de-los-graffitis-rurales-de-portugal\/\" \/>\n<meta property=\"og:locale\" content=\"es_ES\" \/>\n<meta property=\"og:type\" content=\"article\" \/>\n<meta property=\"og:title\" content=\"La ruta de los graffitis rurales de Portugal - EscapadaRural\" \/>\n<meta property=\"og:description\" content=\"Si hasta ahora hablar de graffitis en Portugal significaba viajar a Lisboa, el proyecto Arte P\u00fablica, de la Fundaci\u00f3n El\u00e9ctrica de Portugal (EDP), aporta una alternativa en el mapa del arte contempor\u00e1neo. El proyecto revitaliza las zonas rurales del pa\u00eds utilizando el lenguaje del arte urbano. Iniciado en 2015, est\u00e1 presente en cinco regiones: M\u00e9dio Tejo, Tr\u00e1s-os-Montes, Ribatejo y Alentejo. Este a\u00f1o 2019, estrena nuevas obras en Braga, en Minho, y en Fund\u00e3o, en Castelo Branco.\" \/>\n<meta property=\"og:url\" content=\"https:\/\/www.escapadarural.com\/blog\/la-ruta-de-los-graffitis-rurales-de-portugal\/\" \/>\n<meta property=\"og:site_name\" content=\"Magazine de viajes de EscapadaRural\" \/>\n<meta property=\"article:publisher\" content=\"https:\/\/www.facebook.com\/escapadarural\" \/>\n<meta property=\"article:published_time\" content=\"2019-10-23T09:54:56+00:00\" \/>\n<meta property=\"article:modified_time\" content=\"2024-10-21T10:39:35+00:00\" \/>\n<meta property=\"og:image\" content=\"https:\/\/www.escapadarural.com\/blog\/wp-content\/uploads\/2024\/10\/Artista-Menau_Alte.-Algarve_Foto-de-LAC-1024x764-3.jpg\" \/>\n\t<meta property=\"og:image:width\" content=\"1024\" \/>\n\t<meta property=\"og:image:height\" content=\"764\" \/>\n\t<meta property=\"og:image:type\" content=\"image\/jpeg\" \/>\n<meta name=\"author\" content=\"Jos\u00e9 Alejandro Adamuz\" \/>\n<meta name=\"twitter:card\" content=\"summary_large_image\" \/>\n<meta name=\"twitter:label1\" content=\"Escrito por\" \/>\n\t<meta name=\"twitter:data1\" content=\"Jos\u00e9 Alejandro Adamuz\" \/>\n\t<meta name=\"twitter:label2\" content=\"Tiempo de lectura\" \/>\n\t<meta name=\"twitter:data2\" content=\"7 minutos\" \/>\n<script type=\"application\/ld+json\" class=\"yoast-schema-graph\">{\"@context\":\"https:\\\/\\\/schema.org\",\"@graph\":[{\"@type\":\"Article\",\"@id\":\"https:\\\/\\\/www.escapadarural.com\\\/blog\\\/la-ruta-de-los-graffitis-rurales-de-portugal\\\/#article\",\"isPartOf\":{\"@id\":\"https:\\\/\\\/www.escapadarural.com\\\/blog\\\/la-ruta-de-los-graffitis-rurales-de-portugal\\\/\"},\"author\":{\"name\":\"Jos\u00e9 Alejandro Adamuz\",\"@id\":\"https:\\\/\\\/www.escapadarural.com\\\/blog\\\/#\\\/schema\\\/person\\\/ac6969ba5ab90987dda9465be409d6b3\"},\"headline\":\"La ruta de los graffitis rurales de Portugal\",\"datePublished\":\"2019-10-23T09:54:56+00:00\",\"dateModified\":\"2024-10-21T10:39:35+00:00\",\"mainEntityOfPage\":{\"@id\":\"https:\\\/\\\/www.escapadarural.com\\\/blog\\\/la-ruta-de-los-graffitis-rurales-de-portugal\\\/\"},\"wordCount\":1421,\"commentCount\":0,\"publisher\":{\"@id\":\"https:\\\/\\\/www.escapadarural.com\\\/blog\\\/#organization\"},\"image\":{\"@id\":\"https:\\\/\\\/www.escapadarural.com\\\/blog\\\/la-ruta-de-los-graffitis-rurales-de-portugal\\\/#primaryimage\"},\"thumbnailUrl\":\"https:\\\/\\\/www.escapadarural.com\\\/blog\\\/wp-content\\\/uploads\\\/2024\\\/10\\\/Artista-Menau_Alte.-Algarve_Foto-de-LAC-1024x764-3.jpg\",\"keywords\":[\"Alentejo\",\"Algarve\",\"M\u00e9dio Tejo\",\"portugal\",\"Ribatejo\"],\"articleSection\":[\"Arte y Cultura\"],\"inLanguage\":\"es\",\"potentialAction\":[{\"@type\":\"CommentAction\",\"name\":\"Comment\",\"target\":[\"https:\\\/\\\/www.escapadarural.com\\\/blog\\\/la-ruta-de-los-graffitis-rurales-de-portugal\\\/#respond\"]}]},{\"@type\":\"WebPage\",\"@id\":\"https:\\\/\\\/www.escapadarural.com\\\/blog\\\/la-ruta-de-los-graffitis-rurales-de-portugal\\\/\",\"url\":\"https:\\\/\\\/www.escapadarural.com\\\/blog\\\/la-ruta-de-los-graffitis-rurales-de-portugal\\\/\",\"name\":\"La ruta de los graffitis rurales de Portugal - EscapadaRural\",\"isPartOf\":{\"@id\":\"https:\\\/\\\/www.escapadarural.com\\\/blog\\\/#website\"},\"primaryImageOfPage\":{\"@id\":\"https:\\\/\\\/www.escapadarural.com\\\/blog\\\/la-ruta-de-los-graffitis-rurales-de-portugal\\\/#primaryimage\"},\"image\":{\"@id\":\"https:\\\/\\\/www.escapadarural.com\\\/blog\\\/la-ruta-de-los-graffitis-rurales-de-portugal\\\/#primaryimage\"},\"thumbnailUrl\":\"https:\\\/\\\/www.escapadarural.com\\\/blog\\\/wp-content\\\/uploads\\\/2024\\\/10\\\/Artista-Menau_Alte.-Algarve_Foto-de-LAC-1024x764-3.jpg\",\"datePublished\":\"2019-10-23T09:54:56+00:00\",\"dateModified\":\"2024-10-21T10:39:35+00:00\",\"breadcrumb\":{\"@id\":\"https:\\\/\\\/www.escapadarural.com\\\/blog\\\/la-ruta-de-los-graffitis-rurales-de-portugal\\\/#breadcrumb\"},\"inLanguage\":\"es\",\"potentialAction\":[{\"@type\":\"ReadAction\",\"target\":[\"https:\\\/\\\/www.escapadarural.com\\\/blog\\\/la-ruta-de-los-graffitis-rurales-de-portugal\\\/\"]}]},{\"@type\":\"ImageObject\",\"inLanguage\":\"es\",\"@id\":\"https:\\\/\\\/www.escapadarural.com\\\/blog\\\/la-ruta-de-los-graffitis-rurales-de-portugal\\\/#primaryimage\",\"url\":\"https:\\\/\\\/www.escapadarural.com\\\/blog\\\/wp-content\\\/uploads\\\/2024\\\/10\\\/Artista-Menau_Alte.-Algarve_Foto-de-LAC-1024x764-3.jpg\",\"contentUrl\":\"https:\\\/\\\/www.escapadarural.com\\\/blog\\\/wp-content\\\/uploads\\\/2024\\\/10\\\/Artista-Menau_Alte.-Algarve_Foto-de-LAC-1024x764-3.jpg\",\"width\":1024,\"height\":764,\"caption\":\"Un mural en una pared blanca representa un rostro estilizado con rasgos azules, nariz roja y cabeza azul cubierta. El rostro est\u00e1 rodeado de l\u00edneas y formas geom\u00e9tricas. En el edificio se ven ventanas con marcos rojos.\"},{\"@type\":\"BreadcrumbList\",\"@id\":\"https:\\\/\\\/www.escapadarural.com\\\/blog\\\/la-ruta-de-los-graffitis-rurales-de-portugal\\\/#breadcrumb\",\"itemListElement\":[{\"@type\":\"ListItem\",\"position\":1,\"name\":\"Inicio\",\"item\":\"https:\\\/\\\/www.escapadarural.com\\\/blog\\\/\"},{\"@type\":\"ListItem\",\"position\":2,\"name\":\"Arte y Cultura\",\"item\":\"https:\\\/\\\/www.escapadarural.com\\\/blog\\\/categoria\\\/arte-y-cultura\\\/\"},{\"@type\":\"ListItem\",\"position\":3,\"name\":\"La ruta de los graffitis rurales de Portugal\"}]},{\"@type\":\"WebSite\",\"@id\":\"https:\\\/\\\/www.escapadarural.com\\\/blog\\\/#website\",\"url\":\"https:\\\/\\\/www.escapadarural.com\\\/blog\\\/\",\"name\":\"Blog de viajes | turismo rural, alojamientos e inspiraci\u00f3n\",\"description\":\"Alojamientos rurales e inspiraci\u00f3n para tus escapadas\",\"publisher\":{\"@id\":\"https:\\\/\\\/www.escapadarural.com\\\/blog\\\/#organization\"},\"alternateName\":\"Magazine de viajes de EscapadaRural\",\"potentialAction\":[{\"@type\":\"SearchAction\",\"target\":{\"@type\":\"EntryPoint\",\"urlTemplate\":\"https:\\\/\\\/www.escapadarural.com\\\/blog\\\/?s={search_term_string}\"},\"query-input\":{\"@type\":\"PropertyValueSpecification\",\"valueRequired\":true,\"valueName\":\"search_term_string\"}}],\"inLanguage\":\"es\"},{\"@type\":\"Organization\",\"@id\":\"https:\\\/\\\/www.escapadarural.com\\\/blog\\\/#organization\",\"name\":\"EscapadaRural\",\"url\":\"https:\\\/\\\/www.escapadarural.com\\\/blog\\\/\",\"logo\":{\"@type\":\"ImageObject\",\"inLanguage\":\"es\",\"@id\":\"https:\\\/\\\/www.escapadarural.com\\\/blog\\\/#\\\/schema\\\/logo\\\/image\\\/\",\"url\":\"https:\\\/\\\/www.escapadarural.com\\\/blog\\\/wp-content\\\/uploads\\\/2024\\\/10\\\/cropped-cropped-escapada-rural-icon-mag-3.png\",\"contentUrl\":\"https:\\\/\\\/www.escapadarural.com\\\/blog\\\/wp-content\\\/uploads\\\/2024\\\/10\\\/cropped-cropped-escapada-rural-icon-mag-3.png\",\"width\":512,\"height\":512,\"caption\":\"EscapadaRural\"},\"image\":{\"@id\":\"https:\\\/\\\/www.escapadarural.com\\\/blog\\\/#\\\/schema\\\/logo\\\/image\\\/\"},\"sameAs\":[\"https:\\\/\\\/www.facebook.com\\\/escapadarural\",\"https:\\\/\\\/www.instagram.com\\\/escapadarural\\\/\",\"https:\\\/\\\/www.youtube.com\\\/@escapadaruralcom\"]},{\"@type\":\"Person\",\"@id\":\"https:\\\/\\\/www.escapadarural.com\\\/blog\\\/#\\\/schema\\\/person\\\/ac6969ba5ab90987dda9465be409d6b3\",\"name\":\"Jos\u00e9 Alejandro Adamuz\",\"image\":{\"@type\":\"ImageObject\",\"inLanguage\":\"es\",\"@id\":\"https:\\\/\\\/www.escapadarural.com\\\/blog\\\/wp-content\\\/uploads\\\/2025\\\/02\\\/cropped-jose_alejandro_viajar-96x96.webp\",\"url\":\"https:\\\/\\\/www.escapadarural.com\\\/blog\\\/wp-content\\\/uploads\\\/2025\\\/02\\\/cropped-jose_alejandro_viajar-96x96.webp\",\"contentUrl\":\"https:\\\/\\\/www.escapadarural.com\\\/blog\\\/wp-content\\\/uploads\\\/2025\\\/02\\\/cropped-jose_alejandro_viajar-96x96.webp\",\"caption\":\"Jos\u00e9 Alejandro Adamuz\"},\"description\":\"Soy licenciado en filolog\u00eda hisp\u00e1nica y periodista por vocaci\u00f3n. Tambi\u00e9n soy disl\u00e9xico, por lo que suelo confundir la derecha con la izquierda y los kil\u00f3metros con la literatura. Pero de momento me va bien as\u00ed. Colaboro habitualmente en diferentes medios haciendo cr\u00f3nica de viajes y periodismo cultural. Me gusta que los viajes cuenten historias y que las historias me hagan viajar.\",\"sameAs\":[\"https:\\\/\\\/viviratodaletra.com\\\/\"],\"url\":\"https:\\\/\\\/www.escapadarural.com\\\/blog\\\/autor\\\/josealejandro\\\/\"}]}<\/script>\n<!-- \/ Yoast SEO plugin. -->","yoast_head_json":{"title":"La ruta de los graffitis rurales de Portugal - EscapadaRural","robots":{"index":"index","follow":"follow","max-snippet":"max-snippet:-1","max-image-preview":"max-image-preview:large","max-video-preview":"max-video-preview:-1"},"canonical":"https:\/\/www.escapadarural.com\/blog\/la-ruta-de-los-graffitis-rurales-de-portugal\/","og_locale":"es_ES","og_type":"article","og_title":"La ruta de los graffitis rurales de Portugal - EscapadaRural","og_description":"Si hasta ahora hablar de graffitis en Portugal significaba viajar a Lisboa, el proyecto Arte P\u00fablica, de la Fundaci\u00f3n El\u00e9ctrica de Portugal (EDP), aporta una alternativa en el mapa del arte contempor\u00e1neo. El proyecto revitaliza las zonas rurales del pa\u00eds utilizando el lenguaje del arte urbano. Iniciado en 2015, est\u00e1 presente en cinco regiones: M\u00e9dio Tejo, Tr\u00e1s-os-Montes, Ribatejo y Alentejo. Este a\u00f1o 2019, estrena nuevas obras en Braga, en Minho, y en Fund\u00e3o, en Castelo Branco.","og_url":"https:\/\/www.escapadarural.com\/blog\/la-ruta-de-los-graffitis-rurales-de-portugal\/","og_site_name":"Magazine de viajes de EscapadaRural","article_publisher":"https:\/\/www.facebook.com\/escapadarural","article_published_time":"2019-10-23T09:54:56+00:00","article_modified_time":"2024-10-21T10:39:35+00:00","og_image":[{"width":1024,"height":764,"url":"https:\/\/www.escapadarural.com\/blog\/wp-content\/uploads\/2024\/10\/Artista-Menau_Alte.-Algarve_Foto-de-LAC-1024x764-3.jpg","type":"image\/jpeg"}],"author":"Jos\u00e9 Alejandro Adamuz","twitter_card":"summary_large_image","twitter_misc":{"Escrito por":"Jos\u00e9 Alejandro Adamuz","Tiempo de lectura":"7 minutos"},"schema":{"@context":"https:\/\/schema.org","@graph":[{"@type":"Article","@id":"https:\/\/www.escapadarural.com\/blog\/la-ruta-de-los-graffitis-rurales-de-portugal\/#article","isPartOf":{"@id":"https:\/\/www.escapadarural.com\/blog\/la-ruta-de-los-graffitis-rurales-de-portugal\/"},"author":{"name":"Jos\u00e9 Alejandro Adamuz","@id":"https:\/\/www.escapadarural.com\/blog\/#\/schema\/person\/ac6969ba5ab90987dda9465be409d6b3"},"headline":"La ruta de los graffitis rurales de Portugal","datePublished":"2019-10-23T09:54:56+00:00","dateModified":"2024-10-21T10:39:35+00:00","mainEntityOfPage":{"@id":"https:\/\/www.escapadarural.com\/blog\/la-ruta-de-los-graffitis-rurales-de-portugal\/"},"wordCount":1421,"commentCount":0,"publisher":{"@id":"https:\/\/www.escapadarural.com\/blog\/#organization"},"image":{"@id":"https:\/\/www.escapadarural.com\/blog\/la-ruta-de-los-graffitis-rurales-de-portugal\/#primaryimage"},"thumbnailUrl":"https:\/\/www.escapadarural.com\/blog\/wp-content\/uploads\/2024\/10\/Artista-Menau_Alte.-Algarve_Foto-de-LAC-1024x764-3.jpg","keywords":["Alentejo","Algarve","M\u00e9dio Tejo","portugal","Ribatejo"],"articleSection":["Arte y Cultura"],"inLanguage":"es","potentialAction":[{"@type":"CommentAction","name":"Comment","target":["https:\/\/www.escapadarural.com\/blog\/la-ruta-de-los-graffitis-rurales-de-portugal\/#respond"]}]},{"@type":"WebPage","@id":"https:\/\/www.escapadarural.com\/blog\/la-ruta-de-los-graffitis-rurales-de-portugal\/","url":"https:\/\/www.escapadarural.com\/blog\/la-ruta-de-los-graffitis-rurales-de-portugal\/","name":"La ruta de los graffitis rurales de Portugal - EscapadaRural","isPartOf":{"@id":"https:\/\/www.escapadarural.com\/blog\/#website"},"primaryImageOfPage":{"@id":"https:\/\/www.escapadarural.com\/blog\/la-ruta-de-los-graffitis-rurales-de-portugal\/#primaryimage"},"image":{"@id":"https:\/\/www.escapadarural.com\/blog\/la-ruta-de-los-graffitis-rurales-de-portugal\/#primaryimage"},"thumbnailUrl":"https:\/\/www.escapadarural.com\/blog\/wp-content\/uploads\/2024\/10\/Artista-Menau_Alte.-Algarve_Foto-de-LAC-1024x764-3.jpg","datePublished":"2019-10-23T09:54:56+00:00","dateModified":"2024-10-21T10:39:35+00:00","breadcrumb":{"@id":"https:\/\/www.escapadarural.com\/blog\/la-ruta-de-los-graffitis-rurales-de-portugal\/#breadcrumb"},"inLanguage":"es","potentialAction":[{"@type":"ReadAction","target":["https:\/\/www.escapadarural.com\/blog\/la-ruta-de-los-graffitis-rurales-de-portugal\/"]}]},{"@type":"ImageObject","inLanguage":"es","@id":"https:\/\/www.escapadarural.com\/blog\/la-ruta-de-los-graffitis-rurales-de-portugal\/#primaryimage","url":"https:\/\/www.escapadarural.com\/blog\/wp-content\/uploads\/2024\/10\/Artista-Menau_Alte.-Algarve_Foto-de-LAC-1024x764-3.jpg","contentUrl":"https:\/\/www.escapadarural.com\/blog\/wp-content\/uploads\/2024\/10\/Artista-Menau_Alte.-Algarve_Foto-de-LAC-1024x764-3.jpg","width":1024,"height":764,"caption":"Un mural en una pared blanca representa un rostro estilizado con rasgos azules, nariz roja y cabeza azul cubierta. El rostro est\u00e1 rodeado de l\u00edneas y formas geom\u00e9tricas. En el edificio se ven ventanas con marcos rojos."},{"@type":"BreadcrumbList","@id":"https:\/\/www.escapadarural.com\/blog\/la-ruta-de-los-graffitis-rurales-de-portugal\/#breadcrumb","itemListElement":[{"@type":"ListItem","position":1,"name":"Inicio","item":"https:\/\/www.escapadarural.com\/blog\/"},{"@type":"ListItem","position":2,"name":"Arte y Cultura","item":"https:\/\/www.escapadarural.com\/blog\/categoria\/arte-y-cultura\/"},{"@type":"ListItem","position":3,"name":"La ruta de los graffitis rurales de Portugal"}]},{"@type":"WebSite","@id":"https:\/\/www.escapadarural.com\/blog\/#website","url":"https:\/\/www.escapadarural.com\/blog\/","name":"Blog de viajes | turismo rural, alojamientos e inspiraci\u00f3n","description":"Alojamientos rurales e inspiraci\u00f3n para tus escapadas","publisher":{"@id":"https:\/\/www.escapadarural.com\/blog\/#organization"},"alternateName":"Magazine de viajes de EscapadaRural","potentialAction":[{"@type":"SearchAction","target":{"@type":"EntryPoint","urlTemplate":"https:\/\/www.escapadarural.com\/blog\/?s={search_term_string}"},"query-input":{"@type":"PropertyValueSpecification","valueRequired":true,"valueName":"search_term_string"}}],"inLanguage":"es"},{"@type":"Organization","@id":"https:\/\/www.escapadarural.com\/blog\/#organization","name":"EscapadaRural","url":"https:\/\/www.escapadarural.com\/blog\/","logo":{"@type":"ImageObject","inLanguage":"es","@id":"https:\/\/www.escapadarural.com\/blog\/#\/schema\/logo\/image\/","url":"https:\/\/www.escapadarural.com\/blog\/wp-content\/uploads\/2024\/10\/cropped-cropped-escapada-rural-icon-mag-3.png","contentUrl":"https:\/\/www.escapadarural.com\/blog\/wp-content\/uploads\/2024\/10\/cropped-cropped-escapada-rural-icon-mag-3.png","width":512,"height":512,"caption":"EscapadaRural"},"image":{"@id":"https:\/\/www.escapadarural.com\/blog\/#\/schema\/logo\/image\/"},"sameAs":["https:\/\/www.facebook.com\/escapadarural","https:\/\/www.instagram.com\/escapadarural\/","https:\/\/www.youtube.com\/@escapadaruralcom"]},{"@type":"Person","@id":"https:\/\/www.escapadarural.com\/blog\/#\/schema\/person\/ac6969ba5ab90987dda9465be409d6b3","name":"Jos\u00e9 Alejandro Adamuz","image":{"@type":"ImageObject","inLanguage":"es","@id":"https:\/\/www.escapadarural.com\/blog\/wp-content\/uploads\/2025\/02\/cropped-jose_alejandro_viajar-96x96.webp","url":"https:\/\/www.escapadarural.com\/blog\/wp-content\/uploads\/2025\/02\/cropped-jose_alejandro_viajar-96x96.webp","contentUrl":"https:\/\/www.escapadarural.com\/blog\/wp-content\/uploads\/2025\/02\/cropped-jose_alejandro_viajar-96x96.webp","caption":"Jos\u00e9 Alejandro Adamuz"},"description":"Soy licenciado en filolog\u00eda hisp\u00e1nica y periodista por vocaci\u00f3n. Tambi\u00e9n soy disl\u00e9xico, por lo que suelo confundir la derecha con la izquierda y los kil\u00f3metros con la literatura. Pero de momento me va bien as\u00ed. Colaboro habitualmente en diferentes medios haciendo cr\u00f3nica de viajes y periodismo cultural. Me gusta que los viajes cuenten historias y que las historias me hagan viajar.","sameAs":["https:\/\/viviratodaletra.com\/"],"url":"https:\/\/www.escapadarural.com\/blog\/autor\/josealejandro\/"}]}},"_links":{"self":[{"href":"https:\/\/www.escapadarural.com\/blog\/wp-json\/wp\/v2\/posts\/12044","targetHints":{"allow":["GET"]}}],"collection":[{"href":"https:\/\/www.escapadarural.com\/blog\/wp-json\/wp\/v2\/posts"}],"about":[{"href":"https:\/\/www.escapadarural.com\/blog\/wp-json\/wp\/v2\/types\/post"}],"author":[{"embeddable":true,"href":"https:\/\/www.escapadarural.com\/blog\/wp-json\/wp\/v2\/users\/112"}],"replies":[{"embeddable":true,"href":"https:\/\/www.escapadarural.com\/blog\/wp-json\/wp\/v2\/comments?post=12044"}],"version-history":[{"count":0,"href":"https:\/\/www.escapadarural.com\/blog\/wp-json\/wp\/v2\/posts\/12044\/revisions"}],"wp:featuredmedia":[{"embeddable":true,"href":"https:\/\/www.escapadarural.com\/blog\/wp-json\/wp\/v2\/media\/102463"}],"wp:attachment":[{"href":"https:\/\/www.escapadarural.com\/blog\/wp-json\/wp\/v2\/media?parent=12044"}],"wp:term":[{"taxonomy":"category","embeddable":true,"href":"https:\/\/www.escapadarural.com\/blog\/wp-json\/wp\/v2\/categories?post=12044"},{"taxonomy":"post_tag","embeddable":true,"href":"https:\/\/www.escapadarural.com\/blog\/wp-json\/wp\/v2\/tags?post=12044"}],"curies":[{"name":"wp","href":"https:\/\/api.w.org\/{rel}","templated":true}]}}