{"id":12104,"date":"2021-03-05T08:30:00","date_gmt":"2021-03-05T07:30:00","guid":{"rendered":"http:\/\/15.188.81.248\/2020\/03\/31\/imagenes-para-desear-ir-a-calatanazor\/"},"modified":"2024-12-23T19:07:16","modified_gmt":"2024-12-23T17:07:16","slug":"imagenes-para-desear-ir-a-calatanazor","status":"publish","type":"post","link":"https:\/\/www.escapadarural.com\/blog\/imagenes-para-desear-ir-a-calatanazor\/","title":{"rendered":"10 im\u00e1genes para enamorarse de Calata\u00f1azor (Soria)"},"content":{"rendered":"\n<figure class=\"wp-block-image size-large\"><a href=\"\/blog\/wp-content\/uploads\/2020\/03\/Calata\u00f1azor.jpg\"><img decoding=\"async\" src=\"\/blog\/wp-content\/uploads\/2020\/03\/Calata\u00f1azor.jpg\" alt=\"Calata\u00f1azor\" class=\"wp-image-18095\"\/><\/a><figcaption>Por Jose Arcos Aguilar<\/figcaption><\/figure>\n\n\n\n<p>La historia que situ\u00f3 a este pueblo de <a rel=\"noopener noreferrer\" href=\"https:\/\/www.escapadarural.com\/casas-rurales\/soria\" target=\"_blank\" class=\"rank-math-link\">Soria<\/a> en el mapa nunca sucedi\u00f3. Seg\u00fan la <a rel=\"noopener noreferrer\" href=\"https:\/\/www.condadodecastilla.es\/leyendas\/la-leyenda-de-la-batalla-de-calatanazor\/\" target=\"_blank\" class=\"rank-math-link\">leyenda<\/a>, \u201cEn Calata\u00f1azor, Almanzor perdi\u00f3 el tambor\u201d. Una frase que hace referencia a la derrota del militar y pol\u00edtico musulm\u00e1n por las tropas cristianas. Ser\u00eda la primera vez que Almanzor fuera vencido por los cristianos, supuestamente en la <strong>batalla de Calata\u00f1azor<\/strong>.<\/p>\n\n\n\n<!--more-->\n\n\n\n<p>\u201cLas fuentes contempor\u00e1neas tanto cristianas como musulmanas no mencionan ninguna batalla que tuviera lugar en Calata\u00f1azor\u201d, nos explica Javier Iglesia, autor de <em><a href=\"https:\/\/www.condadodecastilla.es\/historia\/\" class=\"rank-math-link\" target=\"_blank\">Condado de Castilla<\/a><\/em>, a EscapadaRural. \u201cSe trata de una batalla legendaria, es decir, que no ocurri\u00f3 realmente. Almanzor falleci\u00f3 por causas naturales, por el agravamiento de una artritis gotosa, en la localidad soriana de Medinaceli en el a\u00f1o 1002 al venir de su \u00faltima campa\u00f1a contra los reinos cristianos\u201d.<\/p>\n\n\n\n<p>La historia de su derrota en <a href=\"https:\/\/www.escapadarural.com\/casas-rurales\/calatanazor\" target=\"_blank\" aria-label=\"Calata\u00f1azor (opens in a new tab)\" rel=\"noreferrer noopener\" class=\"rank-math-link\">Calata\u00f1azor<\/a> se dio a conocer por el obispo Lucas de Tuy en el <em>Chronicon Mundi<\/em> en el siglo XIII, m\u00e1s de dos siglos despu\u00e9s. \u201cEl relato tiene numeroso errores hist\u00f3ricos y cronol\u00f3gicos\u201d, dice Iglesia. Esta versi\u00f3n se ha repetido en numerosos escritos hasta el siglo XX y el busto del militar se exhibe en una de las plazas del pueblo.<\/p>\n\n\n\n<p>Pero a Calata\u00f1azor no le hace falta haber derrotado a nadie para llamar la atenci\u00f3n del viajero. Su casco antiguo permanece pr\u00e1cticamente <strong>intacto desde la Edad Media<\/strong>. Las viviendas de los vecinos a\u00fan mantienen su arquitectura medieval realizada con piedra, ladrillo y adobe.<\/p>\n\n\n\n<p>Durante la conquista musulmana, Calata\u00f1azor \u2013que viene del \u00e1rabe <em>Qal\u2019at an-Nusur<\/em> (\u0642\u0644\u0639\u0629 \u0627\u0644\u0646\u0633\u0648\u0631), que puede ser traducido por \u00abCastillo de las \u00c1guilas\u00bb\u2013 fue frontera del califato con los reinos cristianos de Le\u00f3n y de Pamplona. Eso explica que su castillo, reconstruido por los Padilla en el siglo XII, originariamente fuera de estilo \u00e1rabe.<\/p>\n\n\n\n<p>Sus restos se levantan sobre el valle de la Sangre, el inmenso paisaje que rodea <a rel=\"noopener noreferrer\" href=\"https:\/\/www.condadodecastilla.es\/lugares\/calatanazor\/\" target=\"_blank\" class=\"rank-math-link\">Calata\u00f1azor<\/a> y que fue llamado as\u00ed por la supuesta batalla sanguinaria que se desarroll\u00f3 en el lugar entre cristianos y musulmanes.<\/p>\n\n\n\n<p>Los <strong>or\u00edgenes de Calata\u00f1azor<\/strong>, no obstante, son anteriores, de la \u00e9poca prerromana. \u201cMuy cerca del actual emplazamiento, en el pago de Los Castejones, se localiza un castro ar\u00e9vaco que es identificado con Voluce. La ciudad permaneci\u00f3 hasta la ca\u00edda del Imperio Romano\u201d, explica Iglesia.<\/p>\n\n\n\n<p>De estilo rom\u00e1nico se pueden visitar la ermita de la Soledad, la iglesia de Nuestra Se\u00f1ora del Castillo y las ruinas de San Juan Bautista. \u201cUno de los elementos m\u00e1s antiguos de Calata\u00f1azor es la <a rel=\"noopener noreferrer\" href=\"https:\/\/www.condadodecastilla.es\/cultura-sociedad\/arte\/necropolis-altomedieval-de-calatanazor\/\" target=\"_blank\" class=\"rank-math-link\">necr\u00f3polis altomedieval<\/a>\u201d, a\u00f1ade Javier Iglesia. Est\u00e1 situada a los pies del castillo y en ella \u201cSe pueden ver sepulcros antropomorfos excavados en la roca, pr\u00e1ctica muy habitual entre los siglos VII y XI en las comunidades cristianas\u201d.<\/p>\n\n\n\n<figure class=\"wp-block-image size-large\"><a href=\"\/blog\/wp-content\/uploads\/2020\/03\/calata\u00f1azor2.jpg\"><img decoding=\"async\" src=\"\/blog\/wp-content\/uploads\/2020\/03\/calata\u00f1azor2.jpg\" alt=\"Calata\u00f1azor\" class=\"wp-image-18094\"\/><\/a><figcaption>Por jon_chica<\/figcaption><\/figure>\n\n\n\n<figure class=\"wp-block-image size-large\"><a href=\"\/blog\/wp-content\/uploads\/2020\/03\/calata\u00f1azor_castillo.jpg\"><img decoding=\"async\" src=\"\/blog\/wp-content\/uploads\/2020\/03\/calata\u00f1azor_castillo.jpg\" alt=\"Calata\u00f1azor\" class=\"wp-image-18093\"\/><\/a><figcaption>Por qarthadast<\/figcaption><\/figure>\n\n\n\n<figure class=\"wp-block-image size-large\"><a href=\"\/blog\/wp-content\/uploads\/2020\/03\/calata\u00f1azor_vista-aerea.jpg\"><img decoding=\"async\" src=\"\/blog\/wp-content\/uploads\/2020\/03\/calata\u00f1azor_vista-aerea.jpg\" alt=\"Calata\u00f1azor\" class=\"wp-image-18092\"\/><\/a><figcaption>Por Evan Frank<\/figcaption><\/figure>\n\n\n\n<figure class=\"wp-block-image size-large\"><a href=\"\/blog\/wp-content\/uploads\/2020\/03\/calata\u00f1azor_pueblo.jpg\"><img decoding=\"async\" src=\"\/blog\/wp-content\/uploads\/2020\/03\/calata\u00f1azor_pueblo.jpg\" alt=\"Calata\u00f1azor\" class=\"wp-image-18091\"\/><\/a><figcaption>Por curto<\/figcaption><\/figure>\n\n\n\n<figure class=\"wp-block-image size-large\"><a href=\"\/blog\/wp-content\/uploads\/2020\/03\/calata\u00f1azor_soria.jpg\"><img decoding=\"async\" src=\"\/blog\/wp-content\/uploads\/2020\/03\/calata\u00f1azor_soria.jpg\" alt=\"Calata\u00f1azor\" class=\"wp-image-18090\"\/><\/a><figcaption>Por jon_chica<\/figcaption><\/figure>\n\n\n\n<figure class=\"wp-block-image size-large\"><a href=\"\/blog\/wp-content\/uploads\/2020\/03\/Calata\u00f1azor-calles.jpg\"><img decoding=\"async\" src=\"\/blog\/wp-content\/uploads\/2020\/03\/Calata\u00f1azor-calles.jpg\" alt=\"Calata\u00f1azor\" class=\"wp-image-18089\"\/><\/a><figcaption>Por jon_chica<\/figcaption><\/figure>\n\n\n\n<figure class=\"wp-block-image size-large\"><a href=\"\/blog\/wp-content\/uploads\/2020\/03\/Calata\u00f1azor-iglesia.jpg\"><img decoding=\"async\" src=\"\/blog\/wp-content\/uploads\/2020\/03\/Calata\u00f1azor-iglesia.jpg\" alt=\"Calata\u00f1azor\" class=\"wp-image-18088\"\/><\/a><figcaption>Por Evan Frank<\/figcaption><\/figure>\n\n\n\n<figure class=\"wp-block-image size-large\"><a href=\"\/blog\/wp-content\/uploads\/2020\/03\/calata\u00f1azor_castillo2.jpg\"><img decoding=\"async\" src=\"\/blog\/wp-content\/uploads\/2020\/03\/calata\u00f1azor_castillo2.jpg\" alt=\"Calata\u00f1azor\" class=\"wp-image-18087\"\/><\/a><figcaption>Por curto<\/figcaption><\/figure>\n\n\n\n<figure class=\"wp-block-image size-large\"><a href=\"\/blog\/wp-content\/uploads\/2020\/03\/calata\u00f1azor_paisaje.jpg\"><img decoding=\"async\" src=\"\/blog\/wp-content\/uploads\/2020\/03\/calata\u00f1azor_paisaje.jpg\" alt=\"Calata\u00f1azor\" class=\"wp-image-18086\"\/><\/a><figcaption>Por vicenfoto<\/figcaption><\/figure>\n\n\n\n<div class=\"wp-block-buttons is-layout-flex wp-block-buttons-is-layout-flex\">\n<div class=\"wp-block-button\"><a class=\"wp-block-button__link\" href=\"https:\/\/www.escapadarural.com\/casas-rurales\/calatanazor\">Casas rurales en Calata\u00f1azor<\/a><\/div>\n<\/div>\n","protected":false},"excerpt":{"rendered":"<p>Dice la leyenda que \u201cEn Calata\u00f1azor, Almanzor perdi\u00f3 el tambor\u201d. Una frase que hace referencia a la derrota del militar y pol\u00edtico musulm\u00e1n por las tropas cristianas. Ser\u00eda la primera vez que Almanzor fuera vencido por los cristianos, supuestamente en la batalla de Calata\u00f1azor. Sin embargo, la historia que situ\u00f3 a este pueblo de Soria en el mapa, seg\u00fan varios estudios, nunca sucedi\u00f3.<\/p>\n","protected":false},"author":89,"featured_media":92279,"comment_status":"open","ping_status":"closed","sticky":false,"template":"","format":"standard","meta":{"_acf_changed":false,"om_disable_all_campaigns":false,"footnotes":""},"categories":[191],"tags":[778,3159,5995,1484,215,212,1278,321],"class_list":["post-12104","post","type-post","status-publish","format-standard","has-post-thumbnail","hentry","category-destinos","tag-arabe","tag-calatanazor","tag-que-ver-en-castilla-y-leon","tag-fotos","tag-listado","tag-pueblos","tag-pueblos-medievales","tag-que-ver-en-soria"],"acf":[],"featured_image_src":"https:\/\/www.escapadarural.com\/blog\/wp-content\/uploads\/2024\/10\/Calatanazor.jpg","author_info":{"display_name":"Laura Fern\u00e1ndez","author_link":"https:\/\/www.escapadarural.com\/blog\/autor\/laura\/"},"yoast_head":"<!-- This site is optimized with the Yoast SEO plugin v27.5 - https:\/\/yoast.com\/product\/yoast-seo-wordpress\/ -->\n<title>10 im\u00e1genes para enamorarse de Calata\u00f1azor (Soria) - EscapadaRural<\/title>\n<meta name=\"robots\" content=\"index, follow, max-snippet:-1, max-image-preview:large, max-video-preview:-1\" \/>\n<link rel=\"canonical\" href=\"https:\/\/www.escapadarural.com\/blog\/imagenes-para-desear-ir-a-calatanazor\/\" \/>\n<meta property=\"og:locale\" content=\"es_ES\" \/>\n<meta property=\"og:type\" content=\"article\" \/>\n<meta property=\"og:title\" content=\"10 im\u00e1genes para enamorarse de Calata\u00f1azor (Soria) - EscapadaRural\" \/>\n<meta property=\"og:description\" content=\"Dice la leyenda que \u201cEn Calata\u00f1azor, Almanzor perdi\u00f3 el tambor\u201d. Una frase que hace referencia a la derrota del militar y pol\u00edtico musulm\u00e1n por las tropas cristianas. Ser\u00eda la primera vez que Almanzor fuera vencido por los cristianos, supuestamente en la batalla de Calata\u00f1azor. Sin embargo, la historia que situ\u00f3 a este pueblo de Soria en el mapa, seg\u00fan varios estudios, nunca sucedi\u00f3.\" \/>\n<meta property=\"og:url\" content=\"https:\/\/www.escapadarural.com\/blog\/imagenes-para-desear-ir-a-calatanazor\/\" \/>\n<meta property=\"og:site_name\" content=\"Magazine de viajes de EscapadaRural\" \/>\n<meta property=\"article:publisher\" content=\"https:\/\/www.facebook.com\/escapadarural\" \/>\n<meta property=\"article:published_time\" content=\"2021-03-05T07:30:00+00:00\" \/>\n<meta property=\"article:modified_time\" content=\"2024-12-23T17:07:16+00:00\" \/>\n<meta property=\"og:image\" content=\"https:\/\/www.escapadarural.com\/blog\/wp-content\/uploads\/2024\/10\/Calatanazor.jpg\" \/>\n\t<meta property=\"og:image:width\" content=\"1024\" \/>\n\t<meta property=\"og:image:height\" content=\"682\" \/>\n\t<meta property=\"og:image:type\" content=\"image\/jpeg\" \/>\n<meta name=\"author\" content=\"Laura Fern\u00e1ndez\" \/>\n<meta name=\"twitter:card\" content=\"summary_large_image\" \/>\n<meta name=\"twitter:label1\" content=\"Escrito por\" \/>\n\t<meta name=\"twitter:data1\" content=\"Laura Fern\u00e1ndez\" \/>\n\t<meta name=\"twitter:label2\" content=\"Tiempo de lectura\" \/>\n\t<meta name=\"twitter:data2\" content=\"3 minutos\" \/>\n<script type=\"application\/ld+json\" class=\"yoast-schema-graph\">{\"@context\":\"https:\\\/\\\/schema.org\",\"@graph\":[{\"@type\":\"Article\",\"@id\":\"https:\\\/\\\/www.escapadarural.com\\\/blog\\\/imagenes-para-desear-ir-a-calatanazor\\\/#article\",\"isPartOf\":{\"@id\":\"https:\\\/\\\/www.escapadarural.com\\\/blog\\\/imagenes-para-desear-ir-a-calatanazor\\\/\"},\"author\":{\"name\":\"Laura Fern\u00e1ndez\",\"@id\":\"https:\\\/\\\/www.escapadarural.com\\\/blog\\\/#\\\/schema\\\/person\\\/a9b46ae4d047d8a2c719f31e75206cff\"},\"headline\":\"10 im\u00e1genes para enamorarse de Calata\u00f1azor (Soria)\",\"datePublished\":\"2021-03-05T07:30:00+00:00\",\"dateModified\":\"2024-12-23T17:07:16+00:00\",\"mainEntityOfPage\":{\"@id\":\"https:\\\/\\\/www.escapadarural.com\\\/blog\\\/imagenes-para-desear-ir-a-calatanazor\\\/\"},\"wordCount\":514,\"commentCount\":5,\"publisher\":{\"@id\":\"https:\\\/\\\/www.escapadarural.com\\\/blog\\\/#organization\"},\"image\":{\"@id\":\"https:\\\/\\\/www.escapadarural.com\\\/blog\\\/imagenes-para-desear-ir-a-calatanazor\\\/#primaryimage\"},\"thumbnailUrl\":\"https:\\\/\\\/www.escapadarural.com\\\/blog\\\/wp-content\\\/uploads\\\/2024\\\/10\\\/Calatanazor.jpg\",\"keywords\":[\"\u00c1rabe\",\"Calata\u00f1azor\",\"Castilla y Le\u00f3n\",\"Fotos\",\"Listado\",\"pueblos\",\"pueblos medievales\",\"Soria\"],\"articleSection\":[\"Destinos\"],\"inLanguage\":\"es\",\"potentialAction\":[{\"@type\":\"CommentAction\",\"name\":\"Comment\",\"target\":[\"https:\\\/\\\/www.escapadarural.com\\\/blog\\\/imagenes-para-desear-ir-a-calatanazor\\\/#respond\"]}]},{\"@type\":\"WebPage\",\"@id\":\"https:\\\/\\\/www.escapadarural.com\\\/blog\\\/imagenes-para-desear-ir-a-calatanazor\\\/\",\"url\":\"https:\\\/\\\/www.escapadarural.com\\\/blog\\\/imagenes-para-desear-ir-a-calatanazor\\\/\",\"name\":\"10 im\u00e1genes para enamorarse de Calata\u00f1azor (Soria) - EscapadaRural\",\"isPartOf\":{\"@id\":\"https:\\\/\\\/www.escapadarural.com\\\/blog\\\/#website\"},\"primaryImageOfPage\":{\"@id\":\"https:\\\/\\\/www.escapadarural.com\\\/blog\\\/imagenes-para-desear-ir-a-calatanazor\\\/#primaryimage\"},\"image\":{\"@id\":\"https:\\\/\\\/www.escapadarural.com\\\/blog\\\/imagenes-para-desear-ir-a-calatanazor\\\/#primaryimage\"},\"thumbnailUrl\":\"https:\\\/\\\/www.escapadarural.com\\\/blog\\\/wp-content\\\/uploads\\\/2024\\\/10\\\/Calatanazor.jpg\",\"datePublished\":\"2021-03-05T07:30:00+00:00\",\"dateModified\":\"2024-12-23T17:07:16+00:00\",\"breadcrumb\":{\"@id\":\"https:\\\/\\\/www.escapadarural.com\\\/blog\\\/imagenes-para-desear-ir-a-calatanazor\\\/#breadcrumb\"},\"inLanguage\":\"es\",\"potentialAction\":[{\"@type\":\"ReadAction\",\"target\":[\"https:\\\/\\\/www.escapadarural.com\\\/blog\\\/imagenes-para-desear-ir-a-calatanazor\\\/\"]}]},{\"@type\":\"ImageObject\",\"inLanguage\":\"es\",\"@id\":\"https:\\\/\\\/www.escapadarural.com\\\/blog\\\/imagenes-para-desear-ir-a-calatanazor\\\/#primaryimage\",\"url\":\"https:\\\/\\\/www.escapadarural.com\\\/blog\\\/wp-content\\\/uploads\\\/2024\\\/10\\\/Calatanazor.jpg\",\"contentUrl\":\"https:\\\/\\\/www.escapadarural.com\\\/blog\\\/wp-content\\\/uploads\\\/2024\\\/10\\\/Calatanazor.jpg\",\"width\":1024,\"height\":682,\"caption\":\"Calata\u00f1azor, en Soria.\"},{\"@type\":\"BreadcrumbList\",\"@id\":\"https:\\\/\\\/www.escapadarural.com\\\/blog\\\/imagenes-para-desear-ir-a-calatanazor\\\/#breadcrumb\",\"itemListElement\":[{\"@type\":\"ListItem\",\"position\":1,\"name\":\"Inicio\",\"item\":\"https:\\\/\\\/www.escapadarural.com\\\/blog\\\/\"},{\"@type\":\"ListItem\",\"position\":2,\"name\":\"Destinos\",\"item\":\"https:\\\/\\\/www.escapadarural.com\\\/blog\\\/categoria\\\/destinos\\\/\"},{\"@type\":\"ListItem\",\"position\":3,\"name\":\"10 im\u00e1genes para enamorarse de Calata\u00f1azor (Soria)\"}]},{\"@type\":\"WebSite\",\"@id\":\"https:\\\/\\\/www.escapadarural.com\\\/blog\\\/#website\",\"url\":\"https:\\\/\\\/www.escapadarural.com\\\/blog\\\/\",\"name\":\"Blog de viajes | turismo rural, alojamientos e inspiraci\u00f3n\",\"description\":\"Alojamientos rurales e inspiraci\u00f3n para tus escapadas\",\"publisher\":{\"@id\":\"https:\\\/\\\/www.escapadarural.com\\\/blog\\\/#organization\"},\"alternateName\":\"Magazine de viajes de EscapadaRural\",\"potentialAction\":[{\"@type\":\"SearchAction\",\"target\":{\"@type\":\"EntryPoint\",\"urlTemplate\":\"https:\\\/\\\/www.escapadarural.com\\\/blog\\\/?s={search_term_string}\"},\"query-input\":{\"@type\":\"PropertyValueSpecification\",\"valueRequired\":true,\"valueName\":\"search_term_string\"}}],\"inLanguage\":\"es\"},{\"@type\":\"Organization\",\"@id\":\"https:\\\/\\\/www.escapadarural.com\\\/blog\\\/#organization\",\"name\":\"EscapadaRural\",\"url\":\"https:\\\/\\\/www.escapadarural.com\\\/blog\\\/\",\"logo\":{\"@type\":\"ImageObject\",\"inLanguage\":\"es\",\"@id\":\"https:\\\/\\\/www.escapadarural.com\\\/blog\\\/#\\\/schema\\\/logo\\\/image\\\/\",\"url\":\"https:\\\/\\\/www.escapadarural.com\\\/blog\\\/wp-content\\\/uploads\\\/2024\\\/10\\\/cropped-cropped-escapada-rural-icon-mag-3.png\",\"contentUrl\":\"https:\\\/\\\/www.escapadarural.com\\\/blog\\\/wp-content\\\/uploads\\\/2024\\\/10\\\/cropped-cropped-escapada-rural-icon-mag-3.png\",\"width\":512,\"height\":512,\"caption\":\"EscapadaRural\"},\"image\":{\"@id\":\"https:\\\/\\\/www.escapadarural.com\\\/blog\\\/#\\\/schema\\\/logo\\\/image\\\/\"},\"sameAs\":[\"https:\\\/\\\/www.facebook.com\\\/escapadarural\",\"https:\\\/\\\/www.instagram.com\\\/escapadarural\\\/\",\"https:\\\/\\\/www.youtube.com\\\/@escapadaruralcom\"]},{\"@type\":\"Person\",\"@id\":\"https:\\\/\\\/www.escapadarural.com\\\/blog\\\/#\\\/schema\\\/person\\\/a9b46ae4d047d8a2c719f31e75206cff\",\"name\":\"Laura Fern\u00e1ndez\",\"image\":{\"@type\":\"ImageObject\",\"inLanguage\":\"es\",\"@id\":\"https:\\\/\\\/www.escapadarural.com\\\/blog\\\/wp-content\\\/uploads\\\/2025\\\/01\\\/cropped-laura_raponchii-96x96.jpg\",\"url\":\"https:\\\/\\\/www.escapadarural.com\\\/blog\\\/wp-content\\\/uploads\\\/2025\\\/01\\\/cropped-laura_raponchii-96x96.jpg\",\"contentUrl\":\"https:\\\/\\\/www.escapadarural.com\\\/blog\\\/wp-content\\\/uploads\\\/2025\\\/01\\\/cropped-laura_raponchii-96x96.jpg\",\"caption\":\"Laura Fern\u00e1ndez\"},\"description\":\"Periodista, blogger y viajera. No necesariamente en ese orden. En ocasiones me despierto sin saber d\u00f3nde estoy. Adicta a los c\u00f3mics y a los noodles con salsa de cacahuete. Redactora en @escapadarural, colaboradora en la Conde Nast Traveler y en la Divinity. Mi casa: Meridiano180.\",\"sameAs\":[\"http:\\\/\\\/www.meridiano180.com\\\/\"],\"url\":\"https:\\\/\\\/www.escapadarural.com\\\/blog\\\/autor\\\/laura\\\/\"}]}<\/script>\n<!-- \/ Yoast SEO plugin. -->","yoast_head_json":{"title":"10 im\u00e1genes para enamorarse de Calata\u00f1azor (Soria) - EscapadaRural","robots":{"index":"index","follow":"follow","max-snippet":"max-snippet:-1","max-image-preview":"max-image-preview:large","max-video-preview":"max-video-preview:-1"},"canonical":"https:\/\/www.escapadarural.com\/blog\/imagenes-para-desear-ir-a-calatanazor\/","og_locale":"es_ES","og_type":"article","og_title":"10 im\u00e1genes para enamorarse de Calata\u00f1azor (Soria) - EscapadaRural","og_description":"Dice la leyenda que \u201cEn Calata\u00f1azor, Almanzor perdi\u00f3 el tambor\u201d. Una frase que hace referencia a la derrota del militar y pol\u00edtico musulm\u00e1n por las tropas cristianas. Ser\u00eda la primera vez que Almanzor fuera vencido por los cristianos, supuestamente en la batalla de Calata\u00f1azor. Sin embargo, la historia que situ\u00f3 a este pueblo de Soria en el mapa, seg\u00fan varios estudios, nunca sucedi\u00f3.","og_url":"https:\/\/www.escapadarural.com\/blog\/imagenes-para-desear-ir-a-calatanazor\/","og_site_name":"Magazine de viajes de EscapadaRural","article_publisher":"https:\/\/www.facebook.com\/escapadarural","article_published_time":"2021-03-05T07:30:00+00:00","article_modified_time":"2024-12-23T17:07:16+00:00","og_image":[{"width":1024,"height":682,"url":"https:\/\/www.escapadarural.com\/blog\/wp-content\/uploads\/2024\/10\/Calatanazor.jpg","type":"image\/jpeg"}],"author":"Laura Fern\u00e1ndez","twitter_card":"summary_large_image","twitter_misc":{"Escrito por":"Laura Fern\u00e1ndez","Tiempo de lectura":"3 minutos"},"schema":{"@context":"https:\/\/schema.org","@graph":[{"@type":"Article","@id":"https:\/\/www.escapadarural.com\/blog\/imagenes-para-desear-ir-a-calatanazor\/#article","isPartOf":{"@id":"https:\/\/www.escapadarural.com\/blog\/imagenes-para-desear-ir-a-calatanazor\/"},"author":{"name":"Laura Fern\u00e1ndez","@id":"https:\/\/www.escapadarural.com\/blog\/#\/schema\/person\/a9b46ae4d047d8a2c719f31e75206cff"},"headline":"10 im\u00e1genes para enamorarse de Calata\u00f1azor (Soria)","datePublished":"2021-03-05T07:30:00+00:00","dateModified":"2024-12-23T17:07:16+00:00","mainEntityOfPage":{"@id":"https:\/\/www.escapadarural.com\/blog\/imagenes-para-desear-ir-a-calatanazor\/"},"wordCount":514,"commentCount":5,"publisher":{"@id":"https:\/\/www.escapadarural.com\/blog\/#organization"},"image":{"@id":"https:\/\/www.escapadarural.com\/blog\/imagenes-para-desear-ir-a-calatanazor\/#primaryimage"},"thumbnailUrl":"https:\/\/www.escapadarural.com\/blog\/wp-content\/uploads\/2024\/10\/Calatanazor.jpg","keywords":["\u00c1rabe","Calata\u00f1azor","Castilla y Le\u00f3n","Fotos","Listado","pueblos","pueblos medievales","Soria"],"articleSection":["Destinos"],"inLanguage":"es","potentialAction":[{"@type":"CommentAction","name":"Comment","target":["https:\/\/www.escapadarural.com\/blog\/imagenes-para-desear-ir-a-calatanazor\/#respond"]}]},{"@type":"WebPage","@id":"https:\/\/www.escapadarural.com\/blog\/imagenes-para-desear-ir-a-calatanazor\/","url":"https:\/\/www.escapadarural.com\/blog\/imagenes-para-desear-ir-a-calatanazor\/","name":"10 im\u00e1genes para enamorarse de Calata\u00f1azor (Soria) - EscapadaRural","isPartOf":{"@id":"https:\/\/www.escapadarural.com\/blog\/#website"},"primaryImageOfPage":{"@id":"https:\/\/www.escapadarural.com\/blog\/imagenes-para-desear-ir-a-calatanazor\/#primaryimage"},"image":{"@id":"https:\/\/www.escapadarural.com\/blog\/imagenes-para-desear-ir-a-calatanazor\/#primaryimage"},"thumbnailUrl":"https:\/\/www.escapadarural.com\/blog\/wp-content\/uploads\/2024\/10\/Calatanazor.jpg","datePublished":"2021-03-05T07:30:00+00:00","dateModified":"2024-12-23T17:07:16+00:00","breadcrumb":{"@id":"https:\/\/www.escapadarural.com\/blog\/imagenes-para-desear-ir-a-calatanazor\/#breadcrumb"},"inLanguage":"es","potentialAction":[{"@type":"ReadAction","target":["https:\/\/www.escapadarural.com\/blog\/imagenes-para-desear-ir-a-calatanazor\/"]}]},{"@type":"ImageObject","inLanguage":"es","@id":"https:\/\/www.escapadarural.com\/blog\/imagenes-para-desear-ir-a-calatanazor\/#primaryimage","url":"https:\/\/www.escapadarural.com\/blog\/wp-content\/uploads\/2024\/10\/Calatanazor.jpg","contentUrl":"https:\/\/www.escapadarural.com\/blog\/wp-content\/uploads\/2024\/10\/Calatanazor.jpg","width":1024,"height":682,"caption":"Calata\u00f1azor, en Soria."},{"@type":"BreadcrumbList","@id":"https:\/\/www.escapadarural.com\/blog\/imagenes-para-desear-ir-a-calatanazor\/#breadcrumb","itemListElement":[{"@type":"ListItem","position":1,"name":"Inicio","item":"https:\/\/www.escapadarural.com\/blog\/"},{"@type":"ListItem","position":2,"name":"Destinos","item":"https:\/\/www.escapadarural.com\/blog\/categoria\/destinos\/"},{"@type":"ListItem","position":3,"name":"10 im\u00e1genes para enamorarse de Calata\u00f1azor (Soria)"}]},{"@type":"WebSite","@id":"https:\/\/www.escapadarural.com\/blog\/#website","url":"https:\/\/www.escapadarural.com\/blog\/","name":"Blog de viajes | turismo rural, alojamientos e inspiraci\u00f3n","description":"Alojamientos rurales e inspiraci\u00f3n para tus escapadas","publisher":{"@id":"https:\/\/www.escapadarural.com\/blog\/#organization"},"alternateName":"Magazine de viajes de EscapadaRural","potentialAction":[{"@type":"SearchAction","target":{"@type":"EntryPoint","urlTemplate":"https:\/\/www.escapadarural.com\/blog\/?s={search_term_string}"},"query-input":{"@type":"PropertyValueSpecification","valueRequired":true,"valueName":"search_term_string"}}],"inLanguage":"es"},{"@type":"Organization","@id":"https:\/\/www.escapadarural.com\/blog\/#organization","name":"EscapadaRural","url":"https:\/\/www.escapadarural.com\/blog\/","logo":{"@type":"ImageObject","inLanguage":"es","@id":"https:\/\/www.escapadarural.com\/blog\/#\/schema\/logo\/image\/","url":"https:\/\/www.escapadarural.com\/blog\/wp-content\/uploads\/2024\/10\/cropped-cropped-escapada-rural-icon-mag-3.png","contentUrl":"https:\/\/www.escapadarural.com\/blog\/wp-content\/uploads\/2024\/10\/cropped-cropped-escapada-rural-icon-mag-3.png","width":512,"height":512,"caption":"EscapadaRural"},"image":{"@id":"https:\/\/www.escapadarural.com\/blog\/#\/schema\/logo\/image\/"},"sameAs":["https:\/\/www.facebook.com\/escapadarural","https:\/\/www.instagram.com\/escapadarural\/","https:\/\/www.youtube.com\/@escapadaruralcom"]},{"@type":"Person","@id":"https:\/\/www.escapadarural.com\/blog\/#\/schema\/person\/a9b46ae4d047d8a2c719f31e75206cff","name":"Laura Fern\u00e1ndez","image":{"@type":"ImageObject","inLanguage":"es","@id":"https:\/\/www.escapadarural.com\/blog\/wp-content\/uploads\/2025\/01\/cropped-laura_raponchii-96x96.jpg","url":"https:\/\/www.escapadarural.com\/blog\/wp-content\/uploads\/2025\/01\/cropped-laura_raponchii-96x96.jpg","contentUrl":"https:\/\/www.escapadarural.com\/blog\/wp-content\/uploads\/2025\/01\/cropped-laura_raponchii-96x96.jpg","caption":"Laura Fern\u00e1ndez"},"description":"Periodista, blogger y viajera. No necesariamente en ese orden. En ocasiones me despierto sin saber d\u00f3nde estoy. Adicta a los c\u00f3mics y a los noodles con salsa de cacahuete. Redactora en @escapadarural, colaboradora en la Conde Nast Traveler y en la Divinity. Mi casa: Meridiano180.","sameAs":["http:\/\/www.meridiano180.com\/"],"url":"https:\/\/www.escapadarural.com\/blog\/autor\/laura\/"}]}},"_links":{"self":[{"href":"https:\/\/www.escapadarural.com\/blog\/wp-json\/wp\/v2\/posts\/12104","targetHints":{"allow":["GET"]}}],"collection":[{"href":"https:\/\/www.escapadarural.com\/blog\/wp-json\/wp\/v2\/posts"}],"about":[{"href":"https:\/\/www.escapadarural.com\/blog\/wp-json\/wp\/v2\/types\/post"}],"author":[{"embeddable":true,"href":"https:\/\/www.escapadarural.com\/blog\/wp-json\/wp\/v2\/users\/89"}],"replies":[{"embeddable":true,"href":"https:\/\/www.escapadarural.com\/blog\/wp-json\/wp\/v2\/comments?post=12104"}],"version-history":[{"count":0,"href":"https:\/\/www.escapadarural.com\/blog\/wp-json\/wp\/v2\/posts\/12104\/revisions"}],"wp:featuredmedia":[{"embeddable":true,"href":"https:\/\/www.escapadarural.com\/blog\/wp-json\/wp\/v2\/media\/92279"}],"wp:attachment":[{"href":"https:\/\/www.escapadarural.com\/blog\/wp-json\/wp\/v2\/media?parent=12104"}],"wp:term":[{"taxonomy":"category","embeddable":true,"href":"https:\/\/www.escapadarural.com\/blog\/wp-json\/wp\/v2\/categories?post=12104"},{"taxonomy":"post_tag","embeddable":true,"href":"https:\/\/www.escapadarural.com\/blog\/wp-json\/wp\/v2\/tags?post=12104"}],"curies":[{"name":"wp","href":"https:\/\/api.w.org\/{rel}","templated":true}]}}