{"id":12148,"date":"2022-11-11T09:30:00","date_gmt":"2022-11-11T08:30:00","guid":{"rendered":"http:\/\/15.188.81.248\/2019\/10\/31\/reconoces-estos-pueblos-de-montana\/"},"modified":"2025-06-19T09:53:48","modified_gmt":"2025-06-19T07:53:48","slug":"reconoces-estos-pueblos-de-montana","status":"publish","type":"post","link":"https:\/\/www.escapadarural.com\/blog\/reconoces-estos-pueblos-de-montana\/","title":{"rendered":"Test: \u00bfReconoces estos pueblos de monta\u00f1a?"},"content":{"rendered":"\n<figure class=\"wp-block-image size-large\"><a href=\"https:\/\/www.escapadarural.com\/blog\/wp-content\/uploads\/AdobeStock_224456733-scaled.jpeg\"><img decoding=\"async\" src=\"https:\/\/www.escapadarural.com\/blog\/wp-content\/uploads\/AdobeStock_224456733-1024x683.jpeg\" alt=\"Pueblos con encanto\" class=\"wp-image-49045\"\/><\/a><figcaption class=\"wp-element-caption\">Potes, Cantabria<\/figcaption><\/figure>\n\n\n\n<p>\u00bfPlaya o monta\u00f1a? En verano os mostramos algunas im\u00e1genes de los <a href=\"https:\/\/www.escapadarural.com\/blog\/sabes-que-pueblo-costero-es\/\" target=\"_blank\" rel=\"noopener noreferrer\">pueblos costeros m\u00e1s conocidos de Espa\u00f1a<\/a> y, casi casi, los adivinasteis todos.<\/p>\n\n\n\n<p>\u00bfCrees que reconocer\u00edas igual de bien a los de monta\u00f1a? Aqu\u00ed te dejamos algunos de los m\u00e1s representativos a ver si eres capaz de acertar m\u00e1s de la mitad. Apunta, porque todos son una opci\u00f3n perfecta para hacer una escapada rural este oto\u00f1o.<\/p>\n\n\n\n<script>(function(d,s,id){var js,fjs=d.getElementsByTagName(s)[0];if(d.getElementById(id))return;js=d.createElement(s);js.id=id;js.src='https:\/\/embed.playbuzz.com\/sdk.js';fjs.parentNode.insertBefore(js,fjs);}(document,'script','playbuzz-sdk'));<\/script><div class=\"playbuzz\" data-id=\"075a8459-25d1-44d7-88f2-0c5c6654a57f\" data-show-share=\"false\" data-show-info=\"false\"><\/div>\n\n\n<section class=\"wp-block-ub-post-grid ub-block-post-grid align  is-equal-height preserve-post-image-aspect-ratio\" style=\"\" id=\"ub-post-grid-\"><div class=\"ub-post-grid-items is-list\" style=\"row-gap: 32px; column-gap: 32px; \"><article id=\"post-56526\" class=\"ub-post-grid-item post-56526 post type-post status-publish format-standard has-post-thumbnail hentry category-destinos tag-andorra tag-esqui tag-estaciones-de-esqui tag-familia tag-que-ver-en-girona tag-que-ver-en-granada tag-que-ver-en-huesca tag-invierno tag-listado tag-que-ver-en-lleida tag-montana\" style=\"\"><div class=\"ub-block-post-grid-image\" style=\"\"><a href=\"https:\/\/www.escapadarural.com\/blog\/estaciones-de-esqui-con-actividades\/\" rel=\"bookmark\" aria-hidden=\"true\" tabindex=\"-1\"><img loading=\"lazy\" decoding=\"async\" width=\"1024\" height=\"683\" src=\"https:\/\/www.escapadarural.com\/blog\/wp-content\/uploads\/2024\/10\/BaqueiraBeret_10_SnowCAMP-1024x683-1.jpg\" class=\"attachment-full size-full\" alt=\"Casitas de colores, toboganes y juguetes instalados en la nieve cerca de una estaci\u00f3n de esqu\u00ed con telesillas, vallas y colinas nevadas al fondo. Dos personas de pie cerca de la valla.\" style=\"max-width: 600px; \" srcset=\"https:\/\/www.escapadarural.com\/blog\/wp-content\/uploads\/2024\/10\/BaqueiraBeret_10_SnowCAMP-1024x683-1-200x133.jpg 200w, https:\/\/www.escapadarural.com\/blog\/wp-content\/uploads\/2024\/10\/BaqueiraBeret_10_SnowCAMP-1024x683-1-300x200.jpg 300w, https:\/\/www.escapadarural.com\/blog\/wp-content\/uploads\/2024\/10\/BaqueiraBeret_10_SnowCAMP-1024x683-1-400x267.jpg 400w, https:\/\/www.escapadarural.com\/blog\/wp-content\/uploads\/2024\/10\/BaqueiraBeret_10_SnowCAMP-1024x683-1-600x400.jpg 600w, https:\/\/www.escapadarural.com\/blog\/wp-content\/uploads\/2024\/10\/BaqueiraBeret_10_SnowCAMP-1024x683-1-768x512.jpg 768w, https:\/\/www.escapadarural.com\/blog\/wp-content\/uploads\/2024\/10\/BaqueiraBeret_10_SnowCAMP-1024x683-1-800x534.jpg 800w, https:\/\/www.escapadarural.com\/blog\/wp-content\/uploads\/2024\/10\/BaqueiraBeret_10_SnowCAMP-1024x683-1.jpg 1024w\" sizes=\"auto, (max-width: 1024px) 100vw, 1024px\"><\/a><\/div><div class=\"ub-block-post-grid-text\" style=\"\"><div class=\"ub-block-post-grid-header-content\"><header class=\"ub-block-post-grid-header\"><h3 class=\"ub-block-post-grid-title\"><a style=\"\" href=\"https:\/\/www.escapadarural.com\/blog\/estaciones-de-esqui-con-actividades\/\" rel=\"bookmark\">6 estaciones de esqu\u00ed donde no solo se esqu\u00eda<\/a><\/h3><div class=\"ub-block-post-grid-author\" itemprop=\"author\"><a class=\"ub-text-link\" style=\"\" href=\"https:\/\/www.escapadarural.com\/blog\/autor\/alba\/\" itemprop=\"url\" rel=\"author\"><span itemprop=\"name\">Alba Feliz<\/span><\/a><\/div><time datetime=\"2026-01-02T08:00:00+01:00\" class=\"ub-block-post-grid-date\" style=\"\" itemprop=\"datePublished\">2 de enero de 2026<\/time><\/header><\/div><div class=\"ub-block-post-grid-excerpt\"><div class=\"ub-block-post-grid-excerpt-text\" style=\"\"><p>Las estaciones de esqu\u00ed son m\u00e1s que lugares que a los que se va a esquiar. Muchas de ellas cuentan con diferentes zonas con actividades de lo m\u00e1s diversas, adem\u00e1s de restaurantes donde comer con altura.<\/p>\n<\/div><\/div><\/div><\/article>\n<article id=\"post-9296\" class=\"ub-post-grid-item post-9296 post type-post status-publish format-standard has-post-thumbnail hentry category-alojamientos-rurales tag-que-ver-en-avila tag-que-ver-en-caceres tag-chimenea tag-esqui tag-familia tag-que-ver-en-huesca tag-invierno tag-jacuzzi tag-que-ver-en-leon tag-listado tag-que-ver-en-madrid tag-montana tag-ninos tag-pareja tag-que-ver-en-salamanca tag-que-ver-en-teruel tag-turismo-activo\" style=\"\"><div class=\"ub-block-post-grid-image\" style=\"\"><a href=\"https:\/\/www.escapadarural.com\/blog\/casas-rurales-cerca-de-pistas-de-esqui\/\" rel=\"bookmark\" aria-hidden=\"true\" tabindex=\"-1\"><img loading=\"lazy\" decoding=\"async\" width=\"2048\" height=\"1268\" src=\"https:\/\/www.escapadarural.com\/blog\/wp-content\/uploads\/2025\/11\/AdobeStock_417462575_nieve_familias-scaled.jpeg\" class=\"attachment-full size-full\" alt=\"Familia disfrutando de la nieve. Halfpoint.\" style=\"max-width: 600px; \" srcset=\"https:\/\/www.escapadarural.com\/blog\/wp-content\/uploads\/2025\/11\/AdobeStock_417462575_nieve_familias-200x124.jpeg 200w, https:\/\/www.escapadarural.com\/blog\/wp-content\/uploads\/2025\/11\/AdobeStock_417462575_nieve_familias-300x186.jpeg 300w, https:\/\/www.escapadarural.com\/blog\/wp-content\/uploads\/2025\/11\/AdobeStock_417462575_nieve_familias-400x248.jpeg 400w, https:\/\/www.escapadarural.com\/blog\/wp-content\/uploads\/2025\/11\/AdobeStock_417462575_nieve_familias-600x371.jpeg 600w, https:\/\/www.escapadarural.com\/blog\/wp-content\/uploads\/2025\/11\/AdobeStock_417462575_nieve_familias-768x476.jpeg 768w, https:\/\/www.escapadarural.com\/blog\/wp-content\/uploads\/2025\/11\/AdobeStock_417462575_nieve_familias-800x495.jpeg 800w, https:\/\/www.escapadarural.com\/blog\/wp-content\/uploads\/2025\/11\/AdobeStock_417462575_nieve_familias-1024x634.jpeg 1024w, https:\/\/www.escapadarural.com\/blog\/wp-content\/uploads\/2025\/11\/AdobeStock_417462575_nieve_familias-1200x743.jpeg 1200w, https:\/\/www.escapadarural.com\/blog\/wp-content\/uploads\/2025\/11\/AdobeStock_417462575_nieve_familias-1536x951.jpeg 1536w, https:\/\/www.escapadarural.com\/blog\/wp-content\/uploads\/2025\/11\/AdobeStock_417462575_nieve_familias-scaled.jpeg 2048w\" sizes=\"auto, (max-width: 2048px) 100vw, 2048px\"><\/a><\/div><div class=\"ub-block-post-grid-text\" style=\"\"><div class=\"ub-block-post-grid-header-content\"><header class=\"ub-block-post-grid-header\"><h3 class=\"ub-block-post-grid-title\"><a style=\"\" href=\"https:\/\/www.escapadarural.com\/blog\/casas-rurales-cerca-de-pistas-de-esqui\/\" rel=\"bookmark\">8 casas rurales cerca de pistas de esqu\u00ed (con chimenea, jacuzzi y reserva online)<\/a><\/h3><div class=\"ub-block-post-grid-author\" itemprop=\"author\"><a class=\"ub-text-link\" style=\"\" href=\"https:\/\/www.escapadarural.com\/blog\/autor\/admin\/\" itemprop=\"url\" rel=\"author\"><span itemprop=\"name\">Redacci\u00f3n ER<\/span><\/a><\/div><time datetime=\"2025-12-15T08:40:00+01:00\" class=\"ub-block-post-grid-date\" style=\"\" itemprop=\"datePublished\">15 de diciembre de 2025<\/time><\/header><\/div><div class=\"ub-block-post-grid-excerpt\"><div class=\"ub-block-post-grid-excerpt-text\" style=\"\"><p>Despu\u00e9s de una jornada esquiando no hay mejor plan que relajarse en una casa rural frente a una chimenea o en un jacuzzi.<\/p>\n<\/div><\/div><\/div><\/article>\n<article id=\"post-67707\" class=\"ub-post-grid-item post-67707 post type-post status-publish format-standard has-post-thumbnail hentry category-destinos tag-alt-urgell tag-andorra tag-que-ver-en-cataluna tag-familia tag-que-ver-en-lleida tag-montana tag-os-de-civis tag-periclave tag-pueblos tag-valles-del-valira\" style=\"\"><div class=\"ub-block-post-grid-image\" style=\"\"><a href=\"https:\/\/www.escapadarural.com\/blog\/os-de-civis\/\" rel=\"bookmark\" aria-hidden=\"true\" tabindex=\"-1\"><img loading=\"lazy\" decoding=\"async\" width=\"1024\" height=\"683\" src=\"https:\/\/www.escapadarural.com\/blog\/wp-content\/uploads\/2024\/10\/os-de-civis-catalonia-spain-two-cows-grazing-with-the-village-in-the-background-stockpack-adobe-stock-1024x683-1.jpg\" class=\"attachment-full size-full\" alt=\"Os de Civ\u00eds (Lleida). Por Manel Vinuesa\" style=\"max-width: 600px; \" srcset=\"https:\/\/www.escapadarural.com\/blog\/wp-content\/uploads\/2024\/10\/os-de-civis-catalonia-spain-two-cows-grazing-with-the-village-in-the-background-stockpack-adobe-stock-1024x683-1-200x133.jpg 200w, https:\/\/www.escapadarural.com\/blog\/wp-content\/uploads\/2024\/10\/os-de-civis-catalonia-spain-two-cows-grazing-with-the-village-in-the-background-stockpack-adobe-stock-1024x683-1-300x200.jpg 300w, https:\/\/www.escapadarural.com\/blog\/wp-content\/uploads\/2024\/10\/os-de-civis-catalonia-spain-two-cows-grazing-with-the-village-in-the-background-stockpack-adobe-stock-1024x683-1-400x267.jpg 400w, https:\/\/www.escapadarural.com\/blog\/wp-content\/uploads\/2024\/10\/os-de-civis-catalonia-spain-two-cows-grazing-with-the-village-in-the-background-stockpack-adobe-stock-1024x683-1-600x400.jpg 600w, https:\/\/www.escapadarural.com\/blog\/wp-content\/uploads\/2024\/10\/os-de-civis-catalonia-spain-two-cows-grazing-with-the-village-in-the-background-stockpack-adobe-stock-1024x683-1-768x512.jpg 768w, https:\/\/www.escapadarural.com\/blog\/wp-content\/uploads\/2024\/10\/os-de-civis-catalonia-spain-two-cows-grazing-with-the-village-in-the-background-stockpack-adobe-stock-1024x683-1-800x534.jpg 800w, https:\/\/www.escapadarural.com\/blog\/wp-content\/uploads\/2024\/10\/os-de-civis-catalonia-spain-two-cows-grazing-with-the-village-in-the-background-stockpack-adobe-stock-1024x683-1.jpg 1024w\" sizes=\"auto, (max-width: 1024px) 100vw, 1024px\"><\/a><\/div><div class=\"ub-block-post-grid-text\" style=\"\"><div class=\"ub-block-post-grid-header-content\"><header class=\"ub-block-post-grid-header\"><h3 class=\"ub-block-post-grid-title\"><a style=\"\" href=\"https:\/\/www.escapadarural.com\/blog\/os-de-civis\/\" rel=\"bookmark\">Os de Civ\u00eds, el pueblo espa\u00f1ol al que solo se puede llegar desde Andorra<\/a><\/h3><div class=\"ub-block-post-grid-author\" itemprop=\"author\"><a class=\"ub-text-link\" style=\"\" href=\"https:\/\/www.escapadarural.com\/blog\/autor\/carmenlopez\/\" itemprop=\"url\" rel=\"author\"><span itemprop=\"name\">Carmen L\u00f3pez<\/span><\/a><\/div><time datetime=\"2025-12-11T10:07:02+01:00\" class=\"ub-block-post-grid-date\" style=\"\" itemprop=\"datePublished\">11 de diciembre de 2025<\/time><\/header><\/div><div class=\"ub-block-post-grid-excerpt\"><div class=\"ub-block-post-grid-excerpt-text\" style=\"\"><p>Os de Civ\u00eds es uno de los pocos periclaves del mundo: solo se puede llegar atravesando territorio extranjero. Es, adem\u00e1s, precioso\u2026<\/p>\n<\/div><\/div><\/div><\/article>\n<article id=\"post-6545\" class=\"ub-post-grid-item post-6545 post type-post status-publish format-standard has-post-thumbnail hentry category-rutas-y-excursiones tag-que-ver-en-barcelona tag-bosque tag-que-ver-en-cataluna tag-listado tag-montana tag-montseny tag-parque-natural tag-podcast tag-rutas-en-el-montseny tag-senderismo tag-turismo-activo\" style=\"\"><div class=\"ub-block-post-grid-image\" style=\"\"><a href=\"https:\/\/www.escapadarural.com\/blog\/rutas-en-el-montseny\/\" rel=\"bookmark\" aria-hidden=\"true\" tabindex=\"-1\"><img loading=\"lazy\" decoding=\"async\" width=\"1024\" height=\"576\" src=\"https:\/\/www.escapadarural.com\/blog\/wp-content\/uploads\/2024\/12\/02_LoMasRutas_Montseny_Miguel_AdobeStock_404321245_WP02.webp\" class=\"attachment-full size-full\" alt=\"El Montseny, un enclave espectacular para practicar senderismo muy cerca de Barcelona capital.\" style=\"max-width: 600px; \" srcset=\"https:\/\/www.escapadarural.com\/blog\/wp-content\/uploads\/2024\/12\/02_LoMasRutas_Montseny_Miguel_AdobeStock_404321245_WP02-200x113.webp 200w, https:\/\/www.escapadarural.com\/blog\/wp-content\/uploads\/2024\/12\/02_LoMasRutas_Montseny_Miguel_AdobeStock_404321245_WP02-300x169.webp 300w, https:\/\/www.escapadarural.com\/blog\/wp-content\/uploads\/2024\/12\/02_LoMasRutas_Montseny_Miguel_AdobeStock_404321245_WP02-400x225.webp 400w, https:\/\/www.escapadarural.com\/blog\/wp-content\/uploads\/2024\/12\/02_LoMasRutas_Montseny_Miguel_AdobeStock_404321245_WP02-600x338.webp 600w, https:\/\/www.escapadarural.com\/blog\/wp-content\/uploads\/2024\/12\/02_LoMasRutas_Montseny_Miguel_AdobeStock_404321245_WP02-768x432.webp 768w, https:\/\/www.escapadarural.com\/blog\/wp-content\/uploads\/2024\/12\/02_LoMasRutas_Montseny_Miguel_AdobeStock_404321245_WP02-800x450.webp 800w, https:\/\/www.escapadarural.com\/blog\/wp-content\/uploads\/2024\/12\/02_LoMasRutas_Montseny_Miguel_AdobeStock_404321245_WP02.webp 1024w\" sizes=\"auto, (max-width: 1024px) 100vw, 1024px\"><\/a><\/div><div class=\"ub-block-post-grid-text\" style=\"\"><div class=\"ub-block-post-grid-header-content\"><header class=\"ub-block-post-grid-header\"><h3 class=\"ub-block-post-grid-title\"><a style=\"\" href=\"https:\/\/www.escapadarural.com\/blog\/rutas-en-el-montseny\/\" rel=\"bookmark\">Montseny esencial: 10 rutas que no te puedes perder en la joya natural de Barcelona<\/a><\/h3><div class=\"ub-block-post-grid-author\" itemprop=\"author\"><a class=\"ub-text-link\" style=\"\" href=\"https:\/\/www.escapadarural.com\/blog\/autor\/estelsoro\/\" itemprop=\"url\" rel=\"author\"><span itemprop=\"name\">Estel Soro G\u00f3mez<\/span><\/a><\/div><time datetime=\"2025-11-13T10:00:02+01:00\" class=\"ub-block-post-grid-date\" style=\"\" itemprop=\"datePublished\">13 de noviembre de 2025<\/time><\/header><\/div><div class=\"ub-block-post-grid-excerpt\"><div class=\"ub-block-post-grid-excerpt-text\" style=\"\"><p>Descubre 10 rutas por el Parque Natural del Montseny, la joya verde de Barcelona: naturaleza, leyendas y pueblos con encanto te esperan<\/p>\n<\/div><\/div><\/div><\/article>\n<article id=\"post-208060\" class=\"ub-post-grid-item post-208060 post type-post status-publish format-standard has-post-thumbnail hentry category-rutas-y-excursiones tag-que-ver-en-asturias tag-camino-de-santiago tag-camino-primitivo tag-hospitales tag-montana tag-montefurado tag-pola-de-allande tag-senderismo\" style=\"\"><div class=\"ub-block-post-grid-image\" style=\"\"><a href=\"https:\/\/www.escapadarural.com\/blog\/camino-santiago-primitivo-pola-de-allende-u-hospitales\/\" rel=\"bookmark\" aria-hidden=\"true\" tabindex=\"-1\"><img loading=\"lazy\" decoding=\"async\" width=\"1024\" height=\"771\" src=\"https:\/\/www.escapadarural.com\/blog\/wp-content\/uploads\/2025\/09\/IMG_20250809_091500.webp\" class=\"attachment-full size-full\" alt=\"Ruta de Hospitales del Camino de Santiago Primitivo, por encima de las nubes. Por Raquel Andr\u00e9s Dur\u00e0\" style=\"max-width: 600px; \" srcset=\"https:\/\/www.escapadarural.com\/blog\/wp-content\/uploads\/2025\/09\/IMG_20250809_091500-200x151.webp 200w, https:\/\/www.escapadarural.com\/blog\/wp-content\/uploads\/2025\/09\/IMG_20250809_091500-300x226.webp 300w, https:\/\/www.escapadarural.com\/blog\/wp-content\/uploads\/2025\/09\/IMG_20250809_091500-400x301.webp 400w, https:\/\/www.escapadarural.com\/blog\/wp-content\/uploads\/2025\/09\/IMG_20250809_091500-600x452.webp 600w, https:\/\/www.escapadarural.com\/blog\/wp-content\/uploads\/2025\/09\/IMG_20250809_091500-768x578.webp 768w, https:\/\/www.escapadarural.com\/blog\/wp-content\/uploads\/2025\/09\/IMG_20250809_091500-800x602.webp 800w, https:\/\/www.escapadarural.com\/blog\/wp-content\/uploads\/2025\/09\/IMG_20250809_091500.webp 1024w\" sizes=\"auto, (max-width: 1024px) 100vw, 1024px\"><\/a><\/div><div class=\"ub-block-post-grid-text\" style=\"\"><div class=\"ub-block-post-grid-header-content\"><header class=\"ub-block-post-grid-header\"><h3 class=\"ub-block-post-grid-title\"><a style=\"\" href=\"https:\/\/www.escapadarural.com\/blog\/camino-santiago-primitivo-pola-de-allende-u-hospitales\/\" rel=\"bookmark\">Hacer el Camino de Santiago por encima de las nubes<\/a><\/h3><div class=\"ub-block-post-grid-author\" itemprop=\"author\"><a class=\"ub-text-link\" style=\"\" href=\"https:\/\/www.escapadarural.com\/blog\/autor\/raquel\/\" itemprop=\"url\" rel=\"author\"><span itemprop=\"name\">Raquel Andr\u00e9s<\/span><\/a><\/div><time datetime=\"2025-10-11T08:55:00+02:00\" class=\"ub-block-post-grid-date\" style=\"\" itemprop=\"datePublished\">11 de octubre de 2025<\/time><\/header><\/div><div class=\"ub-block-post-grid-excerpt\"><div class=\"ub-block-post-grid-excerpt-text\" style=\"\"><p>En el Camino Primitivo hay que decidir si ir por pueblo (Pola de Allande) o por monta\u00f1a (Hospitales). \u00bfC\u00f3mo es cada alternativa?<\/p>\n<\/div><\/div><\/div><\/article>\n<article id=\"post-202955\" class=\"ub-post-grid-item post-202955 post type-post status-publish format-standard has-post-thumbnail hentry category-destinos tag-que-ver-en-alicante tag-comunidad-valenciana tag-montana tag-pozas-naturales tag-pueblo tag-rural tag-sella tag-senderismo\" style=\"\"><div class=\"ub-block-post-grid-image\" style=\"\"><a href=\"https:\/\/www.escapadarural.com\/blog\/sella-pueblo-interior-alicante\/\" rel=\"bookmark\" aria-hidden=\"true\" tabindex=\"-1\"><img loading=\"lazy\" decoding=\"async\" width=\"800\" height=\"600\" src=\"https:\/\/www.escapadarural.com\/blog\/wp-content\/uploads\/2025\/08\/font_major-5-scaled-e1676896017249-1.webp\" class=\"attachment-full size-full\" alt=\"Font Major, una de las pozas naturales de Sella (Alicante)\" style=\"max-width: 600px; \" srcset=\"https:\/\/www.escapadarural.com\/blog\/wp-content\/uploads\/2025\/08\/font_major-5-scaled-e1676896017249-1-200x150.webp 200w, https:\/\/www.escapadarural.com\/blog\/wp-content\/uploads\/2025\/08\/font_major-5-scaled-e1676896017249-1-300x225.webp 300w, https:\/\/www.escapadarural.com\/blog\/wp-content\/uploads\/2025\/08\/font_major-5-scaled-e1676896017249-1-400x300.webp 400w, https:\/\/www.escapadarural.com\/blog\/wp-content\/uploads\/2025\/08\/font_major-5-scaled-e1676896017249-1-600x450.webp 600w, https:\/\/www.escapadarural.com\/blog\/wp-content\/uploads\/2025\/08\/font_major-5-scaled-e1676896017249-1-768x576.webp 768w, https:\/\/www.escapadarural.com\/blog\/wp-content\/uploads\/2025\/08\/font_major-5-scaled-e1676896017249-1.webp 800w\" sizes=\"auto, (max-width: 800px) 100vw, 800px\"><\/a><\/div><div class=\"ub-block-post-grid-text\" style=\"\"><div class=\"ub-block-post-grid-header-content\"><header class=\"ub-block-post-grid-header\"><h3 class=\"ub-block-post-grid-title\"><a style=\"\" href=\"https:\/\/www.escapadarural.com\/blog\/sella-pueblo-interior-alicante\/\" rel=\"bookmark\">Lo tiene todo: el pueblo escondido en las monta\u00f1as de Alicante con mucho encanto, una preciosa Ruta del Agua y varias piscinas naturales<\/a><\/h3><div class=\"ub-block-post-grid-author\" itemprop=\"author\"><a class=\"ub-text-link\" style=\"\" href=\"https:\/\/www.escapadarural.com\/blog\/autor\/raquel\/\" itemprop=\"url\" rel=\"author\"><span itemprop=\"name\">Raquel Andr\u00e9s<\/span><\/a><\/div><time datetime=\"2025-08-16T07:55:00+02:00\" class=\"ub-block-post-grid-date\" style=\"\" itemprop=\"datePublished\">16 de agosto de 2025<\/time><\/header><\/div><div class=\"ub-block-post-grid-excerpt\"><div class=\"ub-block-post-grid-excerpt-text\" style=\"\"><p>Nos acercamos al empinado y pintoresco pueblo de Sella, entre monta\u00f1as. Es un destino refrescante en verano por sus pozas naturales<\/p>\n<\/div><\/div><\/div><\/article>\n<article id=\"post-204944\" class=\"ub-post-grid-item post-204944 post type-post status-publish format-standard has-post-thumbnail hentry category-destinos tag-cascada tag-que-ver-en-cataluna tag-que-ver-en-lleida tag-montana tag-pirineo-catalan tag-pirineos tag-refugio-climatico tag-senderismo tag-val-daran tag-vielha\" style=\"\"><div class=\"ub-block-post-grid-image\" style=\"\"><a href=\"https:\/\/www.escapadarural.com\/blog\/vielha-refugio-climatico-natural\/\" rel=\"bookmark\" aria-hidden=\"true\" tabindex=\"-1\"><img loading=\"lazy\" decoding=\"async\" width=\"1200\" height=\"797\" src=\"https:\/\/www.escapadarural.com\/blog\/wp-content\/uploads\/2025\/07\/AdobeStock_830569579_vielha-scaled-e1754476137389.webp\" class=\"attachment-full size-full\" alt=\"Vielha, capital del Valle de Ar\u00e1n. Por Joan Vadell.\" style=\"max-width: 600px; \"><\/a><\/div><div class=\"ub-block-post-grid-text\" style=\"\"><div class=\"ub-block-post-grid-header-content\"><header class=\"ub-block-post-grid-header\"><h3 class=\"ub-block-post-grid-title\"><a style=\"\" href=\"https:\/\/www.escapadarural.com\/blog\/vielha-refugio-climatico-natural\/\" rel=\"bookmark\">A 15 grados en julio: este precioso pueblo del Pirineo catal\u00e1n es un refugio clim\u00e1tico<\/a><\/h3><div class=\"ub-block-post-grid-author\" itemprop=\"author\"><a class=\"ub-text-link\" style=\"\" href=\"https:\/\/www.escapadarural.com\/blog\/autor\/carmenlopez\/\" itemprop=\"url\" rel=\"author\"><span itemprop=\"name\">Carmen L\u00f3pez<\/span><\/a><\/div><time datetime=\"2025-08-08T07:55:00+02:00\" class=\"ub-block-post-grid-date\" style=\"\" itemprop=\"datePublished\">8 de agosto de 2025<\/time><\/header><\/div><div class=\"ub-block-post-grid-excerpt\"><div class=\"ub-block-post-grid-excerpt-text\" style=\"\"><p>En Vielha, en el Val d\u2019Aran, la temperatura en verano poco tiene que ver con el calor. Los term\u00f3metros rara vez se acercan a los 30 grados.<\/p>\n<\/div><\/div><\/div><\/article>\n<article id=\"post-204175\" class=\"ub-post-grid-item post-204175 post type-post status-publish format-standard has-post-thumbnail hentry category-rutas-y-excursiones tag-cascadas tag-estudio tag-lagos tag-montana tag-rutas tag-senderismo tag-turismo-rural tag-verano\" style=\"\"><div class=\"ub-block-post-grid-image\" style=\"\"><a href=\"https:\/\/www.escapadarural.com\/blog\/rutas-preferidas-por-senderistas\/\" rel=\"bookmark\" aria-hidden=\"true\" tabindex=\"-1\"><img loading=\"lazy\" decoding=\"async\" width=\"1024\" height=\"683\" src=\"https:\/\/www.escapadarural.com\/blog\/wp-content\/uploads\/2023\/03\/AdobeStock_392666833.webp\" class=\"attachment-full size-full\" alt=\"Ruta por los Cahorros del r\u00edo Chillar. Por Fran Vargas\" style=\"max-width: 600px; \" srcset=\"https:\/\/www.escapadarural.com\/blog\/wp-content\/uploads\/2023\/03\/AdobeStock_392666833-200x133.webp 200w, https:\/\/www.escapadarural.com\/blog\/wp-content\/uploads\/2023\/03\/AdobeStock_392666833-300x200.webp 300w, https:\/\/www.escapadarural.com\/blog\/wp-content\/uploads\/2023\/03\/AdobeStock_392666833-400x267.webp 400w, https:\/\/www.escapadarural.com\/blog\/wp-content\/uploads\/2023\/03\/AdobeStock_392666833-600x400.webp 600w, https:\/\/www.escapadarural.com\/blog\/wp-content\/uploads\/2023\/03\/AdobeStock_392666833-768x512.webp 768w, https:\/\/www.escapadarural.com\/blog\/wp-content\/uploads\/2023\/03\/AdobeStock_392666833-800x534.webp 800w, https:\/\/www.escapadarural.com\/blog\/wp-content\/uploads\/2023\/03\/AdobeStock_392666833.webp 1024w\" sizes=\"auto, (max-width: 1024px) 100vw, 1024px\"><\/a><\/div><div class=\"ub-block-post-grid-text\" style=\"\"><div class=\"ub-block-post-grid-header-content\"><header class=\"ub-block-post-grid-header\"><h3 class=\"ub-block-post-grid-title\"><a style=\"\" href=\"https:\/\/www.escapadarural.com\/blog\/rutas-preferidas-por-senderistas\/\" rel=\"bookmark\">Las rutas de verano preferidas por los senderistas seg\u00fan un estudio de EscapadaRural: recorridos cortos que acaban en chapuz\u00f3n<\/a><\/h3><div class=\"ub-block-post-grid-author\" itemprop=\"author\"><a class=\"ub-text-link\" style=\"\" href=\"https:\/\/www.escapadarural.com\/blog\/autor\/laura\/\" itemprop=\"url\" rel=\"author\"><span itemprop=\"name\">Laura Fern\u00e1ndez<\/span><\/a><\/div><time datetime=\"2025-07-14T13:25:54+02:00\" class=\"ub-block-post-grid-date\" style=\"\" itemprop=\"datePublished\">14 de julio de 2025<\/time><\/header><\/div><div class=\"ub-block-post-grid-excerpt\"><div class=\"ub-block-post-grid-excerpt-text\" style=\"\"><p>Seg\u00fan un estudio realizado por EscapadaRural en colaboraci\u00f3n con Wikiloc, estas son las rutas preferidas de los senderistas<\/p>\n<\/div><\/div><\/div><\/article>\n<article id=\"post-199141\" class=\"ub-post-grid-item post-199141 post type-post status-publish format-standard has-post-thumbnail hentry category-rutas-y-excursiones tag-estella tag-lizarra tag-montana tag-montejurra tag-que-ver-en-navarra tag-senderismo\" style=\"\"><div class=\"ub-block-post-grid-image\" style=\"\"><a href=\"https:\/\/www.escapadarural.com\/blog\/subida-montejurra-navarra\/\" rel=\"bookmark\" aria-hidden=\"true\" tabindex=\"-1\"><img loading=\"lazy\" decoding=\"async\" width=\"2048\" height=\"1536\" src=\"https:\/\/www.escapadarural.com\/blog\/wp-content\/uploads\/2025\/04\/Montejurra_summits-scaled.jpeg\" class=\"attachment-full size-full\" alt=\"Cimas de Montejurra. Por Dd1495 (Wikipedia)\" style=\"max-width: 600px; \" srcset=\"https:\/\/www.escapadarural.com\/blog\/wp-content\/uploads\/2025\/04\/Montejurra_summits-200x150.jpeg 200w, https:\/\/www.escapadarural.com\/blog\/wp-content\/uploads\/2025\/04\/Montejurra_summits-300x225.jpeg 300w, https:\/\/www.escapadarural.com\/blog\/wp-content\/uploads\/2025\/04\/Montejurra_summits-400x300.jpeg 400w, https:\/\/www.escapadarural.com\/blog\/wp-content\/uploads\/2025\/04\/Montejurra_summits-600x450.jpeg 600w, https:\/\/www.escapadarural.com\/blog\/wp-content\/uploads\/2025\/04\/Montejurra_summits-768x576.jpeg 768w, https:\/\/www.escapadarural.com\/blog\/wp-content\/uploads\/2025\/04\/Montejurra_summits-800x600.jpeg 800w, https:\/\/www.escapadarural.com\/blog\/wp-content\/uploads\/2025\/04\/Montejurra_summits-1024x768.jpeg 1024w, https:\/\/www.escapadarural.com\/blog\/wp-content\/uploads\/2025\/04\/Montejurra_summits-1200x900.jpeg 1200w, https:\/\/www.escapadarural.com\/blog\/wp-content\/uploads\/2025\/04\/Montejurra_summits-1536x1152.jpeg 1536w, https:\/\/www.escapadarural.com\/blog\/wp-content\/uploads\/2025\/04\/Montejurra_summits-scaled.jpeg 2048w\" sizes=\"auto, (max-width: 2048px) 100vw, 2048px\"><\/a><\/div><div class=\"ub-block-post-grid-text\" style=\"\"><div class=\"ub-block-post-grid-header-content\"><header class=\"ub-block-post-grid-header\"><h3 class=\"ub-block-post-grid-title\"><a style=\"\" href=\"https:\/\/www.escapadarural.com\/blog\/subida-montejurra-navarra\/\" rel=\"bookmark\">Subida a Montejurra, la hist\u00f3rica cumbre de Navarra<\/a><\/h3><div class=\"ub-block-post-grid-author\" itemprop=\"author\"><a class=\"ub-text-link\" style=\"\" href=\"https:\/\/www.escapadarural.com\/blog\/autor\/raquel\/\" itemprop=\"url\" rel=\"author\"><span itemprop=\"name\">Raquel Andr\u00e9s<\/span><\/a><\/div><time datetime=\"2025-04-27T08:00:00+02:00\" class=\"ub-block-post-grid-date\" style=\"\" itemprop=\"datePublished\">27 de abril de 2025<\/time><\/header><\/div><div class=\"ub-block-post-grid-excerpt\"><div class=\"ub-block-post-grid-excerpt-text\" style=\"\"><p>La monta\u00f1a de Montejurra tiene un valor simb\u00f3lico para el carlismo y para la historia de Navarra. Proponemos tres v\u00edas de ascenso<\/p>\n<\/div><\/div><\/div><\/article>\n<\/div><\/section>","protected":false},"excerpt":{"rendered":"<p>\u00bfPlaya o monta\u00f1a? En verano os mostramos algunas im\u00e1genes de los pueblos costeros m\u00e1s conocidos de Espa\u00f1a y, casi casi, los adivinasteis todos. \u00bfCrees que conoces igual de bien los de monta\u00f1a? Aqu\u00ed te dejamos algunos de los m\u00e1s representativos a ver si eres capaz de acertar m\u00e1s de la mitad. Apunta, porque todos son una opci\u00f3n perfecta para hacer una escapada rural este oto\u00f1o. <\/p>\n","protected":false},"author":89,"featured_media":17417,"comment_status":"open","ping_status":"closed","sticky":false,"template":"","format":"standard","meta":{"_acf_changed":false,"om_disable_all_campaigns":false,"footnotes":""},"categories":[1144],"tags":[703,2622,1835,4680,2059,435,2090,1271,407,410,728,672,212,1001,1177,2945,2109,1143,2035],"class_list":["post-12148","post","type-post","status-publish","format-standard","has-post-thumbnail","hentry","category-tests","tag-ainsa","tag-albarracin","tag-alcala-del-jucar","tag-arties","tag-cangas-de-onis","tag-frias","tag-gran-canaria","tag-la-alpujarra","tag-que-ver-en-madrid","tag-mallorca","tag-montana","tag-potes","tag-pueblos","tag-picos-de-europa","tag-sierra-de-albarracin","tag-sierra-de-madrid","tag-sierra-de-segura","tag-test","tag-zuheros"],"acf":[],"featured_image_src":"https:\/\/www.escapadarural.com\/blog\/wp-content\/uploads\/2020\/05\/potes8.jpg","author_info":{"display_name":"Laura Fern\u00e1ndez","author_link":"https:\/\/www.escapadarural.com\/blog\/autor\/laura\/"},"yoast_head":"<!-- This site is optimized with the Yoast SEO plugin v27.5 - https:\/\/yoast.com\/product\/yoast-seo-wordpress\/ -->\n<title>Test: \u00bfReconoces estos pueblos de monta\u00f1a? - EscapadaRural<\/title>\n<meta name=\"robots\" content=\"index, follow, max-snippet:-1, max-image-preview:large, max-video-preview:-1\" \/>\n<link rel=\"canonical\" href=\"https:\/\/www.escapadarural.com\/blog\/reconoces-estos-pueblos-de-montana\/\" \/>\n<meta property=\"og:locale\" content=\"es_ES\" \/>\n<meta property=\"og:type\" content=\"article\" \/>\n<meta property=\"og:title\" content=\"Test: \u00bfReconoces estos pueblos de monta\u00f1a? - EscapadaRural\" \/>\n<meta property=\"og:description\" content=\"\u00bfPlaya o monta\u00f1a? En verano os mostramos algunas im\u00e1genes de los pueblos costeros m\u00e1s conocidos de Espa\u00f1a y, casi casi, los adivinasteis todos. \u00bfCrees que conoces igual de bien los de monta\u00f1a? Aqu\u00ed te dejamos algunos de los m\u00e1s representativos a ver si eres capaz de acertar m\u00e1s de la mitad. Apunta, porque todos son una opci\u00f3n perfecta para hacer una escapada rural este oto\u00f1o.\" \/>\n<meta property=\"og:url\" content=\"https:\/\/www.escapadarural.com\/blog\/reconoces-estos-pueblos-de-montana\/\" \/>\n<meta property=\"og:site_name\" content=\"Magazine de viajes de EscapadaRural\" \/>\n<meta property=\"article:publisher\" content=\"https:\/\/www.facebook.com\/escapadarural\" \/>\n<meta property=\"article:published_time\" content=\"2022-11-11T08:30:00+00:00\" \/>\n<meta property=\"article:modified_time\" content=\"2025-06-19T07:53:48+00:00\" \/>\n<meta property=\"og:image\" content=\"https:\/\/app.escapadarural.com\/blog\/wp-content\/uploads\/2020\/05\/potes8.jpg\" \/>\n\t<meta property=\"og:image:width\" content=\"1024\" \/>\n\t<meta property=\"og:image:height\" content=\"576\" \/>\n\t<meta property=\"og:image:type\" content=\"image\/jpeg\" \/>\n<meta name=\"author\" content=\"Laura Fern\u00e1ndez\" \/>\n<meta name=\"twitter:card\" content=\"summary_large_image\" \/>\n<meta name=\"twitter:label1\" content=\"Escrito por\" \/>\n\t<meta name=\"twitter:data1\" content=\"Laura Fern\u00e1ndez\" \/>\n<script type=\"application\/ld+json\" class=\"yoast-schema-graph\">{\"@context\":\"https:\\\/\\\/schema.org\",\"@graph\":[{\"@type\":\"Article\",\"@id\":\"https:\\\/\\\/www.escapadarural.com\\\/blog\\\/reconoces-estos-pueblos-de-montana\\\/#article\",\"isPartOf\":{\"@id\":\"https:\\\/\\\/www.escapadarural.com\\\/blog\\\/reconoces-estos-pueblos-de-montana\\\/\"},\"author\":{\"name\":\"Laura Fern\u00e1ndez\",\"@id\":\"https:\\\/\\\/www.escapadarural.com\\\/blog\\\/#\\\/schema\\\/person\\\/a9b46ae4d047d8a2c719f31e75206cff\"},\"headline\":\"Test: \u00bfReconoces estos pueblos de monta\u00f1a?\",\"datePublished\":\"2022-11-11T08:30:00+00:00\",\"dateModified\":\"2025-06-19T07:53:48+00:00\",\"mainEntityOfPage\":{\"@id\":\"https:\\\/\\\/www.escapadarural.com\\\/blog\\\/reconoces-estos-pueblos-de-montana\\\/\"},\"wordCount\":85,\"commentCount\":14,\"publisher\":{\"@id\":\"https:\\\/\\\/www.escapadarural.com\\\/blog\\\/#organization\"},\"image\":{\"@id\":\"https:\\\/\\\/www.escapadarural.com\\\/blog\\\/reconoces-estos-pueblos-de-montana\\\/#primaryimage\"},\"thumbnailUrl\":\"https:\\\/\\\/www.escapadarural.com\\\/blog\\\/wp-content\\\/uploads\\\/2020\\\/05\\\/potes8.jpg\",\"keywords\":[\"A\u00ednsa\",\"Albarrac\u00edn\",\"Alcal\u00e1 del J\u00facar\",\"Art\u00edes\",\"Cangas de On\u00eds\",\"Fr\u00edas\",\"Gran Canaria\",\"La Alpujarra\",\"Madrid\",\"Mallorca\",\"monta\u00f1a\",\"Potes\",\"pueblos\",\"Qu\u00e9 ver en los Picos de Europa\",\"Sierra de Albarrac\u00edn\",\"Sierra de Madrid\",\"Sierra de Segura\",\"test\",\"Zuheros\"],\"articleSection\":[\"Tests\"],\"inLanguage\":\"es\",\"potentialAction\":[{\"@type\":\"CommentAction\",\"name\":\"Comment\",\"target\":[\"https:\\\/\\\/www.escapadarural.com\\\/blog\\\/reconoces-estos-pueblos-de-montana\\\/#respond\"]}]},{\"@type\":\"WebPage\",\"@id\":\"https:\\\/\\\/www.escapadarural.com\\\/blog\\\/reconoces-estos-pueblos-de-montana\\\/\",\"url\":\"https:\\\/\\\/www.escapadarural.com\\\/blog\\\/reconoces-estos-pueblos-de-montana\\\/\",\"name\":\"Test: \u00bfReconoces estos pueblos de monta\u00f1a? - EscapadaRural\",\"isPartOf\":{\"@id\":\"https:\\\/\\\/www.escapadarural.com\\\/blog\\\/#website\"},\"primaryImageOfPage\":{\"@id\":\"https:\\\/\\\/www.escapadarural.com\\\/blog\\\/reconoces-estos-pueblos-de-montana\\\/#primaryimage\"},\"image\":{\"@id\":\"https:\\\/\\\/www.escapadarural.com\\\/blog\\\/reconoces-estos-pueblos-de-montana\\\/#primaryimage\"},\"thumbnailUrl\":\"https:\\\/\\\/www.escapadarural.com\\\/blog\\\/wp-content\\\/uploads\\\/2020\\\/05\\\/potes8.jpg\",\"datePublished\":\"2022-11-11T08:30:00+00:00\",\"dateModified\":\"2025-06-19T07:53:48+00:00\",\"breadcrumb\":{\"@id\":\"https:\\\/\\\/www.escapadarural.com\\\/blog\\\/reconoces-estos-pueblos-de-montana\\\/#breadcrumb\"},\"inLanguage\":\"es\",\"potentialAction\":[{\"@type\":\"ReadAction\",\"target\":[\"https:\\\/\\\/www.escapadarural.com\\\/blog\\\/reconoces-estos-pueblos-de-montana\\\/\"]}]},{\"@type\":\"ImageObject\",\"inLanguage\":\"es\",\"@id\":\"https:\\\/\\\/www.escapadarural.com\\\/blog\\\/reconoces-estos-pueblos-de-montana\\\/#primaryimage\",\"url\":\"https:\\\/\\\/www.escapadarural.com\\\/blog\\\/wp-content\\\/uploads\\\/2020\\\/05\\\/potes8.jpg\",\"contentUrl\":\"https:\\\/\\\/www.escapadarural.com\\\/blog\\\/wp-content\\\/uploads\\\/2020\\\/05\\\/potes8.jpg\",\"width\":1024,\"height\":576,\"caption\":\"Potes, en Cantabria.. Por An\u00edbal Trejo\"},{\"@type\":\"BreadcrumbList\",\"@id\":\"https:\\\/\\\/www.escapadarural.com\\\/blog\\\/reconoces-estos-pueblos-de-montana\\\/#breadcrumb\",\"itemListElement\":[{\"@type\":\"ListItem\",\"position\":1,\"name\":\"Inicio\",\"item\":\"https:\\\/\\\/www.escapadarural.com\\\/blog\\\/\"},{\"@type\":\"ListItem\",\"position\":2,\"name\":\"Tests\",\"item\":\"https:\\\/\\\/www.escapadarural.com\\\/blog\\\/categoria\\\/tests\\\/\"},{\"@type\":\"ListItem\",\"position\":3,\"name\":\"Test: \u00bfReconoces estos pueblos de monta\u00f1a?\"}]},{\"@type\":\"WebSite\",\"@id\":\"https:\\\/\\\/www.escapadarural.com\\\/blog\\\/#website\",\"url\":\"https:\\\/\\\/www.escapadarural.com\\\/blog\\\/\",\"name\":\"Blog de viajes | turismo rural, alojamientos e inspiraci\u00f3n\",\"description\":\"Alojamientos rurales e inspiraci\u00f3n para tus escapadas\",\"publisher\":{\"@id\":\"https:\\\/\\\/www.escapadarural.com\\\/blog\\\/#organization\"},\"alternateName\":\"Magazine de viajes de EscapadaRural\",\"potentialAction\":[{\"@type\":\"SearchAction\",\"target\":{\"@type\":\"EntryPoint\",\"urlTemplate\":\"https:\\\/\\\/www.escapadarural.com\\\/blog\\\/?s={search_term_string}\"},\"query-input\":{\"@type\":\"PropertyValueSpecification\",\"valueRequired\":true,\"valueName\":\"search_term_string\"}}],\"inLanguage\":\"es\"},{\"@type\":\"Organization\",\"@id\":\"https:\\\/\\\/www.escapadarural.com\\\/blog\\\/#organization\",\"name\":\"EscapadaRural\",\"url\":\"https:\\\/\\\/www.escapadarural.com\\\/blog\\\/\",\"logo\":{\"@type\":\"ImageObject\",\"inLanguage\":\"es\",\"@id\":\"https:\\\/\\\/www.escapadarural.com\\\/blog\\\/#\\\/schema\\\/logo\\\/image\\\/\",\"url\":\"https:\\\/\\\/www.escapadarural.com\\\/blog\\\/wp-content\\\/uploads\\\/2024\\\/10\\\/cropped-cropped-escapada-rural-icon-mag-3.png\",\"contentUrl\":\"https:\\\/\\\/www.escapadarural.com\\\/blog\\\/wp-content\\\/uploads\\\/2024\\\/10\\\/cropped-cropped-escapada-rural-icon-mag-3.png\",\"width\":512,\"height\":512,\"caption\":\"EscapadaRural\"},\"image\":{\"@id\":\"https:\\\/\\\/www.escapadarural.com\\\/blog\\\/#\\\/schema\\\/logo\\\/image\\\/\"},\"sameAs\":[\"https:\\\/\\\/www.facebook.com\\\/escapadarural\",\"https:\\\/\\\/www.instagram.com\\\/escapadarural\\\/\",\"https:\\\/\\\/www.youtube.com\\\/@escapadaruralcom\"]},{\"@type\":\"Person\",\"@id\":\"https:\\\/\\\/www.escapadarural.com\\\/blog\\\/#\\\/schema\\\/person\\\/a9b46ae4d047d8a2c719f31e75206cff\",\"name\":\"Laura Fern\u00e1ndez\",\"image\":{\"@type\":\"ImageObject\",\"inLanguage\":\"es\",\"@id\":\"https:\\\/\\\/www.escapadarural.com\\\/blog\\\/wp-content\\\/uploads\\\/2025\\\/01\\\/cropped-laura_raponchii-96x96.jpg\",\"url\":\"https:\\\/\\\/www.escapadarural.com\\\/blog\\\/wp-content\\\/uploads\\\/2025\\\/01\\\/cropped-laura_raponchii-96x96.jpg\",\"contentUrl\":\"https:\\\/\\\/www.escapadarural.com\\\/blog\\\/wp-content\\\/uploads\\\/2025\\\/01\\\/cropped-laura_raponchii-96x96.jpg\",\"caption\":\"Laura Fern\u00e1ndez\"},\"description\":\"Periodista, blogger y viajera. No necesariamente en ese orden. En ocasiones me despierto sin saber d\u00f3nde estoy. Adicta a los c\u00f3mics y a los noodles con salsa de cacahuete. Redactora en @escapadarural, colaboradora en la Conde Nast Traveler y en la Divinity. Mi casa: Meridiano180.\",\"sameAs\":[\"http:\\\/\\\/www.meridiano180.com\\\/\"],\"url\":\"https:\\\/\\\/www.escapadarural.com\\\/blog\\\/autor\\\/laura\\\/\"}]}<\/script>\n<!-- \/ Yoast SEO plugin. -->","yoast_head_json":{"title":"Test: \u00bfReconoces estos pueblos de monta\u00f1a? - EscapadaRural","robots":{"index":"index","follow":"follow","max-snippet":"max-snippet:-1","max-image-preview":"max-image-preview:large","max-video-preview":"max-video-preview:-1"},"canonical":"https:\/\/www.escapadarural.com\/blog\/reconoces-estos-pueblos-de-montana\/","og_locale":"es_ES","og_type":"article","og_title":"Test: \u00bfReconoces estos pueblos de monta\u00f1a? - EscapadaRural","og_description":"\u00bfPlaya o monta\u00f1a? En verano os mostramos algunas im\u00e1genes de los pueblos costeros m\u00e1s conocidos de Espa\u00f1a y, casi casi, los adivinasteis todos. \u00bfCrees que conoces igual de bien los de monta\u00f1a? Aqu\u00ed te dejamos algunos de los m\u00e1s representativos a ver si eres capaz de acertar m\u00e1s de la mitad. Apunta, porque todos son una opci\u00f3n perfecta para hacer una escapada rural este oto\u00f1o.","og_url":"https:\/\/www.escapadarural.com\/blog\/reconoces-estos-pueblos-de-montana\/","og_site_name":"Magazine de viajes de EscapadaRural","article_publisher":"https:\/\/www.facebook.com\/escapadarural","article_published_time":"2022-11-11T08:30:00+00:00","article_modified_time":"2025-06-19T07:53:48+00:00","og_image":[{"width":1024,"height":576,"url":"https:\/\/app.escapadarural.com\/blog\/wp-content\/uploads\/2020\/05\/potes8.jpg","type":"image\/jpeg"}],"author":"Laura Fern\u00e1ndez","twitter_card":"summary_large_image","twitter_misc":{"Escrito por":"Laura Fern\u00e1ndez"},"schema":{"@context":"https:\/\/schema.org","@graph":[{"@type":"Article","@id":"https:\/\/www.escapadarural.com\/blog\/reconoces-estos-pueblos-de-montana\/#article","isPartOf":{"@id":"https:\/\/www.escapadarural.com\/blog\/reconoces-estos-pueblos-de-montana\/"},"author":{"name":"Laura Fern\u00e1ndez","@id":"https:\/\/www.escapadarural.com\/blog\/#\/schema\/person\/a9b46ae4d047d8a2c719f31e75206cff"},"headline":"Test: \u00bfReconoces estos pueblos de monta\u00f1a?","datePublished":"2022-11-11T08:30:00+00:00","dateModified":"2025-06-19T07:53:48+00:00","mainEntityOfPage":{"@id":"https:\/\/www.escapadarural.com\/blog\/reconoces-estos-pueblos-de-montana\/"},"wordCount":85,"commentCount":14,"publisher":{"@id":"https:\/\/www.escapadarural.com\/blog\/#organization"},"image":{"@id":"https:\/\/www.escapadarural.com\/blog\/reconoces-estos-pueblos-de-montana\/#primaryimage"},"thumbnailUrl":"https:\/\/www.escapadarural.com\/blog\/wp-content\/uploads\/2020\/05\/potes8.jpg","keywords":["A\u00ednsa","Albarrac\u00edn","Alcal\u00e1 del J\u00facar","Art\u00edes","Cangas de On\u00eds","Fr\u00edas","Gran Canaria","La Alpujarra","Madrid","Mallorca","monta\u00f1a","Potes","pueblos","Qu\u00e9 ver en los Picos de Europa","Sierra de Albarrac\u00edn","Sierra de Madrid","Sierra de Segura","test","Zuheros"],"articleSection":["Tests"],"inLanguage":"es","potentialAction":[{"@type":"CommentAction","name":"Comment","target":["https:\/\/www.escapadarural.com\/blog\/reconoces-estos-pueblos-de-montana\/#respond"]}]},{"@type":"WebPage","@id":"https:\/\/www.escapadarural.com\/blog\/reconoces-estos-pueblos-de-montana\/","url":"https:\/\/www.escapadarural.com\/blog\/reconoces-estos-pueblos-de-montana\/","name":"Test: \u00bfReconoces estos pueblos de monta\u00f1a? - EscapadaRural","isPartOf":{"@id":"https:\/\/www.escapadarural.com\/blog\/#website"},"primaryImageOfPage":{"@id":"https:\/\/www.escapadarural.com\/blog\/reconoces-estos-pueblos-de-montana\/#primaryimage"},"image":{"@id":"https:\/\/www.escapadarural.com\/blog\/reconoces-estos-pueblos-de-montana\/#primaryimage"},"thumbnailUrl":"https:\/\/www.escapadarural.com\/blog\/wp-content\/uploads\/2020\/05\/potes8.jpg","datePublished":"2022-11-11T08:30:00+00:00","dateModified":"2025-06-19T07:53:48+00:00","breadcrumb":{"@id":"https:\/\/www.escapadarural.com\/blog\/reconoces-estos-pueblos-de-montana\/#breadcrumb"},"inLanguage":"es","potentialAction":[{"@type":"ReadAction","target":["https:\/\/www.escapadarural.com\/blog\/reconoces-estos-pueblos-de-montana\/"]}]},{"@type":"ImageObject","inLanguage":"es","@id":"https:\/\/www.escapadarural.com\/blog\/reconoces-estos-pueblos-de-montana\/#primaryimage","url":"https:\/\/www.escapadarural.com\/blog\/wp-content\/uploads\/2020\/05\/potes8.jpg","contentUrl":"https:\/\/www.escapadarural.com\/blog\/wp-content\/uploads\/2020\/05\/potes8.jpg","width":1024,"height":576,"caption":"Potes, en Cantabria.. Por An\u00edbal Trejo"},{"@type":"BreadcrumbList","@id":"https:\/\/www.escapadarural.com\/blog\/reconoces-estos-pueblos-de-montana\/#breadcrumb","itemListElement":[{"@type":"ListItem","position":1,"name":"Inicio","item":"https:\/\/www.escapadarural.com\/blog\/"},{"@type":"ListItem","position":2,"name":"Tests","item":"https:\/\/www.escapadarural.com\/blog\/categoria\/tests\/"},{"@type":"ListItem","position":3,"name":"Test: \u00bfReconoces estos pueblos de monta\u00f1a?"}]},{"@type":"WebSite","@id":"https:\/\/www.escapadarural.com\/blog\/#website","url":"https:\/\/www.escapadarural.com\/blog\/","name":"Blog de viajes | turismo rural, alojamientos e inspiraci\u00f3n","description":"Alojamientos rurales e inspiraci\u00f3n para tus escapadas","publisher":{"@id":"https:\/\/www.escapadarural.com\/blog\/#organization"},"alternateName":"Magazine de viajes de EscapadaRural","potentialAction":[{"@type":"SearchAction","target":{"@type":"EntryPoint","urlTemplate":"https:\/\/www.escapadarural.com\/blog\/?s={search_term_string}"},"query-input":{"@type":"PropertyValueSpecification","valueRequired":true,"valueName":"search_term_string"}}],"inLanguage":"es"},{"@type":"Organization","@id":"https:\/\/www.escapadarural.com\/blog\/#organization","name":"EscapadaRural","url":"https:\/\/www.escapadarural.com\/blog\/","logo":{"@type":"ImageObject","inLanguage":"es","@id":"https:\/\/www.escapadarural.com\/blog\/#\/schema\/logo\/image\/","url":"https:\/\/www.escapadarural.com\/blog\/wp-content\/uploads\/2024\/10\/cropped-cropped-escapada-rural-icon-mag-3.png","contentUrl":"https:\/\/www.escapadarural.com\/blog\/wp-content\/uploads\/2024\/10\/cropped-cropped-escapada-rural-icon-mag-3.png","width":512,"height":512,"caption":"EscapadaRural"},"image":{"@id":"https:\/\/www.escapadarural.com\/blog\/#\/schema\/logo\/image\/"},"sameAs":["https:\/\/www.facebook.com\/escapadarural","https:\/\/www.instagram.com\/escapadarural\/","https:\/\/www.youtube.com\/@escapadaruralcom"]},{"@type":"Person","@id":"https:\/\/www.escapadarural.com\/blog\/#\/schema\/person\/a9b46ae4d047d8a2c719f31e75206cff","name":"Laura Fern\u00e1ndez","image":{"@type":"ImageObject","inLanguage":"es","@id":"https:\/\/www.escapadarural.com\/blog\/wp-content\/uploads\/2025\/01\/cropped-laura_raponchii-96x96.jpg","url":"https:\/\/www.escapadarural.com\/blog\/wp-content\/uploads\/2025\/01\/cropped-laura_raponchii-96x96.jpg","contentUrl":"https:\/\/www.escapadarural.com\/blog\/wp-content\/uploads\/2025\/01\/cropped-laura_raponchii-96x96.jpg","caption":"Laura Fern\u00e1ndez"},"description":"Periodista, blogger y viajera. No necesariamente en ese orden. En ocasiones me despierto sin saber d\u00f3nde estoy. Adicta a los c\u00f3mics y a los noodles con salsa de cacahuete. Redactora en @escapadarural, colaboradora en la Conde Nast Traveler y en la Divinity. Mi casa: Meridiano180.","sameAs":["http:\/\/www.meridiano180.com\/"],"url":"https:\/\/www.escapadarural.com\/blog\/autor\/laura\/"}]}},"_links":{"self":[{"href":"https:\/\/www.escapadarural.com\/blog\/wp-json\/wp\/v2\/posts\/12148","targetHints":{"allow":["GET"]}}],"collection":[{"href":"https:\/\/www.escapadarural.com\/blog\/wp-json\/wp\/v2\/posts"}],"about":[{"href":"https:\/\/www.escapadarural.com\/blog\/wp-json\/wp\/v2\/types\/post"}],"author":[{"embeddable":true,"href":"https:\/\/www.escapadarural.com\/blog\/wp-json\/wp\/v2\/users\/89"}],"replies":[{"embeddable":true,"href":"https:\/\/www.escapadarural.com\/blog\/wp-json\/wp\/v2\/comments?post=12148"}],"version-history":[{"count":0,"href":"https:\/\/www.escapadarural.com\/blog\/wp-json\/wp\/v2\/posts\/12148\/revisions"}],"wp:featuredmedia":[{"embeddable":true,"href":"https:\/\/www.escapadarural.com\/blog\/wp-json\/wp\/v2\/media\/17417"}],"wp:attachment":[{"href":"https:\/\/www.escapadarural.com\/blog\/wp-json\/wp\/v2\/media?parent=12148"}],"wp:term":[{"taxonomy":"category","embeddable":true,"href":"https:\/\/www.escapadarural.com\/blog\/wp-json\/wp\/v2\/categories?post=12148"},{"taxonomy":"post_tag","embeddable":true,"href":"https:\/\/www.escapadarural.com\/blog\/wp-json\/wp\/v2\/tags?post=12148"}],"curies":[{"name":"wp","href":"https:\/\/api.w.org\/{rel}","templated":true}]}}