{"id":12174,"date":"2019-11-26T09:30:11","date_gmt":"2019-11-26T09:30:11","guid":{"rendered":"http:\/\/15.188.81.248\/2019\/11\/26\/libros-para-llevarte-a-la-naturaleza\/"},"modified":"2025-02-11T16:47:23","modified_gmt":"2025-02-11T14:47:23","slug":"libros-para-llevarte-a-la-naturaleza","status":"publish","type":"post","link":"https:\/\/www.escapadarural.com\/blog\/libros-para-llevarte-a-la-naturaleza\/","title":{"rendered":"5 libros para llevarte a la naturaleza"},"content":{"rendered":"\n<figure class=\"wp-block-image size-large\"><a href=\"https:\/\/www.escapadarural.com\/blog\/wp-content\/uploads\/2019\/11\/leer.jpg\"><img decoding=\"async\" src=\"https:\/\/www.escapadarural.com\/blog\/wp-content\/uploads\/2019\/11\/leer.jpg\" alt=\"Libro\" class=\"wp-image-23065\"\/><\/a><figcaption class=\"wp-element-caption\">Por byheaven<\/figcaption><\/figure>\n\n\n\n<p>Ya tienes el lugar, la compa\u00f1\u00eda, el refugio escogido, incluso los planes; pero a\u00fan te falta lo m\u00e1s importante: un <a href=\"https:\/\/www.escapadarural.com\/blog\/escoge-un-lugar-y-te-recomendamos-un-libro\/\" target=\"_blank\" rel=\"noopener noreferrer\">buen libro<\/a> para disfrutar a tope de tu escapada rural. Y es que viajar con libros asegura un viaje doble: por los paisajes y por la p\u00e1ginas. Fueron los cl\u00e1sicos de la literatura juvenil \u2013aquel <em>Colmillo blanco<\/em>, de Jack London, o <em>El libro de la selva<\/em>, de Kipling, por ejemplo\u2013 los primeros que nos llevaron de viaje a la naturaleza.<\/p>\n\n\n\n<p>En todas aquellas historias siempre hab\u00eda algo que aprender: el amor por el medioambiente, el valor de la ecolog\u00eda o la importancia de la amistad. Sin duda, aquellos son libros que merecen una segunda (o tercera) lectura; pero si lo que buscas es algo m\u00e1s moderno para llevarte a los ojos, aqu\u00ed tienes <strong>cinco libros para viajar a la naturaleza<\/strong>.<\/p>\n\n\n\n<h2 class=\"wp-block-heading title-rute\" id=\"h-1-el-clasico-walden-de-henry-david-thoreau\"><strong>1.<\/strong> El cl\u00e1sico: <em>Walden<\/em>, de Henry David Thoreau<\/h2>\n\n\n<div class=\"wp-block-image\">\n<figure class=\"aligncenter size-large\"><a href=\"https:\/\/www.escapadarural.com\/blog\/wp-content\/uploads\/2019\/11\/Walden_Thoreau-2-1.jpg\"><img decoding=\"async\" src=\"https:\/\/www.escapadarural.com\/blog\/wp-content\/uploads\/2019\/11\/Walden_Thoreau-2-1.jpg\" alt=\"Walden\" class=\"wp-image-23064\"\/><\/a><figcaption class=\"wp-element-caption\">Por Ticknor and Fields<\/figcaption><\/figure>\n<\/div>\n\n\n<p>Ha sido la editorial Errata Naturae la que en cierta forma ha puesto de moda en Espa\u00f1a los libros sobre naturaleza \u2013en ingl\u00e9s, el <em>nature writing<\/em> es todo un g\u00e9nero literario de larga tradici\u00f3n\u2013 recuperando en espa\u00f1ol la mayor parte de la obra de Henry David Thoreau.<\/p>\n\n\n\n<p>Si hay que comenzar por alg\u00fan lugar con este autor, referente imprescindible tanto del ecologismo como del activismo antisistema, es con su obra m\u00e1s popular: <em>Walden<\/em>. En 1845, el solitario Thoreau dej\u00f3 su casa familiar en Massachusetts para instalarse en una caba\u00f1a en la laguna de Walden.<\/p>\n\n\n\n<p>Quer\u00eda experimentar una forma diferente de <strong>vida basada en el no-consumo y en el retorno a la naturaleza<\/strong>. \u201cQuer\u00eda vivir deliberadamente, enfrent\u00e1ndome s\u00f3lo a los hechos esenciales de la vida, y ver si pod\u00eda aprender lo que la vida ten\u00eda que ense\u00f1ar, no fuera que cuando estuviera por morir descubriera que no hab\u00eda vivido\u201d, escribi\u00f3.<\/p>\n\n\n\n<h2 class=\"wp-block-heading title-rute\" id=\"h-2-pionero-en-activismo-medioambiental-escritos-sobre-naturaleza-de-john-muir\"><strong>2.<\/strong> Pionero en activismo medioambiental: <em>Escritos sobre naturaleza<\/em>, de John Muir<\/h2>\n\n\n<div class=\"wp-block-image\">\n<figure class=\"aligncenter size-large\"><a href=\"https:\/\/www.escapadarural.com\/blog\/wp-content\/uploads\/2019\/11\/john-muir-2-1.jpg\"><img decoding=\"async\" src=\"https:\/\/www.escapadarural.com\/blog\/wp-content\/uploads\/2019\/11\/john-muir-2-1.jpg\" alt=\"Escritos sobre naturaleza\" class=\"wp-image-23063\"\/><\/a><figcaption class=\"wp-element-caption\">Por Librer\u00eda Desnivel<\/figcaption><\/figure>\n<\/div>\n\n\n<p>John Muir es el fundador del movimiento conservacionista en los Estados Unidos, el Sierra Club, que ayud\u00f3 a preservar Yosemite y el Parque Nacional de las Secuoyas, ya en 1892. Sin embargo, su nombre es mucho menos conocido fuera del c\u00edrculo anglosaj\u00f3n que el de Charles Darwin, Alexander von Humboldt o Henry David Thoreau. A esto ha venido a poner remedio la editorial independiente Capit\u00e1n Swing que se ha propuesto publicar sus textos fundamentales.<\/p>\n\n\n\n<p>Con una gran capacidad descriptiva, sus textos son un verdadero viaje a la <strong>naturaleza salvaje m\u00e1s evocadora<\/strong>. Hay una fotograf\u00eda suya sentado en una gran roca de Yosemite, lleva su bast\u00f3n para caminar tallado en madera, su inseparable sombrero y su larga barba (tambi\u00e9n fue pionero en barbas estilo hipster).<\/p>\n\n\n\n<p>Dice Macfarlane, que se encarga del pr\u00f3logo del libro, que \u201cJohn Muir fue cobrando la apariencia de las monta\u00f1as que adoraba\u201d.<\/p>\n\n\n\n<h2 class=\"wp-block-heading title-rute\" id=\"h-3-perfecto-para-una-escapada-rural-por-galicia-un-millon-de-vacas-manuel-rivas\"><strong>3.<\/strong> Perfecto para una escapada rural por Galicia: <em>Un mill\u00f3n de vacas<\/em>, Manuel Rivas<\/h2>\n\n\n<div class=\"wp-block-image\">\n<figure class=\"aligncenter size-large\"><a href=\"https:\/\/www.escapadarural.com\/blog\/wp-content\/uploads\/2019\/11\/un-millon-1-1.jpg\"><img decoding=\"async\" src=\"https:\/\/www.escapadarural.com\/blog\/wp-content\/uploads\/2019\/11\/un-millon-1-1.jpg\" alt=\"Un mill\u00f3n de vacas\" class=\"wp-image-23062\"\/><\/a><figcaption class=\"wp-element-caption\">Por Casa del libro<\/figcaption><\/figure>\n<\/div>\n\n\n<p>Hace tiempo que Manuel Rivas no requiere presentaci\u00f3n, pero por si acaso aqu\u00ed va una: su prosa es capaz de alumbrar aquella poes\u00eda m\u00e1s \u00edntima que tiene lo cotidiano. Tal vez porque se cri\u00f3 (y aprendi\u00f3 a narrar) en contacto con el <a href=\"https:\/\/www.escapadarural.com\/casas-rurales\/galicia\" target=\"_blank\" rel=\"noopener noreferrer\">mundo rural gallego<\/a>.<\/p>\n\n\n\n<p>Manuel Rivas tambi\u00e9n es un gran defensor de la naturaleza, fue uno de los fundadores de Greenpeace Espa\u00f1a. Tambi\u00e9n en septiembre de 1981 fue uno de los tripulantes del peque\u00f1o pesquero gallego que bloque\u00f3 a los mercantes que arrojaban bidones radioactivos en la Fosa Atl\u00e1ntica.<\/p>\n\n\n\n<p><em>Un mill\u00f3n de vacas<\/em> fue su segunda obra publicada y le vali\u00f3 en Espa\u00f1a el Premio de la Cr\u00edtica. Es un libro perfecto para leer de viaje porque se compone de diferentes <strong>relatos ambientados en las zonas rurales de Galicia<\/strong>.<\/p>\n\n\n\n<h2 class=\"wp-block-heading title-rute\" id=\"h-4-el-mundo-rural-tal-cual-tierra-de-mujeres-maria-sanchez\"><strong>4.<\/strong> El mundo rural tal cual: <em>Tierra de mujeres<\/em>, Mar\u00eda S\u00e1nchez<\/h2>\n\n\n<div class=\"wp-block-image\">\n<figure class=\"aligncenter size-large\"><a href=\"https:\/\/www.escapadarural.com\/blog\/wp-content\/uploads\/2019\/11\/tierra-mujeres-1.jpg\"><img decoding=\"async\" src=\"https:\/\/www.escapadarural.com\/blog\/wp-content\/uploads\/2019\/11\/tierra-mujeres-1.jpg\" alt=\"Tierra de Mujeres\" class=\"wp-image-23061\"\/><\/a><figcaption class=\"wp-element-caption\">Por Planeta de libros<\/figcaption><\/figure>\n<\/div>\n\n\n<p>En este t\u00edtulo, mezcla de ensayo y memorias, la autora del maravilloso poemario <em>Cuaderno de campo<\/em> (r\u00e9cord de reediciones desde 2017) hace una aproximaci\u00f3n realista (y en clave femenina) al mundo rural del interior de Espa\u00f1a. Sabe de lo que habla, pues es veterinaria de campo en la dehesa \u2013un oficio tradicionalmente copado por hombres\u2013, adem\u00e1s de escritora.<\/p>\n\n\n\n<p>Publicado por Ed. Seix Barral, este libro sirve para <strong>dar voz a las mujeres en el medio rural<\/strong>, para retratar el campo tal y como es, sin a\u00f1adidos y sin adjetivos buc\u00f3licos. Y nos recuerda la importancia de las pol\u00edticas medioambientales en un mundo que estamos perdiendo a marchas forzadas.<\/p>\n\n\n\n<h2 class=\"wp-block-heading title-rute\" id=\"h-5-habitando-el-mundo-poeticamente-laudatio-naturae-de-joaquin-araujo\"><strong>5.<\/strong> Habitando el mundo po\u00e9ticamente: <em>Laudatio Naturae<\/em>, de Joaqu\u00edn Ara\u00fajo<\/h2>\n\n\n<div class=\"wp-block-image\">\n<figure class=\"aligncenter size-large\"><a href=\"https:\/\/www.escapadarural.com\/blog\/wp-content\/uploads\/2019\/11\/laudito-1-1.jpg\"><img decoding=\"async\" src=\"https:\/\/www.escapadarural.com\/blog\/wp-content\/uploads\/2019\/11\/laudito-1-1.jpg\" alt=\"Laudito Naturae\" class=\"wp-image-23060\"\/><\/a><figcaption class=\"wp-element-caption\">Por Amazon<\/figcaption><\/figure>\n<\/div>\n\n\n<p>La L\u00ednea del Horizonte rinde tributo a Joaqu\u00edn Ara\u00fajo. \u201cEste hombre discreto\u201d, como lo define Antonio Mu\u00f1oz Molina, que ha hecho tanto por la defensa del mundo natural. Son 50 a\u00f1os que lleva al pie del ca\u00f1\u00f3n record\u00e1ndonos nuestra vinculaci\u00f3n inexcusable con la naturaleza. El mensaje es que a\u00fan es posible vivir en armon\u00eda en el medio natural.<\/p>\n\n\n\n<p>Este libro es una joya editada con doce textos que reconocen con admiraci\u00f3n las cinco d\u00e9cadas de trabajo de Joaqu\u00edn Ara\u00fajo.&nbsp;Reflexiones nacidas en el m\u00e1s <strong>\u00edntimo contacto con la naturaleza<\/strong> que trazan un camino a seguir. Doce textos \u2013entre otros de Antonio Mu\u00f1oz Molina, Mar\u00eda Novo, Jos\u00e9 Antonio Marina, Eduardo Mart\u00ednez de Pis\u00f3n, Julio Llamazares o Pilar Rubio Remiro\u2013 y un atrio a modo de pr\u00f3logo para experimentar sentimiento de la Natura.<\/p>\n\n\n\n<h2 class=\"wp-block-heading\" id=\"h-mira-mas-articulos-sobre-libros-y-mundo-rural\">Mira m\u00e1s art\u00edculos sobre libros y mundo rural<\/h2>\n\n\n<section class=\"wp-block-ub-post-grid ub-block-post-grid align  is-equal-height preserve-post-image-aspect-ratio\" style=\"\" id=\"ub-post-grid-\"><div class=\"ub-post-grid-items is-list\" style=\"row-gap: 32px; column-gap: 32px; \"><article id=\"post-215200\" class=\"ub-post-grid-item post-215200 post type-post status-publish format-standard has-post-thumbnail hentry category-destinos category-rutas-y-excursiones tag-que-ver-en-barcelona tag-que-ver-en-cataluna tag-dia-del-libro tag-familia tag-que-ver-en-girona tag-libros tag-listado tag-ninos tag-primavera tag-sant-jordi tag-que-ver-en-tarragona\" style=\"\"><div class=\"ub-block-post-grid-image\" style=\"\"><a href=\"https:\/\/www.escapadarural.com\/blog\/rutas-de-cuento-ninos-cataluna\/\" rel=\"bookmark\" aria-hidden=\"true\" tabindex=\"-1\"><img loading=\"lazy\" decoding=\"async\" width=\"740\" height=\"555\" src=\"https:\/\/www.escapadarural.com\/blog\/wp-content\/uploads\/2026\/04\/20241009-140446.jpg\" class=\"attachment-full size-full\" alt=\"Parque infantil de les Tres Bessones. Foto de l'Ajuntament de Palau-solit\u00e0 i Plegamans (Barcelona)\" style=\"max-width: 600px; \" srcset=\"https:\/\/www.escapadarural.com\/blog\/wp-content\/uploads\/2026\/04\/20241009-140446-200x150.jpg 200w, https:\/\/www.escapadarural.com\/blog\/wp-content\/uploads\/2026\/04\/20241009-140446-300x225.jpg 300w, https:\/\/www.escapadarural.com\/blog\/wp-content\/uploads\/2026\/04\/20241009-140446-400x300.jpg 400w, https:\/\/www.escapadarural.com\/blog\/wp-content\/uploads\/2026\/04\/20241009-140446-600x450.jpg 600w, https:\/\/www.escapadarural.com\/blog\/wp-content\/uploads\/2026\/04\/20241009-140446.jpg 740w\" sizes=\"auto, (max-width: 740px) 100vw, 740px\"><\/a><\/div><div class=\"ub-block-post-grid-text\" style=\"\"><div class=\"ub-block-post-grid-header-content\"><header class=\"ub-block-post-grid-header\"><h3 class=\"ub-block-post-grid-title\"><a style=\"\" href=\"https:\/\/www.escapadarural.com\/blog\/rutas-de-cuento-ninos-cataluna\/\" rel=\"bookmark\">Las Tres Mellizas o El Principito: 4 rutas y rincones de cuento para ni\u00f1os en Catalu\u00f1a<\/a><\/h3><\/header><\/div><div class=\"ub-block-post-grid-excerpt\"><div class=\"ub-block-post-grid-excerpt-text\" style=\"\"><p>El D\u00eda del Libro o cualquier otro momento del a\u00f1o es bueno para acercarse a estos rincones que encantar\u00e1n a los peques<\/p>\n<\/div><\/div><\/div><\/article>\n<article id=\"post-198723\" class=\"ub-post-grid-item post-198723 post type-post status-publish format-standard has-post-thumbnail hentry category-arte-y-cultura tag-besalu tag-espana tag-la-rinconada tag-libros tag-listado tag-literatura tag-monzon tag-pedrajas-de-san-esteban tag-primavera tag-urroz-villa tag-valle-de-ricote\" style=\"\"><div class=\"ub-block-post-grid-image\" style=\"\"><a href=\"https:\/\/www.escapadarural.com\/blog\/ferias-del-libro-rurales\/\" rel=\"bookmark\" aria-hidden=\"true\" tabindex=\"-1\"><img loading=\"lazy\" decoding=\"async\" width=\"1024\" height=\"617\" src=\"https:\/\/www.escapadarural.com\/blog\/wp-content\/uploads\/2025\/04\/04_FeriasLibro_Besalu_1_Liberisliber_WP07.webp\" class=\"attachment-full size-full\" alt=\"Liberisliber, el festival de editoriales independientes de Besal\u00fa (Girona).\" style=\"max-width: 600px; \" srcset=\"https:\/\/www.escapadarural.com\/blog\/wp-content\/uploads\/2025\/04\/04_FeriasLibro_Besalu_1_Liberisliber_WP07-200x121.webp 200w, https:\/\/www.escapadarural.com\/blog\/wp-content\/uploads\/2025\/04\/04_FeriasLibro_Besalu_1_Liberisliber_WP07-300x181.webp 300w, https:\/\/www.escapadarural.com\/blog\/wp-content\/uploads\/2025\/04\/04_FeriasLibro_Besalu_1_Liberisliber_WP07-400x241.webp 400w, https:\/\/www.escapadarural.com\/blog\/wp-content\/uploads\/2025\/04\/04_FeriasLibro_Besalu_1_Liberisliber_WP07-600x362.webp 600w, https:\/\/www.escapadarural.com\/blog\/wp-content\/uploads\/2025\/04\/04_FeriasLibro_Besalu_1_Liberisliber_WP07-768x463.webp 768w, https:\/\/www.escapadarural.com\/blog\/wp-content\/uploads\/2025\/04\/04_FeriasLibro_Besalu_1_Liberisliber_WP07-800x482.webp 800w, https:\/\/www.escapadarural.com\/blog\/wp-content\/uploads\/2025\/04\/04_FeriasLibro_Besalu_1_Liberisliber_WP07.webp 1024w\" sizes=\"auto, (max-width: 1024px) 100vw, 1024px\"><\/a><\/div><div class=\"ub-block-post-grid-text\" style=\"\"><div class=\"ub-block-post-grid-header-content\"><header class=\"ub-block-post-grid-header\"><h3 class=\"ub-block-post-grid-title\"><a style=\"\" href=\"https:\/\/www.escapadarural.com\/blog\/ferias-del-libro-rurales\/\" rel=\"bookmark\">6 ferias del libro rurales de lo m\u00e1s interesante<\/a><\/h3><\/header><\/div><div class=\"ub-block-post-grid-excerpt\"><div class=\"ub-block-post-grid-excerpt-text\" style=\"\"><p>Te presentamos las ferias del libro rurales m\u00e1s interesantes de Espa\u00f1a, con propuestas para todos los gustos a lo largo de todo el a\u00f1o<\/p>\n<\/div><\/div><\/div><\/article>\n<article id=\"post-72935\" class=\"ub-post-grid-item post-72935 post type-post status-publish format-standard has-post-thumbnail hentry category-arte-y-cultura tag-cervantes tag-don-quijote tag-historias-y-curiosidades tag-libros tag-que-ver-en-madrid tag-rascafria\" style=\"\"><div class=\"ub-block-post-grid-image\" style=\"\"><a href=\"https:\/\/www.escapadarural.com\/blog\/pueblo-donde-nacio-el-quijote\/\" rel=\"bookmark\" aria-hidden=\"true\" tabindex=\"-1\"><img loading=\"lazy\" decoding=\"async\" width=\"2048\" height=\"1535\" src=\"https:\/\/www.escapadarural.com\/blog\/wp-content\/uploads\/2024\/04\/Rascafria-scaled-1.jpg\" class=\"attachment-full size-full\" alt=\"Rascafr\u00eda\" style=\"max-width: 600px; \" srcset=\"https:\/\/www.escapadarural.com\/blog\/wp-content\/uploads\/2024\/04\/Rascafria-scaled-1-200x150.jpg 200w, https:\/\/www.escapadarural.com\/blog\/wp-content\/uploads\/2024\/04\/Rascafria-scaled-1-300x225.jpg 300w, https:\/\/www.escapadarural.com\/blog\/wp-content\/uploads\/2024\/04\/Rascafria-scaled-1-400x300.jpg 400w, https:\/\/www.escapadarural.com\/blog\/wp-content\/uploads\/2024\/04\/Rascafria-scaled-1-600x450.jpg 600w, https:\/\/www.escapadarural.com\/blog\/wp-content\/uploads\/2024\/04\/Rascafria-scaled-1-768x576.jpg 768w, https:\/\/www.escapadarural.com\/blog\/wp-content\/uploads\/2024\/04\/Rascafria-scaled-1-800x600.jpg 800w, https:\/\/www.escapadarural.com\/blog\/wp-content\/uploads\/2024\/04\/Rascafria-scaled-1-1024x768.jpg 1024w, https:\/\/www.escapadarural.com\/blog\/wp-content\/uploads\/2024\/04\/Rascafria-scaled-1-1200x899.jpg 1200w, https:\/\/www.escapadarural.com\/blog\/wp-content\/uploads\/2024\/04\/Rascafria-scaled-1-1536x1151.jpg 1536w, https:\/\/www.escapadarural.com\/blog\/wp-content\/uploads\/2024\/04\/Rascafria-scaled-1.jpg 2048w\" sizes=\"auto, (max-width: 2048px) 100vw, 2048px\"><\/a><\/div><div class=\"ub-block-post-grid-text\" style=\"\"><div class=\"ub-block-post-grid-header-content\"><header class=\"ub-block-post-grid-header\"><h3 class=\"ub-block-post-grid-title\"><a style=\"\" href=\"https:\/\/www.escapadarural.com\/blog\/pueblo-donde-nacio-el-quijote\/\" rel=\"bookmark\">El pueblo medieval que vio nacer a El Quijote de Cervantes<\/a><\/h3><\/header><\/div><div class=\"ub-block-post-grid-excerpt\"><div class=\"ub-block-post-grid-excerpt-text\" style=\"\"><p>Rascafr\u00eda, el pueblo medieval donde se elabor\u00f3 el papel sobre el que se imprimi\u00f3 la primera edici\u00f3n de El Quijote. <\/p>\n<\/div><\/div><\/div><\/article>\n<article id=\"post-57697\" class=\"ub-post-grid-item post-57697 post type-post status-publish format-standard has-post-thumbnail hentry category-arte-y-cultura tag-articulo tag-booktown tag-calonge tag-calonge-i-sant-antoni tag-librerias tag-libros tag-pueblos\" style=\"\"><div class=\"ub-block-post-grid-image\" style=\"\"><a href=\"https:\/\/www.escapadarural.com\/blog\/calonge-villa-del-libro-costa-brava\/\" rel=\"bookmark\" aria-hidden=\"true\" tabindex=\"-1\"><img loading=\"lazy\" decoding=\"async\" width=\"1024\" height=\"678\" src=\"https:\/\/www.escapadarural.com\/blog\/wp-content\/uploads\/2024\/10\/Peratallada-costa-brava-1024x678-1.jpg\" class=\"attachment-full size-full\" alt=\"Peratallada, Girona. Por: Belikova Oksana\" style=\"max-width: 600px; \" srcset=\"https:\/\/www.escapadarural.com\/blog\/wp-content\/uploads\/2024\/10\/Peratallada-costa-brava-1024x678-1-200x132.jpg 200w, https:\/\/www.escapadarural.com\/blog\/wp-content\/uploads\/2024\/10\/Peratallada-costa-brava-1024x678-1-300x199.jpg 300w, https:\/\/www.escapadarural.com\/blog\/wp-content\/uploads\/2024\/10\/Peratallada-costa-brava-1024x678-1-400x265.jpg 400w, https:\/\/www.escapadarural.com\/blog\/wp-content\/uploads\/2024\/10\/Peratallada-costa-brava-1024x678-1-600x397.jpg 600w, https:\/\/www.escapadarural.com\/blog\/wp-content\/uploads\/2024\/10\/Peratallada-costa-brava-1024x678-1-768x509.jpg 768w, https:\/\/www.escapadarural.com\/blog\/wp-content\/uploads\/2024\/10\/Peratallada-costa-brava-1024x678-1-800x530.jpg 800w, https:\/\/www.escapadarural.com\/blog\/wp-content\/uploads\/2024\/10\/Peratallada-costa-brava-1024x678-1.jpg 1024w\" sizes=\"auto, (max-width: 1024px) 100vw, 1024px\"><\/a><\/div><div class=\"ub-block-post-grid-text\" style=\"\"><div class=\"ub-block-post-grid-header-content\"><header class=\"ub-block-post-grid-header\"><h3 class=\"ub-block-post-grid-title\"><a style=\"\" href=\"https:\/\/www.escapadarural.com\/blog\/calonge-villa-del-libro-costa-brava\/\" rel=\"bookmark\">La segunda Booktown de Espa\u00f1a est\u00e1 en la Costa Brava<\/a><\/h3><\/header><\/div><div class=\"ub-block-post-grid-excerpt\"><div class=\"ub-block-post-grid-excerpt-text\" style=\"\"><p>A orillas del mar turquesa de la Costa Brava est\u00e1 Calonge. la primera villa del libro de Catalu\u00f1a y la segunda de Espa\u00f1a. Una nueva Booktown repleta de librer\u00edas. <\/p>\n<\/div><\/div><\/div><\/article>\n<article id=\"post-56721\" class=\"ub-post-grid-item post-56721 post type-post status-publish format-standard has-post-thumbnail hentry category-arte-y-cultura tag-jose-saramago tag-libros tag-listado tag-pipper tag-primavera tag-viajes\" style=\"\"><div class=\"ub-block-post-grid-image\" style=\"\"><a href=\"https:\/\/www.escapadarural.com\/blog\/mejores-libros-de-viajes-2022\/\" rel=\"bookmark\" aria-hidden=\"true\" tabindex=\"-1\"><img loading=\"lazy\" decoding=\"async\" width=\"2048\" height=\"1536\" src=\"https:\/\/www.escapadarural.com\/blog\/wp-content\/uploads\/2024\/11\/pexels-yuuilina-8872868-scaled-1.jpg\" class=\"attachment-full size-full\" alt=\"Libro\" style=\"max-width: 600px; \" srcset=\"https:\/\/www.escapadarural.com\/blog\/wp-content\/uploads\/2024\/11\/pexels-yuuilina-8872868-scaled-1-200x150.jpg 200w, https:\/\/www.escapadarural.com\/blog\/wp-content\/uploads\/2024\/11\/pexels-yuuilina-8872868-scaled-1-300x225.jpg 300w, https:\/\/www.escapadarural.com\/blog\/wp-content\/uploads\/2024\/11\/pexels-yuuilina-8872868-scaled-1-400x300.jpg 400w, https:\/\/www.escapadarural.com\/blog\/wp-content\/uploads\/2024\/11\/pexels-yuuilina-8872868-scaled-1-600x450.jpg 600w, https:\/\/www.escapadarural.com\/blog\/wp-content\/uploads\/2024\/11\/pexels-yuuilina-8872868-scaled-1-768x576.jpg 768w, https:\/\/www.escapadarural.com\/blog\/wp-content\/uploads\/2024\/11\/pexels-yuuilina-8872868-scaled-1-800x600.jpg 800w, https:\/\/www.escapadarural.com\/blog\/wp-content\/uploads\/2024\/11\/pexels-yuuilina-8872868-scaled-1-1024x768.jpg 1024w, https:\/\/www.escapadarural.com\/blog\/wp-content\/uploads\/2024\/11\/pexels-yuuilina-8872868-scaled-1-1200x900.jpg 1200w, https:\/\/www.escapadarural.com\/blog\/wp-content\/uploads\/2024\/11\/pexels-yuuilina-8872868-scaled-1-1536x1152.jpg 1536w, https:\/\/www.escapadarural.com\/blog\/wp-content\/uploads\/2024\/11\/pexels-yuuilina-8872868-scaled-1.jpg 2048w\" sizes=\"auto, (max-width: 2048px) 100vw, 2048px\"><\/a><\/div><div class=\"ub-block-post-grid-text\" style=\"\"><div class=\"ub-block-post-grid-header-content\"><header class=\"ub-block-post-grid-header\"><h3 class=\"ub-block-post-grid-title\"><a style=\"\" href=\"https:\/\/www.escapadarural.com\/blog\/mejores-libros-de-viajes-2022\/\" rel=\"bookmark\">6 de los mejores libros de 2022 para viajar al mundo rural<\/a><\/h3><\/header><\/div><div class=\"ub-block-post-grid-excerpt\"><div class=\"ub-block-post-grid-excerpt-text\" style=\"\"><p>Los viajes que ofrece la literatura pueden ser literales o metaf\u00f3ricos. Esta es una lista con algunos de los mejores libros de viajes del 2022 que nos llevar\u00e1n al mundo rural, para terminar el a\u00f1o viajando a trav\u00e9s de la lectura. <\/p>\n<\/div><\/div><\/div><\/article>\n<article id=\"post-50798\" class=\"ub-post-grid-item post-50798 post type-post status-publish format-standard has-post-thumbnail hentry category-arte-y-cultura tag-atlas tag-dia-del-libro tag-libros tag-libros-ilustrados tag-mapas tag-novelas-graficas tag-sant-jordi\" style=\"\"><div class=\"ub-block-post-grid-image\" style=\"\"><a href=\"https:\/\/www.escapadarural.com\/blog\/libros-ilustrados-para-conocer-espana\/\" rel=\"bookmark\" aria-hidden=\"true\" tabindex=\"-1\"><img loading=\"lazy\" decoding=\"async\" width=\"1024\" height=\"573\" src=\"https:\/\/www.escapadarural.com\/blog\/wp-content\/uploads\/2024\/10\/atlas-libros-1024x573-2.jpg\" class=\"attachment-full size-full\" alt=\"Infograf\u00eda ilustrada que muestra diversos aspectos de la cultura espa\u00f1ola, como la siesta, los libros, la Sagrada Familia, estad\u00edsticas culturales, alimentos tradicionales como el queso y el jam\u00f3n, y la visita al Museo Reina Sof\u00eda, todo ello con texto y dibujos manuscritos.\" style=\"max-width: 600px; \" srcset=\"https:\/\/www.escapadarural.com\/blog\/wp-content\/uploads\/2024\/10\/atlas-libros-1024x573-2-200x112.jpg 200w, https:\/\/www.escapadarural.com\/blog\/wp-content\/uploads\/2024\/10\/atlas-libros-1024x573-2-300x168.jpg 300w, https:\/\/www.escapadarural.com\/blog\/wp-content\/uploads\/2024\/10\/atlas-libros-1024x573-2-400x224.jpg 400w, https:\/\/www.escapadarural.com\/blog\/wp-content\/uploads\/2024\/10\/atlas-libros-1024x573-2-600x336.jpg 600w, https:\/\/www.escapadarural.com\/blog\/wp-content\/uploads\/2024\/10\/atlas-libros-1024x573-2-768x430.jpg 768w, https:\/\/www.escapadarural.com\/blog\/wp-content\/uploads\/2024\/10\/atlas-libros-1024x573-2-800x448.jpg 800w, https:\/\/www.escapadarural.com\/blog\/wp-content\/uploads\/2024\/10\/atlas-libros-1024x573-2.jpg 1024w\" sizes=\"auto, (max-width: 1024px) 100vw, 1024px\"><\/a><\/div><div class=\"ub-block-post-grid-text\" style=\"\"><div class=\"ub-block-post-grid-header-content\"><header class=\"ub-block-post-grid-header\"><h3 class=\"ub-block-post-grid-title\"><a style=\"\" href=\"https:\/\/www.escapadarural.com\/blog\/libros-ilustrados-para-conocer-espana\/\" rel=\"bookmark\">6 libros ilustrados para conocer Espa\u00f1a<\/a><\/h3><\/header><\/div><div class=\"ub-block-post-grid-excerpt\"><div class=\"ub-block-post-grid-excerpt-text\" style=\"\"><p>Una recopilaci\u00f3n de libros ilustrados y novelas gr\u00e1ficas para conocer un poco m\u00e1s a fondo la cultura, geograf\u00eda e historia de nuestro pa\u00eds en el D\u00eda del Libro o Sant Jordi. <\/p>\n<\/div><\/div><\/div><\/article>\n<\/div><\/section>","protected":false},"excerpt":{"rendered":"<p>Viajar con libros asegura un viaje doble: por los paisajes y por la p\u00e1ginas. Fueron los cl\u00e1sicos de la literatura juvenil \u2013aquel Colmillo blanco, de Jack London, o El libro de la selva, de Kipling, por ejemplo\u2013 los primeros que nos llevaron de viaje a la naturaleza.<\/p>\n","protected":false},"author":112,"featured_media":102380,"comment_status":"open","ping_status":"closed","sticky":false,"template":"","format":"standard","meta":{"_acf_changed":false,"om_disable_all_campaigns":false,"footnotes":""},"categories":[231],"tags":[1319,215,585,274,1792],"class_list":["post-12174","post","type-post","status-publish","format-standard","has-post-thumbnail","hentry","category-arte-y-cultura","tag-libros","tag-listado","tag-naturaleza","tag-turismo-rural","tag-vida-rural"],"acf":[],"featured_image_src":"https:\/\/www.escapadarural.com\/blog\/wp-content\/uploads\/2024\/10\/leer-4.jpg","author_info":{"display_name":"Jos\u00e9 Alejandro Adamuz","author_link":"https:\/\/www.escapadarural.com\/blog\/autor\/josealejandro\/"},"yoast_head":"<!-- This site is optimized with the Yoast SEO plugin v27.5 - https:\/\/yoast.com\/product\/yoast-seo-wordpress\/ -->\n<title>5 libros para llevarte a la naturaleza - EscapadaRural<\/title>\n<meta name=\"robots\" content=\"index, follow, max-snippet:-1, max-image-preview:large, max-video-preview:-1\" \/>\n<link rel=\"canonical\" href=\"https:\/\/www.escapadarural.com\/blog\/libros-para-llevarte-a-la-naturaleza\/\" \/>\n<meta property=\"og:locale\" content=\"es_ES\" \/>\n<meta property=\"og:type\" content=\"article\" \/>\n<meta property=\"og:title\" content=\"5 libros para llevarte a la naturaleza - EscapadaRural\" \/>\n<meta property=\"og:description\" content=\"Viajar con libros asegura un viaje doble: por los paisajes y por la p\u00e1ginas. Fueron los cl\u00e1sicos de la literatura juvenil \u2013aquel Colmillo blanco, de Jack London, o El libro de la selva, de Kipling, por ejemplo\u2013 los primeros que nos llevaron de viaje a la naturaleza.\" \/>\n<meta property=\"og:url\" content=\"https:\/\/www.escapadarural.com\/blog\/libros-para-llevarte-a-la-naturaleza\/\" \/>\n<meta property=\"og:site_name\" content=\"Magazine de viajes de EscapadaRural\" \/>\n<meta property=\"article:publisher\" content=\"https:\/\/www.facebook.com\/escapadarural\" \/>\n<meta property=\"article:published_time\" content=\"2019-11-26T09:30:11+00:00\" \/>\n<meta property=\"article:modified_time\" content=\"2025-02-11T14:47:23+00:00\" \/>\n<meta property=\"og:image\" content=\"https:\/\/www.escapadarural.com\/blog\/wp-content\/uploads\/2024\/10\/leer-4.jpg\" \/>\n\t<meta property=\"og:image:width\" content=\"1024\" \/>\n\t<meta property=\"og:image:height\" content=\"688\" \/>\n\t<meta property=\"og:image:type\" content=\"image\/jpeg\" \/>\n<meta name=\"author\" content=\"Jos\u00e9 Alejandro Adamuz\" \/>\n<meta name=\"twitter:card\" content=\"summary_large_image\" \/>\n<meta name=\"twitter:label1\" content=\"Escrito por\" \/>\n\t<meta name=\"twitter:data1\" content=\"Jos\u00e9 Alejandro Adamuz\" \/>\n\t<meta name=\"twitter:label2\" content=\"Tiempo de lectura\" \/>\n\t<meta name=\"twitter:data2\" content=\"6 minutos\" \/>\n<script type=\"application\/ld+json\" class=\"yoast-schema-graph\">{\"@context\":\"https:\\\/\\\/schema.org\",\"@graph\":[{\"@type\":\"Article\",\"@id\":\"https:\\\/\\\/www.escapadarural.com\\\/blog\\\/libros-para-llevarte-a-la-naturaleza\\\/#article\",\"isPartOf\":{\"@id\":\"https:\\\/\\\/www.escapadarural.com\\\/blog\\\/libros-para-llevarte-a-la-naturaleza\\\/\"},\"author\":{\"name\":\"Jos\u00e9 Alejandro Adamuz\",\"@id\":\"https:\\\/\\\/www.escapadarural.com\\\/blog\\\/#\\\/schema\\\/person\\\/ac6969ba5ab90987dda9465be409d6b3\"},\"headline\":\"5 libros para llevarte a la naturaleza\",\"datePublished\":\"2019-11-26T09:30:11+00:00\",\"dateModified\":\"2025-02-11T14:47:23+00:00\",\"mainEntityOfPage\":{\"@id\":\"https:\\\/\\\/www.escapadarural.com\\\/blog\\\/libros-para-llevarte-a-la-naturaleza\\\/\"},\"wordCount\":963,\"commentCount\":0,\"publisher\":{\"@id\":\"https:\\\/\\\/www.escapadarural.com\\\/blog\\\/#organization\"},\"image\":{\"@id\":\"https:\\\/\\\/www.escapadarural.com\\\/blog\\\/libros-para-llevarte-a-la-naturaleza\\\/#primaryimage\"},\"thumbnailUrl\":\"https:\\\/\\\/www.escapadarural.com\\\/blog\\\/wp-content\\\/uploads\\\/2024\\\/10\\\/leer-4.jpg\",\"keywords\":[\"Libros\",\"Listado\",\"Naturaleza\",\"turismo rural\",\"vida rural\"],\"articleSection\":[\"Arte y Cultura\"],\"inLanguage\":\"es\",\"potentialAction\":[{\"@type\":\"CommentAction\",\"name\":\"Comment\",\"target\":[\"https:\\\/\\\/www.escapadarural.com\\\/blog\\\/libros-para-llevarte-a-la-naturaleza\\\/#respond\"]}]},{\"@type\":\"WebPage\",\"@id\":\"https:\\\/\\\/www.escapadarural.com\\\/blog\\\/libros-para-llevarte-a-la-naturaleza\\\/\",\"url\":\"https:\\\/\\\/www.escapadarural.com\\\/blog\\\/libros-para-llevarte-a-la-naturaleza\\\/\",\"name\":\"5 libros para llevarte a la naturaleza - EscapadaRural\",\"isPartOf\":{\"@id\":\"https:\\\/\\\/www.escapadarural.com\\\/blog\\\/#website\"},\"primaryImageOfPage\":{\"@id\":\"https:\\\/\\\/www.escapadarural.com\\\/blog\\\/libros-para-llevarte-a-la-naturaleza\\\/#primaryimage\"},\"image\":{\"@id\":\"https:\\\/\\\/www.escapadarural.com\\\/blog\\\/libros-para-llevarte-a-la-naturaleza\\\/#primaryimage\"},\"thumbnailUrl\":\"https:\\\/\\\/www.escapadarural.com\\\/blog\\\/wp-content\\\/uploads\\\/2024\\\/10\\\/leer-4.jpg\",\"datePublished\":\"2019-11-26T09:30:11+00:00\",\"dateModified\":\"2025-02-11T14:47:23+00:00\",\"breadcrumb\":{\"@id\":\"https:\\\/\\\/www.escapadarural.com\\\/blog\\\/libros-para-llevarte-a-la-naturaleza\\\/#breadcrumb\"},\"inLanguage\":\"es\",\"potentialAction\":[{\"@type\":\"ReadAction\",\"target\":[\"https:\\\/\\\/www.escapadarural.com\\\/blog\\\/libros-para-llevarte-a-la-naturaleza\\\/\"]}]},{\"@type\":\"ImageObject\",\"inLanguage\":\"es\",\"@id\":\"https:\\\/\\\/www.escapadarural.com\\\/blog\\\/libros-para-llevarte-a-la-naturaleza\\\/#primaryimage\",\"url\":\"https:\\\/\\\/www.escapadarural.com\\\/blog\\\/wp-content\\\/uploads\\\/2024\\\/10\\\/leer-4.jpg\",\"contentUrl\":\"https:\\\/\\\/www.escapadarural.com\\\/blog\\\/wp-content\\\/uploads\\\/2024\\\/10\\\/leer-4.jpg\",\"width\":1024,\"height\":688,\"caption\":\"leer\"},{\"@type\":\"BreadcrumbList\",\"@id\":\"https:\\\/\\\/www.escapadarural.com\\\/blog\\\/libros-para-llevarte-a-la-naturaleza\\\/#breadcrumb\",\"itemListElement\":[{\"@type\":\"ListItem\",\"position\":1,\"name\":\"Inicio\",\"item\":\"https:\\\/\\\/www.escapadarural.com\\\/blog\\\/\"},{\"@type\":\"ListItem\",\"position\":2,\"name\":\"Arte y Cultura\",\"item\":\"https:\\\/\\\/www.escapadarural.com\\\/blog\\\/categoria\\\/arte-y-cultura\\\/\"},{\"@type\":\"ListItem\",\"position\":3,\"name\":\"5 libros para llevarte a la naturaleza\"}]},{\"@type\":\"WebSite\",\"@id\":\"https:\\\/\\\/www.escapadarural.com\\\/blog\\\/#website\",\"url\":\"https:\\\/\\\/www.escapadarural.com\\\/blog\\\/\",\"name\":\"Blog de viajes | turismo rural, alojamientos e inspiraci\u00f3n\",\"description\":\"Alojamientos rurales e inspiraci\u00f3n para tus escapadas\",\"publisher\":{\"@id\":\"https:\\\/\\\/www.escapadarural.com\\\/blog\\\/#organization\"},\"alternateName\":\"Magazine de viajes de EscapadaRural\",\"potentialAction\":[{\"@type\":\"SearchAction\",\"target\":{\"@type\":\"EntryPoint\",\"urlTemplate\":\"https:\\\/\\\/www.escapadarural.com\\\/blog\\\/?s={search_term_string}\"},\"query-input\":{\"@type\":\"PropertyValueSpecification\",\"valueRequired\":true,\"valueName\":\"search_term_string\"}}],\"inLanguage\":\"es\"},{\"@type\":\"Organization\",\"@id\":\"https:\\\/\\\/www.escapadarural.com\\\/blog\\\/#organization\",\"name\":\"EscapadaRural\",\"url\":\"https:\\\/\\\/www.escapadarural.com\\\/blog\\\/\",\"logo\":{\"@type\":\"ImageObject\",\"inLanguage\":\"es\",\"@id\":\"https:\\\/\\\/www.escapadarural.com\\\/blog\\\/#\\\/schema\\\/logo\\\/image\\\/\",\"url\":\"https:\\\/\\\/www.escapadarural.com\\\/blog\\\/wp-content\\\/uploads\\\/2024\\\/10\\\/cropped-cropped-escapada-rural-icon-mag-3.png\",\"contentUrl\":\"https:\\\/\\\/www.escapadarural.com\\\/blog\\\/wp-content\\\/uploads\\\/2024\\\/10\\\/cropped-cropped-escapada-rural-icon-mag-3.png\",\"width\":512,\"height\":512,\"caption\":\"EscapadaRural\"},\"image\":{\"@id\":\"https:\\\/\\\/www.escapadarural.com\\\/blog\\\/#\\\/schema\\\/logo\\\/image\\\/\"},\"sameAs\":[\"https:\\\/\\\/www.facebook.com\\\/escapadarural\",\"https:\\\/\\\/www.instagram.com\\\/escapadarural\\\/\",\"https:\\\/\\\/www.youtube.com\\\/@escapadaruralcom\"]},{\"@type\":\"Person\",\"@id\":\"https:\\\/\\\/www.escapadarural.com\\\/blog\\\/#\\\/schema\\\/person\\\/ac6969ba5ab90987dda9465be409d6b3\",\"name\":\"Jos\u00e9 Alejandro Adamuz\",\"image\":{\"@type\":\"ImageObject\",\"inLanguage\":\"es\",\"@id\":\"https:\\\/\\\/www.escapadarural.com\\\/blog\\\/wp-content\\\/uploads\\\/2025\\\/02\\\/cropped-jose_alejandro_viajar-96x96.webp\",\"url\":\"https:\\\/\\\/www.escapadarural.com\\\/blog\\\/wp-content\\\/uploads\\\/2025\\\/02\\\/cropped-jose_alejandro_viajar-96x96.webp\",\"contentUrl\":\"https:\\\/\\\/www.escapadarural.com\\\/blog\\\/wp-content\\\/uploads\\\/2025\\\/02\\\/cropped-jose_alejandro_viajar-96x96.webp\",\"caption\":\"Jos\u00e9 Alejandro Adamuz\"},\"description\":\"Soy licenciado en filolog\u00eda hisp\u00e1nica y periodista por vocaci\u00f3n. Tambi\u00e9n soy disl\u00e9xico, por lo que suelo confundir la derecha con la izquierda y los kil\u00f3metros con la literatura. Pero de momento me va bien as\u00ed. Colaboro habitualmente en diferentes medios haciendo cr\u00f3nica de viajes y periodismo cultural. Me gusta que los viajes cuenten historias y que las historias me hagan viajar.\",\"sameAs\":[\"https:\\\/\\\/viviratodaletra.com\\\/\"],\"url\":\"https:\\\/\\\/www.escapadarural.com\\\/blog\\\/autor\\\/josealejandro\\\/\"}]}<\/script>\n<!-- \/ Yoast SEO plugin. -->","yoast_head_json":{"title":"5 libros para llevarte a la naturaleza - EscapadaRural","robots":{"index":"index","follow":"follow","max-snippet":"max-snippet:-1","max-image-preview":"max-image-preview:large","max-video-preview":"max-video-preview:-1"},"canonical":"https:\/\/www.escapadarural.com\/blog\/libros-para-llevarte-a-la-naturaleza\/","og_locale":"es_ES","og_type":"article","og_title":"5 libros para llevarte a la naturaleza - EscapadaRural","og_description":"Viajar con libros asegura un viaje doble: por los paisajes y por la p\u00e1ginas. Fueron los cl\u00e1sicos de la literatura juvenil \u2013aquel Colmillo blanco, de Jack London, o El libro de la selva, de Kipling, por ejemplo\u2013 los primeros que nos llevaron de viaje a la naturaleza.","og_url":"https:\/\/www.escapadarural.com\/blog\/libros-para-llevarte-a-la-naturaleza\/","og_site_name":"Magazine de viajes de EscapadaRural","article_publisher":"https:\/\/www.facebook.com\/escapadarural","article_published_time":"2019-11-26T09:30:11+00:00","article_modified_time":"2025-02-11T14:47:23+00:00","og_image":[{"width":1024,"height":688,"url":"https:\/\/www.escapadarural.com\/blog\/wp-content\/uploads\/2024\/10\/leer-4.jpg","type":"image\/jpeg"}],"author":"Jos\u00e9 Alejandro Adamuz","twitter_card":"summary_large_image","twitter_misc":{"Escrito por":"Jos\u00e9 Alejandro Adamuz","Tiempo de lectura":"6 minutos"},"schema":{"@context":"https:\/\/schema.org","@graph":[{"@type":"Article","@id":"https:\/\/www.escapadarural.com\/blog\/libros-para-llevarte-a-la-naturaleza\/#article","isPartOf":{"@id":"https:\/\/www.escapadarural.com\/blog\/libros-para-llevarte-a-la-naturaleza\/"},"author":{"name":"Jos\u00e9 Alejandro Adamuz","@id":"https:\/\/www.escapadarural.com\/blog\/#\/schema\/person\/ac6969ba5ab90987dda9465be409d6b3"},"headline":"5 libros para llevarte a la naturaleza","datePublished":"2019-11-26T09:30:11+00:00","dateModified":"2025-02-11T14:47:23+00:00","mainEntityOfPage":{"@id":"https:\/\/www.escapadarural.com\/blog\/libros-para-llevarte-a-la-naturaleza\/"},"wordCount":963,"commentCount":0,"publisher":{"@id":"https:\/\/www.escapadarural.com\/blog\/#organization"},"image":{"@id":"https:\/\/www.escapadarural.com\/blog\/libros-para-llevarte-a-la-naturaleza\/#primaryimage"},"thumbnailUrl":"https:\/\/www.escapadarural.com\/blog\/wp-content\/uploads\/2024\/10\/leer-4.jpg","keywords":["Libros","Listado","Naturaleza","turismo rural","vida rural"],"articleSection":["Arte y Cultura"],"inLanguage":"es","potentialAction":[{"@type":"CommentAction","name":"Comment","target":["https:\/\/www.escapadarural.com\/blog\/libros-para-llevarte-a-la-naturaleza\/#respond"]}]},{"@type":"WebPage","@id":"https:\/\/www.escapadarural.com\/blog\/libros-para-llevarte-a-la-naturaleza\/","url":"https:\/\/www.escapadarural.com\/blog\/libros-para-llevarte-a-la-naturaleza\/","name":"5 libros para llevarte a la naturaleza - EscapadaRural","isPartOf":{"@id":"https:\/\/www.escapadarural.com\/blog\/#website"},"primaryImageOfPage":{"@id":"https:\/\/www.escapadarural.com\/blog\/libros-para-llevarte-a-la-naturaleza\/#primaryimage"},"image":{"@id":"https:\/\/www.escapadarural.com\/blog\/libros-para-llevarte-a-la-naturaleza\/#primaryimage"},"thumbnailUrl":"https:\/\/www.escapadarural.com\/blog\/wp-content\/uploads\/2024\/10\/leer-4.jpg","datePublished":"2019-11-26T09:30:11+00:00","dateModified":"2025-02-11T14:47:23+00:00","breadcrumb":{"@id":"https:\/\/www.escapadarural.com\/blog\/libros-para-llevarte-a-la-naturaleza\/#breadcrumb"},"inLanguage":"es","potentialAction":[{"@type":"ReadAction","target":["https:\/\/www.escapadarural.com\/blog\/libros-para-llevarte-a-la-naturaleza\/"]}]},{"@type":"ImageObject","inLanguage":"es","@id":"https:\/\/www.escapadarural.com\/blog\/libros-para-llevarte-a-la-naturaleza\/#primaryimage","url":"https:\/\/www.escapadarural.com\/blog\/wp-content\/uploads\/2024\/10\/leer-4.jpg","contentUrl":"https:\/\/www.escapadarural.com\/blog\/wp-content\/uploads\/2024\/10\/leer-4.jpg","width":1024,"height":688,"caption":"leer"},{"@type":"BreadcrumbList","@id":"https:\/\/www.escapadarural.com\/blog\/libros-para-llevarte-a-la-naturaleza\/#breadcrumb","itemListElement":[{"@type":"ListItem","position":1,"name":"Inicio","item":"https:\/\/www.escapadarural.com\/blog\/"},{"@type":"ListItem","position":2,"name":"Arte y Cultura","item":"https:\/\/www.escapadarural.com\/blog\/categoria\/arte-y-cultura\/"},{"@type":"ListItem","position":3,"name":"5 libros para llevarte a la naturaleza"}]},{"@type":"WebSite","@id":"https:\/\/www.escapadarural.com\/blog\/#website","url":"https:\/\/www.escapadarural.com\/blog\/","name":"Blog de viajes | turismo rural, alojamientos e inspiraci\u00f3n","description":"Alojamientos rurales e inspiraci\u00f3n para tus escapadas","publisher":{"@id":"https:\/\/www.escapadarural.com\/blog\/#organization"},"alternateName":"Magazine de viajes de EscapadaRural","potentialAction":[{"@type":"SearchAction","target":{"@type":"EntryPoint","urlTemplate":"https:\/\/www.escapadarural.com\/blog\/?s={search_term_string}"},"query-input":{"@type":"PropertyValueSpecification","valueRequired":true,"valueName":"search_term_string"}}],"inLanguage":"es"},{"@type":"Organization","@id":"https:\/\/www.escapadarural.com\/blog\/#organization","name":"EscapadaRural","url":"https:\/\/www.escapadarural.com\/blog\/","logo":{"@type":"ImageObject","inLanguage":"es","@id":"https:\/\/www.escapadarural.com\/blog\/#\/schema\/logo\/image\/","url":"https:\/\/www.escapadarural.com\/blog\/wp-content\/uploads\/2024\/10\/cropped-cropped-escapada-rural-icon-mag-3.png","contentUrl":"https:\/\/www.escapadarural.com\/blog\/wp-content\/uploads\/2024\/10\/cropped-cropped-escapada-rural-icon-mag-3.png","width":512,"height":512,"caption":"EscapadaRural"},"image":{"@id":"https:\/\/www.escapadarural.com\/blog\/#\/schema\/logo\/image\/"},"sameAs":["https:\/\/www.facebook.com\/escapadarural","https:\/\/www.instagram.com\/escapadarural\/","https:\/\/www.youtube.com\/@escapadaruralcom"]},{"@type":"Person","@id":"https:\/\/www.escapadarural.com\/blog\/#\/schema\/person\/ac6969ba5ab90987dda9465be409d6b3","name":"Jos\u00e9 Alejandro Adamuz","image":{"@type":"ImageObject","inLanguage":"es","@id":"https:\/\/www.escapadarural.com\/blog\/wp-content\/uploads\/2025\/02\/cropped-jose_alejandro_viajar-96x96.webp","url":"https:\/\/www.escapadarural.com\/blog\/wp-content\/uploads\/2025\/02\/cropped-jose_alejandro_viajar-96x96.webp","contentUrl":"https:\/\/www.escapadarural.com\/blog\/wp-content\/uploads\/2025\/02\/cropped-jose_alejandro_viajar-96x96.webp","caption":"Jos\u00e9 Alejandro Adamuz"},"description":"Soy licenciado en filolog\u00eda hisp\u00e1nica y periodista por vocaci\u00f3n. Tambi\u00e9n soy disl\u00e9xico, por lo que suelo confundir la derecha con la izquierda y los kil\u00f3metros con la literatura. Pero de momento me va bien as\u00ed. Colaboro habitualmente en diferentes medios haciendo cr\u00f3nica de viajes y periodismo cultural. Me gusta que los viajes cuenten historias y que las historias me hagan viajar.","sameAs":["https:\/\/viviratodaletra.com\/"],"url":"https:\/\/www.escapadarural.com\/blog\/autor\/josealejandro\/"}]}},"_links":{"self":[{"href":"https:\/\/www.escapadarural.com\/blog\/wp-json\/wp\/v2\/posts\/12174","targetHints":{"allow":["GET"]}}],"collection":[{"href":"https:\/\/www.escapadarural.com\/blog\/wp-json\/wp\/v2\/posts"}],"about":[{"href":"https:\/\/www.escapadarural.com\/blog\/wp-json\/wp\/v2\/types\/post"}],"author":[{"embeddable":true,"href":"https:\/\/www.escapadarural.com\/blog\/wp-json\/wp\/v2\/users\/112"}],"replies":[{"embeddable":true,"href":"https:\/\/www.escapadarural.com\/blog\/wp-json\/wp\/v2\/comments?post=12174"}],"version-history":[{"count":0,"href":"https:\/\/www.escapadarural.com\/blog\/wp-json\/wp\/v2\/posts\/12174\/revisions"}],"wp:featuredmedia":[{"embeddable":true,"href":"https:\/\/www.escapadarural.com\/blog\/wp-json\/wp\/v2\/media\/102380"}],"wp:attachment":[{"href":"https:\/\/www.escapadarural.com\/blog\/wp-json\/wp\/v2\/media?parent=12174"}],"wp:term":[{"taxonomy":"category","embeddable":true,"href":"https:\/\/www.escapadarural.com\/blog\/wp-json\/wp\/v2\/categories?post=12174"},{"taxonomy":"post_tag","embeddable":true,"href":"https:\/\/www.escapadarural.com\/blog\/wp-json\/wp\/v2\/tags?post=12174"}],"curies":[{"name":"wp","href":"https:\/\/api.w.org\/{rel}","templated":true}]}}