{"id":12424,"date":"2019-12-08T12:59:40","date_gmt":"2019-12-08T11:59:40","guid":{"rendered":"http:\/\/15.188.81.248\/2019\/12\/08\/momentos-reservados-en-la-region-de-murcia\/"},"modified":"2025-03-05T16:26:32","modified_gmt":"2025-03-05T14:26:32","slug":"momentos-reservados-en-la-region-de-murcia","status":"publish","type":"post","link":"https:\/\/www.escapadarural.com\/blog\/momentos-reservados-en-la-region-de-murcia\/","title":{"rendered":"Momentos reservados en la Regi\u00f3n de Murcia"},"content":{"rendered":"\n<figure class=\"wp-block-embed is-type-video is-provider-youtube wp-block-embed-youtube wp-embed-aspect-16-9 wp-has-aspect-ratio\"><div class=\"wp-block-embed__wrapper\">\n<span class=\"QBf9maAdxC47k81KcMivXZ0OqzWrbHRVupDwFGNgSn\"><div class=\"video-shortcode\"><iframe title=\"Momentos reservados, experiencias \u00fanicas en la Regi\u00f3n de Murcia\" width=\"1200\" height=\"675\" src=\"https:\/\/www.youtube.com\/embed\/ppXKLOMz_fk?feature=oembed\" frameborder=\"0\" allow=\"accelerometer; autoplay; clipboard-write; encrypted-media; gyroscope; picture-in-picture; web-share\" referrerpolicy=\"strict-origin-when-cross-origin\" allowfullscreen><\/iframe><\/div><\/span>\n<\/div><\/figure>\n\n\n\n<p>El pasado fin de semana nos desplazamos a la Regi\u00f3n de Murcia con nuestros ganadores del sorteo \u201cMomentos Reservados\u201d para vivir esta regi\u00f3n de una manera \u00fanica.<\/p>\n\n\n\n<p>El viernes nos dio la bienvenida la lluvia, aunque el sol nos acompa\u00f1\u00f3 el resto del fin de semana. As\u00ed que, a pesar de algunas cancelaciones de \u00faltima hora por el mal tiempo, pudimos disfrutar con normalidad de todo lo que la Regi\u00f3n de Murcia nos pod\u00eda ofrecer.<\/p>\n\n\n<div class=\"wp-block-image\">\n<figure class=\"aligncenter size-large\"><a href=\"https:\/\/www.escapadarural.com\/blog\/wp-content\/uploads\/2019\/12\/Senderismo-en-el-Valle-del-Leiva-3-1.jpg\"><img decoding=\"async\" src=\"https:\/\/www.escapadarural.com\/blog\/wp-content\/uploads\/2019\/12\/Senderismo-en-el-Valle-del-Leiva-3-1-1024x683.jpg\" alt=\"\" class=\"wp-image-22963\"\/><\/a><figcaption class=\"wp-element-caption\">Por Murcia Tur\u00edstica<\/figcaption><\/figure>\n<\/div>\n\n\n<p>Empezamos el s\u00e1bado con nuestra primera experiencia en Casa Rojo, una bodega en el coraz\u00f3n del paraje de La Raja, entre la sierra de la Pila y la sierra del Carche. La bodega trabaja con proyectos de diferentes variedades de suelos y uva, como la Garnacha, la Syrah o la Monastrell, con la que realizan su estrella: \u2018Macho Man\u2019, una versi\u00f3n perfeccionada de la D.O. Jumilla, t\u00edpica de la zona.<\/p>\n\n\n\n<p>Tras una visita guiada por la bodega nos preparamos para la parte m\u00e1s divertida del d\u00eda: \u00a1El maridaje de vinos! Con 3 entrantes, un plato principal y postre, fuimos saboreando 4 tipos de vino tinto y un cava muy distinto a los habituales, elaborado con una variedad tinta de uva Trepat.<\/p>\n\n\n<div class=\"wp-block-image\">\n<figure class=\"aligncenter size-large\"><a href=\"https:\/\/www.escapadarural.com\/blog\/wp-content\/uploads\/2019\/12\/Cena-en-el-castillo-de-Lorca-700x-700_DSC1072-1.jpg\"><img decoding=\"async\" src=\"https:\/\/www.escapadarural.com\/blog\/wp-content\/uploads\/2019\/12\/Cena-en-el-castillo-de-Lorca-700x-700_DSC1072-1.jpg\" alt=\"\" class=\"wp-image-22962\"\/><\/a><figcaption class=\"wp-element-caption\">Por Murcia Tur\u00edstica<\/figcaption><\/figure>\n<\/div>\n\n\n<p>El domingo por la ma\u00f1ana nos esperaba una excursi\u00f3n en Sierra Espu\u00f1a para ver los pozos de la nieve, lugar en el que tradicionalmente, siglos atr\u00e1s, se conservaba y transportaba el hielo. Nuestro recorrido transcurri\u00f3 por el Valle de Leiva, la mejor escuela de escalada de la regi\u00f3n, tal y como nos dec\u00eda nuestro gu\u00eda, Miguel \u00c1ngel.<\/p>\n\n\n\n<p>Adem\u00e1s de las impresionantes paredes de escalada tambi\u00e9n nos sorprendi\u00f3 la historia de reforestaci\u00f3n de la sierra, obra del ingeniero forestal Ricardo Codorn\u00edu, que lleg\u00f3 a plantar 15 millones de \u00e1rboles.<\/p>\n\n\n\n<p>Playa o monta\u00f1a, relax o aventura, la Regi\u00f3n de Murcia tiene un abanico de oportunidades incre\u00edble que nos quedamos con ganas de explorar. Desde surcar el cielo en un paseo en globo para ver el amanecer con vista de p\u00e1jaro, hasta excursiones en barco para avistar delfines, o visitar los parques naturales como el de Calblanque, para conectar con la flora y fauna de la regi\u00f3n.<\/p>\n\n\n<div class=\"wp-block-image\">\n<figure class=\"aligncenter size-large\"><a href=\"https:\/\/www.escapadarural.com\/blog\/wp-content\/uploads\/2019\/12\/proa-carbonero-1.jpg\"><img decoding=\"async\" src=\"https:\/\/www.escapadarural.com\/blog\/wp-content\/uploads\/2019\/12\/proa-carbonero-1-1024x768.jpg\" alt=\"\" class=\"wp-image-22961\"\/><\/a><figcaption class=\"wp-element-caption\">Por Murcia Tur\u00edstica<\/figcaption><\/figure>\n<\/div>\n\n<div class=\"wp-block-image\">\n<figure class=\"aligncenter size-large\"><a href=\"https:\/\/www.escapadarural.com\/blog\/wp-content\/uploads\/2019\/12\/Volar-sobre-dos-mares-1-1.jpg\"><img decoding=\"async\" src=\"https:\/\/www.escapadarural.com\/blog\/wp-content\/uploads\/2019\/12\/Volar-sobre-dos-mares-1-1-1024x768.jpg\" alt=\"\" class=\"wp-image-22960\"\/><\/a><figcaption class=\"wp-element-caption\">Por Murcia Tur\u00edstica<\/figcaption><\/figure>\n<\/div>\n\n\n<p>Puedes disfrutar la Regi\u00f3n de Murcia de una forma diferente desde la web de <a href=\"https:\/\/www.murciaturistica.es\/es\/momentos_reservados\/\" target=\"_blank\" aria-label=\" (opens in a new tab)\" rel=\"noreferrer noopener\" class=\"rank-math-link\">Momentos Reservados<\/a> del Instituto de Turismo de la Regi\u00f3n de Murcia.<\/p>\n\n\n\n<p>\u00a1Date el lujo de vivir experiencias \u00fanicas!<\/p>\n\n\n\n<h2 class=\"wp-block-heading\" id=\"h-mas-escapadas-en-murcia\">M\u00e1s escapadas en Murcia<\/h2>\n\n\n<section class=\"wp-block-ub-post-grid ub-block-post-grid align  is-equal-height preserve-post-image-aspect-ratio\" style=\"\" id=\"ub-post-grid-\"><div class=\"ub-post-grid-items is-list\" style=\"row-gap: 32px; column-gap: 32px; \"><article id=\"post-215407\" class=\"ub-post-grid-item post-215407 post type-post status-publish format-standard has-post-thumbnail hentry category-rutas-y-excursiones tag-que-ver-en-albacete tag-que-ver-en-alicante tag-que-ver-en-almeria tag-que-ver-en-barcelona tag-barefooting tag-que-ver-en-cadiz tag-caminar-descalzo tag-familia tag-que-ver-en-girona tag-que-ver-en-huesca tag-listado tag-que-ver-en-murcia tag-rutas-con-ninos tag-senderismo\" style=\"\"><div class=\"ub-block-post-grid-image\" style=\"\"><a href=\"https:\/\/www.escapadarural.com\/blog\/rutas-para-caminar-descalzo-en-espana\/\" rel=\"bookmark\" aria-hidden=\"true\" tabindex=\"-1\"><img loading=\"lazy\" decoding=\"async\" width=\"2048\" height=\"1365\" src=\"https:\/\/www.escapadarural.com\/blog\/wp-content\/uploads\/2026\/03\/04_RutasDescalzo_Bolonia_Cadiz_Q_AdobeStock_31319050-scaled.jpeg\" class=\"attachment-full size-full\" alt=\"Mujer caminando por la duna de Bolonia, en Tarifa (C\u00e1diz).\" style=\"max-width: 600px; \" srcset=\"https:\/\/www.escapadarural.com\/blog\/wp-content\/uploads\/2026\/03\/04_RutasDescalzo_Bolonia_Cadiz_Q_AdobeStock_31319050-200x133.jpeg 200w, https:\/\/www.escapadarural.com\/blog\/wp-content\/uploads\/2026\/03\/04_RutasDescalzo_Bolonia_Cadiz_Q_AdobeStock_31319050-300x200.jpeg 300w, https:\/\/www.escapadarural.com\/blog\/wp-content\/uploads\/2026\/03\/04_RutasDescalzo_Bolonia_Cadiz_Q_AdobeStock_31319050-400x267.jpeg 400w, https:\/\/www.escapadarural.com\/blog\/wp-content\/uploads\/2026\/03\/04_RutasDescalzo_Bolonia_Cadiz_Q_AdobeStock_31319050-600x400.jpeg 600w, https:\/\/www.escapadarural.com\/blog\/wp-content\/uploads\/2026\/03\/04_RutasDescalzo_Bolonia_Cadiz_Q_AdobeStock_31319050-768x512.jpeg 768w, https:\/\/www.escapadarural.com\/blog\/wp-content\/uploads\/2026\/03\/04_RutasDescalzo_Bolonia_Cadiz_Q_AdobeStock_31319050-800x533.jpeg 800w, https:\/\/www.escapadarural.com\/blog\/wp-content\/uploads\/2026\/03\/04_RutasDescalzo_Bolonia_Cadiz_Q_AdobeStock_31319050-1024x683.jpeg 1024w, https:\/\/www.escapadarural.com\/blog\/wp-content\/uploads\/2026\/03\/04_RutasDescalzo_Bolonia_Cadiz_Q_AdobeStock_31319050-1200x800.jpeg 1200w, https:\/\/www.escapadarural.com\/blog\/wp-content\/uploads\/2026\/03\/04_RutasDescalzo_Bolonia_Cadiz_Q_AdobeStock_31319050-1536x1024.jpeg 1536w, https:\/\/www.escapadarural.com\/blog\/wp-content\/uploads\/2026\/03\/04_RutasDescalzo_Bolonia_Cadiz_Q_AdobeStock_31319050-scaled.jpeg 2048w\" sizes=\"auto, (max-width: 2048px) 100vw, 2048px\"><\/a><\/div><div class=\"ub-block-post-grid-text\" style=\"\"><div class=\"ub-block-post-grid-header-content\"><header class=\"ub-block-post-grid-header\"><h3 class=\"ub-block-post-grid-title\"><a style=\"\" href=\"https:\/\/www.escapadarural.com\/blog\/rutas-para-caminar-descalzo-en-espana\/\" rel=\"bookmark\">\ud83d\udc63 Rutas para caminar descalzo en Espa\u00f1a: siente las texturas de la naturaleza bajo tus pies<\/a><\/h3><\/header><\/div><div class=\"ub-block-post-grid-excerpt\"><div class=\"ub-block-post-grid-excerpt-text\" style=\"\"><p>Explora rutas para caminar descalzo en Espa\u00f1a: playas, praderas, dunas y senderos sensoriales que despiertan tus sentidos en la naturaleza<\/p>\n<\/div><\/div><\/div><\/article>\n<article id=\"post-215945\" class=\"ub-post-grid-item post-215945 post type-post status-publish format-standard has-post-thumbnail hentry category-destinos tag-amigos tag-que-ver-en-asturias tag-que-ver-en-cantabria tag-familia tag-gran-canaria tag-que-ver-en-granada tag-historias-y-curiosidades tag-que-ver-en-huesca tag-que-ver-en-islas-baleares tag-listado tag-que-ver-en-lleida tag-que-ver-en-murcia tag-que-ver-en-navarra tag-que-ver-en-ourense tag-pareja tag-pueblos tag-que-ver-en-sevilla tag-que-ver-en-soria\" style=\"\"><div class=\"ub-block-post-grid-image\" style=\"\"><a href=\"https:\/\/www.escapadarural.com\/blog\/pueblos-impronunciables-de-espana\/\" rel=\"bookmark\" aria-hidden=\"true\" tabindex=\"-1\"><img loading=\"lazy\" decoding=\"async\" width=\"1280\" height=\"853\" src=\"https:\/\/www.escapadarural.com\/blog\/wp-content\/uploads\/2026\/03\/04_PueblosImpronunciables_Azpilkueta_Euskaldunaa.jpg\" class=\"attachment-full size-full\" alt=\"Entrada a Azpilkueta (Navarra).\" style=\"max-width: 600px; \" srcset=\"https:\/\/www.escapadarural.com\/blog\/wp-content\/uploads\/2026\/03\/04_PueblosImpronunciables_Azpilkueta_Euskaldunaa-200x133.jpg 200w, https:\/\/www.escapadarural.com\/blog\/wp-content\/uploads\/2026\/03\/04_PueblosImpronunciables_Azpilkueta_Euskaldunaa-300x200.jpg 300w, https:\/\/www.escapadarural.com\/blog\/wp-content\/uploads\/2026\/03\/04_PueblosImpronunciables_Azpilkueta_Euskaldunaa-400x267.jpg 400w, https:\/\/www.escapadarural.com\/blog\/wp-content\/uploads\/2026\/03\/04_PueblosImpronunciables_Azpilkueta_Euskaldunaa-600x400.jpg 600w, https:\/\/www.escapadarural.com\/blog\/wp-content\/uploads\/2026\/03\/04_PueblosImpronunciables_Azpilkueta_Euskaldunaa-768x512.jpg 768w, https:\/\/www.escapadarural.com\/blog\/wp-content\/uploads\/2026\/03\/04_PueblosImpronunciables_Azpilkueta_Euskaldunaa-800x533.jpg 800w, https:\/\/www.escapadarural.com\/blog\/wp-content\/uploads\/2026\/03\/04_PueblosImpronunciables_Azpilkueta_Euskaldunaa-1024x682.jpg 1024w, https:\/\/www.escapadarural.com\/blog\/wp-content\/uploads\/2026\/03\/04_PueblosImpronunciables_Azpilkueta_Euskaldunaa-1200x800.jpg 1200w, https:\/\/www.escapadarural.com\/blog\/wp-content\/uploads\/2026\/03\/04_PueblosImpronunciables_Azpilkueta_Euskaldunaa.jpg 1280w\" sizes=\"auto, (max-width: 1280px) 100vw, 1280px\"><\/a><\/div><div class=\"ub-block-post-grid-text\" style=\"\"><div class=\"ub-block-post-grid-header-content\"><header class=\"ub-block-post-grid-header\"><h3 class=\"ub-block-post-grid-title\"><a style=\"\" href=\"https:\/\/www.escapadarural.com\/blog\/pueblos-impronunciables-de-espana\/\" rel=\"bookmark\">Pueblos impronunciables de Espa\u00f1a (y por qu\u00e9 deber\u00edas visitarlos)<\/a><\/h3><\/header><\/div><div class=\"ub-block-post-grid-excerpt\"><div class=\"ub-block-post-grid-excerpt-text\" style=\"\"><p>Descubre pueblos impronunciables de Espa\u00f1a que pondr\u00e1n a prueba tu lengua\u2026 y te regalar\u00e1n escapadas rurales \u00fanicas entre monta\u00f1as, bosques y paisajes sorprendentes<\/p>\n<\/div><\/div><\/div><\/article>\n<article id=\"post-214708\" class=\"ub-post-grid-item post-214708 post type-post status-publish format-standard has-post-thumbnail hentry category-destinos category-rutas-y-excursiones tag-que-ver-en-alicante tag-amigos tag-que-ver-en-asturias tag-que-ver-en-barcelona tag-familia tag-que-ver-en-granada tag-listado tag-que-ver-en-murcia tag-que-ver-en-ourense tag-pareja tag-primavera tag-senderismo tag-senderos-azules tag-que-ver-en-teruel\" style=\"\"><div class=\"ub-block-post-grid-image\" style=\"\"><a href=\"https:\/\/www.escapadarural.com\/blog\/nuevos-senderos-azules-espana\/\" rel=\"bookmark\" aria-hidden=\"true\" tabindex=\"-1\"><img loading=\"lazy\" decoding=\"async\" width=\"2048\" height=\"1367\" src=\"https:\/\/www.escapadarural.com\/blog\/wp-content\/uploads\/2026\/03\/AdobeStock_1187438356-scaled.jpeg\" class=\"attachment-full size-full\" alt=\"Pasarela colgante de Jol\u00facar, Granada\" style=\"max-width: 600px; \" srcset=\"https:\/\/www.escapadarural.com\/blog\/wp-content\/uploads\/2026\/03\/AdobeStock_1187438356-200x134.jpeg 200w, https:\/\/www.escapadarural.com\/blog\/wp-content\/uploads\/2026\/03\/AdobeStock_1187438356-300x200.jpeg 300w, https:\/\/www.escapadarural.com\/blog\/wp-content\/uploads\/2026\/03\/AdobeStock_1187438356-400x267.jpeg 400w, https:\/\/www.escapadarural.com\/blog\/wp-content\/uploads\/2026\/03\/AdobeStock_1187438356-600x401.jpeg 600w, https:\/\/www.escapadarural.com\/blog\/wp-content\/uploads\/2026\/03\/AdobeStock_1187438356-768x513.jpeg 768w, https:\/\/www.escapadarural.com\/blog\/wp-content\/uploads\/2026\/03\/AdobeStock_1187438356-800x534.jpeg 800w, https:\/\/www.escapadarural.com\/blog\/wp-content\/uploads\/2026\/03\/AdobeStock_1187438356-1024x684.jpeg 1024w, https:\/\/www.escapadarural.com\/blog\/wp-content\/uploads\/2026\/03\/AdobeStock_1187438356-1200x801.jpeg 1200w, https:\/\/www.escapadarural.com\/blog\/wp-content\/uploads\/2026\/03\/AdobeStock_1187438356-1536x1025.jpeg 1536w, https:\/\/www.escapadarural.com\/blog\/wp-content\/uploads\/2026\/03\/AdobeStock_1187438356-scaled.jpeg 2048w\" sizes=\"auto, (max-width: 2048px) 100vw, 2048px\"><\/a><\/div><div class=\"ub-block-post-grid-text\" style=\"\"><div class=\"ub-block-post-grid-header-content\"><header class=\"ub-block-post-grid-header\"><h3 class=\"ub-block-post-grid-title\"><a style=\"\" href=\"https:\/\/www.escapadarural.com\/blog\/nuevos-senderos-azules-espana\/\" rel=\"bookmark\">7 nuevos senderos azules que tienes que probar antes de que se peten<\/a><\/h3><\/header><\/div><div class=\"ub-block-post-grid-excerpt\"><div class=\"ub-block-post-grid-excerpt-text\" style=\"\"><p>Espa\u00f1a ya cuenta con 194 senderos azules que suman m\u00e1s de 1.200 km. Estos son algunos de los m\u00e1s chulos que se han incorporado en 2026<\/p>\n<\/div><\/div><\/div><\/article>\n<article id=\"post-214251\" class=\"ub-post-grid-item post-214251 post type-post status-publish format-standard has-post-thumbnail hentry category-alojamientos-rurales category-destinos tag-almendros-en-flor tag-amigos tag-que-ver-en-avila tag-que-ver-en-barcelona tag-que-ver-en-caceres tag-casas-rurales tag-cerezos-en-flor tag-familia tag-floracion tag-que-ver-en-girona tag-que-ver-en-granada tag-que-ver-en-jaen tag-listado tag-que-ver-en-murcia tag-pareja tag-primavera tag-turismo-rural tag-valle-del-jerte\" style=\"\"><div class=\"ub-block-post-grid-image\" style=\"\"><a href=\"https:\/\/www.escapadarural.com\/blog\/casas-rurales-floracion\/\" rel=\"bookmark\" aria-hidden=\"true\" tabindex=\"-1\"><img loading=\"lazy\" decoding=\"async\" width=\"2048\" height=\"1536\" src=\"https:\/\/www.escapadarural.com\/blog\/wp-content\/uploads\/2026\/02\/Candelaria-scaled.jpg\" class=\"attachment-full size-full\" alt=\"Candelaria (\u00c1vila)\" style=\"max-width: 600px; \" srcset=\"https:\/\/www.escapadarural.com\/blog\/wp-content\/uploads\/2026\/02\/Candelaria-200x150.jpg 200w, https:\/\/www.escapadarural.com\/blog\/wp-content\/uploads\/2026\/02\/Candelaria-300x225.jpg 300w, https:\/\/www.escapadarural.com\/blog\/wp-content\/uploads\/2026\/02\/Candelaria-400x300.jpg 400w, https:\/\/www.escapadarural.com\/blog\/wp-content\/uploads\/2026\/02\/Candelaria-600x450.jpg 600w, https:\/\/www.escapadarural.com\/blog\/wp-content\/uploads\/2026\/02\/Candelaria-768x576.jpg 768w, https:\/\/www.escapadarural.com\/blog\/wp-content\/uploads\/2026\/02\/Candelaria-800x600.jpg 800w, https:\/\/www.escapadarural.com\/blog\/wp-content\/uploads\/2026\/02\/Candelaria-1024x768.jpg 1024w, https:\/\/www.escapadarural.com\/blog\/wp-content\/uploads\/2026\/02\/Candelaria-1200x900.jpg 1200w, https:\/\/www.escapadarural.com\/blog\/wp-content\/uploads\/2026\/02\/Candelaria-1536x1152.jpg 1536w, https:\/\/www.escapadarural.com\/blog\/wp-content\/uploads\/2026\/02\/Candelaria-scaled.jpg 2048w\" sizes=\"auto, (max-width: 2048px) 100vw, 2048px\"><\/a><\/div><div class=\"ub-block-post-grid-text\" style=\"\"><div class=\"ub-block-post-grid-header-content\"><header class=\"ub-block-post-grid-header\"><h3 class=\"ub-block-post-grid-title\"><a style=\"\" href=\"https:\/\/www.escapadarural.com\/blog\/casas-rurales-floracion\/\" rel=\"bookmark\">Primavera a domicilio: casas rurales donde ver florecer el campo desde la ventana<\/a><\/h3><\/header><\/div><div class=\"ub-block-post-grid-excerpt\"><div class=\"ub-block-post-grid-excerpt-text\" style=\"\"><p>Estas casas rurales te regalan la floraci\u00f3n sin madrugones ni excursiones: podr\u00e1s ver todo el colorido de la primavera desde la ventana<\/p>\n<\/div><\/div><\/div><\/article>\n<article id=\"post-210328\" class=\"ub-post-grid-item post-210328 post type-post status-publish format-standard has-post-thumbnail hentry category-destinos tag-que-ver-en-a-coruna tag-alberite tag-que-ver-en-cantabria tag-cieza tag-que-ver-en-ciudad-real tag-curiosidades tag-espana tag-que-ver-en-leon tag-que-ver-en-murcia tag-que-ver-en-navarra tag-pueblos tag-sada tag-que-ver-en-salamanca tag-toponimia tag-que-ver-en-valladolid tag-villanueva-de-los-infantes\" style=\"\"><div class=\"ub-block-post-grid-image\" style=\"\"><a href=\"https:\/\/www.escapadarural.com\/blog\/pueblos-con-nombres-que-se-repiten\/\" rel=\"bookmark\" aria-hidden=\"true\" tabindex=\"-1\"><img loading=\"lazy\" decoding=\"async\" width=\"1024\" height=\"680\" src=\"https:\/\/www.escapadarural.com\/blog\/wp-content\/uploads\/2025\/11\/AdobeStock_430212405.webp\" class=\"attachment-full size-full\" alt=\"El Villanueva de los Infantes de Ciudad Real. Por Jose Antonio\" style=\"max-width: 600px; \" srcset=\"https:\/\/www.escapadarural.com\/blog\/wp-content\/uploads\/2025\/11\/AdobeStock_430212405-200x133.webp 200w, https:\/\/www.escapadarural.com\/blog\/wp-content\/uploads\/2025\/11\/AdobeStock_430212405-300x199.webp 300w, https:\/\/www.escapadarural.com\/blog\/wp-content\/uploads\/2025\/11\/AdobeStock_430212405-400x266.webp 400w, https:\/\/www.escapadarural.com\/blog\/wp-content\/uploads\/2025\/11\/AdobeStock_430212405-600x398.webp 600w, https:\/\/www.escapadarural.com\/blog\/wp-content\/uploads\/2025\/11\/AdobeStock_430212405-768x510.webp 768w, https:\/\/www.escapadarural.com\/blog\/wp-content\/uploads\/2025\/11\/AdobeStock_430212405-800x531.webp 800w, https:\/\/www.escapadarural.com\/blog\/wp-content\/uploads\/2025\/11\/AdobeStock_430212405.webp 1024w\" sizes=\"auto, (max-width: 1024px) 100vw, 1024px\"><\/a><\/div><div class=\"ub-block-post-grid-text\" style=\"\"><div class=\"ub-block-post-grid-header-content\"><header class=\"ub-block-post-grid-header\"><h3 class=\"ub-block-post-grid-title\"><a style=\"\" href=\"https:\/\/www.escapadarural.com\/blog\/pueblos-con-nombres-que-se-repiten\/\" rel=\"bookmark\">Mismo nombre, distinto lugar: pueblos con nombres que se repiten en el mapa<\/a><\/h3><\/header><\/div><div class=\"ub-block-post-grid-excerpt\"><div class=\"ub-block-post-grid-excerpt-text\" style=\"\"><p>\u00bfSab\u00edas que existen pueblos que est\u00e1n en diferentes comunidades aut\u00f3nomas y se llaman exactamente igual? \u00a1Descubre esta curiosidad!<\/p>\n<\/div><\/div><\/div><\/article>\n<article id=\"post-211890\" class=\"ub-post-grid-item post-211890 post type-post status-publish format-standard has-post-thumbnail hentry category-arte-y-cultura category-destinos tag-andalucia tag-que-ver-en-aragon tag-artesania-2 tag-que-ver-en-asturias tag-que-ver-en-cantabria tag-que-ver-en-castilla-y-leon tag-que-ver-en-castilla-la-mancha tag-que-ver-en-cataluna tag-que-ver-en-la-comunidad-valenciana tag-espana tag-que-ver-en-extremadura tag-que-ver-en-galicia tag-que-ver-en-islas-baleares tag-que-ver-en-islas-canarias tag-que-ver-en-la-rioja tag-listado tag-que-ver-en-madrid tag-que-ver-en-murcia tag-que-ver-en-navarra tag-que-ver-en-pais-vasco tag-productos-tipicos\" style=\"\"><div class=\"ub-block-post-grid-image\" style=\"\"><a href=\"https:\/\/www.escapadarural.com\/blog\/productos-artesanos-tipicos-de-cada-comunidad-autonoma\/\" rel=\"bookmark\" aria-hidden=\"true\" tabindex=\"-1\"><img loading=\"lazy\" decoding=\"async\" width=\"2048\" height=\"1363\" src=\"https:\/\/www.escapadarural.com\/blog\/wp-content\/uploads\/2025\/12\/AdobeStock_278580309_artesania-scaled.jpeg\" class=\"attachment-full size-full\" alt=\"Artesan\u00eda de La Alpujarra, en Granada. Por joserpizarro.\" style=\"max-width: 600px; \" srcset=\"https:\/\/www.escapadarural.com\/blog\/wp-content\/uploads\/2025\/12\/AdobeStock_278580309_artesania-200x133.jpeg 200w, https:\/\/www.escapadarural.com\/blog\/wp-content\/uploads\/2025\/12\/AdobeStock_278580309_artesania-300x200.jpeg 300w, https:\/\/www.escapadarural.com\/blog\/wp-content\/uploads\/2025\/12\/AdobeStock_278580309_artesania-400x266.jpeg 400w, https:\/\/www.escapadarural.com\/blog\/wp-content\/uploads\/2025\/12\/AdobeStock_278580309_artesania-600x399.jpeg 600w, https:\/\/www.escapadarural.com\/blog\/wp-content\/uploads\/2025\/12\/AdobeStock_278580309_artesania-768x511.jpeg 768w, https:\/\/www.escapadarural.com\/blog\/wp-content\/uploads\/2025\/12\/AdobeStock_278580309_artesania-800x532.jpeg 800w, https:\/\/www.escapadarural.com\/blog\/wp-content\/uploads\/2025\/12\/AdobeStock_278580309_artesania-1024x681.jpeg 1024w, https:\/\/www.escapadarural.com\/blog\/wp-content\/uploads\/2025\/12\/AdobeStock_278580309_artesania-1200x798.jpeg 1200w, https:\/\/www.escapadarural.com\/blog\/wp-content\/uploads\/2025\/12\/AdobeStock_278580309_artesania-1536x1022.jpeg 1536w, https:\/\/www.escapadarural.com\/blog\/wp-content\/uploads\/2025\/12\/AdobeStock_278580309_artesania-scaled.jpeg 2048w\" sizes=\"auto, (max-width: 2048px) 100vw, 2048px\"><\/a><\/div><div class=\"ub-block-post-grid-text\" style=\"\"><div class=\"ub-block-post-grid-header-content\"><header class=\"ub-block-post-grid-header\"><h3 class=\"ub-block-post-grid-title\"><a style=\"\" href=\"https:\/\/www.escapadarural.com\/blog\/productos-artesanos-tipicos-de-cada-comunidad-autonoma\/\" rel=\"bookmark\">\u201cTr\u00e1eme algo de all\u00ed\u201d: la artesan\u00eda que define a cada comunidad de Espa\u00f1a<\/a><\/h3><\/header><\/div><div class=\"ub-block-post-grid-excerpt\"><div class=\"ub-block-post-grid-excerpt-text\" style=\"\"><p>En cada comunidad aut\u00f3noma de Espa\u00f1a hay uno o m\u00e1s productos que les representan y a\u00fan se siguen elaborando de forma artesana.<\/p>\n<\/div><\/div><\/div><\/article>\n<article id=\"post-212867\" class=\"ub-post-grid-item post-212867 post type-post status-publish format-standard has-post-thumbnail hentry category-arte-y-cultura tag-que-ver-en-a-coruna tag-amigos tag-arte-urbano tag-que-ver-en-burgos tag-que-ver-en-caceres tag-espana tag-familia tag-que-ver-en-jaen tag-que-ver-en-leon tag-listado tag-que-ver-en-malaga tag-murales tag-que-ver-en-murcia tag-que-ver-en-ourense tag-pareja tag-que-ver-en-pontevedra tag-street-art-cities tag-que-ver-en-vizcaya\" style=\"\"><div class=\"ub-block-post-grid-image\" style=\"\"><a href=\"https:\/\/www.escapadarural.com\/blog\/mejores-murales-espanoles-del-mundo-2025\/\" rel=\"bookmark\" aria-hidden=\"true\" tabindex=\"-1\"><img loading=\"lazy\" decoding=\"async\" width=\"1639\" height=\"2048\" src=\"https:\/\/www.escapadarural.com\/blog\/wp-content\/uploads\/2026\/02\/Santa-Casilda-miranda-de-ebro-scaled.jpg\" class=\"attachment-full size-full\" alt=\"Un vibrante mural sobre un edificio muestra a una mujer con un chal y las manos en oraci\u00f3n, rodeada de rosas, p\u00e1jaros y un halo dorado sobre su cabeza. El fondo es de un intenso color marr\u00f3n, con hierba verde en primer plano.\" style=\"max-width: 600px; \" srcset=\"https:\/\/www.escapadarural.com\/blog\/wp-content\/uploads\/2026\/02\/Santa-Casilda-miranda-de-ebro-200x250.jpg 200w, https:\/\/www.escapadarural.com\/blog\/wp-content\/uploads\/2026\/02\/Santa-Casilda-miranda-de-ebro-240x300.jpg 240w, https:\/\/www.escapadarural.com\/blog\/wp-content\/uploads\/2026\/02\/Santa-Casilda-miranda-de-ebro-400x500.jpg 400w, https:\/\/www.escapadarural.com\/blog\/wp-content\/uploads\/2026\/02\/Santa-Casilda-miranda-de-ebro-600x750.jpg 600w, https:\/\/www.escapadarural.com\/blog\/wp-content\/uploads\/2026\/02\/Santa-Casilda-miranda-de-ebro-768x960.jpg 768w, https:\/\/www.escapadarural.com\/blog\/wp-content\/uploads\/2026\/02\/Santa-Casilda-miranda-de-ebro-800x1000.jpg 800w, https:\/\/www.escapadarural.com\/blog\/wp-content\/uploads\/2026\/02\/Santa-Casilda-miranda-de-ebro-819x1024.jpg 819w, https:\/\/www.escapadarural.com\/blog\/wp-content\/uploads\/2026\/02\/Santa-Casilda-miranda-de-ebro-1200x1500.jpg 1200w, https:\/\/www.escapadarural.com\/blog\/wp-content\/uploads\/2026\/02\/Santa-Casilda-miranda-de-ebro-1229x1536.jpg 1229w, https:\/\/www.escapadarural.com\/blog\/wp-content\/uploads\/2026\/02\/Santa-Casilda-miranda-de-ebro-scaled.jpg 1639w\" sizes=\"auto, (max-width: 1639px) 100vw, 1639px\"><\/a><\/div><div class=\"ub-block-post-grid-text\" style=\"\"><div class=\"ub-block-post-grid-header-content\"><header class=\"ub-block-post-grid-header\"><h3 class=\"ub-block-post-grid-title\"><a style=\"\" href=\"https:\/\/www.escapadarural.com\/blog\/mejores-murales-espanoles-del-mundo-2025\/\" rel=\"bookmark\">Los mejores murales espa\u00f1oles del mundo en 2025<\/a><\/h3><\/header><\/div><div class=\"ub-block-post-grid-excerpt\"><div class=\"ub-block-post-grid-excerpt-text\" style=\"\"><p>Cada a\u00f1o, Street Art Cities hace una lista de los mejores murales urbanos del mundo y en la Espa\u00f1a rural hay unos cuantos. <\/p>\n<\/div><\/div><\/div><\/article>\n<article id=\"post-211989\" class=\"ub-post-grid-item post-211989 post type-post status-publish format-standard has-post-thumbnail hentry category-arte-y-cultura category-destinos tag-almiruete tag-amigos tag-que-ver-en-avila tag-que-ver-en-caceres tag-carnaval tag-familia tag-fiestas tag-que-ver-en-guadalajara tag-invierno tag-listado tag-que-ver-en-murcia tag-que-ver-en-navarra tag-que-ver-en-ourense tag-pareja tag-pueblos tag-tradiciones tag-turismo-rural\" style=\"\"><div class=\"ub-block-post-grid-image\" style=\"\"><a href=\"https:\/\/www.escapadarural.com\/blog\/pueblos-con-carnavales-rurales-impresionantes\/\" rel=\"bookmark\" aria-hidden=\"true\" tabindex=\"-1\"><img loading=\"lazy\" decoding=\"async\" width=\"2048\" height=\"1365\" src=\"https:\/\/www.escapadarural.com\/blog\/wp-content\/uploads\/2025\/12\/AdobeStock_387827762_lantz-scaled.jpeg\" class=\"attachment-full size-full\" alt=\"Carnaval en Lantz. Por JUAN CARLOS MUNOZ.\" style=\"max-width: 600px; \" srcset=\"https:\/\/www.escapadarural.com\/blog\/wp-content\/uploads\/2025\/12\/AdobeStock_387827762_lantz-200x133.jpeg 200w, https:\/\/www.escapadarural.com\/blog\/wp-content\/uploads\/2025\/12\/AdobeStock_387827762_lantz-300x200.jpeg 300w, https:\/\/www.escapadarural.com\/blog\/wp-content\/uploads\/2025\/12\/AdobeStock_387827762_lantz-400x267.jpeg 400w, https:\/\/www.escapadarural.com\/blog\/wp-content\/uploads\/2025\/12\/AdobeStock_387827762_lantz-600x400.jpeg 600w, https:\/\/www.escapadarural.com\/blog\/wp-content\/uploads\/2025\/12\/AdobeStock_387827762_lantz-768x512.jpeg 768w, https:\/\/www.escapadarural.com\/blog\/wp-content\/uploads\/2025\/12\/AdobeStock_387827762_lantz-800x533.jpeg 800w, https:\/\/www.escapadarural.com\/blog\/wp-content\/uploads\/2025\/12\/AdobeStock_387827762_lantz-1024x683.jpeg 1024w, https:\/\/www.escapadarural.com\/blog\/wp-content\/uploads\/2025\/12\/AdobeStock_387827762_lantz-1200x800.jpeg 1200w, https:\/\/www.escapadarural.com\/blog\/wp-content\/uploads\/2025\/12\/AdobeStock_387827762_lantz-1536x1024.jpeg 1536w, https:\/\/www.escapadarural.com\/blog\/wp-content\/uploads\/2025\/12\/AdobeStock_387827762_lantz-scaled.jpeg 2048w\" sizes=\"auto, (max-width: 2048px) 100vw, 2048px\"><\/a><\/div><div class=\"ub-block-post-grid-text\" style=\"\"><div class=\"ub-block-post-grid-header-content\"><header class=\"ub-block-post-grid-header\"><h3 class=\"ub-block-post-grid-title\"><a style=\"\" href=\"https:\/\/www.escapadarural.com\/blog\/pueblos-con-carnavales-rurales-impresionantes\/\" rel=\"bookmark\">M\u00e1scaras, fiesta y tradici\u00f3n: 6 pueblos con carnavales rurales impresionantes<\/a><\/h3><\/header><\/div><div class=\"ub-block-post-grid-excerpt\"><div class=\"ub-block-post-grid-excerpt-text\" style=\"\"><p>En casi cada lugar de Espa\u00f1a se celebra carnaval. Y hay pueblos en los que los atuendos y las tradiciones son realmente impresionantes.<\/p>\n<\/div><\/div><\/div><\/article>\n<article id=\"post-2360\" class=\"ub-post-grid-item post-2360 post type-post status-publish format-standard has-post-thumbnail hentry category-alojamientos-rurales tag-alojamiento-rural tag-alojamientos-rurales tag-amigos tag-que-ver-en-barcelona tag-casas-rurales tag-que-ver-en-cuenca tag-familia tag-que-ver-en-granada tag-invierno tag-que-ver-en-leon tag-listado tag-que-ver-en-lleida tag-que-ver-en-lugo tag-que-ver-en-malaga tag-que-ver-en-murcia tag-pareja tag-piscina-climatizada\" style=\"\"><div class=\"ub-block-post-grid-image\" style=\"\"><a href=\"https:\/\/www.escapadarural.com\/blog\/casas-rurales-con-piscina-climatizada\/\" rel=\"bookmark\" aria-hidden=\"true\" tabindex=\"-1\"><img loading=\"lazy\" decoding=\"async\" width=\"1800\" height=\"1201\" src=\"https:\/\/www.escapadarural.com\/blog\/wp-content\/uploads\/2024\/12\/El-Munt-2.jpg.webp\" class=\"attachment-full size-full\" alt=\"Piscina climatizada de la casa rural El Munt, situada en Castellter\u00e7ol (Barcelona)\" style=\"max-width: 600px; \" srcset=\"https:\/\/www.escapadarural.com\/blog\/wp-content\/uploads\/2024\/12\/El-Munt-2.jpg-200x133.webp 200w, https:\/\/www.escapadarural.com\/blog\/wp-content\/uploads\/2024\/12\/El-Munt-2.jpg-300x200.webp 300w, https:\/\/www.escapadarural.com\/blog\/wp-content\/uploads\/2024\/12\/El-Munt-2.jpg-400x267.webp 400w, https:\/\/www.escapadarural.com\/blog\/wp-content\/uploads\/2024\/12\/El-Munt-2.jpg-600x400.webp 600w, https:\/\/www.escapadarural.com\/blog\/wp-content\/uploads\/2024\/12\/El-Munt-2.jpg-768x512.webp 768w, https:\/\/www.escapadarural.com\/blog\/wp-content\/uploads\/2024\/12\/El-Munt-2.jpg-800x534.webp 800w, https:\/\/www.escapadarural.com\/blog\/wp-content\/uploads\/2024\/12\/El-Munt-2.jpg-1024x683.webp 1024w, https:\/\/www.escapadarural.com\/blog\/wp-content\/uploads\/2024\/12\/El-Munt-2.jpg-1200x801.webp 1200w, https:\/\/www.escapadarural.com\/blog\/wp-content\/uploads\/2024\/12\/El-Munt-2.jpg-1536x1025.webp 1536w, https:\/\/www.escapadarural.com\/blog\/wp-content\/uploads\/2024\/12\/El-Munt-2.jpg.webp 1800w\" sizes=\"auto, (max-width: 1800px) 100vw, 1800px\"><\/a><\/div><div class=\"ub-block-post-grid-text\" style=\"\"><div class=\"ub-block-post-grid-header-content\"><header class=\"ub-block-post-grid-header\"><h3 class=\"ub-block-post-grid-title\"><a style=\"\" href=\"https:\/\/www.escapadarural.com\/blog\/casas-rurales-con-piscina-climatizada\/\" rel=\"bookmark\">10 casas rurales con piscina climatizada para una escapada de invierno perfecta<\/a><\/h3><\/header><\/div><div class=\"ub-block-post-grid-excerpt\"><div class=\"ub-block-post-grid-excerpt-text\" style=\"\"><p>Disfruta de un ba\u00f1o humeante en una de estas casas rurales con piscina climatizada para un invierno inolvidable. \u00a1Refrescali\u00e9ntate!<\/p>\n<\/div><\/div><\/div><\/article>\n<article id=\"post-211058\" class=\"ub-post-grid-item post-211058 post type-post status-publish format-standard has-post-thumbnail hentry category-alojamientos-rurales tag-que-ver-en-asturias tag-audio tag-que-ver-en-barcelona tag-que-ver-en-cantabria tag-casas-rurales tag-familia tag-que-ver-en-jaen tag-listado tag-mercadillos-de-navidad tag-que-ver-en-murcia tag-navidad tag-podcast tag-que-ver-en-salamanca tag-que-ver-en-zamora\" style=\"\"><div class=\"ub-block-post-grid-image\" style=\"\"><a href=\"https:\/\/www.escapadarural.com\/blog\/casas-rurales-visitar-mercadillos-navidenos\/\" rel=\"bookmark\" aria-hidden=\"true\" tabindex=\"-1\"><img loading=\"lazy\" decoding=\"async\" width=\"2048\" height=\"1365\" src=\"https:\/\/www.escapadarural.com\/blog\/wp-content\/uploads\/2025\/11\/venta-de-figuras-navidenas-para-decoracion-stockpack-adobe-stock-scaled.jpg\" class=\"attachment-full size-full\" alt=\"Venta de figuras navide\u00f1as para decoraci\u00f3n.\" style=\"max-width: 600px; \" srcset=\"https:\/\/www.escapadarural.com\/blog\/wp-content\/uploads\/2025\/11\/venta-de-figuras-navidenas-para-decoracion-stockpack-adobe-stock-200x133.jpg 200w, https:\/\/www.escapadarural.com\/blog\/wp-content\/uploads\/2025\/11\/venta-de-figuras-navidenas-para-decoracion-stockpack-adobe-stock-300x200.jpg 300w, https:\/\/www.escapadarural.com\/blog\/wp-content\/uploads\/2025\/11\/venta-de-figuras-navidenas-para-decoracion-stockpack-adobe-stock-400x267.jpg 400w, https:\/\/www.escapadarural.com\/blog\/wp-content\/uploads\/2025\/11\/venta-de-figuras-navidenas-para-decoracion-stockpack-adobe-stock-600x400.jpg 600w, https:\/\/www.escapadarural.com\/blog\/wp-content\/uploads\/2025\/11\/venta-de-figuras-navidenas-para-decoracion-stockpack-adobe-stock-768x512.jpg 768w, https:\/\/www.escapadarural.com\/blog\/wp-content\/uploads\/2025\/11\/venta-de-figuras-navidenas-para-decoracion-stockpack-adobe-stock-800x533.jpg 800w, https:\/\/www.escapadarural.com\/blog\/wp-content\/uploads\/2025\/11\/venta-de-figuras-navidenas-para-decoracion-stockpack-adobe-stock-1024x683.jpg 1024w, https:\/\/www.escapadarural.com\/blog\/wp-content\/uploads\/2025\/11\/venta-de-figuras-navidenas-para-decoracion-stockpack-adobe-stock-1200x800.jpg 1200w, https:\/\/www.escapadarural.com\/blog\/wp-content\/uploads\/2025\/11\/venta-de-figuras-navidenas-para-decoracion-stockpack-adobe-stock-1536x1024.jpg 1536w, https:\/\/www.escapadarural.com\/blog\/wp-content\/uploads\/2025\/11\/venta-de-figuras-navidenas-para-decoracion-stockpack-adobe-stock-scaled.jpg 2048w\" sizes=\"auto, (max-width: 2048px) 100vw, 2048px\"><\/a><\/div><div class=\"ub-block-post-grid-text\" style=\"\"><div class=\"ub-block-post-grid-header-content\"><header class=\"ub-block-post-grid-header\"><h3 class=\"ub-block-post-grid-title\"><a style=\"\" href=\"https:\/\/www.escapadarural.com\/blog\/casas-rurales-visitar-mercadillos-navidenos\/\" rel=\"bookmark\">Casas rurales perfectas para visitar los mercadillos navide\u00f1os m\u00e1s encantadores de Espa\u00f1a<\/a><\/h3><\/header><\/div><div class=\"ub-block-post-grid-excerpt\"><div class=\"ub-block-post-grid-excerpt-text\" style=\"\"><p>Vive la Navidad desde una casa rural con encanto: descubre alojamientos \u00fanicos y recorre los mercadillos navide\u00f1os m\u00e1s m\u00e1gicos de Espa\u00f1a<\/p>\n<\/div><\/div><\/div><\/article>\n<\/div><\/section>","protected":false},"excerpt":{"rendered":"<p>Playa o monta\u00f1a, relax o aventura, la Regi\u00f3n de Murcia tiene un abanico de oportunidades incre\u00edble que nos quedamos con ganas de explorar. Desde surcar el cielo en un paseo en globo para ver el amanecer con vista de p\u00e1jaro, hasta excursiones en barco para avistar delfines, o visitar los parques naturales como el de Calblanque, para conectar con la flora y fauna de la regi\u00f3n.<\/p>\n","protected":false},"author":136,"featured_media":76611,"comment_status":"open","ping_status":"closed","sticky":false,"template":"","format":"standard","meta":{"_acf_changed":false,"om_disable_all_campaigns":false,"footnotes":""},"categories":[1379],"tags":[260,1110,2463,428,283],"class_list":["post-12424","post","type-post","status-publish","format-standard","has-post-thumbnail","hentry","category-rutas-y-excursiones","tag-articulo","tag-experiencias","tag-momentos-reservados","tag-que-ver-en-murcia","tag-region-de-murcia"],"acf":[],"featured_image_src":"https:\/\/www.escapadarural.com\/blog\/wp-content\/uploads\/2024\/05\/Museos-en-Caravaca.jpg","author_info":{"display_name":"Escapada Rural","author_link":"https:\/\/www.escapadarural.com\/blog\/autor\/user\/"},"yoast_head":"<!-- This site is optimized with the Yoast SEO plugin v27.5 - https:\/\/yoast.com\/product\/yoast-seo-wordpress\/ -->\n<title>Momentos reservados en la Regi\u00f3n de Murcia - EscapadaRural<\/title>\n<meta name=\"robots\" content=\"index, follow, max-snippet:-1, max-image-preview:large, max-video-preview:-1\" \/>\n<link rel=\"canonical\" href=\"https:\/\/www.escapadarural.com\/blog\/momentos-reservados-en-la-region-de-murcia\/\" \/>\n<meta property=\"og:locale\" content=\"es_ES\" \/>\n<meta property=\"og:type\" content=\"article\" \/>\n<meta property=\"og:title\" content=\"Momentos reservados en la Regi\u00f3n de Murcia - EscapadaRural\" \/>\n<meta property=\"og:description\" content=\"Playa o monta\u00f1a, relax o aventura, la Regi\u00f3n de Murcia tiene un abanico de oportunidades incre\u00edble que nos quedamos con ganas de explorar. Desde surcar el cielo en un paseo en globo para ver el amanecer con vista de p\u00e1jaro, hasta excursiones en barco para avistar delfines, o visitar los parques naturales como el de Calblanque, para conectar con la flora y fauna de la regi\u00f3n.\" \/>\n<meta property=\"og:url\" content=\"https:\/\/www.escapadarural.com\/blog\/momentos-reservados-en-la-region-de-murcia\/\" \/>\n<meta property=\"og:site_name\" content=\"Magazine de viajes de EscapadaRural\" \/>\n<meta property=\"article:publisher\" content=\"https:\/\/www.facebook.com\/escapadarural\" \/>\n<meta property=\"article:author\" content=\"https:\/\/www.facebook.com\/escapadarural\" \/>\n<meta property=\"article:published_time\" content=\"2019-12-08T11:59:40+00:00\" \/>\n<meta property=\"article:modified_time\" content=\"2025-03-05T14:26:32+00:00\" \/>\n<meta property=\"og:image\" content=\"https:\/\/app.escapadarural.com\/blog\/wp-content\/uploads\/2024\/05\/Museos-en-Caravaca.jpg\" \/>\n\t<meta property=\"og:image:width\" content=\"1024\" \/>\n\t<meta property=\"og:image:height\" content=\"682\" \/>\n\t<meta property=\"og:image:type\" content=\"image\/jpeg\" \/>\n<meta name=\"author\" content=\"Escapada Rural\" \/>\n<meta name=\"twitter:card\" content=\"summary_large_image\" \/>\n<meta name=\"twitter:creator\" content=\"@https:\/\/x.com\/i\/flow\/login?redirect_after_login=escapadarural\" \/>\n<meta name=\"twitter:label1\" content=\"Escrito por\" \/>\n\t<meta name=\"twitter:data1\" content=\"Escapada Rural\" \/>\n\t<meta name=\"twitter:label2\" content=\"Tiempo de lectura\" \/>\n\t<meta name=\"twitter:data2\" content=\"3 minutos\" \/>\n<script type=\"application\/ld+json\" class=\"yoast-schema-graph\">{\"@context\":\"https:\\\/\\\/schema.org\",\"@graph\":[{\"@type\":\"Article\",\"@id\":\"https:\\\/\\\/www.escapadarural.com\\\/blog\\\/momentos-reservados-en-la-region-de-murcia\\\/#article\",\"isPartOf\":{\"@id\":\"https:\\\/\\\/www.escapadarural.com\\\/blog\\\/momentos-reservados-en-la-region-de-murcia\\\/\"},\"author\":{\"name\":\"Escapada Rural\",\"@id\":\"https:\\\/\\\/www.escapadarural.com\\\/blog\\\/#\\\/schema\\\/person\\\/d9ee55ff3e0cef41d6eac8922b4f972c\"},\"headline\":\"Momentos reservados en la Regi\u00f3n de Murcia\",\"datePublished\":\"2019-12-08T11:59:40+00:00\",\"dateModified\":\"2025-03-05T14:26:32+00:00\",\"mainEntityOfPage\":{\"@id\":\"https:\\\/\\\/www.escapadarural.com\\\/blog\\\/momentos-reservados-en-la-region-de-murcia\\\/\"},\"wordCount\":449,\"commentCount\":1,\"publisher\":{\"@id\":\"https:\\\/\\\/www.escapadarural.com\\\/blog\\\/#organization\"},\"image\":{\"@id\":\"https:\\\/\\\/www.escapadarural.com\\\/blog\\\/momentos-reservados-en-la-region-de-murcia\\\/#primaryimage\"},\"thumbnailUrl\":\"https:\\\/\\\/www.escapadarural.com\\\/blog\\\/wp-content\\\/uploads\\\/2024\\\/05\\\/Museos-en-Caravaca.jpg\",\"keywords\":[\"art\u00edculo\",\"Experiencias\",\"Momentos reservados\",\"Murcia\",\"Regi\u00f3n de Murcia\"],\"articleSection\":[\"Rutas y excursiones\"],\"inLanguage\":\"es\",\"potentialAction\":[{\"@type\":\"CommentAction\",\"name\":\"Comment\",\"target\":[\"https:\\\/\\\/www.escapadarural.com\\\/blog\\\/momentos-reservados-en-la-region-de-murcia\\\/#respond\"]}]},{\"@type\":\"WebPage\",\"@id\":\"https:\\\/\\\/www.escapadarural.com\\\/blog\\\/momentos-reservados-en-la-region-de-murcia\\\/\",\"url\":\"https:\\\/\\\/www.escapadarural.com\\\/blog\\\/momentos-reservados-en-la-region-de-murcia\\\/\",\"name\":\"Momentos reservados en la Regi\u00f3n de Murcia - EscapadaRural\",\"isPartOf\":{\"@id\":\"https:\\\/\\\/www.escapadarural.com\\\/blog\\\/#website\"},\"primaryImageOfPage\":{\"@id\":\"https:\\\/\\\/www.escapadarural.com\\\/blog\\\/momentos-reservados-en-la-region-de-murcia\\\/#primaryimage\"},\"image\":{\"@id\":\"https:\\\/\\\/www.escapadarural.com\\\/blog\\\/momentos-reservados-en-la-region-de-murcia\\\/#primaryimage\"},\"thumbnailUrl\":\"https:\\\/\\\/www.escapadarural.com\\\/blog\\\/wp-content\\\/uploads\\\/2024\\\/05\\\/Museos-en-Caravaca.jpg\",\"datePublished\":\"2019-12-08T11:59:40+00:00\",\"dateModified\":\"2025-03-05T14:26:32+00:00\",\"breadcrumb\":{\"@id\":\"https:\\\/\\\/www.escapadarural.com\\\/blog\\\/momentos-reservados-en-la-region-de-murcia\\\/#breadcrumb\"},\"inLanguage\":\"es\",\"potentialAction\":[{\"@type\":\"ReadAction\",\"target\":[\"https:\\\/\\\/www.escapadarural.com\\\/blog\\\/momentos-reservados-en-la-region-de-murcia\\\/\"]}]},{\"@type\":\"ImageObject\",\"inLanguage\":\"es\",\"@id\":\"https:\\\/\\\/www.escapadarural.com\\\/blog\\\/momentos-reservados-en-la-region-de-murcia\\\/#primaryimage\",\"url\":\"https:\\\/\\\/www.escapadarural.com\\\/blog\\\/wp-content\\\/uploads\\\/2024\\\/05\\\/Museos-en-Caravaca.jpg\",\"contentUrl\":\"https:\\\/\\\/www.escapadarural.com\\\/blog\\\/wp-content\\\/uploads\\\/2024\\\/05\\\/Museos-en-Caravaca.jpg\",\"width\":1024,\"height\":682,\"caption\":\"Museos en Caravaca, Regi\u00f3n de Murcia. Por Turismo Regi\u00f3n de Murcia\"},{\"@type\":\"BreadcrumbList\",\"@id\":\"https:\\\/\\\/www.escapadarural.com\\\/blog\\\/momentos-reservados-en-la-region-de-murcia\\\/#breadcrumb\",\"itemListElement\":[{\"@type\":\"ListItem\",\"position\":1,\"name\":\"Inicio\",\"item\":\"https:\\\/\\\/www.escapadarural.com\\\/blog\\\/\"},{\"@type\":\"ListItem\",\"position\":2,\"name\":\"Rutas y excursiones\",\"item\":\"https:\\\/\\\/www.escapadarural.com\\\/blog\\\/categoria\\\/rutas-y-excursiones\\\/\"},{\"@type\":\"ListItem\",\"position\":3,\"name\":\"Momentos reservados en la Regi\u00f3n de Murcia\"}]},{\"@type\":\"WebSite\",\"@id\":\"https:\\\/\\\/www.escapadarural.com\\\/blog\\\/#website\",\"url\":\"https:\\\/\\\/www.escapadarural.com\\\/blog\\\/\",\"name\":\"Blog de viajes | turismo rural, alojamientos e inspiraci\u00f3n\",\"description\":\"Alojamientos rurales e inspiraci\u00f3n para tus escapadas\",\"publisher\":{\"@id\":\"https:\\\/\\\/www.escapadarural.com\\\/blog\\\/#organization\"},\"alternateName\":\"Magazine de viajes de EscapadaRural\",\"potentialAction\":[{\"@type\":\"SearchAction\",\"target\":{\"@type\":\"EntryPoint\",\"urlTemplate\":\"https:\\\/\\\/www.escapadarural.com\\\/blog\\\/?s={search_term_string}\"},\"query-input\":{\"@type\":\"PropertyValueSpecification\",\"valueRequired\":true,\"valueName\":\"search_term_string\"}}],\"inLanguage\":\"es\"},{\"@type\":\"Organization\",\"@id\":\"https:\\\/\\\/www.escapadarural.com\\\/blog\\\/#organization\",\"name\":\"EscapadaRural\",\"url\":\"https:\\\/\\\/www.escapadarural.com\\\/blog\\\/\",\"logo\":{\"@type\":\"ImageObject\",\"inLanguage\":\"es\",\"@id\":\"https:\\\/\\\/www.escapadarural.com\\\/blog\\\/#\\\/schema\\\/logo\\\/image\\\/\",\"url\":\"https:\\\/\\\/www.escapadarural.com\\\/blog\\\/wp-content\\\/uploads\\\/2024\\\/10\\\/cropped-cropped-escapada-rural-icon-mag-3.png\",\"contentUrl\":\"https:\\\/\\\/www.escapadarural.com\\\/blog\\\/wp-content\\\/uploads\\\/2024\\\/10\\\/cropped-cropped-escapada-rural-icon-mag-3.png\",\"width\":512,\"height\":512,\"caption\":\"EscapadaRural\"},\"image\":{\"@id\":\"https:\\\/\\\/www.escapadarural.com\\\/blog\\\/#\\\/schema\\\/logo\\\/image\\\/\"},\"sameAs\":[\"https:\\\/\\\/www.facebook.com\\\/escapadarural\",\"https:\\\/\\\/www.instagram.com\\\/escapadarural\\\/\",\"https:\\\/\\\/www.youtube.com\\\/@escapadaruralcom\"]},{\"@type\":\"Person\",\"@id\":\"https:\\\/\\\/www.escapadarural.com\\\/blog\\\/#\\\/schema\\\/person\\\/d9ee55ff3e0cef41d6eac8922b4f972c\",\"name\":\"Escapada Rural\",\"image\":{\"@type\":\"ImageObject\",\"inLanguage\":\"es\",\"@id\":\"https:\\\/\\\/www.escapadarural.com\\\/blog\\\/wp-content\\\/uploads\\\/2024\\\/10\\\/cropped-cropped-escapada-rural-icon-mag-3-96x96.png\",\"url\":\"https:\\\/\\\/www.escapadarural.com\\\/blog\\\/wp-content\\\/uploads\\\/2024\\\/10\\\/cropped-cropped-escapada-rural-icon-mag-3-96x96.png\",\"contentUrl\":\"https:\\\/\\\/www.escapadarural.com\\\/blog\\\/wp-content\\\/uploads\\\/2024\\\/10\\\/cropped-cropped-escapada-rural-icon-mag-3-96x96.png\",\"caption\":\"Escapada Rural\"},\"sameAs\":[\"https:\\\/\\\/www.facebook.com\\\/escapadarural\",\"https:\\\/\\\/www.linkedin.com\\\/company\\\/escapada-rural\\\/?originalSubdomain=es\",\"https:\\\/\\\/x.com\\\/https:\\\/\\\/x.com\\\/i\\\/flow\\\/login?redirect_after_login=escapadarural\"],\"url\":\"https:\\\/\\\/www.escapadarural.com\\\/blog\\\/autor\\\/user\\\/\"}]}<\/script>\n<!-- \/ Yoast SEO plugin. -->","yoast_head_json":{"title":"Momentos reservados en la Regi\u00f3n de Murcia - EscapadaRural","robots":{"index":"index","follow":"follow","max-snippet":"max-snippet:-1","max-image-preview":"max-image-preview:large","max-video-preview":"max-video-preview:-1"},"canonical":"https:\/\/www.escapadarural.com\/blog\/momentos-reservados-en-la-region-de-murcia\/","og_locale":"es_ES","og_type":"article","og_title":"Momentos reservados en la Regi\u00f3n de Murcia - EscapadaRural","og_description":"Playa o monta\u00f1a, relax o aventura, la Regi\u00f3n de Murcia tiene un abanico de oportunidades incre\u00edble que nos quedamos con ganas de explorar. Desde surcar el cielo en un paseo en globo para ver el amanecer con vista de p\u00e1jaro, hasta excursiones en barco para avistar delfines, o visitar los parques naturales como el de Calblanque, para conectar con la flora y fauna de la regi\u00f3n.","og_url":"https:\/\/www.escapadarural.com\/blog\/momentos-reservados-en-la-region-de-murcia\/","og_site_name":"Magazine de viajes de EscapadaRural","article_publisher":"https:\/\/www.facebook.com\/escapadarural","article_author":"https:\/\/www.facebook.com\/escapadarural","article_published_time":"2019-12-08T11:59:40+00:00","article_modified_time":"2025-03-05T14:26:32+00:00","og_image":[{"width":1024,"height":682,"url":"https:\/\/app.escapadarural.com\/blog\/wp-content\/uploads\/2024\/05\/Museos-en-Caravaca.jpg","type":"image\/jpeg"}],"author":"Escapada Rural","twitter_card":"summary_large_image","twitter_creator":"@https:\/\/x.com\/i\/flow\/login?redirect_after_login=escapadarural","twitter_misc":{"Escrito por":"Escapada Rural","Tiempo de lectura":"3 minutos"},"schema":{"@context":"https:\/\/schema.org","@graph":[{"@type":"Article","@id":"https:\/\/www.escapadarural.com\/blog\/momentos-reservados-en-la-region-de-murcia\/#article","isPartOf":{"@id":"https:\/\/www.escapadarural.com\/blog\/momentos-reservados-en-la-region-de-murcia\/"},"author":{"name":"Escapada Rural","@id":"https:\/\/www.escapadarural.com\/blog\/#\/schema\/person\/d9ee55ff3e0cef41d6eac8922b4f972c"},"headline":"Momentos reservados en la Regi\u00f3n de Murcia","datePublished":"2019-12-08T11:59:40+00:00","dateModified":"2025-03-05T14:26:32+00:00","mainEntityOfPage":{"@id":"https:\/\/www.escapadarural.com\/blog\/momentos-reservados-en-la-region-de-murcia\/"},"wordCount":449,"commentCount":1,"publisher":{"@id":"https:\/\/www.escapadarural.com\/blog\/#organization"},"image":{"@id":"https:\/\/www.escapadarural.com\/blog\/momentos-reservados-en-la-region-de-murcia\/#primaryimage"},"thumbnailUrl":"https:\/\/www.escapadarural.com\/blog\/wp-content\/uploads\/2024\/05\/Museos-en-Caravaca.jpg","keywords":["art\u00edculo","Experiencias","Momentos reservados","Murcia","Regi\u00f3n de Murcia"],"articleSection":["Rutas y excursiones"],"inLanguage":"es","potentialAction":[{"@type":"CommentAction","name":"Comment","target":["https:\/\/www.escapadarural.com\/blog\/momentos-reservados-en-la-region-de-murcia\/#respond"]}]},{"@type":"WebPage","@id":"https:\/\/www.escapadarural.com\/blog\/momentos-reservados-en-la-region-de-murcia\/","url":"https:\/\/www.escapadarural.com\/blog\/momentos-reservados-en-la-region-de-murcia\/","name":"Momentos reservados en la Regi\u00f3n de Murcia - EscapadaRural","isPartOf":{"@id":"https:\/\/www.escapadarural.com\/blog\/#website"},"primaryImageOfPage":{"@id":"https:\/\/www.escapadarural.com\/blog\/momentos-reservados-en-la-region-de-murcia\/#primaryimage"},"image":{"@id":"https:\/\/www.escapadarural.com\/blog\/momentos-reservados-en-la-region-de-murcia\/#primaryimage"},"thumbnailUrl":"https:\/\/www.escapadarural.com\/blog\/wp-content\/uploads\/2024\/05\/Museos-en-Caravaca.jpg","datePublished":"2019-12-08T11:59:40+00:00","dateModified":"2025-03-05T14:26:32+00:00","breadcrumb":{"@id":"https:\/\/www.escapadarural.com\/blog\/momentos-reservados-en-la-region-de-murcia\/#breadcrumb"},"inLanguage":"es","potentialAction":[{"@type":"ReadAction","target":["https:\/\/www.escapadarural.com\/blog\/momentos-reservados-en-la-region-de-murcia\/"]}]},{"@type":"ImageObject","inLanguage":"es","@id":"https:\/\/www.escapadarural.com\/blog\/momentos-reservados-en-la-region-de-murcia\/#primaryimage","url":"https:\/\/www.escapadarural.com\/blog\/wp-content\/uploads\/2024\/05\/Museos-en-Caravaca.jpg","contentUrl":"https:\/\/www.escapadarural.com\/blog\/wp-content\/uploads\/2024\/05\/Museos-en-Caravaca.jpg","width":1024,"height":682,"caption":"Museos en Caravaca, Regi\u00f3n de Murcia. Por Turismo Regi\u00f3n de Murcia"},{"@type":"BreadcrumbList","@id":"https:\/\/www.escapadarural.com\/blog\/momentos-reservados-en-la-region-de-murcia\/#breadcrumb","itemListElement":[{"@type":"ListItem","position":1,"name":"Inicio","item":"https:\/\/www.escapadarural.com\/blog\/"},{"@type":"ListItem","position":2,"name":"Rutas y excursiones","item":"https:\/\/www.escapadarural.com\/blog\/categoria\/rutas-y-excursiones\/"},{"@type":"ListItem","position":3,"name":"Momentos reservados en la Regi\u00f3n de Murcia"}]},{"@type":"WebSite","@id":"https:\/\/www.escapadarural.com\/blog\/#website","url":"https:\/\/www.escapadarural.com\/blog\/","name":"Blog de viajes | turismo rural, alojamientos e inspiraci\u00f3n","description":"Alojamientos rurales e inspiraci\u00f3n para tus escapadas","publisher":{"@id":"https:\/\/www.escapadarural.com\/blog\/#organization"},"alternateName":"Magazine de viajes de EscapadaRural","potentialAction":[{"@type":"SearchAction","target":{"@type":"EntryPoint","urlTemplate":"https:\/\/www.escapadarural.com\/blog\/?s={search_term_string}"},"query-input":{"@type":"PropertyValueSpecification","valueRequired":true,"valueName":"search_term_string"}}],"inLanguage":"es"},{"@type":"Organization","@id":"https:\/\/www.escapadarural.com\/blog\/#organization","name":"EscapadaRural","url":"https:\/\/www.escapadarural.com\/blog\/","logo":{"@type":"ImageObject","inLanguage":"es","@id":"https:\/\/www.escapadarural.com\/blog\/#\/schema\/logo\/image\/","url":"https:\/\/www.escapadarural.com\/blog\/wp-content\/uploads\/2024\/10\/cropped-cropped-escapada-rural-icon-mag-3.png","contentUrl":"https:\/\/www.escapadarural.com\/blog\/wp-content\/uploads\/2024\/10\/cropped-cropped-escapada-rural-icon-mag-3.png","width":512,"height":512,"caption":"EscapadaRural"},"image":{"@id":"https:\/\/www.escapadarural.com\/blog\/#\/schema\/logo\/image\/"},"sameAs":["https:\/\/www.facebook.com\/escapadarural","https:\/\/www.instagram.com\/escapadarural\/","https:\/\/www.youtube.com\/@escapadaruralcom"]},{"@type":"Person","@id":"https:\/\/www.escapadarural.com\/blog\/#\/schema\/person\/d9ee55ff3e0cef41d6eac8922b4f972c","name":"Escapada Rural","image":{"@type":"ImageObject","inLanguage":"es","@id":"https:\/\/www.escapadarural.com\/blog\/wp-content\/uploads\/2024\/10\/cropped-cropped-escapada-rural-icon-mag-3-96x96.png","url":"https:\/\/www.escapadarural.com\/blog\/wp-content\/uploads\/2024\/10\/cropped-cropped-escapada-rural-icon-mag-3-96x96.png","contentUrl":"https:\/\/www.escapadarural.com\/blog\/wp-content\/uploads\/2024\/10\/cropped-cropped-escapada-rural-icon-mag-3-96x96.png","caption":"Escapada Rural"},"sameAs":["https:\/\/www.facebook.com\/escapadarural","https:\/\/www.linkedin.com\/company\/escapada-rural\/?originalSubdomain=es","https:\/\/x.com\/https:\/\/x.com\/i\/flow\/login?redirect_after_login=escapadarural"],"url":"https:\/\/www.escapadarural.com\/blog\/autor\/user\/"}]}},"_links":{"self":[{"href":"https:\/\/www.escapadarural.com\/blog\/wp-json\/wp\/v2\/posts\/12424","targetHints":{"allow":["GET"]}}],"collection":[{"href":"https:\/\/www.escapadarural.com\/blog\/wp-json\/wp\/v2\/posts"}],"about":[{"href":"https:\/\/www.escapadarural.com\/blog\/wp-json\/wp\/v2\/types\/post"}],"author":[{"embeddable":true,"href":"https:\/\/www.escapadarural.com\/blog\/wp-json\/wp\/v2\/users\/136"}],"replies":[{"embeddable":true,"href":"https:\/\/www.escapadarural.com\/blog\/wp-json\/wp\/v2\/comments?post=12424"}],"version-history":[{"count":0,"href":"https:\/\/www.escapadarural.com\/blog\/wp-json\/wp\/v2\/posts\/12424\/revisions"}],"wp:featuredmedia":[{"embeddable":true,"href":"https:\/\/www.escapadarural.com\/blog\/wp-json\/wp\/v2\/media\/76611"}],"wp:attachment":[{"href":"https:\/\/www.escapadarural.com\/blog\/wp-json\/wp\/v2\/media?parent=12424"}],"wp:term":[{"taxonomy":"category","embeddable":true,"href":"https:\/\/www.escapadarural.com\/blog\/wp-json\/wp\/v2\/categories?post=12424"},{"taxonomy":"post_tag","embeddable":true,"href":"https:\/\/www.escapadarural.com\/blog\/wp-json\/wp\/v2\/tags?post=12424"}],"curies":[{"name":"wp","href":"https:\/\/api.w.org\/{rel}","templated":true}]}}