{"id":12463,"date":"2020-01-17T09:30:27","date_gmt":"2020-01-17T09:30:27","guid":{"rendered":"http:\/\/15.188.81.248\/2020\/01\/17\/5-experiencias-naturales-en-portugal\/"},"modified":"2025-08-01T13:53:27","modified_gmt":"2025-08-01T11:53:27","slug":"5-experiencias-naturales-en-portugal","status":"publish","type":"post","link":"https:\/\/www.escapadarural.com\/blog\/5-experiencias-naturales-en-portugal\/","title":{"rendered":"5 experiencias naturales en Portugal"},"content":{"rendered":"\n<figure class=\"wp-block-image size-large\"><a href=\"\/blog\/wp-content\/uploads\/2020\/01\/aldeas-senderismo.jpg\"><img decoding=\"async\" src=\"\/blog\/wp-content\/uploads\/2020\/01\/aldeas-senderismo.jpg\" alt=\"Portugal\" class=\"wp-image-18766\"\/><\/a><figcaption class=\"wp-element-caption\">Por Aldeas Hist\u00f3ricas de Portugal<\/figcaption><\/figure>\n\n\n\n<p>Portugal no es solo un destino urbano. Cierto que Lisboa y Oporto tienen su tir\u00f3n, o que cada vez m\u00e1s, pueblos como \u00d3bidos o Monsaraz aparecen como destinos de moda para hacer una escapada rural.<\/p>\n\n\n\n<p>A parte de ello, <strong>Portugal es un pa\u00eds con una naturaleza excepcional<\/strong>. Desconocida a\u00fan para muchos, engloba alguna que otra imponente monta\u00f1a, lagunas, r\u00edos o extensos arenales de suficiente importancia como para tenerlos muy presentes en nuestro radar viajero.<\/p>\n\n\n\n<h2 class=\"wp-block-heading title-rute\" id=\"h-el-algarve-desde-las-alturas\">El Algarve desde las alturas<\/h2>\n\n\n\n<figure class=\"wp-block-embed is-type-video is-provider-youtube wp-block-embed-youtube wp-embed-aspect-16-9 wp-has-aspect-ratio\"><div class=\"wp-block-embed__wrapper\">\n<span class=\"U3P6TY0CgUiLlPXIJY7SQRgR5qzVO4H8knao6ocKdysLAEG8ciNVw2J9ySmOzepDNfndQM29sbAD5ukX3Cpq0tj7lFbuWxv\"><div class=\"video-shortcode\"><iframe title=\"Sanl\u00facar de Guadiana y Tirolina L\u00edmite Zero. Huelva\" width=\"1200\" height=\"675\" src=\"https:\/\/www.youtube.com\/embed\/EQpZ_3pONc4?feature=oembed\" frameborder=\"0\" allow=\"accelerometer; autoplay; clipboard-write; encrypted-media; gyroscope; picture-in-picture; web-share\" referrerpolicy=\"strict-origin-when-cross-origin\" allowfullscreen><\/iframe><\/div><\/span>\n<\/div><\/figure>\n\n\n\n<p>Este es un billete combinado, a\u00e9reo y mar\u00edtimo, para cruzar el r\u00edo Guadiana desde Espa\u00f1a hacia Portugal y ganar una hora de tiempo. \u00bfMagia? No, algo posible (y muy divertido) gracias a la <strong>primera tirolina transfronteriza del mundo<\/strong>. Los 720 metros de cable no s\u00f3lo unen los dos pa\u00edses a casi 80 kil\u00f3metros por hora, sino que al llegar al otro extremo tendremos que cambiar la hora del reloj debido al distinto huso horario portugu\u00e9s.<\/p>\n\n\n\n<p>La aventura \u2013para un m\u00e1ximo de ocho personas\u2013 comienza en Sanl\u00facar de Guadiana, donde se encuentra la plataforma de salida. Desde all\u00ed, y a unos 25 metros de altura, los aventureros vuelan disfrutando de unas vistas maravillosas hasta el muelle de Alcoutim, donde tiene su base el ferry para cruzar el r\u00edo y volver a Espa\u00f1a.<\/p>\n\n\n\n<p>Para quienes tengan miedo a las alturas, pero no renuncien a disfrutar de este bello entorno fronterizo entre Huelva y el Algarve, est\u00e1 la <strong>Gran Ruta del Guadiana<\/strong>. Un sendero se\u00f1alizado de 65 km que permite recorrer el Algarve de norte a sur disfrutando de los paisajes del r\u00edo, de las villas medievales, de ruinas y de los t\u00edpicos molinos que salpican la regi\u00f3n.<\/p>\n\n\n\n<h2 class=\"wp-block-heading title-rute\" id=\"h-los-lobos-de-mafra\">Los lobos de Mafra<\/h2>\n\n\n\n<figure class=\"wp-block-image size-large\"><a href=\"\/blog\/wp-content\/uploads\/2020\/01\/lobo.jpg\"><img decoding=\"async\" src=\"\/blog\/wp-content\/uploads\/2020\/01\/lobo.jpg\" alt=\"Lobo\" class=\"wp-image-18765\"\/><\/a><figcaption class=\"wp-element-caption\">Por jesue92<\/figcaption><\/figure>\n\n\n\n<p>No hay que tenerle miedo al lobo. Eso es lo que nos ense\u00f1\u00f3 el gran F\u00e9lix Rodr\u00edguez de la Fuente y eso es lo que han puesto en pr\u00e1ctica en Mafra, en el distrito de Lisboa. La villa, conocida por tener uno de los mayores palacios de Portugal, alberga tambi\u00e9n el <a rel=\"noopener noreferrer\" href=\"https:\/\/www.grupolobo.pt\/\" target=\"_blank\" class=\"rank-math-link\">Centro de Recupera\u00e7\u00e3o do Lobo Ib\u00e9rico<\/a>, una especie de la que queda \u00fanicamente unos 2.000 ejemplares en la Pen\u00ednsula, 300 de ellos en Portugal.<\/p>\n\n\n\n<p>En medio de un precioso valle cubierto por bosques, este <strong>centro de recuperaci\u00f3n del lobo<\/strong> se dedica a dar cobijo a lobos adultos y cr\u00edas que por diferentes razones no pueden vivir en libertad. Este santuario recibe a miles de visitantes de todo el mundo bajo una serie de medidas que buscan garantizar el bienestar de los lobos.<\/p>\n\n\n\n<p>La experiencia es apasionante. En medio de un entorno totalmente natural, la visita comienza en el centro de interpretaci\u00f3n, donde hay una exposici\u00f3n permanente con todo lo referente a estos mam\u00edferos. El plato fuerte llega cuando nos adentramos a trav\u00e9s del sendero que recorre el recinto. Ser\u00e1 entonces cuando se puedan observar los movimientos de algunos lobos, casi como si estuvi\u00e9ramos protagonizando un documental de animales salvajes. Todo ello con la compa\u00f1\u00eda de un bi\u00f3logo que pone en contexto todo lo vivido.<\/p>\n\n\n\n<h2 class=\"wp-block-heading title-rute\" id=\"h-gran-ruta-por-las-aldeas-historicas\">Gran ruta por las aldeas hist\u00f3ricas<\/h2>\n\n\n\n<figure class=\"wp-block-image size-large\"><a href=\"\/blog\/wp-content\/uploads\/2020\/01\/serra-da-estrela-3.jpg\"><img decoding=\"async\" src=\"\/blog\/wp-content\/uploads\/2020\/01\/serra-da-estrela-3.jpg\" alt=\"Serra da Estrela\" class=\"wp-image-18764\"\/><\/a><figcaption class=\"wp-element-caption\">Serra da Estrela. Por Dan2photo.com<\/figcaption><\/figure>\n\n\n\n<p>En su tiempo fue una de las fronteras m\u00e1s conflictivas; pero hoy reina la paz. Aquellas peque\u00f1as villas que salpicaron el territorio disputado tanto por Espa\u00f1a como por Portugal durante la Edad Media viven los tiempos presentes agrupadas bajo la <a rel=\"noopener noreferrer\" href=\"https:\/\/aldeiashistoricasdeportugal.com\/es\/\" target=\"_blank\" class=\"rank-math-link\">red Aldeas Hist\u00f3ricas de Portugal<\/a>.<\/p>\n\n\n\n<p>Entre sus ingredientes, hay paisajes \u00e9picos, doce pueblos encantadores, <strong>fortalezas medievales<\/strong> y algunos de los parques naturales m\u00e1s bellos de Portugal, como el Parque Natural Internacional o el Parque Natural de la Serra da Estrela. Y la mejor forma para que no se nos pase nada por alto es el GR22, que une en 600 km todas las villas hist\u00f3ricas de la red.<\/p>\n\n\n\n<p>Por si hicieran falta m\u00e1s argumentos, esta ruta recibi\u00f3 en octubre de 2019 el premio Leading Quality Trails &#8211; Best of Europe seal por la European Ramblers Association, una certificaci\u00f3n que premia a los <strong>mejores destinos senderistas de Europa<\/strong> en funci\u00f3n de criterios como la sostenibilidad o el nivel de experiencia que brindan.<\/p>\n\n\n\n<h2 class=\"wp-block-heading title-rute\" id=\"h-una-pista-ecologica\">Una pista ecol\u00f3gica<\/h2>\n\n\n\n<figure class=\"wp-block-image size-large\"><a href=\"\/blog\/wp-content\/uploads\/2020\/01\/Caminha.jpg\"><img decoding=\"async\" src=\"\/blog\/wp-content\/uploads\/2020\/01\/Caminha.jpg\" alt=\"Portugal\" class=\"wp-image-18763\"\/><\/a><figcaption class=\"wp-element-caption\">Por moedas1<\/figcaption><\/figure>\n\n\n\n<p>La serenidad del r\u00edo y la frondosidad de sus riberas son dos de los ingredientes de esta ruta llena de alicientes. De Mon\u00e7\u00e3o a Caminha, un tranquilo paseo en bicicleta entre vi\u00f1edos, bosques y pueblos que van apareciendo a lo largo de una v\u00eda verde de 40 kil\u00f3metros que finaliza en el Atl\u00e1ntico. La Asociaci\u00f3n Europea de V\u00edas Verdes la consider\u00f3 entre las mejores rutas de Europa en 2017.<\/p>\n\n\n\n<p>Las ruinas de la <strong>fortaleza de Mon\u00e7ao<\/strong>, un pueblo que no supera los 20.000 habitantes, despiden al ciclista. Nada m\u00e1s empezar a pedalear nos adentramos en un frondoso bosque. El sendero avanza con apenas peque\u00f1as ondulaciones gracias a que sigue el trazado de las antiguas v\u00edas f\u00e9rreas. Con el r\u00edo siempre a la derecha, la ruta prosigue intern\u00e1ndose por un paisaje dominado por la uva albari\u00f1o.<\/p>\n\n\n\n<p>Saliendo de Valen\u00e7a, el sendero deja el trazado suave de la l\u00ednea ferroviaria y se vuelve algo m\u00e1s sinuoso. A pesar de ello, sigue siendo muy agradable pedalear. Caminha ser\u00e1 la meta de nuestra ruta, el lugar donde el r\u00edo se abre para ir a dar al Atl\u00e1ntico en un horizonte buc\u00f3lico. Las vistas de la <strong>playa Camarido<\/strong> son el regalo para los ciclistas.<\/p>\n\n\n\n<h2 class=\"wp-block-heading title-rute\" id=\"h-avistamiento-de-aves-en-el-centro-de-portugal\">Avistamiento de aves en el Centro de Portugal<\/h2>\n\n\n\n<figure class=\"wp-block-image size-large\"><a href=\"\/blog\/wp-content\/uploads\/2020\/01\/aveiro-ria.jpg\"><img decoding=\"async\" src=\"\/blog\/wp-content\/uploads\/2020\/01\/aveiro-ria.jpg\" alt=\"Portugal\" class=\"wp-image-18762\"\/><\/a><figcaption class=\"wp-element-caption\">Por anammarques<\/figcaption><\/figure>\n\n\n\n<p>La regi\u00f3n del Centro de Portugal ha entrado desde hace un tiempo en la lista de los mejores lugares de Europa para el <strong>avistamiento de aves<\/strong>.<\/p>\n\n\n\n<p>En esta extensa geograf\u00eda, destaca la r\u00eda de Aveiro, la ciudad que es conocida como la \u201cVenecia portuguesa\u201d. Esta r\u00eda, que se form\u00f3 cuando el mar se retir\u00f3, ha proporcionado desde su origen sustento a la poblaci\u00f3n, por lo que se puede decir que es el verdadero coraz\u00f3n de la regi\u00f3n. No es una exageraci\u00f3n, todo en Aveiro gira alrededor de estos 47 kil\u00f3metros de agua paralelos al mar.<\/p>\n\n\n\n<p>La r\u00eda de Aveiro es la extensi\u00f3n de zona h\u00fameda m\u00e1s grande de toda la parte norte de Portugal. Ella sola es el hogar de 20.000 aves acu\u00e1ticas, en especial en \u00e9poca de nidificaci\u00f3n. Uno de los lugares favoritos de los birdwacthers es la <strong>Reserva Natural das Dunas de S\u00e3o Jacinto<\/strong>. Tiene m\u00e1s de 700 hect\u00e1reas donde puedes entrar en contacto directo con la naturaleza y observar especies como el carbonero real, la gaviota reidora, el negr\u00f3n, el porr\u00f3n mo\u00f1udo o la gaviota arg\u00e9ntea.<\/p>\n\n\n\n<p><\/p>\n","protected":false},"excerpt":{"rendered":"<p>Portugal es un pa\u00eds con una naturaleza excepcional. Desconocida a\u00fan para muchos, engloba alguna que otra imponente monta\u00f1a, lagunas, r\u00edos o extensos arenales de suficiente importancia como para tenerlos muy presentes en nuestro radar viajero.<\/p>\n","protected":false},"author":112,"featured_media":104682,"comment_status":"open","ping_status":"closed","sticky":false,"template":"","format":"standard","meta":{"_acf_changed":false,"om_disable_all_campaigns":false,"footnotes":""},"categories":[1379],"tags":[2291,2073,2171,2357,215,2473,2326,538],"class_list":["post-12463","post","type-post","status-publish","format-standard","has-post-thumbnail","hentry","category-rutas-y-excursiones","tag-aldeas-historicas","tag-algarve","tag-aveiro","tag-beiras-e-serra-da-estrela","tag-listado","tag-mafra","tag-moncao-2","tag-portugal"],"acf":[],"featured_image_src":"https:\/\/www.escapadarural.com\/blog\/wp-content\/uploads\/2024\/10\/Juderias-de-Portugal-5-1024x683-3.jpg","author_info":{"display_name":"Jos\u00e9 Alejandro Adamuz","author_link":"https:\/\/www.escapadarural.com\/blog\/autor\/josealejandro\/"},"yoast_head":"<!-- This site is optimized with the Yoast SEO plugin v27.5 - https:\/\/yoast.com\/product\/yoast-seo-wordpress\/ -->\n<title>5 experiencias naturales en Portugal - EscapadaRural<\/title>\n<meta name=\"robots\" content=\"index, follow, max-snippet:-1, max-image-preview:large, max-video-preview:-1\" \/>\n<link rel=\"canonical\" href=\"https:\/\/www.escapadarural.com\/blog\/5-experiencias-naturales-en-portugal\/\" \/>\n<meta property=\"og:locale\" content=\"es_ES\" \/>\n<meta property=\"og:type\" content=\"article\" \/>\n<meta property=\"og:title\" content=\"5 experiencias naturales en Portugal - EscapadaRural\" \/>\n<meta property=\"og:description\" content=\"Portugal es un pa\u00eds con una naturaleza excepcional. Desconocida a\u00fan para muchos, engloba alguna que otra imponente monta\u00f1a, lagunas, r\u00edos o extensos arenales de suficiente importancia como para tenerlos muy presentes en nuestro radar viajero.\" \/>\n<meta property=\"og:url\" content=\"https:\/\/www.escapadarural.com\/blog\/5-experiencias-naturales-en-portugal\/\" \/>\n<meta property=\"og:site_name\" content=\"Magazine de viajes de EscapadaRural\" \/>\n<meta property=\"article:publisher\" content=\"https:\/\/www.facebook.com\/escapadarural\" \/>\n<meta property=\"article:published_time\" content=\"2020-01-17T09:30:27+00:00\" \/>\n<meta property=\"article:modified_time\" content=\"2025-08-01T11:53:27+00:00\" \/>\n<meta property=\"og:image\" content=\"https:\/\/www.escapadarural.com\/blog\/wp-content\/uploads\/2024\/10\/Juderias-de-Portugal-5-1024x683-3.jpg?v=1754049208\" \/>\n\t<meta property=\"og:image:width\" content=\"1024\" \/>\n\t<meta property=\"og:image:height\" content=\"683\" \/>\n\t<meta property=\"og:image:type\" content=\"image\/jpeg\" \/>\n<meta name=\"author\" content=\"Jos\u00e9 Alejandro Adamuz\" \/>\n<meta name=\"twitter:card\" content=\"summary_large_image\" \/>\n<meta name=\"twitter:label1\" content=\"Escrito por\" \/>\n\t<meta name=\"twitter:data1\" content=\"Jos\u00e9 Alejandro Adamuz\" \/>\n\t<meta name=\"twitter:label2\" content=\"Tiempo de lectura\" \/>\n\t<meta name=\"twitter:data2\" content=\"6 minutos\" \/>\n<script type=\"application\/ld+json\" class=\"yoast-schema-graph\">{\"@context\":\"https:\\\/\\\/schema.org\",\"@graph\":[{\"@type\":\"Article\",\"@id\":\"https:\\\/\\\/www.escapadarural.com\\\/blog\\\/5-experiencias-naturales-en-portugal\\\/#article\",\"isPartOf\":{\"@id\":\"https:\\\/\\\/www.escapadarural.com\\\/blog\\\/5-experiencias-naturales-en-portugal\\\/\"},\"author\":{\"name\":\"Jos\u00e9 Alejandro Adamuz\",\"@id\":\"https:\\\/\\\/www.escapadarural.com\\\/blog\\\/#\\\/schema\\\/person\\\/ac6969ba5ab90987dda9465be409d6b3\"},\"headline\":\"5 experiencias naturales en Portugal\",\"datePublished\":\"2020-01-17T09:30:27+00:00\",\"dateModified\":\"2025-08-01T11:53:27+00:00\",\"mainEntityOfPage\":{\"@id\":\"https:\\\/\\\/www.escapadarural.com\\\/blog\\\/5-experiencias-naturales-en-portugal\\\/\"},\"wordCount\":1163,\"commentCount\":0,\"publisher\":{\"@id\":\"https:\\\/\\\/www.escapadarural.com\\\/blog\\\/#organization\"},\"image\":{\"@id\":\"https:\\\/\\\/www.escapadarural.com\\\/blog\\\/5-experiencias-naturales-en-portugal\\\/#primaryimage\"},\"thumbnailUrl\":\"https:\\\/\\\/www.escapadarural.com\\\/blog\\\/wp-content\\\/uploads\\\/2024\\\/10\\\/Juderias-de-Portugal-5-1024x683-3.jpg\",\"keywords\":[\"Aldeas hist\u00f3ricas\",\"Algarve\",\"Aveiro\",\"Beiras e Serra da Estrela\",\"Listado\",\"Mafra\",\"Mon\u00e7\u00e3o\",\"portugal\"],\"articleSection\":[\"Rutas y excursiones\"],\"inLanguage\":\"es\",\"potentialAction\":[{\"@type\":\"CommentAction\",\"name\":\"Comment\",\"target\":[\"https:\\\/\\\/www.escapadarural.com\\\/blog\\\/5-experiencias-naturales-en-portugal\\\/#respond\"]}]},{\"@type\":\"WebPage\",\"@id\":\"https:\\\/\\\/www.escapadarural.com\\\/blog\\\/5-experiencias-naturales-en-portugal\\\/\",\"url\":\"https:\\\/\\\/www.escapadarural.com\\\/blog\\\/5-experiencias-naturales-en-portugal\\\/\",\"name\":\"5 experiencias naturales en Portugal - EscapadaRural\",\"isPartOf\":{\"@id\":\"https:\\\/\\\/www.escapadarural.com\\\/blog\\\/#website\"},\"primaryImageOfPage\":{\"@id\":\"https:\\\/\\\/www.escapadarural.com\\\/blog\\\/5-experiencias-naturales-en-portugal\\\/#primaryimage\"},\"image\":{\"@id\":\"https:\\\/\\\/www.escapadarural.com\\\/blog\\\/5-experiencias-naturales-en-portugal\\\/#primaryimage\"},\"thumbnailUrl\":\"https:\\\/\\\/www.escapadarural.com\\\/blog\\\/wp-content\\\/uploads\\\/2024\\\/10\\\/Juderias-de-Portugal-5-1024x683-3.jpg\",\"datePublished\":\"2020-01-17T09:30:27+00:00\",\"dateModified\":\"2025-08-01T11:53:27+00:00\",\"breadcrumb\":{\"@id\":\"https:\\\/\\\/www.escapadarural.com\\\/blog\\\/5-experiencias-naturales-en-portugal\\\/#breadcrumb\"},\"inLanguage\":\"es\",\"potentialAction\":[{\"@type\":\"ReadAction\",\"target\":[\"https:\\\/\\\/www.escapadarural.com\\\/blog\\\/5-experiencias-naturales-en-portugal\\\/\"]}]},{\"@type\":\"ImageObject\",\"inLanguage\":\"es\",\"@id\":\"https:\\\/\\\/www.escapadarural.com\\\/blog\\\/5-experiencias-naturales-en-portugal\\\/#primaryimage\",\"url\":\"https:\\\/\\\/www.escapadarural.com\\\/blog\\\/wp-content\\\/uploads\\\/2024\\\/10\\\/Juderias-de-Portugal-5-1024x683-3.jpg\",\"contentUrl\":\"https:\\\/\\\/www.escapadarural.com\\\/blog\\\/wp-content\\\/uploads\\\/2024\\\/10\\\/Juderias-de-Portugal-5-1024x683-3.jpg\",\"width\":1024,\"height\":683,\"caption\":\"Una estrecha calle empedrada bordeada de edificios encalados con puertas de madera arqueadas y marcos de piedra, con plantas y flores en macetas a lo largo de las paredes bajo un cielo azul despejado.\"},{\"@type\":\"BreadcrumbList\",\"@id\":\"https:\\\/\\\/www.escapadarural.com\\\/blog\\\/5-experiencias-naturales-en-portugal\\\/#breadcrumb\",\"itemListElement\":[{\"@type\":\"ListItem\",\"position\":1,\"name\":\"Inicio\",\"item\":\"https:\\\/\\\/www.escapadarural.com\\\/blog\\\/\"},{\"@type\":\"ListItem\",\"position\":2,\"name\":\"Rutas y excursiones\",\"item\":\"https:\\\/\\\/www.escapadarural.com\\\/blog\\\/categoria\\\/rutas-y-excursiones\\\/\"},{\"@type\":\"ListItem\",\"position\":3,\"name\":\"5 experiencias naturales en Portugal\"}]},{\"@type\":\"WebSite\",\"@id\":\"https:\\\/\\\/www.escapadarural.com\\\/blog\\\/#website\",\"url\":\"https:\\\/\\\/www.escapadarural.com\\\/blog\\\/\",\"name\":\"Blog de viajes | turismo rural, alojamientos e inspiraci\u00f3n\",\"description\":\"Alojamientos rurales e inspiraci\u00f3n para tus escapadas\",\"publisher\":{\"@id\":\"https:\\\/\\\/www.escapadarural.com\\\/blog\\\/#organization\"},\"alternateName\":\"Magazine de viajes de EscapadaRural\",\"potentialAction\":[{\"@type\":\"SearchAction\",\"target\":{\"@type\":\"EntryPoint\",\"urlTemplate\":\"https:\\\/\\\/www.escapadarural.com\\\/blog\\\/?s={search_term_string}\"},\"query-input\":{\"@type\":\"PropertyValueSpecification\",\"valueRequired\":true,\"valueName\":\"search_term_string\"}}],\"inLanguage\":\"es\"},{\"@type\":\"Organization\",\"@id\":\"https:\\\/\\\/www.escapadarural.com\\\/blog\\\/#organization\",\"name\":\"EscapadaRural\",\"url\":\"https:\\\/\\\/www.escapadarural.com\\\/blog\\\/\",\"logo\":{\"@type\":\"ImageObject\",\"inLanguage\":\"es\",\"@id\":\"https:\\\/\\\/www.escapadarural.com\\\/blog\\\/#\\\/schema\\\/logo\\\/image\\\/\",\"url\":\"https:\\\/\\\/www.escapadarural.com\\\/blog\\\/wp-content\\\/uploads\\\/2024\\\/10\\\/cropped-cropped-escapada-rural-icon-mag-3.png\",\"contentUrl\":\"https:\\\/\\\/www.escapadarural.com\\\/blog\\\/wp-content\\\/uploads\\\/2024\\\/10\\\/cropped-cropped-escapada-rural-icon-mag-3.png\",\"width\":512,\"height\":512,\"caption\":\"EscapadaRural\"},\"image\":{\"@id\":\"https:\\\/\\\/www.escapadarural.com\\\/blog\\\/#\\\/schema\\\/logo\\\/image\\\/\"},\"sameAs\":[\"https:\\\/\\\/www.facebook.com\\\/escapadarural\",\"https:\\\/\\\/www.instagram.com\\\/escapadarural\\\/\",\"https:\\\/\\\/www.youtube.com\\\/@escapadaruralcom\"]},{\"@type\":\"Person\",\"@id\":\"https:\\\/\\\/www.escapadarural.com\\\/blog\\\/#\\\/schema\\\/person\\\/ac6969ba5ab90987dda9465be409d6b3\",\"name\":\"Jos\u00e9 Alejandro Adamuz\",\"image\":{\"@type\":\"ImageObject\",\"inLanguage\":\"es\",\"@id\":\"https:\\\/\\\/www.escapadarural.com\\\/blog\\\/wp-content\\\/uploads\\\/2025\\\/02\\\/cropped-jose_alejandro_viajar-96x96.webp\",\"url\":\"https:\\\/\\\/www.escapadarural.com\\\/blog\\\/wp-content\\\/uploads\\\/2025\\\/02\\\/cropped-jose_alejandro_viajar-96x96.webp\",\"contentUrl\":\"https:\\\/\\\/www.escapadarural.com\\\/blog\\\/wp-content\\\/uploads\\\/2025\\\/02\\\/cropped-jose_alejandro_viajar-96x96.webp\",\"caption\":\"Jos\u00e9 Alejandro Adamuz\"},\"description\":\"Soy licenciado en filolog\u00eda hisp\u00e1nica y periodista por vocaci\u00f3n. Tambi\u00e9n soy disl\u00e9xico, por lo que suelo confundir la derecha con la izquierda y los kil\u00f3metros con la literatura. Pero de momento me va bien as\u00ed. Colaboro habitualmente en diferentes medios haciendo cr\u00f3nica de viajes y periodismo cultural. Me gusta que los viajes cuenten historias y que las historias me hagan viajar.\",\"sameAs\":[\"https:\\\/\\\/viviratodaletra.com\\\/\"],\"url\":\"https:\\\/\\\/www.escapadarural.com\\\/blog\\\/autor\\\/josealejandro\\\/\"}]}<\/script>\n<!-- \/ Yoast SEO plugin. -->","yoast_head_json":{"title":"5 experiencias naturales en Portugal - EscapadaRural","robots":{"index":"index","follow":"follow","max-snippet":"max-snippet:-1","max-image-preview":"max-image-preview:large","max-video-preview":"max-video-preview:-1"},"canonical":"https:\/\/www.escapadarural.com\/blog\/5-experiencias-naturales-en-portugal\/","og_locale":"es_ES","og_type":"article","og_title":"5 experiencias naturales en Portugal - EscapadaRural","og_description":"Portugal es un pa\u00eds con una naturaleza excepcional. Desconocida a\u00fan para muchos, engloba alguna que otra imponente monta\u00f1a, lagunas, r\u00edos o extensos arenales de suficiente importancia como para tenerlos muy presentes en nuestro radar viajero.","og_url":"https:\/\/www.escapadarural.com\/blog\/5-experiencias-naturales-en-portugal\/","og_site_name":"Magazine de viajes de EscapadaRural","article_publisher":"https:\/\/www.facebook.com\/escapadarural","article_published_time":"2020-01-17T09:30:27+00:00","article_modified_time":"2025-08-01T11:53:27+00:00","og_image":[{"width":1024,"height":683,"url":"https:\/\/www.escapadarural.com\/blog\/wp-content\/uploads\/2024\/10\/Juderias-de-Portugal-5-1024x683-3.jpg?v=1754049208","type":"image\/jpeg"}],"author":"Jos\u00e9 Alejandro Adamuz","twitter_card":"summary_large_image","twitter_misc":{"Escrito por":"Jos\u00e9 Alejandro Adamuz","Tiempo de lectura":"6 minutos"},"schema":{"@context":"https:\/\/schema.org","@graph":[{"@type":"Article","@id":"https:\/\/www.escapadarural.com\/blog\/5-experiencias-naturales-en-portugal\/#article","isPartOf":{"@id":"https:\/\/www.escapadarural.com\/blog\/5-experiencias-naturales-en-portugal\/"},"author":{"name":"Jos\u00e9 Alejandro Adamuz","@id":"https:\/\/www.escapadarural.com\/blog\/#\/schema\/person\/ac6969ba5ab90987dda9465be409d6b3"},"headline":"5 experiencias naturales en Portugal","datePublished":"2020-01-17T09:30:27+00:00","dateModified":"2025-08-01T11:53:27+00:00","mainEntityOfPage":{"@id":"https:\/\/www.escapadarural.com\/blog\/5-experiencias-naturales-en-portugal\/"},"wordCount":1163,"commentCount":0,"publisher":{"@id":"https:\/\/www.escapadarural.com\/blog\/#organization"},"image":{"@id":"https:\/\/www.escapadarural.com\/blog\/5-experiencias-naturales-en-portugal\/#primaryimage"},"thumbnailUrl":"https:\/\/www.escapadarural.com\/blog\/wp-content\/uploads\/2024\/10\/Juderias-de-Portugal-5-1024x683-3.jpg","keywords":["Aldeas hist\u00f3ricas","Algarve","Aveiro","Beiras e Serra da Estrela","Listado","Mafra","Mon\u00e7\u00e3o","portugal"],"articleSection":["Rutas y excursiones"],"inLanguage":"es","potentialAction":[{"@type":"CommentAction","name":"Comment","target":["https:\/\/www.escapadarural.com\/blog\/5-experiencias-naturales-en-portugal\/#respond"]}]},{"@type":"WebPage","@id":"https:\/\/www.escapadarural.com\/blog\/5-experiencias-naturales-en-portugal\/","url":"https:\/\/www.escapadarural.com\/blog\/5-experiencias-naturales-en-portugal\/","name":"5 experiencias naturales en Portugal - EscapadaRural","isPartOf":{"@id":"https:\/\/www.escapadarural.com\/blog\/#website"},"primaryImageOfPage":{"@id":"https:\/\/www.escapadarural.com\/blog\/5-experiencias-naturales-en-portugal\/#primaryimage"},"image":{"@id":"https:\/\/www.escapadarural.com\/blog\/5-experiencias-naturales-en-portugal\/#primaryimage"},"thumbnailUrl":"https:\/\/www.escapadarural.com\/blog\/wp-content\/uploads\/2024\/10\/Juderias-de-Portugal-5-1024x683-3.jpg","datePublished":"2020-01-17T09:30:27+00:00","dateModified":"2025-08-01T11:53:27+00:00","breadcrumb":{"@id":"https:\/\/www.escapadarural.com\/blog\/5-experiencias-naturales-en-portugal\/#breadcrumb"},"inLanguage":"es","potentialAction":[{"@type":"ReadAction","target":["https:\/\/www.escapadarural.com\/blog\/5-experiencias-naturales-en-portugal\/"]}]},{"@type":"ImageObject","inLanguage":"es","@id":"https:\/\/www.escapadarural.com\/blog\/5-experiencias-naturales-en-portugal\/#primaryimage","url":"https:\/\/www.escapadarural.com\/blog\/wp-content\/uploads\/2024\/10\/Juderias-de-Portugal-5-1024x683-3.jpg","contentUrl":"https:\/\/www.escapadarural.com\/blog\/wp-content\/uploads\/2024\/10\/Juderias-de-Portugal-5-1024x683-3.jpg","width":1024,"height":683,"caption":"Una estrecha calle empedrada bordeada de edificios encalados con puertas de madera arqueadas y marcos de piedra, con plantas y flores en macetas a lo largo de las paredes bajo un cielo azul despejado."},{"@type":"BreadcrumbList","@id":"https:\/\/www.escapadarural.com\/blog\/5-experiencias-naturales-en-portugal\/#breadcrumb","itemListElement":[{"@type":"ListItem","position":1,"name":"Inicio","item":"https:\/\/www.escapadarural.com\/blog\/"},{"@type":"ListItem","position":2,"name":"Rutas y excursiones","item":"https:\/\/www.escapadarural.com\/blog\/categoria\/rutas-y-excursiones\/"},{"@type":"ListItem","position":3,"name":"5 experiencias naturales en Portugal"}]},{"@type":"WebSite","@id":"https:\/\/www.escapadarural.com\/blog\/#website","url":"https:\/\/www.escapadarural.com\/blog\/","name":"Blog de viajes | turismo rural, alojamientos e inspiraci\u00f3n","description":"Alojamientos rurales e inspiraci\u00f3n para tus escapadas","publisher":{"@id":"https:\/\/www.escapadarural.com\/blog\/#organization"},"alternateName":"Magazine de viajes de EscapadaRural","potentialAction":[{"@type":"SearchAction","target":{"@type":"EntryPoint","urlTemplate":"https:\/\/www.escapadarural.com\/blog\/?s={search_term_string}"},"query-input":{"@type":"PropertyValueSpecification","valueRequired":true,"valueName":"search_term_string"}}],"inLanguage":"es"},{"@type":"Organization","@id":"https:\/\/www.escapadarural.com\/blog\/#organization","name":"EscapadaRural","url":"https:\/\/www.escapadarural.com\/blog\/","logo":{"@type":"ImageObject","inLanguage":"es","@id":"https:\/\/www.escapadarural.com\/blog\/#\/schema\/logo\/image\/","url":"https:\/\/www.escapadarural.com\/blog\/wp-content\/uploads\/2024\/10\/cropped-cropped-escapada-rural-icon-mag-3.png","contentUrl":"https:\/\/www.escapadarural.com\/blog\/wp-content\/uploads\/2024\/10\/cropped-cropped-escapada-rural-icon-mag-3.png","width":512,"height":512,"caption":"EscapadaRural"},"image":{"@id":"https:\/\/www.escapadarural.com\/blog\/#\/schema\/logo\/image\/"},"sameAs":["https:\/\/www.facebook.com\/escapadarural","https:\/\/www.instagram.com\/escapadarural\/","https:\/\/www.youtube.com\/@escapadaruralcom"]},{"@type":"Person","@id":"https:\/\/www.escapadarural.com\/blog\/#\/schema\/person\/ac6969ba5ab90987dda9465be409d6b3","name":"Jos\u00e9 Alejandro Adamuz","image":{"@type":"ImageObject","inLanguage":"es","@id":"https:\/\/www.escapadarural.com\/blog\/wp-content\/uploads\/2025\/02\/cropped-jose_alejandro_viajar-96x96.webp","url":"https:\/\/www.escapadarural.com\/blog\/wp-content\/uploads\/2025\/02\/cropped-jose_alejandro_viajar-96x96.webp","contentUrl":"https:\/\/www.escapadarural.com\/blog\/wp-content\/uploads\/2025\/02\/cropped-jose_alejandro_viajar-96x96.webp","caption":"Jos\u00e9 Alejandro Adamuz"},"description":"Soy licenciado en filolog\u00eda hisp\u00e1nica y periodista por vocaci\u00f3n. Tambi\u00e9n soy disl\u00e9xico, por lo que suelo confundir la derecha con la izquierda y los kil\u00f3metros con la literatura. Pero de momento me va bien as\u00ed. Colaboro habitualmente en diferentes medios haciendo cr\u00f3nica de viajes y periodismo cultural. Me gusta que los viajes cuenten historias y que las historias me hagan viajar.","sameAs":["https:\/\/viviratodaletra.com\/"],"url":"https:\/\/www.escapadarural.com\/blog\/autor\/josealejandro\/"}]}},"_links":{"self":[{"href":"https:\/\/www.escapadarural.com\/blog\/wp-json\/wp\/v2\/posts\/12463","targetHints":{"allow":["GET"]}}],"collection":[{"href":"https:\/\/www.escapadarural.com\/blog\/wp-json\/wp\/v2\/posts"}],"about":[{"href":"https:\/\/www.escapadarural.com\/blog\/wp-json\/wp\/v2\/types\/post"}],"author":[{"embeddable":true,"href":"https:\/\/www.escapadarural.com\/blog\/wp-json\/wp\/v2\/users\/112"}],"replies":[{"embeddable":true,"href":"https:\/\/www.escapadarural.com\/blog\/wp-json\/wp\/v2\/comments?post=12463"}],"version-history":[{"count":0,"href":"https:\/\/www.escapadarural.com\/blog\/wp-json\/wp\/v2\/posts\/12463\/revisions"}],"wp:featuredmedia":[{"embeddable":true,"href":"https:\/\/www.escapadarural.com\/blog\/wp-json\/wp\/v2\/media\/104682"}],"wp:attachment":[{"href":"https:\/\/www.escapadarural.com\/blog\/wp-json\/wp\/v2\/media?parent=12463"}],"wp:term":[{"taxonomy":"category","embeddable":true,"href":"https:\/\/www.escapadarural.com\/blog\/wp-json\/wp\/v2\/categories?post=12463"},{"taxonomy":"post_tag","embeddable":true,"href":"https:\/\/www.escapadarural.com\/blog\/wp-json\/wp\/v2\/tags?post=12463"}],"curies":[{"name":"wp","href":"https:\/\/api.w.org\/{rel}","templated":true}]}}