{"id":12542,"date":"2021-12-23T08:30:00","date_gmt":"2021-12-23T07:30:00","guid":{"rendered":"http:\/\/15.188.81.248\/2020\/01\/28\/los-escenarios-de-the-witcher-en-espana\/"},"modified":"2025-03-11T16:36:13","modified_gmt":"2025-03-11T14:36:13","slug":"los-escenarios-de-the-witcher-en-espana","status":"publish","type":"post","link":"https:\/\/www.escapadarural.com\/blog\/los-escenarios-de-the-witcher-en-espana\/","title":{"rendered":"Los escenarios de The Witcher en Espa\u00f1a (Islas Canarias)"},"content":{"rendered":"\n<figure class=\"wp-block-embed is-type-video is-provider-youtube wp-block-embed-youtube wp-embed-aspect-16-9 wp-has-aspect-ratio\"><div class=\"wp-block-embed__wrapper\">\n<span class=\"hRCTjVdaCJuWZbRISYjiSKcgVplQ533E1eikUsDvy2cXaAEloug74pMqyt0wMNIrnmO0LFWtvGBf9PL1r8PsN2xTF4z6AQ5\"><div class=\"video-shortcode\"><iframe title=\"The Witcher | Official Teaser | Netflix\" width=\"1200\" height=\"675\" src=\"https:\/\/www.youtube.com\/embed\/cSqi-8kAMmM?start=1&#038;feature=oembed\" frameborder=\"0\" allow=\"accelerometer; autoplay; clipboard-write; encrypted-media; gyroscope; picture-in-picture; web-share\" referrerpolicy=\"strict-origin-when-cross-origin\" allowfullscreen><\/iframe><\/div><\/span>\n<\/div><\/figure>\n\n\n\n<p>La primera temporada de <em>The Witcher<\/em> se estren\u00f3 en Netflix el 20 de diciembre de 2019. Era la nueva y gran apuesta de la plataforma de series y pel\u00edculas online; y acert\u00f3. Cuando Netflix hizo balance a finales de a\u00f1o de sus mejores estrenos, seg\u00fan public\u00f3 <a rel=\"noopener noreferrer\" href=\"https:\/\/www.esquire.com\/es\/actualidad\/tv\/a30358296\/netflix-serie-mas-vista-pelicula-2019-espana\/\" target=\"_blank\" class=\"rank-math-link\">Esquire<\/a>, en el ranking de series que mejor funcionaron en 2019 figuraba <em>The Witcher<\/em>. Aparec\u00eda en segunda posici\u00f3n, solo por debajo de la tercera temporada de <em>La casa de papel<\/em>.<\/p>\n\n\n\n<p>El 17 de diciembre de 2021 se estren\u00f3 la segunda temporada y, como era de esperar, ha vuelto a triunfar entre los fans. Muchos ya han devorado toda la serie basada en las novelas de Andrzej Sapkowski; cuyas historias se popularizaron tambi\u00e9n gracias al hom\u00f3nimo <strong>videojuego<\/strong>.<\/p>\n\n\n\n<p>En la primera temporada, muchas de las escenas de la trama, que entremezcla las historias de Geralt de Rivia (Henry Cavill), Yennefer de Vengerberg (Anya Chalotra) y de la joven princesa Cirilla (Freya Allan) en diferentes \u00e9pocas, fueron rodadas en Espa\u00f1a. M\u00e1s concretamente en las <a rel=\"noopener noreferrer\" href=\"https:\/\/www.escapadarural.com\/casas-rurales\/islas-canarias\" target=\"_blank\" class=\"rank-math-link\">Islas Canarias<\/a> (otros escenarios pertenecen a Hungr\u00eda y Polonia).<\/p>\n\n\n\n<p>Seg\u00fan <a rel=\"noopener noreferrer\" href=\"https:\/\/lapalmafilmcommission.com\/\" target=\"_blank\" class=\"rank-math-link\">La Palma Film Commission<\/a>, el rodaje de la serie dur\u00f3 dos semanas y dej\u00f3 dos millones de euros en la isla bonita. Gracias a ellos, hemos podido identificar algunas de las localizaciones de la serie. Los que nos faltaban de Gran Canaria los hemos encontrado gracias al <a rel=\"noopener noreferrer\" href=\"https:\/\/twitter.com\/_disfrazdetigre\/status\/1208950034588459009\" target=\"_blank\" class=\"rank-math-link\">hilo de Twitter de La dilettante<\/a>.<\/p>\n\n\n\n<h2 class=\"wp-block-heading title-rute\" id=\"h-costa-de-garafia-la-palma\">Costa de Garaf\u00eda, La Palma<\/h2>\n\n\n<div class=\"wp-block-image\">\n<figure class=\"aligncenter size-large\"><a href=\"\/blog\/wp-content\/uploads\/2020\/01\/thewitcher4.jpg\"><img decoding=\"async\" src=\"\/blog\/wp-content\/uploads\/2020\/01\/thewitcher4-1024x538.jpg\" alt=\"The Witcher\" class=\"wp-image-18702\"\/><\/a><figcaption class=\"wp-element-caption\">1&#215;02 Cuatro marcos<\/figcaption><\/figure>\n<\/div>\n\n\n<figure class=\"wp-block-image size-large\"><a href=\"\/blog\/wp-content\/uploads\/2020\/01\/costa-garafia2.jpg\"><img decoding=\"async\" src=\"\/blog\/wp-content\/uploads\/2020\/01\/costa-garafia2.jpg\" alt=\"Islas Canarias\" class=\"wp-image-18701\"\/><\/a><figcaption class=\"wp-element-caption\">Costa Garaf\u00eda. Por David Brown<\/figcaption><\/figure>\n\n\n\n<p><strong>Aretuza<\/strong> est\u00e1 en La Palma, hac\u00eda el norte. Para recrear la isla de Thanedd (Temeria), donde se ubica esta escuela de j\u00f3venes hechiceras, los creadores se han inspirado en la costa de Garaf\u00eda. Un espacio natural con acantilados, playas de arena negra y cuevas semisumergidas que han sido declaradas Reserva de la Biosfera.<\/p>\n\n\n\n<p>En la <strong>costa Garaf\u00eda<\/strong> est\u00e1 <strong>Juan Adalid<\/strong>, una de las solitarias orillas al Atl\u00e1ntico con piscinas naturales. Tambi\u00e9n aparece en una de las escenas de Yennefer del sexto episodio, aunque desde las alturas.<\/p>\n\n\n\n<h2 class=\"wp-block-heading title-rute\" id=\"h-dunas-de-maspalomas-gran-canaria\">Dunas de Maspalomas, Gran Canaria<\/h2>\n\n\n\n<figure class=\"wp-block-image size-large\"><a href=\"\/blog\/wp-content\/uploads\/2020\/01\/thewitcher10.jpg\"><img decoding=\"async\" src=\"\/blog\/wp-content\/uploads\/2020\/01\/thewitcher10-1024x538.jpg\" alt=\"The Witcher\" class=\"wp-image-18700\"\/><\/a><figcaption class=\"wp-element-caption\">1&#215;04 De banquetes, bastardos y entierros<\/figcaption><\/figure>\n\n\n\n<figure class=\"wp-block-image size-large\"><a href=\"\/blog\/wp-content\/uploads\/2020\/01\/thewitcher18.jpg\"><img decoding=\"async\" src=\"\/blog\/wp-content\/uploads\/2020\/01\/thewitcher18-1024x538.jpg\" alt=\"The Witcher\" class=\"wp-image-18699\"\/><\/a><figcaption class=\"wp-element-caption\">1&#215;04 De banquetes, bastardos y entierros<\/figcaption><\/figure>\n\n\n\n<figure class=\"wp-block-image size-large\"><a href=\"\/blog\/wp-content\/uploads\/2020\/01\/Maspalomas-1-3.jpg\"><img decoding=\"async\" src=\"\/blog\/wp-content\/uploads\/2020\/01\/Maspalomas-1-3.jpg\" alt=\"Islas Canarias\" class=\"wp-image-18698\"\/><\/a><figcaption class=\"wp-element-caption\">Dunas de Maspalomas<\/figcaption><\/figure>\n\n\n\n<p>En el cuarto episodio de la primera temporada, Yennefer debe proteger a la reina Kalis de Lyria y a su beb\u00e9. Sobre todo, cuando son atacadas por un asesino \u2013no un bandido\u2013 y una ara\u00f1a gigante. Para huir de ellos, Yennefer hace que las tres se teletransporten a diferentes escenarios.<\/p>\n\n\n\n<p>El primero de ellos parece un gran desierto. Son las <a rel=\"noopener noreferrer\" href=\"https:\/\/www.escapadarural.com\/blog\/las-dunas-de-gran-canaria-desierto-y-oceano\/\" target=\"_blank\" class=\"rank-math-link\">dunas de Maspalomas<\/a>, en Gran Canaria. Una reserva natural de unas <strong>400 hect\u00e1reas de dunas org\u00e1nicas<\/strong> que terminan en una larga franja de arena que corresponde a la playa de Maspalomas, El ingl\u00e9s y Meloneras. Se puede recorrer andando, aunque en verano la arena arde, conviene llevar buen calzado. En uno de los extremos est\u00e1 el faro, de 1890.<\/p>\n\n\n\n<p>Maspalomas es una de las zonas m\u00e1s tur\u00edsticas de Canarias. Aqu\u00ed tambi\u00e9n lleg\u00f3 Ciri tras beber el agua de Brokil\u00f3n.<\/p>\n\n\n\n<h2 class=\"wp-block-heading title-rute\" id=\"h-roque-nublo-gran-canaria\">Roque Nublo, Gran Canaria<\/h2>\n\n\n\n<figure class=\"wp-block-image size-large\"><a href=\"\/blog\/wp-content\/uploads\/2020\/01\/thewitcher12.jpg\"><img decoding=\"async\" src=\"\/blog\/wp-content\/uploads\/2020\/01\/thewitcher12-1024x538.jpg\" alt=\"The Witcher\" class=\"wp-image-18697\"\/><\/a><figcaption class=\"wp-element-caption\">1&#215;04 De banquetes, bastardos y entierros<\/figcaption><\/figure>\n\n\n\n<figure class=\"wp-block-image size-large\"><a href=\"\/blog\/wp-content\/uploads\/2020\/01\/Caldera-de-Tejeda-Gran-Canaria-8.jpg\"><img decoding=\"async\" src=\"\/blog\/wp-content\/uploads\/2020\/01\/Caldera-de-Tejeda-Gran-Canaria-8.jpg\" alt=\"Islas Canarias\" class=\"wp-image-18696\"\/><\/a><figcaption class=\"wp-element-caption\">Roque Nublo. Por lunamarina<\/figcaption><\/figure>\n\n\n\n<p>En la segunda teletransportaci\u00f3n de Yennefer, el lugar escogido es el <strong>Roque Nublo<\/strong>, tambi\u00e9n en Gran Canaria. Es dif\u00edcil no reconocerlo, puesto que este monumento natural es uno de los m\u00e1s emblem\u00e1ticos de la isla. Tiene casi <strong>90 metros de altura<\/strong> y est\u00e1 considerado como una de las pe\u00f1as m\u00e1s altas de las islas. Antiguamente, este era un lugar de culto para los abor\u00edgenes. Existe una ruta para llegar hasta el monumento. Desde las alturas hay unas incre\u00edbles vistas de la caldera de Tejeda y Pozo de las Nieves.<\/p>\n\n\n\n<h2 class=\"wp-block-heading title-rute\" id=\"h-caldera-de-tejeda-gran-canaria\">Caldera de Tejeda, Gran Canaria<\/h2>\n\n\n\n<figure class=\"wp-block-image size-large\"><a href=\"\/blog\/wp-content\/uploads\/2020\/01\/thewitcher13.jpg\"><img decoding=\"async\" src=\"\/blog\/wp-content\/uploads\/2020\/01\/thewitcher13-1024x538.jpg\" alt=\"The Witcher\" class=\"wp-image-18695\"\/><\/a><figcaption class=\"wp-element-caption\">1&#215;04 De banquetes, bastardos y entierros<\/figcaption><\/figure>\n\n\n\n<figure class=\"wp-block-image size-large\"><a href=\"\/blog\/wp-content\/uploads\/2020\/01\/Caldera-de-Tejeda-Gran-Canaria-1.jpg\"><img decoding=\"async\" src=\"\/blog\/wp-content\/uploads\/2020\/01\/Caldera-de-Tejeda-Gran-Canaria-1.jpg\" alt=\"Islas Canarias\" class=\"wp-image-18694\"\/><\/a><figcaption class=\"wp-element-caption\">Caldera de Tejeda. Por Tamara Kulikova<\/figcaption><\/figure>\n\n\n\n<p>El siguiente viaje de Yennefer es a los alrededores del <strong>pueblo de Tejeda<\/strong>, en la enorme caldera creada por una erupci\u00f3n volc\u00e1nica creada hace millones de a\u00f1os. No est\u00e1 muy lejos de Roque Nublo. De hecho, en el pueblo de Tejeda hay un mirador desde donde se pueden contemplar las incre\u00edbles formaciones rocosas.<\/p>\n\n\n\n<h2 class=\"wp-block-heading title-rute\" id=\"h-bosque-de-los-tilos-bosque-de-la-zarza-y-cubo-de-la-galga-la-palma\">Bosque de los Tilos, bosque de la Zarza y Cubo de la Galga, La Palma<\/h2>\n\n\n\n<figure class=\"wp-block-image size-large\"><a href=\"\/blog\/wp-content\/uploads\/2020\/01\/thewitcher8.jpg\"><img decoding=\"async\" src=\"\/blog\/wp-content\/uploads\/2020\/01\/thewitcher8-1024x538.jpg\" alt=\"The Witcher\" class=\"wp-image-18693\"\/><\/a><figcaption class=\"wp-element-caption\">1&#215;04 De banquetes, bastardos y entierros<\/figcaption><\/figure>\n\n\n\n<figure class=\"wp-block-image size-large\"><a href=\"\/blog\/wp-content\/uploads\/2020\/01\/thewitcher19.jpg\"><img decoding=\"async\" src=\"\/blog\/wp-content\/uploads\/2020\/01\/thewitcher19-1024x538.jpg\" alt=\"The Witcher\" class=\"wp-image-18692\"\/><\/a><figcaption class=\"wp-element-caption\">1&#215;05 Deseos incontenibles<\/figcaption><\/figure>\n\n\n\n<figure class=\"wp-block-image size-large\"><a href=\"\/blog\/wp-content\/uploads\/2020\/01\/Bosque-de-los-tilos.jpg\"><img decoding=\"async\" src=\"\/blog\/wp-content\/uploads\/2020\/01\/Bosque-de-los-tilos.jpg\" alt=\"Islas Canarias\" class=\"wp-image-18691\"\/><\/a><figcaption class=\"wp-element-caption\">Bosque de los Tilos. Por Juan Carlos Alonso<\/figcaption><\/figure>\n\n\n\n<p>El <strong>bosque de Brokil\u00f3n<\/strong> estuvo inspirado en tres espacios naturales de La Palma: el bosque de Los Tilos, La Zarza y y el bosque de helechos de Cubo de Galga. En <em>The Witcher<\/em> se mezclan los tres escenarios cuando Ciri huye de Cintra, se esconde del ej\u00e9rcito nilfgaardiano, convive con las dr\u00edadas y se reencuentra con Mousesack.<\/p>\n\n\n\n<p>Estos tres bosques se caracterizan por el verdor de su espesa vegetaci\u00f3n, por la luz que entra en ellos \u2013se puede percibir muy bien en la serie\u2013 y por el agua, ya que cuentan con algunas cascadas y arroyos. Entre la vegetaci\u00f3n, aqu\u00ed destaca la laurisilva. Todos ellos cuentan con varias rutas de senderismo donde apreciar la belleza de su entorno de forma m\u00e1s pausada que Ciri.<\/p>\n\n\n\n<h2 class=\"wp-block-heading title-rute\" id=\"h-el-barranco-de-fataga-gran-canaria\">El barranco de Fataga, Gran Canaria<\/h2>\n\n\n\n<figure class=\"wp-block-image size-large\"><a href=\"\/blog\/wp-content\/uploads\/2020\/01\/thewitcher5.jpg\"><img decoding=\"async\" src=\"\/blog\/wp-content\/uploads\/2020\/01\/thewitcher5-1024x538.jpg\" alt=\"The Witcher\" class=\"wp-image-18690\"\/><\/a><figcaption class=\"wp-element-caption\">Toss A Coin To Your Witcher song<\/figcaption><\/figure>\n\n\n\n<figure class=\"wp-block-image size-large\"><a href=\"\/blog\/wp-content\/uploads\/2020\/01\/barranco-de-Fataga1.jpg\"><img decoding=\"async\" src=\"\/blog\/wp-content\/uploads\/2020\/01\/barranco-de-Fataga1.jpg\" alt=\"Islas Canarias\" class=\"wp-image-18689\"\/><\/a><figcaption class=\"wp-element-caption\">Por Samuel Mederos<\/figcaption><\/figure>\n\n\n\n<p>Una de las relaciones m\u00e1s divertidas de The Witcher es la que tienen Jaskier y Geralt. Ese amor odio resulta entra\u00f1able. Asimismo, una de las escenas m\u00e1s destacadas de los dos es cuando Geralt se va tranquilamente montado a \u00absardinilla\u00bb y Jaskier lo sigue mientras canta \u00ab<em>Toss a coin to your Witcher<\/em>\u00ab. Gracias a este trobador, muchas de las historias de Geralt podr\u00e1n conservarse. Adem\u00e1s, a los espectadores nos ayuda a ubicarnos en el tiempo.<\/p>\n\n\n\n<p>El camino que los tres recorren es el barranco de Fataga, en Gran Canaria. El lugar es conocido como El valle de las mil palmeras y est\u00e1 entre acantilados escarpados marrones. Aqu\u00ed est\u00e1 la <strong>necr\u00f3polis de Arteaga<\/strong>, el mayor cementerio aborigen de Gran Canaria. Adem\u00e1s del pueblo de Fataga, uno de los mejores conservados de la isla que a\u00fan guarda su arquitectura blanca t\u00edpica canaria.<\/p>\n\n\n\n<p>En los alrededores se pueden ver varias fincas de aloe vera.<\/p>\n\n\n\n<h2 class=\"wp-block-heading title-rute\" id=\"h-el-llano-del-jable-en-la-isla-de-la-palma\">El LLano del Jable en la isla de La Palma<\/h2>\n\n\n\n<figure class=\"wp-block-image size-large\"><a href=\"\/blog\/wp-content\/uploads\/2020\/01\/thewitcher_dragones2.jpg\"><img decoding=\"async\" src=\"\/blog\/wp-content\/uploads\/2020\/01\/thewitcher_dragones2-1024x538.jpg\" alt=\"The Witcher\" class=\"wp-image-18688\"\/><\/a><figcaption class=\"wp-element-caption\">1&#215;06 Especies raras<\/figcaption><\/figure>\n\n\n\n<figure class=\"wp-block-image size-large\"><a href=\"\/blog\/wp-content\/uploads\/2020\/01\/islas-canarias2.jpg\"><img decoding=\"async\" src=\"\/blog\/wp-content\/uploads\/2020\/01\/islas-canarias2.jpg\" alt=\"Islas Canarias\" class=\"wp-image-18687\"\/><\/a><figcaption class=\"wp-element-caption\">Por Tamara Kulikova<\/figcaption><\/figure>\n\n\n\n<p>En El LLano del Jable, en El Paso, se sit\u00faan las <strong>monta\u00f1as del Drag\u00f3n<\/strong>, la cordillera situada m\u00e1s al norte de El continente. En el cap\u00edtulo 6 de la primera temporada, en <em>Especies raras<\/em>, Geralt y Yennefer las recorren en grupo con el objetivo de encontrar al drag\u00f3n.<\/p>\n\n\n\n<p>Aqu\u00ed dragones no hay, aunque es donde est\u00e1 el mirador astron\u00f3mico y desde donde se han tomado muchas de las fotos y v\u00eddeos de la erupci\u00f3n del volc\u00e1n de La Palma, a\u00fan en activo. Antes de la cat\u00e1strofe, desde aqu\u00ed pod\u00edamos obtener una visi\u00f3n \u00f3ptima del cielo nocturno pues las nubes sol\u00edan quedarse por debajo de los 1.300 metros de altura,<\/p>\n\n\n\n<h2 class=\"wp-block-heading title-rute\" id=\"h-agaete-gran-canaria\">Agaete, Gran Canaria<\/h2>\n\n\n\n<figure class=\"wp-block-image size-large\"><a href=\"\/blog\/wp-content\/uploads\/2020\/01\/thewitcher_ultcap.jpg\"><img decoding=\"async\" src=\"\/blog\/wp-content\/uploads\/2020\/01\/thewitcher_ultcap-1024x538.jpg\" alt=\"The Witcher\" class=\"wp-image-18686\"\/><\/a><figcaption class=\"wp-element-caption\">1&#215;08 Mucho m\u00e1s<\/figcaption><\/figure>\n\n\n\n<figure class=\"wp-block-image size-large\"><a href=\"\/blog\/wp-content\/uploads\/2020\/01\/thewitcher15.jpg\"><img decoding=\"async\" src=\"\/blog\/wp-content\/uploads\/2020\/01\/thewitcher15-1024x538.jpg\" alt=\"The Witcher\" class=\"wp-image-18685\"\/><\/a><figcaption class=\"wp-element-caption\">1&#215;04 De banquetes, bastardos y entierros<\/figcaption><\/figure>\n\n\n\n<p>Muy cerca de Agaete, en Gran Canaria, en la <strong>playa de Guayedra<\/strong> es donde desembarcan algunas de las brujas como Yennefer, Tissaia y Triss Merigold; tambi\u00e9n es donde creemos que Yennefer entierra al beb\u00e9 de kalis de Lyria.<\/p>\n\n\n\n<p>La playa, que se encuentra en el barranco con el mismo nombre, se caracteriza por estar compuesta de arena y piedras negras volc\u00e1nicas. Est\u00e1 rodeada de imponentes acantilados y palmeras. Cuando el d\u00eda est\u00e1 despejado, dicen que desde ella se puede ver el Teide. Se trata de una playa nudista, con fuerte oleaje donde suele soplar el viento.<\/p>\n\n\n\n<h2 class=\"wp-block-heading title-rute\" id=\"h-roque-de-los-muchachos-la-palma\">Roque de los Muchachos, La Palma<\/h2>\n\n\n\n<figure class=\"wp-block-image size-large\"><a href=\"\/blog\/wp-content\/uploads\/2020\/01\/roquemuchachos.jpg\"><img decoding=\"async\" src=\"\/blog\/wp-content\/uploads\/2020\/01\/roquemuchachos.jpg\" alt=\"The Witcher\" class=\"wp-image-18684\"\/><\/a><figcaption class=\"wp-element-caption\">1&#215;06 Especies raras<\/figcaption><\/figure>\n\n\n\n<figure class=\"wp-block-image size-large\"><a href=\"\/blog\/wp-content\/uploads\/2020\/01\/roquelosmuchachos.jpg\"><img decoding=\"async\" src=\"\/blog\/wp-content\/uploads\/2020\/01\/roquelosmuchachos.jpg\" alt=\"Islas Canarias\" class=\"wp-image-18683\"\/><\/a><figcaption class=\"wp-element-caption\">Por peresanz<\/figcaption><\/figure>\n\n\n\n<p>Seg\u00fan La Palma Film Commission esta escena fue rodada en el Roque de los Muchachos. Este es el punto m\u00e1s alto de la isla de La Palma, pues alguno de sus picos alcanzan los 2.426 metros de altura. El nombre del lugar se debe a que en la zona hay varios roques de unos 3 metros de altura que parecen muchachos.<\/p>\n\n\n\n<p>Aqu\u00ed tambi\u00e9n es donde est\u00e1 el <strong>Observatorio del Roque de los Muchachos<\/strong> y, este 2021, se ha inaugurado tambi\u00e9n el Centro de Interpretaci\u00f3n de Visitantes . Gracias a la ausencia de contaminaci\u00f3n lum\u00ednica, La Palma est\u00e1 declarada destino Starlight.<\/p>\n\n\n\n<p>Otras localizaciones donde tambi\u00e9n se ha rodado de <strong>El Paso<\/strong> fueron: La Cumbrecita, el Parque Nacional de la caldera de Taburiente y Las Cuevas.<\/p>\n","protected":false},"excerpt":{"rendered":"<p>La gran apuesta de Netflix ha sido todo un \u00e9xito, pues ya es una de las series m\u00e1s vistas de la plataforma. \u00bfSab\u00edas que muchas de las escenas fueron rodadas en Espa\u00f1a? Aqu\u00ed te dejamos algunos de los lugares m\u00e1s reconocibles. <\/p>\n","protected":false},"author":89,"featured_media":79423,"comment_status":"open","ping_status":"closed","sticky":false,"template":"","format":"standard","meta":{"_acf_changed":false,"om_disable_all_campaigns":false,"footnotes":""},"categories":[231],"tags":[1463,2090,307,1698,215,2645,3649],"class_list":["post-12542","post","type-post","status-publish","format-standard","has-post-thumbnail","hentry","category-arte-y-cultura","tag-escenarios","tag-gran-canaria","tag-que-ver-en-islas-canarias","tag-la-palma","tag-listado","tag-series","tag-the-witcher"],"acf":[],"featured_image_src":"https:\/\/www.escapadarural.com\/blog\/wp-content\/uploads\/2024\/03\/Los-Tilos-La-Palma-Saul-SantosTurismo-de-Canarias-1-1536x1022.jpg.webp","author_info":{"display_name":"Laura Fern\u00e1ndez","author_link":"https:\/\/www.escapadarural.com\/blog\/autor\/laura\/"},"yoast_head":"<!-- This site is optimized with the Yoast SEO plugin v27.5 - https:\/\/yoast.com\/product\/yoast-seo-wordpress\/ -->\n<title>Los escenarios de The Witcher en Espa\u00f1a (Islas Canarias) - EscapadaRural<\/title>\n<meta name=\"robots\" content=\"index, follow, max-snippet:-1, max-image-preview:large, max-video-preview:-1\" \/>\n<link rel=\"canonical\" href=\"https:\/\/www.escapadarural.com\/blog\/los-escenarios-de-the-witcher-en-espana\/\" \/>\n<meta property=\"og:locale\" content=\"es_ES\" \/>\n<meta property=\"og:type\" content=\"article\" \/>\n<meta property=\"og:title\" content=\"Los escenarios de The Witcher en Espa\u00f1a (Islas Canarias) - EscapadaRural\" \/>\n<meta property=\"og:description\" content=\"La gran apuesta de Netflix ha sido todo un \u00e9xito, pues ya es una de las series m\u00e1s vistas de la plataforma. \u00bfSab\u00edas que muchas de las escenas fueron rodadas en Espa\u00f1a? Aqu\u00ed te dejamos algunos de los lugares m\u00e1s reconocibles.\" \/>\n<meta property=\"og:url\" content=\"https:\/\/www.escapadarural.com\/blog\/los-escenarios-de-the-witcher-en-espana\/\" \/>\n<meta property=\"og:site_name\" content=\"Magazine de viajes de EscapadaRural\" \/>\n<meta property=\"article:publisher\" content=\"https:\/\/www.facebook.com\/escapadarural\" \/>\n<meta property=\"article:published_time\" content=\"2021-12-23T07:30:00+00:00\" \/>\n<meta property=\"article:modified_time\" content=\"2025-03-11T14:36:13+00:00\" \/>\n<meta property=\"og:image\" content=\"https:\/\/www.escapadarural.com\/blog\/wp-content\/uploads\/2024\/03\/Los-Tilos-La-Palma-Saul-SantosTurismo-de-Canarias-1-1536x1022.jpg.webp\" \/>\n\t<meta property=\"og:image:width\" content=\"1536\" \/>\n\t<meta property=\"og:image:height\" content=\"1022\" \/>\n\t<meta property=\"og:image:type\" content=\"image\/webp\" \/>\n<meta name=\"author\" content=\"Laura Fern\u00e1ndez\" \/>\n<meta name=\"twitter:card\" content=\"summary_large_image\" \/>\n<meta name=\"twitter:label1\" content=\"Escrito por\" \/>\n\t<meta name=\"twitter:data1\" content=\"Laura Fern\u00e1ndez\" \/>\n\t<meta name=\"twitter:label2\" content=\"Tiempo de lectura\" \/>\n\t<meta name=\"twitter:data2\" content=\"11 minutos\" \/>\n<script type=\"application\/ld+json\" class=\"yoast-schema-graph\">{\"@context\":\"https:\\\/\\\/schema.org\",\"@graph\":[{\"@type\":\"Article\",\"@id\":\"https:\\\/\\\/www.escapadarural.com\\\/blog\\\/los-escenarios-de-the-witcher-en-espana\\\/#article\",\"isPartOf\":{\"@id\":\"https:\\\/\\\/www.escapadarural.com\\\/blog\\\/los-escenarios-de-the-witcher-en-espana\\\/\"},\"author\":{\"name\":\"Laura Fern\u00e1ndez\",\"@id\":\"https:\\\/\\\/www.escapadarural.com\\\/blog\\\/#\\\/schema\\\/person\\\/a9b46ae4d047d8a2c719f31e75206cff\"},\"headline\":\"Los escenarios de The Witcher en Espa\u00f1a (Islas Canarias)\",\"datePublished\":\"2021-12-23T07:30:00+00:00\",\"dateModified\":\"2025-03-11T14:36:13+00:00\",\"mainEntityOfPage\":{\"@id\":\"https:\\\/\\\/www.escapadarural.com\\\/blog\\\/los-escenarios-de-the-witcher-en-espana\\\/\"},\"wordCount\":1445,\"commentCount\":0,\"publisher\":{\"@id\":\"https:\\\/\\\/www.escapadarural.com\\\/blog\\\/#organization\"},\"image\":{\"@id\":\"https:\\\/\\\/www.escapadarural.com\\\/blog\\\/los-escenarios-de-the-witcher-en-espana\\\/#primaryimage\"},\"thumbnailUrl\":\"https:\\\/\\\/www.escapadarural.com\\\/blog\\\/wp-content\\\/uploads\\\/2024\\\/03\\\/Los-Tilos-La-Palma-Saul-SantosTurismo-de-Canarias-1-1536x1022.jpg.webp\",\"keywords\":[\"escenarios\",\"Gran Canaria\",\"Islas Canarias\",\"La Palma\",\"Listado\",\"series\",\"The Witcher\"],\"articleSection\":[\"Arte y Cultura\"],\"inLanguage\":\"es\",\"potentialAction\":[{\"@type\":\"CommentAction\",\"name\":\"Comment\",\"target\":[\"https:\\\/\\\/www.escapadarural.com\\\/blog\\\/los-escenarios-de-the-witcher-en-espana\\\/#respond\"]}]},{\"@type\":\"WebPage\",\"@id\":\"https:\\\/\\\/www.escapadarural.com\\\/blog\\\/los-escenarios-de-the-witcher-en-espana\\\/\",\"url\":\"https:\\\/\\\/www.escapadarural.com\\\/blog\\\/los-escenarios-de-the-witcher-en-espana\\\/\",\"name\":\"Los escenarios de The Witcher en Espa\u00f1a (Islas Canarias) - EscapadaRural\",\"isPartOf\":{\"@id\":\"https:\\\/\\\/www.escapadarural.com\\\/blog\\\/#website\"},\"primaryImageOfPage\":{\"@id\":\"https:\\\/\\\/www.escapadarural.com\\\/blog\\\/los-escenarios-de-the-witcher-en-espana\\\/#primaryimage\"},\"image\":{\"@id\":\"https:\\\/\\\/www.escapadarural.com\\\/blog\\\/los-escenarios-de-the-witcher-en-espana\\\/#primaryimage\"},\"thumbnailUrl\":\"https:\\\/\\\/www.escapadarural.com\\\/blog\\\/wp-content\\\/uploads\\\/2024\\\/03\\\/Los-Tilos-La-Palma-Saul-SantosTurismo-de-Canarias-1-1536x1022.jpg.webp\",\"datePublished\":\"2021-12-23T07:30:00+00:00\",\"dateModified\":\"2025-03-11T14:36:13+00:00\",\"breadcrumb\":{\"@id\":\"https:\\\/\\\/www.escapadarural.com\\\/blog\\\/los-escenarios-de-the-witcher-en-espana\\\/#breadcrumb\"},\"inLanguage\":\"es\",\"potentialAction\":[{\"@type\":\"ReadAction\",\"target\":[\"https:\\\/\\\/www.escapadarural.com\\\/blog\\\/los-escenarios-de-the-witcher-en-espana\\\/\"]}]},{\"@type\":\"ImageObject\",\"inLanguage\":\"es\",\"@id\":\"https:\\\/\\\/www.escapadarural.com\\\/blog\\\/los-escenarios-de-the-witcher-en-espana\\\/#primaryimage\",\"url\":\"https:\\\/\\\/www.escapadarural.com\\\/blog\\\/wp-content\\\/uploads\\\/2024\\\/03\\\/Los-Tilos-La-Palma-Saul-SantosTurismo-de-Canarias-1-1536x1022.jpg.webp\",\"contentUrl\":\"https:\\\/\\\/www.escapadarural.com\\\/blog\\\/wp-content\\\/uploads\\\/2024\\\/03\\\/Los-Tilos-La-Palma-Saul-SantosTurismo-de-Canarias-1-1536x1022.jpg.webp\",\"width\":1536,\"height\":1022,\"caption\":\"Los Tilos, La Palma\"},{\"@type\":\"BreadcrumbList\",\"@id\":\"https:\\\/\\\/www.escapadarural.com\\\/blog\\\/los-escenarios-de-the-witcher-en-espana\\\/#breadcrumb\",\"itemListElement\":[{\"@type\":\"ListItem\",\"position\":1,\"name\":\"Inicio\",\"item\":\"https:\\\/\\\/www.escapadarural.com\\\/blog\\\/\"},{\"@type\":\"ListItem\",\"position\":2,\"name\":\"Arte y Cultura\",\"item\":\"https:\\\/\\\/www.escapadarural.com\\\/blog\\\/categoria\\\/arte-y-cultura\\\/\"},{\"@type\":\"ListItem\",\"position\":3,\"name\":\"Los escenarios de The Witcher en Espa\u00f1a (Islas Canarias)\"}]},{\"@type\":\"WebSite\",\"@id\":\"https:\\\/\\\/www.escapadarural.com\\\/blog\\\/#website\",\"url\":\"https:\\\/\\\/www.escapadarural.com\\\/blog\\\/\",\"name\":\"Blog de viajes | turismo rural, alojamientos e inspiraci\u00f3n\",\"description\":\"Alojamientos rurales e inspiraci\u00f3n para tus escapadas\",\"publisher\":{\"@id\":\"https:\\\/\\\/www.escapadarural.com\\\/blog\\\/#organization\"},\"alternateName\":\"Magazine de viajes de EscapadaRural\",\"potentialAction\":[{\"@type\":\"SearchAction\",\"target\":{\"@type\":\"EntryPoint\",\"urlTemplate\":\"https:\\\/\\\/www.escapadarural.com\\\/blog\\\/?s={search_term_string}\"},\"query-input\":{\"@type\":\"PropertyValueSpecification\",\"valueRequired\":true,\"valueName\":\"search_term_string\"}}],\"inLanguage\":\"es\"},{\"@type\":\"Organization\",\"@id\":\"https:\\\/\\\/www.escapadarural.com\\\/blog\\\/#organization\",\"name\":\"EscapadaRural\",\"url\":\"https:\\\/\\\/www.escapadarural.com\\\/blog\\\/\",\"logo\":{\"@type\":\"ImageObject\",\"inLanguage\":\"es\",\"@id\":\"https:\\\/\\\/www.escapadarural.com\\\/blog\\\/#\\\/schema\\\/logo\\\/image\\\/\",\"url\":\"https:\\\/\\\/www.escapadarural.com\\\/blog\\\/wp-content\\\/uploads\\\/2024\\\/10\\\/cropped-cropped-escapada-rural-icon-mag-3.png\",\"contentUrl\":\"https:\\\/\\\/www.escapadarural.com\\\/blog\\\/wp-content\\\/uploads\\\/2024\\\/10\\\/cropped-cropped-escapada-rural-icon-mag-3.png\",\"width\":512,\"height\":512,\"caption\":\"EscapadaRural\"},\"image\":{\"@id\":\"https:\\\/\\\/www.escapadarural.com\\\/blog\\\/#\\\/schema\\\/logo\\\/image\\\/\"},\"sameAs\":[\"https:\\\/\\\/www.facebook.com\\\/escapadarural\",\"https:\\\/\\\/www.instagram.com\\\/escapadarural\\\/\",\"https:\\\/\\\/www.youtube.com\\\/@escapadaruralcom\"]},{\"@type\":\"Person\",\"@id\":\"https:\\\/\\\/www.escapadarural.com\\\/blog\\\/#\\\/schema\\\/person\\\/a9b46ae4d047d8a2c719f31e75206cff\",\"name\":\"Laura Fern\u00e1ndez\",\"image\":{\"@type\":\"ImageObject\",\"inLanguage\":\"es\",\"@id\":\"https:\\\/\\\/www.escapadarural.com\\\/blog\\\/wp-content\\\/uploads\\\/2025\\\/01\\\/cropped-laura_raponchii-96x96.jpg\",\"url\":\"https:\\\/\\\/www.escapadarural.com\\\/blog\\\/wp-content\\\/uploads\\\/2025\\\/01\\\/cropped-laura_raponchii-96x96.jpg\",\"contentUrl\":\"https:\\\/\\\/www.escapadarural.com\\\/blog\\\/wp-content\\\/uploads\\\/2025\\\/01\\\/cropped-laura_raponchii-96x96.jpg\",\"caption\":\"Laura Fern\u00e1ndez\"},\"description\":\"Periodista, blogger y viajera. No necesariamente en ese orden. En ocasiones me despierto sin saber d\u00f3nde estoy. Adicta a los c\u00f3mics y a los noodles con salsa de cacahuete. Redactora en @escapadarural, colaboradora en la Conde Nast Traveler y en la Divinity. Mi casa: Meridiano180.\",\"sameAs\":[\"http:\\\/\\\/www.meridiano180.com\\\/\"],\"url\":\"https:\\\/\\\/www.escapadarural.com\\\/blog\\\/autor\\\/laura\\\/\"}]}<\/script>\n<!-- \/ Yoast SEO plugin. -->","yoast_head_json":{"title":"Los escenarios de The Witcher en Espa\u00f1a (Islas Canarias) - EscapadaRural","robots":{"index":"index","follow":"follow","max-snippet":"max-snippet:-1","max-image-preview":"max-image-preview:large","max-video-preview":"max-video-preview:-1"},"canonical":"https:\/\/www.escapadarural.com\/blog\/los-escenarios-de-the-witcher-en-espana\/","og_locale":"es_ES","og_type":"article","og_title":"Los escenarios de The Witcher en Espa\u00f1a (Islas Canarias) - EscapadaRural","og_description":"La gran apuesta de Netflix ha sido todo un \u00e9xito, pues ya es una de las series m\u00e1s vistas de la plataforma. \u00bfSab\u00edas que muchas de las escenas fueron rodadas en Espa\u00f1a? Aqu\u00ed te dejamos algunos de los lugares m\u00e1s reconocibles.","og_url":"https:\/\/www.escapadarural.com\/blog\/los-escenarios-de-the-witcher-en-espana\/","og_site_name":"Magazine de viajes de EscapadaRural","article_publisher":"https:\/\/www.facebook.com\/escapadarural","article_published_time":"2021-12-23T07:30:00+00:00","article_modified_time":"2025-03-11T14:36:13+00:00","og_image":[{"width":1536,"height":1022,"url":"https:\/\/www.escapadarural.com\/blog\/wp-content\/uploads\/2024\/03\/Los-Tilos-La-Palma-Saul-SantosTurismo-de-Canarias-1-1536x1022.jpg.webp","type":"image\/webp"}],"author":"Laura Fern\u00e1ndez","twitter_card":"summary_large_image","twitter_misc":{"Escrito por":"Laura Fern\u00e1ndez","Tiempo de lectura":"11 minutos"},"schema":{"@context":"https:\/\/schema.org","@graph":[{"@type":"Article","@id":"https:\/\/www.escapadarural.com\/blog\/los-escenarios-de-the-witcher-en-espana\/#article","isPartOf":{"@id":"https:\/\/www.escapadarural.com\/blog\/los-escenarios-de-the-witcher-en-espana\/"},"author":{"name":"Laura Fern\u00e1ndez","@id":"https:\/\/www.escapadarural.com\/blog\/#\/schema\/person\/a9b46ae4d047d8a2c719f31e75206cff"},"headline":"Los escenarios de The Witcher en Espa\u00f1a (Islas Canarias)","datePublished":"2021-12-23T07:30:00+00:00","dateModified":"2025-03-11T14:36:13+00:00","mainEntityOfPage":{"@id":"https:\/\/www.escapadarural.com\/blog\/los-escenarios-de-the-witcher-en-espana\/"},"wordCount":1445,"commentCount":0,"publisher":{"@id":"https:\/\/www.escapadarural.com\/blog\/#organization"},"image":{"@id":"https:\/\/www.escapadarural.com\/blog\/los-escenarios-de-the-witcher-en-espana\/#primaryimage"},"thumbnailUrl":"https:\/\/www.escapadarural.com\/blog\/wp-content\/uploads\/2024\/03\/Los-Tilos-La-Palma-Saul-SantosTurismo-de-Canarias-1-1536x1022.jpg.webp","keywords":["escenarios","Gran Canaria","Islas Canarias","La Palma","Listado","series","The Witcher"],"articleSection":["Arte y Cultura"],"inLanguage":"es","potentialAction":[{"@type":"CommentAction","name":"Comment","target":["https:\/\/www.escapadarural.com\/blog\/los-escenarios-de-the-witcher-en-espana\/#respond"]}]},{"@type":"WebPage","@id":"https:\/\/www.escapadarural.com\/blog\/los-escenarios-de-the-witcher-en-espana\/","url":"https:\/\/www.escapadarural.com\/blog\/los-escenarios-de-the-witcher-en-espana\/","name":"Los escenarios de The Witcher en Espa\u00f1a (Islas Canarias) - EscapadaRural","isPartOf":{"@id":"https:\/\/www.escapadarural.com\/blog\/#website"},"primaryImageOfPage":{"@id":"https:\/\/www.escapadarural.com\/blog\/los-escenarios-de-the-witcher-en-espana\/#primaryimage"},"image":{"@id":"https:\/\/www.escapadarural.com\/blog\/los-escenarios-de-the-witcher-en-espana\/#primaryimage"},"thumbnailUrl":"https:\/\/www.escapadarural.com\/blog\/wp-content\/uploads\/2024\/03\/Los-Tilos-La-Palma-Saul-SantosTurismo-de-Canarias-1-1536x1022.jpg.webp","datePublished":"2021-12-23T07:30:00+00:00","dateModified":"2025-03-11T14:36:13+00:00","breadcrumb":{"@id":"https:\/\/www.escapadarural.com\/blog\/los-escenarios-de-the-witcher-en-espana\/#breadcrumb"},"inLanguage":"es","potentialAction":[{"@type":"ReadAction","target":["https:\/\/www.escapadarural.com\/blog\/los-escenarios-de-the-witcher-en-espana\/"]}]},{"@type":"ImageObject","inLanguage":"es","@id":"https:\/\/www.escapadarural.com\/blog\/los-escenarios-de-the-witcher-en-espana\/#primaryimage","url":"https:\/\/www.escapadarural.com\/blog\/wp-content\/uploads\/2024\/03\/Los-Tilos-La-Palma-Saul-SantosTurismo-de-Canarias-1-1536x1022.jpg.webp","contentUrl":"https:\/\/www.escapadarural.com\/blog\/wp-content\/uploads\/2024\/03\/Los-Tilos-La-Palma-Saul-SantosTurismo-de-Canarias-1-1536x1022.jpg.webp","width":1536,"height":1022,"caption":"Los Tilos, La Palma"},{"@type":"BreadcrumbList","@id":"https:\/\/www.escapadarural.com\/blog\/los-escenarios-de-the-witcher-en-espana\/#breadcrumb","itemListElement":[{"@type":"ListItem","position":1,"name":"Inicio","item":"https:\/\/www.escapadarural.com\/blog\/"},{"@type":"ListItem","position":2,"name":"Arte y Cultura","item":"https:\/\/www.escapadarural.com\/blog\/categoria\/arte-y-cultura\/"},{"@type":"ListItem","position":3,"name":"Los escenarios de The Witcher en Espa\u00f1a (Islas Canarias)"}]},{"@type":"WebSite","@id":"https:\/\/www.escapadarural.com\/blog\/#website","url":"https:\/\/www.escapadarural.com\/blog\/","name":"Blog de viajes | turismo rural, alojamientos e inspiraci\u00f3n","description":"Alojamientos rurales e inspiraci\u00f3n para tus escapadas","publisher":{"@id":"https:\/\/www.escapadarural.com\/blog\/#organization"},"alternateName":"Magazine de viajes de EscapadaRural","potentialAction":[{"@type":"SearchAction","target":{"@type":"EntryPoint","urlTemplate":"https:\/\/www.escapadarural.com\/blog\/?s={search_term_string}"},"query-input":{"@type":"PropertyValueSpecification","valueRequired":true,"valueName":"search_term_string"}}],"inLanguage":"es"},{"@type":"Organization","@id":"https:\/\/www.escapadarural.com\/blog\/#organization","name":"EscapadaRural","url":"https:\/\/www.escapadarural.com\/blog\/","logo":{"@type":"ImageObject","inLanguage":"es","@id":"https:\/\/www.escapadarural.com\/blog\/#\/schema\/logo\/image\/","url":"https:\/\/www.escapadarural.com\/blog\/wp-content\/uploads\/2024\/10\/cropped-cropped-escapada-rural-icon-mag-3.png","contentUrl":"https:\/\/www.escapadarural.com\/blog\/wp-content\/uploads\/2024\/10\/cropped-cropped-escapada-rural-icon-mag-3.png","width":512,"height":512,"caption":"EscapadaRural"},"image":{"@id":"https:\/\/www.escapadarural.com\/blog\/#\/schema\/logo\/image\/"},"sameAs":["https:\/\/www.facebook.com\/escapadarural","https:\/\/www.instagram.com\/escapadarural\/","https:\/\/www.youtube.com\/@escapadaruralcom"]},{"@type":"Person","@id":"https:\/\/www.escapadarural.com\/blog\/#\/schema\/person\/a9b46ae4d047d8a2c719f31e75206cff","name":"Laura Fern\u00e1ndez","image":{"@type":"ImageObject","inLanguage":"es","@id":"https:\/\/www.escapadarural.com\/blog\/wp-content\/uploads\/2025\/01\/cropped-laura_raponchii-96x96.jpg","url":"https:\/\/www.escapadarural.com\/blog\/wp-content\/uploads\/2025\/01\/cropped-laura_raponchii-96x96.jpg","contentUrl":"https:\/\/www.escapadarural.com\/blog\/wp-content\/uploads\/2025\/01\/cropped-laura_raponchii-96x96.jpg","caption":"Laura Fern\u00e1ndez"},"description":"Periodista, blogger y viajera. No necesariamente en ese orden. En ocasiones me despierto sin saber d\u00f3nde estoy. Adicta a los c\u00f3mics y a los noodles con salsa de cacahuete. Redactora en @escapadarural, colaboradora en la Conde Nast Traveler y en la Divinity. Mi casa: Meridiano180.","sameAs":["http:\/\/www.meridiano180.com\/"],"url":"https:\/\/www.escapadarural.com\/blog\/autor\/laura\/"}]}},"_links":{"self":[{"href":"https:\/\/www.escapadarural.com\/blog\/wp-json\/wp\/v2\/posts\/12542","targetHints":{"allow":["GET"]}}],"collection":[{"href":"https:\/\/www.escapadarural.com\/blog\/wp-json\/wp\/v2\/posts"}],"about":[{"href":"https:\/\/www.escapadarural.com\/blog\/wp-json\/wp\/v2\/types\/post"}],"author":[{"embeddable":true,"href":"https:\/\/www.escapadarural.com\/blog\/wp-json\/wp\/v2\/users\/89"}],"replies":[{"embeddable":true,"href":"https:\/\/www.escapadarural.com\/blog\/wp-json\/wp\/v2\/comments?post=12542"}],"version-history":[{"count":0,"href":"https:\/\/www.escapadarural.com\/blog\/wp-json\/wp\/v2\/posts\/12542\/revisions"}],"wp:featuredmedia":[{"embeddable":true,"href":"https:\/\/www.escapadarural.com\/blog\/wp-json\/wp\/v2\/media\/79423"}],"wp:attachment":[{"href":"https:\/\/www.escapadarural.com\/blog\/wp-json\/wp\/v2\/media?parent=12542"}],"wp:term":[{"taxonomy":"category","embeddable":true,"href":"https:\/\/www.escapadarural.com\/blog\/wp-json\/wp\/v2\/categories?post=12542"},{"taxonomy":"post_tag","embeddable":true,"href":"https:\/\/www.escapadarural.com\/blog\/wp-json\/wp\/v2\/tags?post=12542"}],"curies":[{"name":"wp","href":"https:\/\/api.w.org\/{rel}","templated":true}]}}