{"id":12589,"date":"2020-02-03T09:30:12","date_gmt":"2020-02-03T09:30:12","guid":{"rendered":"http:\/\/15.188.81.248\/2020\/02\/03\/10-imagenes-para-desear-ir-a-ribadesella\/"},"modified":"2025-02-18T10:51:11","modified_gmt":"2025-02-18T08:51:11","slug":"10-imagenes-para-desear-ir-a-ribadesella","status":"publish","type":"post","link":"https:\/\/www.escapadarural.com\/blog\/10-imagenes-para-desear-ir-a-ribadesella\/","title":{"rendered":"10 im\u00e1genes para desear ir a Ribadesella"},"content":{"rendered":"<div class=\"wp-block-image\">\n<figure class=\"aligncenter size-large\"><a href=\"\/blog\/wp-content\/uploads\/2020\/05\/AdobeStock_224458214-1-scaled.jpeg\"><img decoding=\"async\" src=\"\/blog\/wp-content\/uploads\/2020\/05\/AdobeStock_224458214-1-1024x683.jpeg\" alt=\"\" class=\"wp-image-18643\"\/><\/a><figcaption class=\"wp-element-caption\">Por Tono Balaguer<\/figcaption><\/figure>\n<\/div>\n\n\n<p>En el oriente de Asturias est\u00e1 <a href=\"https:\/\/www.escapadarural.com\/casas-rurales\/ribadesella\" target=\"_blank\" rel=\"noopener noreferrer\">Ribadesella<\/a>, uno de los principales puertos asturianos del siglo XIX. Fue fundada por Alfonso X El Sabio, quien \u2013en el siglo XIII\u2013 uni\u00f3 los territorios que estaban a ambos lados de la desembocadura del r\u00edo Sella, tal y como permanece hoy en d\u00eda.<\/p>\n\n\n\n<p>No obstante, hay constancia de su existencia ya desde el Paleol\u00edtico, tal y como demuestra el arte rupestre encontrado en la cueva de Tito Bustillo, Patrimonio de la Humanidad por la Unesco.<\/p>\n\n\n\n<p>El r\u00edo Sella le ha otorgado gran actividad econ\u00f3mica a lo largo de la historia. Tanto como para el comercio mar\u00edtimo y el descenso de la madera de los astilleros, como para la pesca del salm\u00f3n o la caza de ballenas.<\/p>\n\n\n\n<!--more-->\n\n\n\n<p>El <strong>Descenso del Sella<\/strong> es una de las actividades principales de Ribadesella, que celebra cada primer fin de semana de agosto la <strong>Fiesta de Les Pirag\u00fces<\/strong>, declarada Fiesta de Inter\u00e9s Tur\u00edstico Internacional. Es una de las citas m\u00e1s relevantes de <a href=\"https:\/\/www.escapadarural.com\/casas-rurales\/asturias\" target=\"_blank\" rel=\"noopener noreferrer\">Asturias<\/a> que atrae a viajeros de todas las partes del mundo.<\/p>\n\n\n\n<p>Desde el paseo de la Gr\u00faa se pueden tener unas incre\u00edbles vistas de Ribadesella, de la inmensa playa de Santa Marina y de su agradable paseo mar\u00edtimo. Si se sube hasta la ermita de Gu\u00eda, las vistas a\u00fan son m\u00e1s impresionantes.<\/p>\n\n\n\n<p>Su casco antiguo conserva la esencia de la arquitectura asturiana: con fachadas con galer\u00edas, portificadas y llenas de color que contrastan con las inmensas y antiguas casas indianas situadas junto al Cant\u00e1brico.<\/p>\n\n\n<div class=\"wp-block-image\">\n<figure class=\"aligncenter size-large\"><a href=\"\/blog\/wp-content\/uploads\/2020\/05\/ribadesella2.jpg\"><img decoding=\"async\" src=\"\/blog\/wp-content\/uploads\/2020\/05\/ribadesella2.jpg\" alt=\"Playa de Ribadesella\" class=\"wp-image-18644\"\/><\/a><figcaption class=\"wp-element-caption\">Por J. Ossorio Castillo<\/figcaption><\/figure>\n<\/div>\n\n<div class=\"wp-block-image\">\n<figure class=\"aligncenter size-large\"><a href=\"\/blog\/wp-content\/uploads\/2020\/05\/ribadesella3.jpg\"><img decoding=\"async\" src=\"\/blog\/wp-content\/uploads\/2020\/05\/ribadesella3.jpg\" alt=\"Casas indianas en Ribadesella\" class=\"wp-image-18645\"\/><\/a><figcaption class=\"wp-element-caption\">Por MiniMoon Photo<\/figcaption><\/figure>\n<\/div>\n\n<div class=\"wp-block-image\">\n<figure class=\"aligncenter size-large\"><a href=\"\/blog\/wp-content\/uploads\/2020\/05\/ribadesella4.jpg\"><img decoding=\"async\" src=\"\/blog\/wp-content\/uploads\/2020\/05\/ribadesella4.jpg\" alt=\"Ribadesella, Asturias\" class=\"wp-image-18647\"\/><\/a><figcaption class=\"wp-element-caption\">Por Luis<\/figcaption><\/figure>\n<\/div>\n\n<div class=\"wp-block-image\">\n<figure class=\"aligncenter size-large\"><a href=\"\/blog\/wp-content\/uploads\/2020\/05\/ribadesella5.jpg\"><img decoding=\"async\" src=\"\/blog\/wp-content\/uploads\/2020\/05\/ribadesella5.jpg\" alt=\"Calles de Ribadesella\" class=\"wp-image-18648\"\/><\/a><figcaption class=\"wp-element-caption\">Por lunamarina<\/figcaption><\/figure>\n<\/div>\n\n<div class=\"wp-block-image\">\n<figure class=\"aligncenter size-large\"><a href=\"\/blog\/wp-content\/uploads\/2020\/05\/ribadesella6.jpg\"><img decoding=\"async\" src=\"\/blog\/wp-content\/uploads\/2020\/05\/ribadesella6.jpg\" alt=\"Paseo mar\u00edtimo Ribadesella\" class=\"wp-image-18649\"\/><\/a><figcaption class=\"wp-element-caption\">Por lleandralacuerva<\/figcaption><\/figure>\n<\/div>\n\n<div class=\"wp-block-image\">\n<figure class=\"aligncenter size-large\"><a href=\"\/blog\/wp-content\/uploads\/2020\/05\/ribadesella71.jpg\"><img decoding=\"async\" src=\"\/blog\/wp-content\/uploads\/2020\/05\/ribadesella71.jpg\" alt=\"\" class=\"wp-image-18650\"\/><\/a><figcaption class=\"wp-element-caption\">Por nicuervo<\/figcaption><\/figure>\n<\/div>\n\n<div class=\"wp-block-image\">\n<figure class=\"aligncenter size-large\"><img decoding=\"async\" src=\"\/blog\/wp-content\/uploads\/2020\/05\/ribadesella8.jpg\" alt=\"Ribadesella\" class=\"wp-image-18651\"\/><figcaption class=\"wp-element-caption\">Por milkas28007<\/figcaption><\/figure>\n<\/div>\n\n<div class=\"wp-block-image\">\n<figure class=\"aligncenter size-large\"><a href=\"\/blog\/wp-content\/uploads\/2020\/05\/ribadesella9.jpg\"><img decoding=\"async\" src=\"\/blog\/wp-content\/uploads\/2020\/05\/ribadesella9.jpg\" alt=\"Ribadesella\" class=\"wp-image-18652\"\/><\/a><figcaption class=\"wp-element-caption\">Por lunamarina<\/figcaption><\/figure>\n<\/div>\n\n<div class=\"wp-block-image\">\n<figure class=\"aligncenter size-large\"><a href=\"\/blog\/wp-content\/uploads\/2020\/05\/ribadesella10.jpg\"><img decoding=\"async\" src=\"\/blog\/wp-content\/uploads\/2020\/05\/ribadesella10.jpg\" alt=\"Ribadesella\" class=\"wp-image-18653\"\/><\/a><figcaption class=\"wp-element-caption\">Por LuisJavier<\/figcaption><\/figure>\n<\/div>","protected":false},"excerpt":{"rendered":"<p>En el oriente de Asturias est\u00e1 Ribadesella, uno de los principales puertos asturianos del siglo XIX. Hoy es uno de los pueblos m\u00e1s bonitos y visitados por la Fiesta de las Piraguas. <\/p>\n","protected":false},"author":89,"featured_media":96571,"comment_status":"open","ping_status":"closed","sticky":false,"template":"","format":"standard","meta":{"_acf_changed":false,"om_disable_all_campaigns":false,"footnotes":""},"categories":[191],"tags":[246,1484,215,212,481,1141],"class_list":["post-12589","post","type-post","status-publish","format-standard","has-post-thumbnail","hentry","category-destinos","tag-que-ver-en-asturias","tag-fotos","tag-listado","tag-pueblos","tag-ribadesella","tag-rio-sella"],"acf":[],"featured_image_src":"https:\/\/www.escapadarural.com\/blog\/wp-content\/uploads\/2024\/10\/ribadesella71-2.jpg","author_info":{"display_name":"Laura Fern\u00e1ndez","author_link":"https:\/\/www.escapadarural.com\/blog\/autor\/laura\/"},"yoast_head":"<!-- This site is optimized with the Yoast SEO plugin v27.5 - https:\/\/yoast.com\/product\/yoast-seo-wordpress\/ -->\n<title>10 im\u00e1genes para desear ir a Ribadesella - EscapadaRural<\/title>\n<meta name=\"robots\" content=\"index, follow, max-snippet:-1, max-image-preview:large, max-video-preview:-1\" \/>\n<link rel=\"canonical\" href=\"https:\/\/www.escapadarural.com\/blog\/10-imagenes-para-desear-ir-a-ribadesella\/\" \/>\n<meta property=\"og:locale\" content=\"es_ES\" \/>\n<meta property=\"og:type\" content=\"article\" \/>\n<meta property=\"og:title\" content=\"10 im\u00e1genes para desear ir a Ribadesella - EscapadaRural\" \/>\n<meta property=\"og:description\" content=\"En el oriente de Asturias est\u00e1 Ribadesella, uno de los principales puertos asturianos del siglo XIX. Hoy es uno de los pueblos m\u00e1s bonitos y visitados por la Fiesta de las Piraguas.\" \/>\n<meta property=\"og:url\" content=\"https:\/\/www.escapadarural.com\/blog\/10-imagenes-para-desear-ir-a-ribadesella\/\" \/>\n<meta property=\"og:site_name\" content=\"Magazine de viajes de EscapadaRural\" \/>\n<meta property=\"article:publisher\" content=\"https:\/\/www.facebook.com\/escapadarural\" \/>\n<meta property=\"article:published_time\" content=\"2020-02-03T09:30:12+00:00\" \/>\n<meta property=\"article:modified_time\" content=\"2025-02-18T08:51:11+00:00\" \/>\n<meta property=\"og:image\" content=\"https:\/\/www.escapadarural.com\/blog\/wp-content\/uploads\/2024\/10\/ribadesella71-2.jpg\" \/>\n\t<meta property=\"og:image:width\" content=\"1024\" \/>\n\t<meta property=\"og:image:height\" content=\"683\" \/>\n\t<meta property=\"og:image:type\" content=\"image\/jpeg\" \/>\n<meta name=\"author\" content=\"Laura Fern\u00e1ndez\" \/>\n<meta name=\"twitter:card\" content=\"summary_large_image\" \/>\n<meta name=\"twitter:label1\" content=\"Escrito por\" \/>\n\t<meta name=\"twitter:data1\" content=\"Laura Fern\u00e1ndez\" \/>\n\t<meta name=\"twitter:label2\" content=\"Tiempo de lectura\" \/>\n\t<meta name=\"twitter:data2\" content=\"4 minutos\" \/>\n<script type=\"application\/ld+json\" class=\"yoast-schema-graph\">{\"@context\":\"https:\\\/\\\/schema.org\",\"@graph\":[{\"@type\":\"Article\",\"@id\":\"https:\\\/\\\/www.escapadarural.com\\\/blog\\\/10-imagenes-para-desear-ir-a-ribadesella\\\/#article\",\"isPartOf\":{\"@id\":\"https:\\\/\\\/www.escapadarural.com\\\/blog\\\/10-imagenes-para-desear-ir-a-ribadesella\\\/\"},\"author\":{\"name\":\"Laura Fern\u00e1ndez\",\"@id\":\"https:\\\/\\\/www.escapadarural.com\\\/blog\\\/#\\\/schema\\\/person\\\/a9b46ae4d047d8a2c719f31e75206cff\"},\"headline\":\"10 im\u00e1genes para desear ir a Ribadesella\",\"datePublished\":\"2020-02-03T09:30:12+00:00\",\"dateModified\":\"2025-02-18T08:51:11+00:00\",\"mainEntityOfPage\":{\"@id\":\"https:\\\/\\\/www.escapadarural.com\\\/blog\\\/10-imagenes-para-desear-ir-a-ribadesella\\\/\"},\"wordCount\":296,\"commentCount\":0,\"publisher\":{\"@id\":\"https:\\\/\\\/www.escapadarural.com\\\/blog\\\/#organization\"},\"image\":{\"@id\":\"https:\\\/\\\/www.escapadarural.com\\\/blog\\\/10-imagenes-para-desear-ir-a-ribadesella\\\/#primaryimage\"},\"thumbnailUrl\":\"https:\\\/\\\/www.escapadarural.com\\\/blog\\\/wp-content\\\/uploads\\\/2024\\\/10\\\/ribadesella71-2.jpg\",\"keywords\":[\"Asturias\",\"Fotos\",\"Listado\",\"pueblos\",\"Ribadesella\",\"r\u00edo Sella\"],\"articleSection\":[\"Destinos\"],\"inLanguage\":\"es\",\"potentialAction\":[{\"@type\":\"CommentAction\",\"name\":\"Comment\",\"target\":[\"https:\\\/\\\/www.escapadarural.com\\\/blog\\\/10-imagenes-para-desear-ir-a-ribadesella\\\/#respond\"]}]},{\"@type\":\"WebPage\",\"@id\":\"https:\\\/\\\/www.escapadarural.com\\\/blog\\\/10-imagenes-para-desear-ir-a-ribadesella\\\/\",\"url\":\"https:\\\/\\\/www.escapadarural.com\\\/blog\\\/10-imagenes-para-desear-ir-a-ribadesella\\\/\",\"name\":\"10 im\u00e1genes para desear ir a Ribadesella - EscapadaRural\",\"isPartOf\":{\"@id\":\"https:\\\/\\\/www.escapadarural.com\\\/blog\\\/#website\"},\"primaryImageOfPage\":{\"@id\":\"https:\\\/\\\/www.escapadarural.com\\\/blog\\\/10-imagenes-para-desear-ir-a-ribadesella\\\/#primaryimage\"},\"image\":{\"@id\":\"https:\\\/\\\/www.escapadarural.com\\\/blog\\\/10-imagenes-para-desear-ir-a-ribadesella\\\/#primaryimage\"},\"thumbnailUrl\":\"https:\\\/\\\/www.escapadarural.com\\\/blog\\\/wp-content\\\/uploads\\\/2024\\\/10\\\/ribadesella71-2.jpg\",\"datePublished\":\"2020-02-03T09:30:12+00:00\",\"dateModified\":\"2025-02-18T08:51:11+00:00\",\"breadcrumb\":{\"@id\":\"https:\\\/\\\/www.escapadarural.com\\\/blog\\\/10-imagenes-para-desear-ir-a-ribadesella\\\/#breadcrumb\"},\"inLanguage\":\"es\",\"potentialAction\":[{\"@type\":\"ReadAction\",\"target\":[\"https:\\\/\\\/www.escapadarural.com\\\/blog\\\/10-imagenes-para-desear-ir-a-ribadesella\\\/\"]}]},{\"@type\":\"ImageObject\",\"inLanguage\":\"es\",\"@id\":\"https:\\\/\\\/www.escapadarural.com\\\/blog\\\/10-imagenes-para-desear-ir-a-ribadesella\\\/#primaryimage\",\"url\":\"https:\\\/\\\/www.escapadarural.com\\\/blog\\\/wp-content\\\/uploads\\\/2024\\\/10\\\/ribadesella71-2.jpg\",\"contentUrl\":\"https:\\\/\\\/www.escapadarural.com\\\/blog\\\/wp-content\\\/uploads\\\/2024\\\/10\\\/ribadesella71-2.jpg\",\"width\":1024,\"height\":683,\"caption\":\"Vista a\u00e9rea de Ribadesella (Asturias). Por nicuervo.\"},{\"@type\":\"BreadcrumbList\",\"@id\":\"https:\\\/\\\/www.escapadarural.com\\\/blog\\\/10-imagenes-para-desear-ir-a-ribadesella\\\/#breadcrumb\",\"itemListElement\":[{\"@type\":\"ListItem\",\"position\":1,\"name\":\"Inicio\",\"item\":\"https:\\\/\\\/www.escapadarural.com\\\/blog\\\/\"},{\"@type\":\"ListItem\",\"position\":2,\"name\":\"Destinos\",\"item\":\"https:\\\/\\\/www.escapadarural.com\\\/blog\\\/categoria\\\/destinos\\\/\"},{\"@type\":\"ListItem\",\"position\":3,\"name\":\"10 im\u00e1genes para desear ir a Ribadesella\"}]},{\"@type\":\"WebSite\",\"@id\":\"https:\\\/\\\/www.escapadarural.com\\\/blog\\\/#website\",\"url\":\"https:\\\/\\\/www.escapadarural.com\\\/blog\\\/\",\"name\":\"Blog de viajes | turismo rural, alojamientos e inspiraci\u00f3n\",\"description\":\"Alojamientos rurales e inspiraci\u00f3n para tus escapadas\",\"publisher\":{\"@id\":\"https:\\\/\\\/www.escapadarural.com\\\/blog\\\/#organization\"},\"alternateName\":\"Magazine de viajes de EscapadaRural\",\"potentialAction\":[{\"@type\":\"SearchAction\",\"target\":{\"@type\":\"EntryPoint\",\"urlTemplate\":\"https:\\\/\\\/www.escapadarural.com\\\/blog\\\/?s={search_term_string}\"},\"query-input\":{\"@type\":\"PropertyValueSpecification\",\"valueRequired\":true,\"valueName\":\"search_term_string\"}}],\"inLanguage\":\"es\"},{\"@type\":\"Organization\",\"@id\":\"https:\\\/\\\/www.escapadarural.com\\\/blog\\\/#organization\",\"name\":\"EscapadaRural\",\"url\":\"https:\\\/\\\/www.escapadarural.com\\\/blog\\\/\",\"logo\":{\"@type\":\"ImageObject\",\"inLanguage\":\"es\",\"@id\":\"https:\\\/\\\/www.escapadarural.com\\\/blog\\\/#\\\/schema\\\/logo\\\/image\\\/\",\"url\":\"https:\\\/\\\/www.escapadarural.com\\\/blog\\\/wp-content\\\/uploads\\\/2024\\\/10\\\/cropped-cropped-escapada-rural-icon-mag-3.png\",\"contentUrl\":\"https:\\\/\\\/www.escapadarural.com\\\/blog\\\/wp-content\\\/uploads\\\/2024\\\/10\\\/cropped-cropped-escapada-rural-icon-mag-3.png\",\"width\":512,\"height\":512,\"caption\":\"EscapadaRural\"},\"image\":{\"@id\":\"https:\\\/\\\/www.escapadarural.com\\\/blog\\\/#\\\/schema\\\/logo\\\/image\\\/\"},\"sameAs\":[\"https:\\\/\\\/www.facebook.com\\\/escapadarural\",\"https:\\\/\\\/www.instagram.com\\\/escapadarural\\\/\",\"https:\\\/\\\/www.youtube.com\\\/@escapadaruralcom\"]},{\"@type\":\"Person\",\"@id\":\"https:\\\/\\\/www.escapadarural.com\\\/blog\\\/#\\\/schema\\\/person\\\/a9b46ae4d047d8a2c719f31e75206cff\",\"name\":\"Laura Fern\u00e1ndez\",\"image\":{\"@type\":\"ImageObject\",\"inLanguage\":\"es\",\"@id\":\"https:\\\/\\\/www.escapadarural.com\\\/blog\\\/wp-content\\\/uploads\\\/2025\\\/01\\\/cropped-laura_raponchii-96x96.jpg\",\"url\":\"https:\\\/\\\/www.escapadarural.com\\\/blog\\\/wp-content\\\/uploads\\\/2025\\\/01\\\/cropped-laura_raponchii-96x96.jpg\",\"contentUrl\":\"https:\\\/\\\/www.escapadarural.com\\\/blog\\\/wp-content\\\/uploads\\\/2025\\\/01\\\/cropped-laura_raponchii-96x96.jpg\",\"caption\":\"Laura Fern\u00e1ndez\"},\"description\":\"Periodista, blogger y viajera. No necesariamente en ese orden. En ocasiones me despierto sin saber d\u00f3nde estoy. Adicta a los c\u00f3mics y a los noodles con salsa de cacahuete. Redactora en @escapadarural, colaboradora en la Conde Nast Traveler y en la Divinity. Mi casa: Meridiano180.\",\"sameAs\":[\"http:\\\/\\\/www.meridiano180.com\\\/\"],\"url\":\"https:\\\/\\\/www.escapadarural.com\\\/blog\\\/autor\\\/laura\\\/\"}]}<\/script>\n<!-- \/ Yoast SEO plugin. -->","yoast_head_json":{"title":"10 im\u00e1genes para desear ir a Ribadesella - EscapadaRural","robots":{"index":"index","follow":"follow","max-snippet":"max-snippet:-1","max-image-preview":"max-image-preview:large","max-video-preview":"max-video-preview:-1"},"canonical":"https:\/\/www.escapadarural.com\/blog\/10-imagenes-para-desear-ir-a-ribadesella\/","og_locale":"es_ES","og_type":"article","og_title":"10 im\u00e1genes para desear ir a Ribadesella - EscapadaRural","og_description":"En el oriente de Asturias est\u00e1 Ribadesella, uno de los principales puertos asturianos del siglo XIX. Hoy es uno de los pueblos m\u00e1s bonitos y visitados por la Fiesta de las Piraguas.","og_url":"https:\/\/www.escapadarural.com\/blog\/10-imagenes-para-desear-ir-a-ribadesella\/","og_site_name":"Magazine de viajes de EscapadaRural","article_publisher":"https:\/\/www.facebook.com\/escapadarural","article_published_time":"2020-02-03T09:30:12+00:00","article_modified_time":"2025-02-18T08:51:11+00:00","og_image":[{"width":1024,"height":683,"url":"https:\/\/www.escapadarural.com\/blog\/wp-content\/uploads\/2024\/10\/ribadesella71-2.jpg","type":"image\/jpeg"}],"author":"Laura Fern\u00e1ndez","twitter_card":"summary_large_image","twitter_misc":{"Escrito por":"Laura Fern\u00e1ndez","Tiempo de lectura":"4 minutos"},"schema":{"@context":"https:\/\/schema.org","@graph":[{"@type":"Article","@id":"https:\/\/www.escapadarural.com\/blog\/10-imagenes-para-desear-ir-a-ribadesella\/#article","isPartOf":{"@id":"https:\/\/www.escapadarural.com\/blog\/10-imagenes-para-desear-ir-a-ribadesella\/"},"author":{"name":"Laura Fern\u00e1ndez","@id":"https:\/\/www.escapadarural.com\/blog\/#\/schema\/person\/a9b46ae4d047d8a2c719f31e75206cff"},"headline":"10 im\u00e1genes para desear ir a Ribadesella","datePublished":"2020-02-03T09:30:12+00:00","dateModified":"2025-02-18T08:51:11+00:00","mainEntityOfPage":{"@id":"https:\/\/www.escapadarural.com\/blog\/10-imagenes-para-desear-ir-a-ribadesella\/"},"wordCount":296,"commentCount":0,"publisher":{"@id":"https:\/\/www.escapadarural.com\/blog\/#organization"},"image":{"@id":"https:\/\/www.escapadarural.com\/blog\/10-imagenes-para-desear-ir-a-ribadesella\/#primaryimage"},"thumbnailUrl":"https:\/\/www.escapadarural.com\/blog\/wp-content\/uploads\/2024\/10\/ribadesella71-2.jpg","keywords":["Asturias","Fotos","Listado","pueblos","Ribadesella","r\u00edo Sella"],"articleSection":["Destinos"],"inLanguage":"es","potentialAction":[{"@type":"CommentAction","name":"Comment","target":["https:\/\/www.escapadarural.com\/blog\/10-imagenes-para-desear-ir-a-ribadesella\/#respond"]}]},{"@type":"WebPage","@id":"https:\/\/www.escapadarural.com\/blog\/10-imagenes-para-desear-ir-a-ribadesella\/","url":"https:\/\/www.escapadarural.com\/blog\/10-imagenes-para-desear-ir-a-ribadesella\/","name":"10 im\u00e1genes para desear ir a Ribadesella - EscapadaRural","isPartOf":{"@id":"https:\/\/www.escapadarural.com\/blog\/#website"},"primaryImageOfPage":{"@id":"https:\/\/www.escapadarural.com\/blog\/10-imagenes-para-desear-ir-a-ribadesella\/#primaryimage"},"image":{"@id":"https:\/\/www.escapadarural.com\/blog\/10-imagenes-para-desear-ir-a-ribadesella\/#primaryimage"},"thumbnailUrl":"https:\/\/www.escapadarural.com\/blog\/wp-content\/uploads\/2024\/10\/ribadesella71-2.jpg","datePublished":"2020-02-03T09:30:12+00:00","dateModified":"2025-02-18T08:51:11+00:00","breadcrumb":{"@id":"https:\/\/www.escapadarural.com\/blog\/10-imagenes-para-desear-ir-a-ribadesella\/#breadcrumb"},"inLanguage":"es","potentialAction":[{"@type":"ReadAction","target":["https:\/\/www.escapadarural.com\/blog\/10-imagenes-para-desear-ir-a-ribadesella\/"]}]},{"@type":"ImageObject","inLanguage":"es","@id":"https:\/\/www.escapadarural.com\/blog\/10-imagenes-para-desear-ir-a-ribadesella\/#primaryimage","url":"https:\/\/www.escapadarural.com\/blog\/wp-content\/uploads\/2024\/10\/ribadesella71-2.jpg","contentUrl":"https:\/\/www.escapadarural.com\/blog\/wp-content\/uploads\/2024\/10\/ribadesella71-2.jpg","width":1024,"height":683,"caption":"Vista a\u00e9rea de Ribadesella (Asturias). Por nicuervo."},{"@type":"BreadcrumbList","@id":"https:\/\/www.escapadarural.com\/blog\/10-imagenes-para-desear-ir-a-ribadesella\/#breadcrumb","itemListElement":[{"@type":"ListItem","position":1,"name":"Inicio","item":"https:\/\/www.escapadarural.com\/blog\/"},{"@type":"ListItem","position":2,"name":"Destinos","item":"https:\/\/www.escapadarural.com\/blog\/categoria\/destinos\/"},{"@type":"ListItem","position":3,"name":"10 im\u00e1genes para desear ir a Ribadesella"}]},{"@type":"WebSite","@id":"https:\/\/www.escapadarural.com\/blog\/#website","url":"https:\/\/www.escapadarural.com\/blog\/","name":"Blog de viajes | turismo rural, alojamientos e inspiraci\u00f3n","description":"Alojamientos rurales e inspiraci\u00f3n para tus escapadas","publisher":{"@id":"https:\/\/www.escapadarural.com\/blog\/#organization"},"alternateName":"Magazine de viajes de EscapadaRural","potentialAction":[{"@type":"SearchAction","target":{"@type":"EntryPoint","urlTemplate":"https:\/\/www.escapadarural.com\/blog\/?s={search_term_string}"},"query-input":{"@type":"PropertyValueSpecification","valueRequired":true,"valueName":"search_term_string"}}],"inLanguage":"es"},{"@type":"Organization","@id":"https:\/\/www.escapadarural.com\/blog\/#organization","name":"EscapadaRural","url":"https:\/\/www.escapadarural.com\/blog\/","logo":{"@type":"ImageObject","inLanguage":"es","@id":"https:\/\/www.escapadarural.com\/blog\/#\/schema\/logo\/image\/","url":"https:\/\/www.escapadarural.com\/blog\/wp-content\/uploads\/2024\/10\/cropped-cropped-escapada-rural-icon-mag-3.png","contentUrl":"https:\/\/www.escapadarural.com\/blog\/wp-content\/uploads\/2024\/10\/cropped-cropped-escapada-rural-icon-mag-3.png","width":512,"height":512,"caption":"EscapadaRural"},"image":{"@id":"https:\/\/www.escapadarural.com\/blog\/#\/schema\/logo\/image\/"},"sameAs":["https:\/\/www.facebook.com\/escapadarural","https:\/\/www.instagram.com\/escapadarural\/","https:\/\/www.youtube.com\/@escapadaruralcom"]},{"@type":"Person","@id":"https:\/\/www.escapadarural.com\/blog\/#\/schema\/person\/a9b46ae4d047d8a2c719f31e75206cff","name":"Laura Fern\u00e1ndez","image":{"@type":"ImageObject","inLanguage":"es","@id":"https:\/\/www.escapadarural.com\/blog\/wp-content\/uploads\/2025\/01\/cropped-laura_raponchii-96x96.jpg","url":"https:\/\/www.escapadarural.com\/blog\/wp-content\/uploads\/2025\/01\/cropped-laura_raponchii-96x96.jpg","contentUrl":"https:\/\/www.escapadarural.com\/blog\/wp-content\/uploads\/2025\/01\/cropped-laura_raponchii-96x96.jpg","caption":"Laura Fern\u00e1ndez"},"description":"Periodista, blogger y viajera. No necesariamente en ese orden. En ocasiones me despierto sin saber d\u00f3nde estoy. Adicta a los c\u00f3mics y a los noodles con salsa de cacahuete. Redactora en @escapadarural, colaboradora en la Conde Nast Traveler y en la Divinity. Mi casa: Meridiano180.","sameAs":["http:\/\/www.meridiano180.com\/"],"url":"https:\/\/www.escapadarural.com\/blog\/autor\/laura\/"}]}},"_links":{"self":[{"href":"https:\/\/www.escapadarural.com\/blog\/wp-json\/wp\/v2\/posts\/12589","targetHints":{"allow":["GET"]}}],"collection":[{"href":"https:\/\/www.escapadarural.com\/blog\/wp-json\/wp\/v2\/posts"}],"about":[{"href":"https:\/\/www.escapadarural.com\/blog\/wp-json\/wp\/v2\/types\/post"}],"author":[{"embeddable":true,"href":"https:\/\/www.escapadarural.com\/blog\/wp-json\/wp\/v2\/users\/89"}],"replies":[{"embeddable":true,"href":"https:\/\/www.escapadarural.com\/blog\/wp-json\/wp\/v2\/comments?post=12589"}],"version-history":[{"count":0,"href":"https:\/\/www.escapadarural.com\/blog\/wp-json\/wp\/v2\/posts\/12589\/revisions"}],"wp:featuredmedia":[{"embeddable":true,"href":"https:\/\/www.escapadarural.com\/blog\/wp-json\/wp\/v2\/media\/96571"}],"wp:attachment":[{"href":"https:\/\/www.escapadarural.com\/blog\/wp-json\/wp\/v2\/media?parent=12589"}],"wp:term":[{"taxonomy":"category","embeddable":true,"href":"https:\/\/www.escapadarural.com\/blog\/wp-json\/wp\/v2\/categories?post=12589"},{"taxonomy":"post_tag","embeddable":true,"href":"https:\/\/www.escapadarural.com\/blog\/wp-json\/wp\/v2\/tags?post=12589"}],"curies":[{"name":"wp","href":"https:\/\/api.w.org\/{rel}","templated":true}]}}