{"id":12595,"date":"2021-01-20T08:15:00","date_gmt":"2021-01-20T07:15:00","guid":{"rendered":"http:\/\/15.188.81.248\/2020\/01\/30\/casi-1-300-cruces-para-concienciar-sobre-los-incendios-en-el-bosc-de-les-creus-barcelona\/"},"modified":"2025-01-15T15:00:49","modified_gmt":"2025-01-15T13:00:49","slug":"bosque-de-cruces","status":"publish","type":"post","link":"https:\/\/www.escapadarural.com\/blog\/bosque-de-cruces\/","title":{"rendered":"Un bosque calcinado con 1.293 cruces"},"content":{"rendered":"\n<figure class=\"wp-block-embed is-type-video is-provider-youtube wp-block-embed-youtube wp-embed-aspect-16-9 wp-has-aspect-ratio\"><div class=\"wp-block-embed__wrapper\">\n<span class=\"jl7AB3uZ2YsxMrJ9L4vw6pcSokh5eHVUnXWd8mEOKiG\"><div class=\"video-shortcode\"><iframe title=\"1.293 cruces como luto por un bosque calcinado\" width=\"1200\" height=\"675\" src=\"https:\/\/www.youtube.com\/embed\/fJr_bTz7grw?feature=oembed\" frameborder=\"0\" allow=\"accelerometer; autoplay; clipboard-write; encrypted-media; gyroscope; picture-in-picture; web-share\" referrerpolicy=\"strict-origin-when-cross-origin\" allowfullscreen><\/iframe><\/div><\/span>\n<\/div><\/figure>\n\n\n\n<p>\u201cDesde el d\u00eda que un bosque se quema, ya empieza a vivir\u201d, dice Marc Sellar\u00e8s, artista visual y bombero de <a href=\"https:\/\/www.escapadarural.com\/casas-rurales\/barcelona\" target=\"_blank\" rel=\"noopener noreferrer\">Barcelona<\/a> mientras se\u00f1ala la vegetaci\u00f3n que va creciendo sobre el terreno calcinado de los alrededores de Montserrat.<\/p>\n\n\n\n<p>Marc es el responsable de El bosc de les creus (El bosque de las cruces), una obra ef\u00edmera realizada tras el incendio que asol\u00f3 a las comarcas de Anoia y Bages (Barcelona) en 2015.<\/p>\n\n\n\n<!--more-->\n\n\n\n<p>Tras las llamas, las p\u00e9rdidas; y sobre el terreno: <strong>1.293 cruces. Una por cada hect\u00e1rea quemada<\/strong>.<\/p>\n\n\n\n<p>\u201cYo estaba de vacaciones cuando me enter\u00e9 del incendio\u201d, explica Sellar\u00e8s. \u201cPero vine r\u00e1pidamente a colaborar con las labores de extinci\u00f3n. Era mi terreno, mi bosque\u201d, dice mientras recuerda c\u00f3mo de peque\u00f1o iba all\u00ed a recoger setas y le\u00f1a con su padre.<\/p>\n\n\n\n<blockquote class=\"wp-block-quote is-layout-flow wp-block-quote-is-layout-flow\"><p>Desde el d\u00eda que un bosque se quema, ya empieza a vivir<\/p><\/blockquote>\n\n\n\n<p>Para Sellar\u00e8s, cuando un paisaje conocido desaparece, tienes que pasar un luto. El suyo necesitaba expresarse. Al d\u00eda siguiente, cuando el fuego fue extinguido, comenz\u00f3 a evaluar qu\u00e9 proyectos podr\u00eda hacer encima del terreno. Despu\u00e9s de pensar y cruzar algunos troncos quemados, lo ten\u00eda claro: una cruz.<\/p>\n\n\n\n<p>\u201cEn nuestra cultura la cruz tiene mucha fuerza. Se relaciona con la idea de muerte, de dolor. Como el incendio que mata al bosque\u201d, dice. Tras levantar la primera de ellas, <a href=\"https:\/\/twitter.com\/Sellares_art\/status\/858985668709679104\" target=\"_blank\">Sellar\u00e8s<\/a> pens\u00f3 que el mensaje deb\u00eda llegar a mucha m\u00e1s gente. Inspir\u00e1ndose en el arte urbano \u2013que muchas veces se realiza en los bordes de la carretera para que sean vistos\u2013 comenz\u00f3 a levantar m\u00e1s cruces entre los kil\u00f3metros 6 y 7 de la carretera BP-1101.<\/p>\n\n\n\n<figure class=\"wp-block-image size-large\"><img decoding=\"async\" src=\"\/blog\/wp-content\/uploads\/2020\/01\/IMG_8014-768x512-1.jpg\" alt=\"Bosque de cruces\" class=\"wp-image-18671\"\/><figcaption>Por Caroline Dalpr\u00e1\n\n<\/figcaption><\/figure>\n\n\n\n<p>\u201cLos coches paraban, la gente hac\u00eda fotos, sub\u00edan a ense\u00f1arme la piel de gallina, con las l\u00e1grimas en los ojos. Quer\u00edan darme las gracias\u201d, recuerda emocionado.<\/p>\n\n\n\n<p>La \u00faltima la coloc\u00f3 justo en el primer aniversario del incendio pues, \u201cel luto antiguamente en nuestra cultura duraba un a\u00f1o\u201d. Fue una enorme cruz de <strong>12 metros de altura<\/strong> que se ha ca\u00eddo con el tiempo, igual que el resto de las cruces. Actualmente, apenas se mantienen en pie un centenar de ellas. Son intervenciones art\u00edsticas ef\u00edmeras.<\/p>\n\n\n\n<h2 class=\"title-rute wp-block-heading\">El arte como semilla regeneradora<\/h2>\n\n\n\n<figure class=\"wp-block-image size-large\"><img decoding=\"async\" src=\"\/blog\/wp-content\/uploads\/2020\/01\/image_incendios.jpg\" alt=\"Bosque de las cruces\" class=\"wp-image-18666\"\/><\/figure>\n\n\n\n<p>El bosc de les creus se enmarca dentro de estilo art\u00edstico conocido como <em>land art<\/em> (arte de la tierra). Una expresi\u00f3n creada a finales de 1960 por el americano Robert Smithson \u2013autor de <em>Spiral Jetty<\/em> (1970)\u2013 con la intenci\u00f3n de utilizar el paisaje natural y su materia como base de sus creaciones.<\/p>\n\n\n\n<p>La corriente, que tuvo gran aceptaci\u00f3n en Estados Unidos y Reino Unido, pretend\u00eda sacar el arte de los museos y llevarlo al aire libre. Por este motivo, la mayor\u00eda de las creaciones son temporales, pues se dejan a la merced de la lluvia, el viento o la erosi\u00f3n. Otra de sus caracter\u00edsticas es que cuenta con un fuerte componente de <strong>reivindicaci\u00f3n ecol\u00f3gica<\/strong> y, generalmente, los materiales que se utilizan provienen de la misma naturaleza: madera, hojas, ramas, etc.<\/p>\n\n\n\n<p>En Espa\u00f1a, debido a la dictadura franquista, la corriente lleg\u00f3 algo m\u00e1s tarde, aunque hubo algunos trabajos clandestinos.<\/p>\n\n\n\n<p>Marc Sellar\u00e8s cre\u00f3 una r\u00e9plica de sus cruces en C\u00f3rcega y en California. En los parques de Yosemite y Secuoya Park, donde tambi\u00e9n hay tierras devastadas por los incendios.<\/p>\n\n\n\n<figure class=\"wp-block-image size-large\"><img decoding=\"async\" src=\"\/blog\/wp-content\/uploads\/2020\/01\/IMG_7992-768x512-1.jpg\" alt=\"Bosque de cruces\" class=\"wp-image-18672\"\/><figcaption>Por Caroline Dalpr\u00e1\n<\/figcaption><\/figure>\n\n\n\n<p>Seg\u00fan el artista, \u201cme gusta utilizar el <strong>arte para denunciar<\/strong>, para concienciar, para tratar un tema del que no se habla y yo quiero que se hable. Me gustar\u00eda cambiar determinadas cosas de nuestro mundo y nuestra sociedad; y creo que poni\u00e9ndole un nombre y haci\u00e9ndolo p\u00fablico a trav\u00e9s del arte puede ayudar\u201d.<\/p>\n\n\n\n<p>En 2017, este licenciado en Bellas Artes quiso despertar la conciencia de su pa\u00eds vecino. En una de las monta\u00f1as que rodean el centro de Andorra, Sellar\u00e8s cre\u00f3 con 400 metros de tela la imagen de dos ni\u00f1os refugiados en tres dimensiones. Una intervenci\u00f3n que, seg\u00fan \u00e9l, tuvo muy buena aceptaci\u00f3n.<\/p>\n\n\n\n<p>Su \u00faltimo trabajo lo est\u00e1 desarrollando en Flix, en un bosque que se calcin\u00f3 en verano de 2019. El proyecto se basa en la creaci\u00f3n de un <strong>banco de tierras<\/strong> abandonadas por los agricultores y que se ponen a disposici\u00f3n de aquellos ciudadanos que quieran trabajarlos. Con ello se mantienen los campos limpios y se ayuda a evitar los incendios forestales. Tambi\u00e9n est\u00e1 enfocado a combatir el despoblamiento rural. Seg\u00fan Sellar\u00e8s, \u201chaces que la gente vuelva a los pueblos y coja una relaci\u00f3n con esos territorios\u201d.<\/p>\n\n\n\n<figure class=\"wp-block-image size-large\"><img decoding=\"async\" src=\"\/blog\/wp-content\/uploads\/2020\/01\/bosque-cruces.jpg\" alt=\"Bosque de cruces\" class=\"wp-image-18667\"\/><figcaption>Por Caroline Dalpr\u00e1\n<\/figcaption><\/figure>\n\n\n\n<p>Al igual que en <em>El bosc de les creus<\/em>, en los campos de Flix tambi\u00e9n hay arte. \u201cDetr\u00e1s de las tierras que nos han cedido los agricultores hemos hecho unas peque\u00f1as intervenciones en unos \u00e1rboles que se quemaron. Aunque, en vez de hacer cruces como s\u00edmbolo de tristeza y de dolor, son unos asteriscos, el s\u00edmbolo de una estrella\u201d, explica. Simboliza la oportunidad de <strong>reutilizar los campos quemados<\/strong>. \u201cCreo que los artistas tenemos la obligaci\u00f3n de colaborar y trabajar para cambiar las cosas\u201d, dice.<\/p>\n\n\n\n<p>Marc Sellar\u00e8s no es el \u00fanico artista espa\u00f1ol que ha querido rendir homenaje a la naturaleza calcinada. En Le\u00f3n, junto al t\u00fanel de la A-6 y de la N-VI en <a href=\"https:\/\/www.escapadarural.com\/casas-rurales?q=Villafranca%20del%20Bierzo\" target=\"_blank\" rel=\"noopener noreferrer\">Villafranca del Bierzo<\/a>, estaba hasta hace poco <strong><em>El bosque azul<\/em><\/strong>, una intervenci\u00f3n art\u00edstica de Raquel Montero.<\/p>\n\n\n\n<h2 class=\"title-rute wp-block-heading\">El bosque azul<\/h2>\n\n\n\n<figure class=\"wp-block-image size-large\"><img decoding=\"async\" src=\"\/blog\/wp-content\/uploads\/2020\/01\/elbosqueazul-1024x720.jpg\" alt=\"\" class=\"wp-image-18665\"\/><figcaption>El bosque azul. Por Raquel Montero\n\n<\/figcaption><\/figure>\n\n\n\n<p>En el caso de Barcelona, el incendio fue casual. Fue provocado por la chispa de una trituradora de paja. En Villafranca del Bierzo, el incendi\u00f3 que asol\u00f3 la zona en 2015 \u201cfue intencionado, porque hubo varios incendios en la zona\u201d, explica Montero.<\/p>\n\n\n\n<p>Un a\u00f1o despu\u00e9s de la cat\u00e1strofe, la artista berciana quiso denunciar \u201cque la gente sea capaz de quemar algo que es de todos\u201d. En el terreno afectado pint\u00f3 lo que quedaba de bosque de azul. \u201cLa idea tambi\u00e9n era sensibilizar a la gente de lo terrible que son los incendios\u201d, dice.<\/p>\n\n\n\n<p><strong>El bosque azul<\/strong>, que ya no est\u00e1 disponible debido a las lluvias y el viento, fue todo un \u00e9xito. \u201cQued\u00e9 muy satisfecha con el resultado, fue maravilloso. Los coches y los peregrinos paraban para sacar fotos, la gente ven\u00eda a pasear y hasta hab\u00eda parejas de reci\u00e9n casados que se acercaban a tomarse alguna foto de boda\u201d, comenta con alegr\u00eda.<\/p>\n\n\n\n<figure class=\"wp-block-image size-large\"><img decoding=\"async\" src=\"\/blog\/wp-content\/uploads\/2020\/01\/elbosqueazul2-1024x667.jpg\" alt=\"El bosque azul\" class=\"wp-image-18664\"\/><figcaption>El bosque azul. Por Raquel Montero\n\n<\/figcaption><\/figure>\n\n\n\n<p>Raquel Montero tard\u00f3 dos semanas en te\u00f1ir <em>El bosque azul<\/em>. Para ello cont\u00f3 con la ayuda de dos pintores con pistolas de compresi\u00f3n y con la colaboraci\u00f3n del Museo de <a href=\"https:\/\/cacabelos.org\/marca\/\" target=\"_blank\">Cacabelos<\/a>. \u201cGracias al museo y, sobre todo, a su directora Silvia Blanco, pude realizar la obra\u201d, concluye. En su p\u00e1gina web se pueden ver m\u00e1s proyectos de la artista.<\/p>\n\n\n\n<h2 class=\"title-rute wp-block-heading\">Los incendios forestales en Espa\u00f1a<\/h2>\n\n\n\n<p>En 2019, en Espa\u00f1a hubo&nbsp;<strong>m\u00e1s de 10.800 incendios y conatos<\/strong>&nbsp;(inicio de un fuego que no llega a desarrollarse) que han arrasado con&nbsp;<strong>m\u00e1s de 83.900 hect\u00e1reas<\/strong>&nbsp;\u2013como Madrid y Huesca juntos, aproximadamente\u2013, seg\u00fan los datos publicados por el&nbsp;Ministerio de Agricultura, Pesca, Alimentaci\u00f3n y Medio Ambiente del Gobierno de Espa\u00f1a.<\/p>\n\n\n\n<p>El 2018 fue el menos incendiario de la d\u00e9cada, con 7.082 incendios. Las&nbsp;<strong>Comunidades Aut\u00f3nomas que m\u00e1s incendios y conatos registraron<\/strong>&nbsp;son Galicia y Asturias; seguidas de las provincias de Zamora y Le\u00f3n.<\/p>\n\n\n\n<p>Infograf\u00eda realizada por Blanca Bocos<\/p>\n\n\n\n<p>Seg\u00fan el bombero Marc Sellar\u00e8s, \u201cel bosque est\u00e1 condenado a quemar. Las pol\u00edticas forestales que se hacen son nefastas y provocan que cada vez los incendios sean m\u00e1s grandes. Se destina dinero a extinguir incendios, no a evitarlos. Eso har\u00e1 que los incendios cada vez sean m\u00e1s grandes\u201d.\u201cEl 96% de los incendios en Espa\u00f1a son causados por el ser humano\u201d<\/p>\n\n\n\n<p>Las competencias de la protecci\u00f3n civil y la gesti\u00f3n forestal es de las Comunidades Aut\u00f3nomas, que se sirven de la ayuda de los medios de extinci\u00f3n estatales, de otras administraciones y, en el caso que fuera necesario, de la ayuda internacional.<\/p>\n\n\n\n<p>Seg\u00fan&nbsp;WWF Espa\u00f1a, el 96% de los incendios en Espa\u00f1a son causados por el ser humano. Bien por negligencias y causas accidentales o de forma intencionada.<\/p>\n\n\n\n<p>Un&nbsp;estudio elaborado por el Gobierno de Espa\u00f1a&nbsp;en 2017, constata que la causa m\u00e1s com\u00fan de un incendio (33,95%) tiene que ver con el empleo del fuego en pr\u00e1cticas agr\u00edcolas; seguida de otros motivos como la eliminaci\u00f3n de basuras y restos, trabajos forestales, el uso l\u00fadico del monte, las actividades militares, la caza, el empleo del fuego para el control de la fauna o las l\u00edneas el\u00e9ctricas, entre otros.<\/p>\n\n\n\n<p>Para prevenir este tipo de accidentes, el Ministerio de Interior ha publicado en su web una serie de&nbsp;<strong>consejos y de medidas de prevenci\u00f3n y autoprotecci\u00f3n<\/strong>&nbsp;para evitar y reaccionar correctamente ante un incendio forestal.<\/p>\n\n\n\n<figure class=\"wp-block-image size-large\"><img decoding=\"async\" src=\"\/blog\/wp-content\/uploads\/2020\/01\/incendios-espan\u0303a-03-1024x768.jpg\" alt=\"\" class=\"wp-image-18663\"\/><\/figure>\n\n\n\n<h2 class=\"title-rute wp-block-heading\">Consejos para evitar un incendio forestal<\/h2>\n\n\n\n<h3 class=\"wp-block-heading\">Medidas de prevenci\u00f3n<\/h3>\n\n\n\n<ul class=\"wp-block-list\"><li><strong>No quemar rastrojos sin obtener la autorizaci\u00f3n<\/strong>&nbsp;necesaria concedida por parte de los Servicios de Montes u el organismo del Medio Natural de la Comunidad Aut\u00f3noma correspondiente.<\/li><li>Cuidar la maquinaria que se vaya a utilizar para evitar que suelte&nbsp;<strong>chispas o descargas el\u00e9ctricas<\/strong>.<\/li><li>Tambi\u00e9n hay que tener&nbsp;<strong>cuidado con los coches<\/strong>. Intenta aparcar en zona asfaltada \u2013si hay parking mejor\u2013 pues los tubos de escape si entran en contacto con matorrales secos pueden provocar un incendio.<\/li><li><strong>No crear fuegos<\/strong>. En general, est\u00e1 prohibido hacer fuego en cualquier zona forestal. Solo es posible hacerlo en zonas espec\u00edficas que marque cada Comunidad Aut\u00f3noma y en determinadas \u00e9pocas del a\u00f1o, seg\u00fan las condiciones meteorol\u00f3gicas.<\/li><li>En zonas autorizadas para hacer barbacoas, como \u00e1reas recreativas, hay que tener mucho cuidado con que, al finalizar, el fuego quede&nbsp;<strong>bien apagado<\/strong>.<\/li><li>Apagar bien las&nbsp;<strong>cerillas y cigarros<\/strong>. Nunca tirarlos en el monte y, mucho menos, desde la ventanilla del coche.<\/li><li>No abandonar&nbsp;<strong>residuos<\/strong>&nbsp;en el campo: botellas, cristales o basuras.<\/li><li>Si vives en una casa de campo, aseg\u00farate de que los caminos y terrenos est\u00e9n&nbsp;<strong>limpios de hierbas<\/strong>&nbsp;que puedan ser inflamables.<\/li><\/ul>\n\n\n\n<p>Adem\u00e1s de seguir los consejos de prevenci\u00f3n, tambi\u00e9n es importante seguir las&nbsp;<strong>medidas de autoprotecci\u00f3n<\/strong>&nbsp;por si, en el peor de los casos, te encuentras rodeado por el fuego.<\/p>\n\n\n\n<h3 class=\"wp-block-heading\">Medidas de autoprotecci\u00f3n<\/h3>\n\n\n\n<ul class=\"wp-block-list\"><li>El primer consejo que se da desde la web del Ministerio del Interior es que, ante cualquier indicio de fuego, llamemos al&nbsp;<strong>112<\/strong>.<\/li><li>En el caso de que sea muy peque\u00f1o, podemos intentar apagarlo nosotros mismos ech\u00e1ndole&nbsp;<strong>agua o tierra<\/strong>.<\/li><li>Si es de mayor envergadura, hay que intentar no inhalar el humo. Para ello lo m\u00e1s recomendable es&nbsp;<strong>utilizar un pa\u00f1o mojado<\/strong>&nbsp;que debemos colocarlo justo donde la nariz.<\/li><li>Si nos quemamos, no hay que retirar la ropa adherida al cuerpo.&nbsp;<strong>\u00c9chate en el suelo<\/strong>&nbsp;para que no siga ardiendo.<\/li><li>En el caso de estar en la monta\u00f1a, hay que intentar&nbsp;<strong>descender<\/strong>. Las llamas tienen tendencia a ir hacia arriba, como si se tratase de una chimenea.<\/li><li>Si hay opci\u00f3n, puedes colocarte en una de las zonas ya quemadas de&nbsp;<strong>espaldas al viento<\/strong>.<\/li><\/ul>\n\n\n\n<p>Para poder evitar los incendios, es muy importante estar concienciados. Como hemos comentado anteriormente, la mayor parte de los incendios se deben a negligencias que se podr\u00edan evitar.<\/p>\n","protected":false},"excerpt":{"rendered":"<p>Marc es el responsable de El bosc de les creus (El bosque de las cruces), una obra ef\u00edmera realizada tras el incendio que asol\u00f3 a las comarcas de Anoia y Bages (Barcelona) en 2015. Tras las llamas, las p\u00e9rdidas; Y sobre el terreno: 1.293 cruces. Una por cada hect\u00e1rea quemada.<\/p>\n","protected":false},"author":89,"featured_media":184104,"comment_status":"open","ping_status":"closed","sticky":false,"template":"","format":"standard","meta":{"_acf_changed":false,"om_disable_all_campaigns":false,"footnotes":""},"categories":[191],"tags":[1717,211,3069,5994,590,331,440,3070,1416,3071,3072,1130,1258],"class_list":["post-12595","post","type-post","status-publish","format-standard","has-post-thumbnail","hentry","category-destinos","tag-arte","tag-que-ver-en-barcelona","tag-bosc-de-les-creus","tag-que-ver-en-cataluna","tag-el-bierzo","tag-espana","tag-historias-y-curiosidades","tag-incendios","tag-longform","tag-marc-sellares","tag-multimedia","tag-video","tag-videos"],"acf":[],"featured_image_src":"https:\/\/www.escapadarural.com\/blog\/wp-content\/uploads\/2021\/01\/bosque-cruces.jpg","author_info":{"display_name":"Laura Fern\u00e1ndez","author_link":"https:\/\/www.escapadarural.com\/blog\/autor\/laura\/"},"yoast_head":"<!-- This site is optimized with the Yoast SEO plugin v27.5 - https:\/\/yoast.com\/product\/yoast-seo-wordpress\/ -->\n<title>Un bosque calcinado con 1.293 cruces - EscapadaRural<\/title>\n<meta name=\"robots\" content=\"index, follow, max-snippet:-1, max-image-preview:large, max-video-preview:-1\" \/>\n<link rel=\"canonical\" href=\"https:\/\/www.escapadarural.com\/blog\/bosque-de-cruces\/\" \/>\n<meta property=\"og:locale\" content=\"es_ES\" \/>\n<meta property=\"og:type\" content=\"article\" \/>\n<meta property=\"og:title\" content=\"Un bosque calcinado con 1.293 cruces - EscapadaRural\" \/>\n<meta property=\"og:description\" content=\"Marc es el responsable de El bosc de les creus (El bosque de las cruces), una obra ef\u00edmera realizada tras el incendio que asol\u00f3 a las comarcas de Anoia y Bages (Barcelona) en 2015. Tras las llamas, las p\u00e9rdidas; Y sobre el terreno: 1.293 cruces. Una por cada hect\u00e1rea quemada.\" \/>\n<meta property=\"og:url\" content=\"https:\/\/www.escapadarural.com\/blog\/bosque-de-cruces\/\" \/>\n<meta property=\"og:site_name\" content=\"Magazine de viajes de EscapadaRural\" \/>\n<meta property=\"article:publisher\" content=\"https:\/\/www.facebook.com\/escapadarural\" \/>\n<meta property=\"article:published_time\" content=\"2021-01-20T07:15:00+00:00\" \/>\n<meta property=\"article:modified_time\" content=\"2025-01-15T13:00:49+00:00\" \/>\n<meta property=\"og:image\" content=\"https:\/\/www.escapadarural.com\/blog\/wp-content\/uploads\/2021\/01\/bosque-cruces.jpg\" \/>\n\t<meta property=\"og:image:width\" content=\"1024\" \/>\n\t<meta property=\"og:image:height\" content=\"682\" \/>\n\t<meta property=\"og:image:type\" content=\"image\/jpeg\" \/>\n<meta name=\"author\" content=\"Laura Fern\u00e1ndez\" \/>\n<meta name=\"twitter:card\" content=\"summary_large_image\" \/>\n<meta name=\"twitter:label1\" content=\"Escrito por\" \/>\n\t<meta name=\"twitter:data1\" content=\"Laura Fern\u00e1ndez\" \/>\n\t<meta name=\"twitter:label2\" content=\"Tiempo de lectura\" \/>\n\t<meta name=\"twitter:data2\" content=\"10 minutos\" \/>\n<script type=\"application\/ld+json\" class=\"yoast-schema-graph\">{\"@context\":\"https:\\\/\\\/schema.org\",\"@graph\":[{\"@type\":\"Article\",\"@id\":\"https:\\\/\\\/www.escapadarural.com\\\/blog\\\/bosque-de-cruces\\\/#article\",\"isPartOf\":{\"@id\":\"https:\\\/\\\/www.escapadarural.com\\\/blog\\\/bosque-de-cruces\\\/\"},\"author\":{\"name\":\"Laura Fern\u00e1ndez\",\"@id\":\"https:\\\/\\\/www.escapadarural.com\\\/blog\\\/#\\\/schema\\\/person\\\/a9b46ae4d047d8a2c719f31e75206cff\"},\"headline\":\"Un bosque calcinado con 1.293 cruces\",\"datePublished\":\"2021-01-20T07:15:00+00:00\",\"dateModified\":\"2025-01-15T13:00:49+00:00\",\"mainEntityOfPage\":{\"@id\":\"https:\\\/\\\/www.escapadarural.com\\\/blog\\\/bosque-de-cruces\\\/\"},\"wordCount\":1981,\"commentCount\":1,\"publisher\":{\"@id\":\"https:\\\/\\\/www.escapadarural.com\\\/blog\\\/#organization\"},\"image\":{\"@id\":\"https:\\\/\\\/www.escapadarural.com\\\/blog\\\/bosque-de-cruces\\\/#primaryimage\"},\"thumbnailUrl\":\"https:\\\/\\\/www.escapadarural.com\\\/blog\\\/wp-content\\\/uploads\\\/2021\\\/01\\\/bosque-cruces.jpg\",\"keywords\":[\"arte\",\"Barcelona\",\"Bosc de les Creus\",\"Catalu\u00f1a\",\"El Bierzo\",\"Espa\u00f1a\",\"Historias y Curiosidades\",\"incendios\",\"longform\",\"Marc Sellar\u00e8s\",\"multimedia\",\"v\u00eddeo\",\"V\u00eddeos sobre el mundo rural\"],\"articleSection\":[\"Destinos\"],\"inLanguage\":\"es\",\"potentialAction\":[{\"@type\":\"CommentAction\",\"name\":\"Comment\",\"target\":[\"https:\\\/\\\/www.escapadarural.com\\\/blog\\\/bosque-de-cruces\\\/#respond\"]}]},{\"@type\":\"WebPage\",\"@id\":\"https:\\\/\\\/www.escapadarural.com\\\/blog\\\/bosque-de-cruces\\\/\",\"url\":\"https:\\\/\\\/www.escapadarural.com\\\/blog\\\/bosque-de-cruces\\\/\",\"name\":\"Un bosque calcinado con 1.293 cruces - EscapadaRural\",\"isPartOf\":{\"@id\":\"https:\\\/\\\/www.escapadarural.com\\\/blog\\\/#website\"},\"primaryImageOfPage\":{\"@id\":\"https:\\\/\\\/www.escapadarural.com\\\/blog\\\/bosque-de-cruces\\\/#primaryimage\"},\"image\":{\"@id\":\"https:\\\/\\\/www.escapadarural.com\\\/blog\\\/bosque-de-cruces\\\/#primaryimage\"},\"thumbnailUrl\":\"https:\\\/\\\/www.escapadarural.com\\\/blog\\\/wp-content\\\/uploads\\\/2021\\\/01\\\/bosque-cruces.jpg\",\"datePublished\":\"2021-01-20T07:15:00+00:00\",\"dateModified\":\"2025-01-15T13:00:49+00:00\",\"breadcrumb\":{\"@id\":\"https:\\\/\\\/www.escapadarural.com\\\/blog\\\/bosque-de-cruces\\\/#breadcrumb\"},\"inLanguage\":\"es\",\"potentialAction\":[{\"@type\":\"ReadAction\",\"target\":[\"https:\\\/\\\/www.escapadarural.com\\\/blog\\\/bosque-de-cruces\\\/\"]}]},{\"@type\":\"ImageObject\",\"inLanguage\":\"es\",\"@id\":\"https:\\\/\\\/www.escapadarural.com\\\/blog\\\/bosque-de-cruces\\\/#primaryimage\",\"url\":\"https:\\\/\\\/www.escapadarural.com\\\/blog\\\/wp-content\\\/uploads\\\/2021\\\/01\\\/bosque-cruces.jpg\",\"contentUrl\":\"https:\\\/\\\/www.escapadarural.com\\\/blog\\\/wp-content\\\/uploads\\\/2021\\\/01\\\/bosque-cruces.jpg\",\"width\":1024,\"height\":682,\"caption\":\"Bosque de las cruces, Barcelona.\"},{\"@type\":\"BreadcrumbList\",\"@id\":\"https:\\\/\\\/www.escapadarural.com\\\/blog\\\/bosque-de-cruces\\\/#breadcrumb\",\"itemListElement\":[{\"@type\":\"ListItem\",\"position\":1,\"name\":\"Inicio\",\"item\":\"https:\\\/\\\/www.escapadarural.com\\\/blog\\\/\"},{\"@type\":\"ListItem\",\"position\":2,\"name\":\"Destinos\",\"item\":\"https:\\\/\\\/www.escapadarural.com\\\/blog\\\/categoria\\\/destinos\\\/\"},{\"@type\":\"ListItem\",\"position\":3,\"name\":\"Un bosque calcinado con 1.293 cruces\"}]},{\"@type\":\"WebSite\",\"@id\":\"https:\\\/\\\/www.escapadarural.com\\\/blog\\\/#website\",\"url\":\"https:\\\/\\\/www.escapadarural.com\\\/blog\\\/\",\"name\":\"Blog de viajes | turismo rural, alojamientos e inspiraci\u00f3n\",\"description\":\"Alojamientos rurales e inspiraci\u00f3n para tus escapadas\",\"publisher\":{\"@id\":\"https:\\\/\\\/www.escapadarural.com\\\/blog\\\/#organization\"},\"alternateName\":\"Magazine de viajes de EscapadaRural\",\"potentialAction\":[{\"@type\":\"SearchAction\",\"target\":{\"@type\":\"EntryPoint\",\"urlTemplate\":\"https:\\\/\\\/www.escapadarural.com\\\/blog\\\/?s={search_term_string}\"},\"query-input\":{\"@type\":\"PropertyValueSpecification\",\"valueRequired\":true,\"valueName\":\"search_term_string\"}}],\"inLanguage\":\"es\"},{\"@type\":\"Organization\",\"@id\":\"https:\\\/\\\/www.escapadarural.com\\\/blog\\\/#organization\",\"name\":\"EscapadaRural\",\"url\":\"https:\\\/\\\/www.escapadarural.com\\\/blog\\\/\",\"logo\":{\"@type\":\"ImageObject\",\"inLanguage\":\"es\",\"@id\":\"https:\\\/\\\/www.escapadarural.com\\\/blog\\\/#\\\/schema\\\/logo\\\/image\\\/\",\"url\":\"https:\\\/\\\/www.escapadarural.com\\\/blog\\\/wp-content\\\/uploads\\\/2024\\\/10\\\/cropped-cropped-escapada-rural-icon-mag-3.png\",\"contentUrl\":\"https:\\\/\\\/www.escapadarural.com\\\/blog\\\/wp-content\\\/uploads\\\/2024\\\/10\\\/cropped-cropped-escapada-rural-icon-mag-3.png\",\"width\":512,\"height\":512,\"caption\":\"EscapadaRural\"},\"image\":{\"@id\":\"https:\\\/\\\/www.escapadarural.com\\\/blog\\\/#\\\/schema\\\/logo\\\/image\\\/\"},\"sameAs\":[\"https:\\\/\\\/www.facebook.com\\\/escapadarural\",\"https:\\\/\\\/www.instagram.com\\\/escapadarural\\\/\",\"https:\\\/\\\/www.youtube.com\\\/@escapadaruralcom\"]},{\"@type\":\"Person\",\"@id\":\"https:\\\/\\\/www.escapadarural.com\\\/blog\\\/#\\\/schema\\\/person\\\/a9b46ae4d047d8a2c719f31e75206cff\",\"name\":\"Laura Fern\u00e1ndez\",\"image\":{\"@type\":\"ImageObject\",\"inLanguage\":\"es\",\"@id\":\"https:\\\/\\\/www.escapadarural.com\\\/blog\\\/wp-content\\\/uploads\\\/2025\\\/01\\\/cropped-laura_raponchii-96x96.jpg\",\"url\":\"https:\\\/\\\/www.escapadarural.com\\\/blog\\\/wp-content\\\/uploads\\\/2025\\\/01\\\/cropped-laura_raponchii-96x96.jpg\",\"contentUrl\":\"https:\\\/\\\/www.escapadarural.com\\\/blog\\\/wp-content\\\/uploads\\\/2025\\\/01\\\/cropped-laura_raponchii-96x96.jpg\",\"caption\":\"Laura Fern\u00e1ndez\"},\"description\":\"Periodista, blogger y viajera. No necesariamente en ese orden. En ocasiones me despierto sin saber d\u00f3nde estoy. Adicta a los c\u00f3mics y a los noodles con salsa de cacahuete. Redactora en @escapadarural, colaboradora en la Conde Nast Traveler y en la Divinity. Mi casa: Meridiano180.\",\"sameAs\":[\"http:\\\/\\\/www.meridiano180.com\\\/\"],\"url\":\"https:\\\/\\\/www.escapadarural.com\\\/blog\\\/autor\\\/laura\\\/\"}]}<\/script>\n<!-- \/ Yoast SEO plugin. -->","yoast_head_json":{"title":"Un bosque calcinado con 1.293 cruces - EscapadaRural","robots":{"index":"index","follow":"follow","max-snippet":"max-snippet:-1","max-image-preview":"max-image-preview:large","max-video-preview":"max-video-preview:-1"},"canonical":"https:\/\/www.escapadarural.com\/blog\/bosque-de-cruces\/","og_locale":"es_ES","og_type":"article","og_title":"Un bosque calcinado con 1.293 cruces - EscapadaRural","og_description":"Marc es el responsable de El bosc de les creus (El bosque de las cruces), una obra ef\u00edmera realizada tras el incendio que asol\u00f3 a las comarcas de Anoia y Bages (Barcelona) en 2015. Tras las llamas, las p\u00e9rdidas; Y sobre el terreno: 1.293 cruces. Una por cada hect\u00e1rea quemada.","og_url":"https:\/\/www.escapadarural.com\/blog\/bosque-de-cruces\/","og_site_name":"Magazine de viajes de EscapadaRural","article_publisher":"https:\/\/www.facebook.com\/escapadarural","article_published_time":"2021-01-20T07:15:00+00:00","article_modified_time":"2025-01-15T13:00:49+00:00","og_image":[{"width":1024,"height":682,"url":"https:\/\/www.escapadarural.com\/blog\/wp-content\/uploads\/2021\/01\/bosque-cruces.jpg","type":"image\/jpeg"}],"author":"Laura Fern\u00e1ndez","twitter_card":"summary_large_image","twitter_misc":{"Escrito por":"Laura Fern\u00e1ndez","Tiempo de lectura":"10 minutos"},"schema":{"@context":"https:\/\/schema.org","@graph":[{"@type":"Article","@id":"https:\/\/www.escapadarural.com\/blog\/bosque-de-cruces\/#article","isPartOf":{"@id":"https:\/\/www.escapadarural.com\/blog\/bosque-de-cruces\/"},"author":{"name":"Laura Fern\u00e1ndez","@id":"https:\/\/www.escapadarural.com\/blog\/#\/schema\/person\/a9b46ae4d047d8a2c719f31e75206cff"},"headline":"Un bosque calcinado con 1.293 cruces","datePublished":"2021-01-20T07:15:00+00:00","dateModified":"2025-01-15T13:00:49+00:00","mainEntityOfPage":{"@id":"https:\/\/www.escapadarural.com\/blog\/bosque-de-cruces\/"},"wordCount":1981,"commentCount":1,"publisher":{"@id":"https:\/\/www.escapadarural.com\/blog\/#organization"},"image":{"@id":"https:\/\/www.escapadarural.com\/blog\/bosque-de-cruces\/#primaryimage"},"thumbnailUrl":"https:\/\/www.escapadarural.com\/blog\/wp-content\/uploads\/2021\/01\/bosque-cruces.jpg","keywords":["arte","Barcelona","Bosc de les Creus","Catalu\u00f1a","El Bierzo","Espa\u00f1a","Historias y Curiosidades","incendios","longform","Marc Sellar\u00e8s","multimedia","v\u00eddeo","V\u00eddeos sobre el mundo rural"],"articleSection":["Destinos"],"inLanguage":"es","potentialAction":[{"@type":"CommentAction","name":"Comment","target":["https:\/\/www.escapadarural.com\/blog\/bosque-de-cruces\/#respond"]}]},{"@type":"WebPage","@id":"https:\/\/www.escapadarural.com\/blog\/bosque-de-cruces\/","url":"https:\/\/www.escapadarural.com\/blog\/bosque-de-cruces\/","name":"Un bosque calcinado con 1.293 cruces - EscapadaRural","isPartOf":{"@id":"https:\/\/www.escapadarural.com\/blog\/#website"},"primaryImageOfPage":{"@id":"https:\/\/www.escapadarural.com\/blog\/bosque-de-cruces\/#primaryimage"},"image":{"@id":"https:\/\/www.escapadarural.com\/blog\/bosque-de-cruces\/#primaryimage"},"thumbnailUrl":"https:\/\/www.escapadarural.com\/blog\/wp-content\/uploads\/2021\/01\/bosque-cruces.jpg","datePublished":"2021-01-20T07:15:00+00:00","dateModified":"2025-01-15T13:00:49+00:00","breadcrumb":{"@id":"https:\/\/www.escapadarural.com\/blog\/bosque-de-cruces\/#breadcrumb"},"inLanguage":"es","potentialAction":[{"@type":"ReadAction","target":["https:\/\/www.escapadarural.com\/blog\/bosque-de-cruces\/"]}]},{"@type":"ImageObject","inLanguage":"es","@id":"https:\/\/www.escapadarural.com\/blog\/bosque-de-cruces\/#primaryimage","url":"https:\/\/www.escapadarural.com\/blog\/wp-content\/uploads\/2021\/01\/bosque-cruces.jpg","contentUrl":"https:\/\/www.escapadarural.com\/blog\/wp-content\/uploads\/2021\/01\/bosque-cruces.jpg","width":1024,"height":682,"caption":"Bosque de las cruces, Barcelona."},{"@type":"BreadcrumbList","@id":"https:\/\/www.escapadarural.com\/blog\/bosque-de-cruces\/#breadcrumb","itemListElement":[{"@type":"ListItem","position":1,"name":"Inicio","item":"https:\/\/www.escapadarural.com\/blog\/"},{"@type":"ListItem","position":2,"name":"Destinos","item":"https:\/\/www.escapadarural.com\/blog\/categoria\/destinos\/"},{"@type":"ListItem","position":3,"name":"Un bosque calcinado con 1.293 cruces"}]},{"@type":"WebSite","@id":"https:\/\/www.escapadarural.com\/blog\/#website","url":"https:\/\/www.escapadarural.com\/blog\/","name":"Blog de viajes | turismo rural, alojamientos e inspiraci\u00f3n","description":"Alojamientos rurales e inspiraci\u00f3n para tus escapadas","publisher":{"@id":"https:\/\/www.escapadarural.com\/blog\/#organization"},"alternateName":"Magazine de viajes de EscapadaRural","potentialAction":[{"@type":"SearchAction","target":{"@type":"EntryPoint","urlTemplate":"https:\/\/www.escapadarural.com\/blog\/?s={search_term_string}"},"query-input":{"@type":"PropertyValueSpecification","valueRequired":true,"valueName":"search_term_string"}}],"inLanguage":"es"},{"@type":"Organization","@id":"https:\/\/www.escapadarural.com\/blog\/#organization","name":"EscapadaRural","url":"https:\/\/www.escapadarural.com\/blog\/","logo":{"@type":"ImageObject","inLanguage":"es","@id":"https:\/\/www.escapadarural.com\/blog\/#\/schema\/logo\/image\/","url":"https:\/\/www.escapadarural.com\/blog\/wp-content\/uploads\/2024\/10\/cropped-cropped-escapada-rural-icon-mag-3.png","contentUrl":"https:\/\/www.escapadarural.com\/blog\/wp-content\/uploads\/2024\/10\/cropped-cropped-escapada-rural-icon-mag-3.png","width":512,"height":512,"caption":"EscapadaRural"},"image":{"@id":"https:\/\/www.escapadarural.com\/blog\/#\/schema\/logo\/image\/"},"sameAs":["https:\/\/www.facebook.com\/escapadarural","https:\/\/www.instagram.com\/escapadarural\/","https:\/\/www.youtube.com\/@escapadaruralcom"]},{"@type":"Person","@id":"https:\/\/www.escapadarural.com\/blog\/#\/schema\/person\/a9b46ae4d047d8a2c719f31e75206cff","name":"Laura Fern\u00e1ndez","image":{"@type":"ImageObject","inLanguage":"es","@id":"https:\/\/www.escapadarural.com\/blog\/wp-content\/uploads\/2025\/01\/cropped-laura_raponchii-96x96.jpg","url":"https:\/\/www.escapadarural.com\/blog\/wp-content\/uploads\/2025\/01\/cropped-laura_raponchii-96x96.jpg","contentUrl":"https:\/\/www.escapadarural.com\/blog\/wp-content\/uploads\/2025\/01\/cropped-laura_raponchii-96x96.jpg","caption":"Laura Fern\u00e1ndez"},"description":"Periodista, blogger y viajera. No necesariamente en ese orden. En ocasiones me despierto sin saber d\u00f3nde estoy. Adicta a los c\u00f3mics y a los noodles con salsa de cacahuete. Redactora en @escapadarural, colaboradora en la Conde Nast Traveler y en la Divinity. Mi casa: Meridiano180.","sameAs":["http:\/\/www.meridiano180.com\/"],"url":"https:\/\/www.escapadarural.com\/blog\/autor\/laura\/"}]}},"_links":{"self":[{"href":"https:\/\/www.escapadarural.com\/blog\/wp-json\/wp\/v2\/posts\/12595","targetHints":{"allow":["GET"]}}],"collection":[{"href":"https:\/\/www.escapadarural.com\/blog\/wp-json\/wp\/v2\/posts"}],"about":[{"href":"https:\/\/www.escapadarural.com\/blog\/wp-json\/wp\/v2\/types\/post"}],"author":[{"embeddable":true,"href":"https:\/\/www.escapadarural.com\/blog\/wp-json\/wp\/v2\/users\/89"}],"replies":[{"embeddable":true,"href":"https:\/\/www.escapadarural.com\/blog\/wp-json\/wp\/v2\/comments?post=12595"}],"version-history":[{"count":0,"href":"https:\/\/www.escapadarural.com\/blog\/wp-json\/wp\/v2\/posts\/12595\/revisions"}],"wp:featuredmedia":[{"embeddable":true,"href":"https:\/\/www.escapadarural.com\/blog\/wp-json\/wp\/v2\/media\/184104"}],"wp:attachment":[{"href":"https:\/\/www.escapadarural.com\/blog\/wp-json\/wp\/v2\/media?parent=12595"}],"wp:term":[{"taxonomy":"category","embeddable":true,"href":"https:\/\/www.escapadarural.com\/blog\/wp-json\/wp\/v2\/categories?post=12595"},{"taxonomy":"post_tag","embeddable":true,"href":"https:\/\/www.escapadarural.com\/blog\/wp-json\/wp\/v2\/tags?post=12595"}],"curies":[{"name":"wp","href":"https:\/\/api.w.org\/{rel}","templated":true}]}}