{"id":12669,"date":"2020-04-15T09:15:40","date_gmt":"2020-04-15T08:15:40","guid":{"rendered":"http:\/\/15.188.81.248\/2020\/04\/15\/grandes-museos-en-pequenos-pueblos\/"},"modified":"2025-07-25T14:38:38","modified_gmt":"2025-07-25T12:38:38","slug":"grandes-museos-en-pequenos-pueblos","status":"publish","type":"post","link":"https:\/\/www.escapadarural.com\/blog\/grandes-museos-en-pequenos-pueblos\/","title":{"rendered":"Grandes museos en peque\u00f1os pueblos"},"content":{"rendered":"\n<figure class=\"wp-block-image size-large\"><a href=\"\/blog\/wp-content\/uploads\/2020\/04\/Quinto_Nuestra_Se\u00f1ora_de_la_Asunci\u00f3n.jpg\"><img decoding=\"async\" src=\"\/blog\/wp-content\/uploads\/2020\/04\/Quinto_Nuestra_Se\u00f1ora_de_la_Asunci\u00f3n-1024x683.jpg\" alt=\"Museo\" class=\"wp-image-17884\"\/><\/a><figcaption class=\"wp-element-caption\">Por Motacilla<\/figcaption><\/figure>\n\n\n\n<p>Se trata de la Espa\u00f1a vac\u00eda como si todos los pueblos fueran iguales; pero en realidad, la despoblaci\u00f3n tiene diferentes rostros, y mientras hay lugares donde han conseguido atajarla, otros van perdiendo poblaci\u00f3n sin remedio. Entre los primeros, los hay que han buscado soluciones en la tecnolog\u00eda m\u00e1s innovadora, en la sostenibilidad, en proyectos socio-econ\u00f3micos alternativos y cooperativistas o tambi\u00e9n en la cultura.<\/p>\n\n\n\n<p>As\u00ed pues, a lo largo y ancho del territorio nacional, hay algunos pueblos peque\u00f1os que lograron frenar la sangr\u00eda de la despoblaci\u00f3n con su particular \u201cefecto Guggenheim\u201d: emulando el caso de Bilbao, estos municipios tambi\u00e9n tienen su propio museo.<\/p>\n\n\n\n<h2 class=\"wp-block-heading title-rute\" id=\"h-los-pioneros-museo-de-arte-contemporaneo-de-villafames\">Los pioneros: Museo de Arte Contempor\u00e1neo de Villafam\u00e9s<\/h2>\n\n\n\n<figure class=\"wp-block-image size-large\"><a href=\"\/blog\/wp-content\/uploads\/2020\/04\/Palau_batlle-1.jpg\"><img decoding=\"async\" src=\"\/blog\/wp-content\/uploads\/2020\/04\/Palau_batlle-1-1024x683.jpg\" alt=\"Museo\" class=\"wp-image-17887\"\/><\/a><figcaption class=\"wp-element-caption\">Por Museo Villafam\u00e9s<\/figcaption><\/figure>\n\n\n\n<p>A finales de los a\u00f1os 60 la poblaci\u00f3n de <a href=\"https:\/\/www.escapadarural.com\/casas-rurales\/vilafames\" target=\"_blank\" rel=\"noopener noreferrer\">Villafam\u00e9s<\/a>, en la provincia de Castell\u00f3n, se comenz\u00f3 a vaciar; pero vi\u00e9ndolo hoy nadie lo dir\u00eda. Est\u00e1 sobre una colina, todo \u00e9l blanco y color teja. De m\u00e1s cerca, su casco antiguo sorprende por la belleza de sus calles estrechas, herencia de su pasado \u00e1rabe.<\/p>\n\n\n\n<p>Lo que ocurri\u00f3 es que <strong>mientras se vaciaba de vecinos, llegaron los artistas<\/strong>. Por aquella \u00e9poca, un nutrido grupo de creadores comenz\u00f3 a visitar el pueblo y compraron las casas de piedra abandonadas a precio de saldo para restaurarlas y establecer all\u00ed sus estudios. Entre ellos, se encontraba Vicente Aguilera Cern\u00ed, ensayista y prestigioso cr\u00edtico de arte. \u00c9l fue el art\u00edfice del <a href=\"https:\/\/www.macvac.es\/\" target=\"_blank\" rel=\"noopener noreferrer\">Museo Popular de Arte Contempor\u00e1neo de Vilafam\u00e9s<\/a>.<\/p>\n\n\n\n<p>Fue inaugurado en 1972, tras comprar el Palau del Batlle, un esbelto palacio del siglo XV. La idea era que el museo estuviera vivo, que creciera con las aportaciones de artistas y donaciones de coleccionistas, como un lugar de encuentro y reuni\u00f3n. Los primeros en participar fueron Chillida, Joan Mir\u00f3, Equipo Cr\u00f3nica, Josep Renau&#8230; Hoy, en las 29 salas se encuentra una selecci\u00f3n de algunos de los creadores m\u00e1s importantes de las vanguardias del S. XX que ya querr\u00edan para s\u00ed algunos de los mejores museos del mundo.<\/p>\n\n\n\n<h2 class=\"wp-block-heading title-rute\" id=\"h-momias-contra-la-despoblacion\">Momias contra la despoblaci\u00f3n<\/h2>\n\n\n\n<figure class=\"wp-block-embed is-type-video is-provider-youtube wp-block-embed-youtube wp-embed-aspect-16-9 wp-has-aspect-ratio\"><div class=\"wp-block-embed__wrapper\">\n<span class=\"Kx9mHjWiAw5pFOSckGY\"><div class=\"video-shortcode\"><iframe title=\"El primer y \u00fanico museo de MOMIAS de Espa\u00f1a\" width=\"1200\" height=\"675\" src=\"https:\/\/www.youtube.com\/embed\/9ah6tPSpz4Y?feature=oembed\" frameborder=\"0\" allow=\"accelerometer; autoplay; clipboard-write; encrypted-media; gyroscope; picture-in-picture; web-share\" referrerpolicy=\"strict-origin-when-cross-origin\" allowfullscreen><\/iframe><\/div><\/span>\n<\/div><\/figure>\n\n\n\n<p>No, no se han vuelto locos. Amantes de los misterios, coleccionistas de rarezas y, en general, buscadores de curiosidades, tienen el <a href=\"https:\/\/momiasdequinto.es\/\" target=\"_blank\" rel=\"noopener noreferrer\">Museo de las Momias de Quinto<\/a>, en Zaragoza, apuntado en sus agendas viajeras.<\/p>\n\n\n\n<p>Este municipio que no supera los 2.000 habitantes es el lugar del primer museo de este tipo en Espa\u00f1a. Su singularidad est\u00e1 en que las momias se han expuesto en el mismo lugar donde fueron encontradas, dentro de la antigua iglesia de la Asunci\u00f3n (siglo XV), m\u00e1s conocida popularmente por los vecinos como \u201dEl Piquete\u201d.<\/p>\n\n\n\n<p>All\u00ed, durante unas obras, <strong>se encontraron un total de 1.061 enterramientos.<\/strong> Resulta que algunos, debido a una caprichosa combinaci\u00f3n de falta de humedad y temperatura constante, se momificaron de forma natural. Hoy sus historias permiten realizar un viaje singular hasta finales del siglo XVIII, fecha en la que se realizaron estos enterramientos.<\/p>\n\n\n\n<p>El curioso yacimiento arqueol\u00f3gico fue visto r\u00e1pidamente como una oportunidad para dinamizar la econom\u00eda del municipio. Como si fuera petr\u00f3leo, ahora los habitantes ya no solo viven de la agricultura y la ganader\u00eda como era habitual. Ahora tambi\u00e9n tienen en el turismo una opci\u00f3n contra la despoblaci\u00f3n.<\/p>\n\n\n\n<p><\/p>\n\n\n\n<h2 class=\"wp-block-heading title-rute\" id=\"h-malpartida-y-su-recien-medalla-de-oro-de-las-bellas-artes\">Malpartida y su reci\u00e9n Medalla de Oro de las Bellas Artes<\/h2>\n\n\n\n<figure class=\"wp-block-image size-large\"><a href=\"\/blog\/wp-content\/uploads\/2020\/04\/Wolf_Vostell_Fiebre_de_Autom\u00f3vil_1973_Instalaci\u00f3n-1.jpg\"><img decoding=\"async\" src=\"\/blog\/wp-content\/uploads\/2020\/04\/Wolf_Vostell_Fiebre_de_Autom\u00f3vil_1973_Instalaci\u00f3n-1.jpg\" alt=\"Museo\" class=\"wp-image-17888\"\/><\/a><figcaption class=\"wp-element-caption\">Por Solyroca1000<\/figcaption><\/figure>\n\n\n\n<p>Antes de que llegaran los de <em>Juego de Tronos<\/em> buscando localizaciones para su s\u00e9ptima temporada, ya pas\u00f3 por aqu\u00ed el artista alem\u00e1n Wolf Vostell, figura fundamental del arte contempor\u00e1neo de posguerra. Lo hizo en 1976 y le pareci\u00f3 un lugar tan hermoso que decidi\u00f3 montar un museo. <\/p>\n\n\n\n<p>El Museo Vostell, ubicado en un antiguo lavadero de lanas, no es de esos elementos que uno espera encontrar en el t\u00edpico paisaje de Extremadura. Pero bienvenido sea cuando permite disfrutar de piezas de artistas de vanguardia tan cotizados internacionalmente como Yoko Ono.<\/p>\n\n\n\n<p>El museo consta de tres colecciones de arte contempor\u00e1neo: la Colecci\u00f3n Wolf y Mercedes Vostell, Colecci\u00f3n Fluxus-Donaci\u00f3n Gino Di Maggio y Colecci\u00f3n de Artistas Conceptuales. Un im\u00e1n que atrajo a m\u00e1s de 40.000 visitantes en 2018. Ahora, este pueblo de apenas 4.200 habitantes puede sacar pecho: el museo ha sido reconocido como <strong>Medalla de Oro de las Bellas Artes 2020<\/strong>.<\/p>\n\n\n\n<h2 class=\"wp-block-heading title-rute\" id=\"h-museo-del-dibujo-en-larres\">Museo del dibujo en Larr\u00e9s<\/h2>\n\n\n\n<p>El 14 de abril de 1986 el Museo del dibujo abri\u00f3 sus puertas con 350 obras. As\u00ed que ya <strong>va camino de cumplir sus 35 a\u00f1itos<\/strong>. A pesar de su veteran\u00eda, a\u00fan sigue apareciendo como un sorprendente tesoro para muchos viajeros que desconoc\u00edan su existencia antes de pasar por Larr\u00e9s.<\/p>\n\n\n\n<p>Y es que el <a href=\"https:\/\/www.escapadarural.com\/casas-rurales\/valle-de-tena\" target=\"_blank\" rel=\"noopener noreferrer\">valle de Tena<\/a> es famoso entre los aficionados a respirar el aire limpio que llega de las monta\u00f1as del Alto G\u00e1llego, esquiadores y amantes en general del buen vivir en tierras del prepirineo aragon\u00e9s. Tambi\u00e9n los amantes de la historia y el patrimonio cultural encuentran en esta zona uno de los conjuntos arquitect\u00f3nicos m\u00e1s sobresalientes de Arag\u00f3n, la conocida como Ruta del Serrablo.<\/p>\n\n\n\n<p>Pero tal vez pase m\u00e1s desapercibido, de forma inmerecida, el <a href=\"https:\/\/www.serrablo.org\/museodibujo\" target=\"_blank\" rel=\"noopener noreferrer\">Museo del Dibujo<\/a>. Sin embargo, su visita no deja indiferente. Este pueblecito de menos de 100 habitantes tiene el honor de albergar el \u00fanico museo de todo el estado espa\u00f1ol dedicado exclusivamente al dibujo en todas su facetas. Fue iniciativa de la asociaci\u00f3n Amigos del Serrablo y hoy la colecci\u00f3n ya suma m\u00e1s de 3000 obras y 800 autores diferentes.<\/p>\n\n\n\n<p>Dado el volumen, se exponen al p\u00fablico algo <strong>m\u00e1s de trescientas obras distribuidas en las 14 salas<\/strong>, que son renovadas continuamente para poder exhibir todo el fondo. Hay dibujos de Antonio Saura, Ram\u00f3n Ac\u00edn, Honorio Garc\u00eda Condoy, Pablo Serrano Salvador Dal\u00ed, Ignacio Zuloaga, V\u00e1zquez D\u00edaz, Mingote, Peridis, Francisco Ib\u00e1\u00f1ez y Jos\u00e9 Escobar.<\/p>\n\n\n\n<h2 class=\"wp-block-heading\" id=\"h-mas-sobre-museos-del-mundo-rural\">M\u00e1s sobre museos del mundo rural<\/h2>\n\n\n<section class=\"wp-block-ub-post-grid ub-block-post-grid align  is-equal-height preserve-post-image-aspect-ratio\" style=\"\" id=\"ub-post-grid-\"><div class=\"ub-post-grid-items is-grid columns-2\" style=\"row-gap: 32px; column-gap: 32px; \"><article id=\"post-203679\" class=\"ub-post-grid-item post-203679 post type-post status-publish format-standard has-post-thumbnail hentry category-destinos tag-que-ver-en-asturias tag-familia tag-lluvia tag-luarca tag-museos tag-planes\" style=\"\"><div class=\"ub-block-post-grid-image\" style=\"\"><a href=\"https:\/\/www.escapadarural.com\/blog\/que-hacer-en-asturias-si-llueve\/\" rel=\"bookmark\" aria-hidden=\"true\" tabindex=\"-1\"><img loading=\"lazy\" decoding=\"async\" width=\"1200\" height=\"798\" src=\"https:\/\/www.escapadarural.com\/blog\/wp-content\/uploads\/2025\/08\/AdobeStock_26075152-scaled-e1756485330351.webp\" class=\"attachment-full size-full\" alt=\"Tormenta en Asturias Por sr_avispa\" style=\"max-width: 600px; \"><\/a><\/div><div class=\"ub-block-post-grid-text\" style=\"\"><div class=\"ub-block-post-grid-header-content\"><header class=\"ub-block-post-grid-header\"><h3 class=\"ub-block-post-grid-title\"><a style=\"\" href=\"https:\/\/www.escapadarural.com\/blog\/que-hacer-en-asturias-si-llueve\/\" rel=\"bookmark\">6 planes para hacer en Asturias si llueve<\/a><\/h3><\/header><\/div><div class=\"ub-block-post-grid-excerpt\"><div class=\"ub-block-post-grid-excerpt-text\" style=\"\"><p>El verde de los montes de Asturias se mantiene gracias a la lluvia. Estos son algunos planes que puedes hacer si te toca uno de esos d\u00edas lluviosos. <\/p>\n<\/div><p><a class=\"ub-block-post-grid-more-link ub-text-link\" style=\"\" href=\"https:\/\/www.escapadarural.com\/blog\/que-hacer-en-asturias-si-llueve\/\" rel=\"bookmark\">Continue Reading <span class=\"screen-reader-text\">6 planes para hacer en Asturias si llueve<\/span><\/a><\/p><\/div><\/div><\/article>\n<article id=\"post-42219\" class=\"ub-post-grid-item post-42219 post type-post status-publish format-standard has-post-thumbnail hentry category-arte-y-cultura tag-coll-de-nargo tag-colunga tag-dinosaurios tag-enciso tag-familia tag-listado tag-murero tag-museo-jurasico tag-museos tag-paleoturismo tag-tierras-altas-de-soria tag-yacimientos\" style=\"\"><div class=\"ub-block-post-grid-image\" style=\"\"><a href=\"https:\/\/www.escapadarural.com\/blog\/paleoturismo-algunos-destinos-para-amantes-de-los-dinosaurios-en-espana\/\" rel=\"bookmark\" aria-hidden=\"true\" tabindex=\"-1\"><img loading=\"lazy\" decoding=\"async\" width=\"1024\" height=\"768\" src=\"https:\/\/www.escapadarural.com\/blog\/wp-content\/uploads\/2021\/09\/MUJA_01-1.jpg.webp\" class=\"attachment-full size-full\" alt=\"Museo Jur\u00e1sico de Asturias en Colunga\" style=\"max-width: 600px; \" srcset=\"https:\/\/www.escapadarural.com\/blog\/wp-content\/uploads\/2021\/09\/MUJA_01-1.jpg-200x150.webp 200w, https:\/\/www.escapadarural.com\/blog\/wp-content\/uploads\/2021\/09\/MUJA_01-1.jpg-300x225.webp 300w, https:\/\/www.escapadarural.com\/blog\/wp-content\/uploads\/2021\/09\/MUJA_01-1.jpg-400x300.webp 400w, https:\/\/www.escapadarural.com\/blog\/wp-content\/uploads\/2021\/09\/MUJA_01-1.jpg-600x450.webp 600w, https:\/\/www.escapadarural.com\/blog\/wp-content\/uploads\/2021\/09\/MUJA_01-1.jpg-768x576.webp 768w, https:\/\/www.escapadarural.com\/blog\/wp-content\/uploads\/2021\/09\/MUJA_01-1.jpg-800x600.webp 800w, https:\/\/www.escapadarural.com\/blog\/wp-content\/uploads\/2021\/09\/MUJA_01-1.jpg.webp 1024w\" sizes=\"auto, (max-width: 1024px) 100vw, 1024px\"><\/a><\/div><div class=\"ub-block-post-grid-text\" style=\"\"><div class=\"ub-block-post-grid-header-content\"><header class=\"ub-block-post-grid-header\"><h3 class=\"ub-block-post-grid-title\"><a style=\"\" href=\"https:\/\/www.escapadarural.com\/blog\/paleoturismo-algunos-destinos-para-amantes-de-los-dinosaurios-en-espana\/\" rel=\"bookmark\">Solo para fans de Jurassic Park: los lugares de Espa\u00f1a que tienes que visitar s\u00ed o s\u00ed<\/a><\/h3><\/header><\/div><div class=\"ub-block-post-grid-excerpt\"><div class=\"ub-block-post-grid-excerpt-text\" style=\"\"><p>En Espa\u00f1a los paleont\u00f3logos han tenido trabajo. En diferentes puntos del pa\u00eds se han encontrado restos \u00f3seos y pisadas de dinosaurios, f\u00f3siles de trilobites o recuerdos de la flora que dio vida a este planeta antes de que el ser humano fuese siquiera un proyecto. Muchos de esos yacimientos se pueden visitar e incluso alguno de ellos ofrece actividades especialmente dirigidas a ni\u00f1os<\/p>\n<\/div><p><a class=\"ub-block-post-grid-more-link ub-text-link\" style=\"\" href=\"https:\/\/www.escapadarural.com\/blog\/paleoturismo-algunos-destinos-para-amantes-de-los-dinosaurios-en-espana\/\" rel=\"bookmark\">Continue Reading <span class=\"screen-reader-text\">Solo para fans de Jurassic Park: los lugares de Espa\u00f1a que tienes que visitar s\u00ed o s\u00ed<\/span><\/a><\/p><\/div><\/div><\/article>\n<article id=\"post-203353\" class=\"ub-post-grid-item post-203353 post type-post status-publish format-standard has-post-thumbnail hentry category-arte-y-cultura category-destinos tag-que-ver-en-alicante tag-que-ver-en-la-comunidad-valenciana tag-el-castell-de-guadalest tag-museos tag-pueblo\" style=\"\"><div class=\"ub-block-post-grid-image\" style=\"\"><a href=\"https:\/\/www.escapadarural.com\/blog\/el-castell-de-guadalest-museos\/\" rel=\"bookmark\" aria-hidden=\"true\" tabindex=\"-1\"><img loading=\"lazy\" decoding=\"async\" width=\"2048\" height=\"829\" src=\"https:\/\/www.escapadarural.com\/blog\/wp-content\/uploads\/2025\/06\/Guadalest-Panoramicas08-scaled.webp\" class=\"attachment-full size-full\" alt=\"El Castell de Guadalest. Cortes\u00eda de la oficina de turismo de El Castell de Guadalest.\" style=\"max-width: 600px; \" srcset=\"https:\/\/www.escapadarural.com\/blog\/wp-content\/uploads\/2025\/06\/Guadalest-Panoramicas08-200x81.webp 200w, https:\/\/www.escapadarural.com\/blog\/wp-content\/uploads\/2025\/06\/Guadalest-Panoramicas08-300x121.webp 300w, https:\/\/www.escapadarural.com\/blog\/wp-content\/uploads\/2025\/06\/Guadalest-Panoramicas08-400x162.webp 400w, https:\/\/www.escapadarural.com\/blog\/wp-content\/uploads\/2025\/06\/Guadalest-Panoramicas08-600x243.webp 600w, https:\/\/www.escapadarural.com\/blog\/wp-content\/uploads\/2025\/06\/Guadalest-Panoramicas08-669x272.webp 669w, https:\/\/www.escapadarural.com\/blog\/wp-content\/uploads\/2025\/06\/Guadalest-Panoramicas08-768x311.webp 768w, https:\/\/www.escapadarural.com\/blog\/wp-content\/uploads\/2025\/06\/Guadalest-Panoramicas08-800x324.webp 800w, https:\/\/www.escapadarural.com\/blog\/wp-content\/uploads\/2025\/06\/Guadalest-Panoramicas08-1024x414.webp 1024w, https:\/\/www.escapadarural.com\/blog\/wp-content\/uploads\/2025\/06\/Guadalest-Panoramicas08-1200x485.webp 1200w, https:\/\/www.escapadarural.com\/blog\/wp-content\/uploads\/2025\/06\/Guadalest-Panoramicas08-1536x621.webp 1536w, https:\/\/www.escapadarural.com\/blog\/wp-content\/uploads\/2025\/06\/Guadalest-Panoramicas08-scaled.webp 2048w\" sizes=\"auto, (max-width: 2048px) 100vw, 2048px\"><\/a><\/div><div class=\"ub-block-post-grid-text\" style=\"\"><div class=\"ub-block-post-grid-header-content\"><header class=\"ub-block-post-grid-header\"><h3 class=\"ub-block-post-grid-title\"><a style=\"\" href=\"https:\/\/www.escapadarural.com\/blog\/el-castell-de-guadalest-museos\/\" rel=\"bookmark\">Nadie esperaba encontrar los museos m\u00e1s raros del mundo en un pueblo alicantino de 282 habitantes<\/a><\/h3><\/header><\/div><div class=\"ub-block-post-grid-excerpt\"><div class=\"ub-block-post-grid-excerpt-text\" style=\"\"><p>El Castell de Guadalest es un pueblo de 282 habitantes en el que se emplazan ocho de los museos m\u00e1s curiosos de Espa\u00f1a. A 30 kil\u00f3metros de la costa y con un embalse perfecto para los chapuzones veraniegos, es el destino ideal para combinar cultura y naturaleza<\/p>\n<\/div><p><a class=\"ub-block-post-grid-more-link ub-text-link\" style=\"\" href=\"https:\/\/www.escapadarural.com\/blog\/el-castell-de-guadalest-museos\/\" rel=\"bookmark\">Continue Reading <span class=\"screen-reader-text\">Nadie esperaba encontrar los museos m\u00e1s raros del mundo en un pueblo alicantino de 282 habitantes<\/span><\/a><\/p><\/div><\/div><\/article>\n<article id=\"post-199200\" class=\"ub-post-grid-item post-199200 post type-post status-publish format-standard has-post-thumbnail hentry category-destinos tag-baiona tag-que-ver-en-galicia tag-historia tag-museos tag-que-ver-en-pontevedra\" style=\"\"><div class=\"ub-block-post-grid-image\" style=\"\"><a href=\"https:\/\/www.escapadarural.com\/blog\/baiona-descubrimiento-america\/\" rel=\"bookmark\" aria-hidden=\"true\" tabindex=\"-1\"><img loading=\"lazy\" decoding=\"async\" width=\"1024\" height=\"683\" src=\"https:\/\/www.escapadarural.com\/blog\/wp-content\/uploads\/2025\/04\/AdobeStock_180512539-1.webp\" class=\"attachment-full size-full\" alt=\"Vista de Baiona (Pontevedra), desde la fortaleza. Por acongar\" style=\"max-width: 600px; \" srcset=\"https:\/\/www.escapadarural.com\/blog\/wp-content\/uploads\/2025\/04\/AdobeStock_180512539-1-200x133.webp 200w, https:\/\/www.escapadarural.com\/blog\/wp-content\/uploads\/2025\/04\/AdobeStock_180512539-1-300x200.webp 300w, https:\/\/www.escapadarural.com\/blog\/wp-content\/uploads\/2025\/04\/AdobeStock_180512539-1-400x267.webp 400w, https:\/\/www.escapadarural.com\/blog\/wp-content\/uploads\/2025\/04\/AdobeStock_180512539-1-600x400.webp 600w, https:\/\/www.escapadarural.com\/blog\/wp-content\/uploads\/2025\/04\/AdobeStock_180512539-1-768x512.webp 768w, https:\/\/www.escapadarural.com\/blog\/wp-content\/uploads\/2025\/04\/AdobeStock_180512539-1-800x534.webp 800w, https:\/\/www.escapadarural.com\/blog\/wp-content\/uploads\/2025\/04\/AdobeStock_180512539-1.webp 1024w\" sizes=\"auto, (max-width: 1024px) 100vw, 1024px\"><\/a><\/div><div class=\"ub-block-post-grid-text\" style=\"\"><div class=\"ub-block-post-grid-header-content\"><header class=\"ub-block-post-grid-header\"><h3 class=\"ub-block-post-grid-title\"><a style=\"\" href=\"https:\/\/www.escapadarural.com\/blog\/baiona-descubrimiento-america\/\" rel=\"bookmark\">El primer pueblo de Europa que supo que Am\u00e9rica exist\u00eda est\u00e1 en Galicia<\/a><\/h3><\/header><\/div><div class=\"ub-block-post-grid-excerpt\"><div class=\"ub-block-post-grid-excerpt-text\" style=\"\"><p>La primera noticia que lleg\u00f3 del llamado \u00abNuevo Continente\u00bb fue en el pueblo de Baiona, en Pontevedra. La Ruta Pinzoniana sigue este hito<\/p>\n<\/div><p><a class=\"ub-block-post-grid-more-link ub-text-link\" style=\"\" href=\"https:\/\/www.escapadarural.com\/blog\/baiona-descubrimiento-america\/\" rel=\"bookmark\">Continue Reading <span class=\"screen-reader-text\">El primer pueblo de Europa que supo que Am\u00e9rica exist\u00eda est\u00e1 en Galicia<\/span><\/a><\/p><\/div><\/div><\/article>\n<article id=\"post-197971\" class=\"ub-post-grid-item post-197971 post type-post status-publish format-standard has-post-thumbnail hentry category-arte-y-cultura tag-que-ver-en-leon tag-museos tag-primavera\" style=\"\"><div class=\"ub-block-post-grid-image\" style=\"\"><a href=\"https:\/\/www.escapadarural.com\/blog\/turismo-industrial-por-leon\/\" rel=\"bookmark\" aria-hidden=\"true\" tabindex=\"-1\"><img loading=\"lazy\" decoding=\"async\" width=\"1024\" height=\"682\" src=\"https:\/\/www.escapadarural.com\/blog\/wp-content\/uploads\/2025\/03\/AdobeStock_151544469.webp\" class=\"attachment-full size-full\" alt=\"Antigua locomotora de vapor para el transporte de carb\u00f3n, turismo industrial en Le\u00f3n\" style=\"max-width: 600px; \" srcset=\"https:\/\/www.escapadarural.com\/blog\/wp-content\/uploads\/2025\/03\/AdobeStock_151544469-200x133.webp 200w, https:\/\/www.escapadarural.com\/blog\/wp-content\/uploads\/2025\/03\/AdobeStock_151544469-300x200.webp 300w, https:\/\/www.escapadarural.com\/blog\/wp-content\/uploads\/2025\/03\/AdobeStock_151544469-400x266.webp 400w, https:\/\/www.escapadarural.com\/blog\/wp-content\/uploads\/2025\/03\/AdobeStock_151544469-600x400.webp 600w, https:\/\/www.escapadarural.com\/blog\/wp-content\/uploads\/2025\/03\/AdobeStock_151544469-768x512.webp 768w, https:\/\/www.escapadarural.com\/blog\/wp-content\/uploads\/2025\/03\/AdobeStock_151544469-800x533.webp 800w, https:\/\/www.escapadarural.com\/blog\/wp-content\/uploads\/2025\/03\/AdobeStock_151544469.webp 1024w\" sizes=\"auto, (max-width: 1024px) 100vw, 1024px\"><\/a><\/div><div class=\"ub-block-post-grid-text\" style=\"\"><div class=\"ub-block-post-grid-header-content\"><header class=\"ub-block-post-grid-header\"><h3 class=\"ub-block-post-grid-title\"><a style=\"\" href=\"https:\/\/www.escapadarural.com\/blog\/turismo-industrial-por-leon\/\" rel=\"bookmark\">Turismo industrial por Le\u00f3n: los destinos que no te puedes perder esta primavera<\/a><\/h3><\/header><\/div><div class=\"ub-block-post-grid-excerpt\"><div class=\"ub-block-post-grid-excerpt-text\" style=\"\"><p>Te proponemos coger la m\u00e1quina del tiempo y volver un siglo atr\u00e1s con este recorrido circular con 11 destinos de turismo industrial por Le\u00f3n<\/p>\n<\/div><p><a class=\"ub-block-post-grid-more-link ub-text-link\" style=\"\" href=\"https:\/\/www.escapadarural.com\/blog\/turismo-industrial-por-leon\/\" rel=\"bookmark\">Continue Reading <span class=\"screen-reader-text\">Turismo industrial por Le\u00f3n: los destinos que no te puedes perder esta primavera<\/span><\/a><\/p><\/div><\/div><\/article>\n<article id=\"post-197980\" class=\"ub-post-grid-item post-197980 post type-post status-publish format-standard has-post-thumbnail hentry category-arte-y-cultura tag-que-ver-en-leon tag-museos\" style=\"\"><div class=\"ub-block-post-grid-image\" style=\"\"><a href=\"https:\/\/www.escapadarural.com\/blog\/museos-de-las-montanas-de-leon\/\" rel=\"bookmark\" aria-hidden=\"true\" tabindex=\"-1\"><img loading=\"lazy\" decoding=\"async\" width=\"1024\" height=\"682\" src=\"https:\/\/www.escapadarural.com\/blog\/wp-content\/uploads\/2025\/03\/AdobeStock_155344838-1.webp\" class=\"attachment-full size-full\" alt=\"Embalse del Porma, Le\u00f3n\" style=\"max-width: 600px; \" srcset=\"https:\/\/www.escapadarural.com\/blog\/wp-content\/uploads\/2025\/03\/AdobeStock_155344838-1-200x133.webp 200w, https:\/\/www.escapadarural.com\/blog\/wp-content\/uploads\/2025\/03\/AdobeStock_155344838-1-300x200.webp 300w, https:\/\/www.escapadarural.com\/blog\/wp-content\/uploads\/2025\/03\/AdobeStock_155344838-1-400x266.webp 400w, https:\/\/www.escapadarural.com\/blog\/wp-content\/uploads\/2025\/03\/AdobeStock_155344838-1-600x400.webp 600w, https:\/\/www.escapadarural.com\/blog\/wp-content\/uploads\/2025\/03\/AdobeStock_155344838-1-768x512.webp 768w, https:\/\/www.escapadarural.com\/blog\/wp-content\/uploads\/2025\/03\/AdobeStock_155344838-1-800x533.webp 800w, https:\/\/www.escapadarural.com\/blog\/wp-content\/uploads\/2025\/03\/AdobeStock_155344838-1.webp 1024w\" sizes=\"auto, (max-width: 1024px) 100vw, 1024px\"><\/a><\/div><div class=\"ub-block-post-grid-text\" style=\"\"><div class=\"ub-block-post-grid-header-content\"><header class=\"ub-block-post-grid-header\"><h3 class=\"ub-block-post-grid-title\"><a style=\"\" href=\"https:\/\/www.escapadarural.com\/blog\/museos-de-las-montanas-de-leon\/\" rel=\"bookmark\">8 museos \u00fanicos que visitar en las monta\u00f1as de Le\u00f3n<\/a><\/h3><\/header><\/div><div class=\"ub-block-post-grid-excerpt\"><div class=\"ub-block-post-grid-excerpt-text\" style=\"\"><p>\u00bfConoces la provincia de Le\u00f3n en primavera? Es el momento en el que sus entornos rurales y naturales emanan vida con el florecimiento y la vegetaci\u00f3n alcanzando su m\u00e1ximo apogeo. Los r\u00edos discurren repletos de agua, los d\u00edas se alargan y apetece pasear por sus bosques. Si eres de los que repiten con orgullo la\u2026<\/p>\n<\/div><p><a class=\"ub-block-post-grid-more-link ub-text-link\" style=\"\" href=\"https:\/\/www.escapadarural.com\/blog\/museos-de-las-montanas-de-leon\/\" rel=\"bookmark\">Continue Reading <span class=\"screen-reader-text\">8 museos \u00fanicos que visitar en las monta\u00f1as de Le\u00f3n<\/span><\/a><\/p><\/div><\/div><\/article>\n<\/div><\/section>","protected":false},"excerpt":{"rendered":"<p>A lo largo y ancho del territorio nacional, hay algunos pueblos peque\u00f1os que lograron frenar la sangr\u00eda de la despoblaci\u00f3n con su particular \u201cefecto Guggenheim\u201d: emulando el caso de Bilbao, estos municipios tambi\u00e9n tienen su propio museo.<\/p>\n","protected":false},"author":112,"featured_media":193076,"comment_status":"open","ping_status":"closed","sticky":false,"template":"","format":"standard","meta":{"_acf_changed":false,"om_disable_all_campaigns":false,"footnotes":""},"categories":[231],"tags":[1890,2237,2625,2626],"class_list":["post-12669","post","type-post","status-publish","format-standard","has-post-thumbnail","hentry","category-arte-y-cultura","tag-malpartida-de-caceres","tag-museos","tag-quinto","tag-villafames"],"acf":[],"featured_image_src":"https:\/\/www.escapadarural.com\/blog\/wp-content\/uploads\/2021\/03\/Momias-de-Quinto-1-scaled-1.jpg","author_info":{"display_name":"Jos\u00e9 Alejandro Adamuz","author_link":"https:\/\/www.escapadarural.com\/blog\/autor\/josealejandro\/"},"yoast_head":"<!-- This site is optimized with the Yoast SEO plugin v27.5 - https:\/\/yoast.com\/product\/yoast-seo-wordpress\/ -->\n<title>Grandes museos en peque\u00f1os pueblos - EscapadaRural<\/title>\n<meta name=\"robots\" content=\"index, follow, max-snippet:-1, max-image-preview:large, max-video-preview:-1\" \/>\n<link rel=\"canonical\" href=\"https:\/\/www.escapadarural.com\/blog\/grandes-museos-en-pequenos-pueblos\/\" \/>\n<meta property=\"og:locale\" content=\"es_ES\" \/>\n<meta property=\"og:type\" content=\"article\" \/>\n<meta property=\"og:title\" content=\"Grandes museos en peque\u00f1os pueblos - EscapadaRural\" \/>\n<meta property=\"og:description\" content=\"A lo largo y ancho del territorio nacional, hay algunos pueblos peque\u00f1os que lograron frenar la sangr\u00eda de la despoblaci\u00f3n con su particular \u201cefecto Guggenheim\u201d: emulando el caso de Bilbao, estos municipios tambi\u00e9n tienen su propio museo.\" \/>\n<meta property=\"og:url\" content=\"https:\/\/www.escapadarural.com\/blog\/grandes-museos-en-pequenos-pueblos\/\" \/>\n<meta property=\"og:site_name\" content=\"Magazine de viajes de EscapadaRural\" \/>\n<meta property=\"article:publisher\" content=\"https:\/\/www.facebook.com\/escapadarural\" \/>\n<meta property=\"article:published_time\" content=\"2020-04-15T08:15:40+00:00\" \/>\n<meta property=\"article:modified_time\" content=\"2025-07-25T12:38:38+00:00\" \/>\n<meta property=\"og:image\" content=\"https:\/\/www.escapadarural.com\/blog\/wp-content\/uploads\/2021\/03\/Momias-de-Quinto-1-scaled-1.jpg?v=1753447120\" \/>\n\t<meta property=\"og:image:width\" content=\"2560\" \/>\n\t<meta property=\"og:image:height\" content=\"1920\" \/>\n\t<meta property=\"og:image:type\" content=\"image\/jpeg\" \/>\n<meta name=\"author\" content=\"Jos\u00e9 Alejandro Adamuz\" \/>\n<meta name=\"twitter:card\" content=\"summary_large_image\" \/>\n<meta name=\"twitter:label1\" content=\"Escrito por\" \/>\n\t<meta name=\"twitter:data1\" content=\"Jos\u00e9 Alejandro Adamuz\" \/>\n\t<meta name=\"twitter:label2\" content=\"Tiempo de lectura\" \/>\n\t<meta name=\"twitter:data2\" content=\"8 minutos\" \/>\n<script type=\"application\/ld+json\" class=\"yoast-schema-graph\">{\"@context\":\"https:\\\/\\\/schema.org\",\"@graph\":[{\"@type\":\"Article\",\"@id\":\"https:\\\/\\\/www.escapadarural.com\\\/blog\\\/grandes-museos-en-pequenos-pueblos\\\/#article\",\"isPartOf\":{\"@id\":\"https:\\\/\\\/www.escapadarural.com\\\/blog\\\/grandes-museos-en-pequenos-pueblos\\\/\"},\"author\":{\"name\":\"Jos\u00e9 Alejandro Adamuz\",\"@id\":\"https:\\\/\\\/www.escapadarural.com\\\/blog\\\/#\\\/schema\\\/person\\\/ac6969ba5ab90987dda9465be409d6b3\"},\"headline\":\"Grandes museos en peque\u00f1os pueblos\",\"datePublished\":\"2020-04-15T08:15:40+00:00\",\"dateModified\":\"2025-07-25T12:38:38+00:00\",\"mainEntityOfPage\":{\"@id\":\"https:\\\/\\\/www.escapadarural.com\\\/blog\\\/grandes-museos-en-pequenos-pueblos\\\/\"},\"wordCount\":1008,\"commentCount\":3,\"publisher\":{\"@id\":\"https:\\\/\\\/www.escapadarural.com\\\/blog\\\/#organization\"},\"image\":{\"@id\":\"https:\\\/\\\/www.escapadarural.com\\\/blog\\\/grandes-museos-en-pequenos-pueblos\\\/#primaryimage\"},\"thumbnailUrl\":\"https:\\\/\\\/www.escapadarural.com\\\/blog\\\/wp-content\\\/uploads\\\/2021\\\/03\\\/Momias-de-Quinto-1-scaled-1.jpg\",\"keywords\":[\"Malpartida de C\u00e1ceres\",\"museos\",\"Quinto\",\"Villafames\"],\"articleSection\":[\"Arte y Cultura\"],\"inLanguage\":\"es\",\"potentialAction\":[{\"@type\":\"CommentAction\",\"name\":\"Comment\",\"target\":[\"https:\\\/\\\/www.escapadarural.com\\\/blog\\\/grandes-museos-en-pequenos-pueblos\\\/#respond\"]}]},{\"@type\":\"WebPage\",\"@id\":\"https:\\\/\\\/www.escapadarural.com\\\/blog\\\/grandes-museos-en-pequenos-pueblos\\\/\",\"url\":\"https:\\\/\\\/www.escapadarural.com\\\/blog\\\/grandes-museos-en-pequenos-pueblos\\\/\",\"name\":\"Grandes museos en peque\u00f1os pueblos - EscapadaRural\",\"isPartOf\":{\"@id\":\"https:\\\/\\\/www.escapadarural.com\\\/blog\\\/#website\"},\"primaryImageOfPage\":{\"@id\":\"https:\\\/\\\/www.escapadarural.com\\\/blog\\\/grandes-museos-en-pequenos-pueblos\\\/#primaryimage\"},\"image\":{\"@id\":\"https:\\\/\\\/www.escapadarural.com\\\/blog\\\/grandes-museos-en-pequenos-pueblos\\\/#primaryimage\"},\"thumbnailUrl\":\"https:\\\/\\\/www.escapadarural.com\\\/blog\\\/wp-content\\\/uploads\\\/2021\\\/03\\\/Momias-de-Quinto-1-scaled-1.jpg\",\"datePublished\":\"2020-04-15T08:15:40+00:00\",\"dateModified\":\"2025-07-25T12:38:38+00:00\",\"breadcrumb\":{\"@id\":\"https:\\\/\\\/www.escapadarural.com\\\/blog\\\/grandes-museos-en-pequenos-pueblos\\\/#breadcrumb\"},\"inLanguage\":\"es\",\"potentialAction\":[{\"@type\":\"ReadAction\",\"target\":[\"https:\\\/\\\/www.escapadarural.com\\\/blog\\\/grandes-museos-en-pequenos-pueblos\\\/\"]}]},{\"@type\":\"ImageObject\",\"inLanguage\":\"es\",\"@id\":\"https:\\\/\\\/www.escapadarural.com\\\/blog\\\/grandes-museos-en-pequenos-pueblos\\\/#primaryimage\",\"url\":\"https:\\\/\\\/www.escapadarural.com\\\/blog\\\/wp-content\\\/uploads\\\/2021\\\/03\\\/Momias-de-Quinto-1-scaled-1.jpg\",\"contentUrl\":\"https:\\\/\\\/www.escapadarural.com\\\/blog\\\/wp-content\\\/uploads\\\/2021\\\/03\\\/Momias-de-Quinto-1-scaled-1.jpg\",\"width\":2560,\"height\":1920,\"caption\":\"Por Museo de Momias de Quinto\"},{\"@type\":\"BreadcrumbList\",\"@id\":\"https:\\\/\\\/www.escapadarural.com\\\/blog\\\/grandes-museos-en-pequenos-pueblos\\\/#breadcrumb\",\"itemListElement\":[{\"@type\":\"ListItem\",\"position\":1,\"name\":\"Inicio\",\"item\":\"https:\\\/\\\/www.escapadarural.com\\\/blog\\\/\"},{\"@type\":\"ListItem\",\"position\":2,\"name\":\"Arte y Cultura\",\"item\":\"https:\\\/\\\/www.escapadarural.com\\\/blog\\\/categoria\\\/arte-y-cultura\\\/\"},{\"@type\":\"ListItem\",\"position\":3,\"name\":\"Grandes museos en peque\u00f1os pueblos\"}]},{\"@type\":\"WebSite\",\"@id\":\"https:\\\/\\\/www.escapadarural.com\\\/blog\\\/#website\",\"url\":\"https:\\\/\\\/www.escapadarural.com\\\/blog\\\/\",\"name\":\"Blog de viajes | turismo rural, alojamientos e inspiraci\u00f3n\",\"description\":\"Alojamientos rurales e inspiraci\u00f3n para tus escapadas\",\"publisher\":{\"@id\":\"https:\\\/\\\/www.escapadarural.com\\\/blog\\\/#organization\"},\"alternateName\":\"Magazine de viajes de EscapadaRural\",\"potentialAction\":[{\"@type\":\"SearchAction\",\"target\":{\"@type\":\"EntryPoint\",\"urlTemplate\":\"https:\\\/\\\/www.escapadarural.com\\\/blog\\\/?s={search_term_string}\"},\"query-input\":{\"@type\":\"PropertyValueSpecification\",\"valueRequired\":true,\"valueName\":\"search_term_string\"}}],\"inLanguage\":\"es\"},{\"@type\":\"Organization\",\"@id\":\"https:\\\/\\\/www.escapadarural.com\\\/blog\\\/#organization\",\"name\":\"EscapadaRural\",\"url\":\"https:\\\/\\\/www.escapadarural.com\\\/blog\\\/\",\"logo\":{\"@type\":\"ImageObject\",\"inLanguage\":\"es\",\"@id\":\"https:\\\/\\\/www.escapadarural.com\\\/blog\\\/#\\\/schema\\\/logo\\\/image\\\/\",\"url\":\"https:\\\/\\\/www.escapadarural.com\\\/blog\\\/wp-content\\\/uploads\\\/2024\\\/10\\\/cropped-cropped-escapada-rural-icon-mag-3.png\",\"contentUrl\":\"https:\\\/\\\/www.escapadarural.com\\\/blog\\\/wp-content\\\/uploads\\\/2024\\\/10\\\/cropped-cropped-escapada-rural-icon-mag-3.png\",\"width\":512,\"height\":512,\"caption\":\"EscapadaRural\"},\"image\":{\"@id\":\"https:\\\/\\\/www.escapadarural.com\\\/blog\\\/#\\\/schema\\\/logo\\\/image\\\/\"},\"sameAs\":[\"https:\\\/\\\/www.facebook.com\\\/escapadarural\",\"https:\\\/\\\/www.instagram.com\\\/escapadarural\\\/\",\"https:\\\/\\\/www.youtube.com\\\/@escapadaruralcom\"]},{\"@type\":\"Person\",\"@id\":\"https:\\\/\\\/www.escapadarural.com\\\/blog\\\/#\\\/schema\\\/person\\\/ac6969ba5ab90987dda9465be409d6b3\",\"name\":\"Jos\u00e9 Alejandro Adamuz\",\"image\":{\"@type\":\"ImageObject\",\"inLanguage\":\"es\",\"@id\":\"https:\\\/\\\/www.escapadarural.com\\\/blog\\\/wp-content\\\/uploads\\\/2025\\\/02\\\/cropped-jose_alejandro_viajar-96x96.webp\",\"url\":\"https:\\\/\\\/www.escapadarural.com\\\/blog\\\/wp-content\\\/uploads\\\/2025\\\/02\\\/cropped-jose_alejandro_viajar-96x96.webp\",\"contentUrl\":\"https:\\\/\\\/www.escapadarural.com\\\/blog\\\/wp-content\\\/uploads\\\/2025\\\/02\\\/cropped-jose_alejandro_viajar-96x96.webp\",\"caption\":\"Jos\u00e9 Alejandro Adamuz\"},\"description\":\"Soy licenciado en filolog\u00eda hisp\u00e1nica y periodista por vocaci\u00f3n. Tambi\u00e9n soy disl\u00e9xico, por lo que suelo confundir la derecha con la izquierda y los kil\u00f3metros con la literatura. Pero de momento me va bien as\u00ed. Colaboro habitualmente en diferentes medios haciendo cr\u00f3nica de viajes y periodismo cultural. Me gusta que los viajes cuenten historias y que las historias me hagan viajar.\",\"sameAs\":[\"https:\\\/\\\/viviratodaletra.com\\\/\"],\"url\":\"https:\\\/\\\/www.escapadarural.com\\\/blog\\\/autor\\\/josealejandro\\\/\"}]}<\/script>\n<!-- \/ Yoast SEO plugin. -->","yoast_head_json":{"title":"Grandes museos en peque\u00f1os pueblos - EscapadaRural","robots":{"index":"index","follow":"follow","max-snippet":"max-snippet:-1","max-image-preview":"max-image-preview:large","max-video-preview":"max-video-preview:-1"},"canonical":"https:\/\/www.escapadarural.com\/blog\/grandes-museos-en-pequenos-pueblos\/","og_locale":"es_ES","og_type":"article","og_title":"Grandes museos en peque\u00f1os pueblos - EscapadaRural","og_description":"A lo largo y ancho del territorio nacional, hay algunos pueblos peque\u00f1os que lograron frenar la sangr\u00eda de la despoblaci\u00f3n con su particular \u201cefecto Guggenheim\u201d: emulando el caso de Bilbao, estos municipios tambi\u00e9n tienen su propio museo.","og_url":"https:\/\/www.escapadarural.com\/blog\/grandes-museos-en-pequenos-pueblos\/","og_site_name":"Magazine de viajes de EscapadaRural","article_publisher":"https:\/\/www.facebook.com\/escapadarural","article_published_time":"2020-04-15T08:15:40+00:00","article_modified_time":"2025-07-25T12:38:38+00:00","og_image":[{"width":2560,"height":1920,"url":"https:\/\/www.escapadarural.com\/blog\/wp-content\/uploads\/2021\/03\/Momias-de-Quinto-1-scaled-1.jpg?v=1753447120","type":"image\/jpeg"}],"author":"Jos\u00e9 Alejandro Adamuz","twitter_card":"summary_large_image","twitter_misc":{"Escrito por":"Jos\u00e9 Alejandro Adamuz","Tiempo de lectura":"8 minutos"},"schema":{"@context":"https:\/\/schema.org","@graph":[{"@type":"Article","@id":"https:\/\/www.escapadarural.com\/blog\/grandes-museos-en-pequenos-pueblos\/#article","isPartOf":{"@id":"https:\/\/www.escapadarural.com\/blog\/grandes-museos-en-pequenos-pueblos\/"},"author":{"name":"Jos\u00e9 Alejandro Adamuz","@id":"https:\/\/www.escapadarural.com\/blog\/#\/schema\/person\/ac6969ba5ab90987dda9465be409d6b3"},"headline":"Grandes museos en peque\u00f1os pueblos","datePublished":"2020-04-15T08:15:40+00:00","dateModified":"2025-07-25T12:38:38+00:00","mainEntityOfPage":{"@id":"https:\/\/www.escapadarural.com\/blog\/grandes-museos-en-pequenos-pueblos\/"},"wordCount":1008,"commentCount":3,"publisher":{"@id":"https:\/\/www.escapadarural.com\/blog\/#organization"},"image":{"@id":"https:\/\/www.escapadarural.com\/blog\/grandes-museos-en-pequenos-pueblos\/#primaryimage"},"thumbnailUrl":"https:\/\/www.escapadarural.com\/blog\/wp-content\/uploads\/2021\/03\/Momias-de-Quinto-1-scaled-1.jpg","keywords":["Malpartida de C\u00e1ceres","museos","Quinto","Villafames"],"articleSection":["Arte y Cultura"],"inLanguage":"es","potentialAction":[{"@type":"CommentAction","name":"Comment","target":["https:\/\/www.escapadarural.com\/blog\/grandes-museos-en-pequenos-pueblos\/#respond"]}]},{"@type":"WebPage","@id":"https:\/\/www.escapadarural.com\/blog\/grandes-museos-en-pequenos-pueblos\/","url":"https:\/\/www.escapadarural.com\/blog\/grandes-museos-en-pequenos-pueblos\/","name":"Grandes museos en peque\u00f1os pueblos - EscapadaRural","isPartOf":{"@id":"https:\/\/www.escapadarural.com\/blog\/#website"},"primaryImageOfPage":{"@id":"https:\/\/www.escapadarural.com\/blog\/grandes-museos-en-pequenos-pueblos\/#primaryimage"},"image":{"@id":"https:\/\/www.escapadarural.com\/blog\/grandes-museos-en-pequenos-pueblos\/#primaryimage"},"thumbnailUrl":"https:\/\/www.escapadarural.com\/blog\/wp-content\/uploads\/2021\/03\/Momias-de-Quinto-1-scaled-1.jpg","datePublished":"2020-04-15T08:15:40+00:00","dateModified":"2025-07-25T12:38:38+00:00","breadcrumb":{"@id":"https:\/\/www.escapadarural.com\/blog\/grandes-museos-en-pequenos-pueblos\/#breadcrumb"},"inLanguage":"es","potentialAction":[{"@type":"ReadAction","target":["https:\/\/www.escapadarural.com\/blog\/grandes-museos-en-pequenos-pueblos\/"]}]},{"@type":"ImageObject","inLanguage":"es","@id":"https:\/\/www.escapadarural.com\/blog\/grandes-museos-en-pequenos-pueblos\/#primaryimage","url":"https:\/\/www.escapadarural.com\/blog\/wp-content\/uploads\/2021\/03\/Momias-de-Quinto-1-scaled-1.jpg","contentUrl":"https:\/\/www.escapadarural.com\/blog\/wp-content\/uploads\/2021\/03\/Momias-de-Quinto-1-scaled-1.jpg","width":2560,"height":1920,"caption":"Por Museo de Momias de Quinto"},{"@type":"BreadcrumbList","@id":"https:\/\/www.escapadarural.com\/blog\/grandes-museos-en-pequenos-pueblos\/#breadcrumb","itemListElement":[{"@type":"ListItem","position":1,"name":"Inicio","item":"https:\/\/www.escapadarural.com\/blog\/"},{"@type":"ListItem","position":2,"name":"Arte y Cultura","item":"https:\/\/www.escapadarural.com\/blog\/categoria\/arte-y-cultura\/"},{"@type":"ListItem","position":3,"name":"Grandes museos en peque\u00f1os pueblos"}]},{"@type":"WebSite","@id":"https:\/\/www.escapadarural.com\/blog\/#website","url":"https:\/\/www.escapadarural.com\/blog\/","name":"Blog de viajes | turismo rural, alojamientos e inspiraci\u00f3n","description":"Alojamientos rurales e inspiraci\u00f3n para tus escapadas","publisher":{"@id":"https:\/\/www.escapadarural.com\/blog\/#organization"},"alternateName":"Magazine de viajes de EscapadaRural","potentialAction":[{"@type":"SearchAction","target":{"@type":"EntryPoint","urlTemplate":"https:\/\/www.escapadarural.com\/blog\/?s={search_term_string}"},"query-input":{"@type":"PropertyValueSpecification","valueRequired":true,"valueName":"search_term_string"}}],"inLanguage":"es"},{"@type":"Organization","@id":"https:\/\/www.escapadarural.com\/blog\/#organization","name":"EscapadaRural","url":"https:\/\/www.escapadarural.com\/blog\/","logo":{"@type":"ImageObject","inLanguage":"es","@id":"https:\/\/www.escapadarural.com\/blog\/#\/schema\/logo\/image\/","url":"https:\/\/www.escapadarural.com\/blog\/wp-content\/uploads\/2024\/10\/cropped-cropped-escapada-rural-icon-mag-3.png","contentUrl":"https:\/\/www.escapadarural.com\/blog\/wp-content\/uploads\/2024\/10\/cropped-cropped-escapada-rural-icon-mag-3.png","width":512,"height":512,"caption":"EscapadaRural"},"image":{"@id":"https:\/\/www.escapadarural.com\/blog\/#\/schema\/logo\/image\/"},"sameAs":["https:\/\/www.facebook.com\/escapadarural","https:\/\/www.instagram.com\/escapadarural\/","https:\/\/www.youtube.com\/@escapadaruralcom"]},{"@type":"Person","@id":"https:\/\/www.escapadarural.com\/blog\/#\/schema\/person\/ac6969ba5ab90987dda9465be409d6b3","name":"Jos\u00e9 Alejandro Adamuz","image":{"@type":"ImageObject","inLanguage":"es","@id":"https:\/\/www.escapadarural.com\/blog\/wp-content\/uploads\/2025\/02\/cropped-jose_alejandro_viajar-96x96.webp","url":"https:\/\/www.escapadarural.com\/blog\/wp-content\/uploads\/2025\/02\/cropped-jose_alejandro_viajar-96x96.webp","contentUrl":"https:\/\/www.escapadarural.com\/blog\/wp-content\/uploads\/2025\/02\/cropped-jose_alejandro_viajar-96x96.webp","caption":"Jos\u00e9 Alejandro Adamuz"},"description":"Soy licenciado en filolog\u00eda hisp\u00e1nica y periodista por vocaci\u00f3n. Tambi\u00e9n soy disl\u00e9xico, por lo que suelo confundir la derecha con la izquierda y los kil\u00f3metros con la literatura. Pero de momento me va bien as\u00ed. Colaboro habitualmente en diferentes medios haciendo cr\u00f3nica de viajes y periodismo cultural. Me gusta que los viajes cuenten historias y que las historias me hagan viajar.","sameAs":["https:\/\/viviratodaletra.com\/"],"url":"https:\/\/www.escapadarural.com\/blog\/autor\/josealejandro\/"}]}},"_links":{"self":[{"href":"https:\/\/www.escapadarural.com\/blog\/wp-json\/wp\/v2\/posts\/12669","targetHints":{"allow":["GET"]}}],"collection":[{"href":"https:\/\/www.escapadarural.com\/blog\/wp-json\/wp\/v2\/posts"}],"about":[{"href":"https:\/\/www.escapadarural.com\/blog\/wp-json\/wp\/v2\/types\/post"}],"author":[{"embeddable":true,"href":"https:\/\/www.escapadarural.com\/blog\/wp-json\/wp\/v2\/users\/112"}],"replies":[{"embeddable":true,"href":"https:\/\/www.escapadarural.com\/blog\/wp-json\/wp\/v2\/comments?post=12669"}],"version-history":[{"count":0,"href":"https:\/\/www.escapadarural.com\/blog\/wp-json\/wp\/v2\/posts\/12669\/revisions"}],"wp:featuredmedia":[{"embeddable":true,"href":"https:\/\/www.escapadarural.com\/blog\/wp-json\/wp\/v2\/media\/193076"}],"wp:attachment":[{"href":"https:\/\/www.escapadarural.com\/blog\/wp-json\/wp\/v2\/media?parent=12669"}],"wp:term":[{"taxonomy":"category","embeddable":true,"href":"https:\/\/www.escapadarural.com\/blog\/wp-json\/wp\/v2\/categories?post=12669"},{"taxonomy":"post_tag","embeddable":true,"href":"https:\/\/www.escapadarural.com\/blog\/wp-json\/wp\/v2\/tags?post=12669"}],"curies":[{"name":"wp","href":"https:\/\/api.w.org\/{rel}","templated":true}]}}