{"id":12675,"date":"2021-03-31T08:30:00","date_gmt":"2021-03-31T07:30:00","guid":{"rendered":"http:\/\/15.188.81.248\/2020\/02\/12\/pueblos-antiguos-de-espana\/"},"modified":"2025-08-12T10:06:09","modified_gmt":"2025-08-12T08:06:09","slug":"pueblos-antiguos-de-espana","status":"publish","type":"post","link":"https:\/\/www.escapadarural.com\/blog\/pueblos-antiguos-de-espana\/","title":{"rendered":"Algunos de los pueblos m\u00e1s antiguos de Espa\u00f1a"},"content":{"rendered":"\n<figure class=\"wp-block-image size-large\"><a href=\"\/blog\/wp-content\/uploads\/2020\/05\/Tarazona_-_Vista-1.jpg\"><img decoding=\"async\" src=\"\/blog\/wp-content\/uploads\/2020\/05\/Tarazona_-_Vista-1-1024x768.jpg\" alt=\"\" class=\"wp-image-18514\"\/><\/a><\/figure>\n\n\n\n<p>Por su lugar estrat\u00e9gico, rodeado de mar, Espa\u00f1a es un pa\u00eds rico en civilizaciones. En \u00e9l hay constancia de asentamientos prehist\u00f3ricos, de la llegada de los celtas, los \u00edberos, fenicios, romanos, cartagineses&#8230; Fue atacado por los b\u00e1rbaros, habitado por los visigodos y una gran parte fue conquistado por los \u00e1rabes y, posteriormente, por los cristianos. Se crearon reinos y se reunificaron.<\/p>\n\n\n\n<p>Todas estas historias, y m\u00e1s, son la esencia del pa\u00eds: los or\u00edgenes. Esta es una selecci\u00f3n de <strong>algunos de los pueblos m\u00e1s antiguos de Espa\u00f1a<\/strong>.<\/p>\n\n\n\n<h2 class=\"wp-block-heading title-rute\" id=\"h-adra-almeria\">Adra, Almer\u00eda<\/h2>\n\n\n\n<figure class=\"wp-block-image size-large\"><a href=\"\/blog\/wp-content\/uploads\/2020\/05\/adra.jpg\"><img decoding=\"async\" src=\"\/blog\/wp-content\/uploads\/2020\/05\/adra.jpg\" alt=\"Adra\" class=\"wp-image-18517\"\/><\/a><figcaption class=\"wp-element-caption\">Por Lux Blue<\/figcaption><\/figure>\n\n\n\n<p>Adra fue <strong>fundada por los fenicios<\/strong> en el siglo VIII a.C. Por aquel entonces su nombre era Abdera y su econom\u00eda se basaba en la pesca del at\u00fan, adem\u00e1s del comercio mar\u00edtimo. Algunos restos arqueol\u00f3gicos encontrados en el Cerro de Montecristo han revelado que tambi\u00e9n pudo ser una ciudad p\u00fanica hasta la conquista de los romanos.<\/p>\n\n\n\n<p>El puerto de Adra ha tenido gran relevancia en la antig\u00fcedad para la importaci\u00f3n y exportaci\u00f3n de mercanc\u00edas provenientes del Mediterr\u00e1neo, aunque hoy la base de la econom\u00eda es agr\u00edcola.<\/p>\n\n\n\n<p>Con 13 kil\u00f3metros de playa, algunas de ellas v\u00edrgenes y con banderas azules, Adra tiene un gran atractivo tur\u00edstico que, por suerte, no est\u00e1 explotado. De hecho, en el pueblo no hay hoteles ni alojamientos tur\u00edsticos, aunque s\u00ed hay varias <a href=\"https:\/\/www.escapadarural.com\/casas-rurales\/adra\" target=\"_blank\" rel=\"noopener noreferrer\">casas rurales en sus alrededores<\/a>.<\/p>\n\n\n\n<h2 class=\"wp-block-heading title-rute\" id=\"h-coria-caceres\">Coria, C\u00e1ceres<\/h2>\n\n\n\n<figure class=\"wp-block-image size-large\"><a href=\"\/blog\/wp-content\/uploads\/2020\/05\/coria.jpg\"><img decoding=\"async\" src=\"\/blog\/wp-content\/uploads\/2020\/05\/coria.jpg\" alt=\"\" class=\"wp-image-18518\"\/><\/a><figcaption class=\"wp-element-caption\">Cathedral of Santa Maria de la Asuncion in Coria, Caceres, Extremadura, Spain<\/figcaption><\/figure>\n\n\n\n<p>Los or\u00edgenes de Coria se remontan a los vetones, una estirpe celta que situ\u00f3 su <strong>antigua capital en Caura<\/strong> entre los siglos VIII a.C y VII a.C. 500 a\u00f1os m\u00e1s tarde ser\u00edan conquistados por los romanos, quienes levantaron la muralla para proteger la entonces denominada Caurium.<\/p>\n\n\n\n<p>La mayor parte de los edificios que se conservan en su casco antiguo datan de la Edad Media, cuando fue conquistada por los musulmanes y cristianos. De esta \u00e9poca es su castillo, levantado por orden del ducado de Alba en el siglo XV sobre las murallas romanas; tambi\u00e9n la catedral y el palacio de los duques de Alba.<\/p>\n\n\n\n<p>Como curiosidad, <a href=\"https:\/\/www.escapadarural.com\/casas-rurales\/coria\">Coria<\/a> no solo es de las localidades m\u00e1s antiguas de Espa\u00f1a, sino que fue la primera en imprimir un libro en Extremadura. Fue el <em>Blas\u00f3n general y nobleza del universo<\/em> (1489).<\/p>\n\n\n\n<h2 class=\"wp-block-heading title-rute\" id=\"h-torrejoncillo-caceres\">Torrejoncillo, C\u00e1ceres<\/h2>\n\n\n<div class=\"wp-block-image\">\n<figure class=\"aligncenter size-large\"><a href=\"\/blog\/wp-content\/uploads\/2020\/05\/Ayuntamiento_de_Torrejoncillo.jpg\"><img decoding=\"async\" src=\"\/blog\/wp-content\/uploads\/2020\/05\/Ayuntamiento_de_Torrejoncillo.jpg\" alt=\"Torrejoncillo\" class=\"wp-image-18520\"\/><\/a><figcaption class=\"wp-element-caption\">Por Josemamc<\/figcaption><\/figure>\n<\/div>\n\n\n<p>Sin salir de C\u00e1ceres y no muy lejos de Coria est\u00e1 <a href=\"https:\/\/www.escapadarural.com\/casas-rurales\/torrejoncillo\">Torrejoncillo<\/a>, otro de los <strong>pueblos m\u00e1s antiguos de Espa\u00f1a<\/strong>. Sus or\u00edgenes tambi\u00e9n se remontan a los vetones, de ellos se encontraron unas figuras de bronce del siglo III a.C. Estaban dedicadas a <a href=\"https:\/\/es.wikipedia.org\/wiki\/Ataecina\" target=\"_blank\" rel=\"noopener noreferrer\">Ataecina<\/a>, la diosa de la fertilidad y del renacer que fue adorada por los antiguos \u00edberos, lusitanos, carpetanos y celt\u00edberos.<\/p>\n\n\n\n<p>De hecho, una de las fiestas m\u00e1s populares de Torrejoncillo, <a href=\"https:\/\/www.youtube.com\/watch?v=OCCmii4k6w0\" target=\"_blank\" rel=\"noopener noreferrer\">La Encamis\u00e1<\/a>, rinde homenaje a Mar\u00eda Inmaculada durante el d\u00eda de la Inmaculada Concepci\u00f3n. Se cree que sus or\u00edgenes pueden ser de la \u00e9poca prerromana.<\/p>\n\n\n\n<p>El nombre de Torrejoncillo viene de la conquista \u00e1rabe. De cuando los cabreros y vaqueros comenzaron a agrupar sus casetas entorno a un peque\u00f1o torre\u00f3n en el Val de la Jamarga. Hasta el siglo XIX, este pueblo cacere\u00f1o tuvo gran prosperidad econ\u00f3mica gracias al desarrollo de su industria pa\u00f1era.<\/p>\n\n\n\n<h2 class=\"wp-block-heading title-rute\" id=\"h-tarazona-zaragoza\">Tarazona, Zaragoza<\/h2>\n\n\n<div class=\"wp-block-image\">\n<figure class=\"aligncenter size-large\"><a href=\"\/blog\/wp-content\/uploads\/2020\/05\/tarazona.jpg\"><img decoding=\"async\" src=\"\/blog\/wp-content\/uploads\/2020\/05\/tarazona.jpg\" alt=\"Tarazona\" class=\"wp-image-18522\"\/><\/a><figcaption class=\"wp-element-caption\">Por Mik Man<\/figcaption><\/figure>\n<\/div>\n\n\n<p>Dice la leyenda que <strong>Tarazona fue levantada por T\u00fabal y Ca\u00edn<\/strong> y reedificada por H\u00e9rcules, como indica el escudo: <em>\u201cTubalcain me aedificavit. H\u00e9rcules me reaedificavit\u201d<\/em>. Los restos m\u00e1s antiguos, no obstante, datan del siglo I a.C, aunque existe documentaci\u00f3n sobre la acu\u00f1aci\u00f3n de moneda en la entonces Triaso celt\u00edbera desde el siglo II a.C<\/p>\n\n\n\n<p>Con la conquista romana, Tarazona pas\u00f3 a conocerse como Turiaso. De esta \u00e9poca se han encontrado un sarc\u00f3fago, unos mosaicos, una necr\u00f3polis y un busto de C\u00e9sar Augusto, que actualmente est\u00e1 expuesto en el Museo de Zaragoza, entre otros hallazgos.<\/p>\n\n\n\n<p>En la Edad Media, cuando pas\u00f3 a ser <a href=\"https:\/\/www.tarazona.es\/tu-ciudad\/conoce-tarazona\/historia\" target=\"_blank\" rel=\"noopener noreferrer\">Tirasona<\/a>, se convirti\u00f3 en una fortaleza visigoda. Tambi\u00e9n fue una ciudad de reyes. Adem\u00e1s de varios enlaces reales, en la catedral Jaime I El Conquistador fue armado caballero y se celebraron varias cortes, lo que hizo que en el siglo XV los Reyes Cat\u00f3licos se instalaran durante unos meses en el palacio episcopal de Tarazona.<\/p>\n\n\n\n<p>Gustavo Adolfo B\u00e9quer la denomin\u00f3 como la peque\u00f1a Toledo. Y, como curiosidad, aqu\u00ed nacieron la artista <a href=\"https:\/\/es.wikipedia.org\/wiki\/Raquel_Meller\" target=\"_blank\">Raquel Meller<\/a> y el c\u00f3mico Paco Mart\u00ednez Soria.<\/p>\n\n\n\n<figure class=\"wp-block-embed is-type-video is-provider-youtube wp-block-embed-youtube wp-embed-aspect-16-9 wp-has-aspect-ratio\"><div class=\"wp-block-embed__wrapper\">\n<span class=\"nPbZXhEWNl5tYK4oJC6eQPypxr7aUHDHGqRzKMUDaQ5Z32cbBlkSxwjkh9u8jsLirB0vJqI9M24WmTgcVdEfzFs8C3OoXIm\"><div class=\"video-shortcode\"><iframe title=\"PACO MART\u00cdNEZ SORIA en &#039;El turismo es un gran invento&#039; [HD]\" width=\"1200\" height=\"675\" src=\"https:\/\/www.youtube.com\/embed\/g5nlhGzJbmI?feature=oembed\" frameborder=\"0\" allow=\"accelerometer; autoplay; clipboard-write; encrypted-media; gyroscope; picture-in-picture; web-share\" referrerpolicy=\"strict-origin-when-cross-origin\" allowfullscreen><\/iframe><\/div><\/span>\n<\/div><\/figure>\n\n\n\n<h2 class=\"wp-block-heading title-rute\" id=\"h-medellin-badajoz\">Medell\u00edn, Badajoz<\/h2>\n\n\n<div class=\"wp-block-image\">\n<figure class=\"aligncenter size-large\"><a href=\"\/blog\/wp-content\/uploads\/2020\/05\/medellin.jpg\"><img decoding=\"async\" src=\"\/blog\/wp-content\/uploads\/2020\/05\/medellin.jpg\" alt=\"Medell\u00edn\" class=\"wp-image-18524\"\/><\/a><figcaption class=\"wp-element-caption\">Por Juan Auni\u00f3n<\/figcaption><\/figure>\n<\/div>\n\n\n<p>Cuna de Hernan Cort\u00e9s, conquistador del Imperio Azteca, Medell\u00edn se asienta junto al r\u00edo Guadiana.<\/p>\n\n\n\n<p>Antes de la llegada de los romanos, <strong>Medell\u00edn fue la antigua <em>Conisturgis<\/em><\/strong>, capital de los conios. Su \u00e9poca romana comienza en el a\u00f1o 79 a.C, cuando el c\u00f3nsul Quintus Caecilius Metellus Pius le cambia el nombre por Metellinum. De esta \u00e9poca a\u00fan conserva su teatro romano.<\/p>\n\n\n\n<p>Otro de los edificios m\u00e1s representativos de <a href=\"https:\/\/www.escapadarural.com\/casas-rurales\/medellin\">Medell\u00edn<\/a> es el castillo, que corresponde a la Edad Media (S. XIV). De finales del medievo tambi\u00e9n son sus iglesias y el puente de los Austrias.<\/p>\n\n\n\n<h2 class=\"wp-block-heading title-rute\" id=\"h-olite-navarra\">Olite, Navarra<\/h2>\n\n\n<div class=\"wp-block-image\">\n<figure class=\"aligncenter size-large\"><a href=\"\/blog\/wp-content\/uploads\/2020\/05\/Olite-2.jpg\"><img decoding=\"async\" src=\"\/blog\/wp-content\/uploads\/2020\/05\/Olite-2.jpg\" alt=\"Olite\" class=\"wp-image-18527\"\/><\/a><figcaption class=\"wp-element-caption\">Por Chanclos<\/figcaption><\/figure>\n<\/div>\n\n\n<p><strong>Olite fue fundada por el rey godo Suintila<\/strong> en el a\u00f1o 621. Por aquel entonces se denominaba Oligicus u Ologite, y se fortific\u00f3 para protegerse de los vascones.<\/p>\n\n\n\n<p>Conocido por el imponente palacio medieval, ejemplo m\u00e1s importante del g\u00f3tico civil, <a href=\"https:\/\/www.escapadarural.com\/casas-rurales\/olite-erriberri\" target=\"_blank\" rel=\"noopener noreferrer\">Olite<\/a> sirvi\u00f3 de residencia a numerosas reinas y reyes siendo la Edad Media una de sus \u00e9pocas de m\u00e1ximo esplendor.<\/p>\n\n\n\n<p>Fue cuando el monarca navarro, Garc\u00eda IV, le otorg\u00f3 su primer fuero: el Fuero de los francos de Estella. Hoy todav\u00eda se conservan los nobles caserones de piedra con escudos de armas, las galer\u00edas y las iglesias medievales. Para vivir aquella \u00e9poca, Olite celebra desde 1994 el Festival Medieval. En \u00e9l no pueden faltar representaciones, desfiles, disfraces de reyes, ni el vino, que tambi\u00e9n le ha dado la fama al lugar.<\/p>\n\n\n\n<h2 class=\"wp-block-heading title-rute\" id=\"h-tarifa-cadiz\">Tarifa, C\u00e1diz<\/h2>\n\n\n<div class=\"wp-block-image\">\n<figure class=\"aligncenter size-large\"><a href=\"\/blog\/wp-content\/uploads\/2020\/05\/tarifa.jpg\"><img decoding=\"async\" src=\"\/blog\/wp-content\/uploads\/2020\/05\/tarifa.jpg\" alt=\"Tarifa\" class=\"wp-image-18530\"\/><\/a><figcaption class=\"wp-element-caption\">Por Juanamari Gonzalez<\/figcaption><\/figure>\n<\/div>\n\n\n<p>Los fenicios, griegos y cartagineses se asentaron en la isla de las Palomas. Y tambi\u00e9n hay restos arqueol\u00f3gicos que constatan que la zona estuvo ocupada desde la Prehistoria, como las pinturas naturalistas de la Cueva del Moro y la necr\u00f3polis de los Algarbes. Tambi\u00e9n de la <strong>\u00e9poca romana<\/strong>, que se cree que son quienes la fundaron en el siglo I. De ellos tambi\u00e9n es obra uno de los hallazgos m\u00e1s importantes de C\u00e1diz: Baelo Claudia.<\/p>\n\n\n\n<p>No obstante, fueron los musulmanes quienes la nombraron <a href=\"https:\/\/www.cadizturismo.com\/destinos\/provincias\/cadiz\/municipios\/tarifa\/\" target=\"_blank\" rel=\"noopener noreferrer\">Al-Yazirat Tarif<\/a> (isla de Tarifa) y fue de los primeros asentamientos \u00e1rabes de Espa\u00f1a.<\/p>\n\n\n\n<p>Debido a su situaci\u00f3n estrat\u00e9gica como zona fronteriza, fue objeto de ataques piratas y tuvo que ser fortificada. Con la conquista de los cristianos, Tarifa se convirti\u00f3 en el centro de vigilancia del Estrecho de Gibraltar.<\/p>\n\n\n\n<p>Hoy, es el destino perfecto para los amantes del windsurf y de los deportes n\u00e1uticos en general.<\/p>\n\n\n\n<h2 class=\"wp-block-heading title-rute\" id=\"h-benaocaz-cadiz\">Benaocaz, C\u00e1diz<\/h2>\n\n\n<div class=\"wp-block-image\">\n<figure class=\"aligncenter size-large\"><a href=\"\/blog\/wp-content\/uploads\/2020\/05\/Benaocaz.jpg\"><img decoding=\"async\" src=\"\/blog\/wp-content\/uploads\/2020\/05\/Benaocaz.jpg\" alt=\"Benaocaz\" class=\"wp-image-18540\"\/><\/a><figcaption class=\"wp-element-caption\">Por arenaphotouk<\/figcaption><\/figure>\n<\/div>\n\n\n<p>Aunque hay constancia de que el territorio fue ocupado desde la Prehistoria, la <a href=\"https:\/\/www.benaocaz.es\/index.php\/turismo-y-ocio\/historia\" target=\"_blank\" rel=\"noopener noreferrer\">aldea de Benaocaz<\/a> no fue fundada hasta el a\u00f1o 715 por los musulmanes. De ah\u00ed a que el pueblo cuente con un aire \u00e1rabe, sobre todo en el barrio nazar\u00ed, que contrasta con las casas nobles y se\u00f1oriales dieciochescas.<\/p>\n\n\n\n<p>Con la conquista cristiana, <a href=\"https:\/\/www.escapadarural.com\/casas-rurales\/benaocaz\" target=\"_blank\" rel=\"noopener noreferrer\">Benaocaz<\/a> perdi\u00f3 algunos de los edificios de aquella \u00e9poca. Este fue el caso de la mezquita, que sobre ella se levant\u00f3 la parroquia de San Pedro.<\/p>\n\n\n\n<p>Tambi\u00e9n le hizo mucho da\u00f1o la Guerra de la Independencia, que se llev\u00f3 por delante a muchos pueblos de la sierra. Durante la guerra civil, en cambio, en Benaocaz se guardaron algunos archivos que no quer\u00edan que fuesen eliminados.<\/p>\n\n\n\n<p>Benaocaz es un ejemplo de los llamados <strong>pueblos blancos<\/strong>. Cuenta con enorme atractivo, adem\u00e1s de por su historia por el lugar en el que se encuentra, en el Parque Natural de la Sierra de Grazalema y Los Alcornocales.<\/p>\n\n\n\n<h2 class=\"wp-block-heading title-rute\" id=\"h-barbate-cadiz\">Barbate, C\u00e1diz<\/h2>\n\n\n<div class=\"wp-block-image\">\n<figure class=\"aligncenter size-large\"><a href=\"\/blog\/wp-content\/uploads\/2020\/05\/Barbate.jpg\"><img decoding=\"async\" src=\"\/blog\/wp-content\/uploads\/2020\/05\/Barbate-1024x576.jpg\" alt=\"Barbate\" class=\"wp-image-18542\"\/><\/a><figcaption class=\"wp-element-caption\">Por El Pantera<\/figcaption><\/figure>\n<\/div>\n\n\n<p>Las primeras escrituras acerca de Barbate hablan del <a href=\"https:\/\/www.barbate.es\/el-municipio\/apuntes-historicos\" target=\"_blank\" rel=\"noopener noreferrer\">puerto de Baesippo<\/a>, que tuvo gran relevancia en la exportaci\u00f3n del at\u00fan por el Mediterr\u00e1neo. Primero por los fenicios y, posteriormente, por los romanos. Estos son los que lo convirtieron en un <strong>importante enclave pesquero<\/strong>.<\/p>\n\n\n\n<p>Pero, con la ca\u00edda del Imperio romano, el asentamiento entr\u00f3 en decadencia y desapareci\u00f3. Hasta que llegaron los musulmanes, quienes levantaron su fortaleza en la desembocadura del r\u00edo Barbate y al pueblo que hab\u00eda junto a ella lo llamaron Barbat.<\/p>\n\n\n\n<p>A lo largo de la historia, <a href=\"https:\/\/www.escapadarural.com\/casas-rurales\/barbate\" target=\"_blank\" rel=\"noopener noreferrer\">Barbate<\/a> fue conquistado por piratas berberiscos y por los cristianos. Fue zona fronteriza, que estuvo amenazada, por lo que se levantaron torres vig\u00eda y el castillo de Santiago.<\/p>\n\n\n\n<p>Se dice que no fue hasta XVIII cuando Barbate adquiere el car\u00e1cter actual. Fue con la llegada del malt\u00e9s Paula Mall\u00eda.<\/p>\n\n\n\n<h2 class=\"wp-block-heading title-rute\" id=\"h-branosera-palencia\">Bra\u00f1osera, Palencia<\/h2>\n\n\n<div class=\"wp-block-image\">\n<figure class=\"aligncenter size-large\"><a href=\"\/blog\/wp-content\/uploads\/2020\/05\/bra\u00f1osera.jpg\"><img decoding=\"async\" src=\"\/blog\/wp-content\/uploads\/2020\/05\/bra\u00f1osera-1024x576.jpg\" alt=\"Bra\u00f1osera\" class=\"wp-image-18544\"\/><\/a><figcaption class=\"wp-element-caption\">Por Bostamante<\/figcaption><\/figure>\n<\/div>\n\n\n<p><a href=\"https:\/\/www.escapadarural.com\/casas-rurales\/branosera\" target=\"_blank\" rel=\"noreferrer noopener\">Bra\u00f1osera<\/a> es conocida por ser <a href=\"https:\/\/www.escapadarural.com\/blog\/branosera-pueblo-mas-antiguo-de-espana\/\">el pueblo m\u00e1s antiguo de Espa\u00f1a<\/a>. El 13 de octubre del a\u00f1o 824 el Congreso le concedi\u00f3 la <strong>primera carta puebla del pa\u00eds<\/strong>, lo que constituy\u00f3 administraci\u00f3n local que dar\u00eda lugar a la creaci\u00f3n de ayuntamientos.<\/p>\n\n\n\n<p>Algunos edificios de Bra\u00f1osera sufrieron las consecuencias de la Revoluci\u00f3n de 1934 \u2013alzamiento de la clase trabajadora durante la II R\u00e9publica\u2013, por lo que parte de su patrimonio como la iglesia rom\u00e1nica de Santa Eulalia qued\u00f3 destruido.<\/p>\n\n\n\n<p>Durante el siglo XX la miner\u00eda contribuy\u00f3 a su desarrollo econ\u00f3mico, hasta su declive. Actualmente, adem\u00e1s de la ganader\u00eda y agricultura, se siguen explotando las canteras. La piedra de Bra\u00f1osera es conocida por particular color rojizo.<\/p>\n","protected":false},"excerpt":{"rendered":"<p>Por su lugar estrat\u00e9gico, rodeado de mar, Espa\u00f1a es un pa\u00eds rico en civilizaciones. En \u00e9l hay constancia de asentamientos prehist\u00f3ricos, de los celtas, \u00edberos, fenicios, romanos, cartagineses\u2026 Estos son algunos de los pueblos m\u00e1s antiguos de Espa\u00f1a.<\/p>\n","protected":false},"author":89,"featured_media":201726,"comment_status":"open","ping_status":"closed","sticky":false,"template":"","format":"standard","meta":{"_acf_changed":false,"om_disable_all_campaigns":false,"footnotes":""},"categories":[231],"tags":[440,215,422,212,890,1046],"class_list":["post-12675","post","type-post","status-publish","format-standard","has-post-thumbnail","hentry","category-arte-y-cultura","tag-historias-y-curiosidades","tag-listado","tag-olite","tag-pueblos","tag-tarazona","tag-tarifa"],"acf":[],"featured_image_src":"https:\/\/www.escapadarural.com\/blog\/wp-content\/uploads\/2023\/01\/Monumento_a_Hasekura_Tsunenaga_1-1024x576.jpg.webp","author_info":{"display_name":"Laura Fern\u00e1ndez","author_link":"https:\/\/www.escapadarural.com\/blog\/autor\/laura\/"},"yoast_head":"<!-- This site is optimized with the Yoast SEO plugin v27.5 - https:\/\/yoast.com\/product\/yoast-seo-wordpress\/ -->\n<title>Algunos de los pueblos m\u00e1s antiguos de Espa\u00f1a - EscapadaRural<\/title>\n<meta name=\"robots\" content=\"index, follow, max-snippet:-1, max-image-preview:large, max-video-preview:-1\" \/>\n<link rel=\"canonical\" href=\"https:\/\/www.escapadarural.com\/blog\/pueblos-antiguos-de-espana\/\" \/>\n<meta property=\"og:locale\" content=\"es_ES\" \/>\n<meta property=\"og:type\" content=\"article\" \/>\n<meta property=\"og:title\" content=\"Algunos de los pueblos m\u00e1s antiguos de Espa\u00f1a - EscapadaRural\" \/>\n<meta property=\"og:description\" content=\"Por su lugar estrat\u00e9gico, rodeado de mar, Espa\u00f1a es un pa\u00eds rico en civilizaciones. En \u00e9l hay constancia de asentamientos prehist\u00f3ricos, de los celtas, \u00edberos, fenicios, romanos, cartagineses\u2026 Estos son algunos de los pueblos m\u00e1s antiguos de Espa\u00f1a.\" \/>\n<meta property=\"og:url\" content=\"https:\/\/www.escapadarural.com\/blog\/pueblos-antiguos-de-espana\/\" \/>\n<meta property=\"og:site_name\" content=\"Magazine de viajes de EscapadaRural\" \/>\n<meta property=\"article:publisher\" content=\"https:\/\/www.facebook.com\/escapadarural\" \/>\n<meta property=\"article:published_time\" content=\"2021-03-31T07:30:00+00:00\" \/>\n<meta property=\"article:modified_time\" content=\"2025-08-12T08:06:09+00:00\" \/>\n<meta property=\"og:image\" content=\"https:\/\/www.escapadarural.com\/blog\/wp-content\/uploads\/2023\/01\/Monumento_a_Hasekura_Tsunenaga_1-1024x576.jpg.webp?v=1754985970\" \/>\n\t<meta property=\"og:image:width\" content=\"1024\" \/>\n\t<meta property=\"og:image:height\" content=\"576\" \/>\n\t<meta property=\"og:image:type\" content=\"image\/webp\" \/>\n<meta name=\"author\" content=\"Laura Fern\u00e1ndez\" \/>\n<meta name=\"twitter:card\" content=\"summary_large_image\" \/>\n<meta name=\"twitter:label1\" content=\"Escrito por\" \/>\n\t<meta name=\"twitter:data1\" content=\"Laura Fern\u00e1ndez\" \/>\n\t<meta name=\"twitter:label2\" content=\"Tiempo de lectura\" \/>\n\t<meta name=\"twitter:data2\" content=\"8 minutos\" \/>\n<script type=\"application\/ld+json\" class=\"yoast-schema-graph\">{\"@context\":\"https:\\\/\\\/schema.org\",\"@graph\":[{\"@type\":\"Article\",\"@id\":\"https:\\\/\\\/www.escapadarural.com\\\/blog\\\/pueblos-antiguos-de-espana\\\/#article\",\"isPartOf\":{\"@id\":\"https:\\\/\\\/www.escapadarural.com\\\/blog\\\/pueblos-antiguos-de-espana\\\/\"},\"author\":{\"name\":\"Laura Fern\u00e1ndez\",\"@id\":\"https:\\\/\\\/www.escapadarural.com\\\/blog\\\/#\\\/schema\\\/person\\\/a9b46ae4d047d8a2c719f31e75206cff\"},\"headline\":\"Algunos de los pueblos m\u00e1s antiguos de Espa\u00f1a\",\"datePublished\":\"2021-03-31T07:30:00+00:00\",\"dateModified\":\"2025-08-12T08:06:09+00:00\",\"mainEntityOfPage\":{\"@id\":\"https:\\\/\\\/www.escapadarural.com\\\/blog\\\/pueblos-antiguos-de-espana\\\/\"},\"wordCount\":1685,\"commentCount\":6,\"publisher\":{\"@id\":\"https:\\\/\\\/www.escapadarural.com\\\/blog\\\/#organization\"},\"image\":{\"@id\":\"https:\\\/\\\/www.escapadarural.com\\\/blog\\\/pueblos-antiguos-de-espana\\\/#primaryimage\"},\"thumbnailUrl\":\"https:\\\/\\\/www.escapadarural.com\\\/blog\\\/wp-content\\\/uploads\\\/2023\\\/01\\\/Monumento_a_Hasekura_Tsunenaga_1-1024x576.jpg.webp\",\"keywords\":[\"Historias y Curiosidades\",\"Listado\",\"Olite\",\"pueblos\",\"Tarazona\",\"Tarifa\"],\"articleSection\":[\"Arte y Cultura\"],\"inLanguage\":\"es\",\"potentialAction\":[{\"@type\":\"CommentAction\",\"name\":\"Comment\",\"target\":[\"https:\\\/\\\/www.escapadarural.com\\\/blog\\\/pueblos-antiguos-de-espana\\\/#respond\"]}]},{\"@type\":\"WebPage\",\"@id\":\"https:\\\/\\\/www.escapadarural.com\\\/blog\\\/pueblos-antiguos-de-espana\\\/\",\"url\":\"https:\\\/\\\/www.escapadarural.com\\\/blog\\\/pueblos-antiguos-de-espana\\\/\",\"name\":\"Algunos de los pueblos m\u00e1s antiguos de Espa\u00f1a - EscapadaRural\",\"isPartOf\":{\"@id\":\"https:\\\/\\\/www.escapadarural.com\\\/blog\\\/#website\"},\"primaryImageOfPage\":{\"@id\":\"https:\\\/\\\/www.escapadarural.com\\\/blog\\\/pueblos-antiguos-de-espana\\\/#primaryimage\"},\"image\":{\"@id\":\"https:\\\/\\\/www.escapadarural.com\\\/blog\\\/pueblos-antiguos-de-espana\\\/#primaryimage\"},\"thumbnailUrl\":\"https:\\\/\\\/www.escapadarural.com\\\/blog\\\/wp-content\\\/uploads\\\/2023\\\/01\\\/Monumento_a_Hasekura_Tsunenaga_1-1024x576.jpg.webp\",\"datePublished\":\"2021-03-31T07:30:00+00:00\",\"dateModified\":\"2025-08-12T08:06:09+00:00\",\"breadcrumb\":{\"@id\":\"https:\\\/\\\/www.escapadarural.com\\\/blog\\\/pueblos-antiguos-de-espana\\\/#breadcrumb\"},\"inLanguage\":\"es\",\"potentialAction\":[{\"@type\":\"ReadAction\",\"target\":[\"https:\\\/\\\/www.escapadarural.com\\\/blog\\\/pueblos-antiguos-de-espana\\\/\"]}]},{\"@type\":\"ImageObject\",\"inLanguage\":\"es\",\"@id\":\"https:\\\/\\\/www.escapadarural.com\\\/blog\\\/pueblos-antiguos-de-espana\\\/#primaryimage\",\"url\":\"https:\\\/\\\/www.escapadarural.com\\\/blog\\\/wp-content\\\/uploads\\\/2023\\\/01\\\/Monumento_a_Hasekura_Tsunenaga_1-1024x576.jpg.webp\",\"contentUrl\":\"https:\\\/\\\/www.escapadarural.com\\\/blog\\\/wp-content\\\/uploads\\\/2023\\\/01\\\/Monumento_a_Hasekura_Tsunenaga_1-1024x576.jpg.webp\",\"width\":1024,\"height\":576,\"caption\":\"Monumento al samurai Hasekura Tsunenaga en la localidad de Coria del R\u00edo. Por CarlosVdeHabsburgo\"},{\"@type\":\"BreadcrumbList\",\"@id\":\"https:\\\/\\\/www.escapadarural.com\\\/blog\\\/pueblos-antiguos-de-espana\\\/#breadcrumb\",\"itemListElement\":[{\"@type\":\"ListItem\",\"position\":1,\"name\":\"Inicio\",\"item\":\"https:\\\/\\\/www.escapadarural.com\\\/blog\\\/\"},{\"@type\":\"ListItem\",\"position\":2,\"name\":\"Arte y Cultura\",\"item\":\"https:\\\/\\\/www.escapadarural.com\\\/blog\\\/categoria\\\/arte-y-cultura\\\/\"},{\"@type\":\"ListItem\",\"position\":3,\"name\":\"Algunos de los pueblos m\u00e1s antiguos de Espa\u00f1a\"}]},{\"@type\":\"WebSite\",\"@id\":\"https:\\\/\\\/www.escapadarural.com\\\/blog\\\/#website\",\"url\":\"https:\\\/\\\/www.escapadarural.com\\\/blog\\\/\",\"name\":\"Blog de viajes | turismo rural, alojamientos e inspiraci\u00f3n\",\"description\":\"Alojamientos rurales e inspiraci\u00f3n para tus escapadas\",\"publisher\":{\"@id\":\"https:\\\/\\\/www.escapadarural.com\\\/blog\\\/#organization\"},\"alternateName\":\"Magazine de viajes de EscapadaRural\",\"potentialAction\":[{\"@type\":\"SearchAction\",\"target\":{\"@type\":\"EntryPoint\",\"urlTemplate\":\"https:\\\/\\\/www.escapadarural.com\\\/blog\\\/?s={search_term_string}\"},\"query-input\":{\"@type\":\"PropertyValueSpecification\",\"valueRequired\":true,\"valueName\":\"search_term_string\"}}],\"inLanguage\":\"es\"},{\"@type\":\"Organization\",\"@id\":\"https:\\\/\\\/www.escapadarural.com\\\/blog\\\/#organization\",\"name\":\"EscapadaRural\",\"url\":\"https:\\\/\\\/www.escapadarural.com\\\/blog\\\/\",\"logo\":{\"@type\":\"ImageObject\",\"inLanguage\":\"es\",\"@id\":\"https:\\\/\\\/www.escapadarural.com\\\/blog\\\/#\\\/schema\\\/logo\\\/image\\\/\",\"url\":\"https:\\\/\\\/www.escapadarural.com\\\/blog\\\/wp-content\\\/uploads\\\/2024\\\/10\\\/cropped-cropped-escapada-rural-icon-mag-3.png\",\"contentUrl\":\"https:\\\/\\\/www.escapadarural.com\\\/blog\\\/wp-content\\\/uploads\\\/2024\\\/10\\\/cropped-cropped-escapada-rural-icon-mag-3.png\",\"width\":512,\"height\":512,\"caption\":\"EscapadaRural\"},\"image\":{\"@id\":\"https:\\\/\\\/www.escapadarural.com\\\/blog\\\/#\\\/schema\\\/logo\\\/image\\\/\"},\"sameAs\":[\"https:\\\/\\\/www.facebook.com\\\/escapadarural\",\"https:\\\/\\\/www.instagram.com\\\/escapadarural\\\/\",\"https:\\\/\\\/www.youtube.com\\\/@escapadaruralcom\"]},{\"@type\":\"Person\",\"@id\":\"https:\\\/\\\/www.escapadarural.com\\\/blog\\\/#\\\/schema\\\/person\\\/a9b46ae4d047d8a2c719f31e75206cff\",\"name\":\"Laura Fern\u00e1ndez\",\"image\":{\"@type\":\"ImageObject\",\"inLanguage\":\"es\",\"@id\":\"https:\\\/\\\/www.escapadarural.com\\\/blog\\\/wp-content\\\/uploads\\\/2025\\\/01\\\/cropped-laura_raponchii-96x96.jpg\",\"url\":\"https:\\\/\\\/www.escapadarural.com\\\/blog\\\/wp-content\\\/uploads\\\/2025\\\/01\\\/cropped-laura_raponchii-96x96.jpg\",\"contentUrl\":\"https:\\\/\\\/www.escapadarural.com\\\/blog\\\/wp-content\\\/uploads\\\/2025\\\/01\\\/cropped-laura_raponchii-96x96.jpg\",\"caption\":\"Laura Fern\u00e1ndez\"},\"description\":\"Periodista, blogger y viajera. No necesariamente en ese orden. En ocasiones me despierto sin saber d\u00f3nde estoy. Adicta a los c\u00f3mics y a los noodles con salsa de cacahuete. Redactora en @escapadarural, colaboradora en la Conde Nast Traveler y en la Divinity. Mi casa: Meridiano180.\",\"sameAs\":[\"http:\\\/\\\/www.meridiano180.com\\\/\"],\"url\":\"https:\\\/\\\/www.escapadarural.com\\\/blog\\\/autor\\\/laura\\\/\"}]}<\/script>\n<!-- \/ Yoast SEO plugin. -->","yoast_head_json":{"title":"Algunos de los pueblos m\u00e1s antiguos de Espa\u00f1a - EscapadaRural","robots":{"index":"index","follow":"follow","max-snippet":"max-snippet:-1","max-image-preview":"max-image-preview:large","max-video-preview":"max-video-preview:-1"},"canonical":"https:\/\/www.escapadarural.com\/blog\/pueblos-antiguos-de-espana\/","og_locale":"es_ES","og_type":"article","og_title":"Algunos de los pueblos m\u00e1s antiguos de Espa\u00f1a - EscapadaRural","og_description":"Por su lugar estrat\u00e9gico, rodeado de mar, Espa\u00f1a es un pa\u00eds rico en civilizaciones. En \u00e9l hay constancia de asentamientos prehist\u00f3ricos, de los celtas, \u00edberos, fenicios, romanos, cartagineses\u2026 Estos son algunos de los pueblos m\u00e1s antiguos de Espa\u00f1a.","og_url":"https:\/\/www.escapadarural.com\/blog\/pueblos-antiguos-de-espana\/","og_site_name":"Magazine de viajes de EscapadaRural","article_publisher":"https:\/\/www.facebook.com\/escapadarural","article_published_time":"2021-03-31T07:30:00+00:00","article_modified_time":"2025-08-12T08:06:09+00:00","og_image":[{"width":1024,"height":576,"url":"https:\/\/www.escapadarural.com\/blog\/wp-content\/uploads\/2023\/01\/Monumento_a_Hasekura_Tsunenaga_1-1024x576.jpg.webp?v=1754985970","type":"image\/webp"}],"author":"Laura Fern\u00e1ndez","twitter_card":"summary_large_image","twitter_misc":{"Escrito por":"Laura Fern\u00e1ndez","Tiempo de lectura":"8 minutos"},"schema":{"@context":"https:\/\/schema.org","@graph":[{"@type":"Article","@id":"https:\/\/www.escapadarural.com\/blog\/pueblos-antiguos-de-espana\/#article","isPartOf":{"@id":"https:\/\/www.escapadarural.com\/blog\/pueblos-antiguos-de-espana\/"},"author":{"name":"Laura Fern\u00e1ndez","@id":"https:\/\/www.escapadarural.com\/blog\/#\/schema\/person\/a9b46ae4d047d8a2c719f31e75206cff"},"headline":"Algunos de los pueblos m\u00e1s antiguos de Espa\u00f1a","datePublished":"2021-03-31T07:30:00+00:00","dateModified":"2025-08-12T08:06:09+00:00","mainEntityOfPage":{"@id":"https:\/\/www.escapadarural.com\/blog\/pueblos-antiguos-de-espana\/"},"wordCount":1685,"commentCount":6,"publisher":{"@id":"https:\/\/www.escapadarural.com\/blog\/#organization"},"image":{"@id":"https:\/\/www.escapadarural.com\/blog\/pueblos-antiguos-de-espana\/#primaryimage"},"thumbnailUrl":"https:\/\/www.escapadarural.com\/blog\/wp-content\/uploads\/2023\/01\/Monumento_a_Hasekura_Tsunenaga_1-1024x576.jpg.webp","keywords":["Historias y Curiosidades","Listado","Olite","pueblos","Tarazona","Tarifa"],"articleSection":["Arte y Cultura"],"inLanguage":"es","potentialAction":[{"@type":"CommentAction","name":"Comment","target":["https:\/\/www.escapadarural.com\/blog\/pueblos-antiguos-de-espana\/#respond"]}]},{"@type":"WebPage","@id":"https:\/\/www.escapadarural.com\/blog\/pueblos-antiguos-de-espana\/","url":"https:\/\/www.escapadarural.com\/blog\/pueblos-antiguos-de-espana\/","name":"Algunos de los pueblos m\u00e1s antiguos de Espa\u00f1a - EscapadaRural","isPartOf":{"@id":"https:\/\/www.escapadarural.com\/blog\/#website"},"primaryImageOfPage":{"@id":"https:\/\/www.escapadarural.com\/blog\/pueblos-antiguos-de-espana\/#primaryimage"},"image":{"@id":"https:\/\/www.escapadarural.com\/blog\/pueblos-antiguos-de-espana\/#primaryimage"},"thumbnailUrl":"https:\/\/www.escapadarural.com\/blog\/wp-content\/uploads\/2023\/01\/Monumento_a_Hasekura_Tsunenaga_1-1024x576.jpg.webp","datePublished":"2021-03-31T07:30:00+00:00","dateModified":"2025-08-12T08:06:09+00:00","breadcrumb":{"@id":"https:\/\/www.escapadarural.com\/blog\/pueblos-antiguos-de-espana\/#breadcrumb"},"inLanguage":"es","potentialAction":[{"@type":"ReadAction","target":["https:\/\/www.escapadarural.com\/blog\/pueblos-antiguos-de-espana\/"]}]},{"@type":"ImageObject","inLanguage":"es","@id":"https:\/\/www.escapadarural.com\/blog\/pueblos-antiguos-de-espana\/#primaryimage","url":"https:\/\/www.escapadarural.com\/blog\/wp-content\/uploads\/2023\/01\/Monumento_a_Hasekura_Tsunenaga_1-1024x576.jpg.webp","contentUrl":"https:\/\/www.escapadarural.com\/blog\/wp-content\/uploads\/2023\/01\/Monumento_a_Hasekura_Tsunenaga_1-1024x576.jpg.webp","width":1024,"height":576,"caption":"Monumento al samurai Hasekura Tsunenaga en la localidad de Coria del R\u00edo. Por CarlosVdeHabsburgo"},{"@type":"BreadcrumbList","@id":"https:\/\/www.escapadarural.com\/blog\/pueblos-antiguos-de-espana\/#breadcrumb","itemListElement":[{"@type":"ListItem","position":1,"name":"Inicio","item":"https:\/\/www.escapadarural.com\/blog\/"},{"@type":"ListItem","position":2,"name":"Arte y Cultura","item":"https:\/\/www.escapadarural.com\/blog\/categoria\/arte-y-cultura\/"},{"@type":"ListItem","position":3,"name":"Algunos de los pueblos m\u00e1s antiguos de Espa\u00f1a"}]},{"@type":"WebSite","@id":"https:\/\/www.escapadarural.com\/blog\/#website","url":"https:\/\/www.escapadarural.com\/blog\/","name":"Blog de viajes | turismo rural, alojamientos e inspiraci\u00f3n","description":"Alojamientos rurales e inspiraci\u00f3n para tus escapadas","publisher":{"@id":"https:\/\/www.escapadarural.com\/blog\/#organization"},"alternateName":"Magazine de viajes de EscapadaRural","potentialAction":[{"@type":"SearchAction","target":{"@type":"EntryPoint","urlTemplate":"https:\/\/www.escapadarural.com\/blog\/?s={search_term_string}"},"query-input":{"@type":"PropertyValueSpecification","valueRequired":true,"valueName":"search_term_string"}}],"inLanguage":"es"},{"@type":"Organization","@id":"https:\/\/www.escapadarural.com\/blog\/#organization","name":"EscapadaRural","url":"https:\/\/www.escapadarural.com\/blog\/","logo":{"@type":"ImageObject","inLanguage":"es","@id":"https:\/\/www.escapadarural.com\/blog\/#\/schema\/logo\/image\/","url":"https:\/\/www.escapadarural.com\/blog\/wp-content\/uploads\/2024\/10\/cropped-cropped-escapada-rural-icon-mag-3.png","contentUrl":"https:\/\/www.escapadarural.com\/blog\/wp-content\/uploads\/2024\/10\/cropped-cropped-escapada-rural-icon-mag-3.png","width":512,"height":512,"caption":"EscapadaRural"},"image":{"@id":"https:\/\/www.escapadarural.com\/blog\/#\/schema\/logo\/image\/"},"sameAs":["https:\/\/www.facebook.com\/escapadarural","https:\/\/www.instagram.com\/escapadarural\/","https:\/\/www.youtube.com\/@escapadaruralcom"]},{"@type":"Person","@id":"https:\/\/www.escapadarural.com\/blog\/#\/schema\/person\/a9b46ae4d047d8a2c719f31e75206cff","name":"Laura Fern\u00e1ndez","image":{"@type":"ImageObject","inLanguage":"es","@id":"https:\/\/www.escapadarural.com\/blog\/wp-content\/uploads\/2025\/01\/cropped-laura_raponchii-96x96.jpg","url":"https:\/\/www.escapadarural.com\/blog\/wp-content\/uploads\/2025\/01\/cropped-laura_raponchii-96x96.jpg","contentUrl":"https:\/\/www.escapadarural.com\/blog\/wp-content\/uploads\/2025\/01\/cropped-laura_raponchii-96x96.jpg","caption":"Laura Fern\u00e1ndez"},"description":"Periodista, blogger y viajera. No necesariamente en ese orden. En ocasiones me despierto sin saber d\u00f3nde estoy. Adicta a los c\u00f3mics y a los noodles con salsa de cacahuete. Redactora en @escapadarural, colaboradora en la Conde Nast Traveler y en la Divinity. Mi casa: Meridiano180.","sameAs":["http:\/\/www.meridiano180.com\/"],"url":"https:\/\/www.escapadarural.com\/blog\/autor\/laura\/"}]}},"_links":{"self":[{"href":"https:\/\/www.escapadarural.com\/blog\/wp-json\/wp\/v2\/posts\/12675","targetHints":{"allow":["GET"]}}],"collection":[{"href":"https:\/\/www.escapadarural.com\/blog\/wp-json\/wp\/v2\/posts"}],"about":[{"href":"https:\/\/www.escapadarural.com\/blog\/wp-json\/wp\/v2\/types\/post"}],"author":[{"embeddable":true,"href":"https:\/\/www.escapadarural.com\/blog\/wp-json\/wp\/v2\/users\/89"}],"replies":[{"embeddable":true,"href":"https:\/\/www.escapadarural.com\/blog\/wp-json\/wp\/v2\/comments?post=12675"}],"version-history":[{"count":0,"href":"https:\/\/www.escapadarural.com\/blog\/wp-json\/wp\/v2\/posts\/12675\/revisions"}],"wp:featuredmedia":[{"embeddable":true,"href":"https:\/\/www.escapadarural.com\/blog\/wp-json\/wp\/v2\/media\/201726"}],"wp:attachment":[{"href":"https:\/\/www.escapadarural.com\/blog\/wp-json\/wp\/v2\/media?parent=12675"}],"wp:term":[{"taxonomy":"category","embeddable":true,"href":"https:\/\/www.escapadarural.com\/blog\/wp-json\/wp\/v2\/categories?post=12675"},{"taxonomy":"post_tag","embeddable":true,"href":"https:\/\/www.escapadarural.com\/blog\/wp-json\/wp\/v2\/tags?post=12675"}],"curies":[{"name":"wp","href":"https:\/\/api.w.org\/{rel}","templated":true}]}}