{"id":12802,"date":"2020-04-02T09:30:27","date_gmt":"2020-04-02T09:30:27","guid":{"rendered":"http:\/\/15.188.81.248\/2020\/04\/02\/dentro-de-la-bodega-de-portugal-el-vino-verde\/"},"modified":"2025-08-12T16:45:55","modified_gmt":"2025-08-12T14:45:55","slug":"dentro-de-la-bodega-de-portugal-el-vino-verde","status":"publish","type":"post","link":"https:\/\/www.escapadarural.com\/blog\/dentro-de-la-bodega-de-portugal-el-vino-verde\/","title":{"rendered":"Dentro de la bodega de Portugal: el vino verde"},"content":{"rendered":"\n<figure class=\"wp-block-image size-large\"><a href=\"\/blog\/wp-content\/uploads\/2020\/04\/duero-1.jpg\"><img decoding=\"async\" src=\"\/blog\/wp-content\/uploads\/2020\/04\/duero-1.jpg\" alt=\"Valle del Duero\" class=\"wp-image-18080\"\/><\/a><figcaption>Valle del Duero. Por Irakite<\/figcaption><\/figure>\n\n\n\n<p>Que nadie se imagine un l\u00edquido color pradera cuando oiga a cualquiera pedir <em>vinho verde<\/em> (vino verde en castellano) en un bar portugu\u00e9s. Su nombre hace referencia a las caracter\u00edsticas del lugar en donde se se elabora, la Costa Verde, no a su \u201cimagen\u201d. De hecho, <strong>hay <em>vinho verde<\/em> tinto, rosado y blanco<\/strong>. S\u00ed, puede sonar un poco confuso, pero despu\u00e9s de una copa se entiende mejor.<\/p>\n\n\n\n<!--more-->\n\n\n\n<p>Portugal es el <strong>sexto productor de vinos del mundo<\/strong> y aunque <a href=\"https:\/\/www.escapadarural.com\/blog\/las-tres-paradas-obligadas-para-los-amantes-del-vino-de-oporto\/\">el Oporto<\/a> quiz\u00e1s sea el m\u00e1s famoso -al menos para los poco duchos en la materia-, los \u201cverdes\u201d son tambi\u00e9n unos triunfadores. Tanto dentro del pa\u00eds como fuera, ya que su exportaci\u00f3n llega a sitios tan lejanos como Canad\u00e1, en gran parte gracias al crecimiento del enoturismo portugu\u00e9s. De hecho, es el factor que m\u00e1s influye en el crecimiento su negocio vin\u00edcola. Es decir, que quien va y lo prueba, se lleva una botella. O unas cuantas, por lo que parece.<\/p>\n\n\n\n<p>El <em>vinho verde<\/em> tiene la <strong>Denominaci\u00f3n de Origen Controlada (DOC)<\/strong> desde 1984. Ese lugar de producci\u00f3n abarca miles de hect\u00e1reas que se reparten por la regi\u00f3n Entre-Douro-e-Minho (r\u00edo Duero y Mi\u00f1o), que va desde un poco m\u00e1s abajo de Oporto hasta la frontera con Espa\u00f1a. Se divide en nueve subregiones: Amarante, Ave, Bai\u00e3o, Basto, C\u00e1vado, Lima, Mon\u00e7\u00e3o, Paiva y Sousa.<\/p>\n\n\n\n<figure class=\"wp-block-image size-large\"><a href=\"\/blog\/wp-content\/uploads\/2020\/04\/vinho-verde1-1.jpg\"><img decoding=\"async\" src=\"\/blog\/wp-content\/uploads\/2020\/04\/vinho-verde1-1.jpg\" alt=\"enoturismo en Portugal\" class=\"wp-image-18079\"\/><\/a><figcaption>bunch of grapes in the vineyard<\/figcaption><\/figure>\n\n\n\n<p>Los <strong>tipos de uva (castas)<\/strong> que se cultivan en dichas tierras son: Loureiro, Alvarinho \u2013s\u00ed, como en Galicia\u2013, Arinto y Trajadura para los blancos (los que abarcan el grueso de la producci\u00f3n); Vinh\u00e3o para los tintos y para los rosados, espadeiro.<\/p>\n\n\n\n<p>Hay quien dice que el adjetivo verde le viene a este tipo de vinos por <strong>la juventud de sus uvas<\/strong>, que le da ligereza y frescura. Se toman muy fr\u00edos, suelen tener aguja (burbujitas) y no demasiado alcohol, aunque cuidado: entran tan bien que una copa lleva a otra y se puede llegar a un nivel de embriaguez considerable casi sin darse cuenta.<\/p>\n\n\n\n<p>Adem\u00e1s, <strong>maridan muy bien con mariscos, pescados<\/strong> \u2013c\u00f3mo no, hab\u00eda que encontrarle una pareja l\u00edquida al bacalao\u2013 o carnes blancas. Una imagen para salivar: langosta a la mantequilla con un vino blanco espumoso muy fr\u00edo para acompa\u00f1ar \u00bfQui\u00e9n dice que no?<\/p>\n\n\n\n<h2 class=\"title-rute wp-block-heading\">Portugal y el vino, una historia de largo recorrido<\/h2>\n\n\n\n<figure class=\"wp-block-image size-large\"><a href=\"\/blog\/wp-content\/uploads\/2020\/04\/vinho-verde-1.jpg\"><img decoding=\"async\" src=\"\/blog\/wp-content\/uploads\/2020\/04\/vinho-verde-1.jpg\" alt=\"enoturismo en Portugal\" class=\"wp-image-18078\"\/><\/a><figcaption>Por steheap\n\n<\/figcaption><\/figure>\n\n\n\n<p>Al igual que en otros pa\u00edses productores de vino como Espa\u00f1a o Italia, el clero tuvo bastante poder durante la Edad Media. Necesitaban <strong>una producci\u00f3n vin\u00edcola potente<\/strong> para poder abastecer los feligreses a la hora de ir a recibir la comuni\u00f3n (y de los curas para beber la sangre de Cristo, claro). Como la corona portuguesa no quer\u00eda problemas con la Iglesia, accedieron al aumento de la producci\u00f3n.<\/p>\n\n\n\n<p>Tambi\u00e9n hubo <strong>intereses comerciales<\/strong> que influyeron en la decisi\u00f3n, por supuesto. All\u00e1 por el siglo XII, Alfonso I de Portugal (Alfonso Henriques para los amigos) promulg\u00f3 una medida econ\u00f3mica gracias a la cual los productores de vino no ten\u00edan que pagar impuestos durante los primeros cinco a\u00f1os de actividad. As\u00ed, la industria vin\u00edcola lusa creci\u00f3 y permiti\u00f3 forjar relaciones comerciales interesantes con otros pa\u00edses.<\/p>\n\n\n\n<p>Los aficionados a \u201clos caldos\u201d pueden adaptar su viaje para conocer las mejores bodegas. Existen <strong>varias rutas del <em>vinho verde<\/em><\/strong>: la que se va parando en los puntos de cultivo, la que presta atenci\u00f3n a los lugares de culto religioso, la que visita las sierras de la regi\u00f3n o la que se centra en las ciudades y villas interesantes.<\/p>\n\n\n\n<h2 class=\"title-rute wp-block-heading\">Guimar\u00e3es<\/h2>\n\n\n\n<figure class=\"wp-block-image size-large\"><a href=\"\/blog\/wp-content\/uploads\/2020\/04\/Guimara\u0303es.jpg\"><img decoding=\"async\" src=\"\/blog\/wp-content\/uploads\/2020\/04\/Guimara\u0303es.jpg\" alt=\"Castelo de Guimar\u00e3es\" class=\"wp-image-18077\"\/><\/a><figcaption>Por Costinhaa\n\n<\/figcaption><\/figure>\n\n\n\n<p><strong>Guimar\u00e3es<\/strong> tiene un valor simb\u00f3lico para la naci\u00f3n muy importante ya que es donde se instituy\u00f3 Portugal como naci\u00f3n independiente en el siglo XII.<\/p>\n\n\n\n<p>Su centro hist\u00f3rico fue declarado Patrimonio de la Humanidad por la Unesco en 2001. La construcci\u00f3n de la urbe tal y como se la conoce hoy tuvo su mayor impulso en el siglo XIX pero se conserv\u00f3 su pasado medieval. Destaca su castillo, que data del siglo IX y que fue nombrado una de las Siete Maravillas de Portugal en el a\u00f1o 2007. Tambi\u00e9n destaca como lugares potencialmente interesantes el Palacio de los duques de Braganza, del siglo XV, la capilla de San Miguel y la Rua de Santa Maria.<\/p>\n\n\n\n<h2 class=\"title-rute wp-block-heading\">Braga<\/h2>\n\n\n\n<figure class=\"wp-block-image size-large\"><a href=\"\/blog\/wp-content\/uploads\/2020\/04\/Pac\u0327o_dos_duques_de_Braganc\u0327a_2.jpg\"><img decoding=\"async\" src=\"\/blog\/wp-content\/uploads\/2020\/04\/Pac\u0327o_dos_duques_de_Braganc\u0327a_2-1024x681.jpg\" alt=\"Braga, Portugal\" class=\"wp-image-18076\"\/><\/a><figcaption>Por Feliciano Guimar\u00e3es\n\n<\/figcaption><\/figure>\n\n\n\n<p><strong>Braga<\/strong> es una de las metr\u00f3polis m\u00e1s antiguas de Portugal y del mundo cristiano con m\u00e1s de dos mil a\u00f1os de historia. La construcci\u00f3n de la ciudad monumental se produjo en el siglo XVIII y hora es la tercera localidad m\u00e1s importante del pa\u00eds vecino, con m\u00e1s de 170.000 habitantes y un ritmo vital muy din\u00e1mico. La resilencia y la facilidad para adaptarse a nuevos tiempos sigue siendo una de sus caracter\u00edsticas ya que su modernizaci\u00f3n es constante.<\/p>\n\n\n\n<h2 class=\"title-rute wp-block-heading\">Ponte de Lima<\/h2>\n\n\n\n<figure class=\"wp-block-image size-large\"><a href=\"\/blog\/wp-content\/uploads\/2020\/04\/ponte-de-lima-1.jpg\"><img decoding=\"async\" src=\"\/blog\/wp-content\/uploads\/2020\/04\/ponte-de-lima-1.jpg\" alt=\"Ponte de Lima\" class=\"wp-image-18075\"\/><\/a><figcaption>Por Rui Vale de Sousa<\/figcaption><\/figure>\n\n\n\n<p>Su elemento m\u00e1s caracter\u00edstico es el puente que le da nombre, que mand\u00f3 construir el emperador Augusto y tiene partes arquitect\u00f3nicas romanas y medievales. Pero no conviene quedarse en lo evidente, ya que Ponte de Lima esconde muchos secretos interesantes: iglesias rom\u00e1nicas, alminhas (son centros de culto ubicados en el exterior) o el palacio de los marqueses de Ponte de Lima. Adem\u00e1s de la producci\u00f3n de vinho verde, tambi\u00e9n conserva industrias tradicionales de textiles, calzado o cer\u00e1mica. En verano se celebran mercadillos medievales y actividades culturales de car\u00e1cter hist\u00f3rico.<\/p>\n\n\n\n<h2 class=\"title-rute wp-block-heading\">Mon\u00e7\u00e3o y Melga\u00e7o<\/h2>\n\n\n\n<figure class=\"wp-block-image size-large\"><a href=\"\/blog\/wp-content\/uploads\/2020\/04\/Monc\u0327a\u0303o.jpg\"><img decoding=\"async\" src=\"\/blog\/wp-content\/uploads\/2020\/04\/Monc\u0327a\u0303o.jpg\" alt=\"Palacio de Brejoeira en Mon\u00e7\u00e3o Portugal\" class=\"wp-image-18074\"\/><\/a><figcaption>Por DoloresGiraldez<\/figcaption><\/figure>\n\n\n\n<p><strong>Mon\u00e7\u00e3o y Melga\u00e7o<\/strong> son dos lugares fronterizos que tienen mucho en com\u00fan (y tambi\u00e9n con las otras localidades mencionadas) como son una cultura milenaria ligada a la constituci\u00f3n de Portugal como naci\u00f3n y un paisaje natural lleno de tonos verdes. Cercanos a Galicia, tambi\u00e9n comparten algunas tradiciones arquitect\u00f3nicas como los castros. Para visitar destacan el parque de las termas, las murallas de Mon\u00e7\u00e3o, el palacio de Brejoeira o la Casa do Solar do Alvarinho (donde el viajero se puede abastecer con botellas de vinho verde de albari\u00f1o).<\/p>\n\n\n\n<h2 class=\"title-rute wp-block-heading\">Viana do Castelo<\/h2>\n\n\n\n<figure class=\"wp-block-image size-large\"><a href=\"\/blog\/wp-content\/uploads\/2020\/04\/Viana-do-Castelo-1.jpg\"><img decoding=\"async\" src=\"\/blog\/wp-content\/uploads\/2020\/04\/Viana-do-Castelo-1.jpg\" alt=\"Viana do Castelo\" class=\"wp-image-18073\"\/><\/a><figcaption>Por tsuguliev<\/figcaption><\/figure>\n\n\n\n<p>Mar, r\u00edo y monta\u00f1a se juntan en esta localidad con 750 a\u00f1os de historia a la que tambi\u00e9n le atribuyen ser la capital del folclore portugu\u00e9s. En ella se pueden visitar el Navio Gil Eanes, anclado en su puerto; la Casa da Carreira, utilizada durante m\u00e1s de 30 a\u00f1os como Ayuntamiento y una representante del famoso estilo manuelino o la Bas\u00edlica de Santa Luzia (e Cit\u00e2nia), desde la que se puede obtener una vista panor\u00e1mica de Viana do Castelo.<\/p>\n","protected":false},"excerpt":{"rendered":"<p>Portugal es el sexto productor de vinos del mundo y aunque el Oporto quiz\u00e1s sea el m\u00e1s famoso -al menos para los poco duchos en la materia-, los \u201cverdes\u201d son tambi\u00e9n unos triunfadores.  El vinho verde tiene la Denominaci\u00f3n de Origen Controlada (DOC) desde 1984.<\/p>\n","protected":false},"author":114,"featured_media":95905,"comment_status":"open","ping_status":"closed","sticky":false,"template":"","format":"standard","meta":{"_acf_changed":false,"om_disable_all_campaigns":false,"footnotes":""},"categories":[231],"tags":[260,2568,286,508,538,2569,2570,2571,2572],"class_list":["post-12802","post","type-post","status-publish","format-standard","has-post-thumbnail","hentry","category-arte-y-cultura","tag-articulo","tag-despensa","tag-enoturismo","tag-gastronomia","tag-portugal","tag-rio-duero","tag-rio-mino","tag-vinho-verde","tag-vino-verde"],"acf":[],"featured_image_src":"https:\/\/www.escapadarural.com\/blog\/wp-content\/uploads\/2024\/10\/Terrazas-del-Duero-cerca-de-Pinhao-2.jpg","author_info":{"display_name":"Carmen L\u00f3pez","author_link":"https:\/\/www.escapadarural.com\/blog\/autor\/carmenlopez\/"},"yoast_head":"<!-- This site is optimized with the Yoast SEO plugin v27.5 - https:\/\/yoast.com\/product\/yoast-seo-wordpress\/ -->\n<title>Dentro de la bodega de Portugal: el vino verde - EscapadaRural<\/title>\n<meta name=\"robots\" content=\"index, follow, max-snippet:-1, max-image-preview:large, max-video-preview:-1\" \/>\n<link rel=\"canonical\" href=\"https:\/\/www.escapadarural.com\/blog\/dentro-de-la-bodega-de-portugal-el-vino-verde\/\" \/>\n<meta property=\"og:locale\" content=\"es_ES\" \/>\n<meta property=\"og:type\" content=\"article\" \/>\n<meta property=\"og:title\" content=\"Dentro de la bodega de Portugal: el vino verde - EscapadaRural\" \/>\n<meta property=\"og:description\" content=\"Portugal es el sexto productor de vinos del mundo y aunque el Oporto quiz\u00e1s sea el m\u00e1s famoso -al menos para los poco duchos en la materia-, los \u201cverdes\u201d son tambi\u00e9n unos triunfadores. El vinho verde tiene la Denominaci\u00f3n de Origen Controlada (DOC) desde 1984.\" \/>\n<meta property=\"og:url\" content=\"https:\/\/www.escapadarural.com\/blog\/dentro-de-la-bodega-de-portugal-el-vino-verde\/\" \/>\n<meta property=\"og:site_name\" content=\"Magazine de viajes de EscapadaRural\" \/>\n<meta property=\"article:publisher\" content=\"https:\/\/www.facebook.com\/escapadarural\" \/>\n<meta property=\"article:published_time\" content=\"2020-04-02T09:30:27+00:00\" \/>\n<meta property=\"article:modified_time\" content=\"2025-08-12T14:45:55+00:00\" \/>\n<meta property=\"og:image\" content=\"https:\/\/www.escapadarural.com\/blog\/wp-content\/uploads\/2024\/10\/Terrazas-del-Duero-cerca-de-Pinhao-2.jpg?v=1755009956\" \/>\n\t<meta property=\"og:image:width\" content=\"1000\" \/>\n\t<meta property=\"og:image:height\" content=\"667\" \/>\n\t<meta property=\"og:image:type\" content=\"image\/jpeg\" \/>\n<meta name=\"author\" content=\"Carmen L\u00f3pez\" \/>\n<meta name=\"twitter:card\" content=\"summary_large_image\" \/>\n<meta name=\"twitter:label1\" content=\"Escrito por\" \/>\n\t<meta name=\"twitter:data1\" content=\"Carmen L\u00f3pez\" \/>\n\t<meta name=\"twitter:label2\" content=\"Tiempo de lectura\" \/>\n\t<meta name=\"twitter:data2\" content=\"6 minutos\" \/>\n<script type=\"application\/ld+json\" class=\"yoast-schema-graph\">{\"@context\":\"https:\\\/\\\/schema.org\",\"@graph\":[{\"@type\":\"Article\",\"@id\":\"https:\\\/\\\/www.escapadarural.com\\\/blog\\\/dentro-de-la-bodega-de-portugal-el-vino-verde\\\/#article\",\"isPartOf\":{\"@id\":\"https:\\\/\\\/www.escapadarural.com\\\/blog\\\/dentro-de-la-bodega-de-portugal-el-vino-verde\\\/\"},\"author\":{\"name\":\"Carmen L\u00f3pez\",\"@id\":\"https:\\\/\\\/www.escapadarural.com\\\/blog\\\/#\\\/schema\\\/person\\\/42dfdff6118172efc6a04c8ae599a2ce\"},\"headline\":\"Dentro de la bodega de Portugal: el vino verde\",\"datePublished\":\"2020-04-02T09:30:27+00:00\",\"dateModified\":\"2025-08-12T14:45:55+00:00\",\"mainEntityOfPage\":{\"@id\":\"https:\\\/\\\/www.escapadarural.com\\\/blog\\\/dentro-de-la-bodega-de-portugal-el-vino-verde\\\/\"},\"wordCount\":1154,\"commentCount\":0,\"publisher\":{\"@id\":\"https:\\\/\\\/www.escapadarural.com\\\/blog\\\/#organization\"},\"image\":{\"@id\":\"https:\\\/\\\/www.escapadarural.com\\\/blog\\\/dentro-de-la-bodega-de-portugal-el-vino-verde\\\/#primaryimage\"},\"thumbnailUrl\":\"https:\\\/\\\/www.escapadarural.com\\\/blog\\\/wp-content\\\/uploads\\\/2024\\\/10\\\/Terrazas-del-Duero-cerca-de-Pinhao-2.jpg\",\"keywords\":[\"art\u00edculo\",\"despensa\",\"Enoturismo\",\"Gastronom\u00eda\",\"portugal\",\"r\u00edo duero\",\"rio mi\u00f1o\",\"vinho verde\",\"vino verde\"],\"articleSection\":[\"Arte y Cultura\"],\"inLanguage\":\"es\",\"potentialAction\":[{\"@type\":\"CommentAction\",\"name\":\"Comment\",\"target\":[\"https:\\\/\\\/www.escapadarural.com\\\/blog\\\/dentro-de-la-bodega-de-portugal-el-vino-verde\\\/#respond\"]}]},{\"@type\":\"WebPage\",\"@id\":\"https:\\\/\\\/www.escapadarural.com\\\/blog\\\/dentro-de-la-bodega-de-portugal-el-vino-verde\\\/\",\"url\":\"https:\\\/\\\/www.escapadarural.com\\\/blog\\\/dentro-de-la-bodega-de-portugal-el-vino-verde\\\/\",\"name\":\"Dentro de la bodega de Portugal: el vino verde - EscapadaRural\",\"isPartOf\":{\"@id\":\"https:\\\/\\\/www.escapadarural.com\\\/blog\\\/#website\"},\"primaryImageOfPage\":{\"@id\":\"https:\\\/\\\/www.escapadarural.com\\\/blog\\\/dentro-de-la-bodega-de-portugal-el-vino-verde\\\/#primaryimage\"},\"image\":{\"@id\":\"https:\\\/\\\/www.escapadarural.com\\\/blog\\\/dentro-de-la-bodega-de-portugal-el-vino-verde\\\/#primaryimage\"},\"thumbnailUrl\":\"https:\\\/\\\/www.escapadarural.com\\\/blog\\\/wp-content\\\/uploads\\\/2024\\\/10\\\/Terrazas-del-Duero-cerca-de-Pinhao-2.jpg\",\"datePublished\":\"2020-04-02T09:30:27+00:00\",\"dateModified\":\"2025-08-12T14:45:55+00:00\",\"breadcrumb\":{\"@id\":\"https:\\\/\\\/www.escapadarural.com\\\/blog\\\/dentro-de-la-bodega-de-portugal-el-vino-verde\\\/#breadcrumb\"},\"inLanguage\":\"es\",\"potentialAction\":[{\"@type\":\"ReadAction\",\"target\":[\"https:\\\/\\\/www.escapadarural.com\\\/blog\\\/dentro-de-la-bodega-de-portugal-el-vino-verde\\\/\"]}]},{\"@type\":\"ImageObject\",\"inLanguage\":\"es\",\"@id\":\"https:\\\/\\\/www.escapadarural.com\\\/blog\\\/dentro-de-la-bodega-de-portugal-el-vino-verde\\\/#primaryimage\",\"url\":\"https:\\\/\\\/www.escapadarural.com\\\/blog\\\/wp-content\\\/uploads\\\/2024\\\/10\\\/Terrazas-del-Duero-cerca-de-Pinhao-2.jpg\",\"contentUrl\":\"https:\\\/\\\/www.escapadarural.com\\\/blog\\\/wp-content\\\/uploads\\\/2024\\\/10\\\/Terrazas-del-Duero-cerca-de-Pinhao-2.jpg\",\"width\":1000,\"height\":667,\"caption\":\"Un r\u00edo serpenteante fluye a trav\u00e9s de exuberantes y verdes colinas en terrazas salpicadas de vi\u00f1edos y un grupo de edificios de tejados rojos: una escena acogedora perfecta para el turismo rural bajo un cielo luminoso.\"},{\"@type\":\"BreadcrumbList\",\"@id\":\"https:\\\/\\\/www.escapadarural.com\\\/blog\\\/dentro-de-la-bodega-de-portugal-el-vino-verde\\\/#breadcrumb\",\"itemListElement\":[{\"@type\":\"ListItem\",\"position\":1,\"name\":\"Inicio\",\"item\":\"https:\\\/\\\/www.escapadarural.com\\\/blog\\\/\"},{\"@type\":\"ListItem\",\"position\":2,\"name\":\"Arte y Cultura\",\"item\":\"https:\\\/\\\/www.escapadarural.com\\\/blog\\\/categoria\\\/arte-y-cultura\\\/\"},{\"@type\":\"ListItem\",\"position\":3,\"name\":\"Dentro de la bodega de Portugal: el vino verde\"}]},{\"@type\":\"WebSite\",\"@id\":\"https:\\\/\\\/www.escapadarural.com\\\/blog\\\/#website\",\"url\":\"https:\\\/\\\/www.escapadarural.com\\\/blog\\\/\",\"name\":\"Blog de viajes | turismo rural, alojamientos e inspiraci\u00f3n\",\"description\":\"Alojamientos rurales e inspiraci\u00f3n para tus escapadas\",\"publisher\":{\"@id\":\"https:\\\/\\\/www.escapadarural.com\\\/blog\\\/#organization\"},\"alternateName\":\"Magazine de viajes de EscapadaRural\",\"potentialAction\":[{\"@type\":\"SearchAction\",\"target\":{\"@type\":\"EntryPoint\",\"urlTemplate\":\"https:\\\/\\\/www.escapadarural.com\\\/blog\\\/?s={search_term_string}\"},\"query-input\":{\"@type\":\"PropertyValueSpecification\",\"valueRequired\":true,\"valueName\":\"search_term_string\"}}],\"inLanguage\":\"es\"},{\"@type\":\"Organization\",\"@id\":\"https:\\\/\\\/www.escapadarural.com\\\/blog\\\/#organization\",\"name\":\"EscapadaRural\",\"url\":\"https:\\\/\\\/www.escapadarural.com\\\/blog\\\/\",\"logo\":{\"@type\":\"ImageObject\",\"inLanguage\":\"es\",\"@id\":\"https:\\\/\\\/www.escapadarural.com\\\/blog\\\/#\\\/schema\\\/logo\\\/image\\\/\",\"url\":\"https:\\\/\\\/www.escapadarural.com\\\/blog\\\/wp-content\\\/uploads\\\/2024\\\/10\\\/cropped-cropped-escapada-rural-icon-mag-3.png\",\"contentUrl\":\"https:\\\/\\\/www.escapadarural.com\\\/blog\\\/wp-content\\\/uploads\\\/2024\\\/10\\\/cropped-cropped-escapada-rural-icon-mag-3.png\",\"width\":512,\"height\":512,\"caption\":\"EscapadaRural\"},\"image\":{\"@id\":\"https:\\\/\\\/www.escapadarural.com\\\/blog\\\/#\\\/schema\\\/logo\\\/image\\\/\"},\"sameAs\":[\"https:\\\/\\\/www.facebook.com\\\/escapadarural\",\"https:\\\/\\\/www.instagram.com\\\/escapadarural\\\/\",\"https:\\\/\\\/www.youtube.com\\\/@escapadaruralcom\"]},{\"@type\":\"Person\",\"@id\":\"https:\\\/\\\/www.escapadarural.com\\\/blog\\\/#\\\/schema\\\/person\\\/42dfdff6118172efc6a04c8ae599a2ce\",\"name\":\"Carmen L\u00f3pez\",\"image\":{\"@type\":\"ImageObject\",\"inLanguage\":\"es\",\"@id\":\"https:\\\/\\\/www.escapadarural.com\\\/blog\\\/wp-content\\\/uploads\\\/2024\\\/11\\\/cropped-perfil_eldiario-96x96-1-96x96.jpeg\",\"url\":\"https:\\\/\\\/www.escapadarural.com\\\/blog\\\/wp-content\\\/uploads\\\/2024\\\/11\\\/cropped-perfil_eldiario-96x96-1-96x96.jpeg\",\"contentUrl\":\"https:\\\/\\\/www.escapadarural.com\\\/blog\\\/wp-content\\\/uploads\\\/2024\\\/11\\\/cropped-perfil_eldiario-96x96-1-96x96.jpeg\",\"caption\":\"Carmen L\u00f3pez\"},\"description\":\"Soy periodista y escribo sobre cosas que importan en sitios que interesan desde hace m\u00e1s de una d\u00e9cada.\",\"url\":\"https:\\\/\\\/www.escapadarural.com\\\/blog\\\/autor\\\/carmenlopez\\\/\"}]}<\/script>\n<!-- \/ Yoast SEO plugin. -->","yoast_head_json":{"title":"Dentro de la bodega de Portugal: el vino verde - EscapadaRural","robots":{"index":"index","follow":"follow","max-snippet":"max-snippet:-1","max-image-preview":"max-image-preview:large","max-video-preview":"max-video-preview:-1"},"canonical":"https:\/\/www.escapadarural.com\/blog\/dentro-de-la-bodega-de-portugal-el-vino-verde\/","og_locale":"es_ES","og_type":"article","og_title":"Dentro de la bodega de Portugal: el vino verde - EscapadaRural","og_description":"Portugal es el sexto productor de vinos del mundo y aunque el Oporto quiz\u00e1s sea el m\u00e1s famoso -al menos para los poco duchos en la materia-, los \u201cverdes\u201d son tambi\u00e9n unos triunfadores. El vinho verde tiene la Denominaci\u00f3n de Origen Controlada (DOC) desde 1984.","og_url":"https:\/\/www.escapadarural.com\/blog\/dentro-de-la-bodega-de-portugal-el-vino-verde\/","og_site_name":"Magazine de viajes de EscapadaRural","article_publisher":"https:\/\/www.facebook.com\/escapadarural","article_published_time":"2020-04-02T09:30:27+00:00","article_modified_time":"2025-08-12T14:45:55+00:00","og_image":[{"width":1000,"height":667,"url":"https:\/\/www.escapadarural.com\/blog\/wp-content\/uploads\/2024\/10\/Terrazas-del-Duero-cerca-de-Pinhao-2.jpg?v=1755009956","type":"image\/jpeg"}],"author":"Carmen L\u00f3pez","twitter_card":"summary_large_image","twitter_misc":{"Escrito por":"Carmen L\u00f3pez","Tiempo de lectura":"6 minutos"},"schema":{"@context":"https:\/\/schema.org","@graph":[{"@type":"Article","@id":"https:\/\/www.escapadarural.com\/blog\/dentro-de-la-bodega-de-portugal-el-vino-verde\/#article","isPartOf":{"@id":"https:\/\/www.escapadarural.com\/blog\/dentro-de-la-bodega-de-portugal-el-vino-verde\/"},"author":{"name":"Carmen L\u00f3pez","@id":"https:\/\/www.escapadarural.com\/blog\/#\/schema\/person\/42dfdff6118172efc6a04c8ae599a2ce"},"headline":"Dentro de la bodega de Portugal: el vino verde","datePublished":"2020-04-02T09:30:27+00:00","dateModified":"2025-08-12T14:45:55+00:00","mainEntityOfPage":{"@id":"https:\/\/www.escapadarural.com\/blog\/dentro-de-la-bodega-de-portugal-el-vino-verde\/"},"wordCount":1154,"commentCount":0,"publisher":{"@id":"https:\/\/www.escapadarural.com\/blog\/#organization"},"image":{"@id":"https:\/\/www.escapadarural.com\/blog\/dentro-de-la-bodega-de-portugal-el-vino-verde\/#primaryimage"},"thumbnailUrl":"https:\/\/www.escapadarural.com\/blog\/wp-content\/uploads\/2024\/10\/Terrazas-del-Duero-cerca-de-Pinhao-2.jpg","keywords":["art\u00edculo","despensa","Enoturismo","Gastronom\u00eda","portugal","r\u00edo duero","rio mi\u00f1o","vinho verde","vino verde"],"articleSection":["Arte y Cultura"],"inLanguage":"es","potentialAction":[{"@type":"CommentAction","name":"Comment","target":["https:\/\/www.escapadarural.com\/blog\/dentro-de-la-bodega-de-portugal-el-vino-verde\/#respond"]}]},{"@type":"WebPage","@id":"https:\/\/www.escapadarural.com\/blog\/dentro-de-la-bodega-de-portugal-el-vino-verde\/","url":"https:\/\/www.escapadarural.com\/blog\/dentro-de-la-bodega-de-portugal-el-vino-verde\/","name":"Dentro de la bodega de Portugal: el vino verde - EscapadaRural","isPartOf":{"@id":"https:\/\/www.escapadarural.com\/blog\/#website"},"primaryImageOfPage":{"@id":"https:\/\/www.escapadarural.com\/blog\/dentro-de-la-bodega-de-portugal-el-vino-verde\/#primaryimage"},"image":{"@id":"https:\/\/www.escapadarural.com\/blog\/dentro-de-la-bodega-de-portugal-el-vino-verde\/#primaryimage"},"thumbnailUrl":"https:\/\/www.escapadarural.com\/blog\/wp-content\/uploads\/2024\/10\/Terrazas-del-Duero-cerca-de-Pinhao-2.jpg","datePublished":"2020-04-02T09:30:27+00:00","dateModified":"2025-08-12T14:45:55+00:00","breadcrumb":{"@id":"https:\/\/www.escapadarural.com\/blog\/dentro-de-la-bodega-de-portugal-el-vino-verde\/#breadcrumb"},"inLanguage":"es","potentialAction":[{"@type":"ReadAction","target":["https:\/\/www.escapadarural.com\/blog\/dentro-de-la-bodega-de-portugal-el-vino-verde\/"]}]},{"@type":"ImageObject","inLanguage":"es","@id":"https:\/\/www.escapadarural.com\/blog\/dentro-de-la-bodega-de-portugal-el-vino-verde\/#primaryimage","url":"https:\/\/www.escapadarural.com\/blog\/wp-content\/uploads\/2024\/10\/Terrazas-del-Duero-cerca-de-Pinhao-2.jpg","contentUrl":"https:\/\/www.escapadarural.com\/blog\/wp-content\/uploads\/2024\/10\/Terrazas-del-Duero-cerca-de-Pinhao-2.jpg","width":1000,"height":667,"caption":"Un r\u00edo serpenteante fluye a trav\u00e9s de exuberantes y verdes colinas en terrazas salpicadas de vi\u00f1edos y un grupo de edificios de tejados rojos: una escena acogedora perfecta para el turismo rural bajo un cielo luminoso."},{"@type":"BreadcrumbList","@id":"https:\/\/www.escapadarural.com\/blog\/dentro-de-la-bodega-de-portugal-el-vino-verde\/#breadcrumb","itemListElement":[{"@type":"ListItem","position":1,"name":"Inicio","item":"https:\/\/www.escapadarural.com\/blog\/"},{"@type":"ListItem","position":2,"name":"Arte y Cultura","item":"https:\/\/www.escapadarural.com\/blog\/categoria\/arte-y-cultura\/"},{"@type":"ListItem","position":3,"name":"Dentro de la bodega de Portugal: el vino verde"}]},{"@type":"WebSite","@id":"https:\/\/www.escapadarural.com\/blog\/#website","url":"https:\/\/www.escapadarural.com\/blog\/","name":"Blog de viajes | turismo rural, alojamientos e inspiraci\u00f3n","description":"Alojamientos rurales e inspiraci\u00f3n para tus escapadas","publisher":{"@id":"https:\/\/www.escapadarural.com\/blog\/#organization"},"alternateName":"Magazine de viajes de EscapadaRural","potentialAction":[{"@type":"SearchAction","target":{"@type":"EntryPoint","urlTemplate":"https:\/\/www.escapadarural.com\/blog\/?s={search_term_string}"},"query-input":{"@type":"PropertyValueSpecification","valueRequired":true,"valueName":"search_term_string"}}],"inLanguage":"es"},{"@type":"Organization","@id":"https:\/\/www.escapadarural.com\/blog\/#organization","name":"EscapadaRural","url":"https:\/\/www.escapadarural.com\/blog\/","logo":{"@type":"ImageObject","inLanguage":"es","@id":"https:\/\/www.escapadarural.com\/blog\/#\/schema\/logo\/image\/","url":"https:\/\/www.escapadarural.com\/blog\/wp-content\/uploads\/2024\/10\/cropped-cropped-escapada-rural-icon-mag-3.png","contentUrl":"https:\/\/www.escapadarural.com\/blog\/wp-content\/uploads\/2024\/10\/cropped-cropped-escapada-rural-icon-mag-3.png","width":512,"height":512,"caption":"EscapadaRural"},"image":{"@id":"https:\/\/www.escapadarural.com\/blog\/#\/schema\/logo\/image\/"},"sameAs":["https:\/\/www.facebook.com\/escapadarural","https:\/\/www.instagram.com\/escapadarural\/","https:\/\/www.youtube.com\/@escapadaruralcom"]},{"@type":"Person","@id":"https:\/\/www.escapadarural.com\/blog\/#\/schema\/person\/42dfdff6118172efc6a04c8ae599a2ce","name":"Carmen L\u00f3pez","image":{"@type":"ImageObject","inLanguage":"es","@id":"https:\/\/www.escapadarural.com\/blog\/wp-content\/uploads\/2024\/11\/cropped-perfil_eldiario-96x96-1-96x96.jpeg","url":"https:\/\/www.escapadarural.com\/blog\/wp-content\/uploads\/2024\/11\/cropped-perfil_eldiario-96x96-1-96x96.jpeg","contentUrl":"https:\/\/www.escapadarural.com\/blog\/wp-content\/uploads\/2024\/11\/cropped-perfil_eldiario-96x96-1-96x96.jpeg","caption":"Carmen L\u00f3pez"},"description":"Soy periodista y escribo sobre cosas que importan en sitios que interesan desde hace m\u00e1s de una d\u00e9cada.","url":"https:\/\/www.escapadarural.com\/blog\/autor\/carmenlopez\/"}]}},"_links":{"self":[{"href":"https:\/\/www.escapadarural.com\/blog\/wp-json\/wp\/v2\/posts\/12802","targetHints":{"allow":["GET"]}}],"collection":[{"href":"https:\/\/www.escapadarural.com\/blog\/wp-json\/wp\/v2\/posts"}],"about":[{"href":"https:\/\/www.escapadarural.com\/blog\/wp-json\/wp\/v2\/types\/post"}],"author":[{"embeddable":true,"href":"https:\/\/www.escapadarural.com\/blog\/wp-json\/wp\/v2\/users\/114"}],"replies":[{"embeddable":true,"href":"https:\/\/www.escapadarural.com\/blog\/wp-json\/wp\/v2\/comments?post=12802"}],"version-history":[{"count":0,"href":"https:\/\/www.escapadarural.com\/blog\/wp-json\/wp\/v2\/posts\/12802\/revisions"}],"wp:featuredmedia":[{"embeddable":true,"href":"https:\/\/www.escapadarural.com\/blog\/wp-json\/wp\/v2\/media\/95905"}],"wp:attachment":[{"href":"https:\/\/www.escapadarural.com\/blog\/wp-json\/wp\/v2\/media?parent=12802"}],"wp:term":[{"taxonomy":"category","embeddable":true,"href":"https:\/\/www.escapadarural.com\/blog\/wp-json\/wp\/v2\/categories?post=12802"},{"taxonomy":"post_tag","embeddable":true,"href":"https:\/\/www.escapadarural.com\/blog\/wp-json\/wp\/v2\/tags?post=12802"}],"curies":[{"name":"wp","href":"https:\/\/api.w.org\/{rel}","templated":true}]}}