{"id":12805,"date":"2020-03-04T09:00:27","date_gmt":"2020-03-04T08:00:27","guid":{"rendered":"http:\/\/15.188.81.248\/2020\/03\/04\/mujeres-que-abrieron-caminos\/"},"modified":"2025-08-12T16:27:00","modified_gmt":"2025-08-12T14:27:00","slug":"mujeres-que-abrieron-caminos","status":"publish","type":"post","link":"https:\/\/www.escapadarural.com\/blog\/mujeres-que-abrieron-caminos\/","title":{"rendered":"7 mujeres espa\u00f1olas que abrieron caminos"},"content":{"rendered":"\n<figure class=\"wp-block-image size-large\"><a href=\"\/blog\/wp-content\/uploads\/2020\/03\/mujeres-camino.jpg\"><img decoding=\"async\" src=\"\/blog\/wp-content\/uploads\/2020\/03\/mujeres-camino.jpg\" alt=\"D\u00eda de la Mujer\" class=\"wp-image-18385\"\/><\/a><figcaption class=\"wp-element-caption\">Mujeres espa\u00f1olas que abrieron caminos<\/figcaption><\/figure>\n\n\n\n<p><strong>\u201cSoy de la Generaci\u00f3n Igualdad: Por los derechos de las mujeres\u201d<\/strong>, es el lema del D\u00eda Internacional de la Mujer de este 8 de marzo de 2020.<\/p>\n\n\n\n<p>Seg\u00fan explica <a rel=\"noopener noreferrer\" href=\"https:\/\/www.unwomen.org\/es\/news\/in-focus\/international-womens-day\" target=\"_blank\" class=\"rank-math-link\">ONU Mujeres<\/a>, la campa\u00f1a pretende movilizarnos a todas y todos para \u201celiminar la violencia de g\u00e9nero, exigir la justicia econ\u00f3mica y los derechos para todas las personas, autonom\u00eda sobre los propios cuerpos, derecho a la salud sexual y reproductiva, y realizar acciones feministas por la justicia clim\u00e1tica\u201d.<\/p>\n\n\n\n<blockquote class=\"wp-block-quote is-layout-flow wp-block-quote-is-layout-flow\">\n<p>\u201cTodos los derechos que tiene el hombre debe tenerlos la mujer\u201d<\/p>\n<\/blockquote>\n\n\n\n<p>La reivindicaci\u00f3n no es nueva, la voz por adquirir los mismos derechos que los hombres ya se alz\u00f3 en la primera ola del feminismo, en el siglo XVIII. En 1915, Emilia Pardo Baz\u00e1n dec\u00eda que: \u201cTodos los derechos que tiene el hombre debe tenerlos la mujer\u201d. Estamos en 2020 y a\u00fan no lo hemos conseguido.<\/p>\n\n\n\n<p>Es triste que todav\u00eda tengamos que recurrir a eso de \u201cla primera mujer (ponga usted aqu\u00ed lo que le parezca)\u201d, pero creemos que rescatar el perfil de las mujeres que nos inspiran es necesario. A ellas les tenemos que agradecer nuestros derechos de hoy; y fueron caros: muchas fueron silenciadas en la historia, difamadas, perseguidas e incluso ejecutadas.<\/p>\n\n\n\n<p>Aqu\u00ed solo os hablamos de 7 pero, por suerte, hay muchas mujeres brillantes en la historia que nos han demostrado que s\u00ed se puede.<\/p>\n\n\n\n<h2 class=\"wp-block-heading\" id=\"0-1-egeria-o-etaria-la-primera-escritora-de-viajes\">1. Egeria (o Etaria): la primera escritora de viajes<\/h2>\n\n\n<div class=\"wp-block-image\">\n<figure class=\"aligncenter size-large\"><a href=\"\/blog\/wp-content\/uploads\/2020\/03\/egeria.jpg\"><img decoding=\"async\" src=\"\/blog\/wp-content\/uploads\/2020\/03\/egeria.jpg\" alt=\"D\u00eda de la Mujer\" class=\"wp-image-18384\"\/><\/a><figcaption class=\"wp-element-caption\">Egeria. Por L\u00ednea del Horizonte<\/figcaption><\/figure>\n<\/div>\n\n\n<p><strong>Egeria<\/strong> es la autora del <strong>primer relato de viajes de Espa\u00f1a<\/strong>. Su obra recoge el viaje que realiz\u00f3 desde Galicia \u2013su tierra natal\u2013 a Tierra Santa en el siglo IV; pasando por Egipto y Mesopotamia hasta llegar a Constantinopla (actual Estambul).<\/p>\n\n\n\n<p>El manuscrito tiene gran valor ya que en \u00e9l se puede conocer cu\u00e1l era el papel de la mujer a finales del Imperio romano y c\u00f3mo era la vida en aquella \u00e9poca. Est\u00e1 escrito en lat\u00edn vulgar, lo que tambi\u00e9n ha facilitado a los ling\u00fcistas ver c\u00f3mo ha sido la transici\u00f3n hacia el lat\u00edn culto.<\/p>\n\n\n\n<p>Viajar siempre fue cosa de hombres. Y hablar de viajes parece que tambi\u00e9n. Todos conocemos a Marco Polo y su popular <em>Libro de las Maravillas<\/em>, donde recogi\u00f3 en el siglo XIV su Ruta de la Seda. Pero, \u00bfcu\u00e1ntas veces hemos o\u00eddo hablar de Egeria o de otras intr\u00e9pidas mujeres que se han lanzado a ver mundo? Todav\u00eda hoy tenemos que seguir escuchando eso de \u201cviajaba sola\u201d.<\/p>\n\n\n\n<h2 class=\"wp-block-heading\" id=\"1-2-mar%C3%ADa-pita-la-guerrera-que-venci%C3%B3-a-francis-drake\">2. Mar\u00eda Pita: la guerrera que venci\u00f3 a Francis Drake<\/h2>\n\n\n\n<figure class=\"wp-block-image size-large\"><a href=\"\/blog\/wp-content\/uploads\/2020\/03\/Maria_Pita_A_Coru\u00f1a_2.jpg\"><img decoding=\"async\" src=\"\/blog\/wp-content\/uploads\/2020\/03\/Maria_Pita_A_Coru\u00f1a_2-1024x745.jpg\" alt=\"D\u00eda de la Mujer\" class=\"wp-image-18383\"\/><\/a><figcaption class=\"wp-element-caption\">Mar\u00eda Pita. Por Jose Luis Cernadas Iglesias<\/figcaption><\/figure>\n\n\n\n<p><a rel=\"noopener noreferrer\" href=\"https:\/\/www.escapadarural.com\/blog\/maria-pita-la-heroina-de-la-coruna\/\" target=\"_blank\" class=\"rank-math-link\">Mar\u00eda Pita<\/a> no fue la \u00fanica mujer gallega que se enfrent\u00f3 a la Contra Armada inglesa cuando llegaron a la costa de A Coru\u00f1a el 3 de mayo de 1589. Sin embargo, fue la que anim\u00f3 al resto de las mujeres a empu\u00f1ar las armas y tomar la revancha al grito de \u201cQuen te\u00f1a honra, que me siga\u00bb (Quien tenga honor que me siga). <\/p>\n\n\n\n<p><strong>En aquel ataque participaron m\u00e1s de 1.000 mujeres<\/strong> que pasaron de alimentar y proporcionar armas a los hombres, a estar en la primera l\u00ednea del combate. Mar\u00eda Pita fue quien, tras haber visto c\u00f3mo asesinaban a su marido, arremeti\u00f3 contra un alf\u00e9rez ingl\u00e9s y lo tir\u00f3 por la muralla. Esto hizo que todos los all\u00ed presentes la vieran y haya podido ser recordada.<\/p>\n\n\n\n<p>Las mujeres de <a rel=\"noopener noreferrer\" href=\"https:\/\/www.escapadarural.com\/casas-rurales\/a-coruna\" target=\"_blank\" class=\"rank-math-link\">A Coru\u00f1a<\/a> ganaron la batalla a los ingleses, consiguiendo as\u00ed la venganza por el desastre de la Armada Invencible espa\u00f1ola.<\/p>\n\n\n\n<p>Aunque Pita es poco conocida fuera de Galicia, en A Coru\u00f1a se han encargado de que tenga su propia plaza (una de las m\u00e1s importantes de la ciudad) y una casa- museo donde se narra su historia.<\/p>\n\n\n\n<h2 class=\"wp-block-heading\" id=\"2-3-fermina-ordu%C3%B1a-la-mujer-que-registr%C3%B3-la-primera-patente\">3. Fermina Ordu\u00f1a: la mujer que registr\u00f3 la primera patente<\/h2>\n\n\n\n<figure class=\"wp-block-image size-large\"><a href=\"\/blog\/wp-content\/uploads\/2020\/03\/Fermina_Ordu\u00f1a_Biblioteca-Nacional-de-Espa\u00f1a-Dominio-P\u00fablico.jpg\"><img decoding=\"async\" src=\"\/blog\/wp-content\/uploads\/2020\/03\/Fermina_Ordu\u00f1a_Biblioteca-Nacional-de-Espa\u00f1a-Dominio-P\u00fablico.jpg\" alt=\"D\u00eda de la Mujer\" class=\"wp-image-18382\"\/><\/a><figcaption class=\"wp-element-caption\">Fermina Ordu\u00f1a. Por Biblioteca Nacional de Espa\u00f1a. Dominio P\u00fablico<\/figcaption><\/figure>\n\n\n\n<p>En 1865, <a rel=\"noopener noreferrer\" href=\"https:\/\/mujeresconciencia.com\/2018\/09\/14\/fermina-orduna-la-primera-espanola-en-registrar-una-patente\/\" target=\"_blank\" class=\"rank-math-link\">Fermina Ordu\u00f1a<\/a> registr\u00f3 una patente que se llamaba <em>Carruaje para caballerizas para la conducci\u00f3n higi\u00e9nica de las burras, vacas o cabras de leche para la expedici\u00f3n p\u00fablica<\/em>. Fue la <strong>primera mujer en patentar un invento en Espa\u00f1a<\/strong>.<\/p>\n\n\n\n<p>Su proyecto se basaba en un carro tirado por caballos con el que se transportaban vacas, burras u ovejas que estaban listas para ser orde\u00f1adas. De esta manera, la leche llegar\u00eda fresca a los pueblos de los alrededores sin que hubiera riesgo de que, durante el trayecto, se pusiera mala.<\/p>\n\n\n\n<p>Ordu\u00f1a tuvo cuidado de que el ganado lechero estuviera bien cuidado. El \u201cestablo\u201d ambulante inclu\u00eda en su interior grano seco, para que los animales tuvieran una buen alimentaci\u00f3n y que la leche fuera \u00f3ptima; un recipiente para guardar la leche y mantenerla en su temperatura y una campana para avisar a los vecinos de que el carruaje hab\u00eda llegado.<\/p>\n\n\n\n<h2 class=\"wp-block-heading\" id=\"3-4-carmen-de-burgos-la-primera-corresponsal-de-guerra\">4. Carmen de Burgos: la primera corresponsal de guerra<\/h2>\n\n\n<div class=\"wp-block-image\">\n<figure class=\"aligncenter size-large\"><a href=\"\/blog\/wp-content\/uploads\/2020\/03\/carmen-de-burgos.jpg\"><img decoding=\"async\" src=\"\/blog\/wp-content\/uploads\/2020\/03\/carmen-de-burgos.jpg\" alt=\"D\u00eda de la Mujer\" class=\"wp-image-18381\"\/><\/a><figcaption class=\"wp-element-caption\">Carmen de Burgos. Por Wikipedia<\/figcaption><\/figure>\n<\/div>\n\n\n<p>Conocida como Colombine, uno de los sin\u00f3nimos que utiliz\u00f3 para firmar sus art\u00edculos y libros, <strong>Carmen de Burgos fue una de las primeras mujeres periodistas<\/strong> en trabajar en una redacci\u00f3n y la primera de Espa\u00f1a en convertirse en corresponsal de guerra.<\/p>\n\n\n\n<p>Hastiada de su matrimonio, del que nunca habl\u00f3 muy bien debido a las ausencias de su marido, De Burgos decidi\u00f3 estudiar a escondidas hasta que obtuvo el t\u00edtulo de maestra. Ten\u00eda plaza en Guadalajara, pero cuando decidi\u00f3 marcharse de casa con su hija (la \u00fanica que sobrevivi\u00f3 de los cuatro hijos que tuvo) se fue a Madrid con la intenci\u00f3n de escribir.<\/p>\n\n\n\n<p>Public\u00f3 numerosos libros, a favor de las libertades de las mujeres, del derecho al divorcio, el sufragio femenino y el feminismo. En 1903 obtuvo su primer contrato en la redacci\u00f3n de Diario Universal. En 1909 fue enviada, primero a <a rel=\"noopener noreferrer\" href=\"https:\/\/www.escapadarural.com\/casas-rurales\/malaga\" target=\"_blank\" class=\"rank-math-link\">M\u00e1laga<\/a> y luego a Melilla, como primer corresponsal de guerra para cubrir el <a rel=\"noopener noreferrer\" href=\"https:\/\/es.wikipedia.org\/wiki\/Desastre_del_Barranco_del_Lobo\" target=\"_blank\" class=\"rank-math-link\">Desastre del Barranco del Lobo<\/a>.<\/p>\n\n\n\n<p>Con la Segunda Rep\u00fablica, De Burgos vio parte de sus sue\u00f1os cumplidos. Se afili\u00f3 al Partido Republicano Radical Socialista, al que tambi\u00e9n perteneci\u00f3 Clara Campoamor, una de las mujeres claves para conseguir el sufragio femenino. De Burgos muri\u00f3 en octubre de 1932, un a\u00f1o antes de poder ir a las urnas y ejercer su derecho a votar.<\/p>\n\n\n\n<h2 class=\"wp-block-heading\" id=\"4-5-clara-campoamor-la-victoria-del-sufragio-femenino\">5. Clara Campoamor: la victoria del sufragio femenino<\/h2>\n\n\n\n<figure class=\"wp-block-image size-large\"><a href=\"\/blog\/wp-content\/uploads\/2020\/03\/Clara-Campoamor.jpg\"><img decoding=\"async\" src=\"\/blog\/wp-content\/uploads\/2020\/03\/Clara-Campoamor-1024x700.jpg\" alt=\"D\u00eda de la Mujer\" class=\"wp-image-18380\"\/><\/a><figcaption class=\"wp-element-caption\">Clara Campoamor. Por Diario16<\/figcaption><\/figure>\n\n\n\n<p>Gracias a ella, desde 1933, las mujeres espa\u00f1olas podemos votar.<\/p>\n\n\n\n<p>\u00abTen\u00e9is el derecho que os ha dado la ley, la ley que hicisteis vosotros, pero no ten\u00e9is el derecho natural fundamental, que se basa en el respeto de todo ser humano, y lo que hac\u00e9is es detentar un poder; dejad que la mujer se manifieste y ver\u00e9is como ese poder no pod\u00e9is seguir detent\u00e1ndolo (&#8230;)\u00bb. (Clara Campoamor, en el <a rel=\"noopener noreferrer\" href=\"https:\/\/www.mujeresenred.net\/spip.php?article768\" target=\"_blank\" class=\"rank-math-link\">Congreso de Diputados el 1 de octubre de 1931<\/a>)<\/p>\n\n\n\n<p>Clara Campoamor fue una de las primeras mujeres en ejercer la abogac\u00eda en Espa\u00f1a, defendi\u00f3 los derechos de la mujer e impuls\u00f3 el sufragio femenino. En 1931, despu\u00e9s de haber sido proclamada la II Rep\u00fablica, fue elegida diputada del Partido Radical por Madrid (entonces las mujeres pod\u00edan ser elegidas, aunque no electoras).<\/p>\n\n\n\n<p>Form\u00f3 parte del consejo para elaborar la Constituci\u00f3n de la nueva Rep\u00fablica, donde luch\u00f3 para que no hubiera discriminaci\u00f3n de g\u00e9nero y que se aplicase el sufragio universal. Por aquel entonces se cre\u00eda que las mujeres no estaban preparadas, pues pod\u00edan dejarse influenciar por la iglesia y votar a la derecha.<\/p>\n\n\n\n<p>El debate se llev\u00f3 a las Cortes, donde <strong>Campoamor se enfrent\u00f3 a Victoria Kent<\/strong>, quien estaba en contra del voto femenino. El 1 de octubre de 1931, gan\u00f3 con 161 votos a favor frente a los 121 en contra y en Espa\u00f1a se aplic\u00f3 el sufragio universal, que se hizo efectivo en las elecciones de 1933.<\/p>\n\n\n\n<h2 class=\"wp-block-heading\" id=\"5-6-mar%C3%ADa-dom%C3%ADnguez-la-primera-alcaldesa-por-elecci%C3%B3n\">6. Mar\u00eda Dom\u00ednguez, la primera alcaldesa por elecci\u00f3n<\/h2>\n\n\n\n<figure class=\"wp-block-image size-large\"><a href=\"\/blog\/wp-content\/uploads\/2020\/03\/Mar\u00eda-Dom\u00ednguez-Historia-de-Arag\u00f3n.jpg\"><img decoding=\"async\" src=\"\/blog\/wp-content\/uploads\/2020\/03\/Mar\u00eda-Dom\u00ednguez-Historia-de-Arag\u00f3n.jpg\" alt=\"D\u00eda de la Mujer\" class=\"wp-image-18379\"\/><\/a><figcaption class=\"wp-element-caption\">Mar\u00eda Dom\u00ednguez. Por Historia de Arag\u00f3n<\/figcaption><\/figure>\n\n\n\n<p>Especificamos lo de la primera alcaldesa por elecci\u00f3n popular porque, en realidad, la primera mujer en tomar posesi\u00f3n de una alcald\u00eda en Espa\u00f1a fue <a rel=\"noopener noreferrer\" href=\"https:\/\/elmundoentrenosotras.com\/matilde-perez-molla-la-primera-alcaldesa-espana\/\" target=\"_blank\" class=\"rank-math-link\">Matilde P\u00e9rez Moll\u00e1<\/a> en 1924. Fue alcaldesa de Cuatretondeta, en Alicante, aunque no fue escogida por los electores, sino que ocup\u00f3 el cargo gracias al gobernador de Alicante, Cristino Berm\u00fadez de Castro, durante la dictadura de Primo de Rivera.<\/p>\n\n\n\n<p>Sus pasos los siguieron otras mujeres: Concepci\u00f3n P\u00e9rez Iglesias, en Portas (Pontevedra); y Petra Montoro Romero, en Sorihuela del Guadalimar (Ja\u00e9n), ambas en 1925; Benita Mendalio, en Bola\u00f1os de Campos (Valladolid), en 1926; y Dolores Codina, en El Talladell (Lleida), en 1927.<\/p>\n\n\n\n<p>Pero, la <strong>primera mujer en ganar democr\u00e1ticamente unas elecciones a la alcald\u00eda fue Mar\u00eda Dom\u00ednguez<\/strong>, quien en 1932 \u2013durante la Segunda Rep\u00fablica\u2013 se puso al frente del Ayuntamiento de Gallur, en Zaragoza.<\/p>\n\n\n\n<p>Mar\u00eda Dom\u00ednguez naci\u00f3 en Pozuelo de Arag\u00f3n en una familia humilde, se dedic\u00f3 a trabajar en el campo y como ama de casa, por lo que muchos de sus conocimientos fueron adquiridos de forma autodidacta. A los 18 a\u00f1os, la familia le oblig\u00f3 a contraer matrimonio con un hombre que la maltrat\u00f3 durante a\u00f1os y del que acab\u00f3 huyendo.<\/p>\n\n\n\n<p>Para poder mantenerse, Dom\u00ednguez trabaj\u00f3 como criada, modista, periodista \u2013el diario El Pa\u00eds public\u00f3 algunos art\u00edculos suyos sobre los derechos de la mujer, el maltrato y el divorcio\u2013 y profesora. Al pueblo de Gallur lleg\u00f3 para establecerse all\u00ed con un nuevo amor con el que constituy\u00f3 la UGT. En aquella \u00e9poca escrib\u00eda en el semanario Vida Nueva sobre movimientos obreros, derechos y necesidades. En 1932 fue elegida para llevar el Ayuntamiento de Gallur; un trabajo que dejar\u00eda un a\u00f1o despu\u00e9s.<\/p>\n\n\n\n<p><a rel=\"noopener noreferrer\" href=\"https:\/\/www.publico.es\/sociedad\/memoria-historica-maria-dominguez-primera-alcaldesa-republicana.html\" target=\"_blank\" class=\"rank-math-link\">Mar\u00eda Dom\u00ednguez<\/a> fue fusilada por las tropas franquistas en 1936.<\/p>\n\n\n\n<h2 class=\"wp-block-heading\" id=\"6-7-concepci%C3%B3n-rodr%C3%ADguez-la-miner%C3%ADa-tambi%C3%A9n-es-cosa-de-mujeres\">7. Concepci\u00f3n Rodr\u00edguez: la miner\u00eda tambi\u00e9n es cosa de mujeres<\/h2>\n\n\n<div class=\"wp-block-image\">\n<figure class=\"aligncenter size-large\"><a href=\"\/blog\/wp-content\/uploads\/2020\/03\/Concepci\u00f3n-Rodr\u00edguez.jpg\"><img decoding=\"async\" src=\"\/blog\/wp-content\/uploads\/2020\/03\/Concepci\u00f3n-Rodr\u00edguez.jpg\" alt=\"D\u00eda de la Mujer\" class=\"wp-image-18378\"\/><\/a><figcaption class=\"wp-element-caption\">Concepci\u00f3n Rodr\u00edguez. Por Alicia L\u00f3pez Serrano<\/figcaption><\/figure>\n<\/div>\n\n\n<p>Tras casi 10 a\u00f1os de lucha, en 1992 <a rel=\"noopener noreferrer\" href=\"https:\/\/www.lanuevacronica.com\/concepcion-rodriguez-valencia-por-que-podia-entrar-mi-hermano-y-yo-no\" target=\"_blank\" class=\"rank-math-link\">Concepci\u00f3n Rodr\u00edguez<\/a> logr\u00f3 que el Tribunal Constitucional fallase a su favor: las mujeres tambi\u00e9n pod\u00edan ser mineras.<\/p>\n\n\n\n<p>Esta asturiana, hija y hermana de mineros, aprob\u00f3 en 1986 las pruebas de Hunosa para ser minera de interior. En la convocatoria hubo tambi\u00e9n otras mujeres que superaron las pruebas con \u00e9xito, pues en ellas no se especificaba que estuviera exclu\u00eddo el g\u00e9nero femenino.<\/p>\n\n\n\n<p>Sin embargo, tras los resultados, la hullera rechaz\u00f3 el ingreso de todas ellas. La decisi\u00f3n estaba amparada por la Carta Social Europea de 1961, que <strong>prohib\u00eda a las mujeres el trabajo en el interior de las minas<\/strong>.<\/p>\n\n\n\n<p>Concepci\u00f3n Rodr\u00edguez no se conform\u00f3 con el no y denunci\u00f3 los hechos. Fue una larga lucha, en la que cont\u00f3 con el apoyo femenino de diferentes sectores. Uno de ellos fue el de Luc\u00eda Ruano, una abogada especializada en derechos de la mujer.<\/p>\n\n\n\n<p>Finalmente, el Tribunal Constitucional determin\u00f3 que la decisi\u00f3n de prohibir la entrada de las mujeres a la mina incumpl\u00eda el art\u00edculo 14 de la Constituci\u00f3n: \u201cLos espa\u00f1oles son iguales ante la ley, sin que pueda prevalecer discriminaci\u00f3n alguna por raz\u00f3n de nacimiento, raza, sexo, religi\u00f3n, opini\u00f3n o cualquier otra condici\u00f3n o circunstancia personal o social\u201d.<\/p>\n\n\n\n<p>Actualmente, no solo hay mujeres que trabajan en la mina, sino que tambi\u00e9n las dirigen. La ovetense <a rel=\"noopener noreferrer\" href=\"https:\/\/www.lne.es\/asturias\/2010\/08\/20\/ingeniera-ovetense-primera-mujer-dirige-mina-magazine\/957422.html\" target=\"_blank\" class=\"rank-math-link\">Isabel Mart\u00ednez<\/a> fue la primera mujer en Espa\u00f1a en dirigir una mina en Barcelona con m\u00e1s de 280 trabajadores.<\/p>\n\n\n\n<p>Sabemos que en esta lista faltan muchas otras mujeres que tambi\u00e9n han logrado allanar el camino: Concepci\u00f3n Arenal, Mariana Pineda, Mar\u00eda Zambrano, Elena Maseras, Federica Montseny, Margarita Salas, Josefina Castellvi, Tarsy Carballas, Lil\u00ed \u00c1lvarez, Ruth Beitia&#8230;<\/p>\n\n\n\n<p>Por ellas, por las que ya no est\u00e1n y por nosotras \u00a1Feliz 8 de marzo!<\/p>\n\n\n\n<!--more-->\n","protected":false},"excerpt":{"rendered":"<p>Es triste que todav\u00eda tengamos que recurrir a eso de \u201cla primera mujer (ponga usted aqu\u00ed lo que le parezca)\u201d, pero creemos que rescatar el perfil de las mujeres que nos inspiran es necesario. A ellas les tenemos que agradecer nuestros derechos de hoy por los que han pagado caro: fueron silenciadas en la historia, difamadas, perseguidas e incluso ejecutadas.<\/p>\n","protected":false},"author":89,"featured_media":79212,"comment_status":"open","ping_status":"closed","sticky":false,"template":"","format":"standard","meta":{"_acf_changed":false,"om_disable_all_campaigns":false,"footnotes":""},"categories":[231],"tags":[1164,2535,440,215,2536],"class_list":["post-12805","post","type-post","status-publish","format-standard","has-post-thumbnail","hentry","category-arte-y-cultura","tag-dia-de-la-mujer","tag-feminismo","tag-historias-y-curiosidades","tag-listado","tag-mujeres"],"acf":[],"featured_image_src":"https:\/\/www.escapadarural.com\/blog\/wp-content\/uploads\/2024\/09\/image-new-s.jpg","author_info":{"display_name":"Laura Fern\u00e1ndez","author_link":"https:\/\/www.escapadarural.com\/blog\/autor\/laura\/"},"yoast_head":"<!-- This site is optimized with the Yoast SEO plugin v27.5 - https:\/\/yoast.com\/product\/yoast-seo-wordpress\/ -->\n<title>7 mujeres espa\u00f1olas que abrieron caminos - EscapadaRural<\/title>\n<meta name=\"robots\" content=\"index, follow, max-snippet:-1, max-image-preview:large, max-video-preview:-1\" \/>\n<link rel=\"canonical\" href=\"https:\/\/www.escapadarural.com\/blog\/mujeres-que-abrieron-caminos\/\" \/>\n<meta property=\"og:locale\" content=\"es_ES\" \/>\n<meta property=\"og:type\" content=\"article\" \/>\n<meta property=\"og:title\" content=\"7 mujeres espa\u00f1olas que abrieron caminos - EscapadaRural\" \/>\n<meta property=\"og:description\" content=\"Es triste que todav\u00eda tengamos que recurrir a eso de \u201cla primera mujer (ponga usted aqu\u00ed lo que le parezca)\u201d, pero creemos que rescatar el perfil de las mujeres que nos inspiran es necesario. A ellas les tenemos que agradecer nuestros derechos de hoy por los que han pagado caro: fueron silenciadas en la historia, difamadas, perseguidas e incluso ejecutadas.\" \/>\n<meta property=\"og:url\" content=\"https:\/\/www.escapadarural.com\/blog\/mujeres-que-abrieron-caminos\/\" \/>\n<meta property=\"og:site_name\" content=\"Magazine de viajes de EscapadaRural\" \/>\n<meta property=\"article:publisher\" content=\"https:\/\/www.facebook.com\/escapadarural\" \/>\n<meta property=\"article:published_time\" content=\"2020-03-04T08:00:27+00:00\" \/>\n<meta property=\"article:modified_time\" content=\"2025-08-12T14:27:00+00:00\" \/>\n<meta property=\"og:image\" content=\"https:\/\/www.escapadarural.com\/blog\/wp-content\/uploads\/2024\/09\/image-new-s.jpg?v=1755008821\" \/>\n\t<meta property=\"og:image:width\" content=\"1897\" \/>\n\t<meta property=\"og:image:height\" content=\"1542\" \/>\n\t<meta property=\"og:image:type\" content=\"image\/jpeg\" \/>\n<meta name=\"author\" content=\"Laura Fern\u00e1ndez\" \/>\n<meta name=\"twitter:card\" content=\"summary_large_image\" \/>\n<meta name=\"twitter:label1\" content=\"Escrito por\" \/>\n\t<meta name=\"twitter:data1\" content=\"Laura Fern\u00e1ndez\" \/>\n\t<meta name=\"twitter:label2\" content=\"Tiempo de lectura\" \/>\n\t<meta name=\"twitter:data2\" content=\"10 minutos\" \/>\n<script type=\"application\/ld+json\" class=\"yoast-schema-graph\">{\"@context\":\"https:\\\/\\\/schema.org\",\"@graph\":[{\"@type\":\"Article\",\"@id\":\"https:\\\/\\\/www.escapadarural.com\\\/blog\\\/mujeres-que-abrieron-caminos\\\/#article\",\"isPartOf\":{\"@id\":\"https:\\\/\\\/www.escapadarural.com\\\/blog\\\/mujeres-que-abrieron-caminos\\\/\"},\"author\":{\"name\":\"Laura Fern\u00e1ndez\",\"@id\":\"https:\\\/\\\/www.escapadarural.com\\\/blog\\\/#\\\/schema\\\/person\\\/a9b46ae4d047d8a2c719f31e75206cff\"},\"headline\":\"7 mujeres espa\u00f1olas que abrieron caminos\",\"datePublished\":\"2020-03-04T08:00:27+00:00\",\"dateModified\":\"2025-08-12T14:27:00+00:00\",\"mainEntityOfPage\":{\"@id\":\"https:\\\/\\\/www.escapadarural.com\\\/blog\\\/mujeres-que-abrieron-caminos\\\/\"},\"wordCount\":1991,\"commentCount\":2,\"publisher\":{\"@id\":\"https:\\\/\\\/www.escapadarural.com\\\/blog\\\/#organization\"},\"image\":{\"@id\":\"https:\\\/\\\/www.escapadarural.com\\\/blog\\\/mujeres-que-abrieron-caminos\\\/#primaryimage\"},\"thumbnailUrl\":\"https:\\\/\\\/www.escapadarural.com\\\/blog\\\/wp-content\\\/uploads\\\/2024\\\/09\\\/image-new-s.jpg\",\"keywords\":[\"D\u00eda de la Mujer\",\"feminismo\",\"Historias y Curiosidades\",\"Listado\",\"mujeres\"],\"articleSection\":[\"Arte y Cultura\"],\"inLanguage\":\"es\",\"potentialAction\":[{\"@type\":\"CommentAction\",\"name\":\"Comment\",\"target\":[\"https:\\\/\\\/www.escapadarural.com\\\/blog\\\/mujeres-que-abrieron-caminos\\\/#respond\"]}]},{\"@type\":\"WebPage\",\"@id\":\"https:\\\/\\\/www.escapadarural.com\\\/blog\\\/mujeres-que-abrieron-caminos\\\/\",\"url\":\"https:\\\/\\\/www.escapadarural.com\\\/blog\\\/mujeres-que-abrieron-caminos\\\/\",\"name\":\"7 mujeres espa\u00f1olas que abrieron caminos - EscapadaRural\",\"isPartOf\":{\"@id\":\"https:\\\/\\\/www.escapadarural.com\\\/blog\\\/#website\"},\"primaryImageOfPage\":{\"@id\":\"https:\\\/\\\/www.escapadarural.com\\\/blog\\\/mujeres-que-abrieron-caminos\\\/#primaryimage\"},\"image\":{\"@id\":\"https:\\\/\\\/www.escapadarural.com\\\/blog\\\/mujeres-que-abrieron-caminos\\\/#primaryimage\"},\"thumbnailUrl\":\"https:\\\/\\\/www.escapadarural.com\\\/blog\\\/wp-content\\\/uploads\\\/2024\\\/09\\\/image-new-s.jpg\",\"datePublished\":\"2020-03-04T08:00:27+00:00\",\"dateModified\":\"2025-08-12T14:27:00+00:00\",\"breadcrumb\":{\"@id\":\"https:\\\/\\\/www.escapadarural.com\\\/blog\\\/mujeres-que-abrieron-caminos\\\/#breadcrumb\"},\"inLanguage\":\"es\",\"potentialAction\":[{\"@type\":\"ReadAction\",\"target\":[\"https:\\\/\\\/www.escapadarural.com\\\/blog\\\/mujeres-que-abrieron-caminos\\\/\"]}]},{\"@type\":\"ImageObject\",\"inLanguage\":\"es\",\"@id\":\"https:\\\/\\\/www.escapadarural.com\\\/blog\\\/mujeres-que-abrieron-caminos\\\/#primaryimage\",\"url\":\"https:\\\/\\\/www.escapadarural.com\\\/blog\\\/wp-content\\\/uploads\\\/2024\\\/09\\\/image-new-s.jpg\",\"contentUrl\":\"https:\\\/\\\/www.escapadarural.com\\\/blog\\\/wp-content\\\/uploads\\\/2024\\\/09\\\/image-new-s.jpg\",\"width\":1897,\"height\":1542,\"caption\":\"Mujer disfrutando del turismo rural\"},{\"@type\":\"BreadcrumbList\",\"@id\":\"https:\\\/\\\/www.escapadarural.com\\\/blog\\\/mujeres-que-abrieron-caminos\\\/#breadcrumb\",\"itemListElement\":[{\"@type\":\"ListItem\",\"position\":1,\"name\":\"Inicio\",\"item\":\"https:\\\/\\\/www.escapadarural.com\\\/blog\\\/\"},{\"@type\":\"ListItem\",\"position\":2,\"name\":\"Arte y Cultura\",\"item\":\"https:\\\/\\\/www.escapadarural.com\\\/blog\\\/categoria\\\/arte-y-cultura\\\/\"},{\"@type\":\"ListItem\",\"position\":3,\"name\":\"7 mujeres espa\u00f1olas que abrieron caminos\"}]},{\"@type\":\"WebSite\",\"@id\":\"https:\\\/\\\/www.escapadarural.com\\\/blog\\\/#website\",\"url\":\"https:\\\/\\\/www.escapadarural.com\\\/blog\\\/\",\"name\":\"Blog de viajes | turismo rural, alojamientos e inspiraci\u00f3n\",\"description\":\"Alojamientos rurales e inspiraci\u00f3n para tus escapadas\",\"publisher\":{\"@id\":\"https:\\\/\\\/www.escapadarural.com\\\/blog\\\/#organization\"},\"alternateName\":\"Magazine de viajes de EscapadaRural\",\"potentialAction\":[{\"@type\":\"SearchAction\",\"target\":{\"@type\":\"EntryPoint\",\"urlTemplate\":\"https:\\\/\\\/www.escapadarural.com\\\/blog\\\/?s={search_term_string}\"},\"query-input\":{\"@type\":\"PropertyValueSpecification\",\"valueRequired\":true,\"valueName\":\"search_term_string\"}}],\"inLanguage\":\"es\"},{\"@type\":\"Organization\",\"@id\":\"https:\\\/\\\/www.escapadarural.com\\\/blog\\\/#organization\",\"name\":\"EscapadaRural\",\"url\":\"https:\\\/\\\/www.escapadarural.com\\\/blog\\\/\",\"logo\":{\"@type\":\"ImageObject\",\"inLanguage\":\"es\",\"@id\":\"https:\\\/\\\/www.escapadarural.com\\\/blog\\\/#\\\/schema\\\/logo\\\/image\\\/\",\"url\":\"https:\\\/\\\/www.escapadarural.com\\\/blog\\\/wp-content\\\/uploads\\\/2024\\\/10\\\/cropped-cropped-escapada-rural-icon-mag-3.png\",\"contentUrl\":\"https:\\\/\\\/www.escapadarural.com\\\/blog\\\/wp-content\\\/uploads\\\/2024\\\/10\\\/cropped-cropped-escapada-rural-icon-mag-3.png\",\"width\":512,\"height\":512,\"caption\":\"EscapadaRural\"},\"image\":{\"@id\":\"https:\\\/\\\/www.escapadarural.com\\\/blog\\\/#\\\/schema\\\/logo\\\/image\\\/\"},\"sameAs\":[\"https:\\\/\\\/www.facebook.com\\\/escapadarural\",\"https:\\\/\\\/www.instagram.com\\\/escapadarural\\\/\",\"https:\\\/\\\/www.youtube.com\\\/@escapadaruralcom\"]},{\"@type\":\"Person\",\"@id\":\"https:\\\/\\\/www.escapadarural.com\\\/blog\\\/#\\\/schema\\\/person\\\/a9b46ae4d047d8a2c719f31e75206cff\",\"name\":\"Laura Fern\u00e1ndez\",\"image\":{\"@type\":\"ImageObject\",\"inLanguage\":\"es\",\"@id\":\"https:\\\/\\\/www.escapadarural.com\\\/blog\\\/wp-content\\\/uploads\\\/2025\\\/01\\\/cropped-laura_raponchii-96x96.jpg\",\"url\":\"https:\\\/\\\/www.escapadarural.com\\\/blog\\\/wp-content\\\/uploads\\\/2025\\\/01\\\/cropped-laura_raponchii-96x96.jpg\",\"contentUrl\":\"https:\\\/\\\/www.escapadarural.com\\\/blog\\\/wp-content\\\/uploads\\\/2025\\\/01\\\/cropped-laura_raponchii-96x96.jpg\",\"caption\":\"Laura Fern\u00e1ndez\"},\"description\":\"Periodista, blogger y viajera. No necesariamente en ese orden. En ocasiones me despierto sin saber d\u00f3nde estoy. Adicta a los c\u00f3mics y a los noodles con salsa de cacahuete. Redactora en @escapadarural, colaboradora en la Conde Nast Traveler y en la Divinity. Mi casa: Meridiano180.\",\"sameAs\":[\"http:\\\/\\\/www.meridiano180.com\\\/\"],\"url\":\"https:\\\/\\\/www.escapadarural.com\\\/blog\\\/autor\\\/laura\\\/\"}]}<\/script>\n<!-- \/ Yoast SEO plugin. -->","yoast_head_json":{"title":"7 mujeres espa\u00f1olas que abrieron caminos - EscapadaRural","robots":{"index":"index","follow":"follow","max-snippet":"max-snippet:-1","max-image-preview":"max-image-preview:large","max-video-preview":"max-video-preview:-1"},"canonical":"https:\/\/www.escapadarural.com\/blog\/mujeres-que-abrieron-caminos\/","og_locale":"es_ES","og_type":"article","og_title":"7 mujeres espa\u00f1olas que abrieron caminos - EscapadaRural","og_description":"Es triste que todav\u00eda tengamos que recurrir a eso de \u201cla primera mujer (ponga usted aqu\u00ed lo que le parezca)\u201d, pero creemos que rescatar el perfil de las mujeres que nos inspiran es necesario. A ellas les tenemos que agradecer nuestros derechos de hoy por los que han pagado caro: fueron silenciadas en la historia, difamadas, perseguidas e incluso ejecutadas.","og_url":"https:\/\/www.escapadarural.com\/blog\/mujeres-que-abrieron-caminos\/","og_site_name":"Magazine de viajes de EscapadaRural","article_publisher":"https:\/\/www.facebook.com\/escapadarural","article_published_time":"2020-03-04T08:00:27+00:00","article_modified_time":"2025-08-12T14:27:00+00:00","og_image":[{"width":1897,"height":1542,"url":"https:\/\/www.escapadarural.com\/blog\/wp-content\/uploads\/2024\/09\/image-new-s.jpg?v=1755008821","type":"image\/jpeg"}],"author":"Laura Fern\u00e1ndez","twitter_card":"summary_large_image","twitter_misc":{"Escrito por":"Laura Fern\u00e1ndez","Tiempo de lectura":"10 minutos"},"schema":{"@context":"https:\/\/schema.org","@graph":[{"@type":"Article","@id":"https:\/\/www.escapadarural.com\/blog\/mujeres-que-abrieron-caminos\/#article","isPartOf":{"@id":"https:\/\/www.escapadarural.com\/blog\/mujeres-que-abrieron-caminos\/"},"author":{"name":"Laura Fern\u00e1ndez","@id":"https:\/\/www.escapadarural.com\/blog\/#\/schema\/person\/a9b46ae4d047d8a2c719f31e75206cff"},"headline":"7 mujeres espa\u00f1olas que abrieron caminos","datePublished":"2020-03-04T08:00:27+00:00","dateModified":"2025-08-12T14:27:00+00:00","mainEntityOfPage":{"@id":"https:\/\/www.escapadarural.com\/blog\/mujeres-que-abrieron-caminos\/"},"wordCount":1991,"commentCount":2,"publisher":{"@id":"https:\/\/www.escapadarural.com\/blog\/#organization"},"image":{"@id":"https:\/\/www.escapadarural.com\/blog\/mujeres-que-abrieron-caminos\/#primaryimage"},"thumbnailUrl":"https:\/\/www.escapadarural.com\/blog\/wp-content\/uploads\/2024\/09\/image-new-s.jpg","keywords":["D\u00eda de la Mujer","feminismo","Historias y Curiosidades","Listado","mujeres"],"articleSection":["Arte y Cultura"],"inLanguage":"es","potentialAction":[{"@type":"CommentAction","name":"Comment","target":["https:\/\/www.escapadarural.com\/blog\/mujeres-que-abrieron-caminos\/#respond"]}]},{"@type":"WebPage","@id":"https:\/\/www.escapadarural.com\/blog\/mujeres-que-abrieron-caminos\/","url":"https:\/\/www.escapadarural.com\/blog\/mujeres-que-abrieron-caminos\/","name":"7 mujeres espa\u00f1olas que abrieron caminos - EscapadaRural","isPartOf":{"@id":"https:\/\/www.escapadarural.com\/blog\/#website"},"primaryImageOfPage":{"@id":"https:\/\/www.escapadarural.com\/blog\/mujeres-que-abrieron-caminos\/#primaryimage"},"image":{"@id":"https:\/\/www.escapadarural.com\/blog\/mujeres-que-abrieron-caminos\/#primaryimage"},"thumbnailUrl":"https:\/\/www.escapadarural.com\/blog\/wp-content\/uploads\/2024\/09\/image-new-s.jpg","datePublished":"2020-03-04T08:00:27+00:00","dateModified":"2025-08-12T14:27:00+00:00","breadcrumb":{"@id":"https:\/\/www.escapadarural.com\/blog\/mujeres-que-abrieron-caminos\/#breadcrumb"},"inLanguage":"es","potentialAction":[{"@type":"ReadAction","target":["https:\/\/www.escapadarural.com\/blog\/mujeres-que-abrieron-caminos\/"]}]},{"@type":"ImageObject","inLanguage":"es","@id":"https:\/\/www.escapadarural.com\/blog\/mujeres-que-abrieron-caminos\/#primaryimage","url":"https:\/\/www.escapadarural.com\/blog\/wp-content\/uploads\/2024\/09\/image-new-s.jpg","contentUrl":"https:\/\/www.escapadarural.com\/blog\/wp-content\/uploads\/2024\/09\/image-new-s.jpg","width":1897,"height":1542,"caption":"Mujer disfrutando del turismo rural"},{"@type":"BreadcrumbList","@id":"https:\/\/www.escapadarural.com\/blog\/mujeres-que-abrieron-caminos\/#breadcrumb","itemListElement":[{"@type":"ListItem","position":1,"name":"Inicio","item":"https:\/\/www.escapadarural.com\/blog\/"},{"@type":"ListItem","position":2,"name":"Arte y Cultura","item":"https:\/\/www.escapadarural.com\/blog\/categoria\/arte-y-cultura\/"},{"@type":"ListItem","position":3,"name":"7 mujeres espa\u00f1olas que abrieron caminos"}]},{"@type":"WebSite","@id":"https:\/\/www.escapadarural.com\/blog\/#website","url":"https:\/\/www.escapadarural.com\/blog\/","name":"Blog de viajes | turismo rural, alojamientos e inspiraci\u00f3n","description":"Alojamientos rurales e inspiraci\u00f3n para tus escapadas","publisher":{"@id":"https:\/\/www.escapadarural.com\/blog\/#organization"},"alternateName":"Magazine de viajes de EscapadaRural","potentialAction":[{"@type":"SearchAction","target":{"@type":"EntryPoint","urlTemplate":"https:\/\/www.escapadarural.com\/blog\/?s={search_term_string}"},"query-input":{"@type":"PropertyValueSpecification","valueRequired":true,"valueName":"search_term_string"}}],"inLanguage":"es"},{"@type":"Organization","@id":"https:\/\/www.escapadarural.com\/blog\/#organization","name":"EscapadaRural","url":"https:\/\/www.escapadarural.com\/blog\/","logo":{"@type":"ImageObject","inLanguage":"es","@id":"https:\/\/www.escapadarural.com\/blog\/#\/schema\/logo\/image\/","url":"https:\/\/www.escapadarural.com\/blog\/wp-content\/uploads\/2024\/10\/cropped-cropped-escapada-rural-icon-mag-3.png","contentUrl":"https:\/\/www.escapadarural.com\/blog\/wp-content\/uploads\/2024\/10\/cropped-cropped-escapada-rural-icon-mag-3.png","width":512,"height":512,"caption":"EscapadaRural"},"image":{"@id":"https:\/\/www.escapadarural.com\/blog\/#\/schema\/logo\/image\/"},"sameAs":["https:\/\/www.facebook.com\/escapadarural","https:\/\/www.instagram.com\/escapadarural\/","https:\/\/www.youtube.com\/@escapadaruralcom"]},{"@type":"Person","@id":"https:\/\/www.escapadarural.com\/blog\/#\/schema\/person\/a9b46ae4d047d8a2c719f31e75206cff","name":"Laura Fern\u00e1ndez","image":{"@type":"ImageObject","inLanguage":"es","@id":"https:\/\/www.escapadarural.com\/blog\/wp-content\/uploads\/2025\/01\/cropped-laura_raponchii-96x96.jpg","url":"https:\/\/www.escapadarural.com\/blog\/wp-content\/uploads\/2025\/01\/cropped-laura_raponchii-96x96.jpg","contentUrl":"https:\/\/www.escapadarural.com\/blog\/wp-content\/uploads\/2025\/01\/cropped-laura_raponchii-96x96.jpg","caption":"Laura Fern\u00e1ndez"},"description":"Periodista, blogger y viajera. No necesariamente en ese orden. En ocasiones me despierto sin saber d\u00f3nde estoy. Adicta a los c\u00f3mics y a los noodles con salsa de cacahuete. Redactora en @escapadarural, colaboradora en la Conde Nast Traveler y en la Divinity. Mi casa: Meridiano180.","sameAs":["http:\/\/www.meridiano180.com\/"],"url":"https:\/\/www.escapadarural.com\/blog\/autor\/laura\/"}]}},"_links":{"self":[{"href":"https:\/\/www.escapadarural.com\/blog\/wp-json\/wp\/v2\/posts\/12805","targetHints":{"allow":["GET"]}}],"collection":[{"href":"https:\/\/www.escapadarural.com\/blog\/wp-json\/wp\/v2\/posts"}],"about":[{"href":"https:\/\/www.escapadarural.com\/blog\/wp-json\/wp\/v2\/types\/post"}],"author":[{"embeddable":true,"href":"https:\/\/www.escapadarural.com\/blog\/wp-json\/wp\/v2\/users\/89"}],"replies":[{"embeddable":true,"href":"https:\/\/www.escapadarural.com\/blog\/wp-json\/wp\/v2\/comments?post=12805"}],"version-history":[{"count":0,"href":"https:\/\/www.escapadarural.com\/blog\/wp-json\/wp\/v2\/posts\/12805\/revisions"}],"wp:featuredmedia":[{"embeddable":true,"href":"https:\/\/www.escapadarural.com\/blog\/wp-json\/wp\/v2\/media\/79212"}],"wp:attachment":[{"href":"https:\/\/www.escapadarural.com\/blog\/wp-json\/wp\/v2\/media?parent=12805"}],"wp:term":[{"taxonomy":"category","embeddable":true,"href":"https:\/\/www.escapadarural.com\/blog\/wp-json\/wp\/v2\/categories?post=12805"},{"taxonomy":"post_tag","embeddable":true,"href":"https:\/\/www.escapadarural.com\/blog\/wp-json\/wp\/v2\/tags?post=12805"}],"curies":[{"name":"wp","href":"https:\/\/api.w.org\/{rel}","templated":true}]}}