{"id":12890,"date":"2022-09-17T07:30:00","date_gmt":"2022-09-17T06:30:00","guid":{"rendered":"http:\/\/15.188.81.248\/2020\/03\/20\/el-tunel-de-valdealgorfa-teruel-por-donde-cruza-el-sol\/"},"modified":"2026-02-05T14:08:04","modified_gmt":"2026-02-05T13:08:04","slug":"el-tunel-de-valdealgorfa-teruel-por-donde-cruza-el-sol","status":"publish","type":"post","link":"https:\/\/www.escapadarural.com\/blog\/el-tunel-de-valdealgorfa-teruel-por-donde-cruza-el-sol\/","title":{"rendered":"El t\u00fanel de Valdealgorfa (Teruel), por donde cruza el sol cada equinoccio"},"content":{"rendered":"\n<figure class=\"wp-block-image size-large\"><a href=\"\/blog\/wp-content\/uploads\/2020\/04\/Tunel.jpg\"><img decoding=\"async\" src=\"\/blog\/wp-content\/uploads\/2020\/04\/Tunel.jpg\" alt=\"Valdealgorfa\" class=\"wp-image-12892\"\/><\/a><figcaption class=\"wp-element-caption\">Por Jos\u00e9 Bonfil Peris\n\n<\/figcaption><\/figure>\n\n\n\n<p>Unos d\u00edas despu\u00e9s de los equinoccios de primavera y oto\u00f1o, el sol entra por el t\u00fanel de <a rel=\"noopener noreferrer\" class=\"rank-math-link\" href=\"https:\/\/www.escapadarural.com\/casas-rurales\/valdealgorfa\" target=\"_blank\">Valdealgorfa<\/a>, en Teruel, y recorre sus 2,4 kil\u00f3metros de largo hasta llegar al final.<\/p>\n\n\n\n<p>Jose Bonfil, un agricultor de Valdealgorfa y fot\u00f3grafo aficionado, fue quien <strong>fotografi\u00f3 el fen\u00f3meno por primera vez<\/strong> en 2003, y quien hizo los c\u00e1lculos para averiguar qu\u00e9 d\u00eda suced\u00eda cada a\u00f1o.<\/p>\n\n\n\n<p>\u201cCuando era peque\u00f1o, en el pueblo se comentaba que una vez al a\u00f1o el sol cruzaba el t\u00fanel\u201d, explica. \u201cDec\u00edan que sol\u00eda ocurrir en septiembre, pero no hab\u00eda una fecha clara y no hab\u00eda fotograf\u00edas\u201d.<\/p>\n\n\n\n<p>El t\u00fanel, que corresponde a las <strong>antiguas v\u00edas que conectaban Zaragoza con Tortosa<\/strong>, tiene una posici\u00f3n de Este a Oeste.<\/p>\n\n\n\n<p>Para calcular el d\u00eda, Jose Bonfil marc\u00f3 una l\u00ednea con yeso en polvo en el centro del t\u00fanel, coloc\u00f3 una cuerda bien tensada y una br\u00fajula profesional. \u201cMe sal\u00eda la l\u00ednea a 87,5 grados, el siguiente paso era buscar por Internet cu\u00e1ndo sal\u00eda el sol a esos grados\u201d, dice.<\/p>\n\n\n\n<p>Una vez lo tuvo claro, Bonfil cogi\u00f3 la c\u00e1mara y baj\u00f3 los d\u00edas 15, 16 y 17 de septiembre. El \u00faltimo d\u00eda, gracias a que el cielo estaba despejado, consigui\u00f3 verlo y tomar una foto. La primera de muchas que posteriormente llamar\u00edan la atenci\u00f3n de los medios y de este blog.<\/p>\n\n\n\n<figure class=\"wp-block-image size-large\"><a href=\"\/blog\/wp-content\/uploads\/2020\/04\/2009-6-680x510.jpg\"><img decoding=\"async\" src=\"\/blog\/wp-content\/uploads\/2020\/04\/2009-6-680x510.jpg\" alt=\"Valdealgorfa\" class=\"wp-image-12908\"\/><\/a><figcaption class=\"wp-element-caption\">Por Jos\u00e9 Bonfil Peris<\/figcaption><\/figure>\n\n\n\n<p>\u201cPens\u00e9 que con el recorrido del sol en primavera, si el cielo estaba despejado, se volver\u00eda a ver. Comenc\u00e9 a bajar todas las ma\u00f1anas desde el 21 de marzo, que es el equinoccio, y estuve a punto de abandonar. Por fin, el 26 el sol atraves\u00f3 el t\u00fanel y lo notifiqu\u00e9 al Ayuntamiento\u201d, explica. <strong>Hubo a\u00f1os que se vio y otros que no<\/strong>, por el clima.<\/p>\n\n\n\n<p>Aunque Jos\u00e9 Bonfil comenz\u00f3 solo a hacer los c\u00e1lculos de cu\u00e1ndo se producir\u00eda el fen\u00f3meno, cuando colg\u00f3 las fotos en las redes un top\u00f3grafo del Bierzo, D. Rogelio Mel\u00e9ndez Tercero, se puso en contacto con \u00e9l.<\/p>\n\n\n\n<p>\u201cEn El Bierzo tienen una mina abandonada que en las mismas fechas el sol entra e ilumina toda la galer\u00eda. Desde el 2009, D. Rogelio me pasa informaci\u00f3n de cu\u00e1ndo se producir\u00e1 el evento, tanto en primavera como en oto\u00f1o\u201d. En 2015, el top\u00f3grafo berciano visit\u00f3 el t\u00fanel para ver c\u00f3mo el sol lo recorr\u00eda y dio una charla a los asistentes.<\/p>\n\n\n\n<p>Desde que las<strong> fotos de Bonfil comenzaron a circular por internet<\/strong> y la prensa se hizo eco del fen\u00f3meno, no pararon de llegar curiosos y expertos al pueblo. \u201cSuelen asistir entre 60 y 100 personas de la comarca y de diferentes puntos de Espa\u00f1a. Cuando m\u00e1s gente hay es cuando coincide en fin de semana o en Semana Santa\u201d, explica Bonfil. Entre los asistentes, han estado sociedades astron\u00f3micas como las de Huesca y Murcia.<\/p>\n\n\n\n<blockquote class=\"wp-block-quote is-layout-flow wp-block-quote-is-layout-flow\">\n<p>En 2020, el sol atraves\u00f3 el t\u00fanel de Valdealgorfa los d\u00edas 26 de marzo y 17 de septiembre<\/p>\n<\/blockquote>\n\n\n\n<p>El <a href=\"http:\/\/www.valdealgorfa.com\/noticias\/174-el-sol-cruza-el-t%C3%BAnel-de-valdealgorfa\" target=\"_blank\">Ayuntamiento<\/a> ofreci\u00f3 a los asistentes <strong>pastas y caf\u00e9 con leche para desayunar<\/strong>. \u201cEste fen\u00f3meno suele producirse al amanecer, sobre las 7:00 am en primavera y las 8:00 am en oto\u00f1o. Hay a\u00f1os que dura 2 d\u00edas, depende de si es a\u00f1o bisiesto o no\u201d, dice.<\/p>\n\n\n\n<figure class=\"wp-block-image size-large\"><a href=\"\/blog\/wp-content\/uploads\/2020\/04\/P1130514-680x510.jpg\"><img decoding=\"async\" src=\"\/blog\/wp-content\/uploads\/2020\/04\/P1130514-680x510.jpg\" alt=\"Valdealgorfa\" class=\"wp-image-12909\"\/><\/a><figcaption class=\"wp-element-caption\">Por Jos\u00e9 Bonfil Peris\n\n<\/figcaption><\/figure>\n\n\n\n<p>En 2020, el sol atraves\u00f3 el t\u00fanel de Valdealgorfa los d\u00edas 26 de marzo y 17 de septiembre. El pueblo iba a contar con la colaboraci\u00f3n de D. Rafael Carrique, top\u00f3grafo de Pamplona, quien ayud\u00f3 a tomar mediciones y afinar m\u00e1s los c\u00e1lculos en su \u00faltima visita. Sin embargo, debido a la situaci\u00f3n en Espa\u00f1a por el Coronavirus, el acto de marzo se suspendi\u00f3. Puedes seguir todas las novedades en el <a rel=\"noopener noreferrer\" href=\"https:\/\/es-es.facebook.com\/groups\/1058579420820489\/\" target=\"_blank\">Facebook de Amigos del Tunel del Sol de Valdealgorfa<\/a>.<\/p>\n\n\n\n<h2 class=\"wp-block-heading title-rute\" id=\"h-otros-espectaculos-solares\">Otros espect\u00e1culos solares<\/h2>\n\n\n\n<p>Aunque el sol recorriendo el t\u00fanel de Valdealgorfa es un espect\u00e1culo digno de ver. Pero en Espa\u00f1a existen otros lugares tambi\u00e9n iluminados por el <strong>sol durante los solsticios y equinoccios<\/strong>.<\/p>\n\n\n\n<p>Vamos a recordar que el solsticio es cuando el sol est\u00e1 m\u00e1s alejado del ecuador celeste y, por tanto es cuando se produce la m\u00e1xima diferencia de duraci\u00f3n entre el d\u00eda y la noche. Y el equinoccio es cuando tanto el d\u00eda como la noche est\u00e1n igualados.<\/p>\n\n\n\n<p>Sin salir de Teruel, en el Front\u00f3n de T\u00eda Chula (Oliete), del 19 al 29 de septiembre el sol entra por la abertura de una roca iluminando unas pinturas rupestres que hay enfrente de la monta\u00f1a.<\/p>\n\n\n\n<p>Se trata de un <strong>santuario solar mucho m\u00e1s antiguo que Stonehenge<\/strong>, aunque mucho menos conocido que el ingl\u00e9s. Hace m\u00e1s de 4.500 a\u00f1os, este lugar situado en el Parque Cultural del R\u00edo Mart\u00edn era utilizado como calendario de inicio y fin de la temporada de las cosechas.<\/p>\n\n\n\n<p>En <a href=\"https:\/\/www.escapadarural.com\/casas-rurales\/huesca\" target=\"_blank\" rel=\"noopener noreferrer\">Huesca<\/a>, en la <a href=\"https:\/\/www.huescalamagia.es\/blog\/efecto-solar-magico-en-la-iglesia-de-santiago-de-aguero-durante-el-solsticio-de-invierno\/\" target=\"_blank\" rel=\"noopener noreferrer\">iglesia de Santiago de Ag\u00fcero<\/a>, cada solsticio de invierno, el sol entra por una de las ventanas del santuario para <strong>iluminar una figura humana<\/strong> esculpida en el \u00fanico capitel que est\u00e1 en segundo plano. Se cree que es la imagen de un rey aragon\u00e9s, aunque hay quien dice que se trata del rey Ramiro II y quien cree que es Alfonso I el Batallador.<\/p>\n\n\n\n<p>Estamos convencidos de que en Espa\u00f1a hay m\u00e1s sitios donde se producen fen\u00f3menos solares de esta \u00edndole. Os animamos a que nos los descubr\u00e1is en los comentarios.<\/p>\n\n\n\n<figure class=\"wp-block-embed is-type-video is-provider-youtube wp-block-embed-youtube wp-embed-aspect-16-9 wp-has-aspect-ratio\"><div class=\"wp-block-embed__wrapper\">\n<span class=\"S\"><div class=\"video-shortcode\"><iframe title=\"T\u00fanel del Equinoccio Valdealgorfa septiembre 2019\" width=\"1200\" height=\"675\" src=\"https:\/\/www.youtube.com\/embed\/kgpitQeUbY8?feature=oembed\" frameborder=\"0\" allow=\"accelerometer; autoplay; clipboard-write; encrypted-media; gyroscope; picture-in-picture; web-share\" referrerpolicy=\"strict-origin-when-cross-origin\" allowfullscreen><\/iframe><\/div><\/span>\n<\/div><\/figure>\n\n\n\n<h2 class=\"wp-block-heading title-rute\" id=\"h-\"><\/h2>\n\n\n\n<div class=\"wp-block-buttons is-layout-flex wp-block-buttons-is-layout-flex\">\n<div class=\"wp-block-button\"><a class=\"wp-block-button__link wp-element-button\" href=\"https:\/\/www.escapadarural.com\/casas-rurales\/valdealgorfa\">Casas rurales en Valdealgorfa<\/a><\/div>\n<\/div>\n","protected":false},"excerpt":{"rendered":"<p>Unos d\u00edas despu\u00e9s de los equinoccios de primavera y oto\u00f1o, el sol entra por el t\u00fanel de Valdealgorfa, en Teruel, y recorre sus 2,4 kil\u00f3metros de largo hasta llegar al final.<\/p>\n","protected":false},"author":89,"featured_media":193068,"comment_status":"open","ping_status":"closed","sticky":false,"template":"","format":"standard","meta":{"_acf_changed":false,"om_disable_all_campaigns":false,"footnotes":""},"categories":[279],"tags":[6401,4511,4386,4512,257,4513,4514,398,681,4515,4516],"class_list":["post-12890","post","type-post","status-publish","format-standard","has-post-thumbnail","hentry","category-ciencia","tag-aragon","tag-astros","tag-equinoccio","tag-espectaculo","tag-primavera","tag-sol","tag-solar","tag-que-ver-en-teruel","tag-tren","tag-tunel","tag-valdealgorfa"],"acf":[],"featured_image_src":"https:\/\/www.escapadarural.com\/blog\/wp-content\/uploads\/2022\/09\/Tunel_valdealgorfa.jpg","author_info":{"display_name":"Laura Fern\u00e1ndez","author_link":"https:\/\/www.escapadarural.com\/blog\/autor\/laura\/"},"yoast_head":"<!-- This site is optimized with the Yoast SEO plugin v27.5 - https:\/\/yoast.com\/product\/yoast-seo-wordpress\/ -->\n<title>El t\u00fanel de Valdealgorfa (Teruel), por donde cruza el sol cada equinoccio - EscapadaRural<\/title>\n<meta name=\"robots\" content=\"index, follow, max-snippet:-1, max-image-preview:large, max-video-preview:-1\" \/>\n<link rel=\"canonical\" href=\"https:\/\/www.escapadarural.com\/blog\/el-tunel-de-valdealgorfa-teruel-por-donde-cruza-el-sol\/\" \/>\n<meta property=\"og:locale\" content=\"es_ES\" \/>\n<meta property=\"og:type\" content=\"article\" \/>\n<meta property=\"og:title\" content=\"El t\u00fanel de Valdealgorfa (Teruel), por donde cruza el sol cada equinoccio - EscapadaRural\" \/>\n<meta property=\"og:description\" content=\"Unos d\u00edas despu\u00e9s de los equinoccios de primavera y oto\u00f1o, el sol entra por el t\u00fanel de Valdealgorfa, en Teruel, y recorre sus 2,4 kil\u00f3metros de largo hasta llegar al final.\" \/>\n<meta property=\"og:url\" content=\"https:\/\/www.escapadarural.com\/blog\/el-tunel-de-valdealgorfa-teruel-por-donde-cruza-el-sol\/\" \/>\n<meta property=\"og:site_name\" content=\"Magazine de viajes de EscapadaRural\" \/>\n<meta property=\"article:publisher\" content=\"https:\/\/www.facebook.com\/escapadarural\" \/>\n<meta property=\"article:published_time\" content=\"2022-09-17T06:30:00+00:00\" \/>\n<meta property=\"article:modified_time\" content=\"2026-02-05T13:08:04+00:00\" \/>\n<meta property=\"og:image\" content=\"https:\/\/www.escapadarural.com\/blog\/wp-content\/uploads\/2022\/09\/Tunel_valdealgorfa.jpg\" \/>\n\t<meta property=\"og:image:width\" content=\"800\" \/>\n\t<meta property=\"og:image:height\" content=\"600\" \/>\n\t<meta property=\"og:image:type\" content=\"image\/jpeg\" \/>\n<meta name=\"author\" content=\"Laura Fern\u00e1ndez\" \/>\n<meta name=\"twitter:card\" content=\"summary_large_image\" \/>\n<meta name=\"twitter:label1\" content=\"Escrito por\" \/>\n\t<meta name=\"twitter:data1\" content=\"Laura Fern\u00e1ndez\" \/>\n\t<meta name=\"twitter:label2\" content=\"Tiempo de lectura\" \/>\n\t<meta name=\"twitter:data2\" content=\"5 minutos\" \/>\n<script type=\"application\/ld+json\" class=\"yoast-schema-graph\">{\"@context\":\"https:\\\/\\\/schema.org\",\"@graph\":[{\"@type\":\"Article\",\"@id\":\"https:\\\/\\\/www.escapadarural.com\\\/blog\\\/el-tunel-de-valdealgorfa-teruel-por-donde-cruza-el-sol\\\/#article\",\"isPartOf\":{\"@id\":\"https:\\\/\\\/www.escapadarural.com\\\/blog\\\/el-tunel-de-valdealgorfa-teruel-por-donde-cruza-el-sol\\\/\"},\"author\":{\"name\":\"Laura Fern\u00e1ndez\",\"@id\":\"https:\\\/\\\/www.escapadarural.com\\\/blog\\\/#\\\/schema\\\/person\\\/a9b46ae4d047d8a2c719f31e75206cff\"},\"headline\":\"El t\u00fanel de Valdealgorfa (Teruel), por donde cruza el sol cada equinoccio\",\"datePublished\":\"2022-09-17T06:30:00+00:00\",\"dateModified\":\"2026-02-05T13:08:04+00:00\",\"mainEntityOfPage\":{\"@id\":\"https:\\\/\\\/www.escapadarural.com\\\/blog\\\/el-tunel-de-valdealgorfa-teruel-por-donde-cruza-el-sol\\\/\"},\"wordCount\":967,\"commentCount\":2,\"publisher\":{\"@id\":\"https:\\\/\\\/www.escapadarural.com\\\/blog\\\/#organization\"},\"image\":{\"@id\":\"https:\\\/\\\/www.escapadarural.com\\\/blog\\\/el-tunel-de-valdealgorfa-teruel-por-donde-cruza-el-sol\\\/#primaryimage\"},\"thumbnailUrl\":\"https:\\\/\\\/www.escapadarural.com\\\/blog\\\/wp-content\\\/uploads\\\/2022\\\/09\\\/Tunel_valdealgorfa.jpg\",\"keywords\":[\"aragon\",\"Astros\",\"equinoccio\",\"Espect\u00e1culo\",\"Primavera\",\"Sol\",\"Solar\",\"Teruel\",\"tren\",\"T\u00fanel\",\"Valdealgorfa\"],\"articleSection\":[\"Ciencia\"],\"inLanguage\":\"es\",\"potentialAction\":[{\"@type\":\"CommentAction\",\"name\":\"Comment\",\"target\":[\"https:\\\/\\\/www.escapadarural.com\\\/blog\\\/el-tunel-de-valdealgorfa-teruel-por-donde-cruza-el-sol\\\/#respond\"]}]},{\"@type\":\"WebPage\",\"@id\":\"https:\\\/\\\/www.escapadarural.com\\\/blog\\\/el-tunel-de-valdealgorfa-teruel-por-donde-cruza-el-sol\\\/\",\"url\":\"https:\\\/\\\/www.escapadarural.com\\\/blog\\\/el-tunel-de-valdealgorfa-teruel-por-donde-cruza-el-sol\\\/\",\"name\":\"El t\u00fanel de Valdealgorfa (Teruel), por donde cruza el sol cada equinoccio - EscapadaRural\",\"isPartOf\":{\"@id\":\"https:\\\/\\\/www.escapadarural.com\\\/blog\\\/#website\"},\"primaryImageOfPage\":{\"@id\":\"https:\\\/\\\/www.escapadarural.com\\\/blog\\\/el-tunel-de-valdealgorfa-teruel-por-donde-cruza-el-sol\\\/#primaryimage\"},\"image\":{\"@id\":\"https:\\\/\\\/www.escapadarural.com\\\/blog\\\/el-tunel-de-valdealgorfa-teruel-por-donde-cruza-el-sol\\\/#primaryimage\"},\"thumbnailUrl\":\"https:\\\/\\\/www.escapadarural.com\\\/blog\\\/wp-content\\\/uploads\\\/2022\\\/09\\\/Tunel_valdealgorfa.jpg\",\"datePublished\":\"2022-09-17T06:30:00+00:00\",\"dateModified\":\"2026-02-05T13:08:04+00:00\",\"breadcrumb\":{\"@id\":\"https:\\\/\\\/www.escapadarural.com\\\/blog\\\/el-tunel-de-valdealgorfa-teruel-por-donde-cruza-el-sol\\\/#breadcrumb\"},\"inLanguage\":\"es\",\"potentialAction\":[{\"@type\":\"ReadAction\",\"target\":[\"https:\\\/\\\/www.escapadarural.com\\\/blog\\\/el-tunel-de-valdealgorfa-teruel-por-donde-cruza-el-sol\\\/\"]}]},{\"@type\":\"ImageObject\",\"inLanguage\":\"es\",\"@id\":\"https:\\\/\\\/www.escapadarural.com\\\/blog\\\/el-tunel-de-valdealgorfa-teruel-por-donde-cruza-el-sol\\\/#primaryimage\",\"url\":\"https:\\\/\\\/www.escapadarural.com\\\/blog\\\/wp-content\\\/uploads\\\/2022\\\/09\\\/Tunel_valdealgorfa.jpg\",\"contentUrl\":\"https:\\\/\\\/www.escapadarural.com\\\/blog\\\/wp-content\\\/uploads\\\/2022\\\/09\\\/Tunel_valdealgorfa.jpg\",\"width\":800,\"height\":600,\"caption\":\"T\u00fanel de Valdealgorfa. Por Por Jos\u00e9 Bonfil Peris\"},{\"@type\":\"BreadcrumbList\",\"@id\":\"https:\\\/\\\/www.escapadarural.com\\\/blog\\\/el-tunel-de-valdealgorfa-teruel-por-donde-cruza-el-sol\\\/#breadcrumb\",\"itemListElement\":[{\"@type\":\"ListItem\",\"position\":1,\"name\":\"Inicio\",\"item\":\"https:\\\/\\\/www.escapadarural.com\\\/blog\\\/\"},{\"@type\":\"ListItem\",\"position\":2,\"name\":\"Ciencia\",\"item\":\"https:\\\/\\\/www.escapadarural.com\\\/blog\\\/categoria\\\/ciencia\\\/\"},{\"@type\":\"ListItem\",\"position\":3,\"name\":\"El t\u00fanel de Valdealgorfa (Teruel), por donde cruza el sol cada equinoccio\"}]},{\"@type\":\"WebSite\",\"@id\":\"https:\\\/\\\/www.escapadarural.com\\\/blog\\\/#website\",\"url\":\"https:\\\/\\\/www.escapadarural.com\\\/blog\\\/\",\"name\":\"Blog de viajes | turismo rural, alojamientos e inspiraci\u00f3n\",\"description\":\"Alojamientos rurales e inspiraci\u00f3n para tus escapadas\",\"publisher\":{\"@id\":\"https:\\\/\\\/www.escapadarural.com\\\/blog\\\/#organization\"},\"alternateName\":\"Magazine de viajes de EscapadaRural\",\"potentialAction\":[{\"@type\":\"SearchAction\",\"target\":{\"@type\":\"EntryPoint\",\"urlTemplate\":\"https:\\\/\\\/www.escapadarural.com\\\/blog\\\/?s={search_term_string}\"},\"query-input\":{\"@type\":\"PropertyValueSpecification\",\"valueRequired\":true,\"valueName\":\"search_term_string\"}}],\"inLanguage\":\"es\"},{\"@type\":\"Organization\",\"@id\":\"https:\\\/\\\/www.escapadarural.com\\\/blog\\\/#organization\",\"name\":\"EscapadaRural\",\"url\":\"https:\\\/\\\/www.escapadarural.com\\\/blog\\\/\",\"logo\":{\"@type\":\"ImageObject\",\"inLanguage\":\"es\",\"@id\":\"https:\\\/\\\/www.escapadarural.com\\\/blog\\\/#\\\/schema\\\/logo\\\/image\\\/\",\"url\":\"https:\\\/\\\/www.escapadarural.com\\\/blog\\\/wp-content\\\/uploads\\\/2024\\\/10\\\/cropped-cropped-escapada-rural-icon-mag-3.png\",\"contentUrl\":\"https:\\\/\\\/www.escapadarural.com\\\/blog\\\/wp-content\\\/uploads\\\/2024\\\/10\\\/cropped-cropped-escapada-rural-icon-mag-3.png\",\"width\":512,\"height\":512,\"caption\":\"EscapadaRural\"},\"image\":{\"@id\":\"https:\\\/\\\/www.escapadarural.com\\\/blog\\\/#\\\/schema\\\/logo\\\/image\\\/\"},\"sameAs\":[\"https:\\\/\\\/www.facebook.com\\\/escapadarural\",\"https:\\\/\\\/www.instagram.com\\\/escapadarural\\\/\",\"https:\\\/\\\/www.youtube.com\\\/@escapadaruralcom\"]},{\"@type\":\"Person\",\"@id\":\"https:\\\/\\\/www.escapadarural.com\\\/blog\\\/#\\\/schema\\\/person\\\/a9b46ae4d047d8a2c719f31e75206cff\",\"name\":\"Laura Fern\u00e1ndez\",\"image\":{\"@type\":\"ImageObject\",\"inLanguage\":\"es\",\"@id\":\"https:\\\/\\\/www.escapadarural.com\\\/blog\\\/wp-content\\\/uploads\\\/2025\\\/01\\\/cropped-laura_raponchii-96x96.jpg\",\"url\":\"https:\\\/\\\/www.escapadarural.com\\\/blog\\\/wp-content\\\/uploads\\\/2025\\\/01\\\/cropped-laura_raponchii-96x96.jpg\",\"contentUrl\":\"https:\\\/\\\/www.escapadarural.com\\\/blog\\\/wp-content\\\/uploads\\\/2025\\\/01\\\/cropped-laura_raponchii-96x96.jpg\",\"caption\":\"Laura Fern\u00e1ndez\"},\"description\":\"Periodista, blogger y viajera. No necesariamente en ese orden. En ocasiones me despierto sin saber d\u00f3nde estoy. Adicta a los c\u00f3mics y a los noodles con salsa de cacahuete. Redactora en @escapadarural, colaboradora en la Conde Nast Traveler y en la Divinity. Mi casa: Meridiano180.\",\"sameAs\":[\"http:\\\/\\\/www.meridiano180.com\\\/\"],\"url\":\"https:\\\/\\\/www.escapadarural.com\\\/blog\\\/autor\\\/laura\\\/\"}]}<\/script>\n<!-- \/ Yoast SEO plugin. -->","yoast_head_json":{"title":"El t\u00fanel de Valdealgorfa (Teruel), por donde cruza el sol cada equinoccio - EscapadaRural","robots":{"index":"index","follow":"follow","max-snippet":"max-snippet:-1","max-image-preview":"max-image-preview:large","max-video-preview":"max-video-preview:-1"},"canonical":"https:\/\/www.escapadarural.com\/blog\/el-tunel-de-valdealgorfa-teruel-por-donde-cruza-el-sol\/","og_locale":"es_ES","og_type":"article","og_title":"El t\u00fanel de Valdealgorfa (Teruel), por donde cruza el sol cada equinoccio - EscapadaRural","og_description":"Unos d\u00edas despu\u00e9s de los equinoccios de primavera y oto\u00f1o, el sol entra por el t\u00fanel de Valdealgorfa, en Teruel, y recorre sus 2,4 kil\u00f3metros de largo hasta llegar al final.","og_url":"https:\/\/www.escapadarural.com\/blog\/el-tunel-de-valdealgorfa-teruel-por-donde-cruza-el-sol\/","og_site_name":"Magazine de viajes de EscapadaRural","article_publisher":"https:\/\/www.facebook.com\/escapadarural","article_published_time":"2022-09-17T06:30:00+00:00","article_modified_time":"2026-02-05T13:08:04+00:00","og_image":[{"width":800,"height":600,"url":"https:\/\/www.escapadarural.com\/blog\/wp-content\/uploads\/2022\/09\/Tunel_valdealgorfa.jpg","type":"image\/jpeg"}],"author":"Laura Fern\u00e1ndez","twitter_card":"summary_large_image","twitter_misc":{"Escrito por":"Laura Fern\u00e1ndez","Tiempo de lectura":"5 minutos"},"schema":{"@context":"https:\/\/schema.org","@graph":[{"@type":"Article","@id":"https:\/\/www.escapadarural.com\/blog\/el-tunel-de-valdealgorfa-teruel-por-donde-cruza-el-sol\/#article","isPartOf":{"@id":"https:\/\/www.escapadarural.com\/blog\/el-tunel-de-valdealgorfa-teruel-por-donde-cruza-el-sol\/"},"author":{"name":"Laura Fern\u00e1ndez","@id":"https:\/\/www.escapadarural.com\/blog\/#\/schema\/person\/a9b46ae4d047d8a2c719f31e75206cff"},"headline":"El t\u00fanel de Valdealgorfa (Teruel), por donde cruza el sol cada equinoccio","datePublished":"2022-09-17T06:30:00+00:00","dateModified":"2026-02-05T13:08:04+00:00","mainEntityOfPage":{"@id":"https:\/\/www.escapadarural.com\/blog\/el-tunel-de-valdealgorfa-teruel-por-donde-cruza-el-sol\/"},"wordCount":967,"commentCount":2,"publisher":{"@id":"https:\/\/www.escapadarural.com\/blog\/#organization"},"image":{"@id":"https:\/\/www.escapadarural.com\/blog\/el-tunel-de-valdealgorfa-teruel-por-donde-cruza-el-sol\/#primaryimage"},"thumbnailUrl":"https:\/\/www.escapadarural.com\/blog\/wp-content\/uploads\/2022\/09\/Tunel_valdealgorfa.jpg","keywords":["aragon","Astros","equinoccio","Espect\u00e1culo","Primavera","Sol","Solar","Teruel","tren","T\u00fanel","Valdealgorfa"],"articleSection":["Ciencia"],"inLanguage":"es","potentialAction":[{"@type":"CommentAction","name":"Comment","target":["https:\/\/www.escapadarural.com\/blog\/el-tunel-de-valdealgorfa-teruel-por-donde-cruza-el-sol\/#respond"]}]},{"@type":"WebPage","@id":"https:\/\/www.escapadarural.com\/blog\/el-tunel-de-valdealgorfa-teruel-por-donde-cruza-el-sol\/","url":"https:\/\/www.escapadarural.com\/blog\/el-tunel-de-valdealgorfa-teruel-por-donde-cruza-el-sol\/","name":"El t\u00fanel de Valdealgorfa (Teruel), por donde cruza el sol cada equinoccio - EscapadaRural","isPartOf":{"@id":"https:\/\/www.escapadarural.com\/blog\/#website"},"primaryImageOfPage":{"@id":"https:\/\/www.escapadarural.com\/blog\/el-tunel-de-valdealgorfa-teruel-por-donde-cruza-el-sol\/#primaryimage"},"image":{"@id":"https:\/\/www.escapadarural.com\/blog\/el-tunel-de-valdealgorfa-teruel-por-donde-cruza-el-sol\/#primaryimage"},"thumbnailUrl":"https:\/\/www.escapadarural.com\/blog\/wp-content\/uploads\/2022\/09\/Tunel_valdealgorfa.jpg","datePublished":"2022-09-17T06:30:00+00:00","dateModified":"2026-02-05T13:08:04+00:00","breadcrumb":{"@id":"https:\/\/www.escapadarural.com\/blog\/el-tunel-de-valdealgorfa-teruel-por-donde-cruza-el-sol\/#breadcrumb"},"inLanguage":"es","potentialAction":[{"@type":"ReadAction","target":["https:\/\/www.escapadarural.com\/blog\/el-tunel-de-valdealgorfa-teruel-por-donde-cruza-el-sol\/"]}]},{"@type":"ImageObject","inLanguage":"es","@id":"https:\/\/www.escapadarural.com\/blog\/el-tunel-de-valdealgorfa-teruel-por-donde-cruza-el-sol\/#primaryimage","url":"https:\/\/www.escapadarural.com\/blog\/wp-content\/uploads\/2022\/09\/Tunel_valdealgorfa.jpg","contentUrl":"https:\/\/www.escapadarural.com\/blog\/wp-content\/uploads\/2022\/09\/Tunel_valdealgorfa.jpg","width":800,"height":600,"caption":"T\u00fanel de Valdealgorfa. Por Por Jos\u00e9 Bonfil Peris"},{"@type":"BreadcrumbList","@id":"https:\/\/www.escapadarural.com\/blog\/el-tunel-de-valdealgorfa-teruel-por-donde-cruza-el-sol\/#breadcrumb","itemListElement":[{"@type":"ListItem","position":1,"name":"Inicio","item":"https:\/\/www.escapadarural.com\/blog\/"},{"@type":"ListItem","position":2,"name":"Ciencia","item":"https:\/\/www.escapadarural.com\/blog\/categoria\/ciencia\/"},{"@type":"ListItem","position":3,"name":"El t\u00fanel de Valdealgorfa (Teruel), por donde cruza el sol cada equinoccio"}]},{"@type":"WebSite","@id":"https:\/\/www.escapadarural.com\/blog\/#website","url":"https:\/\/www.escapadarural.com\/blog\/","name":"Blog de viajes | turismo rural, alojamientos e inspiraci\u00f3n","description":"Alojamientos rurales e inspiraci\u00f3n para tus escapadas","publisher":{"@id":"https:\/\/www.escapadarural.com\/blog\/#organization"},"alternateName":"Magazine de viajes de EscapadaRural","potentialAction":[{"@type":"SearchAction","target":{"@type":"EntryPoint","urlTemplate":"https:\/\/www.escapadarural.com\/blog\/?s={search_term_string}"},"query-input":{"@type":"PropertyValueSpecification","valueRequired":true,"valueName":"search_term_string"}}],"inLanguage":"es"},{"@type":"Organization","@id":"https:\/\/www.escapadarural.com\/blog\/#organization","name":"EscapadaRural","url":"https:\/\/www.escapadarural.com\/blog\/","logo":{"@type":"ImageObject","inLanguage":"es","@id":"https:\/\/www.escapadarural.com\/blog\/#\/schema\/logo\/image\/","url":"https:\/\/www.escapadarural.com\/blog\/wp-content\/uploads\/2024\/10\/cropped-cropped-escapada-rural-icon-mag-3.png","contentUrl":"https:\/\/www.escapadarural.com\/blog\/wp-content\/uploads\/2024\/10\/cropped-cropped-escapada-rural-icon-mag-3.png","width":512,"height":512,"caption":"EscapadaRural"},"image":{"@id":"https:\/\/www.escapadarural.com\/blog\/#\/schema\/logo\/image\/"},"sameAs":["https:\/\/www.facebook.com\/escapadarural","https:\/\/www.instagram.com\/escapadarural\/","https:\/\/www.youtube.com\/@escapadaruralcom"]},{"@type":"Person","@id":"https:\/\/www.escapadarural.com\/blog\/#\/schema\/person\/a9b46ae4d047d8a2c719f31e75206cff","name":"Laura Fern\u00e1ndez","image":{"@type":"ImageObject","inLanguage":"es","@id":"https:\/\/www.escapadarural.com\/blog\/wp-content\/uploads\/2025\/01\/cropped-laura_raponchii-96x96.jpg","url":"https:\/\/www.escapadarural.com\/blog\/wp-content\/uploads\/2025\/01\/cropped-laura_raponchii-96x96.jpg","contentUrl":"https:\/\/www.escapadarural.com\/blog\/wp-content\/uploads\/2025\/01\/cropped-laura_raponchii-96x96.jpg","caption":"Laura Fern\u00e1ndez"},"description":"Periodista, blogger y viajera. No necesariamente en ese orden. En ocasiones me despierto sin saber d\u00f3nde estoy. Adicta a los c\u00f3mics y a los noodles con salsa de cacahuete. Redactora en @escapadarural, colaboradora en la Conde Nast Traveler y en la Divinity. Mi casa: Meridiano180.","sameAs":["http:\/\/www.meridiano180.com\/"],"url":"https:\/\/www.escapadarural.com\/blog\/autor\/laura\/"}]}},"_links":{"self":[{"href":"https:\/\/www.escapadarural.com\/blog\/wp-json\/wp\/v2\/posts\/12890","targetHints":{"allow":["GET"]}}],"collection":[{"href":"https:\/\/www.escapadarural.com\/blog\/wp-json\/wp\/v2\/posts"}],"about":[{"href":"https:\/\/www.escapadarural.com\/blog\/wp-json\/wp\/v2\/types\/post"}],"author":[{"embeddable":true,"href":"https:\/\/www.escapadarural.com\/blog\/wp-json\/wp\/v2\/users\/89"}],"replies":[{"embeddable":true,"href":"https:\/\/www.escapadarural.com\/blog\/wp-json\/wp\/v2\/comments?post=12890"}],"version-history":[{"count":0,"href":"https:\/\/www.escapadarural.com\/blog\/wp-json\/wp\/v2\/posts\/12890\/revisions"}],"wp:featuredmedia":[{"embeddable":true,"href":"https:\/\/www.escapadarural.com\/blog\/wp-json\/wp\/v2\/media\/193068"}],"wp:attachment":[{"href":"https:\/\/www.escapadarural.com\/blog\/wp-json\/wp\/v2\/media?parent=12890"}],"wp:term":[{"taxonomy":"category","embeddable":true,"href":"https:\/\/www.escapadarural.com\/blog\/wp-json\/wp\/v2\/categories?post=12890"},{"taxonomy":"post_tag","embeddable":true,"href":"https:\/\/www.escapadarural.com\/blog\/wp-json\/wp\/v2\/tags?post=12890"}],"curies":[{"name":"wp","href":"https:\/\/api.w.org\/{rel}","templated":true}]}}