{"id":12917,"date":"2020-03-16T17:34:32","date_gmt":"2020-03-16T17:34:32","guid":{"rendered":"http:\/\/15.188.81.248\/2020\/03\/16\/manifiesto-en-turismo-rural-hacemos-pina\/"},"modified":"2025-08-04T11:43:28","modified_gmt":"2025-08-04T09:43:28","slug":"manifiesto-en-turismo-rural-hacemos-pina","status":"publish","type":"post","link":"https:\/\/www.escapadarural.com\/blog\/manifiesto-en-turismo-rural-hacemos-pina\/","title":{"rendered":"Manifiesto: En turismo rural hacemos pi\u00f1a"},"content":{"rendered":"\n<figure class=\"wp-block-image size-large\"><a href=\"\/blog\/wp-content\/uploads\/2020\/03\/Equipo-ER-kick-off-scaled.jpg\"><img decoding=\"async\" src=\"\/blog\/wp-content\/uploads\/2020\/03\/Equipo-ER-kick-off-1024x467.jpg\" alt=\"EscapadaRural.com\" class=\"wp-image-18245\"\/><\/a><figcaption class=\"wp-element-caption\">Equipo EscapadaRural.com<\/figcaption><\/figure>\n\n\n\n<p>En <strong>EscapadaRural<\/strong> llevamos 13 a\u00f1os trabajando para hacer posible algo important\u00edsimo: facilitar experiencias de<strong> turismo rural<\/strong> que permitan a familias y amigos compartir<strong> #tiempodecalidad<\/strong>. Para ello, hemos inspirado al viajero y apoyado al propietario en un sector cuyo impacto sabemos que es enormemente beneficioso, tanto entre los consumidores como entre el tejido social de los destinos.<\/p>\n\n\n\n<p>Ahora que nos enfrentamos a la <strong>crisis<\/strong> provocada por el <strong>Covid-19<\/strong> queremos seguir acompa\u00f1ando a unos y otros para que el trabajo en equipo nos permita superar estos momentos dif\u00edciles.<\/p>\n\n\n\n<p>Los <strong>amantes del turismo rural<\/strong>, los que lo practicamos y aquellos que abren sus casas para alojarnos, formamos un todo y tenemos que actuar como una pi\u00f1a para salir adelante. Somos una gran comunidad en la que nos une la pasi\u00f3n por los peque\u00f1os y preciosos destinos que nos estar\u00e1n esperando cuando sea posible escaparnos de nuevo.<\/p>\n\n\n\n<p>Hasta entonces, EscapadaRural seguir\u00e1 al pie del ca\u00f1\u00f3n, ofreciendo <strong>contenidos e ideas<\/strong> que nos permitan pasar un poquito mejor estos d\u00edas en casa. Y por otro lado, tambi\u00e9n facilitaremos informaci\u00f3n y formaci\u00f3n a los empresarios, con el fin de que sus negocios superen este bache lo antes posible.<\/p>\n\n\n\n<p>Estad atentos porque ya tenemos en marcha algunas medidas que necesitar\u00e1n tambi\u00e9n de vuestra colaboraci\u00f3n, como la <strong>cadena solidaria<\/strong> para apoyar el sector. Sigue esta iniciativa en <a rel=\"noopener noreferrer\" href=\"https:\/\/www.instagram.com\/p\/B9zHKtwI2jD\/\" target=\"_blank\" class=\"rank-math-link\">Instagram<\/a> y en <a href=\"https:\/\/www.facebook.com\/escapadarural\/photos\/rpp.187228485187\/10163086453320188\/?type=3&amp;theater\" target=\"_blank\" aria-label=\" (opens in a new tab)\" rel=\"noreferrer noopener\" class=\"rank-math-link\">Facebook<\/a>.<\/p>\n\n\n\n<p>\u00a1Contamos con tu apoyo!<\/p>\n","protected":false},"excerpt":{"rendered":"<p>Ahora que nos enfrentamos a la crisis provocada por el Covid-19 queremos seguir acompa\u00f1ando a unos y otros para que el trabajo en equipo nos permita superar estos momentos dif\u00edciles.<\/p>\n","protected":false},"author":117,"featured_media":105758,"comment_status":"open","ping_status":"closed","sticky":false,"template":"","format":"standard","meta":{"_acf_changed":false,"om_disable_all_campaigns":false,"footnotes":""},"categories":[390],"tags":[2549,2550,388,2551,274],"class_list":["post-12917","post","type-post","status-publish","format-standard","has-post-thumbnail","hentry","category-noticias","tag-cadena-solidaria","tag-covid-19","tag-escapadarural","tag-manifiesto","tag-turismo-rural"],"acf":[],"featured_image_src":"https:\/\/www.escapadarural.com\/blog\/wp-content\/uploads\/2024\/10\/co-fundadores-escapadarural1-1.png","author_info":{"display_name":"Empar Ba\u00f1os","author_link":"https:\/\/www.escapadarural.com\/blog\/autor\/empar\/"},"yoast_head":"<!-- This site is optimized with the Yoast SEO plugin v27.5 - https:\/\/yoast.com\/product\/yoast-seo-wordpress\/ -->\n<title>Manifiesto: En turismo rural hacemos pi\u00f1a - EscapadaRural<\/title>\n<meta name=\"robots\" content=\"index, follow, max-snippet:-1, max-image-preview:large, max-video-preview:-1\" \/>\n<link rel=\"canonical\" href=\"https:\/\/www.escapadarural.com\/blog\/manifiesto-en-turismo-rural-hacemos-pina\/\" \/>\n<meta property=\"og:locale\" content=\"es_ES\" \/>\n<meta property=\"og:type\" content=\"article\" \/>\n<meta property=\"og:title\" content=\"Manifiesto: En turismo rural hacemos pi\u00f1a - EscapadaRural\" \/>\n<meta property=\"og:description\" content=\"Ahora que nos enfrentamos a la crisis provocada por el Covid-19 queremos seguir acompa\u00f1ando a unos y otros para que el trabajo en equipo nos permita superar estos momentos dif\u00edciles.\" \/>\n<meta property=\"og:url\" content=\"https:\/\/www.escapadarural.com\/blog\/manifiesto-en-turismo-rural-hacemos-pina\/\" \/>\n<meta property=\"og:site_name\" content=\"Magazine de viajes de EscapadaRural\" \/>\n<meta property=\"article:publisher\" content=\"https:\/\/www.facebook.com\/escapadarural\" \/>\n<meta property=\"article:published_time\" content=\"2020-03-16T17:34:32+00:00\" \/>\n<meta property=\"article:modified_time\" content=\"2025-08-04T09:43:28+00:00\" \/>\n<meta property=\"og:image\" content=\"https:\/\/www.escapadarural.com\/blog\/wp-content\/uploads\/2024\/10\/co-fundadores-escapadarural1-1.png?v=1754300609\" \/>\n\t<meta property=\"og:image:width\" content=\"538\" \/>\n\t<meta property=\"og:image:height\" content=\"404\" \/>\n\t<meta property=\"og:image:type\" content=\"image\/png\" \/>\n<meta name=\"author\" content=\"Empar Ba\u00f1os\" \/>\n<meta name=\"twitter:card\" content=\"summary_large_image\" \/>\n<meta name=\"twitter:label1\" content=\"Escrito por\" \/>\n\t<meta name=\"twitter:data1\" content=\"Empar Ba\u00f1os\" \/>\n\t<meta name=\"twitter:label2\" content=\"Tiempo de lectura\" \/>\n\t<meta name=\"twitter:data2\" content=\"1 minuto\" \/>\n<script type=\"application\/ld+json\" class=\"yoast-schema-graph\">{\"@context\":\"https:\\\/\\\/schema.org\",\"@graph\":[{\"@type\":\"Article\",\"@id\":\"https:\\\/\\\/www.escapadarural.com\\\/blog\\\/manifiesto-en-turismo-rural-hacemos-pina\\\/#article\",\"isPartOf\":{\"@id\":\"https:\\\/\\\/www.escapadarural.com\\\/blog\\\/manifiesto-en-turismo-rural-hacemos-pina\\\/\"},\"author\":{\"name\":\"Empar Ba\u00f1os\",\"@id\":\"https:\\\/\\\/www.escapadarural.com\\\/blog\\\/#\\\/schema\\\/person\\\/78ac8aa9c7e1170e47554618015c86d8\"},\"headline\":\"Manifiesto: En turismo rural hacemos pi\u00f1a\",\"datePublished\":\"2020-03-16T17:34:32+00:00\",\"dateModified\":\"2025-08-04T09:43:28+00:00\",\"mainEntityOfPage\":{\"@id\":\"https:\\\/\\\/www.escapadarural.com\\\/blog\\\/manifiesto-en-turismo-rural-hacemos-pina\\\/\"},\"wordCount\":251,\"commentCount\":2,\"publisher\":{\"@id\":\"https:\\\/\\\/www.escapadarural.com\\\/blog\\\/#organization\"},\"image\":{\"@id\":\"https:\\\/\\\/www.escapadarural.com\\\/blog\\\/manifiesto-en-turismo-rural-hacemos-pina\\\/#primaryimage\"},\"thumbnailUrl\":\"https:\\\/\\\/www.escapadarural.com\\\/blog\\\/wp-content\\\/uploads\\\/2024\\\/10\\\/co-fundadores-escapadarural1-1.png\",\"keywords\":[\"cadena solidaria\",\"COVID-19\",\"escapadarural\",\"manifiesto\",\"turismo rural\"],\"articleSection\":[\"Noticias\"],\"inLanguage\":\"es\",\"potentialAction\":[{\"@type\":\"CommentAction\",\"name\":\"Comment\",\"target\":[\"https:\\\/\\\/www.escapadarural.com\\\/blog\\\/manifiesto-en-turismo-rural-hacemos-pina\\\/#respond\"]}]},{\"@type\":\"WebPage\",\"@id\":\"https:\\\/\\\/www.escapadarural.com\\\/blog\\\/manifiesto-en-turismo-rural-hacemos-pina\\\/\",\"url\":\"https:\\\/\\\/www.escapadarural.com\\\/blog\\\/manifiesto-en-turismo-rural-hacemos-pina\\\/\",\"name\":\"Manifiesto: En turismo rural hacemos pi\u00f1a - EscapadaRural\",\"isPartOf\":{\"@id\":\"https:\\\/\\\/www.escapadarural.com\\\/blog\\\/#website\"},\"primaryImageOfPage\":{\"@id\":\"https:\\\/\\\/www.escapadarural.com\\\/blog\\\/manifiesto-en-turismo-rural-hacemos-pina\\\/#primaryimage\"},\"image\":{\"@id\":\"https:\\\/\\\/www.escapadarural.com\\\/blog\\\/manifiesto-en-turismo-rural-hacemos-pina\\\/#primaryimage\"},\"thumbnailUrl\":\"https:\\\/\\\/www.escapadarural.com\\\/blog\\\/wp-content\\\/uploads\\\/2024\\\/10\\\/co-fundadores-escapadarural1-1.png\",\"datePublished\":\"2020-03-16T17:34:32+00:00\",\"dateModified\":\"2025-08-04T09:43:28+00:00\",\"breadcrumb\":{\"@id\":\"https:\\\/\\\/www.escapadarural.com\\\/blog\\\/manifiesto-en-turismo-rural-hacemos-pina\\\/#breadcrumb\"},\"inLanguage\":\"es\",\"potentialAction\":[{\"@type\":\"ReadAction\",\"target\":[\"https:\\\/\\\/www.escapadarural.com\\\/blog\\\/manifiesto-en-turismo-rural-hacemos-pina\\\/\"]}]},{\"@type\":\"ImageObject\",\"inLanguage\":\"es\",\"@id\":\"https:\\\/\\\/www.escapadarural.com\\\/blog\\\/manifiesto-en-turismo-rural-hacemos-pina\\\/#primaryimage\",\"url\":\"https:\\\/\\\/www.escapadarural.com\\\/blog\\\/wp-content\\\/uploads\\\/2024\\\/10\\\/co-fundadores-escapadarural1-1.png\",\"contentUrl\":\"https:\\\/\\\/www.escapadarural.com\\\/blog\\\/wp-content\\\/uploads\\\/2024\\\/10\\\/co-fundadores-escapadarural1-1.png\",\"width\":538,\"height\":404,\"caption\":\"Dos hombres juntos y sonrientes.\"},{\"@type\":\"BreadcrumbList\",\"@id\":\"https:\\\/\\\/www.escapadarural.com\\\/blog\\\/manifiesto-en-turismo-rural-hacemos-pina\\\/#breadcrumb\",\"itemListElement\":[{\"@type\":\"ListItem\",\"position\":1,\"name\":\"Inicio\",\"item\":\"https:\\\/\\\/www.escapadarural.com\\\/blog\\\/\"},{\"@type\":\"ListItem\",\"position\":2,\"name\":\"Noticias\",\"item\":\"https:\\\/\\\/www.escapadarural.com\\\/blog\\\/categoria\\\/noticias\\\/\"},{\"@type\":\"ListItem\",\"position\":3,\"name\":\"Manifiesto: En turismo rural hacemos pi\u00f1a\"}]},{\"@type\":\"WebSite\",\"@id\":\"https:\\\/\\\/www.escapadarural.com\\\/blog\\\/#website\",\"url\":\"https:\\\/\\\/www.escapadarural.com\\\/blog\\\/\",\"name\":\"Blog de viajes | turismo rural, alojamientos e inspiraci\u00f3n\",\"description\":\"Alojamientos rurales e inspiraci\u00f3n para tus escapadas\",\"publisher\":{\"@id\":\"https:\\\/\\\/www.escapadarural.com\\\/blog\\\/#organization\"},\"alternateName\":\"Magazine de viajes de EscapadaRural\",\"potentialAction\":[{\"@type\":\"SearchAction\",\"target\":{\"@type\":\"EntryPoint\",\"urlTemplate\":\"https:\\\/\\\/www.escapadarural.com\\\/blog\\\/?s={search_term_string}\"},\"query-input\":{\"@type\":\"PropertyValueSpecification\",\"valueRequired\":true,\"valueName\":\"search_term_string\"}}],\"inLanguage\":\"es\"},{\"@type\":\"Organization\",\"@id\":\"https:\\\/\\\/www.escapadarural.com\\\/blog\\\/#organization\",\"name\":\"EscapadaRural\",\"url\":\"https:\\\/\\\/www.escapadarural.com\\\/blog\\\/\",\"logo\":{\"@type\":\"ImageObject\",\"inLanguage\":\"es\",\"@id\":\"https:\\\/\\\/www.escapadarural.com\\\/blog\\\/#\\\/schema\\\/logo\\\/image\\\/\",\"url\":\"https:\\\/\\\/www.escapadarural.com\\\/blog\\\/wp-content\\\/uploads\\\/2024\\\/10\\\/cropped-cropped-escapada-rural-icon-mag-3.png\",\"contentUrl\":\"https:\\\/\\\/www.escapadarural.com\\\/blog\\\/wp-content\\\/uploads\\\/2024\\\/10\\\/cropped-cropped-escapada-rural-icon-mag-3.png\",\"width\":512,\"height\":512,\"caption\":\"EscapadaRural\"},\"image\":{\"@id\":\"https:\\\/\\\/www.escapadarural.com\\\/blog\\\/#\\\/schema\\\/logo\\\/image\\\/\"},\"sameAs\":[\"https:\\\/\\\/www.facebook.com\\\/escapadarural\",\"https:\\\/\\\/www.instagram.com\\\/escapadarural\\\/\",\"https:\\\/\\\/www.youtube.com\\\/@escapadaruralcom\"]},{\"@type\":\"Person\",\"@id\":\"https:\\\/\\\/www.escapadarural.com\\\/blog\\\/#\\\/schema\\\/person\\\/78ac8aa9c7e1170e47554618015c86d8\",\"name\":\"Empar Ba\u00f1os\",\"image\":{\"@type\":\"ImageObject\",\"inLanguage\":\"es\",\"@id\":\"https:\\\/\\\/secure.gravatar.com\\\/avatar\\\/bca25b8b2839ae0e50c199a89b66d55b4b439c64042a30889da72f06522e6c99?s=96&d=mm&r=g\",\"url\":\"https:\\\/\\\/secure.gravatar.com\\\/avatar\\\/bca25b8b2839ae0e50c199a89b66d55b4b439c64042a30889da72f06522e6c99?s=96&d=mm&r=g\",\"contentUrl\":\"https:\\\/\\\/secure.gravatar.com\\\/avatar\\\/bca25b8b2839ae0e50c199a89b66d55b4b439c64042a30889da72f06522e6c99?s=96&d=mm&r=g\",\"caption\":\"Empar Ba\u00f1os\"},\"url\":\"https:\\\/\\\/www.escapadarural.com\\\/blog\\\/autor\\\/empar\\\/\"}]}<\/script>\n<!-- \/ Yoast SEO plugin. -->","yoast_head_json":{"title":"Manifiesto: En turismo rural hacemos pi\u00f1a - EscapadaRural","robots":{"index":"index","follow":"follow","max-snippet":"max-snippet:-1","max-image-preview":"max-image-preview:large","max-video-preview":"max-video-preview:-1"},"canonical":"https:\/\/www.escapadarural.com\/blog\/manifiesto-en-turismo-rural-hacemos-pina\/","og_locale":"es_ES","og_type":"article","og_title":"Manifiesto: En turismo rural hacemos pi\u00f1a - EscapadaRural","og_description":"Ahora que nos enfrentamos a la crisis provocada por el Covid-19 queremos seguir acompa\u00f1ando a unos y otros para que el trabajo en equipo nos permita superar estos momentos dif\u00edciles.","og_url":"https:\/\/www.escapadarural.com\/blog\/manifiesto-en-turismo-rural-hacemos-pina\/","og_site_name":"Magazine de viajes de EscapadaRural","article_publisher":"https:\/\/www.facebook.com\/escapadarural","article_published_time":"2020-03-16T17:34:32+00:00","article_modified_time":"2025-08-04T09:43:28+00:00","og_image":[{"width":538,"height":404,"url":"https:\/\/www.escapadarural.com\/blog\/wp-content\/uploads\/2024\/10\/co-fundadores-escapadarural1-1.png?v=1754300609","type":"image\/png"}],"author":"Empar Ba\u00f1os","twitter_card":"summary_large_image","twitter_misc":{"Escrito por":"Empar Ba\u00f1os","Tiempo de lectura":"1 minuto"},"schema":{"@context":"https:\/\/schema.org","@graph":[{"@type":"Article","@id":"https:\/\/www.escapadarural.com\/blog\/manifiesto-en-turismo-rural-hacemos-pina\/#article","isPartOf":{"@id":"https:\/\/www.escapadarural.com\/blog\/manifiesto-en-turismo-rural-hacemos-pina\/"},"author":{"name":"Empar Ba\u00f1os","@id":"https:\/\/www.escapadarural.com\/blog\/#\/schema\/person\/78ac8aa9c7e1170e47554618015c86d8"},"headline":"Manifiesto: En turismo rural hacemos pi\u00f1a","datePublished":"2020-03-16T17:34:32+00:00","dateModified":"2025-08-04T09:43:28+00:00","mainEntityOfPage":{"@id":"https:\/\/www.escapadarural.com\/blog\/manifiesto-en-turismo-rural-hacemos-pina\/"},"wordCount":251,"commentCount":2,"publisher":{"@id":"https:\/\/www.escapadarural.com\/blog\/#organization"},"image":{"@id":"https:\/\/www.escapadarural.com\/blog\/manifiesto-en-turismo-rural-hacemos-pina\/#primaryimage"},"thumbnailUrl":"https:\/\/www.escapadarural.com\/blog\/wp-content\/uploads\/2024\/10\/co-fundadores-escapadarural1-1.png","keywords":["cadena solidaria","COVID-19","escapadarural","manifiesto","turismo rural"],"articleSection":["Noticias"],"inLanguage":"es","potentialAction":[{"@type":"CommentAction","name":"Comment","target":["https:\/\/www.escapadarural.com\/blog\/manifiesto-en-turismo-rural-hacemos-pina\/#respond"]}]},{"@type":"WebPage","@id":"https:\/\/www.escapadarural.com\/blog\/manifiesto-en-turismo-rural-hacemos-pina\/","url":"https:\/\/www.escapadarural.com\/blog\/manifiesto-en-turismo-rural-hacemos-pina\/","name":"Manifiesto: En turismo rural hacemos pi\u00f1a - EscapadaRural","isPartOf":{"@id":"https:\/\/www.escapadarural.com\/blog\/#website"},"primaryImageOfPage":{"@id":"https:\/\/www.escapadarural.com\/blog\/manifiesto-en-turismo-rural-hacemos-pina\/#primaryimage"},"image":{"@id":"https:\/\/www.escapadarural.com\/blog\/manifiesto-en-turismo-rural-hacemos-pina\/#primaryimage"},"thumbnailUrl":"https:\/\/www.escapadarural.com\/blog\/wp-content\/uploads\/2024\/10\/co-fundadores-escapadarural1-1.png","datePublished":"2020-03-16T17:34:32+00:00","dateModified":"2025-08-04T09:43:28+00:00","breadcrumb":{"@id":"https:\/\/www.escapadarural.com\/blog\/manifiesto-en-turismo-rural-hacemos-pina\/#breadcrumb"},"inLanguage":"es","potentialAction":[{"@type":"ReadAction","target":["https:\/\/www.escapadarural.com\/blog\/manifiesto-en-turismo-rural-hacemos-pina\/"]}]},{"@type":"ImageObject","inLanguage":"es","@id":"https:\/\/www.escapadarural.com\/blog\/manifiesto-en-turismo-rural-hacemos-pina\/#primaryimage","url":"https:\/\/www.escapadarural.com\/blog\/wp-content\/uploads\/2024\/10\/co-fundadores-escapadarural1-1.png","contentUrl":"https:\/\/www.escapadarural.com\/blog\/wp-content\/uploads\/2024\/10\/co-fundadores-escapadarural1-1.png","width":538,"height":404,"caption":"Dos hombres juntos y sonrientes."},{"@type":"BreadcrumbList","@id":"https:\/\/www.escapadarural.com\/blog\/manifiesto-en-turismo-rural-hacemos-pina\/#breadcrumb","itemListElement":[{"@type":"ListItem","position":1,"name":"Inicio","item":"https:\/\/www.escapadarural.com\/blog\/"},{"@type":"ListItem","position":2,"name":"Noticias","item":"https:\/\/www.escapadarural.com\/blog\/categoria\/noticias\/"},{"@type":"ListItem","position":3,"name":"Manifiesto: En turismo rural hacemos pi\u00f1a"}]},{"@type":"WebSite","@id":"https:\/\/www.escapadarural.com\/blog\/#website","url":"https:\/\/www.escapadarural.com\/blog\/","name":"Blog de viajes | turismo rural, alojamientos e inspiraci\u00f3n","description":"Alojamientos rurales e inspiraci\u00f3n para tus escapadas","publisher":{"@id":"https:\/\/www.escapadarural.com\/blog\/#organization"},"alternateName":"Magazine de viajes de EscapadaRural","potentialAction":[{"@type":"SearchAction","target":{"@type":"EntryPoint","urlTemplate":"https:\/\/www.escapadarural.com\/blog\/?s={search_term_string}"},"query-input":{"@type":"PropertyValueSpecification","valueRequired":true,"valueName":"search_term_string"}}],"inLanguage":"es"},{"@type":"Organization","@id":"https:\/\/www.escapadarural.com\/blog\/#organization","name":"EscapadaRural","url":"https:\/\/www.escapadarural.com\/blog\/","logo":{"@type":"ImageObject","inLanguage":"es","@id":"https:\/\/www.escapadarural.com\/blog\/#\/schema\/logo\/image\/","url":"https:\/\/www.escapadarural.com\/blog\/wp-content\/uploads\/2024\/10\/cropped-cropped-escapada-rural-icon-mag-3.png","contentUrl":"https:\/\/www.escapadarural.com\/blog\/wp-content\/uploads\/2024\/10\/cropped-cropped-escapada-rural-icon-mag-3.png","width":512,"height":512,"caption":"EscapadaRural"},"image":{"@id":"https:\/\/www.escapadarural.com\/blog\/#\/schema\/logo\/image\/"},"sameAs":["https:\/\/www.facebook.com\/escapadarural","https:\/\/www.instagram.com\/escapadarural\/","https:\/\/www.youtube.com\/@escapadaruralcom"]},{"@type":"Person","@id":"https:\/\/www.escapadarural.com\/blog\/#\/schema\/person\/78ac8aa9c7e1170e47554618015c86d8","name":"Empar Ba\u00f1os","image":{"@type":"ImageObject","inLanguage":"es","@id":"https:\/\/secure.gravatar.com\/avatar\/bca25b8b2839ae0e50c199a89b66d55b4b439c64042a30889da72f06522e6c99?s=96&d=mm&r=g","url":"https:\/\/secure.gravatar.com\/avatar\/bca25b8b2839ae0e50c199a89b66d55b4b439c64042a30889da72f06522e6c99?s=96&d=mm&r=g","contentUrl":"https:\/\/secure.gravatar.com\/avatar\/bca25b8b2839ae0e50c199a89b66d55b4b439c64042a30889da72f06522e6c99?s=96&d=mm&r=g","caption":"Empar Ba\u00f1os"},"url":"https:\/\/www.escapadarural.com\/blog\/autor\/empar\/"}]}},"_links":{"self":[{"href":"https:\/\/www.escapadarural.com\/blog\/wp-json\/wp\/v2\/posts\/12917","targetHints":{"allow":["GET"]}}],"collection":[{"href":"https:\/\/www.escapadarural.com\/blog\/wp-json\/wp\/v2\/posts"}],"about":[{"href":"https:\/\/www.escapadarural.com\/blog\/wp-json\/wp\/v2\/types\/post"}],"author":[{"embeddable":true,"href":"https:\/\/www.escapadarural.com\/blog\/wp-json\/wp\/v2\/users\/117"}],"replies":[{"embeddable":true,"href":"https:\/\/www.escapadarural.com\/blog\/wp-json\/wp\/v2\/comments?post=12917"}],"version-history":[{"count":0,"href":"https:\/\/www.escapadarural.com\/blog\/wp-json\/wp\/v2\/posts\/12917\/revisions"}],"wp:featuredmedia":[{"embeddable":true,"href":"https:\/\/www.escapadarural.com\/blog\/wp-json\/wp\/v2\/media\/105758"}],"wp:attachment":[{"href":"https:\/\/www.escapadarural.com\/blog\/wp-json\/wp\/v2\/media?parent=12917"}],"wp:term":[{"taxonomy":"category","embeddable":true,"href":"https:\/\/www.escapadarural.com\/blog\/wp-json\/wp\/v2\/categories?post=12917"},{"taxonomy":"post_tag","embeddable":true,"href":"https:\/\/www.escapadarural.com\/blog\/wp-json\/wp\/v2\/tags?post=12917"}],"curies":[{"name":"wp","href":"https:\/\/api.w.org\/{rel}","templated":true}]}}