{"id":12957,"date":"2020-04-06T09:35:39","date_gmt":"2020-04-06T08:35:39","guid":{"rendered":"http:\/\/15.188.81.248\/2020\/04\/06\/los-secretos-del-cafe-en-portugal\/"},"modified":"2025-06-18T16:51:02","modified_gmt":"2025-06-18T14:51:02","slug":"los-secretos-del-cafe-en-portugal","status":"publish","type":"post","link":"https:\/\/www.escapadarural.com\/blog\/los-secretos-del-cafe-en-portugal\/","title":{"rendered":"Los secretos del caf\u00e9 en Portugal"},"content":{"rendered":"\n<figure class=\"wp-block-image size-large\"><a href=\"\/blog\/wp-content\/uploads\/2020\/04\/portugal-cafe-1.jpg\"><img decoding=\"async\" src=\"\/blog\/wp-content\/uploads\/2020\/04\/portugal-cafe-1.jpg\" alt=\"Caf\u00e9\" class=\"wp-image-17973\"\/><\/a><figcaption class=\"wp-element-caption\">Por PUNTOSTUDIOFOTO Lda<\/figcaption><\/figure>\n\n\n\n<p>Hay muchas cosas que hermanan a Espa\u00f1a y Portugal, pero a nadie se le ocurrir\u00eda mencionar el caf\u00e9 como integrante de la lista. El <strong>luso tiene fama de exquisito<\/strong> mientras que el espa\u00f1ol recibe todos los desprecios de los entendidos. Lo que se sirven en los bares y cafeter\u00edas del pa\u00eds no merece ni ser calificado de caf\u00e9, dicen. Pero si se dejan de lado sus cualidades y se piensa en la manera en la que se toma en ambos sitios, la cosa cambia.<\/p>\n\n\n\n<p>Seg\u00fan la comunidad aut\u00f3noma espa\u00f1ola, <strong>el caf\u00e9 se sirve<\/strong> y se pide de una manera. Si el cliente madrile\u00f1o quiere tomarlo en taza tendr\u00e1 que especificarlo o si no se lo servir\u00e1n en vaso, al contrario que en Catalu\u00f1a. Ah\u00ed la taza por defecto es la de desayuno, no como en Asturias, donde el caf\u00e9 con leche es igual de peque\u00f1o que el cortado. Si se quiere en taza grande, hay que pedir un \u201cmediano\u201d. Estos son solo algunos ejemplos.<\/p>\n\n\n\n<p>Los <strong>dos pa\u00edses coinciden<\/strong> en este aspecto. Porque en Portugal el caf\u00e9 ser\u00e1 mucho mejor, pero para pedirlo tambi\u00e9n hace falta una gu\u00eda. Ante la indecisi\u00f3n, la respuesta suele ser que no hay manera de fallar porque su calidad est\u00e1 garantizada. Pero tampoco es plan de tomarse un expreso solo cuando lo que apetec\u00eda era una taza de leche \u2018manchada\u2019. Es cuesti\u00f3n de aprender porque, atendiendo a la sabidur\u00eda popular: \u201cdonde fueres, haz lo que vieres\u201d.<\/p>\n\n\n\n<h2 class=\"wp-block-heading title-rute\" id=\"h-las-peculiaridades-del-cafe-en-portugal\">Las peculiaridades del caf\u00e9 en Portugal<\/h2>\n\n\n\n<figure class=\"wp-block-image size-large\"><a href=\"\/blog\/wp-content\/uploads\/2020\/04\/cafe-portugues-1.jpg\"><img decoding=\"async\" src=\"\/blog\/wp-content\/uploads\/2020\/04\/cafe-portugues-1.jpg\" alt=\"Caf\u00e9\" class=\"wp-image-17975\"\/><\/a><figcaption class=\"wp-element-caption\">Por mdyn<\/figcaption><\/figure>\n\n\n\n<p>El caf\u00e9 se populariz\u00f3 en Portugal gracias a las relaciones con sus colonias, entre las que se encontraban <strong>Brasil, Cabo Verde o Etiop\u00eda<\/strong>. La afici\u00f3n social europea por esta bebida empez\u00f3 en Italia, el otro referente cafetero en el continente: el primer establecimiento conocido como \u201ccaf\u00e9\u201d, el Florian, se abri\u00f3 en Venecia en 1720 y a\u00fan hoy sigue funcionando.<\/p>\n\n\n\n<p>Tambi\u00e9n hay otras versiones de la historia que se\u00f1alan a Londres como primera ciudad en tener una cafeter\u00eda a mediados del siglo XVII, pero sea como sea, los que continuaron con la cultura del buen caf\u00e9 fueron los italianos. Y los portugueses, claro.<\/p>\n\n\n\n<p>Lo que marca la diferencia del producto luso tiene que ver con <strong>las fases de elaboraci\u00f3n<\/strong> que van desde que el grano es verde hasta que el resultado final llega al consumidor. El proceso de torrefacci\u00f3n y extracci\u00f3n es m\u00e1s lento que en otros lugares y se sirve en una taza espec\u00edfica, peque\u00f1a y alargada. Adem\u00e1s, la espuma debe ser densa y tener un tono avellana.<\/p>\n\n\n\n<p>Ese es el mandamiento esencial de un buen expreso solo, aunque se puede llamar de diferentes maneras. Si se est\u00e1 en Lisboa, generalmente se pedir\u00e1 <strong>una <em>bica<\/em><\/strong>. Parece ser que el nombre viene de la frase &#8216;<em>Beba Isto Com A\u00e7\u00facar<\/em>&nbsp;&#8216;(Beba esto con az\u00facar en castellano) con la que la marca A Brasileira advert\u00eda del sabor amargo de su producto.<\/p>\n\n\n\n<p>Pero si la barra del bar se encuentra en Oporto, lo que se ordenar\u00e1 ser\u00e1 <strong>un <em>cimbalino<\/em><\/strong> debido a que la empresa de cafeteras m\u00e1s com\u00fan de la zona se llamaba La Cimbali. En el resto del territorio se puede demandar simplemente un caf\u00e9 sin quedar de turista poco informado.<\/p>\n\n\n\n<p>Ahora <strong>entra la leche<\/strong> en juego. Un <em>pingado<\/em> es el equivalente a un cortado en Espa\u00f1a. <em>Meia de leite<\/em> es el caf\u00e9 con leche como se entiende aqu\u00ed, con aproximadamente la misma cantidad de caf\u00e9 que de leche. Pero tambi\u00e9n est\u00e1 el <em>gal\u00e3o<\/em>, que lleva un pel\u00edn m\u00e1s de caf\u00e9 que de leche y se sirve en vaso largo. El <em>garoto<\/em> ser\u00eda un intermedio entre el <em>pingado<\/em> y el <em>gal\u00e3o<\/em>, es decir, un <em>pingado<\/em> con un poquito m\u00e1s de leche pero sin tanta como el gal\u00e3o.<\/p>\n\n\n\n<p>La <strong>lista contin\u00faa<\/strong>. Si el cliente quiere un caf\u00e9 aguado (tipo americano) la palabra que deber\u00e1 pronunciar es <em>carioca<\/em>. Tambi\u00e9n existe la <em>carioca de lim\u00e3o<\/em>, pero no es caf\u00e9, sino una infusi\u00f3n de con corteza de lim\u00f3n natural. Y para las sobremesas es habitual el <em>caf\u00e9 com cheirinho<\/em>, que en Espa\u00f1a vendr\u00eda a ser un caf\u00e9 \u2018con gotas\u2019, es decir, con algo de alcohol. En Portugal lo corriente es que sean de un aguardiente conocido como <em>bagazo<\/em> parecido a la <em>grappa<\/em> de Italia.<\/p>\n\n\n\n<p>Con esta \u00bfsencilla? gu\u00eda ya se puede llegar a la barra de un bar portugu\u00e9s y pedir al gusto. Eso s\u00ed: los espa\u00f1oles deben entrenar su paciencia porque la elaboraci\u00f3n de un buen caf\u00e9 lleva su tiempo, nada de prisas.<\/p>\n\n\n\n<h2 class=\"wp-block-heading title-rute\" id=\"h-un-paseo-por-los-mejores-cafes-de-la-historia-de-portugal\">Un paseo por los mejores caf\u00e9s de la historia de Portugal<\/h2>\n\n\n\n<figure class=\"wp-block-image size-large\"><a href=\"\/blog\/wp-content\/uploads\/2020\/04\/Caf\u00e9_A_Brasileira_do_Chiado_-_Lisboa_-_Portugal_48229343682-1.jpg\"><img decoding=\"async\" src=\"\/blog\/wp-content\/uploads\/2020\/04\/Caf\u00e9_A_Brasileira_do_Chiado_-_Lisboa_-_Portugal_48229343682-1-1024x757.jpg\" alt=\"Caf\u00e9\" class=\"wp-image-17976\"\/><\/a><figcaption class=\"wp-element-caption\">Caf\u00e9 a Brasileira do Chiado en Lisboa. Por Vitor Oliveira<\/figcaption><\/figure>\n\n\n\n<p><strong>A Brasileira do Chiado<\/strong> es una parada obligatoria en Lisboa, sobre todo para los amantes de la literatura y en concreto de Fernando Pessoa, ya que su escultura est\u00e1 situada en la terraza del establecimiento. Adriano Telles, comerciante de caf\u00e9, abri\u00f3 sus puertas a principios del siglo XX y durante a\u00f1os fue uno de los lugares de referencia de las tertulias de intelectuales. Ahora es m\u00e1s bien una atracci\u00f3n tur\u00edstica gracias a su historia y a su ornamentaci\u00f3n estilo art d\u00e9co, que queda muy bien en las fotos.<\/p>\n\n\n\n<p>En la misma ciudad est\u00e1 la cafeter\u00eda-pasteler\u00eda <strong>Versailles<\/strong>, que se inaugur\u00f3 en 1922. La decoraci\u00f3n va acorde con su nombre y adem\u00e1s de buen caf\u00e9, tienen una variedad de reposter\u00eda considerada como una de las mejores de Lisboa. Asimismo tienen servicio de restaurante, as\u00ed que se puede tomar el men\u00fa completo, con caf\u00e9 y postre.<\/p>\n\n\n\n<figure class=\"wp-block-image size-large\"><a href=\"\/blog\/wp-content\/uploads\/2020\/04\/majestic-1.jpg\"><img decoding=\"async\" src=\"\/blog\/wp-content\/uploads\/2020\/04\/majestic-1.jpg\" alt=\"Caf\u00e9\" class=\"wp-image-17978\"\/><\/a><figcaption class=\"wp-element-caption\">Caf\u00e9 Majestic de Oporto. Por Fotokon<\/figcaption><\/figure>\n\n\n\n<p>Oporto tiene como representante el <strong>Caf\u00e9 Majestic<\/strong>, que es de la misma quinta que el Versailles. Se abri\u00f3 en 1921 con el nombre de \u00c9lite, pero al a\u00f1o siguiente ya se llamaba Majestic, en una especie de estrategia de m\u00e1rketing para atraer a clientela selecta. Les funcion\u00f3 y durante d\u00e9cadas su arquitectura art nouveau fue el escenario de numerosas tertulias literarias y eventos culturales.<\/p>\n\n\n\n<p>El negocio vivi\u00f3 momentos duros a partir de la d\u00e9cada de los 60, pero en 1983 se le declar\u00f3 Bien de Inter\u00e9s P\u00fablico y patrimonio cultural de Oporto. Puede presumir de haber tenido entre su clientela a <strong>famosos tan notorios como J. K. Rowling<\/strong> que, seg\u00fan su biograf\u00eda, escribi\u00f3 parte de su novela <em>Harry Potter y la Piedra Filosofal<\/em> en este caf\u00e9. Actualmente es un sitio de peregrinaci\u00f3n tur\u00edstica.<\/p>\n\n\n\n<figure class=\"wp-block-embed is-type-video is-provider-youtube wp-block-embed-youtube wp-embed-aspect-16-9 wp-has-aspect-ratio\"><div class=\"wp-block-embed__wrapper\">\n<span class=\"PjRLHvPdVh7uCUgv4BacLfZWG816rJQxhwiROUzlN2ioDA0btTzGqKbp3MElFB8Vs9Y1HaYc7dXISnwEpAenNSXkCgOsFo\"><div class=\"video-shortcode\"><iframe title=\"Caf\u00e9 Santa Cruz | Coimbra | filme promocional | LGP\" width=\"1200\" height=\"675\" src=\"https:\/\/www.youtube.com\/embed\/-W3SOA30kZk?feature=oembed\" frameborder=\"0\" allow=\"accelerometer; autoplay; clipboard-write; encrypted-media; gyroscope; picture-in-picture; web-share\" referrerpolicy=\"strict-origin-when-cross-origin\" allowfullscreen><\/iframe><\/div><\/span>\n<\/div><\/figure>\n\n\n\n<p>Tirando hacia el Algarve, se puede hacer una parada en el <strong>Caf\u00e9 Calcinha<\/strong>, en la ciudad de Loul\u00e9. Su nacimiento data de 1927 y su estilo propio de la Belle \u00c9poque recrea el mismo de un local de Brasil con el que comparte nombre. El principal impulsor de la popularidad del negocio fue el poeta Ant\u00f3nio Aleixo que, como Pessoa en Lisboa, tiene una escultura en la terraza de su cafeter\u00eda preferida.<\/p>\n\n\n\n<p>En Coimbra la fama se la lleva el <strong>Caf\u00e9 Santa Cruz<\/strong>, que empez\u00f3 su actividad en 1923, aunque el edificio en el que se encuentra es del siglo XVI. Antes de servir <em>bicas<\/em> y <em>pingados<\/em> tambi\u00e9n fue una iglesia, una funeraria, una estaci\u00f3n de bomberos y una ferreter\u00eda. Durante el transcurso de los a\u00f1os la construcci\u00f3n ha experimentado reformas l\u00f3gicas para su conservaci\u00f3n pero no ha perdido ni un \u00e1pice de su esp\u00edritu renacentista.<\/p>\n\n\n\n<h2 class=\"wp-block-heading title-rute\" id=\"h-para-los-autenticos-estudiosos\">Para los aut\u00e9nticos estudiosos<\/h2>\n\n\n\n<figure class=\"wp-block-image size-large\"><a href=\"\/blog\/wp-content\/uploads\/2020\/04\/Centro-de-Ciencia-del-Caf\u00e9-1.jpg\"><img decoding=\"async\" src=\"\/blog\/wp-content\/uploads\/2020\/04\/Centro-de-Ciencia-del-Caf\u00e9-1.jpg\" alt=\"Caf\u00e9\" class=\"wp-image-17972\"\/><\/a><figcaption class=\"wp-element-caption\">Por Centro del Ciencia del Caf\u00e9<\/figcaption><\/figure>\n\n\n\n<p>Rui Nabeiro es el m\u00e1ximo representante del caf\u00e9 portugu\u00e9s. Cre\u00f3 <strong>la empresa cafetera Delta<\/strong>, la m\u00e1s importante del pa\u00eds, a principios de los a\u00f1os 60 y con el tiempo se acab\u00f3 convirtiendo en una de las personas m\u00e1s ricas de Portugal. La imagen de hombre hecho a s\u00ed mismo a base de trabajo duro se asemeja bastante a la de Amancio Ortega en Espa\u00f1a.<\/p>\n\n\n\n<p>En 2014 puso en marcha el <a label=\" (opens in a new tab)\" href=\"https:\/\/centrocienciacafe.com\/\" target=\"_blank\" rel=\"noreferrer noopener\" class=\"rank-math-link\"><strong>Centro de Ciencia del Caf\u00e9<\/strong><\/a>, un museo ubicado en el municipio de Campo Maior (que hace frontera con <a aria-label=\" (opens in a new tab)\" href=\"https:\/\/www.escapadarural.com\/casas-rurales\/extremadura\" target=\"_blank\" rel=\"noreferrer noopener\" class=\"rank-math-link\">Extremadura<\/a>). En \u00e9l, los interesados pueden en conocer cu\u00e1l es el proceso de elaboraci\u00f3n del caf\u00e9 luso y la historia del producto en el pa\u00eds, entre otras muchas actividades.<\/p>\n","protected":false},"excerpt":{"rendered":"<p>El caf\u00e9 se populariz\u00f3 en Portugal gracias a las relaciones con sus colonias, entre las que se encontraban Brasil, Cabo Verde o Etiop\u00eda. Lo que marca la diferencia del producto luso tiene que ver con las fases de elaboraci\u00f3n que van desde que el grano es verde hasta que el resultado final llega al consumidor. Esta es una gu\u00eda para saber c\u00f3mo pedir bien el caf\u00e9 en Portugal. <\/p>\n","protected":false},"author":114,"featured_media":187907,"comment_status":"open","ping_status":"closed","sticky":false,"template":"","format":"standard","meta":{"_acf_changed":false,"om_disable_all_campaigns":false,"footnotes":""},"categories":[231],"tags":[2073,2595,2071,508,2596,2140,2145,1382,538,2528],"class_list":["post-12957","post","type-post","status-publish","format-standard","has-post-thumbnail","hentry","category-arte-y-cultura","tag-algarve","tag-cafe","tag-coimbra","tag-gastronomia","tag-j-k-rowling","tag-lisboa","tag-loule","tag-oporto","tag-portugal","tag-tipico"],"acf":[],"featured_image_src":"https:\/\/www.escapadarural.com\/blog\/wp-content\/uploads\/2025\/01\/adobestock_913334999_WP_03.webp","author_info":{"display_name":"Carmen L\u00f3pez","author_link":"https:\/\/www.escapadarural.com\/blog\/autor\/carmenlopez\/"},"yoast_head":"<!-- This site is optimized with the Yoast SEO plugin v27.5 - https:\/\/yoast.com\/product\/yoast-seo-wordpress\/ -->\n<title>Los secretos del caf\u00e9 en Portugal - EscapadaRural<\/title>\n<meta name=\"robots\" content=\"index, follow, max-snippet:-1, max-image-preview:large, max-video-preview:-1\" \/>\n<link rel=\"canonical\" href=\"https:\/\/www.escapadarural.com\/blog\/los-secretos-del-cafe-en-portugal\/\" \/>\n<meta property=\"og:locale\" content=\"es_ES\" \/>\n<meta property=\"og:type\" content=\"article\" \/>\n<meta property=\"og:title\" content=\"Los secretos del caf\u00e9 en Portugal - EscapadaRural\" \/>\n<meta property=\"og:description\" content=\"El caf\u00e9 se populariz\u00f3 en Portugal gracias a las relaciones con sus colonias, entre las que se encontraban Brasil, Cabo Verde o Etiop\u00eda. Lo que marca la diferencia del producto luso tiene que ver con las fases de elaboraci\u00f3n que van desde que el grano es verde hasta que el resultado final llega al consumidor. Esta es una gu\u00eda para saber c\u00f3mo pedir bien el caf\u00e9 en Portugal.\" \/>\n<meta property=\"og:url\" content=\"https:\/\/www.escapadarural.com\/blog\/los-secretos-del-cafe-en-portugal\/\" \/>\n<meta property=\"og:site_name\" content=\"Magazine de viajes de EscapadaRural\" \/>\n<meta property=\"article:publisher\" content=\"https:\/\/www.facebook.com\/escapadarural\" \/>\n<meta property=\"article:published_time\" content=\"2020-04-06T08:35:39+00:00\" \/>\n<meta property=\"article:modified_time\" content=\"2025-06-18T14:51:02+00:00\" \/>\n<meta property=\"og:image\" content=\"https:\/\/www.escapadarural.com\/blog\/wp-content\/uploads\/2025\/01\/adobestock_913334999_WP_03.webp\" \/>\n\t<meta property=\"og:image:width\" content=\"1024\" \/>\n\t<meta property=\"og:image:height\" content=\"574\" \/>\n\t<meta property=\"og:image:type\" content=\"image\/webp\" \/>\n<meta name=\"author\" content=\"Carmen L\u00f3pez\" \/>\n<meta name=\"twitter:card\" content=\"summary_large_image\" \/>\n<meta name=\"twitter:label1\" content=\"Escrito por\" \/>\n\t<meta name=\"twitter:data1\" content=\"Carmen L\u00f3pez\" \/>\n\t<meta name=\"twitter:label2\" content=\"Tiempo de lectura\" \/>\n\t<meta name=\"twitter:data2\" content=\"7 minutos\" \/>\n<script type=\"application\/ld+json\" class=\"yoast-schema-graph\">{\"@context\":\"https:\\\/\\\/schema.org\",\"@graph\":[{\"@type\":\"Article\",\"@id\":\"https:\\\/\\\/www.escapadarural.com\\\/blog\\\/los-secretos-del-cafe-en-portugal\\\/#article\",\"isPartOf\":{\"@id\":\"https:\\\/\\\/www.escapadarural.com\\\/blog\\\/los-secretos-del-cafe-en-portugal\\\/\"},\"author\":{\"name\":\"Carmen L\u00f3pez\",\"@id\":\"https:\\\/\\\/www.escapadarural.com\\\/blog\\\/#\\\/schema\\\/person\\\/42dfdff6118172efc6a04c8ae599a2ce\"},\"headline\":\"Los secretos del caf\u00e9 en Portugal\",\"datePublished\":\"2020-04-06T08:35:39+00:00\",\"dateModified\":\"2025-06-18T14:51:02+00:00\",\"mainEntityOfPage\":{\"@id\":\"https:\\\/\\\/www.escapadarural.com\\\/blog\\\/los-secretos-del-cafe-en-portugal\\\/\"},\"wordCount\":1425,\"commentCount\":4,\"publisher\":{\"@id\":\"https:\\\/\\\/www.escapadarural.com\\\/blog\\\/#organization\"},\"image\":{\"@id\":\"https:\\\/\\\/www.escapadarural.com\\\/blog\\\/los-secretos-del-cafe-en-portugal\\\/#primaryimage\"},\"thumbnailUrl\":\"https:\\\/\\\/www.escapadarural.com\\\/blog\\\/wp-content\\\/uploads\\\/2025\\\/01\\\/adobestock_913334999_WP_03.webp\",\"keywords\":[\"Algarve\",\"caf\u00e9\",\"Co\u00edmbra\",\"Gastronom\u00eda\",\"J. K. Rowling\",\"Lisboa\",\"Loul\u00e9\",\"Oporto\",\"portugal\",\"T\u00edpico\"],\"articleSection\":[\"Arte y Cultura\"],\"inLanguage\":\"es\",\"potentialAction\":[{\"@type\":\"CommentAction\",\"name\":\"Comment\",\"target\":[\"https:\\\/\\\/www.escapadarural.com\\\/blog\\\/los-secretos-del-cafe-en-portugal\\\/#respond\"]}]},{\"@type\":\"WebPage\",\"@id\":\"https:\\\/\\\/www.escapadarural.com\\\/blog\\\/los-secretos-del-cafe-en-portugal\\\/\",\"url\":\"https:\\\/\\\/www.escapadarural.com\\\/blog\\\/los-secretos-del-cafe-en-portugal\\\/\",\"name\":\"Los secretos del caf\u00e9 en Portugal - EscapadaRural\",\"isPartOf\":{\"@id\":\"https:\\\/\\\/www.escapadarural.com\\\/blog\\\/#website\"},\"primaryImageOfPage\":{\"@id\":\"https:\\\/\\\/www.escapadarural.com\\\/blog\\\/los-secretos-del-cafe-en-portugal\\\/#primaryimage\"},\"image\":{\"@id\":\"https:\\\/\\\/www.escapadarural.com\\\/blog\\\/los-secretos-del-cafe-en-portugal\\\/#primaryimage\"},\"thumbnailUrl\":\"https:\\\/\\\/www.escapadarural.com\\\/blog\\\/wp-content\\\/uploads\\\/2025\\\/01\\\/adobestock_913334999_WP_03.webp\",\"datePublished\":\"2020-04-06T08:35:39+00:00\",\"dateModified\":\"2025-06-18T14:51:02+00:00\",\"breadcrumb\":{\"@id\":\"https:\\\/\\\/www.escapadarural.com\\\/blog\\\/los-secretos-del-cafe-en-portugal\\\/#breadcrumb\"},\"inLanguage\":\"es\",\"potentialAction\":[{\"@type\":\"ReadAction\",\"target\":[\"https:\\\/\\\/www.escapadarural.com\\\/blog\\\/los-secretos-del-cafe-en-portugal\\\/\"]}]},{\"@type\":\"ImageObject\",\"inLanguage\":\"es\",\"@id\":\"https:\\\/\\\/www.escapadarural.com\\\/blog\\\/los-secretos-del-cafe-en-portugal\\\/#primaryimage\",\"url\":\"https:\\\/\\\/www.escapadarural.com\\\/blog\\\/wp-content\\\/uploads\\\/2025\\\/01\\\/adobestock_913334999_WP_03.webp\",\"contentUrl\":\"https:\\\/\\\/www.escapadarural.com\\\/blog\\\/wp-content\\\/uploads\\\/2025\\\/01\\\/adobestock_913334999_WP_03.webp\",\"width\":1024,\"height\":574,\"caption\":\"Un caf\u00e9 con leche. Por CSRRDRGZ\"},{\"@type\":\"BreadcrumbList\",\"@id\":\"https:\\\/\\\/www.escapadarural.com\\\/blog\\\/los-secretos-del-cafe-en-portugal\\\/#breadcrumb\",\"itemListElement\":[{\"@type\":\"ListItem\",\"position\":1,\"name\":\"Inicio\",\"item\":\"https:\\\/\\\/www.escapadarural.com\\\/blog\\\/\"},{\"@type\":\"ListItem\",\"position\":2,\"name\":\"Arte y Cultura\",\"item\":\"https:\\\/\\\/www.escapadarural.com\\\/blog\\\/categoria\\\/arte-y-cultura\\\/\"},{\"@type\":\"ListItem\",\"position\":3,\"name\":\"Los secretos del caf\u00e9 en Portugal\"}]},{\"@type\":\"WebSite\",\"@id\":\"https:\\\/\\\/www.escapadarural.com\\\/blog\\\/#website\",\"url\":\"https:\\\/\\\/www.escapadarural.com\\\/blog\\\/\",\"name\":\"Blog de viajes | turismo rural, alojamientos e inspiraci\u00f3n\",\"description\":\"Alojamientos rurales e inspiraci\u00f3n para tus escapadas\",\"publisher\":{\"@id\":\"https:\\\/\\\/www.escapadarural.com\\\/blog\\\/#organization\"},\"alternateName\":\"Magazine de viajes de EscapadaRural\",\"potentialAction\":[{\"@type\":\"SearchAction\",\"target\":{\"@type\":\"EntryPoint\",\"urlTemplate\":\"https:\\\/\\\/www.escapadarural.com\\\/blog\\\/?s={search_term_string}\"},\"query-input\":{\"@type\":\"PropertyValueSpecification\",\"valueRequired\":true,\"valueName\":\"search_term_string\"}}],\"inLanguage\":\"es\"},{\"@type\":\"Organization\",\"@id\":\"https:\\\/\\\/www.escapadarural.com\\\/blog\\\/#organization\",\"name\":\"EscapadaRural\",\"url\":\"https:\\\/\\\/www.escapadarural.com\\\/blog\\\/\",\"logo\":{\"@type\":\"ImageObject\",\"inLanguage\":\"es\",\"@id\":\"https:\\\/\\\/www.escapadarural.com\\\/blog\\\/#\\\/schema\\\/logo\\\/image\\\/\",\"url\":\"https:\\\/\\\/www.escapadarural.com\\\/blog\\\/wp-content\\\/uploads\\\/2024\\\/10\\\/cropped-cropped-escapada-rural-icon-mag-3.png\",\"contentUrl\":\"https:\\\/\\\/www.escapadarural.com\\\/blog\\\/wp-content\\\/uploads\\\/2024\\\/10\\\/cropped-cropped-escapada-rural-icon-mag-3.png\",\"width\":512,\"height\":512,\"caption\":\"EscapadaRural\"},\"image\":{\"@id\":\"https:\\\/\\\/www.escapadarural.com\\\/blog\\\/#\\\/schema\\\/logo\\\/image\\\/\"},\"sameAs\":[\"https:\\\/\\\/www.facebook.com\\\/escapadarural\",\"https:\\\/\\\/www.instagram.com\\\/escapadarural\\\/\",\"https:\\\/\\\/www.youtube.com\\\/@escapadaruralcom\"]},{\"@type\":\"Person\",\"@id\":\"https:\\\/\\\/www.escapadarural.com\\\/blog\\\/#\\\/schema\\\/person\\\/42dfdff6118172efc6a04c8ae599a2ce\",\"name\":\"Carmen L\u00f3pez\",\"image\":{\"@type\":\"ImageObject\",\"inLanguage\":\"es\",\"@id\":\"https:\\\/\\\/www.escapadarural.com\\\/blog\\\/wp-content\\\/uploads\\\/2024\\\/11\\\/cropped-perfil_eldiario-96x96-1-96x96.jpeg\",\"url\":\"https:\\\/\\\/www.escapadarural.com\\\/blog\\\/wp-content\\\/uploads\\\/2024\\\/11\\\/cropped-perfil_eldiario-96x96-1-96x96.jpeg\",\"contentUrl\":\"https:\\\/\\\/www.escapadarural.com\\\/blog\\\/wp-content\\\/uploads\\\/2024\\\/11\\\/cropped-perfil_eldiario-96x96-1-96x96.jpeg\",\"caption\":\"Carmen L\u00f3pez\"},\"description\":\"Soy periodista y escribo sobre cosas que importan en sitios que interesan desde hace m\u00e1s de una d\u00e9cada.\",\"url\":\"https:\\\/\\\/www.escapadarural.com\\\/blog\\\/autor\\\/carmenlopez\\\/\"}]}<\/script>\n<!-- \/ Yoast SEO plugin. -->","yoast_head_json":{"title":"Los secretos del caf\u00e9 en Portugal - EscapadaRural","robots":{"index":"index","follow":"follow","max-snippet":"max-snippet:-1","max-image-preview":"max-image-preview:large","max-video-preview":"max-video-preview:-1"},"canonical":"https:\/\/www.escapadarural.com\/blog\/los-secretos-del-cafe-en-portugal\/","og_locale":"es_ES","og_type":"article","og_title":"Los secretos del caf\u00e9 en Portugal - EscapadaRural","og_description":"El caf\u00e9 se populariz\u00f3 en Portugal gracias a las relaciones con sus colonias, entre las que se encontraban Brasil, Cabo Verde o Etiop\u00eda. Lo que marca la diferencia del producto luso tiene que ver con las fases de elaboraci\u00f3n que van desde que el grano es verde hasta que el resultado final llega al consumidor. Esta es una gu\u00eda para saber c\u00f3mo pedir bien el caf\u00e9 en Portugal.","og_url":"https:\/\/www.escapadarural.com\/blog\/los-secretos-del-cafe-en-portugal\/","og_site_name":"Magazine de viajes de EscapadaRural","article_publisher":"https:\/\/www.facebook.com\/escapadarural","article_published_time":"2020-04-06T08:35:39+00:00","article_modified_time":"2025-06-18T14:51:02+00:00","og_image":[{"width":1024,"height":574,"url":"https:\/\/www.escapadarural.com\/blog\/wp-content\/uploads\/2025\/01\/adobestock_913334999_WP_03.webp","type":"image\/webp"}],"author":"Carmen L\u00f3pez","twitter_card":"summary_large_image","twitter_misc":{"Escrito por":"Carmen L\u00f3pez","Tiempo de lectura":"7 minutos"},"schema":{"@context":"https:\/\/schema.org","@graph":[{"@type":"Article","@id":"https:\/\/www.escapadarural.com\/blog\/los-secretos-del-cafe-en-portugal\/#article","isPartOf":{"@id":"https:\/\/www.escapadarural.com\/blog\/los-secretos-del-cafe-en-portugal\/"},"author":{"name":"Carmen L\u00f3pez","@id":"https:\/\/www.escapadarural.com\/blog\/#\/schema\/person\/42dfdff6118172efc6a04c8ae599a2ce"},"headline":"Los secretos del caf\u00e9 en Portugal","datePublished":"2020-04-06T08:35:39+00:00","dateModified":"2025-06-18T14:51:02+00:00","mainEntityOfPage":{"@id":"https:\/\/www.escapadarural.com\/blog\/los-secretos-del-cafe-en-portugal\/"},"wordCount":1425,"commentCount":4,"publisher":{"@id":"https:\/\/www.escapadarural.com\/blog\/#organization"},"image":{"@id":"https:\/\/www.escapadarural.com\/blog\/los-secretos-del-cafe-en-portugal\/#primaryimage"},"thumbnailUrl":"https:\/\/www.escapadarural.com\/blog\/wp-content\/uploads\/2025\/01\/adobestock_913334999_WP_03.webp","keywords":["Algarve","caf\u00e9","Co\u00edmbra","Gastronom\u00eda","J. K. Rowling","Lisboa","Loul\u00e9","Oporto","portugal","T\u00edpico"],"articleSection":["Arte y Cultura"],"inLanguage":"es","potentialAction":[{"@type":"CommentAction","name":"Comment","target":["https:\/\/www.escapadarural.com\/blog\/los-secretos-del-cafe-en-portugal\/#respond"]}]},{"@type":"WebPage","@id":"https:\/\/www.escapadarural.com\/blog\/los-secretos-del-cafe-en-portugal\/","url":"https:\/\/www.escapadarural.com\/blog\/los-secretos-del-cafe-en-portugal\/","name":"Los secretos del caf\u00e9 en Portugal - EscapadaRural","isPartOf":{"@id":"https:\/\/www.escapadarural.com\/blog\/#website"},"primaryImageOfPage":{"@id":"https:\/\/www.escapadarural.com\/blog\/los-secretos-del-cafe-en-portugal\/#primaryimage"},"image":{"@id":"https:\/\/www.escapadarural.com\/blog\/los-secretos-del-cafe-en-portugal\/#primaryimage"},"thumbnailUrl":"https:\/\/www.escapadarural.com\/blog\/wp-content\/uploads\/2025\/01\/adobestock_913334999_WP_03.webp","datePublished":"2020-04-06T08:35:39+00:00","dateModified":"2025-06-18T14:51:02+00:00","breadcrumb":{"@id":"https:\/\/www.escapadarural.com\/blog\/los-secretos-del-cafe-en-portugal\/#breadcrumb"},"inLanguage":"es","potentialAction":[{"@type":"ReadAction","target":["https:\/\/www.escapadarural.com\/blog\/los-secretos-del-cafe-en-portugal\/"]}]},{"@type":"ImageObject","inLanguage":"es","@id":"https:\/\/www.escapadarural.com\/blog\/los-secretos-del-cafe-en-portugal\/#primaryimage","url":"https:\/\/www.escapadarural.com\/blog\/wp-content\/uploads\/2025\/01\/adobestock_913334999_WP_03.webp","contentUrl":"https:\/\/www.escapadarural.com\/blog\/wp-content\/uploads\/2025\/01\/adobestock_913334999_WP_03.webp","width":1024,"height":574,"caption":"Un caf\u00e9 con leche. Por CSRRDRGZ"},{"@type":"BreadcrumbList","@id":"https:\/\/www.escapadarural.com\/blog\/los-secretos-del-cafe-en-portugal\/#breadcrumb","itemListElement":[{"@type":"ListItem","position":1,"name":"Inicio","item":"https:\/\/www.escapadarural.com\/blog\/"},{"@type":"ListItem","position":2,"name":"Arte y Cultura","item":"https:\/\/www.escapadarural.com\/blog\/categoria\/arte-y-cultura\/"},{"@type":"ListItem","position":3,"name":"Los secretos del caf\u00e9 en Portugal"}]},{"@type":"WebSite","@id":"https:\/\/www.escapadarural.com\/blog\/#website","url":"https:\/\/www.escapadarural.com\/blog\/","name":"Blog de viajes | turismo rural, alojamientos e inspiraci\u00f3n","description":"Alojamientos rurales e inspiraci\u00f3n para tus escapadas","publisher":{"@id":"https:\/\/www.escapadarural.com\/blog\/#organization"},"alternateName":"Magazine de viajes de EscapadaRural","potentialAction":[{"@type":"SearchAction","target":{"@type":"EntryPoint","urlTemplate":"https:\/\/www.escapadarural.com\/blog\/?s={search_term_string}"},"query-input":{"@type":"PropertyValueSpecification","valueRequired":true,"valueName":"search_term_string"}}],"inLanguage":"es"},{"@type":"Organization","@id":"https:\/\/www.escapadarural.com\/blog\/#organization","name":"EscapadaRural","url":"https:\/\/www.escapadarural.com\/blog\/","logo":{"@type":"ImageObject","inLanguage":"es","@id":"https:\/\/www.escapadarural.com\/blog\/#\/schema\/logo\/image\/","url":"https:\/\/www.escapadarural.com\/blog\/wp-content\/uploads\/2024\/10\/cropped-cropped-escapada-rural-icon-mag-3.png","contentUrl":"https:\/\/www.escapadarural.com\/blog\/wp-content\/uploads\/2024\/10\/cropped-cropped-escapada-rural-icon-mag-3.png","width":512,"height":512,"caption":"EscapadaRural"},"image":{"@id":"https:\/\/www.escapadarural.com\/blog\/#\/schema\/logo\/image\/"},"sameAs":["https:\/\/www.facebook.com\/escapadarural","https:\/\/www.instagram.com\/escapadarural\/","https:\/\/www.youtube.com\/@escapadaruralcom"]},{"@type":"Person","@id":"https:\/\/www.escapadarural.com\/blog\/#\/schema\/person\/42dfdff6118172efc6a04c8ae599a2ce","name":"Carmen L\u00f3pez","image":{"@type":"ImageObject","inLanguage":"es","@id":"https:\/\/www.escapadarural.com\/blog\/wp-content\/uploads\/2024\/11\/cropped-perfil_eldiario-96x96-1-96x96.jpeg","url":"https:\/\/www.escapadarural.com\/blog\/wp-content\/uploads\/2024\/11\/cropped-perfil_eldiario-96x96-1-96x96.jpeg","contentUrl":"https:\/\/www.escapadarural.com\/blog\/wp-content\/uploads\/2024\/11\/cropped-perfil_eldiario-96x96-1-96x96.jpeg","caption":"Carmen L\u00f3pez"},"description":"Soy periodista y escribo sobre cosas que importan en sitios que interesan desde hace m\u00e1s de una d\u00e9cada.","url":"https:\/\/www.escapadarural.com\/blog\/autor\/carmenlopez\/"}]}},"_links":{"self":[{"href":"https:\/\/www.escapadarural.com\/blog\/wp-json\/wp\/v2\/posts\/12957","targetHints":{"allow":["GET"]}}],"collection":[{"href":"https:\/\/www.escapadarural.com\/blog\/wp-json\/wp\/v2\/posts"}],"about":[{"href":"https:\/\/www.escapadarural.com\/blog\/wp-json\/wp\/v2\/types\/post"}],"author":[{"embeddable":true,"href":"https:\/\/www.escapadarural.com\/blog\/wp-json\/wp\/v2\/users\/114"}],"replies":[{"embeddable":true,"href":"https:\/\/www.escapadarural.com\/blog\/wp-json\/wp\/v2\/comments?post=12957"}],"version-history":[{"count":0,"href":"https:\/\/www.escapadarural.com\/blog\/wp-json\/wp\/v2\/posts\/12957\/revisions"}],"wp:featuredmedia":[{"embeddable":true,"href":"https:\/\/www.escapadarural.com\/blog\/wp-json\/wp\/v2\/media\/187907"}],"wp:attachment":[{"href":"https:\/\/www.escapadarural.com\/blog\/wp-json\/wp\/v2\/media?parent=12957"}],"wp:term":[{"taxonomy":"category","embeddable":true,"href":"https:\/\/www.escapadarural.com\/blog\/wp-json\/wp\/v2\/categories?post=12957"},{"taxonomy":"post_tag","embeddable":true,"href":"https:\/\/www.escapadarural.com\/blog\/wp-json\/wp\/v2\/tags?post=12957"}],"curies":[{"name":"wp","href":"https:\/\/api.w.org\/{rel}","templated":true}]}}