{"id":13032,"date":"2020-04-01T13:23:42","date_gmt":"2020-04-01T13:23:42","guid":{"rendered":"http:\/\/15.188.81.248\/2020\/04\/01\/el-turismo-rural-despues-de-la-crisis-del-coronavirus\/"},"modified":"2025-08-12T14:48:07","modified_gmt":"2025-08-12T12:48:07","slug":"el-turismo-rural-despues-de-la-crisis-del-coronavirus","status":"publish","type":"post","link":"https:\/\/www.escapadarural.com\/blog\/el-turismo-rural-despues-de-la-crisis-del-coronavirus\/","title":{"rendered":"El turismo rural despu\u00e9s de la crisis del coronavirus"},"content":{"rendered":"\n<figure class=\"wp-block-image size-large\"><a href=\"\/blog\/wp-content\/uploads\/2020\/04\/coronavirus-1.jpg\"><img decoding=\"async\" src=\"\/blog\/wp-content\/uploads\/2020\/04\/coronavirus-1-1024x576.jpg\" alt=\"Coronavirus\" class=\"wp-image-13034\"\/><\/a><figcaption>Por dottedyeti<\/figcaption><\/figure>\n\n\n\n<p>Preocupaci\u00f3n e incertidumbre son dos de las palabras que m\u00e1s se escuchan estos d\u00edas. La crisis provocada por el coronavirus no solo est\u00e1 teniendo efectos inmediatos tanto en la salud como en la econom\u00eda, sino que el futuro pr\u00f3ximo tambi\u00e9n depender\u00e1 de su evoluci\u00f3n.&nbsp;Por el momento, la sensaci\u00f3n es de par\u00e1lisis y solo las medidas gubernamentales se presentan como tabla de salvaci\u00f3n temporal.<\/p>\n\n\n\n<p>Pero \u00bfya ha llegado el momento de <strong>hacer previsiones<\/strong> de lo que vendr\u00e1 en los pr\u00f3ximos meses? Si a\u00fan no se sabe cu\u00e1ndo llegar\u00e1 el fin de la pandemia \u2013los m\u00e1s optimistas hablan de semanas, los tremendistas de meses\u2013 \u00bfc\u00f3mo imaginar qu\u00e9 va a pasar? La falta de efectividad de las bolas de cristal es evidente y parece que hay pocos pron\u00f3sticos de los que fiarse.<\/p>\n\n\n\n<p>Cuando reina la inseguridad, lo m\u00e1s inteligente es <strong>dirigirse a los expertos<\/strong> para que arrojen un poco de luz a la oscuridad. Una de las preguntas recurrentes en el \u00e1mbito del turismo es si una vez pasada esta crisis, se volver\u00e1 a la situaci\u00f3n en la que nos encontr\u00e1bamos antes de la llegada de la Covid-19.&nbsp;<\/p>\n\n\n\n<!--more-->\n\n\n\n<p>El <strong>consultor y analista del turismo de experiencias <a href=\"https:\/\/www.emoturismo.com\/\" target=\"_blank\" aria-label=\" (opens in a new tab)\" rel=\"noreferrer noopener\" class=\"rank-math-link\">David Mora<\/a><\/strong> opina que, aunque todo son suposiciones a\u00fan, el futuro a corto plazo va a ser muy diferente: \u201ces previsible que el turismo extranjero no retorne a Espa\u00f1a de forma masiva hasta bien entrado el verano\u201d.<\/p>\n\n\n\n<p>Este comportamiento ser\u00e1 consecuencia de la limitaci\u00f3n de desplazamiento al exterior de muchos pa\u00edses. En el caso del turismo espa\u00f1ol \u201cdar\u00e1 prioridad a destinos internos. Habr\u00e1 que ver en qu\u00e9 medida se restringen las aglomeraciones, algo que podr\u00eda afectar mucho a los destinos de sol y playa\u201d.<\/p>\n\n\n\n<p><strong>Marc Vidal, experto en econom\u00eda digital<\/strong> y l\u00edder de la consultora <a href=\"https:\/\/www.allrework.com\/\" target=\"_blank\" aria-label=\" (opens in a new tab)\" rel=\"noreferrer noopener\" class=\"rank-math-link\">Allrework<\/a>, cree que ya nada volver\u00e1 a ser igual y que se tardar\u00e1 m\u00e1s de dos a\u00f1os en recuperar las cifras que se manejaban hasta ahora. Pero esto no tiene que ser necesariamente una mala noticia. \u201cEl detonante de un cambio que era inevitable ha sido esta crisis, pero podr\u00eda haber sido otro. Hay que aprovecharlo. El turismo virtual o el de proximidad va a ser muy relevante en los negocios tur\u00edsticos futuros\u201d, afirma.<\/p>\n\n\n\n<p>En cuanto al rural en concreto, David Mora mantiene una visi\u00f3n realista aunque quiz\u00e1s desasosegante para los propietarios de casas rurales. La econom\u00eda de la sociedad espa\u00f1ola se va a ver muy resentida por causa de la pandemia y el sector lo va a notar. Pero tranquilidad, que <strong>no todo es pesimismo<\/strong>. Tambi\u00e9n conjetura sobre que \u201cpuede ser que se visualicen los destinos de interior como m\u00e1s atractivos para esos pocos d\u00edas de vacaciones que queramos\/podamos hacer\u201d.<\/p>\n\n\n\n<p>De esos lugares naturales y menos saturados, se valorar\u00e1 asimismo que \u201cest\u00e9n bien comunicados, que dispongan de una buena conexi\u00f3n de Internet, que garanticen limpieza, y que haya una infraestructura de salud cercana y de calidad. Durante un tiempo, seremos una sociedad diferente, con unas motivaciones y exigencias diferentes a las previas a esta crisis sanitaria\u201d, concluye Mora.<\/p>\n\n\n\n<p>Para Vidal, que ha firmado el libro sobre lo que ser\u00eda la cuarta revoluci\u00f3n industrial titulado <i>La Era de la Humanidad<\/i>,&nbsp; <strong>el turismo de proximidad<\/strong> tendr\u00e1 un valor relevante, pero la tecnolog\u00eda y la transformaci\u00f3n digital son imprescindibles. \u201cEstos d\u00edas, mi empresa est\u00e1 dedicando m\u00e1s tiempo a asesorar ese tr\u00e1nsito de modernizaci\u00f3n de nuestros clientes que en modificar algo con respecto a una crisis obvia e inminente\u201d.<\/p>\n\n\n\n<h2 class=\"title-rute wp-block-heading\">Qu\u00e9 medidas se pueden tomar<\/h2>\n\n\n\n<p>En este punto, los dos expertos consultados difieren un poco en su punto de vista, ya que Mora piensa m\u00e1s en global mientras que Vidal se enfoca en lo concreto. Para este \u00faltimo, un negocio tiene <strong>tres acciones claras<\/strong> que llevar a cabo para levantarse de una crisis: \u201cuna reducci\u00f3n de costes para poder reducir los precios, automatizar procesos para poder hacerlos eficientes y, en la medida de lo posible, invertir en comunicaci\u00f3n m\u00e1s que nunca pues el mercado ser\u00e1 m\u00e1s peque\u00f1o y precisar\u00e1 de que te conozcan\u201d.&nbsp;<\/p>\n\n\n\n<p>Mora es m\u00e1s cauto con la bajada de importes ya que es un sector que opera con m\u00e1rgenes muy reducidos. Adem\u00e1s, algunos de los negocios no llegaron a recuperarse de la crisis econ\u00f3mica del 2008 y \u201ctirar los precios nos abocar\u00eda a convivir con una rentabilidad de miseria durante unos a\u00f1os\u201d. Tambi\u00e9n hay que <strong>evitar la guerra de tarifas<\/strong> entre la competencia ya que no ser\u00e1 beneficiosa para nadie.<\/p>\n\n\n\n<p>Su soluci\u00f3n \u2013o, al menos, una posible\u2013 pasa por una <strong>mentalidad m\u00e1s colaborativa<\/strong>. Una manera de atraer a los clientes que no se quede sin m\u00e1s en la oferta de la casa, sino que tambi\u00e9n participen otros factores como la oferta cultural y gastron\u00f3mica del pueblo, las instalaciones como piscinas, la naturaleza o incluso las fiestas patronales. Una manera de que el beneficio sea colectivo, favorable para el propietario del alojamiento y de sus vecinos.<\/p>\n\n\n\n<p>Las casas que se alquilan al completo se presentan como potencialmente atractivas y sobre todo si ofrecen otros complementos como piscina, parrilla o jard\u00edn de uso privado. \u201cDe alguna forma, este tipo de establecimientos permitir\u00e1n continuar con el \u2018confinamiento\u2019 pero en familia y m\u00e1s al aire libre\u201d, comenta Mora. Hay que tener en cuenta que posiblemente el fin de la cuarentena sea progresivo y el miedo al contagio puede que a\u00fan se mantenga tiempo despu\u00e9s.<\/p>\n\n\n\n<p>Asimismo, el temor al desabastecimiento de comida y productos de primera necesidad tambi\u00e9n es posible que tarde en desaparecer. El efecto que la pandemia va a tener en la psicolog\u00eda de la sociedad a\u00fan est\u00e1 por ver y ya hay voces que advierten sobre probables traumas posteriores.<\/p>\n\n\n\n<p>Por eso es esencial <strong>ofrecer seguridad a los inquilinos<\/strong> que provienen de ciudades con grandes superficies comerciales en las que se pueden adquirir de todo. \u201cEs importante el trabajo conjunto de municipios, comarcas, asociaciones profesionales, supermercados, etc. Puede ser momento tambi\u00e9n para potenciar el consumo y venta de productos locales. Hacerlos m\u00e1s presentes en los men\u00fas y en los comercios de alimentaci\u00f3n. Lo cercano y artesano gana valor frente a lo de lejos\u201d, comenta Mora.<\/p>\n\n\n\n<h2 class=\"title-rute wp-block-heading\">Conclusiones<\/h2>\n\n\n\n<p>Ante las previsiones y consejos que ofrecen los expertos, se puede elaborar una <strong>lista de acciones<\/strong> que se pueden llevar a cabo para reflotar el negocio una vez se haya terminado la crisis. Aunque sea con mucho esfuerzo, <strong>es posible salir del paso<\/strong>.<\/p>\n\n\n\n<ul class=\"wp-block-list\"><li>Ponerse al d\u00eda con la tecnolog\u00eda para ganar eficiencia y reducir costes a medio plazo.<\/li><li>Invertir en comunicaci\u00f3n en la medida de lo posible.<\/li><li>Ser prudentes con la modificaci\u00f3n de los precios.<\/li><li>No llevar a cabo una guerra de tarifas con la competencia.<\/li><li>Ofrecer tranquilidad a los clientes: limpieza, buenas comunicaciones o conexi\u00f3n a Internet.<\/li><li>Tomar medidas colectivas con ayuntamientos y otros negocios de la zona para que el destino sea a\u00fan m\u00e1s atractivo.<\/li><\/ul>\n","protected":false},"excerpt":{"rendered":"<p>Cuando reina la inseguridad, lo m\u00e1s inteligente es dirigirse a los expertos para que arrojen un poco de luz a la oscuridad. Una de las preguntas recurrentes en el \u00e1mbito del turismo es si una vez pasada esta crisis, se volver\u00e1 a la situaci\u00f3n en la que nos encontr\u00e1bamos antes de la llegada de la Covid-19. <\/p>\n","protected":false},"author":114,"featured_media":103136,"comment_status":"open","ping_status":"closed","sticky":false,"template":"","format":"standard","meta":{"_acf_changed":false,"om_disable_all_campaigns":false,"footnotes":""},"categories":[390],"tags":[260,716,2550,2559,2602,2603,1544,2604,2605,2606,2607,274],"class_list":["post-13032","post","type-post","status-publish","format-standard","has-post-thumbnail","hentry","category-noticias","tag-articulo","tag-consejos","tag-covid-19","tag-crisis-coronavirus","tag-david-mora","tag-economia","tag-expertos","tag-futuro","tag-marc-vidal","tag-opinion","tag-previsiones","tag-turismo-rural"],"acf":[],"featured_image_src":"https:\/\/www.escapadarural.com\/blog\/wp-content\/uploads\/2024\/10\/virus-mask-coronavirus-stockpack-pixabay-1024x724-1.png","author_info":{"display_name":"Carmen L\u00f3pez","author_link":"https:\/\/www.escapadarural.com\/blog\/autor\/carmenlopez\/"},"yoast_head":"<!-- This site is optimized with the Yoast SEO plugin v27.5 - https:\/\/yoast.com\/product\/yoast-seo-wordpress\/ -->\n<title>El turismo rural despu\u00e9s de la crisis del coronavirus - EscapadaRural<\/title>\n<meta name=\"robots\" content=\"index, follow, max-snippet:-1, max-image-preview:large, max-video-preview:-1\" \/>\n<link rel=\"canonical\" href=\"https:\/\/www.escapadarural.com\/blog\/el-turismo-rural-despues-de-la-crisis-del-coronavirus\/\" \/>\n<meta property=\"og:locale\" content=\"es_ES\" \/>\n<meta property=\"og:type\" content=\"article\" \/>\n<meta property=\"og:title\" content=\"El turismo rural despu\u00e9s de la crisis del coronavirus - EscapadaRural\" \/>\n<meta property=\"og:description\" content=\"Cuando reina la inseguridad, lo m\u00e1s inteligente es dirigirse a los expertos para que arrojen un poco de luz a la oscuridad. Una de las preguntas recurrentes en el \u00e1mbito del turismo es si una vez pasada esta crisis, se volver\u00e1 a la situaci\u00f3n en la que nos encontr\u00e1bamos antes de la llegada de la Covid-19.\" \/>\n<meta property=\"og:url\" content=\"https:\/\/www.escapadarural.com\/blog\/el-turismo-rural-despues-de-la-crisis-del-coronavirus\/\" \/>\n<meta property=\"og:site_name\" content=\"Magazine de viajes de EscapadaRural\" \/>\n<meta property=\"article:publisher\" content=\"https:\/\/www.facebook.com\/escapadarural\" \/>\n<meta property=\"article:published_time\" content=\"2020-04-01T13:23:42+00:00\" \/>\n<meta property=\"article:modified_time\" content=\"2025-08-12T12:48:07+00:00\" \/>\n<meta property=\"og:image\" content=\"https:\/\/www.escapadarural.com\/blog\/wp-content\/uploads\/2024\/10\/virus-mask-coronavirus-stockpack-pixabay-1024x724-1.png?v=1755002888\" \/>\n\t<meta property=\"og:image:width\" content=\"1024\" \/>\n\t<meta property=\"og:image:height\" content=\"724\" \/>\n\t<meta property=\"og:image:type\" content=\"image\/png\" \/>\n<meta name=\"author\" content=\"Carmen L\u00f3pez\" \/>\n<meta name=\"twitter:card\" content=\"summary_large_image\" \/>\n<meta name=\"twitter:label1\" content=\"Escrito por\" \/>\n\t<meta name=\"twitter:data1\" content=\"Carmen L\u00f3pez\" \/>\n\t<meta name=\"twitter:label2\" content=\"Tiempo de lectura\" \/>\n\t<meta name=\"twitter:data2\" content=\"6 minutos\" \/>\n<script type=\"application\/ld+json\" class=\"yoast-schema-graph\">{\"@context\":\"https:\\\/\\\/schema.org\",\"@graph\":[{\"@type\":\"Article\",\"@id\":\"https:\\\/\\\/www.escapadarural.com\\\/blog\\\/el-turismo-rural-despues-de-la-crisis-del-coronavirus\\\/#article\",\"isPartOf\":{\"@id\":\"https:\\\/\\\/www.escapadarural.com\\\/blog\\\/el-turismo-rural-despues-de-la-crisis-del-coronavirus\\\/\"},\"author\":{\"name\":\"Carmen L\u00f3pez\",\"@id\":\"https:\\\/\\\/www.escapadarural.com\\\/blog\\\/#\\\/schema\\\/person\\\/42dfdff6118172efc6a04c8ae599a2ce\"},\"headline\":\"El turismo rural despu\u00e9s de la crisis del coronavirus\",\"datePublished\":\"2020-04-01T13:23:42+00:00\",\"dateModified\":\"2025-08-12T12:48:07+00:00\",\"mainEntityOfPage\":{\"@id\":\"https:\\\/\\\/www.escapadarural.com\\\/blog\\\/el-turismo-rural-despues-de-la-crisis-del-coronavirus\\\/\"},\"wordCount\":1218,\"commentCount\":3,\"publisher\":{\"@id\":\"https:\\\/\\\/www.escapadarural.com\\\/blog\\\/#organization\"},\"image\":{\"@id\":\"https:\\\/\\\/www.escapadarural.com\\\/blog\\\/el-turismo-rural-despues-de-la-crisis-del-coronavirus\\\/#primaryimage\"},\"thumbnailUrl\":\"https:\\\/\\\/www.escapadarural.com\\\/blog\\\/wp-content\\\/uploads\\\/2024\\\/10\\\/virus-mask-coronavirus-stockpack-pixabay-1024x724-1.png\",\"keywords\":[\"art\u00edculo\",\"consejos\",\"COVID-19\",\"crisis coronavirus\",\"david mora\",\"econom\u00eda\",\"expertos\",\"futuro\",\"marc vidal\",\"Opini\u00f3n\",\"previsiones\",\"turismo rural\"],\"articleSection\":[\"Noticias\"],\"inLanguage\":\"es\",\"potentialAction\":[{\"@type\":\"CommentAction\",\"name\":\"Comment\",\"target\":[\"https:\\\/\\\/www.escapadarural.com\\\/blog\\\/el-turismo-rural-despues-de-la-crisis-del-coronavirus\\\/#respond\"]}]},{\"@type\":\"WebPage\",\"@id\":\"https:\\\/\\\/www.escapadarural.com\\\/blog\\\/el-turismo-rural-despues-de-la-crisis-del-coronavirus\\\/\",\"url\":\"https:\\\/\\\/www.escapadarural.com\\\/blog\\\/el-turismo-rural-despues-de-la-crisis-del-coronavirus\\\/\",\"name\":\"El turismo rural despu\u00e9s de la crisis del coronavirus - EscapadaRural\",\"isPartOf\":{\"@id\":\"https:\\\/\\\/www.escapadarural.com\\\/blog\\\/#website\"},\"primaryImageOfPage\":{\"@id\":\"https:\\\/\\\/www.escapadarural.com\\\/blog\\\/el-turismo-rural-despues-de-la-crisis-del-coronavirus\\\/#primaryimage\"},\"image\":{\"@id\":\"https:\\\/\\\/www.escapadarural.com\\\/blog\\\/el-turismo-rural-despues-de-la-crisis-del-coronavirus\\\/#primaryimage\"},\"thumbnailUrl\":\"https:\\\/\\\/www.escapadarural.com\\\/blog\\\/wp-content\\\/uploads\\\/2024\\\/10\\\/virus-mask-coronavirus-stockpack-pixabay-1024x724-1.png\",\"datePublished\":\"2020-04-01T13:23:42+00:00\",\"dateModified\":\"2025-08-12T12:48:07+00:00\",\"breadcrumb\":{\"@id\":\"https:\\\/\\\/www.escapadarural.com\\\/blog\\\/el-turismo-rural-despues-de-la-crisis-del-coronavirus\\\/#breadcrumb\"},\"inLanguage\":\"es\",\"potentialAction\":[{\"@type\":\"ReadAction\",\"target\":[\"https:\\\/\\\/www.escapadarural.com\\\/blog\\\/el-turismo-rural-despues-de-la-crisis-del-coronavirus\\\/\"]}]},{\"@type\":\"ImageObject\",\"inLanguage\":\"es\",\"@id\":\"https:\\\/\\\/www.escapadarural.com\\\/blog\\\/el-turismo-rural-despues-de-la-crisis-del-coronavirus\\\/#primaryimage\",\"url\":\"https:\\\/\\\/www.escapadarural.com\\\/blog\\\/wp-content\\\/uploads\\\/2024\\\/10\\\/virus-mask-coronavirus-stockpack-pixabay-1024x724-1.png\",\"contentUrl\":\"https:\\\/\\\/www.escapadarural.com\\\/blog\\\/wp-content\\\/uploads\\\/2024\\\/10\\\/virus-mask-coronavirus-stockpack-pixabay-1024x724-1.png\",\"width\":1024,\"height\":724,\"caption\":\"virus\"},{\"@type\":\"BreadcrumbList\",\"@id\":\"https:\\\/\\\/www.escapadarural.com\\\/blog\\\/el-turismo-rural-despues-de-la-crisis-del-coronavirus\\\/#breadcrumb\",\"itemListElement\":[{\"@type\":\"ListItem\",\"position\":1,\"name\":\"Inicio\",\"item\":\"https:\\\/\\\/www.escapadarural.com\\\/blog\\\/\"},{\"@type\":\"ListItem\",\"position\":2,\"name\":\"Noticias\",\"item\":\"https:\\\/\\\/www.escapadarural.com\\\/blog\\\/categoria\\\/noticias\\\/\"},{\"@type\":\"ListItem\",\"position\":3,\"name\":\"El turismo rural despu\u00e9s de la crisis del coronavirus\"}]},{\"@type\":\"WebSite\",\"@id\":\"https:\\\/\\\/www.escapadarural.com\\\/blog\\\/#website\",\"url\":\"https:\\\/\\\/www.escapadarural.com\\\/blog\\\/\",\"name\":\"Blog de viajes | turismo rural, alojamientos e inspiraci\u00f3n\",\"description\":\"Alojamientos rurales e inspiraci\u00f3n para tus escapadas\",\"publisher\":{\"@id\":\"https:\\\/\\\/www.escapadarural.com\\\/blog\\\/#organization\"},\"alternateName\":\"Magazine de viajes de EscapadaRural\",\"potentialAction\":[{\"@type\":\"SearchAction\",\"target\":{\"@type\":\"EntryPoint\",\"urlTemplate\":\"https:\\\/\\\/www.escapadarural.com\\\/blog\\\/?s={search_term_string}\"},\"query-input\":{\"@type\":\"PropertyValueSpecification\",\"valueRequired\":true,\"valueName\":\"search_term_string\"}}],\"inLanguage\":\"es\"},{\"@type\":\"Organization\",\"@id\":\"https:\\\/\\\/www.escapadarural.com\\\/blog\\\/#organization\",\"name\":\"EscapadaRural\",\"url\":\"https:\\\/\\\/www.escapadarural.com\\\/blog\\\/\",\"logo\":{\"@type\":\"ImageObject\",\"inLanguage\":\"es\",\"@id\":\"https:\\\/\\\/www.escapadarural.com\\\/blog\\\/#\\\/schema\\\/logo\\\/image\\\/\",\"url\":\"https:\\\/\\\/www.escapadarural.com\\\/blog\\\/wp-content\\\/uploads\\\/2024\\\/10\\\/cropped-cropped-escapada-rural-icon-mag-3.png\",\"contentUrl\":\"https:\\\/\\\/www.escapadarural.com\\\/blog\\\/wp-content\\\/uploads\\\/2024\\\/10\\\/cropped-cropped-escapada-rural-icon-mag-3.png\",\"width\":512,\"height\":512,\"caption\":\"EscapadaRural\"},\"image\":{\"@id\":\"https:\\\/\\\/www.escapadarural.com\\\/blog\\\/#\\\/schema\\\/logo\\\/image\\\/\"},\"sameAs\":[\"https:\\\/\\\/www.facebook.com\\\/escapadarural\",\"https:\\\/\\\/www.instagram.com\\\/escapadarural\\\/\",\"https:\\\/\\\/www.youtube.com\\\/@escapadaruralcom\"]},{\"@type\":\"Person\",\"@id\":\"https:\\\/\\\/www.escapadarural.com\\\/blog\\\/#\\\/schema\\\/person\\\/42dfdff6118172efc6a04c8ae599a2ce\",\"name\":\"Carmen L\u00f3pez\",\"image\":{\"@type\":\"ImageObject\",\"inLanguage\":\"es\",\"@id\":\"https:\\\/\\\/www.escapadarural.com\\\/blog\\\/wp-content\\\/uploads\\\/2024\\\/11\\\/cropped-perfil_eldiario-96x96-1-96x96.jpeg\",\"url\":\"https:\\\/\\\/www.escapadarural.com\\\/blog\\\/wp-content\\\/uploads\\\/2024\\\/11\\\/cropped-perfil_eldiario-96x96-1-96x96.jpeg\",\"contentUrl\":\"https:\\\/\\\/www.escapadarural.com\\\/blog\\\/wp-content\\\/uploads\\\/2024\\\/11\\\/cropped-perfil_eldiario-96x96-1-96x96.jpeg\",\"caption\":\"Carmen L\u00f3pez\"},\"description\":\"Soy periodista y escribo sobre cosas que importan en sitios que interesan desde hace m\u00e1s de una d\u00e9cada.\",\"url\":\"https:\\\/\\\/www.escapadarural.com\\\/blog\\\/autor\\\/carmenlopez\\\/\"}]}<\/script>\n<!-- \/ Yoast SEO plugin. -->","yoast_head_json":{"title":"El turismo rural despu\u00e9s de la crisis del coronavirus - EscapadaRural","robots":{"index":"index","follow":"follow","max-snippet":"max-snippet:-1","max-image-preview":"max-image-preview:large","max-video-preview":"max-video-preview:-1"},"canonical":"https:\/\/www.escapadarural.com\/blog\/el-turismo-rural-despues-de-la-crisis-del-coronavirus\/","og_locale":"es_ES","og_type":"article","og_title":"El turismo rural despu\u00e9s de la crisis del coronavirus - EscapadaRural","og_description":"Cuando reina la inseguridad, lo m\u00e1s inteligente es dirigirse a los expertos para que arrojen un poco de luz a la oscuridad. Una de las preguntas recurrentes en el \u00e1mbito del turismo es si una vez pasada esta crisis, se volver\u00e1 a la situaci\u00f3n en la que nos encontr\u00e1bamos antes de la llegada de la Covid-19.","og_url":"https:\/\/www.escapadarural.com\/blog\/el-turismo-rural-despues-de-la-crisis-del-coronavirus\/","og_site_name":"Magazine de viajes de EscapadaRural","article_publisher":"https:\/\/www.facebook.com\/escapadarural","article_published_time":"2020-04-01T13:23:42+00:00","article_modified_time":"2025-08-12T12:48:07+00:00","og_image":[{"width":1024,"height":724,"url":"https:\/\/www.escapadarural.com\/blog\/wp-content\/uploads\/2024\/10\/virus-mask-coronavirus-stockpack-pixabay-1024x724-1.png?v=1755002888","type":"image\/png"}],"author":"Carmen L\u00f3pez","twitter_card":"summary_large_image","twitter_misc":{"Escrito por":"Carmen L\u00f3pez","Tiempo de lectura":"6 minutos"},"schema":{"@context":"https:\/\/schema.org","@graph":[{"@type":"Article","@id":"https:\/\/www.escapadarural.com\/blog\/el-turismo-rural-despues-de-la-crisis-del-coronavirus\/#article","isPartOf":{"@id":"https:\/\/www.escapadarural.com\/blog\/el-turismo-rural-despues-de-la-crisis-del-coronavirus\/"},"author":{"name":"Carmen L\u00f3pez","@id":"https:\/\/www.escapadarural.com\/blog\/#\/schema\/person\/42dfdff6118172efc6a04c8ae599a2ce"},"headline":"El turismo rural despu\u00e9s de la crisis del coronavirus","datePublished":"2020-04-01T13:23:42+00:00","dateModified":"2025-08-12T12:48:07+00:00","mainEntityOfPage":{"@id":"https:\/\/www.escapadarural.com\/blog\/el-turismo-rural-despues-de-la-crisis-del-coronavirus\/"},"wordCount":1218,"commentCount":3,"publisher":{"@id":"https:\/\/www.escapadarural.com\/blog\/#organization"},"image":{"@id":"https:\/\/www.escapadarural.com\/blog\/el-turismo-rural-despues-de-la-crisis-del-coronavirus\/#primaryimage"},"thumbnailUrl":"https:\/\/www.escapadarural.com\/blog\/wp-content\/uploads\/2024\/10\/virus-mask-coronavirus-stockpack-pixabay-1024x724-1.png","keywords":["art\u00edculo","consejos","COVID-19","crisis coronavirus","david mora","econom\u00eda","expertos","futuro","marc vidal","Opini\u00f3n","previsiones","turismo rural"],"articleSection":["Noticias"],"inLanguage":"es","potentialAction":[{"@type":"CommentAction","name":"Comment","target":["https:\/\/www.escapadarural.com\/blog\/el-turismo-rural-despues-de-la-crisis-del-coronavirus\/#respond"]}]},{"@type":"WebPage","@id":"https:\/\/www.escapadarural.com\/blog\/el-turismo-rural-despues-de-la-crisis-del-coronavirus\/","url":"https:\/\/www.escapadarural.com\/blog\/el-turismo-rural-despues-de-la-crisis-del-coronavirus\/","name":"El turismo rural despu\u00e9s de la crisis del coronavirus - EscapadaRural","isPartOf":{"@id":"https:\/\/www.escapadarural.com\/blog\/#website"},"primaryImageOfPage":{"@id":"https:\/\/www.escapadarural.com\/blog\/el-turismo-rural-despues-de-la-crisis-del-coronavirus\/#primaryimage"},"image":{"@id":"https:\/\/www.escapadarural.com\/blog\/el-turismo-rural-despues-de-la-crisis-del-coronavirus\/#primaryimage"},"thumbnailUrl":"https:\/\/www.escapadarural.com\/blog\/wp-content\/uploads\/2024\/10\/virus-mask-coronavirus-stockpack-pixabay-1024x724-1.png","datePublished":"2020-04-01T13:23:42+00:00","dateModified":"2025-08-12T12:48:07+00:00","breadcrumb":{"@id":"https:\/\/www.escapadarural.com\/blog\/el-turismo-rural-despues-de-la-crisis-del-coronavirus\/#breadcrumb"},"inLanguage":"es","potentialAction":[{"@type":"ReadAction","target":["https:\/\/www.escapadarural.com\/blog\/el-turismo-rural-despues-de-la-crisis-del-coronavirus\/"]}]},{"@type":"ImageObject","inLanguage":"es","@id":"https:\/\/www.escapadarural.com\/blog\/el-turismo-rural-despues-de-la-crisis-del-coronavirus\/#primaryimage","url":"https:\/\/www.escapadarural.com\/blog\/wp-content\/uploads\/2024\/10\/virus-mask-coronavirus-stockpack-pixabay-1024x724-1.png","contentUrl":"https:\/\/www.escapadarural.com\/blog\/wp-content\/uploads\/2024\/10\/virus-mask-coronavirus-stockpack-pixabay-1024x724-1.png","width":1024,"height":724,"caption":"virus"},{"@type":"BreadcrumbList","@id":"https:\/\/www.escapadarural.com\/blog\/el-turismo-rural-despues-de-la-crisis-del-coronavirus\/#breadcrumb","itemListElement":[{"@type":"ListItem","position":1,"name":"Inicio","item":"https:\/\/www.escapadarural.com\/blog\/"},{"@type":"ListItem","position":2,"name":"Noticias","item":"https:\/\/www.escapadarural.com\/blog\/categoria\/noticias\/"},{"@type":"ListItem","position":3,"name":"El turismo rural despu\u00e9s de la crisis del coronavirus"}]},{"@type":"WebSite","@id":"https:\/\/www.escapadarural.com\/blog\/#website","url":"https:\/\/www.escapadarural.com\/blog\/","name":"Blog de viajes | turismo rural, alojamientos e inspiraci\u00f3n","description":"Alojamientos rurales e inspiraci\u00f3n para tus escapadas","publisher":{"@id":"https:\/\/www.escapadarural.com\/blog\/#organization"},"alternateName":"Magazine de viajes de EscapadaRural","potentialAction":[{"@type":"SearchAction","target":{"@type":"EntryPoint","urlTemplate":"https:\/\/www.escapadarural.com\/blog\/?s={search_term_string}"},"query-input":{"@type":"PropertyValueSpecification","valueRequired":true,"valueName":"search_term_string"}}],"inLanguage":"es"},{"@type":"Organization","@id":"https:\/\/www.escapadarural.com\/blog\/#organization","name":"EscapadaRural","url":"https:\/\/www.escapadarural.com\/blog\/","logo":{"@type":"ImageObject","inLanguage":"es","@id":"https:\/\/www.escapadarural.com\/blog\/#\/schema\/logo\/image\/","url":"https:\/\/www.escapadarural.com\/blog\/wp-content\/uploads\/2024\/10\/cropped-cropped-escapada-rural-icon-mag-3.png","contentUrl":"https:\/\/www.escapadarural.com\/blog\/wp-content\/uploads\/2024\/10\/cropped-cropped-escapada-rural-icon-mag-3.png","width":512,"height":512,"caption":"EscapadaRural"},"image":{"@id":"https:\/\/www.escapadarural.com\/blog\/#\/schema\/logo\/image\/"},"sameAs":["https:\/\/www.facebook.com\/escapadarural","https:\/\/www.instagram.com\/escapadarural\/","https:\/\/www.youtube.com\/@escapadaruralcom"]},{"@type":"Person","@id":"https:\/\/www.escapadarural.com\/blog\/#\/schema\/person\/42dfdff6118172efc6a04c8ae599a2ce","name":"Carmen L\u00f3pez","image":{"@type":"ImageObject","inLanguage":"es","@id":"https:\/\/www.escapadarural.com\/blog\/wp-content\/uploads\/2024\/11\/cropped-perfil_eldiario-96x96-1-96x96.jpeg","url":"https:\/\/www.escapadarural.com\/blog\/wp-content\/uploads\/2024\/11\/cropped-perfil_eldiario-96x96-1-96x96.jpeg","contentUrl":"https:\/\/www.escapadarural.com\/blog\/wp-content\/uploads\/2024\/11\/cropped-perfil_eldiario-96x96-1-96x96.jpeg","caption":"Carmen L\u00f3pez"},"description":"Soy periodista y escribo sobre cosas que importan en sitios que interesan desde hace m\u00e1s de una d\u00e9cada.","url":"https:\/\/www.escapadarural.com\/blog\/autor\/carmenlopez\/"}]}},"_links":{"self":[{"href":"https:\/\/www.escapadarural.com\/blog\/wp-json\/wp\/v2\/posts\/13032","targetHints":{"allow":["GET"]}}],"collection":[{"href":"https:\/\/www.escapadarural.com\/blog\/wp-json\/wp\/v2\/posts"}],"about":[{"href":"https:\/\/www.escapadarural.com\/blog\/wp-json\/wp\/v2\/types\/post"}],"author":[{"embeddable":true,"href":"https:\/\/www.escapadarural.com\/blog\/wp-json\/wp\/v2\/users\/114"}],"replies":[{"embeddable":true,"href":"https:\/\/www.escapadarural.com\/blog\/wp-json\/wp\/v2\/comments?post=13032"}],"version-history":[{"count":0,"href":"https:\/\/www.escapadarural.com\/blog\/wp-json\/wp\/v2\/posts\/13032\/revisions"}],"wp:featuredmedia":[{"embeddable":true,"href":"https:\/\/www.escapadarural.com\/blog\/wp-json\/wp\/v2\/media\/103136"}],"wp:attachment":[{"href":"https:\/\/www.escapadarural.com\/blog\/wp-json\/wp\/v2\/media?parent=13032"}],"wp:term":[{"taxonomy":"category","embeddable":true,"href":"https:\/\/www.escapadarural.com\/blog\/wp-json\/wp\/v2\/categories?post=13032"},{"taxonomy":"post_tag","embeddable":true,"href":"https:\/\/www.escapadarural.com\/blog\/wp-json\/wp\/v2\/tags?post=13032"}],"curies":[{"name":"wp","href":"https:\/\/api.w.org\/{rel}","templated":true}]}}