{"id":13072,"date":"2020-07-31T10:19:55","date_gmt":"2020-07-31T09:19:55","guid":{"rendered":"http:\/\/15.188.81.248\/?p=13072"},"modified":"2025-02-10T16:44:15","modified_gmt":"2025-02-10T14:44:15","slug":"naturaleza-de-el-sabinar-de-el-hierro","status":"publish","type":"post","link":"https:\/\/www.escapadarural.com\/blog\/naturaleza-de-el-sabinar-de-el-hierro\/","title":{"rendered":"El Sabinar de El Hierro, esculturas vegetales moldeadas por los vientos alisios canarios"},"content":{"rendered":"<div class=\"wp-block-image\">\n<figure class=\"aligncenter\"><a href=\"\/blog\/wp-content\/uploads\/2020\/04\/el-sabinar-el-hierro-sabina-sabina.jpg\"><img decoding=\"async\" src=\"\/blog\/wp-content\/uploads\/2020\/04\/el-sabinar-el-hierro-sabina-sabina-680x510.jpg\" alt=\"El Sabinar\" class=\"wp-image-71607\"\/><\/a><figcaption class=\"wp-element-caption\">Por El\u00edsabet Garcia<\/figcaption><\/figure>\n<\/div>\n\n\n<p>La isla de <a href=\"\/casas-rurales\/el-hierro\" class=\"rank-math-link\">El Hierro<\/a> es la m\u00e1s peque\u00f1a de las <a href=\"https:\/\/www.holaislascanarias.com\/\" class=\"rank-math-link\" target=\"_blank\">Islas Canarias<\/a>, pero tambi\u00e9n la que ofrece una mayor belleza natural, como el paisaje de El Sabinar. De hecho la Unesco la declar\u00f3 <strong>Reserva de la Biosfera<\/strong>. Algo l\u00f3gico si se tiene en cuenta que, en sus poco m\u00e1s de 268 km2 el visitante puede disfrutar de volcanes, acantilados de infarto, pozas naturales, bosques de laurisilva, manchas de pinos y zonas des\u00e9rticas. <\/p>\n\n\n\n<p>Un lienzo de contrastes en el que cobra especial protagonismo <strong>El Sabinar<\/strong>, un bosquete de sabinas donde cada ejemplar tiene la particularidad de haber sido moldeado y doblegado por los impetuosos vientos alisios que soplan en este lado del Atl\u00e1ntico.<\/p>\n\n\n\n<p><strong>El Sabinar<\/strong> se levanta cada ma\u00f1ana en el extremo occidental de El Hierro. Concretamente, en la meseta de&nbsp;<strong>La Dehesa<\/strong>, perteneciente al municipio herre\u00f1o de La Frontera. <\/p>\n\n\n\n<p>Lejos de lo que cabr\u00eda imaginar, sus aproximadamente 300 hect\u00e1reas no forman un tapiz homog\u00e9neo, en su lugar, se presentan como una masa vegetal dispersa, con grandes claros, consecuencia directa de la tala y del pastoreo a los que fue sometido este espacio durante a\u00f1os. Afortunadamente, hoy d\u00eda, <strong>El Sabinar<\/strong> es una zona protegida que forma parte del <strong>Parque Rural de Frontera<\/strong>.<\/p>\n\n\n<div class=\"wp-block-image\">\n<figure class=\"aligncenter\"><a href=\"\/blog\/wp-content\/uploads\/2020\/04\/el-sabinar-el-hierro-vaca.jpg\"><img decoding=\"async\" src=\"\/blog\/wp-content\/uploads\/2020\/04\/el-sabinar-el-hierro-vaca-680x510.jpg\" alt=\"El Sabinar\" class=\"wp-image-71608\"\/><\/a><figcaption class=\"wp-element-caption\">Por El\u00edsabet Garcia<\/figcaption><\/figure>\n<\/div>\n\n<div class=\"wp-block-image\">\n<figure class=\"aligncenter\"><a href=\"\/blog\/wp-content\/uploads\/2020\/04\/el-sabinar-el-hierro-vegetacion.jpg\"><img decoding=\"async\" src=\"\/blog\/wp-content\/uploads\/2020\/04\/el-sabinar-el-hierro-vegetacion-680x510.jpg\" alt=\"El Sabinar\" class=\"wp-image-71610\"\/><\/a><figcaption class=\"wp-element-caption\">Por El\u00edsabet Garcia<\/figcaption><\/figure>\n<\/div>\n\n\n<p>Como mencion\u00e1bamos anteriormente, todas y cada una de <strong>las sabinas de este espacio natural han crecido azotadas por fuertes y continuas r\u00e1fagas de viento<\/strong>. Sin embargo, hay un ejemplar en el que esta acci\u00f3n se aprecia de una manera incontestable. Una sabina con su tronco desnudo, gris y retorcido hasta tal punto que su follaje llega a besar el suelo. Por supuesto, es la que acapara toda la atenci\u00f3n y la que m\u00e1s veces ha sido retratada.<\/p>\n\n\n<div class=\"wp-block-image\">\n<figure class=\"aligncenter\"><a href=\"\/blog\/wp-content\/uploads\/2020\/04\/el-sabinar-el-hierro-sabina-sabina-2.jpg\"><img decoding=\"async\" src=\"\/blog\/wp-content\/uploads\/2020\/04\/el-sabinar-el-hierro-sabina-sabina-2-680x510.jpg\" alt=\"El Sabinar\" class=\"wp-image-71611\"\/><\/a><figcaption class=\"wp-element-caption\">Por El\u00edsabet Garcia<\/figcaption><\/figure>\n<\/div>\n\n\n<p>\u00bfY c\u00f3mo se llega hasta este conjunto de esculturas naturales? Con paciencia. Las <strong>carreteras de El Hierro<\/strong> son, en su mayor\u00eda, estrechas, con <strong>curvas bastantes cerradas y con pendientes que pronunciadas tan espectaculares como vertiginosas<\/strong>. De una de ellas, la HI-400, nace un desv\u00edo que lleva directamente a la HI-506 a la altura del <strong>Santuario Insular Virgen de los Reyes<\/strong> -patrona de los pastores primero y de toda la isla a\u00f1os despu\u00e9s-, una ermita levantada en 1577 cuyas paredes, pintadas en un blanco impoluto, la hacen destacar en el paisaje de verdes, rojos y grises que la rodean. Como curiosidad, antes de que se levantara la templo religioso, la talla tuvo su hogar en la contigua <strong>Cueva del Caracol<\/strong>.<\/p>\n\n\n<div class=\"wp-block-image\">\n<figure class=\"aligncenter\"><a href=\"\/blog\/wp-content\/uploads\/2020\/04\/el-sabinar-el-hierro-sabina-ermita.jpg\"><img decoding=\"async\" src=\"\/blog\/wp-content\/uploads\/2020\/04\/el-sabinar-el-hierro-sabina-ermita-680x510.jpg\" alt=\"El Sabinar\" class=\"wp-image-71606\"\/><\/a><figcaption class=\"wp-element-caption\">Por El\u00edsabet Garcia<\/figcaption><\/figure>\n<\/div>\n\n<div class=\"wp-block-image\">\n<figure class=\"aligncenter\"><a href=\"\/blog\/wp-content\/uploads\/2020\/04\/el-sabinar-el-hierro-carretera.jpg\"><img decoding=\"async\" src=\"\/blog\/wp-content\/uploads\/2020\/04\/el-sabinar-el-hierro-carretera-680x510.jpg\" alt=\"El Sabinar\" class=\"wp-image-71604\"\/><\/a><figcaption class=\"wp-element-caption\">Por El\u00edsabet Garcia<\/figcaption><\/figure>\n<\/div>\n\n\n<p>Tras dejar atr\u00e1s el santuario, a pocos metros, el desv\u00edo, transformado ahora en una pista sin asfaltar y con alg\u00fan que otro bache que obliga a aminorar la marcha, conduce directamente hasta el <strong>parking gratuito de El Sabinar<\/strong>, donde se haya, en primer plano, la bella sabina. <strong>S\u00edmbolo vegetal de la isla<\/strong> que, a&nbsp;fin de disuadir a los visitantes de que se acerquen demasiado, tiene su \u00e1rea vital acordonada.<\/p>\n\n\n<div class=\"wp-block-image\">\n<figure class=\"aligncenter\"><a href=\"\/blog\/wp-content\/uploads\/2020\/04\/el-sabinar-el-hierro-sabina-acordonada.jpg\"><img decoding=\"async\" src=\"\/blog\/wp-content\/uploads\/2020\/04\/el-sabinar-el-hierro-sabina-acordonada-680x510.jpg\" alt=\"El Sabinar\" class=\"wp-image-71605\"\/><\/a><figcaption class=\"wp-element-caption\">Por El\u00edsabet Garcia<\/figcaption><\/figure>\n<\/div>\n\n<div class=\"wp-block-image\">\n<figure class=\"aligncenter\"><a href=\"\/blog\/wp-content\/uploads\/2020\/04\/el-sabinar-el-hierro-cartel.jpg\"><img decoding=\"async\" src=\"\/blog\/wp-content\/uploads\/2020\/04\/el-sabinar-el-hierro-cartel-680x510.jpg\" alt=\"El Sabinar\" class=\"wp-image-71609\"\/><\/a><figcaption class=\"wp-element-caption\">Por El\u00edsabet Garcia<\/figcaption><\/figure>\n<\/div>\n\n\n<p>A poca distancia de esta maravilla, en esta misma comarca, se localizan dos interesantes enclaves: De un lado, el estrat\u00e9gico <strong>Cabo de Orchilla<\/strong>, punto m\u00e1s occidental de la geograf\u00eda espa\u00f1ola y lugar en el que los franceses establecieron el Meridiano 0 en 1634. Justo all\u00ed, en la l\u00ednea imaginaria que un d\u00eda represent\u00f3 al meridiano, se levant\u00f3 el <strong>Faro de Punta Orchilla<\/strong>, el cual gui\u00f3 a los navegantes por primera vez en el a\u00f1o 1933. De otro, el&nbsp;<strong>Mirador de Bascos<\/strong>, constituye la otra parada obligatoria que permite seguir capturando la belleza salvaje que envuelve a la isla canaria de El Hierro.<\/p>\n\n\n\n<h2 class=\"wp-block-heading\" id=\"h-que-mas-ver-en-el-hierro\">Qu\u00e9 m\u00e1s ver en El Hierro<\/h2>\n\n\n<section class=\"wp-block-ub-post-grid ub-block-post-grid align  is-equal-height preserve-post-image-aspect-ratio\" style=\"\" id=\"ub-post-grid-\"><div class=\"ub-post-grid-items is-grid columns-2\" style=\"row-gap: 32px; column-gap: 32px; \"><article id=\"post-202820\" class=\"ub-post-grid-item post-202820 post type-post status-publish format-standard has-post-thumbnail hentry category-destinos tag-cabo-de-gata tag-costa-da-morte tag-el-hierro tag-espana tag-islas-cies tag-la-palma tag-liencres tag-playas tag-que-ver-en-tarragona tag-verano\" style=\"\"><div class=\"ub-block-post-grid-image\" style=\"\"><a href=\"https:\/\/www.escapadarural.com\/blog\/playas-con-arenas-de-colores\/\" rel=\"bookmark\" aria-hidden=\"true\" tabindex=\"-1\"><img loading=\"lazy\" decoding=\"async\" width=\"1024\" height=\"767\" src=\"https:\/\/www.escapadarural.com\/blog\/wp-content\/uploads\/2025\/06\/AdobeStock_516770254_playa_nogales_canarias_Por-engel.ac_WP_03.webp\" class=\"attachment-full size-full\" alt=\"Playa de Nogales (La Palma)\" style=\"max-width: 600px; \" srcset=\"https:\/\/www.escapadarural.com\/blog\/wp-content\/uploads\/2025\/06\/AdobeStock_516770254_playa_nogales_canarias_Por-engel.ac_WP_03-200x150.webp 200w, https:\/\/www.escapadarural.com\/blog\/wp-content\/uploads\/2025\/06\/AdobeStock_516770254_playa_nogales_canarias_Por-engel.ac_WP_03-300x225.webp 300w, https:\/\/www.escapadarural.com\/blog\/wp-content\/uploads\/2025\/06\/AdobeStock_516770254_playa_nogales_canarias_Por-engel.ac_WP_03-400x300.webp 400w, https:\/\/www.escapadarural.com\/blog\/wp-content\/uploads\/2025\/06\/AdobeStock_516770254_playa_nogales_canarias_Por-engel.ac_WP_03-600x449.webp 600w, https:\/\/www.escapadarural.com\/blog\/wp-content\/uploads\/2025\/06\/AdobeStock_516770254_playa_nogales_canarias_Por-engel.ac_WP_03-768x575.webp 768w, https:\/\/www.escapadarural.com\/blog\/wp-content\/uploads\/2025\/06\/AdobeStock_516770254_playa_nogales_canarias_Por-engel.ac_WP_03-800x599.webp 800w, https:\/\/www.escapadarural.com\/blog\/wp-content\/uploads\/2025\/06\/AdobeStock_516770254_playa_nogales_canarias_Por-engel.ac_WP_03.webp 1024w\" sizes=\"auto, (max-width: 1024px) 100vw, 1024px\"><\/a><\/div><div class=\"ub-block-post-grid-text\" style=\"\"><div class=\"ub-block-post-grid-header-content\"><header class=\"ub-block-post-grid-header\"><h3 class=\"ub-block-post-grid-title\"><a style=\"\" href=\"https:\/\/www.escapadarural.com\/blog\/playas-con-arenas-de-colores\/\" rel=\"bookmark\">Blanca, negra, roja y multicolor: playas de Espa\u00f1a con arenas de colores<\/a><\/h3><\/header><\/div><div class=\"ub-block-post-grid-excerpt\"><div class=\"ub-block-post-grid-excerpt-text\" style=\"\"><p>Blancas, doradas, negras\u2026 Espa\u00f1a cuenta con m\u00e1s de 3.000 playas y algunas de ellas cuentan con arena de diferentes colores<\/p>\n<\/div><p><a class=\"ub-block-post-grid-more-link ub-text-link\" style=\"\" href=\"https:\/\/www.escapadarural.com\/blog\/playas-con-arenas-de-colores\/\" rel=\"bookmark\">Seguir leyendo <span class=\"screen-reader-text\">Blanca, negra, roja y multicolor: playas de Espa\u00f1a con arenas de colores<\/span><\/a><\/p><\/div><\/div><\/article>\n<article id=\"post-55980\" class=\"ub-post-grid-item post-55980 post type-post status-publish format-standard has-post-thumbnail hentry category-destinos tag-buceo tag-cabo-de-gata tag-cabo-de-palos tag-el-hierro tag-illes-medes tag-islas-cies tag-lanzarote tag-listado tag-menorca tag-pecios tag-submarinismo\" style=\"\"><div class=\"ub-block-post-grid-image\" style=\"\"><a href=\"https:\/\/www.escapadarural.com\/blog\/mejores-lugares-para-bucear-en-espana\/\" rel=\"bookmark\" aria-hidden=\"true\" tabindex=\"-1\"><img loading=\"lazy\" decoding=\"async\" width=\"1024\" height=\"683\" src=\"https:\/\/www.escapadarural.com\/blog\/wp-content\/uploads\/2024\/10\/Jason-deCaires-Taylor-06018-2.jpg\" class=\"attachment-full size-full\" alt=\"Unas esculturas submarinas de figuras humanas se yerguen en el fondo del oc\u00e9ano cerca de una gran estructura en forma de pared, rodeadas de agua azul transparente. La escena forma parte de una instalaci\u00f3n art\u00edstica submarina.\" style=\"max-width: 600px; \" srcset=\"https:\/\/www.escapadarural.com\/blog\/wp-content\/uploads\/2024\/10\/Jason-deCaires-Taylor-06018-2-200x133.jpg 200w, https:\/\/www.escapadarural.com\/blog\/wp-content\/uploads\/2024\/10\/Jason-deCaires-Taylor-06018-2-300x200.jpg 300w, https:\/\/www.escapadarural.com\/blog\/wp-content\/uploads\/2024\/10\/Jason-deCaires-Taylor-06018-2-400x267.jpg 400w, https:\/\/www.escapadarural.com\/blog\/wp-content\/uploads\/2024\/10\/Jason-deCaires-Taylor-06018-2-600x400.jpg 600w, https:\/\/www.escapadarural.com\/blog\/wp-content\/uploads\/2024\/10\/Jason-deCaires-Taylor-06018-2-768x512.jpg 768w, https:\/\/www.escapadarural.com\/blog\/wp-content\/uploads\/2024\/10\/Jason-deCaires-Taylor-06018-2-800x534.jpg 800w, https:\/\/www.escapadarural.com\/blog\/wp-content\/uploads\/2024\/10\/Jason-deCaires-Taylor-06018-2.jpg 1024w\" sizes=\"auto, (max-width: 1024px) 100vw, 1024px\"><\/a><\/div><div class=\"ub-block-post-grid-text\" style=\"\"><div class=\"ub-block-post-grid-header-content\"><header class=\"ub-block-post-grid-header\"><h3 class=\"ub-block-post-grid-title\"><a style=\"\" href=\"https:\/\/www.escapadarural.com\/blog\/mejores-lugares-para-bucear-en-espana\/\" rel=\"bookmark\">Los 7 mejores lugares para bucear, e incluso ver belenes<\/a><\/h3><\/header><\/div><div class=\"ub-block-post-grid-excerpt\"><div class=\"ub-block-post-grid-excerpt-text\" style=\"\"><p>El submarinismo est\u00e1 en auge, cada vez son m\u00e1s los que deciden sacarse el t\u00edtulo para sumergirse en nuestras cosas y disfrutar de los tesoros marinos. Esta es una lista de los que consideramos los mejores lugares para bucear en Espa\u00f1a. <\/p>\n<\/div><p><a class=\"ub-block-post-grid-more-link ub-text-link\" style=\"\" href=\"https:\/\/www.escapadarural.com\/blog\/mejores-lugares-para-bucear-en-espana\/\" rel=\"bookmark\">Seguir leyendo <span class=\"screen-reader-text\">Los 7 mejores lugares para bucear, e incluso ver belenes<\/span><\/a><\/p><\/div><\/div><\/article>\n<article id=\"post-46792\" class=\"ub-post-grid-item post-46792 post type-post status-publish format-standard has-post-thumbnail hentry category-arte-y-cultura tag-aguila-imperial-iberica tag-el-hierro tag-fauna tag-la-gomera tag-lagarto-gigante tag-lince-iberico tag-listado tag-naturaleza tag-peligro-de-extincion tag-que-ver-en-tenerife tag-triton-del-montseny tag-urogallo-cantabrico\" style=\"\"><div class=\"ub-block-post-grid-image\" style=\"\"><a href=\"https:\/\/www.escapadarural.com\/blog\/animales-en-peligro-de-extincion\/\" rel=\"bookmark\" aria-hidden=\"true\" tabindex=\"-1\"><img loading=\"lazy\" decoding=\"async\" width=\"975\" height=\"648\" src=\"https:\/\/www.escapadarural.com\/blog\/wp-content\/uploads\/2024\/10\/Iberian_Lynx_linces6-2.jpg\" class=\"attachment-full size-full\" alt=\"Lince ib\u00e9rico\" style=\"max-width: 600px; \" srcset=\"https:\/\/www.escapadarural.com\/blog\/wp-content\/uploads\/2024\/10\/Iberian_Lynx_linces6-2-200x133.jpg 200w, https:\/\/www.escapadarural.com\/blog\/wp-content\/uploads\/2024\/10\/Iberian_Lynx_linces6-2-300x199.jpg 300w, https:\/\/www.escapadarural.com\/blog\/wp-content\/uploads\/2024\/10\/Iberian_Lynx_linces6-2-400x266.jpg 400w, https:\/\/www.escapadarural.com\/blog\/wp-content\/uploads\/2024\/10\/Iberian_Lynx_linces6-2-600x399.jpg 600w, https:\/\/www.escapadarural.com\/blog\/wp-content\/uploads\/2024\/10\/Iberian_Lynx_linces6-2-768x510.jpg 768w, https:\/\/www.escapadarural.com\/blog\/wp-content\/uploads\/2024\/10\/Iberian_Lynx_linces6-2-800x532.jpg 800w, https:\/\/www.escapadarural.com\/blog\/wp-content\/uploads\/2024\/10\/Iberian_Lynx_linces6-2.jpg 975w\" sizes=\"auto, (max-width: 975px) 100vw, 975px\"><\/a><\/div><div class=\"ub-block-post-grid-text\" style=\"\"><div class=\"ub-block-post-grid-header-content\"><header class=\"ub-block-post-grid-header\"><h3 class=\"ub-block-post-grid-title\"><a style=\"\" href=\"https:\/\/www.escapadarural.com\/blog\/animales-en-peligro-de-extincion\/\" rel=\"bookmark\">Cinco animales en peligro de extinci\u00f3n en Espa\u00f1a<\/a><\/h3><\/header><\/div><div class=\"ub-block-post-grid-excerpt\"><div class=\"ub-block-post-grid-excerpt-text\" style=\"\"><p>Espa\u00f1a siempre ha podido presumir de biodiversidad ante el resto de pa\u00edses europeos porque se sit\u00faa en los puestos m\u00e1s altos en cuanto a n\u00famero de espacios protegidos. Sin embargo, factores como el cambio clim\u00e1tico y la intervenci\u00f3n del hombre han hecho que ese privilegio ambiental haya empezado a menguar desde hace tiempo y est\u00e9n poniendo a algunos animales en peligro de extinci\u00f3n.  <\/p>\n<\/div><p><a class=\"ub-block-post-grid-more-link ub-text-link\" style=\"\" href=\"https:\/\/www.escapadarural.com\/blog\/animales-en-peligro-de-extincion\/\" rel=\"bookmark\">Seguir leyendo <span class=\"screen-reader-text\">Cinco animales en peligro de extinci\u00f3n en Espa\u00f1a<\/span><\/a><\/p><\/div><\/div><\/article>\n<article id=\"post-40147\" class=\"ub-post-grid-item post-40147 post type-post status-publish format-standard has-post-thumbnail hentry category-rutas-y-excursiones tag-articulo tag-el-hierro tag-espacios-naturales tag-faro-de-punta-orchilla tag-que-ver-en-islas-canarias\" style=\"\"><div class=\"ub-block-post-grid-image\" style=\"\"><a href=\"https:\/\/www.escapadarural.com\/blog\/faro-de-orchilla-y-antiguo-meridiano-cero\/\" rel=\"bookmark\" aria-hidden=\"true\" tabindex=\"-1\"><img loading=\"lazy\" decoding=\"async\" width=\"1000\" height=\"750\" src=\"https:\/\/www.escapadarural.com\/blog\/wp-content\/uploads\/2024\/10\/el-hierro-faro-de-orchilla-y-alrededores-vista-del-faro-2.jpg\" class=\"attachment-full size-full\" alt=\"Faro de Orchilla, uno de los extremos de Espa\u00f1a\" style=\"max-width: 600px; \" srcset=\"https:\/\/www.escapadarural.com\/blog\/wp-content\/uploads\/2024\/10\/el-hierro-faro-de-orchilla-y-alrededores-vista-del-faro-2-200x150.jpg 200w, https:\/\/www.escapadarural.com\/blog\/wp-content\/uploads\/2024\/10\/el-hierro-faro-de-orchilla-y-alrededores-vista-del-faro-2-300x225.jpg 300w, https:\/\/www.escapadarural.com\/blog\/wp-content\/uploads\/2024\/10\/el-hierro-faro-de-orchilla-y-alrededores-vista-del-faro-2-400x300.jpg 400w, https:\/\/www.escapadarural.com\/blog\/wp-content\/uploads\/2024\/10\/el-hierro-faro-de-orchilla-y-alrededores-vista-del-faro-2-600x450.jpg 600w, https:\/\/www.escapadarural.com\/blog\/wp-content\/uploads\/2024\/10\/el-hierro-faro-de-orchilla-y-alrededores-vista-del-faro-2-768x576.jpg 768w, https:\/\/www.escapadarural.com\/blog\/wp-content\/uploads\/2024\/10\/el-hierro-faro-de-orchilla-y-alrededores-vista-del-faro-2-800x600.jpg 800w, https:\/\/www.escapadarural.com\/blog\/wp-content\/uploads\/2024\/10\/el-hierro-faro-de-orchilla-y-alrededores-vista-del-faro-2.jpg 1000w\" sizes=\"auto, (max-width: 1000px) 100vw, 1000px\"><\/a><\/div><div class=\"ub-block-post-grid-text\" style=\"\"><div class=\"ub-block-post-grid-header-content\"><header class=\"ub-block-post-grid-header\"><h3 class=\"ub-block-post-grid-title\"><a style=\"\" href=\"https:\/\/www.escapadarural.com\/blog\/faro-de-orchilla-y-antiguo-meridiano-cero\/\" rel=\"bookmark\">Faro de Orchilla y el antiguo Meridiano Cero<\/a><\/h3><\/header><\/div><div class=\"ub-block-post-grid-excerpt\"><div class=\"ub-block-post-grid-excerpt-text\" style=\"\"><p>La diversidad paisaj\u00edstica de la isla canaria de El Hierro es abrumadora. En sus escasos kil\u00f3metros cuadrados de superficie, coexisten para\u00edsos verdes que te inundan de naturaleza, maravillosos lugares donde darse un chapuz\u00f3n en el Atl\u00e1ntico, miradores que quitan el hipo, tesoros submarinos y rincones salvajes tapizados de lava petrificada que desprenden un innegable magnetismo.<\/p>\n<\/div><p><a class=\"ub-block-post-grid-more-link ub-text-link\" style=\"\" href=\"https:\/\/www.escapadarural.com\/blog\/faro-de-orchilla-y-antiguo-meridiano-cero\/\" rel=\"bookmark\">Seguir leyendo <span class=\"screen-reader-text\">Faro de Orchilla y el antiguo Meridiano Cero<\/span><\/a><\/p><\/div><\/div><\/article>\n<article id=\"post-40053\" class=\"ub-post-grid-item post-40053 post type-post status-publish format-standard has-post-thumbnail hentry category-rutas-y-excursiones tag-el-hierro tag-espacio-protegido\" style=\"\"><div class=\"ub-block-post-grid-image\" style=\"\"><a href=\"https:\/\/www.escapadarural.com\/blog\/ruta-por-la-costa-de-el-hierro\/\" rel=\"bookmark\" aria-hidden=\"true\" tabindex=\"-1\"><img loading=\"lazy\" decoding=\"async\" width=\"680\" height=\"497\" src=\"https:\/\/www.escapadarural.com\/blog\/wp-content\/uploads\/2020\/04\/Sabina-de-El-Hierro-680x497-1.jpg\" class=\"attachment-full size-full\" alt=\"Un \u00e1rbol nudoso, doblado por el viento y de ramas retorcidas, se inclina dram\u00e1ticamente hacia un lado en un paisaje \u00e1rido y rocoso cerca del oc\u00e9ano, bajo un cielo despejado.\" style=\"max-width: 600px; \" srcset=\"https:\/\/www.escapadarural.com\/blog\/wp-content\/uploads\/2020\/04\/Sabina-de-El-Hierro-680x497-1-200x146.jpg 200w, https:\/\/www.escapadarural.com\/blog\/wp-content\/uploads\/2020\/04\/Sabina-de-El-Hierro-680x497-1-300x219.jpg 300w, https:\/\/www.escapadarural.com\/blog\/wp-content\/uploads\/2020\/04\/Sabina-de-El-Hierro-680x497-1-400x292.jpg 400w, https:\/\/www.escapadarural.com\/blog\/wp-content\/uploads\/2020\/04\/Sabina-de-El-Hierro-680x497-1-600x439.jpg 600w, https:\/\/www.escapadarural.com\/blog\/wp-content\/uploads\/2020\/04\/Sabina-de-El-Hierro-680x497-1.jpg 680w\" sizes=\"auto, (max-width: 680px) 100vw, 680px\"><\/a><\/div><div class=\"ub-block-post-grid-text\" style=\"\"><div class=\"ub-block-post-grid-header-content\"><header class=\"ub-block-post-grid-header\"><h3 class=\"ub-block-post-grid-title\"><a style=\"\" href=\"https:\/\/www.escapadarural.com\/blog\/ruta-por-la-costa-de-el-hierro\/\" rel=\"bookmark\">Ruta por la costa de El Hierro: de La Maceta a Las Puntas<\/a><\/h3><\/header><\/div><div class=\"ub-block-post-grid-excerpt\"><div class=\"ub-block-post-grid-excerpt-text\" style=\"\"><p>Son muy numerosas las rutas que se pueden realizar en el para\u00edso canario de El Hierro. Las hay que te sumergen en la m\u00e1s pura naturaleza virgen como la ruta de senderismo de La Llan\u00eda y otras, como de la que vamos a hablar hoy, que ofrecen un maravilloso paseo por la costa herre\u00f1a.<\/p>\n<\/div><p><a class=\"ub-block-post-grid-more-link ub-text-link\" style=\"\" href=\"https:\/\/www.escapadarural.com\/blog\/ruta-por-la-costa-de-el-hierro\/\" rel=\"bookmark\">Seguir leyendo <span class=\"screen-reader-text\">Ruta por la costa de El Hierro: de La Maceta a Las Puntas<\/span><\/a><\/p><\/div><\/div><\/article>\n<article id=\"post-39630\" class=\"ub-post-grid-item post-39630 post type-post status-publish format-standard has-post-thumbnail hentry category-destinos tag-el-hierro tag-que-ver-en-islas-canarias tag-listado tag-piscinas-naturales\" style=\"\"><div class=\"ub-block-post-grid-image\" style=\"\"><a href=\"https:\/\/www.escapadarural.com\/blog\/piscinas-naturales-el-hierro\/\" rel=\"bookmark\" aria-hidden=\"true\" tabindex=\"-1\"><img loading=\"lazy\" decoding=\"async\" width=\"1024\" height=\"576\" src=\"https:\/\/www.escapadarural.com\/blog\/wp-content\/uploads\/2024\/10\/IMG_1354-1024x576-2.jpg\" class=\"attachment-full size-full\" alt=\"Costa rocosa con agua turquesa transparente que forma una piscina natural, rodeada de escarpados acantilados. Las olas rompen en el fondo donde la piscina se encuentra con el mar abierto bajo un cielo azul con nubes dispersas.\" style=\"max-width: 600px; \" srcset=\"https:\/\/www.escapadarural.com\/blog\/wp-content\/uploads\/2024\/10\/IMG_1354-1024x576-2-200x113.jpg 200w, https:\/\/www.escapadarural.com\/blog\/wp-content\/uploads\/2024\/10\/IMG_1354-1024x576-2-300x169.jpg 300w, https:\/\/www.escapadarural.com\/blog\/wp-content\/uploads\/2024\/10\/IMG_1354-1024x576-2-400x225.jpg 400w, https:\/\/www.escapadarural.com\/blog\/wp-content\/uploads\/2024\/10\/IMG_1354-1024x576-2-600x338.jpg 600w, https:\/\/www.escapadarural.com\/blog\/wp-content\/uploads\/2024\/10\/IMG_1354-1024x576-2-768x432.jpg 768w, https:\/\/www.escapadarural.com\/blog\/wp-content\/uploads\/2024\/10\/IMG_1354-1024x576-2-800x450.jpg 800w, https:\/\/www.escapadarural.com\/blog\/wp-content\/uploads\/2024\/10\/IMG_1354-1024x576-2.jpg 1024w\" sizes=\"auto, (max-width: 1024px) 100vw, 1024px\"><\/a><\/div><div class=\"ub-block-post-grid-text\" style=\"\"><div class=\"ub-block-post-grid-header-content\"><header class=\"ub-block-post-grid-header\"><h3 class=\"ub-block-post-grid-title\"><a style=\"\" href=\"https:\/\/www.escapadarural.com\/blog\/piscinas-naturales-el-hierro\/\" rel=\"bookmark\">5 piscinas naturales preciosas de El Hierro<\/a><\/h3><\/header><\/div><div class=\"ub-block-post-grid-excerpt\"><div class=\"ub-block-post-grid-excerpt-text\" style=\"\"><p>El Hierro no es famoso por su playas. S\u00ed lo es, en cambio, por sus maravillosos charcos naturales esculpidos por la madre naturaleza. Rincones repartidos a lo largo de todo el litoral isle\u00f1o que se encuentran resguardados de la furia atl\u00e1ntica, donde puedes disfrutar de un magn\u00edfico y relajado ba\u00f1o mientras, si as\u00ed lo deseas, practicas snorkel. Hoy te hablamos de cinco de las piscinas naturales m\u00e1s bonitas de la m\u00e1s occidental isla canaria.<\/p>\n<\/div><p><a class=\"ub-block-post-grid-more-link ub-text-link\" style=\"\" href=\"https:\/\/www.escapadarural.com\/blog\/piscinas-naturales-el-hierro\/\" rel=\"bookmark\">Seguir leyendo <span class=\"screen-reader-text\">5 piscinas naturales preciosas de El Hierro<\/span><\/a><\/p><\/div><\/div><\/article>\n<\/div><\/section>","protected":false},"excerpt":{"rendered":"<p>La isla de El Hierro es la m\u00e1s peque\u00f1a de  [&#8230;]<\/p>\n","protected":false},"author":109,"featured_media":288,"comment_status":"open","ping_status":"closed","sticky":false,"template":"","format":"standard","meta":{"_acf_changed":false,"om_disable_all_campaigns":false,"footnotes":""},"categories":[191],"tags":[605,2771,2154,307],"class_list":["post-13072","post","type-post","status-publish","format-standard","has-post-thumbnail","hentry","category-destinos","tag-el-hierro","tag-el-sabinar","tag-espacios-naturales","tag-que-ver-en-islas-canarias"],"acf":[],"featured_image_src":"https:\/\/www.escapadarural.com\/blog\/wp-content\/uploads\/2020\/04\/El_Hierro_Sabinar-680x453-1.jpg","author_info":{"display_name":"El\u00edsabet Garc\u00eda","author_link":"https:\/\/www.escapadarural.com\/blog\/autor\/lagranescapada\/"},"yoast_head":"<!-- This site is optimized with the Yoast SEO plugin v27.5 - https:\/\/yoast.com\/product\/yoast-seo-wordpress\/ -->\n<title>El Sabinar de El Hierro, esculturas vegetales moldeadas por los vientos alisios canarios - EscapadaRural<\/title>\n<meta name=\"robots\" content=\"index, follow, max-snippet:-1, max-image-preview:large, max-video-preview:-1\" \/>\n<link rel=\"canonical\" href=\"https:\/\/www.escapadarural.com\/blog\/naturaleza-de-el-sabinar-de-el-hierro\/\" \/>\n<meta property=\"og:locale\" content=\"es_ES\" \/>\n<meta property=\"og:type\" content=\"article\" \/>\n<meta property=\"og:title\" content=\"El Sabinar de El Hierro, esculturas vegetales moldeadas por los vientos alisios canarios - EscapadaRural\" \/>\n<meta property=\"og:description\" content=\"La isla de El Hierro es la m\u00e1s peque\u00f1a de [...]\" \/>\n<meta property=\"og:url\" content=\"https:\/\/www.escapadarural.com\/blog\/naturaleza-de-el-sabinar-de-el-hierro\/\" \/>\n<meta property=\"og:site_name\" content=\"Magazine de viajes de EscapadaRural\" \/>\n<meta property=\"article:publisher\" content=\"https:\/\/www.facebook.com\/escapadarural\" \/>\n<meta property=\"article:published_time\" content=\"2020-07-31T09:19:55+00:00\" \/>\n<meta property=\"article:modified_time\" content=\"2025-02-10T14:44:15+00:00\" \/>\n<meta property=\"og:image\" content=\"https:\/\/app.escapadarural.com\/blog\/wp-content\/uploads\/2020\/04\/El_Hierro_Sabinar-680x453-1.jpg\" \/>\n\t<meta property=\"og:image:width\" content=\"680\" \/>\n\t<meta property=\"og:image:height\" content=\"453\" \/>\n\t<meta property=\"og:image:type\" content=\"image\/jpeg\" \/>\n<meta name=\"author\" content=\"El\u00edsabet Garc\u00eda\" \/>\n<meta name=\"twitter:card\" content=\"summary_large_image\" \/>\n<meta name=\"twitter:label1\" content=\"Escrito por\" \/>\n\t<meta name=\"twitter:data1\" content=\"El\u00edsabet Garc\u00eda\" \/>\n\t<meta name=\"twitter:label2\" content=\"Tiempo de lectura\" \/>\n\t<meta name=\"twitter:data2\" content=\"5 minutos\" \/>\n<script type=\"application\/ld+json\" class=\"yoast-schema-graph\">{\"@context\":\"https:\\\/\\\/schema.org\",\"@graph\":[{\"@type\":\"Article\",\"@id\":\"https:\\\/\\\/www.escapadarural.com\\\/blog\\\/naturaleza-de-el-sabinar-de-el-hierro\\\/#article\",\"isPartOf\":{\"@id\":\"https:\\\/\\\/www.escapadarural.com\\\/blog\\\/naturaleza-de-el-sabinar-de-el-hierro\\\/\"},\"author\":{\"name\":\"El\u00edsabet Garc\u00eda\",\"@id\":\"https:\\\/\\\/www.escapadarural.com\\\/blog\\\/#\\\/schema\\\/person\\\/2cac652e2d16373a24890ffaa220140f\"},\"headline\":\"El Sabinar de El Hierro, esculturas vegetales moldeadas por los vientos alisios canarios\",\"datePublished\":\"2020-07-31T09:19:55+00:00\",\"dateModified\":\"2025-02-10T14:44:15+00:00\",\"mainEntityOfPage\":{\"@id\":\"https:\\\/\\\/www.escapadarural.com\\\/blog\\\/naturaleza-de-el-sabinar-de-el-hierro\\\/\"},\"wordCount\":654,\"commentCount\":0,\"publisher\":{\"@id\":\"https:\\\/\\\/www.escapadarural.com\\\/blog\\\/#organization\"},\"image\":{\"@id\":\"https:\\\/\\\/www.escapadarural.com\\\/blog\\\/naturaleza-de-el-sabinar-de-el-hierro\\\/#primaryimage\"},\"thumbnailUrl\":\"https:\\\/\\\/www.escapadarural.com\\\/blog\\\/wp-content\\\/uploads\\\/2020\\\/04\\\/El_Hierro_Sabinar-680x453-1.jpg\",\"keywords\":[\"El Hierro\",\"El Sabinar\",\"Espacios naturales\",\"Islas Canarias\"],\"articleSection\":[\"Destinos\"],\"inLanguage\":\"es\",\"potentialAction\":[{\"@type\":\"CommentAction\",\"name\":\"Comment\",\"target\":[\"https:\\\/\\\/www.escapadarural.com\\\/blog\\\/naturaleza-de-el-sabinar-de-el-hierro\\\/#respond\"]}]},{\"@type\":\"WebPage\",\"@id\":\"https:\\\/\\\/www.escapadarural.com\\\/blog\\\/naturaleza-de-el-sabinar-de-el-hierro\\\/\",\"url\":\"https:\\\/\\\/www.escapadarural.com\\\/blog\\\/naturaleza-de-el-sabinar-de-el-hierro\\\/\",\"name\":\"El Sabinar de El Hierro, esculturas vegetales moldeadas por los vientos alisios canarios - EscapadaRural\",\"isPartOf\":{\"@id\":\"https:\\\/\\\/www.escapadarural.com\\\/blog\\\/#website\"},\"primaryImageOfPage\":{\"@id\":\"https:\\\/\\\/www.escapadarural.com\\\/blog\\\/naturaleza-de-el-sabinar-de-el-hierro\\\/#primaryimage\"},\"image\":{\"@id\":\"https:\\\/\\\/www.escapadarural.com\\\/blog\\\/naturaleza-de-el-sabinar-de-el-hierro\\\/#primaryimage\"},\"thumbnailUrl\":\"https:\\\/\\\/www.escapadarural.com\\\/blog\\\/wp-content\\\/uploads\\\/2020\\\/04\\\/El_Hierro_Sabinar-680x453-1.jpg\",\"datePublished\":\"2020-07-31T09:19:55+00:00\",\"dateModified\":\"2025-02-10T14:44:15+00:00\",\"breadcrumb\":{\"@id\":\"https:\\\/\\\/www.escapadarural.com\\\/blog\\\/naturaleza-de-el-sabinar-de-el-hierro\\\/#breadcrumb\"},\"inLanguage\":\"es\",\"potentialAction\":[{\"@type\":\"ReadAction\",\"target\":[\"https:\\\/\\\/www.escapadarural.com\\\/blog\\\/naturaleza-de-el-sabinar-de-el-hierro\\\/\"]}]},{\"@type\":\"ImageObject\",\"inLanguage\":\"es\",\"@id\":\"https:\\\/\\\/www.escapadarural.com\\\/blog\\\/naturaleza-de-el-sabinar-de-el-hierro\\\/#primaryimage\",\"url\":\"https:\\\/\\\/www.escapadarural.com\\\/blog\\\/wp-content\\\/uploads\\\/2020\\\/04\\\/El_Hierro_Sabinar-680x453-1.jpg\",\"contentUrl\":\"https:\\\/\\\/www.escapadarural.com\\\/blog\\\/wp-content\\\/uploads\\\/2020\\\/04\\\/El_Hierro_Sabinar-680x453-1.jpg\",\"width\":680,\"height\":453,\"caption\":\"Sabinar de El Hierro\"},{\"@type\":\"BreadcrumbList\",\"@id\":\"https:\\\/\\\/www.escapadarural.com\\\/blog\\\/naturaleza-de-el-sabinar-de-el-hierro\\\/#breadcrumb\",\"itemListElement\":[{\"@type\":\"ListItem\",\"position\":1,\"name\":\"Inicio\",\"item\":\"https:\\\/\\\/www.escapadarural.com\\\/blog\\\/\"},{\"@type\":\"ListItem\",\"position\":2,\"name\":\"Destinos\",\"item\":\"https:\\\/\\\/www.escapadarural.com\\\/blog\\\/categoria\\\/destinos\\\/\"},{\"@type\":\"ListItem\",\"position\":3,\"name\":\"El Sabinar de El Hierro, esculturas vegetales moldeadas por los vientos alisios canarios\"}]},{\"@type\":\"WebSite\",\"@id\":\"https:\\\/\\\/www.escapadarural.com\\\/blog\\\/#website\",\"url\":\"https:\\\/\\\/www.escapadarural.com\\\/blog\\\/\",\"name\":\"Blog de viajes | turismo rural, alojamientos e inspiraci\u00f3n\",\"description\":\"Alojamientos rurales e inspiraci\u00f3n para tus escapadas\",\"publisher\":{\"@id\":\"https:\\\/\\\/www.escapadarural.com\\\/blog\\\/#organization\"},\"alternateName\":\"Magazine de viajes de EscapadaRural\",\"potentialAction\":[{\"@type\":\"SearchAction\",\"target\":{\"@type\":\"EntryPoint\",\"urlTemplate\":\"https:\\\/\\\/www.escapadarural.com\\\/blog\\\/?s={search_term_string}\"},\"query-input\":{\"@type\":\"PropertyValueSpecification\",\"valueRequired\":true,\"valueName\":\"search_term_string\"}}],\"inLanguage\":\"es\"},{\"@type\":\"Organization\",\"@id\":\"https:\\\/\\\/www.escapadarural.com\\\/blog\\\/#organization\",\"name\":\"EscapadaRural\",\"url\":\"https:\\\/\\\/www.escapadarural.com\\\/blog\\\/\",\"logo\":{\"@type\":\"ImageObject\",\"inLanguage\":\"es\",\"@id\":\"https:\\\/\\\/www.escapadarural.com\\\/blog\\\/#\\\/schema\\\/logo\\\/image\\\/\",\"url\":\"https:\\\/\\\/www.escapadarural.com\\\/blog\\\/wp-content\\\/uploads\\\/2024\\\/10\\\/cropped-cropped-escapada-rural-icon-mag-3.png\",\"contentUrl\":\"https:\\\/\\\/www.escapadarural.com\\\/blog\\\/wp-content\\\/uploads\\\/2024\\\/10\\\/cropped-cropped-escapada-rural-icon-mag-3.png\",\"width\":512,\"height\":512,\"caption\":\"EscapadaRural\"},\"image\":{\"@id\":\"https:\\\/\\\/www.escapadarural.com\\\/blog\\\/#\\\/schema\\\/logo\\\/image\\\/\"},\"sameAs\":[\"https:\\\/\\\/www.facebook.com\\\/escapadarural\",\"https:\\\/\\\/www.instagram.com\\\/escapadarural\\\/\",\"https:\\\/\\\/www.youtube.com\\\/@escapadaruralcom\"]},{\"@type\":\"Person\",\"@id\":\"https:\\\/\\\/www.escapadarural.com\\\/blog\\\/#\\\/schema\\\/person\\\/2cac652e2d16373a24890ffaa220140f\",\"name\":\"El\u00edsabet Garc\u00eda\",\"image\":{\"@type\":\"ImageObject\",\"inLanguage\":\"es\",\"@id\":\"https:\\\/\\\/www.escapadarural.com\\\/blog\\\/wp-content\\\/uploads\\\/2025\\\/02\\\/elisabet_gran_escapada.webp\",\"url\":\"https:\\\/\\\/www.escapadarural.com\\\/blog\\\/wp-content\\\/uploads\\\/2025\\\/02\\\/elisabet_gran_escapada.webp\",\"contentUrl\":\"https:\\\/\\\/www.escapadarural.com\\\/blog\\\/wp-content\\\/uploads\\\/2025\\\/02\\\/elisabet_gran_escapada.webp\",\"caption\":\"El\u00edsabet Garc\u00eda\"},\"description\":\"Hola a todos! Soy El\u00edsabet Garc\u00eda, Consultora Inform\u00e1tica y, desde hace 7 a\u00f1os, blogger de viajes. Me apasiona viajar, conocer lugares inh\u00f3spitos, experimentar aventuras, perderme por la naturaleza y saborear la gastronom\u00eda local de cada lugar. Coeditora del blog lagranescapada.com junto a Mar Gonz\u00e1lez, un lugar que creamos para compartir cada nueva escapada que hacemos por el mundo.\",\"sameAs\":[\"https:\\\/\\\/lagranescapada.com\\\/\"],\"url\":\"https:\\\/\\\/www.escapadarural.com\\\/blog\\\/autor\\\/lagranescapada\\\/\"}]}<\/script>\n<!-- \/ Yoast SEO plugin. -->","yoast_head_json":{"title":"El Sabinar de El Hierro, esculturas vegetales moldeadas por los vientos alisios canarios - EscapadaRural","robots":{"index":"index","follow":"follow","max-snippet":"max-snippet:-1","max-image-preview":"max-image-preview:large","max-video-preview":"max-video-preview:-1"},"canonical":"https:\/\/www.escapadarural.com\/blog\/naturaleza-de-el-sabinar-de-el-hierro\/","og_locale":"es_ES","og_type":"article","og_title":"El Sabinar de El Hierro, esculturas vegetales moldeadas por los vientos alisios canarios - EscapadaRural","og_description":"La isla de El Hierro es la m\u00e1s peque\u00f1a de [...]","og_url":"https:\/\/www.escapadarural.com\/blog\/naturaleza-de-el-sabinar-de-el-hierro\/","og_site_name":"Magazine de viajes de EscapadaRural","article_publisher":"https:\/\/www.facebook.com\/escapadarural","article_published_time":"2020-07-31T09:19:55+00:00","article_modified_time":"2025-02-10T14:44:15+00:00","og_image":[{"width":680,"height":453,"url":"https:\/\/app.escapadarural.com\/blog\/wp-content\/uploads\/2020\/04\/El_Hierro_Sabinar-680x453-1.jpg","type":"image\/jpeg"}],"author":"El\u00edsabet Garc\u00eda","twitter_card":"summary_large_image","twitter_misc":{"Escrito por":"El\u00edsabet Garc\u00eda","Tiempo de lectura":"5 minutos"},"schema":{"@context":"https:\/\/schema.org","@graph":[{"@type":"Article","@id":"https:\/\/www.escapadarural.com\/blog\/naturaleza-de-el-sabinar-de-el-hierro\/#article","isPartOf":{"@id":"https:\/\/www.escapadarural.com\/blog\/naturaleza-de-el-sabinar-de-el-hierro\/"},"author":{"name":"El\u00edsabet Garc\u00eda","@id":"https:\/\/www.escapadarural.com\/blog\/#\/schema\/person\/2cac652e2d16373a24890ffaa220140f"},"headline":"El Sabinar de El Hierro, esculturas vegetales moldeadas por los vientos alisios canarios","datePublished":"2020-07-31T09:19:55+00:00","dateModified":"2025-02-10T14:44:15+00:00","mainEntityOfPage":{"@id":"https:\/\/www.escapadarural.com\/blog\/naturaleza-de-el-sabinar-de-el-hierro\/"},"wordCount":654,"commentCount":0,"publisher":{"@id":"https:\/\/www.escapadarural.com\/blog\/#organization"},"image":{"@id":"https:\/\/www.escapadarural.com\/blog\/naturaleza-de-el-sabinar-de-el-hierro\/#primaryimage"},"thumbnailUrl":"https:\/\/www.escapadarural.com\/blog\/wp-content\/uploads\/2020\/04\/El_Hierro_Sabinar-680x453-1.jpg","keywords":["El Hierro","El Sabinar","Espacios naturales","Islas Canarias"],"articleSection":["Destinos"],"inLanguage":"es","potentialAction":[{"@type":"CommentAction","name":"Comment","target":["https:\/\/www.escapadarural.com\/blog\/naturaleza-de-el-sabinar-de-el-hierro\/#respond"]}]},{"@type":"WebPage","@id":"https:\/\/www.escapadarural.com\/blog\/naturaleza-de-el-sabinar-de-el-hierro\/","url":"https:\/\/www.escapadarural.com\/blog\/naturaleza-de-el-sabinar-de-el-hierro\/","name":"El Sabinar de El Hierro, esculturas vegetales moldeadas por los vientos alisios canarios - EscapadaRural","isPartOf":{"@id":"https:\/\/www.escapadarural.com\/blog\/#website"},"primaryImageOfPage":{"@id":"https:\/\/www.escapadarural.com\/blog\/naturaleza-de-el-sabinar-de-el-hierro\/#primaryimage"},"image":{"@id":"https:\/\/www.escapadarural.com\/blog\/naturaleza-de-el-sabinar-de-el-hierro\/#primaryimage"},"thumbnailUrl":"https:\/\/www.escapadarural.com\/blog\/wp-content\/uploads\/2020\/04\/El_Hierro_Sabinar-680x453-1.jpg","datePublished":"2020-07-31T09:19:55+00:00","dateModified":"2025-02-10T14:44:15+00:00","breadcrumb":{"@id":"https:\/\/www.escapadarural.com\/blog\/naturaleza-de-el-sabinar-de-el-hierro\/#breadcrumb"},"inLanguage":"es","potentialAction":[{"@type":"ReadAction","target":["https:\/\/www.escapadarural.com\/blog\/naturaleza-de-el-sabinar-de-el-hierro\/"]}]},{"@type":"ImageObject","inLanguage":"es","@id":"https:\/\/www.escapadarural.com\/blog\/naturaleza-de-el-sabinar-de-el-hierro\/#primaryimage","url":"https:\/\/www.escapadarural.com\/blog\/wp-content\/uploads\/2020\/04\/El_Hierro_Sabinar-680x453-1.jpg","contentUrl":"https:\/\/www.escapadarural.com\/blog\/wp-content\/uploads\/2020\/04\/El_Hierro_Sabinar-680x453-1.jpg","width":680,"height":453,"caption":"Sabinar de El Hierro"},{"@type":"BreadcrumbList","@id":"https:\/\/www.escapadarural.com\/blog\/naturaleza-de-el-sabinar-de-el-hierro\/#breadcrumb","itemListElement":[{"@type":"ListItem","position":1,"name":"Inicio","item":"https:\/\/www.escapadarural.com\/blog\/"},{"@type":"ListItem","position":2,"name":"Destinos","item":"https:\/\/www.escapadarural.com\/blog\/categoria\/destinos\/"},{"@type":"ListItem","position":3,"name":"El Sabinar de El Hierro, esculturas vegetales moldeadas por los vientos alisios canarios"}]},{"@type":"WebSite","@id":"https:\/\/www.escapadarural.com\/blog\/#website","url":"https:\/\/www.escapadarural.com\/blog\/","name":"Blog de viajes | turismo rural, alojamientos e inspiraci\u00f3n","description":"Alojamientos rurales e inspiraci\u00f3n para tus escapadas","publisher":{"@id":"https:\/\/www.escapadarural.com\/blog\/#organization"},"alternateName":"Magazine de viajes de EscapadaRural","potentialAction":[{"@type":"SearchAction","target":{"@type":"EntryPoint","urlTemplate":"https:\/\/www.escapadarural.com\/blog\/?s={search_term_string}"},"query-input":{"@type":"PropertyValueSpecification","valueRequired":true,"valueName":"search_term_string"}}],"inLanguage":"es"},{"@type":"Organization","@id":"https:\/\/www.escapadarural.com\/blog\/#organization","name":"EscapadaRural","url":"https:\/\/www.escapadarural.com\/blog\/","logo":{"@type":"ImageObject","inLanguage":"es","@id":"https:\/\/www.escapadarural.com\/blog\/#\/schema\/logo\/image\/","url":"https:\/\/www.escapadarural.com\/blog\/wp-content\/uploads\/2024\/10\/cropped-cropped-escapada-rural-icon-mag-3.png","contentUrl":"https:\/\/www.escapadarural.com\/blog\/wp-content\/uploads\/2024\/10\/cropped-cropped-escapada-rural-icon-mag-3.png","width":512,"height":512,"caption":"EscapadaRural"},"image":{"@id":"https:\/\/www.escapadarural.com\/blog\/#\/schema\/logo\/image\/"},"sameAs":["https:\/\/www.facebook.com\/escapadarural","https:\/\/www.instagram.com\/escapadarural\/","https:\/\/www.youtube.com\/@escapadaruralcom"]},{"@type":"Person","@id":"https:\/\/www.escapadarural.com\/blog\/#\/schema\/person\/2cac652e2d16373a24890ffaa220140f","name":"El\u00edsabet Garc\u00eda","image":{"@type":"ImageObject","inLanguage":"es","@id":"https:\/\/www.escapadarural.com\/blog\/wp-content\/uploads\/2025\/02\/elisabet_gran_escapada.webp","url":"https:\/\/www.escapadarural.com\/blog\/wp-content\/uploads\/2025\/02\/elisabet_gran_escapada.webp","contentUrl":"https:\/\/www.escapadarural.com\/blog\/wp-content\/uploads\/2025\/02\/elisabet_gran_escapada.webp","caption":"El\u00edsabet Garc\u00eda"},"description":"Hola a todos! Soy El\u00edsabet Garc\u00eda, Consultora Inform\u00e1tica y, desde hace 7 a\u00f1os, blogger de viajes. Me apasiona viajar, conocer lugares inh\u00f3spitos, experimentar aventuras, perderme por la naturaleza y saborear la gastronom\u00eda local de cada lugar. Coeditora del blog lagranescapada.com junto a Mar Gonz\u00e1lez, un lugar que creamos para compartir cada nueva escapada que hacemos por el mundo.","sameAs":["https:\/\/lagranescapada.com\/"],"url":"https:\/\/www.escapadarural.com\/blog\/autor\/lagranescapada\/"}]}},"_links":{"self":[{"href":"https:\/\/www.escapadarural.com\/blog\/wp-json\/wp\/v2\/posts\/13072","targetHints":{"allow":["GET"]}}],"collection":[{"href":"https:\/\/www.escapadarural.com\/blog\/wp-json\/wp\/v2\/posts"}],"about":[{"href":"https:\/\/www.escapadarural.com\/blog\/wp-json\/wp\/v2\/types\/post"}],"author":[{"embeddable":true,"href":"https:\/\/www.escapadarural.com\/blog\/wp-json\/wp\/v2\/users\/109"}],"replies":[{"embeddable":true,"href":"https:\/\/www.escapadarural.com\/blog\/wp-json\/wp\/v2\/comments?post=13072"}],"version-history":[{"count":0,"href":"https:\/\/www.escapadarural.com\/blog\/wp-json\/wp\/v2\/posts\/13072\/revisions"}],"wp:featuredmedia":[{"embeddable":true,"href":"https:\/\/www.escapadarural.com\/blog\/wp-json\/wp\/v2\/media\/288"}],"wp:attachment":[{"href":"https:\/\/www.escapadarural.com\/blog\/wp-json\/wp\/v2\/media?parent=13072"}],"wp:term":[{"taxonomy":"category","embeddable":true,"href":"https:\/\/www.escapadarural.com\/blog\/wp-json\/wp\/v2\/categories?post=13072"},{"taxonomy":"post_tag","embeddable":true,"href":"https:\/\/www.escapadarural.com\/blog\/wp-json\/wp\/v2\/tags?post=13072"}],"curies":[{"name":"wp","href":"https:\/\/api.w.org\/{rel}","templated":true}]}}