{"id":13103,"date":"2023-03-30T08:16:00","date_gmt":"2023-03-30T07:16:00","guid":{"rendered":"http:\/\/15.188.81.248\/2020\/04\/13\/ranking-personal-de-las-10-aldeas-mas-bonitas-de-espana-para-visitar-despues-de-la-crisis-del-coronavirus\/"},"modified":"2026-04-01T16:54:21","modified_gmt":"2026-04-01T14:54:21","slug":"las-10-aldeas-mas-bonitas-de-espana","status":"publish","type":"post","link":"https:\/\/www.escapadarural.com\/blog\/las-10-aldeas-mas-bonitas-de-espana\/","title":{"rendered":"10 bonitas aldeas que te van a encantar"},"content":{"rendered":"\n<p>A todos nos gustar\u00eda recorrer <strong>peque\u00f1as aldeas<\/strong> con encanto con menos de 100 habitantes donde se respira naturaleza, aire libre, un ambiente tranquilo y sano. En esta lista, selecciono poblaciones rurales tan peque\u00f1as que no tienen ayuntamiento propio y sus habitantes en ocasiones caben en el bar del pueblo.<\/p>\n\n\n\n<p>Te invito a descubrir algunas de las aldeas m\u00e1s bonitas de Espa\u00f1a en tu pr\u00f3xima <strong>escapada rural.<\/strong> \u00bfCu\u00e1l es tu favorita?<\/p>\n\n\n\n<div class=\"wp-block-buttons is-layout-flex wp-block-buttons-is-layout-flex\">\n<div class=\"wp-block-button\"><a class=\"wp-block-button__link wp-element-button\" href=\"\/casas-rurales\">Encuentra tu alojamiento<\/a><\/div>\n<\/div>\n\n\n\n<h2 class=\"wp-block-heading\" id=\"h-1-nbsp-trevejo-caceres\"><strong><strong>1.<\/strong>&nbsp;Trevejo (<a href=\"https:\/\/www.escapadarural.com\/casas-rurales\/caceres\" target=\"_blank\" rel=\"noreferrer noopener\">C\u00e1ceres<\/a>)<\/strong><\/h2>\n\n\n\n<figure class=\"wp-block-image size-large\"><img decoding=\"async\" src=\"\/blog\/wp-content\/uploads\/2020\/04\/AdobeStock_277698606-1-1024x499.jpg\" alt=\"Trevejo\" class=\"wp-image-17435\"\/><figcaption class=\"wp-element-caption\">Por Fotoeventis<\/figcaption><\/figure>\n\n\n\n<p><strong>Trevejo<\/strong>&nbsp;es una de las joyas de Extremadura, una aldea medieval de piedra que pertenece al pueblo de Villamiel, situada en la Sierra de Gata, al norte de comunidad aut\u00f3noma y de <strong>tan s\u00f3lo 16 habitantes<\/strong>, que caben en su taberna. Podr\u00e1s conocerlos a todos en la calle Pizarro sentados sobre las piedras y conversando.<\/p>\n\n\n\n<p>Esta es una de las aldeas m\u00e1s coquetas de Espa\u00f1a y s\u00f3lo tiene dos calles por lo que todas las casas miran al valle o a su castillo, una postal de 360 grados desde donde se divisa Portugal. Es sin duda nuestra mejor recomendaci\u00f3n a nivel nacional para escaparte cuando termine el confinamiento dado que hay varios&nbsp;<a class=\"rank-math-link\" href=\"https:\/\/www.escapadarural.com\/casa-rural\/caceres\/apartamentos-rurales-a-fala\">apartamentos rurales<\/a>&nbsp;para parejas o familias.<\/p>\n\n\n\n<div class=\"wp-block-buttons is-layout-flex wp-block-buttons-is-layout-flex\">\n<div class=\"wp-block-button\"><a class=\"wp-block-button__link wp-element-button\" href=\"\/casas-rurales\/trevejo\">Alojamientos rurales en Trevejo<\/a><\/div>\n<\/div>\n\n\n\n<h2 class=\"wp-block-heading\" id=\"h-2-nbsp-o-cebreiro-lugo\"><strong><strong>2.<\/strong>&nbsp;O Cebreiro (<a href=\"https:\/\/www.escapadarural.com\/casas-rurales\/lugo\" target=\"_blank\" rel=\"noreferrer noopener\">Lugo<\/a>)<\/strong><\/h2>\n\n\n\n<figure class=\"wp-block-image size-full\"><img loading=\"lazy\" decoding=\"async\" width=\"1024\" height=\"683\" src=\"https:\/\/www.escapadarural.com\/blog\/wp-content\/uploads\/2025\/03\/AdobeStock_322357923.webp\" alt=\"Palloza en O Cebreiro. Por Stanislava\" class=\"wp-image-197518\" srcset=\"https:\/\/www.escapadarural.com\/blog\/wp-content\/uploads\/2025\/03\/AdobeStock_322357923-200x133.webp 200w, https:\/\/www.escapadarural.com\/blog\/wp-content\/uploads\/2025\/03\/AdobeStock_322357923-300x200.webp 300w, https:\/\/www.escapadarural.com\/blog\/wp-content\/uploads\/2025\/03\/AdobeStock_322357923-400x267.webp 400w, https:\/\/www.escapadarural.com\/blog\/wp-content\/uploads\/2025\/03\/AdobeStock_322357923-600x400.webp 600w, https:\/\/www.escapadarural.com\/blog\/wp-content\/uploads\/2025\/03\/AdobeStock_322357923-768x512.webp 768w, https:\/\/www.escapadarural.com\/blog\/wp-content\/uploads\/2025\/03\/AdobeStock_322357923-800x534.webp 800w, https:\/\/www.escapadarural.com\/blog\/wp-content\/uploads\/2025\/03\/AdobeStock_322357923.webp 1024w\" sizes=\"auto, (max-width: 1024px) 100vw, 1024px\" \/><figcaption class=\"wp-element-caption\">Palloza en O Cebreiro. Por Stanislava<\/figcaption><\/figure>\n\n\n\n<p>Galicia cuenta con numerosas aldeas, pero O Cebreiro es un lugar casi m\u00e1gico. Pertenece al municipio de&nbsp;<strong>Piedrafita do Cebreiro<\/strong>, con 30 habitantes ubicada en la comarca de Os Ancares lucenses, en la provincia de Lugo. Es la <strong>puerta de entrada a Galicia del Camino Franc\u00e9s<\/strong> de Santiago de Compostela, de la que dista 154 km. Uno de sus atractivos tur\u00edsticos son las pallozas, viviendas tradicionales de piedra y centeno con forma redondeada, que estaba reservada para el ganado en su interior.<\/p>\n\n\n\n<p>Hoy en d\u00eda est\u00e1n restauradas y son museos etnogr\u00e1ficos que revelan c\u00f3mo viv\u00edan sus habitantes anta\u00f1o. Destaca tambi\u00e9n la <strong>iglesia de Santa Mar\u00eda la Real<\/strong>, construida en el siglo IX siguiendo un estilo prerrom\u00e1nico. Es la m\u00e1s antigua \u00edntegramente conservada de la Ruta Jacobea.<\/p>\n\n\n\n<div class=\"wp-block-buttons is-layout-flex wp-block-buttons-is-layout-flex\">\n<div class=\"wp-block-button\"><a class=\"wp-block-button__link wp-element-button\" href=\"\/casas-rurales\/piedrafita-docebreiro\">Alojamientos rurales cerca de Pedrafita do Cebreiro<\/a><\/div>\n<\/div>\n\n\n\n<h2 class=\"wp-block-heading\" id=\"h-3-nbsp-tabarca-alicante\"><strong><strong>3.<\/strong>&nbsp;Tabarca (<a href=\"https:\/\/www.escapadarural.com\/casas-rurales\/alicante\" target=\"_blank\" rel=\"noreferrer noopener\">Alicante<\/a>)<\/strong><\/h2>\n\n\n\n<figure class=\"wp-block-image size-full\"><img loading=\"lazy\" decoding=\"async\" width=\"1024\" height=\"683\" src=\"https:\/\/www.escapadarural.com\/blog\/wp-content\/uploads\/2024\/10\/09_Tabarca3_AdobeStock_471352611WP01.webp\" alt=\"Isla de Tabarca\" class=\"wp-image-91362\" srcset=\"https:\/\/www.escapadarural.com\/blog\/wp-content\/uploads\/2024\/10\/09_Tabarca3_AdobeStock_471352611WP01-200x133.webp 200w, https:\/\/www.escapadarural.com\/blog\/wp-content\/uploads\/2024\/10\/09_Tabarca3_AdobeStock_471352611WP01-300x200.webp 300w, https:\/\/www.escapadarural.com\/blog\/wp-content\/uploads\/2024\/10\/09_Tabarca3_AdobeStock_471352611WP01-400x267.webp 400w, https:\/\/www.escapadarural.com\/blog\/wp-content\/uploads\/2024\/10\/09_Tabarca3_AdobeStock_471352611WP01-600x400.webp 600w, https:\/\/www.escapadarural.com\/blog\/wp-content\/uploads\/2024\/10\/09_Tabarca3_AdobeStock_471352611WP01-768x512.webp 768w, https:\/\/www.escapadarural.com\/blog\/wp-content\/uploads\/2024\/10\/09_Tabarca3_AdobeStock_471352611WP01-800x534.webp 800w, https:\/\/www.escapadarural.com\/blog\/wp-content\/uploads\/2024\/10\/09_Tabarca3_AdobeStock_471352611WP01.webp 1024w\" sizes=\"auto, (max-width: 1024px) 100vw, 1024px\" \/><figcaption class=\"wp-element-caption\">Isla de Tabarca. Por Sara OHT<\/figcaption><\/figure>\n\n\n\n<p>Te sorprender\u00e1&nbsp;<strong>Tabarca<\/strong>&nbsp;que, en realidad, es una isla, llamada as\u00ed o de Nova Tabarca o Plana,\u200b oficialmente Isla Plana o Nova Tabarca. De tan s\u00f3lo 60 habitantes, pero tan tur\u00edstica que no se te ocurra ir en la \u00e9poca estival porque la descubren varios miles de personas cada d\u00eda.<\/p>\n\n\n\n<p>Esta es una de las aldeas m\u00e1s coquetas del pa\u00eds. Mide apenas 1.800 m de longitud por 400 m de ancho. Pertenece al municipio de Alicante, y desde Santa Pola podr\u00e1s llegar en barco. Es la isla paradis\u00edaca de la <strong>Costa Blanca<\/strong> donde podr\u00e1s disfrutar de sus peque\u00f1as playas y calas.<\/p>\n\n\n\n<div class=\"wp-block-buttons is-layout-flex wp-block-buttons-is-layout-flex\">\n<div class=\"wp-block-button\"><a class=\"wp-block-button__link wp-element-button\" href=\"\/casas-rurales\/isla-plana\">Alojamientos rurales cerca de Tabarca<\/a><\/div>\n<\/div>\n\n\n\n<h2 class=\"wp-block-heading\" id=\"h-4-nbsp-orbaneja-del-castillo-burgos\"><strong><strong>4.<\/strong>&nbsp;Orbaneja del Castillo (<a href=\"https:\/\/www.escapadarural.com\/casas-rurales\/burgos\" target=\"_blank\" rel=\"noreferrer noopener\">Burgos<\/a>)<\/strong><\/h2>\n\n\n\n<figure class=\"wp-block-image size-full\"><img loading=\"lazy\" decoding=\"async\" width=\"1024\" height=\"627\" src=\"https:\/\/www.escapadarural.com\/blog\/wp-content\/uploads\/2023\/12\/AdobeStock_515020534_WP_06.webp\" alt=\"Orbaneja del Castillo, en Burgos\" class=\"wp-image-193599\" srcset=\"https:\/\/www.escapadarural.com\/blog\/wp-content\/uploads\/2023\/12\/AdobeStock_515020534_WP_06-200x122.webp 200w, https:\/\/www.escapadarural.com\/blog\/wp-content\/uploads\/2023\/12\/AdobeStock_515020534_WP_06-300x184.webp 300w, https:\/\/www.escapadarural.com\/blog\/wp-content\/uploads\/2023\/12\/AdobeStock_515020534_WP_06-400x245.webp 400w, https:\/\/www.escapadarural.com\/blog\/wp-content\/uploads\/2023\/12\/AdobeStock_515020534_WP_06-600x367.webp 600w, https:\/\/www.escapadarural.com\/blog\/wp-content\/uploads\/2023\/12\/AdobeStock_515020534_WP_06-768x470.webp 768w, https:\/\/www.escapadarural.com\/blog\/wp-content\/uploads\/2023\/12\/AdobeStock_515020534_WP_06-800x490.webp 800w, https:\/\/www.escapadarural.com\/blog\/wp-content\/uploads\/2023\/12\/AdobeStock_515020534_WP_06.webp 1024w\" sizes=\"auto, (max-width: 1024px) 100vw, 1024px\" \/><figcaption class=\"wp-element-caption\">Orbaneja del Castillo, en Burgos. Por Nandi Est\u00e9vez<\/figcaption><\/figure>\n\n\n\n<p>Los amantes de las aldeas no pueden dejar de visitar <strong>Orbaneja del Castillo<\/strong>,&nbsp;situada en la provincia de Burgos, en la Comarca de P\u00e1ramos. Pertenece administrativamente al municipio de Valle de Sedano. Destaca por tener uno de los enclaves m\u00e1s espectaculares para los espele\u00f3logos: La cueva del Agua.<\/p>\n\n\n\n<p>Sus visitantes podr\u00e1n admirar el paisaje k\u00e1rstico que ha modelado el curso del r\u00edo. Declarado <strong>Conjunto Hist\u00f3rico-Art\u00edstico<\/strong>, destacan el trazado urbano y la <strong>cascada que lo atraviesa<\/strong>. Se encuentra entre los pueblos m\u00e1s buscados en 2018 con algo m\u00e1s de 40.000 b\u00fasquedas.<\/p>\n\n\n\n<div class=\"wp-block-buttons is-layout-flex wp-block-buttons-is-layout-flex\">\n<div class=\"wp-block-button\"><a class=\"wp-block-button__link wp-element-button\" href=\"\/casas-rurales\/orbaneja-del-castillo\">Alojamientos rurales cerca de Orbaneja del Castillo<\/a><\/div>\n<\/div>\n\n\n\n<h2 class=\"wp-block-heading\" id=\"h-5-nbsp-penalba-de-santiago-leon\"><strong><strong>5.<\/strong>&nbsp;Pe\u00f1alba de Santiago (<a href=\"https:\/\/www.escapadarural.com\/casas-rurales\/leon\" target=\"_blank\" rel=\"noreferrer noopener\">Le\u00f3n<\/a>)<\/strong><\/h2>\n\n\n\n<figure class=\"wp-block-image size-large\"><img decoding=\"async\" src=\"\/blog\/wp-content\/uploads\/2020\/04\/AdobeStock_230026814-1-1024x576.jpg\" alt=\"Una calle de Pe\u00f1alba de Santiago, El Bierzo, Espa\u00f1a\" class=\"wp-image-17439\"\/><figcaption class=\"wp-element-caption\">Por Tony Carbajo<\/figcaption><\/figure>\n\n\n\n<p><strong>Pe\u00f1alba de Santiago<\/strong>&nbsp;es una localidad y pedan\u00eda del municipio de Ponferrada, en la comarca de El Bierzo, provincia de Le\u00f3n. Destaca la iglesia de Santiago de Pe\u00f1alba que es una joya de la arquitectura moz\u00e1rabe del siglo X.<\/p>\n\n\n\n<p>Esta aldea con apenas 15 habitantes tiene el <strong>t\u00edtulo de Paraje Pintoresco<\/strong> por su entorno y est\u00e1 declarado Bien de Inter\u00e9s Cultural desde 2008 con categor\u00eda de Conjunto Etnol\u00f3gico. Fue fundada por San Genadio, ermita\u00f1o que se retir\u00f3 a una cueva pr\u00f3xima al pueblo, tras ser obispo de Astorga.<\/p>\n\n\n\n<div class=\"wp-block-buttons is-layout-flex wp-block-buttons-is-layout-flex\">\n<div class=\"wp-block-button\"><a class=\"wp-block-button__link wp-element-button\" href=\"\/casas-rurales\/penalba-de-santiago\">Alojamientos rurales cerca de Pe\u00f1alba de Santiago<\/a><\/div>\n<\/div>\n\n\n\n<h2 class=\"wp-block-heading\" id=\"h-6-nbsp-castellbo-lleida\"><strong><strong>6.<\/strong>&nbsp;Castellb\u00f2 (<a href=\"https:\/\/www.escapadarural.com\/casas-rurales\/lleida\" target=\"_blank\" rel=\"noreferrer noopener\">Lleida<\/a>)<\/strong><\/h2>\n\n\n\n<figure class=\"wp-block-image size-large\"><img decoding=\"async\" src=\"\/blog\/wp-content\/uploads\/2020\/04\/Castellbo_Alt_Urgell_04-1-1024x576.jpg\" alt=\"Castellb\u00f3 Alt Urgell\" class=\"wp-image-17440\"\/><figcaption class=\"wp-element-caption\">Por Wikipedia<\/figcaption><\/figure>\n\n\n\n<p><strong>Castellb\u00f2<\/strong>&nbsp;es una aldea que pertenece a Monferrer y Castellb\u00f2 en el Alt Urgell situado en el valle del mismo nombre, provincia de Lleida. De apenas 70 habitantes, su naturaleza es exuberante por su ubicaci\u00f3n junto a un <strong>desfiladero de 802 m de altitud<\/strong>, entre el serrado de la Borda (1.150 m) y los estribos de Roca Redona.<\/p>\n\n\n\n<p>Es un lugar de paso obligado de los antiguos caminos que un\u00edan la Seu de Urgel con el Pallars Sobir\u00e0. Castellb\u00f2 se encuentra en un replano del monte donde est\u00e1n las ruinas del <strong>antiguo castillo de Castellb\u00f2<\/strong>, que fue derruido por orden de Fernando el Cat\u00f3lico en 1513, aunque la capilla de San Pedro y San Francisco del castillo se derroc\u00f3 siglos m\u00e1s tarde.<\/p>\n\n\n\n<p>Destaca la colegiata de Santa Maria de Castellb\u00f2, la Virgen del Remedio de Castellb\u00f2, la Cruz de Palo, los palomares, el castillo y el puente.<\/p>\n\n\n\n<div class=\"wp-block-buttons is-layout-flex wp-block-buttons-is-layout-flex\">\n<div class=\"wp-block-button\"><a class=\"wp-block-button__link wp-element-button\" href=\"\/casas-rurales\/castellbo\">Alojamientos rurales cerca de Castellb\u00f2<\/a><\/div>\n<\/div>\n\n\n\n<h2 class=\"wp-block-heading\" id=\"h-7-nbsp-roda-de-isabena-huesca\"><strong><strong>7.<\/strong>&nbsp;Roda de Is\u00e1bena (<a href=\"https:\/\/www.escapadarural.com\/casas-rurales\/huesca\" target=\"_blank\" rel=\"noreferrer noopener\">Huesca<\/a>)<\/strong><\/h2>\n\n\n\n<figure class=\"wp-block-image size-large\"><img loading=\"lazy\" decoding=\"async\" width=\"1024\" height=\"680\" src=\"https:\/\/www.escapadarural.com\/blog\/wp-content\/uploads\/2025\/08\/Roda-de-Isabena-1024x680.webp\" alt=\"Roda de Isabena, Huesca. Arag\u00f3n\" class=\"wp-image-206346\" srcset=\"https:\/\/www.escapadarural.com\/blog\/wp-content\/uploads\/2025\/08\/Roda-de-Isabena-200x133.webp 200w, https:\/\/www.escapadarural.com\/blog\/wp-content\/uploads\/2025\/08\/Roda-de-Isabena-300x199.webp 300w, https:\/\/www.escapadarural.com\/blog\/wp-content\/uploads\/2025\/08\/Roda-de-Isabena-400x266.webp 400w, https:\/\/www.escapadarural.com\/blog\/wp-content\/uploads\/2025\/08\/Roda-de-Isabena-600x399.webp 600w, https:\/\/www.escapadarural.com\/blog\/wp-content\/uploads\/2025\/08\/Roda-de-Isabena-768x510.webp 768w, https:\/\/www.escapadarural.com\/blog\/wp-content\/uploads\/2025\/08\/Roda-de-Isabena-800x531.webp 800w, https:\/\/www.escapadarural.com\/blog\/wp-content\/uploads\/2025\/08\/Roda-de-Isabena-1024x680.webp 1024w, https:\/\/www.escapadarural.com\/blog\/wp-content\/uploads\/2025\/08\/Roda-de-Isabena.webp 1200w\" sizes=\"auto, (max-width: 1024px) 100vw, 1024px\" \/><figcaption class=\"wp-element-caption\">Roda de Isabena. Por: Tolo<\/figcaption><\/figure>\n\n\n\n<p><strong>Roda de Is\u00e1bena<\/strong>&nbsp;pertenece al municipio de Is\u00e1bena, en la comarca de <a href=\"https:\/\/www.escapadarural.com\/casas-rurales\/la-ribagorza\" class=\"rank-math-link\">Ribagorza<\/a>, provincia de Huesca. De tan s\u00f3lo 40 habitantes est\u00e1 rodeada por tres sierras, la sierra de Esdolomada, la sierra del Chordal y la sierra de Sis. Su ubicaci\u00f3n es magn\u00edfica dado que se eleva sobre un promontorio que domina el acceso al valle del r\u00edo del mismo nombre.<\/p>\n\n\n\n<p>Es una de las <strong>aldeas m\u00e1s peque\u00f1a de Espa\u00f1a<\/strong> con un templo catedralicio, llamada catedral de San Vicente M\u00e1rtir, pudiendo recorrer tambi\u00e9n El paseo de los Can\u00f3nigos y visitar el <strong>palacio del Prior<\/strong>. La ermita de San Salvador y la de la Virgen del Pilar.<\/p>\n\n\n\n<div class=\"wp-block-buttons is-layout-flex wp-block-buttons-is-layout-flex\">\n<div class=\"wp-block-button\"><a class=\"wp-block-button__link wp-element-button\" href=\"\/casas-rurales\/roda-de-isabena\">Alojamientos rurales cerca de Roda de Is\u00e1bena<\/a><\/div>\n<\/div>\n\n\n\n<h2 class=\"wp-block-heading\" id=\"h-8-nbsp-sandinies-huesca\"><strong><strong>8.<\/strong>&nbsp;Sandini\u00e9s (<a href=\"https:\/\/www.escapadarural.com\/casas-rurales\/huesca\" target=\"_blank\" rel=\"noreferrer noopener\">Huesca<\/a>)<\/strong><\/h2>\n\n\n\n<figure class=\"wp-block-image size-large\"><img loading=\"lazy\" decoding=\"async\" width=\"1024\" height=\"683\" src=\"https:\/\/www.escapadarural.com\/blog\/wp-content\/uploads\/2023\/03\/Vista-Sandinies-1024x683.webp\" alt=\"Vista de Sandini\u00e9s (Huesca)\" class=\"wp-image-216118\" srcset=\"https:\/\/www.escapadarural.com\/blog\/wp-content\/uploads\/2023\/03\/Vista-Sandinies-200x133.webp 200w, https:\/\/www.escapadarural.com\/blog\/wp-content\/uploads\/2023\/03\/Vista-Sandinies-300x200.webp 300w, https:\/\/www.escapadarural.com\/blog\/wp-content\/uploads\/2023\/03\/Vista-Sandinies-400x267.webp 400w, https:\/\/www.escapadarural.com\/blog\/wp-content\/uploads\/2023\/03\/Vista-Sandinies-600x400.webp 600w, https:\/\/www.escapadarural.com\/blog\/wp-content\/uploads\/2023\/03\/Vista-Sandinies-768x512.webp 768w, https:\/\/www.escapadarural.com\/blog\/wp-content\/uploads\/2023\/03\/Vista-Sandinies-800x533.webp 800w, https:\/\/www.escapadarural.com\/blog\/wp-content\/uploads\/2023\/03\/Vista-Sandinies-1024x683.webp 1024w, https:\/\/www.escapadarural.com\/blog\/wp-content\/uploads\/2023\/03\/Vista-Sandinies.webp 1200w\" sizes=\"auto, (max-width: 1024px) 100vw, 1024px\" \/><figcaption class=\"wp-element-caption\">Vista de Sandini\u00e9s (Huesca). Por Willtron<\/figcaption><\/figure>\n\n\n\n<p><strong>Sandini\u00e9s<\/strong>&nbsp;pertenece al municipio de Sallent de G\u00e1llego, provincia de Huesca. Es una de las aldeas m\u00e1s incre\u00edbles de los Pirineos aragoneses. Se enclava en el <strong>valle de Tena<\/strong>, a 1.294 m. Es una poblaci\u00f3n peque\u00f1a y pintoresca que guarda todo el tipismo de los pueblos en sus calles, viviendas, portaladas y escudos her\u00e1ldicos.<\/p>\n\n\n\n<p>No os pod\u00e9is perder la Iglesia de San Juli\u00e1n, desde donde se divisan unas espectaculares vistas sobre la confluencia de los <strong>r\u00edos G\u00e1llego y Caldar\u00e9s<\/strong>. Su arquitectura popular destaca por la fuente y el antiguo lavadero municipal. En las fachadas populares, algunas de piedra, otras de mamposter\u00eda revocada, destacan las <strong>portadas con arcos de medio punto<\/strong> o adinteladas, coronadas muchas de ellas con escudos her\u00e1ldicos junto a otros elementos ornamentales.<\/p>\n\n\n\n<div class=\"wp-block-buttons is-layout-flex wp-block-buttons-is-layout-flex\">\n<div class=\"wp-block-button\"><a class=\"wp-block-button__link wp-element-button\" href=\"\/casas-rurales\/sandinies\">Alojamientos rurales cerca de Sandini\u00e9s<\/a><\/div>\n<\/div>\n\n\n\n<h2 class=\"wp-block-heading\" id=\"h-9-nbsp-siurana-tarragona\"><strong><strong>9.<\/strong>&nbsp;Siurana (<a href=\"https:\/\/www.escapadarural.com\/casas-rurales\/tarragona\" target=\"_blank\" rel=\"noreferrer noopener\">Tarragona<\/a>)<\/strong><\/h2>\n\n\n\n<figure class=\"wp-block-image size-large\"><img loading=\"lazy\" decoding=\"async\" width=\"1024\" height=\"683\" src=\"https:\/\/www.escapadarural.com\/blog\/wp-content\/uploads\/2026\/01\/view-of-the-romanesque-church-of-santa-maria-de-siurana-on-the-cliff-at-sunset-siurana-tarragona-catalonia-stockpack-adobe-stock-1024x683.jpg\" alt=\"Atardecer en el Priorat (Tarragona), con una imagen de la iglesia rom\u00e1nica de Santa Mar\u00eda de Siurana.\" class=\"wp-image-212250\" srcset=\"https:\/\/www.escapadarural.com\/blog\/wp-content\/uploads\/2026\/01\/view-of-the-romanesque-church-of-santa-maria-de-siurana-on-the-cliff-at-sunset-siurana-tarragona-catalonia-stockpack-adobe-stock-200x133.jpg 200w, https:\/\/www.escapadarural.com\/blog\/wp-content\/uploads\/2026\/01\/view-of-the-romanesque-church-of-santa-maria-de-siurana-on-the-cliff-at-sunset-siurana-tarragona-catalonia-stockpack-adobe-stock-300x200.jpg 300w, https:\/\/www.escapadarural.com\/blog\/wp-content\/uploads\/2026\/01\/view-of-the-romanesque-church-of-santa-maria-de-siurana-on-the-cliff-at-sunset-siurana-tarragona-catalonia-stockpack-adobe-stock-400x267.jpg 400w, https:\/\/www.escapadarural.com\/blog\/wp-content\/uploads\/2026\/01\/view-of-the-romanesque-church-of-santa-maria-de-siurana-on-the-cliff-at-sunset-siurana-tarragona-catalonia-stockpack-adobe-stock-600x400.jpg 600w, https:\/\/www.escapadarural.com\/blog\/wp-content\/uploads\/2026\/01\/view-of-the-romanesque-church-of-santa-maria-de-siurana-on-the-cliff-at-sunset-siurana-tarragona-catalonia-stockpack-adobe-stock-768x512.jpg 768w, https:\/\/www.escapadarural.com\/blog\/wp-content\/uploads\/2026\/01\/view-of-the-romanesque-church-of-santa-maria-de-siurana-on-the-cliff-at-sunset-siurana-tarragona-catalonia-stockpack-adobe-stock-800x533.jpg 800w, https:\/\/www.escapadarural.com\/blog\/wp-content\/uploads\/2026\/01\/view-of-the-romanesque-church-of-santa-maria-de-siurana-on-the-cliff-at-sunset-siurana-tarragona-catalonia-stockpack-adobe-stock-1024x683.jpg 1024w, https:\/\/www.escapadarural.com\/blog\/wp-content\/uploads\/2026\/01\/view-of-the-romanesque-church-of-santa-maria-de-siurana-on-the-cliff-at-sunset-siurana-tarragona-catalonia-stockpack-adobe-stock-1200x800.jpg 1200w, https:\/\/www.escapadarural.com\/blog\/wp-content\/uploads\/2026\/01\/view-of-the-romanesque-church-of-santa-maria-de-siurana-on-the-cliff-at-sunset-siurana-tarragona-catalonia-stockpack-adobe-stock-1536x1024.jpg 1536w\" sizes=\"auto, (max-width: 1024px) 100vw, 1024px\" \/><figcaption class=\"wp-element-caption\">Atardecer en el Priorat (Tarragona), con una imagen de la iglesia rom\u00e1nica de Santa Mar\u00eda de Siurana. Por: Jordi.<\/figcaption><\/figure>\n\n\n\n<p>Asentada sobre un gran pe\u00f1\u00f3n de roca caliza y rodeado por el torrente d\u2019Estopiny\u00e0,&nbsp;<strong>Siurana&nbsp;<\/strong>tiene una de las mejores vistas panor\u00e1mica de Catalu\u00f1a al contemplarse la sierra de Montsant, sierra de Gritella y las Monta\u00f1as de Prades junto al valle del r\u00edo Siurana y su embalse.<\/p>\n\n\n\n<p>Es una de las aldeas m\u00e1s incre\u00edbles del pa\u00eds y pertenece al municipio de Cornudella, en la comarca del <strong>Priorat<\/strong>, en Tarragona. Declarada Paraje Pintoresco en el a\u00f1o 1961. Con <strong>poco m\u00e1s de 20 habitantes<\/strong>, sus historias de leyenda encandilan a los visitantes.<\/p>\n\n\n\n<p>Su iglesia de estilo rom\u00e1nico, tiene una portada con un t\u00edmpano figurado enmarcado por tres arquivoltas de medio punto que descansan sobre seis columnas con capiteles decorados con motivos diversos.<\/p>\n\n\n\n<div class=\"wp-block-buttons is-layout-flex wp-block-buttons-is-layout-flex\">\n<div class=\"wp-block-button\"><a class=\"wp-block-button__link wp-element-button\" href=\"\/casas-rurales\/siurana\">Alojamientos rurales cerca de Siurana<\/a><\/div>\n<\/div>\n\n\n\n<h2 class=\"wp-block-heading\" id=\"h-10-nbsp-viniegra-de-arriba-y-viniegra-de-abajo-la-rioja\"><strong>10.<\/strong>&nbsp;Viniegra de Arriba y Viniegra de Abajo (<a href=\"https:\/\/www.escapadarural.com\/casas-rurales\/la-rioja\" target=\"_blank\" rel=\"noreferrer noopener\">La Rioja<\/a>)<\/h2>\n\n\n\n<figure class=\"wp-block-image size-large\"><img loading=\"lazy\" decoding=\"async\" width=\"1024\" height=\"767\" src=\"https:\/\/www.escapadarural.com\/blog\/wp-content\/uploads\/2023\/03\/AdobeStock_598227080-1024x767.jpeg\" alt=\"Vista a\u00e9rea de un peque\u00f1o pueblo con tejados de tejas rojas enclavado en un valle verde entre colinas onduladas y monta\u00f1as en un d\u00eda claro y soleado. Una carretera serpenteante atraviesa el pueblo y el paisaje circundante.\" class=\"wp-image-216198\" srcset=\"https:\/\/www.escapadarural.com\/blog\/wp-content\/uploads\/2023\/03\/AdobeStock_598227080-200x150.jpeg 200w, https:\/\/www.escapadarural.com\/blog\/wp-content\/uploads\/2023\/03\/AdobeStock_598227080-300x225.jpeg 300w, https:\/\/www.escapadarural.com\/blog\/wp-content\/uploads\/2023\/03\/AdobeStock_598227080-400x300.jpeg 400w, https:\/\/www.escapadarural.com\/blog\/wp-content\/uploads\/2023\/03\/AdobeStock_598227080-600x449.jpeg 600w, https:\/\/www.escapadarural.com\/blog\/wp-content\/uploads\/2023\/03\/AdobeStock_598227080-768x575.jpeg 768w, https:\/\/www.escapadarural.com\/blog\/wp-content\/uploads\/2023\/03\/AdobeStock_598227080-800x599.jpeg 800w, https:\/\/www.escapadarural.com\/blog\/wp-content\/uploads\/2023\/03\/AdobeStock_598227080-1024x767.jpeg 1024w, https:\/\/www.escapadarural.com\/blog\/wp-content\/uploads\/2023\/03\/AdobeStock_598227080-1200x899.jpeg 1200w, https:\/\/www.escapadarural.com\/blog\/wp-content\/uploads\/2023\/03\/AdobeStock_598227080-1536x1150.jpeg 1536w\" sizes=\"auto, (max-width: 1024px) 100vw, 1024px\" \/><figcaption class=\"wp-element-caption\">Viniegra de Arriba, La Rioja. Por KarSol<\/figcaption><\/figure>\n\n\n\n<p><strong>Viniegra de Arriba<\/strong>&nbsp;y&nbsp;<strong>Viniegra de Abajo<\/strong>&nbsp;son en realidad dos aldeas muy cercanas entre s\u00ed pertenecientes al municipio de Las 7 Villas, enclavado en la comarca del Alto Najerilla (La Rioja), donde apenas un centenar de habitantes resisten el paso del tiempo gracias a la ganader\u00eda.<\/p>\n\n\n\n<p>Sus <strong>calles empedradas<\/strong>, estrechas y con innumerables recovecos se unen a un paisaje natural exuberante, destacando en ambas poblaciones sus iglesias y ermitas. Algunas de sus casas palaciegas tienen origen indiano por ser emigrantes venidos de Am\u00e9rica, pero lo caracter\u00edstico son las numerosas <strong>construcciones de mamposter\u00eda<\/strong> de los ganaderos que llenan de serena belleza los m\u00e1rgenes del r\u00edo Urbi\u00f3n.<\/p>\n\n\n\n<div class=\"wp-block-buttons is-layout-flex wp-block-buttons-is-layout-flex\">\n<div class=\"wp-block-button\"><a class=\"wp-block-button__link wp-element-button\" href=\"\/casas-rurales\/viniegra-de-arriba\">Alojamientos rurales cerca de Viniegra de Arriba y Viniegra de Abajo<\/a><\/div>\n<\/div>\n\n\n\n<p><\/p>\n","protected":false},"excerpt":{"rendered":"<p>Te invito a descubrir algunas de las aldeas m\u00e1s bonitas de Espa\u00f1a en tu pr\u00f3xima escapada rural. \u00bfCu\u00e1l es tu favorita?<\/p>\n","protected":false},"author":142,"featured_media":108743,"comment_status":"open","ping_status":"closed","sticky":false,"template":"","format":"standard","meta":{"_acf_changed":false,"om_disable_all_campaigns":false,"footnotes":""},"categories":[191],"tags":[3100,260,331,215,212,277,274],"class_list":["post-13103","post","type-post","status-publish","format-standard","has-post-thumbnail","hentry","category-destinos","tag-aldeas","tag-articulo","tag-espana","tag-listado","tag-pueblos","tag-pueblos-con-encanto","tag-turismo-rural"],"acf":[],"featured_image_src":"https:\/\/www.escapadarural.com\/blog\/wp-content\/uploads\/2024\/11\/Orbaneja-del-Castillo-10-1.jpg","author_info":{"display_name":"Nacho Lozano","author_link":"https:\/\/www.escapadarural.com\/blog\/autor\/nacholozano\/"},"yoast_head":"<!-- This site is optimized with the Yoast SEO plugin v27.5 - https:\/\/yoast.com\/product\/yoast-seo-wordpress\/ -->\n<title>10 bonitas aldeas que te van a encantar - EscapadaRural<\/title>\n<meta name=\"robots\" content=\"index, follow, max-snippet:-1, max-image-preview:large, max-video-preview:-1\" \/>\n<link rel=\"canonical\" href=\"https:\/\/www.escapadarural.com\/blog\/las-10-aldeas-mas-bonitas-de-espana\/\" \/>\n<meta property=\"og:locale\" content=\"es_ES\" \/>\n<meta property=\"og:type\" content=\"article\" \/>\n<meta property=\"og:title\" content=\"10 bonitas aldeas que te van a encantar - EscapadaRural\" \/>\n<meta property=\"og:description\" content=\"Te invito a descubrir algunas de las aldeas m\u00e1s bonitas de Espa\u00f1a en tu pr\u00f3xima escapada rural. \u00bfCu\u00e1l es tu favorita?\" \/>\n<meta property=\"og:url\" content=\"https:\/\/www.escapadarural.com\/blog\/las-10-aldeas-mas-bonitas-de-espana\/\" \/>\n<meta property=\"og:site_name\" content=\"Magazine de viajes de EscapadaRural\" \/>\n<meta property=\"article:publisher\" content=\"https:\/\/www.facebook.com\/escapadarural\" \/>\n<meta property=\"article:published_time\" content=\"2023-03-30T07:16:00+00:00\" \/>\n<meta property=\"article:modified_time\" content=\"2026-04-01T14:54:21+00:00\" \/>\n<meta property=\"og:image\" content=\"https:\/\/www.escapadarural.com\/blog\/wp-content\/uploads\/2024\/11\/Orbaneja-del-Castillo-10-1.jpg?v=1775055261\" \/>\n\t<meta property=\"og:image:width\" content=\"2048\" \/>\n\t<meta property=\"og:image:height\" content=\"1367\" \/>\n\t<meta property=\"og:image:type\" content=\"image\/jpeg\" \/>\n<meta name=\"author\" content=\"Nacho Lozano\" \/>\n<meta name=\"twitter:card\" content=\"summary_large_image\" \/>\n<meta name=\"twitter:label1\" content=\"Escrito por\" \/>\n\t<meta name=\"twitter:data1\" content=\"Nacho Lozano\" \/>\n\t<meta name=\"twitter:label2\" content=\"Tiempo de lectura\" \/>\n\t<meta name=\"twitter:data2\" content=\"9 minutos\" \/>\n<script type=\"application\/ld+json\" class=\"yoast-schema-graph\">{\"@context\":\"https:\\\/\\\/schema.org\",\"@graph\":[{\"@type\":\"Article\",\"@id\":\"https:\\\/\\\/www.escapadarural.com\\\/blog\\\/las-10-aldeas-mas-bonitas-de-espana\\\/#article\",\"isPartOf\":{\"@id\":\"https:\\\/\\\/www.escapadarural.com\\\/blog\\\/las-10-aldeas-mas-bonitas-de-espana\\\/\"},\"author\":{\"name\":\"Nacho Lozano\",\"@id\":\"https:\\\/\\\/www.escapadarural.com\\\/blog\\\/#\\\/schema\\\/person\\\/f62ded7ff5dfd276116148ee1d317d12\"},\"headline\":\"10 bonitas aldeas que te van a encantar\",\"datePublished\":\"2023-03-30T07:16:00+00:00\",\"dateModified\":\"2026-04-01T14:54:21+00:00\",\"mainEntityOfPage\":{\"@id\":\"https:\\\/\\\/www.escapadarural.com\\\/blog\\\/las-10-aldeas-mas-bonitas-de-espana\\\/\"},\"wordCount\":1493,\"commentCount\":21,\"publisher\":{\"@id\":\"https:\\\/\\\/www.escapadarural.com\\\/blog\\\/#organization\"},\"image\":{\"@id\":\"https:\\\/\\\/www.escapadarural.com\\\/blog\\\/las-10-aldeas-mas-bonitas-de-espana\\\/#primaryimage\"},\"thumbnailUrl\":\"https:\\\/\\\/www.escapadarural.com\\\/blog\\\/wp-content\\\/uploads\\\/2024\\\/11\\\/Orbaneja-del-Castillo-10-1.jpg\",\"keywords\":[\"Aldeas\",\"art\u00edculo\",\"Espa\u00f1a\",\"Listado\",\"pueblos\",\"pueblos con encanto\",\"turismo rural\"],\"articleSection\":[\"Destinos\"],\"inLanguage\":\"es\",\"potentialAction\":[{\"@type\":\"CommentAction\",\"name\":\"Comment\",\"target\":[\"https:\\\/\\\/www.escapadarural.com\\\/blog\\\/las-10-aldeas-mas-bonitas-de-espana\\\/#respond\"]}]},{\"@type\":\"WebPage\",\"@id\":\"https:\\\/\\\/www.escapadarural.com\\\/blog\\\/las-10-aldeas-mas-bonitas-de-espana\\\/\",\"url\":\"https:\\\/\\\/www.escapadarural.com\\\/blog\\\/las-10-aldeas-mas-bonitas-de-espana\\\/\",\"name\":\"10 bonitas aldeas que te van a encantar - EscapadaRural\",\"isPartOf\":{\"@id\":\"https:\\\/\\\/www.escapadarural.com\\\/blog\\\/#website\"},\"primaryImageOfPage\":{\"@id\":\"https:\\\/\\\/www.escapadarural.com\\\/blog\\\/las-10-aldeas-mas-bonitas-de-espana\\\/#primaryimage\"},\"image\":{\"@id\":\"https:\\\/\\\/www.escapadarural.com\\\/blog\\\/las-10-aldeas-mas-bonitas-de-espana\\\/#primaryimage\"},\"thumbnailUrl\":\"https:\\\/\\\/www.escapadarural.com\\\/blog\\\/wp-content\\\/uploads\\\/2024\\\/11\\\/Orbaneja-del-Castillo-10-1.jpg\",\"datePublished\":\"2023-03-30T07:16:00+00:00\",\"dateModified\":\"2026-04-01T14:54:21+00:00\",\"breadcrumb\":{\"@id\":\"https:\\\/\\\/www.escapadarural.com\\\/blog\\\/las-10-aldeas-mas-bonitas-de-espana\\\/#breadcrumb\"},\"inLanguage\":\"es\",\"potentialAction\":[{\"@type\":\"ReadAction\",\"target\":[\"https:\\\/\\\/www.escapadarural.com\\\/blog\\\/las-10-aldeas-mas-bonitas-de-espana\\\/\"]}]},{\"@type\":\"ImageObject\",\"inLanguage\":\"es\",\"@id\":\"https:\\\/\\\/www.escapadarural.com\\\/blog\\\/las-10-aldeas-mas-bonitas-de-espana\\\/#primaryimage\",\"url\":\"https:\\\/\\\/www.escapadarural.com\\\/blog\\\/wp-content\\\/uploads\\\/2024\\\/11\\\/Orbaneja-del-Castillo-10-1.jpg\",\"contentUrl\":\"https:\\\/\\\/www.escapadarural.com\\\/blog\\\/wp-content\\\/uploads\\\/2024\\\/11\\\/Orbaneja-del-Castillo-10-1.jpg\",\"width\":2048,\"height\":1367,\"caption\":\"Orbaneja del Castillo, en Burgos. Por cineuno\"},{\"@type\":\"BreadcrumbList\",\"@id\":\"https:\\\/\\\/www.escapadarural.com\\\/blog\\\/las-10-aldeas-mas-bonitas-de-espana\\\/#breadcrumb\",\"itemListElement\":[{\"@type\":\"ListItem\",\"position\":1,\"name\":\"Inicio\",\"item\":\"https:\\\/\\\/www.escapadarural.com\\\/blog\\\/\"},{\"@type\":\"ListItem\",\"position\":2,\"name\":\"Destinos\",\"item\":\"https:\\\/\\\/www.escapadarural.com\\\/blog\\\/categoria\\\/destinos\\\/\"},{\"@type\":\"ListItem\",\"position\":3,\"name\":\"10 bonitas aldeas que te van a encantar\"}]},{\"@type\":\"WebSite\",\"@id\":\"https:\\\/\\\/www.escapadarural.com\\\/blog\\\/#website\",\"url\":\"https:\\\/\\\/www.escapadarural.com\\\/blog\\\/\",\"name\":\"Blog de viajes | turismo rural, alojamientos e inspiraci\u00f3n\",\"description\":\"Alojamientos rurales e inspiraci\u00f3n para tus escapadas\",\"publisher\":{\"@id\":\"https:\\\/\\\/www.escapadarural.com\\\/blog\\\/#organization\"},\"alternateName\":\"Magazine de viajes de EscapadaRural\",\"potentialAction\":[{\"@type\":\"SearchAction\",\"target\":{\"@type\":\"EntryPoint\",\"urlTemplate\":\"https:\\\/\\\/www.escapadarural.com\\\/blog\\\/?s={search_term_string}\"},\"query-input\":{\"@type\":\"PropertyValueSpecification\",\"valueRequired\":true,\"valueName\":\"search_term_string\"}}],\"inLanguage\":\"es\"},{\"@type\":\"Organization\",\"@id\":\"https:\\\/\\\/www.escapadarural.com\\\/blog\\\/#organization\",\"name\":\"EscapadaRural\",\"url\":\"https:\\\/\\\/www.escapadarural.com\\\/blog\\\/\",\"logo\":{\"@type\":\"ImageObject\",\"inLanguage\":\"es\",\"@id\":\"https:\\\/\\\/www.escapadarural.com\\\/blog\\\/#\\\/schema\\\/logo\\\/image\\\/\",\"url\":\"https:\\\/\\\/www.escapadarural.com\\\/blog\\\/wp-content\\\/uploads\\\/2024\\\/10\\\/cropped-cropped-escapada-rural-icon-mag-3.png\",\"contentUrl\":\"https:\\\/\\\/www.escapadarural.com\\\/blog\\\/wp-content\\\/uploads\\\/2024\\\/10\\\/cropped-cropped-escapada-rural-icon-mag-3.png\",\"width\":512,\"height\":512,\"caption\":\"EscapadaRural\"},\"image\":{\"@id\":\"https:\\\/\\\/www.escapadarural.com\\\/blog\\\/#\\\/schema\\\/logo\\\/image\\\/\"},\"sameAs\":[\"https:\\\/\\\/www.facebook.com\\\/escapadarural\",\"https:\\\/\\\/www.instagram.com\\\/escapadarural\\\/\",\"https:\\\/\\\/www.youtube.com\\\/@escapadaruralcom\"]},{\"@type\":\"Person\",\"@id\":\"https:\\\/\\\/www.escapadarural.com\\\/blog\\\/#\\\/schema\\\/person\\\/f62ded7ff5dfd276116148ee1d317d12\",\"name\":\"Nacho Lozano\",\"image\":{\"@type\":\"ImageObject\",\"inLanguage\":\"es\",\"@id\":\"https:\\\/\\\/secure.gravatar.com\\\/avatar\\\/fe919cdc318b857c2ad923591fa52948082491cccbcc5fc56ba2c6f55b96de5c?s=96&d=mm&r=g\",\"url\":\"https:\\\/\\\/secure.gravatar.com\\\/avatar\\\/fe919cdc318b857c2ad923591fa52948082491cccbcc5fc56ba2c6f55b96de5c?s=96&d=mm&r=g\",\"contentUrl\":\"https:\\\/\\\/secure.gravatar.com\\\/avatar\\\/fe919cdc318b857c2ad923591fa52948082491cccbcc5fc56ba2c6f55b96de5c?s=96&d=mm&r=g\",\"caption\":\"Nacho Lozano\"},\"url\":\"https:\\\/\\\/www.escapadarural.com\\\/blog\\\/autor\\\/nacholozano\\\/\"}]}<\/script>\n<!-- \/ Yoast SEO plugin. -->","yoast_head_json":{"title":"10 bonitas aldeas que te van a encantar - EscapadaRural","robots":{"index":"index","follow":"follow","max-snippet":"max-snippet:-1","max-image-preview":"max-image-preview:large","max-video-preview":"max-video-preview:-1"},"canonical":"https:\/\/www.escapadarural.com\/blog\/las-10-aldeas-mas-bonitas-de-espana\/","og_locale":"es_ES","og_type":"article","og_title":"10 bonitas aldeas que te van a encantar - EscapadaRural","og_description":"Te invito a descubrir algunas de las aldeas m\u00e1s bonitas de Espa\u00f1a en tu pr\u00f3xima escapada rural. \u00bfCu\u00e1l es tu favorita?","og_url":"https:\/\/www.escapadarural.com\/blog\/las-10-aldeas-mas-bonitas-de-espana\/","og_site_name":"Magazine de viajes de EscapadaRural","article_publisher":"https:\/\/www.facebook.com\/escapadarural","article_published_time":"2023-03-30T07:16:00+00:00","article_modified_time":"2026-04-01T14:54:21+00:00","og_image":[{"width":2048,"height":1367,"url":"https:\/\/www.escapadarural.com\/blog\/wp-content\/uploads\/2024\/11\/Orbaneja-del-Castillo-10-1.jpg?v=1775055261","type":"image\/jpeg"}],"author":"Nacho Lozano","twitter_card":"summary_large_image","twitter_misc":{"Escrito por":"Nacho Lozano","Tiempo de lectura":"9 minutos"},"schema":{"@context":"https:\/\/schema.org","@graph":[{"@type":"Article","@id":"https:\/\/www.escapadarural.com\/blog\/las-10-aldeas-mas-bonitas-de-espana\/#article","isPartOf":{"@id":"https:\/\/www.escapadarural.com\/blog\/las-10-aldeas-mas-bonitas-de-espana\/"},"author":{"name":"Nacho Lozano","@id":"https:\/\/www.escapadarural.com\/blog\/#\/schema\/person\/f62ded7ff5dfd276116148ee1d317d12"},"headline":"10 bonitas aldeas que te van a encantar","datePublished":"2023-03-30T07:16:00+00:00","dateModified":"2026-04-01T14:54:21+00:00","mainEntityOfPage":{"@id":"https:\/\/www.escapadarural.com\/blog\/las-10-aldeas-mas-bonitas-de-espana\/"},"wordCount":1493,"commentCount":21,"publisher":{"@id":"https:\/\/www.escapadarural.com\/blog\/#organization"},"image":{"@id":"https:\/\/www.escapadarural.com\/blog\/las-10-aldeas-mas-bonitas-de-espana\/#primaryimage"},"thumbnailUrl":"https:\/\/www.escapadarural.com\/blog\/wp-content\/uploads\/2024\/11\/Orbaneja-del-Castillo-10-1.jpg","keywords":["Aldeas","art\u00edculo","Espa\u00f1a","Listado","pueblos","pueblos con encanto","turismo rural"],"articleSection":["Destinos"],"inLanguage":"es","potentialAction":[{"@type":"CommentAction","name":"Comment","target":["https:\/\/www.escapadarural.com\/blog\/las-10-aldeas-mas-bonitas-de-espana\/#respond"]}]},{"@type":"WebPage","@id":"https:\/\/www.escapadarural.com\/blog\/las-10-aldeas-mas-bonitas-de-espana\/","url":"https:\/\/www.escapadarural.com\/blog\/las-10-aldeas-mas-bonitas-de-espana\/","name":"10 bonitas aldeas que te van a encantar - EscapadaRural","isPartOf":{"@id":"https:\/\/www.escapadarural.com\/blog\/#website"},"primaryImageOfPage":{"@id":"https:\/\/www.escapadarural.com\/blog\/las-10-aldeas-mas-bonitas-de-espana\/#primaryimage"},"image":{"@id":"https:\/\/www.escapadarural.com\/blog\/las-10-aldeas-mas-bonitas-de-espana\/#primaryimage"},"thumbnailUrl":"https:\/\/www.escapadarural.com\/blog\/wp-content\/uploads\/2024\/11\/Orbaneja-del-Castillo-10-1.jpg","datePublished":"2023-03-30T07:16:00+00:00","dateModified":"2026-04-01T14:54:21+00:00","breadcrumb":{"@id":"https:\/\/www.escapadarural.com\/blog\/las-10-aldeas-mas-bonitas-de-espana\/#breadcrumb"},"inLanguage":"es","potentialAction":[{"@type":"ReadAction","target":["https:\/\/www.escapadarural.com\/blog\/las-10-aldeas-mas-bonitas-de-espana\/"]}]},{"@type":"ImageObject","inLanguage":"es","@id":"https:\/\/www.escapadarural.com\/blog\/las-10-aldeas-mas-bonitas-de-espana\/#primaryimage","url":"https:\/\/www.escapadarural.com\/blog\/wp-content\/uploads\/2024\/11\/Orbaneja-del-Castillo-10-1.jpg","contentUrl":"https:\/\/www.escapadarural.com\/blog\/wp-content\/uploads\/2024\/11\/Orbaneja-del-Castillo-10-1.jpg","width":2048,"height":1367,"caption":"Orbaneja del Castillo, en Burgos. Por cineuno"},{"@type":"BreadcrumbList","@id":"https:\/\/www.escapadarural.com\/blog\/las-10-aldeas-mas-bonitas-de-espana\/#breadcrumb","itemListElement":[{"@type":"ListItem","position":1,"name":"Inicio","item":"https:\/\/www.escapadarural.com\/blog\/"},{"@type":"ListItem","position":2,"name":"Destinos","item":"https:\/\/www.escapadarural.com\/blog\/categoria\/destinos\/"},{"@type":"ListItem","position":3,"name":"10 bonitas aldeas que te van a encantar"}]},{"@type":"WebSite","@id":"https:\/\/www.escapadarural.com\/blog\/#website","url":"https:\/\/www.escapadarural.com\/blog\/","name":"Blog de viajes | turismo rural, alojamientos e inspiraci\u00f3n","description":"Alojamientos rurales e inspiraci\u00f3n para tus escapadas","publisher":{"@id":"https:\/\/www.escapadarural.com\/blog\/#organization"},"alternateName":"Magazine de viajes de EscapadaRural","potentialAction":[{"@type":"SearchAction","target":{"@type":"EntryPoint","urlTemplate":"https:\/\/www.escapadarural.com\/blog\/?s={search_term_string}"},"query-input":{"@type":"PropertyValueSpecification","valueRequired":true,"valueName":"search_term_string"}}],"inLanguage":"es"},{"@type":"Organization","@id":"https:\/\/www.escapadarural.com\/blog\/#organization","name":"EscapadaRural","url":"https:\/\/www.escapadarural.com\/blog\/","logo":{"@type":"ImageObject","inLanguage":"es","@id":"https:\/\/www.escapadarural.com\/blog\/#\/schema\/logo\/image\/","url":"https:\/\/www.escapadarural.com\/blog\/wp-content\/uploads\/2024\/10\/cropped-cropped-escapada-rural-icon-mag-3.png","contentUrl":"https:\/\/www.escapadarural.com\/blog\/wp-content\/uploads\/2024\/10\/cropped-cropped-escapada-rural-icon-mag-3.png","width":512,"height":512,"caption":"EscapadaRural"},"image":{"@id":"https:\/\/www.escapadarural.com\/blog\/#\/schema\/logo\/image\/"},"sameAs":["https:\/\/www.facebook.com\/escapadarural","https:\/\/www.instagram.com\/escapadarural\/","https:\/\/www.youtube.com\/@escapadaruralcom"]},{"@type":"Person","@id":"https:\/\/www.escapadarural.com\/blog\/#\/schema\/person\/f62ded7ff5dfd276116148ee1d317d12","name":"Nacho Lozano","image":{"@type":"ImageObject","inLanguage":"es","@id":"https:\/\/secure.gravatar.com\/avatar\/fe919cdc318b857c2ad923591fa52948082491cccbcc5fc56ba2c6f55b96de5c?s=96&d=mm&r=g","url":"https:\/\/secure.gravatar.com\/avatar\/fe919cdc318b857c2ad923591fa52948082491cccbcc5fc56ba2c6f55b96de5c?s=96&d=mm&r=g","contentUrl":"https:\/\/secure.gravatar.com\/avatar\/fe919cdc318b857c2ad923591fa52948082491cccbcc5fc56ba2c6f55b96de5c?s=96&d=mm&r=g","caption":"Nacho Lozano"},"url":"https:\/\/www.escapadarural.com\/blog\/autor\/nacholozano\/"}]}},"_links":{"self":[{"href":"https:\/\/www.escapadarural.com\/blog\/wp-json\/wp\/v2\/posts\/13103","targetHints":{"allow":["GET"]}}],"collection":[{"href":"https:\/\/www.escapadarural.com\/blog\/wp-json\/wp\/v2\/posts"}],"about":[{"href":"https:\/\/www.escapadarural.com\/blog\/wp-json\/wp\/v2\/types\/post"}],"author":[{"embeddable":true,"href":"https:\/\/www.escapadarural.com\/blog\/wp-json\/wp\/v2\/users\/142"}],"replies":[{"embeddable":true,"href":"https:\/\/www.escapadarural.com\/blog\/wp-json\/wp\/v2\/comments?post=13103"}],"version-history":[{"count":0,"href":"https:\/\/www.escapadarural.com\/blog\/wp-json\/wp\/v2\/posts\/13103\/revisions"}],"wp:featuredmedia":[{"embeddable":true,"href":"https:\/\/www.escapadarural.com\/blog\/wp-json\/wp\/v2\/media\/108743"}],"wp:attachment":[{"href":"https:\/\/www.escapadarural.com\/blog\/wp-json\/wp\/v2\/media?parent=13103"}],"wp:term":[{"taxonomy":"category","embeddable":true,"href":"https:\/\/www.escapadarural.com\/blog\/wp-json\/wp\/v2\/categories?post=13103"},{"taxonomy":"post_tag","embeddable":true,"href":"https:\/\/www.escapadarural.com\/blog\/wp-json\/wp\/v2\/tags?post=13103"}],"curies":[{"name":"wp","href":"https:\/\/api.w.org\/{rel}","templated":true}]}}